{"id":72650,"date":"2023-11-17T11:36:36","date_gmt":"2023-11-17T10:36:36","guid":{"rendered":"https:\/\/conversesacatalunya.cat\/?p=72650"},"modified":"2023-11-17T12:03:13","modified_gmt":"2023-11-17T11:03:13","slug":"la-vanguardia-el-el-periodico-mas-sanchista","status":"publish","type":"post","link":"https:\/\/conversesacatalunya.cat\/es\/la-vanguardia-el-el-periodico-mas-sanchista\/","title":{"rendered":"La Vanguardia, el diario m\u00e1s sanchista de la prensa espa\u00f1ola"},"content":{"rendered":"<p><span><span class=\"\">Entend\u00e1monos, la gracia hist\u00f3rica de La Vanguardia ha consistido en estar bien con quienes mandan, pero eso en democracia lo hab\u00eda hecho con cierta gracia de ponderaci\u00f3n y equilibrios, y as\u00ed se hab\u00eda ganado la imagen de un diario solvente que entraba en un gran n\u00famero de hogares catalanes como tradici\u00f3n, porque el lector ten\u00eda la sensaci\u00f3n de que, pese a remar hacia su casa, no habr\u00eda ninguna gran exageraci\u00f3n. <\/span>Pero todo esto ha terminado hace cierto tiempo y la\u00a0<\/span><strong><span>deriva sanchista del diario<\/span><\/strong><span> lo ha hecho situar por delante de El Pa\u00eds, el intelectual org\u00e1nico hist\u00f3rico del PSOE.<\/span><\/p>\n<p><span>Basta con examinar con un m\u00ednimo de atenci\u00f3n la edici\u00f3n de este pasado 16 de noviembre que abordaba el debate de investidura.\u00a0El titular en p\u00e1gina entera y portada era \u00abS\u00e1nchez desata el di\u00e1logo\u00bb.\u00a0Y eso lo dec\u00eda a pesar de que la base del discurso hab\u00eda sido la demonizaci\u00f3n sistem\u00e1tica de los representantes pol\u00edticos de 11 millones de ciudadanos, quienes suman Vox y PP, y haber levantado a nivel de pol\u00edtica de estado la necesidad de construir un \u00abmuro\u00bb que separe unos de otros.\u00a0Porque como subtitulaba en el interior Pedro Ball\u00edn, uno de los periodistas destacados de la redacci\u00f3n de Madrid y narrador sol\u00edcito de las versiones de la Moncloa: \u00abLa <\/span><strong><span>polic\u00eda cre\u00f3 una burbuja infranqueable para separar civilizaci\u00f3n y barbarie, resumen de la nueva din\u00e1mica pol\u00edtica<\/span><\/strong><span>\u00bb.\u00a0Claro, por un lado, est\u00e1n S\u00e1nchez y los suyos que, para La Vanguardia, representan a la civilizaci\u00f3n.\u00a0Quienes se oponen, diputados y manifestantes, son simplemente eso, b\u00e1rbaros.<\/span><\/p>\n<p><span>El hecho de que las c\u00e1maras captaran que la presidenta de la comunidad de Madrid, Isabel D\u00edaz Ayuso, musitase que S\u00e1nchez era un \u00abhijo de\u2026\u00bb a consecuencia de que el candidato a presidente del gobierno la se\u00f1alara por corrupci\u00f3n a ella y a su hermano, cuando la justicia los ha exonerado de toda responsabilidad, ha servido al diario para hacer uno de sus temas recurrentes. La cr\u00f3nica del poder que hac\u00eda Enric Juliana, uno de los intelectuales org\u00e1nicos de la nueva versi\u00f3n de La Vanguardia, terminaba con esta frase: \u00ab<\/span><strong><span>mientras, desde la tribuna gritan: hijos de puta<\/span><\/strong><span>\u00bb.\u00a0Evidentemente, nadie grit\u00f3 desde la tribuna, pero la cuesti\u00f3n es exagerar en la l\u00ednea del PSOE demonizando al adversario pol\u00edtico. Que Ayuso musitase el insulto, que habr\u00eda pasado desapercibido sin la circunstancia de la imagen televisiva que permit\u00eda leer los labios, no est\u00e1 bien.\u00a0Pero era algo m\u00e1s que un pensamiento manifestado en voz alta.<\/span><\/p>\n<p><span>Pero mayor fue la indignidad de S\u00e1nchez que, dentro del\u00a0<\/span><strong><span>largo listado de mentiras, medias verdades y exageraciones en su intervenci\u00f3n<\/span><\/strong><span>, cometi\u00f3 desde la tribuna del Congreso un atentado injustificable al honor de dos personas.\u00a0La\u00a0<\/span><strong><span>presidenta de Madrid y su hermano<\/span><\/strong><span>.\u00a0Pero esta segunda dimensi\u00f3n a La Vanguardia no le interesa y hasta tres veces el murmullo de Ayuso aparece citado en lugares distintos del diario, convirti\u00e9ndolo en una referencia informativa.<\/span><\/p>\n<p><span>Pero, m\u00e1s all\u00e1 de la parcialidad que desinforma, existe un\u00a0<\/span><strong><span>mal tratamiento de la informaci\u00f3n sistem\u00e1tica, exagerado<\/span><\/strong><span>.\u00a0<span class=\"VIpgJd-yAWNEb-VIpgJd-fmcmS-sn54Q\">Fue clamorosa otra portada del diario cuando afirmaba que el informe del Defensor del Pueblo atribu\u00eda a 440.000 v\u00edctimas de abusos sexuales a miembros de la Iglesia, cuando en ninguna p\u00e1gina se dec\u00eda tal cosa y, a la inversa, se afirmaba que del informe no se pod\u00eda deducir ninguna cifra. <\/span>Pero a La Vanguardia de hoy en d\u00eda estas \u00abmatizaciones\u00bb le interesan poco.<\/span><\/p>\n<p><span>Y en la l\u00ednea de establecer cobertura se\u00f1alaba en grandes titulares en su interior: \u00abLa CE rebaja el tono sobre la amnist\u00eda\u00bb, explicando que\u00a0<\/span><strong><span>no hab\u00eda cuesti\u00f3n ni preocupaci\u00f3n en Europa por esta iniciativa pol\u00edtica<\/span><\/strong><span>, pese a que el responsable y miembro del PSOE de relaciones exteriores de la CE, Josep Borrell, hab\u00eda manifestado su preocupaci\u00f3n, y est\u00e1 previsto en el pr\u00f3ximo plenario del Parlamento Europeo tratar precisamente sobre esta ley.\u00a0Pero da igual, se trata de vender al lector una versi\u00f3n Matrix de la realidad.\u00a0La del universo que le interesa crear a la Moncloa.<\/span><\/p>\n<div id=\"polls-217\" class=\"wp-polls\">\n\t<form id=\"polls_form_217\" class=\"wp-polls-form\" action=\"\/index.php\" method=\"post\">\n\t\t<p style=\"display: none;\"><input type=\"hidden\" id=\"poll_217_nonce\" name=\"wp-polls-nonce\" value=\"2569ceed08\" \/><\/p>\n\t\t<p style=\"display: none;\"><input type=\"hidden\" name=\"poll_id\" value=\"217\" \/><\/p>\n\t\t<p style=\"text-align: center\"><strong>Et preocupen les manifestacions i reaccions que s'estan produint a Espanya per l'acord entre PSOE i Junts?<\/strong><\/p><div id=\"polls-217-ans\" class=\"wp-polls-ans\"><ul class=\"wp-polls-ul\">\n\t\t<li><input type=\"radio\" id=\"poll-answer-603\" name=\"poll_217\" value=\"603\" \/> <label for=\"poll-answer-603\">S\u00ed<\/label><\/li>\n\t\t<li><input type=\"radio\" id=\"poll-answer-604\" name=\"poll_217\" value=\"604\" \/> <label for=\"poll-answer-604\">No<\/label><\/li>\n\t\t<\/ul><p style=\"text-align: center\"><input type=\"button\" name=\"vote\" value=\"   Vota   \" class=\"Buttons\" onclick=\"poll_vote(217);\" \/><\/p><p style=\"text-align: center\"><a href=\"#ViewPollResults\" onclick=\"poll_result(217); return false;\" title=\"View Results Of This Poll\">Mira els resultats<\/a><\/p><\/div>\n\t<\/form>\n<\/div>\n<div id=\"polls-217-loading\" class=\"wp-polls-loading\"><img decoding=\"async\" data-src=\"https:\/\/conversesacatalunya.cat\/wp-content\/plugins\/wp-polls\/images\/loading.gif\" width=\"16\" height=\"16\" alt=\"Cargando ...\" title=\"Cargando ...\" class=\"wp-polls-image lazyload\" src=\"data:image\/svg+xml;base64,PHN2ZyB3aWR0aD0iMSIgaGVpZ2h0PSIxIiB4bWxucz0iaHR0cDovL3d3dy53My5vcmcvMjAwMC9zdmciPjwvc3ZnPg==\" style=\"--smush-placeholder-width: 16px; --smush-placeholder-aspect-ratio: 16\/16;\" \/>&nbsp;Cargando ...<\/div>\n\n","protected":false},"excerpt":{"rendered":"<p>Entend\u00e1monos, la gracia hist\u00f3rica de La Vanguardia ha consistido en estar bien con quienes mandan, pero eso en democracia lo hab\u00eda hecho con cierta gracia de ponderaci\u00f3n y equilibrios, y as\u00ed se hab\u00eda ganado la imagen de un diario solvente que entraba en un gran n\u00famero de hogares catalanes como tradici\u00f3n, porque el lector ten\u00eda la sensaci\u00f3n de que, pese a remar hacia su casa, no habr\u00eda ninguna gran exageraci\u00f3n. Pero todo esto ha terminado hace cierto tiempo y la\u00a0deriva sanchista del diario lo ha hecho situar por delante de El Pa\u00eds, el intelectual org\u00e1nico hist\u00f3rico del PSOE. Basta con examinar con un m\u00ednimo de atenci\u00f3n la edici\u00f3n de este pasado 16 de noviembre que abordaba el debate de investidura.\u00a0El titular en p\u00e1gina entera y portada era \u00abS\u00e1nchez desata el di\u00e1logo\u00bb.\u00a0Y eso lo dec\u00eda a pesar de que la base del discurso hab\u00eda sido la demonizaci\u00f3n sistem\u00e1tica de los representantes pol\u00edticos de 11 millones de ciudadanos, quienes suman Vox y PP, y haber levantado a nivel de pol\u00edtica de estado la necesidad de construir un \u00abmuro\u00bb que separe unos de otros.\u00a0Porque como subtitulaba en el interior Pedro Ball\u00edn, uno de los periodistas destacados de la redacci\u00f3n de Madrid y narrador sol\u00edcito de las versiones de la Moncloa: \u00abLa polic\u00eda cre\u00f3 una burbuja infranqueable para separar civilizaci\u00f3n y barbarie, resumen de la nueva din\u00e1mica pol\u00edtica\u00bb.\u00a0Claro, por un lado, est\u00e1n S\u00e1nchez y los suyos que, para La Vanguardia, representan a la civilizaci\u00f3n.\u00a0Quienes se oponen, diputados y manifestantes, son simplemente eso, b\u00e1rbaros. El hecho de que las c\u00e1maras captaran que la presidenta de la comunidad de Madrid, Isabel D\u00edaz Ayuso, musitase que S\u00e1nchez era un \u00abhijo de\u2026\u00bb a consecuencia de que el candidato a presidente del gobierno la se\u00f1alara por corrupci\u00f3n a ella y a su hermano, cuando la justicia los ha exonerado de toda responsabilidad, ha servido al diario para hacer uno de sus temas recurrentes. La cr\u00f3nica del poder que hac\u00eda Enric Juliana, uno de los intelectuales org\u00e1nicos de la nueva versi\u00f3n de La Vanguardia, terminaba con esta frase: \u00abmientras, desde la tribuna gritan: hijos de puta\u00bb.\u00a0Evidentemente, nadie grit\u00f3 desde la tribuna, pero la cuesti\u00f3n es exagerar en la l\u00ednea del PSOE demonizando al adversario pol\u00edtico. Que Ayuso musitase el insulto, que habr\u00eda pasado desapercibido sin la circunstancia de la imagen televisiva que permit\u00eda leer los labios, no est\u00e1 bien.\u00a0Pero era algo m\u00e1s que un pensamiento manifestado en voz alta. Pero mayor fue la indignidad de S\u00e1nchez que, dentro del\u00a0largo listado de mentiras, medias verdades y exageraciones en su intervenci\u00f3n, cometi\u00f3 desde la tribuna del Congreso un atentado injustificable al honor de dos personas.\u00a0La\u00a0presidenta de Madrid y su hermano.\u00a0Pero esta segunda dimensi\u00f3n a La Vanguardia no le interesa y hasta tres veces el murmullo de Ayuso aparece citado en lugares distintos del diario, convirti\u00e9ndolo en una referencia informativa. Pero, m\u00e1s all\u00e1 de la parcialidad que desinforma, existe un\u00a0mal tratamiento de la informaci\u00f3n sistem\u00e1tica, exagerado.\u00a0Fue clamorosa otra portada del diario cuando afirmaba que el informe del Defensor del Pueblo atribu\u00eda a 440.000 v\u00edctimas de abusos sexuales a miembros de la Iglesia, cuando en ninguna p\u00e1gina se dec\u00eda tal cosa y, a la inversa, se afirmaba que del informe no se pod\u00eda deducir ninguna cifra. Pero a La Vanguardia de hoy en d\u00eda estas \u00abmatizaciones\u00bb le interesan poco. Y en la l\u00ednea de establecer cobertura se\u00f1alaba en grandes titulares en su interior: \u00abLa CE rebaja el tono sobre la amnist\u00eda\u00bb, explicando que\u00a0no hab\u00eda cuesti\u00f3n ni preocupaci\u00f3n en Europa por esta iniciativa pol\u00edtica, pese a que el responsable y miembro del PSOE de relaciones exteriores de la CE, Josep Borrell, hab\u00eda manifestado su preocupaci\u00f3n, y est\u00e1 previsto en el pr\u00f3ximo plenario del Parlamento Europeo tratar precisamente sobre esta ley.\u00a0Pero da igual, se trata de vender al lector una versi\u00f3n Matrix de la realidad.\u00a0La del universo que le interesa crear a la Moncloa.<\/p>\n","protected":false},"author":78,"featured_media":72655,"comment_status":"open","ping_status":"open","sticky":false,"template":"","format":"standard","meta":{"_FSMCFIC_featured_image_caption":"","_FSMCFIC_featured_image_nocaption":"","_FSMCFIC_featured_image_hide":"","footnotes":""},"categories":[806,781],"tags":[5055],"class_list":["post-72650","post","type-post","status-publish","format-standard","has-post-thumbnail","hentry","category-punts-claus-del-dia-es","category-sin-categorizar","tag-amnistia-es"],"yoast_head":"<!-- This site is optimized with the Yoast SEO plugin v26.8 - https:\/\/yoast.com\/product\/yoast-seo-wordpress\/ -->\n<title>La Vanguardia, el diario m\u00e1s sanchista de la prensa espa\u00f1ola - Converses a Catalunya<\/title>\n<meta name=\"description\" content=\"M\u00e1s all\u00e1 de la parcialidad que desinforma, existe un mal tratamiento de la informaci\u00f3n sistem\u00e1tica, exagerado\" \/>\n<meta name=\"robots\" content=\"index, follow, max-snippet:-1, max-image-preview:large, max-video-preview:-1\" \/>\n<link rel=\"canonical\" href=\"https:\/\/conversesacatalunya.cat\/es\/la-vanguardia-el-el-periodico-mas-sanchista\/\" \/>\n<meta property=\"og:locale\" content=\"es_ES\" \/>\n<meta property=\"og:type\" content=\"article\" \/>\n<meta property=\"og:title\" content=\"La Vanguardia, el diario m\u00e1s sanchista de la prensa espa\u00f1ola - Converses a Catalunya\" \/>\n<meta property=\"og:description\" content=\"M\u00e1s all\u00e1 de la parcialidad que desinforma, existe un mal tratamiento de la informaci\u00f3n sistem\u00e1tica, exagerado\" \/>\n<meta property=\"og:url\" content=\"https:\/\/conversesacatalunya.cat\/es\/la-vanguardia-el-el-periodico-mas-sanchista\/\" \/>\n<meta property=\"og:site_name\" content=\"Converses a Catalunya\" \/>\n<meta property=\"article:published_time\" content=\"2023-11-17T10:36:36+00:00\" \/>\n<meta property=\"article:modified_time\" content=\"2023-11-17T11:03:13+00:00\" \/>\n<meta property=\"og:image\" content=\"https:\/\/conversesacatalunya.cat\/wp-content\/uploads\/2023\/11\/Ayuso.jpg\" \/>\n\t<meta property=\"og:image:width\" content=\"1200\" \/>\n\t<meta property=\"og:image:height\" content=\"675\" \/>\n\t<meta property=\"og:image:type\" content=\"image\/jpeg\" \/>\n<meta name=\"author\" content=\"Joan Masip\" \/>\n<meta name=\"twitter:card\" content=\"summary_large_image\" \/>\n<meta name=\"twitter:label1\" content=\"Escrito por\" \/>\n\t<meta name=\"twitter:data1\" content=\"Joan Masip\" \/>\n\t<meta name=\"twitter:label2\" content=\"Tiempo de lectura\" \/>\n\t<meta name=\"twitter:data2\" content=\"4 minutos\" \/>\n<script type=\"application\/ld+json\" class=\"yoast-schema-graph\">{\"@context\":\"https:\/\/schema.org\",\"@graph\":[{\"@type\":\"Article\",\"@id\":\"https:\/\/conversesacatalunya.cat\/es\/la-vanguardia-el-el-periodico-mas-sanchista\/#article\",\"isPartOf\":{\"@id\":\"https:\/\/conversesacatalunya.cat\/es\/la-vanguardia-el-el-periodico-mas-sanchista\/\"},\"author\":{\"name\":\"Joan Masip\",\"@id\":\"https:\/\/conversesacatalunya.cat\/#\/schema\/person\/311d0bf53def217d5124c78a7bc42275\"},\"headline\":\"La Vanguardia, el diario m\u00e1s sanchista de la prensa espa\u00f1ola\",\"datePublished\":\"2023-11-17T10:36:36+00:00\",\"dateModified\":\"2023-11-17T11:03:13+00:00\",\"mainEntityOfPage\":{\"@id\":\"https:\/\/conversesacatalunya.cat\/es\/la-vanguardia-el-el-periodico-mas-sanchista\/\"},\"wordCount\":742,\"commentCount\":0,\"image\":{\"@id\":\"https:\/\/conversesacatalunya.cat\/es\/la-vanguardia-el-el-periodico-mas-sanchista\/#primaryimage\"},\"thumbnailUrl\":\"https:\/\/conversesacatalunya.cat\/wp-content\/uploads\/2023\/11\/Ayuso.jpg\",\"keywords\":[\"amnistia\"],\"articleSection\":[\"Punts clau del dia (ES)\",\"Sin categorizar\"],\"inLanguage\":\"es\",\"potentialAction\":[{\"@type\":\"CommentAction\",\"name\":\"Comment\",\"target\":[\"https:\/\/conversesacatalunya.cat\/es\/la-vanguardia-el-el-periodico-mas-sanchista\/#respond\"]}]},{\"@type\":\"WebPage\",\"@id\":\"https:\/\/conversesacatalunya.cat\/es\/la-vanguardia-el-el-periodico-mas-sanchista\/\",\"url\":\"https:\/\/conversesacatalunya.cat\/es\/la-vanguardia-el-el-periodico-mas-sanchista\/\",\"name\":\"La Vanguardia, el diario m\u00e1s sanchista de la prensa espa\u00f1ola - Converses a Catalunya\",\"isPartOf\":{\"@id\":\"https:\/\/conversesacatalunya.cat\/#website\"},\"primaryImageOfPage\":{\"@id\":\"https:\/\/conversesacatalunya.cat\/es\/la-vanguardia-el-el-periodico-mas-sanchista\/#primaryimage\"},\"image\":{\"@id\":\"https:\/\/conversesacatalunya.cat\/es\/la-vanguardia-el-el-periodico-mas-sanchista\/#primaryimage\"},\"thumbnailUrl\":\"https:\/\/conversesacatalunya.cat\/wp-content\/uploads\/2023\/11\/Ayuso.jpg\",\"datePublished\":\"2023-11-17T10:36:36+00:00\",\"dateModified\":\"2023-11-17T11:03:13+00:00\",\"author\":{\"@id\":\"https:\/\/conversesacatalunya.cat\/#\/schema\/person\/311d0bf53def217d5124c78a7bc42275\"},\"description\":\"M\u00e1s all\u00e1 de la parcialidad que desinforma, existe un mal tratamiento de la informaci\u00f3n sistem\u00e1tica, exagerado\",\"breadcrumb\":{\"@id\":\"https:\/\/conversesacatalunya.cat\/es\/la-vanguardia-el-el-periodico-mas-sanchista\/#breadcrumb\"},\"inLanguage\":\"es\",\"potentialAction\":[{\"@type\":\"ReadAction\",\"target\":[\"https:\/\/conversesacatalunya.cat\/es\/la-vanguardia-el-el-periodico-mas-sanchista\/\"]}]},{\"@type\":\"ImageObject\",\"inLanguage\":\"es\",\"@id\":\"https:\/\/conversesacatalunya.cat\/es\/la-vanguardia-el-el-periodico-mas-sanchista\/#primaryimage\",\"url\":\"https:\/\/conversesacatalunya.cat\/wp-content\/uploads\/2023\/11\/Ayuso.jpg\",\"contentUrl\":\"https:\/\/conversesacatalunya.cat\/wp-content\/uploads\/2023\/11\/Ayuso.jpg\",\"width\":1200,\"height\":675,\"caption\":\"La Vanguardia i S\u00e1nchez\"},{\"@type\":\"BreadcrumbList\",\"@id\":\"https:\/\/conversesacatalunya.cat\/es\/la-vanguardia-el-el-periodico-mas-sanchista\/#breadcrumb\",\"itemListElement\":[{\"@type\":\"ListItem\",\"position\":1,\"name\":\"Inici\",\"item\":\"https:\/\/conversesacatalunya.cat\/es\/\"},{\"@type\":\"ListItem\",\"position\":2,\"name\":\"La Vanguardia, el diario m\u00e1s sanchista de la prensa espa\u00f1ola\"}]},{\"@type\":\"WebSite\",\"@id\":\"https:\/\/conversesacatalunya.cat\/#website\",\"url\":\"https:\/\/conversesacatalunya.cat\/\",\"name\":\"Converses a Catalunya\",\"description\":\"\",\"potentialAction\":[{\"@type\":\"SearchAction\",\"target\":{\"@type\":\"EntryPoint\",\"urlTemplate\":\"https:\/\/conversesacatalunya.cat\/?s={search_term_string}\"},\"query-input\":{\"@type\":\"PropertyValueSpecification\",\"valueRequired\":true,\"valueName\":\"search_term_string\"}}],\"inLanguage\":\"es\"},{\"@type\":\"Person\",\"@id\":\"https:\/\/conversesacatalunya.cat\/#\/schema\/person\/311d0bf53def217d5124c78a7bc42275\",\"name\":\"Joan Masip\",\"image\":{\"@type\":\"ImageObject\",\"inLanguage\":\"es\",\"@id\":\"https:\/\/conversesacatalunya.cat\/#\/schema\/person\/image\/\",\"url\":\"https:\/\/conversesacatalunya.cat\/wp-content\/litespeed\/avatar\/fa67b994763cff7d443f54b63ec96481.jpg?ver=1777372547\",\"contentUrl\":\"https:\/\/conversesacatalunya.cat\/wp-content\/litespeed\/avatar\/fa67b994763cff7d443f54b63ec96481.jpg?ver=1777372547\",\"caption\":\"Joan Masip\"},\"url\":\"https:\/\/conversesacatalunya.cat\/es\/author\/joan-masip\/\"}]}<\/script>\n<!-- \/ Yoast SEO plugin. -->","yoast_head_json":{"title":"La Vanguardia, el diario m\u00e1s sanchista de la prensa espa\u00f1ola - Converses a Catalunya","description":"M\u00e1s all\u00e1 de la parcialidad que desinforma, existe un mal tratamiento de la informaci\u00f3n sistem\u00e1tica, exagerado","robots":{"index":"index","follow":"follow","max-snippet":"max-snippet:-1","max-image-preview":"max-image-preview:large","max-video-preview":"max-video-preview:-1"},"canonical":"https:\/\/conversesacatalunya.cat\/es\/la-vanguardia-el-el-periodico-mas-sanchista\/","og_locale":"es_ES","og_type":"article","og_title":"La Vanguardia, el diario m\u00e1s sanchista de la prensa espa\u00f1ola - Converses a Catalunya","og_description":"M\u00e1s all\u00e1 de la parcialidad que desinforma, existe un mal tratamiento de la informaci\u00f3n sistem\u00e1tica, exagerado","og_url":"https:\/\/conversesacatalunya.cat\/es\/la-vanguardia-el-el-periodico-mas-sanchista\/","og_site_name":"Converses a Catalunya","article_published_time":"2023-11-17T10:36:36+00:00","article_modified_time":"2023-11-17T11:03:13+00:00","og_image":[{"width":1200,"height":675,"url":"https:\/\/conversesacatalunya.cat\/wp-content\/uploads\/2023\/11\/Ayuso.jpg","type":"image\/jpeg"}],"author":"Joan Masip","twitter_card":"summary_large_image","twitter_misc":{"Escrito por":"Joan Masip","Tiempo de lectura":"4 minutos"},"schema":{"@context":"https:\/\/schema.org","@graph":[{"@type":"Article","@id":"https:\/\/conversesacatalunya.cat\/es\/la-vanguardia-el-el-periodico-mas-sanchista\/#article","isPartOf":{"@id":"https:\/\/conversesacatalunya.cat\/es\/la-vanguardia-el-el-periodico-mas-sanchista\/"},"author":{"name":"Joan Masip","@id":"https:\/\/conversesacatalunya.cat\/#\/schema\/person\/311d0bf53def217d5124c78a7bc42275"},"headline":"La Vanguardia, el diario m\u00e1s sanchista de la prensa espa\u00f1ola","datePublished":"2023-11-17T10:36:36+00:00","dateModified":"2023-11-17T11:03:13+00:00","mainEntityOfPage":{"@id":"https:\/\/conversesacatalunya.cat\/es\/la-vanguardia-el-el-periodico-mas-sanchista\/"},"wordCount":742,"commentCount":0,"image":{"@id":"https:\/\/conversesacatalunya.cat\/es\/la-vanguardia-el-el-periodico-mas-sanchista\/#primaryimage"},"thumbnailUrl":"https:\/\/conversesacatalunya.cat\/wp-content\/uploads\/2023\/11\/Ayuso.jpg","keywords":["amnistia"],"articleSection":["Punts clau del dia (ES)","Sin categorizar"],"inLanguage":"es","potentialAction":[{"@type":"CommentAction","name":"Comment","target":["https:\/\/conversesacatalunya.cat\/es\/la-vanguardia-el-el-periodico-mas-sanchista\/#respond"]}]},{"@type":"WebPage","@id":"https:\/\/conversesacatalunya.cat\/es\/la-vanguardia-el-el-periodico-mas-sanchista\/","url":"https:\/\/conversesacatalunya.cat\/es\/la-vanguardia-el-el-periodico-mas-sanchista\/","name":"La Vanguardia, el diario m\u00e1s sanchista de la prensa espa\u00f1ola - Converses a Catalunya","isPartOf":{"@id":"https:\/\/conversesacatalunya.cat\/#website"},"primaryImageOfPage":{"@id":"https:\/\/conversesacatalunya.cat\/es\/la-vanguardia-el-el-periodico-mas-sanchista\/#primaryimage"},"image":{"@id":"https:\/\/conversesacatalunya.cat\/es\/la-vanguardia-el-el-periodico-mas-sanchista\/#primaryimage"},"thumbnailUrl":"https:\/\/conversesacatalunya.cat\/wp-content\/uploads\/2023\/11\/Ayuso.jpg","datePublished":"2023-11-17T10:36:36+00:00","dateModified":"2023-11-17T11:03:13+00:00","author":{"@id":"https:\/\/conversesacatalunya.cat\/#\/schema\/person\/311d0bf53def217d5124c78a7bc42275"},"description":"M\u00e1s all\u00e1 de la parcialidad que desinforma, existe un mal tratamiento de la informaci\u00f3n sistem\u00e1tica, exagerado","breadcrumb":{"@id":"https:\/\/conversesacatalunya.cat\/es\/la-vanguardia-el-el-periodico-mas-sanchista\/#breadcrumb"},"inLanguage":"es","potentialAction":[{"@type":"ReadAction","target":["https:\/\/conversesacatalunya.cat\/es\/la-vanguardia-el-el-periodico-mas-sanchista\/"]}]},{"@type":"ImageObject","inLanguage":"es","@id":"https:\/\/conversesacatalunya.cat\/es\/la-vanguardia-el-el-periodico-mas-sanchista\/#primaryimage","url":"https:\/\/conversesacatalunya.cat\/wp-content\/uploads\/2023\/11\/Ayuso.jpg","contentUrl":"https:\/\/conversesacatalunya.cat\/wp-content\/uploads\/2023\/11\/Ayuso.jpg","width":1200,"height":675,"caption":"La Vanguardia i S\u00e1nchez"},{"@type":"BreadcrumbList","@id":"https:\/\/conversesacatalunya.cat\/es\/la-vanguardia-el-el-periodico-mas-sanchista\/#breadcrumb","itemListElement":[{"@type":"ListItem","position":1,"name":"Inici","item":"https:\/\/conversesacatalunya.cat\/es\/"},{"@type":"ListItem","position":2,"name":"La Vanguardia, el diario m\u00e1s sanchista de la prensa espa\u00f1ola"}]},{"@type":"WebSite","@id":"https:\/\/conversesacatalunya.cat\/#website","url":"https:\/\/conversesacatalunya.cat\/","name":"Converses a Catalunya","description":"","potentialAction":[{"@type":"SearchAction","target":{"@type":"EntryPoint","urlTemplate":"https:\/\/conversesacatalunya.cat\/?s={search_term_string}"},"query-input":{"@type":"PropertyValueSpecification","valueRequired":true,"valueName":"search_term_string"}}],"inLanguage":"es"},{"@type":"Person","@id":"https:\/\/conversesacatalunya.cat\/#\/schema\/person\/311d0bf53def217d5124c78a7bc42275","name":"Joan Masip","image":{"@type":"ImageObject","inLanguage":"es","@id":"https:\/\/conversesacatalunya.cat\/#\/schema\/person\/image\/","url":"https:\/\/conversesacatalunya.cat\/wp-content\/litespeed\/avatar\/fa67b994763cff7d443f54b63ec96481.jpg?ver=1777372547","contentUrl":"https:\/\/conversesacatalunya.cat\/wp-content\/litespeed\/avatar\/fa67b994763cff7d443f54b63ec96481.jpg?ver=1777372547","caption":"Joan Masip"},"url":"https:\/\/conversesacatalunya.cat\/es\/author\/joan-masip\/"}]}},"wps_subtitle":"M\u00e1s all\u00e1 de la parcialidad que desinforma, existe un mal tratamiento de la informaci\u00f3n sistem\u00e1tica, exagerado","_links":{"self":[{"href":"https:\/\/conversesacatalunya.cat\/es\/wp-json\/wp\/v2\/posts\/72650","targetHints":{"allow":["GET"]}}],"collection":[{"href":"https:\/\/conversesacatalunya.cat\/es\/wp-json\/wp\/v2\/posts"}],"about":[{"href":"https:\/\/conversesacatalunya.cat\/es\/wp-json\/wp\/v2\/types\/post"}],"author":[{"embeddable":true,"href":"https:\/\/conversesacatalunya.cat\/es\/wp-json\/wp\/v2\/users\/78"}],"replies":[{"embeddable":true,"href":"https:\/\/conversesacatalunya.cat\/es\/wp-json\/wp\/v2\/comments?post=72650"}],"version-history":[{"count":3,"href":"https:\/\/conversesacatalunya.cat\/es\/wp-json\/wp\/v2\/posts\/72650\/revisions"}],"predecessor-version":[{"id":72658,"href":"https:\/\/conversesacatalunya.cat\/es\/wp-json\/wp\/v2\/posts\/72650\/revisions\/72658"}],"wp:featuredmedia":[{"embeddable":true,"href":"https:\/\/conversesacatalunya.cat\/es\/wp-json\/wp\/v2\/media\/72655"}],"wp:attachment":[{"href":"https:\/\/conversesacatalunya.cat\/es\/wp-json\/wp\/v2\/media?parent=72650"}],"wp:term":[{"taxonomy":"category","embeddable":true,"href":"https:\/\/conversesacatalunya.cat\/es\/wp-json\/wp\/v2\/categories?post=72650"},{"taxonomy":"post_tag","embeddable":true,"href":"https:\/\/conversesacatalunya.cat\/es\/wp-json\/wp\/v2\/tags?post=72650"}],"curies":[{"name":"wp","href":"https:\/\/api.w.org\/{rel}","templated":true}]}}