{"id":72346,"date":"2023-11-08T12:39:07","date_gmt":"2023-11-08T11:39:07","guid":{"rendered":"https:\/\/conversesacatalunya.cat\/no-reaccionem-ni-individualment-ni-com-a-societat-civil\/"},"modified":"2023-11-10T12:21:23","modified_gmt":"2023-11-10T11:21:23","slug":"no-reaccionamos-ni-individualmente-ni-como-sociedad-civil","status":"publish","type":"post","link":"https:\/\/conversesacatalunya.cat\/es\/no-reaccionamos-ni-individualmente-ni-como-sociedad-civil\/","title":{"rendered":"Vamos de mal en peor porque no reaccionamos ni individualmente ni como sociedad civil"},"content":{"rendered":"<p>Entramos en un nuevo escenario, tanto para Catalu\u00f1a como para el conjunto de Espa\u00f1a, marcado una vez m\u00e1s por la incertidumbre, el deterioro de las instituciones del Estado, la polarizaci\u00f3n y la carencia de un proyecto com\u00fan.\u00a0De hecho, y salvando mejores opiniones, podemos decir que desde la entrada en la Uni\u00f3n Europea, la asunci\u00f3n del euro a lo sumo,\u00a0<strong>nuestra sociedad no tiene un proyecto importante compartido<\/strong>.\u00a0Al mismo tiempo, es perceptible un fallo de la capacidad de la sociedad civil para hacer o\u00edr su voz.\u00a0Y cada vez m\u00e1s estamos en manos de los intereses de la partitocracia, en la que por el momento, el bloque del sanchismo constituye su m\u00e1xima expresi\u00f3n, y de los grupos de presi\u00f3n, econ\u00f3micos e ideol\u00f3gicos sin contrapesos suficientes.\u00a0Y todo ello en un marco Europeo cr\u00edtico y lleno de incertidumbres y desaciertos, como\u00a0<a href=\"https:\/\/conversesacatalunya.cat\/es\/pro-europa\/\" target=\"_blank\" rel=\"noopener\">V\u00edctor Pou<\/a>\u00a0ha narrado tan bien en el digital de Converses.\u00a0Todo esto es una evidencia.<\/p>\n<p>Pero quisiera insistir sobre\u00a0<strong>una realidad social<\/strong> que lo empeora todo: vivimos tambi\u00e9n otra mala situaci\u00f3n, un cambio profundo de consecuencias extraordinarias.<\/p>\n<p>Me refiero a la\u00a0<strong>dualidad creciente entre un individuo<\/strong>\u00a0cada vez m\u00e1s individualista, hedonista y abocado a la satisfacci\u00f3n de sus deseos como \u00fanica forma de entender la vida,\u00a0<strong>y una dimensi\u00f3n colectiva<\/strong>\u00a0representada por los poderes colectivistas, a menudo ejercidos por el gobierno de turno, cada vez m\u00e1s intrusivos y totalizadores.<\/p>\n<p>Estas dos tendencias han crecido simult\u00e1neamente en una extra\u00f1a dial\u00e9ctica.\u00a0Por un lado, est\u00e1\u00a0<strong>el culto a la excepci\u00f3n<\/strong>, a la diferencia, y a legislar sobre ella. Se hacen leyes desde la contemplaci\u00f3n de la excepcionalidad para aplicar a la generalidad, y el resultado como es l\u00f3gico es demoledor para la sociedad. Por otro, unos\u00a0<strong>gobiernos intrusivos<\/strong>\u00a0que hacen leyes y campa\u00f1as que dictan la vida en el seno de nuestros hogares.<\/p>\n<p>Una de las\u00a0<strong>consecuencias m\u00e1s penosas es el estado de las personas<\/strong>.\u00a0Una m\u00e9dico me comentaba: \u201cnunca los m\u00e9dicos hab\u00edamos visto tal nivel de desesperanza, irritabilidad, pensamientos de suicidio, ideas, algunas desgraciadamente consumadas.\u00a0Rompe el coraz\u00f3n cuando adolescentes te dicen que no vale la pena vivir, quieren morirse, no encuentran ning\u00fan sentido a la vida\u201d. Todo esto no baja del cielo.\u00a0Lo forjamos nosotros permitiendo que nos gobiernen como lo hacen, asumiendo como normal una cultura dominante perniciosa y supersubvencionada, que consagra como un derecho pagado el aborto, maltrata la natalidad y la maternidad, una cultura <em>woke<\/em> y un feminismo de lucha de sexos, una cultura que asume que la ley se aplica de forma distinta en funci\u00f3n del sujeto y que concede privilegios legales y econ\u00f3micos en funci\u00f3n de la preferencia sexual.\u00a0Que vive y quiere educar a nuestros hijos y nietos en extra\u00f1os razonamientos, por lo que resulta que no hay hombres ni mujeres y que es intr\u00ednsecamente perverso ser heterosexual, hombre, marido y padre.<\/p>\n<p>El efecto de esta creciente dualidad ha sido la lenta, pero persistente,\u00a0<strong>erosi\u00f3n de las entidades intermedias<\/strong>, la familia, las comunidades, las afiliaciones religiosas, los clubes y ahora, incluso, la propia naci\u00f3n, ya que el individuo ve a estas entidades como una restricci\u00f3n de su libertad.\u00a0Mientras que el colectivo, colectivista o cosmopolita, por el contrario, ve estas comunidades intermedias como visiones impuras de la propia colectividad, que compiten con su propia identidad totalizadora.<\/p>\n<p>Sin embargo, resulta que estas entidades intermedias, como la familia, las asociaciones y organizaciones civiles, las comunidades religiosas y otras estructuras sociales, son fundamentales para el progreso de la sociedad, incluso para su eficiencia, eficacia, prosperidad y bienestar.\u00a0Muchas veces se enfatiza la importancia de la subsidiariedad, pero al mismo tiempo se maltratan sus realidades, que en casos como los de la familia y la religi\u00f3n son previas al mismo estado, y no digamos ya al propio r\u00e9gimen.<\/p>\n<p><span class=\"VIpgJd-yAWNEb-VIpgJd-fmcmS-sn54Q\">Si tenemos esta concepci\u00f3n, pronto nos damos cuenta de que\u00a0<\/span><strong><span class=\"VIpgJd-yAWNEb-VIpgJd-fmcmS-sn54Q\">la visi\u00f3n m\u00e1s elevada de la identidad y la participaci\u00f3n no es el gobierno<\/span><\/strong><span class=\"VIpgJd-yAWNEb-VIpgJd-fmcmS-sn54Q\">\u00a0(aunque es necesario), no es un colectivo totalizador, sino la participaci\u00f3n en aquellas realidades intermedias.\u00a0<\/span>Aquellas comunidades de memoria, vida y proyecto.<\/p>\n<p><strong>Ser ciudadano no es ser miembro de una colectividad abstracta. Es ser un padre, un amigo, un vecino<\/strong>.\u00a0<span class=\"\">Es la celebraci\u00f3n y recuerdo de nuestros v\u00ednculos, nuestras historias y tradiciones, nuestras fiestas y costumbres.\u00a0<\/span>Gracias a ellas podemos anclarnos en el mundo y en la vida. Pero, pese a su importancia decisiva para nuestro bien y el de todos, hoy las comunidades intermedias est\u00e1n siendo estropeadas, si no destruidas, en una carrera suicida en la que confluyen el individualismo hedonista de la realizaci\u00f3n para la satisfacci\u00f3n del deseo y las visiones totalizadoras desde la cultura y cada vez m\u00e1s -como ahora- desde el mismo Estado.<\/p>\n<p>Tambi\u00e9n ante esta realidad adversa hay que dar respuesta, porque ya sab\u00e9is que como se\u00f1al\u00f3 Burke: \u201cPara que el mal triunfe, s\u00f3lo basta con que los hombres buenos no hagan nada\u201d, es decir, cuando las personas huyen de su responsabilidad y compromiso social.<\/p>\n<div id=\"polls-216\" class=\"wp-polls\">\n\t<form id=\"polls_form_216\" class=\"wp-polls-form\" action=\"\/index.php\" method=\"post\">\n\t\t<p style=\"display: none;\"><input type=\"hidden\" id=\"poll_216_nonce\" name=\"wp-polls-nonce\" value=\"d9e7eea430\" \/><\/p>\n\t\t<p style=\"display: none;\"><input type=\"hidden\" name=\"poll_id\" value=\"216\" \/><\/p>\n\t\t<p style=\"text-align: center\"><strong>Creieu que el Girona Futbol Club pot quedar entre els tres primers equips de la lliga?<\/strong><\/p><div id=\"polls-216-ans\" class=\"wp-polls-ans\"><ul class=\"wp-polls-ul\">\n\t\t<li><input type=\"radio\" id=\"poll-answer-601\" name=\"poll_216\" value=\"601\" \/> <label for=\"poll-answer-601\">S\u00ed<\/label><\/li>\n\t\t<li><input type=\"radio\" id=\"poll-answer-602\" name=\"poll_216\" value=\"602\" \/> <label for=\"poll-answer-602\">No<\/label><\/li>\n\t\t<\/ul><p style=\"text-align: center\"><input type=\"button\" name=\"vote\" value=\"   Vota   \" class=\"Buttons\" onclick=\"poll_vote(216);\" \/><\/p><p style=\"text-align: center\"><a href=\"#ViewPollResults\" onclick=\"poll_result(216); return false;\" title=\"View Results Of This Poll\">Mira els resultats<\/a><\/p><\/div>\n\t<\/form>\n<\/div>\n<div id=\"polls-216-loading\" class=\"wp-polls-loading\"><img decoding=\"async\" data-src=\"https:\/\/conversesacatalunya.cat\/wp-content\/plugins\/wp-polls\/images\/loading.gif\" width=\"16\" height=\"16\" alt=\"Cargando ...\" title=\"Cargando ...\" class=\"wp-polls-image lazyload\" src=\"data:image\/svg+xml;base64,PHN2ZyB3aWR0aD0iMSIgaGVpZ2h0PSIxIiB4bWxucz0iaHR0cDovL3d3dy53My5vcmcvMjAwMC9zdmciPjwvc3ZnPg==\" style=\"--smush-placeholder-width: 16px; --smush-placeholder-aspect-ratio: 16\/16;\" \/>&nbsp;Cargando ...<\/div>\n\n","protected":false},"excerpt":{"rendered":"<p>Entramos en un nuevo escenario, tanto para Catalu\u00f1a como para el conjunto de Espa\u00f1a, marcado una vez m\u00e1s por la incertidumbre, el deterioro de las instituciones del Estado, la polarizaci\u00f3n y la carencia de un proyecto com\u00fan.\u00a0De hecho, y salvando mejores opiniones, podemos decir que desde la entrada en la Uni\u00f3n Europea, la asunci\u00f3n del euro a lo sumo,\u00a0nuestra sociedad no tiene un proyecto importante compartido.\u00a0Al mismo tiempo, es perceptible un fallo de la capacidad de la sociedad civil para hacer o\u00edr su voz.\u00a0Y cada vez m\u00e1s estamos en manos de los intereses de la partitocracia, en la que por el momento, el bloque del sanchismo constituye su m\u00e1xima expresi\u00f3n, y de los grupos de presi\u00f3n, econ\u00f3micos e ideol\u00f3gicos sin contrapesos suficientes.\u00a0Y todo ello en un marco Europeo cr\u00edtico y lleno de incertidumbres y desaciertos, como\u00a0V\u00edctor Pou\u00a0ha narrado tan bien en el digital de Converses.\u00a0Todo esto es una evidencia. Pero quisiera insistir sobre\u00a0una realidad social que lo empeora todo: vivimos tambi\u00e9n otra mala situaci\u00f3n, un cambio profundo de consecuencias extraordinarias. Me refiero a la\u00a0dualidad creciente entre un individuo\u00a0cada vez m\u00e1s individualista, hedonista y abocado a la satisfacci\u00f3n de sus deseos como \u00fanica forma de entender la vida,\u00a0y una dimensi\u00f3n colectiva\u00a0representada por los poderes colectivistas, a menudo ejercidos por el gobierno de turno, cada vez m\u00e1s intrusivos y totalizadores. Estas dos tendencias han crecido simult\u00e1neamente en una extra\u00f1a dial\u00e9ctica.\u00a0Por un lado, est\u00e1\u00a0el culto a la excepci\u00f3n, a la diferencia, y a legislar sobre ella. Se hacen leyes desde la contemplaci\u00f3n de la excepcionalidad para aplicar a la generalidad, y el resultado como es l\u00f3gico es demoledor para la sociedad. Por otro, unos\u00a0gobiernos intrusivos\u00a0que hacen leyes y campa\u00f1as que dictan la vida en el seno de nuestros hogares. Una de las\u00a0consecuencias m\u00e1s penosas es el estado de las personas.\u00a0Una m\u00e9dico me comentaba: \u201cnunca los m\u00e9dicos hab\u00edamos visto tal nivel de desesperanza, irritabilidad, pensamientos de suicidio, ideas, algunas desgraciadamente consumadas.\u00a0Rompe el coraz\u00f3n cuando adolescentes te dicen que no vale la pena vivir, quieren morirse, no encuentran ning\u00fan sentido a la vida\u201d. Todo esto no baja del cielo.\u00a0Lo forjamos nosotros permitiendo que nos gobiernen como lo hacen, asumiendo como normal una cultura dominante perniciosa y supersubvencionada, que consagra como un derecho pagado el aborto, maltrata la natalidad y la maternidad, una cultura woke y un feminismo de lucha de sexos, una cultura que asume que la ley se aplica de forma distinta en funci\u00f3n del sujeto y que concede privilegios legales y econ\u00f3micos en funci\u00f3n de la preferencia sexual.\u00a0Que vive y quiere educar a nuestros hijos y nietos en extra\u00f1os razonamientos, por lo que resulta que no hay hombres ni mujeres y que es intr\u00ednsecamente perverso ser heterosexual, hombre, marido y padre. El efecto de esta creciente dualidad ha sido la lenta, pero persistente,\u00a0erosi\u00f3n de las entidades intermedias, la familia, las comunidades, las afiliaciones religiosas, los clubes y ahora, incluso, la propia naci\u00f3n, ya que el individuo ve a estas entidades como una restricci\u00f3n de su libertad.\u00a0Mientras que el colectivo, colectivista o cosmopolita, por el contrario, ve estas comunidades intermedias como visiones impuras de la propia colectividad, que compiten con su propia identidad totalizadora. Sin embargo, resulta que estas entidades intermedias, como la familia, las asociaciones y organizaciones civiles, las comunidades religiosas y otras estructuras sociales, son fundamentales para el progreso de la sociedad, incluso para su eficiencia, eficacia, prosperidad y bienestar.\u00a0Muchas veces se enfatiza la importancia de la subsidiariedad, pero al mismo tiempo se maltratan sus realidades, que en casos como los de la familia y la religi\u00f3n son previas al mismo estado, y no digamos ya al propio r\u00e9gimen. Si tenemos esta concepci\u00f3n, pronto nos damos cuenta de que\u00a0la visi\u00f3n m\u00e1s elevada de la identidad y la participaci\u00f3n no es el gobierno\u00a0(aunque es necesario), no es un colectivo totalizador, sino la participaci\u00f3n en aquellas realidades intermedias.\u00a0Aquellas comunidades de memoria, vida y proyecto. Ser ciudadano no es ser miembro de una colectividad abstracta. Es ser un padre, un amigo, un vecino.\u00a0Es la celebraci\u00f3n y recuerdo de nuestros v\u00ednculos, nuestras historias y tradiciones, nuestras fiestas y costumbres.\u00a0Gracias a ellas podemos anclarnos en el mundo y en la vida. Pero, pese a su importancia decisiva para nuestro bien y el de todos, hoy las comunidades intermedias est\u00e1n siendo estropeadas, si no destruidas, en una carrera suicida en la que confluyen el individualismo hedonista de la realizaci\u00f3n para la satisfacci\u00f3n del deseo y las visiones totalizadoras desde la cultura y cada vez m\u00e1s -como ahora- desde el mismo Estado. Tambi\u00e9n ante esta realidad adversa hay que dar respuesta, porque ya sab\u00e9is que como se\u00f1al\u00f3 Burke: \u201cPara que el mal triunfe, s\u00f3lo basta con que los hombres buenos no hagan nada\u201d, es decir, cuando las personas huyen de su responsabilidad y compromiso social.<\/p>\n","protected":false},"author":19,"featured_media":72339,"comment_status":"open","ping_status":"open","sticky":false,"template":"","format":"standard","meta":{"_FSMCFIC_featured_image_caption":"","_FSMCFIC_featured_image_nocaption":"","_FSMCFIC_featured_image_hide":"","footnotes":""},"categories":[806],"tags":[1604],"class_list":["post-72346","post","type-post","status-publish","format-standard","has-post-thumbnail","hentry","category-punts-claus-del-dia-es","tag-familia-es"],"yoast_head":"<!-- This site is optimized with the Yoast SEO plugin v26.8 - https:\/\/yoast.com\/product\/yoast-seo-wordpress\/ -->\n<title>Vamos de mal en peor porque no reaccionamos ni individualmente ni como sociedad civil - Converses a Catalunya<\/title>\n<meta name=\"description\" content=\"Ser ciudadano no es ser miembro de una colectividad abstracta. Es ser un padre, un amigo, un vecino\" \/>\n<meta name=\"robots\" content=\"index, follow, max-snippet:-1, max-image-preview:large, max-video-preview:-1\" \/>\n<link rel=\"canonical\" href=\"https:\/\/conversesacatalunya.cat\/es\/no-reaccionamos-ni-individualmente-ni-como-sociedad-civil\/\" \/>\n<meta property=\"og:locale\" content=\"es_ES\" \/>\n<meta property=\"og:type\" content=\"article\" \/>\n<meta property=\"og:title\" content=\"Vamos de mal en peor porque no reaccionamos ni individualmente ni como sociedad civil - Converses a Catalunya\" \/>\n<meta property=\"og:description\" content=\"Ser ciudadano no es ser miembro de una colectividad abstracta. Es ser un padre, un amigo, un vecino\" \/>\n<meta property=\"og:url\" content=\"https:\/\/conversesacatalunya.cat\/es\/no-reaccionamos-ni-individualmente-ni-como-sociedad-civil\/\" \/>\n<meta property=\"og:site_name\" content=\"Converses a Catalunya\" \/>\n<meta property=\"article:published_time\" content=\"2023-11-08T11:39:07+00:00\" \/>\n<meta property=\"article:modified_time\" content=\"2023-11-10T11:21:23+00:00\" \/>\n<meta property=\"og:image\" content=\"https:\/\/conversesacatalunya.cat\/wp-content\/uploads\/2023\/11\/sola-y-triste.jpg\" \/>\n\t<meta property=\"og:image:width\" content=\"988\" \/>\n\t<meta property=\"og:image:height\" content=\"825\" \/>\n\t<meta property=\"og:image:type\" content=\"image\/jpeg\" \/>\n<meta name=\"author\" content=\"Josep Mir\u00f3 i Ard\u00e8vol\" \/>\n<meta name=\"twitter:card\" content=\"summary_large_image\" \/>\n<meta name=\"twitter:label1\" content=\"Escrito por\" \/>\n\t<meta name=\"twitter:data1\" content=\"Josep Mir\u00f3 i Ard\u00e8vol\" \/>\n\t<meta name=\"twitter:label2\" content=\"Tiempo de lectura\" \/>\n\t<meta name=\"twitter:data2\" content=\"4 minutos\" \/>\n<script type=\"application\/ld+json\" class=\"yoast-schema-graph\">{\"@context\":\"https:\/\/schema.org\",\"@graph\":[{\"@type\":\"Article\",\"@id\":\"https:\/\/conversesacatalunya.cat\/es\/no-reaccionamos-ni-individualmente-ni-como-sociedad-civil\/#article\",\"isPartOf\":{\"@id\":\"https:\/\/conversesacatalunya.cat\/es\/no-reaccionamos-ni-individualmente-ni-como-sociedad-civil\/\"},\"author\":{\"name\":\"Josep Mir\u00f3 i Ard\u00e8vol\",\"@id\":\"https:\/\/conversesacatalunya.cat\/#\/schema\/person\/a9598a6786ba7d3d1c5e0de477b79370\"},\"headline\":\"Vamos de mal en peor porque no reaccionamos ni individualmente ni como sociedad civil\",\"datePublished\":\"2023-11-08T11:39:07+00:00\",\"dateModified\":\"2023-11-10T11:21:23+00:00\",\"mainEntityOfPage\":{\"@id\":\"https:\/\/conversesacatalunya.cat\/es\/no-reaccionamos-ni-individualmente-ni-como-sociedad-civil\/\"},\"wordCount\":892,\"commentCount\":0,\"image\":{\"@id\":\"https:\/\/conversesacatalunya.cat\/es\/no-reaccionamos-ni-individualmente-ni-como-sociedad-civil\/#primaryimage\"},\"thumbnailUrl\":\"https:\/\/conversesacatalunya.cat\/wp-content\/uploads\/2023\/11\/sola-y-triste.jpg\",\"keywords\":[\"Fam\u00edlia\"],\"articleSection\":[\"Punts clau del dia (ES)\"],\"inLanguage\":\"es\",\"potentialAction\":[{\"@type\":\"CommentAction\",\"name\":\"Comment\",\"target\":[\"https:\/\/conversesacatalunya.cat\/es\/no-reaccionamos-ni-individualmente-ni-como-sociedad-civil\/#respond\"]}]},{\"@type\":\"WebPage\",\"@id\":\"https:\/\/conversesacatalunya.cat\/es\/no-reaccionamos-ni-individualmente-ni-como-sociedad-civil\/\",\"url\":\"https:\/\/conversesacatalunya.cat\/es\/no-reaccionamos-ni-individualmente-ni-como-sociedad-civil\/\",\"name\":\"Vamos de mal en peor porque no reaccionamos ni individualmente ni como sociedad civil - Converses a Catalunya\",\"isPartOf\":{\"@id\":\"https:\/\/conversesacatalunya.cat\/#website\"},\"primaryImageOfPage\":{\"@id\":\"https:\/\/conversesacatalunya.cat\/es\/no-reaccionamos-ni-individualmente-ni-como-sociedad-civil\/#primaryimage\"},\"image\":{\"@id\":\"https:\/\/conversesacatalunya.cat\/es\/no-reaccionamos-ni-individualmente-ni-como-sociedad-civil\/#primaryimage\"},\"thumbnailUrl\":\"https:\/\/conversesacatalunya.cat\/wp-content\/uploads\/2023\/11\/sola-y-triste.jpg\",\"datePublished\":\"2023-11-08T11:39:07+00:00\",\"dateModified\":\"2023-11-10T11:21:23+00:00\",\"author\":{\"@id\":\"https:\/\/conversesacatalunya.cat\/#\/schema\/person\/a9598a6786ba7d3d1c5e0de477b79370\"},\"description\":\"Ser ciudadano no es ser miembro de una colectividad abstracta. Es ser un padre, un amigo, un vecino\",\"breadcrumb\":{\"@id\":\"https:\/\/conversesacatalunya.cat\/es\/no-reaccionamos-ni-individualmente-ni-como-sociedad-civil\/#breadcrumb\"},\"inLanguage\":\"es\",\"potentialAction\":[{\"@type\":\"ReadAction\",\"target\":[\"https:\/\/conversesacatalunya.cat\/es\/no-reaccionamos-ni-individualmente-ni-como-sociedad-civil\/\"]}]},{\"@type\":\"ImageObject\",\"inLanguage\":\"es\",\"@id\":\"https:\/\/conversesacatalunya.cat\/es\/no-reaccionamos-ni-individualmente-ni-como-sociedad-civil\/#primaryimage\",\"url\":\"https:\/\/conversesacatalunya.cat\/wp-content\/uploads\/2023\/11\/sola-y-triste.jpg\",\"contentUrl\":\"https:\/\/conversesacatalunya.cat\/wp-content\/uploads\/2023\/11\/sola-y-triste.jpg\",\"width\":988,\"height\":825,\"caption\":\"erosi\u00f3 de les entitats interm\u00e8dies\"},{\"@type\":\"BreadcrumbList\",\"@id\":\"https:\/\/conversesacatalunya.cat\/es\/no-reaccionamos-ni-individualmente-ni-como-sociedad-civil\/#breadcrumb\",\"itemListElement\":[{\"@type\":\"ListItem\",\"position\":1,\"name\":\"Inici\",\"item\":\"https:\/\/conversesacatalunya.cat\/es\/\"},{\"@type\":\"ListItem\",\"position\":2,\"name\":\"Vamos de mal en peor porque no reaccionamos ni individualmente ni como sociedad civil\"}]},{\"@type\":\"WebSite\",\"@id\":\"https:\/\/conversesacatalunya.cat\/#website\",\"url\":\"https:\/\/conversesacatalunya.cat\/\",\"name\":\"Converses a Catalunya\",\"description\":\"\",\"potentialAction\":[{\"@type\":\"SearchAction\",\"target\":{\"@type\":\"EntryPoint\",\"urlTemplate\":\"https:\/\/conversesacatalunya.cat\/?s={search_term_string}\"},\"query-input\":{\"@type\":\"PropertyValueSpecification\",\"valueRequired\":true,\"valueName\":\"search_term_string\"}}],\"inLanguage\":\"es\"},{\"@type\":\"Person\",\"@id\":\"https:\/\/conversesacatalunya.cat\/#\/schema\/person\/a9598a6786ba7d3d1c5e0de477b79370\",\"name\":\"Josep Mir\u00f3 i Ard\u00e8vol\",\"image\":{\"@type\":\"ImageObject\",\"inLanguage\":\"es\",\"@id\":\"https:\/\/conversesacatalunya.cat\/#\/schema\/person\/image\/\",\"url\":\"https:\/\/conversesacatalunya.cat\/wp-content\/litespeed\/avatar\/c37e3dc881857483d6694cdf98fdedea.jpg?ver=1777270381\",\"contentUrl\":\"https:\/\/conversesacatalunya.cat\/wp-content\/litespeed\/avatar\/c37e3dc881857483d6694cdf98fdedea.jpg?ver=1777270381\",\"caption\":\"Josep Mir\u00f3 i Ard\u00e8vol\"},\"url\":\"https:\/\/conversesacatalunya.cat\/es\/author\/josep-miro-i-ardevol\/\"}]}<\/script>\n<!-- \/ Yoast SEO plugin. -->","yoast_head_json":{"title":"Vamos de mal en peor porque no reaccionamos ni individualmente ni como sociedad civil - Converses a Catalunya","description":"Ser ciudadano no es ser miembro de una colectividad abstracta. Es ser un padre, un amigo, un vecino","robots":{"index":"index","follow":"follow","max-snippet":"max-snippet:-1","max-image-preview":"max-image-preview:large","max-video-preview":"max-video-preview:-1"},"canonical":"https:\/\/conversesacatalunya.cat\/es\/no-reaccionamos-ni-individualmente-ni-como-sociedad-civil\/","og_locale":"es_ES","og_type":"article","og_title":"Vamos de mal en peor porque no reaccionamos ni individualmente ni como sociedad civil - Converses a Catalunya","og_description":"Ser ciudadano no es ser miembro de una colectividad abstracta. Es ser un padre, un amigo, un vecino","og_url":"https:\/\/conversesacatalunya.cat\/es\/no-reaccionamos-ni-individualmente-ni-como-sociedad-civil\/","og_site_name":"Converses a Catalunya","article_published_time":"2023-11-08T11:39:07+00:00","article_modified_time":"2023-11-10T11:21:23+00:00","og_image":[{"width":988,"height":825,"url":"https:\/\/conversesacatalunya.cat\/wp-content\/uploads\/2023\/11\/sola-y-triste.jpg","type":"image\/jpeg"}],"author":"Josep Mir\u00f3 i Ard\u00e8vol","twitter_card":"summary_large_image","twitter_misc":{"Escrito por":"Josep Mir\u00f3 i Ard\u00e8vol","Tiempo de lectura":"4 minutos"},"schema":{"@context":"https:\/\/schema.org","@graph":[{"@type":"Article","@id":"https:\/\/conversesacatalunya.cat\/es\/no-reaccionamos-ni-individualmente-ni-como-sociedad-civil\/#article","isPartOf":{"@id":"https:\/\/conversesacatalunya.cat\/es\/no-reaccionamos-ni-individualmente-ni-como-sociedad-civil\/"},"author":{"name":"Josep Mir\u00f3 i Ard\u00e8vol","@id":"https:\/\/conversesacatalunya.cat\/#\/schema\/person\/a9598a6786ba7d3d1c5e0de477b79370"},"headline":"Vamos de mal en peor porque no reaccionamos ni individualmente ni como sociedad civil","datePublished":"2023-11-08T11:39:07+00:00","dateModified":"2023-11-10T11:21:23+00:00","mainEntityOfPage":{"@id":"https:\/\/conversesacatalunya.cat\/es\/no-reaccionamos-ni-individualmente-ni-como-sociedad-civil\/"},"wordCount":892,"commentCount":0,"image":{"@id":"https:\/\/conversesacatalunya.cat\/es\/no-reaccionamos-ni-individualmente-ni-como-sociedad-civil\/#primaryimage"},"thumbnailUrl":"https:\/\/conversesacatalunya.cat\/wp-content\/uploads\/2023\/11\/sola-y-triste.jpg","keywords":["Fam\u00edlia"],"articleSection":["Punts clau del dia (ES)"],"inLanguage":"es","potentialAction":[{"@type":"CommentAction","name":"Comment","target":["https:\/\/conversesacatalunya.cat\/es\/no-reaccionamos-ni-individualmente-ni-como-sociedad-civil\/#respond"]}]},{"@type":"WebPage","@id":"https:\/\/conversesacatalunya.cat\/es\/no-reaccionamos-ni-individualmente-ni-como-sociedad-civil\/","url":"https:\/\/conversesacatalunya.cat\/es\/no-reaccionamos-ni-individualmente-ni-como-sociedad-civil\/","name":"Vamos de mal en peor porque no reaccionamos ni individualmente ni como sociedad civil - Converses a Catalunya","isPartOf":{"@id":"https:\/\/conversesacatalunya.cat\/#website"},"primaryImageOfPage":{"@id":"https:\/\/conversesacatalunya.cat\/es\/no-reaccionamos-ni-individualmente-ni-como-sociedad-civil\/#primaryimage"},"image":{"@id":"https:\/\/conversesacatalunya.cat\/es\/no-reaccionamos-ni-individualmente-ni-como-sociedad-civil\/#primaryimage"},"thumbnailUrl":"https:\/\/conversesacatalunya.cat\/wp-content\/uploads\/2023\/11\/sola-y-triste.jpg","datePublished":"2023-11-08T11:39:07+00:00","dateModified":"2023-11-10T11:21:23+00:00","author":{"@id":"https:\/\/conversesacatalunya.cat\/#\/schema\/person\/a9598a6786ba7d3d1c5e0de477b79370"},"description":"Ser ciudadano no es ser miembro de una colectividad abstracta. Es ser un padre, un amigo, un vecino","breadcrumb":{"@id":"https:\/\/conversesacatalunya.cat\/es\/no-reaccionamos-ni-individualmente-ni-como-sociedad-civil\/#breadcrumb"},"inLanguage":"es","potentialAction":[{"@type":"ReadAction","target":["https:\/\/conversesacatalunya.cat\/es\/no-reaccionamos-ni-individualmente-ni-como-sociedad-civil\/"]}]},{"@type":"ImageObject","inLanguage":"es","@id":"https:\/\/conversesacatalunya.cat\/es\/no-reaccionamos-ni-individualmente-ni-como-sociedad-civil\/#primaryimage","url":"https:\/\/conversesacatalunya.cat\/wp-content\/uploads\/2023\/11\/sola-y-triste.jpg","contentUrl":"https:\/\/conversesacatalunya.cat\/wp-content\/uploads\/2023\/11\/sola-y-triste.jpg","width":988,"height":825,"caption":"erosi\u00f3 de les entitats interm\u00e8dies"},{"@type":"BreadcrumbList","@id":"https:\/\/conversesacatalunya.cat\/es\/no-reaccionamos-ni-individualmente-ni-como-sociedad-civil\/#breadcrumb","itemListElement":[{"@type":"ListItem","position":1,"name":"Inici","item":"https:\/\/conversesacatalunya.cat\/es\/"},{"@type":"ListItem","position":2,"name":"Vamos de mal en peor porque no reaccionamos ni individualmente ni como sociedad civil"}]},{"@type":"WebSite","@id":"https:\/\/conversesacatalunya.cat\/#website","url":"https:\/\/conversesacatalunya.cat\/","name":"Converses a Catalunya","description":"","potentialAction":[{"@type":"SearchAction","target":{"@type":"EntryPoint","urlTemplate":"https:\/\/conversesacatalunya.cat\/?s={search_term_string}"},"query-input":{"@type":"PropertyValueSpecification","valueRequired":true,"valueName":"search_term_string"}}],"inLanguage":"es"},{"@type":"Person","@id":"https:\/\/conversesacatalunya.cat\/#\/schema\/person\/a9598a6786ba7d3d1c5e0de477b79370","name":"Josep Mir\u00f3 i Ard\u00e8vol","image":{"@type":"ImageObject","inLanguage":"es","@id":"https:\/\/conversesacatalunya.cat\/#\/schema\/person\/image\/","url":"https:\/\/conversesacatalunya.cat\/wp-content\/litespeed\/avatar\/c37e3dc881857483d6694cdf98fdedea.jpg?ver=1777270381","contentUrl":"https:\/\/conversesacatalunya.cat\/wp-content\/litespeed\/avatar\/c37e3dc881857483d6694cdf98fdedea.jpg?ver=1777270381","caption":"Josep Mir\u00f3 i Ard\u00e8vol"},"url":"https:\/\/conversesacatalunya.cat\/es\/author\/josep-miro-i-ardevol\/"}]}},"wps_subtitle":"Ser ciudadano no es ser miembro de una colectividad abstracta. Es ser un padre, un amigo, un vecino","_links":{"self":[{"href":"https:\/\/conversesacatalunya.cat\/es\/wp-json\/wp\/v2\/posts\/72346","targetHints":{"allow":["GET"]}}],"collection":[{"href":"https:\/\/conversesacatalunya.cat\/es\/wp-json\/wp\/v2\/posts"}],"about":[{"href":"https:\/\/conversesacatalunya.cat\/es\/wp-json\/wp\/v2\/types\/post"}],"author":[{"embeddable":true,"href":"https:\/\/conversesacatalunya.cat\/es\/wp-json\/wp\/v2\/users\/19"}],"replies":[{"embeddable":true,"href":"https:\/\/conversesacatalunya.cat\/es\/wp-json\/wp\/v2\/comments?post=72346"}],"version-history":[{"count":3,"href":"https:\/\/conversesacatalunya.cat\/es\/wp-json\/wp\/v2\/posts\/72346\/revisions"}],"predecessor-version":[{"id":72435,"href":"https:\/\/conversesacatalunya.cat\/es\/wp-json\/wp\/v2\/posts\/72346\/revisions\/72435"}],"wp:featuredmedia":[{"embeddable":true,"href":"https:\/\/conversesacatalunya.cat\/es\/wp-json\/wp\/v2\/media\/72339"}],"wp:attachment":[{"href":"https:\/\/conversesacatalunya.cat\/es\/wp-json\/wp\/v2\/media?parent=72346"}],"wp:term":[{"taxonomy":"category","embeddable":true,"href":"https:\/\/conversesacatalunya.cat\/es\/wp-json\/wp\/v2\/categories?post=72346"},{"taxonomy":"post_tag","embeddable":true,"href":"https:\/\/conversesacatalunya.cat\/es\/wp-json\/wp\/v2\/tags?post=72346"}],"curies":[{"name":"wp","href":"https:\/\/api.w.org\/{rel}","templated":true}]}}