{"id":72342,"date":"2023-11-08T11:45:47","date_gmt":"2023-11-08T10:45:47","guid":{"rendered":"https:\/\/conversesacatalunya.cat\/els-pactes-psoe-erc-no-es-or-tot-el-que-llueix-10-grans-interrogants\/"},"modified":"2023-11-08T12:54:28","modified_gmt":"2023-11-08T11:54:28","slug":"los-pactos-psoe-erc-10-interrogantes","status":"publish","type":"post","link":"https:\/\/conversesacatalunya.cat\/es\/los-pactos-psoe-erc-10-interrogantes\/","title":{"rendered":"Los pactos PSOE-ERC. No es oro todo lo que reluce. 10 grandes interrogantes"},"content":{"rendered":"<p><span><span class=\"\">Presentado como una gran fiesta de duros a 4 pesetas: amnist\u00eda, 15.000 millones de deuda menos, traspaso de Cercan\u00edas\u2026, todo parec\u00eda fant\u00e1stico, pero pasada la \u201cfiebre del s\u00e1bado noche\u201d, cuando se lee el texto del acuerdo el alma comienza a caer a los pies.\u00a0<\/span>Porque todo apunta a una repetici\u00f3n de lo de siempre;\u00a0es decir,\u00a0<\/span><strong><span>mucha promesa y poca realidad<\/span><\/strong><span> a consecuencia de las inconcreciones del texto y la habilidad del gobierno espa\u00f1ol para incumplir lo que acuerda.<\/span><\/p>\n<h3><span>Examin\u00e9moslo con m\u00e1s detalle:<\/span><\/h3>\n<ol>\n<li><strong><span>Amnist\u00eda s\u00ed<\/span><\/strong><span>, seguro que si hay gobierno habr\u00e1, pero el acuerdo habla poco y no se define el alcance y las condiciones.\u00a0Todo queda en el aire de lo que hayan realmente pactado ERC y PSOE, que no parece tan claro cuando JxCat a\u00fan mantiene el bal\u00f3n en su tejado. Es cierto que se trata de una pugna de protagonismos, pero tambi\u00e9n lo es que todas las partes reconocen que est\u00e1n revisando el texto t\u00e9cnicamente, lo que significa que hay motivos concretos de mejora.<\/span><\/li>\n<li><strong><span>Reducci\u00f3n de la deuda con el FLA<\/span><\/strong><span>.\u00a0Es decir, el fondo de liquidez auton\u00f3mica que Montoro con el gobierno Rajoy cre\u00f3 para facilitar la financiaci\u00f3n de las comunidades atrapadas por la crisis y que no encontraban respuesta en los mercados o \u00e9sta era a unos intereses desmesurados.\u00a0La quita de 15.000 millones est\u00e1 bien, pero no puede hacer olvidar que todav\u00eda quedan 56.300 millones por pagar.\u00a0Una cifra muy elevada.<\/span><\/li>\n<li><span>Sin embargo, este acuerdo palidece hasta quedar blanco como una cera porque acto seguido el Parlament de Catalunya ha aprobado una moci\u00f3n con los votos de ERC que se\u00f1ala que debe condonarse toda la deuda del FLA.\u00a0Y adem\u00e1s debe reducirse el d\u00e9ficit fiscal aplicando el principio de ordinalidad, liquidar los importes que no se han ejecutado en infraestructuras y compensar las partidas que no se han llevado a cabo de la disposici\u00f3n adicional 3\u00aa del Estatut, que establece que la inversi\u00f3n en infraestructuras debe equipararse al porcentaje del PIB que Catalu\u00f1a aporta al Estado, y que es del 19%.<\/span><\/li>\n<li><span>Es evidente que lo que pide el Parlament y que lo que ha pactado ERC pertenece a universos muy diferentes y que no se diga, como hacen algunos economistas, que liquidar la deuda del FLA tendr\u00eda un efecto devastador para la econom\u00eda espa\u00f1ola y afectar\u00eda a la prima de riesgo, porque en realidad el FLA estaba inicialmente dise\u00f1ado para que en la pr\u00e1ctica no se acabara de pagar nunca.<\/span><\/li>\n<li><span>Lo recordaba Manel P\u00e9rez en La Vanguardia el domingo 5 de noviembre y se\u00f1alaba concretamente que \u00abla\u00a0<\/span><strong><span>quita del PSOE y ERC<\/span><\/strong><span> se queda corta respecto a algunas propuestas del gobierno Rajoy\u00bb.\u00a0En otras palabras, el propio Montoro, autor del FLA, ya apunt\u00f3 varias soluciones, como la quita de un 10% del total de la deuda cada a\u00f1o, de forma que en una d\u00e9cada quedara extinguida.\u00a0La otra soluci\u00f3n menos radical era convertirla en deuda perpetua con un inter\u00e9s simb\u00f3lico, de modo que su coste fuera muy modesto. De hecho, con Lu\u00eds de Guindos ante el ministerio, estas posibilidades no se aplicaron y se opt\u00f3 una v\u00eda menos generosa: alargar los plazos, reducir los intereses y realizar una aportaci\u00f3n parcial a las autonom\u00edas. Por tanto, como se puede constatar, la\u00a0<\/span><strong><span>soluci\u00f3n de los 15.000 millones ahora acordada es poca ante el enfoque que pide el Parlament<\/span><\/strong><span>\u00a0e, incluso, de lo que pensaba Montoro y el gobierno del PP en su \u00e9poca.<\/span><\/li>\n<li><span>El famoso\u00a0<\/span><strong><span>traspaso de Cercan\u00edas<\/span><\/strong><span>\u00a0no tiene calendario comprometido ni previsiones econ\u00f3micas.\u00a0Y esto es un brindis al sol cuando el gobierno espa\u00f1ol ha ido incumpliendo sistem\u00e1ticamente acuerdos con dos concreciones.\u00a0Todo se f\u00eda al desarrollo de la legislatura y eso significa que pol\u00edticamente ERC ha dado un cheque en blanco para los pr\u00f3ximos, si llegan, 4 a\u00f1os de gobierno de S\u00e1nchez y la aprobaci\u00f3n de sus respectivos presupuestos.\u00a0En realidad ERC ha sacrificado la prenda fuerte que ten\u00eda en el tablero, la de la investidura, y ha dado ventaja para las sucesivas jugadas a S\u00e1nchez, que podr\u00e1 regular el grifo de c\u00f3mo se concretan unos traspasos que ya de entrada se declaran muy complejos.<\/span><\/li>\n<li><span>No es exactamente un traspaso a la Generalitat, sino el nuevo ente mixto ferroviario formado por la Generalitat y el Estado.<\/span><\/li>\n<li><span>Ni siquiera ha quedado definido\u00a0<\/span><strong><span>quien asumir\u00e1 el compromiso de los 1.650 millones<\/span><\/strong><span> a invertir del plan de Cercan\u00edas para el per\u00edodo 2025-2030. Ahora esta obligaci\u00f3n era del Estado, pero cuando se negocie el traspaso puede ser utilizada como una contrapartida de mayores cesiones.\u00a0Por ejemplo, puede presentarse lo que ahora es una obligaci\u00f3n como una aportaci\u00f3n a descontar de otras cuestiones que el Estado hace a la Generalitat.\u00a0Cabe recordar que el problema de Cercan\u00edas es muy concreto: son 30 a\u00f1os de inversiones pr\u00e1cticamente nulas.<\/span><\/li>\n<li><span>El acuerdo se ha hecho sin tener en cuenta a los trabajadores de Renfe, pese a que ya se sabe, al menos desde la \u00e9poca de Zapatero, que est\u00e1n opuestos al traspaso y que ya lo frenaron con \u00e9xito una vez.\u00a0El hecho de no introducir en la ecuaci\u00f3n a los trabajadores\u00a0<\/span><strong><span>demuestra la superficialidad y el trabajo de cara a la galer\u00eda del pacto<\/span><\/strong><span>, porque ya pod\u00edan imaginar que, en estas condiciones, la respuesta ser\u00eda muy fuerte.\u00a0Y as\u00ed fue.\u00a0Empieza con una huelga de ferrocarriles de 24 horas en toda Espa\u00f1a los d\u00edas 24 y 30 de noviembre y el 1 y 4 de diciembre.\u00a0Y estamos s\u00f3lo en el inicio.\u00a0\u00bfQu\u00e9 gobierno soportar\u00e1 un pulso continuado con los trabajadores ferroviarios que afecte a toda Espa\u00f1a por un traspaso que se quiere realizar en Catalu\u00f1a?\u00a0Peor planteado imposible.\u00a0Ser\u00e1 un motor m\u00e1s de creaci\u00f3n de agravios y antagonismos.<\/span><\/li>\n<li><span>Y todo ello tiene los precedentes de los\u00a0<\/span><strong><span>incumplimientos sistem\u00e1ticos de S\u00e1nchez<\/span><\/strong><span>.\u00a0<span class=\"VIpgJd-yAWNEb-VIpgJd-fmcmS-sn54Q\">Para empezar, con la mesa de di\u00e1logo con ERC, que deb\u00eda ser tan importante y que como ha logrado el acuerdo con el presidente del gobierno, sencillamente qued\u00f3 congelada. <\/span><span class=\"\">O, por citar otro incumplimiento flagrante de los muchos que se han producido, el acuerdo de incorporar una determinada cifra de inversi\u00f3n a los presupuestos de cada a\u00f1o para que Rufi\u00e1n se pudiera apuntar la correspondiente medalla, para despu\u00e9s llevar a cabo un incumplimiento rid\u00edculo del gasto efectivamente empleado.<\/span><\/span><\/li>\n<\/ol>\n<div id=\"polls-216\" class=\"wp-polls\">\n\t<form id=\"polls_form_216\" class=\"wp-polls-form\" action=\"\/index.php\" method=\"post\">\n\t\t<p style=\"display: none;\"><input type=\"hidden\" id=\"poll_216_nonce\" name=\"wp-polls-nonce\" value=\"d9e7eea430\" \/><\/p>\n\t\t<p style=\"display: none;\"><input type=\"hidden\" name=\"poll_id\" value=\"216\" \/><\/p>\n\t\t<p style=\"text-align: center\"><strong>Creieu que el Girona Futbol Club pot quedar entre els tres primers equips de la lliga?<\/strong><\/p><div id=\"polls-216-ans\" class=\"wp-polls-ans\"><ul class=\"wp-polls-ul\">\n\t\t<li><input type=\"radio\" id=\"poll-answer-601\" name=\"poll_216\" value=\"601\" \/> <label for=\"poll-answer-601\">S\u00ed<\/label><\/li>\n\t\t<li><input type=\"radio\" id=\"poll-answer-602\" name=\"poll_216\" value=\"602\" \/> <label for=\"poll-answer-602\">No<\/label><\/li>\n\t\t<\/ul><p style=\"text-align: center\"><input type=\"button\" name=\"vote\" value=\"   Vota   \" class=\"Buttons\" onclick=\"poll_vote(216);\" \/><\/p><p style=\"text-align: center\"><a href=\"#ViewPollResults\" onclick=\"poll_result(216); return false;\" title=\"View Results Of This Poll\">Mira els resultats<\/a><\/p><\/div>\n\t<\/form>\n<\/div>\n<div id=\"polls-216-loading\" class=\"wp-polls-loading\"><img decoding=\"async\" data-src=\"https:\/\/conversesacatalunya.cat\/wp-content\/plugins\/wp-polls\/images\/loading.gif\" width=\"16\" height=\"16\" alt=\"Cargando ...\" title=\"Cargando ...\" class=\"wp-polls-image lazyload\" src=\"data:image\/svg+xml;base64,PHN2ZyB3aWR0aD0iMSIgaGVpZ2h0PSIxIiB4bWxucz0iaHR0cDovL3d3dy53My5vcmcvMjAwMC9zdmciPjwvc3ZnPg==\" style=\"--smush-placeholder-width: 16px; --smush-placeholder-aspect-ratio: 16\/16;\" \/>&nbsp;Cargando ...<\/div>\n\n","protected":false},"excerpt":{"rendered":"<p>Presentado como una gran fiesta de duros a 4 pesetas: amnist\u00eda, 15.000 millones de deuda menos, traspaso de Cercan\u00edas\u2026, todo parec\u00eda fant\u00e1stico, pero pasada la \u201cfiebre del s\u00e1bado noche\u201d, cuando se lee el texto del acuerdo el alma comienza a caer a los pies.\u00a0Porque todo apunta a una repetici\u00f3n de lo de siempre;\u00a0es decir,\u00a0mucha promesa y poca realidad a consecuencia de las inconcreciones del texto y la habilidad del gobierno espa\u00f1ol para incumplir lo que acuerda. Examin\u00e9moslo con m\u00e1s detalle: Amnist\u00eda s\u00ed, seguro que si hay gobierno habr\u00e1, pero el acuerdo habla poco y no se define el alcance y las condiciones.\u00a0Todo queda en el aire de lo que hayan realmente pactado ERC y PSOE, que no parece tan claro cuando JxCat a\u00fan mantiene el bal\u00f3n en su tejado. Es cierto que se trata de una pugna de protagonismos, pero tambi\u00e9n lo es que todas las partes reconocen que est\u00e1n revisando el texto t\u00e9cnicamente, lo que significa que hay motivos concretos de mejora. Reducci\u00f3n de la deuda con el FLA.\u00a0Es decir, el fondo de liquidez auton\u00f3mica que Montoro con el gobierno Rajoy cre\u00f3 para facilitar la financiaci\u00f3n de las comunidades atrapadas por la crisis y que no encontraban respuesta en los mercados o \u00e9sta era a unos intereses desmesurados.\u00a0La quita de 15.000 millones est\u00e1 bien, pero no puede hacer olvidar que todav\u00eda quedan 56.300 millones por pagar.\u00a0Una cifra muy elevada. Sin embargo, este acuerdo palidece hasta quedar blanco como una cera porque acto seguido el Parlament de Catalunya ha aprobado una moci\u00f3n con los votos de ERC que se\u00f1ala que debe condonarse toda la deuda del FLA.\u00a0Y adem\u00e1s debe reducirse el d\u00e9ficit fiscal aplicando el principio de ordinalidad, liquidar los importes que no se han ejecutado en infraestructuras y compensar las partidas que no se han llevado a cabo de la disposici\u00f3n adicional 3\u00aa del Estatut, que establece que la inversi\u00f3n en infraestructuras debe equipararse al porcentaje del PIB que Catalu\u00f1a aporta al Estado, y que es del 19%. Es evidente que lo que pide el Parlament y que lo que ha pactado ERC pertenece a universos muy diferentes y que no se diga, como hacen algunos economistas, que liquidar la deuda del FLA tendr\u00eda un efecto devastador para la econom\u00eda espa\u00f1ola y afectar\u00eda a la prima de riesgo, porque en realidad el FLA estaba inicialmente dise\u00f1ado para que en la pr\u00e1ctica no se acabara de pagar nunca. Lo recordaba Manel P\u00e9rez en La Vanguardia el domingo 5 de noviembre y se\u00f1alaba concretamente que \u00abla\u00a0quita del PSOE y ERC se queda corta respecto a algunas propuestas del gobierno Rajoy\u00bb.\u00a0En otras palabras, el propio Montoro, autor del FLA, ya apunt\u00f3 varias soluciones, como la quita de un 10% del total de la deuda cada a\u00f1o, de forma que en una d\u00e9cada quedara extinguida.\u00a0La otra soluci\u00f3n menos radical era convertirla en deuda perpetua con un inter\u00e9s simb\u00f3lico, de modo que su coste fuera muy modesto. De hecho, con Lu\u00eds de Guindos ante el ministerio, estas posibilidades no se aplicaron y se opt\u00f3 una v\u00eda menos generosa: alargar los plazos, reducir los intereses y realizar una aportaci\u00f3n parcial a las autonom\u00edas. Por tanto, como se puede constatar, la\u00a0soluci\u00f3n de los 15.000 millones ahora acordada es poca ante el enfoque que pide el Parlament\u00a0e, incluso, de lo que pensaba Montoro y el gobierno del PP en su \u00e9poca. El famoso\u00a0traspaso de Cercan\u00edas\u00a0no tiene calendario comprometido ni previsiones econ\u00f3micas.\u00a0Y esto es un brindis al sol cuando el gobierno espa\u00f1ol ha ido incumpliendo sistem\u00e1ticamente acuerdos con dos concreciones.\u00a0Todo se f\u00eda al desarrollo de la legislatura y eso significa que pol\u00edticamente ERC ha dado un cheque en blanco para los pr\u00f3ximos, si llegan, 4 a\u00f1os de gobierno de S\u00e1nchez y la aprobaci\u00f3n de sus respectivos presupuestos.\u00a0En realidad ERC ha sacrificado la prenda fuerte que ten\u00eda en el tablero, la de la investidura, y ha dado ventaja para las sucesivas jugadas a S\u00e1nchez, que podr\u00e1 regular el grifo de c\u00f3mo se concretan unos traspasos que ya de entrada se declaran muy complejos. No es exactamente un traspaso a la Generalitat, sino el nuevo ente mixto ferroviario formado por la Generalitat y el Estado. Ni siquiera ha quedado definido\u00a0quien asumir\u00e1 el compromiso de los 1.650 millones a invertir del plan de Cercan\u00edas para el per\u00edodo 2025-2030. Ahora esta obligaci\u00f3n era del Estado, pero cuando se negocie el traspaso puede ser utilizada como una contrapartida de mayores cesiones.\u00a0Por ejemplo, puede presentarse lo que ahora es una obligaci\u00f3n como una aportaci\u00f3n a descontar de otras cuestiones que el Estado hace a la Generalitat.\u00a0Cabe recordar que el problema de Cercan\u00edas es muy concreto: son 30 a\u00f1os de inversiones pr\u00e1cticamente nulas. El acuerdo se ha hecho sin tener en cuenta a los trabajadores de Renfe, pese a que ya se sabe, al menos desde la \u00e9poca de Zapatero, que est\u00e1n opuestos al traspaso y que ya lo frenaron con \u00e9xito una vez.\u00a0El hecho de no introducir en la ecuaci\u00f3n a los trabajadores\u00a0demuestra la superficialidad y el trabajo de cara a la galer\u00eda del pacto, porque ya pod\u00edan imaginar que, en estas condiciones, la respuesta ser\u00eda muy fuerte.\u00a0Y as\u00ed fue.\u00a0Empieza con una huelga de ferrocarriles de 24 horas en toda Espa\u00f1a los d\u00edas 24 y 30 de noviembre y el 1 y 4 de diciembre.\u00a0Y estamos s\u00f3lo en el inicio.\u00a0\u00bfQu\u00e9 gobierno soportar\u00e1 un pulso continuado con los trabajadores ferroviarios que afecte a toda Espa\u00f1a por un traspaso que se quiere realizar en Catalu\u00f1a?\u00a0Peor planteado imposible.\u00a0Ser\u00e1 un motor m\u00e1s de creaci\u00f3n de agravios y antagonismos. Y todo ello tiene los precedentes de los\u00a0incumplimientos sistem\u00e1ticos de S\u00e1nchez.\u00a0Para empezar, con la mesa de di\u00e1logo con ERC, que deb\u00eda ser tan importante y que como ha logrado el acuerdo con el presidente del gobierno, sencillamente qued\u00f3 congelada. O, por citar otro incumplimiento flagrante de los muchos que se han producido, el acuerdo de incorporar una determinada cifra de inversi\u00f3n a los presupuestos de cada a\u00f1o para que Rufi\u00e1n se pudiera apuntar la correspondiente medalla, para despu\u00e9s llevar a cabo un incumplimiento rid\u00edculo del gasto efectivamente empleado.<\/p>\n","protected":false},"author":78,"featured_media":72335,"comment_status":"open","ping_status":"open","sticky":false,"template":"","format":"standard","meta":{"_FSMCFIC_featured_image_caption":"","_FSMCFIC_featured_image_nocaption":"","_FSMCFIC_featured_image_hide":"","footnotes":""},"categories":[806],"tags":[5055],"class_list":["post-72342","post","type-post","status-publish","format-standard","has-post-thumbnail","hentry","category-punts-claus-del-dia-es","tag-amnistia-es"],"yoast_head":"<!-- This site is optimized with the Yoast SEO plugin v26.8 - https:\/\/yoast.com\/product\/yoast-seo-wordpress\/ -->\n<title>Los pactos PSOE-ERC. No es oro todo lo que reluce. 10 grandes interrogantes - Converses a Catalunya<\/title>\n<meta name=\"description\" content=\"Todo apunta a una repetici\u00f3n de lo de siempre; es decir, mucha promesa y poca realidad\" \/>\n<meta name=\"robots\" content=\"index, follow, max-snippet:-1, max-image-preview:large, max-video-preview:-1\" \/>\n<link rel=\"canonical\" href=\"https:\/\/conversesacatalunya.cat\/es\/los-pactos-psoe-erc-10-interrogantes\/\" \/>\n<meta property=\"og:locale\" content=\"es_ES\" \/>\n<meta property=\"og:type\" content=\"article\" \/>\n<meta property=\"og:title\" content=\"Los pactos PSOE-ERC. No es oro todo lo que reluce. 10 grandes interrogantes - Converses a Catalunya\" \/>\n<meta property=\"og:description\" content=\"Todo apunta a una repetici\u00f3n de lo de siempre; es decir, mucha promesa y poca realidad\" \/>\n<meta property=\"og:url\" content=\"https:\/\/conversesacatalunya.cat\/es\/los-pactos-psoe-erc-10-interrogantes\/\" \/>\n<meta property=\"og:site_name\" content=\"Converses a Catalunya\" \/>\n<meta property=\"article:published_time\" content=\"2023-11-08T10:45:47+00:00\" \/>\n<meta property=\"article:modified_time\" content=\"2023-11-08T11:54:28+00:00\" \/>\n<meta property=\"og:image\" content=\"https:\/\/conversesacatalunya.cat\/wp-content\/uploads\/2023\/11\/pactos-psoe-erc.jpg\" \/>\n\t<meta property=\"og:image:width\" content=\"1600\" \/>\n\t<meta property=\"og:image:height\" content=\"900\" \/>\n\t<meta property=\"og:image:type\" content=\"image\/jpeg\" \/>\n<meta name=\"author\" content=\"Joan Masip\" \/>\n<meta name=\"twitter:card\" content=\"summary_large_image\" \/>\n<meta name=\"twitter:label1\" content=\"Escrito por\" \/>\n\t<meta name=\"twitter:data1\" content=\"Joan Masip\" \/>\n\t<meta name=\"twitter:label2\" content=\"Tiempo de lectura\" \/>\n\t<meta name=\"twitter:data2\" content=\"6 minutos\" \/>\n<script type=\"application\/ld+json\" class=\"yoast-schema-graph\">{\"@context\":\"https:\/\/schema.org\",\"@graph\":[{\"@type\":\"Article\",\"@id\":\"https:\/\/conversesacatalunya.cat\/es\/los-pactos-psoe-erc-10-interrogantes\/#article\",\"isPartOf\":{\"@id\":\"https:\/\/conversesacatalunya.cat\/es\/los-pactos-psoe-erc-10-interrogantes\/\"},\"author\":{\"name\":\"Joan Masip\",\"@id\":\"https:\/\/conversesacatalunya.cat\/#\/schema\/person\/311d0bf53def217d5124c78a7bc42275\"},\"headline\":\"Los pactos PSOE-ERC. No es oro todo lo que reluce. 10 grandes interrogantes\",\"datePublished\":\"2023-11-08T10:45:47+00:00\",\"dateModified\":\"2023-11-08T11:54:28+00:00\",\"mainEntityOfPage\":{\"@id\":\"https:\/\/conversesacatalunya.cat\/es\/los-pactos-psoe-erc-10-interrogantes\/\"},\"wordCount\":1112,\"commentCount\":0,\"image\":{\"@id\":\"https:\/\/conversesacatalunya.cat\/es\/los-pactos-psoe-erc-10-interrogantes\/#primaryimage\"},\"thumbnailUrl\":\"https:\/\/conversesacatalunya.cat\/wp-content\/uploads\/2023\/11\/pactos-psoe-erc.jpg\",\"keywords\":[\"amnistia\"],\"articleSection\":[\"Punts clau del dia (ES)\"],\"inLanguage\":\"es\",\"potentialAction\":[{\"@type\":\"CommentAction\",\"name\":\"Comment\",\"target\":[\"https:\/\/conversesacatalunya.cat\/es\/los-pactos-psoe-erc-10-interrogantes\/#respond\"]}]},{\"@type\":\"WebPage\",\"@id\":\"https:\/\/conversesacatalunya.cat\/es\/los-pactos-psoe-erc-10-interrogantes\/\",\"url\":\"https:\/\/conversesacatalunya.cat\/es\/los-pactos-psoe-erc-10-interrogantes\/\",\"name\":\"Los pactos PSOE-ERC. No es oro todo lo que reluce. 10 grandes interrogantes - Converses a Catalunya\",\"isPartOf\":{\"@id\":\"https:\/\/conversesacatalunya.cat\/#website\"},\"primaryImageOfPage\":{\"@id\":\"https:\/\/conversesacatalunya.cat\/es\/los-pactos-psoe-erc-10-interrogantes\/#primaryimage\"},\"image\":{\"@id\":\"https:\/\/conversesacatalunya.cat\/es\/los-pactos-psoe-erc-10-interrogantes\/#primaryimage\"},\"thumbnailUrl\":\"https:\/\/conversesacatalunya.cat\/wp-content\/uploads\/2023\/11\/pactos-psoe-erc.jpg\",\"datePublished\":\"2023-11-08T10:45:47+00:00\",\"dateModified\":\"2023-11-08T11:54:28+00:00\",\"author\":{\"@id\":\"https:\/\/conversesacatalunya.cat\/#\/schema\/person\/311d0bf53def217d5124c78a7bc42275\"},\"description\":\"Todo apunta a una repetici\u00f3n de lo de siempre; es decir, mucha promesa y poca realidad\",\"breadcrumb\":{\"@id\":\"https:\/\/conversesacatalunya.cat\/es\/los-pactos-psoe-erc-10-interrogantes\/#breadcrumb\"},\"inLanguage\":\"es\",\"potentialAction\":[{\"@type\":\"ReadAction\",\"target\":[\"https:\/\/conversesacatalunya.cat\/es\/los-pactos-psoe-erc-10-interrogantes\/\"]}]},{\"@type\":\"ImageObject\",\"inLanguage\":\"es\",\"@id\":\"https:\/\/conversesacatalunya.cat\/es\/los-pactos-psoe-erc-10-interrogantes\/#primaryimage\",\"url\":\"https:\/\/conversesacatalunya.cat\/wp-content\/uploads\/2023\/11\/pactos-psoe-erc.jpg\",\"contentUrl\":\"https:\/\/conversesacatalunya.cat\/wp-content\/uploads\/2023\/11\/pactos-psoe-erc.jpg\",\"width\":1600,\"height\":900,\"caption\":\"pactes psoe erc\"},{\"@type\":\"BreadcrumbList\",\"@id\":\"https:\/\/conversesacatalunya.cat\/es\/los-pactos-psoe-erc-10-interrogantes\/#breadcrumb\",\"itemListElement\":[{\"@type\":\"ListItem\",\"position\":1,\"name\":\"Inici\",\"item\":\"https:\/\/conversesacatalunya.cat\/es\/\"},{\"@type\":\"ListItem\",\"position\":2,\"name\":\"Los pactos PSOE-ERC. No es oro todo lo que reluce. 10 grandes interrogantes\"}]},{\"@type\":\"WebSite\",\"@id\":\"https:\/\/conversesacatalunya.cat\/#website\",\"url\":\"https:\/\/conversesacatalunya.cat\/\",\"name\":\"Converses a Catalunya\",\"description\":\"\",\"potentialAction\":[{\"@type\":\"SearchAction\",\"target\":{\"@type\":\"EntryPoint\",\"urlTemplate\":\"https:\/\/conversesacatalunya.cat\/?s={search_term_string}\"},\"query-input\":{\"@type\":\"PropertyValueSpecification\",\"valueRequired\":true,\"valueName\":\"search_term_string\"}}],\"inLanguage\":\"es\"},{\"@type\":\"Person\",\"@id\":\"https:\/\/conversesacatalunya.cat\/#\/schema\/person\/311d0bf53def217d5124c78a7bc42275\",\"name\":\"Joan Masip\",\"image\":{\"@type\":\"ImageObject\",\"inLanguage\":\"es\",\"@id\":\"https:\/\/conversesacatalunya.cat\/#\/schema\/person\/image\/\",\"url\":\"https:\/\/conversesacatalunya.cat\/wp-content\/litespeed\/avatar\/fa67b994763cff7d443f54b63ec96481.jpg?ver=1777372547\",\"contentUrl\":\"https:\/\/conversesacatalunya.cat\/wp-content\/litespeed\/avatar\/fa67b994763cff7d443f54b63ec96481.jpg?ver=1777372547\",\"caption\":\"Joan Masip\"},\"url\":\"https:\/\/conversesacatalunya.cat\/es\/author\/joan-masip\/\"}]}<\/script>\n<!-- \/ Yoast SEO plugin. -->","yoast_head_json":{"title":"Los pactos PSOE-ERC. No es oro todo lo que reluce. 10 grandes interrogantes - Converses a Catalunya","description":"Todo apunta a una repetici\u00f3n de lo de siempre; es decir, mucha promesa y poca realidad","robots":{"index":"index","follow":"follow","max-snippet":"max-snippet:-1","max-image-preview":"max-image-preview:large","max-video-preview":"max-video-preview:-1"},"canonical":"https:\/\/conversesacatalunya.cat\/es\/los-pactos-psoe-erc-10-interrogantes\/","og_locale":"es_ES","og_type":"article","og_title":"Los pactos PSOE-ERC. No es oro todo lo que reluce. 10 grandes interrogantes - Converses a Catalunya","og_description":"Todo apunta a una repetici\u00f3n de lo de siempre; es decir, mucha promesa y poca realidad","og_url":"https:\/\/conversesacatalunya.cat\/es\/los-pactos-psoe-erc-10-interrogantes\/","og_site_name":"Converses a Catalunya","article_published_time":"2023-11-08T10:45:47+00:00","article_modified_time":"2023-11-08T11:54:28+00:00","og_image":[{"width":1600,"height":900,"url":"https:\/\/conversesacatalunya.cat\/wp-content\/uploads\/2023\/11\/pactos-psoe-erc.jpg","type":"image\/jpeg"}],"author":"Joan Masip","twitter_card":"summary_large_image","twitter_misc":{"Escrito por":"Joan Masip","Tiempo de lectura":"6 minutos"},"schema":{"@context":"https:\/\/schema.org","@graph":[{"@type":"Article","@id":"https:\/\/conversesacatalunya.cat\/es\/los-pactos-psoe-erc-10-interrogantes\/#article","isPartOf":{"@id":"https:\/\/conversesacatalunya.cat\/es\/los-pactos-psoe-erc-10-interrogantes\/"},"author":{"name":"Joan Masip","@id":"https:\/\/conversesacatalunya.cat\/#\/schema\/person\/311d0bf53def217d5124c78a7bc42275"},"headline":"Los pactos PSOE-ERC. No es oro todo lo que reluce. 10 grandes interrogantes","datePublished":"2023-11-08T10:45:47+00:00","dateModified":"2023-11-08T11:54:28+00:00","mainEntityOfPage":{"@id":"https:\/\/conversesacatalunya.cat\/es\/los-pactos-psoe-erc-10-interrogantes\/"},"wordCount":1112,"commentCount":0,"image":{"@id":"https:\/\/conversesacatalunya.cat\/es\/los-pactos-psoe-erc-10-interrogantes\/#primaryimage"},"thumbnailUrl":"https:\/\/conversesacatalunya.cat\/wp-content\/uploads\/2023\/11\/pactos-psoe-erc.jpg","keywords":["amnistia"],"articleSection":["Punts clau del dia (ES)"],"inLanguage":"es","potentialAction":[{"@type":"CommentAction","name":"Comment","target":["https:\/\/conversesacatalunya.cat\/es\/los-pactos-psoe-erc-10-interrogantes\/#respond"]}]},{"@type":"WebPage","@id":"https:\/\/conversesacatalunya.cat\/es\/los-pactos-psoe-erc-10-interrogantes\/","url":"https:\/\/conversesacatalunya.cat\/es\/los-pactos-psoe-erc-10-interrogantes\/","name":"Los pactos PSOE-ERC. No es oro todo lo que reluce. 10 grandes interrogantes - Converses a Catalunya","isPartOf":{"@id":"https:\/\/conversesacatalunya.cat\/#website"},"primaryImageOfPage":{"@id":"https:\/\/conversesacatalunya.cat\/es\/los-pactos-psoe-erc-10-interrogantes\/#primaryimage"},"image":{"@id":"https:\/\/conversesacatalunya.cat\/es\/los-pactos-psoe-erc-10-interrogantes\/#primaryimage"},"thumbnailUrl":"https:\/\/conversesacatalunya.cat\/wp-content\/uploads\/2023\/11\/pactos-psoe-erc.jpg","datePublished":"2023-11-08T10:45:47+00:00","dateModified":"2023-11-08T11:54:28+00:00","author":{"@id":"https:\/\/conversesacatalunya.cat\/#\/schema\/person\/311d0bf53def217d5124c78a7bc42275"},"description":"Todo apunta a una repetici\u00f3n de lo de siempre; es decir, mucha promesa y poca realidad","breadcrumb":{"@id":"https:\/\/conversesacatalunya.cat\/es\/los-pactos-psoe-erc-10-interrogantes\/#breadcrumb"},"inLanguage":"es","potentialAction":[{"@type":"ReadAction","target":["https:\/\/conversesacatalunya.cat\/es\/los-pactos-psoe-erc-10-interrogantes\/"]}]},{"@type":"ImageObject","inLanguage":"es","@id":"https:\/\/conversesacatalunya.cat\/es\/los-pactos-psoe-erc-10-interrogantes\/#primaryimage","url":"https:\/\/conversesacatalunya.cat\/wp-content\/uploads\/2023\/11\/pactos-psoe-erc.jpg","contentUrl":"https:\/\/conversesacatalunya.cat\/wp-content\/uploads\/2023\/11\/pactos-psoe-erc.jpg","width":1600,"height":900,"caption":"pactes psoe erc"},{"@type":"BreadcrumbList","@id":"https:\/\/conversesacatalunya.cat\/es\/los-pactos-psoe-erc-10-interrogantes\/#breadcrumb","itemListElement":[{"@type":"ListItem","position":1,"name":"Inici","item":"https:\/\/conversesacatalunya.cat\/es\/"},{"@type":"ListItem","position":2,"name":"Los pactos PSOE-ERC. No es oro todo lo que reluce. 10 grandes interrogantes"}]},{"@type":"WebSite","@id":"https:\/\/conversesacatalunya.cat\/#website","url":"https:\/\/conversesacatalunya.cat\/","name":"Converses a Catalunya","description":"","potentialAction":[{"@type":"SearchAction","target":{"@type":"EntryPoint","urlTemplate":"https:\/\/conversesacatalunya.cat\/?s={search_term_string}"},"query-input":{"@type":"PropertyValueSpecification","valueRequired":true,"valueName":"search_term_string"}}],"inLanguage":"es"},{"@type":"Person","@id":"https:\/\/conversesacatalunya.cat\/#\/schema\/person\/311d0bf53def217d5124c78a7bc42275","name":"Joan Masip","image":{"@type":"ImageObject","inLanguage":"es","@id":"https:\/\/conversesacatalunya.cat\/#\/schema\/person\/image\/","url":"https:\/\/conversesacatalunya.cat\/wp-content\/litespeed\/avatar\/fa67b994763cff7d443f54b63ec96481.jpg?ver=1777372547","contentUrl":"https:\/\/conversesacatalunya.cat\/wp-content\/litespeed\/avatar\/fa67b994763cff7d443f54b63ec96481.jpg?ver=1777372547","caption":"Joan Masip"},"url":"https:\/\/conversesacatalunya.cat\/es\/author\/joan-masip\/"}]}},"wps_subtitle":"Todo apunta a una repetici\u00f3n de lo de siempre; es decir, mucha promesa y poca realidad","_links":{"self":[{"href":"https:\/\/conversesacatalunya.cat\/es\/wp-json\/wp\/v2\/posts\/72342","targetHints":{"allow":["GET"]}}],"collection":[{"href":"https:\/\/conversesacatalunya.cat\/es\/wp-json\/wp\/v2\/posts"}],"about":[{"href":"https:\/\/conversesacatalunya.cat\/es\/wp-json\/wp\/v2\/types\/post"}],"author":[{"embeddable":true,"href":"https:\/\/conversesacatalunya.cat\/es\/wp-json\/wp\/v2\/users\/78"}],"replies":[{"embeddable":true,"href":"https:\/\/conversesacatalunya.cat\/es\/wp-json\/wp\/v2\/comments?post=72342"}],"version-history":[{"count":2,"href":"https:\/\/conversesacatalunya.cat\/es\/wp-json\/wp\/v2\/posts\/72342\/revisions"}],"predecessor-version":[{"id":72344,"href":"https:\/\/conversesacatalunya.cat\/es\/wp-json\/wp\/v2\/posts\/72342\/revisions\/72344"}],"wp:featuredmedia":[{"embeddable":true,"href":"https:\/\/conversesacatalunya.cat\/es\/wp-json\/wp\/v2\/media\/72335"}],"wp:attachment":[{"href":"https:\/\/conversesacatalunya.cat\/es\/wp-json\/wp\/v2\/media?parent=72342"}],"wp:term":[{"taxonomy":"category","embeddable":true,"href":"https:\/\/conversesacatalunya.cat\/es\/wp-json\/wp\/v2\/categories?post=72342"},{"taxonomy":"post_tag","embeddable":true,"href":"https:\/\/conversesacatalunya.cat\/es\/wp-json\/wp\/v2\/tags?post=72342"}],"curies":[{"name":"wp","href":"https:\/\/api.w.org\/{rel}","templated":true}]}}