{"id":72239,"date":"2023-11-06T09:00:42","date_gmt":"2023-11-06T08:00:42","guid":{"rendered":"https:\/\/conversesacatalunya.cat\/?p=72239"},"modified":"2023-11-08T11:21:54","modified_gmt":"2023-11-08T10:21:54","slug":"a-ursula-von-der-leyen-se-le-complica-su-reeleccion","status":"publish","type":"post","link":"https:\/\/conversesacatalunya.cat\/es\/a-ursula-von-der-leyen-se-le-complica-su-reeleccion\/","title":{"rendered":"A \u00darsula von der Leyen se le complica su reelecci\u00f3n"},"content":{"rendered":"<h3>\u00bfC\u00f3mo lleg\u00f3 \u00darsula von der Leyen a presidenta de la Comisi\u00f3n Europea?<\/h3>\n<p><strong>Antes de ser elegida presidenta de la Comisi\u00f3n Europea en 2019, <\/strong>la alemana \u00darsula von der Leyen figuraba solamente como una remota candidata en las listas que circulaban por los pasillos pol\u00edticos europeos. Hasta que entr\u00f3 en funciones como presidenta el d\u00eda 1 de julio de aquel a\u00f1o<strong>, poca gente en el continente sab\u00eda qui\u00e9n era.<\/strong><\/p>\n<p>Algunos sab\u00edan que hab\u00eda ocupado algunas carteras ministeriales en Alemania, en cuyo desempe\u00f1o no hab\u00eda destacado especialmente.\u00a0 <strong>No pod\u00eda compararse con candidatos tan s\u00f3lidos como, por ejemplo, Michel Barnier, <\/strong>el franc\u00e9s \u00a0que hab\u00eda sabido negociar el Brexit de manera brillante y medi\u00e1tica en nombre de la UE.\u00a0 Sin embargo, Barnier no consigui\u00f3 el consenso de los estados miembros, precisamente <strong>por ser temerosos de su fuerte personalidad.<\/strong><\/p>\n<p>Despu\u00e9s de cinco a\u00f1os con Jean Claude Juncker en la Comisi\u00f3n y Donald Tusk en el Consejo Europeo, los l\u00edderes deseaban una pausa. No quer\u00edan fuerzas de la naturaleza,<strong> personalidades fuertes e indomables<\/strong>, ni grandes figuras capaces de eclipsarlos, de hacerles frente, plantarles cara o dejarlos en evidencia.<\/p>\n<p><strong>No quer\u00edan tampoco adalides del federalismo, como era el caso del belga Guy Verhofstadt, <\/strong>un apasionado del m\u00e9todo institucional comunitario frente al dominio intergubernamental. <strong>Quer\u00edan gestores semidesconocidos, manejables, d\u00f3ciles, <\/strong>lo que parec\u00edan ser \u00darsula von der Leyen, para la Comisi\u00f3n Europea, y el belga Charles Michel para el Consejo Europeo.\u00a0 En un caso, sali\u00f3 como se esperaba. En el otro, no exactamente.<\/p>\n<blockquote><p><strong>Su nombre nunca hab\u00eda dominado en las quinielas.<\/strong><\/p><\/blockquote>\n<p>\u00darsula von der Leyen lleg\u00f3 casi de rebote a presidir la Comisi\u00f3n y se adelant\u00f3 de manera inesperada a su compa\u00f1ero de familia pol\u00edtica cristiano dem\u00f3crata, el tambi\u00e9n alem\u00e1n Manfred Weber (Partido Popular Europeo, PPE), a la liberal danesa Margrethe Vestager y al socialdem\u00f3crata holand\u00e9s Frans Timmermans. <strong>Su nombre nunca hab\u00eda dominado en las quinielas.<\/strong><\/p>\n<p>Al poco tiempo de haber accedido al puesto de presidenta &#8211; era la primera mujer en conseguirlo &#8211; <strong>\u00darsula no se revel\u00f3 como lo esperado, d\u00f3cil y manejable, sino como dotada de una gran personalidad y capaz de ejercer poder e influencia.<\/strong><\/p>\n<h4><strong>Sus tres principales activos eran:<\/strong><\/h4>\n<p><strong>Ser mujer<\/strong> (el equilibrio de g\u00e9nero se hab\u00eda convertido en una prioridad absoluta en el reparto de los cargos); <strong>ser alemana,<\/strong> pues despu\u00e9s de d\u00e9cadas de liderar entre bastidores en Berl\u00edn parec\u00edan dispuestos a poner finalmente a una nacional al frente de la Comisi\u00f3n; el tercer elemento, por extra\u00f1o que parezca, era precisamente <strong>su falta de nombre, cosmovisi\u00f3n europea y experiencia<\/strong>.<\/p>\n<h5>Por lo dem\u00e1s, gozaba del apoyo de <strong>\u00c1ngela Merkel<\/strong>, as\u00ed como del presidente de Francia, <strong>Emmanuel Macron<\/strong>, l\u00edderes del casi siempre imprescindible eje francoalem\u00e1n.<\/h5>\n<h3>Resultados de su mandato<\/h3>\n<h4><strong>Sus defensores\u00a0<\/strong><\/h4>\n<p><strong>Sus defensores hoy son muchos. Dicen que logr\u00f3 m\u00e1s en sus dos primeros a\u00f1os en el puesto que sus antecesores en una d\u00e9cada. <\/strong>Sostienen que la vacunaci\u00f3n colectiva y centralizada y el Fondo de Recuperaci\u00f3n que lleg\u00f3 a continuaci\u00f3n, con \u00a0800.000 millones de euros en deuda mancomunada no fueron victorias puntuales, sino embriones de algo mucho m\u00e1s grande, el llamado <em>momento hamiltoniano<\/em> de la Uni\u00f3n. Que las prioridades verdes y digitales y la Ley clim\u00e1tica constituyen un antes y un despu\u00e9s en la historia de la UE.\u00a0 Que su liderazgo personalista y presidencialista, su olfato y ambici\u00f3n han permitido dar a la Comisi\u00f3n el impulso que las capitales llevaban lustros intentando apagar, desde los tiempos de Jacques Delors.<\/p>\n<h4><strong>Sus cr\u00edticos<\/strong><\/h4>\n<p><strong>Sus cr\u00edticos dicen que es arrogante, implacable y egoc\u00e9ntrica. Que ha convertido la Comisi\u00f3n en un r\u00e9gimen presidencialista.<\/strong> Ella presenta todas las iniciativas, grandes y peque\u00f1as.\u00a0 Nada m\u00e1s llegar a su puesto de mando, convirti\u00f3 su despacho del edificio Berlaymont, que es tambi\u00e9n su residencia, en un bunker. Trajo a su jefe de gabinete y a su jefe de comunicaci\u00f3n y los incrust\u00f3 en el organigrama comunitario. Se puso a actuar como si fuera el n\u00famero uno de la UE, por encima del sacrosanto Consejo Europeo. <strong>Muchos l\u00edderes se han hartado de su estilo. Sus relaciones con el d\u00f3cil presidente del Consejo Europeo, el belga Charles Michel, mucho m\u00e1s pr\u00f3ximo a los l\u00edderes de los 27 que ella, son deplorables.<\/strong><\/p>\n<h4><strong>Su mandato finaliza en octubre del pr\u00f3ximo a\u00f1o. Aumentan las cr\u00edticas y los desaf\u00edos. <\/strong><\/h4>\n<p><strong>Tras el respaldo recibido en la pandemia y la guerra de Rusia contra Ucrania<\/strong> &#8211; dos hitos en los que asumi\u00f3 tareas antes impensables, con la compra conjunta de vacunas o la negociaci\u00f3n de armas para Kiev-<strong> su postura en la guerra de Israel contra Ham\u00e1s puede complicar todav\u00eda m\u00e1s un per\u00edodo ya muy convulso. <\/strong>\u00a0Esa crisis, unida a la batalla por la ampliaci\u00f3n del Presupuesto para el pr\u00f3ximo per\u00edodo de siete a\u00f1os (Marco Financiero Plurianual), amenazan con empa\u00f1ar su legado y cuestionar su capital pol\u00edtico si decide postularse para repetir mandato.<\/p>\n<p>Ella ha tratado de constituir una<a href=\"https:\/\/conversesacatalunya.cat\/es\/ursula-von-der-leyen-discurso-anual-estado-de-la-union\/\" target=\"_blank\" rel=\"noopener\"><strong> \u201cComisi\u00f3n geopol\u00edtica\u201c<\/strong> <\/a>desde el primer momento. <strong>Su reciente visita unilateral y de apoyo total a Netanyahu ha sido duramente criticada. <\/strong>Ya hab\u00eda hecho otras visitas internacionales sin el mandato espec\u00edfico de los Estados miembros, que son los que tienen la competencia en pol\u00edtica internacional, como a Ucrania.<\/p>\n<p>Ha afrontado otros cortocircuitos como el derivado de<strong> su pacto migratorio con T\u00fanez. <\/strong>Pero en un caso tan divisivo como Oriente Medio, el gesto de \u00darsula von der Leyen en Tel Aviv ha molestado a muchos por esa invasi\u00f3n de competencias.<\/p>\n<h4><strong>A pesar de todo, sigue siendo la favorita para presidir un segundo mandato (2024-2029)<\/strong><\/h4>\n<p><strong>Seg\u00fan un informe del Parlamento Europeo, la Comisi\u00f3n ha presentado el 69% de las iniciativas anunciadas en sus seis \u00e1reas prioritarias:<\/strong> Pacto Verde, digital, econom\u00eda, escena internacional, modelo de vida europeo y democracia. Se han sacado adelante el Fondo de Recuperaci\u00f3n, las compras conjuntas de vacunas contra la covid, el plan de transici\u00f3n ecol\u00f3gica (Fitfor55), la ley de servicios digitales, la reforma del mercado el\u00e9ctrico y el hito hist\u00f3rico de la financiaci\u00f3n compartida de las armas para Ucrania.<\/p>\n<blockquote><p><strong>Se avecina una gran batalla presupuestaria para los futuros per\u00edodos reglados.<\/strong><\/p><\/blockquote>\n<p><strong>Ahora quiere a\u00f1adir a la lista anterior el inicio de las grandes reformas ante la pr\u00f3xima gran ampliaci\u00f3n. <\/strong>Queda un duro camino, antes de fin de a\u00f1o, con la ampliaci\u00f3n del Presupuesto comunitario y una posible derrama para los socios de 100.000 millones de euros. Los pa\u00edses m\u00e1s frugales como Alemania, Pa\u00edses Bajos o Dinamarca son muy reticentes. Se avecina una gran batalla presupuestaria para los futuros per\u00edodos reglados.<\/p>\n<p><strong>Bruselas est\u00e1 entrando en modo electoral.<\/strong> \u00darsula von der Leyen tambi\u00e9n suena como secretaria general de la OTAN. Es una de las favoritas de Estados Unidos. No ha aclarado si se postular\u00e1.\u00a0 Puede contar con rivales fuertes como la presidenta del Parlamento Europeo, la maltesa Roberta Metsola, que pertenece a su mismo grupo pol\u00edtico cristianodem\u00f3crata. Para repetir al frente de la Comisi\u00f3n Europea, necesita el apoyo de los 27, adem\u00e1s del sost\u00e9n de su propia familia pol\u00edtica.<\/p>\n<p><strong>La carrera hasta octubre de 2024, cuando se va a iniciar la pr\u00f3xima legislatura europea, se le puede hacer muy larga.<\/strong><\/p>\n<span class='bctt-click-to-tweet'><span class='bctt-ctt-text'><a href='https:\/\/twitter.com\/intent\/tweet?url=https%3A%2F%2Fconversesacatalunya.cat%2Fes%2Fa-ursula-von-der-leyen-se-le-complica-su-reeleccion%2F&#038;text=%C3%9Arsula%20von%20der%20Leyen%20no%20se%20revel%C3%B3%20como%20lo%20esperado%2C%20d%C3%B3cil%20y%20manejable%2C%20sino%20como%20dotada%20de%20una%20gran%20personalidad%20y%20capaz%20de%20ejercer%20poder%20e%20influencia&#038;via=conversesacat&#038;related=conversesacat' target='_blank'rel=\"noopener noreferrer\">\u00darsula von der Leyen no se revel\u00f3 como lo esperado, d\u00f3cil y manejable, sino como dotada de una gran personalidad y capaz de ejercer poder e influencia <\/a><\/span><a href='https:\/\/twitter.com\/intent\/tweet?url=https%3A%2F%2Fconversesacatalunya.cat%2Fes%2Fa-ursula-von-der-leyen-se-le-complica-su-reeleccion%2F&#038;text=%C3%9Arsula%20von%20der%20Leyen%20no%20se%20revel%C3%B3%20como%20lo%20esperado%2C%20d%C3%B3cil%20y%20manejable%2C%20sino%20como%20dotada%20de%20una%20gran%20personalidad%20y%20capaz%20de%20ejercer%20poder%20e%20influencia&#038;via=conversesacat&#038;related=conversesacat' target='_blank' class='bctt-ctt-btn'rel=\"noopener noreferrer\">Compartir en X<\/a><\/span>\n<p>&nbsp;<\/p>\n","protected":false},"excerpt":{"rendered":"<p>\u00bfC\u00f3mo lleg\u00f3 \u00darsula von der Leyen a presidenta de la Comisi\u00f3n Europea? Antes de ser elegida presidenta de la Comisi\u00f3n Europea en 2019, la alemana \u00darsula von der Leyen figuraba solamente como una remota candidata en las listas que circulaban por los pasillos pol\u00edticos europeos. Hasta que entr\u00f3 en funciones como presidenta el d\u00eda 1 de julio de aquel a\u00f1o, poca gente en el continente sab\u00eda qui\u00e9n era. Algunos sab\u00edan que hab\u00eda ocupado algunas carteras ministeriales en Alemania, en cuyo desempe\u00f1o no hab\u00eda destacado especialmente.\u00a0 No pod\u00eda compararse con candidatos tan s\u00f3lidos como, por ejemplo, Michel Barnier, el franc\u00e9s \u00a0que hab\u00eda sabido negociar el Brexit de manera brillante y medi\u00e1tica en nombre de la UE.\u00a0 Sin embargo, Barnier no consigui\u00f3 el consenso de los estados miembros, precisamente por ser temerosos de su fuerte personalidad. Despu\u00e9s de cinco a\u00f1os con Jean Claude Juncker en la Comisi\u00f3n y Donald Tusk en el Consejo Europeo, los l\u00edderes deseaban una pausa. No quer\u00edan fuerzas de la naturaleza, personalidades fuertes e indomables, ni grandes figuras capaces de eclipsarlos, de hacerles frente, plantarles cara o dejarlos en evidencia. No quer\u00edan tampoco adalides del federalismo, como era el caso del belga Guy Verhofstadt, un apasionado del m\u00e9todo institucional comunitario frente al dominio intergubernamental. Quer\u00edan gestores semidesconocidos, manejables, d\u00f3ciles, lo que parec\u00edan ser \u00darsula von der Leyen, para la Comisi\u00f3n Europea, y el belga Charles Michel para el Consejo Europeo.\u00a0 En un caso, sali\u00f3 como se esperaba. En el otro, no exactamente. Su nombre nunca hab\u00eda dominado en las quinielas. \u00darsula von der Leyen lleg\u00f3 casi de rebote a presidir la Comisi\u00f3n y se adelant\u00f3 de manera inesperada a su compa\u00f1ero de familia pol\u00edtica cristiano dem\u00f3crata, el tambi\u00e9n alem\u00e1n Manfred Weber (Partido Popular Europeo, PPE), a la liberal danesa Margrethe Vestager y al socialdem\u00f3crata holand\u00e9s Frans Timmermans. Su nombre nunca hab\u00eda dominado en las quinielas. Al poco tiempo de haber accedido al puesto de presidenta &#8211; era la primera mujer en conseguirlo &#8211; \u00darsula no se revel\u00f3 como lo esperado, d\u00f3cil y manejable, sino como dotada de una gran personalidad y capaz de ejercer poder e influencia. Sus tres principales activos eran: Ser mujer (el equilibrio de g\u00e9nero se hab\u00eda convertido en una prioridad absoluta en el reparto de los cargos); ser alemana, pues despu\u00e9s de d\u00e9cadas de liderar entre bastidores en Berl\u00edn parec\u00edan dispuestos a poner finalmente a una nacional al frente de la Comisi\u00f3n; el tercer elemento, por extra\u00f1o que parezca, era precisamente su falta de nombre, cosmovisi\u00f3n europea y experiencia. Por lo dem\u00e1s, gozaba del apoyo de \u00c1ngela Merkel, as\u00ed como del presidente de Francia, Emmanuel Macron, l\u00edderes del casi siempre imprescindible eje francoalem\u00e1n. Resultados de su mandato Sus defensores\u00a0 Sus defensores hoy son muchos. Dicen que logr\u00f3 m\u00e1s en sus dos primeros a\u00f1os en el puesto que sus antecesores en una d\u00e9cada. Sostienen que la vacunaci\u00f3n colectiva y centralizada y el Fondo de Recuperaci\u00f3n que lleg\u00f3 a continuaci\u00f3n, con \u00a0800.000 millones de euros en deuda mancomunada no fueron victorias puntuales, sino embriones de algo mucho m\u00e1s grande, el llamado momento hamiltoniano de la Uni\u00f3n. Que las prioridades verdes y digitales y la Ley clim\u00e1tica constituyen un antes y un despu\u00e9s en la historia de la UE.\u00a0 Que su liderazgo personalista y presidencialista, su olfato y ambici\u00f3n han permitido dar a la Comisi\u00f3n el impulso que las capitales llevaban lustros intentando apagar, desde los tiempos de Jacques Delors. Sus cr\u00edticos Sus cr\u00edticos dicen que es arrogante, implacable y egoc\u00e9ntrica. Que ha convertido la Comisi\u00f3n en un r\u00e9gimen presidencialista. Ella presenta todas las iniciativas, grandes y peque\u00f1as.\u00a0 Nada m\u00e1s llegar a su puesto de mando, convirti\u00f3 su despacho del edificio Berlaymont, que es tambi\u00e9n su residencia, en un bunker. Trajo a su jefe de gabinete y a su jefe de comunicaci\u00f3n y los incrust\u00f3 en el organigrama comunitario. Se puso a actuar como si fuera el n\u00famero uno de la UE, por encima del sacrosanto Consejo Europeo. Muchos l\u00edderes se han hartado de su estilo. Sus relaciones con el d\u00f3cil presidente del Consejo Europeo, el belga Charles Michel, mucho m\u00e1s pr\u00f3ximo a los l\u00edderes de los 27 que ella, son deplorables. Su mandato finaliza en octubre del pr\u00f3ximo a\u00f1o. Aumentan las cr\u00edticas y los desaf\u00edos. Tras el respaldo recibido en la pandemia y la guerra de Rusia contra Ucrania &#8211; dos hitos en los que asumi\u00f3 tareas antes impensables, con la compra conjunta de vacunas o la negociaci\u00f3n de armas para Kiev- su postura en la guerra de Israel contra Ham\u00e1s puede complicar todav\u00eda m\u00e1s un per\u00edodo ya muy convulso. \u00a0Esa crisis, unida a la batalla por la ampliaci\u00f3n del Presupuesto para el pr\u00f3ximo per\u00edodo de siete a\u00f1os (Marco Financiero Plurianual), amenazan con empa\u00f1ar su legado y cuestionar su capital pol\u00edtico si decide postularse para repetir mandato. Ella ha tratado de constituir una \u201cComisi\u00f3n geopol\u00edtica\u201c desde el primer momento. Su reciente visita unilateral y de apoyo total a Netanyahu ha sido duramente criticada. Ya hab\u00eda hecho otras visitas internacionales sin el mandato espec\u00edfico de los Estados miembros, que son los que tienen la competencia en pol\u00edtica internacional, como a Ucrania. Ha afrontado otros cortocircuitos como el derivado de su pacto migratorio con T\u00fanez. Pero en un caso tan divisivo como Oriente Medio, el gesto de \u00darsula von der Leyen en Tel Aviv ha molestado a muchos por esa invasi\u00f3n de competencias. A pesar de todo, sigue siendo la favorita para presidir un segundo mandato (2024-2029) Seg\u00fan un informe del Parlamento Europeo, la Comisi\u00f3n ha presentado el 69% de las iniciativas anunciadas en sus seis \u00e1reas prioritarias: Pacto Verde, digital, econom\u00eda, escena internacional, modelo de vida europeo y democracia. Se han sacado adelante el Fondo de Recuperaci\u00f3n, las compras conjuntas de vacunas contra la covid, el plan de transici\u00f3n ecol\u00f3gica (Fitfor55), la ley de servicios digitales, la reforma del mercado el\u00e9ctrico y el hito hist\u00f3rico de la financiaci\u00f3n compartida de las armas para Ucrania. Se avecina una gran batalla presupuestaria para los futuros per\u00edodos reglados. Ahora quiere a\u00f1adir a la lista anterior el inicio de las&#8230;<\/p>\n","protected":false},"author":38,"featured_media":72252,"comment_status":"open","ping_status":"open","sticky":false,"template":"","format":"standard","meta":{"_FSMCFIC_featured_image_caption":"","_FSMCFIC_featured_image_nocaption":"","_FSMCFIC_featured_image_hide":"","footnotes":""},"categories":[798,806],"tags":[1061],"class_list":["post-72239","post","type-post","status-publish","format-standard","has-post-thumbnail","hentry","category-pro-europa-es","category-punts-claus-del-dia-es","tag-ursula-von-der-leyen-es"],"yoast_head":"<!-- This site is optimized with the Yoast SEO plugin v26.8 - https:\/\/yoast.com\/product\/yoast-seo-wordpress\/ -->\n<title>A \u00darsula von der Leyen se le complica su reelecci\u00f3n<\/title>\n<meta name=\"description\" content=\"La carrera de \u00darsula von der Leyen para su reelecci\u00f3n (octubre 2024) cuando se va a iniciar la legislatura europea, se le puede hacer larga\" \/>\n<meta name=\"robots\" content=\"index, follow, max-snippet:-1, max-image-preview:large, max-video-preview:-1\" \/>\n<link rel=\"canonical\" href=\"https:\/\/conversesacatalunya.cat\/es\/a-ursula-von-der-leyen-se-le-complica-su-reeleccion\/\" \/>\n<meta property=\"og:locale\" content=\"es_ES\" \/>\n<meta property=\"og:type\" content=\"article\" \/>\n<meta property=\"og:title\" content=\"A \u00darsula von der Leyen se le complica su reelecci\u00f3n\" \/>\n<meta property=\"og:description\" content=\"La carrera de \u00darsula von der Leyen para su reelecci\u00f3n (octubre 2024) cuando se va a iniciar la legislatura europea, se le puede hacer larga\" \/>\n<meta property=\"og:url\" content=\"https:\/\/conversesacatalunya.cat\/es\/a-ursula-von-der-leyen-se-le-complica-su-reeleccion\/\" \/>\n<meta property=\"og:site_name\" content=\"Converses a Catalunya\" \/>\n<meta property=\"article:published_time\" content=\"2023-11-06T08:00:42+00:00\" \/>\n<meta property=\"article:modified_time\" content=\"2023-11-08T10:21:54+00:00\" \/>\n<meta property=\"og:image\" content=\"https:\/\/conversesacatalunya.cat\/wp-content\/uploads\/2023\/11\/images.jpg\" \/>\n\t<meta property=\"og:image:width\" content=\"225\" \/>\n\t<meta property=\"og:image:height\" content=\"225\" \/>\n\t<meta property=\"og:image:type\" content=\"image\/jpeg\" \/>\n<meta name=\"author\" content=\"Victor Pou\" \/>\n<meta name=\"twitter:card\" content=\"summary_large_image\" \/>\n<meta name=\"twitter:label1\" content=\"Escrito por\" \/>\n\t<meta name=\"twitter:data1\" content=\"Victor Pou\" \/>\n\t<meta name=\"twitter:label2\" content=\"Tiempo de lectura\" \/>\n\t<meta name=\"twitter:data2\" content=\"7 minutos\" \/>\n<script type=\"application\/ld+json\" class=\"yoast-schema-graph\">{\"@context\":\"https:\/\/schema.org\",\"@graph\":[{\"@type\":\"Article\",\"@id\":\"https:\/\/conversesacatalunya.cat\/es\/a-ursula-von-der-leyen-se-le-complica-su-reeleccion\/#article\",\"isPartOf\":{\"@id\":\"https:\/\/conversesacatalunya.cat\/es\/a-ursula-von-der-leyen-se-le-complica-su-reeleccion\/\"},\"author\":{\"name\":\"Victor Pou\",\"@id\":\"https:\/\/conversesacatalunya.cat\/#\/schema\/person\/1b0082ee920b837be791bee630d460b2\"},\"headline\":\"A \u00darsula von der Leyen se le complica su reelecci\u00f3n\",\"datePublished\":\"2023-11-06T08:00:42+00:00\",\"dateModified\":\"2023-11-08T10:21:54+00:00\",\"mainEntityOfPage\":{\"@id\":\"https:\/\/conversesacatalunya.cat\/es\/a-ursula-von-der-leyen-se-le-complica-su-reeleccion\/\"},\"wordCount\":1318,\"commentCount\":0,\"image\":{\"@id\":\"https:\/\/conversesacatalunya.cat\/es\/a-ursula-von-der-leyen-se-le-complica-su-reeleccion\/#primaryimage\"},\"thumbnailUrl\":\"https:\/\/conversesacatalunya.cat\/wp-content\/uploads\/2023\/11\/images.jpg\",\"keywords\":[\"Ursula von der Leyen\"],\"articleSection\":[\"Pro Europa (ES)\",\"Punts clau del dia (ES)\"],\"inLanguage\":\"es\",\"potentialAction\":[{\"@type\":\"CommentAction\",\"name\":\"Comment\",\"target\":[\"https:\/\/conversesacatalunya.cat\/es\/a-ursula-von-der-leyen-se-le-complica-su-reeleccion\/#respond\"]}]},{\"@type\":\"WebPage\",\"@id\":\"https:\/\/conversesacatalunya.cat\/es\/a-ursula-von-der-leyen-se-le-complica-su-reeleccion\/\",\"url\":\"https:\/\/conversesacatalunya.cat\/es\/a-ursula-von-der-leyen-se-le-complica-su-reeleccion\/\",\"name\":\"A \u00darsula von der Leyen se le complica su reelecci\u00f3n\",\"isPartOf\":{\"@id\":\"https:\/\/conversesacatalunya.cat\/#website\"},\"primaryImageOfPage\":{\"@id\":\"https:\/\/conversesacatalunya.cat\/es\/a-ursula-von-der-leyen-se-le-complica-su-reeleccion\/#primaryimage\"},\"image\":{\"@id\":\"https:\/\/conversesacatalunya.cat\/es\/a-ursula-von-der-leyen-se-le-complica-su-reeleccion\/#primaryimage\"},\"thumbnailUrl\":\"https:\/\/conversesacatalunya.cat\/wp-content\/uploads\/2023\/11\/images.jpg\",\"datePublished\":\"2023-11-06T08:00:42+00:00\",\"dateModified\":\"2023-11-08T10:21:54+00:00\",\"author\":{\"@id\":\"https:\/\/conversesacatalunya.cat\/#\/schema\/person\/1b0082ee920b837be791bee630d460b2\"},\"description\":\"La carrera de \u00darsula von der Leyen para su reelecci\u00f3n (octubre 2024) cuando se va a iniciar la legislatura europea, se le puede hacer larga\",\"breadcrumb\":{\"@id\":\"https:\/\/conversesacatalunya.cat\/es\/a-ursula-von-der-leyen-se-le-complica-su-reeleccion\/#breadcrumb\"},\"inLanguage\":\"es\",\"potentialAction\":[{\"@type\":\"ReadAction\",\"target\":[\"https:\/\/conversesacatalunya.cat\/es\/a-ursula-von-der-leyen-se-le-complica-su-reeleccion\/\"]}]},{\"@type\":\"ImageObject\",\"inLanguage\":\"es\",\"@id\":\"https:\/\/conversesacatalunya.cat\/es\/a-ursula-von-der-leyen-se-le-complica-su-reeleccion\/#primaryimage\",\"url\":\"https:\/\/conversesacatalunya.cat\/wp-content\/uploads\/2023\/11\/images.jpg\",\"contentUrl\":\"https:\/\/conversesacatalunya.cat\/wp-content\/uploads\/2023\/11\/images.jpg\",\"width\":225,\"height\":225,\"caption\":\"\u00farsula von der Leyen reelecci\u00f3n\"},{\"@type\":\"BreadcrumbList\",\"@id\":\"https:\/\/conversesacatalunya.cat\/es\/a-ursula-von-der-leyen-se-le-complica-su-reeleccion\/#breadcrumb\",\"itemListElement\":[{\"@type\":\"ListItem\",\"position\":1,\"name\":\"Inici\",\"item\":\"https:\/\/conversesacatalunya.cat\/es\/\"},{\"@type\":\"ListItem\",\"position\":2,\"name\":\"A \u00darsula von der Leyen se le complica su reelecci\u00f3n\"}]},{\"@type\":\"WebSite\",\"@id\":\"https:\/\/conversesacatalunya.cat\/#website\",\"url\":\"https:\/\/conversesacatalunya.cat\/\",\"name\":\"Converses a Catalunya\",\"description\":\"\",\"potentialAction\":[{\"@type\":\"SearchAction\",\"target\":{\"@type\":\"EntryPoint\",\"urlTemplate\":\"https:\/\/conversesacatalunya.cat\/?s={search_term_string}\"},\"query-input\":{\"@type\":\"PropertyValueSpecification\",\"valueRequired\":true,\"valueName\":\"search_term_string\"}}],\"inLanguage\":\"es\"},{\"@type\":\"Person\",\"@id\":\"https:\/\/conversesacatalunya.cat\/#\/schema\/person\/1b0082ee920b837be791bee630d460b2\",\"name\":\"Victor Pou\",\"image\":{\"@type\":\"ImageObject\",\"inLanguage\":\"es\",\"@id\":\"https:\/\/conversesacatalunya.cat\/#\/schema\/person\/image\/\",\"url\":\"https:\/\/conversesacatalunya.cat\/wp-content\/litespeed\/avatar\/b9b32a5f987117ce72836d050f735d2b.jpg?ver=1777366285\",\"contentUrl\":\"https:\/\/conversesacatalunya.cat\/wp-content\/litespeed\/avatar\/b9b32a5f987117ce72836d050f735d2b.jpg?ver=1777366285\",\"caption\":\"Victor Pou\"},\"url\":\"https:\/\/conversesacatalunya.cat\/es\/author\/victor_pou\/\"}]}<\/script>\n<!-- \/ Yoast SEO plugin. -->","yoast_head_json":{"title":"A \u00darsula von der Leyen se le complica su reelecci\u00f3n","description":"La carrera de \u00darsula von der Leyen para su reelecci\u00f3n (octubre 2024) cuando se va a iniciar la legislatura europea, se le puede hacer larga","robots":{"index":"index","follow":"follow","max-snippet":"max-snippet:-1","max-image-preview":"max-image-preview:large","max-video-preview":"max-video-preview:-1"},"canonical":"https:\/\/conversesacatalunya.cat\/es\/a-ursula-von-der-leyen-se-le-complica-su-reeleccion\/","og_locale":"es_ES","og_type":"article","og_title":"A \u00darsula von der Leyen se le complica su reelecci\u00f3n","og_description":"La carrera de \u00darsula von der Leyen para su reelecci\u00f3n (octubre 2024) cuando se va a iniciar la legislatura europea, se le puede hacer larga","og_url":"https:\/\/conversesacatalunya.cat\/es\/a-ursula-von-der-leyen-se-le-complica-su-reeleccion\/","og_site_name":"Converses a Catalunya","article_published_time":"2023-11-06T08:00:42+00:00","article_modified_time":"2023-11-08T10:21:54+00:00","og_image":[{"width":225,"height":225,"url":"https:\/\/conversesacatalunya.cat\/wp-content\/uploads\/2023\/11\/images.jpg","type":"image\/jpeg"}],"author":"Victor Pou","twitter_card":"summary_large_image","twitter_misc":{"Escrito por":"Victor Pou","Tiempo de lectura":"7 minutos"},"schema":{"@context":"https:\/\/schema.org","@graph":[{"@type":"Article","@id":"https:\/\/conversesacatalunya.cat\/es\/a-ursula-von-der-leyen-se-le-complica-su-reeleccion\/#article","isPartOf":{"@id":"https:\/\/conversesacatalunya.cat\/es\/a-ursula-von-der-leyen-se-le-complica-su-reeleccion\/"},"author":{"name":"Victor Pou","@id":"https:\/\/conversesacatalunya.cat\/#\/schema\/person\/1b0082ee920b837be791bee630d460b2"},"headline":"A \u00darsula von der Leyen se le complica su reelecci\u00f3n","datePublished":"2023-11-06T08:00:42+00:00","dateModified":"2023-11-08T10:21:54+00:00","mainEntityOfPage":{"@id":"https:\/\/conversesacatalunya.cat\/es\/a-ursula-von-der-leyen-se-le-complica-su-reeleccion\/"},"wordCount":1318,"commentCount":0,"image":{"@id":"https:\/\/conversesacatalunya.cat\/es\/a-ursula-von-der-leyen-se-le-complica-su-reeleccion\/#primaryimage"},"thumbnailUrl":"https:\/\/conversesacatalunya.cat\/wp-content\/uploads\/2023\/11\/images.jpg","keywords":["Ursula von der Leyen"],"articleSection":["Pro Europa (ES)","Punts clau del dia (ES)"],"inLanguage":"es","potentialAction":[{"@type":"CommentAction","name":"Comment","target":["https:\/\/conversesacatalunya.cat\/es\/a-ursula-von-der-leyen-se-le-complica-su-reeleccion\/#respond"]}]},{"@type":"WebPage","@id":"https:\/\/conversesacatalunya.cat\/es\/a-ursula-von-der-leyen-se-le-complica-su-reeleccion\/","url":"https:\/\/conversesacatalunya.cat\/es\/a-ursula-von-der-leyen-se-le-complica-su-reeleccion\/","name":"A \u00darsula von der Leyen se le complica su reelecci\u00f3n","isPartOf":{"@id":"https:\/\/conversesacatalunya.cat\/#website"},"primaryImageOfPage":{"@id":"https:\/\/conversesacatalunya.cat\/es\/a-ursula-von-der-leyen-se-le-complica-su-reeleccion\/#primaryimage"},"image":{"@id":"https:\/\/conversesacatalunya.cat\/es\/a-ursula-von-der-leyen-se-le-complica-su-reeleccion\/#primaryimage"},"thumbnailUrl":"https:\/\/conversesacatalunya.cat\/wp-content\/uploads\/2023\/11\/images.jpg","datePublished":"2023-11-06T08:00:42+00:00","dateModified":"2023-11-08T10:21:54+00:00","author":{"@id":"https:\/\/conversesacatalunya.cat\/#\/schema\/person\/1b0082ee920b837be791bee630d460b2"},"description":"La carrera de \u00darsula von der Leyen para su reelecci\u00f3n (octubre 2024) cuando se va a iniciar la legislatura europea, se le puede hacer larga","breadcrumb":{"@id":"https:\/\/conversesacatalunya.cat\/es\/a-ursula-von-der-leyen-se-le-complica-su-reeleccion\/#breadcrumb"},"inLanguage":"es","potentialAction":[{"@type":"ReadAction","target":["https:\/\/conversesacatalunya.cat\/es\/a-ursula-von-der-leyen-se-le-complica-su-reeleccion\/"]}]},{"@type":"ImageObject","inLanguage":"es","@id":"https:\/\/conversesacatalunya.cat\/es\/a-ursula-von-der-leyen-se-le-complica-su-reeleccion\/#primaryimage","url":"https:\/\/conversesacatalunya.cat\/wp-content\/uploads\/2023\/11\/images.jpg","contentUrl":"https:\/\/conversesacatalunya.cat\/wp-content\/uploads\/2023\/11\/images.jpg","width":225,"height":225,"caption":"\u00farsula von der Leyen reelecci\u00f3n"},{"@type":"BreadcrumbList","@id":"https:\/\/conversesacatalunya.cat\/es\/a-ursula-von-der-leyen-se-le-complica-su-reeleccion\/#breadcrumb","itemListElement":[{"@type":"ListItem","position":1,"name":"Inici","item":"https:\/\/conversesacatalunya.cat\/es\/"},{"@type":"ListItem","position":2,"name":"A \u00darsula von der Leyen se le complica su reelecci\u00f3n"}]},{"@type":"WebSite","@id":"https:\/\/conversesacatalunya.cat\/#website","url":"https:\/\/conversesacatalunya.cat\/","name":"Converses a Catalunya","description":"","potentialAction":[{"@type":"SearchAction","target":{"@type":"EntryPoint","urlTemplate":"https:\/\/conversesacatalunya.cat\/?s={search_term_string}"},"query-input":{"@type":"PropertyValueSpecification","valueRequired":true,"valueName":"search_term_string"}}],"inLanguage":"es"},{"@type":"Person","@id":"https:\/\/conversesacatalunya.cat\/#\/schema\/person\/1b0082ee920b837be791bee630d460b2","name":"Victor Pou","image":{"@type":"ImageObject","inLanguage":"es","@id":"https:\/\/conversesacatalunya.cat\/#\/schema\/person\/image\/","url":"https:\/\/conversesacatalunya.cat\/wp-content\/litespeed\/avatar\/b9b32a5f987117ce72836d050f735d2b.jpg?ver=1777366285","contentUrl":"https:\/\/conversesacatalunya.cat\/wp-content\/litespeed\/avatar\/b9b32a5f987117ce72836d050f735d2b.jpg?ver=1777366285","caption":"Victor Pou"},"url":"https:\/\/conversesacatalunya.cat\/es\/author\/victor_pou\/"}]}},"wps_subtitle":"La carrera hasta octubre de 2024, cuando se va a iniciar la pr\u00f3xima legislatura europea, se le puede hacer muy larga","_links":{"self":[{"href":"https:\/\/conversesacatalunya.cat\/es\/wp-json\/wp\/v2\/posts\/72239","targetHints":{"allow":["GET"]}}],"collection":[{"href":"https:\/\/conversesacatalunya.cat\/es\/wp-json\/wp\/v2\/posts"}],"about":[{"href":"https:\/\/conversesacatalunya.cat\/es\/wp-json\/wp\/v2\/types\/post"}],"author":[{"embeddable":true,"href":"https:\/\/conversesacatalunya.cat\/es\/wp-json\/wp\/v2\/users\/38"}],"replies":[{"embeddable":true,"href":"https:\/\/conversesacatalunya.cat\/es\/wp-json\/wp\/v2\/comments?post=72239"}],"version-history":[{"count":14,"href":"https:\/\/conversesacatalunya.cat\/es\/wp-json\/wp\/v2\/posts\/72239\/revisions"}],"predecessor-version":[{"id":72273,"href":"https:\/\/conversesacatalunya.cat\/es\/wp-json\/wp\/v2\/posts\/72239\/revisions\/72273"}],"wp:featuredmedia":[{"embeddable":true,"href":"https:\/\/conversesacatalunya.cat\/es\/wp-json\/wp\/v2\/media\/72252"}],"wp:attachment":[{"href":"https:\/\/conversesacatalunya.cat\/es\/wp-json\/wp\/v2\/media?parent=72239"}],"wp:term":[{"taxonomy":"category","embeddable":true,"href":"https:\/\/conversesacatalunya.cat\/es\/wp-json\/wp\/v2\/categories?post=72239"},{"taxonomy":"post_tag","embeddable":true,"href":"https:\/\/conversesacatalunya.cat\/es\/wp-json\/wp\/v2\/tags?post=72239"}],"curies":[{"name":"wp","href":"https:\/\/api.w.org\/{rel}","templated":true}]}}