{"id":72209,"date":"2023-11-03T11:30:35","date_gmt":"2023-11-03T10:30:35","guid":{"rendered":"https:\/\/conversesacatalunya.cat\/?p=72209"},"modified":"2023-11-03T11:51:37","modified_gmt":"2023-11-03T10:51:37","slug":"pactos-con-el-independentismo","status":"publish","type":"post","link":"https:\/\/conversesacatalunya.cat\/es\/pactos-con-el-independentismo\/","title":{"rendered":"Los pactos con el independentismo. La historia no est\u00e1 terminada, pero de momento ERC gana en su pugna con JxCat"},"content":{"rendered":"<p><span><span class=\"\">Lo m\u00ednimo que puede decirse de los acuerdos alcanzados por el gobierno en funciones de S\u00e1nchez y el independentismo, concretado con ERC, es que son muy importantes.<\/span><\/span><\/p>\n<p><span>De forma relevante, lo que hace referencia a\u00a0<\/span><strong><span>la amnist\u00eda,<\/span><\/strong><span>\u00a0que tendr\u00e1 efectos para los delitos cometidos desde 2013 relacionados con el proceso, si bien, como veremos, Junts todav\u00eda no ha expresado su conformidad.\u00a0La ley no es conocida, pero corre una versi\u00f3n que no se sabe hasta qu\u00e9 punto es fidedigna, y es la que ha encendido los \u00e1nimos de parte de la magistratura.<\/span><\/p>\n<p><span>Si la ley se aprueba en el Congreso,\u00a0<\/span><strong><span>deber\u00e1 pasar por el Senado<\/span><\/strong><span>\u00a0y \u00e9ste, con mayor\u00eda del PP, modificar el reglamento para que el car\u00e1cter de urgencia de las tramitaciones de las leyes no vengan determinados por el gobierno, sino por la Mesa del Senado, como ya ocurre en el Congreso.<\/span><\/p>\n<p><span>Esta nueva tramitaci\u00f3n alargar\u00e1 unos meses la aprobaci\u00f3n de la ley, por tanto, es previsible que hasta bien entrado el pr\u00f3ximo a\u00f1o no est\u00e9 resuelta y a\u00fan le faltar\u00e1 superar otros obst\u00e1culos.\u00a0Concretamente, las\u00a0<\/span><strong><span>cuestiones de inconstitucionalidad<\/span><\/strong><span> que con mucha probabilidad presentar\u00e1n al Tribunal Constitucional el magistrado Manuel Marchena del Tribunal Supremo, por un lado, y por lo que respecta al Tsunami Democr\u00e1tico y a los grupos calificados jur\u00eddicamente de terroristas, por parte del juez Garc\u00eda Castell\u00f3n Audiencia Nacional, adem\u00e1s del recurso de inconstitucionalidad que ya habr\u00e1 presentado el PP. Por tanto, y como ya se sab\u00eda, la cuesti\u00f3n se saldar\u00e1 en el TC, pero no hay demasiadas dudas de que la fiel mayor\u00eda gubernamental, que en este momento tiene esta instancia y vistos los precedentes de su actuaci\u00f3n, declarar\u00e1 la ley <\/span><strong><span>constitucional<\/span><\/strong><span>.<\/span><\/p>\n<p><span>De hecho, existen indicios de que en su redacci\u00f3n han intervenido opiniones de los magistrados de la m\u00e1s alta instancia, eso s\u00ed, con toda la discreci\u00f3n.\u00a0La ley tendr\u00e1 efectos inmediatos, especialmente para\u00a0<\/span><strong><span>Puigdemont y Rovira,<\/span><\/strong><span> que podr\u00e1n volver y, como carecen de causa de inhabilitaci\u00f3n pueden ser candidatos en cualquier momento.\u00a0M\u00e1s confusa ser\u00e1 la situaci\u00f3n de los condenados e indultados pero que mantienen la inhabilitaci\u00f3n.\u00a0Posiblemente, tendr\u00e1n que esperar al final de todo el largo proceso para ver liquidada esta pena.<\/span><\/p>\n<p><strong><span>Los 16.000 millones de condonaci\u00f3n de deuda<\/span><\/strong><span>.\u00a0Un hito importante y que con cierto sentido puede generar tanto revuelo en las dem\u00e1s autonom\u00edas como la amnist\u00eda. Se trata de la condonaci\u00f3n de 16.000 millones de deuda de los 71.306 millones que la Generalitat tiene contra\u00edda con el estado.\u00a0Es decir, una condonaci\u00f3n de aproximadamente el 20% adem\u00e1s del ahorro de 1.500 millones en intereses.\u00a0Es una ganancia que beneficia a las finanzas de la Generalitat aunque queda a a\u00f1os luz de resolver el problema de la financiaci\u00f3n.<\/span><\/p>\n<p><span>El gobierno en funciones ha anunciado que generalizar\u00e1 esta meta, pero evidentemente tiene efectos diversos porque cuanto menos endeudada est\u00e1 una comunidad aut\u00f3noma con el estado, porque ha hecho una gesti\u00f3n m\u00e1s esmerada, menos beneficios sacar\u00e1, y evidentemente este hecho levanta protestas por todas partes.\u00a0Madrid, que carece de endeudamiento con el estado porque su solvencia le permite acudir al mercado internacional, ser\u00e1 la m\u00e1s afectada.\u00a0Hay que ver si este hecho no acaba convirti\u00e9ndose en un mayor agravio comparativo que el que pueda significar la amnist\u00eda.\u00a0Incluso para los sectores partidarios del PSOE.<\/span><\/p>\n<p><strong><span>Traspaso de Cercan\u00edas<\/span><\/strong><span>.\u00a0Seg\u00fan evolucione se convertir\u00e1 en una patata caliente o una bomba de relojer\u00eda.\u00a0No existen plazos para el traspaso ni se ha cuantificado la inversi\u00f3n.\u00a0En realidad, no es tanto un traspaso a la Generalitat como una empresa mixta de nueva creaci\u00f3n formada por la instituci\u00f3n catalana y el gobierno del estado con un consejo de administraci\u00f3n paritario y un presidente nombrado por la Generalitat, con decisiones determinantes obligatoriamente adoptadas por mayor\u00eda calificada. El decisivo sindicato de maquinistas de Renfe se opone a la medida, como ya hizo en el pasado logrando bloquearle en \u00e9pocas de Rodr\u00edguez Zapatero.<\/span><\/p>\n<p><strong><span>Relator (\u00bfinternacional?)<\/span><\/strong><span>\u00a0.\u00a0Es un \u201ctanto\u201d para Puigdemont, pero de incierto alcance porque s\u00f3lo se ha concretado que sea una persona de reconocido prestigio.\u00a0A cambio, la mesa de di\u00e1logo\/negociaci\u00f3n de ERC se mantendr\u00e1.<\/span><\/p>\n<p><strong><span>Refer\u00e9ndum<\/span><\/strong><span>.\u00a0No est\u00e1 nada claro, lo que se concreta es \u00aben la mesa de di\u00e1logo se har\u00e1 un seguimiento activo entrando en una fase de planteamiento, an\u00e1lisis y di\u00e1logo sobre propuestas pol\u00edticas cuyo resultado final podr\u00eda ser refrendado por el pueblo catal\u00e1n\u00bb.<\/span><\/p>\n<p><strong><span>Hecho nacional<\/span><\/strong><span>.\u00a0El texto considera que existe un debate sobre el reconocimiento nacional de Catalu\u00f1a y que las partes tienen diferentes concepciones.\u00a0Esto es todo.<\/span><\/p>\n<p><strong><span>Suficiencia financiera<\/span><\/strong><span>.\u00a0Se ha logrado el compromiso para unos cap\u00edtulos concretos.\u00a0Estar\u00e1 garantizada para los Mossos d&#8217;Esquadra, los nuevos \u00f3rganos judiciales, los servicios penitenciarios, la investigaci\u00f3n cient\u00edfica y t\u00e9cnica y las becas y ayudas en los estudios.<\/span><\/p>\n<p><strong><span>Inversi\u00f3n p\u00fablica<\/span><\/strong><span>.\u00a0Se recoge la disposici\u00f3n adicional del Estatut que el TC declar\u00f3 no vinculante de que fuese equivalente al peso del PIB nominal de Catalu\u00f1a con el estado.<\/span><\/p>\n<p><span>Con todo ello, Puigdemont, que hab\u00eda alcanzado gran protagonismo, ha quedado en segunda fila. Y por el momento no ha firmado nada, que no quiere decir que no lo haga pr\u00f3ximamente.\u00a0Su discrepancia radica en la\u00a0<\/span><strong><span>amplitud de la amnist\u00eda<\/span><\/strong><span>\u00a0porque en concreto hay casos que no dependen directamente del refer\u00e9ndum del 1-O, como los presuntos delitos de malversaci\u00f3n de fondos p\u00fablicos para los encausados \u200b\u200bde la operaci\u00f3n Volhov, que con el redactado actual se ver\u00edan excluidos.\u00a0En cualquier caso, es evidente que en el \u00faltimo momento ERC ha hecho el sorpasso de notoriedad a JxCat.<\/span><\/p>\n<div id=\"polls-215\" class=\"wp-polls\">\n\t<form id=\"polls_form_215\" class=\"wp-polls-form\" action=\"\/index.php\" method=\"post\">\n\t\t<p style=\"display: none;\"><input type=\"hidden\" id=\"poll_215_nonce\" name=\"wp-polls-nonce\" value=\"20b7ec6f96\" \/><\/p>\n\t\t<p style=\"display: none;\"><input type=\"hidden\" name=\"poll_id\" value=\"215\" \/><\/p>\n\t\t<p style=\"text-align: center\"><strong>Creus que Pedro S\u00e1nchez ser\u00e0 investit president del govern espanyol?<\/strong><\/p><div id=\"polls-215-ans\" class=\"wp-polls-ans\"><ul class=\"wp-polls-ul\">\n\t\t<li><input type=\"radio\" id=\"poll-answer-598\" name=\"poll_215\" value=\"598\" \/> <label for=\"poll-answer-598\">S\u00ed<\/label><\/li>\n\t\t<li><input type=\"radio\" id=\"poll-answer-599\" name=\"poll_215\" value=\"599\" \/> <label for=\"poll-answer-599\">No<\/label><\/li>\n\t\t<li><input type=\"radio\" id=\"poll-answer-600\" name=\"poll_215\" value=\"600\" \/> <label for=\"poll-answer-600\">No ho s\u00e9<\/label><\/li>\n\t\t<\/ul><p style=\"text-align: center\"><input type=\"button\" name=\"vote\" value=\"   Vota   \" class=\"Buttons\" onclick=\"poll_vote(215);\" \/><\/p><p style=\"text-align: center\"><a href=\"#ViewPollResults\" onclick=\"poll_result(215); return false;\" title=\"View Results Of This Poll\">Mira els resultats<\/a><\/p><\/div>\n\t<\/form>\n<\/div>\n<div id=\"polls-215-loading\" class=\"wp-polls-loading\"><img decoding=\"async\" data-src=\"https:\/\/conversesacatalunya.cat\/wp-content\/plugins\/wp-polls\/images\/loading.gif\" width=\"16\" height=\"16\" alt=\"Cargando ...\" title=\"Cargando ...\" class=\"wp-polls-image lazyload\" src=\"data:image\/svg+xml;base64,PHN2ZyB3aWR0aD0iMSIgaGVpZ2h0PSIxIiB4bWxucz0iaHR0cDovL3d3dy53My5vcmcvMjAwMC9zdmciPjwvc3ZnPg==\" style=\"--smush-placeholder-width: 16px; --smush-placeholder-aspect-ratio: 16\/16;\" \/>&nbsp;Cargando ...<\/div>\n\n","protected":false},"excerpt":{"rendered":"<p>Lo m\u00ednimo que puede decirse de los acuerdos alcanzados por el gobierno en funciones de S\u00e1nchez y el independentismo, concretado con ERC, es que son muy importantes. De forma relevante, lo que hace referencia a\u00a0la amnist\u00eda,\u00a0que tendr\u00e1 efectos para los delitos cometidos desde 2013 relacionados con el proceso, si bien, como veremos, Junts todav\u00eda no ha expresado su conformidad.\u00a0La ley no es conocida, pero corre una versi\u00f3n que no se sabe hasta qu\u00e9 punto es fidedigna, y es la que ha encendido los \u00e1nimos de parte de la magistratura. Si la ley se aprueba en el Congreso,\u00a0deber\u00e1 pasar por el Senado\u00a0y \u00e9ste, con mayor\u00eda del PP, modificar el reglamento para que el car\u00e1cter de urgencia de las tramitaciones de las leyes no vengan determinados por el gobierno, sino por la Mesa del Senado, como ya ocurre en el Congreso. Esta nueva tramitaci\u00f3n alargar\u00e1 unos meses la aprobaci\u00f3n de la ley, por tanto, es previsible que hasta bien entrado el pr\u00f3ximo a\u00f1o no est\u00e9 resuelta y a\u00fan le faltar\u00e1 superar otros obst\u00e1culos.\u00a0Concretamente, las\u00a0cuestiones de inconstitucionalidad que con mucha probabilidad presentar\u00e1n al Tribunal Constitucional el magistrado Manuel Marchena del Tribunal Supremo, por un lado, y por lo que respecta al Tsunami Democr\u00e1tico y a los grupos calificados jur\u00eddicamente de terroristas, por parte del juez Garc\u00eda Castell\u00f3n Audiencia Nacional, adem\u00e1s del recurso de inconstitucionalidad que ya habr\u00e1 presentado el PP. Por tanto, y como ya se sab\u00eda, la cuesti\u00f3n se saldar\u00e1 en el TC, pero no hay demasiadas dudas de que la fiel mayor\u00eda gubernamental, que en este momento tiene esta instancia y vistos los precedentes de su actuaci\u00f3n, declarar\u00e1 la ley constitucional. De hecho, existen indicios de que en su redacci\u00f3n han intervenido opiniones de los magistrados de la m\u00e1s alta instancia, eso s\u00ed, con toda la discreci\u00f3n.\u00a0La ley tendr\u00e1 efectos inmediatos, especialmente para\u00a0Puigdemont y Rovira, que podr\u00e1n volver y, como carecen de causa de inhabilitaci\u00f3n pueden ser candidatos en cualquier momento.\u00a0M\u00e1s confusa ser\u00e1 la situaci\u00f3n de los condenados e indultados pero que mantienen la inhabilitaci\u00f3n.\u00a0Posiblemente, tendr\u00e1n que esperar al final de todo el largo proceso para ver liquidada esta pena. Los 16.000 millones de condonaci\u00f3n de deuda.\u00a0Un hito importante y que con cierto sentido puede generar tanto revuelo en las dem\u00e1s autonom\u00edas como la amnist\u00eda. Se trata de la condonaci\u00f3n de 16.000 millones de deuda de los 71.306 millones que la Generalitat tiene contra\u00edda con el estado.\u00a0Es decir, una condonaci\u00f3n de aproximadamente el 20% adem\u00e1s del ahorro de 1.500 millones en intereses.\u00a0Es una ganancia que beneficia a las finanzas de la Generalitat aunque queda a a\u00f1os luz de resolver el problema de la financiaci\u00f3n. El gobierno en funciones ha anunciado que generalizar\u00e1 esta meta, pero evidentemente tiene efectos diversos porque cuanto menos endeudada est\u00e1 una comunidad aut\u00f3noma con el estado, porque ha hecho una gesti\u00f3n m\u00e1s esmerada, menos beneficios sacar\u00e1, y evidentemente este hecho levanta protestas por todas partes.\u00a0Madrid, que carece de endeudamiento con el estado porque su solvencia le permite acudir al mercado internacional, ser\u00e1 la m\u00e1s afectada.\u00a0Hay que ver si este hecho no acaba convirti\u00e9ndose en un mayor agravio comparativo que el que pueda significar la amnist\u00eda.\u00a0Incluso para los sectores partidarios del PSOE. Traspaso de Cercan\u00edas.\u00a0Seg\u00fan evolucione se convertir\u00e1 en una patata caliente o una bomba de relojer\u00eda.\u00a0No existen plazos para el traspaso ni se ha cuantificado la inversi\u00f3n.\u00a0En realidad, no es tanto un traspaso a la Generalitat como una empresa mixta de nueva creaci\u00f3n formada por la instituci\u00f3n catalana y el gobierno del estado con un consejo de administraci\u00f3n paritario y un presidente nombrado por la Generalitat, con decisiones determinantes obligatoriamente adoptadas por mayor\u00eda calificada. El decisivo sindicato de maquinistas de Renfe se opone a la medida, como ya hizo en el pasado logrando bloquearle en \u00e9pocas de Rodr\u00edguez Zapatero. Relator (\u00bfinternacional?)\u00a0.\u00a0Es un \u201ctanto\u201d para Puigdemont, pero de incierto alcance porque s\u00f3lo se ha concretado que sea una persona de reconocido prestigio.\u00a0A cambio, la mesa de di\u00e1logo\/negociaci\u00f3n de ERC se mantendr\u00e1. Refer\u00e9ndum.\u00a0No est\u00e1 nada claro, lo que se concreta es \u00aben la mesa de di\u00e1logo se har\u00e1 un seguimiento activo entrando en una fase de planteamiento, an\u00e1lisis y di\u00e1logo sobre propuestas pol\u00edticas cuyo resultado final podr\u00eda ser refrendado por el pueblo catal\u00e1n\u00bb. Hecho nacional.\u00a0El texto considera que existe un debate sobre el reconocimiento nacional de Catalu\u00f1a y que las partes tienen diferentes concepciones.\u00a0Esto es todo. Suficiencia financiera.\u00a0Se ha logrado el compromiso para unos cap\u00edtulos concretos.\u00a0Estar\u00e1 garantizada para los Mossos d&#8217;Esquadra, los nuevos \u00f3rganos judiciales, los servicios penitenciarios, la investigaci\u00f3n cient\u00edfica y t\u00e9cnica y las becas y ayudas en los estudios. Inversi\u00f3n p\u00fablica.\u00a0Se recoge la disposici\u00f3n adicional del Estatut que el TC declar\u00f3 no vinculante de que fuese equivalente al peso del PIB nominal de Catalu\u00f1a con el estado. Con todo ello, Puigdemont, que hab\u00eda alcanzado gran protagonismo, ha quedado en segunda fila. Y por el momento no ha firmado nada, que no quiere decir que no lo haga pr\u00f3ximamente.\u00a0Su discrepancia radica en la\u00a0amplitud de la amnist\u00eda\u00a0porque en concreto hay casos que no dependen directamente del refer\u00e9ndum del 1-O, como los presuntos delitos de malversaci\u00f3n de fondos p\u00fablicos para los encausados \u200b\u200bde la operaci\u00f3n Volhov, que con el redactado actual se ver\u00edan excluidos.\u00a0En cualquier caso, es evidente que en el \u00faltimo momento ERC ha hecho el sorpasso de notoriedad a JxCat.<\/p>\n","protected":false},"author":78,"featured_media":72210,"comment_status":"open","ping_status":"open","sticky":false,"template":"","format":"standard","meta":{"_FSMCFIC_featured_image_caption":"","_FSMCFIC_featured_image_nocaption":"","_FSMCFIC_featured_image_hide":"","footnotes":""},"categories":[806],"tags":[5055],"class_list":["post-72209","post","type-post","status-publish","format-standard","has-post-thumbnail","hentry","category-punts-claus-del-dia-es","tag-amnistia-es"],"yoast_head":"<!-- This site is optimized with the Yoast SEO plugin v26.8 - https:\/\/yoast.com\/product\/yoast-seo-wordpress\/ -->\n<title>Los pactos con el independentismo. La historia no est\u00e1 terminada, pero de momento ERC gana en su pugna con JxCat - Converses a Catalunya<\/title>\n<meta name=\"description\" content=\"Pactos con el independentismo. Es evidente que en el \u00faltimo momento ERC ha hecho el sorpasso de notoriedad en JxCat\" \/>\n<meta name=\"robots\" content=\"index, follow, max-snippet:-1, max-image-preview:large, max-video-preview:-1\" \/>\n<link rel=\"canonical\" href=\"https:\/\/conversesacatalunya.cat\/es\/pactos-con-el-independentismo\/\" \/>\n<meta property=\"og:locale\" content=\"es_ES\" \/>\n<meta property=\"og:type\" content=\"article\" \/>\n<meta property=\"og:title\" content=\"Los pactos con el independentismo. La historia no est\u00e1 terminada, pero de momento ERC gana en su pugna con JxCat - Converses a Catalunya\" \/>\n<meta property=\"og:description\" content=\"Pactos con el independentismo. Es evidente que en el \u00faltimo momento ERC ha hecho el sorpasso de notoriedad en JxCat\" \/>\n<meta property=\"og:url\" content=\"https:\/\/conversesacatalunya.cat\/es\/pactos-con-el-independentismo\/\" \/>\n<meta property=\"og:site_name\" content=\"Converses a Catalunya\" \/>\n<meta property=\"article:published_time\" content=\"2023-11-03T10:30:35+00:00\" \/>\n<meta property=\"article:modified_time\" content=\"2023-11-03T10:51:37+00:00\" \/>\n<meta property=\"og:image\" content=\"https:\/\/conversesacatalunya.cat\/wp-content\/uploads\/2023\/11\/pactos-independentismo.jpg\" \/>\n\t<meta property=\"og:image:width\" content=\"724\" \/>\n\t<meta property=\"og:image:height\" content=\"487\" \/>\n\t<meta property=\"og:image:type\" content=\"image\/jpeg\" \/>\n<meta name=\"author\" content=\"Joan Masip\" \/>\n<meta name=\"twitter:card\" content=\"summary_large_image\" \/>\n<meta name=\"twitter:label1\" content=\"Escrito por\" \/>\n\t<meta name=\"twitter:data1\" content=\"Joan Masip\" \/>\n\t<meta name=\"twitter:label2\" content=\"Tiempo de lectura\" \/>\n\t<meta name=\"twitter:data2\" content=\"5 minutos\" \/>\n<script type=\"application\/ld+json\" class=\"yoast-schema-graph\">{\"@context\":\"https:\/\/schema.org\",\"@graph\":[{\"@type\":\"Article\",\"@id\":\"https:\/\/conversesacatalunya.cat\/es\/pactos-con-el-independentismo\/#article\",\"isPartOf\":{\"@id\":\"https:\/\/conversesacatalunya.cat\/es\/pactos-con-el-independentismo\/\"},\"author\":{\"name\":\"Joan Masip\",\"@id\":\"https:\/\/conversesacatalunya.cat\/#\/schema\/person\/311d0bf53def217d5124c78a7bc42275\"},\"headline\":\"Los pactos con el independentismo. La historia no est\u00e1 terminada, pero de momento ERC gana en su pugna con JxCat\",\"datePublished\":\"2023-11-03T10:30:35+00:00\",\"dateModified\":\"2023-11-03T10:51:37+00:00\",\"mainEntityOfPage\":{\"@id\":\"https:\/\/conversesacatalunya.cat\/es\/pactos-con-el-independentismo\/\"},\"wordCount\":1006,\"commentCount\":0,\"image\":{\"@id\":\"https:\/\/conversesacatalunya.cat\/es\/pactos-con-el-independentismo\/#primaryimage\"},\"thumbnailUrl\":\"https:\/\/conversesacatalunya.cat\/wp-content\/uploads\/2023\/11\/pactos-independentismo.jpg\",\"keywords\":[\"amnistia\"],\"articleSection\":[\"Punts clau del dia (ES)\"],\"inLanguage\":\"es\",\"potentialAction\":[{\"@type\":\"CommentAction\",\"name\":\"Comment\",\"target\":[\"https:\/\/conversesacatalunya.cat\/es\/pactos-con-el-independentismo\/#respond\"]}]},{\"@type\":\"WebPage\",\"@id\":\"https:\/\/conversesacatalunya.cat\/es\/pactos-con-el-independentismo\/\",\"url\":\"https:\/\/conversesacatalunya.cat\/es\/pactos-con-el-independentismo\/\",\"name\":\"Los pactos con el independentismo. La historia no est\u00e1 terminada, pero de momento ERC gana en su pugna con JxCat - Converses a Catalunya\",\"isPartOf\":{\"@id\":\"https:\/\/conversesacatalunya.cat\/#website\"},\"primaryImageOfPage\":{\"@id\":\"https:\/\/conversesacatalunya.cat\/es\/pactos-con-el-independentismo\/#primaryimage\"},\"image\":{\"@id\":\"https:\/\/conversesacatalunya.cat\/es\/pactos-con-el-independentismo\/#primaryimage\"},\"thumbnailUrl\":\"https:\/\/conversesacatalunya.cat\/wp-content\/uploads\/2023\/11\/pactos-independentismo.jpg\",\"datePublished\":\"2023-11-03T10:30:35+00:00\",\"dateModified\":\"2023-11-03T10:51:37+00:00\",\"author\":{\"@id\":\"https:\/\/conversesacatalunya.cat\/#\/schema\/person\/311d0bf53def217d5124c78a7bc42275\"},\"description\":\"Pactos con el independentismo. Es evidente que en el \u00faltimo momento ERC ha hecho el sorpasso de notoriedad en JxCat\",\"breadcrumb\":{\"@id\":\"https:\/\/conversesacatalunya.cat\/es\/pactos-con-el-independentismo\/#breadcrumb\"},\"inLanguage\":\"es\",\"potentialAction\":[{\"@type\":\"ReadAction\",\"target\":[\"https:\/\/conversesacatalunya.cat\/es\/pactos-con-el-independentismo\/\"]}]},{\"@type\":\"ImageObject\",\"inLanguage\":\"es\",\"@id\":\"https:\/\/conversesacatalunya.cat\/es\/pactos-con-el-independentismo\/#primaryimage\",\"url\":\"https:\/\/conversesacatalunya.cat\/wp-content\/uploads\/2023\/11\/pactos-independentismo.jpg\",\"contentUrl\":\"https:\/\/conversesacatalunya.cat\/wp-content\/uploads\/2023\/11\/pactos-independentismo.jpg\",\"width\":724,\"height\":487,\"caption\":\"pactos independentismo\"},{\"@type\":\"BreadcrumbList\",\"@id\":\"https:\/\/conversesacatalunya.cat\/es\/pactos-con-el-independentismo\/#breadcrumb\",\"itemListElement\":[{\"@type\":\"ListItem\",\"position\":1,\"name\":\"Inici\",\"item\":\"https:\/\/conversesacatalunya.cat\/es\/\"},{\"@type\":\"ListItem\",\"position\":2,\"name\":\"Los pactos con el independentismo. La historia no est\u00e1 terminada, pero de momento ERC gana en su pugna con JxCat\"}]},{\"@type\":\"WebSite\",\"@id\":\"https:\/\/conversesacatalunya.cat\/#website\",\"url\":\"https:\/\/conversesacatalunya.cat\/\",\"name\":\"Converses a Catalunya\",\"description\":\"\",\"potentialAction\":[{\"@type\":\"SearchAction\",\"target\":{\"@type\":\"EntryPoint\",\"urlTemplate\":\"https:\/\/conversesacatalunya.cat\/?s={search_term_string}\"},\"query-input\":{\"@type\":\"PropertyValueSpecification\",\"valueRequired\":true,\"valueName\":\"search_term_string\"}}],\"inLanguage\":\"es\"},{\"@type\":\"Person\",\"@id\":\"https:\/\/conversesacatalunya.cat\/#\/schema\/person\/311d0bf53def217d5124c78a7bc42275\",\"name\":\"Joan Masip\",\"image\":{\"@type\":\"ImageObject\",\"inLanguage\":\"es\",\"@id\":\"https:\/\/conversesacatalunya.cat\/#\/schema\/person\/image\/\",\"url\":\"https:\/\/conversesacatalunya.cat\/wp-content\/litespeed\/avatar\/fa67b994763cff7d443f54b63ec96481.jpg?ver=1777372547\",\"contentUrl\":\"https:\/\/conversesacatalunya.cat\/wp-content\/litespeed\/avatar\/fa67b994763cff7d443f54b63ec96481.jpg?ver=1777372547\",\"caption\":\"Joan Masip\"},\"url\":\"https:\/\/conversesacatalunya.cat\/es\/author\/joan-masip\/\"}]}<\/script>\n<!-- \/ Yoast SEO plugin. -->","yoast_head_json":{"title":"Los pactos con el independentismo. La historia no est\u00e1 terminada, pero de momento ERC gana en su pugna con JxCat - Converses a Catalunya","description":"Pactos con el independentismo. Es evidente que en el \u00faltimo momento ERC ha hecho el sorpasso de notoriedad en JxCat","robots":{"index":"index","follow":"follow","max-snippet":"max-snippet:-1","max-image-preview":"max-image-preview:large","max-video-preview":"max-video-preview:-1"},"canonical":"https:\/\/conversesacatalunya.cat\/es\/pactos-con-el-independentismo\/","og_locale":"es_ES","og_type":"article","og_title":"Los pactos con el independentismo. La historia no est\u00e1 terminada, pero de momento ERC gana en su pugna con JxCat - Converses a Catalunya","og_description":"Pactos con el independentismo. Es evidente que en el \u00faltimo momento ERC ha hecho el sorpasso de notoriedad en JxCat","og_url":"https:\/\/conversesacatalunya.cat\/es\/pactos-con-el-independentismo\/","og_site_name":"Converses a Catalunya","article_published_time":"2023-11-03T10:30:35+00:00","article_modified_time":"2023-11-03T10:51:37+00:00","og_image":[{"width":724,"height":487,"url":"https:\/\/conversesacatalunya.cat\/wp-content\/uploads\/2023\/11\/pactos-independentismo.jpg","type":"image\/jpeg"}],"author":"Joan Masip","twitter_card":"summary_large_image","twitter_misc":{"Escrito por":"Joan Masip","Tiempo de lectura":"5 minutos"},"schema":{"@context":"https:\/\/schema.org","@graph":[{"@type":"Article","@id":"https:\/\/conversesacatalunya.cat\/es\/pactos-con-el-independentismo\/#article","isPartOf":{"@id":"https:\/\/conversesacatalunya.cat\/es\/pactos-con-el-independentismo\/"},"author":{"name":"Joan Masip","@id":"https:\/\/conversesacatalunya.cat\/#\/schema\/person\/311d0bf53def217d5124c78a7bc42275"},"headline":"Los pactos con el independentismo. La historia no est\u00e1 terminada, pero de momento ERC gana en su pugna con JxCat","datePublished":"2023-11-03T10:30:35+00:00","dateModified":"2023-11-03T10:51:37+00:00","mainEntityOfPage":{"@id":"https:\/\/conversesacatalunya.cat\/es\/pactos-con-el-independentismo\/"},"wordCount":1006,"commentCount":0,"image":{"@id":"https:\/\/conversesacatalunya.cat\/es\/pactos-con-el-independentismo\/#primaryimage"},"thumbnailUrl":"https:\/\/conversesacatalunya.cat\/wp-content\/uploads\/2023\/11\/pactos-independentismo.jpg","keywords":["amnistia"],"articleSection":["Punts clau del dia (ES)"],"inLanguage":"es","potentialAction":[{"@type":"CommentAction","name":"Comment","target":["https:\/\/conversesacatalunya.cat\/es\/pactos-con-el-independentismo\/#respond"]}]},{"@type":"WebPage","@id":"https:\/\/conversesacatalunya.cat\/es\/pactos-con-el-independentismo\/","url":"https:\/\/conversesacatalunya.cat\/es\/pactos-con-el-independentismo\/","name":"Los pactos con el independentismo. La historia no est\u00e1 terminada, pero de momento ERC gana en su pugna con JxCat - Converses a Catalunya","isPartOf":{"@id":"https:\/\/conversesacatalunya.cat\/#website"},"primaryImageOfPage":{"@id":"https:\/\/conversesacatalunya.cat\/es\/pactos-con-el-independentismo\/#primaryimage"},"image":{"@id":"https:\/\/conversesacatalunya.cat\/es\/pactos-con-el-independentismo\/#primaryimage"},"thumbnailUrl":"https:\/\/conversesacatalunya.cat\/wp-content\/uploads\/2023\/11\/pactos-independentismo.jpg","datePublished":"2023-11-03T10:30:35+00:00","dateModified":"2023-11-03T10:51:37+00:00","author":{"@id":"https:\/\/conversesacatalunya.cat\/#\/schema\/person\/311d0bf53def217d5124c78a7bc42275"},"description":"Pactos con el independentismo. Es evidente que en el \u00faltimo momento ERC ha hecho el sorpasso de notoriedad en JxCat","breadcrumb":{"@id":"https:\/\/conversesacatalunya.cat\/es\/pactos-con-el-independentismo\/#breadcrumb"},"inLanguage":"es","potentialAction":[{"@type":"ReadAction","target":["https:\/\/conversesacatalunya.cat\/es\/pactos-con-el-independentismo\/"]}]},{"@type":"ImageObject","inLanguage":"es","@id":"https:\/\/conversesacatalunya.cat\/es\/pactos-con-el-independentismo\/#primaryimage","url":"https:\/\/conversesacatalunya.cat\/wp-content\/uploads\/2023\/11\/pactos-independentismo.jpg","contentUrl":"https:\/\/conversesacatalunya.cat\/wp-content\/uploads\/2023\/11\/pactos-independentismo.jpg","width":724,"height":487,"caption":"pactos independentismo"},{"@type":"BreadcrumbList","@id":"https:\/\/conversesacatalunya.cat\/es\/pactos-con-el-independentismo\/#breadcrumb","itemListElement":[{"@type":"ListItem","position":1,"name":"Inici","item":"https:\/\/conversesacatalunya.cat\/es\/"},{"@type":"ListItem","position":2,"name":"Los pactos con el independentismo. La historia no est\u00e1 terminada, pero de momento ERC gana en su pugna con JxCat"}]},{"@type":"WebSite","@id":"https:\/\/conversesacatalunya.cat\/#website","url":"https:\/\/conversesacatalunya.cat\/","name":"Converses a Catalunya","description":"","potentialAction":[{"@type":"SearchAction","target":{"@type":"EntryPoint","urlTemplate":"https:\/\/conversesacatalunya.cat\/?s={search_term_string}"},"query-input":{"@type":"PropertyValueSpecification","valueRequired":true,"valueName":"search_term_string"}}],"inLanguage":"es"},{"@type":"Person","@id":"https:\/\/conversesacatalunya.cat\/#\/schema\/person\/311d0bf53def217d5124c78a7bc42275","name":"Joan Masip","image":{"@type":"ImageObject","inLanguage":"es","@id":"https:\/\/conversesacatalunya.cat\/#\/schema\/person\/image\/","url":"https:\/\/conversesacatalunya.cat\/wp-content\/litespeed\/avatar\/fa67b994763cff7d443f54b63ec96481.jpg?ver=1777372547","contentUrl":"https:\/\/conversesacatalunya.cat\/wp-content\/litespeed\/avatar\/fa67b994763cff7d443f54b63ec96481.jpg?ver=1777372547","caption":"Joan Masip"},"url":"https:\/\/conversesacatalunya.cat\/es\/author\/joan-masip\/"}]}},"wps_subtitle":"Es evidente que en el \u00faltimo momento ERC ha hecho el sorpasso de notoriedad a JxCat","_links":{"self":[{"href":"https:\/\/conversesacatalunya.cat\/es\/wp-json\/wp\/v2\/posts\/72209","targetHints":{"allow":["GET"]}}],"collection":[{"href":"https:\/\/conversesacatalunya.cat\/es\/wp-json\/wp\/v2\/posts"}],"about":[{"href":"https:\/\/conversesacatalunya.cat\/es\/wp-json\/wp\/v2\/types\/post"}],"author":[{"embeddable":true,"href":"https:\/\/conversesacatalunya.cat\/es\/wp-json\/wp\/v2\/users\/78"}],"replies":[{"embeddable":true,"href":"https:\/\/conversesacatalunya.cat\/es\/wp-json\/wp\/v2\/comments?post=72209"}],"version-history":[{"count":3,"href":"https:\/\/conversesacatalunya.cat\/es\/wp-json\/wp\/v2\/posts\/72209\/revisions"}],"predecessor-version":[{"id":72217,"href":"https:\/\/conversesacatalunya.cat\/es\/wp-json\/wp\/v2\/posts\/72209\/revisions\/72217"}],"wp:featuredmedia":[{"embeddable":true,"href":"https:\/\/conversesacatalunya.cat\/es\/wp-json\/wp\/v2\/media\/72210"}],"wp:attachment":[{"href":"https:\/\/conversesacatalunya.cat\/es\/wp-json\/wp\/v2\/media?parent=72209"}],"wp:term":[{"taxonomy":"category","embeddable":true,"href":"https:\/\/conversesacatalunya.cat\/es\/wp-json\/wp\/v2\/categories?post=72209"},{"taxonomy":"post_tag","embeddable":true,"href":"https:\/\/conversesacatalunya.cat\/es\/wp-json\/wp\/v2\/tags?post=72209"}],"curies":[{"name":"wp","href":"https:\/\/api.w.org\/{rel}","templated":true}]}}