{"id":72112,"date":"2023-10-31T09:54:19","date_gmt":"2023-10-31T08:54:19","guid":{"rendered":"https:\/\/conversesacatalunya.cat\/guerra-ucraina-estancat\/"},"modified":"2023-10-31T10:22:12","modified_gmt":"2023-10-31T09:22:12","slug":"guerra-ucrania-estancada","status":"publish","type":"post","link":"https:\/\/conversesacatalunya.cat\/es\/guerra-ucrania-estancada\/","title":{"rendered":"La guerra de Ucrania se ha estancado. \u00bfY ahora qu\u00e9?"},"content":{"rendered":"<p><span>La gran esperanza de Kiev y de los gobiernos europeos era que el conflicto b\u00e9lico en Ucrania tuviera una resoluci\u00f3n r\u00e1pida a favor de ese pa\u00eds.<\/span><\/p>\n<p><span>Para conseguirlo, y una vez descartada la v\u00eda diplom\u00e1tica, la principal v\u00eda era\u00a0<\/span><strong><span>la contraofensiva ucraniana de primavera<\/span><\/strong><span>.<\/span><\/p>\n<h4><span>Principales operaciones militares de primavera-verano<\/span><\/h4>\n<p><span>El plan ucraniano reposaba en tres factores clave: el equipamiento relativamente moderno enviado por Occidente, el entrenamiento masivo de los ucranianos reclutados durante el primer a\u00f1o de guerra (y que tambi\u00e9n cont\u00f3 con una participaci\u00f3n occidental importante), y el asesoramiento y la inteligencia facilitadas por Estados Unidos.<\/span><\/p>\n<p><span>Sin embargo, los ataques ucranianos que empezaron a inicios de junio pronto demostraron ser un\u00a0<\/span><strong><span>fracaso operacional<\/span><\/strong><span> y Ucrania perdi\u00f3 algunas de sus mejores unidades intentando perforar sin \u00e9xito las l\u00edneas de defensa rusas en el sureste del pa\u00eds.<\/span><\/p>\n<p><span>Desde finales de junio,\u00a0<\/span><strong><span>Ucrania ha tenido que rebajar dr\u00e1sticamente sus ambiciones militares<\/span><\/strong><span>.\u00a0Sus progresos sobre el terreno se resumieron en la captura de varias poblaciones menores y en la perforaci\u00f3n parcial de la l\u00ednea principal rusa, sin conseguir romperla.<\/span><\/p>\n<p><span>Rusia por su parte ha contestado con\u00a0<\/span><strong><span>ataques secundarios en el noreste<\/span><\/strong><span>, que tambi\u00e9n se han saldado con progresos nada significativos.<\/span><\/p>\n<p><span>El \u00fanico frente en el que la guerra ha tomado un cambio de rumbo desde la contraofensiva ucraniana ha sido en el <\/span><strong><span>teatro de operaciones del mar Negro<\/span><\/strong><span>.\u00a0Ucrania ha logrado con cierta pericia romper el bloqueo naval ruso y hacer que\u00a0<\/span><a href=\"https:\/\/www.reuters.com\/world\/europe\/twelve-more-vessels-enter-black-sea-corridor-towards-ukrainian-ports-navy-2023-10-04\/\" target=\"_blank\" rel=\"noopener\"><span>por primera vez<\/span><\/a><span>\u00a0desde el comienzo de la guerra barcos mercantes puedan cargar y descargar en sus puertos, independiz\u00e1ndose de los acuerdos del grano con Mosc\u00fa.<\/span><\/p>\n<h4><span>Guerra de maniobras, guerra de posiciones y guerra de desgaste<\/span><\/h4>\n<p><span>Sin embargo, los analistas militares apuntan ya que el conflicto ha adoptado un car\u00e1cter nuevo, de\u00a0<\/span><strong><span>guerra de posiciones<\/span><\/strong><span>.<\/span><\/p>\n<p><span>En contraposici\u00f3n con la\u00a0<\/span><strong><span>guerra de maniobras<\/span><\/strong><span>\u00a0que hab\u00eda predominado durante la ofensiva inicial rusa y la contraofensiva ucraniana de finales de verano de 2022, la guerra de posiciones se caracteriza por la incapacidad de ning\u00fan bando de realizar avances significativos sobre el terreno.\u00a0Tambi\u00e9n se vincula con la fortificaci\u00f3n del frente y con cierto empate t\u00e9cnico de las fuerzas enfrentadas.<\/span><\/p>\n<p><span>Algunos estudiosos militares hablan del\u00a0<\/span><strong><span>equilibrio entre el armamento defensivo (por ejemplo, la artiller\u00eda) y el ofensivo (por ejemplo, los carros de combate)<\/span><\/strong><span>.\u00a0En las circunstancias del actual conflicto b\u00e9lico el segundo habr\u00eda demostrado ser superior al primero, fomentando por tanto las estrategias basadas en la defensa y el mantenimiento de posiciones, e incrementando los costes de lanzar ataques hasta el punto de hacerlos inaceptables.<\/span><\/p>\n<p><span>La guerra de posiciones tiende a convertirse en una\u00a0<\/span><strong><span>guerra de desgaste<\/span><\/strong><span>, en la que los dos bandos entran en una din\u00e1mica perversa que consume recursos humanos, materiales y financieros hasta que uno de los dos los agota.<\/span><\/p>\n<p><span>La\u00a0<\/span><strong><span>Primera Guerra Mundial<\/span><\/strong><span>\u00a0es la guerra de desgaste por antonomasia y deja perfectamente en evidencia la proporci\u00f3n del desastre humano, econ\u00f3mico y social que conlleva para todos los pa\u00edses implicados, incluyendo al vencedor.\u00a0<span class=\"\">Por tanto, que el actual conflicto en Ucrania adopte sus caracter\u00edsticas es una muy mala noticia para los dos bandos.<\/span><\/span><\/p>\n<h4><span>\u00bfTiene Ucrania m\u00e1s posibilidades de perder una guerra de desgaste contra Rusia?<\/span><\/h4>\n<p><span>El debate est\u00e1 servido para saber si Rusia o Ucrania est\u00e1n mejor preparados para soportar una guerra de desgaste.<\/span><\/p>\n<p><span>Algunos analistas apuntan que\u00a0<\/span><strong><span>Ucrania tiene garantizado el apoyo militar y financiero de Europa y Estados Unidos<\/span><\/strong><span> y que, por tanto, podr\u00eda conseguir situarse en un plan tecnol\u00f3gico superior que le permita poner fin al conflicto.<\/span><\/p>\n<p><span>Esta visi\u00f3n sin embargo no tiene en cuenta varios factores clave.<\/span><\/p>\n<p><span>El primero es\u00a0<\/span><strong><span>el tiempo que deber\u00eda pasar<\/span><\/strong><span>\u00a0-durante el cual la asistencia occidental deber\u00eda ser ininterrumpida- para que Ucrania lograra situarse en una posici\u00f3n tecnol\u00f3gica suficientemente dominante.\u00a0Es en el mejor de los casos cuesti\u00f3n de un par de a\u00f1os, y eso sin tener en cuenta que Rusia tambi\u00e9n est\u00e1 modernizando a marchas forzadas su arsenal con el apoyo directo de Ir\u00e1n e indirecto de China.<\/span><\/p>\n<p><span>En segundo lugar, tampoco tiene en cuenta que\u00a0<\/span><strong><span>Rusia puede valerse econ\u00f3micamente por s\u00ed misma gracias a las exportaciones de materias primas y de energ\u00eda<\/span><\/strong><span>, mientras que Ucrania es mucho m\u00e1s dependiente de la ayuda exterior, y por tanto sensible a los cambios de rumbo pol\u00edtico extranjeros.<\/span><\/p>\n<p><span>En este sentido, si\u00a0<\/span><strong><span>la crisis econ\u00f3mica y financiera que\u00a0<\/span><a href=\"https:\/\/conversesacatalunya.cat\/es\/crisis-economia-mundial\/\" target=\"_blank\" rel=\"noopener\"><span>amenaza<\/span><\/a><span>\u00a0a Occidente<\/span><\/strong><span>\u00a0acaba llegando en los pr\u00f3ximos meses, Ucrania podr\u00eda verse progresivamente privada de los recursos que necesita para proseguir la guerra.<\/span><\/p>\n<p><span><span class=\"VIpgJd-yAWNEb-VIpgJd-fmcmS-sn54Q\">En tercer lugar,\u00a0<\/span><\/span><strong><span><span class=\"VIpgJd-yAWNEb-VIpgJd-fmcmS-sn54Q\">la demograf\u00eda juega claramente contra Ucrania<\/span><\/span><\/strong><span><span class=\"VIpgJd-yAWNEb-VIpgJd-fmcmS-sn54Q\">: el pa\u00eds es menos de un tercio de Rusia, pero es que adem\u00e1s su tasa de fertilidad es sensiblemente menor y sufre desde hace a\u00f1os un aut\u00e9ntico \u00e9xodo de poblaci\u00f3n\u00a0<\/span><\/span><a href=\"https:\/\/conversesacatalunya.cat\/es\/rusia-ucrania-la-guerra-demografica\/\" target=\"_blank\" rel=\"noopener\"><span><span class=\"VIpgJd-yAWNEb-VIpgJd-fmcmS-sn54Q\">hacia<\/span><\/span><\/a><span><span class=\"VIpgJd-yAWNEb-VIpgJd-fmcmS-sn54Q\">\u00a0los pa\u00edses de Europa central y del oeste, que la guerra ha acelerado a\u00fan m\u00e1s.<\/span><\/span><\/p>\n<p><span>En definitiva, una guerra de desgaste sit\u00faa tanto a Kiev y Mosc\u00fa en el peor escenario posible.\u00a0Sin embargo, en principio esta penaliza comparativamente m\u00e1s a Ucrania.\u00a0Por su parte, Occidente y Europa en particular deben ser\u00a0<\/span><a href=\"https:\/\/conversesacatalunya.cat\/es\/la-guerra-de-ucrania-y-el-fracaso-de-la-ue\/\" target=\"_blank\" rel=\"noopener\"><span>conscientes<\/span><\/a><span>\u00a0de que el precio por mantener su posici\u00f3n favorable a la v\u00eda militar podr\u00eda resultar\u00a0<\/span><strong><span>inasumible<\/span><\/strong><span>.<\/span><\/p>\n<div id=\"polls-215\" class=\"wp-polls\">\n\t<form id=\"polls_form_215\" class=\"wp-polls-form\" action=\"\/index.php\" method=\"post\">\n\t\t<p style=\"display: none;\"><input type=\"hidden\" id=\"poll_215_nonce\" name=\"wp-polls-nonce\" value=\"8a6f422336\" \/><\/p>\n\t\t<p style=\"display: none;\"><input type=\"hidden\" name=\"poll_id\" value=\"215\" \/><\/p>\n\t\t<p style=\"text-align: center\"><strong>Creus que Pedro S\u00e1nchez ser\u00e0 investit president del govern espanyol?<\/strong><\/p><div id=\"polls-215-ans\" class=\"wp-polls-ans\"><ul class=\"wp-polls-ul\">\n\t\t<li><input type=\"radio\" id=\"poll-answer-598\" name=\"poll_215\" value=\"598\" \/> <label for=\"poll-answer-598\">S\u00ed<\/label><\/li>\n\t\t<li><input type=\"radio\" id=\"poll-answer-599\" name=\"poll_215\" value=\"599\" \/> <label for=\"poll-answer-599\">No<\/label><\/li>\n\t\t<li><input type=\"radio\" id=\"poll-answer-600\" name=\"poll_215\" value=\"600\" \/> <label for=\"poll-answer-600\">No ho s\u00e9<\/label><\/li>\n\t\t<\/ul><p style=\"text-align: center\"><input type=\"button\" name=\"vote\" value=\"   Vota   \" class=\"Buttons\" onclick=\"poll_vote(215);\" \/><\/p><p style=\"text-align: center\"><a href=\"#ViewPollResults\" onclick=\"poll_result(215); return false;\" title=\"View Results Of This Poll\">Mira els resultats<\/a><\/p><\/div>\n\t<\/form>\n<\/div>\n<div id=\"polls-215-loading\" class=\"wp-polls-loading\"><img decoding=\"async\" data-src=\"https:\/\/conversesacatalunya.cat\/wp-content\/plugins\/wp-polls\/images\/loading.gif\" width=\"16\" height=\"16\" alt=\"Cargando ...\" title=\"Cargando ...\" class=\"wp-polls-image lazyload\" src=\"data:image\/svg+xml;base64,PHN2ZyB3aWR0aD0iMSIgaGVpZ2h0PSIxIiB4bWxucz0iaHR0cDovL3d3dy53My5vcmcvMjAwMC9zdmciPjwvc3ZnPg==\" style=\"--smush-placeholder-width: 16px; --smush-placeholder-aspect-ratio: 16\/16;\" \/>&nbsp;Cargando ...<\/div>\n\n","protected":false},"excerpt":{"rendered":"<p>La gran esperanza de Kiev y de los gobiernos europeos era que el conflicto b\u00e9lico en Ucrania tuviera una resoluci\u00f3n r\u00e1pida a favor de ese pa\u00eds. Para conseguirlo, y una vez descartada la v\u00eda diplom\u00e1tica, la principal v\u00eda era\u00a0la contraofensiva ucraniana de primavera. Principales operaciones militares de primavera-verano El plan ucraniano reposaba en tres factores clave: el equipamiento relativamente moderno enviado por Occidente, el entrenamiento masivo de los ucranianos reclutados durante el primer a\u00f1o de guerra (y que tambi\u00e9n cont\u00f3 con una participaci\u00f3n occidental importante), y el asesoramiento y la inteligencia facilitadas por Estados Unidos. Sin embargo, los ataques ucranianos que empezaron a inicios de junio pronto demostraron ser un\u00a0fracaso operacional y Ucrania perdi\u00f3 algunas de sus mejores unidades intentando perforar sin \u00e9xito las l\u00edneas de defensa rusas en el sureste del pa\u00eds. Desde finales de junio,\u00a0Ucrania ha tenido que rebajar dr\u00e1sticamente sus ambiciones militares.\u00a0Sus progresos sobre el terreno se resumieron en la captura de varias poblaciones menores y en la perforaci\u00f3n parcial de la l\u00ednea principal rusa, sin conseguir romperla. Rusia por su parte ha contestado con\u00a0ataques secundarios en el noreste, que tambi\u00e9n se han saldado con progresos nada significativos. El \u00fanico frente en el que la guerra ha tomado un cambio de rumbo desde la contraofensiva ucraniana ha sido en el teatro de operaciones del mar Negro.\u00a0Ucrania ha logrado con cierta pericia romper el bloqueo naval ruso y hacer que\u00a0por primera vez\u00a0desde el comienzo de la guerra barcos mercantes puedan cargar y descargar en sus puertos, independiz\u00e1ndose de los acuerdos del grano con Mosc\u00fa. Guerra de maniobras, guerra de posiciones y guerra de desgaste Sin embargo, los analistas militares apuntan ya que el conflicto ha adoptado un car\u00e1cter nuevo, de\u00a0guerra de posiciones. En contraposici\u00f3n con la\u00a0guerra de maniobras\u00a0que hab\u00eda predominado durante la ofensiva inicial rusa y la contraofensiva ucraniana de finales de verano de 2022, la guerra de posiciones se caracteriza por la incapacidad de ning\u00fan bando de realizar avances significativos sobre el terreno.\u00a0Tambi\u00e9n se vincula con la fortificaci\u00f3n del frente y con cierto empate t\u00e9cnico de las fuerzas enfrentadas. Algunos estudiosos militares hablan del\u00a0equilibrio entre el armamento defensivo (por ejemplo, la artiller\u00eda) y el ofensivo (por ejemplo, los carros de combate).\u00a0En las circunstancias del actual conflicto b\u00e9lico el segundo habr\u00eda demostrado ser superior al primero, fomentando por tanto las estrategias basadas en la defensa y el mantenimiento de posiciones, e incrementando los costes de lanzar ataques hasta el punto de hacerlos inaceptables. La guerra de posiciones tiende a convertirse en una\u00a0guerra de desgaste, en la que los dos bandos entran en una din\u00e1mica perversa que consume recursos humanos, materiales y financieros hasta que uno de los dos los agota. La\u00a0Primera Guerra Mundial\u00a0es la guerra de desgaste por antonomasia y deja perfectamente en evidencia la proporci\u00f3n del desastre humano, econ\u00f3mico y social que conlleva para todos los pa\u00edses implicados, incluyendo al vencedor.\u00a0Por tanto, que el actual conflicto en Ucrania adopte sus caracter\u00edsticas es una muy mala noticia para los dos bandos. \u00bfTiene Ucrania m\u00e1s posibilidades de perder una guerra de desgaste contra Rusia? El debate est\u00e1 servido para saber si Rusia o Ucrania est\u00e1n mejor preparados para soportar una guerra de desgaste. Algunos analistas apuntan que\u00a0Ucrania tiene garantizado el apoyo militar y financiero de Europa y Estados Unidos y que, por tanto, podr\u00eda conseguir situarse en un plan tecnol\u00f3gico superior que le permita poner fin al conflicto. Esta visi\u00f3n sin embargo no tiene en cuenta varios factores clave. El primero es\u00a0el tiempo que deber\u00eda pasar\u00a0-durante el cual la asistencia occidental deber\u00eda ser ininterrumpida- para que Ucrania lograra situarse en una posici\u00f3n tecnol\u00f3gica suficientemente dominante.\u00a0Es en el mejor de los casos cuesti\u00f3n de un par de a\u00f1os, y eso sin tener en cuenta que Rusia tambi\u00e9n est\u00e1 modernizando a marchas forzadas su arsenal con el apoyo directo de Ir\u00e1n e indirecto de China. En segundo lugar, tampoco tiene en cuenta que\u00a0Rusia puede valerse econ\u00f3micamente por s\u00ed misma gracias a las exportaciones de materias primas y de energ\u00eda, mientras que Ucrania es mucho m\u00e1s dependiente de la ayuda exterior, y por tanto sensible a los cambios de rumbo pol\u00edtico extranjeros. En este sentido, si\u00a0la crisis econ\u00f3mica y financiera que\u00a0amenaza\u00a0a Occidente\u00a0acaba llegando en los pr\u00f3ximos meses, Ucrania podr\u00eda verse progresivamente privada de los recursos que necesita para proseguir la guerra. En tercer lugar,\u00a0la demograf\u00eda juega claramente contra Ucrania: el pa\u00eds es menos de un tercio de Rusia, pero es que adem\u00e1s su tasa de fertilidad es sensiblemente menor y sufre desde hace a\u00f1os un aut\u00e9ntico \u00e9xodo de poblaci\u00f3n\u00a0hacia\u00a0los pa\u00edses de Europa central y del oeste, que la guerra ha acelerado a\u00fan m\u00e1s. En definitiva, una guerra de desgaste sit\u00faa tanto a Kiev y Mosc\u00fa en el peor escenario posible.\u00a0Sin embargo, en principio esta penaliza comparativamente m\u00e1s a Ucrania.\u00a0Por su parte, Occidente y Europa en particular deben ser\u00a0conscientes\u00a0de que el precio por mantener su posici\u00f3n favorable a la v\u00eda militar podr\u00eda resultar\u00a0inasumible.<\/p>\n","protected":false},"author":75,"featured_media":72021,"comment_status":"open","ping_status":"open","sticky":false,"template":"","format":"standard","meta":{"_FSMCFIC_featured_image_caption":"","_FSMCFIC_featured_image_nocaption":"","_FSMCFIC_featured_image_hide":"","footnotes":""},"categories":[806],"tags":[3189,1875,1092,1306,1310],"class_list":["post-72112","post","type-post","status-publish","format-standard","has-post-thumbnail","hentry","category-punts-claus-del-dia-es","tag-guerra-es","tag-occident-es","tag-russia-es","tag-ucraina-es","tag-ucrania"],"yoast_head":"<!-- This site is optimized with the Yoast SEO plugin v26.8 - https:\/\/yoast.com\/product\/yoast-seo-wordpress\/ -->\n<title>La guerra de Ucrania se ha estancado. \u00bfY ahora qu\u00e9? - Converses a Catalunya<\/title>\n<meta name=\"description\" content=\"Repasamos las principales operaciones militares de los \u00faltimos meses y apuntamos las perspectivas de evoluci\u00f3n del conflicto b\u00e9lico convertido en una guerra de desgaste\" \/>\n<meta name=\"robots\" content=\"index, follow, max-snippet:-1, max-image-preview:large, max-video-preview:-1\" \/>\n<link rel=\"canonical\" href=\"https:\/\/conversesacatalunya.cat\/es\/guerra-ucrania-estancada\/\" \/>\n<meta property=\"og:locale\" content=\"es_ES\" \/>\n<meta property=\"og:type\" content=\"article\" \/>\n<meta property=\"og:title\" content=\"La guerra de Ucrania se ha estancado. \u00bfY ahora qu\u00e9? - Converses a Catalunya\" \/>\n<meta property=\"og:description\" content=\"Repasamos las principales operaciones militares de los \u00faltimos meses y apuntamos las perspectivas de evoluci\u00f3n del conflicto b\u00e9lico convertido en una guerra de desgaste\" \/>\n<meta property=\"og:url\" content=\"https:\/\/conversesacatalunya.cat\/es\/guerra-ucrania-estancada\/\" \/>\n<meta property=\"og:site_name\" content=\"Converses a Catalunya\" \/>\n<meta property=\"article:published_time\" content=\"2023-10-31T08:54:19+00:00\" \/>\n<meta property=\"article:modified_time\" content=\"2023-10-31T09:22:12+00:00\" \/>\n<meta property=\"og:image\" content=\"https:\/\/conversesacatalunya.cat\/wp-content\/uploads\/2023\/10\/1x-1.jpg\" \/>\n\t<meta property=\"og:image:width\" content=\"2000\" \/>\n\t<meta property=\"og:image:height\" content=\"1333\" \/>\n\t<meta property=\"og:image:type\" content=\"image\/jpeg\" \/>\n<meta name=\"author\" content=\"Carles L\u00f3pez\" \/>\n<meta name=\"twitter:card\" content=\"summary_large_image\" \/>\n<meta name=\"twitter:label1\" content=\"Escrito por\" \/>\n\t<meta name=\"twitter:data1\" content=\"Carles L\u00f3pez\" \/>\n\t<meta name=\"twitter:label2\" content=\"Tiempo de lectura\" \/>\n\t<meta name=\"twitter:data2\" content=\"5 minutos\" \/>\n<script type=\"application\/ld+json\" class=\"yoast-schema-graph\">{\"@context\":\"https:\/\/schema.org\",\"@graph\":[{\"@type\":\"Article\",\"@id\":\"https:\/\/conversesacatalunya.cat\/es\/guerra-ucrania-estancada\/#article\",\"isPartOf\":{\"@id\":\"https:\/\/conversesacatalunya.cat\/es\/guerra-ucrania-estancada\/\"},\"author\":{\"name\":\"Carles L\u00f3pez\",\"@id\":\"https:\/\/conversesacatalunya.cat\/#\/schema\/person\/3ce2ab16c0a3803086d80722c7cad56a\"},\"headline\":\"La guerra de Ucrania se ha estancado. \u00bfY ahora qu\u00e9?\",\"datePublished\":\"2023-10-31T08:54:19+00:00\",\"dateModified\":\"2023-10-31T09:22:12+00:00\",\"mainEntityOfPage\":{\"@id\":\"https:\/\/conversesacatalunya.cat\/es\/guerra-ucrania-estancada\/\"},\"wordCount\":922,\"commentCount\":0,\"image\":{\"@id\":\"https:\/\/conversesacatalunya.cat\/es\/guerra-ucrania-estancada\/#primaryimage\"},\"thumbnailUrl\":\"https:\/\/conversesacatalunya.cat\/wp-content\/uploads\/2023\/10\/1x-1.jpg\",\"keywords\":[\"guerra\",\"Occident\",\"R\u00fassia\",\"Ucra\u00efna\",\"Ucrania\"],\"articleSection\":[\"Punts clau del dia (ES)\"],\"inLanguage\":\"es\",\"potentialAction\":[{\"@type\":\"CommentAction\",\"name\":\"Comment\",\"target\":[\"https:\/\/conversesacatalunya.cat\/es\/guerra-ucrania-estancada\/#respond\"]}]},{\"@type\":\"WebPage\",\"@id\":\"https:\/\/conversesacatalunya.cat\/es\/guerra-ucrania-estancada\/\",\"url\":\"https:\/\/conversesacatalunya.cat\/es\/guerra-ucrania-estancada\/\",\"name\":\"La guerra de Ucrania se ha estancado. \u00bfY ahora qu\u00e9? - Converses a Catalunya\",\"isPartOf\":{\"@id\":\"https:\/\/conversesacatalunya.cat\/#website\"},\"primaryImageOfPage\":{\"@id\":\"https:\/\/conversesacatalunya.cat\/es\/guerra-ucrania-estancada\/#primaryimage\"},\"image\":{\"@id\":\"https:\/\/conversesacatalunya.cat\/es\/guerra-ucrania-estancada\/#primaryimage\"},\"thumbnailUrl\":\"https:\/\/conversesacatalunya.cat\/wp-content\/uploads\/2023\/10\/1x-1.jpg\",\"datePublished\":\"2023-10-31T08:54:19+00:00\",\"dateModified\":\"2023-10-31T09:22:12+00:00\",\"author\":{\"@id\":\"https:\/\/conversesacatalunya.cat\/#\/schema\/person\/3ce2ab16c0a3803086d80722c7cad56a\"},\"description\":\"Repasamos las principales operaciones militares de los \u00faltimos meses y apuntamos las perspectivas de evoluci\u00f3n del conflicto b\u00e9lico convertido en una guerra de desgaste\",\"breadcrumb\":{\"@id\":\"https:\/\/conversesacatalunya.cat\/es\/guerra-ucrania-estancada\/#breadcrumb\"},\"inLanguage\":\"es\",\"potentialAction\":[{\"@type\":\"ReadAction\",\"target\":[\"https:\/\/conversesacatalunya.cat\/es\/guerra-ucrania-estancada\/\"]}]},{\"@type\":\"ImageObject\",\"inLanguage\":\"es\",\"@id\":\"https:\/\/conversesacatalunya.cat\/es\/guerra-ucrania-estancada\/#primaryimage\",\"url\":\"https:\/\/conversesacatalunya.cat\/wp-content\/uploads\/2023\/10\/1x-1.jpg\",\"contentUrl\":\"https:\/\/conversesacatalunya.cat\/wp-content\/uploads\/2023\/10\/1x-1.jpg\",\"width\":2000,\"height\":1333},{\"@type\":\"BreadcrumbList\",\"@id\":\"https:\/\/conversesacatalunya.cat\/es\/guerra-ucrania-estancada\/#breadcrumb\",\"itemListElement\":[{\"@type\":\"ListItem\",\"position\":1,\"name\":\"Inici\",\"item\":\"https:\/\/conversesacatalunya.cat\/es\/\"},{\"@type\":\"ListItem\",\"position\":2,\"name\":\"La guerra de Ucrania se ha estancado. \u00bfY ahora qu\u00e9?\"}]},{\"@type\":\"WebSite\",\"@id\":\"https:\/\/conversesacatalunya.cat\/#website\",\"url\":\"https:\/\/conversesacatalunya.cat\/\",\"name\":\"Converses a Catalunya\",\"description\":\"\",\"potentialAction\":[{\"@type\":\"SearchAction\",\"target\":{\"@type\":\"EntryPoint\",\"urlTemplate\":\"https:\/\/conversesacatalunya.cat\/?s={search_term_string}\"},\"query-input\":{\"@type\":\"PropertyValueSpecification\",\"valueRequired\":true,\"valueName\":\"search_term_string\"}}],\"inLanguage\":\"es\"},{\"@type\":\"Person\",\"@id\":\"https:\/\/conversesacatalunya.cat\/#\/schema\/person\/3ce2ab16c0a3803086d80722c7cad56a\",\"name\":\"Carles L\u00f3pez\",\"image\":{\"@type\":\"ImageObject\",\"inLanguage\":\"es\",\"@id\":\"https:\/\/conversesacatalunya.cat\/#\/schema\/person\/image\/\",\"url\":\"https:\/\/conversesacatalunya.cat\/wp-content\/litespeed\/avatar\/4891585caf2896e97846ab77f06edcf2.jpg?ver=1777091173\",\"contentUrl\":\"https:\/\/conversesacatalunya.cat\/wp-content\/litespeed\/avatar\/4891585caf2896e97846ab77f06edcf2.jpg?ver=1777091173\",\"caption\":\"Carles L\u00f3pez\"},\"url\":\"https:\/\/conversesacatalunya.cat\/es\/author\/carles-lopez\/\"}]}<\/script>\n<!-- \/ Yoast SEO plugin. -->","yoast_head_json":{"title":"La guerra de Ucrania se ha estancado. \u00bfY ahora qu\u00e9? - Converses a Catalunya","description":"Repasamos las principales operaciones militares de los \u00faltimos meses y apuntamos las perspectivas de evoluci\u00f3n del conflicto b\u00e9lico convertido en una guerra de desgaste","robots":{"index":"index","follow":"follow","max-snippet":"max-snippet:-1","max-image-preview":"max-image-preview:large","max-video-preview":"max-video-preview:-1"},"canonical":"https:\/\/conversesacatalunya.cat\/es\/guerra-ucrania-estancada\/","og_locale":"es_ES","og_type":"article","og_title":"La guerra de Ucrania se ha estancado. \u00bfY ahora qu\u00e9? - Converses a Catalunya","og_description":"Repasamos las principales operaciones militares de los \u00faltimos meses y apuntamos las perspectivas de evoluci\u00f3n del conflicto b\u00e9lico convertido en una guerra de desgaste","og_url":"https:\/\/conversesacatalunya.cat\/es\/guerra-ucrania-estancada\/","og_site_name":"Converses a Catalunya","article_published_time":"2023-10-31T08:54:19+00:00","article_modified_time":"2023-10-31T09:22:12+00:00","og_image":[{"width":2000,"height":1333,"url":"https:\/\/conversesacatalunya.cat\/wp-content\/uploads\/2023\/10\/1x-1.jpg","type":"image\/jpeg"}],"author":"Carles L\u00f3pez","twitter_card":"summary_large_image","twitter_misc":{"Escrito por":"Carles L\u00f3pez","Tiempo de lectura":"5 minutos"},"schema":{"@context":"https:\/\/schema.org","@graph":[{"@type":"Article","@id":"https:\/\/conversesacatalunya.cat\/es\/guerra-ucrania-estancada\/#article","isPartOf":{"@id":"https:\/\/conversesacatalunya.cat\/es\/guerra-ucrania-estancada\/"},"author":{"name":"Carles L\u00f3pez","@id":"https:\/\/conversesacatalunya.cat\/#\/schema\/person\/3ce2ab16c0a3803086d80722c7cad56a"},"headline":"La guerra de Ucrania se ha estancado. \u00bfY ahora qu\u00e9?","datePublished":"2023-10-31T08:54:19+00:00","dateModified":"2023-10-31T09:22:12+00:00","mainEntityOfPage":{"@id":"https:\/\/conversesacatalunya.cat\/es\/guerra-ucrania-estancada\/"},"wordCount":922,"commentCount":0,"image":{"@id":"https:\/\/conversesacatalunya.cat\/es\/guerra-ucrania-estancada\/#primaryimage"},"thumbnailUrl":"https:\/\/conversesacatalunya.cat\/wp-content\/uploads\/2023\/10\/1x-1.jpg","keywords":["guerra","Occident","R\u00fassia","Ucra\u00efna","Ucrania"],"articleSection":["Punts clau del dia (ES)"],"inLanguage":"es","potentialAction":[{"@type":"CommentAction","name":"Comment","target":["https:\/\/conversesacatalunya.cat\/es\/guerra-ucrania-estancada\/#respond"]}]},{"@type":"WebPage","@id":"https:\/\/conversesacatalunya.cat\/es\/guerra-ucrania-estancada\/","url":"https:\/\/conversesacatalunya.cat\/es\/guerra-ucrania-estancada\/","name":"La guerra de Ucrania se ha estancado. \u00bfY ahora qu\u00e9? - Converses a Catalunya","isPartOf":{"@id":"https:\/\/conversesacatalunya.cat\/#website"},"primaryImageOfPage":{"@id":"https:\/\/conversesacatalunya.cat\/es\/guerra-ucrania-estancada\/#primaryimage"},"image":{"@id":"https:\/\/conversesacatalunya.cat\/es\/guerra-ucrania-estancada\/#primaryimage"},"thumbnailUrl":"https:\/\/conversesacatalunya.cat\/wp-content\/uploads\/2023\/10\/1x-1.jpg","datePublished":"2023-10-31T08:54:19+00:00","dateModified":"2023-10-31T09:22:12+00:00","author":{"@id":"https:\/\/conversesacatalunya.cat\/#\/schema\/person\/3ce2ab16c0a3803086d80722c7cad56a"},"description":"Repasamos las principales operaciones militares de los \u00faltimos meses y apuntamos las perspectivas de evoluci\u00f3n del conflicto b\u00e9lico convertido en una guerra de desgaste","breadcrumb":{"@id":"https:\/\/conversesacatalunya.cat\/es\/guerra-ucrania-estancada\/#breadcrumb"},"inLanguage":"es","potentialAction":[{"@type":"ReadAction","target":["https:\/\/conversesacatalunya.cat\/es\/guerra-ucrania-estancada\/"]}]},{"@type":"ImageObject","inLanguage":"es","@id":"https:\/\/conversesacatalunya.cat\/es\/guerra-ucrania-estancada\/#primaryimage","url":"https:\/\/conversesacatalunya.cat\/wp-content\/uploads\/2023\/10\/1x-1.jpg","contentUrl":"https:\/\/conversesacatalunya.cat\/wp-content\/uploads\/2023\/10\/1x-1.jpg","width":2000,"height":1333},{"@type":"BreadcrumbList","@id":"https:\/\/conversesacatalunya.cat\/es\/guerra-ucrania-estancada\/#breadcrumb","itemListElement":[{"@type":"ListItem","position":1,"name":"Inici","item":"https:\/\/conversesacatalunya.cat\/es\/"},{"@type":"ListItem","position":2,"name":"La guerra de Ucrania se ha estancado. \u00bfY ahora qu\u00e9?"}]},{"@type":"WebSite","@id":"https:\/\/conversesacatalunya.cat\/#website","url":"https:\/\/conversesacatalunya.cat\/","name":"Converses a Catalunya","description":"","potentialAction":[{"@type":"SearchAction","target":{"@type":"EntryPoint","urlTemplate":"https:\/\/conversesacatalunya.cat\/?s={search_term_string}"},"query-input":{"@type":"PropertyValueSpecification","valueRequired":true,"valueName":"search_term_string"}}],"inLanguage":"es"},{"@type":"Person","@id":"https:\/\/conversesacatalunya.cat\/#\/schema\/person\/3ce2ab16c0a3803086d80722c7cad56a","name":"Carles L\u00f3pez","image":{"@type":"ImageObject","inLanguage":"es","@id":"https:\/\/conversesacatalunya.cat\/#\/schema\/person\/image\/","url":"https:\/\/conversesacatalunya.cat\/wp-content\/litespeed\/avatar\/4891585caf2896e97846ab77f06edcf2.jpg?ver=1777091173","contentUrl":"https:\/\/conversesacatalunya.cat\/wp-content\/litespeed\/avatar\/4891585caf2896e97846ab77f06edcf2.jpg?ver=1777091173","caption":"Carles L\u00f3pez"},"url":"https:\/\/conversesacatalunya.cat\/es\/author\/carles-lopez\/"}]}},"wps_subtitle":"Repasamos las principales operaciones militares de los \u00faltimos meses y apuntamos las perspectivas de evoluci\u00f3n del conflicto b\u00e9lico convertido en una guerra de desgaste","_links":{"self":[{"href":"https:\/\/conversesacatalunya.cat\/es\/wp-json\/wp\/v2\/posts\/72112","targetHints":{"allow":["GET"]}}],"collection":[{"href":"https:\/\/conversesacatalunya.cat\/es\/wp-json\/wp\/v2\/posts"}],"about":[{"href":"https:\/\/conversesacatalunya.cat\/es\/wp-json\/wp\/v2\/types\/post"}],"author":[{"embeddable":true,"href":"https:\/\/conversesacatalunya.cat\/es\/wp-json\/wp\/v2\/users\/75"}],"replies":[{"embeddable":true,"href":"https:\/\/conversesacatalunya.cat\/es\/wp-json\/wp\/v2\/comments?post=72112"}],"version-history":[{"count":2,"href":"https:\/\/conversesacatalunya.cat\/es\/wp-json\/wp\/v2\/posts\/72112\/revisions"}],"predecessor-version":[{"id":72114,"href":"https:\/\/conversesacatalunya.cat\/es\/wp-json\/wp\/v2\/posts\/72112\/revisions\/72114"}],"wp:featuredmedia":[{"embeddable":true,"href":"https:\/\/conversesacatalunya.cat\/es\/wp-json\/wp\/v2\/media\/72021"}],"wp:attachment":[{"href":"https:\/\/conversesacatalunya.cat\/es\/wp-json\/wp\/v2\/media?parent=72112"}],"wp:term":[{"taxonomy":"category","embeddable":true,"href":"https:\/\/conversesacatalunya.cat\/es\/wp-json\/wp\/v2\/categories?post=72112"},{"taxonomy":"post_tag","embeddable":true,"href":"https:\/\/conversesacatalunya.cat\/es\/wp-json\/wp\/v2\/tags?post=72112"}],"curies":[{"name":"wp","href":"https:\/\/api.w.org\/{rel}","templated":true}]}}