{"id":71983,"date":"2023-10-27T11:25:29","date_gmt":"2023-10-27T09:25:29","guid":{"rendered":"https:\/\/conversesacatalunya.cat\/?p=71983"},"modified":"2023-11-13T11:19:15","modified_gmt":"2023-11-13T10:19:15","slug":"el-cercle-deconomia-te-les-posicions-de-lempresariat-catala","status":"publish","type":"post","link":"https:\/\/conversesacatalunya.cat\/es\/el-cercle-deconomia-te-les-posicions-de-lempresariat-catala\/","title":{"rendered":"El C\u00edrculo de Econom\u00eda y las posiciones del empresariado catal\u00e1n"},"content":{"rendered":"<p>La \u00faltima nota del C\u00edrculo de Econom\u00eda, el formato que utiliza habitualmente para expresar sus puntos de vista (<a href=\"https:\/\/conversesacatalunya.cat\/wp-content\/uploads\/2023\/10\/Nota-dOpinio-CdE_Una-sortida-per-a-Catalunya-una-proposta-per-a-Espanya-Octubre-2023.pdf\" target=\"_blank\" rel=\"noopener\">Documento adjunto<\/a>)\u00a0tiene la virtud de que se moja interviniendo en un tema tan controvertido como es el de\u00a0<strong>la amnist\u00eda<\/strong>.\u00a0Cabe decir que su formulaci\u00f3n ha sido muy mal recibida por los medios de comunicaci\u00f3n de Madrid, que normalmente se adscriben a las posiciones de la derecha.<\/p>\n<p>Y aqu\u00ed surge un interrogante: \u00bf<strong>En qu\u00e9 medida el C\u00edrculo representa al empresariado catal\u00e1n<\/strong>?\u00a0O sus opiniones, \u00bfno van m\u00e1s all\u00e1 de un grupo selecto de personas y de sus entornos pol\u00edticos y profesionales?\u00a0Dicho esto, a\u00f1ade que la actual circunstancia ser\u00eda una buena ocasi\u00f3n para que Pimec, Foment y las C\u00e1maras de Comercio intentaran definir una posici\u00f3n conjunta sobre estas materias y, entonces, s\u00ed tendr\u00edamos claro qu\u00e9 es lo que piensan las organizaciones representativas de empresariado.<\/p>\n<p>La declaraci\u00f3n del C\u00edrculo de Econom\u00eda (CE) es muy ecl\u00e9ctica, y \u00e9sta es su caracter\u00edstica fundamental.\u00a0S\u00ed a la amnist\u00eda con importantes peros: no como contrapartida de los votos necesarios para que S\u00e1nchez pueda gobernar.\u00a0Es una posici\u00f3n adversativa a lo que busca el presidente del gobierno en funciones.<\/p>\n<p><strong>No a la declaraci\u00f3n unilateral de independencia y, en todo caso, s\u00ed a un hipot\u00e9tico refer\u00e9ndum pactado<\/strong>.\u00a0Es una posici\u00f3n contraria a la de JxCat.<\/p>\n<p><strong>S\u00ed a la amnist\u00eda basada en un acuerdo parlamentario con el PP<\/strong>.\u00a0Y esa consideraci\u00f3n discrepa notoriamente de la actual pol\u00edtica popular y tambi\u00e9n socialista porque no est\u00e1 dispuesto a llevar a cabo pacto alguno ni menos gobernar con el PP.\u00a0En contrapartida, Feij\u00f3o s\u00ed se ha manifestado dispuesto a cualquiera de las dos posibilidades citadas.<\/p>\n<p>El C\u00edrculo de econom\u00eda tambi\u00e9n incluye en su modelo lo que podr\u00edamos decir que es un cl\u00e1sico en el mejor sentido del t\u00e9rmino: mejorar la financiaci\u00f3n, m\u00e1s inversi\u00f3n para Catalu\u00f1a (y aqu\u00ed hay que subrayar el problema de su baja ejecuci\u00f3n, centrarse en gobernar la Generalitat, una carencia que dura hace a\u00f1os y a\u00f1os y est\u00e1 haciendo da\u00f1o al pa\u00eds en todos los \u00f3rdenes, no s\u00f3lo econ\u00f3mico sino por ejemplo tambi\u00e9n en el ling\u00fc\u00edstico) y reforma\u00a0<strong>del Estatut<\/strong>.\u00a0Y en este \u00faltimo punto es donde el clasicismo patina m\u00e1s porque reformar el Estatut, como ya se vio en la elaboraci\u00f3n del nuevo, es apuntarse a da\u00f1ar.<\/p>\n<p>Unos partidos, una sociedad, unas instituciones sociales, C\u00edrculo de Econom\u00eda incluido, que han sido incapaces de dotarse de una ley electoral siendo la \u00fanica comunidad aut\u00f3noma espa\u00f1ola que sufre este d\u00e9ficit, es un claro indicativo de que es mejor no poner cese a remover textos fundamentales porque la incapacidad para consensuar es notabil\u00edsima y la vocaci\u00f3n puede ser una jaula de grillos.<\/p>\n<p>Si nos limit\u00e1ramos a ejercer de verdad todas las\u00a0<strong>competencias del actual Estatuto<\/strong>, perfectamente archivado en el fondo del caj\u00f3n, y situ\u00e1ramos su mejora en la v\u00eda que en su d\u00eda se\u00f1al\u00f3 el TC;\u00a0<span class=\"VIpgJd-yAWNEb-VIpgJd-fmcmS-sn54Q\">es decir, recuperar las competencias perdidas por la sentencia del TC por medio de leyes org\u00e1nicas del estado, tendr\u00edamos m\u00e1s que suficiente para que el actual Estatut fuera muy parecido, en lo que importa, al que aprobamos en refer\u00e9ndum.<\/span><\/p>\n<p>En todo caso, el documento del C\u00edrculo de Econom\u00eda es un buen modelo en el sentido estricto del t\u00e9rmino y, por tanto, las cr\u00edticas a que no hay condiciones para que se realicen no tienen demasiada raz\u00f3n de ser porque lo que define son horizontes de <strong>sentido y, por tanto, l\u00edneas de trabajo pol\u00edtico<\/strong>.\u00a0Es un buen material si pasa de ser un brindis al sol a ser un prop\u00f3sito compartido, por ejemplo, del mundo empresarial catal\u00e1n.\u00a0Y eso, evidentemente, est\u00e1 por ver.<\/p>\n<p><a href=\"https:\/\/twitter.com\/jmiroardevol\" target=\"_blank\" rel=\"noopener\">S\u00edgueme en Twitter: @jmiroardevol<\/a><\/p>\n<p><a href=\"https:\/\/www.facebook.com\/josepmiroiardevol\" target=\"_blank\" rel=\"noopener\">S\u00edgueme en facebook<\/a><\/p>\n<div id=\"polls-214\" class=\"wp-polls\">\n\t<form id=\"polls_form_214\" class=\"wp-polls-form\" action=\"\/index.php\" method=\"post\">\n\t\t<p style=\"display: none;\"><input type=\"hidden\" id=\"poll_214_nonce\" name=\"wp-polls-nonce\" value=\"8b6cc2688c\" \/><\/p>\n\t\t<p style=\"display: none;\"><input type=\"hidden\" name=\"poll_id\" value=\"214\" \/><\/p>\n\t\t<p style=\"text-align: center\"><strong>Et sembla b\u00e9 que l'Ajuntament de Barcelona tiri endavant el tramvia per la Diagonal quan s'estan fent proves d'un tramvia que funciona sense ra\u00efls i va amb rodes de goma?<\/strong><\/p><div id=\"polls-214-ans\" class=\"wp-polls-ans\"><ul class=\"wp-polls-ul\">\n\t\t<li><input type=\"radio\" id=\"poll-answer-595\" name=\"poll_214\" value=\"595\" \/> <label for=\"poll-answer-595\">S\u00ed<\/label><\/li>\n\t\t<li><input type=\"radio\" id=\"poll-answer-596\" name=\"poll_214\" value=\"596\" \/> <label for=\"poll-answer-596\">No<\/label><\/li>\n\t\t<li><input type=\"radio\" id=\"poll-answer-597\" name=\"poll_214\" value=\"597\" \/> <label for=\"poll-answer-597\">No ho s\u00e9<\/label><\/li>\n\t\t<\/ul><p style=\"text-align: center\"><input type=\"button\" name=\"vote\" value=\"   Vota   \" class=\"Buttons\" onclick=\"poll_vote(214);\" \/><\/p><p style=\"text-align: center\"><a href=\"#ViewPollResults\" onclick=\"poll_result(214); return false;\" title=\"View Results Of This Poll\">Mira els resultats<\/a><\/p><\/div>\n\t<\/form>\n<\/div>\n<div id=\"polls-214-loading\" class=\"wp-polls-loading\"><img decoding=\"async\" data-src=\"https:\/\/conversesacatalunya.cat\/wp-content\/plugins\/wp-polls\/images\/loading.gif\" width=\"16\" height=\"16\" alt=\"Cargando ...\" title=\"Cargando ...\" class=\"wp-polls-image lazyload\" src=\"data:image\/svg+xml;base64,PHN2ZyB3aWR0aD0iMSIgaGVpZ2h0PSIxIiB4bWxucz0iaHR0cDovL3d3dy53My5vcmcvMjAwMC9zdmciPjwvc3ZnPg==\" style=\"--smush-placeholder-width: 16px; --smush-placeholder-aspect-ratio: 16\/16;\" \/>&nbsp;Cargando ...<\/div>\n\n","protected":false},"excerpt":{"rendered":"<p>La \u00faltima nota del C\u00edrculo de Econom\u00eda, el formato que utiliza habitualmente para expresar sus puntos de vista (Documento adjunto)\u00a0tiene la virtud de que se moja interviniendo en un tema tan controvertido como es el de\u00a0la amnist\u00eda.\u00a0Cabe decir que su formulaci\u00f3n ha sido muy mal recibida por los medios de comunicaci\u00f3n de Madrid, que normalmente se adscriben a las posiciones de la derecha. Y aqu\u00ed surge un interrogante: \u00bfEn qu\u00e9 medida el C\u00edrculo representa al empresariado catal\u00e1n?\u00a0O sus opiniones, \u00bfno van m\u00e1s all\u00e1 de un grupo selecto de personas y de sus entornos pol\u00edticos y profesionales?\u00a0Dicho esto, a\u00f1ade que la actual circunstancia ser\u00eda una buena ocasi\u00f3n para que Pimec, Foment y las C\u00e1maras de Comercio intentaran definir una posici\u00f3n conjunta sobre estas materias y, entonces, s\u00ed tendr\u00edamos claro qu\u00e9 es lo que piensan las organizaciones representativas de empresariado. La declaraci\u00f3n del C\u00edrculo de Econom\u00eda (CE) es muy ecl\u00e9ctica, y \u00e9sta es su caracter\u00edstica fundamental.\u00a0S\u00ed a la amnist\u00eda con importantes peros: no como contrapartida de los votos necesarios para que S\u00e1nchez pueda gobernar.\u00a0Es una posici\u00f3n adversativa a lo que busca el presidente del gobierno en funciones. No a la declaraci\u00f3n unilateral de independencia y, en todo caso, s\u00ed a un hipot\u00e9tico refer\u00e9ndum pactado.\u00a0Es una posici\u00f3n contraria a la de JxCat. S\u00ed a la amnist\u00eda basada en un acuerdo parlamentario con el PP.\u00a0Y esa consideraci\u00f3n discrepa notoriamente de la actual pol\u00edtica popular y tambi\u00e9n socialista porque no est\u00e1 dispuesto a llevar a cabo pacto alguno ni menos gobernar con el PP.\u00a0En contrapartida, Feij\u00f3o s\u00ed se ha manifestado dispuesto a cualquiera de las dos posibilidades citadas. El C\u00edrculo de econom\u00eda tambi\u00e9n incluye en su modelo lo que podr\u00edamos decir que es un cl\u00e1sico en el mejor sentido del t\u00e9rmino: mejorar la financiaci\u00f3n, m\u00e1s inversi\u00f3n para Catalu\u00f1a (y aqu\u00ed hay que subrayar el problema de su baja ejecuci\u00f3n, centrarse en gobernar la Generalitat, una carencia que dura hace a\u00f1os y a\u00f1os y est\u00e1 haciendo da\u00f1o al pa\u00eds en todos los \u00f3rdenes, no s\u00f3lo econ\u00f3mico sino por ejemplo tambi\u00e9n en el ling\u00fc\u00edstico) y reforma\u00a0del Estatut.\u00a0Y en este \u00faltimo punto es donde el clasicismo patina m\u00e1s porque reformar el Estatut, como ya se vio en la elaboraci\u00f3n del nuevo, es apuntarse a da\u00f1ar. Unos partidos, una sociedad, unas instituciones sociales, C\u00edrculo de Econom\u00eda incluido, que han sido incapaces de dotarse de una ley electoral siendo la \u00fanica comunidad aut\u00f3noma espa\u00f1ola que sufre este d\u00e9ficit, es un claro indicativo de que es mejor no poner cese a remover textos fundamentales porque la incapacidad para consensuar es notabil\u00edsima y la vocaci\u00f3n puede ser una jaula de grillos. Si nos limit\u00e1ramos a ejercer de verdad todas las\u00a0competencias del actual Estatuto, perfectamente archivado en el fondo del caj\u00f3n, y situ\u00e1ramos su mejora en la v\u00eda que en su d\u00eda se\u00f1al\u00f3 el TC;\u00a0es decir, recuperar las competencias perdidas por la sentencia del TC por medio de leyes org\u00e1nicas del estado, tendr\u00edamos m\u00e1s que suficiente para que el actual Estatut fuera muy parecido, en lo que importa, al que aprobamos en refer\u00e9ndum. En todo caso, el documento del C\u00edrculo de Econom\u00eda es un buen modelo en el sentido estricto del t\u00e9rmino y, por tanto, las cr\u00edticas a que no hay condiciones para que se realicen no tienen demasiada raz\u00f3n de ser porque lo que define son horizontes de sentido y, por tanto, l\u00edneas de trabajo pol\u00edtico.\u00a0Es un buen material si pasa de ser un brindis al sol a ser un prop\u00f3sito compartido, por ejemplo, del mundo empresarial catal\u00e1n.\u00a0Y eso, evidentemente, est\u00e1 por ver. S\u00edgueme en Twitter: @jmiroardevol S\u00edgueme en facebook<\/p>\n","protected":false},"author":19,"featured_media":71986,"comment_status":"open","ping_status":"open","sticky":false,"template":"","format":"standard","meta":{"_FSMCFIC_featured_image_caption":"","_FSMCFIC_featured_image_nocaption":"","_FSMCFIC_featured_image_hide":"","footnotes":""},"categories":[796,806],"tags":[3874],"class_list":["post-71983","post","type-post","status-publish","format-standard","has-post-thumbnail","hentry","category-el-blog-de-josep-miro-i-ardevol-es","category-punts-claus-del-dia-es","tag-circulo-de-economia"],"yoast_head":"<!-- This site is optimized with the Yoast SEO plugin v26.8 - https:\/\/yoast.com\/product\/yoast-seo-wordpress\/ -->\n<title>El C\u00edrculo de Econom\u00eda y las posiciones del empresariado catal\u00e1n - Converses a Catalunya<\/title>\n<meta name=\"description\" content=\"No a la declaraci\u00f3n unilateral de independencia y, en todo caso, s\u00ed a un hipot\u00e9tico refer\u00e9ndum pactado\" \/>\n<meta name=\"robots\" content=\"index, follow, max-snippet:-1, max-image-preview:large, max-video-preview:-1\" \/>\n<link rel=\"canonical\" href=\"https:\/\/conversesacatalunya.cat\/es\/el-cercle-deconomia-te-les-posicions-de-lempresariat-catala\/\" \/>\n<meta property=\"og:locale\" content=\"es_ES\" \/>\n<meta property=\"og:type\" content=\"article\" \/>\n<meta property=\"og:title\" content=\"El C\u00edrculo de Econom\u00eda y las posiciones del empresariado catal\u00e1n - Converses a Catalunya\" \/>\n<meta property=\"og:description\" content=\"No a la declaraci\u00f3n unilateral de independencia y, en todo caso, s\u00ed a un hipot\u00e9tico refer\u00e9ndum pactado\" \/>\n<meta property=\"og:url\" content=\"https:\/\/conversesacatalunya.cat\/es\/el-cercle-deconomia-te-les-posicions-de-lempresariat-catala\/\" \/>\n<meta property=\"og:site_name\" content=\"Converses a Catalunya\" \/>\n<meta property=\"article:published_time\" content=\"2023-10-27T09:25:29+00:00\" \/>\n<meta property=\"article:modified_time\" content=\"2023-11-13T10:19:15+00:00\" \/>\n<meta property=\"og:image\" content=\"https:\/\/conversesacatalunya.cat\/wp-content\/uploads\/2023\/10\/cercle-deconomia.jpg\" \/>\n\t<meta property=\"og:image:width\" content=\"1800\" \/>\n\t<meta property=\"og:image:height\" content=\"1202\" \/>\n\t<meta property=\"og:image:type\" content=\"image\/jpeg\" \/>\n<meta name=\"author\" content=\"Josep Mir\u00f3 i Ard\u00e8vol\" \/>\n<meta name=\"twitter:card\" content=\"summary_large_image\" \/>\n<meta name=\"twitter:label1\" content=\"Escrito por\" \/>\n\t<meta name=\"twitter:data1\" content=\"Josep Mir\u00f3 i Ard\u00e8vol\" \/>\n\t<meta name=\"twitter:label2\" content=\"Tiempo de lectura\" \/>\n\t<meta name=\"twitter:data2\" content=\"3 minutos\" \/>\n<script type=\"application\/ld+json\" class=\"yoast-schema-graph\">{\"@context\":\"https:\/\/schema.org\",\"@graph\":[{\"@type\":\"Article\",\"@id\":\"https:\/\/conversesacatalunya.cat\/es\/el-cercle-deconomia-te-les-posicions-de-lempresariat-catala\/#article\",\"isPartOf\":{\"@id\":\"https:\/\/conversesacatalunya.cat\/es\/el-cercle-deconomia-te-les-posicions-de-lempresariat-catala\/\"},\"author\":{\"name\":\"Josep Mir\u00f3 i Ard\u00e8vol\",\"@id\":\"https:\/\/conversesacatalunya.cat\/#\/schema\/person\/a9598a6786ba7d3d1c5e0de477b79370\"},\"headline\":\"El C\u00edrculo de Econom\u00eda y las posiciones del empresariado catal\u00e1n\",\"datePublished\":\"2023-10-27T09:25:29+00:00\",\"dateModified\":\"2023-11-13T10:19:15+00:00\",\"mainEntityOfPage\":{\"@id\":\"https:\/\/conversesacatalunya.cat\/es\/el-cercle-deconomia-te-les-posicions-de-lempresariat-catala\/\"},\"wordCount\":701,\"commentCount\":0,\"image\":{\"@id\":\"https:\/\/conversesacatalunya.cat\/es\/el-cercle-deconomia-te-les-posicions-de-lempresariat-catala\/#primaryimage\"},\"thumbnailUrl\":\"https:\/\/conversesacatalunya.cat\/wp-content\/uploads\/2023\/10\/cercle-deconomia.jpg\",\"keywords\":[\"C\u00edrculo de Econom\u00eda\"],\"articleSection\":[\"El Blog de Josep Mir\u00f3 i Ard\u00e8vol (ES)\",\"Punts clau del dia (ES)\"],\"inLanguage\":\"es\",\"potentialAction\":[{\"@type\":\"CommentAction\",\"name\":\"Comment\",\"target\":[\"https:\/\/conversesacatalunya.cat\/es\/el-cercle-deconomia-te-les-posicions-de-lempresariat-catala\/#respond\"]}]},{\"@type\":\"WebPage\",\"@id\":\"https:\/\/conversesacatalunya.cat\/es\/el-cercle-deconomia-te-les-posicions-de-lempresariat-catala\/\",\"url\":\"https:\/\/conversesacatalunya.cat\/es\/el-cercle-deconomia-te-les-posicions-de-lempresariat-catala\/\",\"name\":\"El C\u00edrculo de Econom\u00eda y las posiciones del empresariado catal\u00e1n - Converses a Catalunya\",\"isPartOf\":{\"@id\":\"https:\/\/conversesacatalunya.cat\/#website\"},\"primaryImageOfPage\":{\"@id\":\"https:\/\/conversesacatalunya.cat\/es\/el-cercle-deconomia-te-les-posicions-de-lempresariat-catala\/#primaryimage\"},\"image\":{\"@id\":\"https:\/\/conversesacatalunya.cat\/es\/el-cercle-deconomia-te-les-posicions-de-lempresariat-catala\/#primaryimage\"},\"thumbnailUrl\":\"https:\/\/conversesacatalunya.cat\/wp-content\/uploads\/2023\/10\/cercle-deconomia.jpg\",\"datePublished\":\"2023-10-27T09:25:29+00:00\",\"dateModified\":\"2023-11-13T10:19:15+00:00\",\"author\":{\"@id\":\"https:\/\/conversesacatalunya.cat\/#\/schema\/person\/a9598a6786ba7d3d1c5e0de477b79370\"},\"description\":\"No a la declaraci\u00f3n unilateral de independencia y, en todo caso, s\u00ed a un hipot\u00e9tico refer\u00e9ndum pactado\",\"breadcrumb\":{\"@id\":\"https:\/\/conversesacatalunya.cat\/es\/el-cercle-deconomia-te-les-posicions-de-lempresariat-catala\/#breadcrumb\"},\"inLanguage\":\"es\",\"potentialAction\":[{\"@type\":\"ReadAction\",\"target\":[\"https:\/\/conversesacatalunya.cat\/es\/el-cercle-deconomia-te-les-posicions-de-lempresariat-catala\/\"]}]},{\"@type\":\"ImageObject\",\"inLanguage\":\"es\",\"@id\":\"https:\/\/conversesacatalunya.cat\/es\/el-cercle-deconomia-te-les-posicions-de-lempresariat-catala\/#primaryimage\",\"url\":\"https:\/\/conversesacatalunya.cat\/wp-content\/uploads\/2023\/10\/cercle-deconomia.jpg\",\"contentUrl\":\"https:\/\/conversesacatalunya.cat\/wp-content\/uploads\/2023\/10\/cercle-deconomia.jpg\",\"width\":1800,\"height\":1202},{\"@type\":\"BreadcrumbList\",\"@id\":\"https:\/\/conversesacatalunya.cat\/es\/el-cercle-deconomia-te-les-posicions-de-lempresariat-catala\/#breadcrumb\",\"itemListElement\":[{\"@type\":\"ListItem\",\"position\":1,\"name\":\"Inici\",\"item\":\"https:\/\/conversesacatalunya.cat\/es\/\"},{\"@type\":\"ListItem\",\"position\":2,\"name\":\"El C\u00edrculo de Econom\u00eda y las posiciones del empresariado catal\u00e1n\"}]},{\"@type\":\"WebSite\",\"@id\":\"https:\/\/conversesacatalunya.cat\/#website\",\"url\":\"https:\/\/conversesacatalunya.cat\/\",\"name\":\"Converses a Catalunya\",\"description\":\"\",\"potentialAction\":[{\"@type\":\"SearchAction\",\"target\":{\"@type\":\"EntryPoint\",\"urlTemplate\":\"https:\/\/conversesacatalunya.cat\/?s={search_term_string}\"},\"query-input\":{\"@type\":\"PropertyValueSpecification\",\"valueRequired\":true,\"valueName\":\"search_term_string\"}}],\"inLanguage\":\"es\"},{\"@type\":\"Person\",\"@id\":\"https:\/\/conversesacatalunya.cat\/#\/schema\/person\/a9598a6786ba7d3d1c5e0de477b79370\",\"name\":\"Josep Mir\u00f3 i Ard\u00e8vol\",\"image\":{\"@type\":\"ImageObject\",\"inLanguage\":\"es\",\"@id\":\"https:\/\/conversesacatalunya.cat\/#\/schema\/person\/image\/\",\"url\":\"https:\/\/conversesacatalunya.cat\/wp-content\/litespeed\/avatar\/c37e3dc881857483d6694cdf98fdedea.jpg?ver=1777270381\",\"contentUrl\":\"https:\/\/conversesacatalunya.cat\/wp-content\/litespeed\/avatar\/c37e3dc881857483d6694cdf98fdedea.jpg?ver=1777270381\",\"caption\":\"Josep Mir\u00f3 i Ard\u00e8vol\"},\"url\":\"https:\/\/conversesacatalunya.cat\/es\/author\/josep-miro-i-ardevol\/\"}]}<\/script>\n<!-- \/ Yoast SEO plugin. -->","yoast_head_json":{"title":"El C\u00edrculo de Econom\u00eda y las posiciones del empresariado catal\u00e1n - Converses a Catalunya","description":"No a la declaraci\u00f3n unilateral de independencia y, en todo caso, s\u00ed a un hipot\u00e9tico refer\u00e9ndum pactado","robots":{"index":"index","follow":"follow","max-snippet":"max-snippet:-1","max-image-preview":"max-image-preview:large","max-video-preview":"max-video-preview:-1"},"canonical":"https:\/\/conversesacatalunya.cat\/es\/el-cercle-deconomia-te-les-posicions-de-lempresariat-catala\/","og_locale":"es_ES","og_type":"article","og_title":"El C\u00edrculo de Econom\u00eda y las posiciones del empresariado catal\u00e1n - Converses a Catalunya","og_description":"No a la declaraci\u00f3n unilateral de independencia y, en todo caso, s\u00ed a un hipot\u00e9tico refer\u00e9ndum pactado","og_url":"https:\/\/conversesacatalunya.cat\/es\/el-cercle-deconomia-te-les-posicions-de-lempresariat-catala\/","og_site_name":"Converses a Catalunya","article_published_time":"2023-10-27T09:25:29+00:00","article_modified_time":"2023-11-13T10:19:15+00:00","og_image":[{"width":1800,"height":1202,"url":"https:\/\/conversesacatalunya.cat\/wp-content\/uploads\/2023\/10\/cercle-deconomia.jpg","type":"image\/jpeg"}],"author":"Josep Mir\u00f3 i Ard\u00e8vol","twitter_card":"summary_large_image","twitter_misc":{"Escrito por":"Josep Mir\u00f3 i Ard\u00e8vol","Tiempo de lectura":"3 minutos"},"schema":{"@context":"https:\/\/schema.org","@graph":[{"@type":"Article","@id":"https:\/\/conversesacatalunya.cat\/es\/el-cercle-deconomia-te-les-posicions-de-lempresariat-catala\/#article","isPartOf":{"@id":"https:\/\/conversesacatalunya.cat\/es\/el-cercle-deconomia-te-les-posicions-de-lempresariat-catala\/"},"author":{"name":"Josep Mir\u00f3 i Ard\u00e8vol","@id":"https:\/\/conversesacatalunya.cat\/#\/schema\/person\/a9598a6786ba7d3d1c5e0de477b79370"},"headline":"El C\u00edrculo de Econom\u00eda y las posiciones del empresariado catal\u00e1n","datePublished":"2023-10-27T09:25:29+00:00","dateModified":"2023-11-13T10:19:15+00:00","mainEntityOfPage":{"@id":"https:\/\/conversesacatalunya.cat\/es\/el-cercle-deconomia-te-les-posicions-de-lempresariat-catala\/"},"wordCount":701,"commentCount":0,"image":{"@id":"https:\/\/conversesacatalunya.cat\/es\/el-cercle-deconomia-te-les-posicions-de-lempresariat-catala\/#primaryimage"},"thumbnailUrl":"https:\/\/conversesacatalunya.cat\/wp-content\/uploads\/2023\/10\/cercle-deconomia.jpg","keywords":["C\u00edrculo de Econom\u00eda"],"articleSection":["El Blog de Josep Mir\u00f3 i Ard\u00e8vol (ES)","Punts clau del dia (ES)"],"inLanguage":"es","potentialAction":[{"@type":"CommentAction","name":"Comment","target":["https:\/\/conversesacatalunya.cat\/es\/el-cercle-deconomia-te-les-posicions-de-lempresariat-catala\/#respond"]}]},{"@type":"WebPage","@id":"https:\/\/conversesacatalunya.cat\/es\/el-cercle-deconomia-te-les-posicions-de-lempresariat-catala\/","url":"https:\/\/conversesacatalunya.cat\/es\/el-cercle-deconomia-te-les-posicions-de-lempresariat-catala\/","name":"El C\u00edrculo de Econom\u00eda y las posiciones del empresariado catal\u00e1n - Converses a Catalunya","isPartOf":{"@id":"https:\/\/conversesacatalunya.cat\/#website"},"primaryImageOfPage":{"@id":"https:\/\/conversesacatalunya.cat\/es\/el-cercle-deconomia-te-les-posicions-de-lempresariat-catala\/#primaryimage"},"image":{"@id":"https:\/\/conversesacatalunya.cat\/es\/el-cercle-deconomia-te-les-posicions-de-lempresariat-catala\/#primaryimage"},"thumbnailUrl":"https:\/\/conversesacatalunya.cat\/wp-content\/uploads\/2023\/10\/cercle-deconomia.jpg","datePublished":"2023-10-27T09:25:29+00:00","dateModified":"2023-11-13T10:19:15+00:00","author":{"@id":"https:\/\/conversesacatalunya.cat\/#\/schema\/person\/a9598a6786ba7d3d1c5e0de477b79370"},"description":"No a la declaraci\u00f3n unilateral de independencia y, en todo caso, s\u00ed a un hipot\u00e9tico refer\u00e9ndum pactado","breadcrumb":{"@id":"https:\/\/conversesacatalunya.cat\/es\/el-cercle-deconomia-te-les-posicions-de-lempresariat-catala\/#breadcrumb"},"inLanguage":"es","potentialAction":[{"@type":"ReadAction","target":["https:\/\/conversesacatalunya.cat\/es\/el-cercle-deconomia-te-les-posicions-de-lempresariat-catala\/"]}]},{"@type":"ImageObject","inLanguage":"es","@id":"https:\/\/conversesacatalunya.cat\/es\/el-cercle-deconomia-te-les-posicions-de-lempresariat-catala\/#primaryimage","url":"https:\/\/conversesacatalunya.cat\/wp-content\/uploads\/2023\/10\/cercle-deconomia.jpg","contentUrl":"https:\/\/conversesacatalunya.cat\/wp-content\/uploads\/2023\/10\/cercle-deconomia.jpg","width":1800,"height":1202},{"@type":"BreadcrumbList","@id":"https:\/\/conversesacatalunya.cat\/es\/el-cercle-deconomia-te-les-posicions-de-lempresariat-catala\/#breadcrumb","itemListElement":[{"@type":"ListItem","position":1,"name":"Inici","item":"https:\/\/conversesacatalunya.cat\/es\/"},{"@type":"ListItem","position":2,"name":"El C\u00edrculo de Econom\u00eda y las posiciones del empresariado catal\u00e1n"}]},{"@type":"WebSite","@id":"https:\/\/conversesacatalunya.cat\/#website","url":"https:\/\/conversesacatalunya.cat\/","name":"Converses a Catalunya","description":"","potentialAction":[{"@type":"SearchAction","target":{"@type":"EntryPoint","urlTemplate":"https:\/\/conversesacatalunya.cat\/?s={search_term_string}"},"query-input":{"@type":"PropertyValueSpecification","valueRequired":true,"valueName":"search_term_string"}}],"inLanguage":"es"},{"@type":"Person","@id":"https:\/\/conversesacatalunya.cat\/#\/schema\/person\/a9598a6786ba7d3d1c5e0de477b79370","name":"Josep Mir\u00f3 i Ard\u00e8vol","image":{"@type":"ImageObject","inLanguage":"es","@id":"https:\/\/conversesacatalunya.cat\/#\/schema\/person\/image\/","url":"https:\/\/conversesacatalunya.cat\/wp-content\/litespeed\/avatar\/c37e3dc881857483d6694cdf98fdedea.jpg?ver=1777270381","contentUrl":"https:\/\/conversesacatalunya.cat\/wp-content\/litespeed\/avatar\/c37e3dc881857483d6694cdf98fdedea.jpg?ver=1777270381","caption":"Josep Mir\u00f3 i Ard\u00e8vol"},"url":"https:\/\/conversesacatalunya.cat\/es\/author\/josep-miro-i-ardevol\/"}]}},"wps_subtitle":"No a la declaraci\u00f3n unilateral de independencia y, en todo caso, s\u00ed a un hipot\u00e9tico refer\u00e9ndum pactado","_links":{"self":[{"href":"https:\/\/conversesacatalunya.cat\/es\/wp-json\/wp\/v2\/posts\/71983","targetHints":{"allow":["GET"]}}],"collection":[{"href":"https:\/\/conversesacatalunya.cat\/es\/wp-json\/wp\/v2\/posts"}],"about":[{"href":"https:\/\/conversesacatalunya.cat\/es\/wp-json\/wp\/v2\/types\/post"}],"author":[{"embeddable":true,"href":"https:\/\/conversesacatalunya.cat\/es\/wp-json\/wp\/v2\/users\/19"}],"replies":[{"embeddable":true,"href":"https:\/\/conversesacatalunya.cat\/es\/wp-json\/wp\/v2\/comments?post=71983"}],"version-history":[{"count":5,"href":"https:\/\/conversesacatalunya.cat\/es\/wp-json\/wp\/v2\/posts\/71983\/revisions"}],"predecessor-version":[{"id":72498,"href":"https:\/\/conversesacatalunya.cat\/es\/wp-json\/wp\/v2\/posts\/71983\/revisions\/72498"}],"wp:featuredmedia":[{"embeddable":true,"href":"https:\/\/conversesacatalunya.cat\/es\/wp-json\/wp\/v2\/media\/71986"}],"wp:attachment":[{"href":"https:\/\/conversesacatalunya.cat\/es\/wp-json\/wp\/v2\/media?parent=71983"}],"wp:term":[{"taxonomy":"category","embeddable":true,"href":"https:\/\/conversesacatalunya.cat\/es\/wp-json\/wp\/v2\/categories?post=71983"},{"taxonomy":"post_tag","embeddable":true,"href":"https:\/\/conversesacatalunya.cat\/es\/wp-json\/wp\/v2\/tags?post=71983"}],"curies":[{"name":"wp","href":"https:\/\/api.w.org\/{rel}","templated":true}]}}