{"id":71690,"date":"2023-10-19T12:17:05","date_gmt":"2023-10-19T10:17:05","guid":{"rendered":"https:\/\/conversesacatalunya.cat\/per-que-els-catalans-som-els-que-paguem-mes-al-nostre-govern\/"},"modified":"2023-10-19T14:28:49","modified_gmt":"2023-10-19T12:28:49","slug":"por-que-los-catalanes-somos-los-que-mas-pagamos-a-nuestro-gobierno","status":"publish","type":"post","link":"https:\/\/conversesacatalunya.cat\/es\/por-que-los-catalanes-somos-los-que-mas-pagamos-a-nuestro-gobierno\/","title":{"rendered":"\u00bfPor qu\u00e9 los catalanes somos los que m\u00e1s pagamos a nuestro gobierno?"},"content":{"rendered":"<p><span>Hay una realidad que deber\u00eda mover a un intenso debate c\u00edvico y que no es otra que el escandaloso hecho de que\u00a0<\/span><strong><span>los catalanes somos los que pagamos m\u00e1s con diferencia a nuestro gobierno auton\u00f3mico<\/span><\/strong><span>, a la Generalitat.\u00a0Quienes todo lo justifican, afirman que esto se debe a la mala financiaci\u00f3n catalana, pero el problema empieza cuando se constata que no hay relaci\u00f3n entre comunidad aut\u00f3noma mal financiada e impuestos propios mayores o menores.<\/span><\/p>\n<p><span>Por ejemplo,\u00a0<\/span><strong><span>Cantabria<\/span><\/strong><span>\u00a0tiene una muy buena financiaci\u00f3n, pero con varios tipos impositivos como el IRPF se sit\u00faa por encima de la media espa\u00f1ola.\u00a0Por otra parte, autonom\u00edas peor financiadas que la catalana, como Baleares<\/span><strong><span>, la Comunidad Valenciana y no digamos ya Madrid<\/span><\/strong><span>, tienen presiones fiscales auton\u00f3micas mucho m\u00e1s bajas que la catalana.\u00a0Por ejemplo, el IRPF de la Comunidad Valenciana est\u00e1 en la d\u00e9cima posici\u00f3n considerando la hip\u00f3tesis de que se paga sobre los 45.000 euros, mientras que Catalu\u00f1a se sit\u00faa en el segundo lugar. Otra justificaci\u00f3n ser\u00eda que disponemos de prestaciones mucho mejores que las dem\u00e1s comunidades aut\u00f3nomas, pero exactamente ocurre lo contrario.\u00a0<\/span><strong><span>En todos los ep\u00edgrafes que se consideren estamos a la cola,<\/span><\/strong><span> incluso en las listas de espera sean las que sean, resultados en educaci\u00f3n, precios de las matr\u00edculas universitarias, ayudas a la dependencia, vivienda social y todo lo que se quiera a\u00f1adir a esta lista.<\/span><\/p>\n<h4><span>Pero antes de ir m\u00e1s all\u00e1, consideremos cu\u00e1l es el ranking de las comunidades que m\u00e1s pagan<\/span><\/h4>\n<p><span>Continuando con el eje del<strong> IRPF<\/strong>\u00a0<\/span>sobre<span> 45.000 euros, Navarra, que record\u00e9moslo tiene un sistema foral, est\u00e1 en primer lugar con 9.708 euros y Catalu\u00f1a aparece segunda con 9.691 euros. Las dos que siguen en nuestro pa\u00eds, Extremadura y Cantabria, perder\u00e1n posiciones claramente el pr\u00f3ximo a\u00f1o porque con el cambio de gobierno auton\u00f3mico se producir\u00e1 una anunciada subida de impuestos. Cabe a\u00f1adir que la media espa\u00f1ola est\u00e1 en 9.337,5 euros.<\/span><\/p>\n<p><span>Por tanto,\u00a0<\/span><strong><span>los catalanes pagamos a nuestro gobierno bastante m\u00e1s de lo que cada habitante de autonom\u00eda paga a la suya<\/span><\/strong><span>.\u00a0Si descontamos las 3 \u00faltimas que corresponden a Pa\u00eds Vasco, Vizcaya, \u00c1lava y Guip\u00fazcoa, que son las que pagan menos de Espa\u00f1a, y aqu\u00ed s\u00ed se nota el concierto, la siguiente es Madrid, con s\u00f3lo 8.974.5 euros.\u00a0Una diferencia de 800 euros casi con Catalunya.<\/span><\/p>\n<p><span>Si consideramos el\u00a0<\/span><strong><span>patrimonio<\/span><\/strong><span>, tambi\u00e9n utilizando un valor de comparaci\u00f3n medio, de 800.000 euros, Catalu\u00f1a est\u00e1 en el tercer lugar y paga 769,5 euros, Precedidos de la Comunidad Valenciana con 909, y Arag\u00f3n con 1.164.\u00a0La media espa\u00f1ola est\u00e1 muy lejos de esa cifra con 271,5.\u00a0Hay 6 comunidades aut\u00f3nomas en las que no existe este impuesto: Madrid, Andaluc\u00eda, Murcia, Extremadura, Vizcaya y \u00c1lava.\u00a0En Guip\u00fazcoa, que lo mantiene, es peque\u00f1o, de 200 euros. Y todav\u00eda es inferior el de Galicia con 100.<\/span><\/p>\n<p><span>Para el\u00a0<\/span><strong><span>impuesto de sucesiones<\/span><\/strong><span> sobre 800.000 euros, el primer puesto lo ocupa Asturias con 103.000 de importe a liquidar, seguido de Arag\u00f3n con 55.467, y tercera Catalu\u00f1a con 32.342, que es pr\u00e1cticamente el doble de la media espa\u00f1ola, que est\u00e1 en 15.828 euros, pero que es un valor que no expresa bien la distribuci\u00f3n porque las comunidades aut\u00f3nomas de inmediato por debajo, provincias en el caso del Pa\u00eds Vasco, s\u00f3lo alcanzan los 3.150.\u00a0Madrid se sit\u00faa en 1.586 y 4 autonom\u00edas carecen de este impuesto: Galicia, Cantabria, Baleares y Andaluc\u00eda.\u00a0Adem\u00e1s Arag\u00f3n, que ya hemos dicho que ocupa la 2\u00aa posici\u00f3n, lo reducir\u00e1 el pr\u00f3ximo a\u00f1o cuando se aplique la medida establecida por el nuevo gobierno del PP.<\/span><\/p>\n<p><span><span class=\"VIpgJd-yAWNEb-VIpgJd-fmcmS-sn54Q\">Por \u00faltimo, en relaci\u00f3n con el\u00a0<\/span><\/span><strong><span><span class=\"VIpgJd-yAWNEb-VIpgJd-fmcmS-sn54Q\">impuesto por transmisiones patrimoniales<\/span><\/span><\/strong><span><span class=\"VIpgJd-yAWNEb-VIpgJd-fmcmS-sn54Q\">\u00a0considerado sobre 150.000 euros, Catalu\u00f1a y Cantabria ocupan el primer puesto con 15.000 de impuesto, es decir un 10%.\u00a0<\/span>Pero consid\u00e9rese\u00a0que, como hemos visto con el de sucesiones, en Cantabria no exist\u00eda ning\u00fan tipo de imposici\u00f3n fiscal, por tanto, una vez m\u00e1s Catalu\u00f1a emerge con fuerza. Y los puestos m\u00e1s bajos corresponden a Madrid, Comunidad Valenciana y Navarra con 9.000.\u00a0Y cierra la lista Baleares con 6.000.<\/span><\/p>\n<p><strong><span>Hay claramente un abuso fiscal en Catalu\u00f1a o una deficiente gesti\u00f3n de la administraci\u00f3n de la Generalitat<\/span><\/strong><span>, o ambas cosas a la vez.\u00a0Y \u00e9sta es una evidencia a abordar.\u00a0La realidad es que como el Parlamento sigue siendo est\u00e9ril, s\u00f3lo una reacci\u00f3n c\u00edvica puede enmendar esta injusticia.<\/span><\/p>\n<div id=\"polls-213\" class=\"wp-polls\">\n\t<form id=\"polls_form_213\" class=\"wp-polls-form\" action=\"\/index.php\" method=\"post\">\n\t\t<p style=\"display: none;\"><input type=\"hidden\" id=\"poll_213_nonce\" name=\"wp-polls-nonce\" value=\"b7a0f33c80\" \/><\/p>\n\t\t<p style=\"display: none;\"><input type=\"hidden\" name=\"poll_id\" value=\"213\" \/><\/p>\n\t\t<p style=\"text-align: center\"><strong>Creus que el conflicte d'Israel amb Ham\u00e0s desencadenar\u00e0 una guerra m\u00e9s gran?<\/strong><\/p><div id=\"polls-213-ans\" class=\"wp-polls-ans\"><ul class=\"wp-polls-ul\">\n\t\t<li><input type=\"radio\" id=\"poll-answer-592\" name=\"poll_213\" value=\"592\" \/> <label for=\"poll-answer-592\">S\u00ed<\/label><\/li>\n\t\t<li><input type=\"radio\" id=\"poll-answer-593\" name=\"poll_213\" value=\"593\" \/> <label for=\"poll-answer-593\">No<\/label><\/li>\n\t\t<li><input type=\"radio\" id=\"poll-answer-594\" name=\"poll_213\" value=\"594\" \/> <label for=\"poll-answer-594\">No ho s\u00e9<\/label><\/li>\n\t\t<\/ul><p style=\"text-align: center\"><input type=\"button\" name=\"vote\" value=\"   Vota   \" class=\"Buttons\" onclick=\"poll_vote(213);\" \/><\/p><p style=\"text-align: center\"><a href=\"#ViewPollResults\" onclick=\"poll_result(213); return false;\" title=\"View Results Of This Poll\">Mira els resultats<\/a><\/p><\/div>\n\t<\/form>\n<\/div>\n<div id=\"polls-213-loading\" class=\"wp-polls-loading\"><img decoding=\"async\" data-src=\"https:\/\/conversesacatalunya.cat\/wp-content\/plugins\/wp-polls\/images\/loading.gif\" width=\"16\" height=\"16\" alt=\"Cargando ...\" title=\"Cargando ...\" class=\"wp-polls-image lazyload\" src=\"data:image\/svg+xml;base64,PHN2ZyB3aWR0aD0iMSIgaGVpZ2h0PSIxIiB4bWxucz0iaHR0cDovL3d3dy53My5vcmcvMjAwMC9zdmciPjwvc3ZnPg==\" style=\"--smush-placeholder-width: 16px; --smush-placeholder-aspect-ratio: 16\/16;\" \/>&nbsp;Cargando ...<\/div>\n\n<p>&nbsp;<\/p>\n","protected":false},"excerpt":{"rendered":"<p>Hay una realidad que deber\u00eda mover a un intenso debate c\u00edvico y que no es otra que el escandaloso hecho de que\u00a0los catalanes somos los que pagamos m\u00e1s con diferencia a nuestro gobierno auton\u00f3mico, a la Generalitat.\u00a0Quienes todo lo justifican, afirman que esto se debe a la mala financiaci\u00f3n catalana, pero el problema empieza cuando se constata que no hay relaci\u00f3n entre comunidad aut\u00f3noma mal financiada e impuestos propios mayores o menores. Por ejemplo,\u00a0Cantabria\u00a0tiene una muy buena financiaci\u00f3n, pero con varios tipos impositivos como el IRPF se sit\u00faa por encima de la media espa\u00f1ola.\u00a0Por otra parte, autonom\u00edas peor financiadas que la catalana, como Baleares, la Comunidad Valenciana y no digamos ya Madrid, tienen presiones fiscales auton\u00f3micas mucho m\u00e1s bajas que la catalana.\u00a0Por ejemplo, el IRPF de la Comunidad Valenciana est\u00e1 en la d\u00e9cima posici\u00f3n considerando la hip\u00f3tesis de que se paga sobre los 45.000 euros, mientras que Catalu\u00f1a se sit\u00faa en el segundo lugar. Otra justificaci\u00f3n ser\u00eda que disponemos de prestaciones mucho mejores que las dem\u00e1s comunidades aut\u00f3nomas, pero exactamente ocurre lo contrario.\u00a0En todos los ep\u00edgrafes que se consideren estamos a la cola, incluso en las listas de espera sean las que sean, resultados en educaci\u00f3n, precios de las matr\u00edculas universitarias, ayudas a la dependencia, vivienda social y todo lo que se quiera a\u00f1adir a esta lista. Pero antes de ir m\u00e1s all\u00e1, consideremos cu\u00e1l es el ranking de las comunidades que m\u00e1s pagan Continuando con el eje del IRPF\u00a0sobre 45.000 euros, Navarra, que record\u00e9moslo tiene un sistema foral, est\u00e1 en primer lugar con 9.708 euros y Catalu\u00f1a aparece segunda con 9.691 euros. Las dos que siguen en nuestro pa\u00eds, Extremadura y Cantabria, perder\u00e1n posiciones claramente el pr\u00f3ximo a\u00f1o porque con el cambio de gobierno auton\u00f3mico se producir\u00e1 una anunciada subida de impuestos. Cabe a\u00f1adir que la media espa\u00f1ola est\u00e1 en 9.337,5 euros. Por tanto,\u00a0los catalanes pagamos a nuestro gobierno bastante m\u00e1s de lo que cada habitante de autonom\u00eda paga a la suya.\u00a0Si descontamos las 3 \u00faltimas que corresponden a Pa\u00eds Vasco, Vizcaya, \u00c1lava y Guip\u00fazcoa, que son las que pagan menos de Espa\u00f1a, y aqu\u00ed s\u00ed se nota el concierto, la siguiente es Madrid, con s\u00f3lo 8.974.5 euros.\u00a0Una diferencia de 800 euros casi con Catalunya. Si consideramos el\u00a0patrimonio, tambi\u00e9n utilizando un valor de comparaci\u00f3n medio, de 800.000 euros, Catalu\u00f1a est\u00e1 en el tercer lugar y paga 769,5 euros, Precedidos de la Comunidad Valenciana con 909, y Arag\u00f3n con 1.164.\u00a0La media espa\u00f1ola est\u00e1 muy lejos de esa cifra con 271,5.\u00a0Hay 6 comunidades aut\u00f3nomas en las que no existe este impuesto: Madrid, Andaluc\u00eda, Murcia, Extremadura, Vizcaya y \u00c1lava.\u00a0En Guip\u00fazcoa, que lo mantiene, es peque\u00f1o, de 200 euros. Y todav\u00eda es inferior el de Galicia con 100. Para el\u00a0impuesto de sucesiones sobre 800.000 euros, el primer puesto lo ocupa Asturias con 103.000 de importe a liquidar, seguido de Arag\u00f3n con 55.467, y tercera Catalu\u00f1a con 32.342, que es pr\u00e1cticamente el doble de la media espa\u00f1ola, que est\u00e1 en 15.828 euros, pero que es un valor que no expresa bien la distribuci\u00f3n porque las comunidades aut\u00f3nomas de inmediato por debajo, provincias en el caso del Pa\u00eds Vasco, s\u00f3lo alcanzan los 3.150.\u00a0Madrid se sit\u00faa en 1.586 y 4 autonom\u00edas carecen de este impuesto: Galicia, Cantabria, Baleares y Andaluc\u00eda.\u00a0Adem\u00e1s Arag\u00f3n, que ya hemos dicho que ocupa la 2\u00aa posici\u00f3n, lo reducir\u00e1 el pr\u00f3ximo a\u00f1o cuando se aplique la medida establecida por el nuevo gobierno del PP. Por \u00faltimo, en relaci\u00f3n con el\u00a0impuesto por transmisiones patrimoniales\u00a0considerado sobre 150.000 euros, Catalu\u00f1a y Cantabria ocupan el primer puesto con 15.000 de impuesto, es decir un 10%.\u00a0Pero consid\u00e9rese\u00a0que, como hemos visto con el de sucesiones, en Cantabria no exist\u00eda ning\u00fan tipo de imposici\u00f3n fiscal, por tanto, una vez m\u00e1s Catalu\u00f1a emerge con fuerza. Y los puestos m\u00e1s bajos corresponden a Madrid, Comunidad Valenciana y Navarra con 9.000.\u00a0Y cierra la lista Baleares con 6.000. Hay claramente un abuso fiscal en Catalu\u00f1a o una deficiente gesti\u00f3n de la administraci\u00f3n de la Generalitat, o ambas cosas a la vez.\u00a0Y \u00e9sta es una evidencia a abordar.\u00a0La realidad es que como el Parlamento sigue siendo est\u00e9ril, s\u00f3lo una reacci\u00f3n c\u00edvica puede enmendar esta injusticia. &nbsp;<\/p>\n","protected":false},"author":78,"featured_media":71678,"comment_status":"open","ping_status":"open","sticky":false,"template":"","format":"standard","meta":{"_FSMCFIC_featured_image_caption":"","_FSMCFIC_featured_image_nocaption":"","_FSMCFIC_featured_image_hide":"","footnotes":""},"categories":[806],"tags":[1199,1276],"class_list":["post-71690","post","type-post","status-publish","format-standard","has-post-thumbnail","hentry","category-punts-claus-del-dia-es","tag-fiscalidad","tag-impuestos"],"yoast_head":"<!-- This site is optimized with the Yoast SEO plugin v26.8 - https:\/\/yoast.com\/product\/yoast-seo-wordpress\/ -->\n<title>\u00bfPor qu\u00e9 los catalanes somos los que m\u00e1s pagamos a nuestro gobierno?<\/title>\n<meta name=\"robots\" content=\"index, follow, max-snippet:-1, max-image-preview:large, max-video-preview:-1\" \/>\n<link rel=\"canonical\" href=\"https:\/\/conversesacatalunya.cat\/es\/por-que-los-catalanes-somos-los-que-mas-pagamos-a-nuestro-gobierno\/\" \/>\n<meta property=\"og:locale\" content=\"es_ES\" \/>\n<meta property=\"og:type\" content=\"article\" \/>\n<meta property=\"og:title\" content=\"\u00bfPor qu\u00e9 los catalanes somos los que m\u00e1s pagamos a nuestro gobierno?\" \/>\n<meta property=\"og:description\" content=\"Hay una realidad que deber\u00eda mover a un intenso debate c\u00edvico y que no es otra que el escandaloso hecho de que\u00a0los catalanes somos los que pagamos m\u00e1s con diferencia a nuestro gobierno auton\u00f3mico, a la Generalitat.\u00a0Quienes todo lo justifican, afirman que esto se debe a la mala financiaci\u00f3n catalana, pero el problema empieza cuando se constata que no hay relaci\u00f3n entre comunidad aut\u00f3noma mal financiada e impuestos propios mayores o menores. Por ejemplo,\u00a0Cantabria\u00a0tiene una muy buena financiaci\u00f3n, pero con varios tipos impositivos como el IRPF se sit\u00faa por encima de la media espa\u00f1ola.\u00a0Por otra parte, autonom\u00edas peor financiadas que la catalana, como Baleares, la Comunidad Valenciana y no digamos ya Madrid, tienen presiones fiscales auton\u00f3micas mucho m\u00e1s bajas que la catalana.\u00a0Por ejemplo, el IRPF de la Comunidad Valenciana est\u00e1 en la d\u00e9cima posici\u00f3n considerando la hip\u00f3tesis de que se paga sobre los 45.000 euros, mientras que Catalu\u00f1a se sit\u00faa en el segundo lugar. Otra justificaci\u00f3n ser\u00eda que disponemos de prestaciones mucho mejores que las dem\u00e1s comunidades aut\u00f3nomas, pero exactamente ocurre lo contrario.\u00a0En todos los ep\u00edgrafes que se consideren estamos a la cola, incluso en las listas de espera sean las que sean, resultados en educaci\u00f3n, precios de las matr\u00edculas universitarias, ayudas a la dependencia, vivienda social y todo lo que se quiera a\u00f1adir a esta lista. Pero antes de ir m\u00e1s all\u00e1, consideremos cu\u00e1l es el ranking de las comunidades que m\u00e1s pagan Continuando con el eje del IRPF\u00a0sobre 45.000 euros, Navarra, que record\u00e9moslo tiene un sistema foral, est\u00e1 en primer lugar con 9.708 euros y Catalu\u00f1a aparece segunda con 9.691 euros. Las dos que siguen en nuestro pa\u00eds, Extremadura y Cantabria, perder\u00e1n posiciones claramente el pr\u00f3ximo a\u00f1o porque con el cambio de gobierno auton\u00f3mico se producir\u00e1 una anunciada subida de impuestos. Cabe a\u00f1adir que la media espa\u00f1ola est\u00e1 en 9.337,5 euros. Por tanto,\u00a0los catalanes pagamos a nuestro gobierno bastante m\u00e1s de lo que cada habitante de autonom\u00eda paga a la suya.\u00a0Si descontamos las 3 \u00faltimas que corresponden a Pa\u00eds Vasco, Vizcaya, \u00c1lava y Guip\u00fazcoa, que son las que pagan menos de Espa\u00f1a, y aqu\u00ed s\u00ed se nota el concierto, la siguiente es Madrid, con s\u00f3lo 8.974.5 euros.\u00a0Una diferencia de 800 euros casi con Catalunya. Si consideramos el\u00a0patrimonio, tambi\u00e9n utilizando un valor de comparaci\u00f3n medio, de 800.000 euros, Catalu\u00f1a est\u00e1 en el tercer lugar y paga 769,5 euros, Precedidos de la Comunidad Valenciana con 909, y Arag\u00f3n con 1.164.\u00a0La media espa\u00f1ola est\u00e1 muy lejos de esa cifra con 271,5.\u00a0Hay 6 comunidades aut\u00f3nomas en las que no existe este impuesto: Madrid, Andaluc\u00eda, Murcia, Extremadura, Vizcaya y \u00c1lava.\u00a0En Guip\u00fazcoa, que lo mantiene, es peque\u00f1o, de 200 euros. Y todav\u00eda es inferior el de Galicia con 100. Para el\u00a0impuesto de sucesiones sobre 800.000 euros, el primer puesto lo ocupa Asturias con 103.000 de importe a liquidar, seguido de Arag\u00f3n con 55.467, y tercera Catalu\u00f1a con 32.342, que es pr\u00e1cticamente el doble de la media espa\u00f1ola, que est\u00e1 en 15.828 euros, pero que es un valor que no expresa bien la distribuci\u00f3n porque las comunidades aut\u00f3nomas de inmediato por debajo, provincias en el caso del Pa\u00eds Vasco, s\u00f3lo alcanzan los 3.150.\u00a0Madrid se sit\u00faa en 1.586 y 4 autonom\u00edas carecen de este impuesto: Galicia, Cantabria, Baleares y Andaluc\u00eda.\u00a0Adem\u00e1s Arag\u00f3n, que ya hemos dicho que ocupa la 2\u00aa posici\u00f3n, lo reducir\u00e1 el pr\u00f3ximo a\u00f1o cuando se aplique la medida establecida por el nuevo gobierno del PP. Por \u00faltimo, en relaci\u00f3n con el\u00a0impuesto por transmisiones patrimoniales\u00a0considerado sobre 150.000 euros, Catalu\u00f1a y Cantabria ocupan el primer puesto con 15.000 de impuesto, es decir un 10%.\u00a0Pero consid\u00e9rese\u00a0que, como hemos visto con el de sucesiones, en Cantabria no exist\u00eda ning\u00fan tipo de imposici\u00f3n fiscal, por tanto, una vez m\u00e1s Catalu\u00f1a emerge con fuerza. Y los puestos m\u00e1s bajos corresponden a Madrid, Comunidad Valenciana y Navarra con 9.000.\u00a0Y cierra la lista Baleares con 6.000. Hay claramente un abuso fiscal en Catalu\u00f1a o una deficiente gesti\u00f3n de la administraci\u00f3n de la Generalitat, o ambas cosas a la vez.\u00a0Y \u00e9sta es una evidencia a abordar.\u00a0La realidad es que como el Parlamento sigue siendo est\u00e9ril, s\u00f3lo una reacci\u00f3n c\u00edvica puede enmendar esta injusticia. &nbsp;\" \/>\n<meta property=\"og:url\" content=\"https:\/\/conversesacatalunya.cat\/es\/por-que-los-catalanes-somos-los-que-mas-pagamos-a-nuestro-gobierno\/\" \/>\n<meta property=\"og:site_name\" content=\"Converses a Catalunya\" \/>\n<meta property=\"article:published_time\" content=\"2023-10-19T10:17:05+00:00\" \/>\n<meta property=\"article:modified_time\" content=\"2023-10-19T12:28:49+00:00\" \/>\n<meta property=\"og:image\" content=\"https:\/\/conversesacatalunya.cat\/wp-content\/uploads\/2023\/10\/impostos-generalitat.jpg\" \/>\n\t<meta property=\"og:image:width\" content=\"551\" \/>\n\t<meta property=\"og:image:height\" content=\"367\" \/>\n\t<meta property=\"og:image:type\" content=\"image\/jpeg\" \/>\n<meta name=\"author\" content=\"Joan Masip\" \/>\n<meta name=\"twitter:card\" content=\"summary_large_image\" \/>\n<meta name=\"twitter:label1\" content=\"Escrito por\" \/>\n\t<meta name=\"twitter:data1\" content=\"Joan Masip\" \/>\n\t<meta name=\"twitter:label2\" content=\"Tiempo de lectura\" \/>\n\t<meta name=\"twitter:data2\" content=\"4 minutos\" \/>\n<script type=\"application\/ld+json\" class=\"yoast-schema-graph\">{\"@context\":\"https:\/\/schema.org\",\"@graph\":[{\"@type\":\"Article\",\"@id\":\"https:\/\/conversesacatalunya.cat\/es\/por-que-los-catalanes-somos-los-que-mas-pagamos-a-nuestro-gobierno\/#article\",\"isPartOf\":{\"@id\":\"https:\/\/conversesacatalunya.cat\/es\/por-que-los-catalanes-somos-los-que-mas-pagamos-a-nuestro-gobierno\/\"},\"author\":{\"name\":\"Joan Masip\",\"@id\":\"https:\/\/conversesacatalunya.cat\/#\/schema\/person\/311d0bf53def217d5124c78a7bc42275\"},\"headline\":\"\u00bfPor qu\u00e9 los catalanes somos los que m\u00e1s pagamos a nuestro gobierno?\",\"datePublished\":\"2023-10-19T10:17:05+00:00\",\"dateModified\":\"2023-10-19T12:28:49+00:00\",\"mainEntityOfPage\":{\"@id\":\"https:\/\/conversesacatalunya.cat\/es\/por-que-los-catalanes-somos-los-que-mas-pagamos-a-nuestro-gobierno\/\"},\"wordCount\":777,\"commentCount\":0,\"image\":{\"@id\":\"https:\/\/conversesacatalunya.cat\/es\/por-que-los-catalanes-somos-los-que-mas-pagamos-a-nuestro-gobierno\/#primaryimage\"},\"thumbnailUrl\":\"https:\/\/conversesacatalunya.cat\/wp-content\/uploads\/2023\/10\/impostos-generalitat.jpg\",\"keywords\":[\"Fiscalidad\",\"Impuestos\"],\"articleSection\":[\"Punts clau del dia (ES)\"],\"inLanguage\":\"es\",\"potentialAction\":[{\"@type\":\"CommentAction\",\"name\":\"Comment\",\"target\":[\"https:\/\/conversesacatalunya.cat\/es\/por-que-los-catalanes-somos-los-que-mas-pagamos-a-nuestro-gobierno\/#respond\"]}]},{\"@type\":\"WebPage\",\"@id\":\"https:\/\/conversesacatalunya.cat\/es\/por-que-los-catalanes-somos-los-que-mas-pagamos-a-nuestro-gobierno\/\",\"url\":\"https:\/\/conversesacatalunya.cat\/es\/por-que-los-catalanes-somos-los-que-mas-pagamos-a-nuestro-gobierno\/\",\"name\":\"\u00bfPor qu\u00e9 los catalanes somos los que m\u00e1s pagamos a nuestro gobierno?\",\"isPartOf\":{\"@id\":\"https:\/\/conversesacatalunya.cat\/#website\"},\"primaryImageOfPage\":{\"@id\":\"https:\/\/conversesacatalunya.cat\/es\/por-que-los-catalanes-somos-los-que-mas-pagamos-a-nuestro-gobierno\/#primaryimage\"},\"image\":{\"@id\":\"https:\/\/conversesacatalunya.cat\/es\/por-que-los-catalanes-somos-los-que-mas-pagamos-a-nuestro-gobierno\/#primaryimage\"},\"thumbnailUrl\":\"https:\/\/conversesacatalunya.cat\/wp-content\/uploads\/2023\/10\/impostos-generalitat.jpg\",\"datePublished\":\"2023-10-19T10:17:05+00:00\",\"dateModified\":\"2023-10-19T12:28:49+00:00\",\"author\":{\"@id\":\"https:\/\/conversesacatalunya.cat\/#\/schema\/person\/311d0bf53def217d5124c78a7bc42275\"},\"breadcrumb\":{\"@id\":\"https:\/\/conversesacatalunya.cat\/es\/por-que-los-catalanes-somos-los-que-mas-pagamos-a-nuestro-gobierno\/#breadcrumb\"},\"inLanguage\":\"es\",\"potentialAction\":[{\"@type\":\"ReadAction\",\"target\":[\"https:\/\/conversesacatalunya.cat\/es\/por-que-los-catalanes-somos-los-que-mas-pagamos-a-nuestro-gobierno\/\"]}]},{\"@type\":\"ImageObject\",\"inLanguage\":\"es\",\"@id\":\"https:\/\/conversesacatalunya.cat\/es\/por-que-los-catalanes-somos-los-que-mas-pagamos-a-nuestro-gobierno\/#primaryimage\",\"url\":\"https:\/\/conversesacatalunya.cat\/wp-content\/uploads\/2023\/10\/impostos-generalitat.jpg\",\"contentUrl\":\"https:\/\/conversesacatalunya.cat\/wp-content\/uploads\/2023\/10\/impostos-generalitat.jpg\",\"width\":551,\"height\":367,\"caption\":\"impostos\"},{\"@type\":\"BreadcrumbList\",\"@id\":\"https:\/\/conversesacatalunya.cat\/es\/por-que-los-catalanes-somos-los-que-mas-pagamos-a-nuestro-gobierno\/#breadcrumb\",\"itemListElement\":[{\"@type\":\"ListItem\",\"position\":1,\"name\":\"Inici\",\"item\":\"https:\/\/conversesacatalunya.cat\/es\/\"},{\"@type\":\"ListItem\",\"position\":2,\"name\":\"\u00bfPor qu\u00e9 los catalanes somos los que m\u00e1s pagamos a nuestro gobierno?\"}]},{\"@type\":\"WebSite\",\"@id\":\"https:\/\/conversesacatalunya.cat\/#website\",\"url\":\"https:\/\/conversesacatalunya.cat\/\",\"name\":\"Converses a Catalunya\",\"description\":\"\",\"potentialAction\":[{\"@type\":\"SearchAction\",\"target\":{\"@type\":\"EntryPoint\",\"urlTemplate\":\"https:\/\/conversesacatalunya.cat\/?s={search_term_string}\"},\"query-input\":{\"@type\":\"PropertyValueSpecification\",\"valueRequired\":true,\"valueName\":\"search_term_string\"}}],\"inLanguage\":\"es\"},{\"@type\":\"Person\",\"@id\":\"https:\/\/conversesacatalunya.cat\/#\/schema\/person\/311d0bf53def217d5124c78a7bc42275\",\"name\":\"Joan Masip\",\"image\":{\"@type\":\"ImageObject\",\"inLanguage\":\"es\",\"@id\":\"https:\/\/conversesacatalunya.cat\/#\/schema\/person\/image\/\",\"url\":\"https:\/\/conversesacatalunya.cat\/wp-content\/litespeed\/avatar\/fa67b994763cff7d443f54b63ec96481.jpg?ver=1777372547\",\"contentUrl\":\"https:\/\/conversesacatalunya.cat\/wp-content\/litespeed\/avatar\/fa67b994763cff7d443f54b63ec96481.jpg?ver=1777372547\",\"caption\":\"Joan Masip\"},\"url\":\"https:\/\/conversesacatalunya.cat\/es\/author\/joan-masip\/\"}]}<\/script>\n<!-- \/ Yoast SEO plugin. -->","yoast_head_json":{"title":"\u00bfPor qu\u00e9 los catalanes somos los que m\u00e1s pagamos a nuestro gobierno?","robots":{"index":"index","follow":"follow","max-snippet":"max-snippet:-1","max-image-preview":"max-image-preview:large","max-video-preview":"max-video-preview:-1"},"canonical":"https:\/\/conversesacatalunya.cat\/es\/por-que-los-catalanes-somos-los-que-mas-pagamos-a-nuestro-gobierno\/","og_locale":"es_ES","og_type":"article","og_title":"\u00bfPor qu\u00e9 los catalanes somos los que m\u00e1s pagamos a nuestro gobierno?","og_description":"Hay una realidad que deber\u00eda mover a un intenso debate c\u00edvico y que no es otra que el escandaloso hecho de que\u00a0los catalanes somos los que pagamos m\u00e1s con diferencia a nuestro gobierno auton\u00f3mico, a la Generalitat.\u00a0Quienes todo lo justifican, afirman que esto se debe a la mala financiaci\u00f3n catalana, pero el problema empieza cuando se constata que no hay relaci\u00f3n entre comunidad aut\u00f3noma mal financiada e impuestos propios mayores o menores. Por ejemplo,\u00a0Cantabria\u00a0tiene una muy buena financiaci\u00f3n, pero con varios tipos impositivos como el IRPF se sit\u00faa por encima de la media espa\u00f1ola.\u00a0Por otra parte, autonom\u00edas peor financiadas que la catalana, como Baleares, la Comunidad Valenciana y no digamos ya Madrid, tienen presiones fiscales auton\u00f3micas mucho m\u00e1s bajas que la catalana.\u00a0Por ejemplo, el IRPF de la Comunidad Valenciana est\u00e1 en la d\u00e9cima posici\u00f3n considerando la hip\u00f3tesis de que se paga sobre los 45.000 euros, mientras que Catalu\u00f1a se sit\u00faa en el segundo lugar. Otra justificaci\u00f3n ser\u00eda que disponemos de prestaciones mucho mejores que las dem\u00e1s comunidades aut\u00f3nomas, pero exactamente ocurre lo contrario.\u00a0En todos los ep\u00edgrafes que se consideren estamos a la cola, incluso en las listas de espera sean las que sean, resultados en educaci\u00f3n, precios de las matr\u00edculas universitarias, ayudas a la dependencia, vivienda social y todo lo que se quiera a\u00f1adir a esta lista. Pero antes de ir m\u00e1s all\u00e1, consideremos cu\u00e1l es el ranking de las comunidades que m\u00e1s pagan Continuando con el eje del IRPF\u00a0sobre 45.000 euros, Navarra, que record\u00e9moslo tiene un sistema foral, est\u00e1 en primer lugar con 9.708 euros y Catalu\u00f1a aparece segunda con 9.691 euros. Las dos que siguen en nuestro pa\u00eds, Extremadura y Cantabria, perder\u00e1n posiciones claramente el pr\u00f3ximo a\u00f1o porque con el cambio de gobierno auton\u00f3mico se producir\u00e1 una anunciada subida de impuestos. Cabe a\u00f1adir que la media espa\u00f1ola est\u00e1 en 9.337,5 euros. Por tanto,\u00a0los catalanes pagamos a nuestro gobierno bastante m\u00e1s de lo que cada habitante de autonom\u00eda paga a la suya.\u00a0Si descontamos las 3 \u00faltimas que corresponden a Pa\u00eds Vasco, Vizcaya, \u00c1lava y Guip\u00fazcoa, que son las que pagan menos de Espa\u00f1a, y aqu\u00ed s\u00ed se nota el concierto, la siguiente es Madrid, con s\u00f3lo 8.974.5 euros.\u00a0Una diferencia de 800 euros casi con Catalunya. Si consideramos el\u00a0patrimonio, tambi\u00e9n utilizando un valor de comparaci\u00f3n medio, de 800.000 euros, Catalu\u00f1a est\u00e1 en el tercer lugar y paga 769,5 euros, Precedidos de la Comunidad Valenciana con 909, y Arag\u00f3n con 1.164.\u00a0La media espa\u00f1ola est\u00e1 muy lejos de esa cifra con 271,5.\u00a0Hay 6 comunidades aut\u00f3nomas en las que no existe este impuesto: Madrid, Andaluc\u00eda, Murcia, Extremadura, Vizcaya y \u00c1lava.\u00a0En Guip\u00fazcoa, que lo mantiene, es peque\u00f1o, de 200 euros. Y todav\u00eda es inferior el de Galicia con 100. Para el\u00a0impuesto de sucesiones sobre 800.000 euros, el primer puesto lo ocupa Asturias con 103.000 de importe a liquidar, seguido de Arag\u00f3n con 55.467, y tercera Catalu\u00f1a con 32.342, que es pr\u00e1cticamente el doble de la media espa\u00f1ola, que est\u00e1 en 15.828 euros, pero que es un valor que no expresa bien la distribuci\u00f3n porque las comunidades aut\u00f3nomas de inmediato por debajo, provincias en el caso del Pa\u00eds Vasco, s\u00f3lo alcanzan los 3.150.\u00a0Madrid se sit\u00faa en 1.586 y 4 autonom\u00edas carecen de este impuesto: Galicia, Cantabria, Baleares y Andaluc\u00eda.\u00a0Adem\u00e1s Arag\u00f3n, que ya hemos dicho que ocupa la 2\u00aa posici\u00f3n, lo reducir\u00e1 el pr\u00f3ximo a\u00f1o cuando se aplique la medida establecida por el nuevo gobierno del PP. Por \u00faltimo, en relaci\u00f3n con el\u00a0impuesto por transmisiones patrimoniales\u00a0considerado sobre 150.000 euros, Catalu\u00f1a y Cantabria ocupan el primer puesto con 15.000 de impuesto, es decir un 10%.\u00a0Pero consid\u00e9rese\u00a0que, como hemos visto con el de sucesiones, en Cantabria no exist\u00eda ning\u00fan tipo de imposici\u00f3n fiscal, por tanto, una vez m\u00e1s Catalu\u00f1a emerge con fuerza. Y los puestos m\u00e1s bajos corresponden a Madrid, Comunidad Valenciana y Navarra con 9.000.\u00a0Y cierra la lista Baleares con 6.000. Hay claramente un abuso fiscal en Catalu\u00f1a o una deficiente gesti\u00f3n de la administraci\u00f3n de la Generalitat, o ambas cosas a la vez.\u00a0Y \u00e9sta es una evidencia a abordar.\u00a0La realidad es que como el Parlamento sigue siendo est\u00e9ril, s\u00f3lo una reacci\u00f3n c\u00edvica puede enmendar esta injusticia. &nbsp;","og_url":"https:\/\/conversesacatalunya.cat\/es\/por-que-los-catalanes-somos-los-que-mas-pagamos-a-nuestro-gobierno\/","og_site_name":"Converses a Catalunya","article_published_time":"2023-10-19T10:17:05+00:00","article_modified_time":"2023-10-19T12:28:49+00:00","og_image":[{"width":551,"height":367,"url":"https:\/\/conversesacatalunya.cat\/wp-content\/uploads\/2023\/10\/impostos-generalitat.jpg","type":"image\/jpeg"}],"author":"Joan Masip","twitter_card":"summary_large_image","twitter_misc":{"Escrito por":"Joan Masip","Tiempo de lectura":"4 minutos"},"schema":{"@context":"https:\/\/schema.org","@graph":[{"@type":"Article","@id":"https:\/\/conversesacatalunya.cat\/es\/por-que-los-catalanes-somos-los-que-mas-pagamos-a-nuestro-gobierno\/#article","isPartOf":{"@id":"https:\/\/conversesacatalunya.cat\/es\/por-que-los-catalanes-somos-los-que-mas-pagamos-a-nuestro-gobierno\/"},"author":{"name":"Joan Masip","@id":"https:\/\/conversesacatalunya.cat\/#\/schema\/person\/311d0bf53def217d5124c78a7bc42275"},"headline":"\u00bfPor qu\u00e9 los catalanes somos los que m\u00e1s pagamos a nuestro gobierno?","datePublished":"2023-10-19T10:17:05+00:00","dateModified":"2023-10-19T12:28:49+00:00","mainEntityOfPage":{"@id":"https:\/\/conversesacatalunya.cat\/es\/por-que-los-catalanes-somos-los-que-mas-pagamos-a-nuestro-gobierno\/"},"wordCount":777,"commentCount":0,"image":{"@id":"https:\/\/conversesacatalunya.cat\/es\/por-que-los-catalanes-somos-los-que-mas-pagamos-a-nuestro-gobierno\/#primaryimage"},"thumbnailUrl":"https:\/\/conversesacatalunya.cat\/wp-content\/uploads\/2023\/10\/impostos-generalitat.jpg","keywords":["Fiscalidad","Impuestos"],"articleSection":["Punts clau del dia (ES)"],"inLanguage":"es","potentialAction":[{"@type":"CommentAction","name":"Comment","target":["https:\/\/conversesacatalunya.cat\/es\/por-que-los-catalanes-somos-los-que-mas-pagamos-a-nuestro-gobierno\/#respond"]}]},{"@type":"WebPage","@id":"https:\/\/conversesacatalunya.cat\/es\/por-que-los-catalanes-somos-los-que-mas-pagamos-a-nuestro-gobierno\/","url":"https:\/\/conversesacatalunya.cat\/es\/por-que-los-catalanes-somos-los-que-mas-pagamos-a-nuestro-gobierno\/","name":"\u00bfPor qu\u00e9 los catalanes somos los que m\u00e1s pagamos a nuestro gobierno?","isPartOf":{"@id":"https:\/\/conversesacatalunya.cat\/#website"},"primaryImageOfPage":{"@id":"https:\/\/conversesacatalunya.cat\/es\/por-que-los-catalanes-somos-los-que-mas-pagamos-a-nuestro-gobierno\/#primaryimage"},"image":{"@id":"https:\/\/conversesacatalunya.cat\/es\/por-que-los-catalanes-somos-los-que-mas-pagamos-a-nuestro-gobierno\/#primaryimage"},"thumbnailUrl":"https:\/\/conversesacatalunya.cat\/wp-content\/uploads\/2023\/10\/impostos-generalitat.jpg","datePublished":"2023-10-19T10:17:05+00:00","dateModified":"2023-10-19T12:28:49+00:00","author":{"@id":"https:\/\/conversesacatalunya.cat\/#\/schema\/person\/311d0bf53def217d5124c78a7bc42275"},"breadcrumb":{"@id":"https:\/\/conversesacatalunya.cat\/es\/por-que-los-catalanes-somos-los-que-mas-pagamos-a-nuestro-gobierno\/#breadcrumb"},"inLanguage":"es","potentialAction":[{"@type":"ReadAction","target":["https:\/\/conversesacatalunya.cat\/es\/por-que-los-catalanes-somos-los-que-mas-pagamos-a-nuestro-gobierno\/"]}]},{"@type":"ImageObject","inLanguage":"es","@id":"https:\/\/conversesacatalunya.cat\/es\/por-que-los-catalanes-somos-los-que-mas-pagamos-a-nuestro-gobierno\/#primaryimage","url":"https:\/\/conversesacatalunya.cat\/wp-content\/uploads\/2023\/10\/impostos-generalitat.jpg","contentUrl":"https:\/\/conversesacatalunya.cat\/wp-content\/uploads\/2023\/10\/impostos-generalitat.jpg","width":551,"height":367,"caption":"impostos"},{"@type":"BreadcrumbList","@id":"https:\/\/conversesacatalunya.cat\/es\/por-que-los-catalanes-somos-los-que-mas-pagamos-a-nuestro-gobierno\/#breadcrumb","itemListElement":[{"@type":"ListItem","position":1,"name":"Inici","item":"https:\/\/conversesacatalunya.cat\/es\/"},{"@type":"ListItem","position":2,"name":"\u00bfPor qu\u00e9 los catalanes somos los que m\u00e1s pagamos a nuestro gobierno?"}]},{"@type":"WebSite","@id":"https:\/\/conversesacatalunya.cat\/#website","url":"https:\/\/conversesacatalunya.cat\/","name":"Converses a Catalunya","description":"","potentialAction":[{"@type":"SearchAction","target":{"@type":"EntryPoint","urlTemplate":"https:\/\/conversesacatalunya.cat\/?s={search_term_string}"},"query-input":{"@type":"PropertyValueSpecification","valueRequired":true,"valueName":"search_term_string"}}],"inLanguage":"es"},{"@type":"Person","@id":"https:\/\/conversesacatalunya.cat\/#\/schema\/person\/311d0bf53def217d5124c78a7bc42275","name":"Joan Masip","image":{"@type":"ImageObject","inLanguage":"es","@id":"https:\/\/conversesacatalunya.cat\/#\/schema\/person\/image\/","url":"https:\/\/conversesacatalunya.cat\/wp-content\/litespeed\/avatar\/fa67b994763cff7d443f54b63ec96481.jpg?ver=1777372547","contentUrl":"https:\/\/conversesacatalunya.cat\/wp-content\/litespeed\/avatar\/fa67b994763cff7d443f54b63ec96481.jpg?ver=1777372547","caption":"Joan Masip"},"url":"https:\/\/conversesacatalunya.cat\/es\/author\/joan-masip\/"}]}},"wps_subtitle":"Hay claramente un abuso fiscal en Catalu\u00f1a o una deficiente gesti\u00f3n de la administraci\u00f3n de la Generalitat","_links":{"self":[{"href":"https:\/\/conversesacatalunya.cat\/es\/wp-json\/wp\/v2\/posts\/71690","targetHints":{"allow":["GET"]}}],"collection":[{"href":"https:\/\/conversesacatalunya.cat\/es\/wp-json\/wp\/v2\/posts"}],"about":[{"href":"https:\/\/conversesacatalunya.cat\/es\/wp-json\/wp\/v2\/types\/post"}],"author":[{"embeddable":true,"href":"https:\/\/conversesacatalunya.cat\/es\/wp-json\/wp\/v2\/users\/78"}],"replies":[{"embeddable":true,"href":"https:\/\/conversesacatalunya.cat\/es\/wp-json\/wp\/v2\/comments?post=71690"}],"version-history":[{"count":2,"href":"https:\/\/conversesacatalunya.cat\/es\/wp-json\/wp\/v2\/posts\/71690\/revisions"}],"predecessor-version":[{"id":71692,"href":"https:\/\/conversesacatalunya.cat\/es\/wp-json\/wp\/v2\/posts\/71690\/revisions\/71692"}],"wp:featuredmedia":[{"embeddable":true,"href":"https:\/\/conversesacatalunya.cat\/es\/wp-json\/wp\/v2\/media\/71678"}],"wp:attachment":[{"href":"https:\/\/conversesacatalunya.cat\/es\/wp-json\/wp\/v2\/media?parent=71690"}],"wp:term":[{"taxonomy":"category","embeddable":true,"href":"https:\/\/conversesacatalunya.cat\/es\/wp-json\/wp\/v2\/categories?post=71690"},{"taxonomy":"post_tag","embeddable":true,"href":"https:\/\/conversesacatalunya.cat\/es\/wp-json\/wp\/v2\/tags?post=71690"}],"curies":[{"name":"wp","href":"https:\/\/api.w.org\/{rel}","templated":true}]}}