{"id":71508,"date":"2023-10-16T09:00:48","date_gmt":"2023-10-16T07:00:48","guid":{"rendered":"https:\/\/conversesacatalunya.cat\/?p=71508"},"modified":"2023-10-19T09:15:44","modified_gmt":"2023-10-19T07:15:44","slug":"horizonte-2030-hacia-una-ue-mejor-gobernada-y-mayor-dimension","status":"publish","type":"post","link":"https:\/\/conversesacatalunya.cat\/es\/horizonte-2030-hacia-una-ue-mejor-gobernada-y-mayor-dimension\/","title":{"rendered":"Horizonte 2030. Hacia una Uni\u00f3n Europea mejor gobernada y de mayor dimensi\u00f3n"},"content":{"rendered":"<p>Las dos recientes cumbres europeas<strong><a href=\"https:\/\/conversesacatalunya.cat\/es\/resultados-pobres-cumbres-lideres-europeos\/\" target=\"_blank\" rel=\"noopener\"> celebradas en Granada<\/a><\/strong>-Comunidad Pol\u00edtica Europea (CPE) y Consejo Europeo informal- no han producido grandes resultados, pero por lo menos han dibujado un horizonte 2030 basado en<strong> dos objetivos a alcanzar por parte de la UE a lo largo de los seis a\u00f1os que quedan de d\u00e9cada<\/strong>.<\/p>\n<p><strong>El primero<\/strong> es una reforma de los Tratados que permita una mejor gobernanza y<strong> el segundo<\/strong> es una ampliaci\u00f3n substancial al Este de la UE que incluya Ucrania y los Balcanes Occidentales, hasta alcanzar los 36 o m\u00e1s estados miembros.<\/p>\n<h4><strong>En Bruselas existe el convencimiento de que la UE se dirige decididamente a ser m\u00e1s grande y a ser mejor gestionada,<em> bigger and better <\/em>es ahora la consigna.<\/strong><\/h4>\n<p>Despu\u00e9s de las cumbres que acaban de tener lugar en Granada en el marco de la presidencia rotatoria espa\u00f1ola de la UE (junio-diciembre de 2023), a partir de ahora la tarea clave de los <em>think tanks<\/em> basados en Bruselas consiste en prever y analizar lo que podr\u00e1 dar de si la pr\u00f3xima legislatura europea (2024-2029), que iniciar\u00e1 su andadura despu\u00e9s de celebradas las elecciones al Parlamento Europeo el pr\u00f3ximo mes de junio.<\/p>\n<p><strong>Setenta a\u00f1os despu\u00e9s de la fundaci\u00f3n de la UE (Declaraci\u00f3n Schuman, 9 de mayo de 1950) <\/strong>y de su impecable narrativa de paz (\u201cnunca m\u00e1s guerra entre naciones europeas\u201c), la guerra ha regresado al continente. Como consecuencia de los desastres de la guerra de Ucrania, <strong>algo parecido al sentimiento fundacional que movi\u00f3 a los Padres de Europa ha vuelto a renacer en la capital comunitaria.<\/strong><\/p>\n<h3><strong>Nueva ampliaci\u00f3n de la UE<\/strong><\/h3>\n<p><strong>Lo que ahora est\u00e1 sobre la mesa es una nueva ampliaci\u00f3n de la UE que abra la puerta a por lo menos nueve estados del Este de Europa<\/strong> (Ucrania, Moldavia, Albania, Georgia, Serbia, Kosovo, Bosnia-Herzegovina, Macedonia del Norte y Montenegro).<\/p>\n<p>Mediante el acceso al club de democracias pac\u00edficas y pr\u00f3speras m\u00e1s exitoso del mundo, se piensa reconstruir una Ucrania en ruinas como consecuencia de la guerra y ofrecer una nueva y prometedora ruta europea a todos los pa\u00edses aspirantes.<\/p>\n<p><strong>La nueva ampliaci\u00f3n ser\u00e1 tambi\u00e9n un acontecimiento hist\u00f3rico para la propia UE.<\/strong> Se completar\u00e1 una gran uni\u00f3n continental y se acabar\u00e1 un proceso de integraci\u00f3n que se inici\u00f3 despu\u00e9s de la Segunda Guerra Mundial. <strong>La forma definitiva de la uni\u00f3n se habr\u00e1 pr\u00e1cticamente alcanzado<\/strong>. Quiz\u00e1s alg\u00fan d\u00eda el Reino Unido regrese al redil y el resto de los estados todav\u00eda no miembros -como Noruega, Suiza o Islandia- soliciten la adhesi\u00f3n.<\/p>\n<p><strong>Para que todo ello funcione, se necesitan profundas reformas de los Tratados de la UE<\/strong> que garanticen una buena gesti\u00f3n de la nueva entidad pol\u00edtica ampliada. <strong>Se necesitar\u00e1 revisar a fondo el proceso de toma de decisiones y abandonar la regla de la unanimidad y el derecho de veto en aras de nuevas mayor\u00edas cualificadas. <\/strong><\/p>\n<h4>El \u00faltimo estado en entrar fue Croacia, hace una d\u00e9cada. Desde entonces, la ampliaci\u00f3n no ha estado en la agenda, m\u00e1s bien todo lo contrario, en Bruselas se experimentaba una \u201cfatiga\u201c en relaci\u00f3n con el tema, pero ahora la necesidad de una nueva gran ampliaci\u00f3n ha vuelto a galope.<\/h4>\n<p>Hay que tener en cuenta que la pol\u00edtica comunitaria m\u00e1s exitosa ha sido precisamente la pol\u00edtica de ampliaci\u00f3n.<strong> Los calificados como <em>grands projets<\/em> de la historia de la UE son<\/strong> la uni\u00f3n aduanera (1968), el mercado com\u00fan ampliado a mercado interior \u00fanico (1992) y el euro (1999), pero hay que reconocer que su valor e importancia se debe al hecho de que han podido aplicarse a muchos m\u00e1s pa\u00edses que solamente a los primeros seis pa\u00edses fundadores de la UE.<\/p>\n<p><strong>La futura ampliaci\u00f3n al Este va a proporcionar a la UE mucha m\u00e1s fuerza geopol\u00edtica<\/strong>. Incluso el antes esc\u00e9ptico presidente franc\u00e9s, Emmanuel Macron, ha acabado por reconocerlo.<\/p>\n<blockquote><p><strong>todos los pa\u00edses aspirantes son considerados solamente como \u201cparcialmente libres\u201d<\/strong><\/p><\/blockquote>\n<p><strong>La UE no puede seguir manteniendo en la incertidumbre a los nueve pa\u00edses que quieren entrar cuanto antes.<\/strong> Dejarlos en una sala de espera o zona gris, abre la puerta a los que quieren desestabilizar el continente, empezando por la Rusia de Putin. Ninguno de los nueve que quieren entrar tendr\u00e1n el camino expedito. <strong>Georgia, Moldavia y Ucrania<\/strong> tienen tropas rusas dentro de sus territorios.\u00a0 <strong>Alemania<\/strong> tambi\u00e9n las tuvo hasta 1990. Seg\u00fan <em>Freedom House<\/em>, <em>think tank<\/em> norteamericano especializado en analizar la calidad democr\u00e1tica de los pa\u00edses, todos los pa\u00edses aspirantes son considerados solamente como \u201cparcialmente libres\u201d.<\/p>\n<h4><strong>La UE se acaba de comprometer por partida triple. <\/strong><\/h4>\n<p><strong>En primer lugar<\/strong>, ha lanzado un mensaje de esperanza dirigido a los pa\u00edses aspirantes, pero siempre que lleven a cabo las reformas necesarias para ser admitidos.<\/p>\n<p><strong>En segundo luga<\/strong>r, se ha comprometido a hacer sus propios deberes y llevar a cabo las reformas internas que se necesitan.<\/p>\n<p><strong>El tercer compromiso<\/strong> consiste en aprender de anteriores ampliaciones y evitar errores conocidos.<\/p>\n<p><strong>Si Europa aspira a contar en el mundo, necesita mostrar que tiene capacidad de actuar. Aplazar la ampliaci\u00f3n ser\u00eda un gran fracaso.<\/strong>\u00a0 A pesar de los horrores de la guerra, la verdad es que ha sido precisamente la guerra la que ha creado el \u00edmpetu en la UE de devenir m\u00e1s grande y consecuentemente de ser mejor gobernada.\u00a0 Ahora lo que hay que hacer es encontrar el camino correcto para que este \u00edmpetu se convierta en realidad.<\/p>\n<p><strong>El tablero geopol\u00edtico global se est\u00e1 moviendo. La invasi\u00f3n de Rusia est\u00e1 produciendo muchas realineaciones geopol\u00edticas, desde China a la India, pasando por Turqu\u00eda. <\/strong>Algunas pueden ser fugaces. Pero una que puede ser durable consiste en la posibilidad y la necesidad de un nuevo orden europeo.<\/p>\n<p><strong>Si se alcanza la ampliaci\u00f3n deseada, la UE se convertir\u00e1 en el bloque econ\u00f3mico mayor del mundo, en paridad con Estados Unidos<\/strong>. Para ello se necesitar\u00e1n profundas reformas tanto en el interior de la UE como por parte de los pa\u00edses aspirantes.<\/p>\n<p><strong>Pasar de un club de 27 a otro de 36 pa\u00edses miembros requiere grandes reformas<\/strong>. Entre ellas, cambiar el equilibrio de poder entre las instituciones centrales del bloque y las capitales nacionales.<\/p>\n<p><strong>La guerra de Ucrania ha alterado muchos c\u00e1lculos.<\/strong> Un diplom\u00e1tico de un pa\u00eds aspirante a la adhesi\u00f3n acaba de declarar lo siguiente: \u201cLa ampliaci\u00f3n antes se sustentaba en la esperanza, ahora se sustenta en el miedo; Rusia, Turqu\u00eda y China est\u00e1n entrometi\u00e9ndose en la regi\u00f3n de los Balcanes y hay que darse prisa\u201c.<\/p>\n<p><strong>Ucrania es el mayor pa\u00eds aspirante<\/strong>. <strong>Su reconstrucci\u00f3n posb\u00e9lica supondr\u00e1 un enorme esfuerzo inversor, que habr\u00e1 que planificar. <\/strong>Macron ha cambiado de parecer, ya no habla de que Ucrania \u201cdeber\u00e1 esperar varias d\u00e9cadas\u201c, ha aceptado el horizonte 2030 como meta final para llegar a la cifra 36 pa\u00edses miembros, o m\u00e1s. Alemania siempre la ha apoyado.<\/p>\n<h5><strong>En los pa\u00edses aspirantes existe corrupci\u00f3n, autocracia y escaso respeto al estado de derecho. Tienen mucho trabajo por delante para mejorar en todos estos aspectos.<\/strong><\/h5>\n<p>Existen muchos problemas sobre la mesa negociadora. <strong>Serbia<\/strong> se ha negado a aplicar sanciones a Rusia.\u00a0 <strong>Kosovo<\/strong> todav\u00eda no es reconocido como estado por varios pa\u00edses miembros de la UE, Espa\u00f1a entre ellos.\u00a0 <strong>Bosnia-Herzegovina<\/strong> se enfrenta de nuevo a graves problemas internos y choques identitarios.<\/p>\n<p>Otro diplom\u00e1tico balc\u00e1nico ha declarado: \u201cCreo que la UE ahora est\u00e1 preparada para la nueva ampliaci\u00f3n, pero veo muchas incertidumbres en nuestra regi\u00f3n\u201c.<\/p>\n<h5><strong>En Bruselas se sabe que, entre otros, dos grandes cambios internos son necesarios.<\/strong><\/h5>\n<p>Uno concierne al <strong>presupuesto. La UE<\/strong> tiene un presupuesto anual que supone alrededor de un 1,2 % de su PIB, lo que supone un total 1,8 billones de euros para el per\u00edodo presupuestario reglado de siete a\u00f1os. Este presupuesto deber\u00e1 ampliarse considerablemente en el caso de una UE ampliada a 36 o m\u00e1s pa\u00edses.<\/p>\n<p>Por otra parte, la famosa<strong> Pol\u00edtica Com\u00fan y las pol\u00edticas regionales y de cohesi\u00f3n,<\/strong> las dos mayores partidas presupuestarias, deber\u00e1n reestructurarse radicalmente.<\/p>\n<p><strong>La nueva ampliaci\u00f3n ser\u00e1 un gran tema de debate en el seno de la UE durante los pr\u00f3ximos a\u00f1os<\/strong>. El resultado final del intento est\u00e1 por escribir. En cualquier caso, el hecho de que la UE haya decidido firmemente emprender la nueva ampliaci\u00f3n es una se\u00f1al evidente de c\u00f3mo la guerra de Ucrania est\u00e1 teniendo impactos que van mucho m\u00e1s all\u00e1 de los campos de batalla.<\/p>\n<span class='bctt-click-to-tweet'><span class='bctt-ctt-text'><a href='https:\/\/twitter.com\/intent\/tweet?url=https%3A%2F%2Fconversesacatalunya.cat%2Fes%2Fhorizonte-2030-hacia-una-ue-mejor-gobernada-y-mayor-dimension%2F&#038;text=El%20hecho%20de%20que%20la%20UE%20haya%20decidido%20emprender%20la%20nueva%20ampliaci%C3%B3n%20es%20una%20se%C3%B1al%20evidente%20de%20c%C3%B3mo%20la%20guerra%20de%20Ucrania%20est%C3%A1%20teniendo%20impactos%20que%20van%20mucho%20m%C3%A1s%20all%C3%A1%20de%20los%20campos%20de%20batalla&#038;via=conversesacat&#038;related=conversesacat' target='_blank'rel=\"noopener noreferrer\">El hecho de que la UE haya decidido emprender la nueva ampliaci\u00f3n es una se\u00f1al evidente de c\u00f3mo la guerra de Ucrania est\u00e1 teniendo impactos que van mucho m\u00e1s all\u00e1 de los campos de batalla <\/a><\/span><a href='https:\/\/twitter.com\/intent\/tweet?url=https%3A%2F%2Fconversesacatalunya.cat%2Fes%2Fhorizonte-2030-hacia-una-ue-mejor-gobernada-y-mayor-dimension%2F&#038;text=El%20hecho%20de%20que%20la%20UE%20haya%20decidido%20emprender%20la%20nueva%20ampliaci%C3%B3n%20es%20una%20se%C3%B1al%20evidente%20de%20c%C3%B3mo%20la%20guerra%20de%20Ucrania%20est%C3%A1%20teniendo%20impactos%20que%20van%20mucho%20m%C3%A1s%20all%C3%A1%20de%20los%20campos%20de%20batalla&#038;via=conversesacat&#038;related=conversesacat' target='_blank' class='bctt-ctt-btn'rel=\"noopener noreferrer\">Compartir en X<\/a><\/span>\n<div id=\"polls-213\" class=\"wp-polls\">\n\t<form id=\"polls_form_213\" class=\"wp-polls-form\" action=\"\/index.php\" method=\"post\">\n\t\t<p style=\"display: none;\"><input type=\"hidden\" id=\"poll_213_nonce\" name=\"wp-polls-nonce\" value=\"4e55ee3511\" \/><\/p>\n\t\t<p style=\"display: none;\"><input type=\"hidden\" name=\"poll_id\" value=\"213\" \/><\/p>\n\t\t<p style=\"text-align: center\"><strong>Creus que el conflicte d'Israel amb Ham\u00e0s desencadenar\u00e0 una guerra m\u00e9s gran?<\/strong><\/p><div id=\"polls-213-ans\" class=\"wp-polls-ans\"><ul class=\"wp-polls-ul\">\n\t\t<li><input type=\"radio\" id=\"poll-answer-592\" name=\"poll_213\" value=\"592\" \/> <label for=\"poll-answer-592\">S\u00ed<\/label><\/li>\n\t\t<li><input type=\"radio\" id=\"poll-answer-593\" name=\"poll_213\" value=\"593\" \/> <label for=\"poll-answer-593\">No<\/label><\/li>\n\t\t<li><input type=\"radio\" id=\"poll-answer-594\" name=\"poll_213\" value=\"594\" \/> <label for=\"poll-answer-594\">No ho s\u00e9<\/label><\/li>\n\t\t<\/ul><p style=\"text-align: center\"><input type=\"button\" name=\"vote\" value=\"   Vota   \" class=\"Buttons\" onclick=\"poll_vote(213);\" \/><\/p><p style=\"text-align: center\"><a href=\"#ViewPollResults\" onclick=\"poll_result(213); return false;\" title=\"View Results Of This Poll\">Mira els resultats<\/a><\/p><\/div>\n\t<\/form>\n<\/div>\n<div id=\"polls-213-loading\" class=\"wp-polls-loading\"><img decoding=\"async\" data-src=\"https:\/\/conversesacatalunya.cat\/wp-content\/plugins\/wp-polls\/images\/loading.gif\" width=\"16\" height=\"16\" alt=\"Cargando ...\" title=\"Cargando ...\" class=\"wp-polls-image lazyload\" src=\"data:image\/svg+xml;base64,PHN2ZyB3aWR0aD0iMSIgaGVpZ2h0PSIxIiB4bWxucz0iaHR0cDovL3d3dy53My5vcmcvMjAwMC9zdmciPjwvc3ZnPg==\" style=\"--smush-placeholder-width: 16px; --smush-placeholder-aspect-ratio: 16\/16;\" \/>&nbsp;Cargando ...<\/div>\n\n","protected":false},"excerpt":{"rendered":"<p>Las dos recientes cumbres europeas celebradas en Granada-Comunidad Pol\u00edtica Europea (CPE) y Consejo Europeo informal- no han producido grandes resultados, pero por lo menos han dibujado un horizonte 2030 basado en dos objetivos a alcanzar por parte de la UE a lo largo de los seis a\u00f1os que quedan de d\u00e9cada. El primero es una reforma de los Tratados que permita una mejor gobernanza y el segundo es una ampliaci\u00f3n substancial al Este de la UE que incluya Ucrania y los Balcanes Occidentales, hasta alcanzar los 36 o m\u00e1s estados miembros. En Bruselas existe el convencimiento de que la UE se dirige decididamente a ser m\u00e1s grande y a ser mejor gestionada, bigger and better es ahora la consigna. Despu\u00e9s de las cumbres que acaban de tener lugar en Granada en el marco de la presidencia rotatoria espa\u00f1ola de la UE (junio-diciembre de 2023), a partir de ahora la tarea clave de los think tanks basados en Bruselas consiste en prever y analizar lo que podr\u00e1 dar de si la pr\u00f3xima legislatura europea (2024-2029), que iniciar\u00e1 su andadura despu\u00e9s de celebradas las elecciones al Parlamento Europeo el pr\u00f3ximo mes de junio. Setenta a\u00f1os despu\u00e9s de la fundaci\u00f3n de la UE (Declaraci\u00f3n Schuman, 9 de mayo de 1950) y de su impecable narrativa de paz (\u201cnunca m\u00e1s guerra entre naciones europeas\u201c), la guerra ha regresado al continente. Como consecuencia de los desastres de la guerra de Ucrania, algo parecido al sentimiento fundacional que movi\u00f3 a los Padres de Europa ha vuelto a renacer en la capital comunitaria. Nueva ampliaci\u00f3n de la UE Lo que ahora est\u00e1 sobre la mesa es una nueva ampliaci\u00f3n de la UE que abra la puerta a por lo menos nueve estados del Este de Europa (Ucrania, Moldavia, Albania, Georgia, Serbia, Kosovo, Bosnia-Herzegovina, Macedonia del Norte y Montenegro). Mediante el acceso al club de democracias pac\u00edficas y pr\u00f3speras m\u00e1s exitoso del mundo, se piensa reconstruir una Ucrania en ruinas como consecuencia de la guerra y ofrecer una nueva y prometedora ruta europea a todos los pa\u00edses aspirantes. La nueva ampliaci\u00f3n ser\u00e1 tambi\u00e9n un acontecimiento hist\u00f3rico para la propia UE. Se completar\u00e1 una gran uni\u00f3n continental y se acabar\u00e1 un proceso de integraci\u00f3n que se inici\u00f3 despu\u00e9s de la Segunda Guerra Mundial. La forma definitiva de la uni\u00f3n se habr\u00e1 pr\u00e1cticamente alcanzado. Quiz\u00e1s alg\u00fan d\u00eda el Reino Unido regrese al redil y el resto de los estados todav\u00eda no miembros -como Noruega, Suiza o Islandia- soliciten la adhesi\u00f3n. Para que todo ello funcione, se necesitan profundas reformas de los Tratados de la UE que garanticen una buena gesti\u00f3n de la nueva entidad pol\u00edtica ampliada. Se necesitar\u00e1 revisar a fondo el proceso de toma de decisiones y abandonar la regla de la unanimidad y el derecho de veto en aras de nuevas mayor\u00edas cualificadas. El \u00faltimo estado en entrar fue Croacia, hace una d\u00e9cada. Desde entonces, la ampliaci\u00f3n no ha estado en la agenda, m\u00e1s bien todo lo contrario, en Bruselas se experimentaba una \u201cfatiga\u201c en relaci\u00f3n con el tema, pero ahora la necesidad de una nueva gran ampliaci\u00f3n ha vuelto a galope. Hay que tener en cuenta que la pol\u00edtica comunitaria m\u00e1s exitosa ha sido precisamente la pol\u00edtica de ampliaci\u00f3n. Los calificados como grands projets de la historia de la UE son la uni\u00f3n aduanera (1968), el mercado com\u00fan ampliado a mercado interior \u00fanico (1992) y el euro (1999), pero hay que reconocer que su valor e importancia se debe al hecho de que han podido aplicarse a muchos m\u00e1s pa\u00edses que solamente a los primeros seis pa\u00edses fundadores de la UE. La futura ampliaci\u00f3n al Este va a proporcionar a la UE mucha m\u00e1s fuerza geopol\u00edtica. Incluso el antes esc\u00e9ptico presidente franc\u00e9s, Emmanuel Macron, ha acabado por reconocerlo. todos los pa\u00edses aspirantes son considerados solamente como \u201cparcialmente libres\u201d La UE no puede seguir manteniendo en la incertidumbre a los nueve pa\u00edses que quieren entrar cuanto antes. Dejarlos en una sala de espera o zona gris, abre la puerta a los que quieren desestabilizar el continente, empezando por la Rusia de Putin. Ninguno de los nueve que quieren entrar tendr\u00e1n el camino expedito. Georgia, Moldavia y Ucrania tienen tropas rusas dentro de sus territorios.\u00a0 Alemania tambi\u00e9n las tuvo hasta 1990. Seg\u00fan Freedom House, think tank norteamericano especializado en analizar la calidad democr\u00e1tica de los pa\u00edses, todos los pa\u00edses aspirantes son considerados solamente como \u201cparcialmente libres\u201d. La UE se acaba de comprometer por partida triple. En primer lugar, ha lanzado un mensaje de esperanza dirigido a los pa\u00edses aspirantes, pero siempre que lleven a cabo las reformas necesarias para ser admitidos. En segundo lugar, se ha comprometido a hacer sus propios deberes y llevar a cabo las reformas internas que se necesitan. El tercer compromiso consiste en aprender de anteriores ampliaciones y evitar errores conocidos. Si Europa aspira a contar en el mundo, necesita mostrar que tiene capacidad de actuar. Aplazar la ampliaci\u00f3n ser\u00eda un gran fracaso.\u00a0 A pesar de los horrores de la guerra, la verdad es que ha sido precisamente la guerra la que ha creado el \u00edmpetu en la UE de devenir m\u00e1s grande y consecuentemente de ser mejor gobernada.\u00a0 Ahora lo que hay que hacer es encontrar el camino correcto para que este \u00edmpetu se convierta en realidad. El tablero geopol\u00edtico global se est\u00e1 moviendo. La invasi\u00f3n de Rusia est\u00e1 produciendo muchas realineaciones geopol\u00edticas, desde China a la India, pasando por Turqu\u00eda. Algunas pueden ser fugaces. Pero una que puede ser durable consiste en la posibilidad y la necesidad de un nuevo orden europeo. Si se alcanza la ampliaci\u00f3n deseada, la UE se convertir\u00e1 en el bloque econ\u00f3mico mayor del mundo, en paridad con Estados Unidos. Para ello se necesitar\u00e1n profundas reformas tanto en el interior de la UE como por parte de los pa\u00edses aspirantes. Pasar de un club de 27 a otro de 36 pa\u00edses miembros requiere grandes reformas. Entre ellas, cambiar el equilibrio de poder entre las instituciones centrales del bloque y las capitales nacionales. La guerra de Ucrania ha alterado&#8230;<\/p>\n","protected":false},"author":38,"featured_media":71524,"comment_status":"open","ping_status":"open","sticky":false,"template":"","format":"standard","meta":{"_FSMCFIC_featured_image_caption":"","_FSMCFIC_featured_image_nocaption":"","_FSMCFIC_featured_image_hide":"","footnotes":""},"categories":[798,806],"tags":[5040,2901],"class_list":["post-71508","post","type-post","status-publish","format-standard","has-post-thumbnail","hentry","category-pro-europa-es","category-punts-claus-del-dia-es","tag-ampliacion-ue","tag-schuman-es"],"yoast_head":"<!-- This site is optimized with the Yoast SEO plugin v26.8 - https:\/\/yoast.com\/product\/yoast-seo-wordpress\/ -->\n<title>Horizonte 2030. Hacia una Uni\u00f3n Europea mejor gobernada y de mayor dimensi\u00f3n - Converses a Catalunya<\/title>\n<meta name=\"description\" content=\"Lo que ahora est\u00e1 sobre la mesa es una nueva ampliaci\u00f3n de la UE que abra la puerta a por lo menos nueve estados del Este de Europa\" \/>\n<meta name=\"robots\" content=\"index, follow, max-snippet:-1, max-image-preview:large, max-video-preview:-1\" \/>\n<link rel=\"canonical\" href=\"https:\/\/conversesacatalunya.cat\/es\/horizonte-2030-hacia-una-ue-mejor-gobernada-y-mayor-dimension\/\" \/>\n<meta property=\"og:locale\" content=\"es_ES\" \/>\n<meta property=\"og:type\" content=\"article\" \/>\n<meta property=\"og:title\" content=\"Horizonte 2030. Hacia una Uni\u00f3n Europea mejor gobernada y de mayor dimensi\u00f3n - Converses a Catalunya\" \/>\n<meta property=\"og:description\" content=\"Lo que ahora est\u00e1 sobre la mesa es una nueva ampliaci\u00f3n de la UE que abra la puerta a por lo menos nueve estados del Este de Europa\" \/>\n<meta property=\"og:url\" content=\"https:\/\/conversesacatalunya.cat\/es\/horizonte-2030-hacia-una-ue-mejor-gobernada-y-mayor-dimension\/\" \/>\n<meta property=\"og:site_name\" content=\"Converses a Catalunya\" \/>\n<meta property=\"article:published_time\" content=\"2023-10-16T07:00:48+00:00\" \/>\n<meta property=\"article:modified_time\" content=\"2023-10-19T07:15:44+00:00\" \/>\n<meta property=\"og:image\" content=\"https:\/\/conversesacatalunya.cat\/wp-content\/uploads\/2023\/10\/europe-436416_640.jpg\" \/>\n\t<meta property=\"og:image:width\" content=\"640\" \/>\n\t<meta property=\"og:image:height\" content=\"494\" \/>\n\t<meta property=\"og:image:type\" content=\"image\/jpeg\" \/>\n<meta name=\"author\" content=\"Victor Pou\" \/>\n<meta name=\"twitter:card\" content=\"summary_large_image\" \/>\n<meta name=\"twitter:label1\" content=\"Escrito por\" \/>\n\t<meta name=\"twitter:data1\" content=\"Victor Pou\" \/>\n\t<meta name=\"twitter:label2\" content=\"Tiempo de lectura\" \/>\n\t<meta name=\"twitter:data2\" content=\"7 minutos\" \/>\n<script type=\"application\/ld+json\" class=\"yoast-schema-graph\">{\"@context\":\"https:\/\/schema.org\",\"@graph\":[{\"@type\":\"Article\",\"@id\":\"https:\/\/conversesacatalunya.cat\/es\/horizonte-2030-hacia-una-ue-mejor-gobernada-y-mayor-dimension\/#article\",\"isPartOf\":{\"@id\":\"https:\/\/conversesacatalunya.cat\/es\/horizonte-2030-hacia-una-ue-mejor-gobernada-y-mayor-dimension\/\"},\"author\":{\"name\":\"Victor Pou\",\"@id\":\"https:\/\/conversesacatalunya.cat\/#\/schema\/person\/1b0082ee920b837be791bee630d460b2\"},\"headline\":\"Horizonte 2030. Hacia una Uni\u00f3n Europea mejor gobernada y de mayor dimensi\u00f3n\",\"datePublished\":\"2023-10-16T07:00:48+00:00\",\"dateModified\":\"2023-10-19T07:15:44+00:00\",\"mainEntityOfPage\":{\"@id\":\"https:\/\/conversesacatalunya.cat\/es\/horizonte-2030-hacia-una-ue-mejor-gobernada-y-mayor-dimension\/\"},\"wordCount\":1510,\"commentCount\":0,\"image\":{\"@id\":\"https:\/\/conversesacatalunya.cat\/es\/horizonte-2030-hacia-una-ue-mejor-gobernada-y-mayor-dimension\/#primaryimage\"},\"thumbnailUrl\":\"https:\/\/conversesacatalunya.cat\/wp-content\/uploads\/2023\/10\/europe-436416_640.jpg\",\"keywords\":[\"ampliaci\u00f3n UE\",\"Schuman\"],\"articleSection\":[\"Pro Europa (ES)\",\"Punts clau del dia (ES)\"],\"inLanguage\":\"es\",\"potentialAction\":[{\"@type\":\"CommentAction\",\"name\":\"Comment\",\"target\":[\"https:\/\/conversesacatalunya.cat\/es\/horizonte-2030-hacia-una-ue-mejor-gobernada-y-mayor-dimension\/#respond\"]}]},{\"@type\":\"WebPage\",\"@id\":\"https:\/\/conversesacatalunya.cat\/es\/horizonte-2030-hacia-una-ue-mejor-gobernada-y-mayor-dimension\/\",\"url\":\"https:\/\/conversesacatalunya.cat\/es\/horizonte-2030-hacia-una-ue-mejor-gobernada-y-mayor-dimension\/\",\"name\":\"Horizonte 2030. Hacia una Uni\u00f3n Europea mejor gobernada y de mayor dimensi\u00f3n - Converses a Catalunya\",\"isPartOf\":{\"@id\":\"https:\/\/conversesacatalunya.cat\/#website\"},\"primaryImageOfPage\":{\"@id\":\"https:\/\/conversesacatalunya.cat\/es\/horizonte-2030-hacia-una-ue-mejor-gobernada-y-mayor-dimension\/#primaryimage\"},\"image\":{\"@id\":\"https:\/\/conversesacatalunya.cat\/es\/horizonte-2030-hacia-una-ue-mejor-gobernada-y-mayor-dimension\/#primaryimage\"},\"thumbnailUrl\":\"https:\/\/conversesacatalunya.cat\/wp-content\/uploads\/2023\/10\/europe-436416_640.jpg\",\"datePublished\":\"2023-10-16T07:00:48+00:00\",\"dateModified\":\"2023-10-19T07:15:44+00:00\",\"author\":{\"@id\":\"https:\/\/conversesacatalunya.cat\/#\/schema\/person\/1b0082ee920b837be791bee630d460b2\"},\"description\":\"Lo que ahora est\u00e1 sobre la mesa es una nueva ampliaci\u00f3n de la UE que abra la puerta a por lo menos nueve estados del Este de Europa\",\"breadcrumb\":{\"@id\":\"https:\/\/conversesacatalunya.cat\/es\/horizonte-2030-hacia-una-ue-mejor-gobernada-y-mayor-dimension\/#breadcrumb\"},\"inLanguage\":\"es\",\"potentialAction\":[{\"@type\":\"ReadAction\",\"target\":[\"https:\/\/conversesacatalunya.cat\/es\/horizonte-2030-hacia-una-ue-mejor-gobernada-y-mayor-dimension\/\"]}]},{\"@type\":\"ImageObject\",\"inLanguage\":\"es\",\"@id\":\"https:\/\/conversesacatalunya.cat\/es\/horizonte-2030-hacia-una-ue-mejor-gobernada-y-mayor-dimension\/#primaryimage\",\"url\":\"https:\/\/conversesacatalunya.cat\/wp-content\/uploads\/2023\/10\/europe-436416_640.jpg\",\"contentUrl\":\"https:\/\/conversesacatalunya.cat\/wp-content\/uploads\/2023\/10\/europe-436416_640.jpg\",\"width\":640,\"height\":494,\"caption\":\"Ampliaci\u00f3n UE\"},{\"@type\":\"BreadcrumbList\",\"@id\":\"https:\/\/conversesacatalunya.cat\/es\/horizonte-2030-hacia-una-ue-mejor-gobernada-y-mayor-dimension\/#breadcrumb\",\"itemListElement\":[{\"@type\":\"ListItem\",\"position\":1,\"name\":\"Inici\",\"item\":\"https:\/\/conversesacatalunya.cat\/es\/\"},{\"@type\":\"ListItem\",\"position\":2,\"name\":\"Horizonte 2030. Hacia una Uni\u00f3n Europea mejor gobernada y de mayor dimensi\u00f3n\"}]},{\"@type\":\"WebSite\",\"@id\":\"https:\/\/conversesacatalunya.cat\/#website\",\"url\":\"https:\/\/conversesacatalunya.cat\/\",\"name\":\"Converses a Catalunya\",\"description\":\"\",\"potentialAction\":[{\"@type\":\"SearchAction\",\"target\":{\"@type\":\"EntryPoint\",\"urlTemplate\":\"https:\/\/conversesacatalunya.cat\/?s={search_term_string}\"},\"query-input\":{\"@type\":\"PropertyValueSpecification\",\"valueRequired\":true,\"valueName\":\"search_term_string\"}}],\"inLanguage\":\"es\"},{\"@type\":\"Person\",\"@id\":\"https:\/\/conversesacatalunya.cat\/#\/schema\/person\/1b0082ee920b837be791bee630d460b2\",\"name\":\"Victor Pou\",\"image\":{\"@type\":\"ImageObject\",\"inLanguage\":\"es\",\"@id\":\"https:\/\/conversesacatalunya.cat\/#\/schema\/person\/image\/\",\"url\":\"https:\/\/conversesacatalunya.cat\/wp-content\/litespeed\/avatar\/b9b32a5f987117ce72836d050f735d2b.jpg?ver=1777366285\",\"contentUrl\":\"https:\/\/conversesacatalunya.cat\/wp-content\/litespeed\/avatar\/b9b32a5f987117ce72836d050f735d2b.jpg?ver=1777366285\",\"caption\":\"Victor Pou\"},\"url\":\"https:\/\/conversesacatalunya.cat\/es\/author\/victor_pou\/\"}]}<\/script>\n<!-- \/ Yoast SEO plugin. -->","yoast_head_json":{"title":"Horizonte 2030. Hacia una Uni\u00f3n Europea mejor gobernada y de mayor dimensi\u00f3n - Converses a Catalunya","description":"Lo que ahora est\u00e1 sobre la mesa es una nueva ampliaci\u00f3n de la UE que abra la puerta a por lo menos nueve estados del Este de Europa","robots":{"index":"index","follow":"follow","max-snippet":"max-snippet:-1","max-image-preview":"max-image-preview:large","max-video-preview":"max-video-preview:-1"},"canonical":"https:\/\/conversesacatalunya.cat\/es\/horizonte-2030-hacia-una-ue-mejor-gobernada-y-mayor-dimension\/","og_locale":"es_ES","og_type":"article","og_title":"Horizonte 2030. Hacia una Uni\u00f3n Europea mejor gobernada y de mayor dimensi\u00f3n - Converses a Catalunya","og_description":"Lo que ahora est\u00e1 sobre la mesa es una nueva ampliaci\u00f3n de la UE que abra la puerta a por lo menos nueve estados del Este de Europa","og_url":"https:\/\/conversesacatalunya.cat\/es\/horizonte-2030-hacia-una-ue-mejor-gobernada-y-mayor-dimension\/","og_site_name":"Converses a Catalunya","article_published_time":"2023-10-16T07:00:48+00:00","article_modified_time":"2023-10-19T07:15:44+00:00","og_image":[{"width":640,"height":494,"url":"https:\/\/conversesacatalunya.cat\/wp-content\/uploads\/2023\/10\/europe-436416_640.jpg","type":"image\/jpeg"}],"author":"Victor Pou","twitter_card":"summary_large_image","twitter_misc":{"Escrito por":"Victor Pou","Tiempo de lectura":"7 minutos"},"schema":{"@context":"https:\/\/schema.org","@graph":[{"@type":"Article","@id":"https:\/\/conversesacatalunya.cat\/es\/horizonte-2030-hacia-una-ue-mejor-gobernada-y-mayor-dimension\/#article","isPartOf":{"@id":"https:\/\/conversesacatalunya.cat\/es\/horizonte-2030-hacia-una-ue-mejor-gobernada-y-mayor-dimension\/"},"author":{"name":"Victor Pou","@id":"https:\/\/conversesacatalunya.cat\/#\/schema\/person\/1b0082ee920b837be791bee630d460b2"},"headline":"Horizonte 2030. Hacia una Uni\u00f3n Europea mejor gobernada y de mayor dimensi\u00f3n","datePublished":"2023-10-16T07:00:48+00:00","dateModified":"2023-10-19T07:15:44+00:00","mainEntityOfPage":{"@id":"https:\/\/conversesacatalunya.cat\/es\/horizonte-2030-hacia-una-ue-mejor-gobernada-y-mayor-dimension\/"},"wordCount":1510,"commentCount":0,"image":{"@id":"https:\/\/conversesacatalunya.cat\/es\/horizonte-2030-hacia-una-ue-mejor-gobernada-y-mayor-dimension\/#primaryimage"},"thumbnailUrl":"https:\/\/conversesacatalunya.cat\/wp-content\/uploads\/2023\/10\/europe-436416_640.jpg","keywords":["ampliaci\u00f3n UE","Schuman"],"articleSection":["Pro Europa (ES)","Punts clau del dia (ES)"],"inLanguage":"es","potentialAction":[{"@type":"CommentAction","name":"Comment","target":["https:\/\/conversesacatalunya.cat\/es\/horizonte-2030-hacia-una-ue-mejor-gobernada-y-mayor-dimension\/#respond"]}]},{"@type":"WebPage","@id":"https:\/\/conversesacatalunya.cat\/es\/horizonte-2030-hacia-una-ue-mejor-gobernada-y-mayor-dimension\/","url":"https:\/\/conversesacatalunya.cat\/es\/horizonte-2030-hacia-una-ue-mejor-gobernada-y-mayor-dimension\/","name":"Horizonte 2030. Hacia una Uni\u00f3n Europea mejor gobernada y de mayor dimensi\u00f3n - Converses a Catalunya","isPartOf":{"@id":"https:\/\/conversesacatalunya.cat\/#website"},"primaryImageOfPage":{"@id":"https:\/\/conversesacatalunya.cat\/es\/horizonte-2030-hacia-una-ue-mejor-gobernada-y-mayor-dimension\/#primaryimage"},"image":{"@id":"https:\/\/conversesacatalunya.cat\/es\/horizonte-2030-hacia-una-ue-mejor-gobernada-y-mayor-dimension\/#primaryimage"},"thumbnailUrl":"https:\/\/conversesacatalunya.cat\/wp-content\/uploads\/2023\/10\/europe-436416_640.jpg","datePublished":"2023-10-16T07:00:48+00:00","dateModified":"2023-10-19T07:15:44+00:00","author":{"@id":"https:\/\/conversesacatalunya.cat\/#\/schema\/person\/1b0082ee920b837be791bee630d460b2"},"description":"Lo que ahora est\u00e1 sobre la mesa es una nueva ampliaci\u00f3n de la UE que abra la puerta a por lo menos nueve estados del Este de Europa","breadcrumb":{"@id":"https:\/\/conversesacatalunya.cat\/es\/horizonte-2030-hacia-una-ue-mejor-gobernada-y-mayor-dimension\/#breadcrumb"},"inLanguage":"es","potentialAction":[{"@type":"ReadAction","target":["https:\/\/conversesacatalunya.cat\/es\/horizonte-2030-hacia-una-ue-mejor-gobernada-y-mayor-dimension\/"]}]},{"@type":"ImageObject","inLanguage":"es","@id":"https:\/\/conversesacatalunya.cat\/es\/horizonte-2030-hacia-una-ue-mejor-gobernada-y-mayor-dimension\/#primaryimage","url":"https:\/\/conversesacatalunya.cat\/wp-content\/uploads\/2023\/10\/europe-436416_640.jpg","contentUrl":"https:\/\/conversesacatalunya.cat\/wp-content\/uploads\/2023\/10\/europe-436416_640.jpg","width":640,"height":494,"caption":"Ampliaci\u00f3n UE"},{"@type":"BreadcrumbList","@id":"https:\/\/conversesacatalunya.cat\/es\/horizonte-2030-hacia-una-ue-mejor-gobernada-y-mayor-dimension\/#breadcrumb","itemListElement":[{"@type":"ListItem","position":1,"name":"Inici","item":"https:\/\/conversesacatalunya.cat\/es\/"},{"@type":"ListItem","position":2,"name":"Horizonte 2030. Hacia una Uni\u00f3n Europea mejor gobernada y de mayor dimensi\u00f3n"}]},{"@type":"WebSite","@id":"https:\/\/conversesacatalunya.cat\/#website","url":"https:\/\/conversesacatalunya.cat\/","name":"Converses a Catalunya","description":"","potentialAction":[{"@type":"SearchAction","target":{"@type":"EntryPoint","urlTemplate":"https:\/\/conversesacatalunya.cat\/?s={search_term_string}"},"query-input":{"@type":"PropertyValueSpecification","valueRequired":true,"valueName":"search_term_string"}}],"inLanguage":"es"},{"@type":"Person","@id":"https:\/\/conversesacatalunya.cat\/#\/schema\/person\/1b0082ee920b837be791bee630d460b2","name":"Victor Pou","image":{"@type":"ImageObject","inLanguage":"es","@id":"https:\/\/conversesacatalunya.cat\/#\/schema\/person\/image\/","url":"https:\/\/conversesacatalunya.cat\/wp-content\/litespeed\/avatar\/b9b32a5f987117ce72836d050f735d2b.jpg?ver=1777366285","contentUrl":"https:\/\/conversesacatalunya.cat\/wp-content\/litespeed\/avatar\/b9b32a5f987117ce72836d050f735d2b.jpg?ver=1777366285","caption":"Victor Pou"},"url":"https:\/\/conversesacatalunya.cat\/es\/author\/victor_pou\/"}]}},"wps_subtitle":"En los pa\u00edses aspirantes existe corrupci\u00f3n, autocracia y escaso respeto al estado de derecho. Tienen mucho trabajo por delante para mejorar en todos estos aspectos.","_links":{"self":[{"href":"https:\/\/conversesacatalunya.cat\/es\/wp-json\/wp\/v2\/posts\/71508","targetHints":{"allow":["GET"]}}],"collection":[{"href":"https:\/\/conversesacatalunya.cat\/es\/wp-json\/wp\/v2\/posts"}],"about":[{"href":"https:\/\/conversesacatalunya.cat\/es\/wp-json\/wp\/v2\/types\/post"}],"author":[{"embeddable":true,"href":"https:\/\/conversesacatalunya.cat\/es\/wp-json\/wp\/v2\/users\/38"}],"replies":[{"embeddable":true,"href":"https:\/\/conversesacatalunya.cat\/es\/wp-json\/wp\/v2\/comments?post=71508"}],"version-history":[{"count":16,"href":"https:\/\/conversesacatalunya.cat\/es\/wp-json\/wp\/v2\/posts\/71508\/revisions"}],"predecessor-version":[{"id":71588,"href":"https:\/\/conversesacatalunya.cat\/es\/wp-json\/wp\/v2\/posts\/71508\/revisions\/71588"}],"wp:featuredmedia":[{"embeddable":true,"href":"https:\/\/conversesacatalunya.cat\/es\/wp-json\/wp\/v2\/media\/71524"}],"wp:attachment":[{"href":"https:\/\/conversesacatalunya.cat\/es\/wp-json\/wp\/v2\/media?parent=71508"}],"wp:term":[{"taxonomy":"category","embeddable":true,"href":"https:\/\/conversesacatalunya.cat\/es\/wp-json\/wp\/v2\/categories?post=71508"},{"taxonomy":"post_tag","embeddable":true,"href":"https:\/\/conversesacatalunya.cat\/es\/wp-json\/wp\/v2\/tags?post=71508"}],"curies":[{"name":"wp","href":"https:\/\/api.w.org\/{rel}","templated":true}]}}