{"id":71501,"date":"2023-10-11T12:10:44","date_gmt":"2023-10-11T10:10:44","guid":{"rendered":"https:\/\/conversesacatalunya.cat\/barcelona-massa-mancances-per-a-un-govern-municipal-tan-feble\/"},"modified":"2023-10-12T06:56:51","modified_gmt":"2023-10-12T04:56:51","slug":"barcelona-demasiadas-carencias-para-un-gobierno-municipal-tan-debil","status":"publish","type":"post","link":"https:\/\/conversesacatalunya.cat\/es\/barcelona-demasiadas-carencias-para-un-gobierno-municipal-tan-debil\/","title":{"rendered":"Barcelona. Demasiadas carencias para un gobierno municipal tan d\u00e9bil"},"content":{"rendered":"<p><span class=\"\">Collboni s\u00f3lo tiene 10 de los 41 concejales, una minor\u00eda muy d\u00e9bil para acometer todo lo que Barcelona necesita y que va quedando acumulado en su d\u00e9ficit y tambi\u00e9n para afrontar los nuevos y grandes retos que hay sobre la mesa.<\/span><\/p>\n<h3>Situamos 5 para ejemplificar la magnitud del problema<\/h3>\n<p>Por debajo del glamour tur\u00edstico, aparecen algunos datos inquietantes.\u00a0Por ejemplo, en la zona te\u00f3ricamente m\u00e1s din\u00e1mica desde el punto de vista econ\u00f3mico, el\u00a0<strong>Distrito 22@<\/strong>\u00a0de Poblenou, un 21,35% de la superficie est\u00e1 desocupada.\u00a0Es un m\u00e1ximo en la secuencia temporal que representa 160.000 m\u00b2 de oficinas vac\u00edas. Para el conjunto de la ciudad esta cifra se sit\u00faa en el 10%, lejos del m\u00ednimo de 2019 situado en el 4,4% y avanzando hacia el m\u00e1ximo de 2013 del 13,85%.\u00a0En ambos casos la tendencia es la de crecer el desempleo. A esto se le a\u00f1ade la dificultad de alquilar muchos bajos que permanecen meses y meses vac\u00edos.\u00a0Fuera del monocultivo tur\u00edstico las otras actividades parecen debilitadas y la din\u00e1mica de la compra por correo no favorece para nada la vida comercial de los barrios de la ciudad.<\/p>\n<p>Un segundo cap\u00edtulo importante es el de la <strong>movilidad<\/strong>.\u00a0Los resultados de acuerdo con los distintos estudios del RACC se\u00f1alan una evoluci\u00f3n a peor.\u00a0El 60% de los encuestados considera que los desplazamientos se han complicado y que no son f\u00e1ciles.\u00a0Lo m\u00e1s llamativo de este estudio es que esta consideraci\u00f3n negativa no afecta s\u00f3lo al coche, sino tambi\u00e9n a la motocicleta, al peat\u00f3n e, incluso, a la bicicleta y al patinete.\u00a0Todo el mundo est\u00e1 descontento con cifras que en todos los casos superan el 65% de las opiniones.<\/p>\n<p>Por otro lado, todo el\u00a0<strong>urbanismo t\u00e1ctico y la Zona de Bajas Emisiones (ZBE)<\/strong>\u00a0han modificado muy poco la forma como los barceloneses y los que vienen a la ciudad nos trasladamos.\u00a0Entre la situaci\u00f3n previa a la ZBE y la actual, los cambios son m\u00ednimos.\u00a0Pero han crecido muy poco los desplazamientos a pie en tres d\u00e9cimas hasta llegar al 14,7%, y en patinete que representa el 0,7%.\u00a0En contrapartida, la bicicleta ha deca\u00eddo un 0,6% y ahora est\u00e1 en el 2,6% de la movilidad.<\/p>\n<p>En el \u00e1mbito del\u00a0<strong>transporte p\u00fablico<\/strong>, se han mantenido al igual que en el escenario previo a la ZBE el tren (6,5%) y el tranv\u00eda (1,6%).\u00a0Pr\u00e1cticamente, no ha crecido el metro y el autob\u00fas interurbano, un 0,2% respectivamente, considerando que el metro representa 1 de casi cada 4 desplazamientos mientras que el interurbano s\u00f3lo es del 2%. El autob\u00fas urbano creci\u00f3 un 1,3% situ\u00e1ndose en el 12,1%.\u00a0El veh\u00edculo privado se ha reducido, pero muy poco.\u00a0La motocicleta en un 0,1 por ciento y el coche con un 1,6 por ciento.\u00a0Si bien sigue siendo el medio m\u00e1s utilizado porque representa pr\u00e1cticamente el 30% de los desplazamientos.\u00a0Mucho m\u00e1s que el metro.\u00a0De hecho, la suma de autob\u00fas y metro supera por muy poco el uso del veh\u00edculo privado.\u00a0Podr\u00edamos decir que lo que se ha ca\u00eddo el coche lo han ganado los buses. Y que lo que mejor\u00f3 ir a pie y patinete se perdi\u00f3 en bicicletas.<\/p>\n<p>El resultado es pobre ante los disturbios y los da\u00f1os econ\u00f3micos que ha generado la forma en que se ha aplicado la ZBE y el urbanismo t\u00e1ctico. Estamos claramente ante un caso al que le va como anillo al dedo la definici\u00f3n de parto de los Montes.<\/p>\n<p>Son retos en la misma pendiente determinados aspectos de la\u00a0<strong>tranquilidad y seguridad<\/strong>\u00a0de los barceloneses.\u00a0Sobre todo los concretados en torno a las peleas y disturbios que se producen en las salidas de las discotecas, en el transporte p\u00fablico nocturno de los fines de semana y el tri\u00e1ngulo golfo de Poblenou. La droga y las violaciones y abusos sexuales constituyen el tr\u00edptico nefasto del delito en Barcelona.<\/p>\n<p>Asignatura pendiente e importante es la\u00a0<strong>burbuja de calor<\/strong>\u00a0de la ciudad y las noches insufribles a la que ahora se le a\u00f1ade la r\u00e1pida degradaci\u00f3n de parques y zonas verdes y la p\u00e9rdida no reposada de arbolado.\u00a0Todo ello una combinaci\u00f3n nefasta.<\/p>\n<p>Por \u00faltimo, y para se\u00f1alar un cap\u00edtulo eterno de la ciudad mal resuelto, es el de la\u00a0<strong>escalinata y finalizaci\u00f3n de la Sagrada Fam\u00edlia,<\/strong> que sigue indeterminado sin que el Ayuntamiento se atreva a definir cu\u00e1l es la soluci\u00f3n, que s\u00f3lo podr\u00eda ser aquella prevista que remodela el entorno para magnificar la obra de Gaud\u00ed, que constituye el s\u00edmbolo mundial de Barcelona y que deber\u00eda servir tambi\u00e9n para pacificar este barrio, en la actualidad terriblemente da\u00f1ado por el turismo.<\/p>\n<p><a href=\"https:\/\/twitter.com\/jmiroardevol\" target=\"_blank\" rel=\"noopener\">S\u00edgueme en Twitter: @jmiroardevol<\/a><\/p>\n<p><a href=\"https:\/\/www.facebook.com\/josepmiroiardevol\" target=\"_blank\" rel=\"noopener\">S\u00edgueme en facebook<\/a><\/p>\n<div id=\"polls-213\" class=\"wp-polls\">\n\t<form id=\"polls_form_213\" class=\"wp-polls-form\" action=\"\/index.php\" method=\"post\">\n\t\t<p style=\"display: none;\"><input type=\"hidden\" id=\"poll_213_nonce\" name=\"wp-polls-nonce\" value=\"4e55ee3511\" \/><\/p>\n\t\t<p style=\"display: none;\"><input type=\"hidden\" name=\"poll_id\" value=\"213\" \/><\/p>\n\t\t<p style=\"text-align: center\"><strong>Creus que el conflicte d'Israel amb Ham\u00e0s desencadenar\u00e0 una guerra m\u00e9s gran?<\/strong><\/p><div id=\"polls-213-ans\" class=\"wp-polls-ans\"><ul class=\"wp-polls-ul\">\n\t\t<li><input type=\"radio\" id=\"poll-answer-592\" name=\"poll_213\" value=\"592\" \/> <label for=\"poll-answer-592\">S\u00ed<\/label><\/li>\n\t\t<li><input type=\"radio\" id=\"poll-answer-593\" name=\"poll_213\" value=\"593\" \/> <label for=\"poll-answer-593\">No<\/label><\/li>\n\t\t<li><input type=\"radio\" id=\"poll-answer-594\" name=\"poll_213\" value=\"594\" \/> <label for=\"poll-answer-594\">No ho s\u00e9<\/label><\/li>\n\t\t<\/ul><p style=\"text-align: center\"><input type=\"button\" name=\"vote\" value=\"   Vota   \" class=\"Buttons\" onclick=\"poll_vote(213);\" \/><\/p><p style=\"text-align: center\"><a href=\"#ViewPollResults\" onclick=\"poll_result(213); return false;\" title=\"View Results Of This Poll\">Mira els resultats<\/a><\/p><\/div>\n\t<\/form>\n<\/div>\n<div id=\"polls-213-loading\" class=\"wp-polls-loading\"><img decoding=\"async\" data-src=\"https:\/\/conversesacatalunya.cat\/wp-content\/plugins\/wp-polls\/images\/loading.gif\" width=\"16\" height=\"16\" alt=\"Cargando ...\" title=\"Cargando ...\" class=\"wp-polls-image lazyload\" src=\"data:image\/svg+xml;base64,PHN2ZyB3aWR0aD0iMSIgaGVpZ2h0PSIxIiB4bWxucz0iaHR0cDovL3d3dy53My5vcmcvMjAwMC9zdmciPjwvc3ZnPg==\" style=\"--smush-placeholder-width: 16px; --smush-placeholder-aspect-ratio: 16\/16;\" \/>&nbsp;Cargando ...<\/div>\n\n","protected":false},"excerpt":{"rendered":"<p>Collboni s\u00f3lo tiene 10 de los 41 concejales, una minor\u00eda muy d\u00e9bil para acometer todo lo que Barcelona necesita y que va quedando acumulado en su d\u00e9ficit y tambi\u00e9n para afrontar los nuevos y grandes retos que hay sobre la mesa. Situamos 5 para ejemplificar la magnitud del problema Por debajo del glamour tur\u00edstico, aparecen algunos datos inquietantes.\u00a0Por ejemplo, en la zona te\u00f3ricamente m\u00e1s din\u00e1mica desde el punto de vista econ\u00f3mico, el\u00a0Distrito 22@\u00a0de Poblenou, un 21,35% de la superficie est\u00e1 desocupada.\u00a0Es un m\u00e1ximo en la secuencia temporal que representa 160.000 m\u00b2 de oficinas vac\u00edas. Para el conjunto de la ciudad esta cifra se sit\u00faa en el 10%, lejos del m\u00ednimo de 2019 situado en el 4,4% y avanzando hacia el m\u00e1ximo de 2013 del 13,85%.\u00a0En ambos casos la tendencia es la de crecer el desempleo. A esto se le a\u00f1ade la dificultad de alquilar muchos bajos que permanecen meses y meses vac\u00edos.\u00a0Fuera del monocultivo tur\u00edstico las otras actividades parecen debilitadas y la din\u00e1mica de la compra por correo no favorece para nada la vida comercial de los barrios de la ciudad. Un segundo cap\u00edtulo importante es el de la movilidad.\u00a0Los resultados de acuerdo con los distintos estudios del RACC se\u00f1alan una evoluci\u00f3n a peor.\u00a0El 60% de los encuestados considera que los desplazamientos se han complicado y que no son f\u00e1ciles.\u00a0Lo m\u00e1s llamativo de este estudio es que esta consideraci\u00f3n negativa no afecta s\u00f3lo al coche, sino tambi\u00e9n a la motocicleta, al peat\u00f3n e, incluso, a la bicicleta y al patinete.\u00a0Todo el mundo est\u00e1 descontento con cifras que en todos los casos superan el 65% de las opiniones. Por otro lado, todo el\u00a0urbanismo t\u00e1ctico y la Zona de Bajas Emisiones (ZBE)\u00a0han modificado muy poco la forma como los barceloneses y los que vienen a la ciudad nos trasladamos.\u00a0Entre la situaci\u00f3n previa a la ZBE y la actual, los cambios son m\u00ednimos.\u00a0Pero han crecido muy poco los desplazamientos a pie en tres d\u00e9cimas hasta llegar al 14,7%, y en patinete que representa el 0,7%.\u00a0En contrapartida, la bicicleta ha deca\u00eddo un 0,6% y ahora est\u00e1 en el 2,6% de la movilidad. En el \u00e1mbito del\u00a0transporte p\u00fablico, se han mantenido al igual que en el escenario previo a la ZBE el tren (6,5%) y el tranv\u00eda (1,6%).\u00a0Pr\u00e1cticamente, no ha crecido el metro y el autob\u00fas interurbano, un 0,2% respectivamente, considerando que el metro representa 1 de casi cada 4 desplazamientos mientras que el interurbano s\u00f3lo es del 2%. El autob\u00fas urbano creci\u00f3 un 1,3% situ\u00e1ndose en el 12,1%.\u00a0El veh\u00edculo privado se ha reducido, pero muy poco.\u00a0La motocicleta en un 0,1 por ciento y el coche con un 1,6 por ciento.\u00a0Si bien sigue siendo el medio m\u00e1s utilizado porque representa pr\u00e1cticamente el 30% de los desplazamientos.\u00a0Mucho m\u00e1s que el metro.\u00a0De hecho, la suma de autob\u00fas y metro supera por muy poco el uso del veh\u00edculo privado.\u00a0Podr\u00edamos decir que lo que se ha ca\u00eddo el coche lo han ganado los buses. Y que lo que mejor\u00f3 ir a pie y patinete se perdi\u00f3 en bicicletas. El resultado es pobre ante los disturbios y los da\u00f1os econ\u00f3micos que ha generado la forma en que se ha aplicado la ZBE y el urbanismo t\u00e1ctico. Estamos claramente ante un caso al que le va como anillo al dedo la definici\u00f3n de parto de los Montes. Son retos en la misma pendiente determinados aspectos de la\u00a0tranquilidad y seguridad\u00a0de los barceloneses.\u00a0Sobre todo los concretados en torno a las peleas y disturbios que se producen en las salidas de las discotecas, en el transporte p\u00fablico nocturno de los fines de semana y el tri\u00e1ngulo golfo de Poblenou. La droga y las violaciones y abusos sexuales constituyen el tr\u00edptico nefasto del delito en Barcelona. Asignatura pendiente e importante es la\u00a0burbuja de calor\u00a0de la ciudad y las noches insufribles a la que ahora se le a\u00f1ade la r\u00e1pida degradaci\u00f3n de parques y zonas verdes y la p\u00e9rdida no reposada de arbolado.\u00a0Todo ello una combinaci\u00f3n nefasta. Por \u00faltimo, y para se\u00f1alar un cap\u00edtulo eterno de la ciudad mal resuelto, es el de la\u00a0escalinata y finalizaci\u00f3n de la Sagrada Fam\u00edlia, que sigue indeterminado sin que el Ayuntamiento se atreva a definir cu\u00e1l es la soluci\u00f3n, que s\u00f3lo podr\u00eda ser aquella prevista que remodela el entorno para magnificar la obra de Gaud\u00ed, que constituye el s\u00edmbolo mundial de Barcelona y que deber\u00eda servir tambi\u00e9n para pacificar este barrio, en la actualidad terriblemente da\u00f1ado por el turismo. S\u00edgueme en Twitter: @jmiroardevol S\u00edgueme en facebook<\/p>\n","protected":false},"author":19,"featured_media":71498,"comment_status":"open","ping_status":"open","sticky":false,"template":"","format":"standard","meta":{"_FSMCFIC_featured_image_caption":"","_FSMCFIC_featured_image_nocaption":"","_FSMCFIC_featured_image_hide":"","footnotes":""},"categories":[3787,806],"tags":[4730,4202,4806],"class_list":["post-71501","post","type-post","status-publish","format-standard","has-post-thumbnail","hentry","category-expedient-barcelona-es","category-punts-claus-del-dia-es","tag-jaume-collboni-es","tag-urbanisme-tactic-es","tag-urbanismo-tactico"],"yoast_head":"<!-- This site is optimized with the Yoast SEO plugin v26.8 - https:\/\/yoast.com\/product\/yoast-seo-wordpress\/ -->\n<title>Barcelona. Demasiadas carencias para un gobierno municipal tan d\u00e9bil<\/title>\n<meta name=\"description\" content=\"Collboni s\u00f3lo tiene 10 de los 41 concejales, una minor\u00eda muy d\u00e9bil para poder acometer todas las carencias que tiene Barcelona\" \/>\n<meta name=\"robots\" content=\"index, follow, max-snippet:-1, max-image-preview:large, max-video-preview:-1\" \/>\n<link rel=\"canonical\" href=\"https:\/\/conversesacatalunya.cat\/es\/barcelona-demasiadas-carencias-para-un-gobierno-municipal-tan-debil\/\" \/>\n<meta property=\"og:locale\" content=\"es_ES\" \/>\n<meta property=\"og:type\" content=\"article\" \/>\n<meta property=\"og:title\" content=\"Barcelona. Demasiadas carencias para un gobierno municipal tan d\u00e9bil\" \/>\n<meta property=\"og:description\" content=\"Collboni s\u00f3lo tiene 10 de los 41 concejales, una minor\u00eda muy d\u00e9bil para poder acometer todas las carencias que tiene Barcelona\" \/>\n<meta property=\"og:url\" content=\"https:\/\/conversesacatalunya.cat\/es\/barcelona-demasiadas-carencias-para-un-gobierno-municipal-tan-debil\/\" \/>\n<meta property=\"og:site_name\" content=\"Converses a Catalunya\" \/>\n<meta property=\"article:published_time\" content=\"2023-10-11T10:10:44+00:00\" \/>\n<meta property=\"article:modified_time\" content=\"2023-10-12T04:56:51+00:00\" \/>\n<meta property=\"og:image\" content=\"https:\/\/conversesacatalunya.cat\/wp-content\/uploads\/2023\/10\/22@.jpg\" \/>\n\t<meta property=\"og:image:width\" content=\"800\" \/>\n\t<meta property=\"og:image:height\" content=\"531\" \/>\n\t<meta property=\"og:image:type\" content=\"image\/jpeg\" \/>\n<meta name=\"author\" content=\"Josep Mir\u00f3 i Ard\u00e8vol\" \/>\n<meta name=\"twitter:card\" content=\"summary_large_image\" \/>\n<meta name=\"twitter:label1\" content=\"Escrito por\" \/>\n\t<meta name=\"twitter:data1\" content=\"Josep Mir\u00f3 i Ard\u00e8vol\" \/>\n\t<meta name=\"twitter:label2\" content=\"Tiempo de lectura\" \/>\n\t<meta name=\"twitter:data2\" content=\"4 minutos\" \/>\n<script type=\"application\/ld+json\" class=\"yoast-schema-graph\">{\"@context\":\"https:\/\/schema.org\",\"@graph\":[{\"@type\":\"Article\",\"@id\":\"https:\/\/conversesacatalunya.cat\/es\/barcelona-demasiadas-carencias-para-un-gobierno-municipal-tan-debil\/#article\",\"isPartOf\":{\"@id\":\"https:\/\/conversesacatalunya.cat\/es\/barcelona-demasiadas-carencias-para-un-gobierno-municipal-tan-debil\/\"},\"author\":{\"name\":\"Josep Mir\u00f3 i Ard\u00e8vol\",\"@id\":\"https:\/\/conversesacatalunya.cat\/#\/schema\/person\/a9598a6786ba7d3d1c5e0de477b79370\"},\"headline\":\"Barcelona. Demasiadas carencias para un gobierno municipal tan d\u00e9bil\",\"datePublished\":\"2023-10-11T10:10:44+00:00\",\"dateModified\":\"2023-10-12T04:56:51+00:00\",\"mainEntityOfPage\":{\"@id\":\"https:\/\/conversesacatalunya.cat\/es\/barcelona-demasiadas-carencias-para-un-gobierno-municipal-tan-debil\/\"},\"wordCount\":824,\"commentCount\":0,\"image\":{\"@id\":\"https:\/\/conversesacatalunya.cat\/es\/barcelona-demasiadas-carencias-para-un-gobierno-municipal-tan-debil\/#primaryimage\"},\"thumbnailUrl\":\"https:\/\/conversesacatalunya.cat\/wp-content\/uploads\/2023\/10\/22@.jpg\",\"keywords\":[\"Jaume Collboni\",\"urbanisme t\u00e0ctic\",\"urbanismo t\u00e1ctico\"],\"articleSection\":[\"Expedient Barcelona (ES)\",\"Punts clau del dia (ES)\"],\"inLanguage\":\"es\",\"potentialAction\":[{\"@type\":\"CommentAction\",\"name\":\"Comment\",\"target\":[\"https:\/\/conversesacatalunya.cat\/es\/barcelona-demasiadas-carencias-para-un-gobierno-municipal-tan-debil\/#respond\"]}]},{\"@type\":\"WebPage\",\"@id\":\"https:\/\/conversesacatalunya.cat\/es\/barcelona-demasiadas-carencias-para-un-gobierno-municipal-tan-debil\/\",\"url\":\"https:\/\/conversesacatalunya.cat\/es\/barcelona-demasiadas-carencias-para-un-gobierno-municipal-tan-debil\/\",\"name\":\"Barcelona. Demasiadas carencias para un gobierno municipal tan d\u00e9bil\",\"isPartOf\":{\"@id\":\"https:\/\/conversesacatalunya.cat\/#website\"},\"primaryImageOfPage\":{\"@id\":\"https:\/\/conversesacatalunya.cat\/es\/barcelona-demasiadas-carencias-para-un-gobierno-municipal-tan-debil\/#primaryimage\"},\"image\":{\"@id\":\"https:\/\/conversesacatalunya.cat\/es\/barcelona-demasiadas-carencias-para-un-gobierno-municipal-tan-debil\/#primaryimage\"},\"thumbnailUrl\":\"https:\/\/conversesacatalunya.cat\/wp-content\/uploads\/2023\/10\/22@.jpg\",\"datePublished\":\"2023-10-11T10:10:44+00:00\",\"dateModified\":\"2023-10-12T04:56:51+00:00\",\"author\":{\"@id\":\"https:\/\/conversesacatalunya.cat\/#\/schema\/person\/a9598a6786ba7d3d1c5e0de477b79370\"},\"description\":\"Collboni s\u00f3lo tiene 10 de los 41 concejales, una minor\u00eda muy d\u00e9bil para poder acometer todas las carencias que tiene Barcelona\",\"breadcrumb\":{\"@id\":\"https:\/\/conversesacatalunya.cat\/es\/barcelona-demasiadas-carencias-para-un-gobierno-municipal-tan-debil\/#breadcrumb\"},\"inLanguage\":\"es\",\"potentialAction\":[{\"@type\":\"ReadAction\",\"target\":[\"https:\/\/conversesacatalunya.cat\/es\/barcelona-demasiadas-carencias-para-un-gobierno-municipal-tan-debil\/\"]}]},{\"@type\":\"ImageObject\",\"inLanguage\":\"es\",\"@id\":\"https:\/\/conversesacatalunya.cat\/es\/barcelona-demasiadas-carencias-para-un-gobierno-municipal-tan-debil\/#primaryimage\",\"url\":\"https:\/\/conversesacatalunya.cat\/wp-content\/uploads\/2023\/10\/22@.jpg\",\"contentUrl\":\"https:\/\/conversesacatalunya.cat\/wp-content\/uploads\/2023\/10\/22@.jpg\",\"width\":800,\"height\":531,\"caption\":\"carencias Barcelona\"},{\"@type\":\"BreadcrumbList\",\"@id\":\"https:\/\/conversesacatalunya.cat\/es\/barcelona-demasiadas-carencias-para-un-gobierno-municipal-tan-debil\/#breadcrumb\",\"itemListElement\":[{\"@type\":\"ListItem\",\"position\":1,\"name\":\"Inici\",\"item\":\"https:\/\/conversesacatalunya.cat\/es\/\"},{\"@type\":\"ListItem\",\"position\":2,\"name\":\"Barcelona. Demasiadas carencias para un gobierno municipal tan d\u00e9bil\"}]},{\"@type\":\"WebSite\",\"@id\":\"https:\/\/conversesacatalunya.cat\/#website\",\"url\":\"https:\/\/conversesacatalunya.cat\/\",\"name\":\"Converses a Catalunya\",\"description\":\"\",\"potentialAction\":[{\"@type\":\"SearchAction\",\"target\":{\"@type\":\"EntryPoint\",\"urlTemplate\":\"https:\/\/conversesacatalunya.cat\/?s={search_term_string}\"},\"query-input\":{\"@type\":\"PropertyValueSpecification\",\"valueRequired\":true,\"valueName\":\"search_term_string\"}}],\"inLanguage\":\"es\"},{\"@type\":\"Person\",\"@id\":\"https:\/\/conversesacatalunya.cat\/#\/schema\/person\/a9598a6786ba7d3d1c5e0de477b79370\",\"name\":\"Josep Mir\u00f3 i Ard\u00e8vol\",\"image\":{\"@type\":\"ImageObject\",\"inLanguage\":\"es\",\"@id\":\"https:\/\/conversesacatalunya.cat\/#\/schema\/person\/image\/\",\"url\":\"https:\/\/conversesacatalunya.cat\/wp-content\/litespeed\/avatar\/c37e3dc881857483d6694cdf98fdedea.jpg?ver=1777270381\",\"contentUrl\":\"https:\/\/conversesacatalunya.cat\/wp-content\/litespeed\/avatar\/c37e3dc881857483d6694cdf98fdedea.jpg?ver=1777270381\",\"caption\":\"Josep Mir\u00f3 i Ard\u00e8vol\"},\"url\":\"https:\/\/conversesacatalunya.cat\/es\/author\/josep-miro-i-ardevol\/\"}]}<\/script>\n<!-- \/ Yoast SEO plugin. -->","yoast_head_json":{"title":"Barcelona. Demasiadas carencias para un gobierno municipal tan d\u00e9bil","description":"Collboni s\u00f3lo tiene 10 de los 41 concejales, una minor\u00eda muy d\u00e9bil para poder acometer todas las carencias que tiene Barcelona","robots":{"index":"index","follow":"follow","max-snippet":"max-snippet:-1","max-image-preview":"max-image-preview:large","max-video-preview":"max-video-preview:-1"},"canonical":"https:\/\/conversesacatalunya.cat\/es\/barcelona-demasiadas-carencias-para-un-gobierno-municipal-tan-debil\/","og_locale":"es_ES","og_type":"article","og_title":"Barcelona. Demasiadas carencias para un gobierno municipal tan d\u00e9bil","og_description":"Collboni s\u00f3lo tiene 10 de los 41 concejales, una minor\u00eda muy d\u00e9bil para poder acometer todas las carencias que tiene Barcelona","og_url":"https:\/\/conversesacatalunya.cat\/es\/barcelona-demasiadas-carencias-para-un-gobierno-municipal-tan-debil\/","og_site_name":"Converses a Catalunya","article_published_time":"2023-10-11T10:10:44+00:00","article_modified_time":"2023-10-12T04:56:51+00:00","og_image":[{"width":800,"height":531,"url":"https:\/\/conversesacatalunya.cat\/wp-content\/uploads\/2023\/10\/22@.jpg","type":"image\/jpeg"}],"author":"Josep Mir\u00f3 i Ard\u00e8vol","twitter_card":"summary_large_image","twitter_misc":{"Escrito por":"Josep Mir\u00f3 i Ard\u00e8vol","Tiempo de lectura":"4 minutos"},"schema":{"@context":"https:\/\/schema.org","@graph":[{"@type":"Article","@id":"https:\/\/conversesacatalunya.cat\/es\/barcelona-demasiadas-carencias-para-un-gobierno-municipal-tan-debil\/#article","isPartOf":{"@id":"https:\/\/conversesacatalunya.cat\/es\/barcelona-demasiadas-carencias-para-un-gobierno-municipal-tan-debil\/"},"author":{"name":"Josep Mir\u00f3 i Ard\u00e8vol","@id":"https:\/\/conversesacatalunya.cat\/#\/schema\/person\/a9598a6786ba7d3d1c5e0de477b79370"},"headline":"Barcelona. Demasiadas carencias para un gobierno municipal tan d\u00e9bil","datePublished":"2023-10-11T10:10:44+00:00","dateModified":"2023-10-12T04:56:51+00:00","mainEntityOfPage":{"@id":"https:\/\/conversesacatalunya.cat\/es\/barcelona-demasiadas-carencias-para-un-gobierno-municipal-tan-debil\/"},"wordCount":824,"commentCount":0,"image":{"@id":"https:\/\/conversesacatalunya.cat\/es\/barcelona-demasiadas-carencias-para-un-gobierno-municipal-tan-debil\/#primaryimage"},"thumbnailUrl":"https:\/\/conversesacatalunya.cat\/wp-content\/uploads\/2023\/10\/22@.jpg","keywords":["Jaume Collboni","urbanisme t\u00e0ctic","urbanismo t\u00e1ctico"],"articleSection":["Expedient Barcelona (ES)","Punts clau del dia (ES)"],"inLanguage":"es","potentialAction":[{"@type":"CommentAction","name":"Comment","target":["https:\/\/conversesacatalunya.cat\/es\/barcelona-demasiadas-carencias-para-un-gobierno-municipal-tan-debil\/#respond"]}]},{"@type":"WebPage","@id":"https:\/\/conversesacatalunya.cat\/es\/barcelona-demasiadas-carencias-para-un-gobierno-municipal-tan-debil\/","url":"https:\/\/conversesacatalunya.cat\/es\/barcelona-demasiadas-carencias-para-un-gobierno-municipal-tan-debil\/","name":"Barcelona. Demasiadas carencias para un gobierno municipal tan d\u00e9bil","isPartOf":{"@id":"https:\/\/conversesacatalunya.cat\/#website"},"primaryImageOfPage":{"@id":"https:\/\/conversesacatalunya.cat\/es\/barcelona-demasiadas-carencias-para-un-gobierno-municipal-tan-debil\/#primaryimage"},"image":{"@id":"https:\/\/conversesacatalunya.cat\/es\/barcelona-demasiadas-carencias-para-un-gobierno-municipal-tan-debil\/#primaryimage"},"thumbnailUrl":"https:\/\/conversesacatalunya.cat\/wp-content\/uploads\/2023\/10\/22@.jpg","datePublished":"2023-10-11T10:10:44+00:00","dateModified":"2023-10-12T04:56:51+00:00","author":{"@id":"https:\/\/conversesacatalunya.cat\/#\/schema\/person\/a9598a6786ba7d3d1c5e0de477b79370"},"description":"Collboni s\u00f3lo tiene 10 de los 41 concejales, una minor\u00eda muy d\u00e9bil para poder acometer todas las carencias que tiene Barcelona","breadcrumb":{"@id":"https:\/\/conversesacatalunya.cat\/es\/barcelona-demasiadas-carencias-para-un-gobierno-municipal-tan-debil\/#breadcrumb"},"inLanguage":"es","potentialAction":[{"@type":"ReadAction","target":["https:\/\/conversesacatalunya.cat\/es\/barcelona-demasiadas-carencias-para-un-gobierno-municipal-tan-debil\/"]}]},{"@type":"ImageObject","inLanguage":"es","@id":"https:\/\/conversesacatalunya.cat\/es\/barcelona-demasiadas-carencias-para-un-gobierno-municipal-tan-debil\/#primaryimage","url":"https:\/\/conversesacatalunya.cat\/wp-content\/uploads\/2023\/10\/22@.jpg","contentUrl":"https:\/\/conversesacatalunya.cat\/wp-content\/uploads\/2023\/10\/22@.jpg","width":800,"height":531,"caption":"carencias Barcelona"},{"@type":"BreadcrumbList","@id":"https:\/\/conversesacatalunya.cat\/es\/barcelona-demasiadas-carencias-para-un-gobierno-municipal-tan-debil\/#breadcrumb","itemListElement":[{"@type":"ListItem","position":1,"name":"Inici","item":"https:\/\/conversesacatalunya.cat\/es\/"},{"@type":"ListItem","position":2,"name":"Barcelona. Demasiadas carencias para un gobierno municipal tan d\u00e9bil"}]},{"@type":"WebSite","@id":"https:\/\/conversesacatalunya.cat\/#website","url":"https:\/\/conversesacatalunya.cat\/","name":"Converses a Catalunya","description":"","potentialAction":[{"@type":"SearchAction","target":{"@type":"EntryPoint","urlTemplate":"https:\/\/conversesacatalunya.cat\/?s={search_term_string}"},"query-input":{"@type":"PropertyValueSpecification","valueRequired":true,"valueName":"search_term_string"}}],"inLanguage":"es"},{"@type":"Person","@id":"https:\/\/conversesacatalunya.cat\/#\/schema\/person\/a9598a6786ba7d3d1c5e0de477b79370","name":"Josep Mir\u00f3 i Ard\u00e8vol","image":{"@type":"ImageObject","inLanguage":"es","@id":"https:\/\/conversesacatalunya.cat\/#\/schema\/person\/image\/","url":"https:\/\/conversesacatalunya.cat\/wp-content\/litespeed\/avatar\/c37e3dc881857483d6694cdf98fdedea.jpg?ver=1777270381","contentUrl":"https:\/\/conversesacatalunya.cat\/wp-content\/litespeed\/avatar\/c37e3dc881857483d6694cdf98fdedea.jpg?ver=1777270381","caption":"Josep Mir\u00f3 i Ard\u00e8vol"},"url":"https:\/\/conversesacatalunya.cat\/es\/author\/josep-miro-i-ardevol\/"}]}},"wps_subtitle":"Collboni s\u00f3lo tiene 10 de los 41 concejales, una minor\u00eda muy d\u00e9bil para poder acometer todo lo que Barcelona necesita","_links":{"self":[{"href":"https:\/\/conversesacatalunya.cat\/es\/wp-json\/wp\/v2\/posts\/71501","targetHints":{"allow":["GET"]}}],"collection":[{"href":"https:\/\/conversesacatalunya.cat\/es\/wp-json\/wp\/v2\/posts"}],"about":[{"href":"https:\/\/conversesacatalunya.cat\/es\/wp-json\/wp\/v2\/types\/post"}],"author":[{"embeddable":true,"href":"https:\/\/conversesacatalunya.cat\/es\/wp-json\/wp\/v2\/users\/19"}],"replies":[{"embeddable":true,"href":"https:\/\/conversesacatalunya.cat\/es\/wp-json\/wp\/v2\/comments?post=71501"}],"version-history":[{"count":3,"href":"https:\/\/conversesacatalunya.cat\/es\/wp-json\/wp\/v2\/posts\/71501\/revisions"}],"predecessor-version":[{"id":71521,"href":"https:\/\/conversesacatalunya.cat\/es\/wp-json\/wp\/v2\/posts\/71501\/revisions\/71521"}],"wp:featuredmedia":[{"embeddable":true,"href":"https:\/\/conversesacatalunya.cat\/es\/wp-json\/wp\/v2\/media\/71498"}],"wp:attachment":[{"href":"https:\/\/conversesacatalunya.cat\/es\/wp-json\/wp\/v2\/media?parent=71501"}],"wp:term":[{"taxonomy":"category","embeddable":true,"href":"https:\/\/conversesacatalunya.cat\/es\/wp-json\/wp\/v2\/categories?post=71501"},{"taxonomy":"post_tag","embeddable":true,"href":"https:\/\/conversesacatalunya.cat\/es\/wp-json\/wp\/v2\/tags?post=71501"}],"curies":[{"name":"wp","href":"https:\/\/api.w.org\/{rel}","templated":true}]}}