{"id":71404,"date":"2023-10-10T08:56:02","date_gmt":"2023-10-10T06:56:02","guid":{"rendered":"https:\/\/conversesacatalunya.cat\/?p=71404"},"modified":"2023-10-11T11:33:37","modified_gmt":"2023-10-11T09:33:37","slug":"resultados-pobres-cumbres-lideres-europeos","status":"publish","type":"post","link":"https:\/\/conversesacatalunya.cat\/es\/resultados-pobres-cumbres-lideres-europeos\/","title":{"rendered":"Resultados pobres de las dos cumbres de l\u00edderes europeos. Granada, 5 y 6 de octubre 2023"},"content":{"rendered":"<h3><strong>Tercera cumbre de la Comunidad Pol\u00edtica Europea (CPE)<\/strong><\/h3>\n<p><strong>La Comunidad Pol\u00edtica Europea (CPE) es una idea lanzada por el presidente franc\u00e9s, Emmanuel Macron, para reunir a todos los pa\u00edses europeos- con la excepci\u00f3n de Rusia y Bielorrusia- como una suerte de alternativa a la ampliaci\u00f3n de la UE, que ha estado congelada durante a\u00f1os y reactivada tras la invasi\u00f3n rusa de Ucrania.<\/strong><\/p>\n<h5><strong>En Granada ha reunido a 47 l\u00edderes europeos, m\u00e1s la UE como instituci\u00f3n<\/strong>.<\/h5>\n<p>Desde el punto de vista de asistencia, ha sido un \u00e9xito, aunque <strong>ha habido ausencias destacadas. <\/strong>Han sido las de los presidentes de Turqu\u00eda, Erdogan, y de Azerbaiy\u00e1n, Al\u00edyec, dos de los l\u00edderes europeos m\u00e1s cercanos a Putin. Han faltado para evitar sentarse a la mesa con el primer ministro de Armenia, Pashini\u00e1n, para tratar del conflicto del territorio hasta ahora armenio Nagorno Karabaj, que <a href=\"https:\/\/conversesacatalunya.cat\/es\/limpieza-etnica-armenios\/\" target=\"_blank\" rel=\"noopener\"><strong>acaba de ser invadido<\/strong><\/a> por tropas azer\u00edes con el apoyo de Turqu\u00eda, con la consiguiente <strong>limpieza \u00e9tnica de armenios<\/strong>. Ambos pa\u00edses se reunir\u00e1n pr\u00f3ximamente en Bruselas para tratar sobre el conflicto.<\/p>\n<p><strong>El proyecto de la CPE es un desaf\u00edo a Putin y una f\u00f3rmula para crear una plataforma de coordinaci\u00f3n de pol\u00edticas para todos los pa\u00edses del continente y fomentar el di\u00e1logo pol\u00edtico.<\/strong><\/p>\n<p>Es una constelaci\u00f3n europea destinada a hallar soluciones a las profundas divisiones en el continente, por ejemplo, sobre migraci\u00f3n, seguridad o energ\u00eda, y tratar de fortalecer la seguridad, la estabilidad y la prosperidad del continente europeo.<\/p>\n<p><strong>La CPE se reuni\u00f3 por <a href=\"https:\/\/conversesacatalunya.cat\/es\/comunidad-politica-europea\/\" target=\"_blank\" rel=\"noopener\">primera vez en Praga<\/a> en octubre de 2022 <\/strong>en una cumbre que cont\u00f3 con 44 pa\u00edses europeos. La segunda cumbre se celebr\u00f3 en junio de 2023 en Moldavia, all\u00ed se incorporaron Andorra, M\u00f3naco y San Marino, elevando el n\u00famero de pa\u00edses participantes a 47.<\/p>\n<p><strong>Los temas centrales de esta tercera cumbre de la CPE eran <\/strong>el desarrollo del concepto de \u201cautonom\u00eda estrat\u00e9gica abierta\u201c para la UE y la nueva gran ampliaci\u00f3n de la UE al Este, incluyendo Ucrania, hasta llegar a una UE de 37 miembros, junto con la pol\u00edtica de inmigraci\u00f3n.<\/p>\n<p>La inmigraci\u00f3n no estaba en la agenda inicial de la cumbre, pero la primera ministra italiana, <strong>Giorgia Meloni,<\/strong> exigi\u00f3 que se debatiera ante las oleadas de inmigrantes que llegan a las costas italianas, principalmente dirigidas a la isla de Lampedusa.<\/p>\n<p>En lo referente a la necesidad de una \u201cautonom\u00eda estrat\u00e9gica abierta\u201c para la UE en un mundo de gigantes dominado por Estados Unidos y China,<strong> se constataron<\/strong> <strong>peligrosas dependencias de la UE en, por lo menos, cuatro \u00e1reas clave: la militar, la energ\u00e9tica, la de recursos estrat\u00e9gicos y la de tecnolog\u00edas revolucionarias.<\/strong><\/p>\n<p>La UE es partidaria de que su autonom\u00eda estrat\u00e9gica sea \u201cabierta\u201c por una cuesti\u00f3n de valores, de visi\u00f3n del mundo y tambi\u00e9n porque es pragm\u00e1tico que as\u00ed sea. Quienes proclaman el deseo de una UE con posici\u00f3n propia en un mundo de intereses descarnados y flacos principios deben activar los m\u00fasculos en las cuatro \u00e1reas clave citadas. <strong>La pr\u00f3xima cumbre de la CPE tendr\u00e1 lugar en Londres. <\/strong><\/p>\n<h5><strong>El presidente de Ucrania, Zelenski, ha sido la estrella de la cumbre<\/strong>.<\/h5>\n<p>Advirti\u00f3 que Rusia est\u00e1 tratando de \u201ccongelar\u201d el conflicto y restaurar entretanto sus capacidades para despu\u00e9s, de un lustro, dirigir su apetito imperialista contra otros pa\u00edses europeos. El Kremlin, adem\u00e1s, \u201cbusca fracturar el frente com\u00fan de Occidente\u00bb.<\/p>\n<h4><strong>La declaraci\u00f3n final de la cumbre ha sido decepcionante, al no incluir uno de los objetivos m\u00e1s importantes de la reuni\u00f3n: definir una pol\u00edtica com\u00fan ante la inmigraci\u00f3n.<\/strong><\/h4>\n<p><strong>Polonia y Hungr\u00eda<\/strong> se opusieron al borrador de declaraci\u00f3n com\u00fan sobre el tema. Los l\u00edderes de ambos pa\u00edses lanzaron una andanada p\u00fablica furiosa contra lo que denominan el \u201cdictado de Berl\u00edn y Bruselas\u201c. Orban lleg\u00f3 a declarar: \u201cHemos sido violados, forzados legalmente a aceptar algo que no queremos\u201c.<\/p>\n<p><strong>La Comisi\u00f3n Europea lleva a\u00f1os intentando en vano que los 27 adopten un Pacto Migratorio <\/strong>o futura arquitectura institucional del sistema de asilo de la UE, roto desde 2015 a ra\u00edz de la crisis desencadenada por la llegada de 1,8 millones de migrantes y el enfado de los pa\u00edses del Este por la decisi\u00f3n unilateral de la cancillera Angela Merkel de abrir las fronteras alemanas a aquella gran oleada de migrantes.<\/p>\n<p><strong>Charles Michel, presidente del Consejo Europeo, opt\u00f3 por una declaraci\u00f3n por separado sobre inmigraci\u00f3n,<\/strong> un texto que insta a explorar acuerdos como el que se ha alcanzado con T\u00fanez: facilitarle fondos a cambio de que el pa\u00eds magreb\u00ed ayude a gestionar los flujos migratorios y cierre las puertas hacia el territorio comunitario.<\/p>\n<p>De todos modos, la declaraci\u00f3n no era necesaria, los l\u00edderes no ten\u00edan que aprobar nada en la reuni\u00f3n informal de Granada, pero lo sucedido es una se\u00f1al de la existencia de una importante <strong>divisi\u00f3n de opiniones entre los 27.<\/strong><\/p>\n<h3><strong>Cumbre informal del Consejo Europeo de la UE<\/strong><\/h3>\n<p><strong>La segunda cumbre del viernes 6 de octubre se centr\u00f3 en la pr\u00f3xima gran ampliaci\u00f3n de la UE hacia el Este, que supondr\u00eda pasar de una UE de 27 miembros a otra de 37 miembros.\u00a0\u00a0 <\/strong><\/p>\n<p><strong>Los 27 evitaron acordar un compromiso ambicioso y preciso para la pr\u00f3xima ampliaci\u00f3n.<\/strong> Lo que se ha decidido es que la Comisi\u00f3n Europea, el \u00f3rgano ejecutivo de la UE, prepare una serie de propuestas (\u201cideas\u201c se les llama en el texto final aceptado) sobre las reformas precisas para que la pr\u00f3xima ampliaci\u00f3n sea un \u00e9xito.<\/p>\n<p><strong>Las \u201cideas\u201c se presentar\u00e1n durante el primer semestre de 2024. <\/strong>Adem\u00e1s, la presidenta de la Comisi\u00f3n Europea, la alemana \u00darsula Von der Leyen, ha encargado un estudio de estimaci\u00f3n de costes que tome como par\u00e1metro la pr\u00f3xima d\u00e9cada.<\/p>\n<h5><strong>En cualquier caso, la nueva fecha de referencia en la historia de la UE ha quedado establecida: a\u00f1o 2030. Es el nuevo horizonte del que todo el mundo ha hablado y dado por hecho.\u00a0 <\/strong><\/h5>\n<p>El debate de Granada sobre ampliaci\u00f3n de la UE es algo recurrente en la historia de la UE.<strong> Se trata del famoso tr\u00edpode: consolidaci\u00f3n o terminaci\u00f3n (<em>ach\u00e8vement<\/em>), ampliaci\u00f3n (<em>\u00e9largissement<\/em>) y profundizaci\u00f3n (<em>approfondissement<\/em>)<\/strong>, tres t\u00e9rminos franceses que se hicieron famosos en la cumbre de La Haya de diciembre de 1969, momento decisivo en la vida de la UE, cuando se dispon\u00eda a adoptar su primera ampliaci\u00f3n con la entrada del Reino Unido, Irlanda y Dinamarca.<\/p>\n<h4><strong>La cumbre de Granada ha acabado con un sabor agridulce<\/strong>.<\/h4>\n<p>Fue presentada como un p\u00f3rtico de los debates que establecer\u00edan las bases de la agenda estrat\u00e9gica para la pr\u00f3xima legislatura europea 2024-2029, que se abrir\u00e1 con las pr\u00f3ximas elecciones al Parlamento Europeo de junio de 2024, pero <strong>no ha logrado concretar prop\u00f3sitos<\/strong>.<\/p>\n<p>El p\u00e1rrafo dedicado a la pol\u00edtica migratoria <strong>fue eliminado a \u00faltima hora<\/strong>, la ampliaci\u00f3n ha quedado vislumbrada, pero no definida, y la \u201cautonom\u00eda estrat\u00e9gica abierta\u201c solamente reconocida como necesaria.<\/p>\n<h5><strong>Pero ya se sabe, las cumbres de la UE se caracterizan por pasos adelante, dudas, frenazos e incluso alg\u00fan paso atr\u00e1s. El momento presente no es distinto a otros muchos anteriores. <\/strong><\/h5>\n<p>Hoy, por lo menos, est\u00e1 clara la firme decisi\u00f3n de determinados pa\u00edses que, como<strong> Francia y Alemania, act\u00faan de motores del proceso de integraci\u00f3n, <\/strong>de dar un salto adelante hacia lo que podr\u00eda ser la Uni\u00f3n definitiva, con una reforma necesaria de los Tratados y extendiendo sus fronteras por la zona balc\u00e1nica, incluyendo Ucrania, hasta Rusia.<\/p>\n<p><strong>En el Post anterior coment\u00e1bamos precisamente <a href=\"https:\/\/conversesacatalunya.cat\/es\/propuesta-francoalemana-reforma-y-ampliacion-ue\/\" target=\"_blank\" rel=\"noopener\">la propuesta francoalemana<\/a><\/strong>de la creaci\u00f3n de una UE de cuatro c\u00edrculos conc\u00e9ntricos, el tercero dedicado a pa\u00edses simplemente asociados y el cuarto formado por los pa\u00edses miembros de la CPE.<\/p>\n<p><strong>A pesar de los altos y bajos de las dos cumbres de Granada, el rumbo de futuro de la UE se ha perfilado y ha quedado establecida una visi\u00f3n para el a\u00f1o 2030. La voluntad de ser de la UE es m\u00e1s ambiciosa que la que hab\u00eda antes de la invasi\u00f3n rusa de Ucrania. <\/strong><\/p>\n<p>La UE tiene ahora entre sus prioridades la ampliaci\u00f3n, dinamizar la toma de decisiones y disponer de los recursos presupuestarios que hagan falta. <strong>La UE sigue haciendo camino hacia su configuraci\u00f3n definitiva, que se vislumbra para finales de la presente d\u00e9cada.<\/strong><\/p>\n<span class='bctt-click-to-tweet'><span class='bctt-ctt-text'><a href='https:\/\/twitter.com\/intent\/tweet?url=https%3A%2F%2Fconversesacatalunya.cat%2Fes%2Fresultados-pobres-cumbres-lideres-europeos%2F&#038;text=La%20UE%20tiene%20ahora%20entre%20sus%20prioridades%20la%20ampliaci%C3%B3n%2C%20dinamizar%20la%20toma%20de%20decisiones%20y%20disponer%20de%20los%20recursos%20presupuestarios%20que%20hagan%20falta&#038;via=conversesacat&#038;related=conversesacat' target='_blank'rel=\"noopener noreferrer\">La UE tiene ahora entre sus prioridades la ampliaci\u00f3n, dinamizar la toma de decisiones y disponer de los recursos presupuestarios que hagan falta <\/a><\/span><a href='https:\/\/twitter.com\/intent\/tweet?url=https%3A%2F%2Fconversesacatalunya.cat%2Fes%2Fresultados-pobres-cumbres-lideres-europeos%2F&#038;text=La%20UE%20tiene%20ahora%20entre%20sus%20prioridades%20la%20ampliaci%C3%B3n%2C%20dinamizar%20la%20toma%20de%20decisiones%20y%20disponer%20de%20los%20recursos%20presupuestarios%20que%20hagan%20falta&#038;via=conversesacat&#038;related=conversesacat' target='_blank' class='bctt-ctt-btn'rel=\"noopener noreferrer\">Compartir en X<\/a><\/span>\n<div id=\"polls-213\" class=\"wp-polls\">\n\t<form id=\"polls_form_213\" class=\"wp-polls-form\" action=\"\/index.php\" method=\"post\">\n\t\t<p style=\"display: none;\"><input type=\"hidden\" id=\"poll_213_nonce\" name=\"wp-polls-nonce\" value=\"85a09baf65\" \/><\/p>\n\t\t<p style=\"display: none;\"><input type=\"hidden\" name=\"poll_id\" value=\"213\" \/><\/p>\n\t\t<p style=\"text-align: center\"><strong>Creus que el conflicte d'Israel amb Ham\u00e0s desencadenar\u00e0 una guerra m\u00e9s gran?<\/strong><\/p><div id=\"polls-213-ans\" class=\"wp-polls-ans\"><ul class=\"wp-polls-ul\">\n\t\t<li><input type=\"radio\" id=\"poll-answer-592\" name=\"poll_213\" value=\"592\" \/> <label for=\"poll-answer-592\">S\u00ed<\/label><\/li>\n\t\t<li><input type=\"radio\" id=\"poll-answer-593\" name=\"poll_213\" value=\"593\" \/> <label for=\"poll-answer-593\">No<\/label><\/li>\n\t\t<li><input type=\"radio\" id=\"poll-answer-594\" name=\"poll_213\" value=\"594\" \/> <label for=\"poll-answer-594\">No ho s\u00e9<\/label><\/li>\n\t\t<\/ul><p style=\"text-align: center\"><input type=\"button\" name=\"vote\" value=\"   Vota   \" class=\"Buttons\" onclick=\"poll_vote(213);\" \/><\/p><p style=\"text-align: center\"><a href=\"#ViewPollResults\" onclick=\"poll_result(213); return false;\" title=\"View Results Of This Poll\">Mira els resultats<\/a><\/p><\/div>\n\t<\/form>\n<\/div>\n<div id=\"polls-213-loading\" class=\"wp-polls-loading\"><img decoding=\"async\" data-src=\"https:\/\/conversesacatalunya.cat\/wp-content\/plugins\/wp-polls\/images\/loading.gif\" width=\"16\" height=\"16\" alt=\"Cargando ...\" title=\"Cargando ...\" class=\"wp-polls-image lazyload\" src=\"data:image\/svg+xml;base64,PHN2ZyB3aWR0aD0iMSIgaGVpZ2h0PSIxIiB4bWxucz0iaHR0cDovL3d3dy53My5vcmcvMjAwMC9zdmciPjwvc3ZnPg==\" style=\"--smush-placeholder-width: 16px; --smush-placeholder-aspect-ratio: 16\/16;\" \/>&nbsp;Cargando ...<\/div>\n\n<p>&nbsp;<\/p>\n","protected":false},"excerpt":{"rendered":"<p>Tercera cumbre de la Comunidad Pol\u00edtica Europea (CPE) La Comunidad Pol\u00edtica Europea (CPE) es una idea lanzada por el presidente franc\u00e9s, Emmanuel Macron, para reunir a todos los pa\u00edses europeos- con la excepci\u00f3n de Rusia y Bielorrusia- como una suerte de alternativa a la ampliaci\u00f3n de la UE, que ha estado congelada durante a\u00f1os y reactivada tras la invasi\u00f3n rusa de Ucrania. En Granada ha reunido a 47 l\u00edderes europeos, m\u00e1s la UE como instituci\u00f3n. Desde el punto de vista de asistencia, ha sido un \u00e9xito, aunque ha habido ausencias destacadas. Han sido las de los presidentes de Turqu\u00eda, Erdogan, y de Azerbaiy\u00e1n, Al\u00edyec, dos de los l\u00edderes europeos m\u00e1s cercanos a Putin. Han faltado para evitar sentarse a la mesa con el primer ministro de Armenia, Pashini\u00e1n, para tratar del conflicto del territorio hasta ahora armenio Nagorno Karabaj, que acaba de ser invadido por tropas azer\u00edes con el apoyo de Turqu\u00eda, con la consiguiente limpieza \u00e9tnica de armenios. Ambos pa\u00edses se reunir\u00e1n pr\u00f3ximamente en Bruselas para tratar sobre el conflicto. El proyecto de la CPE es un desaf\u00edo a Putin y una f\u00f3rmula para crear una plataforma de coordinaci\u00f3n de pol\u00edticas para todos los pa\u00edses del continente y fomentar el di\u00e1logo pol\u00edtico. Es una constelaci\u00f3n europea destinada a hallar soluciones a las profundas divisiones en el continente, por ejemplo, sobre migraci\u00f3n, seguridad o energ\u00eda, y tratar de fortalecer la seguridad, la estabilidad y la prosperidad del continente europeo. La CPE se reuni\u00f3 por primera vez en Praga en octubre de 2022 en una cumbre que cont\u00f3 con 44 pa\u00edses europeos. La segunda cumbre se celebr\u00f3 en junio de 2023 en Moldavia, all\u00ed se incorporaron Andorra, M\u00f3naco y San Marino, elevando el n\u00famero de pa\u00edses participantes a 47. Los temas centrales de esta tercera cumbre de la CPE eran el desarrollo del concepto de \u201cautonom\u00eda estrat\u00e9gica abierta\u201c para la UE y la nueva gran ampliaci\u00f3n de la UE al Este, incluyendo Ucrania, hasta llegar a una UE de 37 miembros, junto con la pol\u00edtica de inmigraci\u00f3n. La inmigraci\u00f3n no estaba en la agenda inicial de la cumbre, pero la primera ministra italiana, Giorgia Meloni, exigi\u00f3 que se debatiera ante las oleadas de inmigrantes que llegan a las costas italianas, principalmente dirigidas a la isla de Lampedusa. En lo referente a la necesidad de una \u201cautonom\u00eda estrat\u00e9gica abierta\u201c para la UE en un mundo de gigantes dominado por Estados Unidos y China, se constataron peligrosas dependencias de la UE en, por lo menos, cuatro \u00e1reas clave: la militar, la energ\u00e9tica, la de recursos estrat\u00e9gicos y la de tecnolog\u00edas revolucionarias. La UE es partidaria de que su autonom\u00eda estrat\u00e9gica sea \u201cabierta\u201c por una cuesti\u00f3n de valores, de visi\u00f3n del mundo y tambi\u00e9n porque es pragm\u00e1tico que as\u00ed sea. Quienes proclaman el deseo de una UE con posici\u00f3n propia en un mundo de intereses descarnados y flacos principios deben activar los m\u00fasculos en las cuatro \u00e1reas clave citadas. La pr\u00f3xima cumbre de la CPE tendr\u00e1 lugar en Londres. El presidente de Ucrania, Zelenski, ha sido la estrella de la cumbre. Advirti\u00f3 que Rusia est\u00e1 tratando de \u201ccongelar\u201d el conflicto y restaurar entretanto sus capacidades para despu\u00e9s, de un lustro, dirigir su apetito imperialista contra otros pa\u00edses europeos. El Kremlin, adem\u00e1s, \u201cbusca fracturar el frente com\u00fan de Occidente\u00bb. La declaraci\u00f3n final de la cumbre ha sido decepcionante, al no incluir uno de los objetivos m\u00e1s importantes de la reuni\u00f3n: definir una pol\u00edtica com\u00fan ante la inmigraci\u00f3n. Polonia y Hungr\u00eda se opusieron al borrador de declaraci\u00f3n com\u00fan sobre el tema. Los l\u00edderes de ambos pa\u00edses lanzaron una andanada p\u00fablica furiosa contra lo que denominan el \u201cdictado de Berl\u00edn y Bruselas\u201c. Orban lleg\u00f3 a declarar: \u201cHemos sido violados, forzados legalmente a aceptar algo que no queremos\u201c. La Comisi\u00f3n Europea lleva a\u00f1os intentando en vano que los 27 adopten un Pacto Migratorio o futura arquitectura institucional del sistema de asilo de la UE, roto desde 2015 a ra\u00edz de la crisis desencadenada por la llegada de 1,8 millones de migrantes y el enfado de los pa\u00edses del Este por la decisi\u00f3n unilateral de la cancillera Angela Merkel de abrir las fronteras alemanas a aquella gran oleada de migrantes. Charles Michel, presidente del Consejo Europeo, opt\u00f3 por una declaraci\u00f3n por separado sobre inmigraci\u00f3n, un texto que insta a explorar acuerdos como el que se ha alcanzado con T\u00fanez: facilitarle fondos a cambio de que el pa\u00eds magreb\u00ed ayude a gestionar los flujos migratorios y cierre las puertas hacia el territorio comunitario. De todos modos, la declaraci\u00f3n no era necesaria, los l\u00edderes no ten\u00edan que aprobar nada en la reuni\u00f3n informal de Granada, pero lo sucedido es una se\u00f1al de la existencia de una importante divisi\u00f3n de opiniones entre los 27. Cumbre informal del Consejo Europeo de la UE La segunda cumbre del viernes 6 de octubre se centr\u00f3 en la pr\u00f3xima gran ampliaci\u00f3n de la UE hacia el Este, que supondr\u00eda pasar de una UE de 27 miembros a otra de 37 miembros.\u00a0\u00a0 Los 27 evitaron acordar un compromiso ambicioso y preciso para la pr\u00f3xima ampliaci\u00f3n. Lo que se ha decidido es que la Comisi\u00f3n Europea, el \u00f3rgano ejecutivo de la UE, prepare una serie de propuestas (\u201cideas\u201c se les llama en el texto final aceptado) sobre las reformas precisas para que la pr\u00f3xima ampliaci\u00f3n sea un \u00e9xito. Las \u201cideas\u201c se presentar\u00e1n durante el primer semestre de 2024. Adem\u00e1s, la presidenta de la Comisi\u00f3n Europea, la alemana \u00darsula Von der Leyen, ha encargado un estudio de estimaci\u00f3n de costes que tome como par\u00e1metro la pr\u00f3xima d\u00e9cada. En cualquier caso, la nueva fecha de referencia en la historia de la UE ha quedado establecida: a\u00f1o 2030. Es el nuevo horizonte del que todo el mundo ha hablado y dado por hecho.\u00a0 El debate de Granada sobre ampliaci\u00f3n de la UE es algo recurrente en la historia de la UE. Se trata del famoso tr\u00edpode: consolidaci\u00f3n o terminaci\u00f3n (ach\u00e8vement), ampliaci\u00f3n (\u00e9largissement) y profundizaci\u00f3n (approfondissement), tres t\u00e9rminos franceses que se hicieron famosos en la cumbre de La Haya de diciembre&#8230;<\/p>\n","protected":false},"author":38,"featured_media":71413,"comment_status":"open","ping_status":"open","sticky":false,"template":"","format":"standard","meta":{"_FSMCFIC_featured_image_caption":"","_FSMCFIC_featured_image_nocaption":"","_FSMCFIC_featured_image_hide":"","footnotes":""},"categories":[798,806],"tags":[5040,3187,5000],"class_list":["post-71404","post","type-post","status-publish","format-standard","has-post-thumbnail","hentry","category-pro-europa-es","category-punts-claus-del-dia-es","tag-ampliacion-ue","tag-armenia-es","tag-comunitat-politica-europea-cpe-es"],"yoast_head":"<!-- This site is optimized with the Yoast SEO plugin v26.8 - https:\/\/yoast.com\/product\/yoast-seo-wordpress\/ -->\n<title>Resultados pobres de las dos cumbres de l\u00edderes europeos<\/title>\n<meta name=\"description\" content=\"Temas de la tercera cumbre de la CPE eran el desarrollo del concepto de \u201cautonom\u00eda estrat\u00e9gica abierta\u201c para la UE y nueva gran ampliaci\u00f3n\" \/>\n<meta name=\"robots\" content=\"index, follow, max-snippet:-1, max-image-preview:large, max-video-preview:-1\" \/>\n<link rel=\"canonical\" href=\"https:\/\/conversesacatalunya.cat\/es\/resultados-pobres-cumbres-lideres-europeos\/\" \/>\n<meta property=\"og:locale\" content=\"es_ES\" \/>\n<meta property=\"og:type\" content=\"article\" \/>\n<meta property=\"og:title\" content=\"Resultados pobres de las dos cumbres de l\u00edderes europeos\" \/>\n<meta property=\"og:description\" content=\"Temas de la tercera cumbre de la CPE eran el desarrollo del concepto de \u201cautonom\u00eda estrat\u00e9gica abierta\u201c para la UE y nueva gran ampliaci\u00f3n\" \/>\n<meta property=\"og:url\" content=\"https:\/\/conversesacatalunya.cat\/es\/resultados-pobres-cumbres-lideres-europeos\/\" \/>\n<meta property=\"og:site_name\" content=\"Converses a Catalunya\" \/>\n<meta property=\"article:published_time\" content=\"2023-10-10T06:56:02+00:00\" \/>\n<meta property=\"article:modified_time\" content=\"2023-10-11T09:33:37+00:00\" \/>\n<meta property=\"og:image\" content=\"https:\/\/conversesacatalunya.cat\/wp-content\/uploads\/2023\/10\/CUMBRE-300x205-1.png\" \/>\n\t<meta property=\"og:image:width\" content=\"300\" \/>\n\t<meta property=\"og:image:height\" content=\"205\" \/>\n\t<meta property=\"og:image:type\" content=\"image\/png\" \/>\n<meta name=\"author\" content=\"Victor Pou\" \/>\n<meta name=\"twitter:card\" content=\"summary_large_image\" \/>\n<meta name=\"twitter:label1\" content=\"Escrito por\" \/>\n\t<meta name=\"twitter:data1\" content=\"Victor Pou\" \/>\n\t<meta name=\"twitter:label2\" content=\"Tiempo de lectura\" \/>\n\t<meta name=\"twitter:data2\" content=\"7 minutos\" \/>\n<script type=\"application\/ld+json\" class=\"yoast-schema-graph\">{\"@context\":\"https:\/\/schema.org\",\"@graph\":[{\"@type\":\"Article\",\"@id\":\"https:\/\/conversesacatalunya.cat\/es\/resultados-pobres-cumbres-lideres-europeos\/#article\",\"isPartOf\":{\"@id\":\"https:\/\/conversesacatalunya.cat\/es\/resultados-pobres-cumbres-lideres-europeos\/\"},\"author\":{\"name\":\"Victor Pou\",\"@id\":\"https:\/\/conversesacatalunya.cat\/#\/schema\/person\/1b0082ee920b837be791bee630d460b2\"},\"headline\":\"Resultados pobres de las dos cumbres de l\u00edderes europeos. Granada, 5 y 6 de octubre 2023\",\"datePublished\":\"2023-10-10T06:56:02+00:00\",\"dateModified\":\"2023-10-11T09:33:37+00:00\",\"mainEntityOfPage\":{\"@id\":\"https:\/\/conversesacatalunya.cat\/es\/resultados-pobres-cumbres-lideres-europeos\/\"},\"wordCount\":1500,\"commentCount\":0,\"image\":{\"@id\":\"https:\/\/conversesacatalunya.cat\/es\/resultados-pobres-cumbres-lideres-europeos\/#primaryimage\"},\"thumbnailUrl\":\"https:\/\/conversesacatalunya.cat\/wp-content\/uploads\/2023\/10\/CUMBRE-300x205-1.png\",\"keywords\":[\"ampliaci\u00f3n UE\",\"Arm\u00e8nia\",\"Comunitat Pol\u00edtica Europea (CPE)\"],\"articleSection\":[\"Pro Europa (ES)\",\"Punts clau del dia (ES)\"],\"inLanguage\":\"es\",\"potentialAction\":[{\"@type\":\"CommentAction\",\"name\":\"Comment\",\"target\":[\"https:\/\/conversesacatalunya.cat\/es\/resultados-pobres-cumbres-lideres-europeos\/#respond\"]}]},{\"@type\":\"WebPage\",\"@id\":\"https:\/\/conversesacatalunya.cat\/es\/resultados-pobres-cumbres-lideres-europeos\/\",\"url\":\"https:\/\/conversesacatalunya.cat\/es\/resultados-pobres-cumbres-lideres-europeos\/\",\"name\":\"Resultados pobres de las dos cumbres de l\u00edderes europeos\",\"isPartOf\":{\"@id\":\"https:\/\/conversesacatalunya.cat\/#website\"},\"primaryImageOfPage\":{\"@id\":\"https:\/\/conversesacatalunya.cat\/es\/resultados-pobres-cumbres-lideres-europeos\/#primaryimage\"},\"image\":{\"@id\":\"https:\/\/conversesacatalunya.cat\/es\/resultados-pobres-cumbres-lideres-europeos\/#primaryimage\"},\"thumbnailUrl\":\"https:\/\/conversesacatalunya.cat\/wp-content\/uploads\/2023\/10\/CUMBRE-300x205-1.png\",\"datePublished\":\"2023-10-10T06:56:02+00:00\",\"dateModified\":\"2023-10-11T09:33:37+00:00\",\"author\":{\"@id\":\"https:\/\/conversesacatalunya.cat\/#\/schema\/person\/1b0082ee920b837be791bee630d460b2\"},\"description\":\"Temas de la tercera cumbre de la CPE eran el desarrollo del concepto de \u201cautonom\u00eda estrat\u00e9gica abierta\u201c para la UE y nueva gran ampliaci\u00f3n\",\"breadcrumb\":{\"@id\":\"https:\/\/conversesacatalunya.cat\/es\/resultados-pobres-cumbres-lideres-europeos\/#breadcrumb\"},\"inLanguage\":\"es\",\"potentialAction\":[{\"@type\":\"ReadAction\",\"target\":[\"https:\/\/conversesacatalunya.cat\/es\/resultados-pobres-cumbres-lideres-europeos\/\"]}]},{\"@type\":\"ImageObject\",\"inLanguage\":\"es\",\"@id\":\"https:\/\/conversesacatalunya.cat\/es\/resultados-pobres-cumbres-lideres-europeos\/#primaryimage\",\"url\":\"https:\/\/conversesacatalunya.cat\/wp-content\/uploads\/2023\/10\/CUMBRE-300x205-1.png\",\"contentUrl\":\"https:\/\/conversesacatalunya.cat\/wp-content\/uploads\/2023\/10\/CUMBRE-300x205-1.png\",\"width\":300,\"height\":205,\"caption\":\"tercera cumbre de la CPE\"},{\"@type\":\"BreadcrumbList\",\"@id\":\"https:\/\/conversesacatalunya.cat\/es\/resultados-pobres-cumbres-lideres-europeos\/#breadcrumb\",\"itemListElement\":[{\"@type\":\"ListItem\",\"position\":1,\"name\":\"Inici\",\"item\":\"https:\/\/conversesacatalunya.cat\/es\/\"},{\"@type\":\"ListItem\",\"position\":2,\"name\":\"Resultados pobres de las dos cumbres de l\u00edderes europeos. Granada, 5 y 6 de octubre 2023\"}]},{\"@type\":\"WebSite\",\"@id\":\"https:\/\/conversesacatalunya.cat\/#website\",\"url\":\"https:\/\/conversesacatalunya.cat\/\",\"name\":\"Converses a Catalunya\",\"description\":\"\",\"potentialAction\":[{\"@type\":\"SearchAction\",\"target\":{\"@type\":\"EntryPoint\",\"urlTemplate\":\"https:\/\/conversesacatalunya.cat\/?s={search_term_string}\"},\"query-input\":{\"@type\":\"PropertyValueSpecification\",\"valueRequired\":true,\"valueName\":\"search_term_string\"}}],\"inLanguage\":\"es\"},{\"@type\":\"Person\",\"@id\":\"https:\/\/conversesacatalunya.cat\/#\/schema\/person\/1b0082ee920b837be791bee630d460b2\",\"name\":\"Victor Pou\",\"image\":{\"@type\":\"ImageObject\",\"inLanguage\":\"es\",\"@id\":\"https:\/\/conversesacatalunya.cat\/#\/schema\/person\/image\/\",\"url\":\"https:\/\/conversesacatalunya.cat\/wp-content\/litespeed\/avatar\/b9b32a5f987117ce72836d050f735d2b.jpg?ver=1777366285\",\"contentUrl\":\"https:\/\/conversesacatalunya.cat\/wp-content\/litespeed\/avatar\/b9b32a5f987117ce72836d050f735d2b.jpg?ver=1777366285\",\"caption\":\"Victor Pou\"},\"url\":\"https:\/\/conversesacatalunya.cat\/es\/author\/victor_pou\/\"}]}<\/script>\n<!-- \/ Yoast SEO plugin. -->","yoast_head_json":{"title":"Resultados pobres de las dos cumbres de l\u00edderes europeos","description":"Temas de la tercera cumbre de la CPE eran el desarrollo del concepto de \u201cautonom\u00eda estrat\u00e9gica abierta\u201c para la UE y nueva gran ampliaci\u00f3n","robots":{"index":"index","follow":"follow","max-snippet":"max-snippet:-1","max-image-preview":"max-image-preview:large","max-video-preview":"max-video-preview:-1"},"canonical":"https:\/\/conversesacatalunya.cat\/es\/resultados-pobres-cumbres-lideres-europeos\/","og_locale":"es_ES","og_type":"article","og_title":"Resultados pobres de las dos cumbres de l\u00edderes europeos","og_description":"Temas de la tercera cumbre de la CPE eran el desarrollo del concepto de \u201cautonom\u00eda estrat\u00e9gica abierta\u201c para la UE y nueva gran ampliaci\u00f3n","og_url":"https:\/\/conversesacatalunya.cat\/es\/resultados-pobres-cumbres-lideres-europeos\/","og_site_name":"Converses a Catalunya","article_published_time":"2023-10-10T06:56:02+00:00","article_modified_time":"2023-10-11T09:33:37+00:00","og_image":[{"width":300,"height":205,"url":"https:\/\/conversesacatalunya.cat\/wp-content\/uploads\/2023\/10\/CUMBRE-300x205-1.png","type":"image\/png"}],"author":"Victor Pou","twitter_card":"summary_large_image","twitter_misc":{"Escrito por":"Victor Pou","Tiempo de lectura":"7 minutos"},"schema":{"@context":"https:\/\/schema.org","@graph":[{"@type":"Article","@id":"https:\/\/conversesacatalunya.cat\/es\/resultados-pobres-cumbres-lideres-europeos\/#article","isPartOf":{"@id":"https:\/\/conversesacatalunya.cat\/es\/resultados-pobres-cumbres-lideres-europeos\/"},"author":{"name":"Victor Pou","@id":"https:\/\/conversesacatalunya.cat\/#\/schema\/person\/1b0082ee920b837be791bee630d460b2"},"headline":"Resultados pobres de las dos cumbres de l\u00edderes europeos. Granada, 5 y 6 de octubre 2023","datePublished":"2023-10-10T06:56:02+00:00","dateModified":"2023-10-11T09:33:37+00:00","mainEntityOfPage":{"@id":"https:\/\/conversesacatalunya.cat\/es\/resultados-pobres-cumbres-lideres-europeos\/"},"wordCount":1500,"commentCount":0,"image":{"@id":"https:\/\/conversesacatalunya.cat\/es\/resultados-pobres-cumbres-lideres-europeos\/#primaryimage"},"thumbnailUrl":"https:\/\/conversesacatalunya.cat\/wp-content\/uploads\/2023\/10\/CUMBRE-300x205-1.png","keywords":["ampliaci\u00f3n UE","Arm\u00e8nia","Comunitat Pol\u00edtica Europea (CPE)"],"articleSection":["Pro Europa (ES)","Punts clau del dia (ES)"],"inLanguage":"es","potentialAction":[{"@type":"CommentAction","name":"Comment","target":["https:\/\/conversesacatalunya.cat\/es\/resultados-pobres-cumbres-lideres-europeos\/#respond"]}]},{"@type":"WebPage","@id":"https:\/\/conversesacatalunya.cat\/es\/resultados-pobres-cumbres-lideres-europeos\/","url":"https:\/\/conversesacatalunya.cat\/es\/resultados-pobres-cumbres-lideres-europeos\/","name":"Resultados pobres de las dos cumbres de l\u00edderes europeos","isPartOf":{"@id":"https:\/\/conversesacatalunya.cat\/#website"},"primaryImageOfPage":{"@id":"https:\/\/conversesacatalunya.cat\/es\/resultados-pobres-cumbres-lideres-europeos\/#primaryimage"},"image":{"@id":"https:\/\/conversesacatalunya.cat\/es\/resultados-pobres-cumbres-lideres-europeos\/#primaryimage"},"thumbnailUrl":"https:\/\/conversesacatalunya.cat\/wp-content\/uploads\/2023\/10\/CUMBRE-300x205-1.png","datePublished":"2023-10-10T06:56:02+00:00","dateModified":"2023-10-11T09:33:37+00:00","author":{"@id":"https:\/\/conversesacatalunya.cat\/#\/schema\/person\/1b0082ee920b837be791bee630d460b2"},"description":"Temas de la tercera cumbre de la CPE eran el desarrollo del concepto de \u201cautonom\u00eda estrat\u00e9gica abierta\u201c para la UE y nueva gran ampliaci\u00f3n","breadcrumb":{"@id":"https:\/\/conversesacatalunya.cat\/es\/resultados-pobres-cumbres-lideres-europeos\/#breadcrumb"},"inLanguage":"es","potentialAction":[{"@type":"ReadAction","target":["https:\/\/conversesacatalunya.cat\/es\/resultados-pobres-cumbres-lideres-europeos\/"]}]},{"@type":"ImageObject","inLanguage":"es","@id":"https:\/\/conversesacatalunya.cat\/es\/resultados-pobres-cumbres-lideres-europeos\/#primaryimage","url":"https:\/\/conversesacatalunya.cat\/wp-content\/uploads\/2023\/10\/CUMBRE-300x205-1.png","contentUrl":"https:\/\/conversesacatalunya.cat\/wp-content\/uploads\/2023\/10\/CUMBRE-300x205-1.png","width":300,"height":205,"caption":"tercera cumbre de la CPE"},{"@type":"BreadcrumbList","@id":"https:\/\/conversesacatalunya.cat\/es\/resultados-pobres-cumbres-lideres-europeos\/#breadcrumb","itemListElement":[{"@type":"ListItem","position":1,"name":"Inici","item":"https:\/\/conversesacatalunya.cat\/es\/"},{"@type":"ListItem","position":2,"name":"Resultados pobres de las dos cumbres de l\u00edderes europeos. Granada, 5 y 6 de octubre 2023"}]},{"@type":"WebSite","@id":"https:\/\/conversesacatalunya.cat\/#website","url":"https:\/\/conversesacatalunya.cat\/","name":"Converses a Catalunya","description":"","potentialAction":[{"@type":"SearchAction","target":{"@type":"EntryPoint","urlTemplate":"https:\/\/conversesacatalunya.cat\/?s={search_term_string}"},"query-input":{"@type":"PropertyValueSpecification","valueRequired":true,"valueName":"search_term_string"}}],"inLanguage":"es"},{"@type":"Person","@id":"https:\/\/conversesacatalunya.cat\/#\/schema\/person\/1b0082ee920b837be791bee630d460b2","name":"Victor Pou","image":{"@type":"ImageObject","inLanguage":"es","@id":"https:\/\/conversesacatalunya.cat\/#\/schema\/person\/image\/","url":"https:\/\/conversesacatalunya.cat\/wp-content\/litespeed\/avatar\/b9b32a5f987117ce72836d050f735d2b.jpg?ver=1777366285","contentUrl":"https:\/\/conversesacatalunya.cat\/wp-content\/litespeed\/avatar\/b9b32a5f987117ce72836d050f735d2b.jpg?ver=1777366285","caption":"Victor Pou"},"url":"https:\/\/conversesacatalunya.cat\/es\/author\/victor_pou\/"}]}},"wps_subtitle":"Pero se ha logrado fijar objetivos de reforma y ampliaci\u00f3n al Este de la UE","_links":{"self":[{"href":"https:\/\/conversesacatalunya.cat\/es\/wp-json\/wp\/v2\/posts\/71404","targetHints":{"allow":["GET"]}}],"collection":[{"href":"https:\/\/conversesacatalunya.cat\/es\/wp-json\/wp\/v2\/posts"}],"about":[{"href":"https:\/\/conversesacatalunya.cat\/es\/wp-json\/wp\/v2\/types\/post"}],"author":[{"embeddable":true,"href":"https:\/\/conversesacatalunya.cat\/es\/wp-json\/wp\/v2\/users\/38"}],"replies":[{"embeddable":true,"href":"https:\/\/conversesacatalunya.cat\/es\/wp-json\/wp\/v2\/comments?post=71404"}],"version-history":[{"count":13,"href":"https:\/\/conversesacatalunya.cat\/es\/wp-json\/wp\/v2\/posts\/71404\/revisions"}],"predecessor-version":[{"id":71449,"href":"https:\/\/conversesacatalunya.cat\/es\/wp-json\/wp\/v2\/posts\/71404\/revisions\/71449"}],"wp:featuredmedia":[{"embeddable":true,"href":"https:\/\/conversesacatalunya.cat\/es\/wp-json\/wp\/v2\/media\/71413"}],"wp:attachment":[{"href":"https:\/\/conversesacatalunya.cat\/es\/wp-json\/wp\/v2\/media?parent=71404"}],"wp:term":[{"taxonomy":"category","embeddable":true,"href":"https:\/\/conversesacatalunya.cat\/es\/wp-json\/wp\/v2\/categories?post=71404"},{"taxonomy":"post_tag","embeddable":true,"href":"https:\/\/conversesacatalunya.cat\/es\/wp-json\/wp\/v2\/tags?post=71404"}],"curies":[{"name":"wp","href":"https:\/\/api.w.org\/{rel}","templated":true}]}}