{"id":71378,"date":"2023-10-09T13:03:08","date_gmt":"2023-10-09T11:03:08","guid":{"rendered":"https:\/\/conversesacatalunya.cat\/?p=71378"},"modified":"2023-10-10T12:38:49","modified_gmt":"2023-10-10T10:38:49","slug":"elecciones-alemania-progresan-derecha-y-derecha-radical","status":"publish","type":"post","link":"https:\/\/conversesacatalunya.cat\/es\/elecciones-alemania-progresan-derecha-y-derecha-radical\/","title":{"rendered":"Elecciones en Alemania. Progresan la derecha y la derecha radical. Cae la coalici\u00f3n de gobierno"},"content":{"rendered":"<p>Se han producido este domingo <strong>elecciones en Baviera<\/strong>, uno de los estados con mayor peso demogr\u00e1fico y econ\u00f3mico de Alemania y tambi\u00e9n en otro muy peque\u00f1o,<strong> Hesse<\/strong>, pero que tiene como capital uno de los centros financieros m\u00e1s importantes de Europa, <strong>Frankfurt.<\/strong><\/p>\n<p>Los resultados han sido un disgusto para la coalici\u00f3n gobernante formada por socialdem\u00f3cratas, liberales y verdes. Sobre todo para el partido del presidente del gobierno, el socialista Frank-Walter Steinmeier, y los liberales que apenas han logrado representaci\u00f3n de uno de los dos lands.<\/p>\n<h3><strong>Pero ve\u00e1moslo con m\u00e1s detalle:<\/strong><\/h3>\n<h4><strong>Baviera<\/strong><\/h4>\n<p><strong>En Baviera ha ganado la CSU<\/strong> el partido que gobierna de forma ininterrumpida desde el final de la II Guerra Mundial, ahora en coalici\u00f3n con un partido regionalista, Electores Libres, que han obtenido un 14%. No es un dato menor que la segunda fuerza haya sido la <a href=\"https:\/\/conversesacatalunya.cat\/es\/retorno-derecha-antiinmigracion-alemania\/\" target=\"_blank\" rel=\"noopener\">derecha radical<\/a> de Alternativa por Alemania, con un 16%, frente a los verdes, con un 15,5%. Los socialdem\u00f3cratas hicieron el peor resultado de su historia, quedaron \u00faltimos en el parlamento con s\u00f3lo un 8,5%.<\/p>\n<p><strong>Con esta previsi\u00f3n al cierre de los colegios,<\/strong> la CSU consigue 83 esca\u00f1os y puede hacer f\u00e1cilmente la mayor\u00eda absoluta, 103, con Electores Libres repitiendo as\u00ed la coalici\u00f3n de gobierno actual. Los verdes con 35 esca\u00f1os y la Alternativa por Alemania con 36 se disputan el papel de segunda fuerza.<\/p>\n<p>Pero lo m\u00e1s significativo es la <strong>comparaci\u00f3n con las anteriores elecciones.<\/strong> Pese a gobernar en un per\u00edodo realmente complicado, la Uni\u00f3n Social Cristiana pr\u00e1cticamente ha mantenido los mismos resultados, perdiendo s\u00f3lo 7 d\u00e9cimas. Una suerte distinta han tenido los partidos de la <strong>coalici\u00f3n gobernante.<\/strong> Los verdes y liberales han visto reducida su proporci\u00f3n en 2,1 puntos porcentuales (pp) respectivamente. Y el SPE en un 1,2 pp. Las mejoras se han dado en el partido regional que est\u00e1 en el gobierno, Electores Libres, que ha ganado 2,4 pp y sobre todo la alternativa por Alemania que lo ha hecho en 5,8 pp.<\/p>\n<h4><strong>Hesse<\/strong><\/h4>\n<p>En Hesse, el otro estado, la CDU, la uni\u00f3n dem\u00f3crata cristiana, <strong>ha ganado claramente<\/strong> con el 34,5% de los votos, seguido de Alternativa por Alemania (17%), los verdes (15,5%), y el SPD (15%). Los liberales han entrado por los pelos con un 5% de los votos, que es la barrera para lograr representaci\u00f3n parlamentaria<\/p>\n<h5><strong>Es interesante ver la tendencia de voto.<\/strong><\/h5>\n<p><strong>Hay 3 fuerzas que remontan hacia arriba<\/strong>, la democracia cristiana, la derecha radical y la derecha regional, y 3 que caen, socialdemocracia, verdes y liberales. Ahora los dem\u00f3cratas cristianos en el gobierno pueden mantener la coalici\u00f3n con los verdes porque los 52 esca\u00f1os de la CDU y los 23 de los Gr\u00fcne otorgan 75 esca\u00f1os, claramente por encima de la mayor\u00eda necesaria de 67, pero tambi\u00e9n podr\u00eda hacer la democracia cristiana una coalici\u00f3n con el SPD exactamente con las mismas cifras.<\/p>\n<p><strong>Lo que no suma es la coalici\u00f3n sem\u00e1foro que gobierna en Alemania<\/strong> de socialdem\u00f3cratas, verdes y liberales, que s\u00f3lo llegar\u00eda a 54 esca\u00f1os. Tambi\u00e9n en este caso, como en Baviera, pero a\u00fan m\u00e1s acentuadas, se producen las p\u00e9rdidas de los 3 partidos que gobiernan en Alemania. Los socialistas pierden 4,8 pp, tambi\u00e9n el Gr\u00fcne (-4,3 pp) y el FDP (2,5 pp). Sube la Alternativa por Alemania (3,9 pp), pero sobre todo lo que se lleva el mayor incremento es la CDU que ve incrementada su ventaja con 7,5 pp, lo que es una buena rev\u00e1lida para un partido que gobierna en estos momentos.<\/p>\n<p><strong>Estos resultados se\u00f1alan una tendencia que es cada vez m\u00e1s visible<\/strong>. La acentuaci\u00f3n de la crisis socialdem\u00f3crata que, pese a sus sucesivas transformaciones, no logra levantar cabeza. Y con ella, con medidas distintas, tambi\u00e9n arrastra a los socios de gobierno verdes y liberales que parece dif\u00edcil que puedan repetir gobierno.<\/p>\n<p>Salvando sorpresas, todo apunta a que <strong>Alemania volver\u00e1 a ser gobernada por la CDU-CSU<\/strong> y el interrogante es qui\u00e9nes pueden ser los socios, sobre todo teniendo en cuenta que de momento se mantiene la exclusi\u00f3n de la derecha radical en las alianzas pol\u00edticas. Unos <strong>verdes<\/strong> cada vez m\u00e1s moderados podr\u00edan ser una soluci\u00f3n<\/p>\n<p>Es dif\u00edcil que quiera serlo la socialdemocracia porque seguramente creer\u00e1 que <strong>puede rehacerse mejor de su crisis<\/strong> desde la oposici\u00f3n que en un gobierno en minor\u00eda con los democratacristianos con el riesgo de ser fagocitados.<\/p>\n<p>En cualquier caso, el resultado de todos estos partidos que no amenazan el primer puesto de la democracia cristiana acabar\u00e1 determinando la naturaleza de la coalici\u00f3n.<\/p>\n<span class='bctt-click-to-tweet'><span class='bctt-ctt-text'><a href='https:\/\/twitter.com\/intent\/tweet?url=https%3A%2F%2Fconversesacatalunya.cat%2Fes%2Felecciones-alemania-progresan-derecha-y-derecha-radical%2F&#038;text=El%20resultado%20de%20todos%20estos%20partidos%20que%20no%20amenazan%20el%20primer%20puesto%20de%20la%20democracia%20cristiana%20acabar%C3%A1%20determinando%20la%20naturaleza%20de%20la%20coalici%C3%B3n&#038;via=conversesacat&#038;related=conversesacat' target='_blank'rel=\"noopener noreferrer\">El resultado de todos estos partidos que no amenazan el primer puesto de la democracia cristiana acabar\u00e1 determinando la naturaleza de la coalici\u00f3n <\/a><\/span><a href='https:\/\/twitter.com\/intent\/tweet?url=https%3A%2F%2Fconversesacatalunya.cat%2Fes%2Felecciones-alemania-progresan-derecha-y-derecha-radical%2F&#038;text=El%20resultado%20de%20todos%20estos%20partidos%20que%20no%20amenazan%20el%20primer%20puesto%20de%20la%20democracia%20cristiana%20acabar%C3%A1%20determinando%20la%20naturaleza%20de%20la%20coalici%C3%B3n&#038;via=conversesacat&#038;related=conversesacat' target='_blank' class='bctt-ctt-btn'rel=\"noopener noreferrer\">Compartir en X<\/a><\/span>\n<div id=\"polls-213\" class=\"wp-polls\">\n\t<form id=\"polls_form_213\" class=\"wp-polls-form\" action=\"\/index.php\" method=\"post\">\n\t\t<p style=\"display: none;\"><input type=\"hidden\" id=\"poll_213_nonce\" name=\"wp-polls-nonce\" value=\"b7a0f33c80\" \/><\/p>\n\t\t<p style=\"display: none;\"><input type=\"hidden\" name=\"poll_id\" value=\"213\" \/><\/p>\n\t\t<p style=\"text-align: center\"><strong>Creus que el conflicte d'Israel amb Ham\u00e0s desencadenar\u00e0 una guerra m\u00e9s gran?<\/strong><\/p><div id=\"polls-213-ans\" class=\"wp-polls-ans\"><ul class=\"wp-polls-ul\">\n\t\t<li><input type=\"radio\" id=\"poll-answer-592\" name=\"poll_213\" value=\"592\" \/> <label for=\"poll-answer-592\">S\u00ed<\/label><\/li>\n\t\t<li><input type=\"radio\" id=\"poll-answer-593\" name=\"poll_213\" value=\"593\" \/> <label for=\"poll-answer-593\">No<\/label><\/li>\n\t\t<li><input type=\"radio\" id=\"poll-answer-594\" name=\"poll_213\" value=\"594\" \/> <label for=\"poll-answer-594\">No ho s\u00e9<\/label><\/li>\n\t\t<\/ul><p style=\"text-align: center\"><input type=\"button\" name=\"vote\" value=\"   Vota   \" class=\"Buttons\" onclick=\"poll_vote(213);\" \/><\/p><p style=\"text-align: center\"><a href=\"#ViewPollResults\" onclick=\"poll_result(213); return false;\" title=\"View Results Of This Poll\">Mira els resultats<\/a><\/p><\/div>\n\t<\/form>\n<\/div>\n<div id=\"polls-213-loading\" class=\"wp-polls-loading\"><img decoding=\"async\" data-src=\"https:\/\/conversesacatalunya.cat\/wp-content\/plugins\/wp-polls\/images\/loading.gif\" width=\"16\" height=\"16\" alt=\"Cargando ...\" title=\"Cargando ...\" class=\"wp-polls-image lazyload\" src=\"data:image\/svg+xml;base64,PHN2ZyB3aWR0aD0iMSIgaGVpZ2h0PSIxIiB4bWxucz0iaHR0cDovL3d3dy53My5vcmcvMjAwMC9zdmciPjwvc3ZnPg==\" style=\"--smush-placeholder-width: 16px; --smush-placeholder-aspect-ratio: 16\/16;\" \/>&nbsp;Cargando ...<\/div>\n\n","protected":false},"excerpt":{"rendered":"<p>Se han producido este domingo elecciones en Baviera, uno de los estados con mayor peso demogr\u00e1fico y econ\u00f3mico de Alemania y tambi\u00e9n en otro muy peque\u00f1o, Hesse, pero que tiene como capital uno de los centros financieros m\u00e1s importantes de Europa, Frankfurt. Los resultados han sido un disgusto para la coalici\u00f3n gobernante formada por socialdem\u00f3cratas, liberales y verdes. Sobre todo para el partido del presidente del gobierno, el socialista Frank-Walter Steinmeier, y los liberales que apenas han logrado representaci\u00f3n de uno de los dos lands. Pero ve\u00e1moslo con m\u00e1s detalle: Baviera En Baviera ha ganado la CSU el partido que gobierna de forma ininterrumpida desde el final de la II Guerra Mundial, ahora en coalici\u00f3n con un partido regionalista, Electores Libres, que han obtenido un 14%. No es un dato menor que la segunda fuerza haya sido la derecha radical de Alternativa por Alemania, con un 16%, frente a los verdes, con un 15,5%. Los socialdem\u00f3cratas hicieron el peor resultado de su historia, quedaron \u00faltimos en el parlamento con s\u00f3lo un 8,5%. Con esta previsi\u00f3n al cierre de los colegios, la CSU consigue 83 esca\u00f1os y puede hacer f\u00e1cilmente la mayor\u00eda absoluta, 103, con Electores Libres repitiendo as\u00ed la coalici\u00f3n de gobierno actual. Los verdes con 35 esca\u00f1os y la Alternativa por Alemania con 36 se disputan el papel de segunda fuerza. Pero lo m\u00e1s significativo es la comparaci\u00f3n con las anteriores elecciones. Pese a gobernar en un per\u00edodo realmente complicado, la Uni\u00f3n Social Cristiana pr\u00e1cticamente ha mantenido los mismos resultados, perdiendo s\u00f3lo 7 d\u00e9cimas. Una suerte distinta han tenido los partidos de la coalici\u00f3n gobernante. Los verdes y liberales han visto reducida su proporci\u00f3n en 2,1 puntos porcentuales (pp) respectivamente. Y el SPE en un 1,2 pp. Las mejoras se han dado en el partido regional que est\u00e1 en el gobierno, Electores Libres, que ha ganado 2,4 pp y sobre todo la alternativa por Alemania que lo ha hecho en 5,8 pp. Hesse En Hesse, el otro estado, la CDU, la uni\u00f3n dem\u00f3crata cristiana, ha ganado claramente con el 34,5% de los votos, seguido de Alternativa por Alemania (17%), los verdes (15,5%), y el SPD (15%). Los liberales han entrado por los pelos con un 5% de los votos, que es la barrera para lograr representaci\u00f3n parlamentaria Es interesante ver la tendencia de voto. Hay 3 fuerzas que remontan hacia arriba, la democracia cristiana, la derecha radical y la derecha regional, y 3 que caen, socialdemocracia, verdes y liberales. Ahora los dem\u00f3cratas cristianos en el gobierno pueden mantener la coalici\u00f3n con los verdes porque los 52 esca\u00f1os de la CDU y los 23 de los Gr\u00fcne otorgan 75 esca\u00f1os, claramente por encima de la mayor\u00eda necesaria de 67, pero tambi\u00e9n podr\u00eda hacer la democracia cristiana una coalici\u00f3n con el SPD exactamente con las mismas cifras. Lo que no suma es la coalici\u00f3n sem\u00e1foro que gobierna en Alemania de socialdem\u00f3cratas, verdes y liberales, que s\u00f3lo llegar\u00eda a 54 esca\u00f1os. Tambi\u00e9n en este caso, como en Baviera, pero a\u00fan m\u00e1s acentuadas, se producen las p\u00e9rdidas de los 3 partidos que gobiernan en Alemania. Los socialistas pierden 4,8 pp, tambi\u00e9n el Gr\u00fcne (-4,3 pp) y el FDP (2,5 pp). Sube la Alternativa por Alemania (3,9 pp), pero sobre todo lo que se lleva el mayor incremento es la CDU que ve incrementada su ventaja con 7,5 pp, lo que es una buena rev\u00e1lida para un partido que gobierna en estos momentos. Estos resultados se\u00f1alan una tendencia que es cada vez m\u00e1s visible. La acentuaci\u00f3n de la crisis socialdem\u00f3crata que, pese a sus sucesivas transformaciones, no logra levantar cabeza. Y con ella, con medidas distintas, tambi\u00e9n arrastra a los socios de gobierno verdes y liberales que parece dif\u00edcil que puedan repetir gobierno. Salvando sorpresas, todo apunta a que Alemania volver\u00e1 a ser gobernada por la CDU-CSU y el interrogante es qui\u00e9nes pueden ser los socios, sobre todo teniendo en cuenta que de momento se mantiene la exclusi\u00f3n de la derecha radical en las alianzas pol\u00edticas. Unos verdes cada vez m\u00e1s moderados podr\u00edan ser una soluci\u00f3n Es dif\u00edcil que quiera serlo la socialdemocracia porque seguramente creer\u00e1 que puede rehacerse mejor de su crisis desde la oposici\u00f3n que en un gobierno en minor\u00eda con los democratacristianos con el riesgo de ser fagocitados. En cualquier caso, el resultado de todos estos partidos que no amenazan el primer puesto de la democracia cristiana acabar\u00e1 determinando la naturaleza de la coalici\u00f3n.<\/p>\n","protected":false},"author":78,"featured_media":71375,"comment_status":"open","ping_status":"open","sticky":false,"template":"","format":"standard","meta":{"_FSMCFIC_featured_image_caption":"","_FSMCFIC_featured_image_nocaption":"","_FSMCFIC_featured_image_hide":"","footnotes":""},"categories":[806],"tags":[1586,3936],"class_list":["post-71378","post","type-post","status-publish","format-standard","has-post-thumbnail","hentry","category-punts-claus-del-dia-es","tag-alemanya-es","tag-eleccions-alemanya-es"],"yoast_head":"<!-- This site is optimized with the Yoast SEO plugin v26.8 - https:\/\/yoast.com\/product\/yoast-seo-wordpress\/ -->\n<title>Elecciones en Alemania. Progresan la derecha y la derecha radical. Cae la coalici\u00f3n de gobierno - Converses a Catalunya<\/title>\n<meta name=\"description\" content=\"Este domingo elecciones en Baviera, uno de los estados con m\u00e1s peso demogr\u00e1fico y econ\u00f3mico de Alemania y tambi\u00e9n en otro muy peque\u00f1o, Hesse\" \/>\n<meta name=\"robots\" content=\"index, follow, max-snippet:-1, max-image-preview:large, max-video-preview:-1\" \/>\n<link rel=\"canonical\" href=\"https:\/\/conversesacatalunya.cat\/es\/elecciones-alemania-progresan-derecha-y-derecha-radical\/\" \/>\n<meta property=\"og:locale\" content=\"es_ES\" \/>\n<meta property=\"og:type\" content=\"article\" \/>\n<meta property=\"og:title\" content=\"Elecciones en Alemania. Progresan la derecha y la derecha radical. Cae la coalici\u00f3n de gobierno - Converses a Catalunya\" \/>\n<meta property=\"og:description\" content=\"Este domingo elecciones en Baviera, uno de los estados con m\u00e1s peso demogr\u00e1fico y econ\u00f3mico de Alemania y tambi\u00e9n en otro muy peque\u00f1o, Hesse\" \/>\n<meta property=\"og:url\" content=\"https:\/\/conversesacatalunya.cat\/es\/elecciones-alemania-progresan-derecha-y-derecha-radical\/\" \/>\n<meta property=\"og:site_name\" content=\"Converses a Catalunya\" \/>\n<meta property=\"article:published_time\" content=\"2023-10-09T11:03:08+00:00\" \/>\n<meta property=\"article:modified_time\" content=\"2023-10-10T10:38:49+00:00\" \/>\n<meta property=\"og:image\" content=\"https:\/\/conversesacatalunya.cat\/wp-content\/uploads\/2023\/10\/BAVIERA.png\" \/>\n\t<meta property=\"og:image:width\" content=\"325\" \/>\n\t<meta property=\"og:image:height\" content=\"321\" \/>\n\t<meta property=\"og:image:type\" content=\"image\/png\" \/>\n<meta name=\"author\" content=\"Joan Masip\" \/>\n<meta name=\"twitter:card\" content=\"summary_large_image\" \/>\n<meta name=\"twitter:label1\" content=\"Escrito por\" \/>\n\t<meta name=\"twitter:data1\" content=\"Joan Masip\" \/>\n\t<meta name=\"twitter:label2\" content=\"Tiempo de lectura\" \/>\n\t<meta name=\"twitter:data2\" content=\"4 minutos\" \/>\n<script type=\"application\/ld+json\" class=\"yoast-schema-graph\">{\"@context\":\"https:\/\/schema.org\",\"@graph\":[{\"@type\":\"Article\",\"@id\":\"https:\/\/conversesacatalunya.cat\/es\/elecciones-alemania-progresan-derecha-y-derecha-radical\/#article\",\"isPartOf\":{\"@id\":\"https:\/\/conversesacatalunya.cat\/es\/elecciones-alemania-progresan-derecha-y-derecha-radical\/\"},\"author\":{\"name\":\"Joan Masip\",\"@id\":\"https:\/\/conversesacatalunya.cat\/#\/schema\/person\/311d0bf53def217d5124c78a7bc42275\"},\"headline\":\"Elecciones en Alemania. Progresan la derecha y la derecha radical. Cae la coalici\u00f3n de gobierno\",\"datePublished\":\"2023-10-09T11:03:08+00:00\",\"dateModified\":\"2023-10-10T10:38:49+00:00\",\"mainEntityOfPage\":{\"@id\":\"https:\/\/conversesacatalunya.cat\/es\/elecciones-alemania-progresan-derecha-y-derecha-radical\/\"},\"wordCount\":818,\"commentCount\":0,\"image\":{\"@id\":\"https:\/\/conversesacatalunya.cat\/es\/elecciones-alemania-progresan-derecha-y-derecha-radical\/#primaryimage\"},\"thumbnailUrl\":\"https:\/\/conversesacatalunya.cat\/wp-content\/uploads\/2023\/10\/BAVIERA.png\",\"keywords\":[\"Alemanya\",\"eleccions alemanya\"],\"articleSection\":[\"Punts clau del dia (ES)\"],\"inLanguage\":\"es\",\"potentialAction\":[{\"@type\":\"CommentAction\",\"name\":\"Comment\",\"target\":[\"https:\/\/conversesacatalunya.cat\/es\/elecciones-alemania-progresan-derecha-y-derecha-radical\/#respond\"]}]},{\"@type\":\"WebPage\",\"@id\":\"https:\/\/conversesacatalunya.cat\/es\/elecciones-alemania-progresan-derecha-y-derecha-radical\/\",\"url\":\"https:\/\/conversesacatalunya.cat\/es\/elecciones-alemania-progresan-derecha-y-derecha-radical\/\",\"name\":\"Elecciones en Alemania. Progresan la derecha y la derecha radical. Cae la coalici\u00f3n de gobierno - Converses a Catalunya\",\"isPartOf\":{\"@id\":\"https:\/\/conversesacatalunya.cat\/#website\"},\"primaryImageOfPage\":{\"@id\":\"https:\/\/conversesacatalunya.cat\/es\/elecciones-alemania-progresan-derecha-y-derecha-radical\/#primaryimage\"},\"image\":{\"@id\":\"https:\/\/conversesacatalunya.cat\/es\/elecciones-alemania-progresan-derecha-y-derecha-radical\/#primaryimage\"},\"thumbnailUrl\":\"https:\/\/conversesacatalunya.cat\/wp-content\/uploads\/2023\/10\/BAVIERA.png\",\"datePublished\":\"2023-10-09T11:03:08+00:00\",\"dateModified\":\"2023-10-10T10:38:49+00:00\",\"author\":{\"@id\":\"https:\/\/conversesacatalunya.cat\/#\/schema\/person\/311d0bf53def217d5124c78a7bc42275\"},\"description\":\"Este domingo elecciones en Baviera, uno de los estados con m\u00e1s peso demogr\u00e1fico y econ\u00f3mico de Alemania y tambi\u00e9n en otro muy peque\u00f1o, Hesse\",\"breadcrumb\":{\"@id\":\"https:\/\/conversesacatalunya.cat\/es\/elecciones-alemania-progresan-derecha-y-derecha-radical\/#breadcrumb\"},\"inLanguage\":\"es\",\"potentialAction\":[{\"@type\":\"ReadAction\",\"target\":[\"https:\/\/conversesacatalunya.cat\/es\/elecciones-alemania-progresan-derecha-y-derecha-radical\/\"]}]},{\"@type\":\"ImageObject\",\"inLanguage\":\"es\",\"@id\":\"https:\/\/conversesacatalunya.cat\/es\/elecciones-alemania-progresan-derecha-y-derecha-radical\/#primaryimage\",\"url\":\"https:\/\/conversesacatalunya.cat\/wp-content\/uploads\/2023\/10\/BAVIERA.png\",\"contentUrl\":\"https:\/\/conversesacatalunya.cat\/wp-content\/uploads\/2023\/10\/BAVIERA.png\",\"width\":325,\"height\":321,\"caption\":\"Eleccions Alemanya Baviera. Foto mapa\"},{\"@type\":\"BreadcrumbList\",\"@id\":\"https:\/\/conversesacatalunya.cat\/es\/elecciones-alemania-progresan-derecha-y-derecha-radical\/#breadcrumb\",\"itemListElement\":[{\"@type\":\"ListItem\",\"position\":1,\"name\":\"Inici\",\"item\":\"https:\/\/conversesacatalunya.cat\/es\/\"},{\"@type\":\"ListItem\",\"position\":2,\"name\":\"Elecciones en Alemania. Progresan la derecha y la derecha radical. Cae la coalici\u00f3n de gobierno\"}]},{\"@type\":\"WebSite\",\"@id\":\"https:\/\/conversesacatalunya.cat\/#website\",\"url\":\"https:\/\/conversesacatalunya.cat\/\",\"name\":\"Converses a Catalunya\",\"description\":\"\",\"potentialAction\":[{\"@type\":\"SearchAction\",\"target\":{\"@type\":\"EntryPoint\",\"urlTemplate\":\"https:\/\/conversesacatalunya.cat\/?s={search_term_string}\"},\"query-input\":{\"@type\":\"PropertyValueSpecification\",\"valueRequired\":true,\"valueName\":\"search_term_string\"}}],\"inLanguage\":\"es\"},{\"@type\":\"Person\",\"@id\":\"https:\/\/conversesacatalunya.cat\/#\/schema\/person\/311d0bf53def217d5124c78a7bc42275\",\"name\":\"Joan Masip\",\"image\":{\"@type\":\"ImageObject\",\"inLanguage\":\"es\",\"@id\":\"https:\/\/conversesacatalunya.cat\/#\/schema\/person\/image\/\",\"url\":\"https:\/\/conversesacatalunya.cat\/wp-content\/litespeed\/avatar\/fa67b994763cff7d443f54b63ec96481.jpg?ver=1777372547\",\"contentUrl\":\"https:\/\/conversesacatalunya.cat\/wp-content\/litespeed\/avatar\/fa67b994763cff7d443f54b63ec96481.jpg?ver=1777372547\",\"caption\":\"Joan Masip\"},\"url\":\"https:\/\/conversesacatalunya.cat\/es\/author\/joan-masip\/\"}]}<\/script>\n<!-- \/ Yoast SEO plugin. -->","yoast_head_json":{"title":"Elecciones en Alemania. Progresan la derecha y la derecha radical. Cae la coalici\u00f3n de gobierno - Converses a Catalunya","description":"Este domingo elecciones en Baviera, uno de los estados con m\u00e1s peso demogr\u00e1fico y econ\u00f3mico de Alemania y tambi\u00e9n en otro muy peque\u00f1o, Hesse","robots":{"index":"index","follow":"follow","max-snippet":"max-snippet:-1","max-image-preview":"max-image-preview:large","max-video-preview":"max-video-preview:-1"},"canonical":"https:\/\/conversesacatalunya.cat\/es\/elecciones-alemania-progresan-derecha-y-derecha-radical\/","og_locale":"es_ES","og_type":"article","og_title":"Elecciones en Alemania. Progresan la derecha y la derecha radical. Cae la coalici\u00f3n de gobierno - Converses a Catalunya","og_description":"Este domingo elecciones en Baviera, uno de los estados con m\u00e1s peso demogr\u00e1fico y econ\u00f3mico de Alemania y tambi\u00e9n en otro muy peque\u00f1o, Hesse","og_url":"https:\/\/conversesacatalunya.cat\/es\/elecciones-alemania-progresan-derecha-y-derecha-radical\/","og_site_name":"Converses a Catalunya","article_published_time":"2023-10-09T11:03:08+00:00","article_modified_time":"2023-10-10T10:38:49+00:00","og_image":[{"width":325,"height":321,"url":"https:\/\/conversesacatalunya.cat\/wp-content\/uploads\/2023\/10\/BAVIERA.png","type":"image\/png"}],"author":"Joan Masip","twitter_card":"summary_large_image","twitter_misc":{"Escrito por":"Joan Masip","Tiempo de lectura":"4 minutos"},"schema":{"@context":"https:\/\/schema.org","@graph":[{"@type":"Article","@id":"https:\/\/conversesacatalunya.cat\/es\/elecciones-alemania-progresan-derecha-y-derecha-radical\/#article","isPartOf":{"@id":"https:\/\/conversesacatalunya.cat\/es\/elecciones-alemania-progresan-derecha-y-derecha-radical\/"},"author":{"name":"Joan Masip","@id":"https:\/\/conversesacatalunya.cat\/#\/schema\/person\/311d0bf53def217d5124c78a7bc42275"},"headline":"Elecciones en Alemania. Progresan la derecha y la derecha radical. Cae la coalici\u00f3n de gobierno","datePublished":"2023-10-09T11:03:08+00:00","dateModified":"2023-10-10T10:38:49+00:00","mainEntityOfPage":{"@id":"https:\/\/conversesacatalunya.cat\/es\/elecciones-alemania-progresan-derecha-y-derecha-radical\/"},"wordCount":818,"commentCount":0,"image":{"@id":"https:\/\/conversesacatalunya.cat\/es\/elecciones-alemania-progresan-derecha-y-derecha-radical\/#primaryimage"},"thumbnailUrl":"https:\/\/conversesacatalunya.cat\/wp-content\/uploads\/2023\/10\/BAVIERA.png","keywords":["Alemanya","eleccions alemanya"],"articleSection":["Punts clau del dia (ES)"],"inLanguage":"es","potentialAction":[{"@type":"CommentAction","name":"Comment","target":["https:\/\/conversesacatalunya.cat\/es\/elecciones-alemania-progresan-derecha-y-derecha-radical\/#respond"]}]},{"@type":"WebPage","@id":"https:\/\/conversesacatalunya.cat\/es\/elecciones-alemania-progresan-derecha-y-derecha-radical\/","url":"https:\/\/conversesacatalunya.cat\/es\/elecciones-alemania-progresan-derecha-y-derecha-radical\/","name":"Elecciones en Alemania. Progresan la derecha y la derecha radical. Cae la coalici\u00f3n de gobierno - Converses a Catalunya","isPartOf":{"@id":"https:\/\/conversesacatalunya.cat\/#website"},"primaryImageOfPage":{"@id":"https:\/\/conversesacatalunya.cat\/es\/elecciones-alemania-progresan-derecha-y-derecha-radical\/#primaryimage"},"image":{"@id":"https:\/\/conversesacatalunya.cat\/es\/elecciones-alemania-progresan-derecha-y-derecha-radical\/#primaryimage"},"thumbnailUrl":"https:\/\/conversesacatalunya.cat\/wp-content\/uploads\/2023\/10\/BAVIERA.png","datePublished":"2023-10-09T11:03:08+00:00","dateModified":"2023-10-10T10:38:49+00:00","author":{"@id":"https:\/\/conversesacatalunya.cat\/#\/schema\/person\/311d0bf53def217d5124c78a7bc42275"},"description":"Este domingo elecciones en Baviera, uno de los estados con m\u00e1s peso demogr\u00e1fico y econ\u00f3mico de Alemania y tambi\u00e9n en otro muy peque\u00f1o, Hesse","breadcrumb":{"@id":"https:\/\/conversesacatalunya.cat\/es\/elecciones-alemania-progresan-derecha-y-derecha-radical\/#breadcrumb"},"inLanguage":"es","potentialAction":[{"@type":"ReadAction","target":["https:\/\/conversesacatalunya.cat\/es\/elecciones-alemania-progresan-derecha-y-derecha-radical\/"]}]},{"@type":"ImageObject","inLanguage":"es","@id":"https:\/\/conversesacatalunya.cat\/es\/elecciones-alemania-progresan-derecha-y-derecha-radical\/#primaryimage","url":"https:\/\/conversesacatalunya.cat\/wp-content\/uploads\/2023\/10\/BAVIERA.png","contentUrl":"https:\/\/conversesacatalunya.cat\/wp-content\/uploads\/2023\/10\/BAVIERA.png","width":325,"height":321,"caption":"Eleccions Alemanya Baviera. Foto mapa"},{"@type":"BreadcrumbList","@id":"https:\/\/conversesacatalunya.cat\/es\/elecciones-alemania-progresan-derecha-y-derecha-radical\/#breadcrumb","itemListElement":[{"@type":"ListItem","position":1,"name":"Inici","item":"https:\/\/conversesacatalunya.cat\/es\/"},{"@type":"ListItem","position":2,"name":"Elecciones en Alemania. Progresan la derecha y la derecha radical. Cae la coalici\u00f3n de gobierno"}]},{"@type":"WebSite","@id":"https:\/\/conversesacatalunya.cat\/#website","url":"https:\/\/conversesacatalunya.cat\/","name":"Converses a Catalunya","description":"","potentialAction":[{"@type":"SearchAction","target":{"@type":"EntryPoint","urlTemplate":"https:\/\/conversesacatalunya.cat\/?s={search_term_string}"},"query-input":{"@type":"PropertyValueSpecification","valueRequired":true,"valueName":"search_term_string"}}],"inLanguage":"es"},{"@type":"Person","@id":"https:\/\/conversesacatalunya.cat\/#\/schema\/person\/311d0bf53def217d5124c78a7bc42275","name":"Joan Masip","image":{"@type":"ImageObject","inLanguage":"es","@id":"https:\/\/conversesacatalunya.cat\/#\/schema\/person\/image\/","url":"https:\/\/conversesacatalunya.cat\/wp-content\/litespeed\/avatar\/fa67b994763cff7d443f54b63ec96481.jpg?ver=1777372547","contentUrl":"https:\/\/conversesacatalunya.cat\/wp-content\/litespeed\/avatar\/fa67b994763cff7d443f54b63ec96481.jpg?ver=1777372547","caption":"Joan Masip"},"url":"https:\/\/conversesacatalunya.cat\/es\/author\/joan-masip\/"}]}},"wps_subtitle":"Salvando sorpresas, todo apunta a que Alemania volver\u00e1 a ser gobernada por la CDU-CSU y el interrogante es qui\u00e9nes pueden ser los socios, sobre todo teniendo en cuenta que de momento se mantiene la exclusi\u00f3n de la derecha radical en las alianzas pol\u00edticas","_links":{"self":[{"href":"https:\/\/conversesacatalunya.cat\/es\/wp-json\/wp\/v2\/posts\/71378","targetHints":{"allow":["GET"]}}],"collection":[{"href":"https:\/\/conversesacatalunya.cat\/es\/wp-json\/wp\/v2\/posts"}],"about":[{"href":"https:\/\/conversesacatalunya.cat\/es\/wp-json\/wp\/v2\/types\/post"}],"author":[{"embeddable":true,"href":"https:\/\/conversesacatalunya.cat\/es\/wp-json\/wp\/v2\/users\/78"}],"replies":[{"embeddable":true,"href":"https:\/\/conversesacatalunya.cat\/es\/wp-json\/wp\/v2\/comments?post=71378"}],"version-history":[{"count":11,"href":"https:\/\/conversesacatalunya.cat\/es\/wp-json\/wp\/v2\/posts\/71378\/revisions"}],"predecessor-version":[{"id":71457,"href":"https:\/\/conversesacatalunya.cat\/es\/wp-json\/wp\/v2\/posts\/71378\/revisions\/71457"}],"wp:featuredmedia":[{"embeddable":true,"href":"https:\/\/conversesacatalunya.cat\/es\/wp-json\/wp\/v2\/media\/71375"}],"wp:attachment":[{"href":"https:\/\/conversesacatalunya.cat\/es\/wp-json\/wp\/v2\/media?parent=71378"}],"wp:term":[{"taxonomy":"category","embeddable":true,"href":"https:\/\/conversesacatalunya.cat\/es\/wp-json\/wp\/v2\/categories?post=71378"},{"taxonomy":"post_tag","embeddable":true,"href":"https:\/\/conversesacatalunya.cat\/es\/wp-json\/wp\/v2\/tags?post=71378"}],"curies":[{"name":"wp","href":"https:\/\/api.w.org\/{rel}","templated":true}]}}