{"id":71220,"date":"2023-10-04T09:00:14","date_gmt":"2023-10-04T07:00:14","guid":{"rendered":"https:\/\/conversesacatalunya.cat\/?p=71220"},"modified":"2023-10-02T19:33:15","modified_gmt":"2023-10-02T17:33:15","slug":"lio-europa-cereales-ucranianos","status":"publish","type":"post","link":"https:\/\/conversesacatalunya.cat\/es\/lio-europa-cereales-ucranianos\/","title":{"rendered":"El incomprensible l\u00edo de Europa con los cereales ucranianos"},"content":{"rendered":"<p><strong>\u00abAgua, sol y guerra en Sebastopol\u00bb.<\/strong> Seg\u00fan se dice, \u00e9ste era un dicho popular entre los agricultores castellanos de mediados del siglo XIX, y resum\u00eda las condiciones para que Espa\u00f1a pudiera exportar con \u00e9xito sus cereales, menos competitivos que los cultivados en las f\u00e9rtiles llanuras ucranianas.<\/p>\n<p>Por aquellos tiempos, los agricultores nunca habr\u00edan podido imaginar que casi dos siglos m\u00e1s tarde en Europa habr\u00eda una entidad supraestatal que intentar\u00eda darle la vuelta a la situaci\u00f3n, y evitar que un conflicto b\u00e9lico en Sebastopol (en la ocurrencia, Ucrania en su conjunto) tuviera efectos secundarios beneficiosos para los productores europeos.<\/p>\n<h4><strong>Y he aqu\u00ed que esto es precisamente lo que puso en marcha la Uni\u00f3n Europa hace unos meses.<\/strong><\/h4>\n<p>A pesar del descenso de la producci\u00f3n de cereales ucranianos a causa de la guerra, la Uni\u00f3n Europea autoriz\u00f3 la entrada en su territorio de <strong>millones de toneladas que necesitaban una ruta de exportaci\u00f3n alternativa<\/strong> despu\u00e9s de que Rusia bloqueara militarmente el Mar Negro.<\/p>\n<p>Sin embargo, como el grano ucraniano no s\u00f3lo circulaba sino que en buena parte se acababa vendiendo a los estados miembros de la UE, distintos gobiernos de los pa\u00edses del Este declararon la intenci\u00f3n de <strong>prohibir por su cuenta<\/strong> la importaci\u00f3n de los cereales provenientes de Ucrania.<\/p>\n<p>La consecuencia ha sido que la Comisi\u00f3n Europea, que dispone de la competencia sobre el comercio internacional por delegaci\u00f3n de los estados miembros, debe defender a <strong>Polonia, Hungr\u00eda y Eslovaquia<\/strong> ante la Organizaci\u00f3n Mundial del Comercio, porque Ucrania ha denunciado a los tres pa\u00edses.<\/p>\n<p>Se trata de una<a href=\"https:\/\/conversesacatalunya.cat\/es\/la-guerra-de-ucrania-y-el-fracaso-de-la-ue\/\" target=\"_blank\" rel=\"noopener\"><strong> incoherencia m\u00e1s de la pol\u00edtica europea<\/strong> <\/a>hacia la guerra de Ucrania, que la presidenta de la Comisi\u00f3n, Ursula von der Leyen, gener\u00f3 cuando autoriz\u00f3 las importaciones de cereales esgrimiendo la solidaridad europea hacia Kiev, y sin tener en cuenta, como ya va siendo un cl\u00e1sico en la guerra de Ucrania, los problemas que la decisi\u00f3n generar\u00eda dentro de la propia UE.<\/p>\n<p>Las instituciones de Bruselas han puesto el grito en el cielo<strong> contra el \u00abego\u00edsmo\u00bb de los pa\u00edses del este,<\/strong> que son, por otra parte, los que m\u00e1s ayuda han aportado a Ucrania en comparaci\u00f3n con su tama\u00f1o, tanto en el \u00e1mbito puramente militar como en el de la acogida de millones de refugiados de guerra.<\/p>\n<p><strong>Las tensiones en el seno de la Uni\u00f3n empezaron el pasado abril<\/strong> cuando un grupo de pa\u00edses \u00abde primera l\u00ednea\u00bb, liderados por Polonia, impusieron prohibiciones unilaterales a los cereales venidos de Ucrania despu\u00e9s de que sus agricultores se quejaran de que les resultaba imposible competir contra el producto ucraniano.<\/p>\n<p>Una posici\u00f3n que adem\u00e1s es consistente con la pol\u00edtica comercial europea, que en tiempos normales debe velar por evitar los abusos y distorsiones en el mercado \u00fanico, como podr\u00eda ser <strong>el efecto \u00abdumping\u00bb<\/strong> producido por el alud de grano ucraniano.<\/p>\n<p>Se trata, pues, de <strong>una nueva fractura entre los pa\u00edses europeos occidentales<\/strong>, m\u00e1s ricos y menos afectados por la guerra, <strong>y los orientales,<\/strong> incorporados m\u00e1s recientemente en el blog y que m\u00e1s temen por las consecuencias del conflicto.<\/p>\n<span class='bctt-click-to-tweet'><span class='bctt-ctt-text'><a href='https:\/\/twitter.com\/intent\/tweet?url=https%3A%2F%2Fconversesacatalunya.cat%2Fes%2Flio-europa-cereales-ucranianos%2F&#038;text=Diferentes%20gobiernos%20de%20los%20pa%C3%ADses%20del%20Este%20declararon%20la%20intenci%C3%B3n%20de%20prohibir%20por%20su%20cuenta%20la%20importaci%C3%B3n%20de%20los%20cereales%20provenientes%20de%20Ucrania&#038;via=conversesacat&#038;related=conversesacat' target='_blank'rel=\"noopener noreferrer\">Diferentes gobiernos de los pa\u00edses del Este declararon la intenci\u00f3n de prohibir por su cuenta la importaci\u00f3n de los cereales provenientes de Ucrania <\/a><\/span><a href='https:\/\/twitter.com\/intent\/tweet?url=https%3A%2F%2Fconversesacatalunya.cat%2Fes%2Flio-europa-cereales-ucranianos%2F&#038;text=Diferentes%20gobiernos%20de%20los%20pa%C3%ADses%20del%20Este%20declararon%20la%20intenci%C3%B3n%20de%20prohibir%20por%20su%20cuenta%20la%20importaci%C3%B3n%20de%20los%20cereales%20provenientes%20de%20Ucrania&#038;via=conversesacat&#038;related=conversesacat' target='_blank' class='bctt-ctt-btn'rel=\"noopener noreferrer\">Compartir en X<\/a><\/span>\n<div id=\"polls-212\" class=\"wp-polls\">\n\t<form id=\"polls_form_212\" class=\"wp-polls-form\" action=\"\/index.php\" method=\"post\">\n\t\t<p style=\"display: none;\"><input type=\"hidden\" id=\"poll_212_nonce\" name=\"wp-polls-nonce\" value=\"e987a04c85\" \/><\/p>\n\t\t<p style=\"display: none;\"><input type=\"hidden\" name=\"poll_id\" value=\"212\" \/><\/p>\n\t\t<p style=\"text-align: center\"><strong>Passats els primers 100 dies de Collboni com a alcalde, et sembla que la gesti\u00f3 de la ciutat:<\/strong><\/p><div id=\"polls-212-ans\" class=\"wp-polls-ans\"><ul class=\"wp-polls-ul\">\n\t\t<li><input type=\"radio\" id=\"poll-answer-589\" name=\"poll_212\" value=\"589\" \/> <label for=\"poll-answer-589\">Ha millorat<\/label><\/li>\n\t\t<li><input type=\"radio\" id=\"poll-answer-590\" name=\"poll_212\" value=\"590\" \/> <label for=\"poll-answer-590\">Es mant\u00e9 igual<\/label><\/li>\n\t\t<li><input type=\"radio\" id=\"poll-answer-591\" name=\"poll_212\" value=\"591\" \/> <label for=\"poll-answer-591\">Ha empitjorat<\/label><\/li>\n\t\t<\/ul><p style=\"text-align: center\"><input type=\"button\" name=\"vote\" value=\"   Vota   \" class=\"Buttons\" onclick=\"poll_vote(212);\" \/><\/p><p style=\"text-align: center\"><a href=\"#ViewPollResults\" onclick=\"poll_result(212); return false;\" title=\"View Results Of This Poll\">Mira els resultats<\/a><\/p><\/div>\n\t<\/form>\n<\/div>\n<div id=\"polls-212-loading\" class=\"wp-polls-loading\"><img decoding=\"async\" data-src=\"https:\/\/conversesacatalunya.cat\/wp-content\/plugins\/wp-polls\/images\/loading.gif\" width=\"16\" height=\"16\" alt=\"Cargando ...\" title=\"Cargando ...\" class=\"wp-polls-image lazyload\" src=\"data:image\/svg+xml;base64,PHN2ZyB3aWR0aD0iMSIgaGVpZ2h0PSIxIiB4bWxucz0iaHR0cDovL3d3dy53My5vcmcvMjAwMC9zdmciPjwvc3ZnPg==\" style=\"--smush-placeholder-width: 16px; --smush-placeholder-aspect-ratio: 16\/16;\" \/>&nbsp;Cargando ...<\/div>\n\n","protected":false},"excerpt":{"rendered":"<p>\u00abAgua, sol y guerra en Sebastopol\u00bb. Seg\u00fan se dice, \u00e9ste era un dicho popular entre los agricultores castellanos de mediados del siglo XIX, y resum\u00eda las condiciones para que Espa\u00f1a pudiera exportar con \u00e9xito sus cereales, menos competitivos que los cultivados en las f\u00e9rtiles llanuras ucranianas. Por aquellos tiempos, los agricultores nunca habr\u00edan podido imaginar que casi dos siglos m\u00e1s tarde en Europa habr\u00eda una entidad supraestatal que intentar\u00eda darle la vuelta a la situaci\u00f3n, y evitar que un conflicto b\u00e9lico en Sebastopol (en la ocurrencia, Ucrania en su conjunto) tuviera efectos secundarios beneficiosos para los productores europeos. Y he aqu\u00ed que esto es precisamente lo que puso en marcha la Uni\u00f3n Europa hace unos meses. A pesar del descenso de la producci\u00f3n de cereales ucranianos a causa de la guerra, la Uni\u00f3n Europea autoriz\u00f3 la entrada en su territorio de millones de toneladas que necesitaban una ruta de exportaci\u00f3n alternativa despu\u00e9s de que Rusia bloqueara militarmente el Mar Negro. Sin embargo, como el grano ucraniano no s\u00f3lo circulaba sino que en buena parte se acababa vendiendo a los estados miembros de la UE, distintos gobiernos de los pa\u00edses del Este declararon la intenci\u00f3n de prohibir por su cuenta la importaci\u00f3n de los cereales provenientes de Ucrania. La consecuencia ha sido que la Comisi\u00f3n Europea, que dispone de la competencia sobre el comercio internacional por delegaci\u00f3n de los estados miembros, debe defender a Polonia, Hungr\u00eda y Eslovaquia ante la Organizaci\u00f3n Mundial del Comercio, porque Ucrania ha denunciado a los tres pa\u00edses. Se trata de una incoherencia m\u00e1s de la pol\u00edtica europea hacia la guerra de Ucrania, que la presidenta de la Comisi\u00f3n, Ursula von der Leyen, gener\u00f3 cuando autoriz\u00f3 las importaciones de cereales esgrimiendo la solidaridad europea hacia Kiev, y sin tener en cuenta, como ya va siendo un cl\u00e1sico en la guerra de Ucrania, los problemas que la decisi\u00f3n generar\u00eda dentro de la propia UE. Las instituciones de Bruselas han puesto el grito en el cielo contra el \u00abego\u00edsmo\u00bb de los pa\u00edses del este, que son, por otra parte, los que m\u00e1s ayuda han aportado a Ucrania en comparaci\u00f3n con su tama\u00f1o, tanto en el \u00e1mbito puramente militar como en el de la acogida de millones de refugiados de guerra. Las tensiones en el seno de la Uni\u00f3n empezaron el pasado abril cuando un grupo de pa\u00edses \u00abde primera l\u00ednea\u00bb, liderados por Polonia, impusieron prohibiciones unilaterales a los cereales venidos de Ucrania despu\u00e9s de que sus agricultores se quejaran de que les resultaba imposible competir contra el producto ucraniano. Una posici\u00f3n que adem\u00e1s es consistente con la pol\u00edtica comercial europea, que en tiempos normales debe velar por evitar los abusos y distorsiones en el mercado \u00fanico, como podr\u00eda ser el efecto \u00abdumping\u00bb producido por el alud de grano ucraniano. Se trata, pues, de una nueva fractura entre los pa\u00edses europeos occidentales, m\u00e1s ricos y menos afectados por la guerra, y los orientales, incorporados m\u00e1s recientemente en el blog y que m\u00e1s temen por las consecuencias del conflicto.<\/p>\n","protected":false},"author":75,"featured_media":71133,"comment_status":"open","ping_status":"open","sticky":false,"template":"","format":"standard","meta":{"_FSMCFIC_featured_image_caption":"","_FSMCFIC_featured_image_nocaption":"","_FSMCFIC_featured_image_hide":"","footnotes":""},"categories":[806],"tags":[1409,1306,1060],"class_list":["post-71220","post","type-post","status-publish","format-standard","has-post-thumbnail","hentry","category-punts-claus-del-dia-es","tag-polonia-es","tag-ucraina-es","tag-unio-europea-es"],"yoast_head":"<!-- This site is optimized with the Yoast SEO plugin v26.8 - https:\/\/yoast.com\/product\/yoast-seo-wordpress\/ -->\n<title>El incomprensible l\u00edo de Europa con los cereales ucranianos<\/title>\n<meta name=\"description\" content=\"A pesar del descenso de la producci\u00f3n de cereales ucranianos a causa de la guerra, la UE autoriz\u00f3 la entrada en su territorio de toneladas\" \/>\n<meta name=\"robots\" content=\"index, follow, max-snippet:-1, max-image-preview:large, max-video-preview:-1\" \/>\n<link rel=\"canonical\" href=\"https:\/\/conversesacatalunya.cat\/?p=71130\" \/>\n<meta property=\"og:locale\" content=\"es_ES\" \/>\n<meta property=\"og:type\" content=\"article\" \/>\n<meta property=\"og:title\" content=\"El incomprensible l\u00edo de Europa con los cereales ucranianos\" \/>\n<meta property=\"og:description\" content=\"A pesar del descenso de la producci\u00f3n de cereales ucranianos a causa de la guerra, la UE autoriz\u00f3 la entrada en su territorio de toneladas\" \/>\n<meta property=\"og:url\" content=\"https:\/\/conversesacatalunya.cat\/?p=71130\" \/>\n<meta property=\"og:site_name\" content=\"Converses a Catalunya\" \/>\n<meta property=\"article:published_time\" content=\"2023-10-04T07:00:14+00:00\" \/>\n<meta property=\"og:image\" content=\"https:\/\/conversesacatalunya.cat\/wp-content\/uploads\/2023\/09\/3883886-1900768172.jpg\" \/>\n\t<meta property=\"og:image:width\" content=\"670\" \/>\n\t<meta property=\"og:image:height\" content=\"391\" \/>\n\t<meta property=\"og:image:type\" content=\"image\/jpeg\" \/>\n<meta name=\"author\" content=\"Carles L\u00f3pez\" \/>\n<meta name=\"twitter:card\" content=\"summary_large_image\" \/>\n<meta name=\"twitter:label1\" content=\"Escrito por\" \/>\n\t<meta name=\"twitter:data1\" content=\"Carles L\u00f3pez\" \/>\n\t<meta name=\"twitter:label2\" content=\"Tiempo de lectura\" \/>\n\t<meta name=\"twitter:data2\" content=\"3 minutos\" \/>\n<script type=\"application\/ld+json\" class=\"yoast-schema-graph\">{\"@context\":\"https:\/\/schema.org\",\"@graph\":[{\"@type\":\"Article\",\"@id\":\"https:\/\/conversesacatalunya.cat\/?p=71130#article\",\"isPartOf\":{\"@id\":\"https:\/\/conversesacatalunya.cat\/?p=71130\"},\"author\":{\"name\":\"Carles L\u00f3pez\",\"@id\":\"https:\/\/conversesacatalunya.cat\/#\/schema\/person\/3ce2ab16c0a3803086d80722c7cad56a\"},\"headline\":\"El incomprensible l\u00edo de Europa con los cereales ucranianos\",\"datePublished\":\"2023-10-04T07:00:14+00:00\",\"mainEntityOfPage\":{\"@id\":\"https:\/\/conversesacatalunya.cat\/?p=71130\"},\"wordCount\":587,\"commentCount\":0,\"image\":{\"@id\":\"https:\/\/conversesacatalunya.cat\/?p=71130#primaryimage\"},\"thumbnailUrl\":\"https:\/\/conversesacatalunya.cat\/wp-content\/uploads\/2023\/09\/3883886-1900768172.jpg\",\"keywords\":[\"Pol\u00f2nia\",\"Ucra\u00efna\",\"Uni\u00f3 Europea\"],\"articleSection\":[\"Punts clau del dia (ES)\"],\"inLanguage\":\"es\",\"potentialAction\":[{\"@type\":\"CommentAction\",\"name\":\"Comment\",\"target\":[\"https:\/\/conversesacatalunya.cat\/?p=71130#respond\"]}]},{\"@type\":\"WebPage\",\"@id\":\"https:\/\/conversesacatalunya.cat\/?p=71130\",\"url\":\"https:\/\/conversesacatalunya.cat\/?p=71130\",\"name\":\"El incomprensible l\u00edo de Europa con los cereales ucranianos\",\"isPartOf\":{\"@id\":\"https:\/\/conversesacatalunya.cat\/#website\"},\"primaryImageOfPage\":{\"@id\":\"https:\/\/conversesacatalunya.cat\/?p=71130#primaryimage\"},\"image\":{\"@id\":\"https:\/\/conversesacatalunya.cat\/?p=71130#primaryimage\"},\"thumbnailUrl\":\"https:\/\/conversesacatalunya.cat\/wp-content\/uploads\/2023\/09\/3883886-1900768172.jpg\",\"datePublished\":\"2023-10-04T07:00:14+00:00\",\"author\":{\"@id\":\"https:\/\/conversesacatalunya.cat\/#\/schema\/person\/3ce2ab16c0a3803086d80722c7cad56a\"},\"description\":\"A pesar del descenso de la producci\u00f3n de cereales ucranianos a causa de la guerra, la UE autoriz\u00f3 la entrada en su territorio de toneladas\",\"breadcrumb\":{\"@id\":\"https:\/\/conversesacatalunya.cat\/?p=71130#breadcrumb\"},\"inLanguage\":\"es\",\"potentialAction\":[{\"@type\":\"ReadAction\",\"target\":[\"https:\/\/conversesacatalunya.cat\/?p=71130\"]}]},{\"@type\":\"ImageObject\",\"inLanguage\":\"es\",\"@id\":\"https:\/\/conversesacatalunya.cat\/?p=71130#primaryimage\",\"url\":\"https:\/\/conversesacatalunya.cat\/wp-content\/uploads\/2023\/09\/3883886-1900768172.jpg\",\"contentUrl\":\"https:\/\/conversesacatalunya.cat\/wp-content\/uploads\/2023\/09\/3883886-1900768172.jpg\",\"width\":670,\"height\":391,\"caption\":\"cereals ucra\u00efnesos\"},{\"@type\":\"BreadcrumbList\",\"@id\":\"https:\/\/conversesacatalunya.cat\/?p=71130#breadcrumb\",\"itemListElement\":[{\"@type\":\"ListItem\",\"position\":1,\"name\":\"Inici\",\"item\":\"https:\/\/conversesacatalunya.cat\/es\/\"},{\"@type\":\"ListItem\",\"position\":2,\"name\":\"El incomprensible l\u00edo de Europa con los cereales ucranianos\"}]},{\"@type\":\"WebSite\",\"@id\":\"https:\/\/conversesacatalunya.cat\/#website\",\"url\":\"https:\/\/conversesacatalunya.cat\/\",\"name\":\"Converses a Catalunya\",\"description\":\"\",\"potentialAction\":[{\"@type\":\"SearchAction\",\"target\":{\"@type\":\"EntryPoint\",\"urlTemplate\":\"https:\/\/conversesacatalunya.cat\/?s={search_term_string}\"},\"query-input\":{\"@type\":\"PropertyValueSpecification\",\"valueRequired\":true,\"valueName\":\"search_term_string\"}}],\"inLanguage\":\"es\"},{\"@type\":\"Person\",\"@id\":\"https:\/\/conversesacatalunya.cat\/#\/schema\/person\/3ce2ab16c0a3803086d80722c7cad56a\",\"name\":\"Carles L\u00f3pez\",\"image\":{\"@type\":\"ImageObject\",\"inLanguage\":\"es\",\"@id\":\"https:\/\/conversesacatalunya.cat\/#\/schema\/person\/image\/\",\"url\":\"https:\/\/conversesacatalunya.cat\/wp-content\/litespeed\/avatar\/4891585caf2896e97846ab77f06edcf2.jpg?ver=1777091173\",\"contentUrl\":\"https:\/\/conversesacatalunya.cat\/wp-content\/litespeed\/avatar\/4891585caf2896e97846ab77f06edcf2.jpg?ver=1777091173\",\"caption\":\"Carles L\u00f3pez\"},\"url\":\"https:\/\/conversesacatalunya.cat\/es\/author\/carles-lopez\/\"}]}<\/script>\n<!-- \/ Yoast SEO plugin. -->","yoast_head_json":{"title":"El incomprensible l\u00edo de Europa con los cereales ucranianos","description":"A pesar del descenso de la producci\u00f3n de cereales ucranianos a causa de la guerra, la UE autoriz\u00f3 la entrada en su territorio de toneladas","robots":{"index":"index","follow":"follow","max-snippet":"max-snippet:-1","max-image-preview":"max-image-preview:large","max-video-preview":"max-video-preview:-1"},"canonical":"https:\/\/conversesacatalunya.cat\/?p=71130","og_locale":"es_ES","og_type":"article","og_title":"El incomprensible l\u00edo de Europa con los cereales ucranianos","og_description":"A pesar del descenso de la producci\u00f3n de cereales ucranianos a causa de la guerra, la UE autoriz\u00f3 la entrada en su territorio de toneladas","og_url":"https:\/\/conversesacatalunya.cat\/?p=71130","og_site_name":"Converses a Catalunya","article_published_time":"2023-10-04T07:00:14+00:00","og_image":[{"width":670,"height":391,"url":"https:\/\/conversesacatalunya.cat\/wp-content\/uploads\/2023\/09\/3883886-1900768172.jpg","type":"image\/jpeg"}],"author":"Carles L\u00f3pez","twitter_card":"summary_large_image","twitter_misc":{"Escrito por":"Carles L\u00f3pez","Tiempo de lectura":"3 minutos"},"schema":{"@context":"https:\/\/schema.org","@graph":[{"@type":"Article","@id":"https:\/\/conversesacatalunya.cat\/?p=71130#article","isPartOf":{"@id":"https:\/\/conversesacatalunya.cat\/?p=71130"},"author":{"name":"Carles L\u00f3pez","@id":"https:\/\/conversesacatalunya.cat\/#\/schema\/person\/3ce2ab16c0a3803086d80722c7cad56a"},"headline":"El incomprensible l\u00edo de Europa con los cereales ucranianos","datePublished":"2023-10-04T07:00:14+00:00","mainEntityOfPage":{"@id":"https:\/\/conversesacatalunya.cat\/?p=71130"},"wordCount":587,"commentCount":0,"image":{"@id":"https:\/\/conversesacatalunya.cat\/?p=71130#primaryimage"},"thumbnailUrl":"https:\/\/conversesacatalunya.cat\/wp-content\/uploads\/2023\/09\/3883886-1900768172.jpg","keywords":["Pol\u00f2nia","Ucra\u00efna","Uni\u00f3 Europea"],"articleSection":["Punts clau del dia (ES)"],"inLanguage":"es","potentialAction":[{"@type":"CommentAction","name":"Comment","target":["https:\/\/conversesacatalunya.cat\/?p=71130#respond"]}]},{"@type":"WebPage","@id":"https:\/\/conversesacatalunya.cat\/?p=71130","url":"https:\/\/conversesacatalunya.cat\/?p=71130","name":"El incomprensible l\u00edo de Europa con los cereales ucranianos","isPartOf":{"@id":"https:\/\/conversesacatalunya.cat\/#website"},"primaryImageOfPage":{"@id":"https:\/\/conversesacatalunya.cat\/?p=71130#primaryimage"},"image":{"@id":"https:\/\/conversesacatalunya.cat\/?p=71130#primaryimage"},"thumbnailUrl":"https:\/\/conversesacatalunya.cat\/wp-content\/uploads\/2023\/09\/3883886-1900768172.jpg","datePublished":"2023-10-04T07:00:14+00:00","author":{"@id":"https:\/\/conversesacatalunya.cat\/#\/schema\/person\/3ce2ab16c0a3803086d80722c7cad56a"},"description":"A pesar del descenso de la producci\u00f3n de cereales ucranianos a causa de la guerra, la UE autoriz\u00f3 la entrada en su territorio de toneladas","breadcrumb":{"@id":"https:\/\/conversesacatalunya.cat\/?p=71130#breadcrumb"},"inLanguage":"es","potentialAction":[{"@type":"ReadAction","target":["https:\/\/conversesacatalunya.cat\/?p=71130"]}]},{"@type":"ImageObject","inLanguage":"es","@id":"https:\/\/conversesacatalunya.cat\/?p=71130#primaryimage","url":"https:\/\/conversesacatalunya.cat\/wp-content\/uploads\/2023\/09\/3883886-1900768172.jpg","contentUrl":"https:\/\/conversesacatalunya.cat\/wp-content\/uploads\/2023\/09\/3883886-1900768172.jpg","width":670,"height":391,"caption":"cereals ucra\u00efnesos"},{"@type":"BreadcrumbList","@id":"https:\/\/conversesacatalunya.cat\/?p=71130#breadcrumb","itemListElement":[{"@type":"ListItem","position":1,"name":"Inici","item":"https:\/\/conversesacatalunya.cat\/es\/"},{"@type":"ListItem","position":2,"name":"El incomprensible l\u00edo de Europa con los cereales ucranianos"}]},{"@type":"WebSite","@id":"https:\/\/conversesacatalunya.cat\/#website","url":"https:\/\/conversesacatalunya.cat\/","name":"Converses a Catalunya","description":"","potentialAction":[{"@type":"SearchAction","target":{"@type":"EntryPoint","urlTemplate":"https:\/\/conversesacatalunya.cat\/?s={search_term_string}"},"query-input":{"@type":"PropertyValueSpecification","valueRequired":true,"valueName":"search_term_string"}}],"inLanguage":"es"},{"@type":"Person","@id":"https:\/\/conversesacatalunya.cat\/#\/schema\/person\/3ce2ab16c0a3803086d80722c7cad56a","name":"Carles L\u00f3pez","image":{"@type":"ImageObject","inLanguage":"es","@id":"https:\/\/conversesacatalunya.cat\/#\/schema\/person\/image\/","url":"https:\/\/conversesacatalunya.cat\/wp-content\/litespeed\/avatar\/4891585caf2896e97846ab77f06edcf2.jpg?ver=1777091173","contentUrl":"https:\/\/conversesacatalunya.cat\/wp-content\/litespeed\/avatar\/4891585caf2896e97846ab77f06edcf2.jpg?ver=1777091173","caption":"Carles L\u00f3pez"},"url":"https:\/\/conversesacatalunya.cat\/es\/author\/carles-lopez\/"}]}},"wps_subtitle":"Se trata de una nueva brecha entre los pa\u00edses europeos occidentales, m\u00e1s ricos y menos afectados por la guerra, y los orientales, m\u00e1s recientemente incorporados y que m\u00e1s temen las consecuencias del conflicto","_links":{"self":[{"href":"https:\/\/conversesacatalunya.cat\/es\/wp-json\/wp\/v2\/posts\/71220","targetHints":{"allow":["GET"]}}],"collection":[{"href":"https:\/\/conversesacatalunya.cat\/es\/wp-json\/wp\/v2\/posts"}],"about":[{"href":"https:\/\/conversesacatalunya.cat\/es\/wp-json\/wp\/v2\/types\/post"}],"author":[{"embeddable":true,"href":"https:\/\/conversesacatalunya.cat\/es\/wp-json\/wp\/v2\/users\/75"}],"replies":[{"embeddable":true,"href":"https:\/\/conversesacatalunya.cat\/es\/wp-json\/wp\/v2\/comments?post=71220"}],"version-history":[{"count":8,"href":"https:\/\/conversesacatalunya.cat\/es\/wp-json\/wp\/v2\/posts\/71220\/revisions"}],"predecessor-version":[{"id":71221,"href":"https:\/\/conversesacatalunya.cat\/es\/wp-json\/wp\/v2\/posts\/71220\/revisions\/71221"}],"wp:featuredmedia":[{"embeddable":true,"href":"https:\/\/conversesacatalunya.cat\/es\/wp-json\/wp\/v2\/media\/71133"}],"wp:attachment":[{"href":"https:\/\/conversesacatalunya.cat\/es\/wp-json\/wp\/v2\/media?parent=71220"}],"wp:term":[{"taxonomy":"category","embeddable":true,"href":"https:\/\/conversesacatalunya.cat\/es\/wp-json\/wp\/v2\/categories?post=71220"},{"taxonomy":"post_tag","embeddable":true,"href":"https:\/\/conversesacatalunya.cat\/es\/wp-json\/wp\/v2\/tags?post=71220"}],"curies":[{"name":"wp","href":"https:\/\/api.w.org\/{rel}","templated":true}]}}