{"id":71176,"date":"2023-10-02T09:00:10","date_gmt":"2023-10-02T07:00:10","guid":{"rendered":"https:\/\/conversesacatalunya.cat\/?p=71176"},"modified":"2023-10-02T11:13:27","modified_gmt":"2023-10-02T09:13:27","slug":"limpieza-etnica-armenios","status":"publish","type":"post","link":"https:\/\/conversesacatalunya.cat\/es\/limpieza-etnica-armenios\/","title":{"rendered":"Limpieza \u00e9tnica contra los armenios: Michel y Von der Leyen deben dimitir"},"content":{"rendered":"<p>Hace tan s\u00f3lo unos d\u00edas era un<a href=\"https:\/\/conversesacatalunya.cat\/es\/armenia-fracaso-ue-europa\/\" target=\"_blank\" rel=\"noopener\"><strong> temor.<\/strong><\/a> Hoy es ya una realidad: la regi\u00f3n del Nagorno-Karabaj, poblada por armenios desde hace cerca de 2.000 a\u00f1os, ha dejado de existir.<\/p>\n<p>Sobre el papel, la Rep\u00fablica de Artsakh (el nombre armenio por el Nagorno-Karabaj), se extinguir\u00e1 el pr\u00f3ximo 1 de enero del 2024. Pero en la pr\u00e1ctica, el enclave ya<a href=\"https:\/\/www.lefigaro.fr\/international\/haut-karabakh-plus-de-100-000-personnes-ont-quitte-le-territoire-20230930\" target=\"_blank\" rel=\"noopener\"><strong> ha perdido<\/strong> <\/a>desde la invasi\u00f3n azer\u00ed m\u00e1s del 90% de su poblaci\u00f3n.<\/p>\n<p>Este \u00e9xodo masivo, pese a los llamamientos oficiales de Azerbaiy\u00e1n para que la poblaci\u00f3n se quedara en su casa, confirma los peores temores que Cruz Roja y el gobierno de Armenia ya hab\u00edan expresado. Tambi\u00e9n deja en evidencia<strong> el odio y la violencia que las etnias turcas<\/strong> que rodean a Armenia, tanto en el este (Azerbaiy\u00e1n) como en el oeste (Turqu\u00eda) han descargado repetidamente contra los cristianos armenios en los \u00faltimos 100 a\u00f1os.<\/p>\n<p>Son hechos que est\u00e1n teniendo en Europa muy escaso eco. Pero dejando a un lado la deuda moral que los pa\u00edses europeos tienen hacia sus primos armenios,<strong> desde un punto de vista puramente geopol\u00edtico es una cat\u00e1strofe<\/strong> que se a\u00f1ade a la largu\u00edsima lista de fracasos de la Uni\u00f3n Europea dirigida por el d\u00fao conformado por Charles Michel (presidente del Consejo) y Ursula von der Leyen (presidenta de la Comisi\u00f3n).<\/p>\n<p>La incompetencia y cobard\u00eda de Michel ya se hicieron evidentes cuando se produjo <strong>el incidente del<\/strong> <strong>\u00abSofagate\u00bb<\/strong>, cuya v\u00edctima fue la propia Von der Leyen (quien por su parte demostr\u00f3 tener poco respeto hacia su propia persona). Parad\u00f3jicamente, ambos quedaron en rid\u00edculo ante un turco, el presidente Recep Tayyip Erdogan.<\/p>\n<p>En vez de dimitir,<strong> Michel<\/strong> ha seguido por desgracia representando a la Uni\u00f3n Europea al m\u00e1s alto nivel. Recientemente, se ha intentado posicionar como una personalidad clave para resolver el conflicto del C\u00e1ucaso, pero sin duda <strong>su falta de credibilidad<\/strong> ha hecho mucho da\u00f1o a la causa que afirma defender.<\/p>\n<p>De hecho, seg\u00fan<em> Politico,<\/em> la \u00fanica<a href=\"https:\/\/www.politico.eu\/article\/france-america-charles-michel-armenia-azerbaijan-nagorno-karabakh-refugees\/\" target=\"_blank\" rel=\"noopener\"><strong> llamada<\/strong> <\/a>que Michel ha hecho recientemente al presidente azer\u00ed Ilham Aliyev ha sido para pedir que tratara bien a los armenios del Artsakh. Esperamos que lo hiciera de forma educada.<\/p>\n<p>En cuanto a<strong> Von der Leyen<\/strong>, ni siquiera ha condenado al dictador del pa\u00eds, al que describi\u00f3 hace unos meses como uno de los socios m\u00e1s \u00abfiables\u00bb de Europa. Esperp\u00e9ntico.<\/p>\n<p>Tampoco ha servido para disuadir al atacante, <strong>la misi\u00f3n civil de observaci\u00f3n de la UE en Armenia<\/strong> (EUMA), que se despleg\u00f3 en enero de 2023 y que deb\u00eda vigilar la frontera entre Armenia y Azerbaiy\u00e1n.<\/p>\n<blockquote><p><strong>Las sanciones contra el r\u00e9gimen azer\u00ed son una posibilidad remota<\/strong><\/p><\/blockquote>\n<p>La realidad es que Michel y Von der Leyen tienen las manos atadas ya que ellos mismos han declarado Azerbaiy\u00e1n como un \u00absocio crucial\u00bb para el abastecimiento de <a href=\"https:\/\/conversesacatalunya.cat\/es\/europa-ha-abandonado-armenia-a-cambio-del-gas-de-azerbaiyan\/\" target=\"_blank\" rel=\"noopener\"><strong>gas natural<\/strong> <\/a>en detrimento de la Rusia de Vlad\u00edmir Putin.<\/p>\n<p>As\u00ed dejaron bien claro en Azerbaiy\u00e1n que las<strong> sanciones contra su r\u00e9gimen<\/strong> son una posibilidad remota, anim\u00e1ndole a invadir el enclave armenio (de hecho, s\u00f3lo un reducido grupo de 60 eurodiputados ha puesto sobre la mesa la cuesti\u00f3n de las sanciones econ\u00f3micas).<\/p>\n<p>Michel y Von der Leyen tampoco pueden permitirse levantar el tono contra el indispensable c\u00f3mplice de Azerbaiy\u00e1n, <strong>Turqu\u00eda<\/strong>, quien puede seguir chantajeando con la inmigraci\u00f3n en Europa todo lo que quiera porque Siria sigue siendo un estado fallido.<\/p>\n<p>En el fondo de cada una de estas situaciones encontramos decisiones pol\u00edticas que han resultado ser catastr\u00f3ficas desde el punto de vista de los <strong>intereses europeos:<\/strong> fomentar la ca\u00edda de Bashar el Asad sume a la UE en una serie interminable de crisis de los refugiados; intentar aislar a Rusia econ\u00f3micamente ha disparado el precio de la energ\u00eda y acelerado el<a href=\"https:\/\/conversesacatalunya.cat\/es\/alemania-crisis-fin-locomotora-europea\/\" target=\"_blank\" rel=\"noopener\"> baj\u00f3n industrial<\/a> alem\u00e1n.<\/p>\n<p>Con este historial, era previsible que<strong> Michel y Von der Leyen abandonaran el pueblo armenio ante la primera dificultad<\/strong>. Si estos dos personajes tuvieran un m\u00ednimo de decencia, ya habr\u00edan dimitido. Desgraciadamente, para los europeos, parece todo lo contrario, est\u00e1n dispuestos a permanecer tanto tiempo en el cargo como sea posible, y de hecho se dice que Von der Leyen intentar\u00eda un segundo mandato al frente de la Comisi\u00f3n.<\/p>\n<span class='bctt-click-to-tweet'><span class='bctt-ctt-text'><a href='https:\/\/twitter.com\/intent\/tweet?url=https%3A%2F%2Fconversesacatalunya.cat%2Fes%2Flimpieza-etnica-armenios%2F&#038;text=Con%20este%20historial%2C%20era%20previsible%20que%20Michel%20y%20Von%20der%20Leyen%20abandonaran%20el%20pueblo%20armenio%20ante%20la%20primera%20dificultad&#038;via=conversesacat&#038;related=conversesacat' target='_blank'rel=\"noopener noreferrer\">Con este historial, era previsible que Michel y Von der Leyen abandonaran el pueblo armenio ante la primera dificultad <\/a><\/span><a href='https:\/\/twitter.com\/intent\/tweet?url=https%3A%2F%2Fconversesacatalunya.cat%2Fes%2Flimpieza-etnica-armenios%2F&#038;text=Con%20este%20historial%2C%20era%20previsible%20que%20Michel%20y%20Von%20der%20Leyen%20abandonaran%20el%20pueblo%20armenio%20ante%20la%20primera%20dificultad&#038;via=conversesacat&#038;related=conversesacat' target='_blank' class='bctt-ctt-btn'rel=\"noopener noreferrer\">Compartir en X<\/a><\/span>\n<div id=\"polls-212\" class=\"wp-polls\">\n\t<form id=\"polls_form_212\" class=\"wp-polls-form\" action=\"\/index.php\" method=\"post\">\n\t\t<p style=\"display: none;\"><input type=\"hidden\" id=\"poll_212_nonce\" name=\"wp-polls-nonce\" value=\"aae19997d9\" \/><\/p>\n\t\t<p style=\"display: none;\"><input type=\"hidden\" name=\"poll_id\" value=\"212\" \/><\/p>\n\t\t<p style=\"text-align: center\"><strong>Passats els primers 100 dies de Collboni com a alcalde, et sembla que la gesti\u00f3 de la ciutat:<\/strong><\/p><div id=\"polls-212-ans\" class=\"wp-polls-ans\"><ul class=\"wp-polls-ul\">\n\t\t<li><input type=\"radio\" id=\"poll-answer-589\" name=\"poll_212\" value=\"589\" \/> <label for=\"poll-answer-589\">Ha millorat<\/label><\/li>\n\t\t<li><input type=\"radio\" id=\"poll-answer-590\" name=\"poll_212\" value=\"590\" \/> <label for=\"poll-answer-590\">Es mant\u00e9 igual<\/label><\/li>\n\t\t<li><input type=\"radio\" id=\"poll-answer-591\" name=\"poll_212\" value=\"591\" \/> <label for=\"poll-answer-591\">Ha empitjorat<\/label><\/li>\n\t\t<\/ul><p style=\"text-align: center\"><input type=\"button\" name=\"vote\" value=\"   Vota   \" class=\"Buttons\" onclick=\"poll_vote(212);\" \/><\/p><p style=\"text-align: center\"><a href=\"#ViewPollResults\" onclick=\"poll_result(212); return false;\" title=\"View Results Of This Poll\">Mira els resultats<\/a><\/p><\/div>\n\t<\/form>\n<\/div>\n<div id=\"polls-212-loading\" class=\"wp-polls-loading\"><img decoding=\"async\" data-src=\"https:\/\/conversesacatalunya.cat\/wp-content\/plugins\/wp-polls\/images\/loading.gif\" width=\"16\" height=\"16\" alt=\"Cargando ...\" title=\"Cargando ...\" class=\"wp-polls-image lazyload\" src=\"data:image\/svg+xml;base64,PHN2ZyB3aWR0aD0iMSIgaGVpZ2h0PSIxIiB4bWxucz0iaHR0cDovL3d3dy53My5vcmcvMjAwMC9zdmciPjwvc3ZnPg==\" style=\"--smush-placeholder-width: 16px; --smush-placeholder-aspect-ratio: 16\/16;\" \/>&nbsp;Cargando ...<\/div>\n\n","protected":false},"excerpt":{"rendered":"<p>Hace tan s\u00f3lo unos d\u00edas era un temor. Hoy es ya una realidad: la regi\u00f3n del Nagorno-Karabaj, poblada por armenios desde hace cerca de 2.000 a\u00f1os, ha dejado de existir. Sobre el papel, la Rep\u00fablica de Artsakh (el nombre armenio por el Nagorno-Karabaj), se extinguir\u00e1 el pr\u00f3ximo 1 de enero del 2024. Pero en la pr\u00e1ctica, el enclave ya ha perdido desde la invasi\u00f3n azer\u00ed m\u00e1s del 90% de su poblaci\u00f3n. Este \u00e9xodo masivo, pese a los llamamientos oficiales de Azerbaiy\u00e1n para que la poblaci\u00f3n se quedara en su casa, confirma los peores temores que Cruz Roja y el gobierno de Armenia ya hab\u00edan expresado. Tambi\u00e9n deja en evidencia el odio y la violencia que las etnias turcas que rodean a Armenia, tanto en el este (Azerbaiy\u00e1n) como en el oeste (Turqu\u00eda) han descargado repetidamente contra los cristianos armenios en los \u00faltimos 100 a\u00f1os. Son hechos que est\u00e1n teniendo en Europa muy escaso eco. Pero dejando a un lado la deuda moral que los pa\u00edses europeos tienen hacia sus primos armenios, desde un punto de vista puramente geopol\u00edtico es una cat\u00e1strofe que se a\u00f1ade a la largu\u00edsima lista de fracasos de la Uni\u00f3n Europea dirigida por el d\u00fao conformado por Charles Michel (presidente del Consejo) y Ursula von der Leyen (presidenta de la Comisi\u00f3n). La incompetencia y cobard\u00eda de Michel ya se hicieron evidentes cuando se produjo el incidente del \u00abSofagate\u00bb, cuya v\u00edctima fue la propia Von der Leyen (quien por su parte demostr\u00f3 tener poco respeto hacia su propia persona). Parad\u00f3jicamente, ambos quedaron en rid\u00edculo ante un turco, el presidente Recep Tayyip Erdogan. En vez de dimitir, Michel ha seguido por desgracia representando a la Uni\u00f3n Europea al m\u00e1s alto nivel. Recientemente, se ha intentado posicionar como una personalidad clave para resolver el conflicto del C\u00e1ucaso, pero sin duda su falta de credibilidad ha hecho mucho da\u00f1o a la causa que afirma defender. De hecho, seg\u00fan Politico, la \u00fanica llamada que Michel ha hecho recientemente al presidente azer\u00ed Ilham Aliyev ha sido para pedir que tratara bien a los armenios del Artsakh. Esperamos que lo hiciera de forma educada. En cuanto a Von der Leyen, ni siquiera ha condenado al dictador del pa\u00eds, al que describi\u00f3 hace unos meses como uno de los socios m\u00e1s \u00abfiables\u00bb de Europa. Esperp\u00e9ntico. Tampoco ha servido para disuadir al atacante, la misi\u00f3n civil de observaci\u00f3n de la UE en Armenia (EUMA), que se despleg\u00f3 en enero de 2023 y que deb\u00eda vigilar la frontera entre Armenia y Azerbaiy\u00e1n. Las sanciones contra el r\u00e9gimen azer\u00ed son una posibilidad remota La realidad es que Michel y Von der Leyen tienen las manos atadas ya que ellos mismos han declarado Azerbaiy\u00e1n como un \u00absocio crucial\u00bb para el abastecimiento de gas natural en detrimento de la Rusia de Vlad\u00edmir Putin. As\u00ed dejaron bien claro en Azerbaiy\u00e1n que las sanciones contra su r\u00e9gimen son una posibilidad remota, anim\u00e1ndole a invadir el enclave armenio (de hecho, s\u00f3lo un reducido grupo de 60 eurodiputados ha puesto sobre la mesa la cuesti\u00f3n de las sanciones econ\u00f3micas). Michel y Von der Leyen tampoco pueden permitirse levantar el tono contra el indispensable c\u00f3mplice de Azerbaiy\u00e1n, Turqu\u00eda, quien puede seguir chantajeando con la inmigraci\u00f3n en Europa todo lo que quiera porque Siria sigue siendo un estado fallido. En el fondo de cada una de estas situaciones encontramos decisiones pol\u00edticas que han resultado ser catastr\u00f3ficas desde el punto de vista de los intereses europeos: fomentar la ca\u00edda de Bashar el Asad sume a la UE en una serie interminable de crisis de los refugiados; intentar aislar a Rusia econ\u00f3micamente ha disparado el precio de la energ\u00eda y acelerado el baj\u00f3n industrial alem\u00e1n. Con este historial, era previsible que Michel y Von der Leyen abandonaran el pueblo armenio ante la primera dificultad. Si estos dos personajes tuvieran un m\u00ednimo de decencia, ya habr\u00edan dimitido. Desgraciadamente, para los europeos, parece todo lo contrario, est\u00e1n dispuestos a permanecer tanto tiempo en el cargo como sea posible, y de hecho se dice que Von der Leyen intentar\u00eda un segundo mandato al frente de la Comisi\u00f3n.<\/p>\n","protected":false},"author":75,"featured_media":71139,"comment_status":"open","ping_status":"open","sticky":false,"template":"","format":"standard","meta":{"_FSMCFIC_featured_image_caption":"","_FSMCFIC_featured_image_nocaption":"","_FSMCFIC_featured_image_hide":"","footnotes":""},"categories":[806],"tags":[3187,3188,2574,1061],"class_list":["post-71176","post","type-post","status-publish","format-standard","has-post-thumbnail","hentry","category-punts-claus-del-dia-es","tag-armenia-es","tag-azerbaidjan-es","tag-charles-michel-es","tag-ursula-von-der-leyen-es"],"yoast_head":"<!-- This site is optimized with the Yoast SEO plugin v26.8 - https:\/\/yoast.com\/product\/yoast-seo-wordpress\/ -->\n<title>Limpieza \u00e9tnica contra los armenios: Michel y Von der Leyen dimitir<\/title>\n<meta name=\"description\" content=\"Era un temor. Hoy es una realidad: la regi\u00f3n del Nagorno-Karabaj, poblada por armenios desde hace cerca de 2.000 a\u00f1os, ha dejado de existir\" \/>\n<meta name=\"robots\" content=\"index, follow, max-snippet:-1, max-image-preview:large, max-video-preview:-1\" \/>\n<link rel=\"canonical\" href=\"https:\/\/conversesacatalunya.cat\/es\/limpieza-etnica-armenios\/\" \/>\n<meta property=\"og:locale\" content=\"es_ES\" \/>\n<meta property=\"og:type\" content=\"article\" \/>\n<meta property=\"og:title\" content=\"Limpieza \u00e9tnica contra los armenios: Michel y Von der Leyen dimitir\" \/>\n<meta property=\"og:description\" content=\"Era un temor. Hoy es una realidad: la regi\u00f3n del Nagorno-Karabaj, poblada por armenios desde hace cerca de 2.000 a\u00f1os, ha dejado de existir\" \/>\n<meta property=\"og:url\" content=\"https:\/\/conversesacatalunya.cat\/es\/limpieza-etnica-armenios\/\" \/>\n<meta property=\"og:site_name\" content=\"Converses a Catalunya\" \/>\n<meta property=\"article:published_time\" content=\"2023-10-02T07:00:10+00:00\" \/>\n<meta property=\"article:modified_time\" content=\"2023-10-02T09:13:27+00:00\" \/>\n<meta property=\"og:image\" content=\"https:\/\/conversesacatalunya.cat\/wp-content\/uploads\/2023\/09\/armenia-azerbaijan-nagorno-karabakh-exodus-photo-gallery_47de.jpg.webp\" \/>\n\t<meta property=\"og:image:width\" content=\"480\" \/>\n\t<meta property=\"og:image:height\" content=\"270\" \/>\n\t<meta property=\"og:image:type\" content=\"image\/webp\" \/>\n<meta name=\"author\" content=\"Carles L\u00f3pez\" \/>\n<meta name=\"twitter:card\" content=\"summary_large_image\" \/>\n<meta name=\"twitter:label1\" content=\"Escrito por\" \/>\n\t<meta name=\"twitter:data1\" content=\"Carles L\u00f3pez\" \/>\n\t<meta name=\"twitter:label2\" content=\"Tiempo de lectura\" \/>\n\t<meta name=\"twitter:data2\" content=\"4 minutos\" \/>\n<script type=\"application\/ld+json\" class=\"yoast-schema-graph\">{\"@context\":\"https:\/\/schema.org\",\"@graph\":[{\"@type\":\"Article\",\"@id\":\"https:\/\/conversesacatalunya.cat\/es\/limpieza-etnica-armenios\/#article\",\"isPartOf\":{\"@id\":\"https:\/\/conversesacatalunya.cat\/es\/limpieza-etnica-armenios\/\"},\"author\":{\"name\":\"Carles L\u00f3pez\",\"@id\":\"https:\/\/conversesacatalunya.cat\/#\/schema\/person\/3ce2ab16c0a3803086d80722c7cad56a\"},\"headline\":\"Limpieza \u00e9tnica contra los armenios: Michel y Von der Leyen deben dimitir\",\"datePublished\":\"2023-10-02T07:00:10+00:00\",\"dateModified\":\"2023-10-02T09:13:27+00:00\",\"mainEntityOfPage\":{\"@id\":\"https:\/\/conversesacatalunya.cat\/es\/limpieza-etnica-armenios\/\"},\"wordCount\":773,\"commentCount\":0,\"image\":{\"@id\":\"https:\/\/conversesacatalunya.cat\/es\/limpieza-etnica-armenios\/#primaryimage\"},\"thumbnailUrl\":\"https:\/\/conversesacatalunya.cat\/wp-content\/uploads\/2023\/09\/armenia-azerbaijan-nagorno-karabakh-exodus-photo-gallery_47de.jpg.webp\",\"keywords\":[\"Arm\u00e8nia\",\"Azerbaidjan\",\"Charles Michel\",\"Ursula von der Leyen\"],\"articleSection\":[\"Punts clau del dia (ES)\"],\"inLanguage\":\"es\",\"potentialAction\":[{\"@type\":\"CommentAction\",\"name\":\"Comment\",\"target\":[\"https:\/\/conversesacatalunya.cat\/es\/limpieza-etnica-armenios\/#respond\"]}]},{\"@type\":\"WebPage\",\"@id\":\"https:\/\/conversesacatalunya.cat\/es\/limpieza-etnica-armenios\/\",\"url\":\"https:\/\/conversesacatalunya.cat\/es\/limpieza-etnica-armenios\/\",\"name\":\"Limpieza \u00e9tnica contra los armenios: Michel y Von der Leyen dimitir\",\"isPartOf\":{\"@id\":\"https:\/\/conversesacatalunya.cat\/#website\"},\"primaryImageOfPage\":{\"@id\":\"https:\/\/conversesacatalunya.cat\/es\/limpieza-etnica-armenios\/#primaryimage\"},\"image\":{\"@id\":\"https:\/\/conversesacatalunya.cat\/es\/limpieza-etnica-armenios\/#primaryimage\"},\"thumbnailUrl\":\"https:\/\/conversesacatalunya.cat\/wp-content\/uploads\/2023\/09\/armenia-azerbaijan-nagorno-karabakh-exodus-photo-gallery_47de.jpg.webp\",\"datePublished\":\"2023-10-02T07:00:10+00:00\",\"dateModified\":\"2023-10-02T09:13:27+00:00\",\"author\":{\"@id\":\"https:\/\/conversesacatalunya.cat\/#\/schema\/person\/3ce2ab16c0a3803086d80722c7cad56a\"},\"description\":\"Era un temor. Hoy es una realidad: la regi\u00f3n del Nagorno-Karabaj, poblada por armenios desde hace cerca de 2.000 a\u00f1os, ha dejado de existir\",\"breadcrumb\":{\"@id\":\"https:\/\/conversesacatalunya.cat\/es\/limpieza-etnica-armenios\/#breadcrumb\"},\"inLanguage\":\"es\",\"potentialAction\":[{\"@type\":\"ReadAction\",\"target\":[\"https:\/\/conversesacatalunya.cat\/es\/limpieza-etnica-armenios\/\"]}]},{\"@type\":\"ImageObject\",\"inLanguage\":\"es\",\"@id\":\"https:\/\/conversesacatalunya.cat\/es\/limpieza-etnica-armenios\/#primaryimage\",\"url\":\"https:\/\/conversesacatalunya.cat\/wp-content\/uploads\/2023\/09\/armenia-azerbaijan-nagorno-karabakh-exodus-photo-gallery_47de.jpg.webp\",\"contentUrl\":\"https:\/\/conversesacatalunya.cat\/wp-content\/uploads\/2023\/09\/armenia-azerbaijan-nagorno-karabakh-exodus-photo-gallery_47de.jpg.webp\",\"width\":480,\"height\":270,\"caption\":\"armenis\"},{\"@type\":\"BreadcrumbList\",\"@id\":\"https:\/\/conversesacatalunya.cat\/es\/limpieza-etnica-armenios\/#breadcrumb\",\"itemListElement\":[{\"@type\":\"ListItem\",\"position\":1,\"name\":\"Inici\",\"item\":\"https:\/\/conversesacatalunya.cat\/es\/\"},{\"@type\":\"ListItem\",\"position\":2,\"name\":\"Limpieza \u00e9tnica contra los armenios: Michel y Von der Leyen deben dimitir\"}]},{\"@type\":\"WebSite\",\"@id\":\"https:\/\/conversesacatalunya.cat\/#website\",\"url\":\"https:\/\/conversesacatalunya.cat\/\",\"name\":\"Converses a Catalunya\",\"description\":\"\",\"potentialAction\":[{\"@type\":\"SearchAction\",\"target\":{\"@type\":\"EntryPoint\",\"urlTemplate\":\"https:\/\/conversesacatalunya.cat\/?s={search_term_string}\"},\"query-input\":{\"@type\":\"PropertyValueSpecification\",\"valueRequired\":true,\"valueName\":\"search_term_string\"}}],\"inLanguage\":\"es\"},{\"@type\":\"Person\",\"@id\":\"https:\/\/conversesacatalunya.cat\/#\/schema\/person\/3ce2ab16c0a3803086d80722c7cad56a\",\"name\":\"Carles L\u00f3pez\",\"image\":{\"@type\":\"ImageObject\",\"inLanguage\":\"es\",\"@id\":\"https:\/\/conversesacatalunya.cat\/#\/schema\/person\/image\/\",\"url\":\"https:\/\/conversesacatalunya.cat\/wp-content\/litespeed\/avatar\/4891585caf2896e97846ab77f06edcf2.jpg?ver=1777091173\",\"contentUrl\":\"https:\/\/conversesacatalunya.cat\/wp-content\/litespeed\/avatar\/4891585caf2896e97846ab77f06edcf2.jpg?ver=1777091173\",\"caption\":\"Carles L\u00f3pez\"},\"url\":\"https:\/\/conversesacatalunya.cat\/es\/author\/carles-lopez\/\"}]}<\/script>\n<!-- \/ Yoast SEO plugin. -->","yoast_head_json":{"title":"Limpieza \u00e9tnica contra los armenios: Michel y Von der Leyen dimitir","description":"Era un temor. Hoy es una realidad: la regi\u00f3n del Nagorno-Karabaj, poblada por armenios desde hace cerca de 2.000 a\u00f1os, ha dejado de existir","robots":{"index":"index","follow":"follow","max-snippet":"max-snippet:-1","max-image-preview":"max-image-preview:large","max-video-preview":"max-video-preview:-1"},"canonical":"https:\/\/conversesacatalunya.cat\/es\/limpieza-etnica-armenios\/","og_locale":"es_ES","og_type":"article","og_title":"Limpieza \u00e9tnica contra los armenios: Michel y Von der Leyen dimitir","og_description":"Era un temor. Hoy es una realidad: la regi\u00f3n del Nagorno-Karabaj, poblada por armenios desde hace cerca de 2.000 a\u00f1os, ha dejado de existir","og_url":"https:\/\/conversesacatalunya.cat\/es\/limpieza-etnica-armenios\/","og_site_name":"Converses a Catalunya","article_published_time":"2023-10-02T07:00:10+00:00","article_modified_time":"2023-10-02T09:13:27+00:00","og_image":[{"width":480,"height":270,"url":"https:\/\/conversesacatalunya.cat\/wp-content\/uploads\/2023\/09\/armenia-azerbaijan-nagorno-karabakh-exodus-photo-gallery_47de.jpg.webp","type":"image\/webp"}],"author":"Carles L\u00f3pez","twitter_card":"summary_large_image","twitter_misc":{"Escrito por":"Carles L\u00f3pez","Tiempo de lectura":"4 minutos"},"schema":{"@context":"https:\/\/schema.org","@graph":[{"@type":"Article","@id":"https:\/\/conversesacatalunya.cat\/es\/limpieza-etnica-armenios\/#article","isPartOf":{"@id":"https:\/\/conversesacatalunya.cat\/es\/limpieza-etnica-armenios\/"},"author":{"name":"Carles L\u00f3pez","@id":"https:\/\/conversesacatalunya.cat\/#\/schema\/person\/3ce2ab16c0a3803086d80722c7cad56a"},"headline":"Limpieza \u00e9tnica contra los armenios: Michel y Von der Leyen deben dimitir","datePublished":"2023-10-02T07:00:10+00:00","dateModified":"2023-10-02T09:13:27+00:00","mainEntityOfPage":{"@id":"https:\/\/conversesacatalunya.cat\/es\/limpieza-etnica-armenios\/"},"wordCount":773,"commentCount":0,"image":{"@id":"https:\/\/conversesacatalunya.cat\/es\/limpieza-etnica-armenios\/#primaryimage"},"thumbnailUrl":"https:\/\/conversesacatalunya.cat\/wp-content\/uploads\/2023\/09\/armenia-azerbaijan-nagorno-karabakh-exodus-photo-gallery_47de.jpg.webp","keywords":["Arm\u00e8nia","Azerbaidjan","Charles Michel","Ursula von der Leyen"],"articleSection":["Punts clau del dia (ES)"],"inLanguage":"es","potentialAction":[{"@type":"CommentAction","name":"Comment","target":["https:\/\/conversesacatalunya.cat\/es\/limpieza-etnica-armenios\/#respond"]}]},{"@type":"WebPage","@id":"https:\/\/conversesacatalunya.cat\/es\/limpieza-etnica-armenios\/","url":"https:\/\/conversesacatalunya.cat\/es\/limpieza-etnica-armenios\/","name":"Limpieza \u00e9tnica contra los armenios: Michel y Von der Leyen dimitir","isPartOf":{"@id":"https:\/\/conversesacatalunya.cat\/#website"},"primaryImageOfPage":{"@id":"https:\/\/conversesacatalunya.cat\/es\/limpieza-etnica-armenios\/#primaryimage"},"image":{"@id":"https:\/\/conversesacatalunya.cat\/es\/limpieza-etnica-armenios\/#primaryimage"},"thumbnailUrl":"https:\/\/conversesacatalunya.cat\/wp-content\/uploads\/2023\/09\/armenia-azerbaijan-nagorno-karabakh-exodus-photo-gallery_47de.jpg.webp","datePublished":"2023-10-02T07:00:10+00:00","dateModified":"2023-10-02T09:13:27+00:00","author":{"@id":"https:\/\/conversesacatalunya.cat\/#\/schema\/person\/3ce2ab16c0a3803086d80722c7cad56a"},"description":"Era un temor. Hoy es una realidad: la regi\u00f3n del Nagorno-Karabaj, poblada por armenios desde hace cerca de 2.000 a\u00f1os, ha dejado de existir","breadcrumb":{"@id":"https:\/\/conversesacatalunya.cat\/es\/limpieza-etnica-armenios\/#breadcrumb"},"inLanguage":"es","potentialAction":[{"@type":"ReadAction","target":["https:\/\/conversesacatalunya.cat\/es\/limpieza-etnica-armenios\/"]}]},{"@type":"ImageObject","inLanguage":"es","@id":"https:\/\/conversesacatalunya.cat\/es\/limpieza-etnica-armenios\/#primaryimage","url":"https:\/\/conversesacatalunya.cat\/wp-content\/uploads\/2023\/09\/armenia-azerbaijan-nagorno-karabakh-exodus-photo-gallery_47de.jpg.webp","contentUrl":"https:\/\/conversesacatalunya.cat\/wp-content\/uploads\/2023\/09\/armenia-azerbaijan-nagorno-karabakh-exodus-photo-gallery_47de.jpg.webp","width":480,"height":270,"caption":"armenis"},{"@type":"BreadcrumbList","@id":"https:\/\/conversesacatalunya.cat\/es\/limpieza-etnica-armenios\/#breadcrumb","itemListElement":[{"@type":"ListItem","position":1,"name":"Inici","item":"https:\/\/conversesacatalunya.cat\/es\/"},{"@type":"ListItem","position":2,"name":"Limpieza \u00e9tnica contra los armenios: Michel y Von der Leyen deben dimitir"}]},{"@type":"WebSite","@id":"https:\/\/conversesacatalunya.cat\/#website","url":"https:\/\/conversesacatalunya.cat\/","name":"Converses a Catalunya","description":"","potentialAction":[{"@type":"SearchAction","target":{"@type":"EntryPoint","urlTemplate":"https:\/\/conversesacatalunya.cat\/?s={search_term_string}"},"query-input":{"@type":"PropertyValueSpecification","valueRequired":true,"valueName":"search_term_string"}}],"inLanguage":"es"},{"@type":"Person","@id":"https:\/\/conversesacatalunya.cat\/#\/schema\/person\/3ce2ab16c0a3803086d80722c7cad56a","name":"Carles L\u00f3pez","image":{"@type":"ImageObject","inLanguage":"es","@id":"https:\/\/conversesacatalunya.cat\/#\/schema\/person\/image\/","url":"https:\/\/conversesacatalunya.cat\/wp-content\/litespeed\/avatar\/4891585caf2896e97846ab77f06edcf2.jpg?ver=1777091173","contentUrl":"https:\/\/conversesacatalunya.cat\/wp-content\/litespeed\/avatar\/4891585caf2896e97846ab77f06edcf2.jpg?ver=1777091173","caption":"Carles L\u00f3pez"},"url":"https:\/\/conversesacatalunya.cat\/es\/author\/carles-lopez\/"}]}},"wps_subtitle":"El c\u00famulo de errores de los dos m\u00e1ximos dirigentes de la UE es tal que se han convertido en un verdadero peligro para la seguridad de todos los europeos","_links":{"self":[{"href":"https:\/\/conversesacatalunya.cat\/es\/wp-json\/wp\/v2\/posts\/71176","targetHints":{"allow":["GET"]}}],"collection":[{"href":"https:\/\/conversesacatalunya.cat\/es\/wp-json\/wp\/v2\/posts"}],"about":[{"href":"https:\/\/conversesacatalunya.cat\/es\/wp-json\/wp\/v2\/types\/post"}],"author":[{"embeddable":true,"href":"https:\/\/conversesacatalunya.cat\/es\/wp-json\/wp\/v2\/users\/75"}],"replies":[{"embeddable":true,"href":"https:\/\/conversesacatalunya.cat\/es\/wp-json\/wp\/v2\/comments?post=71176"}],"version-history":[{"count":8,"href":"https:\/\/conversesacatalunya.cat\/es\/wp-json\/wp\/v2\/posts\/71176\/revisions"}],"predecessor-version":[{"id":71177,"href":"https:\/\/conversesacatalunya.cat\/es\/wp-json\/wp\/v2\/posts\/71176\/revisions\/71177"}],"wp:featuredmedia":[{"embeddable":true,"href":"https:\/\/conversesacatalunya.cat\/es\/wp-json\/wp\/v2\/media\/71139"}],"wp:attachment":[{"href":"https:\/\/conversesacatalunya.cat\/es\/wp-json\/wp\/v2\/media?parent=71176"}],"wp:term":[{"taxonomy":"category","embeddable":true,"href":"https:\/\/conversesacatalunya.cat\/es\/wp-json\/wp\/v2\/categories?post=71176"},{"taxonomy":"post_tag","embeddable":true,"href":"https:\/\/conversesacatalunya.cat\/es\/wp-json\/wp\/v2\/tags?post=71176"}],"curies":[{"name":"wp","href":"https:\/\/api.w.org\/{rel}","templated":true}]}}