{"id":71102,"date":"2023-10-03T09:00:42","date_gmt":"2023-10-03T07:00:42","guid":{"rendered":"https:\/\/conversesacatalunya.cat\/?p=71102"},"modified":"2023-10-06T09:12:34","modified_gmt":"2023-10-06T07:12:34","slug":"propuesta-francoalemana-reforma-y-ampliacion-ue","status":"publish","type":"post","link":"https:\/\/conversesacatalunya.cat\/es\/propuesta-francoalemana-reforma-y-ampliacion-ue\/","title":{"rendered":"Propuesta francoalemana sobre reforma y ampliaci\u00f3n de la UE"},"content":{"rendered":"<p><strong>Una nueva propuesta combinada entre Francia y Alemania -los dos estados clave de la UE- sobre la necesidad de reforma y ampliaci\u00f3n de la UE acaba de hacerse p\u00fablica el pasado 18 de septiembre en Bruselas. <\/strong><\/p>\n<p><strong>Los autores son un grupo de doce expertos franceses y alemanes, escogidos por sus gobiernos respectivos.<\/strong> Ser\u00e1 estudiada en detalle a lo largo de diferentes reuniones previstas en el marco de la actual presidencia rotatoria espa\u00f1ola de la UE.<\/p>\n<p><strong>Se trata de un extenso documento, cuyo significativo t\u00edtulo es el siguiente: <\/strong><em>Sailing on High Seas: Reforming and Enlarging the EU for the 21 st. Century. Paris-Berlin, 18 September 2023.<\/em> Francia y Alemania navegan mar adentro y proponen su visi\u00f3n, a trav\u00e9s de doce expertos, sobre c\u00f3mo ha de ser la UE del siglo XXI. Esta visi\u00f3n consiste en una UE reformada y ampliada.<\/p>\n<p><strong>La UE necesita imperiosamente una reforma institucional y reorientar su futuro<\/strong> en un mundo de gigantes dominado por las dos \u00fanicas grandes potencias hoy existentes -Estados Unidos y China- as\u00ed como tratar de convertirse en un verdadero actor global que act\u00fae como tercer polo de poder y mediador entre la potencia hegem\u00f3nica y la (re)emergente.<\/p>\n<p>Necesita completar su proceso de integraci\u00f3n y convertirse en una verdadera<strong> uni\u00f3n pol\u00edtica federal,<\/strong> con pol\u00edticas comunes en materia de asuntos exteriores y defensa, entre otras, como se pretend\u00eda desde un principio de su proceso integrador. De lo contrario, le espera la irrelevancia en la esfera internacional.<\/p>\n<p><strong>En las \u00faltimas ediciones de los cursos sobre <a href=\"https:\/\/conversesacatalunya.cat\/es\/nacimiento-de-la-europa-geopolitica\/\" target=\"_blank\" rel=\"noopener\"><em>Quo Vadis Europa<\/em>, <\/a><\/strong>organizados cada a\u00f1o en Santander por la Universidad Internacional Men\u00e9ndez y Pelayo (UIMP), foro de gran reputaci\u00f3n sobre cuestiones relacionadas con el futuro de Europa,<strong> se han podido escuchar declaraciones como las siguientes.<\/strong> <strong>Enrico Letta<\/strong>, ex jefe de gobierno italiano, ha dicho: \u201cSi la UE no llega pronto a una verdadera uni\u00f3n pol\u00edtica de car\u00e1cter federal, con pol\u00edticas comunes en materia de asuntos exteriores y defensa, solo podr\u00e1 tomar libremente, en un futuro breve, una sola decisi\u00f3n: convertirse en colonia de Estados Unidos o de China\u201c.<\/p>\n<h4><strong>Por otra parte, prestigiosos analistas geopol\u00edticos franceses, alemanes y espa\u00f1oles han coincido en firmar un documento en el que se puede leer lo siguiente:<\/strong><\/h4>\n<p style=\"padding-left: 40px;\">\u201cLa <strong>guerra de Ucrania<\/strong>, en el fondo, significa para la UE su definitiva supeditaci\u00f3n a la pol\u00edtica exterior y a los intereses geopol\u00edticos de Estados Unidos. La guerra de Ucrania ha sido un <strong>regalo geopol\u00edtico<\/strong> de Putin a Estados Unidos. Ha reafirmado la OTAN y contribuido a superar la \u201cpar\u00e1lisis cerebral\u201c que le diagnostic\u00f3 Macron antes de la guerra. <a href=\"https:\/\/conversesacatalunya.cat\/es\/cumbre-otan-en-vilna-malos-resultados-rusia\/\" target=\"_blank\" rel=\"noopener\"><strong>Putin ha resucitado la OTAN<\/strong><\/a>. Finlandia se ha incorporado a la OTAN y Suecia lo har\u00e1 pronto. Putin quer\u00eda la OTAN lejos y ahora la tiene m\u00e1s cerca que nunca. Pero la OTAN y la UE <strong>se confunden cada vez m\u00e1s como organizaciones<\/strong>. No en vano, las dos tienen sus cuarteles generales instalados en Bruselas. La OTAN tiene una potencia dominante que es Estados Unidos. Todo esto no es lo que le conviene a Europa. A <strong>Europa le conviene<\/strong>, sin dejar de tener una relaci\u00f3n privilegiada con Estados Unidos, mantener una <strong>buena relaci\u00f3n econ\u00f3mica y cultural con Rusia<\/strong>, que es un pa\u00eds europeo, adem\u00e1s de muchas otras cosas. Somos complementarios econ\u00f3micamente y hermanos culturalmente.<\/p>\n<p style=\"padding-left: 40px;\"><strong>Tambi\u00e9n con China<\/strong>, evitando el conflicto y promocionando la cooperaci\u00f3n, sin renunciar a un papel activo en competici\u00f3n econ\u00f3mica y comercial. La UE y Estados Unidos no tienen objetivos necesariamente todos coincidentes en materia de relaciones con China. Tampoco con Rusia. <strong>Europa tiene que emanciparse,<\/strong> llegar a su mayor\u00eda de edad pol\u00edtica y convertirse en un verdadero actor global en un mundo dominado por Estados Unidos y China. <strong>Francia y Alemania<\/strong>, las dos naciones clave de la UE, deber\u00edan dar un paso adelante y <strong>proponer reformas ambiciosas<\/strong> en materia institucional y de ampliaci\u00f3n, acabando de perfilar la estructura organizativa, as\u00ed como fijar definitivamente los l\u00edmites geogr\u00e1ficos de la UE\u201c.<\/p>\n<h5><strong>El documento presentado el 18 de septiembre en Bruselas por expertos franceses y alemanes va en la direcci\u00f3n de una UE reformada y ampliada<\/strong>. <strong>Tiene dos puntos centrales: <\/strong><\/h5>\n<h3><strong>Nueva ampliaci\u00f3n al este<\/strong><\/h3>\n<p>Sobre la necesidad de una <strong>nueva ampliaci\u00f3n al este<\/strong> &#8211; que comprender\u00eda Ucrania, Moldavia, Albania, Georgia, Serbia y el resto de regiones de la antigua Yugoslavia hasta llegar a una UE de 36 estados o m\u00e1s (Turqu\u00eda) &#8211; el <strong>documento coincide<\/strong> con la esencia del <strong><a href=\"https:\/\/conversesacatalunya.cat\/es\/ursula-von-der-leyen-discurso-anual-estado-de-la-union\/\" target=\"_blank\" rel=\"noopener\">discurso de la presidenta<\/a><\/strong> de la Comisi\u00f3n Europea, la alemana \u00darsula von der Leyen, en su reciente comparecencia ante el Parlamento Europeo en Estrasburgo sobre \u201cel estado de la Uni\u00f3n \u201c, consistente en la nueva gran ampliaci\u00f3n al este. Tambi\u00e9n coincide con el discurso pronunciado por el canciller alem\u00e1n, Gustav Sholz el a\u00f1o pasado en Praga, sobre el mismo tema de la ampliaci\u00f3n.<\/p>\n<h3><strong>Reforma de las instituciones<\/strong><\/h3>\n<p><strong>En materia de reforma, el documento se sit\u00faa en la l\u00ednea de otras propuestas tradicionales sobre geometr\u00eda variable o distintas velocidades en el seno de la UE. Contempla la creaci\u00f3n de cuatro maneras distintas de pertenencia a la UE, en forma de cuatro c\u00edrculos conc\u00e9ntricos: dos c\u00edrculos \u201cinternos\u201d y otros dos \u201cexternos\u00bb. <\/strong><\/p>\n<p>El<strong> primer c\u00edrculo interno<\/strong> es el de plena membres\u00eda, sus estados miembros tienen la voluntad de completar el proceso integrador hasta la uni\u00f3n pol\u00edtica final<strong>. <\/strong><\/p>\n<p>En el <strong>segundo c\u00edrculo interno<\/strong> se sit\u00faan otros pa\u00edses miembros de pleno derecho que todav\u00eda no han adoptado todas las pol\u00edticas comunes propias del primer c\u00edrculo interno (por ejemplo, euro o acuerdo de Schengen sobre libertad de circulaci\u00f3n de personas).<\/p>\n<p>El <strong>tercer c\u00edrculo o primer c\u00edrculo externo<\/strong> est\u00e1 formado por los pa\u00edses asociados de la UE. El Reino Unido podr\u00eda ser uno de ellos, tambi\u00e9n los cuatro pa\u00edses de la antigua EFTA y del Espacio Econ\u00f3mico Europeo (EEE): Noruega, Islandia, Suiza y Liechtenstein.<\/p>\n<p>El<strong> cuarto c\u00edrculo o segundo c\u00edrculo exterior<\/strong> est\u00e1 formado por la Comunidad Pol\u00edtica Europea (CPE), nueva organizaci\u00f3n creada el pasado a\u00f1o, idea de <strong>Macron,<\/strong> a la que pertenecen todos los estados europeos, excepto Rusia y Bielorrusia. Se trata de una plataforma para debates pol\u00edticos y estrat\u00e9gicos sobre el futuro de Europa. Se reuni\u00f3 por primera vez en Praga en una cumbre de octubre de 2022, cont\u00f3 con participantes de 44 pa\u00edses. La pr\u00f3xima reuni\u00f3n anual de la CPE tendr\u00e1 lugar precisamente en Londres.<\/p>\n<p>El documento reconoce que, \u201ccon la guerra de Ucrania, acelerando las ganas de una nueva ampliaci\u00f3n a pa\u00edses del este, para no caer en manos rusas, la UE ha reconocido la necesidad urgente de proceder a una reforma a fondo de sus instituciones, adecuada para gestionar una UE que pasar\u00eda de 27 a 36 estados miembros o m\u00e1s; <strong>se trata de una reforma en profundidad que deber\u00eda estar lista en 2030, <\/strong>con la entrada definitiva de nuevos miembros, entre los cuales se encontrar\u00eda Ucrania\u201c.<\/p>\n<p>Algunas de las reformas propuestas por el informe consisten en el <strong>abandono de la regla de la unanimidad<\/strong> y la adopci\u00f3n de la regla de mayor\u00eda cualificada en el proceso de decisiones comunitario, especialmente en \u00e1reas clave como fiscalidad, finanzas y asuntos exteriores. \u201cEsto requiere <strong>cambios en los Tratados<\/strong> y refer\u00e9ndums en algunos pa\u00edses\u201c.<\/p>\n<p>\u201cLos gobiernos han reconocido que una nueva ampliaci\u00f3n sin reformas institucionales apropiadas har\u00eda todav\u00eda m\u00e1s dif\u00edcil, si no imposible, tomar decisiones en el seno de la UE\u201c.<\/p>\n<p>Los expertos recomiendan la adopci\u00f3n de cl\u00e1usulas <em>opt-outs<\/em> potenciales (opciones de escape), que permitir\u00edan a los pa\u00edses no preparados<strong> posponer<\/strong> la adopci\u00f3n de ciertas propuestas.<\/p>\n<p>El informe tambi\u00e9n propone un adelgazamiento de la <strong>burocracia de Bruselas<\/strong>, por ejemplo, a trav\u00e9s de reducir el n\u00famero de comisarios.<\/p>\n<p><strong>El informe ha recibido una respuesta muy positiva por parte del consejo de ministros de asuntos exteriores de la UE,<\/strong> aunque tambi\u00e9n se ha visto en su seno la existencia de posiciones alejadas entre estados miembros sobre cuestiones clave tratadas en el informe.<\/p>\n<h3><strong>El Reino Unido y la UE<\/strong><\/h3>\n<h5><strong>La aparici\u00f3n del informe coincide con la oferta de renegociar el Brexit que acaba de ofrecer el l\u00edder laborista brit\u00e1nico, Starmer. <\/strong><\/h5>\n<p>Cree que puede conseguir un trato comercial mejor con Bruselas. <strong>Starmer<\/strong> espera ganar las elecciones generales el pr\u00f3ximo a\u00f1o y convertirse en el primer ministro brit\u00e1nico que revisa a fondo las relaciones del Reino Unido con la UE post Brexit. Est\u00e1 previsto que los actuales acuerdos se revisen precisamente en 2025. Starmer pretende una relaci\u00f3n comercial \u201cque funcione\u201c, pero no habla de regresar a la UE. Quiere renegociar <strong>no para reentrar en el club<\/strong>, sino para mejorar la relaci\u00f3n. En todo caso, es consciente de que el <em>Regrexit<\/em> ya ha empezado.<\/p>\n<p><strong>El primer ministro brit\u00e1nico, <\/strong>el conservador Rishi Sunak, ya hab\u00eda manifestado tambi\u00e9n su intenci\u00f3n a finales del a\u00f1o pasado de <strong>inaugurar una nueva era \u201cm\u00e1s realista\u201c de relaciones entre la UE y el Reino Unido, <\/strong>reconociendo impl\u00edcitamente el fracaso del Brexit en relaci\u00f3n con las expectativas que hab\u00eda despertado en su pa\u00eds la salida de la UE.<\/p>\n<p><strong>Con lentitud, pero sin pausas, el Reino Unido est\u00e1 reconociendo que el Brexit fue un error.<\/strong> Quiz\u00e1s ahora, si la nueva propuesta francoalemana sobre reforma y ampliaci\u00f3n de la UE va para adelante, se le abra la oportunidad de incorporarse al proceso integrador europeo, a t\u00edtulo de \u201cpa\u00eds asociado\u201c, en el primer \u201cc\u00edrculo externo\u201c del proyecto, previo al cuarto c\u00edrculo externo del que ya formar\u00eda parte por su pertenencia a la Comunidad Pol\u00edtica Europea (CPE).<\/p>\n<p><strong>Han pasado siete a\u00f1os de la fat\u00eddica consulta de 2016. Si hubiera hoy un nuevo refer\u00e9ndum, los brit\u00e1nicos votar\u00edan a favor de su reincorporaci\u00f3n a la UE.<\/strong><\/p>\n<span class='bctt-click-to-tweet'><span class='bctt-ctt-text'><a href='https:\/\/twitter.com\/intent\/tweet?url=https%3A%2F%2Fconversesacatalunya.cat%2Fes%2Fpropuesta-francoalemana-reforma-y-ampliacion-ue%2F&#038;text=Los%20gobiernos%20han%20reconocido%20que%20una%20nueva%20ampliaci%C3%B3n%20sin%20reformas%20institucionales%20apropiadas%20har%C3%ADa%20todav%C3%ADa%20m%C3%A1s%20dif%C3%ADcil%2C%20si%20no%20imposible%2C%20tomar%20decisiones%20en%20el%20seno%20de%20la%20UE&#038;via=conversesacat&#038;related=conversesacat' target='_blank'rel=\"noopener noreferrer\">Los gobiernos han reconocido que una nueva ampliaci\u00f3n sin reformas institucionales apropiadas har\u00eda todav\u00eda m\u00e1s dif\u00edcil, si no imposible, tomar decisiones en el seno de la UE <\/a><\/span><a href='https:\/\/twitter.com\/intent\/tweet?url=https%3A%2F%2Fconversesacatalunya.cat%2Fes%2Fpropuesta-francoalemana-reforma-y-ampliacion-ue%2F&#038;text=Los%20gobiernos%20han%20reconocido%20que%20una%20nueva%20ampliaci%C3%B3n%20sin%20reformas%20institucionales%20apropiadas%20har%C3%ADa%20todav%C3%ADa%20m%C3%A1s%20dif%C3%ADcil%2C%20si%20no%20imposible%2C%20tomar%20decisiones%20en%20el%20seno%20de%20la%20UE&#038;via=conversesacat&#038;related=conversesacat' target='_blank' class='bctt-ctt-btn'rel=\"noopener noreferrer\">Compartir en X<\/a><\/span>\n<div id=\"polls-212\" class=\"wp-polls\">\n\t<form id=\"polls_form_212\" class=\"wp-polls-form\" action=\"\/index.php\" method=\"post\">\n\t\t<p style=\"display: none;\"><input type=\"hidden\" id=\"poll_212_nonce\" name=\"wp-polls-nonce\" value=\"aae19997d9\" \/><\/p>\n\t\t<p style=\"display: none;\"><input type=\"hidden\" name=\"poll_id\" value=\"212\" \/><\/p>\n\t\t<p style=\"text-align: center\"><strong>Passats els primers 100 dies de Collboni com a alcalde, et sembla que la gesti\u00f3 de la ciutat:<\/strong><\/p><div id=\"polls-212-ans\" class=\"wp-polls-ans\"><ul class=\"wp-polls-ul\">\n\t\t<li><input type=\"radio\" id=\"poll-answer-589\" name=\"poll_212\" value=\"589\" \/> <label for=\"poll-answer-589\">Ha millorat<\/label><\/li>\n\t\t<li><input type=\"radio\" id=\"poll-answer-590\" name=\"poll_212\" value=\"590\" \/> <label for=\"poll-answer-590\">Es mant\u00e9 igual<\/label><\/li>\n\t\t<li><input type=\"radio\" id=\"poll-answer-591\" name=\"poll_212\" value=\"591\" \/> <label for=\"poll-answer-591\">Ha empitjorat<\/label><\/li>\n\t\t<\/ul><p style=\"text-align: center\"><input type=\"button\" name=\"vote\" value=\"   Vota   \" class=\"Buttons\" onclick=\"poll_vote(212);\" \/><\/p><p style=\"text-align: center\"><a href=\"#ViewPollResults\" onclick=\"poll_result(212); return false;\" title=\"View Results Of This Poll\">Mira els resultats<\/a><\/p><\/div>\n\t<\/form>\n<\/div>\n<div id=\"polls-212-loading\" class=\"wp-polls-loading\"><img decoding=\"async\" data-src=\"https:\/\/conversesacatalunya.cat\/wp-content\/plugins\/wp-polls\/images\/loading.gif\" width=\"16\" height=\"16\" alt=\"Cargando ...\" title=\"Cargando ...\" class=\"wp-polls-image lazyload\" src=\"data:image\/svg+xml;base64,PHN2ZyB3aWR0aD0iMSIgaGVpZ2h0PSIxIiB4bWxucz0iaHR0cDovL3d3dy53My5vcmcvMjAwMC9zdmciPjwvc3ZnPg==\" style=\"--smush-placeholder-width: 16px; --smush-placeholder-aspect-ratio: 16\/16;\" \/>&nbsp;Cargando ...<\/div>\n\n<p>&nbsp;<\/p>\n","protected":false},"excerpt":{"rendered":"<p>Una nueva propuesta combinada entre Francia y Alemania -los dos estados clave de la UE- sobre la necesidad de reforma y ampliaci\u00f3n de la UE acaba de hacerse p\u00fablica el pasado 18 de septiembre en Bruselas. Los autores son un grupo de doce expertos franceses y alemanes, escogidos por sus gobiernos respectivos. Ser\u00e1 estudiada en detalle a lo largo de diferentes reuniones previstas en el marco de la actual presidencia rotatoria espa\u00f1ola de la UE. Se trata de un extenso documento, cuyo significativo t\u00edtulo es el siguiente: Sailing on High Seas: Reforming and Enlarging the EU for the 21 st. Century. Paris-Berlin, 18 September 2023. Francia y Alemania navegan mar adentro y proponen su visi\u00f3n, a trav\u00e9s de doce expertos, sobre c\u00f3mo ha de ser la UE del siglo XXI. Esta visi\u00f3n consiste en una UE reformada y ampliada. La UE necesita imperiosamente una reforma institucional y reorientar su futuro en un mundo de gigantes dominado por las dos \u00fanicas grandes potencias hoy existentes -Estados Unidos y China- as\u00ed como tratar de convertirse en un verdadero actor global que act\u00fae como tercer polo de poder y mediador entre la potencia hegem\u00f3nica y la (re)emergente. Necesita completar su proceso de integraci\u00f3n y convertirse en una verdadera uni\u00f3n pol\u00edtica federal, con pol\u00edticas comunes en materia de asuntos exteriores y defensa, entre otras, como se pretend\u00eda desde un principio de su proceso integrador. De lo contrario, le espera la irrelevancia en la esfera internacional. En las \u00faltimas ediciones de los cursos sobre Quo Vadis Europa, organizados cada a\u00f1o en Santander por la Universidad Internacional Men\u00e9ndez y Pelayo (UIMP), foro de gran reputaci\u00f3n sobre cuestiones relacionadas con el futuro de Europa, se han podido escuchar declaraciones como las siguientes. Enrico Letta, ex jefe de gobierno italiano, ha dicho: \u201cSi la UE no llega pronto a una verdadera uni\u00f3n pol\u00edtica de car\u00e1cter federal, con pol\u00edticas comunes en materia de asuntos exteriores y defensa, solo podr\u00e1 tomar libremente, en un futuro breve, una sola decisi\u00f3n: convertirse en colonia de Estados Unidos o de China\u201c. Por otra parte, prestigiosos analistas geopol\u00edticos franceses, alemanes y espa\u00f1oles han coincido en firmar un documento en el que se puede leer lo siguiente: \u201cLa guerra de Ucrania, en el fondo, significa para la UE su definitiva supeditaci\u00f3n a la pol\u00edtica exterior y a los intereses geopol\u00edticos de Estados Unidos. La guerra de Ucrania ha sido un regalo geopol\u00edtico de Putin a Estados Unidos. Ha reafirmado la OTAN y contribuido a superar la \u201cpar\u00e1lisis cerebral\u201c que le diagnostic\u00f3 Macron antes de la guerra. Putin ha resucitado la OTAN. Finlandia se ha incorporado a la OTAN y Suecia lo har\u00e1 pronto. Putin quer\u00eda la OTAN lejos y ahora la tiene m\u00e1s cerca que nunca. Pero la OTAN y la UE se confunden cada vez m\u00e1s como organizaciones. No en vano, las dos tienen sus cuarteles generales instalados en Bruselas. La OTAN tiene una potencia dominante que es Estados Unidos. Todo esto no es lo que le conviene a Europa. A Europa le conviene, sin dejar de tener una relaci\u00f3n privilegiada con Estados Unidos, mantener una buena relaci\u00f3n econ\u00f3mica y cultural con Rusia, que es un pa\u00eds europeo, adem\u00e1s de muchas otras cosas. Somos complementarios econ\u00f3micamente y hermanos culturalmente. Tambi\u00e9n con China, evitando el conflicto y promocionando la cooperaci\u00f3n, sin renunciar a un papel activo en competici\u00f3n econ\u00f3mica y comercial. La UE y Estados Unidos no tienen objetivos necesariamente todos coincidentes en materia de relaciones con China. Tampoco con Rusia. Europa tiene que emanciparse, llegar a su mayor\u00eda de edad pol\u00edtica y convertirse en un verdadero actor global en un mundo dominado por Estados Unidos y China. Francia y Alemania, las dos naciones clave de la UE, deber\u00edan dar un paso adelante y proponer reformas ambiciosas en materia institucional y de ampliaci\u00f3n, acabando de perfilar la estructura organizativa, as\u00ed como fijar definitivamente los l\u00edmites geogr\u00e1ficos de la UE\u201c. El documento presentado el 18 de septiembre en Bruselas por expertos franceses y alemanes va en la direcci\u00f3n de una UE reformada y ampliada. Tiene dos puntos centrales: Nueva ampliaci\u00f3n al este Sobre la necesidad de una nueva ampliaci\u00f3n al este &#8211; que comprender\u00eda Ucrania, Moldavia, Albania, Georgia, Serbia y el resto de regiones de la antigua Yugoslavia hasta llegar a una UE de 36 estados o m\u00e1s (Turqu\u00eda) &#8211; el documento coincide con la esencia del discurso de la presidenta de la Comisi\u00f3n Europea, la alemana \u00darsula von der Leyen, en su reciente comparecencia ante el Parlamento Europeo en Estrasburgo sobre \u201cel estado de la Uni\u00f3n \u201c, consistente en la nueva gran ampliaci\u00f3n al este. Tambi\u00e9n coincide con el discurso pronunciado por el canciller alem\u00e1n, Gustav Sholz el a\u00f1o pasado en Praga, sobre el mismo tema de la ampliaci\u00f3n. Reforma de las instituciones En materia de reforma, el documento se sit\u00faa en la l\u00ednea de otras propuestas tradicionales sobre geometr\u00eda variable o distintas velocidades en el seno de la UE. Contempla la creaci\u00f3n de cuatro maneras distintas de pertenencia a la UE, en forma de cuatro c\u00edrculos conc\u00e9ntricos: dos c\u00edrculos \u201cinternos\u201d y otros dos \u201cexternos\u00bb. El primer c\u00edrculo interno es el de plena membres\u00eda, sus estados miembros tienen la voluntad de completar el proceso integrador hasta la uni\u00f3n pol\u00edtica final. En el segundo c\u00edrculo interno se sit\u00faan otros pa\u00edses miembros de pleno derecho que todav\u00eda no han adoptado todas las pol\u00edticas comunes propias del primer c\u00edrculo interno (por ejemplo, euro o acuerdo de Schengen sobre libertad de circulaci\u00f3n de personas). El tercer c\u00edrculo o primer c\u00edrculo externo est\u00e1 formado por los pa\u00edses asociados de la UE. El Reino Unido podr\u00eda ser uno de ellos, tambi\u00e9n los cuatro pa\u00edses de la antigua EFTA y del Espacio Econ\u00f3mico Europeo (EEE): Noruega, Islandia, Suiza y Liechtenstein. El cuarto c\u00edrculo o segundo c\u00edrculo exterior est\u00e1 formado por la Comunidad Pol\u00edtica Europea (CPE), nueva organizaci\u00f3n creada el pasado a\u00f1o, idea de Macron, a la que pertenecen todos los estados europeos, excepto Rusia y Bielorrusia. Se trata de una plataforma para debates pol\u00edticos y estrat\u00e9gicos sobre el futuro de Europa&#8230;.<\/p>\n","protected":false},"author":38,"featured_media":71110,"comment_status":"open","ping_status":"open","sticky":false,"template":"","format":"standard","meta":{"_FSMCFIC_featured_image_caption":"","_FSMCFIC_featured_image_nocaption":"","_FSMCFIC_featured_image_hide":"","footnotes":""},"categories":[798,806],"tags":[1334,1442],"class_list":["post-71102","post","type-post","status-publish","format-standard","has-post-thumbnail","hentry","category-pro-europa-es","category-punts-claus-del-dia-es","tag-union-europea","tag-von-der-leyen-es"],"yoast_head":"<!-- This site is optimized with the Yoast SEO plugin v26.8 - https:\/\/yoast.com\/product\/yoast-seo-wordpress\/ -->\n<title>Propuesta francoalemana sobre reforma y ampliaci\u00f3n de la UE<\/title>\n<meta name=\"description\" content=\"Una nueva propuesta combinada entre Francia y Alemania sobre la necesidad de reforma y ampliaci\u00f3n de la UE acaba de hacerse p\u00fablica\" \/>\n<meta name=\"robots\" content=\"index, follow, max-snippet:-1, max-image-preview:large, max-video-preview:-1\" \/>\n<link rel=\"canonical\" href=\"https:\/\/conversesacatalunya.cat\/es\/propuesta-francoalemana-reforma-y-ampliacion-ue\/\" \/>\n<meta property=\"og:locale\" content=\"es_ES\" \/>\n<meta property=\"og:type\" content=\"article\" \/>\n<meta property=\"og:title\" content=\"Propuesta francoalemana sobre reforma y ampliaci\u00f3n de la UE\" \/>\n<meta property=\"og:description\" content=\"Una nueva propuesta combinada entre Francia y Alemania sobre la necesidad de reforma y ampliaci\u00f3n de la UE acaba de hacerse p\u00fablica\" \/>\n<meta property=\"og:url\" content=\"https:\/\/conversesacatalunya.cat\/es\/propuesta-francoalemana-reforma-y-ampliacion-ue\/\" \/>\n<meta property=\"og:site_name\" content=\"Converses a Catalunya\" \/>\n<meta property=\"article:published_time\" content=\"2023-10-03T07:00:42+00:00\" \/>\n<meta property=\"article:modified_time\" content=\"2023-10-06T07:12:34+00:00\" \/>\n<meta property=\"og:image\" content=\"https:\/\/conversesacatalunya.cat\/wp-content\/uploads\/2023\/09\/banderas.jpg\" \/>\n\t<meta property=\"og:image:width\" content=\"640\" \/>\n\t<meta property=\"og:image:height\" content=\"427\" \/>\n\t<meta property=\"og:image:type\" content=\"image\/jpeg\" \/>\n<meta name=\"author\" content=\"Victor Pou\" \/>\n<meta name=\"twitter:card\" content=\"summary_large_image\" \/>\n<meta name=\"twitter:label1\" content=\"Escrito por\" \/>\n\t<meta name=\"twitter:data1\" content=\"Victor Pou\" \/>\n\t<meta name=\"twitter:label2\" content=\"Tiempo de lectura\" \/>\n\t<meta name=\"twitter:data2\" content=\"9 minutos\" \/>\n<script type=\"application\/ld+json\" class=\"yoast-schema-graph\">{\"@context\":\"https:\/\/schema.org\",\"@graph\":[{\"@type\":\"Article\",\"@id\":\"https:\/\/conversesacatalunya.cat\/es\/propuesta-francoalemana-reforma-y-ampliacion-ue\/#article\",\"isPartOf\":{\"@id\":\"https:\/\/conversesacatalunya.cat\/es\/propuesta-francoalemana-reforma-y-ampliacion-ue\/\"},\"author\":{\"name\":\"Victor Pou\",\"@id\":\"https:\/\/conversesacatalunya.cat\/#\/schema\/person\/1b0082ee920b837be791bee630d460b2\"},\"headline\":\"Propuesta francoalemana sobre reforma y ampliaci\u00f3n de la UE\",\"datePublished\":\"2023-10-03T07:00:42+00:00\",\"dateModified\":\"2023-10-06T07:12:34+00:00\",\"mainEntityOfPage\":{\"@id\":\"https:\/\/conversesacatalunya.cat\/es\/propuesta-francoalemana-reforma-y-ampliacion-ue\/\"},\"wordCount\":1751,\"commentCount\":0,\"image\":{\"@id\":\"https:\/\/conversesacatalunya.cat\/es\/propuesta-francoalemana-reforma-y-ampliacion-ue\/#primaryimage\"},\"thumbnailUrl\":\"https:\/\/conversesacatalunya.cat\/wp-content\/uploads\/2023\/09\/banderas.jpg\",\"keywords\":[\"Uni\u00f3n Europea\",\"Von der Leyen\"],\"articleSection\":[\"Pro Europa (ES)\",\"Punts clau del dia (ES)\"],\"inLanguage\":\"es\",\"potentialAction\":[{\"@type\":\"CommentAction\",\"name\":\"Comment\",\"target\":[\"https:\/\/conversesacatalunya.cat\/es\/propuesta-francoalemana-reforma-y-ampliacion-ue\/#respond\"]}]},{\"@type\":\"WebPage\",\"@id\":\"https:\/\/conversesacatalunya.cat\/es\/propuesta-francoalemana-reforma-y-ampliacion-ue\/\",\"url\":\"https:\/\/conversesacatalunya.cat\/es\/propuesta-francoalemana-reforma-y-ampliacion-ue\/\",\"name\":\"Propuesta francoalemana sobre reforma y ampliaci\u00f3n de la UE\",\"isPartOf\":{\"@id\":\"https:\/\/conversesacatalunya.cat\/#website\"},\"primaryImageOfPage\":{\"@id\":\"https:\/\/conversesacatalunya.cat\/es\/propuesta-francoalemana-reforma-y-ampliacion-ue\/#primaryimage\"},\"image\":{\"@id\":\"https:\/\/conversesacatalunya.cat\/es\/propuesta-francoalemana-reforma-y-ampliacion-ue\/#primaryimage\"},\"thumbnailUrl\":\"https:\/\/conversesacatalunya.cat\/wp-content\/uploads\/2023\/09\/banderas.jpg\",\"datePublished\":\"2023-10-03T07:00:42+00:00\",\"dateModified\":\"2023-10-06T07:12:34+00:00\",\"author\":{\"@id\":\"https:\/\/conversesacatalunya.cat\/#\/schema\/person\/1b0082ee920b837be791bee630d460b2\"},\"description\":\"Una nueva propuesta combinada entre Francia y Alemania sobre la necesidad de reforma y ampliaci\u00f3n de la UE acaba de hacerse p\u00fablica\",\"breadcrumb\":{\"@id\":\"https:\/\/conversesacatalunya.cat\/es\/propuesta-francoalemana-reforma-y-ampliacion-ue\/#breadcrumb\"},\"inLanguage\":\"es\",\"potentialAction\":[{\"@type\":\"ReadAction\",\"target\":[\"https:\/\/conversesacatalunya.cat\/es\/propuesta-francoalemana-reforma-y-ampliacion-ue\/\"]}]},{\"@type\":\"ImageObject\",\"inLanguage\":\"es\",\"@id\":\"https:\/\/conversesacatalunya.cat\/es\/propuesta-francoalemana-reforma-y-ampliacion-ue\/#primaryimage\",\"url\":\"https:\/\/conversesacatalunya.cat\/wp-content\/uploads\/2023\/09\/banderas.jpg\",\"contentUrl\":\"https:\/\/conversesacatalunya.cat\/wp-content\/uploads\/2023\/09\/banderas.jpg\",\"width\":640,\"height\":427,\"caption\":\"reforma y ampliaci\u00f3n UE\"},{\"@type\":\"BreadcrumbList\",\"@id\":\"https:\/\/conversesacatalunya.cat\/es\/propuesta-francoalemana-reforma-y-ampliacion-ue\/#breadcrumb\",\"itemListElement\":[{\"@type\":\"ListItem\",\"position\":1,\"name\":\"Inici\",\"item\":\"https:\/\/conversesacatalunya.cat\/es\/\"},{\"@type\":\"ListItem\",\"position\":2,\"name\":\"Propuesta francoalemana sobre reforma y ampliaci\u00f3n de la UE\"}]},{\"@type\":\"WebSite\",\"@id\":\"https:\/\/conversesacatalunya.cat\/#website\",\"url\":\"https:\/\/conversesacatalunya.cat\/\",\"name\":\"Converses a Catalunya\",\"description\":\"\",\"potentialAction\":[{\"@type\":\"SearchAction\",\"target\":{\"@type\":\"EntryPoint\",\"urlTemplate\":\"https:\/\/conversesacatalunya.cat\/?s={search_term_string}\"},\"query-input\":{\"@type\":\"PropertyValueSpecification\",\"valueRequired\":true,\"valueName\":\"search_term_string\"}}],\"inLanguage\":\"es\"},{\"@type\":\"Person\",\"@id\":\"https:\/\/conversesacatalunya.cat\/#\/schema\/person\/1b0082ee920b837be791bee630d460b2\",\"name\":\"Victor Pou\",\"image\":{\"@type\":\"ImageObject\",\"inLanguage\":\"es\",\"@id\":\"https:\/\/conversesacatalunya.cat\/#\/schema\/person\/image\/\",\"url\":\"https:\/\/conversesacatalunya.cat\/wp-content\/litespeed\/avatar\/b9b32a5f987117ce72836d050f735d2b.jpg?ver=1777366285\",\"contentUrl\":\"https:\/\/conversesacatalunya.cat\/wp-content\/litespeed\/avatar\/b9b32a5f987117ce72836d050f735d2b.jpg?ver=1777366285\",\"caption\":\"Victor Pou\"},\"url\":\"https:\/\/conversesacatalunya.cat\/es\/author\/victor_pou\/\"}]}<\/script>\n<!-- \/ Yoast SEO plugin. -->","yoast_head_json":{"title":"Propuesta francoalemana sobre reforma y ampliaci\u00f3n de la UE","description":"Una nueva propuesta combinada entre Francia y Alemania sobre la necesidad de reforma y ampliaci\u00f3n de la UE acaba de hacerse p\u00fablica","robots":{"index":"index","follow":"follow","max-snippet":"max-snippet:-1","max-image-preview":"max-image-preview:large","max-video-preview":"max-video-preview:-1"},"canonical":"https:\/\/conversesacatalunya.cat\/es\/propuesta-francoalemana-reforma-y-ampliacion-ue\/","og_locale":"es_ES","og_type":"article","og_title":"Propuesta francoalemana sobre reforma y ampliaci\u00f3n de la UE","og_description":"Una nueva propuesta combinada entre Francia y Alemania sobre la necesidad de reforma y ampliaci\u00f3n de la UE acaba de hacerse p\u00fablica","og_url":"https:\/\/conversesacatalunya.cat\/es\/propuesta-francoalemana-reforma-y-ampliacion-ue\/","og_site_name":"Converses a Catalunya","article_published_time":"2023-10-03T07:00:42+00:00","article_modified_time":"2023-10-06T07:12:34+00:00","og_image":[{"width":640,"height":427,"url":"https:\/\/conversesacatalunya.cat\/wp-content\/uploads\/2023\/09\/banderas.jpg","type":"image\/jpeg"}],"author":"Victor Pou","twitter_card":"summary_large_image","twitter_misc":{"Escrito por":"Victor Pou","Tiempo de lectura":"9 minutos"},"schema":{"@context":"https:\/\/schema.org","@graph":[{"@type":"Article","@id":"https:\/\/conversesacatalunya.cat\/es\/propuesta-francoalemana-reforma-y-ampliacion-ue\/#article","isPartOf":{"@id":"https:\/\/conversesacatalunya.cat\/es\/propuesta-francoalemana-reforma-y-ampliacion-ue\/"},"author":{"name":"Victor Pou","@id":"https:\/\/conversesacatalunya.cat\/#\/schema\/person\/1b0082ee920b837be791bee630d460b2"},"headline":"Propuesta francoalemana sobre reforma y ampliaci\u00f3n de la UE","datePublished":"2023-10-03T07:00:42+00:00","dateModified":"2023-10-06T07:12:34+00:00","mainEntityOfPage":{"@id":"https:\/\/conversesacatalunya.cat\/es\/propuesta-francoalemana-reforma-y-ampliacion-ue\/"},"wordCount":1751,"commentCount":0,"image":{"@id":"https:\/\/conversesacatalunya.cat\/es\/propuesta-francoalemana-reforma-y-ampliacion-ue\/#primaryimage"},"thumbnailUrl":"https:\/\/conversesacatalunya.cat\/wp-content\/uploads\/2023\/09\/banderas.jpg","keywords":["Uni\u00f3n Europea","Von der Leyen"],"articleSection":["Pro Europa (ES)","Punts clau del dia (ES)"],"inLanguage":"es","potentialAction":[{"@type":"CommentAction","name":"Comment","target":["https:\/\/conversesacatalunya.cat\/es\/propuesta-francoalemana-reforma-y-ampliacion-ue\/#respond"]}]},{"@type":"WebPage","@id":"https:\/\/conversesacatalunya.cat\/es\/propuesta-francoalemana-reforma-y-ampliacion-ue\/","url":"https:\/\/conversesacatalunya.cat\/es\/propuesta-francoalemana-reforma-y-ampliacion-ue\/","name":"Propuesta francoalemana sobre reforma y ampliaci\u00f3n de la UE","isPartOf":{"@id":"https:\/\/conversesacatalunya.cat\/#website"},"primaryImageOfPage":{"@id":"https:\/\/conversesacatalunya.cat\/es\/propuesta-francoalemana-reforma-y-ampliacion-ue\/#primaryimage"},"image":{"@id":"https:\/\/conversesacatalunya.cat\/es\/propuesta-francoalemana-reforma-y-ampliacion-ue\/#primaryimage"},"thumbnailUrl":"https:\/\/conversesacatalunya.cat\/wp-content\/uploads\/2023\/09\/banderas.jpg","datePublished":"2023-10-03T07:00:42+00:00","dateModified":"2023-10-06T07:12:34+00:00","author":{"@id":"https:\/\/conversesacatalunya.cat\/#\/schema\/person\/1b0082ee920b837be791bee630d460b2"},"description":"Una nueva propuesta combinada entre Francia y Alemania sobre la necesidad de reforma y ampliaci\u00f3n de la UE acaba de hacerse p\u00fablica","breadcrumb":{"@id":"https:\/\/conversesacatalunya.cat\/es\/propuesta-francoalemana-reforma-y-ampliacion-ue\/#breadcrumb"},"inLanguage":"es","potentialAction":[{"@type":"ReadAction","target":["https:\/\/conversesacatalunya.cat\/es\/propuesta-francoalemana-reforma-y-ampliacion-ue\/"]}]},{"@type":"ImageObject","inLanguage":"es","@id":"https:\/\/conversesacatalunya.cat\/es\/propuesta-francoalemana-reforma-y-ampliacion-ue\/#primaryimage","url":"https:\/\/conversesacatalunya.cat\/wp-content\/uploads\/2023\/09\/banderas.jpg","contentUrl":"https:\/\/conversesacatalunya.cat\/wp-content\/uploads\/2023\/09\/banderas.jpg","width":640,"height":427,"caption":"reforma y ampliaci\u00f3n UE"},{"@type":"BreadcrumbList","@id":"https:\/\/conversesacatalunya.cat\/es\/propuesta-francoalemana-reforma-y-ampliacion-ue\/#breadcrumb","itemListElement":[{"@type":"ListItem","position":1,"name":"Inici","item":"https:\/\/conversesacatalunya.cat\/es\/"},{"@type":"ListItem","position":2,"name":"Propuesta francoalemana sobre reforma y ampliaci\u00f3n de la UE"}]},{"@type":"WebSite","@id":"https:\/\/conversesacatalunya.cat\/#website","url":"https:\/\/conversesacatalunya.cat\/","name":"Converses a Catalunya","description":"","potentialAction":[{"@type":"SearchAction","target":{"@type":"EntryPoint","urlTemplate":"https:\/\/conversesacatalunya.cat\/?s={search_term_string}"},"query-input":{"@type":"PropertyValueSpecification","valueRequired":true,"valueName":"search_term_string"}}],"inLanguage":"es"},{"@type":"Person","@id":"https:\/\/conversesacatalunya.cat\/#\/schema\/person\/1b0082ee920b837be791bee630d460b2","name":"Victor Pou","image":{"@type":"ImageObject","inLanguage":"es","@id":"https:\/\/conversesacatalunya.cat\/#\/schema\/person\/image\/","url":"https:\/\/conversesacatalunya.cat\/wp-content\/litespeed\/avatar\/b9b32a5f987117ce72836d050f735d2b.jpg?ver=1777366285","contentUrl":"https:\/\/conversesacatalunya.cat\/wp-content\/litespeed\/avatar\/b9b32a5f987117ce72836d050f735d2b.jpg?ver=1777366285","caption":"Victor Pou"},"url":"https:\/\/conversesacatalunya.cat\/es\/author\/victor_pou\/"}]}},"wps_subtitle":"Francia y Alemania navegan mar adentro y proponen su visi\u00f3n, a trav\u00e9s de doce expertos, sobre c\u00f3mo ha de ser la UE del siglo XXI. Esta visi\u00f3n consiste en una UE reformada y ampliada","_links":{"self":[{"href":"https:\/\/conversesacatalunya.cat\/es\/wp-json\/wp\/v2\/posts\/71102","targetHints":{"allow":["GET"]}}],"collection":[{"href":"https:\/\/conversesacatalunya.cat\/es\/wp-json\/wp\/v2\/posts"}],"about":[{"href":"https:\/\/conversesacatalunya.cat\/es\/wp-json\/wp\/v2\/types\/post"}],"author":[{"embeddable":true,"href":"https:\/\/conversesacatalunya.cat\/es\/wp-json\/wp\/v2\/users\/38"}],"replies":[{"embeddable":true,"href":"https:\/\/conversesacatalunya.cat\/es\/wp-json\/wp\/v2\/comments?post=71102"}],"version-history":[{"count":10,"href":"https:\/\/conversesacatalunya.cat\/es\/wp-json\/wp\/v2\/posts\/71102\/revisions"}],"predecessor-version":[{"id":71212,"href":"https:\/\/conversesacatalunya.cat\/es\/wp-json\/wp\/v2\/posts\/71102\/revisions\/71212"}],"wp:featuredmedia":[{"embeddable":true,"href":"https:\/\/conversesacatalunya.cat\/es\/wp-json\/wp\/v2\/media\/71110"}],"wp:attachment":[{"href":"https:\/\/conversesacatalunya.cat\/es\/wp-json\/wp\/v2\/media?parent=71102"}],"wp:term":[{"taxonomy":"category","embeddable":true,"href":"https:\/\/conversesacatalunya.cat\/es\/wp-json\/wp\/v2\/categories?post=71102"},{"taxonomy":"post_tag","embeddable":true,"href":"https:\/\/conversesacatalunya.cat\/es\/wp-json\/wp\/v2\/tags?post=71102"}],"curies":[{"name":"wp","href":"https:\/\/api.w.org\/{rel}","templated":true}]}}