{"id":71060,"date":"2023-09-27T11:50:56","date_gmt":"2023-09-27T09:50:56","guid":{"rendered":"https:\/\/conversesacatalunya.cat\/debat-dinvestidura-lerror-tactic-de-sanchez-facilita-a-feijoo-construir-la-seva-imatge-de-presidenciable\/"},"modified":"2023-09-27T14:47:53","modified_gmt":"2023-09-27T12:47:53","slug":"debate-de-investidura-el-error-tactico-de-sanchez-facilita-a-feijoo-construir-su-imagen-de-presidenciable","status":"publish","type":"post","link":"https:\/\/conversesacatalunya.cat\/es\/debate-de-investidura-el-error-tactico-de-sanchez-facilita-a-feijoo-construir-su-imagen-de-presidenciable\/","title":{"rendered":"Debate de investidura: el error t\u00e1ctico de S\u00e1nchez facilita a Feij\u00f3o construir su imagen de presidenciable"},"content":{"rendered":"<p><span><span class=\"\">El\u00a0<\/span><\/span><strong><span><span class=\"\">debate de investidura de Feij\u00f3o<\/span><\/span><\/strong><span><span class=\"\">\u00a0era en principio no s\u00f3lo un debate perdido desde el punto de vista de los votos necesarios para ser presidente, sino un riesgo muy importante de que su figura como alternativa a S\u00e1nchez se ha visto maltrecha.<\/span><\/span><\/p>\n<p><span>No ha sido as\u00ed, y los resultados, seg\u00fan muestran las portadas de la casi totalidad de los diarios, ponen de relieve que por la incomparecencia\u00a0<\/span><strong><span>de S\u00e1nchez<\/span><\/strong><span>, Feij\u00f3o ha logrado consolidar su papel de alternativa en el fondo y en la forma, y \u200b\u200barrinconar m\u00e1s al actual presidente del gobierno con una figura que, salvo para los muy afines, se revela como antip\u00e1tica, si no peligrosa, por <\/span><strong><span>acceso de prepotencia<\/span><\/strong><span>.<\/span><\/p>\n<p><span>La lectura de los 10 primeros medios de comunicaci\u00f3n escritos espa\u00f1oles dan un balance suficientemente claro.\u00a0Con una excepci\u00f3n que merece la pena subrayar que es La Vanguardia.<\/span><\/p>\n<p><span>Las ideas de fondo son que S\u00e1nchez\u00a0<\/span><strong><span>eludi\u00f3 el combate pol\u00edtico. <\/span><\/strong><span>Para unos, esto significa menospreciar al Congreso; para otros, querer ahorrarse dar aclaraciones sobre la amnist\u00eda. Para unos terceros, enviar al diputado de pie \u00d3scar Puente para degenerar el debate en enfrentamientos y descalificaciones personales.\u00a0Sea como fuere lo que titule cada medio, lo que resulta evidente es una\u00a0<\/span><strong><span>cr\u00edtica o incluso descalificaci\u00f3n a la actitud de S\u00e1nchez<\/span><\/strong><span>.<\/span><\/p>\n<p><span>Y es que en realidad lo que hizo el presidente del gobierno es ins\u00f3lito y muy fuera de sitio.\u00a0Pod\u00eda abstenerse de intervenir porque no era una moci\u00f3n de censura contra \u00e9l, pese a que por deferencia parlamentaria era l\u00f3gico esperar a que fuera \u00e9l quien diera respuesta a Feij\u00f3o.\u00a0Pero lo que ya resulta inexcusable es que la voz por parte del PSOE sobre un debate de investidura no fuese la de su portavoz en el Congreso y s\u00ed la de un diputado de a pie, que las \u00fanicas caracter\u00edsticas remarcables son las de haber sido el alcalde de Valladolid y ser famoso por sus malas formas en los debates.<\/span><\/p>\n<p><span>Las im\u00e1genes del Congreso que presentaban un S\u00e1nchez satisfecho y sonriente cuando sal\u00eda \u00d3scar Puente a escena porque una vez m\u00e1s hab\u00eda logrado sorprender a todos, es al mismo tiempo una antipublicidad del presidente del gobierno.<\/span><\/p>\n<p><span>La segunda caracter\u00edstica de las portadas es que\u00a0<\/span><strong><span>Feij\u00f3o logr\u00f3 presentar su alegato contra la amnist\u00eda sin tener que soportar un importante desgaste<\/span><\/strong><span>.\u00a0Tambi\u00e9n el hecho de que algunos diarios se\u00f1alen que Feij\u00f3o se reivindique como presidente fiable y de palabra facilita la construcci\u00f3n de la imagen que le interesaba.<\/span><\/p>\n<p><strong><span>La Vanguardia<\/span><\/strong><span> es el \u00fanico diario entre la decena de los importantes, que no sigue esa t\u00f3nica y titula alambicadamente: \u201cS\u00e1nchez descoloca a un Feij\u00f3o abocado a su rechazo a la amnist\u00eda\u201d. La mano de Enric Juliana, el hombre de La Vanguardia en Madrid, se hace evidente en esta s\u00edntesis de parte. Basta con compararlo con lo que dice el otro diario del gobierno, El Pa\u00eds: \u201cEl alegato de Feij\u00f3o sobre la amnist\u00eda se queda sin r\u00e9plicas\u201d. Las diferencias son evidentes y este segundo, el del diario de Madrid, refleja m\u00e1s claramente lo que realmente ocurri\u00f3.<\/span><\/p>\n<p><span>El\u00a0<\/span><strong><span>desprecio de S\u00e1nchez<\/span><\/strong><span>\u00a0es particularmente grave y va mucho m\u00e1s all\u00e1 de una pugna partidista.\u00a0Porque hay que recordar que est\u00e1bamos ante un procedimiento que la Constituci\u00f3n contempla para elegir presidente del gobierno.\u00a0Es un desprecio al Congreso y al conjunto del Parlamento la forma en que el PSOE abord\u00f3 el debate ayer.<\/span><\/p>\n<p><span>Pero es que, adem\u00e1s, es tambi\u00e9n un menosprecio de la decisi\u00f3n del jefe del estado, porque Feij\u00f3o subi\u00f3 a la tribuna de oradores porque Felipe VI lo eligi\u00f3 como primera alternativa para calificar si ten\u00eda suficientes apoyos.<\/span><\/p>\n<p><span>Estos dos hechos dan idea de la consideraci\u00f3n que le merece a S\u00e1nchez y al PSOE actual las instituciones y el decoro de \u00e9stas, revelando una mentalidad peligrosa para el buen funcionamiento de la democracia.\u00a0Lo que se ve acentuado por la falta de consideraci\u00f3n y respeto hacia lo que representa el primer partido de Espa\u00f1a con millones de electores.\u00a0S\u00e1nchez les dice que su voto no es digno de ning\u00fan debate parlamentario y s\u00ed s\u00f3lo de la aplicaci\u00f3n del m\u00e9todo \u201cOscar Puente\u201d:\u00a0<\/span><strong><span>insultos y descalificaciones<\/span><\/strong><span>\u00a0.<\/span><\/p>\n<p><span>La atm\u00f3sfera pol\u00edtica que todo esto crea y de la que el primer responsable es S\u00e1nchez resulta absolutamente t\u00f3xica para la democracia y cada vez tiene y tendr\u00e1 consecuencias m\u00e1s graves para las instituciones pol\u00edticas y la propia sociedad.\u00a0S\u00e1nchez est\u00e1 devorando la estabilidad institucional alcanzada de forma extraordinaria por la transici\u00f3n.<\/span><\/p>\n<p><span>El debate tambi\u00e9n ha servido para mostrar otros\u00a0<\/span><strong><span>aspectos secundarios<\/span><\/strong><span>.\u00a0<span class=\"VIpgJd-yAWNEb-VIpgJd-fmcmS-sn54Q\">Seguramente uno de los m\u00e1s relevantes es mostrar que Yolanda D\u00edaz no es la l\u00edder de un partido en coalici\u00f3n con el PSOE, sino una simple subalterna de S\u00e1nchez, como demostr\u00f3 ayer al no intervenir pese a prepararse el discurso, cuando vio para su sorpresa, como toda la inmensa mayor\u00eda de miembros del partido y del gobierno, que quien sal\u00eda en la tribuna era \u00d3scar Puente. <\/span>Se pleg\u00f3 a la l\u00f3gica de S\u00e1nchez en lugar de acentuar su liderazgo y personalidad saliendo a decir lo que pensaba decir.\u00a0Esto y certificar el\u00a0<\/span><strong><span>fallecimiento de UP<\/span><\/strong><span>\u00a0convertida en una menesterosa que pide algo de protagonismo por favor.\u00a0Es el otro dato relevante de la jornada.<\/span><\/p>\n<div id=\"polls-211\" class=\"wp-polls\">\n\t<form id=\"polls_form_211\" class=\"wp-polls-form\" action=\"\/index.php\" method=\"post\">\n\t\t<p style=\"display: none;\"><input type=\"hidden\" id=\"poll_211_nonce\" name=\"wp-polls-nonce\" value=\"ff9172d9b6\" \/><\/p>\n\t\t<p style=\"display: none;\"><input type=\"hidden\" name=\"poll_id\" value=\"211\" \/><\/p>\n\t\t<p style=\"text-align: center\"><strong>Creus que \u00e9s normal que el govern municipal de Barcelona estigui recolzat per 10 regidors sobre 41 que t\u00e9?<\/strong><\/p><div id=\"polls-211-ans\" class=\"wp-polls-ans\"><ul class=\"wp-polls-ul\">\n\t\t<li><input type=\"radio\" id=\"poll-answer-586\" name=\"poll_211\" value=\"586\" \/> <label for=\"poll-answer-586\">S\u00ed<\/label><\/li>\n\t\t<li><input type=\"radio\" id=\"poll-answer-587\" name=\"poll_211\" value=\"587\" \/> <label for=\"poll-answer-587\">No<\/label><\/li>\n\t\t<li><input type=\"radio\" id=\"poll-answer-588\" name=\"poll_211\" value=\"588\" \/> <label for=\"poll-answer-588\">No ho s\u00e9<\/label><\/li>\n\t\t<\/ul><p style=\"text-align: center\"><input type=\"button\" name=\"vote\" value=\"   Vota   \" class=\"Buttons\" onclick=\"poll_vote(211);\" \/><\/p><p style=\"text-align: center\"><a href=\"#ViewPollResults\" onclick=\"poll_result(211); return false;\" title=\"View Results Of This Poll\">Mira els resultats<\/a><\/p><\/div>\n\t<\/form>\n<\/div>\n<div id=\"polls-211-loading\" class=\"wp-polls-loading\"><img decoding=\"async\" data-src=\"https:\/\/conversesacatalunya.cat\/wp-content\/plugins\/wp-polls\/images\/loading.gif\" width=\"16\" height=\"16\" alt=\"Cargando ...\" title=\"Cargando ...\" class=\"wp-polls-image lazyload\" src=\"data:image\/svg+xml;base64,PHN2ZyB3aWR0aD0iMSIgaGVpZ2h0PSIxIiB4bWxucz0iaHR0cDovL3d3dy53My5vcmcvMjAwMC9zdmciPjwvc3ZnPg==\" style=\"--smush-placeholder-width: 16px; --smush-placeholder-aspect-ratio: 16\/16;\" \/>&nbsp;Cargando ...<\/div>\n\n","protected":false},"excerpt":{"rendered":"<p>El\u00a0debate de investidura de Feij\u00f3o\u00a0era en principio no s\u00f3lo un debate perdido desde el punto de vista de los votos necesarios para ser presidente, sino un riesgo muy importante de que su figura como alternativa a S\u00e1nchez se ha visto maltrecha. No ha sido as\u00ed, y los resultados, seg\u00fan muestran las portadas de la casi totalidad de los diarios, ponen de relieve que por la incomparecencia\u00a0de S\u00e1nchez, Feij\u00f3o ha logrado consolidar su papel de alternativa en el fondo y en la forma, y \u200b\u200barrinconar m\u00e1s al actual presidente del gobierno con una figura que, salvo para los muy afines, se revela como antip\u00e1tica, si no peligrosa, por acceso de prepotencia. La lectura de los 10 primeros medios de comunicaci\u00f3n escritos espa\u00f1oles dan un balance suficientemente claro.\u00a0Con una excepci\u00f3n que merece la pena subrayar que es La Vanguardia. Las ideas de fondo son que S\u00e1nchez\u00a0eludi\u00f3 el combate pol\u00edtico. Para unos, esto significa menospreciar al Congreso; para otros, querer ahorrarse dar aclaraciones sobre la amnist\u00eda. Para unos terceros, enviar al diputado de pie \u00d3scar Puente para degenerar el debate en enfrentamientos y descalificaciones personales.\u00a0Sea como fuere lo que titule cada medio, lo que resulta evidente es una\u00a0cr\u00edtica o incluso descalificaci\u00f3n a la actitud de S\u00e1nchez. Y es que en realidad lo que hizo el presidente del gobierno es ins\u00f3lito y muy fuera de sitio.\u00a0Pod\u00eda abstenerse de intervenir porque no era una moci\u00f3n de censura contra \u00e9l, pese a que por deferencia parlamentaria era l\u00f3gico esperar a que fuera \u00e9l quien diera respuesta a Feij\u00f3o.\u00a0Pero lo que ya resulta inexcusable es que la voz por parte del PSOE sobre un debate de investidura no fuese la de su portavoz en el Congreso y s\u00ed la de un diputado de a pie, que las \u00fanicas caracter\u00edsticas remarcables son las de haber sido el alcalde de Valladolid y ser famoso por sus malas formas en los debates. Las im\u00e1genes del Congreso que presentaban un S\u00e1nchez satisfecho y sonriente cuando sal\u00eda \u00d3scar Puente a escena porque una vez m\u00e1s hab\u00eda logrado sorprender a todos, es al mismo tiempo una antipublicidad del presidente del gobierno. La segunda caracter\u00edstica de las portadas es que\u00a0Feij\u00f3o logr\u00f3 presentar su alegato contra la amnist\u00eda sin tener que soportar un importante desgaste.\u00a0Tambi\u00e9n el hecho de que algunos diarios se\u00f1alen que Feij\u00f3o se reivindique como presidente fiable y de palabra facilita la construcci\u00f3n de la imagen que le interesaba. La Vanguardia es el \u00fanico diario entre la decena de los importantes, que no sigue esa t\u00f3nica y titula alambicadamente: \u201cS\u00e1nchez descoloca a un Feij\u00f3o abocado a su rechazo a la amnist\u00eda\u201d. La mano de Enric Juliana, el hombre de La Vanguardia en Madrid, se hace evidente en esta s\u00edntesis de parte. Basta con compararlo con lo que dice el otro diario del gobierno, El Pa\u00eds: \u201cEl alegato de Feij\u00f3o sobre la amnist\u00eda se queda sin r\u00e9plicas\u201d. Las diferencias son evidentes y este segundo, el del diario de Madrid, refleja m\u00e1s claramente lo que realmente ocurri\u00f3. El\u00a0desprecio de S\u00e1nchez\u00a0es particularmente grave y va mucho m\u00e1s all\u00e1 de una pugna partidista.\u00a0Porque hay que recordar que est\u00e1bamos ante un procedimiento que la Constituci\u00f3n contempla para elegir presidente del gobierno.\u00a0Es un desprecio al Congreso y al conjunto del Parlamento la forma en que el PSOE abord\u00f3 el debate ayer. Pero es que, adem\u00e1s, es tambi\u00e9n un menosprecio de la decisi\u00f3n del jefe del estado, porque Feij\u00f3o subi\u00f3 a la tribuna de oradores porque Felipe VI lo eligi\u00f3 como primera alternativa para calificar si ten\u00eda suficientes apoyos. Estos dos hechos dan idea de la consideraci\u00f3n que le merece a S\u00e1nchez y al PSOE actual las instituciones y el decoro de \u00e9stas, revelando una mentalidad peligrosa para el buen funcionamiento de la democracia.\u00a0Lo que se ve acentuado por la falta de consideraci\u00f3n y respeto hacia lo que representa el primer partido de Espa\u00f1a con millones de electores.\u00a0S\u00e1nchez les dice que su voto no es digno de ning\u00fan debate parlamentario y s\u00ed s\u00f3lo de la aplicaci\u00f3n del m\u00e9todo \u201cOscar Puente\u201d:\u00a0insultos y descalificaciones\u00a0. La atm\u00f3sfera pol\u00edtica que todo esto crea y de la que el primer responsable es S\u00e1nchez resulta absolutamente t\u00f3xica para la democracia y cada vez tiene y tendr\u00e1 consecuencias m\u00e1s graves para las instituciones pol\u00edticas y la propia sociedad.\u00a0S\u00e1nchez est\u00e1 devorando la estabilidad institucional alcanzada de forma extraordinaria por la transici\u00f3n. El debate tambi\u00e9n ha servido para mostrar otros\u00a0aspectos secundarios.\u00a0Seguramente uno de los m\u00e1s relevantes es mostrar que Yolanda D\u00edaz no es la l\u00edder de un partido en coalici\u00f3n con el PSOE, sino una simple subalterna de S\u00e1nchez, como demostr\u00f3 ayer al no intervenir pese a prepararse el discurso, cuando vio para su sorpresa, como toda la inmensa mayor\u00eda de miembros del partido y del gobierno, que quien sal\u00eda en la tribuna era \u00d3scar Puente. Se pleg\u00f3 a la l\u00f3gica de S\u00e1nchez en lugar de acentuar su liderazgo y personalidad saliendo a decir lo que pensaba decir.\u00a0Esto y certificar el\u00a0fallecimiento de UP\u00a0convertida en una menesterosa que pide algo de protagonismo por favor.\u00a0Es el otro dato relevante de la jornada.<\/p>\n","protected":false},"author":77,"featured_media":71052,"comment_status":"open","ping_status":"open","sticky":false,"template":"","format":"standard","meta":{"_FSMCFIC_featured_image_caption":"","_FSMCFIC_featured_image_nocaption":"","_FSMCFIC_featured_image_hide":"","footnotes":""},"categories":[806],"tags":[4911],"class_list":["post-71060","post","type-post","status-publish","format-standard","has-post-thumbnail","hentry","category-punts-claus-del-dia-es","tag-elecciones-generales-2023"],"yoast_head":"<!-- This site is optimized with the Yoast SEO plugin v26.8 - https:\/\/yoast.com\/product\/yoast-seo-wordpress\/ -->\n<title>Debate de investidura: el error t\u00e1ctico de S\u00e1nchez facilita a Feij\u00f3o construir su imagen de presidenciable<\/title>\n<meta name=\"description\" content=\"Por la incomparecencia de S\u00e1nchez, Feij\u00f3o ha logrado consolidar su papel de alternativa en el fondo y en la forma\" \/>\n<meta name=\"robots\" content=\"index, follow, max-snippet:-1, max-image-preview:large, max-video-preview:-1\" \/>\n<link rel=\"canonical\" href=\"https:\/\/conversesacatalunya.cat\/es\/debate-de-investidura-el-error-tactico-de-sanchez-facilita-a-feijoo-construir-su-imagen-de-presidenciable\/\" \/>\n<meta property=\"og:locale\" content=\"es_ES\" \/>\n<meta property=\"og:type\" content=\"article\" \/>\n<meta property=\"og:title\" content=\"Debate de investidura: el error t\u00e1ctico de S\u00e1nchez facilita a Feij\u00f3o construir su imagen de presidenciable\" \/>\n<meta property=\"og:description\" content=\"Por la incomparecencia de S\u00e1nchez, Feij\u00f3o ha logrado consolidar su papel de alternativa en el fondo y en la forma\" \/>\n<meta property=\"og:url\" content=\"https:\/\/conversesacatalunya.cat\/es\/debate-de-investidura-el-error-tactico-de-sanchez-facilita-a-feijoo-construir-su-imagen-de-presidenciable\/\" \/>\n<meta property=\"og:site_name\" content=\"Converses a Catalunya\" \/>\n<meta property=\"article:published_time\" content=\"2023-09-27T09:50:56+00:00\" \/>\n<meta property=\"article:modified_time\" content=\"2023-09-27T12:47:53+00:00\" \/>\n<meta property=\"og:image\" content=\"https:\/\/conversesacatalunya.cat\/wp-content\/uploads\/2023\/09\/oscar-puente.jpg\" \/>\n\t<meta property=\"og:image:width\" content=\"1200\" \/>\n\t<meta property=\"og:image:height\" content=\"696\" \/>\n\t<meta property=\"og:image:type\" content=\"image\/jpeg\" \/>\n<meta name=\"author\" content=\"Enric Casanovas\" \/>\n<meta name=\"twitter:card\" content=\"summary_large_image\" \/>\n<meta name=\"twitter:label1\" content=\"Escrito por\" \/>\n\t<meta name=\"twitter:data1\" content=\"Enric Casanovas\" \/>\n\t<meta name=\"twitter:label2\" content=\"Tiempo de lectura\" \/>\n\t<meta name=\"twitter:data2\" content=\"5 minutos\" \/>\n<script type=\"application\/ld+json\" class=\"yoast-schema-graph\">{\"@context\":\"https:\/\/schema.org\",\"@graph\":[{\"@type\":\"Article\",\"@id\":\"https:\/\/conversesacatalunya.cat\/es\/debate-de-investidura-el-error-tactico-de-sanchez-facilita-a-feijoo-construir-su-imagen-de-presidenciable\/#article\",\"isPartOf\":{\"@id\":\"https:\/\/conversesacatalunya.cat\/es\/debate-de-investidura-el-error-tactico-de-sanchez-facilita-a-feijoo-construir-su-imagen-de-presidenciable\/\"},\"author\":{\"name\":\"Enric Casanovas\",\"@id\":\"https:\/\/conversesacatalunya.cat\/#\/schema\/person\/79bd0577b2f3afc8d6519d207c6e8609\"},\"headline\":\"Debate de investidura: el error t\u00e1ctico de S\u00e1nchez facilita a Feij\u00f3o construir su imagen de presidenciable\",\"datePublished\":\"2023-09-27T09:50:56+00:00\",\"dateModified\":\"2023-09-27T12:47:53+00:00\",\"mainEntityOfPage\":{\"@id\":\"https:\/\/conversesacatalunya.cat\/es\/debate-de-investidura-el-error-tactico-de-sanchez-facilita-a-feijoo-construir-su-imagen-de-presidenciable\/\"},\"wordCount\":957,\"commentCount\":0,\"image\":{\"@id\":\"https:\/\/conversesacatalunya.cat\/es\/debate-de-investidura-el-error-tactico-de-sanchez-facilita-a-feijoo-construir-su-imagen-de-presidenciable\/#primaryimage\"},\"thumbnailUrl\":\"https:\/\/conversesacatalunya.cat\/wp-content\/uploads\/2023\/09\/oscar-puente.jpg\",\"keywords\":[\"elecciones generales 2023\"],\"articleSection\":[\"Punts clau del dia (ES)\"],\"inLanguage\":\"es\",\"potentialAction\":[{\"@type\":\"CommentAction\",\"name\":\"Comment\",\"target\":[\"https:\/\/conversesacatalunya.cat\/es\/debate-de-investidura-el-error-tactico-de-sanchez-facilita-a-feijoo-construir-su-imagen-de-presidenciable\/#respond\"]}]},{\"@type\":\"WebPage\",\"@id\":\"https:\/\/conversesacatalunya.cat\/es\/debate-de-investidura-el-error-tactico-de-sanchez-facilita-a-feijoo-construir-su-imagen-de-presidenciable\/\",\"url\":\"https:\/\/conversesacatalunya.cat\/es\/debate-de-investidura-el-error-tactico-de-sanchez-facilita-a-feijoo-construir-su-imagen-de-presidenciable\/\",\"name\":\"Debate de investidura: el error t\u00e1ctico de S\u00e1nchez facilita a Feij\u00f3o construir su imagen de presidenciable\",\"isPartOf\":{\"@id\":\"https:\/\/conversesacatalunya.cat\/#website\"},\"primaryImageOfPage\":{\"@id\":\"https:\/\/conversesacatalunya.cat\/es\/debate-de-investidura-el-error-tactico-de-sanchez-facilita-a-feijoo-construir-su-imagen-de-presidenciable\/#primaryimage\"},\"image\":{\"@id\":\"https:\/\/conversesacatalunya.cat\/es\/debate-de-investidura-el-error-tactico-de-sanchez-facilita-a-feijoo-construir-su-imagen-de-presidenciable\/#primaryimage\"},\"thumbnailUrl\":\"https:\/\/conversesacatalunya.cat\/wp-content\/uploads\/2023\/09\/oscar-puente.jpg\",\"datePublished\":\"2023-09-27T09:50:56+00:00\",\"dateModified\":\"2023-09-27T12:47:53+00:00\",\"author\":{\"@id\":\"https:\/\/conversesacatalunya.cat\/#\/schema\/person\/79bd0577b2f3afc8d6519d207c6e8609\"},\"description\":\"Por la incomparecencia de S\u00e1nchez, Feij\u00f3o ha logrado consolidar su papel de alternativa en el fondo y en la forma\",\"breadcrumb\":{\"@id\":\"https:\/\/conversesacatalunya.cat\/es\/debate-de-investidura-el-error-tactico-de-sanchez-facilita-a-feijoo-construir-su-imagen-de-presidenciable\/#breadcrumb\"},\"inLanguage\":\"es\",\"potentialAction\":[{\"@type\":\"ReadAction\",\"target\":[\"https:\/\/conversesacatalunya.cat\/es\/debate-de-investidura-el-error-tactico-de-sanchez-facilita-a-feijoo-construir-su-imagen-de-presidenciable\/\"]}]},{\"@type\":\"ImageObject\",\"inLanguage\":\"es\",\"@id\":\"https:\/\/conversesacatalunya.cat\/es\/debate-de-investidura-el-error-tactico-de-sanchez-facilita-a-feijoo-construir-su-imagen-de-presidenciable\/#primaryimage\",\"url\":\"https:\/\/conversesacatalunya.cat\/wp-content\/uploads\/2023\/09\/oscar-puente.jpg\",\"contentUrl\":\"https:\/\/conversesacatalunya.cat\/wp-content\/uploads\/2023\/09\/oscar-puente.jpg\",\"width\":1200,\"height\":696,\"caption\":\"Oscar Puente\"},{\"@type\":\"BreadcrumbList\",\"@id\":\"https:\/\/conversesacatalunya.cat\/es\/debate-de-investidura-el-error-tactico-de-sanchez-facilita-a-feijoo-construir-su-imagen-de-presidenciable\/#breadcrumb\",\"itemListElement\":[{\"@type\":\"ListItem\",\"position\":1,\"name\":\"Inici\",\"item\":\"https:\/\/conversesacatalunya.cat\/es\/\"},{\"@type\":\"ListItem\",\"position\":2,\"name\":\"Debate de investidura: el error t\u00e1ctico de S\u00e1nchez facilita a Feij\u00f3o construir su imagen de presidenciable\"}]},{\"@type\":\"WebSite\",\"@id\":\"https:\/\/conversesacatalunya.cat\/#website\",\"url\":\"https:\/\/conversesacatalunya.cat\/\",\"name\":\"Converses a Catalunya\",\"description\":\"\",\"potentialAction\":[{\"@type\":\"SearchAction\",\"target\":{\"@type\":\"EntryPoint\",\"urlTemplate\":\"https:\/\/conversesacatalunya.cat\/?s={search_term_string}\"},\"query-input\":{\"@type\":\"PropertyValueSpecification\",\"valueRequired\":true,\"valueName\":\"search_term_string\"}}],\"inLanguage\":\"es\"},{\"@type\":\"Person\",\"@id\":\"https:\/\/conversesacatalunya.cat\/#\/schema\/person\/79bd0577b2f3afc8d6519d207c6e8609\",\"name\":\"Enric Casanovas\",\"image\":{\"@type\":\"ImageObject\",\"inLanguage\":\"es\",\"@id\":\"https:\/\/conversesacatalunya.cat\/#\/schema\/person\/image\/\",\"url\":\"https:\/\/conversesacatalunya.cat\/wp-content\/litespeed\/avatar\/7ae4379ad4421ec77820e92afd36dd78.jpg?ver=1777373933\",\"contentUrl\":\"https:\/\/conversesacatalunya.cat\/wp-content\/litespeed\/avatar\/7ae4379ad4421ec77820e92afd36dd78.jpg?ver=1777373933\",\"caption\":\"Enric Casanovas\"},\"url\":\"https:\/\/conversesacatalunya.cat\/es\/author\/enric-casanovas\/\"}]}<\/script>\n<!-- \/ Yoast SEO plugin. -->","yoast_head_json":{"title":"Debate de investidura: el error t\u00e1ctico de S\u00e1nchez facilita a Feij\u00f3o construir su imagen de presidenciable","description":"Por la incomparecencia de S\u00e1nchez, Feij\u00f3o ha logrado consolidar su papel de alternativa en el fondo y en la forma","robots":{"index":"index","follow":"follow","max-snippet":"max-snippet:-1","max-image-preview":"max-image-preview:large","max-video-preview":"max-video-preview:-1"},"canonical":"https:\/\/conversesacatalunya.cat\/es\/debate-de-investidura-el-error-tactico-de-sanchez-facilita-a-feijoo-construir-su-imagen-de-presidenciable\/","og_locale":"es_ES","og_type":"article","og_title":"Debate de investidura: el error t\u00e1ctico de S\u00e1nchez facilita a Feij\u00f3o construir su imagen de presidenciable","og_description":"Por la incomparecencia de S\u00e1nchez, Feij\u00f3o ha logrado consolidar su papel de alternativa en el fondo y en la forma","og_url":"https:\/\/conversesacatalunya.cat\/es\/debate-de-investidura-el-error-tactico-de-sanchez-facilita-a-feijoo-construir-su-imagen-de-presidenciable\/","og_site_name":"Converses a Catalunya","article_published_time":"2023-09-27T09:50:56+00:00","article_modified_time":"2023-09-27T12:47:53+00:00","og_image":[{"width":1200,"height":696,"url":"https:\/\/conversesacatalunya.cat\/wp-content\/uploads\/2023\/09\/oscar-puente.jpg","type":"image\/jpeg"}],"author":"Enric Casanovas","twitter_card":"summary_large_image","twitter_misc":{"Escrito por":"Enric Casanovas","Tiempo de lectura":"5 minutos"},"schema":{"@context":"https:\/\/schema.org","@graph":[{"@type":"Article","@id":"https:\/\/conversesacatalunya.cat\/es\/debate-de-investidura-el-error-tactico-de-sanchez-facilita-a-feijoo-construir-su-imagen-de-presidenciable\/#article","isPartOf":{"@id":"https:\/\/conversesacatalunya.cat\/es\/debate-de-investidura-el-error-tactico-de-sanchez-facilita-a-feijoo-construir-su-imagen-de-presidenciable\/"},"author":{"name":"Enric Casanovas","@id":"https:\/\/conversesacatalunya.cat\/#\/schema\/person\/79bd0577b2f3afc8d6519d207c6e8609"},"headline":"Debate de investidura: el error t\u00e1ctico de S\u00e1nchez facilita a Feij\u00f3o construir su imagen de presidenciable","datePublished":"2023-09-27T09:50:56+00:00","dateModified":"2023-09-27T12:47:53+00:00","mainEntityOfPage":{"@id":"https:\/\/conversesacatalunya.cat\/es\/debate-de-investidura-el-error-tactico-de-sanchez-facilita-a-feijoo-construir-su-imagen-de-presidenciable\/"},"wordCount":957,"commentCount":0,"image":{"@id":"https:\/\/conversesacatalunya.cat\/es\/debate-de-investidura-el-error-tactico-de-sanchez-facilita-a-feijoo-construir-su-imagen-de-presidenciable\/#primaryimage"},"thumbnailUrl":"https:\/\/conversesacatalunya.cat\/wp-content\/uploads\/2023\/09\/oscar-puente.jpg","keywords":["elecciones generales 2023"],"articleSection":["Punts clau del dia (ES)"],"inLanguage":"es","potentialAction":[{"@type":"CommentAction","name":"Comment","target":["https:\/\/conversesacatalunya.cat\/es\/debate-de-investidura-el-error-tactico-de-sanchez-facilita-a-feijoo-construir-su-imagen-de-presidenciable\/#respond"]}]},{"@type":"WebPage","@id":"https:\/\/conversesacatalunya.cat\/es\/debate-de-investidura-el-error-tactico-de-sanchez-facilita-a-feijoo-construir-su-imagen-de-presidenciable\/","url":"https:\/\/conversesacatalunya.cat\/es\/debate-de-investidura-el-error-tactico-de-sanchez-facilita-a-feijoo-construir-su-imagen-de-presidenciable\/","name":"Debate de investidura: el error t\u00e1ctico de S\u00e1nchez facilita a Feij\u00f3o construir su imagen de presidenciable","isPartOf":{"@id":"https:\/\/conversesacatalunya.cat\/#website"},"primaryImageOfPage":{"@id":"https:\/\/conversesacatalunya.cat\/es\/debate-de-investidura-el-error-tactico-de-sanchez-facilita-a-feijoo-construir-su-imagen-de-presidenciable\/#primaryimage"},"image":{"@id":"https:\/\/conversesacatalunya.cat\/es\/debate-de-investidura-el-error-tactico-de-sanchez-facilita-a-feijoo-construir-su-imagen-de-presidenciable\/#primaryimage"},"thumbnailUrl":"https:\/\/conversesacatalunya.cat\/wp-content\/uploads\/2023\/09\/oscar-puente.jpg","datePublished":"2023-09-27T09:50:56+00:00","dateModified":"2023-09-27T12:47:53+00:00","author":{"@id":"https:\/\/conversesacatalunya.cat\/#\/schema\/person\/79bd0577b2f3afc8d6519d207c6e8609"},"description":"Por la incomparecencia de S\u00e1nchez, Feij\u00f3o ha logrado consolidar su papel de alternativa en el fondo y en la forma","breadcrumb":{"@id":"https:\/\/conversesacatalunya.cat\/es\/debate-de-investidura-el-error-tactico-de-sanchez-facilita-a-feijoo-construir-su-imagen-de-presidenciable\/#breadcrumb"},"inLanguage":"es","potentialAction":[{"@type":"ReadAction","target":["https:\/\/conversesacatalunya.cat\/es\/debate-de-investidura-el-error-tactico-de-sanchez-facilita-a-feijoo-construir-su-imagen-de-presidenciable\/"]}]},{"@type":"ImageObject","inLanguage":"es","@id":"https:\/\/conversesacatalunya.cat\/es\/debate-de-investidura-el-error-tactico-de-sanchez-facilita-a-feijoo-construir-su-imagen-de-presidenciable\/#primaryimage","url":"https:\/\/conversesacatalunya.cat\/wp-content\/uploads\/2023\/09\/oscar-puente.jpg","contentUrl":"https:\/\/conversesacatalunya.cat\/wp-content\/uploads\/2023\/09\/oscar-puente.jpg","width":1200,"height":696,"caption":"Oscar Puente"},{"@type":"BreadcrumbList","@id":"https:\/\/conversesacatalunya.cat\/es\/debate-de-investidura-el-error-tactico-de-sanchez-facilita-a-feijoo-construir-su-imagen-de-presidenciable\/#breadcrumb","itemListElement":[{"@type":"ListItem","position":1,"name":"Inici","item":"https:\/\/conversesacatalunya.cat\/es\/"},{"@type":"ListItem","position":2,"name":"Debate de investidura: el error t\u00e1ctico de S\u00e1nchez facilita a Feij\u00f3o construir su imagen de presidenciable"}]},{"@type":"WebSite","@id":"https:\/\/conversesacatalunya.cat\/#website","url":"https:\/\/conversesacatalunya.cat\/","name":"Converses a Catalunya","description":"","potentialAction":[{"@type":"SearchAction","target":{"@type":"EntryPoint","urlTemplate":"https:\/\/conversesacatalunya.cat\/?s={search_term_string}"},"query-input":{"@type":"PropertyValueSpecification","valueRequired":true,"valueName":"search_term_string"}}],"inLanguage":"es"},{"@type":"Person","@id":"https:\/\/conversesacatalunya.cat\/#\/schema\/person\/79bd0577b2f3afc8d6519d207c6e8609","name":"Enric Casanovas","image":{"@type":"ImageObject","inLanguage":"es","@id":"https:\/\/conversesacatalunya.cat\/#\/schema\/person\/image\/","url":"https:\/\/conversesacatalunya.cat\/wp-content\/litespeed\/avatar\/7ae4379ad4421ec77820e92afd36dd78.jpg?ver=1777373933","contentUrl":"https:\/\/conversesacatalunya.cat\/wp-content\/litespeed\/avatar\/7ae4379ad4421ec77820e92afd36dd78.jpg?ver=1777373933","caption":"Enric Casanovas"},"url":"https:\/\/conversesacatalunya.cat\/es\/author\/enric-casanovas\/"}]}},"wps_subtitle":"Por la incomparecencia de S\u00e1nchez, Feij\u00f3o ha logrado consolidar su papel de alternativa en el fondo y en la forma","_links":{"self":[{"href":"https:\/\/conversesacatalunya.cat\/es\/wp-json\/wp\/v2\/posts\/71060","targetHints":{"allow":["GET"]}}],"collection":[{"href":"https:\/\/conversesacatalunya.cat\/es\/wp-json\/wp\/v2\/posts"}],"about":[{"href":"https:\/\/conversesacatalunya.cat\/es\/wp-json\/wp\/v2\/types\/post"}],"author":[{"embeddable":true,"href":"https:\/\/conversesacatalunya.cat\/es\/wp-json\/wp\/v2\/users\/77"}],"replies":[{"embeddable":true,"href":"https:\/\/conversesacatalunya.cat\/es\/wp-json\/wp\/v2\/comments?post=71060"}],"version-history":[{"count":2,"href":"https:\/\/conversesacatalunya.cat\/es\/wp-json\/wp\/v2\/posts\/71060\/revisions"}],"predecessor-version":[{"id":71062,"href":"https:\/\/conversesacatalunya.cat\/es\/wp-json\/wp\/v2\/posts\/71060\/revisions\/71062"}],"wp:featuredmedia":[{"embeddable":true,"href":"https:\/\/conversesacatalunya.cat\/es\/wp-json\/wp\/v2\/media\/71052"}],"wp:attachment":[{"href":"https:\/\/conversesacatalunya.cat\/es\/wp-json\/wp\/v2\/media?parent=71060"}],"wp:term":[{"taxonomy":"category","embeddable":true,"href":"https:\/\/conversesacatalunya.cat\/es\/wp-json\/wp\/v2\/categories?post=71060"},{"taxonomy":"post_tag","embeddable":true,"href":"https:\/\/conversesacatalunya.cat\/es\/wp-json\/wp\/v2\/tags?post=71060"}],"curies":[{"name":"wp","href":"https:\/\/api.w.org\/{rel}","templated":true}]}}