{"id":70938,"date":"2023-09-22T12:26:26","date_gmt":"2023-09-22T10:26:26","guid":{"rendered":"https:\/\/conversesacatalunya.cat\/el-cis-torna-a-la-guerra-denquestes\/"},"modified":"2023-09-22T17:44:36","modified_gmt":"2023-09-22T15:44:36","slug":"el-cis-vuelve-a-la-guerra-de-encuestas","status":"publish","type":"post","link":"https:\/\/conversesacatalunya.cat\/es\/el-cis-vuelve-a-la-guerra-de-encuestas\/","title":{"rendered":"El CIS vuelve a la guerra de encuestas"},"content":{"rendered":"<p><span>El diario Ara es el \u00fanico de toda Espa\u00f1a que da los datos en portada.\u00a0Desgraciadamente, el prestigio del CIS, tras los continuados y escandalosos\u00a0<\/span><strong><a href=\"https:\/\/conversesacatalunya.cat\/es\/tezanos-y-el-cis-un-caso-de-juzgado-de-guardia\/\" target=\"_blank\" rel=\"noopener\"><span>errores de Tezanos<\/span><\/a><\/strong><span>, est\u00e1 por el suelo y sus encuestas, excepto cuando aborda temas importantes como si preferimos la tortilla de patatas con o sin cebolla, ocupan espacios marginales en todos los medios de comunicaci\u00f3n, incluso los favorables al gobierno.\u00a0Pero el diario Ara debe considerar que es una fuente de referencia fundamental, porque si no, no se explica que haga noticia de portada para sus lectores.<\/span><\/p>\n<p><span>Casi en paralelo a la encuesta del CIS ha salido publicada otra de DYM que confirma la disparidad habitual entre el instituto de Tezanos y el resto de empresas de encuestas sobre la valoraci\u00f3n de los resultados del PSOE y de Sumar y la infravaloraci\u00f3n del PP y Vox.<\/span><\/p>\n<p><span>Concretamente, comparando el \u00faltimo CIS con la encuesta de DYM publicada en 20 Minutos, la primera otorga una prima de 1,2 puntos al resultado del PSOE, le detrae 2,4 puntos a los logrados por el PP que hace que la distancia entre ambos crezca en favor de S\u00e1nchez 3,6 puntos porcentuales (pp), rebaja a Vox a 1 punto que es lo mismo que le aumenta a Sumar, convirti\u00e9ndolo as\u00ed en la tercera fuerza pol\u00edtica.<\/span><\/p>\n<p><em><span>Grosso modo<\/span><\/em><span>\u00a0es lo mismo que ocurri\u00f3 entre la \u00faltima encuesta del CIS en el mes de julio y los\u00a0<\/span><strong><span>resultados de las elecciones generales<\/span><\/strong><span>.\u00a0El resultado para los socialistas pr\u00e1cticamente lo cuadr\u00f3, pero a partir de ah\u00ed comienza el aquelarre.\u00a0Al PP lo infravalor\u00f3 en 3,5 pp, que es mucho. Y a Sumar le sobrevalor\u00f3 en 3,2, que en t\u00e9rminos relativos y en base a voto de esta organizaci\u00f3n significaba mejorarle en la encuesta el resultado que finalmente obtuvo en un 25%. La minoraci\u00f3n en Vox no ten\u00eda significaci\u00f3n porque s\u00f3lo le restaba 0,7 d\u00e9cimas de lo que hizo, que es una cifra de desviaci\u00f3n absolutamente normal en una encuesta.<\/span><\/p>\n<p><span>Los resultados del \u00e9xito socialista en la encuesta del CIS son a\u00fan m\u00e1s sorprendentes si se considera que seg\u00fan la encuesta de DYM la mayor parte de la poblaci\u00f3n, incluidos los votantes socialistas, son contrarios a la amnist\u00eda<\/span><strong><span>.\u00a0<\/span><\/strong><span>Pero la tesis Tezanos es que esto no le da factura electoral, hip\u00f3tesis que no deja de ser sorprendente.<\/span><\/p>\n<p><span>Adem\u00e1s, la\u00a0<\/span><strong><span>valoraci\u00f3n del gobierno<\/span><\/strong><span>\u00a0es, y seguimos con la encuesta de DYM, extraordinariamente baja, una de las peores logradas, con una puntuaci\u00f3n de 3,9 sobre 10. Hay que decir que hace mucho tiempo que el gobierno S\u00e1nchez no alcanza un aprobado.\u00a0Pero llegar a ese nivel tan bajo se ha producido en escasas ocasiones y sin embargo resulta que su tendencia electoral est\u00e1 al alza y se convierte en la primera fuerza.\u00a0<span class=\"VIpgJd-yAWNEb-VIpgJd-fmcmS-sn54Q\">Y eso pese a que tambi\u00e9n la fidelizaci\u00f3n de voto del PP, del 93,1%, es mayor que la socialista y, por tanto, mantiene pr\u00e1cticamente intocada la base electoral que le apoy\u00f3 en su victoria el pasado julio.<\/span><\/span><\/p>\n<p><span>Todo ello y\u00a0<\/span><strong><span>una vez m\u00e1s no estamos ante una encuesta del CIS, sino un relato pol\u00edtico de Tezanos, hecho que no es ninguna noticia<\/span><\/strong><span>.\u00a0Lo que s\u00ed lo es, es que un diario catal\u00e1n lo compre y contribuya as\u00ed a las <\/span><em><span>fake news<\/span><\/em><span>\u00a0.<\/span><\/p>\n<div id=\"polls-210\" class=\"wp-polls\">\n\t<form id=\"polls_form_210\" class=\"wp-polls-form\" action=\"\/index.php\" method=\"post\">\n\t\t<p style=\"display: none;\"><input type=\"hidden\" id=\"poll_210_nonce\" name=\"wp-polls-nonce\" value=\"9e417078f8\" \/><\/p>\n\t\t<p style=\"display: none;\"><input type=\"hidden\" name=\"poll_id\" value=\"210\" \/><\/p>\n\t\t<p style=\"text-align: center\"><strong>Creus que es podr\u00e0 investir S\u00e1nchez com a president del govern o s'hauran de convocar noves eleccions?<\/strong><\/p><div id=\"polls-210-ans\" class=\"wp-polls-ans\"><ul class=\"wp-polls-ul\">\n\t\t<li><input type=\"radio\" id=\"poll-answer-583\" name=\"poll_210\" value=\"583\" \/> <label for=\"poll-answer-583\">Es podr\u00e0 investir S\u00e1nchez<\/label><\/li>\n\t\t<li><input type=\"radio\" id=\"poll-answer-584\" name=\"poll_210\" value=\"584\" \/> <label for=\"poll-answer-584\">S'hauran de convocar noves eleccions<\/label><\/li>\n\t\t<li><input type=\"radio\" id=\"poll-answer-585\" name=\"poll_210\" value=\"585\" \/> <label for=\"poll-answer-585\">No ho s\u00e9<\/label><\/li>\n\t\t<\/ul><p style=\"text-align: center\"><input type=\"button\" name=\"vote\" value=\"   Vota   \" class=\"Buttons\" onclick=\"poll_vote(210);\" \/><\/p><p style=\"text-align: center\"><a href=\"#ViewPollResults\" onclick=\"poll_result(210); return false;\" title=\"View Results Of This Poll\">Mira els resultats<\/a><\/p><\/div>\n\t<\/form>\n<\/div>\n<div id=\"polls-210-loading\" class=\"wp-polls-loading\"><img decoding=\"async\" data-src=\"https:\/\/conversesacatalunya.cat\/wp-content\/plugins\/wp-polls\/images\/loading.gif\" width=\"16\" height=\"16\" alt=\"Cargando ...\" title=\"Cargando ...\" class=\"wp-polls-image lazyload\" src=\"data:image\/svg+xml;base64,PHN2ZyB3aWR0aD0iMSIgaGVpZ2h0PSIxIiB4bWxucz0iaHR0cDovL3d3dy53My5vcmcvMjAwMC9zdmciPjwvc3ZnPg==\" style=\"--smush-placeholder-width: 16px; --smush-placeholder-aspect-ratio: 16\/16;\" \/>&nbsp;Cargando ...<\/div>\n\n","protected":false},"excerpt":{"rendered":"<p>El diario Ara es el \u00fanico de toda Espa\u00f1a que da los datos en portada.\u00a0Desgraciadamente, el prestigio del CIS, tras los continuados y escandalosos\u00a0errores de Tezanos, est\u00e1 por el suelo y sus encuestas, excepto cuando aborda temas importantes como si preferimos la tortilla de patatas con o sin cebolla, ocupan espacios marginales en todos los medios de comunicaci\u00f3n, incluso los favorables al gobierno.\u00a0Pero el diario Ara debe considerar que es una fuente de referencia fundamental, porque si no, no se explica que haga noticia de portada para sus lectores. Casi en paralelo a la encuesta del CIS ha salido publicada otra de DYM que confirma la disparidad habitual entre el instituto de Tezanos y el resto de empresas de encuestas sobre la valoraci\u00f3n de los resultados del PSOE y de Sumar y la infravaloraci\u00f3n del PP y Vox. Concretamente, comparando el \u00faltimo CIS con la encuesta de DYM publicada en 20 Minutos, la primera otorga una prima de 1,2 puntos al resultado del PSOE, le detrae 2,4 puntos a los logrados por el PP que hace que la distancia entre ambos crezca en favor de S\u00e1nchez 3,6 puntos porcentuales (pp), rebaja a Vox a 1 punto que es lo mismo que le aumenta a Sumar, convirti\u00e9ndolo as\u00ed en la tercera fuerza pol\u00edtica. Grosso modo\u00a0es lo mismo que ocurri\u00f3 entre la \u00faltima encuesta del CIS en el mes de julio y los\u00a0resultados de las elecciones generales.\u00a0El resultado para los socialistas pr\u00e1cticamente lo cuadr\u00f3, pero a partir de ah\u00ed comienza el aquelarre.\u00a0Al PP lo infravalor\u00f3 en 3,5 pp, que es mucho. Y a Sumar le sobrevalor\u00f3 en 3,2, que en t\u00e9rminos relativos y en base a voto de esta organizaci\u00f3n significaba mejorarle en la encuesta el resultado que finalmente obtuvo en un 25%. La minoraci\u00f3n en Vox no ten\u00eda significaci\u00f3n porque s\u00f3lo le restaba 0,7 d\u00e9cimas de lo que hizo, que es una cifra de desviaci\u00f3n absolutamente normal en una encuesta. Los resultados del \u00e9xito socialista en la encuesta del CIS son a\u00fan m\u00e1s sorprendentes si se considera que seg\u00fan la encuesta de DYM la mayor parte de la poblaci\u00f3n, incluidos los votantes socialistas, son contrarios a la amnist\u00eda.\u00a0Pero la tesis Tezanos es que esto no le da factura electoral, hip\u00f3tesis que no deja de ser sorprendente. Adem\u00e1s, la\u00a0valoraci\u00f3n del gobierno\u00a0es, y seguimos con la encuesta de DYM, extraordinariamente baja, una de las peores logradas, con una puntuaci\u00f3n de 3,9 sobre 10. Hay que decir que hace mucho tiempo que el gobierno S\u00e1nchez no alcanza un aprobado.\u00a0Pero llegar a ese nivel tan bajo se ha producido en escasas ocasiones y sin embargo resulta que su tendencia electoral est\u00e1 al alza y se convierte en la primera fuerza.\u00a0Y eso pese a que tambi\u00e9n la fidelizaci\u00f3n de voto del PP, del 93,1%, es mayor que la socialista y, por tanto, mantiene pr\u00e1cticamente intocada la base electoral que le apoy\u00f3 en su victoria el pasado julio. Todo ello y\u00a0una vez m\u00e1s no estamos ante una encuesta del CIS, sino un relato pol\u00edtico de Tezanos, hecho que no es ninguna noticia.\u00a0Lo que s\u00ed lo es, es que un diario catal\u00e1n lo compre y contribuya as\u00ed a las fake news\u00a0.<\/p>\n","protected":false},"author":77,"featured_media":70935,"comment_status":"open","ping_status":"open","sticky":false,"template":"","format":"standard","meta":{"_FSMCFIC_featured_image_caption":"","_FSMCFIC_featured_image_nocaption":"","_FSMCFIC_featured_image_hide":"","footnotes":""},"categories":[806],"tags":[1588],"class_list":["post-70938","post","type-post","status-publish","format-standard","has-post-thumbnail","hentry","category-punts-claus-del-dia-es","tag-tezanos-es"],"yoast_head":"<!-- This site is optimized with the Yoast SEO plugin v26.8 - https:\/\/yoast.com\/product\/yoast-seo-wordpress\/ -->\n<title>El CIS vuelve a la guerra de encuestas - Converses a Catalunya<\/title>\n<meta name=\"description\" content=\"Una vez m\u00e1s no estamos ante una encuesta del CIS, sino un relato pol\u00edtico de Tezanos, hecho que no es ninguna noticia\" \/>\n<meta name=\"robots\" content=\"index, follow, max-snippet:-1, max-image-preview:large, max-video-preview:-1\" \/>\n<link rel=\"canonical\" href=\"https:\/\/conversesacatalunya.cat\/es\/el-cis-vuelve-a-la-guerra-de-encuestas\/\" \/>\n<meta property=\"og:locale\" content=\"es_ES\" \/>\n<meta property=\"og:type\" content=\"article\" \/>\n<meta property=\"og:title\" content=\"El CIS vuelve a la guerra de encuestas - Converses a Catalunya\" \/>\n<meta property=\"og:description\" content=\"Una vez m\u00e1s no estamos ante una encuesta del CIS, sino un relato pol\u00edtico de Tezanos, hecho que no es ninguna noticia\" \/>\n<meta property=\"og:url\" content=\"https:\/\/conversesacatalunya.cat\/es\/el-cis-vuelve-a-la-guerra-de-encuestas\/\" \/>\n<meta property=\"og:site_name\" content=\"Converses a Catalunya\" \/>\n<meta property=\"article:published_time\" content=\"2023-09-22T10:26:26+00:00\" \/>\n<meta property=\"article:modified_time\" content=\"2023-09-22T15:44:36+00:00\" \/>\n<meta property=\"og:image\" content=\"https:\/\/conversesacatalunya.cat\/wp-content\/uploads\/2023\/09\/cis-5.jpg\" \/>\n\t<meta property=\"og:image:width\" content=\"664\" \/>\n\t<meta property=\"og:image:height\" content=\"378\" \/>\n\t<meta property=\"og:image:type\" content=\"image\/jpeg\" \/>\n<meta name=\"author\" content=\"Enric Casanovas\" \/>\n<meta name=\"twitter:card\" content=\"summary_large_image\" \/>\n<meta name=\"twitter:label1\" content=\"Escrito por\" \/>\n\t<meta name=\"twitter:data1\" content=\"Enric Casanovas\" \/>\n\t<meta name=\"twitter:label2\" content=\"Tiempo de lectura\" \/>\n\t<meta name=\"twitter:data2\" content=\"3 minutos\" \/>\n<script type=\"application\/ld+json\" class=\"yoast-schema-graph\">{\"@context\":\"https:\/\/schema.org\",\"@graph\":[{\"@type\":\"Article\",\"@id\":\"https:\/\/conversesacatalunya.cat\/es\/el-cis-vuelve-a-la-guerra-de-encuestas\/#article\",\"isPartOf\":{\"@id\":\"https:\/\/conversesacatalunya.cat\/es\/el-cis-vuelve-a-la-guerra-de-encuestas\/\"},\"author\":{\"name\":\"Enric Casanovas\",\"@id\":\"https:\/\/conversesacatalunya.cat\/#\/schema\/person\/79bd0577b2f3afc8d6519d207c6e8609\"},\"headline\":\"El CIS vuelve a la guerra de encuestas\",\"datePublished\":\"2023-09-22T10:26:26+00:00\",\"dateModified\":\"2023-09-22T15:44:36+00:00\",\"mainEntityOfPage\":{\"@id\":\"https:\/\/conversesacatalunya.cat\/es\/el-cis-vuelve-a-la-guerra-de-encuestas\/\"},\"wordCount\":567,\"commentCount\":0,\"image\":{\"@id\":\"https:\/\/conversesacatalunya.cat\/es\/el-cis-vuelve-a-la-guerra-de-encuestas\/#primaryimage\"},\"thumbnailUrl\":\"https:\/\/conversesacatalunya.cat\/wp-content\/uploads\/2023\/09\/cis-5.jpg\",\"keywords\":[\"tezanos\"],\"articleSection\":[\"Punts clau del dia (ES)\"],\"inLanguage\":\"es\",\"potentialAction\":[{\"@type\":\"CommentAction\",\"name\":\"Comment\",\"target\":[\"https:\/\/conversesacatalunya.cat\/es\/el-cis-vuelve-a-la-guerra-de-encuestas\/#respond\"]}]},{\"@type\":\"WebPage\",\"@id\":\"https:\/\/conversesacatalunya.cat\/es\/el-cis-vuelve-a-la-guerra-de-encuestas\/\",\"url\":\"https:\/\/conversesacatalunya.cat\/es\/el-cis-vuelve-a-la-guerra-de-encuestas\/\",\"name\":\"El CIS vuelve a la guerra de encuestas - Converses a Catalunya\",\"isPartOf\":{\"@id\":\"https:\/\/conversesacatalunya.cat\/#website\"},\"primaryImageOfPage\":{\"@id\":\"https:\/\/conversesacatalunya.cat\/es\/el-cis-vuelve-a-la-guerra-de-encuestas\/#primaryimage\"},\"image\":{\"@id\":\"https:\/\/conversesacatalunya.cat\/es\/el-cis-vuelve-a-la-guerra-de-encuestas\/#primaryimage\"},\"thumbnailUrl\":\"https:\/\/conversesacatalunya.cat\/wp-content\/uploads\/2023\/09\/cis-5.jpg\",\"datePublished\":\"2023-09-22T10:26:26+00:00\",\"dateModified\":\"2023-09-22T15:44:36+00:00\",\"author\":{\"@id\":\"https:\/\/conversesacatalunya.cat\/#\/schema\/person\/79bd0577b2f3afc8d6519d207c6e8609\"},\"description\":\"Una vez m\u00e1s no estamos ante una encuesta del CIS, sino un relato pol\u00edtico de Tezanos, hecho que no es ninguna noticia\",\"breadcrumb\":{\"@id\":\"https:\/\/conversesacatalunya.cat\/es\/el-cis-vuelve-a-la-guerra-de-encuestas\/#breadcrumb\"},\"inLanguage\":\"es\",\"potentialAction\":[{\"@type\":\"ReadAction\",\"target\":[\"https:\/\/conversesacatalunya.cat\/es\/el-cis-vuelve-a-la-guerra-de-encuestas\/\"]}]},{\"@type\":\"ImageObject\",\"inLanguage\":\"es\",\"@id\":\"https:\/\/conversesacatalunya.cat\/es\/el-cis-vuelve-a-la-guerra-de-encuestas\/#primaryimage\",\"url\":\"https:\/\/conversesacatalunya.cat\/wp-content\/uploads\/2023\/09\/cis-5.jpg\",\"contentUrl\":\"https:\/\/conversesacatalunya.cat\/wp-content\/uploads\/2023\/09\/cis-5.jpg\",\"width\":664,\"height\":378},{\"@type\":\"BreadcrumbList\",\"@id\":\"https:\/\/conversesacatalunya.cat\/es\/el-cis-vuelve-a-la-guerra-de-encuestas\/#breadcrumb\",\"itemListElement\":[{\"@type\":\"ListItem\",\"position\":1,\"name\":\"Inici\",\"item\":\"https:\/\/conversesacatalunya.cat\/es\/\"},{\"@type\":\"ListItem\",\"position\":2,\"name\":\"El CIS vuelve a la guerra de encuestas\"}]},{\"@type\":\"WebSite\",\"@id\":\"https:\/\/conversesacatalunya.cat\/#website\",\"url\":\"https:\/\/conversesacatalunya.cat\/\",\"name\":\"Converses a Catalunya\",\"description\":\"\",\"potentialAction\":[{\"@type\":\"SearchAction\",\"target\":{\"@type\":\"EntryPoint\",\"urlTemplate\":\"https:\/\/conversesacatalunya.cat\/?s={search_term_string}\"},\"query-input\":{\"@type\":\"PropertyValueSpecification\",\"valueRequired\":true,\"valueName\":\"search_term_string\"}}],\"inLanguage\":\"es\"},{\"@type\":\"Person\",\"@id\":\"https:\/\/conversesacatalunya.cat\/#\/schema\/person\/79bd0577b2f3afc8d6519d207c6e8609\",\"name\":\"Enric Casanovas\",\"image\":{\"@type\":\"ImageObject\",\"inLanguage\":\"es\",\"@id\":\"https:\/\/conversesacatalunya.cat\/#\/schema\/person\/image\/\",\"url\":\"https:\/\/conversesacatalunya.cat\/wp-content\/litespeed\/avatar\/7ae4379ad4421ec77820e92afd36dd78.jpg?ver=1777373933\",\"contentUrl\":\"https:\/\/conversesacatalunya.cat\/wp-content\/litespeed\/avatar\/7ae4379ad4421ec77820e92afd36dd78.jpg?ver=1777373933\",\"caption\":\"Enric Casanovas\"},\"url\":\"https:\/\/conversesacatalunya.cat\/es\/author\/enric-casanovas\/\"}]}<\/script>\n<!-- \/ Yoast SEO plugin. -->","yoast_head_json":{"title":"El CIS vuelve a la guerra de encuestas - Converses a Catalunya","description":"Una vez m\u00e1s no estamos ante una encuesta del CIS, sino un relato pol\u00edtico de Tezanos, hecho que no es ninguna noticia","robots":{"index":"index","follow":"follow","max-snippet":"max-snippet:-1","max-image-preview":"max-image-preview:large","max-video-preview":"max-video-preview:-1"},"canonical":"https:\/\/conversesacatalunya.cat\/es\/el-cis-vuelve-a-la-guerra-de-encuestas\/","og_locale":"es_ES","og_type":"article","og_title":"El CIS vuelve a la guerra de encuestas - Converses a Catalunya","og_description":"Una vez m\u00e1s no estamos ante una encuesta del CIS, sino un relato pol\u00edtico de Tezanos, hecho que no es ninguna noticia","og_url":"https:\/\/conversesacatalunya.cat\/es\/el-cis-vuelve-a-la-guerra-de-encuestas\/","og_site_name":"Converses a Catalunya","article_published_time":"2023-09-22T10:26:26+00:00","article_modified_time":"2023-09-22T15:44:36+00:00","og_image":[{"width":664,"height":378,"url":"https:\/\/conversesacatalunya.cat\/wp-content\/uploads\/2023\/09\/cis-5.jpg","type":"image\/jpeg"}],"author":"Enric Casanovas","twitter_card":"summary_large_image","twitter_misc":{"Escrito por":"Enric Casanovas","Tiempo de lectura":"3 minutos"},"schema":{"@context":"https:\/\/schema.org","@graph":[{"@type":"Article","@id":"https:\/\/conversesacatalunya.cat\/es\/el-cis-vuelve-a-la-guerra-de-encuestas\/#article","isPartOf":{"@id":"https:\/\/conversesacatalunya.cat\/es\/el-cis-vuelve-a-la-guerra-de-encuestas\/"},"author":{"name":"Enric Casanovas","@id":"https:\/\/conversesacatalunya.cat\/#\/schema\/person\/79bd0577b2f3afc8d6519d207c6e8609"},"headline":"El CIS vuelve a la guerra de encuestas","datePublished":"2023-09-22T10:26:26+00:00","dateModified":"2023-09-22T15:44:36+00:00","mainEntityOfPage":{"@id":"https:\/\/conversesacatalunya.cat\/es\/el-cis-vuelve-a-la-guerra-de-encuestas\/"},"wordCount":567,"commentCount":0,"image":{"@id":"https:\/\/conversesacatalunya.cat\/es\/el-cis-vuelve-a-la-guerra-de-encuestas\/#primaryimage"},"thumbnailUrl":"https:\/\/conversesacatalunya.cat\/wp-content\/uploads\/2023\/09\/cis-5.jpg","keywords":["tezanos"],"articleSection":["Punts clau del dia (ES)"],"inLanguage":"es","potentialAction":[{"@type":"CommentAction","name":"Comment","target":["https:\/\/conversesacatalunya.cat\/es\/el-cis-vuelve-a-la-guerra-de-encuestas\/#respond"]}]},{"@type":"WebPage","@id":"https:\/\/conversesacatalunya.cat\/es\/el-cis-vuelve-a-la-guerra-de-encuestas\/","url":"https:\/\/conversesacatalunya.cat\/es\/el-cis-vuelve-a-la-guerra-de-encuestas\/","name":"El CIS vuelve a la guerra de encuestas - Converses a Catalunya","isPartOf":{"@id":"https:\/\/conversesacatalunya.cat\/#website"},"primaryImageOfPage":{"@id":"https:\/\/conversesacatalunya.cat\/es\/el-cis-vuelve-a-la-guerra-de-encuestas\/#primaryimage"},"image":{"@id":"https:\/\/conversesacatalunya.cat\/es\/el-cis-vuelve-a-la-guerra-de-encuestas\/#primaryimage"},"thumbnailUrl":"https:\/\/conversesacatalunya.cat\/wp-content\/uploads\/2023\/09\/cis-5.jpg","datePublished":"2023-09-22T10:26:26+00:00","dateModified":"2023-09-22T15:44:36+00:00","author":{"@id":"https:\/\/conversesacatalunya.cat\/#\/schema\/person\/79bd0577b2f3afc8d6519d207c6e8609"},"description":"Una vez m\u00e1s no estamos ante una encuesta del CIS, sino un relato pol\u00edtico de Tezanos, hecho que no es ninguna noticia","breadcrumb":{"@id":"https:\/\/conversesacatalunya.cat\/es\/el-cis-vuelve-a-la-guerra-de-encuestas\/#breadcrumb"},"inLanguage":"es","potentialAction":[{"@type":"ReadAction","target":["https:\/\/conversesacatalunya.cat\/es\/el-cis-vuelve-a-la-guerra-de-encuestas\/"]}]},{"@type":"ImageObject","inLanguage":"es","@id":"https:\/\/conversesacatalunya.cat\/es\/el-cis-vuelve-a-la-guerra-de-encuestas\/#primaryimage","url":"https:\/\/conversesacatalunya.cat\/wp-content\/uploads\/2023\/09\/cis-5.jpg","contentUrl":"https:\/\/conversesacatalunya.cat\/wp-content\/uploads\/2023\/09\/cis-5.jpg","width":664,"height":378},{"@type":"BreadcrumbList","@id":"https:\/\/conversesacatalunya.cat\/es\/el-cis-vuelve-a-la-guerra-de-encuestas\/#breadcrumb","itemListElement":[{"@type":"ListItem","position":1,"name":"Inici","item":"https:\/\/conversesacatalunya.cat\/es\/"},{"@type":"ListItem","position":2,"name":"El CIS vuelve a la guerra de encuestas"}]},{"@type":"WebSite","@id":"https:\/\/conversesacatalunya.cat\/#website","url":"https:\/\/conversesacatalunya.cat\/","name":"Converses a Catalunya","description":"","potentialAction":[{"@type":"SearchAction","target":{"@type":"EntryPoint","urlTemplate":"https:\/\/conversesacatalunya.cat\/?s={search_term_string}"},"query-input":{"@type":"PropertyValueSpecification","valueRequired":true,"valueName":"search_term_string"}}],"inLanguage":"es"},{"@type":"Person","@id":"https:\/\/conversesacatalunya.cat\/#\/schema\/person\/79bd0577b2f3afc8d6519d207c6e8609","name":"Enric Casanovas","image":{"@type":"ImageObject","inLanguage":"es","@id":"https:\/\/conversesacatalunya.cat\/#\/schema\/person\/image\/","url":"https:\/\/conversesacatalunya.cat\/wp-content\/litespeed\/avatar\/7ae4379ad4421ec77820e92afd36dd78.jpg?ver=1777373933","contentUrl":"https:\/\/conversesacatalunya.cat\/wp-content\/litespeed\/avatar\/7ae4379ad4421ec77820e92afd36dd78.jpg?ver=1777373933","caption":"Enric Casanovas"},"url":"https:\/\/conversesacatalunya.cat\/es\/author\/enric-casanovas\/"}]}},"wps_subtitle":"Una vez m\u00e1s no estamos ante una encuesta del CIS, sino un relato pol\u00edtico de Tezanos, hecho que no es ninguna noticia","_links":{"self":[{"href":"https:\/\/conversesacatalunya.cat\/es\/wp-json\/wp\/v2\/posts\/70938","targetHints":{"allow":["GET"]}}],"collection":[{"href":"https:\/\/conversesacatalunya.cat\/es\/wp-json\/wp\/v2\/posts"}],"about":[{"href":"https:\/\/conversesacatalunya.cat\/es\/wp-json\/wp\/v2\/types\/post"}],"author":[{"embeddable":true,"href":"https:\/\/conversesacatalunya.cat\/es\/wp-json\/wp\/v2\/users\/77"}],"replies":[{"embeddable":true,"href":"https:\/\/conversesacatalunya.cat\/es\/wp-json\/wp\/v2\/comments?post=70938"}],"version-history":[{"count":2,"href":"https:\/\/conversesacatalunya.cat\/es\/wp-json\/wp\/v2\/posts\/70938\/revisions"}],"predecessor-version":[{"id":70940,"href":"https:\/\/conversesacatalunya.cat\/es\/wp-json\/wp\/v2\/posts\/70938\/revisions\/70940"}],"wp:featuredmedia":[{"embeddable":true,"href":"https:\/\/conversesacatalunya.cat\/es\/wp-json\/wp\/v2\/media\/70935"}],"wp:attachment":[{"href":"https:\/\/conversesacatalunya.cat\/es\/wp-json\/wp\/v2\/media?parent=70938"}],"wp:term":[{"taxonomy":"category","embeddable":true,"href":"https:\/\/conversesacatalunya.cat\/es\/wp-json\/wp\/v2\/categories?post=70938"},{"taxonomy":"post_tag","embeddable":true,"href":"https:\/\/conversesacatalunya.cat\/es\/wp-json\/wp\/v2\/tags?post=70938"}],"curies":[{"name":"wp","href":"https:\/\/api.w.org\/{rel}","templated":true}]}}