{"id":70803,"date":"2023-09-20T09:00:58","date_gmt":"2023-09-20T07:00:58","guid":{"rendered":"https:\/\/conversesacatalunya.cat\/?p=70803"},"modified":"2023-09-20T05:59:36","modified_gmt":"2023-09-20T03:59:36","slug":"g20-alas-india-no-alineada","status":"publish","type":"post","link":"https:\/\/conversesacatalunya.cat\/es\/g20-alas-india-no-alineada\/","title":{"rendered":"El G-20 da alas a la India no-alineada"},"content":{"rendered":"<p>La cumbre del G-20 que se celebr\u00f3 en la India el 9 y 10 de septiembre, ha sido <strong>un gran \u00e9xito para la pol\u00edtica de equilibrios<\/strong> que este pa\u00eds y su primer ministro Modi mantiene entre el bloque occidental y el que se va formando en torno a China y Rusia.<\/p>\n<p>Sorprendentemente, la estrategia del gigante del sur asi\u00e1tico para el siglo XXI no parece demasiado diferente a la que ya aplic\u00f3 durante la Guerra Fr\u00eda, y que consist\u00eda en adoptar una <strong>posici\u00f3n oficialmente \u00abno-alineada\u00bb<\/strong> entre los dos bloques enfrentados (en realidad estando m\u00e1s cerca de Mosc\u00fa que de Washington).<\/p>\n<p>La clave de la \u00abno alineaci\u00f3n\u00bb era que<strong> la equidistancia formal<\/strong> dejaba amplio margen de maniobras al gobierno de Nueva Delhi para acercarse a Occidente o a la Uni\u00f3n Sovi\u00e9tica en funci\u00f3n de las circunstancias, y siempre seg\u00fan lo que la India consideraba ser su inter\u00e9s nacional.<\/p>\n<p>A su vez, tanto Washington como Mosc\u00fa se deleaban por ganarse la simpat\u00eda de un gigante demogr\u00e1fico y una posible futura <a href=\"https:\/\/conversesacatalunya.cat\/es\/75-anos-independencia-india\/\" target=\"_blank\" rel=\"noopener\"><strong>potencia econ\u00f3mica<\/strong><\/a>.<\/p>\n<p>Esta estrategia, adoptada tambi\u00e9n por numerosos otros pa\u00edses inscritos en lo que entonces se llam\u00f3 <strong>\u00abTercer Mundo\u00bb,<\/strong> dio sus frutos a pesar de la frecuente ineficacia de los aparatos estatales de muchos de sus gobiernos, generalmente reci\u00e9n salidos de la descolonizaci\u00f3n.<\/p>\n<p>En pleno siglo XXI, la estrategia de la no alineaci\u00f3n ha evolucionado para adaptarse a una realidad actual m\u00e1s \u00abl\u00edquida\u00bb (como dir\u00eda Zygmunt Bauman), cambiante e inestable.<\/p>\n<h4><strong>India es el pa\u00eds emergente que mejor ha aprovechado su rivalidad entre las dos superpotencias mundiales para favorecer sus propios intereses.<\/strong><\/h4>\n<p>Los ejemplos recientes son numerosos: por un lado, Nueva Delhi compra y refina de petr\u00f3leo ruso bajo embargo occidental para revenderlo en Europa a precios mucho m\u00e1s elevados, y participa activamente en el grupo de los <a href=\"https:\/\/conversesacatalunya.cat\/es\/grupo-brics-alternativa-occidente\/\" target=\"_blank\" rel=\"noopener\"><strong>BRICS,<\/strong> <\/a>junto con Rusia y China.<\/p>\n<p>Pero por otra parte, India compra aviones de combate franceses y recibe con los brazos abiertos tanto al presidente estadounidense Joe Biden como a las f\u00e1bricas de grandes empresas estadounidenses que salen de China.<\/p>\n<p>Esta actitud, que algunos podr\u00edan tachar de oportunista, ha demostrado toda su eficacia en la cumbre del G-20: el primer ministro Narenda Modi ha logrado el hito de <strong>una declaraci\u00f3n conjunta<\/strong> de todos los pa\u00edses participantes, incluyendo Rusia, China y los occidentales.<\/p>\n<p>Consciente de su \u00e9xito en el escenario internacional, <strong>Modi afronta con relativa confianza las elecciones previstas a principios del pr\u00f3ximo a\u00f1o<\/strong> ante una oposici\u00f3n que le ataca por el flanco de las carencias econ\u00f3micas, y tambi\u00e9n por su nacionalismo marcadamente hind\u00fa en detrimento de las otras culturas presentes en el pa\u00eds.<\/p>\n<blockquote><p><strong>En pleno siglo XXI la India est\u00e1 infinitamente mejor posicionada para exprimir al m\u00e1ximo su potencial<\/strong><\/p><\/blockquote>\n<p>A diferencia de las carencias t\u00e9cnicas que el pa\u00eds sufr\u00eda durante la Guerra Fr\u00eda, en pleno siglo XXI la India est\u00e1 infinitamente mejor posicionada para exprimir al m\u00e1ximo su potencial y convertirse,<a href=\"https:\/\/conversesacatalunya.cat\/es\/papel-de-la-india-como-poder-equilibrador\/\" target=\"_blank\" rel=\"noopener\"><strong> en palabras<\/strong> <\/a>de V\u00edctor Pou, en una \u00abpotencia equilibradora\u00bb entre los Estados Unidos y China.<\/p>\n<p>Lejos de las cr\u00edticas, a menudo hechas desde un prisma occidental, sobre el cinismo que Nueva Delhi estar\u00eda practicando al tratar con los dos bloques rivales a la vez, <strong>el pa\u00eds asi\u00e1tico podr\u00eda jugar un papel muy positivo<\/strong> <strong>para la paz,<\/strong> la seguridad y la prosperidad internacionales.<\/p>\n<span class='bctt-click-to-tweet'><span class='bctt-ctt-text'><a href='https:\/\/twitter.com\/intent\/tweet?url=https%3A%2F%2Fconversesacatalunya.cat%2Fes%2Fg20-alas-india-no-alineada%2F&#038;text=India%20podr%C3%ADa%20jugar%20un%20papel%20muy%20positivo%20para%20la%20paz%2C%20la%20seguridad%20y%20la%20prosperidad%20internacionales&#038;via=conversesacat&#038;related=conversesacat' target='_blank'rel=\"noopener noreferrer\">India podr\u00eda jugar un papel muy positivo para la paz, la seguridad y la prosperidad internacionales <\/a><\/span><a href='https:\/\/twitter.com\/intent\/tweet?url=https%3A%2F%2Fconversesacatalunya.cat%2Fes%2Fg20-alas-india-no-alineada%2F&#038;text=India%20podr%C3%ADa%20jugar%20un%20papel%20muy%20positivo%20para%20la%20paz%2C%20la%20seguridad%20y%20la%20prosperidad%20internacionales&#038;via=conversesacat&#038;related=conversesacat' target='_blank' class='bctt-ctt-btn'rel=\"noopener noreferrer\">Compartir en X<\/a><\/span>\n<div id=\"polls-210\" class=\"wp-polls\">\n\t<form id=\"polls_form_210\" class=\"wp-polls-form\" action=\"\/index.php\" method=\"post\">\n\t\t<p style=\"display: none;\"><input type=\"hidden\" id=\"poll_210_nonce\" name=\"wp-polls-nonce\" value=\"9e417078f8\" \/><\/p>\n\t\t<p style=\"display: none;\"><input type=\"hidden\" name=\"poll_id\" value=\"210\" \/><\/p>\n\t\t<p style=\"text-align: center\"><strong>Creus que es podr\u00e0 investir S\u00e1nchez com a president del govern o s'hauran de convocar noves eleccions?<\/strong><\/p><div id=\"polls-210-ans\" class=\"wp-polls-ans\"><ul class=\"wp-polls-ul\">\n\t\t<li><input type=\"radio\" id=\"poll-answer-583\" name=\"poll_210\" value=\"583\" \/> <label for=\"poll-answer-583\">Es podr\u00e0 investir S\u00e1nchez<\/label><\/li>\n\t\t<li><input type=\"radio\" id=\"poll-answer-584\" name=\"poll_210\" value=\"584\" \/> <label for=\"poll-answer-584\">S'hauran de convocar noves eleccions<\/label><\/li>\n\t\t<li><input type=\"radio\" id=\"poll-answer-585\" name=\"poll_210\" value=\"585\" \/> <label for=\"poll-answer-585\">No ho s\u00e9<\/label><\/li>\n\t\t<\/ul><p style=\"text-align: center\"><input type=\"button\" name=\"vote\" value=\"   Vota   \" class=\"Buttons\" onclick=\"poll_vote(210);\" \/><\/p><p style=\"text-align: center\"><a href=\"#ViewPollResults\" onclick=\"poll_result(210); return false;\" title=\"View Results Of This Poll\">Mira els resultats<\/a><\/p><\/div>\n\t<\/form>\n<\/div>\n<div id=\"polls-210-loading\" class=\"wp-polls-loading\"><img decoding=\"async\" data-src=\"https:\/\/conversesacatalunya.cat\/wp-content\/plugins\/wp-polls\/images\/loading.gif\" width=\"16\" height=\"16\" alt=\"Cargando ...\" title=\"Cargando ...\" class=\"wp-polls-image lazyload\" src=\"data:image\/svg+xml;base64,PHN2ZyB3aWR0aD0iMSIgaGVpZ2h0PSIxIiB4bWxucz0iaHR0cDovL3d3dy53My5vcmcvMjAwMC9zdmciPjwvc3ZnPg==\" style=\"--smush-placeholder-width: 16px; --smush-placeholder-aspect-ratio: 16\/16;\" \/>&nbsp;Cargando ...<\/div>\n\n","protected":false},"excerpt":{"rendered":"<p>La cumbre del G-20 que se celebr\u00f3 en la India el 9 y 10 de septiembre, ha sido un gran \u00e9xito para la pol\u00edtica de equilibrios que este pa\u00eds y su primer ministro Modi mantiene entre el bloque occidental y el que se va formando en torno a China y Rusia. Sorprendentemente, la estrategia del gigante del sur asi\u00e1tico para el siglo XXI no parece demasiado diferente a la que ya aplic\u00f3 durante la Guerra Fr\u00eda, y que consist\u00eda en adoptar una posici\u00f3n oficialmente \u00abno-alineada\u00bb entre los dos bloques enfrentados (en realidad estando m\u00e1s cerca de Mosc\u00fa que de Washington). La clave de la \u00abno alineaci\u00f3n\u00bb era que la equidistancia formal dejaba amplio margen de maniobras al gobierno de Nueva Delhi para acercarse a Occidente o a la Uni\u00f3n Sovi\u00e9tica en funci\u00f3n de las circunstancias, y siempre seg\u00fan lo que la India consideraba ser su inter\u00e9s nacional. A su vez, tanto Washington como Mosc\u00fa se deleaban por ganarse la simpat\u00eda de un gigante demogr\u00e1fico y una posible futura potencia econ\u00f3mica. Esta estrategia, adoptada tambi\u00e9n por numerosos otros pa\u00edses inscritos en lo que entonces se llam\u00f3 \u00abTercer Mundo\u00bb, dio sus frutos a pesar de la frecuente ineficacia de los aparatos estatales de muchos de sus gobiernos, generalmente reci\u00e9n salidos de la descolonizaci\u00f3n. En pleno siglo XXI, la estrategia de la no alineaci\u00f3n ha evolucionado para adaptarse a una realidad actual m\u00e1s \u00abl\u00edquida\u00bb (como dir\u00eda Zygmunt Bauman), cambiante e inestable. India es el pa\u00eds emergente que mejor ha aprovechado su rivalidad entre las dos superpotencias mundiales para favorecer sus propios intereses. Los ejemplos recientes son numerosos: por un lado, Nueva Delhi compra y refina de petr\u00f3leo ruso bajo embargo occidental para revenderlo en Europa a precios mucho m\u00e1s elevados, y participa activamente en el grupo de los BRICS, junto con Rusia y China. Pero por otra parte, India compra aviones de combate franceses y recibe con los brazos abiertos tanto al presidente estadounidense Joe Biden como a las f\u00e1bricas de grandes empresas estadounidenses que salen de China. Esta actitud, que algunos podr\u00edan tachar de oportunista, ha demostrado toda su eficacia en la cumbre del G-20: el primer ministro Narenda Modi ha logrado el hito de una declaraci\u00f3n conjunta de todos los pa\u00edses participantes, incluyendo Rusia, China y los occidentales. Consciente de su \u00e9xito en el escenario internacional, Modi afronta con relativa confianza las elecciones previstas a principios del pr\u00f3ximo a\u00f1o ante una oposici\u00f3n que le ataca por el flanco de las carencias econ\u00f3micas, y tambi\u00e9n por su nacionalismo marcadamente hind\u00fa en detrimento de las otras culturas presentes en el pa\u00eds. En pleno siglo XXI la India est\u00e1 infinitamente mejor posicionada para exprimir al m\u00e1ximo su potencial A diferencia de las carencias t\u00e9cnicas que el pa\u00eds sufr\u00eda durante la Guerra Fr\u00eda, en pleno siglo XXI la India est\u00e1 infinitamente mejor posicionada para exprimir al m\u00e1ximo su potencial y convertirse, en palabras de V\u00edctor Pou, en una \u00abpotencia equilibradora\u00bb entre los Estados Unidos y China. Lejos de las cr\u00edticas, a menudo hechas desde un prisma occidental, sobre el cinismo que Nueva Delhi estar\u00eda practicando al tratar con los dos bloques rivales a la vez, el pa\u00eds asi\u00e1tico podr\u00eda jugar un papel muy positivo para la paz, la seguridad y la prosperidad internacionales.<\/p>\n","protected":false},"author":75,"featured_media":70791,"comment_status":"open","ping_status":"open","sticky":false,"template":"","format":"standard","meta":{"_FSMCFIC_featured_image_caption":"","_FSMCFIC_featured_image_nocaption":"","_FSMCFIC_featured_image_hide":"","footnotes":""},"categories":[806],"tags":[3867,2624,1343],"class_list":["post-70803","post","type-post","status-publish","format-standard","has-post-thumbnail","hentry","category-punts-claus-del-dia-es","tag-g-20-es","tag-guerra-freda-es","tag-india-es"],"yoast_head":"<!-- This site is optimized with the Yoast SEO plugin v26.8 - https:\/\/yoast.com\/product\/yoast-seo-wordpress\/ -->\n<title>El G-20 da alas a la India no-alineada<\/title>\n<meta name=\"description\" content=\"El G-20 ha sido un \u00e9xito para la pol\u00edtica de equilibrios que este pa\u00eds y su primer ministro Modi mantiene entre occidente y China y Rusia\" \/>\n<meta name=\"robots\" content=\"index, follow, max-snippet:-1, max-image-preview:large, max-video-preview:-1\" \/>\n<link rel=\"canonical\" href=\"https:\/\/conversesacatalunya.cat\/g20-india-no-alineada\/\" \/>\n<meta property=\"og:locale\" content=\"es_ES\" \/>\n<meta property=\"og:type\" content=\"article\" \/>\n<meta property=\"og:title\" content=\"El G-20 da alas a la India no-alineada\" \/>\n<meta property=\"og:description\" content=\"El G-20 ha sido un \u00e9xito para la pol\u00edtica de equilibrios que este pa\u00eds y su primer ministro Modi mantiene entre occidente y China y Rusia\" \/>\n<meta property=\"og:url\" content=\"https:\/\/conversesacatalunya.cat\/g20-india-no-alineada\/\" \/>\n<meta property=\"og:site_name\" content=\"Converses a Catalunya\" \/>\n<meta property=\"article:published_time\" content=\"2023-09-20T07:00:58+00:00\" \/>\n<meta property=\"og:image\" content=\"https:\/\/conversesacatalunya.cat\/wp-content\/uploads\/2023\/09\/Captura-4.jpg\" \/>\n\t<meta property=\"og:image:width\" content=\"1144\" \/>\n\t<meta property=\"og:image:height\" content=\"575\" \/>\n\t<meta property=\"og:image:type\" content=\"image\/jpeg\" \/>\n<meta name=\"author\" content=\"Carles L\u00f3pez\" \/>\n<meta name=\"twitter:card\" content=\"summary_large_image\" \/>\n<meta name=\"twitter:label1\" content=\"Escrito por\" \/>\n\t<meta name=\"twitter:data1\" content=\"Carles L\u00f3pez\" \/>\n\t<meta name=\"twitter:label2\" content=\"Tiempo de lectura\" \/>\n\t<meta name=\"twitter:data2\" content=\"3 minutos\" \/>\n<script type=\"application\/ld+json\" class=\"yoast-schema-graph\">{\"@context\":\"https:\/\/schema.org\",\"@graph\":[{\"@type\":\"Article\",\"@id\":\"https:\/\/conversesacatalunya.cat\/g20-india-no-alineada\/#article\",\"isPartOf\":{\"@id\":\"https:\/\/conversesacatalunya.cat\/g20-india-no-alineada\/\"},\"author\":{\"name\":\"Carles L\u00f3pez\",\"@id\":\"https:\/\/conversesacatalunya.cat\/#\/schema\/person\/3ce2ab16c0a3803086d80722c7cad56a\"},\"headline\":\"El G-20 da alas a la India no-alineada\",\"datePublished\":\"2023-09-20T07:00:58+00:00\",\"mainEntityOfPage\":{\"@id\":\"https:\/\/conversesacatalunya.cat\/g20-india-no-alineada\/\"},\"wordCount\":616,\"commentCount\":0,\"image\":{\"@id\":\"https:\/\/conversesacatalunya.cat\/g20-india-no-alineada\/#primaryimage\"},\"thumbnailUrl\":\"https:\/\/conversesacatalunya.cat\/wp-content\/uploads\/2023\/09\/Captura-4.jpg\",\"keywords\":[\"G-20\",\"guerra freda\",\"India\"],\"articleSection\":[\"Punts clau del dia (ES)\"],\"inLanguage\":\"es\",\"potentialAction\":[{\"@type\":\"CommentAction\",\"name\":\"Comment\",\"target\":[\"https:\/\/conversesacatalunya.cat\/g20-india-no-alineada\/#respond\"]}]},{\"@type\":\"WebPage\",\"@id\":\"https:\/\/conversesacatalunya.cat\/g20-india-no-alineada\/\",\"url\":\"https:\/\/conversesacatalunya.cat\/g20-india-no-alineada\/\",\"name\":\"El G-20 da alas a la India no-alineada\",\"isPartOf\":{\"@id\":\"https:\/\/conversesacatalunya.cat\/#website\"},\"primaryImageOfPage\":{\"@id\":\"https:\/\/conversesacatalunya.cat\/g20-india-no-alineada\/#primaryimage\"},\"image\":{\"@id\":\"https:\/\/conversesacatalunya.cat\/g20-india-no-alineada\/#primaryimage\"},\"thumbnailUrl\":\"https:\/\/conversesacatalunya.cat\/wp-content\/uploads\/2023\/09\/Captura-4.jpg\",\"datePublished\":\"2023-09-20T07:00:58+00:00\",\"author\":{\"@id\":\"https:\/\/conversesacatalunya.cat\/#\/schema\/person\/3ce2ab16c0a3803086d80722c7cad56a\"},\"description\":\"El G-20 ha sido un \u00e9xito para la pol\u00edtica de equilibrios que este pa\u00eds y su primer ministro Modi mantiene entre occidente y China y Rusia\",\"breadcrumb\":{\"@id\":\"https:\/\/conversesacatalunya.cat\/g20-india-no-alineada\/#breadcrumb\"},\"inLanguage\":\"es\",\"potentialAction\":[{\"@type\":\"ReadAction\",\"target\":[\"https:\/\/conversesacatalunya.cat\/g20-india-no-alineada\/\"]}]},{\"@type\":\"ImageObject\",\"inLanguage\":\"es\",\"@id\":\"https:\/\/conversesacatalunya.cat\/g20-india-no-alineada\/#primaryimage\",\"url\":\"https:\/\/conversesacatalunya.cat\/wp-content\/uploads\/2023\/09\/Captura-4.jpg\",\"contentUrl\":\"https:\/\/conversesacatalunya.cat\/wp-content\/uploads\/2023\/09\/Captura-4.jpg\",\"width\":1144,\"height\":575,\"caption\":\"G-20 Modi\"},{\"@type\":\"BreadcrumbList\",\"@id\":\"https:\/\/conversesacatalunya.cat\/g20-india-no-alineada\/#breadcrumb\",\"itemListElement\":[{\"@type\":\"ListItem\",\"position\":1,\"name\":\"Inici\",\"item\":\"https:\/\/conversesacatalunya.cat\/es\/\"},{\"@type\":\"ListItem\",\"position\":2,\"name\":\"El G-20 da alas a la India no-alineada\"}]},{\"@type\":\"WebSite\",\"@id\":\"https:\/\/conversesacatalunya.cat\/#website\",\"url\":\"https:\/\/conversesacatalunya.cat\/\",\"name\":\"Converses a Catalunya\",\"description\":\"\",\"potentialAction\":[{\"@type\":\"SearchAction\",\"target\":{\"@type\":\"EntryPoint\",\"urlTemplate\":\"https:\/\/conversesacatalunya.cat\/?s={search_term_string}\"},\"query-input\":{\"@type\":\"PropertyValueSpecification\",\"valueRequired\":true,\"valueName\":\"search_term_string\"}}],\"inLanguage\":\"es\"},{\"@type\":\"Person\",\"@id\":\"https:\/\/conversesacatalunya.cat\/#\/schema\/person\/3ce2ab16c0a3803086d80722c7cad56a\",\"name\":\"Carles L\u00f3pez\",\"image\":{\"@type\":\"ImageObject\",\"inLanguage\":\"es\",\"@id\":\"https:\/\/conversesacatalunya.cat\/#\/schema\/person\/image\/\",\"url\":\"https:\/\/conversesacatalunya.cat\/wp-content\/litespeed\/avatar\/4891585caf2896e97846ab77f06edcf2.jpg?ver=1777091173\",\"contentUrl\":\"https:\/\/conversesacatalunya.cat\/wp-content\/litespeed\/avatar\/4891585caf2896e97846ab77f06edcf2.jpg?ver=1777091173\",\"caption\":\"Carles L\u00f3pez\"},\"url\":\"https:\/\/conversesacatalunya.cat\/es\/author\/carles-lopez\/\"}]}<\/script>\n<!-- \/ Yoast SEO plugin. -->","yoast_head_json":{"title":"El G-20 da alas a la India no-alineada","description":"El G-20 ha sido un \u00e9xito para la pol\u00edtica de equilibrios que este pa\u00eds y su primer ministro Modi mantiene entre occidente y China y Rusia","robots":{"index":"index","follow":"follow","max-snippet":"max-snippet:-1","max-image-preview":"max-image-preview:large","max-video-preview":"max-video-preview:-1"},"canonical":"https:\/\/conversesacatalunya.cat\/g20-india-no-alineada\/","og_locale":"es_ES","og_type":"article","og_title":"El G-20 da alas a la India no-alineada","og_description":"El G-20 ha sido un \u00e9xito para la pol\u00edtica de equilibrios que este pa\u00eds y su primer ministro Modi mantiene entre occidente y China y Rusia","og_url":"https:\/\/conversesacatalunya.cat\/g20-india-no-alineada\/","og_site_name":"Converses a Catalunya","article_published_time":"2023-09-20T07:00:58+00:00","og_image":[{"width":1144,"height":575,"url":"https:\/\/conversesacatalunya.cat\/wp-content\/uploads\/2023\/09\/Captura-4.jpg","type":"image\/jpeg"}],"author":"Carles L\u00f3pez","twitter_card":"summary_large_image","twitter_misc":{"Escrito por":"Carles L\u00f3pez","Tiempo de lectura":"3 minutos"},"schema":{"@context":"https:\/\/schema.org","@graph":[{"@type":"Article","@id":"https:\/\/conversesacatalunya.cat\/g20-india-no-alineada\/#article","isPartOf":{"@id":"https:\/\/conversesacatalunya.cat\/g20-india-no-alineada\/"},"author":{"name":"Carles L\u00f3pez","@id":"https:\/\/conversesacatalunya.cat\/#\/schema\/person\/3ce2ab16c0a3803086d80722c7cad56a"},"headline":"El G-20 da alas a la India no-alineada","datePublished":"2023-09-20T07:00:58+00:00","mainEntityOfPage":{"@id":"https:\/\/conversesacatalunya.cat\/g20-india-no-alineada\/"},"wordCount":616,"commentCount":0,"image":{"@id":"https:\/\/conversesacatalunya.cat\/g20-india-no-alineada\/#primaryimage"},"thumbnailUrl":"https:\/\/conversesacatalunya.cat\/wp-content\/uploads\/2023\/09\/Captura-4.jpg","keywords":["G-20","guerra freda","India"],"articleSection":["Punts clau del dia (ES)"],"inLanguage":"es","potentialAction":[{"@type":"CommentAction","name":"Comment","target":["https:\/\/conversesacatalunya.cat\/g20-india-no-alineada\/#respond"]}]},{"@type":"WebPage","@id":"https:\/\/conversesacatalunya.cat\/g20-india-no-alineada\/","url":"https:\/\/conversesacatalunya.cat\/g20-india-no-alineada\/","name":"El G-20 da alas a la India no-alineada","isPartOf":{"@id":"https:\/\/conversesacatalunya.cat\/#website"},"primaryImageOfPage":{"@id":"https:\/\/conversesacatalunya.cat\/g20-india-no-alineada\/#primaryimage"},"image":{"@id":"https:\/\/conversesacatalunya.cat\/g20-india-no-alineada\/#primaryimage"},"thumbnailUrl":"https:\/\/conversesacatalunya.cat\/wp-content\/uploads\/2023\/09\/Captura-4.jpg","datePublished":"2023-09-20T07:00:58+00:00","author":{"@id":"https:\/\/conversesacatalunya.cat\/#\/schema\/person\/3ce2ab16c0a3803086d80722c7cad56a"},"description":"El G-20 ha sido un \u00e9xito para la pol\u00edtica de equilibrios que este pa\u00eds y su primer ministro Modi mantiene entre occidente y China y Rusia","breadcrumb":{"@id":"https:\/\/conversesacatalunya.cat\/g20-india-no-alineada\/#breadcrumb"},"inLanguage":"es","potentialAction":[{"@type":"ReadAction","target":["https:\/\/conversesacatalunya.cat\/g20-india-no-alineada\/"]}]},{"@type":"ImageObject","inLanguage":"es","@id":"https:\/\/conversesacatalunya.cat\/g20-india-no-alineada\/#primaryimage","url":"https:\/\/conversesacatalunya.cat\/wp-content\/uploads\/2023\/09\/Captura-4.jpg","contentUrl":"https:\/\/conversesacatalunya.cat\/wp-content\/uploads\/2023\/09\/Captura-4.jpg","width":1144,"height":575,"caption":"G-20 Modi"},{"@type":"BreadcrumbList","@id":"https:\/\/conversesacatalunya.cat\/g20-india-no-alineada\/#breadcrumb","itemListElement":[{"@type":"ListItem","position":1,"name":"Inici","item":"https:\/\/conversesacatalunya.cat\/es\/"},{"@type":"ListItem","position":2,"name":"El G-20 da alas a la India no-alineada"}]},{"@type":"WebSite","@id":"https:\/\/conversesacatalunya.cat\/#website","url":"https:\/\/conversesacatalunya.cat\/","name":"Converses a Catalunya","description":"","potentialAction":[{"@type":"SearchAction","target":{"@type":"EntryPoint","urlTemplate":"https:\/\/conversesacatalunya.cat\/?s={search_term_string}"},"query-input":{"@type":"PropertyValueSpecification","valueRequired":true,"valueName":"search_term_string"}}],"inLanguage":"es"},{"@type":"Person","@id":"https:\/\/conversesacatalunya.cat\/#\/schema\/person\/3ce2ab16c0a3803086d80722c7cad56a","name":"Carles L\u00f3pez","image":{"@type":"ImageObject","inLanguage":"es","@id":"https:\/\/conversesacatalunya.cat\/#\/schema\/person\/image\/","url":"https:\/\/conversesacatalunya.cat\/wp-content\/litespeed\/avatar\/4891585caf2896e97846ab77f06edcf2.jpg?ver=1777091173","contentUrl":"https:\/\/conversesacatalunya.cat\/wp-content\/litespeed\/avatar\/4891585caf2896e97846ab77f06edcf2.jpg?ver=1777091173","caption":"Carles L\u00f3pez"},"url":"https:\/\/conversesacatalunya.cat\/es\/author\/carles-lopez\/"}]}},"wps_subtitle":"La reciente cumbre deja en evidencia el \u00e9xito de la pol\u00edtica del primer ministro Narenda Modi de tratar tanto con Occidente como con Rusia y China","_links":{"self":[{"href":"https:\/\/conversesacatalunya.cat\/es\/wp-json\/wp\/v2\/posts\/70803","targetHints":{"allow":["GET"]}}],"collection":[{"href":"https:\/\/conversesacatalunya.cat\/es\/wp-json\/wp\/v2\/posts"}],"about":[{"href":"https:\/\/conversesacatalunya.cat\/es\/wp-json\/wp\/v2\/types\/post"}],"author":[{"embeddable":true,"href":"https:\/\/conversesacatalunya.cat\/es\/wp-json\/wp\/v2\/users\/75"}],"replies":[{"embeddable":true,"href":"https:\/\/conversesacatalunya.cat\/es\/wp-json\/wp\/v2\/comments?post=70803"}],"version-history":[{"count":7,"href":"https:\/\/conversesacatalunya.cat\/es\/wp-json\/wp\/v2\/posts\/70803\/revisions"}],"predecessor-version":[{"id":70804,"href":"https:\/\/conversesacatalunya.cat\/es\/wp-json\/wp\/v2\/posts\/70803\/revisions\/70804"}],"wp:featuredmedia":[{"embeddable":true,"href":"https:\/\/conversesacatalunya.cat\/es\/wp-json\/wp\/v2\/media\/70791"}],"wp:attachment":[{"href":"https:\/\/conversesacatalunya.cat\/es\/wp-json\/wp\/v2\/media?parent=70803"}],"wp:term":[{"taxonomy":"category","embeddable":true,"href":"https:\/\/conversesacatalunya.cat\/es\/wp-json\/wp\/v2\/categories?post=70803"},{"taxonomy":"post_tag","embeddable":true,"href":"https:\/\/conversesacatalunya.cat\/es\/wp-json\/wp\/v2\/tags?post=70803"}],"curies":[{"name":"wp","href":"https:\/\/api.w.org\/{rel}","templated":true}]}}