{"id":70744,"date":"2023-09-18T13:46:33","date_gmt":"2023-09-18T11:46:33","guid":{"rendered":"https:\/\/conversesacatalunya.cat\/noves-eleccions-es-molt-possible\/"},"modified":"2023-09-18T19:45:15","modified_gmt":"2023-09-18T17:45:15","slug":"nuevas-elecciones-es-muy-posible","status":"publish","type":"post","link":"https:\/\/conversesacatalunya.cat\/es\/nuevas-elecciones-es-muy-posible\/","title":{"rendered":"\u00bfNuevas elecciones? Es muy posible"},"content":{"rendered":"<p><span class=\"\">Por debajo de los relatos oficiales aflora la realidad y sus l\u00edmites.\u00a0<\/span>S\u00e1nchez reitera una y otra vez que gobernar\u00e1 y no se cansa de repetir que todos los pactos estar\u00e1n dentro de la\u00a0<strong>letra y el esp\u00edritu de la Constituci\u00f3n<\/strong>.\u00a0Tiene a su favor disponer del Tribunal Constitucional m\u00e1s partidista de toda su historia y, por tanto, que validen la ley que pueda dar paso a una<a href=\"https:\/\/conversesacatalunya.cat\/es\/las-consecuencias-de-lo-que-exige-puigdemont\/\" target=\"_blank\" rel=\"noopener\"><strong> amnist\u00eda<\/strong><\/a> con ese u otro nombre.<\/p>\n<p>Sin embargo, ahora ya est\u00e1n aflorando los l\u00edmites tambi\u00e9n de esta voluntad progubernamental del TC, y son corporativos.\u00a0En el mundo de la justicia se va generando una fuerte presi\u00f3n sobre todo por parte de jueces, pero tambi\u00e9n fiscales, en contra de lo que S\u00e1nchez intenta hacer.\u00a0Y este hecho coartar\u00e1 a alguno de los magistrados que decidir\u00edan sobre la constitucionalidad, porque en definitiva deben seguir viviendo en este mundo del derecho y la justicia.<\/p>\n<p>Tambi\u00e9n, de una manera mucho m\u00e1s oscura, emerge el malestar en los cuadros superiores de la polic\u00eda y sobre todo de la Guardia Civil porque la amnist\u00eda pondr\u00eda de relieve que actuaron de forma muy dura sobre una causa justa, y adem\u00e1s no est\u00e1 claro que los agentes hoy imputados tambi\u00e9n fueran sujetos del olvido legal.<\/p>\n<p>En un acto de la CEOE y en Galicia, S\u00e1nchez no ha expresado ninguna referencia a la posible amnist\u00eda. Y esto hace aforar la posibilidad de que si lo ve muy cuesta arriba, intente ganar la mano a Puigdemont, renuncie al acuerdo y se presente como gran valedor <strong>de la Constituci\u00f3n,<\/strong> que no est\u00e1 dispuesto a sacrificarla para lograr un poder personal.\u00a0En ese caso ni siquiera ir\u00eda a la investidura y har\u00eda otro gran anuncio de\u00a0<strong>nuevas elecciones<\/strong>\u00a0a las que acudir\u00eda con la bandera de la rectitud y dejar\u00eda descolocado, o al menos lo intentar\u00eda, al PP porque se habr\u00eda quedado sin el principal argumento cr\u00edtico.<\/p>\n<p>Esta decisi\u00f3n de S\u00e1nchez es cada vez m\u00e1s veros\u00edmil porque el acuerdo con JxCat tiene un coste pol\u00edtico extraordinario sobre todo si no renuncia a la unilateralidad de la\u00a0<strong>declaraci\u00f3n de independencia<\/strong>.\u00a0Puede renunciar, ya lo ha hecho, ERC.\u00a0Pero en estos momentos las encuestas dan a\u00a0<strong>Puigdemont ser la primera fuerza<\/strong>\u00a0con diferencia en unas elecciones en Catalunya y tambi\u00e9n en las europeas del pr\u00f3ximo a\u00f1o, relegando a ERC a tercera fuerza y \u200b\u200blos comunes a la quinta posici\u00f3n.\u00a0\u00bfPero\u00a0<strong>aceptar\u00edan los votantes de JxCat una amnist\u00eda sin horizonte por la independencia<\/strong>?\u00a0Porque el referendo pactado es una entelequia, dado que necesita primero un acuerdo del Congreso con los votos del PP y, segundo, el cambio constitucional que lo haga posible aprobado por referendo en toda Espa\u00f1a.<\/p>\n<p>Hay otros factores en juego que\u00a0<strong>dificultan el acuerdo con S\u00e1nchez<\/strong>.\u00a0Uno es el del catal\u00e1n en Europa que ya est\u00e1 claro que no se acordar\u00e1 en la fecha inicialmente prevista, que va para largo y que adem\u00e1s existe el precedente desfavorable del intento fracasado del 2004. Tambi\u00e9n est\u00e1 en juego el impreciso mecanismo de verificaci\u00f3n que, seg\u00fan se concrete, puede significar un imposible aceptar por el gobierno socialista.\u00a0La condici\u00f3n de que el marco de la negociaci\u00f3n sea en los tratados internacionales, que es una forma de alcanzar la unilateralidad, es tambi\u00e9n una fuerte barrera.<\/p>\n<p>Est\u00e1 claro que el otro lado est\u00e1 el atractivo de las consecuencias de la amnist\u00eda.\u00a0Quedar limpios, poder ir de nuevo a las elecciones, incluso ocupar la presidencia de la Generalitat. Ahora un nuevo hecho presiona en este sentido. Es la sentencia de 4 a\u00f1os de c\u00e1rcel para el exconseller Buch.<\/p>\n<p>La\u00a0<strong>inquietud en el campo socialista<\/strong> es evidente, como lo manifiesta la expulsi\u00f3n de un hist\u00f3rico como Nicol\u00e1s Redondo Urbieta, hijo de quien fue el primer secretario general de UGT, Nicol\u00e1s Redondo. Felipe Gonz\u00e1lez ya ha hecho la frase en un acto en Sevilla organizado por la C\u00e1mara de Comercio: \u201cSu padre me convoc\u00f3 una huelga y no se me ocurri\u00f3 expulsarle\u201d.<\/p>\n<p>En este contexto de\u00a0<strong>posibles elecciones<\/strong>, por una jugada anticipada de S\u00e1nchez o por ruptura con Puigdemont, se evidencia que el primer partido de Catalunya, el PSC, est\u00e1 totalmente marginado de la negociaci\u00f3n y no pinta nada. Al ser una fuerza dependiente de la central de Madrid no le sirve de nada ser la primera opci\u00f3n electoral en Catalu\u00f1a.\u00a0Ni tener un ministro.\u00a0Incluso la sorprendente y escandalosa dimisi\u00f3n de su cabeza de lista, Meritxell Batet, a dos meses de las elecciones no ha provocado explicaci\u00f3n alguna por parte del partido que muestra as\u00ed que hay hechos que le pasan sencillamente por encima. Para aquellos electores que se tomen en serio su voto, todos estos hechos deben provocarles un fuerte desencanto porque no votan a una opci\u00f3n vinculada a una din\u00e1mica catalana, sino a un subalterno de la pol\u00edtica espa\u00f1ola.<\/p>\n<div id=\"polls-210\" class=\"wp-polls\">\n\t<form id=\"polls_form_210\" class=\"wp-polls-form\" action=\"\/index.php\" method=\"post\">\n\t\t<p style=\"display: none;\"><input type=\"hidden\" id=\"poll_210_nonce\" name=\"wp-polls-nonce\" value=\"531cd57eb2\" \/><\/p>\n\t\t<p style=\"display: none;\"><input type=\"hidden\" name=\"poll_id\" value=\"210\" \/><\/p>\n\t\t<p style=\"text-align: center\"><strong>Creus que es podr\u00e0 investir S\u00e1nchez com a president del govern o s'hauran de convocar noves eleccions?<\/strong><\/p><div id=\"polls-210-ans\" class=\"wp-polls-ans\"><ul class=\"wp-polls-ul\">\n\t\t<li><input type=\"radio\" id=\"poll-answer-583\" name=\"poll_210\" value=\"583\" \/> <label for=\"poll-answer-583\">Es podr\u00e0 investir S\u00e1nchez<\/label><\/li>\n\t\t<li><input type=\"radio\" id=\"poll-answer-584\" name=\"poll_210\" value=\"584\" \/> <label for=\"poll-answer-584\">S'hauran de convocar noves eleccions<\/label><\/li>\n\t\t<li><input type=\"radio\" id=\"poll-answer-585\" name=\"poll_210\" value=\"585\" \/> <label for=\"poll-answer-585\">No ho s\u00e9<\/label><\/li>\n\t\t<\/ul><p style=\"text-align: center\"><input type=\"button\" name=\"vote\" value=\"   Vota   \" class=\"Buttons\" onclick=\"poll_vote(210);\" \/><\/p><p style=\"text-align: center\"><a href=\"#ViewPollResults\" onclick=\"poll_result(210); return false;\" title=\"View Results Of This Poll\">Mira els resultats<\/a><\/p><\/div>\n\t<\/form>\n<\/div>\n<div id=\"polls-210-loading\" class=\"wp-polls-loading\"><img decoding=\"async\" data-src=\"https:\/\/conversesacatalunya.cat\/wp-content\/plugins\/wp-polls\/images\/loading.gif\" width=\"16\" height=\"16\" alt=\"Cargando ...\" title=\"Cargando ...\" class=\"wp-polls-image lazyload\" src=\"data:image\/svg+xml;base64,PHN2ZyB3aWR0aD0iMSIgaGVpZ2h0PSIxIiB4bWxucz0iaHR0cDovL3d3dy53My5vcmcvMjAwMC9zdmciPjwvc3ZnPg==\" style=\"--smush-placeholder-width: 16px; --smush-placeholder-aspect-ratio: 16\/16;\" \/>&nbsp;Cargando ...<\/div>\n\n","protected":false},"excerpt":{"rendered":"<p>Por debajo de los relatos oficiales aflora la realidad y sus l\u00edmites.\u00a0S\u00e1nchez reitera una y otra vez que gobernar\u00e1 y no se cansa de repetir que todos los pactos estar\u00e1n dentro de la\u00a0letra y el esp\u00edritu de la Constituci\u00f3n.\u00a0Tiene a su favor disponer del Tribunal Constitucional m\u00e1s partidista de toda su historia y, por tanto, que validen la ley que pueda dar paso a una amnist\u00eda con ese u otro nombre. Sin embargo, ahora ya est\u00e1n aflorando los l\u00edmites tambi\u00e9n de esta voluntad progubernamental del TC, y son corporativos.\u00a0En el mundo de la justicia se va generando una fuerte presi\u00f3n sobre todo por parte de jueces, pero tambi\u00e9n fiscales, en contra de lo que S\u00e1nchez intenta hacer.\u00a0Y este hecho coartar\u00e1 a alguno de los magistrados que decidir\u00edan sobre la constitucionalidad, porque en definitiva deben seguir viviendo en este mundo del derecho y la justicia. Tambi\u00e9n, de una manera mucho m\u00e1s oscura, emerge el malestar en los cuadros superiores de la polic\u00eda y sobre todo de la Guardia Civil porque la amnist\u00eda pondr\u00eda de relieve que actuaron de forma muy dura sobre una causa justa, y adem\u00e1s no est\u00e1 claro que los agentes hoy imputados tambi\u00e9n fueran sujetos del olvido legal. En un acto de la CEOE y en Galicia, S\u00e1nchez no ha expresado ninguna referencia a la posible amnist\u00eda. Y esto hace aforar la posibilidad de que si lo ve muy cuesta arriba, intente ganar la mano a Puigdemont, renuncie al acuerdo y se presente como gran valedor de la Constituci\u00f3n, que no est\u00e1 dispuesto a sacrificarla para lograr un poder personal.\u00a0En ese caso ni siquiera ir\u00eda a la investidura y har\u00eda otro gran anuncio de\u00a0nuevas elecciones\u00a0a las que acudir\u00eda con la bandera de la rectitud y dejar\u00eda descolocado, o al menos lo intentar\u00eda, al PP porque se habr\u00eda quedado sin el principal argumento cr\u00edtico. Esta decisi\u00f3n de S\u00e1nchez es cada vez m\u00e1s veros\u00edmil porque el acuerdo con JxCat tiene un coste pol\u00edtico extraordinario sobre todo si no renuncia a la unilateralidad de la\u00a0declaraci\u00f3n de independencia.\u00a0Puede renunciar, ya lo ha hecho, ERC.\u00a0Pero en estos momentos las encuestas dan a\u00a0Puigdemont ser la primera fuerza\u00a0con diferencia en unas elecciones en Catalunya y tambi\u00e9n en las europeas del pr\u00f3ximo a\u00f1o, relegando a ERC a tercera fuerza y \u200b\u200blos comunes a la quinta posici\u00f3n.\u00a0\u00bfPero\u00a0aceptar\u00edan los votantes de JxCat una amnist\u00eda sin horizonte por la independencia?\u00a0Porque el referendo pactado es una entelequia, dado que necesita primero un acuerdo del Congreso con los votos del PP y, segundo, el cambio constitucional que lo haga posible aprobado por referendo en toda Espa\u00f1a. Hay otros factores en juego que\u00a0dificultan el acuerdo con S\u00e1nchez.\u00a0Uno es el del catal\u00e1n en Europa que ya est\u00e1 claro que no se acordar\u00e1 en la fecha inicialmente prevista, que va para largo y que adem\u00e1s existe el precedente desfavorable del intento fracasado del 2004. Tambi\u00e9n est\u00e1 en juego el impreciso mecanismo de verificaci\u00f3n que, seg\u00fan se concrete, puede significar un imposible aceptar por el gobierno socialista.\u00a0La condici\u00f3n de que el marco de la negociaci\u00f3n sea en los tratados internacionales, que es una forma de alcanzar la unilateralidad, es tambi\u00e9n una fuerte barrera. Est\u00e1 claro que el otro lado est\u00e1 el atractivo de las consecuencias de la amnist\u00eda.\u00a0Quedar limpios, poder ir de nuevo a las elecciones, incluso ocupar la presidencia de la Generalitat. Ahora un nuevo hecho presiona en este sentido. Es la sentencia de 4 a\u00f1os de c\u00e1rcel para el exconseller Buch. La\u00a0inquietud en el campo socialista es evidente, como lo manifiesta la expulsi\u00f3n de un hist\u00f3rico como Nicol\u00e1s Redondo Urbieta, hijo de quien fue el primer secretario general de UGT, Nicol\u00e1s Redondo. Felipe Gonz\u00e1lez ya ha hecho la frase en un acto en Sevilla organizado por la C\u00e1mara de Comercio: \u201cSu padre me convoc\u00f3 una huelga y no se me ocurri\u00f3 expulsarle\u201d. En este contexto de\u00a0posibles elecciones, por una jugada anticipada de S\u00e1nchez o por ruptura con Puigdemont, se evidencia que el primer partido de Catalunya, el PSC, est\u00e1 totalmente marginado de la negociaci\u00f3n y no pinta nada. Al ser una fuerza dependiente de la central de Madrid no le sirve de nada ser la primera opci\u00f3n electoral en Catalu\u00f1a.\u00a0Ni tener un ministro.\u00a0Incluso la sorprendente y escandalosa dimisi\u00f3n de su cabeza de lista, Meritxell Batet, a dos meses de las elecciones no ha provocado explicaci\u00f3n alguna por parte del partido que muestra as\u00ed que hay hechos que le pasan sencillamente por encima. Para aquellos electores que se tomen en serio su voto, todos estos hechos deben provocarles un fuerte desencanto porque no votan a una opci\u00f3n vinculada a una din\u00e1mica catalana, sino a un subalterno de la pol\u00edtica espa\u00f1ola.<\/p>\n","protected":false},"author":78,"featured_media":70733,"comment_status":"open","ping_status":"open","sticky":false,"template":"","format":"standard","meta":{"_FSMCFIC_featured_image_caption":"","_FSMCFIC_featured_image_nocaption":"","_FSMCFIC_featured_image_hide":"","footnotes":""},"categories":[806],"tags":[4911,4910],"class_list":["post-70744","post","type-post","status-publish","format-standard","has-post-thumbnail","hentry","category-punts-claus-del-dia-es","tag-elecciones-generales-2023","tag-eleccions-generals-2023-es"],"yoast_head":"<!-- This site is optimized with the Yoast SEO plugin v26.8 - https:\/\/yoast.com\/product\/yoast-seo-wordpress\/ -->\n<title>\u00bfNuevas elecciones? Es muy posible - Converses a Catalunya<\/title>\n<meta name=\"description\" content=\"S\u00e1nchez reitera una y otra vez que gobernar\u00e1 y no se cansa de repetir que todos los pactos estar\u00e1n dentro de la letra y el esp\u00edritu de la Constituci\u00f3n\" \/>\n<meta name=\"robots\" content=\"index, follow, max-snippet:-1, max-image-preview:large, max-video-preview:-1\" \/>\n<link rel=\"canonical\" href=\"https:\/\/conversesacatalunya.cat\/es\/nuevas-elecciones-es-muy-posible\/\" \/>\n<meta property=\"og:locale\" content=\"es_ES\" \/>\n<meta property=\"og:type\" content=\"article\" \/>\n<meta property=\"og:title\" content=\"\u00bfNuevas elecciones? Es muy posible - Converses a Catalunya\" \/>\n<meta property=\"og:description\" content=\"S\u00e1nchez reitera una y otra vez que gobernar\u00e1 y no se cansa de repetir que todos los pactos estar\u00e1n dentro de la letra y el esp\u00edritu de la Constituci\u00f3n\" \/>\n<meta property=\"og:url\" content=\"https:\/\/conversesacatalunya.cat\/es\/nuevas-elecciones-es-muy-posible\/\" \/>\n<meta property=\"og:site_name\" content=\"Converses a Catalunya\" \/>\n<meta property=\"article:published_time\" content=\"2023-09-18T11:46:33+00:00\" \/>\n<meta property=\"article:modified_time\" content=\"2023-09-18T17:45:15+00:00\" \/>\n<meta property=\"og:image\" content=\"https:\/\/conversesacatalunya.cat\/wp-content\/uploads\/2023\/09\/noves-eleccions.jpg\" \/>\n\t<meta property=\"og:image:width\" content=\"1600\" \/>\n\t<meta property=\"og:image:height\" content=\"900\" \/>\n\t<meta property=\"og:image:type\" content=\"image\/jpeg\" \/>\n<meta name=\"author\" content=\"Joan Masip\" \/>\n<meta name=\"twitter:card\" content=\"summary_large_image\" \/>\n<meta name=\"twitter:label1\" content=\"Escrito por\" \/>\n\t<meta name=\"twitter:data1\" content=\"Joan Masip\" \/>\n\t<meta name=\"twitter:label2\" content=\"Tiempo de lectura\" \/>\n\t<meta name=\"twitter:data2\" content=\"4 minutos\" \/>\n<script type=\"application\/ld+json\" class=\"yoast-schema-graph\">{\"@context\":\"https:\/\/schema.org\",\"@graph\":[{\"@type\":\"Article\",\"@id\":\"https:\/\/conversesacatalunya.cat\/es\/nuevas-elecciones-es-muy-posible\/#article\",\"isPartOf\":{\"@id\":\"https:\/\/conversesacatalunya.cat\/es\/nuevas-elecciones-es-muy-posible\/\"},\"author\":{\"name\":\"Joan Masip\",\"@id\":\"https:\/\/conversesacatalunya.cat\/#\/schema\/person\/311d0bf53def217d5124c78a7bc42275\"},\"headline\":\"\u00bfNuevas elecciones? Es muy posible\",\"datePublished\":\"2023-09-18T11:46:33+00:00\",\"dateModified\":\"2023-09-18T17:45:15+00:00\",\"mainEntityOfPage\":{\"@id\":\"https:\/\/conversesacatalunya.cat\/es\/nuevas-elecciones-es-muy-posible\/\"},\"wordCount\":867,\"commentCount\":0,\"image\":{\"@id\":\"https:\/\/conversesacatalunya.cat\/es\/nuevas-elecciones-es-muy-posible\/#primaryimage\"},\"thumbnailUrl\":\"https:\/\/conversesacatalunya.cat\/wp-content\/uploads\/2023\/09\/noves-eleccions.jpg\",\"keywords\":[\"elecciones generales 2023\",\"eleccions generals 2023\"],\"articleSection\":[\"Punts clau del dia (ES)\"],\"inLanguage\":\"es\",\"potentialAction\":[{\"@type\":\"CommentAction\",\"name\":\"Comment\",\"target\":[\"https:\/\/conversesacatalunya.cat\/es\/nuevas-elecciones-es-muy-posible\/#respond\"]}]},{\"@type\":\"WebPage\",\"@id\":\"https:\/\/conversesacatalunya.cat\/es\/nuevas-elecciones-es-muy-posible\/\",\"url\":\"https:\/\/conversesacatalunya.cat\/es\/nuevas-elecciones-es-muy-posible\/\",\"name\":\"\u00bfNuevas elecciones? Es muy posible - Converses a Catalunya\",\"isPartOf\":{\"@id\":\"https:\/\/conversesacatalunya.cat\/#website\"},\"primaryImageOfPage\":{\"@id\":\"https:\/\/conversesacatalunya.cat\/es\/nuevas-elecciones-es-muy-posible\/#primaryimage\"},\"image\":{\"@id\":\"https:\/\/conversesacatalunya.cat\/es\/nuevas-elecciones-es-muy-posible\/#primaryimage\"},\"thumbnailUrl\":\"https:\/\/conversesacatalunya.cat\/wp-content\/uploads\/2023\/09\/noves-eleccions.jpg\",\"datePublished\":\"2023-09-18T11:46:33+00:00\",\"dateModified\":\"2023-09-18T17:45:15+00:00\",\"author\":{\"@id\":\"https:\/\/conversesacatalunya.cat\/#\/schema\/person\/311d0bf53def217d5124c78a7bc42275\"},\"description\":\"S\u00e1nchez reitera una y otra vez que gobernar\u00e1 y no se cansa de repetir que todos los pactos estar\u00e1n dentro de la letra y el esp\u00edritu de la Constituci\u00f3n\",\"breadcrumb\":{\"@id\":\"https:\/\/conversesacatalunya.cat\/es\/nuevas-elecciones-es-muy-posible\/#breadcrumb\"},\"inLanguage\":\"es\",\"potentialAction\":[{\"@type\":\"ReadAction\",\"target\":[\"https:\/\/conversesacatalunya.cat\/es\/nuevas-elecciones-es-muy-posible\/\"]}]},{\"@type\":\"ImageObject\",\"inLanguage\":\"es\",\"@id\":\"https:\/\/conversesacatalunya.cat\/es\/nuevas-elecciones-es-muy-posible\/#primaryimage\",\"url\":\"https:\/\/conversesacatalunya.cat\/wp-content\/uploads\/2023\/09\/noves-eleccions.jpg\",\"contentUrl\":\"https:\/\/conversesacatalunya.cat\/wp-content\/uploads\/2023\/09\/noves-eleccions.jpg\",\"width\":1600,\"height\":900,\"caption\":\"noves eleccions S\u00e1nchez\"},{\"@type\":\"BreadcrumbList\",\"@id\":\"https:\/\/conversesacatalunya.cat\/es\/nuevas-elecciones-es-muy-posible\/#breadcrumb\",\"itemListElement\":[{\"@type\":\"ListItem\",\"position\":1,\"name\":\"Inici\",\"item\":\"https:\/\/conversesacatalunya.cat\/es\/\"},{\"@type\":\"ListItem\",\"position\":2,\"name\":\"\u00bfNuevas elecciones? Es muy posible\"}]},{\"@type\":\"WebSite\",\"@id\":\"https:\/\/conversesacatalunya.cat\/#website\",\"url\":\"https:\/\/conversesacatalunya.cat\/\",\"name\":\"Converses a Catalunya\",\"description\":\"\",\"potentialAction\":[{\"@type\":\"SearchAction\",\"target\":{\"@type\":\"EntryPoint\",\"urlTemplate\":\"https:\/\/conversesacatalunya.cat\/?s={search_term_string}\"},\"query-input\":{\"@type\":\"PropertyValueSpecification\",\"valueRequired\":true,\"valueName\":\"search_term_string\"}}],\"inLanguage\":\"es\"},{\"@type\":\"Person\",\"@id\":\"https:\/\/conversesacatalunya.cat\/#\/schema\/person\/311d0bf53def217d5124c78a7bc42275\",\"name\":\"Joan Masip\",\"image\":{\"@type\":\"ImageObject\",\"inLanguage\":\"es\",\"@id\":\"https:\/\/conversesacatalunya.cat\/#\/schema\/person\/image\/\",\"url\":\"https:\/\/conversesacatalunya.cat\/wp-content\/litespeed\/avatar\/fa67b994763cff7d443f54b63ec96481.jpg?ver=1777372547\",\"contentUrl\":\"https:\/\/conversesacatalunya.cat\/wp-content\/litespeed\/avatar\/fa67b994763cff7d443f54b63ec96481.jpg?ver=1777372547\",\"caption\":\"Joan Masip\"},\"url\":\"https:\/\/conversesacatalunya.cat\/es\/author\/joan-masip\/\"}]}<\/script>\n<!-- \/ Yoast SEO plugin. -->","yoast_head_json":{"title":"\u00bfNuevas elecciones? Es muy posible - Converses a Catalunya","description":"S\u00e1nchez reitera una y otra vez que gobernar\u00e1 y no se cansa de repetir que todos los pactos estar\u00e1n dentro de la letra y el esp\u00edritu de la Constituci\u00f3n","robots":{"index":"index","follow":"follow","max-snippet":"max-snippet:-1","max-image-preview":"max-image-preview:large","max-video-preview":"max-video-preview:-1"},"canonical":"https:\/\/conversesacatalunya.cat\/es\/nuevas-elecciones-es-muy-posible\/","og_locale":"es_ES","og_type":"article","og_title":"\u00bfNuevas elecciones? Es muy posible - Converses a Catalunya","og_description":"S\u00e1nchez reitera una y otra vez que gobernar\u00e1 y no se cansa de repetir que todos los pactos estar\u00e1n dentro de la letra y el esp\u00edritu de la Constituci\u00f3n","og_url":"https:\/\/conversesacatalunya.cat\/es\/nuevas-elecciones-es-muy-posible\/","og_site_name":"Converses a Catalunya","article_published_time":"2023-09-18T11:46:33+00:00","article_modified_time":"2023-09-18T17:45:15+00:00","og_image":[{"width":1600,"height":900,"url":"https:\/\/conversesacatalunya.cat\/wp-content\/uploads\/2023\/09\/noves-eleccions.jpg","type":"image\/jpeg"}],"author":"Joan Masip","twitter_card":"summary_large_image","twitter_misc":{"Escrito por":"Joan Masip","Tiempo de lectura":"4 minutos"},"schema":{"@context":"https:\/\/schema.org","@graph":[{"@type":"Article","@id":"https:\/\/conversesacatalunya.cat\/es\/nuevas-elecciones-es-muy-posible\/#article","isPartOf":{"@id":"https:\/\/conversesacatalunya.cat\/es\/nuevas-elecciones-es-muy-posible\/"},"author":{"name":"Joan Masip","@id":"https:\/\/conversesacatalunya.cat\/#\/schema\/person\/311d0bf53def217d5124c78a7bc42275"},"headline":"\u00bfNuevas elecciones? Es muy posible","datePublished":"2023-09-18T11:46:33+00:00","dateModified":"2023-09-18T17:45:15+00:00","mainEntityOfPage":{"@id":"https:\/\/conversesacatalunya.cat\/es\/nuevas-elecciones-es-muy-posible\/"},"wordCount":867,"commentCount":0,"image":{"@id":"https:\/\/conversesacatalunya.cat\/es\/nuevas-elecciones-es-muy-posible\/#primaryimage"},"thumbnailUrl":"https:\/\/conversesacatalunya.cat\/wp-content\/uploads\/2023\/09\/noves-eleccions.jpg","keywords":["elecciones generales 2023","eleccions generals 2023"],"articleSection":["Punts clau del dia (ES)"],"inLanguage":"es","potentialAction":[{"@type":"CommentAction","name":"Comment","target":["https:\/\/conversesacatalunya.cat\/es\/nuevas-elecciones-es-muy-posible\/#respond"]}]},{"@type":"WebPage","@id":"https:\/\/conversesacatalunya.cat\/es\/nuevas-elecciones-es-muy-posible\/","url":"https:\/\/conversesacatalunya.cat\/es\/nuevas-elecciones-es-muy-posible\/","name":"\u00bfNuevas elecciones? Es muy posible - Converses a Catalunya","isPartOf":{"@id":"https:\/\/conversesacatalunya.cat\/#website"},"primaryImageOfPage":{"@id":"https:\/\/conversesacatalunya.cat\/es\/nuevas-elecciones-es-muy-posible\/#primaryimage"},"image":{"@id":"https:\/\/conversesacatalunya.cat\/es\/nuevas-elecciones-es-muy-posible\/#primaryimage"},"thumbnailUrl":"https:\/\/conversesacatalunya.cat\/wp-content\/uploads\/2023\/09\/noves-eleccions.jpg","datePublished":"2023-09-18T11:46:33+00:00","dateModified":"2023-09-18T17:45:15+00:00","author":{"@id":"https:\/\/conversesacatalunya.cat\/#\/schema\/person\/311d0bf53def217d5124c78a7bc42275"},"description":"S\u00e1nchez reitera una y otra vez que gobernar\u00e1 y no se cansa de repetir que todos los pactos estar\u00e1n dentro de la letra y el esp\u00edritu de la Constituci\u00f3n","breadcrumb":{"@id":"https:\/\/conversesacatalunya.cat\/es\/nuevas-elecciones-es-muy-posible\/#breadcrumb"},"inLanguage":"es","potentialAction":[{"@type":"ReadAction","target":["https:\/\/conversesacatalunya.cat\/es\/nuevas-elecciones-es-muy-posible\/"]}]},{"@type":"ImageObject","inLanguage":"es","@id":"https:\/\/conversesacatalunya.cat\/es\/nuevas-elecciones-es-muy-posible\/#primaryimage","url":"https:\/\/conversesacatalunya.cat\/wp-content\/uploads\/2023\/09\/noves-eleccions.jpg","contentUrl":"https:\/\/conversesacatalunya.cat\/wp-content\/uploads\/2023\/09\/noves-eleccions.jpg","width":1600,"height":900,"caption":"noves eleccions S\u00e1nchez"},{"@type":"BreadcrumbList","@id":"https:\/\/conversesacatalunya.cat\/es\/nuevas-elecciones-es-muy-posible\/#breadcrumb","itemListElement":[{"@type":"ListItem","position":1,"name":"Inici","item":"https:\/\/conversesacatalunya.cat\/es\/"},{"@type":"ListItem","position":2,"name":"\u00bfNuevas elecciones? Es muy posible"}]},{"@type":"WebSite","@id":"https:\/\/conversesacatalunya.cat\/#website","url":"https:\/\/conversesacatalunya.cat\/","name":"Converses a Catalunya","description":"","potentialAction":[{"@type":"SearchAction","target":{"@type":"EntryPoint","urlTemplate":"https:\/\/conversesacatalunya.cat\/?s={search_term_string}"},"query-input":{"@type":"PropertyValueSpecification","valueRequired":true,"valueName":"search_term_string"}}],"inLanguage":"es"},{"@type":"Person","@id":"https:\/\/conversesacatalunya.cat\/#\/schema\/person\/311d0bf53def217d5124c78a7bc42275","name":"Joan Masip","image":{"@type":"ImageObject","inLanguage":"es","@id":"https:\/\/conversesacatalunya.cat\/#\/schema\/person\/image\/","url":"https:\/\/conversesacatalunya.cat\/wp-content\/litespeed\/avatar\/fa67b994763cff7d443f54b63ec96481.jpg?ver=1777372547","contentUrl":"https:\/\/conversesacatalunya.cat\/wp-content\/litespeed\/avatar\/fa67b994763cff7d443f54b63ec96481.jpg?ver=1777372547","caption":"Joan Masip"},"url":"https:\/\/conversesacatalunya.cat\/es\/author\/joan-masip\/"}]}},"wps_subtitle":"S\u00e1nchez reitera una y otra vez que gobernar\u00e1 y no se cansa de repetir que todos los pactos estar\u00e1n dentro de la letra y el esp\u00edritu de la Constituci\u00f3n","_links":{"self":[{"href":"https:\/\/conversesacatalunya.cat\/es\/wp-json\/wp\/v2\/posts\/70744","targetHints":{"allow":["GET"]}}],"collection":[{"href":"https:\/\/conversesacatalunya.cat\/es\/wp-json\/wp\/v2\/posts"}],"about":[{"href":"https:\/\/conversesacatalunya.cat\/es\/wp-json\/wp\/v2\/types\/post"}],"author":[{"embeddable":true,"href":"https:\/\/conversesacatalunya.cat\/es\/wp-json\/wp\/v2\/users\/78"}],"replies":[{"embeddable":true,"href":"https:\/\/conversesacatalunya.cat\/es\/wp-json\/wp\/v2\/comments?post=70744"}],"version-history":[{"count":5,"href":"https:\/\/conversesacatalunya.cat\/es\/wp-json\/wp\/v2\/posts\/70744\/revisions"}],"predecessor-version":[{"id":70757,"href":"https:\/\/conversesacatalunya.cat\/es\/wp-json\/wp\/v2\/posts\/70744\/revisions\/70757"}],"wp:featuredmedia":[{"embeddable":true,"href":"https:\/\/conversesacatalunya.cat\/es\/wp-json\/wp\/v2\/media\/70733"}],"wp:attachment":[{"href":"https:\/\/conversesacatalunya.cat\/es\/wp-json\/wp\/v2\/media?parent=70744"}],"wp:term":[{"taxonomy":"category","embeddable":true,"href":"https:\/\/conversesacatalunya.cat\/es\/wp-json\/wp\/v2\/categories?post=70744"},{"taxonomy":"post_tag","embeddable":true,"href":"https:\/\/conversesacatalunya.cat\/es\/wp-json\/wp\/v2\/tags?post=70744"}],"curies":[{"name":"wp","href":"https:\/\/api.w.org\/{rel}","templated":true}]}}