{"id":70581,"date":"2023-09-12T15:04:27","date_gmt":"2023-09-12T13:04:27","guid":{"rendered":"https:\/\/conversesacatalunya.cat\/terratremols-que-pot-passar-a-catalunya-atencio-a-barcelona\/"},"modified":"2023-09-13T08:03:28","modified_gmt":"2023-09-13T06:03:28","slug":"terremotos-que-puede-ocurrir-en-cataluna-atencion-en-barcelona","status":"publish","type":"post","link":"https:\/\/conversesacatalunya.cat\/es\/terremotos-que-puede-ocurrir-en-cataluna-atencion-en-barcelona\/","title":{"rendered":"Terremotos. \u00bfQu\u00e9 puede ocurrir en Catalu\u00f1a? Atenci\u00f3n a Barcelona"},"content":{"rendered":"<p>El terremoto que ha causado tantos da\u00f1os en Marruecos, del 8 de septiembre con un epicentro a 60 km de Marrakech, merece una\u00a0<strong>reflexi\u00f3n fundamentada<\/strong>\u00a0con los datos abundantes y las previsiones s\u00edsmicas de las que se dispone.<\/p>\n<p>Hay que recordar que un terremoto es m\u00e1s o menos devastador en funci\u00f3n de su intensidad en lo que se refiere a su magnitud y que hace referencia a la cifra que se da.\u00a0En el caso de Marruecos ha sido de 6,8, lo que es un fen\u00f3meno grande, pero que por s\u00ed solo no da una idea de los estragos que puede causar porque influye mucho la profundidad en la que se produce el foco, que en este caso fue a s\u00f3lo 18 km de la superficie, del tipo de construcci\u00f3n y de la hora. Porque es evidente que las consecuencias tr\u00e1gicas son mucho mayores por la noche que en el d\u00eda.<\/p>\n<p>El\u00a0<strong>tipo de construcci\u00f3n del \u00e1rea m\u00e1s afectada<\/strong> ha sido en gran medida responsable del n\u00famero de muertos porque la mayor parte de las construcciones de adobe se han derribado poniendo en peligro a la gente que dorm\u00eda y creando adem\u00e1s una masa espesa compacta que dificulta la penetraci\u00f3n del aire.<\/p>\n<p>Marruecos no ha tenido grandes terremotos: No es una zona especialmente marcada por la sismicidad, pero eso no quiere decir que est\u00e9 libre de ellos porque existe la falla entre las dos placas continentales, la euroasi\u00e1tica y la africana,\u00a0que\u00a0nos muestra de forma bien visible una de sus consecuencias con la cordillera del Atlas.\u00a0Estas dos placas se mueven muy lentamente y, por tanto, la capacidad de acumular energ\u00eda destructora es lenta, pero no inexistente.<\/p>\n<p>En consecuencia, lo mismo que ha ocurrido en la zona de Marruecos puede producirse en el otro lado, en <strong>la pen\u00ednsula<\/strong>.\u00a0Los expertos calculan que un terremoto de esta intensidad puede producirse con una frecuencia de 2 cada siglo.\u00a0El \u00faltimo se dio en Lorca con una magnitud de 5,1, pero no fue ni de lejos el de tipo m\u00e1ximo que cabe esperar en el sur y sureste de Espa\u00f1a.\u00a0Se pueden producir se\u00edsmos de una magnitud de 6,5 a 7 lo que significa multiplicar por 30 la magnitud de la energ\u00eda que se desat\u00f3 en Lorca.<\/p>\n<p>De este orden, el \u00faltimo que se ha dado fue en 1884, en Arenas del Rey (Granada) de una magnitud de 6,8 y m\u00e1s de 1.000 muertes.\u00a0En cierto modo podr\u00eda decirse que por el tiempo que ha pasado en cualquier momento se podr\u00eda producir entre Andaluc\u00eda, Murcia y Alicante un fen\u00f3meno de esa magnitud.\u00a0Es una probabilidad, no una certeza, porque\u00a0<strong>los terremotos no se pueden predecir<\/strong>, pero las cat\u00e1strofes que provocan pueden evitarse de acuerdo con el tipo de construcci\u00f3n.\u00a0Basta con recordar la frecuencia y magnitud de los terremotos de Jap\u00f3n y su reducido impacto en vidas humanas para constatar la evidencia.\u00a0Tambi\u00e9n el \u00e1rea de Lisboa es una zona de posible sismicidad.<\/p>\n<p>Pero la pregunta es:\u00a0<strong>\u00bfqu\u00e9 puede ocurrir en Catalu\u00f1a?\u00a0<\/strong>En este sentido, se dispone de un diagn\u00f3stico,\u00a0<a href=\"https:\/\/www.icgc.cat\/Administracio-i-empresa\/Descarregues\/Cartografia-geologica-i-geotematica\/Mapes-geofisics-i-sismics\/Avaluacio-del-risc-sismic-a-Catalunya\" target=\"_blank\" rel=\"noopener\">Evaluaci\u00f3n del riesgo s\u00edsmico en Catalu\u00f1a del Instituto Cartogr\u00e1fico y Geol\u00f3gico de Catalu\u00f1a<\/a>, que establece, en primer lugar, un mapa de zonas s\u00edsmicas en funci\u00f3n de la intensidad potencial con la que se podr\u00eda producir el terremoto.<\/p>\n<p>En toda la mitad oriental, desde el Baix Llobregat en la Catalu\u00f1a central, hasta las comarcas de Lleida y Tarragona, la intensidad te\u00f3rica es muy baja.\u00a0La m\u00e1s alta se da, por un lado, en las comarcas centrales y occidentales del Pirineo, Ripoll\u00e8s, Cerdanya, Garrotxa, Urgell, parte del Solson\u00e8s y, m\u00e1s lejos, Vall d&#8217;Aran y Pallars.\u00a0Estas son las\u00a0<strong>zonas de mayor intensidad posible<\/strong>.\u00a0Despu\u00e9s hay una zona intermedia que comprende el resto de comarcas pirenaicas y prepirenaicas, mientras que del litoral de Barcelona hacia arriba, presenta unas posibilidades de una intensidad moderada.<\/p>\n<p>Si dividi\u00e9ramos el territorio en cuatro niveles, siendo 1 el de menor intensidad y 4 el de m\u00e1xima, tendr\u00edamos que\u00a0<strong>gran parte de la Catalu\u00f1a central y occidental pertenece al nivel 1, las \u00e1reas descritas del Pirineo nivel 4, del litoral de Barcelona hacia arriba 3 y el resto de comarcas pirenaicas y prepirenaicas b\u00e1sicamente en el nivel 2<\/strong>\u00a0.<\/p>\n<p>A este factor, el Instituto Geol\u00f3gico introduce la variable del tipo de suelo para establecer si es necesario a\u00f1adir o no alg\u00fan agravante con el grado de intensidad, hecho que se da en varios puntos del territorio como se puede observar en la <a href=\"https:\/\/www.icgc.cat\/Administracio-i-empresa\/Descarregues\/Cartografia-geologica-i-geotematica\/Mapes-geofisics-i-sismics\/Avaluacio-del-risc-sismic-a-Catalunya\" target=\"_blank\" rel=\"noopener\">informaci\u00f3n adjunta<\/a>, especialmente\u00a0en la costa de Barcelona hasta el sur de la Costa Brava, aproximadamente.\u00a0Desde este punto de vista el problema de la combinaci\u00f3n de la intensidad con las caracter\u00edsticas del suelo, no est\u00e1 significativamente, m\u00e1s all\u00e1 de remarcar un mayor problema potencial en las comarcas de los Pallars y Vall d&#8217;Aran y algunos puntos muy concretos del Pirineo central.<\/p>\n<p>Por \u00faltimo, todo esto se relaciona con la\u00a0<strong>vulnerabilidad s\u00edsmica de los edificios actuales<\/strong>, constante que no ha sido puesta a prueba por ning\u00fan terremoto importante.\u00a0La estimaci\u00f3n la realiza el Instituto Cartogr\u00e1fico a partir del conocimiento de las t\u00e9cnicas constrictivas del pa\u00eds activando su vulnerabilidad en relaci\u00f3n al parque de edificios existentes.<\/p>\n<p>El resultado es que hay\u00a0<strong>25 municipios de Catalu\u00f1a con vulnerabilidad alta, 569 de media y 347 de baja<\/strong>.\u00a0Los municipios seriamente da\u00f1ados ser\u00edan los que m\u00e1s del 40% de las construcciones presentar\u00edan da\u00f1os moderados o graves.\u00a0Los moderadamente da\u00f1ados situar\u00edan ese intervalo entre el 20 y el 40% del parque de edificios.\u00a0Y los ligeramente da\u00f1ados menos del 20%.\u00a0De acuerdo con esta clasificaci\u00f3n, que en \u00faltimo t\u00e9rmino ser\u00eda la que determinar\u00eda el grado de afectaci\u00f3n sobre personas y actividad econ\u00f3mica, el problema se concentra sobre todo en las comarcas de los Pirineos y Prepirineos, adem\u00e1s de algunos municipios del Vall\u00e8s Oriental y de Osona.\u00a0Si bien es necesario hacer una remarcaci\u00f3n especial. <strong>Barcelona<\/strong>, que geogr\u00e1ficamente est\u00e1 ubicada en el \u00e1rea a caballo entre el riesgo moderado y ligero, presenta una clasificaci\u00f3n de da\u00f1os graves.\u00a0Estas previsiones han sido incorporadas en el Plan de Emergencia s\u00edsmica de Catalunya y han sido homologadas por la Comisi\u00f3n Nacional de Protecci\u00f3n Civil de junio de 2002.<\/p>\n<p><span class=\"VIpgJd-yAWNEb-VIpgJd-fmcmS-sn54Q\">El hecho de que la capital de Catalu\u00f1a presente estas caracter\u00edsticas no deber\u00eda dejar indiferente al Ayuntamiento sin necesidad de incurrir en ning\u00fan alarmismo.\u00a0<\/span>Se tratar\u00eda de la necesidad de revisar, de acuerdo con los datos disponibles,\u00a0<strong>los barrios y edificaciones m\u00e1s d\u00e9biles<\/strong>\u00a0ante un posible terremoto y tratar de adoptar medidas paliativas.\u00a0Ya se ha dicho que, si bien esta grave alteraci\u00f3n del suelo no puede preverse, los da\u00f1os pueden notarse mucho menos si los responsables pol\u00edticos act\u00faan con sensatez y responsablemente.<\/p>\n<div id=\"polls-209\" class=\"wp-polls\">\n\t<form id=\"polls_form_209\" class=\"wp-polls-form\" action=\"\/index.php\" method=\"post\">\n\t\t<p style=\"display: none;\"><input type=\"hidden\" id=\"poll_209_nonce\" name=\"wp-polls-nonce\" value=\"d76132522c\" \/><\/p>\n\t\t<p style=\"display: none;\"><input type=\"hidden\" name=\"poll_id\" value=\"209\" \/><\/p>\n\t\t<p style=\"text-align: center\"><strong>Creus que s'aprovar\u00e0 alguna mena d'amnistia abans de la investidura de S\u00e1nchez?<\/strong><\/p><div id=\"polls-209-ans\" class=\"wp-polls-ans\"><ul class=\"wp-polls-ul\">\n\t\t<li><input type=\"radio\" id=\"poll-answer-580\" name=\"poll_209\" value=\"580\" \/> <label for=\"poll-answer-580\">S\u00ed<\/label><\/li>\n\t\t<li><input type=\"radio\" id=\"poll-answer-581\" name=\"poll_209\" value=\"581\" \/> <label for=\"poll-answer-581\">No<\/label><\/li>\n\t\t<li><input type=\"radio\" id=\"poll-answer-582\" name=\"poll_209\" value=\"582\" \/> <label for=\"poll-answer-582\">No ho s\u00e9<\/label><\/li>\n\t\t<\/ul><p style=\"text-align: center\"><input type=\"button\" name=\"vote\" value=\"   Vota   \" class=\"Buttons\" onclick=\"poll_vote(209);\" \/><\/p><p style=\"text-align: center\"><a href=\"#ViewPollResults\" onclick=\"poll_result(209); return false;\" title=\"View Results Of This Poll\">Mira els resultats<\/a><\/p><\/div>\n\t<\/form>\n<\/div>\n<div id=\"polls-209-loading\" class=\"wp-polls-loading\"><img decoding=\"async\" data-src=\"https:\/\/conversesacatalunya.cat\/wp-content\/plugins\/wp-polls\/images\/loading.gif\" width=\"16\" height=\"16\" alt=\"Cargando ...\" title=\"Cargando ...\" class=\"wp-polls-image lazyload\" src=\"data:image\/svg+xml;base64,PHN2ZyB3aWR0aD0iMSIgaGVpZ2h0PSIxIiB4bWxucz0iaHR0cDovL3d3dy53My5vcmcvMjAwMC9zdmciPjwvc3ZnPg==\" style=\"--smush-placeholder-width: 16px; --smush-placeholder-aspect-ratio: 16\/16;\" \/>&nbsp;Cargando ...<\/div>\n\n","protected":false},"excerpt":{"rendered":"<p>El terremoto que ha causado tantos da\u00f1os en Marruecos, del 8 de septiembre con un epicentro a 60 km de Marrakech, merece una\u00a0reflexi\u00f3n fundamentada\u00a0con los datos abundantes y las previsiones s\u00edsmicas de las que se dispone. Hay que recordar que un terremoto es m\u00e1s o menos devastador en funci\u00f3n de su intensidad en lo que se refiere a su magnitud y que hace referencia a la cifra que se da.\u00a0En el caso de Marruecos ha sido de 6,8, lo que es un fen\u00f3meno grande, pero que por s\u00ed solo no da una idea de los estragos que puede causar porque influye mucho la profundidad en la que se produce el foco, que en este caso fue a s\u00f3lo 18 km de la superficie, del tipo de construcci\u00f3n y de la hora. Porque es evidente que las consecuencias tr\u00e1gicas son mucho mayores por la noche que en el d\u00eda. El\u00a0tipo de construcci\u00f3n del \u00e1rea m\u00e1s afectada ha sido en gran medida responsable del n\u00famero de muertos porque la mayor parte de las construcciones de adobe se han derribado poniendo en peligro a la gente que dorm\u00eda y creando adem\u00e1s una masa espesa compacta que dificulta la penetraci\u00f3n del aire. Marruecos no ha tenido grandes terremotos: No es una zona especialmente marcada por la sismicidad, pero eso no quiere decir que est\u00e9 libre de ellos porque existe la falla entre las dos placas continentales, la euroasi\u00e1tica y la africana,\u00a0que\u00a0nos muestra de forma bien visible una de sus consecuencias con la cordillera del Atlas.\u00a0Estas dos placas se mueven muy lentamente y, por tanto, la capacidad de acumular energ\u00eda destructora es lenta, pero no inexistente. En consecuencia, lo mismo que ha ocurrido en la zona de Marruecos puede producirse en el otro lado, en la pen\u00ednsula.\u00a0Los expertos calculan que un terremoto de esta intensidad puede producirse con una frecuencia de 2 cada siglo.\u00a0El \u00faltimo se dio en Lorca con una magnitud de 5,1, pero no fue ni de lejos el de tipo m\u00e1ximo que cabe esperar en el sur y sureste de Espa\u00f1a.\u00a0Se pueden producir se\u00edsmos de una magnitud de 6,5 a 7 lo que significa multiplicar por 30 la magnitud de la energ\u00eda que se desat\u00f3 en Lorca. De este orden, el \u00faltimo que se ha dado fue en 1884, en Arenas del Rey (Granada) de una magnitud de 6,8 y m\u00e1s de 1.000 muertes.\u00a0En cierto modo podr\u00eda decirse que por el tiempo que ha pasado en cualquier momento se podr\u00eda producir entre Andaluc\u00eda, Murcia y Alicante un fen\u00f3meno de esa magnitud.\u00a0Es una probabilidad, no una certeza, porque\u00a0los terremotos no se pueden predecir, pero las cat\u00e1strofes que provocan pueden evitarse de acuerdo con el tipo de construcci\u00f3n.\u00a0Basta con recordar la frecuencia y magnitud de los terremotos de Jap\u00f3n y su reducido impacto en vidas humanas para constatar la evidencia.\u00a0Tambi\u00e9n el \u00e1rea de Lisboa es una zona de posible sismicidad. Pero la pregunta es:\u00a0\u00bfqu\u00e9 puede ocurrir en Catalu\u00f1a?\u00a0En este sentido, se dispone de un diagn\u00f3stico,\u00a0Evaluaci\u00f3n del riesgo s\u00edsmico en Catalu\u00f1a del Instituto Cartogr\u00e1fico y Geol\u00f3gico de Catalu\u00f1a, que establece, en primer lugar, un mapa de zonas s\u00edsmicas en funci\u00f3n de la intensidad potencial con la que se podr\u00eda producir el terremoto. En toda la mitad oriental, desde el Baix Llobregat en la Catalu\u00f1a central, hasta las comarcas de Lleida y Tarragona, la intensidad te\u00f3rica es muy baja.\u00a0La m\u00e1s alta se da, por un lado, en las comarcas centrales y occidentales del Pirineo, Ripoll\u00e8s, Cerdanya, Garrotxa, Urgell, parte del Solson\u00e8s y, m\u00e1s lejos, Vall d&#8217;Aran y Pallars.\u00a0Estas son las\u00a0zonas de mayor intensidad posible.\u00a0Despu\u00e9s hay una zona intermedia que comprende el resto de comarcas pirenaicas y prepirenaicas, mientras que del litoral de Barcelona hacia arriba, presenta unas posibilidades de una intensidad moderada. Si dividi\u00e9ramos el territorio en cuatro niveles, siendo 1 el de menor intensidad y 4 el de m\u00e1xima, tendr\u00edamos que\u00a0gran parte de la Catalu\u00f1a central y occidental pertenece al nivel 1, las \u00e1reas descritas del Pirineo nivel 4, del litoral de Barcelona hacia arriba 3 y el resto de comarcas pirenaicas y prepirenaicas b\u00e1sicamente en el nivel 2\u00a0. A este factor, el Instituto Geol\u00f3gico introduce la variable del tipo de suelo para establecer si es necesario a\u00f1adir o no alg\u00fan agravante con el grado de intensidad, hecho que se da en varios puntos del territorio como se puede observar en la informaci\u00f3n adjunta, especialmente\u00a0en la costa de Barcelona hasta el sur de la Costa Brava, aproximadamente.\u00a0Desde este punto de vista el problema de la combinaci\u00f3n de la intensidad con las caracter\u00edsticas del suelo, no est\u00e1 significativamente, m\u00e1s all\u00e1 de remarcar un mayor problema potencial en las comarcas de los Pallars y Vall d&#8217;Aran y algunos puntos muy concretos del Pirineo central. Por \u00faltimo, todo esto se relaciona con la\u00a0vulnerabilidad s\u00edsmica de los edificios actuales, constante que no ha sido puesta a prueba por ning\u00fan terremoto importante.\u00a0La estimaci\u00f3n la realiza el Instituto Cartogr\u00e1fico a partir del conocimiento de las t\u00e9cnicas constrictivas del pa\u00eds activando su vulnerabilidad en relaci\u00f3n al parque de edificios existentes. El resultado es que hay\u00a025 municipios de Catalu\u00f1a con vulnerabilidad alta, 569 de media y 347 de baja.\u00a0Los municipios seriamente da\u00f1ados ser\u00edan los que m\u00e1s del 40% de las construcciones presentar\u00edan da\u00f1os moderados o graves.\u00a0Los moderadamente da\u00f1ados situar\u00edan ese intervalo entre el 20 y el 40% del parque de edificios.\u00a0Y los ligeramente da\u00f1ados menos del 20%.\u00a0De acuerdo con esta clasificaci\u00f3n, que en \u00faltimo t\u00e9rmino ser\u00eda la que determinar\u00eda el grado de afectaci\u00f3n sobre personas y actividad econ\u00f3mica, el problema se concentra sobre todo en las comarcas de los Pirineos y Prepirineos, adem\u00e1s de algunos municipios del Vall\u00e8s Oriental y de Osona.\u00a0Si bien es necesario hacer una remarcaci\u00f3n especial. Barcelona, que geogr\u00e1ficamente est\u00e1 ubicada en el \u00e1rea a caballo entre el riesgo moderado y ligero, presenta una clasificaci\u00f3n de da\u00f1os graves.\u00a0Estas previsiones han sido incorporadas en el Plan de Emergencia s\u00edsmica de Catalunya y han sido homologadas por la Comisi\u00f3n Nacional de Protecci\u00f3n Civil de junio de 2002. El hecho de que la capital de Catalu\u00f1a presente estas caracter\u00edsticas no deber\u00eda dejar&#8230;<\/p>\n","protected":false},"author":78,"featured_media":70558,"comment_status":"open","ping_status":"open","sticky":false,"template":"","format":"standard","meta":{"_FSMCFIC_featured_image_caption":"","_FSMCFIC_featured_image_nocaption":"","_FSMCFIC_featured_image_hide":"","footnotes":""},"categories":[806],"tags":[836,1071],"class_list":["post-70581","post","type-post","status-publish","format-standard","has-post-thumbnail","hentry","category-punts-claus-del-dia-es","tag-medi-ambient-es","tag-medio-ambiente"],"yoast_head":"<!-- This site is optimized with the Yoast SEO plugin v26.8 - https:\/\/yoast.com\/product\/yoast-seo-wordpress\/ -->\n<title>Terremotos. \u00bfQu\u00e9 puede ocurrir en Catalu\u00f1a? Atenci\u00f3n a Barcelona - Converses a Catalunya<\/title>\n<meta name=\"description\" content=\"Lo mismo que ha ocurrido en la zona de Marruecos puede producirse en otro lado, en la pen\u00ednsula\" \/>\n<meta name=\"robots\" content=\"index, follow, max-snippet:-1, max-image-preview:large, max-video-preview:-1\" \/>\n<link rel=\"canonical\" href=\"https:\/\/conversesacatalunya.cat\/es\/terremotos-que-puede-ocurrir-en-cataluna-atencion-en-barcelona\/\" \/>\n<meta property=\"og:locale\" content=\"es_ES\" \/>\n<meta property=\"og:type\" content=\"article\" \/>\n<meta property=\"og:title\" content=\"Terremotos. \u00bfQu\u00e9 puede ocurrir en Catalu\u00f1a? Atenci\u00f3n a Barcelona - Converses a Catalunya\" \/>\n<meta property=\"og:description\" content=\"Lo mismo que ha ocurrido en la zona de Marruecos puede producirse en otro lado, en la pen\u00ednsula\" \/>\n<meta property=\"og:url\" content=\"https:\/\/conversesacatalunya.cat\/es\/terremotos-que-puede-ocurrir-en-cataluna-atencion-en-barcelona\/\" \/>\n<meta property=\"og:site_name\" content=\"Converses a Catalunya\" \/>\n<meta property=\"article:published_time\" content=\"2023-09-12T13:04:27+00:00\" \/>\n<meta property=\"article:modified_time\" content=\"2023-09-13T06:03:28+00:00\" \/>\n<meta property=\"og:image\" content=\"https:\/\/conversesacatalunya.cat\/wp-content\/uploads\/2023\/09\/terremoto.jpg\" \/>\n\t<meta property=\"og:image:width\" content=\"775\" \/>\n\t<meta property=\"og:image:height\" content=\"414\" \/>\n\t<meta property=\"og:image:type\" content=\"image\/jpeg\" \/>\n<meta name=\"author\" content=\"Joan Masip\" \/>\n<meta name=\"twitter:card\" content=\"summary_large_image\" \/>\n<meta name=\"twitter:label1\" content=\"Escrito por\" \/>\n\t<meta name=\"twitter:data1\" content=\"Joan Masip\" \/>\n\t<meta name=\"twitter:label2\" content=\"Tiempo de lectura\" \/>\n\t<meta name=\"twitter:data2\" content=\"6 minutos\" \/>\n<script type=\"application\/ld+json\" class=\"yoast-schema-graph\">{\"@context\":\"https:\/\/schema.org\",\"@graph\":[{\"@type\":\"Article\",\"@id\":\"https:\/\/conversesacatalunya.cat\/es\/terremotos-que-puede-ocurrir-en-cataluna-atencion-en-barcelona\/#article\",\"isPartOf\":{\"@id\":\"https:\/\/conversesacatalunya.cat\/es\/terremotos-que-puede-ocurrir-en-cataluna-atencion-en-barcelona\/\"},\"author\":{\"name\":\"Joan Masip\",\"@id\":\"https:\/\/conversesacatalunya.cat\/#\/schema\/person\/311d0bf53def217d5124c78a7bc42275\"},\"headline\":\"Terremotos. \u00bfQu\u00e9 puede ocurrir en Catalu\u00f1a? Atenci\u00f3n a Barcelona\",\"datePublished\":\"2023-09-12T13:04:27+00:00\",\"dateModified\":\"2023-09-13T06:03:28+00:00\",\"mainEntityOfPage\":{\"@id\":\"https:\/\/conversesacatalunya.cat\/es\/terremotos-que-puede-ocurrir-en-cataluna-atencion-en-barcelona\/\"},\"wordCount\":1195,\"commentCount\":0,\"image\":{\"@id\":\"https:\/\/conversesacatalunya.cat\/es\/terremotos-que-puede-ocurrir-en-cataluna-atencion-en-barcelona\/#primaryimage\"},\"thumbnailUrl\":\"https:\/\/conversesacatalunya.cat\/wp-content\/uploads\/2023\/09\/terremoto.jpg\",\"keywords\":[\"Medi Ambient\",\"Medio Ambiente\"],\"articleSection\":[\"Punts clau del dia (ES)\"],\"inLanguage\":\"es\",\"potentialAction\":[{\"@type\":\"CommentAction\",\"name\":\"Comment\",\"target\":[\"https:\/\/conversesacatalunya.cat\/es\/terremotos-que-puede-ocurrir-en-cataluna-atencion-en-barcelona\/#respond\"]}]},{\"@type\":\"WebPage\",\"@id\":\"https:\/\/conversesacatalunya.cat\/es\/terremotos-que-puede-ocurrir-en-cataluna-atencion-en-barcelona\/\",\"url\":\"https:\/\/conversesacatalunya.cat\/es\/terremotos-que-puede-ocurrir-en-cataluna-atencion-en-barcelona\/\",\"name\":\"Terremotos. \u00bfQu\u00e9 puede ocurrir en Catalu\u00f1a? Atenci\u00f3n a Barcelona - Converses a Catalunya\",\"isPartOf\":{\"@id\":\"https:\/\/conversesacatalunya.cat\/#website\"},\"primaryImageOfPage\":{\"@id\":\"https:\/\/conversesacatalunya.cat\/es\/terremotos-que-puede-ocurrir-en-cataluna-atencion-en-barcelona\/#primaryimage\"},\"image\":{\"@id\":\"https:\/\/conversesacatalunya.cat\/es\/terremotos-que-puede-ocurrir-en-cataluna-atencion-en-barcelona\/#primaryimage\"},\"thumbnailUrl\":\"https:\/\/conversesacatalunya.cat\/wp-content\/uploads\/2023\/09\/terremoto.jpg\",\"datePublished\":\"2023-09-12T13:04:27+00:00\",\"dateModified\":\"2023-09-13T06:03:28+00:00\",\"author\":{\"@id\":\"https:\/\/conversesacatalunya.cat\/#\/schema\/person\/311d0bf53def217d5124c78a7bc42275\"},\"description\":\"Lo mismo que ha ocurrido en la zona de Marruecos puede producirse en otro lado, en la pen\u00ednsula\",\"breadcrumb\":{\"@id\":\"https:\/\/conversesacatalunya.cat\/es\/terremotos-que-puede-ocurrir-en-cataluna-atencion-en-barcelona\/#breadcrumb\"},\"inLanguage\":\"es\",\"potentialAction\":[{\"@type\":\"ReadAction\",\"target\":[\"https:\/\/conversesacatalunya.cat\/es\/terremotos-que-puede-ocurrir-en-cataluna-atencion-en-barcelona\/\"]}]},{\"@type\":\"ImageObject\",\"inLanguage\":\"es\",\"@id\":\"https:\/\/conversesacatalunya.cat\/es\/terremotos-que-puede-ocurrir-en-cataluna-atencion-en-barcelona\/#primaryimage\",\"url\":\"https:\/\/conversesacatalunya.cat\/wp-content\/uploads\/2023\/09\/terremoto.jpg\",\"contentUrl\":\"https:\/\/conversesacatalunya.cat\/wp-content\/uploads\/2023\/09\/terremoto.jpg\",\"width\":775,\"height\":414,\"caption\":\"terremoto Marruecos\"},{\"@type\":\"BreadcrumbList\",\"@id\":\"https:\/\/conversesacatalunya.cat\/es\/terremotos-que-puede-ocurrir-en-cataluna-atencion-en-barcelona\/#breadcrumb\",\"itemListElement\":[{\"@type\":\"ListItem\",\"position\":1,\"name\":\"Inici\",\"item\":\"https:\/\/conversesacatalunya.cat\/es\/\"},{\"@type\":\"ListItem\",\"position\":2,\"name\":\"Terremotos. \u00bfQu\u00e9 puede ocurrir en Catalu\u00f1a? Atenci\u00f3n a Barcelona\"}]},{\"@type\":\"WebSite\",\"@id\":\"https:\/\/conversesacatalunya.cat\/#website\",\"url\":\"https:\/\/conversesacatalunya.cat\/\",\"name\":\"Converses a Catalunya\",\"description\":\"\",\"potentialAction\":[{\"@type\":\"SearchAction\",\"target\":{\"@type\":\"EntryPoint\",\"urlTemplate\":\"https:\/\/conversesacatalunya.cat\/?s={search_term_string}\"},\"query-input\":{\"@type\":\"PropertyValueSpecification\",\"valueRequired\":true,\"valueName\":\"search_term_string\"}}],\"inLanguage\":\"es\"},{\"@type\":\"Person\",\"@id\":\"https:\/\/conversesacatalunya.cat\/#\/schema\/person\/311d0bf53def217d5124c78a7bc42275\",\"name\":\"Joan Masip\",\"image\":{\"@type\":\"ImageObject\",\"inLanguage\":\"es\",\"@id\":\"https:\/\/conversesacatalunya.cat\/#\/schema\/person\/image\/\",\"url\":\"https:\/\/conversesacatalunya.cat\/wp-content\/litespeed\/avatar\/fa67b994763cff7d443f54b63ec96481.jpg?ver=1777372547\",\"contentUrl\":\"https:\/\/conversesacatalunya.cat\/wp-content\/litespeed\/avatar\/fa67b994763cff7d443f54b63ec96481.jpg?ver=1777372547\",\"caption\":\"Joan Masip\"},\"url\":\"https:\/\/conversesacatalunya.cat\/es\/author\/joan-masip\/\"}]}<\/script>\n<!-- \/ Yoast SEO plugin. -->","yoast_head_json":{"title":"Terremotos. \u00bfQu\u00e9 puede ocurrir en Catalu\u00f1a? Atenci\u00f3n a Barcelona - Converses a Catalunya","description":"Lo mismo que ha ocurrido en la zona de Marruecos puede producirse en otro lado, en la pen\u00ednsula","robots":{"index":"index","follow":"follow","max-snippet":"max-snippet:-1","max-image-preview":"max-image-preview:large","max-video-preview":"max-video-preview:-1"},"canonical":"https:\/\/conversesacatalunya.cat\/es\/terremotos-que-puede-ocurrir-en-cataluna-atencion-en-barcelona\/","og_locale":"es_ES","og_type":"article","og_title":"Terremotos. \u00bfQu\u00e9 puede ocurrir en Catalu\u00f1a? Atenci\u00f3n a Barcelona - Converses a Catalunya","og_description":"Lo mismo que ha ocurrido en la zona de Marruecos puede producirse en otro lado, en la pen\u00ednsula","og_url":"https:\/\/conversesacatalunya.cat\/es\/terremotos-que-puede-ocurrir-en-cataluna-atencion-en-barcelona\/","og_site_name":"Converses a Catalunya","article_published_time":"2023-09-12T13:04:27+00:00","article_modified_time":"2023-09-13T06:03:28+00:00","og_image":[{"width":775,"height":414,"url":"https:\/\/conversesacatalunya.cat\/wp-content\/uploads\/2023\/09\/terremoto.jpg","type":"image\/jpeg"}],"author":"Joan Masip","twitter_card":"summary_large_image","twitter_misc":{"Escrito por":"Joan Masip","Tiempo de lectura":"6 minutos"},"schema":{"@context":"https:\/\/schema.org","@graph":[{"@type":"Article","@id":"https:\/\/conversesacatalunya.cat\/es\/terremotos-que-puede-ocurrir-en-cataluna-atencion-en-barcelona\/#article","isPartOf":{"@id":"https:\/\/conversesacatalunya.cat\/es\/terremotos-que-puede-ocurrir-en-cataluna-atencion-en-barcelona\/"},"author":{"name":"Joan Masip","@id":"https:\/\/conversesacatalunya.cat\/#\/schema\/person\/311d0bf53def217d5124c78a7bc42275"},"headline":"Terremotos. \u00bfQu\u00e9 puede ocurrir en Catalu\u00f1a? Atenci\u00f3n a Barcelona","datePublished":"2023-09-12T13:04:27+00:00","dateModified":"2023-09-13T06:03:28+00:00","mainEntityOfPage":{"@id":"https:\/\/conversesacatalunya.cat\/es\/terremotos-que-puede-ocurrir-en-cataluna-atencion-en-barcelona\/"},"wordCount":1195,"commentCount":0,"image":{"@id":"https:\/\/conversesacatalunya.cat\/es\/terremotos-que-puede-ocurrir-en-cataluna-atencion-en-barcelona\/#primaryimage"},"thumbnailUrl":"https:\/\/conversesacatalunya.cat\/wp-content\/uploads\/2023\/09\/terremoto.jpg","keywords":["Medi Ambient","Medio Ambiente"],"articleSection":["Punts clau del dia (ES)"],"inLanguage":"es","potentialAction":[{"@type":"CommentAction","name":"Comment","target":["https:\/\/conversesacatalunya.cat\/es\/terremotos-que-puede-ocurrir-en-cataluna-atencion-en-barcelona\/#respond"]}]},{"@type":"WebPage","@id":"https:\/\/conversesacatalunya.cat\/es\/terremotos-que-puede-ocurrir-en-cataluna-atencion-en-barcelona\/","url":"https:\/\/conversesacatalunya.cat\/es\/terremotos-que-puede-ocurrir-en-cataluna-atencion-en-barcelona\/","name":"Terremotos. \u00bfQu\u00e9 puede ocurrir en Catalu\u00f1a? Atenci\u00f3n a Barcelona - Converses a Catalunya","isPartOf":{"@id":"https:\/\/conversesacatalunya.cat\/#website"},"primaryImageOfPage":{"@id":"https:\/\/conversesacatalunya.cat\/es\/terremotos-que-puede-ocurrir-en-cataluna-atencion-en-barcelona\/#primaryimage"},"image":{"@id":"https:\/\/conversesacatalunya.cat\/es\/terremotos-que-puede-ocurrir-en-cataluna-atencion-en-barcelona\/#primaryimage"},"thumbnailUrl":"https:\/\/conversesacatalunya.cat\/wp-content\/uploads\/2023\/09\/terremoto.jpg","datePublished":"2023-09-12T13:04:27+00:00","dateModified":"2023-09-13T06:03:28+00:00","author":{"@id":"https:\/\/conversesacatalunya.cat\/#\/schema\/person\/311d0bf53def217d5124c78a7bc42275"},"description":"Lo mismo que ha ocurrido en la zona de Marruecos puede producirse en otro lado, en la pen\u00ednsula","breadcrumb":{"@id":"https:\/\/conversesacatalunya.cat\/es\/terremotos-que-puede-ocurrir-en-cataluna-atencion-en-barcelona\/#breadcrumb"},"inLanguage":"es","potentialAction":[{"@type":"ReadAction","target":["https:\/\/conversesacatalunya.cat\/es\/terremotos-que-puede-ocurrir-en-cataluna-atencion-en-barcelona\/"]}]},{"@type":"ImageObject","inLanguage":"es","@id":"https:\/\/conversesacatalunya.cat\/es\/terremotos-que-puede-ocurrir-en-cataluna-atencion-en-barcelona\/#primaryimage","url":"https:\/\/conversesacatalunya.cat\/wp-content\/uploads\/2023\/09\/terremoto.jpg","contentUrl":"https:\/\/conversesacatalunya.cat\/wp-content\/uploads\/2023\/09\/terremoto.jpg","width":775,"height":414,"caption":"terremoto Marruecos"},{"@type":"BreadcrumbList","@id":"https:\/\/conversesacatalunya.cat\/es\/terremotos-que-puede-ocurrir-en-cataluna-atencion-en-barcelona\/#breadcrumb","itemListElement":[{"@type":"ListItem","position":1,"name":"Inici","item":"https:\/\/conversesacatalunya.cat\/es\/"},{"@type":"ListItem","position":2,"name":"Terremotos. \u00bfQu\u00e9 puede ocurrir en Catalu\u00f1a? Atenci\u00f3n a Barcelona"}]},{"@type":"WebSite","@id":"https:\/\/conversesacatalunya.cat\/#website","url":"https:\/\/conversesacatalunya.cat\/","name":"Converses a Catalunya","description":"","potentialAction":[{"@type":"SearchAction","target":{"@type":"EntryPoint","urlTemplate":"https:\/\/conversesacatalunya.cat\/?s={search_term_string}"},"query-input":{"@type":"PropertyValueSpecification","valueRequired":true,"valueName":"search_term_string"}}],"inLanguage":"es"},{"@type":"Person","@id":"https:\/\/conversesacatalunya.cat\/#\/schema\/person\/311d0bf53def217d5124c78a7bc42275","name":"Joan Masip","image":{"@type":"ImageObject","inLanguage":"es","@id":"https:\/\/conversesacatalunya.cat\/#\/schema\/person\/image\/","url":"https:\/\/conversesacatalunya.cat\/wp-content\/litespeed\/avatar\/fa67b994763cff7d443f54b63ec96481.jpg?ver=1777372547","contentUrl":"https:\/\/conversesacatalunya.cat\/wp-content\/litespeed\/avatar\/fa67b994763cff7d443f54b63ec96481.jpg?ver=1777372547","caption":"Joan Masip"},"url":"https:\/\/conversesacatalunya.cat\/es\/author\/joan-masip\/"}]}},"wps_subtitle":"Lo mismo que ha ocurrido en la zona de Marruecos puede producirse en otro lado, en la pen\u00ednsula","_links":{"self":[{"href":"https:\/\/conversesacatalunya.cat\/es\/wp-json\/wp\/v2\/posts\/70581","targetHints":{"allow":["GET"]}}],"collection":[{"href":"https:\/\/conversesacatalunya.cat\/es\/wp-json\/wp\/v2\/posts"}],"about":[{"href":"https:\/\/conversesacatalunya.cat\/es\/wp-json\/wp\/v2\/types\/post"}],"author":[{"embeddable":true,"href":"https:\/\/conversesacatalunya.cat\/es\/wp-json\/wp\/v2\/users\/78"}],"replies":[{"embeddable":true,"href":"https:\/\/conversesacatalunya.cat\/es\/wp-json\/wp\/v2\/comments?post=70581"}],"version-history":[{"count":3,"href":"https:\/\/conversesacatalunya.cat\/es\/wp-json\/wp\/v2\/posts\/70581\/revisions"}],"predecessor-version":[{"id":70584,"href":"https:\/\/conversesacatalunya.cat\/es\/wp-json\/wp\/v2\/posts\/70581\/revisions\/70584"}],"wp:featuredmedia":[{"embeddable":true,"href":"https:\/\/conversesacatalunya.cat\/es\/wp-json\/wp\/v2\/media\/70558"}],"wp:attachment":[{"href":"https:\/\/conversesacatalunya.cat\/es\/wp-json\/wp\/v2\/media?parent=70581"}],"wp:term":[{"taxonomy":"category","embeddable":true,"href":"https:\/\/conversesacatalunya.cat\/es\/wp-json\/wp\/v2\/categories?post=70581"},{"taxonomy":"post_tag","embeddable":true,"href":"https:\/\/conversesacatalunya.cat\/es\/wp-json\/wp\/v2\/tags?post=70581"}],"curies":[{"name":"wp","href":"https:\/\/api.w.org\/{rel}","templated":true}]}}