{"id":70546,"date":"2023-09-13T09:00:36","date_gmt":"2023-09-13T07:00:36","guid":{"rendered":"https:\/\/conversesacatalunya.cat\/?p=70546"},"modified":"2023-09-12T13:25:57","modified_gmt":"2023-09-12T11:25:57","slug":"conclusiones-seminario-sobre-futuro-ue","status":"publish","type":"post","link":"https:\/\/conversesacatalunya.cat\/es\/conclusiones-seminario-sobre-futuro-ue\/","title":{"rendered":"Conclusiones de un seminario de expertos sobre el futuro de la UE celebrado en agosto en Bruselas"},"content":{"rendered":"<h4><strong>La conclusi\u00f3n principal de un seminario de expertos sobre el futuro de la UE celebrado en agosto en Bruselas es la siguiente:<\/strong><\/h4>\n<p>\u201cNuestro compromiso europe\u00edsta incondicional y la buena reacci\u00f3n de la UE ante las \u00faltimas grandes crisis, como el Brexit, la pandemia o la guerra de Ucrania, que en conjunto forman una verdadera \u201cpolicrisis\u201d, no deben cegarnos a la hora de reconocer que actualmente la UE se ve afectada por un conjunto de amenazas muy serias, tanto internas como externas. Para combatirlas, ser\u00e1 necesario, en palabras de Gramsci, combinar el pesimismo de la inteligencia con el optimismo de la voluntad. S\u00f3lo una comprensi\u00f3n precisa de los peligros que le amenazan y la voluntad de superarlos podr\u00e1 garantizar a la UE un futuro esperanzador\u201c.<\/p>\n<h4><strong>Reacci\u00f3n eficaz en las \u00faltimas crisis:<\/strong><\/h4>\n<p><strong>Brexit.<\/strong> La UE se ha mantenido unida ante el reto del primer estado que la abandona, el fracaso del Brexit es m\u00e1s que evidente en el Reino Unido que ya piensa en el Regrexit, es un gran error hist\u00f3rico de los brit\u00e1nicos, ning\u00fan otro estado miembro de la UE est\u00e1 dispuesto a probar la experiencia de una salida de la organizaci\u00f3n a la vista del fracaso brit\u00e1nico. Por el contrario, la UE va directa a una pr\u00f3xima ampliaci\u00f3n hacia los Balcanes.<\/p>\n<p><strong>Pandemia.<\/strong> Despu\u00e9s de una cierta confusi\u00f3n inicial, comprensible por la ausencia de competencias sanitarias y de precedentes durante un siglo, la reacci\u00f3n de la UE puede valorarse como en\u00e9rgica y positiva. La compra conjunta de vacunas, conseguida en tiempo r\u00e9cord, permiti\u00f3 la adopci\u00f3n de un plan de vacunaci\u00f3n completo y el regreso a la normalidad de la vida social y econ\u00f3mica.<\/p>\n<p><strong>Muy importante la creaci\u00f3n de deuda com\u00fan por primera vez en la historia de la UE<\/strong> para superar la crisis socioecon\u00f3mica provocada por la pandemia. En julio de 2020, la UE rompi\u00f3 un tab\u00fa al decidir emitir bonos comunes para afrontar una crisis econ\u00f3mica y social. Esto no fue posible durante la Gran Recesi\u00f3n de 2008. El importe de la emisi\u00f3n ha sido colosal: 750.000 millones de euros.<\/p>\n<p><strong>La UE ha sido capaz de reaccionar de forma en\u00e9rgica y eficaz ante la <a href=\"https:\/\/conversesacatalunya.cat\/es\/invasion-rusa-ucraina-vision-desde-sur-europa\/\" target=\"_blank\" rel=\"noopener\">guerra de Ucrania<\/a>.<\/strong> La UE es esencialmente un proyecto de paz. Nada m\u00e1s contrario al esp\u00edritu fundacional de la UE que una guerra en Europa. Su relato inicial, que se remonta a mediados del siglo pasado, es \u00abnunca m\u00e1s guerra entre nosotros los europeos\u00bb. La incredulidad fue el primer sentimiento generalizado en la UE ante la invasi\u00f3n rusa de Ucrania. Era una vuelta al pasado, al peor pasado que ha conocido Europa y que la pusieron en peligro de muerte durante la primera mitad del siglo pasado.<\/p>\n<p>La UE ha sido capaz de liberarse casi por completo de la necesidad de importar energ\u00eda de Rusia, superando una gran dependencia. La prueba fue particularmente dura para Alemania. Esto se ha hecho sin sufrir interrupciones en el suministro, tan temidas al principio del conflicto. La UE tambi\u00e9n ha sido capaz de dar una respuesta militar vigorosa a la invasi\u00f3n rusa de Ucrania, pese al gran freno que supone el mantenimiento de la regla de la unanimidad en sus decisiones en materia de pol\u00edtica exterior. La UE ha facilitado una asistencia militar sustancial en Ucrania y ha entrenado masivamente a sus soldados. La UE se ha mantenido firme y unida y ha dado asilo a ocho millones de refugiados ucranianos.<\/p>\n<p><strong>A la vista del anterior panorama, parecer\u00eda descartable hablar de graves amenazas, pero no es as\u00ed.<\/strong><\/p>\n<h4><strong>Nubes de gran tormenta dominan el horizonte de la UE, provenientes de tres flancos: din\u00e1mica interior, situaci\u00f3n geopol\u00edtica global y econom\u00eda.<\/strong><\/h4>\n<h5><strong>Din\u00e1mica interna preocupante. Tres factores a considerar.<\/strong><\/h5>\n<p><strong>1-<\/strong> <strong>En primer lugar, desplazamiento general hacia la derecha y extrema derecha de la opini\u00f3n p\u00fablica europea.<\/strong> La socialdemocracia retrocede y los verdes no son capaces de sustituirla. Esta tendencia va ligada a otro fen\u00f3meno: los diques se han roto entre la derecha tradicional y la extrema derecha. La derecha tradicional ahora prefiere generalmente gobernar con la extrema derecha m\u00e1s que con el centroizquierda. La extrema derecha est\u00e1 en el poder o en coalici\u00f3n en Suecia, Finlandia, Letonia, Polonia, Hungr\u00eda, Eslovaquia e Italia. El partido FPO (Freitheitliche Partei Osterreichs) domina la escena pol\u00edtica austr\u00edaca y la AFD (Alternative f\u00fcr Deutschland) se ha convertido en el segundo partido m\u00e1s importante de Alemania. En Francia el RN (Rassemblement National) de Marine le Pen puede llegar a la presidencia de la Rep\u00fablica a medio plazo.<\/p>\n<p>Esta oleada de extremismo de derecha se supone que es: \u201cel resultado del mal causado en las sociedades europeas por d\u00e9cadas de desregulaci\u00f3n, acompa\u00f1adas de la globalizaci\u00f3n y de pol\u00edticas europeas esencialmente orientadas por un culto ingenuo de la competencia y el comercio desregulado\u201c. \u00abEl mal causado por el neoliberalismo es muy grande\u00bb. Est\u00e1 retrasando el progreso hacia una integraci\u00f3n europea basada en derechos sociales, transici\u00f3n ecol\u00f3gica, presupuestos e impuestos comunes. Est\u00e1 agravando las relaciones de Europa con el Sur Global a trav\u00e9s de pol\u00edticas xen\u00f3fobas. <strong>Podr\u00eda amenazar la ayuda europea a Ucrania.<\/strong><\/p>\n<p><strong>2- En segundo lugar, la UE se muestra incapaz de completar su proyecto integrador.<\/strong> \u201cEs necesario que complete lo que empez\u00f3 hace ya m\u00e1s de setenta a\u00f1os, si quiere llegar a constituir un necesario tercer polo e interceder entre los dos gigantes del mundo: Estados Unidos y China\u201c. Por eso necesita pol\u00edticas exteriores y de defensa comunes. \u00abEs necesario que d\u00e9 un paso adelante decisivo hacia la federalizaci\u00f3n, quiz\u00e1 con grupos diferenciados de pa\u00edses, como un peque\u00f1o grupo de estados pioneros centrales y c\u00edrculos conc\u00e9ntricos de estados a su alrededor\u00bb. <strong>Francia y Alemania deber\u00edan dar un paso adelante<\/strong>. Si no, tal y como ha declarado el ex jefe de gobierno italiano Enrico Letta, \u00abla UE s\u00f3lo podr\u00e1 elegir en el futuro entre ser una colonia de Estados o de China\u00bb.<\/p>\n<p><strong>3- En tercer lugar, la ampliaci\u00f3n en los Balcanes es urgente y todav\u00eda no est\u00e1 organizada.<\/strong> Pero tambi\u00e9n hay que se\u00f1alar que \u201csi con 27 miembros las instituciones comunitarias europeas son largamente disfuncionales, con treinta o m\u00e1s estados miembros, la par\u00e1lisis decisoria institucional, sin reforma interna y federalizaci\u00f3n seria, est\u00e1 asegurada\u201d.<\/p>\n<h5><strong>Un contexto geopol\u00edtico global que preocupa y empeora<\/strong><\/h5>\n<p>La guerra de Ucrania ha hecho m\u00e1s fuertes los v\u00ednculos entre la UE y Estados Unidos. La <a href=\"https:\/\/conversesacatalunya.cat\/es\/cumbre-otan-en-vilna-malos-resultados-rusia\/\" target=\"_blank\" rel=\"noopener\"><strong>OTAN se ha reforzado<\/strong><\/a>. El compromiso de la UE con Ucrania es fuerte. Sin todo esto, Putin habr\u00eda ganado la guerra. Pero la principal preocupaci\u00f3n de Estados Unidos no es Ucrania sino China. Por otra parte, Estados Unidos est\u00e1 dividido por la mitad pol\u00edticamente. Dos bloques enfrentados y riesgo de conflicto civil. Detener a China es pr\u00e1cticamente la sola cosa que parece unirlos. \u00bfQu\u00e9 pasar\u00eda si ganaran los republicanos en Estados Unidos en las pr\u00f3ximas elecciones presidenciales? <strong>Su compromiso con la UE y Ucrania podr\u00eda ser revisado dr\u00e1sticamente.<\/strong><\/p>\n<p>La UE busca, por su parte, su \u00abautonom\u00eda estrat\u00e9gica\u00bb en un mundo de gigantes, pero no acaba de alcanzarla. La posici\u00f3n de la UE sobre China no coincide del todo con la de Estados Unidos. All\u00ed la Inflation Reduction Act (IRA) y otras normativas de car\u00e1cter proteccionista y de reindustrializaci\u00f3n son malentendidas o recibidas en Europa. Los americanos, inventores y grandes beneficiarios de la globalizaci\u00f3n (China tambi\u00e9n),<strong> ahora la rechazan<\/strong>. China protesta ante el marcaje de Estados Unidos, su unilateralismo y su hegemonismo. Pretende un nuevo orden mundial multipolar.<\/p>\n<p>La guerra de Ucrania ha demostrado la gran distancia existente entre Europa y Occidente en relaci\u00f3n con el Sur Global. Existe \u00abun abismo entre Occidente y el resto\u00bb. Los pa\u00edses del Sur Global llevan tiempo rechazando el concepto de Europa fortaleza. Franceafrique se est\u00e1 derrumbando. La UE ha reaccionado, ante iniciativas como \u00ablas nuevas rutas de la seda chinas\u00bb, con su reci\u00e9n estrenado programa Global Gateway, pero no es suficiente.<\/p>\n<h5><strong>Perspectivas econ\u00f3micas dif\u00edciles<\/strong><\/h5>\n<p>Todo un conjunto de circunstancias preocupantes provocan en el seno de la UE<strong> \u00abuna gran incertidumbre econ\u00f3mica\u00bb<\/strong>: situaci\u00f3n dif\u00edcil de la econom\u00eda alemana, retraso europeo en \u00e1reas claves de alta tecnolog\u00eda cuando se compara con las grandes potencias l\u00edderes tecnol\u00f3gicas, ausencia de una pol\u00edtica industrial europea, consecuencias del proteccionismo y la reindustrializaci\u00f3n de Estados Unidos, dificultades para avanzar en la transici\u00f3n energ\u00e9tica y en la transici\u00f3n ecol\u00f3gica, dificultades en reformar el Pacto de Crecimiento y Estabilidad de la Eurozona, el Banco Central Europeo (BCE) contin\u00faa actuando en modo lucha antiinflaci\u00f3n y subiendo los tipos de inter\u00e9s&#8230; Todo esto junto a grandes retos estructurales, como el gran baj\u00f3n demogr\u00e1fico europeo.<\/p>\n<p>Los participantes en el seminario coincidieron en que la UE tendr\u00e1 que hacer un gran esfuerzo si quiere salir de su callej\u00f3n sin salida actual. \u00abQuiz\u00e1s se tendr\u00e1 que encomendar, una vez m\u00e1s, a las viejas consignas de Jean Monnet, como aquellas que dicen que \u00ablas dificultades nos fortalecer\u00e1n\u00bb y que \u00absaldremos adelante a golpes de superaci\u00f3n de las crisis que se vayan presentando\u00bb.<\/p>\n<span class='bctt-click-to-tweet'><span class='bctt-ctt-text'><a href='https:\/\/twitter.com\/intent\/tweet?url=https%3A%2F%2Fconversesacatalunya.cat%2Fes%2Fconclusiones-seminario-sobre-futuro-ue%2F&#038;text=Los%20participantes%20en%20el%20seminario%20coincidieron%20en%20que%20la%20UE%20tendr%C3%A1%20que%20hacer%20un%20gran%20esfuerzo%20si%20quiere%20salir%20de%20su%20callej%C3%B3n%20sin%20salida%20actual&#038;via=conversesacat&#038;related=conversesacat' target='_blank'rel=\"noopener noreferrer\">Los participantes en el seminario coincidieron en que la UE tendr\u00e1 que hacer un gran esfuerzo si quiere salir de su callej\u00f3n sin salida actual <\/a><\/span><a href='https:\/\/twitter.com\/intent\/tweet?url=https%3A%2F%2Fconversesacatalunya.cat%2Fes%2Fconclusiones-seminario-sobre-futuro-ue%2F&#038;text=Los%20participantes%20en%20el%20seminario%20coincidieron%20en%20que%20la%20UE%20tendr%C3%A1%20que%20hacer%20un%20gran%20esfuerzo%20si%20quiere%20salir%20de%20su%20callej%C3%B3n%20sin%20salida%20actual&#038;via=conversesacat&#038;related=conversesacat' target='_blank' class='bctt-ctt-btn'rel=\"noopener noreferrer\">Compartir en X<\/a><\/span>\n<div id=\"polls-209\" class=\"wp-polls\">\n\t<form id=\"polls_form_209\" class=\"wp-polls-form\" action=\"\/index.php\" method=\"post\">\n\t\t<p style=\"display: none;\"><input type=\"hidden\" id=\"poll_209_nonce\" name=\"wp-polls-nonce\" value=\"3aebb458a5\" \/><\/p>\n\t\t<p style=\"display: none;\"><input type=\"hidden\" name=\"poll_id\" value=\"209\" \/><\/p>\n\t\t<p style=\"text-align: center\"><strong>Creus que s'aprovar\u00e0 alguna mena d'amnistia abans de la investidura de S\u00e1nchez?<\/strong><\/p><div id=\"polls-209-ans\" class=\"wp-polls-ans\"><ul class=\"wp-polls-ul\">\n\t\t<li><input type=\"radio\" id=\"poll-answer-580\" name=\"poll_209\" value=\"580\" \/> <label for=\"poll-answer-580\">S\u00ed<\/label><\/li>\n\t\t<li><input type=\"radio\" id=\"poll-answer-581\" name=\"poll_209\" value=\"581\" \/> <label for=\"poll-answer-581\">No<\/label><\/li>\n\t\t<li><input type=\"radio\" id=\"poll-answer-582\" name=\"poll_209\" value=\"582\" \/> <label for=\"poll-answer-582\">No ho s\u00e9<\/label><\/li>\n\t\t<\/ul><p style=\"text-align: center\"><input type=\"button\" name=\"vote\" value=\"   Vota   \" class=\"Buttons\" onclick=\"poll_vote(209);\" \/><\/p><p style=\"text-align: center\"><a href=\"#ViewPollResults\" onclick=\"poll_result(209); return false;\" title=\"View Results Of This Poll\">Mira els resultats<\/a><\/p><\/div>\n\t<\/form>\n<\/div>\n<div id=\"polls-209-loading\" class=\"wp-polls-loading\"><img decoding=\"async\" data-src=\"https:\/\/conversesacatalunya.cat\/wp-content\/plugins\/wp-polls\/images\/loading.gif\" width=\"16\" height=\"16\" alt=\"Cargando ...\" title=\"Cargando ...\" class=\"wp-polls-image lazyload\" src=\"data:image\/svg+xml;base64,PHN2ZyB3aWR0aD0iMSIgaGVpZ2h0PSIxIiB4bWxucz0iaHR0cDovL3d3dy53My5vcmcvMjAwMC9zdmciPjwvc3ZnPg==\" style=\"--smush-placeholder-width: 16px; --smush-placeholder-aspect-ratio: 16\/16;\" \/>&nbsp;Cargando ...<\/div>\n\n<p>&nbsp;<\/p>\n<p>&nbsp;<\/p>\n<p>&nbsp;<\/p>\n<p>&nbsp;<\/p>\n<p>&nbsp;<\/p>\n","protected":false},"excerpt":{"rendered":"<p>La conclusi\u00f3n principal de un seminario de expertos sobre el futuro de la UE celebrado en agosto en Bruselas es la siguiente: \u201cNuestro compromiso europe\u00edsta incondicional y la buena reacci\u00f3n de la UE ante las \u00faltimas grandes crisis, como el Brexit, la pandemia o la guerra de Ucrania, que en conjunto forman una verdadera \u201cpolicrisis\u201d, no deben cegarnos a la hora de reconocer que actualmente la UE se ve afectada por un conjunto de amenazas muy serias, tanto internas como externas. Para combatirlas, ser\u00e1 necesario, en palabras de Gramsci, combinar el pesimismo de la inteligencia con el optimismo de la voluntad. S\u00f3lo una comprensi\u00f3n precisa de los peligros que le amenazan y la voluntad de superarlos podr\u00e1 garantizar a la UE un futuro esperanzador\u201c. Reacci\u00f3n eficaz en las \u00faltimas crisis: Brexit. La UE se ha mantenido unida ante el reto del primer estado que la abandona, el fracaso del Brexit es m\u00e1s que evidente en el Reino Unido que ya piensa en el Regrexit, es un gran error hist\u00f3rico de los brit\u00e1nicos, ning\u00fan otro estado miembro de la UE est\u00e1 dispuesto a probar la experiencia de una salida de la organizaci\u00f3n a la vista del fracaso brit\u00e1nico. Por el contrario, la UE va directa a una pr\u00f3xima ampliaci\u00f3n hacia los Balcanes. Pandemia. Despu\u00e9s de una cierta confusi\u00f3n inicial, comprensible por la ausencia de competencias sanitarias y de precedentes durante un siglo, la reacci\u00f3n de la UE puede valorarse como en\u00e9rgica y positiva. La compra conjunta de vacunas, conseguida en tiempo r\u00e9cord, permiti\u00f3 la adopci\u00f3n de un plan de vacunaci\u00f3n completo y el regreso a la normalidad de la vida social y econ\u00f3mica. Muy importante la creaci\u00f3n de deuda com\u00fan por primera vez en la historia de la UE para superar la crisis socioecon\u00f3mica provocada por la pandemia. En julio de 2020, la UE rompi\u00f3 un tab\u00fa al decidir emitir bonos comunes para afrontar una crisis econ\u00f3mica y social. Esto no fue posible durante la Gran Recesi\u00f3n de 2008. El importe de la emisi\u00f3n ha sido colosal: 750.000 millones de euros. La UE ha sido capaz de reaccionar de forma en\u00e9rgica y eficaz ante la guerra de Ucrania. La UE es esencialmente un proyecto de paz. Nada m\u00e1s contrario al esp\u00edritu fundacional de la UE que una guerra en Europa. Su relato inicial, que se remonta a mediados del siglo pasado, es \u00abnunca m\u00e1s guerra entre nosotros los europeos\u00bb. La incredulidad fue el primer sentimiento generalizado en la UE ante la invasi\u00f3n rusa de Ucrania. Era una vuelta al pasado, al peor pasado que ha conocido Europa y que la pusieron en peligro de muerte durante la primera mitad del siglo pasado. La UE ha sido capaz de liberarse casi por completo de la necesidad de importar energ\u00eda de Rusia, superando una gran dependencia. La prueba fue particularmente dura para Alemania. Esto se ha hecho sin sufrir interrupciones en el suministro, tan temidas al principio del conflicto. La UE tambi\u00e9n ha sido capaz de dar una respuesta militar vigorosa a la invasi\u00f3n rusa de Ucrania, pese al gran freno que supone el mantenimiento de la regla de la unanimidad en sus decisiones en materia de pol\u00edtica exterior. La UE ha facilitado una asistencia militar sustancial en Ucrania y ha entrenado masivamente a sus soldados. La UE se ha mantenido firme y unida y ha dado asilo a ocho millones de refugiados ucranianos. A la vista del anterior panorama, parecer\u00eda descartable hablar de graves amenazas, pero no es as\u00ed. Nubes de gran tormenta dominan el horizonte de la UE, provenientes de tres flancos: din\u00e1mica interior, situaci\u00f3n geopol\u00edtica global y econom\u00eda. Din\u00e1mica interna preocupante. Tres factores a considerar. 1- En primer lugar, desplazamiento general hacia la derecha y extrema derecha de la opini\u00f3n p\u00fablica europea. La socialdemocracia retrocede y los verdes no son capaces de sustituirla. Esta tendencia va ligada a otro fen\u00f3meno: los diques se han roto entre la derecha tradicional y la extrema derecha. La derecha tradicional ahora prefiere generalmente gobernar con la extrema derecha m\u00e1s que con el centroizquierda. La extrema derecha est\u00e1 en el poder o en coalici\u00f3n en Suecia, Finlandia, Letonia, Polonia, Hungr\u00eda, Eslovaquia e Italia. El partido FPO (Freitheitliche Partei Osterreichs) domina la escena pol\u00edtica austr\u00edaca y la AFD (Alternative f\u00fcr Deutschland) se ha convertido en el segundo partido m\u00e1s importante de Alemania. En Francia el RN (Rassemblement National) de Marine le Pen puede llegar a la presidencia de la Rep\u00fablica a medio plazo. Esta oleada de extremismo de derecha se supone que es: \u201cel resultado del mal causado en las sociedades europeas por d\u00e9cadas de desregulaci\u00f3n, acompa\u00f1adas de la globalizaci\u00f3n y de pol\u00edticas europeas esencialmente orientadas por un culto ingenuo de la competencia y el comercio desregulado\u201c. \u00abEl mal causado por el neoliberalismo es muy grande\u00bb. Est\u00e1 retrasando el progreso hacia una integraci\u00f3n europea basada en derechos sociales, transici\u00f3n ecol\u00f3gica, presupuestos e impuestos comunes. Est\u00e1 agravando las relaciones de Europa con el Sur Global a trav\u00e9s de pol\u00edticas xen\u00f3fobas. Podr\u00eda amenazar la ayuda europea a Ucrania. 2- En segundo lugar, la UE se muestra incapaz de completar su proyecto integrador. \u201cEs necesario que complete lo que empez\u00f3 hace ya m\u00e1s de setenta a\u00f1os, si quiere llegar a constituir un necesario tercer polo e interceder entre los dos gigantes del mundo: Estados Unidos y China\u201c. Por eso necesita pol\u00edticas exteriores y de defensa comunes. \u00abEs necesario que d\u00e9 un paso adelante decisivo hacia la federalizaci\u00f3n, quiz\u00e1 con grupos diferenciados de pa\u00edses, como un peque\u00f1o grupo de estados pioneros centrales y c\u00edrculos conc\u00e9ntricos de estados a su alrededor\u00bb. Francia y Alemania deber\u00edan dar un paso adelante. Si no, tal y como ha declarado el ex jefe de gobierno italiano Enrico Letta, \u00abla UE s\u00f3lo podr\u00e1 elegir en el futuro entre ser una colonia de Estados o de China\u00bb. 3- En tercer lugar, la ampliaci\u00f3n en los Balcanes es urgente y todav\u00eda no est\u00e1 organizada. Pero tambi\u00e9n hay que se\u00f1alar que \u201csi con 27 miembros las instituciones comunitarias europeas son largamente disfuncionales, con treinta o m\u00e1s estados miembros,&#8230;<\/p>\n","protected":false},"author":38,"featured_media":70540,"comment_status":"open","ping_status":"open","sticky":false,"template":"","format":"standard","meta":{"_FSMCFIC_featured_image_caption":"","_FSMCFIC_featured_image_nocaption":"","_FSMCFIC_featured_image_hide":"","footnotes":""},"categories":[798],"tags":[1060],"class_list":["post-70546","post","type-post","status-publish","format-standard","has-post-thumbnail","hentry","category-pro-europa-es","tag-unio-europea-es"],"yoast_head":"<!-- This site is optimized with the Yoast SEO plugin v26.8 - https:\/\/yoast.com\/product\/yoast-seo-wordpress\/ -->\n<title>Conclusiones de un seminario de expertos sobre el futuro de la UE<\/title>\n<meta name=\"description\" content=\"La conclusi\u00f3n principal de un seminario de expertos sobre el futuro de la UE celebrado en agosto en Bruselas es la siguiente\" \/>\n<meta name=\"robots\" content=\"index, follow, max-snippet:-1, max-image-preview:large, max-video-preview:-1\" \/>\n<link rel=\"canonical\" href=\"https:\/\/conversesacatalunya.cat\/conclusions-seminari-sobre-futur-ue\/\" \/>\n<meta property=\"og:locale\" content=\"es_ES\" \/>\n<meta property=\"og:type\" content=\"article\" \/>\n<meta property=\"og:title\" content=\"Conclusiones de un seminario de expertos sobre el futuro de la UE\" \/>\n<meta property=\"og:description\" content=\"La conclusi\u00f3n principal de un seminario de expertos sobre el futuro de la UE celebrado en agosto en Bruselas es la siguiente\" \/>\n<meta property=\"og:url\" content=\"https:\/\/conversesacatalunya.cat\/conclusions-seminari-sobre-futur-ue\/\" \/>\n<meta property=\"og:site_name\" content=\"Converses a Catalunya\" \/>\n<meta property=\"article:published_time\" content=\"2023-09-13T07:00:36+00:00\" \/>\n<meta property=\"og:image\" content=\"https:\/\/conversesacatalunya.cat\/wp-content\/uploads\/2023\/09\/european-parliament.jpg\" \/>\n\t<meta property=\"og:image:width\" content=\"640\" \/>\n\t<meta property=\"og:image:height\" content=\"480\" \/>\n\t<meta property=\"og:image:type\" content=\"image\/jpeg\" \/>\n<meta name=\"author\" content=\"Victor Pou\" \/>\n<meta name=\"twitter:card\" content=\"summary_large_image\" \/>\n<meta name=\"twitter:label1\" content=\"Escrito por\" \/>\n\t<meta name=\"twitter:data1\" content=\"Victor Pou\" \/>\n\t<meta name=\"twitter:label2\" content=\"Tiempo de lectura\" \/>\n\t<meta name=\"twitter:data2\" content=\"8 minutos\" \/>\n<script type=\"application\/ld+json\" class=\"yoast-schema-graph\">{\"@context\":\"https:\/\/schema.org\",\"@graph\":[{\"@type\":\"Article\",\"@id\":\"https:\/\/conversesacatalunya.cat\/conclusions-seminari-sobre-futur-ue\/#article\",\"isPartOf\":{\"@id\":\"https:\/\/conversesacatalunya.cat\/conclusions-seminari-sobre-futur-ue\/\"},\"author\":{\"name\":\"Victor Pou\",\"@id\":\"https:\/\/conversesacatalunya.cat\/#\/schema\/person\/1b0082ee920b837be791bee630d460b2\"},\"headline\":\"Conclusiones de un seminario de expertos sobre el futuro de la UE celebrado en agosto en Bruselas\",\"datePublished\":\"2023-09-13T07:00:36+00:00\",\"mainEntityOfPage\":{\"@id\":\"https:\/\/conversesacatalunya.cat\/conclusions-seminari-sobre-futur-ue\/\"},\"wordCount\":1638,\"commentCount\":0,\"image\":{\"@id\":\"https:\/\/conversesacatalunya.cat\/conclusions-seminari-sobre-futur-ue\/#primaryimage\"},\"thumbnailUrl\":\"https:\/\/conversesacatalunya.cat\/wp-content\/uploads\/2023\/09\/european-parliament.jpg\",\"keywords\":[\"Uni\u00f3 Europea\"],\"articleSection\":[\"Pro Europa (ES)\"],\"inLanguage\":\"es\",\"potentialAction\":[{\"@type\":\"CommentAction\",\"name\":\"Comment\",\"target\":[\"https:\/\/conversesacatalunya.cat\/conclusions-seminari-sobre-futur-ue\/#respond\"]}]},{\"@type\":\"WebPage\",\"@id\":\"https:\/\/conversesacatalunya.cat\/conclusions-seminari-sobre-futur-ue\/\",\"url\":\"https:\/\/conversesacatalunya.cat\/conclusions-seminari-sobre-futur-ue\/\",\"name\":\"Conclusiones de un seminario de expertos sobre el futuro de la UE\",\"isPartOf\":{\"@id\":\"https:\/\/conversesacatalunya.cat\/#website\"},\"primaryImageOfPage\":{\"@id\":\"https:\/\/conversesacatalunya.cat\/conclusions-seminari-sobre-futur-ue\/#primaryimage\"},\"image\":{\"@id\":\"https:\/\/conversesacatalunya.cat\/conclusions-seminari-sobre-futur-ue\/#primaryimage\"},\"thumbnailUrl\":\"https:\/\/conversesacatalunya.cat\/wp-content\/uploads\/2023\/09\/european-parliament.jpg\",\"datePublished\":\"2023-09-13T07:00:36+00:00\",\"author\":{\"@id\":\"https:\/\/conversesacatalunya.cat\/#\/schema\/person\/1b0082ee920b837be791bee630d460b2\"},\"description\":\"La conclusi\u00f3n principal de un seminario de expertos sobre el futuro de la UE celebrado en agosto en Bruselas es la siguiente\",\"breadcrumb\":{\"@id\":\"https:\/\/conversesacatalunya.cat\/conclusions-seminari-sobre-futur-ue\/#breadcrumb\"},\"inLanguage\":\"es\",\"potentialAction\":[{\"@type\":\"ReadAction\",\"target\":[\"https:\/\/conversesacatalunya.cat\/conclusions-seminari-sobre-futur-ue\/\"]}]},{\"@type\":\"ImageObject\",\"inLanguage\":\"es\",\"@id\":\"https:\/\/conversesacatalunya.cat\/conclusions-seminari-sobre-futur-ue\/#primaryimage\",\"url\":\"https:\/\/conversesacatalunya.cat\/wp-content\/uploads\/2023\/09\/european-parliament.jpg\",\"contentUrl\":\"https:\/\/conversesacatalunya.cat\/wp-content\/uploads\/2023\/09\/european-parliament.jpg\",\"width\":640,\"height\":480,\"caption\":\"futur UE. Imatge parlament europeu\"},{\"@type\":\"BreadcrumbList\",\"@id\":\"https:\/\/conversesacatalunya.cat\/conclusions-seminari-sobre-futur-ue\/#breadcrumb\",\"itemListElement\":[{\"@type\":\"ListItem\",\"position\":1,\"name\":\"Inici\",\"item\":\"https:\/\/conversesacatalunya.cat\/es\/\"},{\"@type\":\"ListItem\",\"position\":2,\"name\":\"Conclusiones de un seminario de expertos sobre el futuro de la UE celebrado en agosto en Bruselas\"}]},{\"@type\":\"WebSite\",\"@id\":\"https:\/\/conversesacatalunya.cat\/#website\",\"url\":\"https:\/\/conversesacatalunya.cat\/\",\"name\":\"Converses a Catalunya\",\"description\":\"\",\"potentialAction\":[{\"@type\":\"SearchAction\",\"target\":{\"@type\":\"EntryPoint\",\"urlTemplate\":\"https:\/\/conversesacatalunya.cat\/?s={search_term_string}\"},\"query-input\":{\"@type\":\"PropertyValueSpecification\",\"valueRequired\":true,\"valueName\":\"search_term_string\"}}],\"inLanguage\":\"es\"},{\"@type\":\"Person\",\"@id\":\"https:\/\/conversesacatalunya.cat\/#\/schema\/person\/1b0082ee920b837be791bee630d460b2\",\"name\":\"Victor Pou\",\"image\":{\"@type\":\"ImageObject\",\"inLanguage\":\"es\",\"@id\":\"https:\/\/conversesacatalunya.cat\/#\/schema\/person\/image\/\",\"url\":\"https:\/\/conversesacatalunya.cat\/wp-content\/litespeed\/avatar\/b9b32a5f987117ce72836d050f735d2b.jpg?ver=1777366285\",\"contentUrl\":\"https:\/\/conversesacatalunya.cat\/wp-content\/litespeed\/avatar\/b9b32a5f987117ce72836d050f735d2b.jpg?ver=1777366285\",\"caption\":\"Victor Pou\"},\"url\":\"https:\/\/conversesacatalunya.cat\/es\/author\/victor_pou\/\"}]}<\/script>\n<!-- \/ Yoast SEO plugin. -->","yoast_head_json":{"title":"Conclusiones de un seminario de expertos sobre el futuro de la UE","description":"La conclusi\u00f3n principal de un seminario de expertos sobre el futuro de la UE celebrado en agosto en Bruselas es la siguiente","robots":{"index":"index","follow":"follow","max-snippet":"max-snippet:-1","max-image-preview":"max-image-preview:large","max-video-preview":"max-video-preview:-1"},"canonical":"https:\/\/conversesacatalunya.cat\/conclusions-seminari-sobre-futur-ue\/","og_locale":"es_ES","og_type":"article","og_title":"Conclusiones de un seminario de expertos sobre el futuro de la UE","og_description":"La conclusi\u00f3n principal de un seminario de expertos sobre el futuro de la UE celebrado en agosto en Bruselas es la siguiente","og_url":"https:\/\/conversesacatalunya.cat\/conclusions-seminari-sobre-futur-ue\/","og_site_name":"Converses a Catalunya","article_published_time":"2023-09-13T07:00:36+00:00","og_image":[{"width":640,"height":480,"url":"https:\/\/conversesacatalunya.cat\/wp-content\/uploads\/2023\/09\/european-parliament.jpg","type":"image\/jpeg"}],"author":"Victor Pou","twitter_card":"summary_large_image","twitter_misc":{"Escrito por":"Victor Pou","Tiempo de lectura":"8 minutos"},"schema":{"@context":"https:\/\/schema.org","@graph":[{"@type":"Article","@id":"https:\/\/conversesacatalunya.cat\/conclusions-seminari-sobre-futur-ue\/#article","isPartOf":{"@id":"https:\/\/conversesacatalunya.cat\/conclusions-seminari-sobre-futur-ue\/"},"author":{"name":"Victor Pou","@id":"https:\/\/conversesacatalunya.cat\/#\/schema\/person\/1b0082ee920b837be791bee630d460b2"},"headline":"Conclusiones de un seminario de expertos sobre el futuro de la UE celebrado en agosto en Bruselas","datePublished":"2023-09-13T07:00:36+00:00","mainEntityOfPage":{"@id":"https:\/\/conversesacatalunya.cat\/conclusions-seminari-sobre-futur-ue\/"},"wordCount":1638,"commentCount":0,"image":{"@id":"https:\/\/conversesacatalunya.cat\/conclusions-seminari-sobre-futur-ue\/#primaryimage"},"thumbnailUrl":"https:\/\/conversesacatalunya.cat\/wp-content\/uploads\/2023\/09\/european-parliament.jpg","keywords":["Uni\u00f3 Europea"],"articleSection":["Pro Europa (ES)"],"inLanguage":"es","potentialAction":[{"@type":"CommentAction","name":"Comment","target":["https:\/\/conversesacatalunya.cat\/conclusions-seminari-sobre-futur-ue\/#respond"]}]},{"@type":"WebPage","@id":"https:\/\/conversesacatalunya.cat\/conclusions-seminari-sobre-futur-ue\/","url":"https:\/\/conversesacatalunya.cat\/conclusions-seminari-sobre-futur-ue\/","name":"Conclusiones de un seminario de expertos sobre el futuro de la UE","isPartOf":{"@id":"https:\/\/conversesacatalunya.cat\/#website"},"primaryImageOfPage":{"@id":"https:\/\/conversesacatalunya.cat\/conclusions-seminari-sobre-futur-ue\/#primaryimage"},"image":{"@id":"https:\/\/conversesacatalunya.cat\/conclusions-seminari-sobre-futur-ue\/#primaryimage"},"thumbnailUrl":"https:\/\/conversesacatalunya.cat\/wp-content\/uploads\/2023\/09\/european-parliament.jpg","datePublished":"2023-09-13T07:00:36+00:00","author":{"@id":"https:\/\/conversesacatalunya.cat\/#\/schema\/person\/1b0082ee920b837be791bee630d460b2"},"description":"La conclusi\u00f3n principal de un seminario de expertos sobre el futuro de la UE celebrado en agosto en Bruselas es la siguiente","breadcrumb":{"@id":"https:\/\/conversesacatalunya.cat\/conclusions-seminari-sobre-futur-ue\/#breadcrumb"},"inLanguage":"es","potentialAction":[{"@type":"ReadAction","target":["https:\/\/conversesacatalunya.cat\/conclusions-seminari-sobre-futur-ue\/"]}]},{"@type":"ImageObject","inLanguage":"es","@id":"https:\/\/conversesacatalunya.cat\/conclusions-seminari-sobre-futur-ue\/#primaryimage","url":"https:\/\/conversesacatalunya.cat\/wp-content\/uploads\/2023\/09\/european-parliament.jpg","contentUrl":"https:\/\/conversesacatalunya.cat\/wp-content\/uploads\/2023\/09\/european-parliament.jpg","width":640,"height":480,"caption":"futur UE. Imatge parlament europeu"},{"@type":"BreadcrumbList","@id":"https:\/\/conversesacatalunya.cat\/conclusions-seminari-sobre-futur-ue\/#breadcrumb","itemListElement":[{"@type":"ListItem","position":1,"name":"Inici","item":"https:\/\/conversesacatalunya.cat\/es\/"},{"@type":"ListItem","position":2,"name":"Conclusiones de un seminario de expertos sobre el futuro de la UE celebrado en agosto en Bruselas"}]},{"@type":"WebSite","@id":"https:\/\/conversesacatalunya.cat\/#website","url":"https:\/\/conversesacatalunya.cat\/","name":"Converses a Catalunya","description":"","potentialAction":[{"@type":"SearchAction","target":{"@type":"EntryPoint","urlTemplate":"https:\/\/conversesacatalunya.cat\/?s={search_term_string}"},"query-input":{"@type":"PropertyValueSpecification","valueRequired":true,"valueName":"search_term_string"}}],"inLanguage":"es"},{"@type":"Person","@id":"https:\/\/conversesacatalunya.cat\/#\/schema\/person\/1b0082ee920b837be791bee630d460b2","name":"Victor Pou","image":{"@type":"ImageObject","inLanguage":"es","@id":"https:\/\/conversesacatalunya.cat\/#\/schema\/person\/image\/","url":"https:\/\/conversesacatalunya.cat\/wp-content\/litespeed\/avatar\/b9b32a5f987117ce72836d050f735d2b.jpg?ver=1777366285","contentUrl":"https:\/\/conversesacatalunya.cat\/wp-content\/litespeed\/avatar\/b9b32a5f987117ce72836d050f735d2b.jpg?ver=1777366285","caption":"Victor Pou"},"url":"https:\/\/conversesacatalunya.cat\/es\/author\/victor_pou\/"}]}},"wps_subtitle":"La UE ha sido capaz de superar sus \u00faltimos grandes retos: Brexit, pandemia y respuesta a la guerra de Ucrania. Pero tiene ante s\u00ed graves amenazas de futuro","_links":{"self":[{"href":"https:\/\/conversesacatalunya.cat\/es\/wp-json\/wp\/v2\/posts\/70546","targetHints":{"allow":["GET"]}}],"collection":[{"href":"https:\/\/conversesacatalunya.cat\/es\/wp-json\/wp\/v2\/posts"}],"about":[{"href":"https:\/\/conversesacatalunya.cat\/es\/wp-json\/wp\/v2\/types\/post"}],"author":[{"embeddable":true,"href":"https:\/\/conversesacatalunya.cat\/es\/wp-json\/wp\/v2\/users\/38"}],"replies":[{"embeddable":true,"href":"https:\/\/conversesacatalunya.cat\/es\/wp-json\/wp\/v2\/comments?post=70546"}],"version-history":[{"count":12,"href":"https:\/\/conversesacatalunya.cat\/es\/wp-json\/wp\/v2\/posts\/70546\/revisions"}],"predecessor-version":[{"id":70570,"href":"https:\/\/conversesacatalunya.cat\/es\/wp-json\/wp\/v2\/posts\/70546\/revisions\/70570"}],"wp:featuredmedia":[{"embeddable":true,"href":"https:\/\/conversesacatalunya.cat\/es\/wp-json\/wp\/v2\/media\/70540"}],"wp:attachment":[{"href":"https:\/\/conversesacatalunya.cat\/es\/wp-json\/wp\/v2\/media?parent=70546"}],"wp:term":[{"taxonomy":"category","embeddable":true,"href":"https:\/\/conversesacatalunya.cat\/es\/wp-json\/wp\/v2\/categories?post=70546"},{"taxonomy":"post_tag","embeddable":true,"href":"https:\/\/conversesacatalunya.cat\/es\/wp-json\/wp\/v2\/tags?post=70546"}],"curies":[{"name":"wp","href":"https:\/\/api.w.org\/{rel}","templated":true}]}}