{"id":70471,"date":"2023-09-07T12:07:07","date_gmt":"2023-09-07T10:07:07","guid":{"rendered":"https:\/\/conversesacatalunya.cat\/ajuts-educacio-catalunya\/"},"modified":"2023-09-13T08:22:59","modified_gmt":"2023-09-13T06:22:59","slug":"ayudas-educacion-cataluna","status":"publish","type":"post","link":"https:\/\/conversesacatalunya.cat\/es\/ayudas-educacion-cataluna\/","title":{"rendered":"Los padres y madres de Catalu\u00f1a no merecen el maltrato de la Generalitat"},"content":{"rendered":"<p><span class=\"\">El gobierno Aragon\u00e9s presume de que da en mano 100 euros a cada familia para gastos escolares de sus hijos.\u00a0<\/span>Bien, hay que decir que es una tomadura de pelo porque tambi\u00e9n en este cap\u00edtulo\u00a0<strong>el gobierno catal\u00e1n es el que menos ayuda en gasto escolar a los suyos<\/strong>.<\/p>\n<p>Lo que ocurre es que utiliza esta v\u00eda populista de entregar un tal\u00f3n cuando pr\u00e1cticamente todas las comunidades aut\u00f3nomas act\u00faan por la v\u00eda de la desgravaci\u00f3n fiscal.\u00a0<span class=\"\">Pues bien, cabe decir que\u00a0<\/span><strong><span class=\"\">Catalu\u00f1a es la \u00fanica que no destina ning\u00fan euro de desgravaci\u00f3n fiscal<\/span><\/strong><span class=\"\"> para los padres con hijos en edad escolar.<\/span><\/p>\n<p>Alguien, el gobierno por ejemplo, puede decir que esto es consecuencia de la mala financiaci\u00f3n.\u00a0Falso.\u00a0Comunidades aut\u00f3nomas mal financiadas, como la valenciana, la balear y la madrile\u00f1a, dedican importantes recursos a ayudar a las familias.<\/p>\n<h3>Concret\u00e9moslo:<\/h3>\n<p>Para libros y materiales, la\u00a0<strong>Generalitat valenciana<\/strong>\u00a0permite desgravar 110 euros, 270 por llevar al hijo a la guarder\u00eda y 1.100 por apoyar el hogar.\u00a0<strong>Baleares<\/strong>, otro ejemplo que tiene una peor financiaci\u00f3n que el catal\u00e1n, destina 220 euros de desgravaci\u00f3n a libros y material, 660 en guarder\u00edas y otros 660 ayuda a la familia, a lo que hay que a\u00f1adir 660 en extraescolares. Y\u00a0<strong>Madrid<\/strong>, tambi\u00e9n mal financiada, desgrava nada menos que 900 euros en libros, 1.000 en guarder\u00eda y 600 para apoyar el hogar.\u00a0Si lo sumamos todo resulta que la Comunidad Valenciana dedica 1.480 euros de desgravaci\u00f3n, Baleares de la orden de 2.200 euros y Madrid 2.500.\u00a0Junto a esto,\u00a0<strong>la desgravaci\u00f3n catalana es cero<\/strong>.<\/p>\n<p>Mientras, vayan ense\u00f1ando los 100 euros.\u00a0Es un\u00a0<strong>doble esc\u00e1ndalo<\/strong>.\u00a0Primero por la ridiculez de la ayuda, y segundo por querer enredar al personal simulando que dan algo cuando est\u00e1n a la cola de todas las comunidades aut\u00f3nomas.<\/p>\n<p>Por si fuera poco, Catalunya tambi\u00e9n tiene el dudoso honor de tener los\u00a0<strong>comedores escolares de coste m\u00e1s elevado de todo el Estado<\/strong>, junto con Baleares y Navarra.\u00a0Concretamente, el coste por persona y d\u00eda para las familias es de 6,50 euros en las islas, 6,25 en Navarra, y 6,20 en Catalu\u00f1a, seg\u00fan los datos de la Confederaci\u00f3n Espa\u00f1ola de Asociaciones de padres y madres de alumnos.<\/p>\n<p>El resumen est\u00e1 claro,\u00a0<strong>la Generalitat catalana es la que menos ayuda a las familias con hijos en edad escolar y la que les cobra m\u00e1s por comedor<\/strong>.\u00a0Y acaba de redondearlo siendo tambi\u00e9n de las m\u00e1s escasas en desgravaciones de car\u00e1cter general a las familias.<\/p>\n<p>Naturalmente, todo esto castiga mucho m\u00e1s a las rentas m\u00e1s bajas.\u00a0<span class=\"VIpgJd-yAWNEb-VIpgJd-fmcmS-sn54Q\">C\u00f3mo puede una familia que dedica m\u00e1s del 50% de sus ingresos a pagar la vivienda, cuando entre todos apenas llegan a los 2.000 euros de ingresos al mes, adem\u00e1s haya por ejemplo de pagar m\u00e1s de 6 euros cada d\u00eda por la comida de cada uno de sus hijos. <\/span>Y a ello se le a\u00f1ade que el IRPF auton\u00f3mico es de los m\u00e1s elevados para los niveles de renta inferior.<\/p>\n<div id=\"polls-208\" class=\"wp-polls\">\n\t<form id=\"polls_form_208\" class=\"wp-polls-form\" action=\"\/index.php\" method=\"post\">\n\t\t<p style=\"display: none;\"><input type=\"hidden\" id=\"poll_208_nonce\" name=\"wp-polls-nonce\" value=\"fdfa415914\" \/><\/p>\n\t\t<p style=\"display: none;\"><input type=\"hidden\" name=\"poll_id\" value=\"208\" \/><\/p>\n\t\t<p style=\"text-align: center\"><strong>Creus que les futbolistes estan discriminades?<\/strong><\/p><div id=\"polls-208-ans\" class=\"wp-polls-ans\"><ul class=\"wp-polls-ul\">\n\t\t<li><input type=\"radio\" id=\"poll-answer-578\" name=\"poll_208\" value=\"578\" \/> <label for=\"poll-answer-578\">S\u00ed<\/label><\/li>\n\t\t<li><input type=\"radio\" id=\"poll-answer-579\" name=\"poll_208\" value=\"579\" \/> <label for=\"poll-answer-579\">No<\/label><\/li>\n\t\t<\/ul><p style=\"text-align: center\"><input type=\"button\" name=\"vote\" value=\"   Vota   \" class=\"Buttons\" onclick=\"poll_vote(208);\" \/><\/p><p style=\"text-align: center\"><a href=\"#ViewPollResults\" onclick=\"poll_result(208); return false;\" title=\"View Results Of This Poll\">Mira els resultats<\/a><\/p><\/div>\n\t<\/form>\n<\/div>\n<div id=\"polls-208-loading\" class=\"wp-polls-loading\"><img decoding=\"async\" data-src=\"https:\/\/conversesacatalunya.cat\/wp-content\/plugins\/wp-polls\/images\/loading.gif\" width=\"16\" height=\"16\" alt=\"Cargando ...\" title=\"Cargando ...\" class=\"wp-polls-image lazyload\" src=\"data:image\/svg+xml;base64,PHN2ZyB3aWR0aD0iMSIgaGVpZ2h0PSIxIiB4bWxucz0iaHR0cDovL3d3dy53My5vcmcvMjAwMC9zdmciPjwvc3ZnPg==\" style=\"--smush-placeholder-width: 16px; --smush-placeholder-aspect-ratio: 16\/16;\" \/>&nbsp;Cargando ...<\/div>\n\n","protected":false},"excerpt":{"rendered":"<p>El gobierno Aragon\u00e9s presume de que da en mano 100 euros a cada familia para gastos escolares de sus hijos.\u00a0Bien, hay que decir que es una tomadura de pelo porque tambi\u00e9n en este cap\u00edtulo\u00a0el gobierno catal\u00e1n es el que menos ayuda en gasto escolar a los suyos. Lo que ocurre es que utiliza esta v\u00eda populista de entregar un tal\u00f3n cuando pr\u00e1cticamente todas las comunidades aut\u00f3nomas act\u00faan por la v\u00eda de la desgravaci\u00f3n fiscal.\u00a0Pues bien, cabe decir que\u00a0Catalu\u00f1a es la \u00fanica que no destina ning\u00fan euro de desgravaci\u00f3n fiscal para los padres con hijos en edad escolar. Alguien, el gobierno por ejemplo, puede decir que esto es consecuencia de la mala financiaci\u00f3n.\u00a0Falso.\u00a0Comunidades aut\u00f3nomas mal financiadas, como la valenciana, la balear y la madrile\u00f1a, dedican importantes recursos a ayudar a las familias. Concret\u00e9moslo: Para libros y materiales, la\u00a0Generalitat valenciana\u00a0permite desgravar 110 euros, 270 por llevar al hijo a la guarder\u00eda y 1.100 por apoyar el hogar.\u00a0Baleares, otro ejemplo que tiene una peor financiaci\u00f3n que el catal\u00e1n, destina 220 euros de desgravaci\u00f3n a libros y material, 660 en guarder\u00edas y otros 660 ayuda a la familia, a lo que hay que a\u00f1adir 660 en extraescolares. Y\u00a0Madrid, tambi\u00e9n mal financiada, desgrava nada menos que 900 euros en libros, 1.000 en guarder\u00eda y 600 para apoyar el hogar.\u00a0Si lo sumamos todo resulta que la Comunidad Valenciana dedica 1.480 euros de desgravaci\u00f3n, Baleares de la orden de 2.200 euros y Madrid 2.500.\u00a0Junto a esto,\u00a0la desgravaci\u00f3n catalana es cero. Mientras, vayan ense\u00f1ando los 100 euros.\u00a0Es un\u00a0doble esc\u00e1ndalo.\u00a0Primero por la ridiculez de la ayuda, y segundo por querer enredar al personal simulando que dan algo cuando est\u00e1n a la cola de todas las comunidades aut\u00f3nomas. Por si fuera poco, Catalunya tambi\u00e9n tiene el dudoso honor de tener los\u00a0comedores escolares de coste m\u00e1s elevado de todo el Estado, junto con Baleares y Navarra.\u00a0Concretamente, el coste por persona y d\u00eda para las familias es de 6,50 euros en las islas, 6,25 en Navarra, y 6,20 en Catalu\u00f1a, seg\u00fan los datos de la Confederaci\u00f3n Espa\u00f1ola de Asociaciones de padres y madres de alumnos. El resumen est\u00e1 claro,\u00a0la Generalitat catalana es la que menos ayuda a las familias con hijos en edad escolar y la que les cobra m\u00e1s por comedor.\u00a0Y acaba de redondearlo siendo tambi\u00e9n de las m\u00e1s escasas en desgravaciones de car\u00e1cter general a las familias. Naturalmente, todo esto castiga mucho m\u00e1s a las rentas m\u00e1s bajas.\u00a0C\u00f3mo puede una familia que dedica m\u00e1s del 50% de sus ingresos a pagar la vivienda, cuando entre todos apenas llegan a los 2.000 euros de ingresos al mes, adem\u00e1s haya por ejemplo de pagar m\u00e1s de 6 euros cada d\u00eda por la comida de cada uno de sus hijos. Y a ello se le a\u00f1ade que el IRPF auton\u00f3mico es de los m\u00e1s elevados para los niveles de renta inferior.<\/p>\n","protected":false},"author":78,"featured_media":70460,"comment_status":"open","ping_status":"open","sticky":false,"template":"","format":"standard","meta":{"_FSMCFIC_featured_image_caption":"","_FSMCFIC_featured_image_nocaption":"","_FSMCFIC_featured_image_hide":"","footnotes":""},"categories":[806],"tags":[925,928,1136,2636],"class_list":["post-70471","post","type-post","status-publish","format-standard","has-post-thumbnail","hentry","category-punts-claus-del-dia-es","tag-educacio-es","tag-educacion","tag-ensenyament-es","tag-escuela"],"yoast_head":"<!-- This site is optimized with the Yoast SEO plugin v26.8 - https:\/\/yoast.com\/product\/yoast-seo-wordpress\/ -->\n<title>Los padres y madres de Catalu\u00f1a no merecen el maltrato de la Generalitat - Converses a Catalunya<\/title>\n<meta name=\"description\" content=\"La Generalitat catalana es la que menos ayuda a las familias con hijos en edad escolar y la que m\u00e1s les cobra por comedor\" \/>\n<meta name=\"robots\" content=\"index, follow, max-snippet:-1, max-image-preview:large, max-video-preview:-1\" \/>\n<link rel=\"canonical\" href=\"https:\/\/conversesacatalunya.cat\/es\/ayudas-educacion-cataluna\/\" \/>\n<meta property=\"og:locale\" content=\"es_ES\" \/>\n<meta property=\"og:type\" content=\"article\" \/>\n<meta property=\"og:title\" content=\"Los padres y madres de Catalu\u00f1a no merecen el maltrato de la Generalitat - Converses a Catalunya\" \/>\n<meta property=\"og:description\" content=\"La Generalitat catalana es la que menos ayuda a las familias con hijos en edad escolar y la que m\u00e1s les cobra por comedor\" \/>\n<meta property=\"og:url\" content=\"https:\/\/conversesacatalunya.cat\/es\/ayudas-educacion-cataluna\/\" \/>\n<meta property=\"og:site_name\" content=\"Converses a Catalunya\" \/>\n<meta property=\"article:published_time\" content=\"2023-09-07T10:07:07+00:00\" \/>\n<meta property=\"article:modified_time\" content=\"2023-09-13T06:22:59+00:00\" \/>\n<meta property=\"og:image\" content=\"https:\/\/conversesacatalunya.cat\/wp-content\/uploads\/2023\/09\/escola-catalana.jpg\" \/>\n\t<meta property=\"og:image:width\" content=\"730\" \/>\n\t<meta property=\"og:image:height\" content=\"340\" \/>\n\t<meta property=\"og:image:type\" content=\"image\/jpeg\" \/>\n<meta name=\"author\" content=\"Joan Masip\" \/>\n<meta name=\"twitter:card\" content=\"summary_large_image\" \/>\n<meta name=\"twitter:label1\" content=\"Escrito por\" \/>\n\t<meta name=\"twitter:data1\" content=\"Joan Masip\" \/>\n\t<meta name=\"twitter:label2\" content=\"Tiempo de lectura\" \/>\n\t<meta name=\"twitter:data2\" content=\"3 minutos\" \/>\n<script type=\"application\/ld+json\" class=\"yoast-schema-graph\">{\"@context\":\"https:\/\/schema.org\",\"@graph\":[{\"@type\":\"Article\",\"@id\":\"https:\/\/conversesacatalunya.cat\/es\/ayudas-educacion-cataluna\/#article\",\"isPartOf\":{\"@id\":\"https:\/\/conversesacatalunya.cat\/es\/ayudas-educacion-cataluna\/\"},\"author\":{\"name\":\"Joan Masip\",\"@id\":\"https:\/\/conversesacatalunya.cat\/#\/schema\/person\/311d0bf53def217d5124c78a7bc42275\"},\"headline\":\"Los padres y madres de Catalu\u00f1a no merecen el maltrato de la Generalitat\",\"datePublished\":\"2023-09-07T10:07:07+00:00\",\"dateModified\":\"2023-09-13T06:22:59+00:00\",\"mainEntityOfPage\":{\"@id\":\"https:\/\/conversesacatalunya.cat\/es\/ayudas-educacion-cataluna\/\"},\"wordCount\":537,\"commentCount\":0,\"image\":{\"@id\":\"https:\/\/conversesacatalunya.cat\/es\/ayudas-educacion-cataluna\/#primaryimage\"},\"thumbnailUrl\":\"https:\/\/conversesacatalunya.cat\/wp-content\/uploads\/2023\/09\/escola-catalana.jpg\",\"keywords\":[\"Educaci\u00f3\",\"Educaci\u00f3n\",\"Ensenyament\",\"escuela\"],\"articleSection\":[\"Punts clau del dia (ES)\"],\"inLanguage\":\"es\",\"potentialAction\":[{\"@type\":\"CommentAction\",\"name\":\"Comment\",\"target\":[\"https:\/\/conversesacatalunya.cat\/es\/ayudas-educacion-cataluna\/#respond\"]}]},{\"@type\":\"WebPage\",\"@id\":\"https:\/\/conversesacatalunya.cat\/es\/ayudas-educacion-cataluna\/\",\"url\":\"https:\/\/conversesacatalunya.cat\/es\/ayudas-educacion-cataluna\/\",\"name\":\"Los padres y madres de Catalu\u00f1a no merecen el maltrato de la Generalitat - Converses a Catalunya\",\"isPartOf\":{\"@id\":\"https:\/\/conversesacatalunya.cat\/#website\"},\"primaryImageOfPage\":{\"@id\":\"https:\/\/conversesacatalunya.cat\/es\/ayudas-educacion-cataluna\/#primaryimage\"},\"image\":{\"@id\":\"https:\/\/conversesacatalunya.cat\/es\/ayudas-educacion-cataluna\/#primaryimage\"},\"thumbnailUrl\":\"https:\/\/conversesacatalunya.cat\/wp-content\/uploads\/2023\/09\/escola-catalana.jpg\",\"datePublished\":\"2023-09-07T10:07:07+00:00\",\"dateModified\":\"2023-09-13T06:22:59+00:00\",\"author\":{\"@id\":\"https:\/\/conversesacatalunya.cat\/#\/schema\/person\/311d0bf53def217d5124c78a7bc42275\"},\"description\":\"La Generalitat catalana es la que menos ayuda a las familias con hijos en edad escolar y la que m\u00e1s les cobra por comedor\",\"breadcrumb\":{\"@id\":\"https:\/\/conversesacatalunya.cat\/es\/ayudas-educacion-cataluna\/#breadcrumb\"},\"inLanguage\":\"es\",\"potentialAction\":[{\"@type\":\"ReadAction\",\"target\":[\"https:\/\/conversesacatalunya.cat\/es\/ayudas-educacion-cataluna\/\"]}]},{\"@type\":\"ImageObject\",\"inLanguage\":\"es\",\"@id\":\"https:\/\/conversesacatalunya.cat\/es\/ayudas-educacion-cataluna\/#primaryimage\",\"url\":\"https:\/\/conversesacatalunya.cat\/wp-content\/uploads\/2023\/09\/escola-catalana.jpg\",\"contentUrl\":\"https:\/\/conversesacatalunya.cat\/wp-content\/uploads\/2023\/09\/escola-catalana.jpg\",\"width\":730,\"height\":340},{\"@type\":\"BreadcrumbList\",\"@id\":\"https:\/\/conversesacatalunya.cat\/es\/ayudas-educacion-cataluna\/#breadcrumb\",\"itemListElement\":[{\"@type\":\"ListItem\",\"position\":1,\"name\":\"Inici\",\"item\":\"https:\/\/conversesacatalunya.cat\/es\/\"},{\"@type\":\"ListItem\",\"position\":2,\"name\":\"Los padres y madres de Catalu\u00f1a no merecen el maltrato de la Generalitat\"}]},{\"@type\":\"WebSite\",\"@id\":\"https:\/\/conversesacatalunya.cat\/#website\",\"url\":\"https:\/\/conversesacatalunya.cat\/\",\"name\":\"Converses a Catalunya\",\"description\":\"\",\"potentialAction\":[{\"@type\":\"SearchAction\",\"target\":{\"@type\":\"EntryPoint\",\"urlTemplate\":\"https:\/\/conversesacatalunya.cat\/?s={search_term_string}\"},\"query-input\":{\"@type\":\"PropertyValueSpecification\",\"valueRequired\":true,\"valueName\":\"search_term_string\"}}],\"inLanguage\":\"es\"},{\"@type\":\"Person\",\"@id\":\"https:\/\/conversesacatalunya.cat\/#\/schema\/person\/311d0bf53def217d5124c78a7bc42275\",\"name\":\"Joan Masip\",\"image\":{\"@type\":\"ImageObject\",\"inLanguage\":\"es\",\"@id\":\"https:\/\/conversesacatalunya.cat\/#\/schema\/person\/image\/\",\"url\":\"https:\/\/conversesacatalunya.cat\/wp-content\/litespeed\/avatar\/fa67b994763cff7d443f54b63ec96481.jpg?ver=1777372547\",\"contentUrl\":\"https:\/\/conversesacatalunya.cat\/wp-content\/litespeed\/avatar\/fa67b994763cff7d443f54b63ec96481.jpg?ver=1777372547\",\"caption\":\"Joan Masip\"},\"url\":\"https:\/\/conversesacatalunya.cat\/es\/author\/joan-masip\/\"}]}<\/script>\n<!-- \/ Yoast SEO plugin. -->","yoast_head_json":{"title":"Los padres y madres de Catalu\u00f1a no merecen el maltrato de la Generalitat - Converses a Catalunya","description":"La Generalitat catalana es la que menos ayuda a las familias con hijos en edad escolar y la que m\u00e1s les cobra por comedor","robots":{"index":"index","follow":"follow","max-snippet":"max-snippet:-1","max-image-preview":"max-image-preview:large","max-video-preview":"max-video-preview:-1"},"canonical":"https:\/\/conversesacatalunya.cat\/es\/ayudas-educacion-cataluna\/","og_locale":"es_ES","og_type":"article","og_title":"Los padres y madres de Catalu\u00f1a no merecen el maltrato de la Generalitat - Converses a Catalunya","og_description":"La Generalitat catalana es la que menos ayuda a las familias con hijos en edad escolar y la que m\u00e1s les cobra por comedor","og_url":"https:\/\/conversesacatalunya.cat\/es\/ayudas-educacion-cataluna\/","og_site_name":"Converses a Catalunya","article_published_time":"2023-09-07T10:07:07+00:00","article_modified_time":"2023-09-13T06:22:59+00:00","og_image":[{"width":730,"height":340,"url":"https:\/\/conversesacatalunya.cat\/wp-content\/uploads\/2023\/09\/escola-catalana.jpg","type":"image\/jpeg"}],"author":"Joan Masip","twitter_card":"summary_large_image","twitter_misc":{"Escrito por":"Joan Masip","Tiempo de lectura":"3 minutos"},"schema":{"@context":"https:\/\/schema.org","@graph":[{"@type":"Article","@id":"https:\/\/conversesacatalunya.cat\/es\/ayudas-educacion-cataluna\/#article","isPartOf":{"@id":"https:\/\/conversesacatalunya.cat\/es\/ayudas-educacion-cataluna\/"},"author":{"name":"Joan Masip","@id":"https:\/\/conversesacatalunya.cat\/#\/schema\/person\/311d0bf53def217d5124c78a7bc42275"},"headline":"Los padres y madres de Catalu\u00f1a no merecen el maltrato de la Generalitat","datePublished":"2023-09-07T10:07:07+00:00","dateModified":"2023-09-13T06:22:59+00:00","mainEntityOfPage":{"@id":"https:\/\/conversesacatalunya.cat\/es\/ayudas-educacion-cataluna\/"},"wordCount":537,"commentCount":0,"image":{"@id":"https:\/\/conversesacatalunya.cat\/es\/ayudas-educacion-cataluna\/#primaryimage"},"thumbnailUrl":"https:\/\/conversesacatalunya.cat\/wp-content\/uploads\/2023\/09\/escola-catalana.jpg","keywords":["Educaci\u00f3","Educaci\u00f3n","Ensenyament","escuela"],"articleSection":["Punts clau del dia (ES)"],"inLanguage":"es","potentialAction":[{"@type":"CommentAction","name":"Comment","target":["https:\/\/conversesacatalunya.cat\/es\/ayudas-educacion-cataluna\/#respond"]}]},{"@type":"WebPage","@id":"https:\/\/conversesacatalunya.cat\/es\/ayudas-educacion-cataluna\/","url":"https:\/\/conversesacatalunya.cat\/es\/ayudas-educacion-cataluna\/","name":"Los padres y madres de Catalu\u00f1a no merecen el maltrato de la Generalitat - Converses a Catalunya","isPartOf":{"@id":"https:\/\/conversesacatalunya.cat\/#website"},"primaryImageOfPage":{"@id":"https:\/\/conversesacatalunya.cat\/es\/ayudas-educacion-cataluna\/#primaryimage"},"image":{"@id":"https:\/\/conversesacatalunya.cat\/es\/ayudas-educacion-cataluna\/#primaryimage"},"thumbnailUrl":"https:\/\/conversesacatalunya.cat\/wp-content\/uploads\/2023\/09\/escola-catalana.jpg","datePublished":"2023-09-07T10:07:07+00:00","dateModified":"2023-09-13T06:22:59+00:00","author":{"@id":"https:\/\/conversesacatalunya.cat\/#\/schema\/person\/311d0bf53def217d5124c78a7bc42275"},"description":"La Generalitat catalana es la que menos ayuda a las familias con hijos en edad escolar y la que m\u00e1s les cobra por comedor","breadcrumb":{"@id":"https:\/\/conversesacatalunya.cat\/es\/ayudas-educacion-cataluna\/#breadcrumb"},"inLanguage":"es","potentialAction":[{"@type":"ReadAction","target":["https:\/\/conversesacatalunya.cat\/es\/ayudas-educacion-cataluna\/"]}]},{"@type":"ImageObject","inLanguage":"es","@id":"https:\/\/conversesacatalunya.cat\/es\/ayudas-educacion-cataluna\/#primaryimage","url":"https:\/\/conversesacatalunya.cat\/wp-content\/uploads\/2023\/09\/escola-catalana.jpg","contentUrl":"https:\/\/conversesacatalunya.cat\/wp-content\/uploads\/2023\/09\/escola-catalana.jpg","width":730,"height":340},{"@type":"BreadcrumbList","@id":"https:\/\/conversesacatalunya.cat\/es\/ayudas-educacion-cataluna\/#breadcrumb","itemListElement":[{"@type":"ListItem","position":1,"name":"Inici","item":"https:\/\/conversesacatalunya.cat\/es\/"},{"@type":"ListItem","position":2,"name":"Los padres y madres de Catalu\u00f1a no merecen el maltrato de la Generalitat"}]},{"@type":"WebSite","@id":"https:\/\/conversesacatalunya.cat\/#website","url":"https:\/\/conversesacatalunya.cat\/","name":"Converses a Catalunya","description":"","potentialAction":[{"@type":"SearchAction","target":{"@type":"EntryPoint","urlTemplate":"https:\/\/conversesacatalunya.cat\/?s={search_term_string}"},"query-input":{"@type":"PropertyValueSpecification","valueRequired":true,"valueName":"search_term_string"}}],"inLanguage":"es"},{"@type":"Person","@id":"https:\/\/conversesacatalunya.cat\/#\/schema\/person\/311d0bf53def217d5124c78a7bc42275","name":"Joan Masip","image":{"@type":"ImageObject","inLanguage":"es","@id":"https:\/\/conversesacatalunya.cat\/#\/schema\/person\/image\/","url":"https:\/\/conversesacatalunya.cat\/wp-content\/litespeed\/avatar\/fa67b994763cff7d443f54b63ec96481.jpg?ver=1777372547","contentUrl":"https:\/\/conversesacatalunya.cat\/wp-content\/litespeed\/avatar\/fa67b994763cff7d443f54b63ec96481.jpg?ver=1777372547","caption":"Joan Masip"},"url":"https:\/\/conversesacatalunya.cat\/es\/author\/joan-masip\/"}]}},"wps_subtitle":"La Generalitat catalana es la que menos ayuda a las familias con hijos en edad escolar y la que m\u00e1s les cobra por comedor","_links":{"self":[{"href":"https:\/\/conversesacatalunya.cat\/es\/wp-json\/wp\/v2\/posts\/70471","targetHints":{"allow":["GET"]}}],"collection":[{"href":"https:\/\/conversesacatalunya.cat\/es\/wp-json\/wp\/v2\/posts"}],"about":[{"href":"https:\/\/conversesacatalunya.cat\/es\/wp-json\/wp\/v2\/types\/post"}],"author":[{"embeddable":true,"href":"https:\/\/conversesacatalunya.cat\/es\/wp-json\/wp\/v2\/users\/78"}],"replies":[{"embeddable":true,"href":"https:\/\/conversesacatalunya.cat\/es\/wp-json\/wp\/v2\/comments?post=70471"}],"version-history":[{"count":3,"href":"https:\/\/conversesacatalunya.cat\/es\/wp-json\/wp\/v2\/posts\/70471\/revisions"}],"predecessor-version":[{"id":70587,"href":"https:\/\/conversesacatalunya.cat\/es\/wp-json\/wp\/v2\/posts\/70471\/revisions\/70587"}],"wp:featuredmedia":[{"embeddable":true,"href":"https:\/\/conversesacatalunya.cat\/es\/wp-json\/wp\/v2\/media\/70460"}],"wp:attachment":[{"href":"https:\/\/conversesacatalunya.cat\/es\/wp-json\/wp\/v2\/media?parent=70471"}],"wp:term":[{"taxonomy":"category","embeddable":true,"href":"https:\/\/conversesacatalunya.cat\/es\/wp-json\/wp\/v2\/categories?post=70471"},{"taxonomy":"post_tag","embeddable":true,"href":"https:\/\/conversesacatalunya.cat\/es\/wp-json\/wp\/v2\/tags?post=70471"}],"curies":[{"name":"wp","href":"https:\/\/api.w.org\/{rel}","templated":true}]}}