{"id":70365,"date":"2023-09-08T10:40:02","date_gmt":"2023-09-08T08:40:02","guid":{"rendered":"https:\/\/conversesacatalunya.cat\/barcelona-impacte-economic-de-la-poblacio\/"},"modified":"2023-09-08T10:41:38","modified_gmt":"2023-09-08T08:41:38","slug":"barcelona-impacto-economico-de-la-poblacion","status":"publish","type":"post","link":"https:\/\/conversesacatalunya.cat\/es\/barcelona-impacto-economico-de-la-poblacion\/","title":{"rendered":"Barcelona despu\u00e9s de Colau. M\u00e1s potencial que futuro (III). El impacto econ\u00f3mico de la poblaci\u00f3n"},"content":{"rendered":"<p><span><span class=\"\">Los an\u00e1lisis te\u00f3ricos sobre los efectos de la poblaci\u00f3n en la econom\u00eda constituyen un cap\u00edtulo muy bien nutrido, tanto a nivel econ\u00f3mico como sociol\u00f3gico.\u00a0<\/span>No ser\u00e1 objeto de este informe analizarlos con detalle, pero s\u00ed resulta conveniente considerar determinados aspectos generales, como los relacionados con la\u00a0<\/span><strong><span>natalidad y el envejecimiento<\/span><\/strong><span>\u00a0de la poblaci\u00f3n.<\/span><\/p>\n<p><span>Con car\u00e1cter general, una\u00a0<\/span><strong><span>tasa de fertilidad inferior a la de reemplazo<\/span><\/strong><span>, de 2,1 hijos por mujer (15-45 a\u00f1os) se traduce en una p\u00e9rdida de poblaci\u00f3n, en un progresivo envejecimiento de \u00e9sta y un aumento del sobreenvejecimiento, (la proporci\u00f3n de la poblaci\u00f3n m\u00e1s anciana \u201385 y m\u00e1s a\u00f1os\u2013 por cada 100 adultos de 65 y m\u00e1s a\u00f1os).<\/span><\/p>\n<p><span>Cuando ese desequilibrio se traslada de forma significativa al balance vegetativo en forma de d\u00e9ficit, sus efectos ya no se miden en d\u00e9cadas, sino mucho m\u00e1s a corto plazo.\u00a0Es una caracter\u00edstica de los territorios demogr\u00e1ficamente regresivos, que tambi\u00e9n acaban si\u00e9ndolo en el \u00e1mbito econ\u00f3mico.\u00a0La velocidad de este impacto es variable en funci\u00f3n de la\u00a0<\/span><strong><span>productividad que posea la econom\u00eda<\/span><\/strong><span>\u00a0de ese territorio.\u00a0A partir de este hecho, la sociedad y su econom\u00eda se transforman y la entrada en juego de la variable\u00a0<\/span><strong><span>inmigraci\u00f3n<\/span><\/strong><span>, que en t\u00e9rminos cuantitativos demogr\u00e1ficos puede resolver la situaci\u00f3n en este aspecto, acent\u00faa la din\u00e1mica transformadora.\u00a0Todo esto son cuestiones generales bien conocidas que deben tenerse en consideraci\u00f3n en el diagn\u00f3stico sobre Barcelona.<\/span><\/p>\n<p><span>Sabemos tambi\u00e9n que la poblaci\u00f3n incide sobre los\u00a0<\/span><strong><span>factores del crecimiento econ\u00f3mico<\/span><\/strong><span>.\u00a0Lo hace sobre el stock de Capital (k) si la estructura de edad se va viendo sustancialmente modificada. Como es obvio afecta a la disponibilidad de Trabajo (L) y de Capital humano (h),<\/span><\/p>\n<p><span>En el primer caso, la inmigraci\u00f3n puede resolver los d\u00e9ficits, pero en el segundo, la cuesti\u00f3n debe ser matizada porque entra en juego la productividad inherente al capital humano de cada trabajador. La\u00a0<\/span><strong><span>media de edad de la poblaci\u00f3n, <\/span><\/strong><span>considerada tambi\u00e9n, guarda relaci\u00f3n con la productividad.\u00a0\u00c9sta, a su vez, est\u00e1 relacionada con el m\u00e9todo de producci\u00f3n que se aplica (F) y el Progreso T\u00e9cnico, que viene a recoger todos los factores que afectan a la productividad (A).\u00a0No es necesario desarrollar m\u00e1s los conceptos para constatar las interrelaciones entre demograf\u00eda y econom\u00eda, su complejidad y sus consecuencias y, de este modo, advertir que las cuestiones clave de d\u00e9ficit vegetativo, baja natalidad y envejecimiento, no se resuelven simplemente a base de apelar a la inmigraci\u00f3n, porque todo resulta m\u00e1s complejo.\u00a0El populismo demogr\u00e1fico se deshace con el sentido que se d\u00e9, y esto es muy peligroso.<\/span><\/p>\n<p><span><span class=\"VIpgJd-yAWNEb-VIpgJd-fmcmS-sn54Q\">La estructura y din\u00e1mica demogr\u00e1fica afecta, adem\u00e1s, a dos condiciones generales del sistema econ\u00f3mico, la de la\u00a0<\/span><\/span><strong><span><span class=\"VIpgJd-yAWNEb-VIpgJd-fmcmS-sn54Q\">propensi\u00f3n a la desigualdad y a la deflaci\u00f3n<\/span><\/span><\/strong><span><span class=\"VIpgJd-yAWNEb-VIpgJd-fmcmS-sn54Q\">.\u00a0<\/span>Piketty apunta a la primera, y la situaci\u00f3n cr\u00f3nica de Jap\u00f3n a la segunda.<\/span><\/p>\n<p><span>Existe la teor\u00eda, discutida, de que el crecimiento de la poblaci\u00f3n favorece el progreso t\u00e9cnico.\u00a0Son ya cl\u00e1sicas en este sentido las tesis Boserup, Kremer (1993) y su extraordinario estudio \u201cPopulation Growth and Technological Change: One Million BC To 1990\u201d, y de Becker (segunda \u00e9poca).\u00a0Tambi\u00e9n en la producci\u00f3n acad\u00e9mica local, Garc\u00eda Duran (a partir de Kremer) establece que la elasticidad del progreso t\u00e9cnico es mayor en relaci\u00f3n con la poblaci\u00f3n que con la tecnolog\u00eda.<\/span><\/p>\n<p><span>La tabla adjunta nos dice algo consistente en este sentido. Para un per\u00edodo de un cuarto de siglo (1980-2005), los pa\u00edses desarrollados muestran una notable relaci\u00f3n entre productividad y natalidad, con la \u00fanica excepci\u00f3n de Estados Unidos en la primera d\u00e9cada.<\/span><\/p>\n<p><img fetchpriority=\"high\" decoding=\"async\" class=\"aligncenter size-us_600_600_crop wp-image-70353\" src=\"https:\/\/conversesacatalunya.cat\/wp-content\/uploads\/2023\/09\/Imagen1-600x600.jpg\" alt=\"\" width=\"600\" height=\"600\" srcset=\"https:\/\/conversesacatalunya.cat\/wp-content\/uploads\/2023\/09\/Imagen1-600x600.jpg 600w, https:\/\/conversesacatalunya.cat\/wp-content\/uploads\/2023\/09\/Imagen1-150x150.jpg 150w, https:\/\/conversesacatalunya.cat\/wp-content\/uploads\/2023\/09\/Imagen1-350x350.jpg 350w\" sizes=\"(max-width: 600px) 100vw, 600px\" \/><\/p>\n<p><span>Otro aspecto que destacar radica en la\u00a0<\/span><strong><span>estructura de edad de la poblaci\u00f3n y su relaci\u00f3n con la productividad<\/span><\/strong><span>.\u00a0La creatividad se concentra en la poblaci\u00f3n menor de 40 a\u00f1os y su m\u00e1ximo se sit\u00faa entre los 30 y 40 a\u00f1os, con una desviaci\u00f3n seg\u00fan la actividad de (+) 4 a 10 a\u00f1os.<\/span><\/p>\n<p><span>Por otra parte, los ingresos salariales m\u00e1ximos se alcanzan entre los 45 y 55 a\u00f1os, estando desplazados hacia adelante en relaci\u00f3n con la productividad (este hecho ayuda a entender mejor la l\u00f3gica interna de las jubilaciones anticipadas).\u00a0En la medida en que la poblaci\u00f3n que trabaja envejece se alteran las condiciones de crecimiento econ\u00f3mico.\u00a0En el caso de Espa\u00f1a, y\u00a0<\/span><a href=\"https:\/\/es.statista.com\/estadisticas\/487165\/edad-media-de-la-poblacion-espanola-cada-cinco-anos\/\" target=\"_blank\" rel=\"noopener\"><span>seg\u00fan el INE<\/span><\/a><span>, la mediana edad de la poblaci\u00f3n espa\u00f1ola en 2022 es de\u00a0<\/span><strong><span>45 a\u00f1os<\/span><\/strong><span>, la de los extranjeros es de 37,1 a\u00f1os, mientras que la de los nacidos en Espa\u00f1a es de\u00a0<\/span><strong><span>46,1 a\u00f1os<\/span><\/strong><span>.\u00a0<\/span><a href=\"https:\/\/www.telecinco.es\/noticias\/sociedad\/poblacion-espana-edad-media-ancianos-inmigrantes-extranjeros-evitan-descenso_18_3317746914.html\" target=\"_blank\" rel=\"noopener\"><span>Esta cifra se ha incrementado en 14,6 a\u00f1os desde 1975<\/span><\/a><span>.\u00a0Esto significa que la poblaci\u00f3n aut\u00f3ctona se encuentra ya como media de edad fuera del per\u00edodo de m\u00e1xima productividad y ha entrado en la fase m\u00e1s alta.\u00a0No es el caso de los inmigrantes, pero dado que \u00e9stos est\u00e1n muy mayoritariamente empleados en sectores econ\u00f3micos de baja productividad, no resuelven el desequilibrio.<\/span><\/p>\n<p><span><span class=\"VIpgJd-yAWNEb-VIpgJd-fmcmS-sn54Q\">La\u00a0<\/span><\/span><strong><span><span class=\"VIpgJd-yAWNEb-VIpgJd-fmcmS-sn54Q\">media de edad de la poblaci\u00f3n<\/span><\/span><\/strong><span><span class=\"VIpgJd-yAWNEb-VIpgJd-fmcmS-sn54Q\">\u00a0de Barcelona se desplaza al alza y se sit\u00faa en m\u00e1ximos hist\u00f3ricos: 44,2 a\u00f1os, y ello gracias al elevado contingente de poblaci\u00f3n inmigrada, como veremos m\u00e1s delante.<\/span><\/span><\/p>\n<p><span>Esto significa tambi\u00e9n que la poblaci\u00f3n dotada de una mayor productividad, que b\u00e1sicamente es aut\u00f3ctona, con la excepci\u00f3n de la inmigraci\u00f3n europea, que es minoritaria, tiende a reducirse.<\/span><\/p>\n<p><span>La\u00a0<\/span><strong><span>din\u00e1mica de poblaci\u00f3n<\/span><\/strong><span>\u00a0no ofrece una mejora de estas condiciones.\u00a0Es el caso de la relaci\u00f3n entre el grupo de edad decisivo de 35 a 54 a\u00f1os con respecto al grupo de 65 y m\u00e1s a\u00f1os.\u00a0En esta medici\u00f3n los pa\u00edses peor situados en el horizonte 2050 son, por un lado, Jap\u00f3n (0,58) y Corea del Sur (0,65), y en el caso de Europa, Italia (0,69), Alemania (0,69) y Espa\u00f1a (0,70).<\/span><\/p>\n<p><img decoding=\"async\" class=\"aligncenter size-us_600_600_crop wp-image-70355 lazyload\" data-src=\"https:\/\/conversesacatalunya.cat\/wp-content\/uploads\/2023\/09\/Imagen2-600x508.jpg\" alt=\"\" width=\"600\" height=\"508\" src=\"data:image\/svg+xml;base64,PHN2ZyB3aWR0aD0iMSIgaGVpZ2h0PSIxIiB4bWxucz0iaHR0cDovL3d3dy53My5vcmcvMjAwMC9zdmciPjwvc3ZnPg==\" style=\"--smush-placeholder-width: 600px; --smush-placeholder-aspect-ratio: 600\/508;\" \/><\/p>\n<p><span>Apuntaba anteriormente la relaci\u00f3n espec\u00edfica entre demograf\u00eda y desigualdad y citaba en concreto a Piketty.\u00a0Tiene inter\u00e9s observar su tratamiento de la cuesti\u00f3n.\u00a0El economista franc\u00e9s escribe:\u00a0<\/span><em><span>\u201cEl factor m\u00e1s importante a largo plazo que explica el aumento del capital privado en Europa en los \u00faltimos 40 a\u00f1os es la ralentizaci\u00f3n del crecimiento, sobre todo demogr\u00e1fico (2014, p223)\u201d.\u00a0\u00a0<\/span><\/em><span>Esto puede explicarse por su segunda ley fundamental del capitalismo \u00df= s\/g;\u00a0es decir, el ratio beta de capital\/renta se correlaciona con la tasa de ahorro y la tasa de crecimiento.\u00a0Pero en realidad \u00df = s\/(g+n), siendo\u00a0<\/span><strong><span>n<\/span><\/strong><span>\u00a0la tasa de crecimiento de la poblaci\u00f3n.<\/span><\/p>\n<p><span>En esta consideraci\u00f3n se prescinde de la naturaleza del crecimiento de la poblaci\u00f3n, pero ya hemos visto las razones por las que la dimensi\u00f3n cualitativa de este crecimiento es muy importante por relacionarse con la productividad.\u00a0Si\u00a0<\/span><strong><span>n <\/span><\/strong><span>crece, pero este aumento se traduce en un empleo de baja productividad y una ruptura de la pir\u00e1mide demogr\u00e1fica, en el sentido de que existe poca poblaci\u00f3n infantil y adolescente, no determina una disminuci\u00f3n de la desigualdad, y s\u00ed m\u00e1s bien lo contrario, se dar\u00e1 un hecho adicional con efecto a largo plazo: los hijos de estos inmigrantes nacidos aqu\u00ed, con familias situadas en los \u00faltimos percentiles de renta, escasos en capital social y humano como resultado de su condici\u00f3n de inmigrante, con un sistema social y educativo tan deficiente como el espa\u00f1ol y el catal\u00e1n, que no es capaz de reducir la pobreza infantil ni las desigualdades educativas, dar\u00e1 lugar a futuras generaciones, \u00e9stas ya s\u00ed aut\u00f3ctonas, de escaso capital humano y consiguientemente de escasa <\/span><strong><span>productividad<\/span><\/strong><span>.<\/span><\/p>\n<p><span>De hecho, es un proceso que de forma incipiente estamos viviendo y a a partir de la primera ola inmigratoria de este siglo. Sus consecuencias superan el \u00e1mbito econ\u00f3mico y constituyen un grave problema social que carece de pol\u00edticas p\u00fablicas que lo aborden y que estimulan la continuidad del problema cr\u00f3nico espa\u00f1ol de su baja productividad. Seg\u00fan Jordi Gual ( LV27agosto2023), \u201c<\/span><em><span>la productividad medida en PIB real por persona ocupada ha crecido en el per\u00edodo 2008-2022 tan s\u00f3lo un 5,6%, \u201c<\/span><\/em><span> y todav\u00eda\u201c\u00a0<\/span><em><span>esta cifra se concentra entre 2008-2013\u201d<\/span><\/em><span> \u00a0 \u200b\u200bel per\u00edodo de la crisis fue alcanzada v\u00eda despidos, mientras que a partir de aquella fecha \u00ab<\/span><em><span>ha estado en retroceso<\/span><\/em><span>\u00ab<\/span><\/p>\n<p><span>La poblaci\u00f3n afecta a la productividad y a la renta por v\u00edas distintas. Una, en funci\u00f3n de la estructura de edades, la natalidad y el grado de envejecimiento, y otra, en funci\u00f3n de la componente inmigratoria.<\/span><\/p>\n<p><span>La\u00a0<\/span><strong><span>falta de natalidad y el desplazamiento del cuidado de la mediana de edad<\/span><\/strong><span>, superando el per\u00edodo de m\u00e1xima productividad, afecta de manera creciente a Barcelona, \u200b\u200ba pesar de la inmigraci\u00f3n.\u00a0Pero adem\u00e1s lo hace incidiendo directamente sobre la renta de los hogares.<\/span><\/p>\n<p><span><span class=\"VIpgJd-yAWNEb-VIpgJd-fmcmS-sn54Q\">Lo que llama la atenci\u00f3n de Barcelona es la magnitud negativa de su\u00a0<\/span><\/span><strong><span><span class=\"VIpgJd-yAWNEb-VIpgJd-fmcmS-sn54Q\">saldo vegetativo<\/span><\/span><\/strong><span><span class=\"VIpgJd-yAWNEb-VIpgJd-fmcmS-sn54Q\">, que es el factor determinante de su envejecimiento y sobre todo del de su poblaci\u00f3n aut\u00f3ctona, y c\u00f3mo se ha deteriorado con el paso de los a\u00f1os.\u00a0<\/span>Ahora es mucho peor, incluso, que el de Catalunya y Espa\u00f1a.<\/span><\/p>\n<p><span>El saldo vegetativo para Barcelona ciudad, Catalu\u00f1a y Madrid ciudad desde 1985 hasta 2021 fue el siguiente:<\/span><\/p>\n<p><img decoding=\"async\" class=\"aligncenter size-full wp-image-70357 lazyload\" data-src=\"https:\/\/conversesacatalunya.cat\/wp-content\/uploads\/2023\/09\/taula1-.jpg\" alt=\"\" width=\"486\" height=\"305\" data-srcset=\"https:\/\/conversesacatalunya.cat\/wp-content\/uploads\/2023\/09\/taula1-.jpg 486w, https:\/\/conversesacatalunya.cat\/wp-content\/uploads\/2023\/09\/taula1--300x188.jpg 300w\" data-sizes=\"(max-width: 486px) 100vw, 486px\" src=\"data:image\/svg+xml;base64,PHN2ZyB3aWR0aD0iMSIgaGVpZ2h0PSIxIiB4bWxucz0iaHR0cDovL3d3dy53My5vcmcvMjAwMC9zdmciPjwvc3ZnPg==\" style=\"--smush-placeholder-width: 486px; --smush-placeholder-aspect-ratio: 486\/305;\" \/><\/p>\n<p><span>Pese al d\u00e9ficit vegetativo, la relaci\u00f3n entre poblaci\u00f3n de 35 a 54 a\u00f1os y la de 65 y m\u00e1s en 2020 es mejor que la de las tres referencias espaciales utilizadas.\u00a0Los coeficientes son 1,74, Madrid (1,73) Catalu\u00f1a (1,72) y Espa\u00f1a (1,63).\u00a0<span class=\"VIpgJd-yAWNEb-VIpgJd-fmcmS-sn54Q\">Este resultado nos se\u00f1ala la importancia que ha alcanzado la inmigraci\u00f3n en la din\u00e1mica demogr\u00e1fica de la ciudad, y ha convertido a Barcelona en la capital de Espa\u00f1a con un mayor n\u00famero de inmigrados.<\/span><\/span><\/p>\n<div class=\"ssba-modern-2 ssba ssbp-wrap aligncenter ssbp--theme-1\">\n<div><\/div>\n<\/div>\n","protected":false},"excerpt":{"rendered":"<p>Los an\u00e1lisis te\u00f3ricos sobre los efectos de la poblaci\u00f3n en la econom\u00eda constituyen un cap\u00edtulo muy bien nutrido, tanto a nivel econ\u00f3mico como sociol\u00f3gico.\u00a0No ser\u00e1 objeto de este informe analizarlos con detalle, pero s\u00ed resulta conveniente considerar determinados aspectos generales, como los relacionados con la\u00a0natalidad y el envejecimiento\u00a0de la poblaci\u00f3n. Con car\u00e1cter general, una\u00a0tasa de fertilidad inferior a la de reemplazo, de 2,1 hijos por mujer (15-45 a\u00f1os) se traduce en una p\u00e9rdida de poblaci\u00f3n, en un progresivo envejecimiento de \u00e9sta y un aumento del sobreenvejecimiento, (la proporci\u00f3n de la poblaci\u00f3n m\u00e1s anciana \u201385 y m\u00e1s a\u00f1os\u2013 por cada 100 adultos de 65 y m\u00e1s a\u00f1os). Cuando ese desequilibrio se traslada de forma significativa al balance vegetativo en forma de d\u00e9ficit, sus efectos ya no se miden en d\u00e9cadas, sino mucho m\u00e1s a corto plazo.\u00a0Es una caracter\u00edstica de los territorios demogr\u00e1ficamente regresivos, que tambi\u00e9n acaban si\u00e9ndolo en el \u00e1mbito econ\u00f3mico.\u00a0La velocidad de este impacto es variable en funci\u00f3n de la\u00a0productividad que posea la econom\u00eda\u00a0de ese territorio.\u00a0A partir de este hecho, la sociedad y su econom\u00eda se transforman y la entrada en juego de la variable\u00a0inmigraci\u00f3n, que en t\u00e9rminos cuantitativos demogr\u00e1ficos puede resolver la situaci\u00f3n en este aspecto, acent\u00faa la din\u00e1mica transformadora.\u00a0Todo esto son cuestiones generales bien conocidas que deben tenerse en consideraci\u00f3n en el diagn\u00f3stico sobre Barcelona. Sabemos tambi\u00e9n que la poblaci\u00f3n incide sobre los\u00a0factores del crecimiento econ\u00f3mico.\u00a0Lo hace sobre el stock de Capital (k) si la estructura de edad se va viendo sustancialmente modificada. Como es obvio afecta a la disponibilidad de Trabajo (L) y de Capital humano (h), En el primer caso, la inmigraci\u00f3n puede resolver los d\u00e9ficits, pero en el segundo, la cuesti\u00f3n debe ser matizada porque entra en juego la productividad inherente al capital humano de cada trabajador. La\u00a0media de edad de la poblaci\u00f3n, considerada tambi\u00e9n, guarda relaci\u00f3n con la productividad.\u00a0\u00c9sta, a su vez, est\u00e1 relacionada con el m\u00e9todo de producci\u00f3n que se aplica (F) y el Progreso T\u00e9cnico, que viene a recoger todos los factores que afectan a la productividad (A).\u00a0No es necesario desarrollar m\u00e1s los conceptos para constatar las interrelaciones entre demograf\u00eda y econom\u00eda, su complejidad y sus consecuencias y, de este modo, advertir que las cuestiones clave de d\u00e9ficit vegetativo, baja natalidad y envejecimiento, no se resuelven simplemente a base de apelar a la inmigraci\u00f3n, porque todo resulta m\u00e1s complejo.\u00a0El populismo demogr\u00e1fico se deshace con el sentido que se d\u00e9, y esto es muy peligroso. La estructura y din\u00e1mica demogr\u00e1fica afecta, adem\u00e1s, a dos condiciones generales del sistema econ\u00f3mico, la de la\u00a0propensi\u00f3n a la desigualdad y a la deflaci\u00f3n.\u00a0Piketty apunta a la primera, y la situaci\u00f3n cr\u00f3nica de Jap\u00f3n a la segunda. Existe la teor\u00eda, discutida, de que el crecimiento de la poblaci\u00f3n favorece el progreso t\u00e9cnico.\u00a0Son ya cl\u00e1sicas en este sentido las tesis Boserup, Kremer (1993) y su extraordinario estudio \u201cPopulation Growth and Technological Change: One Million BC To 1990\u201d, y de Becker (segunda \u00e9poca).\u00a0Tambi\u00e9n en la producci\u00f3n acad\u00e9mica local, Garc\u00eda Duran (a partir de Kremer) establece que la elasticidad del progreso t\u00e9cnico es mayor en relaci\u00f3n con la poblaci\u00f3n que con la tecnolog\u00eda. La tabla adjunta nos dice algo consistente en este sentido. Para un per\u00edodo de un cuarto de siglo (1980-2005), los pa\u00edses desarrollados muestran una notable relaci\u00f3n entre productividad y natalidad, con la \u00fanica excepci\u00f3n de Estados Unidos en la primera d\u00e9cada. Otro aspecto que destacar radica en la\u00a0estructura de edad de la poblaci\u00f3n y su relaci\u00f3n con la productividad.\u00a0La creatividad se concentra en la poblaci\u00f3n menor de 40 a\u00f1os y su m\u00e1ximo se sit\u00faa entre los 30 y 40 a\u00f1os, con una desviaci\u00f3n seg\u00fan la actividad de (+) 4 a 10 a\u00f1os. Por otra parte, los ingresos salariales m\u00e1ximos se alcanzan entre los 45 y 55 a\u00f1os, estando desplazados hacia adelante en relaci\u00f3n con la productividad (este hecho ayuda a entender mejor la l\u00f3gica interna de las jubilaciones anticipadas).\u00a0En la medida en que la poblaci\u00f3n que trabaja envejece se alteran las condiciones de crecimiento econ\u00f3mico.\u00a0En el caso de Espa\u00f1a, y\u00a0seg\u00fan el INE, la mediana edad de la poblaci\u00f3n espa\u00f1ola en 2022 es de\u00a045 a\u00f1os, la de los extranjeros es de 37,1 a\u00f1os, mientras que la de los nacidos en Espa\u00f1a es de\u00a046,1 a\u00f1os.\u00a0Esta cifra se ha incrementado en 14,6 a\u00f1os desde 1975.\u00a0Esto significa que la poblaci\u00f3n aut\u00f3ctona se encuentra ya como media de edad fuera del per\u00edodo de m\u00e1xima productividad y ha entrado en la fase m\u00e1s alta.\u00a0No es el caso de los inmigrantes, pero dado que \u00e9stos est\u00e1n muy mayoritariamente empleados en sectores econ\u00f3micos de baja productividad, no resuelven el desequilibrio. La\u00a0media de edad de la poblaci\u00f3n\u00a0de Barcelona se desplaza al alza y se sit\u00faa en m\u00e1ximos hist\u00f3ricos: 44,2 a\u00f1os, y ello gracias al elevado contingente de poblaci\u00f3n inmigrada, como veremos m\u00e1s delante. Esto significa tambi\u00e9n que la poblaci\u00f3n dotada de una mayor productividad, que b\u00e1sicamente es aut\u00f3ctona, con la excepci\u00f3n de la inmigraci\u00f3n europea, que es minoritaria, tiende a reducirse. La\u00a0din\u00e1mica de poblaci\u00f3n\u00a0no ofrece una mejora de estas condiciones.\u00a0Es el caso de la relaci\u00f3n entre el grupo de edad decisivo de 35 a 54 a\u00f1os con respecto al grupo de 65 y m\u00e1s a\u00f1os.\u00a0En esta medici\u00f3n los pa\u00edses peor situados en el horizonte 2050 son, por un lado, Jap\u00f3n (0,58) y Corea del Sur (0,65), y en el caso de Europa, Italia (0,69), Alemania (0,69) y Espa\u00f1a (0,70). Apuntaba anteriormente la relaci\u00f3n espec\u00edfica entre demograf\u00eda y desigualdad y citaba en concreto a Piketty.\u00a0Tiene inter\u00e9s observar su tratamiento de la cuesti\u00f3n.\u00a0El economista franc\u00e9s escribe:\u00a0\u201cEl factor m\u00e1s importante a largo plazo que explica el aumento del capital privado en Europa en los \u00faltimos 40 a\u00f1os es la ralentizaci\u00f3n del crecimiento, sobre todo demogr\u00e1fico (2014, p223)\u201d.\u00a0\u00a0Esto puede explicarse por su segunda ley fundamental del capitalismo \u00df= s\/g;\u00a0es decir, el ratio beta de capital\/renta se correlaciona con la tasa de ahorro y la tasa de crecimiento.\u00a0Pero en realidad \u00df = s\/(g+n), siendo\u00a0n\u00a0la tasa de crecimiento de la poblaci\u00f3n. En esta consideraci\u00f3n se prescinde de la naturaleza del crecimiento de la poblaci\u00f3n, pero ya hemos visto las razones por las&#8230;<\/p>\n","protected":false},"author":19,"featured_media":70360,"comment_status":"open","ping_status":"open","sticky":false,"template":"","format":"standard","meta":{"_FSMCFIC_featured_image_caption":"","_FSMCFIC_featured_image_nocaption":"","_FSMCFIC_featured_image_hide":"","footnotes":""},"categories":[796,3787],"tags":[1677,1678,1315,1313,1149,2736],"class_list":["post-70365","post","type-post","status-publish","format-standard","has-post-thumbnail","hentry","category-el-blog-de-josep-miro-i-ardevol-es","category-expedient-barcelona-es","tag-immigracio-es","tag-inmigracion","tag-natalidad","tag-natalitat-es","tag-poblacio-es","tag-poblacion"],"yoast_head":"<!-- This site is optimized with the Yoast SEO plugin v26.8 - https:\/\/yoast.com\/product\/yoast-seo-wordpress\/ -->\n<title>Barcelona: impacte econ\u00f2mic de la poblaci\u00f3<\/title>\n<meta name=\"description\" content=\"La inmigraci\u00f3n puede resolver los d\u00e9ficits, pero entra en juego la productividad de capital humano de cada trabajador\" \/>\n<meta name=\"robots\" content=\"index, follow, max-snippet:-1, max-image-preview:large, max-video-preview:-1\" \/>\n<link rel=\"canonical\" href=\"https:\/\/conversesacatalunya.cat\/es\/barcelona-impacto-economico-de-la-poblacion\/\" \/>\n<meta property=\"og:locale\" content=\"es_ES\" \/>\n<meta property=\"og:type\" content=\"article\" \/>\n<meta property=\"og:title\" content=\"Barcelona: impacte econ\u00f2mic de la poblaci\u00f3\" \/>\n<meta property=\"og:description\" content=\"La inmigraci\u00f3n puede resolver los d\u00e9ficits, pero entra en juego la productividad de capital humano de cada trabajador\" \/>\n<meta property=\"og:url\" content=\"https:\/\/conversesacatalunya.cat\/es\/barcelona-impacto-economico-de-la-poblacion\/\" \/>\n<meta property=\"og:site_name\" content=\"Converses a Catalunya\" \/>\n<meta property=\"article:published_time\" content=\"2023-09-08T08:40:02+00:00\" \/>\n<meta property=\"article:modified_time\" content=\"2023-09-08T08:41:38+00:00\" \/>\n<meta property=\"og:image\" content=\"https:\/\/conversesacatalunya.cat\/wp-content\/uploads\/2023\/09\/barcelona-poblacio.jpg\" \/>\n\t<meta property=\"og:image:width\" content=\"1200\" \/>\n\t<meta property=\"og:image:height\" content=\"800\" \/>\n\t<meta property=\"og:image:type\" content=\"image\/jpeg\" \/>\n<meta name=\"author\" content=\"Josep Mir\u00f3 i Ard\u00e8vol\" \/>\n<meta name=\"twitter:card\" content=\"summary_large_image\" \/>\n<meta name=\"twitter:label1\" content=\"Escrito por\" \/>\n\t<meta name=\"twitter:data1\" content=\"Josep Mir\u00f3 i Ard\u00e8vol\" \/>\n\t<meta name=\"twitter:label2\" content=\"Tiempo de lectura\" \/>\n\t<meta name=\"twitter:data2\" content=\"8 minutos\" \/>\n<script type=\"application\/ld+json\" class=\"yoast-schema-graph\">{\"@context\":\"https:\/\/schema.org\",\"@graph\":[{\"@type\":\"Article\",\"@id\":\"https:\/\/conversesacatalunya.cat\/es\/barcelona-impacto-economico-de-la-poblacion\/#article\",\"isPartOf\":{\"@id\":\"https:\/\/conversesacatalunya.cat\/es\/barcelona-impacto-economico-de-la-poblacion\/\"},\"author\":{\"name\":\"Josep Mir\u00f3 i Ard\u00e8vol\",\"@id\":\"https:\/\/conversesacatalunya.cat\/#\/schema\/person\/a9598a6786ba7d3d1c5e0de477b79370\"},\"headline\":\"Barcelona despu\u00e9s de Colau. M\u00e1s potencial que futuro (III). El impacto econ\u00f3mico de la poblaci\u00f3n\",\"datePublished\":\"2023-09-08T08:40:02+00:00\",\"dateModified\":\"2023-09-08T08:41:38+00:00\",\"mainEntityOfPage\":{\"@id\":\"https:\/\/conversesacatalunya.cat\/es\/barcelona-impacto-economico-de-la-poblacion\/\"},\"wordCount\":1698,\"commentCount\":1,\"image\":{\"@id\":\"https:\/\/conversesacatalunya.cat\/es\/barcelona-impacto-economico-de-la-poblacion\/#primaryimage\"},\"thumbnailUrl\":\"https:\/\/conversesacatalunya.cat\/wp-content\/uploads\/2023\/09\/barcelona-poblacio.jpg\",\"keywords\":[\"Immigraci\u00f3\",\"inmigraci\u00f3n\",\"Natalidad\",\"natalitat\",\"Poblaci\u00f3\",\"poblaci\u00f3n\"],\"articleSection\":[\"El Blog de Josep Mir\u00f3 i Ard\u00e8vol (ES)\",\"Expedient Barcelona (ES)\"],\"inLanguage\":\"es\",\"potentialAction\":[{\"@type\":\"CommentAction\",\"name\":\"Comment\",\"target\":[\"https:\/\/conversesacatalunya.cat\/es\/barcelona-impacto-economico-de-la-poblacion\/#respond\"]}]},{\"@type\":\"WebPage\",\"@id\":\"https:\/\/conversesacatalunya.cat\/es\/barcelona-impacto-economico-de-la-poblacion\/\",\"url\":\"https:\/\/conversesacatalunya.cat\/es\/barcelona-impacto-economico-de-la-poblacion\/\",\"name\":\"Barcelona: impacte econ\u00f2mic de la poblaci\u00f3\",\"isPartOf\":{\"@id\":\"https:\/\/conversesacatalunya.cat\/#website\"},\"primaryImageOfPage\":{\"@id\":\"https:\/\/conversesacatalunya.cat\/es\/barcelona-impacto-economico-de-la-poblacion\/#primaryimage\"},\"image\":{\"@id\":\"https:\/\/conversesacatalunya.cat\/es\/barcelona-impacto-economico-de-la-poblacion\/#primaryimage\"},\"thumbnailUrl\":\"https:\/\/conversesacatalunya.cat\/wp-content\/uploads\/2023\/09\/barcelona-poblacio.jpg\",\"datePublished\":\"2023-09-08T08:40:02+00:00\",\"dateModified\":\"2023-09-08T08:41:38+00:00\",\"author\":{\"@id\":\"https:\/\/conversesacatalunya.cat\/#\/schema\/person\/a9598a6786ba7d3d1c5e0de477b79370\"},\"description\":\"La inmigraci\u00f3n puede resolver los d\u00e9ficits, pero entra en juego la productividad de capital humano de cada trabajador\",\"breadcrumb\":{\"@id\":\"https:\/\/conversesacatalunya.cat\/es\/barcelona-impacto-economico-de-la-poblacion\/#breadcrumb\"},\"inLanguage\":\"es\",\"potentialAction\":[{\"@type\":\"ReadAction\",\"target\":[\"https:\/\/conversesacatalunya.cat\/es\/barcelona-impacto-economico-de-la-poblacion\/\"]}]},{\"@type\":\"ImageObject\",\"inLanguage\":\"es\",\"@id\":\"https:\/\/conversesacatalunya.cat\/es\/barcelona-impacto-economico-de-la-poblacion\/#primaryimage\",\"url\":\"https:\/\/conversesacatalunya.cat\/wp-content\/uploads\/2023\/09\/barcelona-poblacio.jpg\",\"contentUrl\":\"https:\/\/conversesacatalunya.cat\/wp-content\/uploads\/2023\/09\/barcelona-poblacio.jpg\",\"width\":1200,\"height\":800,\"caption\":\"Barcelona pooblaci\u00f3\"},{\"@type\":\"BreadcrumbList\",\"@id\":\"https:\/\/conversesacatalunya.cat\/es\/barcelona-impacto-economico-de-la-poblacion\/#breadcrumb\",\"itemListElement\":[{\"@type\":\"ListItem\",\"position\":1,\"name\":\"Inici\",\"item\":\"https:\/\/conversesacatalunya.cat\/es\/\"},{\"@type\":\"ListItem\",\"position\":2,\"name\":\"Barcelona despu\u00e9s de Colau. M\u00e1s potencial que futuro (III). El impacto econ\u00f3mico de la poblaci\u00f3n\"}]},{\"@type\":\"WebSite\",\"@id\":\"https:\/\/conversesacatalunya.cat\/#website\",\"url\":\"https:\/\/conversesacatalunya.cat\/\",\"name\":\"Converses a Catalunya\",\"description\":\"\",\"potentialAction\":[{\"@type\":\"SearchAction\",\"target\":{\"@type\":\"EntryPoint\",\"urlTemplate\":\"https:\/\/conversesacatalunya.cat\/?s={search_term_string}\"},\"query-input\":{\"@type\":\"PropertyValueSpecification\",\"valueRequired\":true,\"valueName\":\"search_term_string\"}}],\"inLanguage\":\"es\"},{\"@type\":\"Person\",\"@id\":\"https:\/\/conversesacatalunya.cat\/#\/schema\/person\/a9598a6786ba7d3d1c5e0de477b79370\",\"name\":\"Josep Mir\u00f3 i Ard\u00e8vol\",\"image\":{\"@type\":\"ImageObject\",\"inLanguage\":\"es\",\"@id\":\"https:\/\/conversesacatalunya.cat\/#\/schema\/person\/image\/\",\"url\":\"https:\/\/conversesacatalunya.cat\/wp-content\/litespeed\/avatar\/c37e3dc881857483d6694cdf98fdedea.jpg?ver=1777270381\",\"contentUrl\":\"https:\/\/conversesacatalunya.cat\/wp-content\/litespeed\/avatar\/c37e3dc881857483d6694cdf98fdedea.jpg?ver=1777270381\",\"caption\":\"Josep Mir\u00f3 i Ard\u00e8vol\"},\"url\":\"https:\/\/conversesacatalunya.cat\/es\/author\/josep-miro-i-ardevol\/\"}]}<\/script>\n<!-- \/ Yoast SEO plugin. -->","yoast_head_json":{"title":"Barcelona: impacte econ\u00f2mic de la poblaci\u00f3","description":"La inmigraci\u00f3n puede resolver los d\u00e9ficits, pero entra en juego la productividad de capital humano de cada trabajador","robots":{"index":"index","follow":"follow","max-snippet":"max-snippet:-1","max-image-preview":"max-image-preview:large","max-video-preview":"max-video-preview:-1"},"canonical":"https:\/\/conversesacatalunya.cat\/es\/barcelona-impacto-economico-de-la-poblacion\/","og_locale":"es_ES","og_type":"article","og_title":"Barcelona: impacte econ\u00f2mic de la poblaci\u00f3","og_description":"La inmigraci\u00f3n puede resolver los d\u00e9ficits, pero entra en juego la productividad de capital humano de cada trabajador","og_url":"https:\/\/conversesacatalunya.cat\/es\/barcelona-impacto-economico-de-la-poblacion\/","og_site_name":"Converses a Catalunya","article_published_time":"2023-09-08T08:40:02+00:00","article_modified_time":"2023-09-08T08:41:38+00:00","og_image":[{"width":1200,"height":800,"url":"https:\/\/conversesacatalunya.cat\/wp-content\/uploads\/2023\/09\/barcelona-poblacio.jpg","type":"image\/jpeg"}],"author":"Josep Mir\u00f3 i Ard\u00e8vol","twitter_card":"summary_large_image","twitter_misc":{"Escrito por":"Josep Mir\u00f3 i Ard\u00e8vol","Tiempo de lectura":"8 minutos"},"schema":{"@context":"https:\/\/schema.org","@graph":[{"@type":"Article","@id":"https:\/\/conversesacatalunya.cat\/es\/barcelona-impacto-economico-de-la-poblacion\/#article","isPartOf":{"@id":"https:\/\/conversesacatalunya.cat\/es\/barcelona-impacto-economico-de-la-poblacion\/"},"author":{"name":"Josep Mir\u00f3 i Ard\u00e8vol","@id":"https:\/\/conversesacatalunya.cat\/#\/schema\/person\/a9598a6786ba7d3d1c5e0de477b79370"},"headline":"Barcelona despu\u00e9s de Colau. M\u00e1s potencial que futuro (III). El impacto econ\u00f3mico de la poblaci\u00f3n","datePublished":"2023-09-08T08:40:02+00:00","dateModified":"2023-09-08T08:41:38+00:00","mainEntityOfPage":{"@id":"https:\/\/conversesacatalunya.cat\/es\/barcelona-impacto-economico-de-la-poblacion\/"},"wordCount":1698,"commentCount":1,"image":{"@id":"https:\/\/conversesacatalunya.cat\/es\/barcelona-impacto-economico-de-la-poblacion\/#primaryimage"},"thumbnailUrl":"https:\/\/conversesacatalunya.cat\/wp-content\/uploads\/2023\/09\/barcelona-poblacio.jpg","keywords":["Immigraci\u00f3","inmigraci\u00f3n","Natalidad","natalitat","Poblaci\u00f3","poblaci\u00f3n"],"articleSection":["El Blog de Josep Mir\u00f3 i Ard\u00e8vol (ES)","Expedient Barcelona (ES)"],"inLanguage":"es","potentialAction":[{"@type":"CommentAction","name":"Comment","target":["https:\/\/conversesacatalunya.cat\/es\/barcelona-impacto-economico-de-la-poblacion\/#respond"]}]},{"@type":"WebPage","@id":"https:\/\/conversesacatalunya.cat\/es\/barcelona-impacto-economico-de-la-poblacion\/","url":"https:\/\/conversesacatalunya.cat\/es\/barcelona-impacto-economico-de-la-poblacion\/","name":"Barcelona: impacte econ\u00f2mic de la poblaci\u00f3","isPartOf":{"@id":"https:\/\/conversesacatalunya.cat\/#website"},"primaryImageOfPage":{"@id":"https:\/\/conversesacatalunya.cat\/es\/barcelona-impacto-economico-de-la-poblacion\/#primaryimage"},"image":{"@id":"https:\/\/conversesacatalunya.cat\/es\/barcelona-impacto-economico-de-la-poblacion\/#primaryimage"},"thumbnailUrl":"https:\/\/conversesacatalunya.cat\/wp-content\/uploads\/2023\/09\/barcelona-poblacio.jpg","datePublished":"2023-09-08T08:40:02+00:00","dateModified":"2023-09-08T08:41:38+00:00","author":{"@id":"https:\/\/conversesacatalunya.cat\/#\/schema\/person\/a9598a6786ba7d3d1c5e0de477b79370"},"description":"La inmigraci\u00f3n puede resolver los d\u00e9ficits, pero entra en juego la productividad de capital humano de cada trabajador","breadcrumb":{"@id":"https:\/\/conversesacatalunya.cat\/es\/barcelona-impacto-economico-de-la-poblacion\/#breadcrumb"},"inLanguage":"es","potentialAction":[{"@type":"ReadAction","target":["https:\/\/conversesacatalunya.cat\/es\/barcelona-impacto-economico-de-la-poblacion\/"]}]},{"@type":"ImageObject","inLanguage":"es","@id":"https:\/\/conversesacatalunya.cat\/es\/barcelona-impacto-economico-de-la-poblacion\/#primaryimage","url":"https:\/\/conversesacatalunya.cat\/wp-content\/uploads\/2023\/09\/barcelona-poblacio.jpg","contentUrl":"https:\/\/conversesacatalunya.cat\/wp-content\/uploads\/2023\/09\/barcelona-poblacio.jpg","width":1200,"height":800,"caption":"Barcelona pooblaci\u00f3"},{"@type":"BreadcrumbList","@id":"https:\/\/conversesacatalunya.cat\/es\/barcelona-impacto-economico-de-la-poblacion\/#breadcrumb","itemListElement":[{"@type":"ListItem","position":1,"name":"Inici","item":"https:\/\/conversesacatalunya.cat\/es\/"},{"@type":"ListItem","position":2,"name":"Barcelona despu\u00e9s de Colau. M\u00e1s potencial que futuro (III). El impacto econ\u00f3mico de la poblaci\u00f3n"}]},{"@type":"WebSite","@id":"https:\/\/conversesacatalunya.cat\/#website","url":"https:\/\/conversesacatalunya.cat\/","name":"Converses a Catalunya","description":"","potentialAction":[{"@type":"SearchAction","target":{"@type":"EntryPoint","urlTemplate":"https:\/\/conversesacatalunya.cat\/?s={search_term_string}"},"query-input":{"@type":"PropertyValueSpecification","valueRequired":true,"valueName":"search_term_string"}}],"inLanguage":"es"},{"@type":"Person","@id":"https:\/\/conversesacatalunya.cat\/#\/schema\/person\/a9598a6786ba7d3d1c5e0de477b79370","name":"Josep Mir\u00f3 i Ard\u00e8vol","image":{"@type":"ImageObject","inLanguage":"es","@id":"https:\/\/conversesacatalunya.cat\/#\/schema\/person\/image\/","url":"https:\/\/conversesacatalunya.cat\/wp-content\/litespeed\/avatar\/c37e3dc881857483d6694cdf98fdedea.jpg?ver=1777270381","contentUrl":"https:\/\/conversesacatalunya.cat\/wp-content\/litespeed\/avatar\/c37e3dc881857483d6694cdf98fdedea.jpg?ver=1777270381","caption":"Josep Mir\u00f3 i Ard\u00e8vol"},"url":"https:\/\/conversesacatalunya.cat\/es\/author\/josep-miro-i-ardevol\/"}]}},"wps_subtitle":"La inmigraci\u00f3n puede resolver los d\u00e9ficits, pero la cuesti\u00f3n debe ser matizada porque entra en juego la productividad inherente al capital humano de cada trabajador","_links":{"self":[{"href":"https:\/\/conversesacatalunya.cat\/es\/wp-json\/wp\/v2\/posts\/70365","targetHints":{"allow":["GET"]}}],"collection":[{"href":"https:\/\/conversesacatalunya.cat\/es\/wp-json\/wp\/v2\/posts"}],"about":[{"href":"https:\/\/conversesacatalunya.cat\/es\/wp-json\/wp\/v2\/types\/post"}],"author":[{"embeddable":true,"href":"https:\/\/conversesacatalunya.cat\/es\/wp-json\/wp\/v2\/users\/19"}],"replies":[{"embeddable":true,"href":"https:\/\/conversesacatalunya.cat\/es\/wp-json\/wp\/v2\/comments?post=70365"}],"version-history":[{"count":2,"href":"https:\/\/conversesacatalunya.cat\/es\/wp-json\/wp\/v2\/posts\/70365\/revisions"}],"predecessor-version":[{"id":70367,"href":"https:\/\/conversesacatalunya.cat\/es\/wp-json\/wp\/v2\/posts\/70365\/revisions\/70367"}],"wp:featuredmedia":[{"embeddable":true,"href":"https:\/\/conversesacatalunya.cat\/es\/wp-json\/wp\/v2\/media\/70360"}],"wp:attachment":[{"href":"https:\/\/conversesacatalunya.cat\/es\/wp-json\/wp\/v2\/media?parent=70365"}],"wp:term":[{"taxonomy":"category","embeddable":true,"href":"https:\/\/conversesacatalunya.cat\/es\/wp-json\/wp\/v2\/categories?post=70365"},{"taxonomy":"post_tag","embeddable":true,"href":"https:\/\/conversesacatalunya.cat\/es\/wp-json\/wp\/v2\/tags?post=70365"}],"curies":[{"name":"wp","href":"https:\/\/api.w.org\/{rel}","templated":true}]}}