{"id":70324,"date":"2023-09-01T11:49:48","date_gmt":"2023-09-01T09:49:48","guid":{"rendered":"https:\/\/conversesacatalunya.cat\/crisi-climatica-barcelona\/"},"modified":"2023-09-03T08:58:57","modified_gmt":"2023-09-03T06:58:57","slug":"crisis-climatica-barcelona","status":"publish","type":"post","link":"https:\/\/conversesacatalunya.cat\/es\/crisis-climatica-barcelona\/","title":{"rendered":"Barcelona no est\u00e1 preparada para los rigores de la crisis clim\u00e1tica"},"content":{"rendered":"<p>Para empezar, los \u00abfamosos\u00bb<a href=\"https:\/\/conversesacatalunya.cat\/es\/el-fraude-de-los-refugios-climaticos-de-colau-collboni\/\" target=\"_blank\" rel=\"noopener\"><strong> refugios clim\u00e1ticos<\/strong><\/a> son, como otras acciones de la pol\u00edtica municipal, \u00abfer volar coloms\u00bb y su principal finalidad es salir en las revistas internacionales hablando del gran \u00e9xito de disponer de 227 de estos recintos.<\/p>\n<h3><strong>Pero, \u00bfcu\u00e1l es la realidad?<\/strong><\/h3>\n<p>Una es obvia,<strong> se trata de poner el cartelito de refugio clim\u00e1tico<\/strong> en parques y zonas verdes de cierta entidad. El ciudadano ni se ha enterado de esa etiqueta, pero suma.<\/p>\n<p>La segunda consideraci\u00f3n es m\u00e1s grave.<strong> La gente no sabe d\u00f3nde est\u00e1n.<\/strong> En una encuesta llevada a cabo por el propio Ayuntamiento s\u00f3lo respondieron que conocen la iniciativa, no el refugio, 1 de cada 5 encuestados. Y lo que es peor, s\u00f3lo un 7,4% dijo que los utilizaba. \u00bfC\u00f3mo es posible dado los estragos que han causado las elevadas temperaturas en el pasado verano y a\u00fan m\u00e1s \u00e9ste, con sucesivas oleadas de calor desde junio hasta pr\u00e1cticamente ahora mismo? La respuesta ya dice mucho de la realidad de los refugios clim\u00e1ticos.<\/p>\n<p>Por un lado, los ciudadanos no saben d\u00f3nde est\u00e1n, como ya hemos dicho, aunque el ayuntamiento presuma que <strong>todo barcelon\u00e9s tiene uno a menos de 20 minutos de casa<\/strong>. Har\u00edan bien en decir cu\u00e1les son.<\/p>\n<p>El otro es que parte del d\u00eda no son accesibles porque se trata de escuelas, centros c\u00edvicos, casales de barrio, que tienen su horario. Esta importante limitaci\u00f3n ha llegado al extremo de que en agosto, cuando el calor deshac\u00eda el asfalto,<strong> la mitad de estos refugios estaban sencillamente cerrados<\/strong>.<\/p>\n<p>Por \u00faltimo, existe una raz\u00f3n decisiva para cuestionar, tal y como est\u00e1n planteados, su utilidad. <strong>Ninguno de ellos es accesible de noche<\/strong> y precisamente el problema m\u00e1s grave de Barcelona es el de las elevadas temperaturas diurnas durante las olas de calor, que evidentemente tambi\u00e9n castigan, sino el n\u00famero muy elevado de noches t\u00f3rridas que sufre la ciudad y que impide el descanso. Para perfilarlo a\u00fan m\u00e1s, el problema n\u00famero uno de Barcelona en la crisis clim\u00e1tica<strong> son las noches.<\/strong><\/p>\n<h3><strong>\u00bfQu\u00e9 necesitar\u00edamos?<\/strong><\/h3>\n<p>Pues una pol\u00edtica muy importante ser\u00eda que <strong>hubiera refugios clim\u00e1ticos de verdad accesibles en todo momento<\/strong>, al menos en los per\u00edodos de ola de calor y de noches t\u00f3rridas.<\/p>\n<p>Tambi\u00e9n necesitar\u00edamos medidas dedicadas a reducir los efectos de la burbuja de calor que genera toda gran ciudad a consecuencia de la <strong>densa superficie construida de color oscuro<\/strong> que absorbe el calor a lo largo del d\u00eda y lo desprende por la noche.<\/p>\n<h4><strong>Varios tipos de medidas, que no emprendieron el ayuntamiento de Colau y Collboni, son necesarias.<\/strong><\/h4>\n<p>Una es <strong>favorecer la vegetaci\u00f3n,<\/strong> generar muchas m\u00e1s zonas de arbolado y espacios verdes dotados de una potente superficie hojar. Por ejemplo, lo que han hecho en el llamado eje verde de <strong>Consell de Cent<\/strong> no sirve de nada porque ha consistido en plantar una vegetaci\u00f3n de desarrollo muy raqu\u00edtico. De hecho, la protecci\u00f3n m\u00e1s importante, los \u00e1rboles, ya exist\u00edan por lo pronto.<\/p>\n<p>El ayuntamiento dice tener un plan para aumentar el arbolado, pero tiene las caracter\u00edsticas de estos planes que tanto gustan a los pol\u00edticos, consiste en comprometerse a que pasar\u00e1n del paup\u00e9rrimo 5% actual, que ya es una cifra bien pobre, al 30% que estar\u00eda bien, pero atenci\u00f3n, <strong>para el 2034,<\/strong> en m\u00e1s de una d\u00e9cada.<\/p>\n<p>Es un proyecto escandalosamente inadecuado a las necesidades de la ciudad. Debe ser una prioridad y, por tanto, una urgencia<strong> transformar todas las plazas duras y los espacios sin vegetaci\u00f3n<\/strong> o con un bajo nivel de superficies hojar en zonas arboladas que tienen el efecto, no s\u00f3lo de reducir la temperatura de su entorno, sino adem\u00e1s mejorar la calidad del aire.<\/p>\n<p>Una segunda medida f\u00e1cil y econ\u00f3mica de implementar es<strong> pintar de blanco o de colores claros las azoteas<\/strong> y el m\u00e1ximo de superficie de la ciudad. La experiencia llevada a cabo en el mercado de frutas y verduras de Madrid, de dotarlo de una cubierta blanca y reflectante ha tenido como consecuencia reducir 7\u00b0C la temperatura en su interior.<\/p>\n<p>Tambi\u00e9n es importante, pero \u00e9sta ya es una acci\u00f3n m\u00e1s a medio plazo, pero que debe iniciarse de forma inmediata, <strong>sustituir los pavimentos de color oscuro por otros de colores claros<\/strong> que tengan una menor capacidad de absorci\u00f3n calor\u00edfica.<\/p>\n<p><strong>Aprovechar mejor el agua de lluvia que cae<\/strong>, m\u00e1s cuando el r\u00e9gimen de pluviosidad ha aumentado su torrencialidad, es una necesidad no solo para disponer de m\u00e1s agua, sino de procurar multiplicar las fuentes, manantiales y l\u00e1minas de agua en el conjunto de la ciudad, porque la elevada densidad de Barcelona, considerada por la mayor\u00eda de urbanistas como una ventaja, es ahora en el marco de la crisis clim\u00e1tica un serio inconveniente. Y esto implica la necesidad, a largo plazo, para llevar a cabo una planificaci\u00f3n urbana sostenible que introduzca la variante de las temperaturas nocturnas y diurnas y la torrencialidad de las precipitaciones.<\/p>\n<p>Ciertos barrios de Barcelona de gran densidad necesitan aplicar medidas que ya se llevan a cabo desde hace a\u00f1os en ciudades del sur de la pen\u00ednsula, b\u00e1sicamente <strong>toldos que impidan que llegue luz solar<\/strong> preservando as\u00ed una mejor temperatura en la calle. Ciutat Vella, parte de la Barceloneta, Gr\u00e0cia ser\u00edan los primeros candidatos a este tipo de soluci\u00f3n, que tambi\u00e9n tiene la virtud, de acuerdo con los estudios practicados, de rebajar la temperatura de los interiores de los edificios, lo que favorecer\u00eda el descanso nocturno porque la calle y la casa se habr\u00edan calentado mucho menos a lo largo del d\u00eda.<\/p>\n<p>Las personas vulnerables por edad, por condiciones de la vivienda, por renta deber\u00edan ser especialmente ayudadas para mitigar este fen\u00f3meno. La localizaci\u00f3n de los hogares sensibles y un programa sencillo, ventiladores, mejoras de las condiciones t\u00e9rmicas deber\u00eda estar a la orden del d\u00eda.<\/p>\n<p>Es mucho lo que se debe hacer en Barcelona, <strong>es urgente<\/strong> y en muchos casos no es caro. El problema es sencillamente que Collboni en estos momentos no hace otra cosa que continuar las pol\u00edticas de Ada Colau.<\/p>\n<span class='bctt-click-to-tweet'><span class='bctt-ctt-text'><a href='https:\/\/twitter.com\/intent\/tweet?url=https%3A%2F%2Fconversesacatalunya.cat%2Fes%2Fcrisis-climatica-barcelona%2F&#038;text=Es%20mucho%20lo%20que%20se%20debe%20hacer%20en%20Barcelona%2C%20es%20urgente%20y%20en%20muchos%20casos%20no%20es%20caro&#038;via=conversesacat&#038;related=conversesacat' target='_blank'rel=\"noopener noreferrer\">Es mucho lo que se debe hacer en Barcelona, es urgente y en muchos casos no es caro <\/a><\/span><a href='https:\/\/twitter.com\/intent\/tweet?url=https%3A%2F%2Fconversesacatalunya.cat%2Fes%2Fcrisis-climatica-barcelona%2F&#038;text=Es%20mucho%20lo%20que%20se%20debe%20hacer%20en%20Barcelona%2C%20es%20urgente%20y%20en%20muchos%20casos%20no%20es%20caro&#038;via=conversesacat&#038;related=conversesacat' target='_blank' class='bctt-ctt-btn'rel=\"noopener noreferrer\">Compartir en X<\/a><\/span>\n<div id=\"polls-207\" class=\"wp-polls\">\n\t<form id=\"polls_form_207\" class=\"wp-polls-form\" action=\"\/index.php\" method=\"post\">\n\t\t<p style=\"display: none;\"><input type=\"hidden\" id=\"poll_207_nonce\" name=\"wp-polls-nonce\" value=\"bd08cea7be\" \/><\/p>\n\t\t<p style=\"display: none;\"><input type=\"hidden\" name=\"poll_id\" value=\"207\" \/><\/p>\n\t\t<p style=\"text-align: center\"><strong>Despr\u00e9s del seu vot a la Mesa del Congr\u00e9s, s'atrevir\u00e0 Junts a fer inviable la presid\u00e8ncia de S\u00e1nchez?<\/strong><\/p><div id=\"polls-207-ans\" class=\"wp-polls-ans\"><ul class=\"wp-polls-ul\">\n\t\t<li><input type=\"radio\" id=\"poll-answer-575\" name=\"poll_207\" value=\"575\" \/> <label for=\"poll-answer-575\">S\u00ed<\/label><\/li>\n\t\t<li><input type=\"radio\" id=\"poll-answer-576\" name=\"poll_207\" value=\"576\" \/> <label for=\"poll-answer-576\">No<\/label><\/li>\n\t\t<li><input type=\"radio\" id=\"poll-answer-577\" name=\"poll_207\" value=\"577\" \/> <label for=\"poll-answer-577\">No ho s\u00e9<\/label><\/li>\n\t\t<\/ul><p style=\"text-align: center\"><input type=\"button\" name=\"vote\" value=\"   Vota   \" class=\"Buttons\" onclick=\"poll_vote(207);\" \/><\/p><p style=\"text-align: center\"><a href=\"#ViewPollResults\" onclick=\"poll_result(207); return false;\" title=\"View Results Of This Poll\">Mira els resultats<\/a><\/p><\/div>\n\t<\/form>\n<\/div>\n<div id=\"polls-207-loading\" class=\"wp-polls-loading\"><img decoding=\"async\" data-src=\"https:\/\/conversesacatalunya.cat\/wp-content\/plugins\/wp-polls\/images\/loading.gif\" width=\"16\" height=\"16\" alt=\"Cargando ...\" title=\"Cargando ...\" class=\"wp-polls-image lazyload\" src=\"data:image\/svg+xml;base64,PHN2ZyB3aWR0aD0iMSIgaGVpZ2h0PSIxIiB4bWxucz0iaHR0cDovL3d3dy53My5vcmcvMjAwMC9zdmciPjwvc3ZnPg==\" style=\"--smush-placeholder-width: 16px; --smush-placeholder-aspect-ratio: 16\/16;\" \/>&nbsp;Cargando ...<\/div>\n\n","protected":false},"excerpt":{"rendered":"<p>Para empezar, los \u00abfamosos\u00bb refugios clim\u00e1ticos son, como otras acciones de la pol\u00edtica municipal, \u00abfer volar coloms\u00bb y su principal finalidad es salir en las revistas internacionales hablando del gran \u00e9xito de disponer de 227 de estos recintos. Pero, \u00bfcu\u00e1l es la realidad? Una es obvia, se trata de poner el cartelito de refugio clim\u00e1tico en parques y zonas verdes de cierta entidad. El ciudadano ni se ha enterado de esa etiqueta, pero suma. La segunda consideraci\u00f3n es m\u00e1s grave. La gente no sabe d\u00f3nde est\u00e1n. En una encuesta llevada a cabo por el propio Ayuntamiento s\u00f3lo respondieron que conocen la iniciativa, no el refugio, 1 de cada 5 encuestados. Y lo que es peor, s\u00f3lo un 7,4% dijo que los utilizaba. \u00bfC\u00f3mo es posible dado los estragos que han causado las elevadas temperaturas en el pasado verano y a\u00fan m\u00e1s \u00e9ste, con sucesivas oleadas de calor desde junio hasta pr\u00e1cticamente ahora mismo? La respuesta ya dice mucho de la realidad de los refugios clim\u00e1ticos. Por un lado, los ciudadanos no saben d\u00f3nde est\u00e1n, como ya hemos dicho, aunque el ayuntamiento presuma que todo barcelon\u00e9s tiene uno a menos de 20 minutos de casa. Har\u00edan bien en decir cu\u00e1les son. El otro es que parte del d\u00eda no son accesibles porque se trata de escuelas, centros c\u00edvicos, casales de barrio, que tienen su horario. Esta importante limitaci\u00f3n ha llegado al extremo de que en agosto, cuando el calor deshac\u00eda el asfalto, la mitad de estos refugios estaban sencillamente cerrados. Por \u00faltimo, existe una raz\u00f3n decisiva para cuestionar, tal y como est\u00e1n planteados, su utilidad. Ninguno de ellos es accesible de noche y precisamente el problema m\u00e1s grave de Barcelona es el de las elevadas temperaturas diurnas durante las olas de calor, que evidentemente tambi\u00e9n castigan, sino el n\u00famero muy elevado de noches t\u00f3rridas que sufre la ciudad y que impide el descanso. Para perfilarlo a\u00fan m\u00e1s, el problema n\u00famero uno de Barcelona en la crisis clim\u00e1tica son las noches. \u00bfQu\u00e9 necesitar\u00edamos? Pues una pol\u00edtica muy importante ser\u00eda que hubiera refugios clim\u00e1ticos de verdad accesibles en todo momento, al menos en los per\u00edodos de ola de calor y de noches t\u00f3rridas. Tambi\u00e9n necesitar\u00edamos medidas dedicadas a reducir los efectos de la burbuja de calor que genera toda gran ciudad a consecuencia de la densa superficie construida de color oscuro que absorbe el calor a lo largo del d\u00eda y lo desprende por la noche. Varios tipos de medidas, que no emprendieron el ayuntamiento de Colau y Collboni, son necesarias. Una es favorecer la vegetaci\u00f3n, generar muchas m\u00e1s zonas de arbolado y espacios verdes dotados de una potente superficie hojar. Por ejemplo, lo que han hecho en el llamado eje verde de Consell de Cent no sirve de nada porque ha consistido en plantar una vegetaci\u00f3n de desarrollo muy raqu\u00edtico. De hecho, la protecci\u00f3n m\u00e1s importante, los \u00e1rboles, ya exist\u00edan por lo pronto. El ayuntamiento dice tener un plan para aumentar el arbolado, pero tiene las caracter\u00edsticas de estos planes que tanto gustan a los pol\u00edticos, consiste en comprometerse a que pasar\u00e1n del paup\u00e9rrimo 5% actual, que ya es una cifra bien pobre, al 30% que estar\u00eda bien, pero atenci\u00f3n, para el 2034, en m\u00e1s de una d\u00e9cada. Es un proyecto escandalosamente inadecuado a las necesidades de la ciudad. Debe ser una prioridad y, por tanto, una urgencia transformar todas las plazas duras y los espacios sin vegetaci\u00f3n o con un bajo nivel de superficies hojar en zonas arboladas que tienen el efecto, no s\u00f3lo de reducir la temperatura de su entorno, sino adem\u00e1s mejorar la calidad del aire. Una segunda medida f\u00e1cil y econ\u00f3mica de implementar es pintar de blanco o de colores claros las azoteas y el m\u00e1ximo de superficie de la ciudad. La experiencia llevada a cabo en el mercado de frutas y verduras de Madrid, de dotarlo de una cubierta blanca y reflectante ha tenido como consecuencia reducir 7\u00b0C la temperatura en su interior. Tambi\u00e9n es importante, pero \u00e9sta ya es una acci\u00f3n m\u00e1s a medio plazo, pero que debe iniciarse de forma inmediata, sustituir los pavimentos de color oscuro por otros de colores claros que tengan una menor capacidad de absorci\u00f3n calor\u00edfica. Aprovechar mejor el agua de lluvia que cae, m\u00e1s cuando el r\u00e9gimen de pluviosidad ha aumentado su torrencialidad, es una necesidad no solo para disponer de m\u00e1s agua, sino de procurar multiplicar las fuentes, manantiales y l\u00e1minas de agua en el conjunto de la ciudad, porque la elevada densidad de Barcelona, considerada por la mayor\u00eda de urbanistas como una ventaja, es ahora en el marco de la crisis clim\u00e1tica un serio inconveniente. Y esto implica la necesidad, a largo plazo, para llevar a cabo una planificaci\u00f3n urbana sostenible que introduzca la variante de las temperaturas nocturnas y diurnas y la torrencialidad de las precipitaciones. Ciertos barrios de Barcelona de gran densidad necesitan aplicar medidas que ya se llevan a cabo desde hace a\u00f1os en ciudades del sur de la pen\u00ednsula, b\u00e1sicamente toldos que impidan que llegue luz solar preservando as\u00ed una mejor temperatura en la calle. Ciutat Vella, parte de la Barceloneta, Gr\u00e0cia ser\u00edan los primeros candidatos a este tipo de soluci\u00f3n, que tambi\u00e9n tiene la virtud, de acuerdo con los estudios practicados, de rebajar la temperatura de los interiores de los edificios, lo que favorecer\u00eda el descanso nocturno porque la calle y la casa se habr\u00edan calentado mucho menos a lo largo del d\u00eda. Las personas vulnerables por edad, por condiciones de la vivienda, por renta deber\u00edan ser especialmente ayudadas para mitigar este fen\u00f3meno. La localizaci\u00f3n de los hogares sensibles y un programa sencillo, ventiladores, mejoras de las condiciones t\u00e9rmicas deber\u00eda estar a la orden del d\u00eda. Es mucho lo que se debe hacer en Barcelona, es urgente y en muchos casos no es caro. El problema es sencillamente que Collboni en estos momentos no hace otra cosa que continuar las pol\u00edticas de Ada Colau.<\/p>\n","protected":false},"author":19,"featured_media":70295,"comment_status":"open","ping_status":"open","sticky":false,"template":"","format":"standard","meta":{"_FSMCFIC_featured_image_caption":"","_FSMCFIC_featured_image_nocaption":"","_FSMCFIC_featured_image_hide":"","footnotes":""},"categories":[3787,806],"tags":[1009],"class_list":["post-70324","post","type-post","status-publish","format-standard","has-post-thumbnail","hentry","category-expedient-barcelona-es","category-punts-claus-del-dia-es","tag-canvi-climatic-es"],"yoast_head":"<!-- This site is optimized with the Yoast SEO plugin v26.8 - https:\/\/yoast.com\/product\/yoast-seo-wordpress\/ -->\n<title>Barcelona no est\u00e1 preparada para los rigores de la crisis clim\u00e1tica<\/title>\n<meta name=\"description\" content=\"Es mucho lo que hay que hacer en Barcelona, el problema es que Collboni no hace m\u00e1s que continuar las pol\u00edticas de Ada Colau\" \/>\n<meta name=\"robots\" content=\"index, follow, max-snippet:-1, max-image-preview:large, max-video-preview:-1\" \/>\n<link rel=\"canonical\" href=\"https:\/\/conversesacatalunya.cat\/es\/crisis-climatica-barcelona\/\" \/>\n<meta property=\"og:locale\" content=\"es_ES\" \/>\n<meta property=\"og:type\" content=\"article\" \/>\n<meta property=\"og:title\" content=\"Barcelona no est\u00e1 preparada para los rigores de la crisis clim\u00e1tica\" \/>\n<meta property=\"og:description\" content=\"Es mucho lo que hay que hacer en Barcelona, el problema es que Collboni no hace m\u00e1s que continuar las pol\u00edticas de Ada Colau\" \/>\n<meta property=\"og:url\" content=\"https:\/\/conversesacatalunya.cat\/es\/crisis-climatica-barcelona\/\" \/>\n<meta property=\"og:site_name\" content=\"Converses a Catalunya\" \/>\n<meta property=\"article:published_time\" content=\"2023-09-01T09:49:48+00:00\" \/>\n<meta property=\"article:modified_time\" content=\"2023-09-03T06:58:57+00:00\" \/>\n<meta property=\"og:image\" content=\"https:\/\/conversesacatalunya.cat\/wp-content\/uploads\/2023\/09\/refugi-climatic.jpg\" \/>\n\t<meta property=\"og:image:width\" content=\"1200\" \/>\n\t<meta property=\"og:image:height\" content=\"801\" \/>\n\t<meta property=\"og:image:type\" content=\"image\/jpeg\" \/>\n<meta name=\"author\" content=\"Josep Mir\u00f3 i Ard\u00e8vol\" \/>\n<meta name=\"twitter:card\" content=\"summary_large_image\" \/>\n<meta name=\"twitter:label1\" content=\"Escrito por\" \/>\n\t<meta name=\"twitter:data1\" content=\"Josep Mir\u00f3 i Ard\u00e8vol\" \/>\n\t<meta name=\"twitter:label2\" content=\"Tiempo de lectura\" \/>\n\t<meta name=\"twitter:data2\" content=\"5 minutos\" \/>\n<script type=\"application\/ld+json\" class=\"yoast-schema-graph\">{\"@context\":\"https:\/\/schema.org\",\"@graph\":[{\"@type\":\"Article\",\"@id\":\"https:\/\/conversesacatalunya.cat\/es\/crisis-climatica-barcelona\/#article\",\"isPartOf\":{\"@id\":\"https:\/\/conversesacatalunya.cat\/es\/crisis-climatica-barcelona\/\"},\"author\":{\"name\":\"Josep Mir\u00f3 i Ard\u00e8vol\",\"@id\":\"https:\/\/conversesacatalunya.cat\/#\/schema\/person\/a9598a6786ba7d3d1c5e0de477b79370\"},\"headline\":\"Barcelona no est\u00e1 preparada para los rigores de la crisis clim\u00e1tica\",\"datePublished\":\"2023-09-01T09:49:48+00:00\",\"dateModified\":\"2023-09-03T06:58:57+00:00\",\"mainEntityOfPage\":{\"@id\":\"https:\/\/conversesacatalunya.cat\/es\/crisis-climatica-barcelona\/\"},\"wordCount\":1102,\"commentCount\":0,\"image\":{\"@id\":\"https:\/\/conversesacatalunya.cat\/es\/crisis-climatica-barcelona\/#primaryimage\"},\"thumbnailUrl\":\"https:\/\/conversesacatalunya.cat\/wp-content\/uploads\/2023\/09\/refugi-climatic.jpg\",\"keywords\":[\"canvi clim\u00e0tic\"],\"articleSection\":[\"Expedient Barcelona (ES)\",\"Punts clau del dia (ES)\"],\"inLanguage\":\"es\",\"potentialAction\":[{\"@type\":\"CommentAction\",\"name\":\"Comment\",\"target\":[\"https:\/\/conversesacatalunya.cat\/es\/crisis-climatica-barcelona\/#respond\"]}]},{\"@type\":\"WebPage\",\"@id\":\"https:\/\/conversesacatalunya.cat\/es\/crisis-climatica-barcelona\/\",\"url\":\"https:\/\/conversesacatalunya.cat\/es\/crisis-climatica-barcelona\/\",\"name\":\"Barcelona no est\u00e1 preparada para los rigores de la crisis clim\u00e1tica\",\"isPartOf\":{\"@id\":\"https:\/\/conversesacatalunya.cat\/#website\"},\"primaryImageOfPage\":{\"@id\":\"https:\/\/conversesacatalunya.cat\/es\/crisis-climatica-barcelona\/#primaryimage\"},\"image\":{\"@id\":\"https:\/\/conversesacatalunya.cat\/es\/crisis-climatica-barcelona\/#primaryimage\"},\"thumbnailUrl\":\"https:\/\/conversesacatalunya.cat\/wp-content\/uploads\/2023\/09\/refugi-climatic.jpg\",\"datePublished\":\"2023-09-01T09:49:48+00:00\",\"dateModified\":\"2023-09-03T06:58:57+00:00\",\"author\":{\"@id\":\"https:\/\/conversesacatalunya.cat\/#\/schema\/person\/a9598a6786ba7d3d1c5e0de477b79370\"},\"description\":\"Es mucho lo que hay que hacer en Barcelona, el problema es que Collboni no hace m\u00e1s que continuar las pol\u00edticas de Ada Colau\",\"breadcrumb\":{\"@id\":\"https:\/\/conversesacatalunya.cat\/es\/crisis-climatica-barcelona\/#breadcrumb\"},\"inLanguage\":\"es\",\"potentialAction\":[{\"@type\":\"ReadAction\",\"target\":[\"https:\/\/conversesacatalunya.cat\/es\/crisis-climatica-barcelona\/\"]}]},{\"@type\":\"ImageObject\",\"inLanguage\":\"es\",\"@id\":\"https:\/\/conversesacatalunya.cat\/es\/crisis-climatica-barcelona\/#primaryimage\",\"url\":\"https:\/\/conversesacatalunya.cat\/wp-content\/uploads\/2023\/09\/refugi-climatic.jpg\",\"contentUrl\":\"https:\/\/conversesacatalunya.cat\/wp-content\/uploads\/2023\/09\/refugi-climatic.jpg\",\"width\":1200,\"height\":801,\"caption\":\"crisi clim\u00e0tica Barcelona\"},{\"@type\":\"BreadcrumbList\",\"@id\":\"https:\/\/conversesacatalunya.cat\/es\/crisis-climatica-barcelona\/#breadcrumb\",\"itemListElement\":[{\"@type\":\"ListItem\",\"position\":1,\"name\":\"Inici\",\"item\":\"https:\/\/conversesacatalunya.cat\/es\/\"},{\"@type\":\"ListItem\",\"position\":2,\"name\":\"Barcelona no est\u00e1 preparada para los rigores de la crisis clim\u00e1tica\"}]},{\"@type\":\"WebSite\",\"@id\":\"https:\/\/conversesacatalunya.cat\/#website\",\"url\":\"https:\/\/conversesacatalunya.cat\/\",\"name\":\"Converses a Catalunya\",\"description\":\"\",\"potentialAction\":[{\"@type\":\"SearchAction\",\"target\":{\"@type\":\"EntryPoint\",\"urlTemplate\":\"https:\/\/conversesacatalunya.cat\/?s={search_term_string}\"},\"query-input\":{\"@type\":\"PropertyValueSpecification\",\"valueRequired\":true,\"valueName\":\"search_term_string\"}}],\"inLanguage\":\"es\"},{\"@type\":\"Person\",\"@id\":\"https:\/\/conversesacatalunya.cat\/#\/schema\/person\/a9598a6786ba7d3d1c5e0de477b79370\",\"name\":\"Josep Mir\u00f3 i Ard\u00e8vol\",\"image\":{\"@type\":\"ImageObject\",\"inLanguage\":\"es\",\"@id\":\"https:\/\/conversesacatalunya.cat\/#\/schema\/person\/image\/\",\"url\":\"https:\/\/conversesacatalunya.cat\/wp-content\/litespeed\/avatar\/c37e3dc881857483d6694cdf98fdedea.jpg?ver=1777270381\",\"contentUrl\":\"https:\/\/conversesacatalunya.cat\/wp-content\/litespeed\/avatar\/c37e3dc881857483d6694cdf98fdedea.jpg?ver=1777270381\",\"caption\":\"Josep Mir\u00f3 i Ard\u00e8vol\"},\"url\":\"https:\/\/conversesacatalunya.cat\/es\/author\/josep-miro-i-ardevol\/\"}]}<\/script>\n<!-- \/ Yoast SEO plugin. -->","yoast_head_json":{"title":"Barcelona no est\u00e1 preparada para los rigores de la crisis clim\u00e1tica","description":"Es mucho lo que hay que hacer en Barcelona, el problema es que Collboni no hace m\u00e1s que continuar las pol\u00edticas de Ada Colau","robots":{"index":"index","follow":"follow","max-snippet":"max-snippet:-1","max-image-preview":"max-image-preview:large","max-video-preview":"max-video-preview:-1"},"canonical":"https:\/\/conversesacatalunya.cat\/es\/crisis-climatica-barcelona\/","og_locale":"es_ES","og_type":"article","og_title":"Barcelona no est\u00e1 preparada para los rigores de la crisis clim\u00e1tica","og_description":"Es mucho lo que hay que hacer en Barcelona, el problema es que Collboni no hace m\u00e1s que continuar las pol\u00edticas de Ada Colau","og_url":"https:\/\/conversesacatalunya.cat\/es\/crisis-climatica-barcelona\/","og_site_name":"Converses a Catalunya","article_published_time":"2023-09-01T09:49:48+00:00","article_modified_time":"2023-09-03T06:58:57+00:00","og_image":[{"width":1200,"height":801,"url":"https:\/\/conversesacatalunya.cat\/wp-content\/uploads\/2023\/09\/refugi-climatic.jpg","type":"image\/jpeg"}],"author":"Josep Mir\u00f3 i Ard\u00e8vol","twitter_card":"summary_large_image","twitter_misc":{"Escrito por":"Josep Mir\u00f3 i Ard\u00e8vol","Tiempo de lectura":"5 minutos"},"schema":{"@context":"https:\/\/schema.org","@graph":[{"@type":"Article","@id":"https:\/\/conversesacatalunya.cat\/es\/crisis-climatica-barcelona\/#article","isPartOf":{"@id":"https:\/\/conversesacatalunya.cat\/es\/crisis-climatica-barcelona\/"},"author":{"name":"Josep Mir\u00f3 i Ard\u00e8vol","@id":"https:\/\/conversesacatalunya.cat\/#\/schema\/person\/a9598a6786ba7d3d1c5e0de477b79370"},"headline":"Barcelona no est\u00e1 preparada para los rigores de la crisis clim\u00e1tica","datePublished":"2023-09-01T09:49:48+00:00","dateModified":"2023-09-03T06:58:57+00:00","mainEntityOfPage":{"@id":"https:\/\/conversesacatalunya.cat\/es\/crisis-climatica-barcelona\/"},"wordCount":1102,"commentCount":0,"image":{"@id":"https:\/\/conversesacatalunya.cat\/es\/crisis-climatica-barcelona\/#primaryimage"},"thumbnailUrl":"https:\/\/conversesacatalunya.cat\/wp-content\/uploads\/2023\/09\/refugi-climatic.jpg","keywords":["canvi clim\u00e0tic"],"articleSection":["Expedient Barcelona (ES)","Punts clau del dia (ES)"],"inLanguage":"es","potentialAction":[{"@type":"CommentAction","name":"Comment","target":["https:\/\/conversesacatalunya.cat\/es\/crisis-climatica-barcelona\/#respond"]}]},{"@type":"WebPage","@id":"https:\/\/conversesacatalunya.cat\/es\/crisis-climatica-barcelona\/","url":"https:\/\/conversesacatalunya.cat\/es\/crisis-climatica-barcelona\/","name":"Barcelona no est\u00e1 preparada para los rigores de la crisis clim\u00e1tica","isPartOf":{"@id":"https:\/\/conversesacatalunya.cat\/#website"},"primaryImageOfPage":{"@id":"https:\/\/conversesacatalunya.cat\/es\/crisis-climatica-barcelona\/#primaryimage"},"image":{"@id":"https:\/\/conversesacatalunya.cat\/es\/crisis-climatica-barcelona\/#primaryimage"},"thumbnailUrl":"https:\/\/conversesacatalunya.cat\/wp-content\/uploads\/2023\/09\/refugi-climatic.jpg","datePublished":"2023-09-01T09:49:48+00:00","dateModified":"2023-09-03T06:58:57+00:00","author":{"@id":"https:\/\/conversesacatalunya.cat\/#\/schema\/person\/a9598a6786ba7d3d1c5e0de477b79370"},"description":"Es mucho lo que hay que hacer en Barcelona, el problema es que Collboni no hace m\u00e1s que continuar las pol\u00edticas de Ada Colau","breadcrumb":{"@id":"https:\/\/conversesacatalunya.cat\/es\/crisis-climatica-barcelona\/#breadcrumb"},"inLanguage":"es","potentialAction":[{"@type":"ReadAction","target":["https:\/\/conversesacatalunya.cat\/es\/crisis-climatica-barcelona\/"]}]},{"@type":"ImageObject","inLanguage":"es","@id":"https:\/\/conversesacatalunya.cat\/es\/crisis-climatica-barcelona\/#primaryimage","url":"https:\/\/conversesacatalunya.cat\/wp-content\/uploads\/2023\/09\/refugi-climatic.jpg","contentUrl":"https:\/\/conversesacatalunya.cat\/wp-content\/uploads\/2023\/09\/refugi-climatic.jpg","width":1200,"height":801,"caption":"crisi clim\u00e0tica Barcelona"},{"@type":"BreadcrumbList","@id":"https:\/\/conversesacatalunya.cat\/es\/crisis-climatica-barcelona\/#breadcrumb","itemListElement":[{"@type":"ListItem","position":1,"name":"Inici","item":"https:\/\/conversesacatalunya.cat\/es\/"},{"@type":"ListItem","position":2,"name":"Barcelona no est\u00e1 preparada para los rigores de la crisis clim\u00e1tica"}]},{"@type":"WebSite","@id":"https:\/\/conversesacatalunya.cat\/#website","url":"https:\/\/conversesacatalunya.cat\/","name":"Converses a Catalunya","description":"","potentialAction":[{"@type":"SearchAction","target":{"@type":"EntryPoint","urlTemplate":"https:\/\/conversesacatalunya.cat\/?s={search_term_string}"},"query-input":{"@type":"PropertyValueSpecification","valueRequired":true,"valueName":"search_term_string"}}],"inLanguage":"es"},{"@type":"Person","@id":"https:\/\/conversesacatalunya.cat\/#\/schema\/person\/a9598a6786ba7d3d1c5e0de477b79370","name":"Josep Mir\u00f3 i Ard\u00e8vol","image":{"@type":"ImageObject","inLanguage":"es","@id":"https:\/\/conversesacatalunya.cat\/#\/schema\/person\/image\/","url":"https:\/\/conversesacatalunya.cat\/wp-content\/litespeed\/avatar\/c37e3dc881857483d6694cdf98fdedea.jpg?ver=1777270381","contentUrl":"https:\/\/conversesacatalunya.cat\/wp-content\/litespeed\/avatar\/c37e3dc881857483d6694cdf98fdedea.jpg?ver=1777270381","caption":"Josep Mir\u00f3 i Ard\u00e8vol"},"url":"https:\/\/conversesacatalunya.cat\/es\/author\/josep-miro-i-ardevol\/"}]}},"wps_subtitle":"Es mucho lo que hay que hacer en Barcelona, el problema es sencillamente que Collboni no hace m\u00e1s que continuar las pol\u00edticas de Ada Colau","_links":{"self":[{"href":"https:\/\/conversesacatalunya.cat\/es\/wp-json\/wp\/v2\/posts\/70324","targetHints":{"allow":["GET"]}}],"collection":[{"href":"https:\/\/conversesacatalunya.cat\/es\/wp-json\/wp\/v2\/posts"}],"about":[{"href":"https:\/\/conversesacatalunya.cat\/es\/wp-json\/wp\/v2\/types\/post"}],"author":[{"embeddable":true,"href":"https:\/\/conversesacatalunya.cat\/es\/wp-json\/wp\/v2\/users\/19"}],"replies":[{"embeddable":true,"href":"https:\/\/conversesacatalunya.cat\/es\/wp-json\/wp\/v2\/comments?post=70324"}],"version-history":[{"count":9,"href":"https:\/\/conversesacatalunya.cat\/es\/wp-json\/wp\/v2\/posts\/70324\/revisions"}],"predecessor-version":[{"id":70325,"href":"https:\/\/conversesacatalunya.cat\/es\/wp-json\/wp\/v2\/posts\/70324\/revisions\/70325"}],"wp:featuredmedia":[{"embeddable":true,"href":"https:\/\/conversesacatalunya.cat\/es\/wp-json\/wp\/v2\/media\/70295"}],"wp:attachment":[{"href":"https:\/\/conversesacatalunya.cat\/es\/wp-json\/wp\/v2\/media?parent=70324"}],"wp:term":[{"taxonomy":"category","embeddable":true,"href":"https:\/\/conversesacatalunya.cat\/es\/wp-json\/wp\/v2\/categories?post=70324"},{"taxonomy":"post_tag","embeddable":true,"href":"https:\/\/conversesacatalunya.cat\/es\/wp-json\/wp\/v2\/tags?post=70324"}],"curies":[{"name":"wp","href":"https:\/\/api.w.org\/{rel}","templated":true}]}}