{"id":70213,"date":"2023-08-06T12:27:54","date_gmt":"2023-08-06T10:27:54","guid":{"rendered":"https:\/\/conversesacatalunya.cat\/barcelona-decaiment-economic\/"},"modified":"2023-09-08T10:40:12","modified_gmt":"2023-09-08T08:40:12","slug":"barcelona-decaimiento-economico","status":"publish","type":"post","link":"https:\/\/conversesacatalunya.cat\/es\/barcelona-decaimiento-economico\/","title":{"rendered":"Barcelona despu\u00e9s de Colau. M\u00e1s potencial que futuro (II)"},"content":{"rendered":"<p><span class=\"\">La evoluci\u00f3n del PIB de la ciudad en relaci\u00f3n con el de Espa\u00f1a es claramente decreciente a lo largo de este siglo. <\/span><strong>\u00a0<\/strong>En 2000 era del 10,4% del total estatal, y esta dimensi\u00f3n ya da una idea de la importancia de la capital de Catalu\u00f1a.\u00a0Por situar una referencia, en 2019 el PIB del Pa\u00eds Vasco fue del 6%.<\/p>\n<p>Sin embargo, aquella magnitud de inicios de siglo ha ido menguando.\u00a0En la d\u00e9cada siguiente hab\u00eda descendido hasta el 8,3% y en 2019 s\u00f3lo era del 7%.\u00a0<strong><span class=\"VIpgJd-yAWNEb-VIpgJd-fmcmS-sn54Q\">Barcelona ha perdido\u00a0<\/span><\/strong><strong><span class=\"VIpgJd-yAWNEb-VIpgJd-fmcmS-sn54Q\">m\u00e1s del 30% de su participaci\u00f3n en el PIB espa\u00f1ol<\/span><\/strong><span class=\"VIpgJd-yAWNEb-VIpgJd-fmcmS-sn54Q\">\u00a0en lo que va de siglo.\u00a0<\/span>Antes de los efectos de las nuevas crisis de la Covid-19, la inflaci\u00f3n de la tercera d\u00e9cada del siglo y las pol\u00edticas de decrecimiento de Colau, la Covid signific\u00f3 una ca\u00edda del PIB del 12%, mientras que en Espa\u00f1a fue del 10,8 %.\u00a0Por tanto, cuando dispongamos de datos actualizados previsiblemente Barcelona habr\u00e1 continuado su retroceso econ\u00f3mico.\u00a0<strong>Todo ello se\u00f1ala una p\u00e9rdida muy importante que inexplicablemente ha pasado desapercibida<\/strong> .<\/p>\n<p style=\"text-align: center;\"><strong>Evoluci\u00f3n del PIB de Barcelona en relaci\u00f3n a Espa\u00f1a<\/strong><\/p>\n<p><img fetchpriority=\"high\" decoding=\"async\" class=\"aligncenter size-full wp-image-70198\" src=\"https:\/\/conversesacatalunya.cat\/wp-content\/uploads\/2023\/08\/taula-PIB.jpg\" alt=\"\" width=\"475\" height=\"413\" srcset=\"https:\/\/conversesacatalunya.cat\/wp-content\/uploads\/2023\/08\/taula-PIB.jpg 475w, https:\/\/conversesacatalunya.cat\/wp-content\/uploads\/2023\/08\/taula-PIB-300x261.jpg 300w\" sizes=\"(max-width: 475px) 100vw, 475px\" \/><\/p>\n<p><em>INEbase \/ Econom\u00eda \/Cuentas econ\u00f3micas \/Contabilidad regional de Espa\u00f1a \/ Resultados<\/em>.<\/p>\n<p><span class=\"\">Si ampliamos el espacio del an\u00e1lisis, la conclusi\u00f3n empeora, porque a lo largo de este siglo la convergencia econ\u00f3mica de Espa\u00f1a con Europa ha empeorado. <\/span>De acuerdo con los datos de Fedea y Eurostat, la productividad por trabajador entre 2009 y 2022 ha sido tan s\u00f3lo de un 2,9%.\u00a0Muy por debajo de la media de la UE del 12,6%.\u00a0Naturalmente, este hecho se traduce en el crecimiento del PIB.\u00a0En relaci\u00f3n a 2022 y tomando como referencia el PIB previo a la crisis financiera, el aumento ha sido uno de los m\u00e1s bajos de Europa, del 6,1%.\u00a0S\u00f3lo Italia y Grecia han presentado peores resultados.\u00a0Espa\u00f1a presenta un estancamiento relativo desde inicios de siglo, atribuido mayoritariamente a un mal comportamiento de la Productividad Total de los Factores (PTF), que a su vez guarda relaci\u00f3n con una asignaci\u00f3n de recursos a actividades de baja productividad.<\/p>\n<p>Si ampliamos a\u00fan m\u00e1s el escenario territorial, el\u00a0<strong>diagn\u00f3stico empeora notablemente<\/strong>.\u00a0En 2008 el PIB de la UE fue de 12,64 millones y el de Estados Unidos ten\u00eda un orden de magnitud equivalente de 13,44 millones.\u00a0En 2023 el cambio era radical.\u00a0La magnitud Europea hab\u00eda crecido poco, hasta los 13,08 billones, mientras que la de EE.UU. lo hac\u00eda hasta los 23,85 billones, casi el doble.\u00a0Sin embargo, hay que se\u00f1alar que la diferencia del crecimiento real no es ni mucho menos tan grande, porque en la comparaci\u00f3n hecha juega la modificaci\u00f3n del cambio.\u00a0Sin embargo, la conclusi\u00f3n es evidente:\u00a0<strong>EEUU ha crecido claramente por encima de la UE<\/strong>.<\/p>\n<p><strong>Una primera conclusi\u00f3n<\/strong>: Barcelona ha perdido peso en el marco econ\u00f3mico espa\u00f1ol desde inicios de siglo y hasta 2019, del orden de un 30%. En el mismo per\u00edodo Espa\u00f1a ha tenido un crecimiento inferior al del conjunto de la UE, alej\u00e1ndonos de la convergencia con Europa.\u00a0Por \u00faltimo la UE ha crecido menos que la principal econom\u00eda mundial, Estados Unidos.\u00a0Si Barcelona crece menos que Espa\u00f1a que, a su vez, se aleja de Europa que, a su vez, se ve superada por EE.UU., no deber\u00eda ser un empleo principal preguntarnos \u00bfpor qu\u00e9 es as\u00ed y cu\u00e1l es el problema que va arrinconando a Barcelona?<\/p>\n<p>Un dato complementario de menor alcance temporal y \u00e1mbito m\u00e1s espec\u00edfico, pero que tiene el inter\u00e9s de situar el foco sobre una dimensi\u00f3n de la que los poderes barceloneses se jactan:\u00a0<strong>la innovaci\u00f3n.\u00a0<\/strong>\u00a0El diagn\u00f3stico nos lo dan los\u00a0\u00a0<a href=\"https:\/\/www.institutmetropoli.cat\/wp-content\/uploads\/2023\/03\/3.3.2.a-Innovaci%25C3%25B3-metodol%25C3%25B2gica-Estad%25C3%25ADstica-de-Patents.pdf\" target=\"_blank\" rel=\"noopener\"><strong><em>Indicadores de innovaci\u00f3n en el \u00c1rea Metropolitana de Barcelona<\/em><\/strong><\/a><em>\u00a0(2022)<\/em>\u00a0del Instituto de Estudios Regionales y Metropolitanos de Barcelona, \u200b\u200ben relaci\u00f3n con la evoluci\u00f3n temporal de la innovaci\u00f3n en valores absolutos y en t\u00e9rminos relativos (2015-2019).\u00a0Literalmente dice:<\/p>\n<p><em>\u201cLa evoluci\u00f3n temporal del n\u00famero de registros de innovaci\u00f3n muestra un perfil diferenciado en funci\u00f3n del tipo de registro.\u00a0<strong>El n\u00famero de patentes muestra una ca\u00edda generalizada en los tres tipos de patentes, en todos los \u00e1mbitos analizados<\/strong>\u00a0, en l\u00ednea con lo que se observa en el conjunto de patentes solicitadas en la Oficina Espa\u00f1ola de Patentes y Modelos (OEPM), en la Oficina Europea de Patentes (EPO) y en la Oficina Estadounidense de Patentes y Marcas (USPTO).\u00a0En cambio, en lo que respecta a los registros de innovaci\u00f3n no tecnol\u00f3gica, los dise\u00f1os y expedientes de dise\u00f1os mantienen una\u00a0<\/em><em>tendencia estable en el tiempo, mientras que las solicitudes de marcas aumentan a lo largo del per\u00edodo analizado<\/em>\u00a0\u201d.\u00a0Y concreta, \u201c<em>el municipio de Barcelona, \u200b\u200bpor tanto, destaca como el \u00e1mbito (de Catalu\u00f1a) con el mayor volumen de innovaci\u00f3n no tecnol\u00f3gica (m\u00e1s relacionada con actividades de servicios)\u201d\u00a0<\/em><em>\u00a0.<\/em><\/p>\n<p>Barcelona sigue siendo muy importante en esta vertiente del progreso t\u00e9cnico en el contexto catal\u00e1n y espa\u00f1ol, pero tambi\u00e9n en este caso su din\u00e1mica es decreciente.\u00a0No es la innovaci\u00f3n tecnol\u00f3gica, sino la relacionada con los servicios que nos caracteriza.\u00a0Sin embargo, es evidente, que a pesar de ser importante, el futuro se juega en el campo de la ciencia y la tecnolog\u00eda.\u00a0Sin la observaci\u00f3n sobre la evoluci\u00f3n comparada del PIB, la consideraci\u00f3n precedente tendr\u00eda una menor significaci\u00f3n, situada en su contexto no hace m\u00e1s que acentuar la alerta.<\/p>\n<p>Una\u00a0<a href=\"https:\/\/www.institutmetropoli.cat\/wp-content\/uploads\/2021\/06\/19083_BasesEconPDU_Novembre2019.pdf\" target=\"_blank\" rel=\"noopener\">mirada <\/a><a href=\"https:\/\/conversesacatalunya-cat.translate.goog\/barcelona-decaiment-economic\/?_x_tr_sl=ca&amp;_x_tr_tl=es&amp;_x_tr_hl=es&amp;_x_tr_pto=wapp#_ftn6\" name=\"_ftnref6\"><\/a><span class=\"VIpgJd-yAWNEb-VIpgJd-fmcmS-sn54Q\">a la relaci\u00f3n\u00a0<\/span><strong><span class=\"VIpgJd-yAWNEb-VIpgJd-fmcmS-sn54Q\">entre participaci\u00f3n del PIB,<\/span><\/strong><span class=\"VIpgJd-yAWNEb-VIpgJd-fmcmS-sn54Q\">\u00a0en este caso de la\u00a0<\/span><strong><span class=\"VIpgJd-yAWNEb-VIpgJd-fmcmS-sn54Q\">Regi\u00f3n Metropolitana (RM)<\/span><\/strong><span class=\"VIpgJd-yAWNEb-VIpgJd-fmcmS-sn54Q\">, no de la ciudad aislada,\u00a0<\/span><strong><span class=\"VIpgJd-yAWNEb-VIpgJd-fmcmS-sn54Q\">y la ocupaci\u00f3n<\/span><\/strong><span class=\"VIpgJd-yAWNEb-VIpgJd-fmcmS-sn54Q\">\u00a0en relaci\u00f3n al total de la UE-15 para 2016, tambi\u00e9n deber\u00eda llamarnos la atenci\u00f3n.\u00a0<\/span><strong>Para las 25 regiones metropolitanas de la UE15,<\/strong>\u00a0la magnitud de la relaci\u00f3n es de 1,19 y por tanto, nos se\u00f1ala que las regiones metropolitanas tienen una productividad superior a la del conjunto de la UE.\u00a0Pero hay unas excepciones, pocas, pero que nos afectan de lleno.\u00a0La de peor resultado es Atenas, que presenta una relaci\u00f3n claramente por debajo de la unidad, de 0,75.\u00a0Pero la siguiente es Barcelona con 0,85.<\/p>\n<p>Por tanto, el gran n\u00facleo central de Catalu\u00f1a y \u00e1mbito destacado de Espa\u00f1a\u00a0<strong>presenta una productividad inferior a la media del conjunto de la UE<\/strong>.\u00a0No s\u00f3lo queda por detr\u00e1s de pr\u00e1cticamente todas las dem\u00e1s regiones metropolitanas de Europa, sino, y lo que es a\u00fan m\u00e1s grave, por detr\u00e1s del conjunto europeo.\u00a0<span class=\"\">La diferencia que nos separa de las dem\u00e1s regiones es de 0,34 sobre 1. Es una distancia muy grande.\u00a0<\/span>Madrid, sin alcanzar la magnitud 1, presenta un resultado mejor, de 0,94.<\/p>\n<p>Pocas RM no llegan a ese valor, y est\u00e1n adem\u00e1s de los apuntados, Ruhr, Manchester y Berl\u00edn, pero con mejores coeficientes que los de la ciudad catalana.\u00a0Cinco excepciones negativas en la regla de la mejor productividad de las RM y la segunda peor es Barcelona.<\/p>\n<h5 class=\"w-post-elm post_title us_custom_e2aee182 entry-title color_link_inherit\" style=\"text-align: center;\"><a href=\"https:\/\/conversesacatalunya.cat\/es\/barcelona-peso-economico\/\" target=\"_blank\" rel=\"noopener\"><strong>Barcelona despu\u00e9s de Colau. M\u00e1s potencial que futuro (I)<\/strong><\/a><\/h5>\n<div id=\"polls-207\" class=\"wp-polls\">\n\t<form id=\"polls_form_207\" class=\"wp-polls-form\" action=\"\/index.php\" method=\"post\">\n\t\t<p style=\"display: none;\"><input type=\"hidden\" id=\"poll_207_nonce\" name=\"wp-polls-nonce\" value=\"4919d21258\" \/><\/p>\n\t\t<p style=\"display: none;\"><input type=\"hidden\" name=\"poll_id\" value=\"207\" \/><\/p>\n\t\t<p style=\"text-align: center\"><strong>Despr\u00e9s del seu vot a la Mesa del Congr\u00e9s, s'atrevir\u00e0 Junts a fer inviable la presid\u00e8ncia de S\u00e1nchez?<\/strong><\/p><div id=\"polls-207-ans\" class=\"wp-polls-ans\"><ul class=\"wp-polls-ul\">\n\t\t<li><input type=\"radio\" id=\"poll-answer-575\" name=\"poll_207\" value=\"575\" \/> <label for=\"poll-answer-575\">S\u00ed<\/label><\/li>\n\t\t<li><input type=\"radio\" id=\"poll-answer-576\" name=\"poll_207\" value=\"576\" \/> <label for=\"poll-answer-576\">No<\/label><\/li>\n\t\t<li><input type=\"radio\" id=\"poll-answer-577\" name=\"poll_207\" value=\"577\" \/> <label for=\"poll-answer-577\">No ho s\u00e9<\/label><\/li>\n\t\t<\/ul><p style=\"text-align: center\"><input type=\"button\" name=\"vote\" value=\"   Vota   \" class=\"Buttons\" onclick=\"poll_vote(207);\" \/><\/p><p style=\"text-align: center\"><a href=\"#ViewPollResults\" onclick=\"poll_result(207); return false;\" title=\"View Results Of This Poll\">Mira els resultats<\/a><\/p><\/div>\n\t<\/form>\n<\/div>\n<div id=\"polls-207-loading\" class=\"wp-polls-loading\"><img decoding=\"async\" data-src=\"https:\/\/conversesacatalunya.cat\/wp-content\/plugins\/wp-polls\/images\/loading.gif\" width=\"16\" height=\"16\" alt=\"Cargando ...\" title=\"Cargando ...\" class=\"wp-polls-image lazyload\" src=\"data:image\/svg+xml;base64,PHN2ZyB3aWR0aD0iMSIgaGVpZ2h0PSIxIiB4bWxucz0iaHR0cDovL3d3dy53My5vcmcvMjAwMC9zdmciPjwvc3ZnPg==\" style=\"--smush-placeholder-width: 16px; --smush-placeholder-aspect-ratio: 16\/16;\" \/>&nbsp;Cargando ...<\/div>\n\n","protected":false},"excerpt":{"rendered":"<p>La evoluci\u00f3n del PIB de la ciudad en relaci\u00f3n con el de Espa\u00f1a es claramente decreciente a lo largo de este siglo. \u00a0En 2000 era del 10,4% del total estatal, y esta dimensi\u00f3n ya da una idea de la importancia de la capital de Catalu\u00f1a.\u00a0Por situar una referencia, en 2019 el PIB del Pa\u00eds Vasco fue del 6%. Sin embargo, aquella magnitud de inicios de siglo ha ido menguando.\u00a0En la d\u00e9cada siguiente hab\u00eda descendido hasta el 8,3% y en 2019 s\u00f3lo era del 7%.\u00a0Barcelona ha perdido\u00a0m\u00e1s del 30% de su participaci\u00f3n en el PIB espa\u00f1ol\u00a0en lo que va de siglo.\u00a0Antes de los efectos de las nuevas crisis de la Covid-19, la inflaci\u00f3n de la tercera d\u00e9cada del siglo y las pol\u00edticas de decrecimiento de Colau, la Covid signific\u00f3 una ca\u00edda del PIB del 12%, mientras que en Espa\u00f1a fue del 10,8 %.\u00a0Por tanto, cuando dispongamos de datos actualizados previsiblemente Barcelona habr\u00e1 continuado su retroceso econ\u00f3mico.\u00a0Todo ello se\u00f1ala una p\u00e9rdida muy importante que inexplicablemente ha pasado desapercibida . Evoluci\u00f3n del PIB de Barcelona en relaci\u00f3n a Espa\u00f1a INEbase \/ Econom\u00eda \/Cuentas econ\u00f3micas \/Contabilidad regional de Espa\u00f1a \/ Resultados. Si ampliamos el espacio del an\u00e1lisis, la conclusi\u00f3n empeora, porque a lo largo de este siglo la convergencia econ\u00f3mica de Espa\u00f1a con Europa ha empeorado. De acuerdo con los datos de Fedea y Eurostat, la productividad por trabajador entre 2009 y 2022 ha sido tan s\u00f3lo de un 2,9%.\u00a0Muy por debajo de la media de la UE del 12,6%.\u00a0Naturalmente, este hecho se traduce en el crecimiento del PIB.\u00a0En relaci\u00f3n a 2022 y tomando como referencia el PIB previo a la crisis financiera, el aumento ha sido uno de los m\u00e1s bajos de Europa, del 6,1%.\u00a0S\u00f3lo Italia y Grecia han presentado peores resultados.\u00a0Espa\u00f1a presenta un estancamiento relativo desde inicios de siglo, atribuido mayoritariamente a un mal comportamiento de la Productividad Total de los Factores (PTF), que a su vez guarda relaci\u00f3n con una asignaci\u00f3n de recursos a actividades de baja productividad. Si ampliamos a\u00fan m\u00e1s el escenario territorial, el\u00a0diagn\u00f3stico empeora notablemente.\u00a0En 2008 el PIB de la UE fue de 12,64 millones y el de Estados Unidos ten\u00eda un orden de magnitud equivalente de 13,44 millones.\u00a0En 2023 el cambio era radical.\u00a0La magnitud Europea hab\u00eda crecido poco, hasta los 13,08 billones, mientras que la de EE.UU. lo hac\u00eda hasta los 23,85 billones, casi el doble.\u00a0Sin embargo, hay que se\u00f1alar que la diferencia del crecimiento real no es ni mucho menos tan grande, porque en la comparaci\u00f3n hecha juega la modificaci\u00f3n del cambio.\u00a0Sin embargo, la conclusi\u00f3n es evidente:\u00a0EEUU ha crecido claramente por encima de la UE. Una primera conclusi\u00f3n: Barcelona ha perdido peso en el marco econ\u00f3mico espa\u00f1ol desde inicios de siglo y hasta 2019, del orden de un 30%. En el mismo per\u00edodo Espa\u00f1a ha tenido un crecimiento inferior al del conjunto de la UE, alej\u00e1ndonos de la convergencia con Europa.\u00a0Por \u00faltimo la UE ha crecido menos que la principal econom\u00eda mundial, Estados Unidos.\u00a0Si Barcelona crece menos que Espa\u00f1a que, a su vez, se aleja de Europa que, a su vez, se ve superada por EE.UU., no deber\u00eda ser un empleo principal preguntarnos \u00bfpor qu\u00e9 es as\u00ed y cu\u00e1l es el problema que va arrinconando a Barcelona? Un dato complementario de menor alcance temporal y \u00e1mbito m\u00e1s espec\u00edfico, pero que tiene el inter\u00e9s de situar el foco sobre una dimensi\u00f3n de la que los poderes barceloneses se jactan:\u00a0la innovaci\u00f3n.\u00a0\u00a0El diagn\u00f3stico nos lo dan los\u00a0\u00a0Indicadores de innovaci\u00f3n en el \u00c1rea Metropolitana de Barcelona\u00a0(2022)\u00a0del Instituto de Estudios Regionales y Metropolitanos de Barcelona, \u200b\u200ben relaci\u00f3n con la evoluci\u00f3n temporal de la innovaci\u00f3n en valores absolutos y en t\u00e9rminos relativos (2015-2019).\u00a0Literalmente dice: \u201cLa evoluci\u00f3n temporal del n\u00famero de registros de innovaci\u00f3n muestra un perfil diferenciado en funci\u00f3n del tipo de registro.\u00a0El n\u00famero de patentes muestra una ca\u00edda generalizada en los tres tipos de patentes, en todos los \u00e1mbitos analizados\u00a0, en l\u00ednea con lo que se observa en el conjunto de patentes solicitadas en la Oficina Espa\u00f1ola de Patentes y Modelos (OEPM), en la Oficina Europea de Patentes (EPO) y en la Oficina Estadounidense de Patentes y Marcas (USPTO).\u00a0En cambio, en lo que respecta a los registros de innovaci\u00f3n no tecnol\u00f3gica, los dise\u00f1os y expedientes de dise\u00f1os mantienen una\u00a0tendencia estable en el tiempo, mientras que las solicitudes de marcas aumentan a lo largo del per\u00edodo analizado\u00a0\u201d.\u00a0Y concreta, \u201cel municipio de Barcelona, \u200b\u200bpor tanto, destaca como el \u00e1mbito (de Catalu\u00f1a) con el mayor volumen de innovaci\u00f3n no tecnol\u00f3gica (m\u00e1s relacionada con actividades de servicios)\u201d\u00a0\u00a0. Barcelona sigue siendo muy importante en esta vertiente del progreso t\u00e9cnico en el contexto catal\u00e1n y espa\u00f1ol, pero tambi\u00e9n en este caso su din\u00e1mica es decreciente.\u00a0No es la innovaci\u00f3n tecnol\u00f3gica, sino la relacionada con los servicios que nos caracteriza.\u00a0Sin embargo, es evidente, que a pesar de ser importante, el futuro se juega en el campo de la ciencia y la tecnolog\u00eda.\u00a0Sin la observaci\u00f3n sobre la evoluci\u00f3n comparada del PIB, la consideraci\u00f3n precedente tendr\u00eda una menor significaci\u00f3n, situada en su contexto no hace m\u00e1s que acentuar la alerta. Una\u00a0mirada a la relaci\u00f3n\u00a0entre participaci\u00f3n del PIB,\u00a0en este caso de la\u00a0Regi\u00f3n Metropolitana (RM), no de la ciudad aislada,\u00a0y la ocupaci\u00f3n\u00a0en relaci\u00f3n al total de la UE-15 para 2016, tambi\u00e9n deber\u00eda llamarnos la atenci\u00f3n.\u00a0Para las 25 regiones metropolitanas de la UE15,\u00a0la magnitud de la relaci\u00f3n es de 1,19 y por tanto, nos se\u00f1ala que las regiones metropolitanas tienen una productividad superior a la del conjunto de la UE.\u00a0Pero hay unas excepciones, pocas, pero que nos afectan de lleno.\u00a0La de peor resultado es Atenas, que presenta una relaci\u00f3n claramente por debajo de la unidad, de 0,75.\u00a0Pero la siguiente es Barcelona con 0,85. Por tanto, el gran n\u00facleo central de Catalu\u00f1a y \u00e1mbito destacado de Espa\u00f1a\u00a0presenta una productividad inferior a la media del conjunto de la UE.\u00a0No s\u00f3lo queda por detr\u00e1s de pr\u00e1cticamente todas las dem\u00e1s regiones metropolitanas de Europa, sino, y lo que es a\u00fan m\u00e1s grave, por detr\u00e1s del conjunto europeo.\u00a0La diferencia que nos separa de las dem\u00e1s regiones es de 0,34 sobre 1. Es una distancia muy grande.\u00a0Madrid, sin alcanzar&#8230;<\/p>\n","protected":false},"author":19,"featured_media":70201,"comment_status":"open","ping_status":"open","sticky":false,"template":"","format":"standard","meta":{"_FSMCFIC_featured_image_caption":"","_FSMCFIC_featured_image_nocaption":"","_FSMCFIC_featured_image_hide":"","footnotes":""},"categories":[796,3],"tags":[],"class_list":["post-70213","post","type-post","status-publish","format-standard","has-post-thumbnail","hentry","category-el-blog-de-josep-miro-i-ardevol-es","category-punts-claus-del-dia"],"yoast_head":"<!-- This site is optimized with the Yoast SEO plugin v26.8 - https:\/\/yoast.com\/product\/yoast-seo-wordpress\/ -->\n<title>Barcelona despu\u00e9s de Colau. M\u00e1s potencial que futuro (II) - Converses a Catalunya<\/title>\n<meta name=\"description\" content=\"Barcelona ha perdido peso en el marco econ\u00f3mico espa\u00f1ol desde inicios de siglo y hasta 2019, del orden de un 30%\" \/>\n<meta name=\"robots\" content=\"index, follow, max-snippet:-1, max-image-preview:large, max-video-preview:-1\" \/>\n<link rel=\"canonical\" href=\"https:\/\/conversesacatalunya.cat\/es\/barcelona-decaimiento-economico\/\" \/>\n<meta property=\"og:locale\" content=\"es_ES\" \/>\n<meta property=\"og:type\" content=\"article\" \/>\n<meta property=\"og:title\" content=\"Barcelona despu\u00e9s de Colau. M\u00e1s potencial que futuro (II) - Converses a Catalunya\" \/>\n<meta property=\"og:description\" content=\"Barcelona ha perdido peso en el marco econ\u00f3mico espa\u00f1ol desde inicios de siglo y hasta 2019, del orden de un 30%\" \/>\n<meta property=\"og:url\" content=\"https:\/\/conversesacatalunya.cat\/es\/barcelona-decaimiento-economico\/\" \/>\n<meta property=\"og:site_name\" content=\"Converses a Catalunya\" \/>\n<meta property=\"article:published_time\" content=\"2023-08-06T10:27:54+00:00\" \/>\n<meta property=\"article:modified_time\" content=\"2023-09-08T08:40:12+00:00\" \/>\n<meta property=\"og:image\" content=\"https:\/\/conversesacatalunya.cat\/wp-content\/uploads\/2023\/08\/comerc.jpg\" \/>\n\t<meta property=\"og:image:width\" content=\"600\" \/>\n\t<meta property=\"og:image:height\" content=\"391\" \/>\n\t<meta property=\"og:image:type\" content=\"image\/jpeg\" \/>\n<meta name=\"author\" content=\"Josep Mir\u00f3 i Ard\u00e8vol\" \/>\n<meta name=\"twitter:card\" content=\"summary_large_image\" \/>\n<meta name=\"twitter:label1\" content=\"Escrito por\" \/>\n\t<meta name=\"twitter:data1\" content=\"Josep Mir\u00f3 i Ard\u00e8vol\" \/>\n\t<meta name=\"twitter:label2\" content=\"Tiempo de lectura\" \/>\n\t<meta name=\"twitter:data2\" content=\"6 minutos\" \/>\n<script type=\"application\/ld+json\" class=\"yoast-schema-graph\">{\"@context\":\"https:\/\/schema.org\",\"@graph\":[{\"@type\":\"Article\",\"@id\":\"https:\/\/conversesacatalunya.cat\/es\/barcelona-decaimiento-economico\/#article\",\"isPartOf\":{\"@id\":\"https:\/\/conversesacatalunya.cat\/es\/barcelona-decaimiento-economico\/\"},\"author\":{\"name\":\"Josep Mir\u00f3 i Ard\u00e8vol\",\"@id\":\"https:\/\/conversesacatalunya.cat\/#\/schema\/person\/a9598a6786ba7d3d1c5e0de477b79370\"},\"headline\":\"Barcelona despu\u00e9s de Colau. M\u00e1s potencial que futuro (II)\",\"datePublished\":\"2023-08-06T10:27:54+00:00\",\"dateModified\":\"2023-09-08T08:40:12+00:00\",\"mainEntityOfPage\":{\"@id\":\"https:\/\/conversesacatalunya.cat\/es\/barcelona-decaimiento-economico\/\"},\"wordCount\":1216,\"commentCount\":0,\"image\":{\"@id\":\"https:\/\/conversesacatalunya.cat\/es\/barcelona-decaimiento-economico\/#primaryimage\"},\"thumbnailUrl\":\"https:\/\/conversesacatalunya.cat\/wp-content\/uploads\/2023\/08\/comerc.jpg\",\"articleSection\":[\"El Blog de Josep Mir\u00f3 i Ard\u00e8vol (ES)\",\"Punts clau del dia\"],\"inLanguage\":\"es\",\"potentialAction\":[{\"@type\":\"CommentAction\",\"name\":\"Comment\",\"target\":[\"https:\/\/conversesacatalunya.cat\/es\/barcelona-decaimiento-economico\/#respond\"]}]},{\"@type\":\"WebPage\",\"@id\":\"https:\/\/conversesacatalunya.cat\/es\/barcelona-decaimiento-economico\/\",\"url\":\"https:\/\/conversesacatalunya.cat\/es\/barcelona-decaimiento-economico\/\",\"name\":\"Barcelona despu\u00e9s de Colau. M\u00e1s potencial que futuro (II) - Converses a Catalunya\",\"isPartOf\":{\"@id\":\"https:\/\/conversesacatalunya.cat\/#website\"},\"primaryImageOfPage\":{\"@id\":\"https:\/\/conversesacatalunya.cat\/es\/barcelona-decaimiento-economico\/#primaryimage\"},\"image\":{\"@id\":\"https:\/\/conversesacatalunya.cat\/es\/barcelona-decaimiento-economico\/#primaryimage\"},\"thumbnailUrl\":\"https:\/\/conversesacatalunya.cat\/wp-content\/uploads\/2023\/08\/comerc.jpg\",\"datePublished\":\"2023-08-06T10:27:54+00:00\",\"dateModified\":\"2023-09-08T08:40:12+00:00\",\"author\":{\"@id\":\"https:\/\/conversesacatalunya.cat\/#\/schema\/person\/a9598a6786ba7d3d1c5e0de477b79370\"},\"description\":\"Barcelona ha perdido peso en el marco econ\u00f3mico espa\u00f1ol desde inicios de siglo y hasta 2019, del orden de un 30%\",\"breadcrumb\":{\"@id\":\"https:\/\/conversesacatalunya.cat\/es\/barcelona-decaimiento-economico\/#breadcrumb\"},\"inLanguage\":\"es\",\"potentialAction\":[{\"@type\":\"ReadAction\",\"target\":[\"https:\/\/conversesacatalunya.cat\/es\/barcelona-decaimiento-economico\/\"]}]},{\"@type\":\"ImageObject\",\"inLanguage\":\"es\",\"@id\":\"https:\/\/conversesacatalunya.cat\/es\/barcelona-decaimiento-economico\/#primaryimage\",\"url\":\"https:\/\/conversesacatalunya.cat\/wp-content\/uploads\/2023\/08\/comerc.jpg\",\"contentUrl\":\"https:\/\/conversesacatalunya.cat\/wp-content\/uploads\/2023\/08\/comerc.jpg\",\"width\":600,\"height\":391},{\"@type\":\"BreadcrumbList\",\"@id\":\"https:\/\/conversesacatalunya.cat\/es\/barcelona-decaimiento-economico\/#breadcrumb\",\"itemListElement\":[{\"@type\":\"ListItem\",\"position\":1,\"name\":\"Inici\",\"item\":\"https:\/\/conversesacatalunya.cat\/es\/\"},{\"@type\":\"ListItem\",\"position\":2,\"name\":\"Barcelona despu\u00e9s de Colau. M\u00e1s potencial que futuro (II)\"}]},{\"@type\":\"WebSite\",\"@id\":\"https:\/\/conversesacatalunya.cat\/#website\",\"url\":\"https:\/\/conversesacatalunya.cat\/\",\"name\":\"Converses a Catalunya\",\"description\":\"\",\"potentialAction\":[{\"@type\":\"SearchAction\",\"target\":{\"@type\":\"EntryPoint\",\"urlTemplate\":\"https:\/\/conversesacatalunya.cat\/?s={search_term_string}\"},\"query-input\":{\"@type\":\"PropertyValueSpecification\",\"valueRequired\":true,\"valueName\":\"search_term_string\"}}],\"inLanguage\":\"es\"},{\"@type\":\"Person\",\"@id\":\"https:\/\/conversesacatalunya.cat\/#\/schema\/person\/a9598a6786ba7d3d1c5e0de477b79370\",\"name\":\"Josep Mir\u00f3 i Ard\u00e8vol\",\"image\":{\"@type\":\"ImageObject\",\"inLanguage\":\"es\",\"@id\":\"https:\/\/conversesacatalunya.cat\/#\/schema\/person\/image\/\",\"url\":\"https:\/\/conversesacatalunya.cat\/wp-content\/litespeed\/avatar\/c37e3dc881857483d6694cdf98fdedea.jpg?ver=1777270381\",\"contentUrl\":\"https:\/\/conversesacatalunya.cat\/wp-content\/litespeed\/avatar\/c37e3dc881857483d6694cdf98fdedea.jpg?ver=1777270381\",\"caption\":\"Josep Mir\u00f3 i Ard\u00e8vol\"},\"url\":\"https:\/\/conversesacatalunya.cat\/es\/author\/josep-miro-i-ardevol\/\"}]}<\/script>\n<!-- \/ Yoast SEO plugin. -->","yoast_head_json":{"title":"Barcelona despu\u00e9s de Colau. M\u00e1s potencial que futuro (II) - Converses a Catalunya","description":"Barcelona ha perdido peso en el marco econ\u00f3mico espa\u00f1ol desde inicios de siglo y hasta 2019, del orden de un 30%","robots":{"index":"index","follow":"follow","max-snippet":"max-snippet:-1","max-image-preview":"max-image-preview:large","max-video-preview":"max-video-preview:-1"},"canonical":"https:\/\/conversesacatalunya.cat\/es\/barcelona-decaimiento-economico\/","og_locale":"es_ES","og_type":"article","og_title":"Barcelona despu\u00e9s de Colau. M\u00e1s potencial que futuro (II) - Converses a Catalunya","og_description":"Barcelona ha perdido peso en el marco econ\u00f3mico espa\u00f1ol desde inicios de siglo y hasta 2019, del orden de un 30%","og_url":"https:\/\/conversesacatalunya.cat\/es\/barcelona-decaimiento-economico\/","og_site_name":"Converses a Catalunya","article_published_time":"2023-08-06T10:27:54+00:00","article_modified_time":"2023-09-08T08:40:12+00:00","og_image":[{"width":600,"height":391,"url":"https:\/\/conversesacatalunya.cat\/wp-content\/uploads\/2023\/08\/comerc.jpg","type":"image\/jpeg"}],"author":"Josep Mir\u00f3 i Ard\u00e8vol","twitter_card":"summary_large_image","twitter_misc":{"Escrito por":"Josep Mir\u00f3 i Ard\u00e8vol","Tiempo de lectura":"6 minutos"},"schema":{"@context":"https:\/\/schema.org","@graph":[{"@type":"Article","@id":"https:\/\/conversesacatalunya.cat\/es\/barcelona-decaimiento-economico\/#article","isPartOf":{"@id":"https:\/\/conversesacatalunya.cat\/es\/barcelona-decaimiento-economico\/"},"author":{"name":"Josep Mir\u00f3 i Ard\u00e8vol","@id":"https:\/\/conversesacatalunya.cat\/#\/schema\/person\/a9598a6786ba7d3d1c5e0de477b79370"},"headline":"Barcelona despu\u00e9s de Colau. M\u00e1s potencial que futuro (II)","datePublished":"2023-08-06T10:27:54+00:00","dateModified":"2023-09-08T08:40:12+00:00","mainEntityOfPage":{"@id":"https:\/\/conversesacatalunya.cat\/es\/barcelona-decaimiento-economico\/"},"wordCount":1216,"commentCount":0,"image":{"@id":"https:\/\/conversesacatalunya.cat\/es\/barcelona-decaimiento-economico\/#primaryimage"},"thumbnailUrl":"https:\/\/conversesacatalunya.cat\/wp-content\/uploads\/2023\/08\/comerc.jpg","articleSection":["El Blog de Josep Mir\u00f3 i Ard\u00e8vol (ES)","Punts clau del dia"],"inLanguage":"es","potentialAction":[{"@type":"CommentAction","name":"Comment","target":["https:\/\/conversesacatalunya.cat\/es\/barcelona-decaimiento-economico\/#respond"]}]},{"@type":"WebPage","@id":"https:\/\/conversesacatalunya.cat\/es\/barcelona-decaimiento-economico\/","url":"https:\/\/conversesacatalunya.cat\/es\/barcelona-decaimiento-economico\/","name":"Barcelona despu\u00e9s de Colau. M\u00e1s potencial que futuro (II) - Converses a Catalunya","isPartOf":{"@id":"https:\/\/conversesacatalunya.cat\/#website"},"primaryImageOfPage":{"@id":"https:\/\/conversesacatalunya.cat\/es\/barcelona-decaimiento-economico\/#primaryimage"},"image":{"@id":"https:\/\/conversesacatalunya.cat\/es\/barcelona-decaimiento-economico\/#primaryimage"},"thumbnailUrl":"https:\/\/conversesacatalunya.cat\/wp-content\/uploads\/2023\/08\/comerc.jpg","datePublished":"2023-08-06T10:27:54+00:00","dateModified":"2023-09-08T08:40:12+00:00","author":{"@id":"https:\/\/conversesacatalunya.cat\/#\/schema\/person\/a9598a6786ba7d3d1c5e0de477b79370"},"description":"Barcelona ha perdido peso en el marco econ\u00f3mico espa\u00f1ol desde inicios de siglo y hasta 2019, del orden de un 30%","breadcrumb":{"@id":"https:\/\/conversesacatalunya.cat\/es\/barcelona-decaimiento-economico\/#breadcrumb"},"inLanguage":"es","potentialAction":[{"@type":"ReadAction","target":["https:\/\/conversesacatalunya.cat\/es\/barcelona-decaimiento-economico\/"]}]},{"@type":"ImageObject","inLanguage":"es","@id":"https:\/\/conversesacatalunya.cat\/es\/barcelona-decaimiento-economico\/#primaryimage","url":"https:\/\/conversesacatalunya.cat\/wp-content\/uploads\/2023\/08\/comerc.jpg","contentUrl":"https:\/\/conversesacatalunya.cat\/wp-content\/uploads\/2023\/08\/comerc.jpg","width":600,"height":391},{"@type":"BreadcrumbList","@id":"https:\/\/conversesacatalunya.cat\/es\/barcelona-decaimiento-economico\/#breadcrumb","itemListElement":[{"@type":"ListItem","position":1,"name":"Inici","item":"https:\/\/conversesacatalunya.cat\/es\/"},{"@type":"ListItem","position":2,"name":"Barcelona despu\u00e9s de Colau. M\u00e1s potencial que futuro (II)"}]},{"@type":"WebSite","@id":"https:\/\/conversesacatalunya.cat\/#website","url":"https:\/\/conversesacatalunya.cat\/","name":"Converses a Catalunya","description":"","potentialAction":[{"@type":"SearchAction","target":{"@type":"EntryPoint","urlTemplate":"https:\/\/conversesacatalunya.cat\/?s={search_term_string}"},"query-input":{"@type":"PropertyValueSpecification","valueRequired":true,"valueName":"search_term_string"}}],"inLanguage":"es"},{"@type":"Person","@id":"https:\/\/conversesacatalunya.cat\/#\/schema\/person\/a9598a6786ba7d3d1c5e0de477b79370","name":"Josep Mir\u00f3 i Ard\u00e8vol","image":{"@type":"ImageObject","inLanguage":"es","@id":"https:\/\/conversesacatalunya.cat\/#\/schema\/person\/image\/","url":"https:\/\/conversesacatalunya.cat\/wp-content\/litespeed\/avatar\/c37e3dc881857483d6694cdf98fdedea.jpg?ver=1777270381","contentUrl":"https:\/\/conversesacatalunya.cat\/wp-content\/litespeed\/avatar\/c37e3dc881857483d6694cdf98fdedea.jpg?ver=1777270381","caption":"Josep Mir\u00f3 i Ard\u00e8vol"},"url":"https:\/\/conversesacatalunya.cat\/es\/author\/josep-miro-i-ardevol\/"}]}},"wps_subtitle":"El decaimiento econ\u00f3mico","_links":{"self":[{"href":"https:\/\/conversesacatalunya.cat\/es\/wp-json\/wp\/v2\/posts\/70213","targetHints":{"allow":["GET"]}}],"collection":[{"href":"https:\/\/conversesacatalunya.cat\/es\/wp-json\/wp\/v2\/posts"}],"about":[{"href":"https:\/\/conversesacatalunya.cat\/es\/wp-json\/wp\/v2\/types\/post"}],"author":[{"embeddable":true,"href":"https:\/\/conversesacatalunya.cat\/es\/wp-json\/wp\/v2\/users\/19"}],"replies":[{"embeddable":true,"href":"https:\/\/conversesacatalunya.cat\/es\/wp-json\/wp\/v2\/comments?post=70213"}],"version-history":[{"count":4,"href":"https:\/\/conversesacatalunya.cat\/es\/wp-json\/wp\/v2\/posts\/70213\/revisions"}],"predecessor-version":[{"id":70307,"href":"https:\/\/conversesacatalunya.cat\/es\/wp-json\/wp\/v2\/posts\/70213\/revisions\/70307"}],"wp:featuredmedia":[{"embeddable":true,"href":"https:\/\/conversesacatalunya.cat\/es\/wp-json\/wp\/v2\/media\/70201"}],"wp:attachment":[{"href":"https:\/\/conversesacatalunya.cat\/es\/wp-json\/wp\/v2\/media?parent=70213"}],"wp:term":[{"taxonomy":"category","embeddable":true,"href":"https:\/\/conversesacatalunya.cat\/es\/wp-json\/wp\/v2\/categories?post=70213"},{"taxonomy":"post_tag","embeddable":true,"href":"https:\/\/conversesacatalunya.cat\/es\/wp-json\/wp\/v2\/tags?post=70213"}],"curies":[{"name":"wp","href":"https:\/\/api.w.org\/{rel}","templated":true}]}}