{"id":70179,"date":"2023-08-29T11:36:39","date_gmt":"2023-08-29T09:36:39","guid":{"rendered":"https:\/\/conversesacatalunya.cat\/les-claus-juridiques-del-cas-rubiales\/"},"modified":"2023-08-29T12:19:11","modified_gmt":"2023-08-29T10:19:11","slug":"las-claves-juridicas-del-caso-rubiales","status":"publish","type":"post","link":"https:\/\/conversesacatalunya.cat\/es\/las-claves-juridicas-del-caso-rubiales\/","title":{"rendered":"Las claves jur\u00eddicas del caso Rubiales"},"content":{"rendered":"<p><span>M\u00e1s all\u00e1 del griter\u00edo y de la voluntad de escarmiento del feminismo de la guerra de g\u00e9neros, utilizando como chivo expiatorio al pol\u00e9mico presidente de la Real Federaci\u00f3n Espa\u00f1ola de F\u00fatbol, \u200b\u200ben lo que ya dicen que es el &#8216;<em>Me too<\/em>&#8216; espa\u00f1ol, <\/span><em><span>es<\/span><\/em><span>\u00a0necesario ver desde el\u00a0<\/span><strong><span>punto de vista jur\u00eddico<\/span><\/strong><span>\u00a0cu\u00e1l es realmente la gravedad atribuible al caso.<\/span><\/p>\n<p><span>La primera clave interpretativa surgir\u00e1 del\u00a0<\/span><strong><span>Tribunal Administrativo del Deporte<\/span><\/strong><span> (TAD) al que el Consejo Superior de Deporte, un organismo del gobierno, ha pedido la inhabilitaci\u00f3n de Rubiales.\u00a0Para que este hecho sea posible es necesario que se abra un expediente considerando que lo que ha llevado a cabo el presidente de la Federaci\u00f3n constituye una \u00ab<\/span><strong><span>falta muy grave<\/span><\/strong><span>\u00ab.\u00a0De ah\u00ed que los siete juristas del TAD se reunieran de urgencia este lunes, pero de entrada lo que ha quedado claro es que no han llegado a ninguna conclusi\u00f3n.<\/span><\/p>\n<p><span>Este hecho es un signo de que no est\u00e1 del todo claro de entrada la calificaci\u00f3n de la falta cometida por Rubiales.\u00a0Hay que recordar adem\u00e1s que en los dem\u00e1s escenarios jur\u00eddicos todo lo que se haga es recurrible y seg\u00fan el resultado se podr\u00eda producir la situaci\u00f3n inc\u00f3moda de que otorgaran la raz\u00f3n a Rubiales y \u00e9ste incluso pudiera reclamar da\u00f1os y perjuicios.<\/span><\/p>\n<p><span>El otro agente jur\u00eddico que entr\u00f3 en acci\u00f3n fue la\u00a0<\/span><strong><span>Fiscal\u00eda de la Audiencia Nacional,<\/span><\/strong><span>\u00a0que ofreci\u00f3 a Jenni Hermoso emprender acciones por haber sufrido una agresi\u00f3n sexual de acuerdo con lo establecido en el art.\u00a0178 del C\u00f3digo Penal.\u00a0Ahora Hermoso tiene 15 d\u00edas para decidir, si bien cabe recordar que emiti\u00f3 recientemente un comunicado muy distinto en su contenido a sus primeras declaraciones, cuando sucedi\u00f3 el esc\u00e1ndalo el 20 de agosto, en las que ahora s\u00ed se considera \u00abv\u00edctima de una agresi\u00f3n\u00bb y afirma que el beso \u00abno fue consentido\u00bb.\u00a0Habiendo emitido este comunicado parece dif\u00edcil que no se acoja a lo que le plantea la Fiscal\u00eda.<\/span><\/p>\n<p><span>Pero, claro, el problema es que quien acabar\u00e1 resolviendo la cuesti\u00f3n ser\u00e1 un tribunal y no la instancia fiscal.\u00a0<span class=\"\">\u00c9sta necesita la\u00a0<\/span><\/span><strong><span><span class=\"\">denuncia de la jugadora de f\u00fatbol<\/span><\/span><\/strong><span><span class=\"\"> para sacar adelante el procedimiento, aunque tambi\u00e9n tiene otra v\u00eda que de momento no ha utilizado, que es que el Ministerio fiscal presente directamente una querella.\u00a0<\/span>De momento no lo hace y env\u00eda a la mujer de antemano a ver qu\u00e9 pasa.<\/span><\/p>\n<h4><strong><span>La cuesti\u00f3n de fondo es si hay delito en el beso en los labios de Rubiales y en la exhibici\u00f3n en el palco toc\u00e1ndose los genitales<\/span><\/strong><\/h4>\n<p><span>Un punto clave en todo ello es\u00a0<\/span><strong><span>si existi\u00f3 consentimiento o no<\/span><\/strong><span>.\u00a0Al respecto las numerosas im\u00e1genes que existen del hecho, sus interpretaciones, las reacciones inmediatas de Hermoso, las declaraciones de Rubiales y las nuevas declaraciones contradictorias de Hermoso, configuran las referencias que determinar\u00e1n si existe ese delito de agresi\u00f3n sexual, dado que en la nueva ley de Montero no existe diferencia de grado en la calificaci\u00f3n, s\u00ed obviamente en la pena, en el hecho de si se trata de un abuso o una agresi\u00f3n, como antes del cambio s\u00ed que exist\u00eda. Recordemos que esta modificaci\u00f3n, queriendo ser m\u00e1s punitiva, en la pr\u00e1ctica lo que ha hecho es facilitar la excarcelaci\u00f3n o alivio de la condena a muchos convictos por este delito.<\/span><\/p>\n<p><span>Para juzgar si existe o no agresi\u00f3n se dispone de la jurisprudencia del Tribunal Supremo y aqu\u00ed toda la cuesti\u00f3n radica en el hecho de si estamos ante un beso de car\u00e1cter\u00a0<\/span><strong><span>er\u00f3tico o ante una simple manifestaci\u00f3n de cari\u00f1o<\/span><\/strong><span>, una expansi\u00f3n cari\u00f1osa, porque el TS diferencia claramente entre estos dos escenarios.<\/span><\/p>\n<p><span>La sentencia 165\/2022 en la que el acusado intent\u00f3 besar en boca a una menor fue considerado como una agresi\u00f3n por el car\u00e1cter er\u00f3tico de la acci\u00f3n.\u00a0Tambi\u00e9n jug\u00f3 aqu\u00ed la actitud corporal del condenado.\u00a0Pero, por otra parte, el TS a\u00f1ade que \u00abun beso en los labios es en alg\u00fan contexto una forma normalizada de exteriorizar efectos sin tintes er\u00f3ticos\u00bb.\u00a0Y esta concepci\u00f3n, por ejemplo, es la que figura en la sentencia 490\/2015 en la que se absolvi\u00f3 a un anciano para darle un beso en la boca a su nieta consider\u00e1ndolo m\u00e1s un acto de cari\u00f1o que un acto er\u00f3tico.<\/span><\/p>\n<p><span>Por tanto, todo se juega en el hecho de si el\u00a0<\/span><strong><span>beso tuvo car\u00e1cter sexual o fue una expansi\u00f3n afectiva<\/span><\/strong><span>.\u00a0<span class=\"VIpgJd-yAWNEb-VIpgJd-fmcmS-sn54Q\">Viendo las im\u00e1genes parece dudosa la interpretaci\u00f3n sexual, pero en todo caso el bal\u00f3n est\u00e1 en manos de la justicia.\u00a0<\/span>Y si fue o no consentido, y si el autor consinti\u00f3 el car\u00e1cter sexual de su acci\u00f3n y ten\u00eda conciencia de la ausencia de consentimiento del otro.\u00a0Seguramente las consideraciones sobre este punto es lo que est\u00e1 dilatando considerar falta grave este hecho por parte del TAD.\u00a0En cualquier caso, cabe subrayar que desde el punto de vista jur\u00eddico no est\u00e1 nada claro que lo que ha hecho Rubiales sea realmente punible.<\/span><\/p>\n<p><span>Lo que s\u00ed est\u00e1 claro es que, a pesar de que el asunto ha sucedido en Australia, la\u00a0<\/span><strong><span>justicia espa\u00f1ola puede actuar<\/span><\/strong><span> porque se dan las condiciones necesarias que se pueden resumir en que el autor sea espa\u00f1ol, que lo punible tambi\u00e9n lo sea \u200b\u200ben el lugar de la ejecuci\u00f3n y que el autor no haya sido previamente absuelto o condenado por estos hechos en otro pa\u00eds, o hubiera cumplido la condena.\u00a0Es evidente que las condiciones se cumplen y, por tanto, la justicia espa\u00f1ola puede actuar de forma clara y directa.\u00a0Ahora mientras dura el griter\u00edo hay que esperar a lo que dicen los tribunales.<\/span><\/p>\n<div id=\"polls-207\" class=\"wp-polls\">\n\t<form id=\"polls_form_207\" class=\"wp-polls-form\" action=\"\/index.php\" method=\"post\">\n\t\t<p style=\"display: none;\"><input type=\"hidden\" id=\"poll_207_nonce\" name=\"wp-polls-nonce\" value=\"bd08cea7be\" \/><\/p>\n\t\t<p style=\"display: none;\"><input type=\"hidden\" name=\"poll_id\" value=\"207\" \/><\/p>\n\t\t<p style=\"text-align: center\"><strong>Despr\u00e9s del seu vot a la Mesa del Congr\u00e9s, s'atrevir\u00e0 Junts a fer inviable la presid\u00e8ncia de S\u00e1nchez?<\/strong><\/p><div id=\"polls-207-ans\" class=\"wp-polls-ans\"><ul class=\"wp-polls-ul\">\n\t\t<li><input type=\"radio\" id=\"poll-answer-575\" name=\"poll_207\" value=\"575\" \/> <label for=\"poll-answer-575\">S\u00ed<\/label><\/li>\n\t\t<li><input type=\"radio\" id=\"poll-answer-576\" name=\"poll_207\" value=\"576\" \/> <label for=\"poll-answer-576\">No<\/label><\/li>\n\t\t<li><input type=\"radio\" id=\"poll-answer-577\" name=\"poll_207\" value=\"577\" \/> <label for=\"poll-answer-577\">No ho s\u00e9<\/label><\/li>\n\t\t<\/ul><p style=\"text-align: center\"><input type=\"button\" name=\"vote\" value=\"   Vota   \" class=\"Buttons\" onclick=\"poll_vote(207);\" \/><\/p><p style=\"text-align: center\"><a href=\"#ViewPollResults\" onclick=\"poll_result(207); return false;\" title=\"View Results Of This Poll\">Mira els resultats<\/a><\/p><\/div>\n\t<\/form>\n<\/div>\n<div id=\"polls-207-loading\" class=\"wp-polls-loading\"><img decoding=\"async\" data-src=\"https:\/\/conversesacatalunya.cat\/wp-content\/plugins\/wp-polls\/images\/loading.gif\" width=\"16\" height=\"16\" alt=\"Cargando ...\" title=\"Cargando ...\" class=\"wp-polls-image lazyload\" src=\"data:image\/svg+xml;base64,PHN2ZyB3aWR0aD0iMSIgaGVpZ2h0PSIxIiB4bWxucz0iaHR0cDovL3d3dy53My5vcmcvMjAwMC9zdmciPjwvc3ZnPg==\" style=\"--smush-placeholder-width: 16px; --smush-placeholder-aspect-ratio: 16\/16;\" \/>&nbsp;Cargando ...<\/div>\n\n","protected":false},"excerpt":{"rendered":"<p>M\u00e1s all\u00e1 del griter\u00edo y de la voluntad de escarmiento del feminismo de la guerra de g\u00e9neros, utilizando como chivo expiatorio al pol\u00e9mico presidente de la Real Federaci\u00f3n Espa\u00f1ola de F\u00fatbol, \u200b\u200ben lo que ya dicen que es el &#8216;Me too&#8216; espa\u00f1ol, es\u00a0necesario ver desde el\u00a0punto de vista jur\u00eddico\u00a0cu\u00e1l es realmente la gravedad atribuible al caso. La primera clave interpretativa surgir\u00e1 del\u00a0Tribunal Administrativo del Deporte (TAD) al que el Consejo Superior de Deporte, un organismo del gobierno, ha pedido la inhabilitaci\u00f3n de Rubiales.\u00a0Para que este hecho sea posible es necesario que se abra un expediente considerando que lo que ha llevado a cabo el presidente de la Federaci\u00f3n constituye una \u00abfalta muy grave\u00ab.\u00a0De ah\u00ed que los siete juristas del TAD se reunieran de urgencia este lunes, pero de entrada lo que ha quedado claro es que no han llegado a ninguna conclusi\u00f3n. Este hecho es un signo de que no est\u00e1 del todo claro de entrada la calificaci\u00f3n de la falta cometida por Rubiales.\u00a0Hay que recordar adem\u00e1s que en los dem\u00e1s escenarios jur\u00eddicos todo lo que se haga es recurrible y seg\u00fan el resultado se podr\u00eda producir la situaci\u00f3n inc\u00f3moda de que otorgaran la raz\u00f3n a Rubiales y \u00e9ste incluso pudiera reclamar da\u00f1os y perjuicios. El otro agente jur\u00eddico que entr\u00f3 en acci\u00f3n fue la\u00a0Fiscal\u00eda de la Audiencia Nacional,\u00a0que ofreci\u00f3 a Jenni Hermoso emprender acciones por haber sufrido una agresi\u00f3n sexual de acuerdo con lo establecido en el art.\u00a0178 del C\u00f3digo Penal.\u00a0Ahora Hermoso tiene 15 d\u00edas para decidir, si bien cabe recordar que emiti\u00f3 recientemente un comunicado muy distinto en su contenido a sus primeras declaraciones, cuando sucedi\u00f3 el esc\u00e1ndalo el 20 de agosto, en las que ahora s\u00ed se considera \u00abv\u00edctima de una agresi\u00f3n\u00bb y afirma que el beso \u00abno fue consentido\u00bb.\u00a0Habiendo emitido este comunicado parece dif\u00edcil que no se acoja a lo que le plantea la Fiscal\u00eda. Pero, claro, el problema es que quien acabar\u00e1 resolviendo la cuesti\u00f3n ser\u00e1 un tribunal y no la instancia fiscal.\u00a0\u00c9sta necesita la\u00a0denuncia de la jugadora de f\u00fatbol para sacar adelante el procedimiento, aunque tambi\u00e9n tiene otra v\u00eda que de momento no ha utilizado, que es que el Ministerio fiscal presente directamente una querella.\u00a0De momento no lo hace y env\u00eda a la mujer de antemano a ver qu\u00e9 pasa. La cuesti\u00f3n de fondo es si hay delito en el beso en los labios de Rubiales y en la exhibici\u00f3n en el palco toc\u00e1ndose los genitales Un punto clave en todo ello es\u00a0si existi\u00f3 consentimiento o no.\u00a0Al respecto las numerosas im\u00e1genes que existen del hecho, sus interpretaciones, las reacciones inmediatas de Hermoso, las declaraciones de Rubiales y las nuevas declaraciones contradictorias de Hermoso, configuran las referencias que determinar\u00e1n si existe ese delito de agresi\u00f3n sexual, dado que en la nueva ley de Montero no existe diferencia de grado en la calificaci\u00f3n, s\u00ed obviamente en la pena, en el hecho de si se trata de un abuso o una agresi\u00f3n, como antes del cambio s\u00ed que exist\u00eda. Recordemos que esta modificaci\u00f3n, queriendo ser m\u00e1s punitiva, en la pr\u00e1ctica lo que ha hecho es facilitar la excarcelaci\u00f3n o alivio de la condena a muchos convictos por este delito. Para juzgar si existe o no agresi\u00f3n se dispone de la jurisprudencia del Tribunal Supremo y aqu\u00ed toda la cuesti\u00f3n radica en el hecho de si estamos ante un beso de car\u00e1cter\u00a0er\u00f3tico o ante una simple manifestaci\u00f3n de cari\u00f1o, una expansi\u00f3n cari\u00f1osa, porque el TS diferencia claramente entre estos dos escenarios. La sentencia 165\/2022 en la que el acusado intent\u00f3 besar en boca a una menor fue considerado como una agresi\u00f3n por el car\u00e1cter er\u00f3tico de la acci\u00f3n.\u00a0Tambi\u00e9n jug\u00f3 aqu\u00ed la actitud corporal del condenado.\u00a0Pero, por otra parte, el TS a\u00f1ade que \u00abun beso en los labios es en alg\u00fan contexto una forma normalizada de exteriorizar efectos sin tintes er\u00f3ticos\u00bb.\u00a0Y esta concepci\u00f3n, por ejemplo, es la que figura en la sentencia 490\/2015 en la que se absolvi\u00f3 a un anciano para darle un beso en la boca a su nieta consider\u00e1ndolo m\u00e1s un acto de cari\u00f1o que un acto er\u00f3tico. Por tanto, todo se juega en el hecho de si el\u00a0beso tuvo car\u00e1cter sexual o fue una expansi\u00f3n afectiva.\u00a0Viendo las im\u00e1genes parece dudosa la interpretaci\u00f3n sexual, pero en todo caso el bal\u00f3n est\u00e1 en manos de la justicia.\u00a0Y si fue o no consentido, y si el autor consinti\u00f3 el car\u00e1cter sexual de su acci\u00f3n y ten\u00eda conciencia de la ausencia de consentimiento del otro.\u00a0Seguramente las consideraciones sobre este punto es lo que est\u00e1 dilatando considerar falta grave este hecho por parte del TAD.\u00a0En cualquier caso, cabe subrayar que desde el punto de vista jur\u00eddico no est\u00e1 nada claro que lo que ha hecho Rubiales sea realmente punible. Lo que s\u00ed est\u00e1 claro es que, a pesar de que el asunto ha sucedido en Australia, la\u00a0justicia espa\u00f1ola puede actuar porque se dan las condiciones necesarias que se pueden resumir en que el autor sea espa\u00f1ol, que lo punible tambi\u00e9n lo sea \u200b\u200ben el lugar de la ejecuci\u00f3n y que el autor no haya sido previamente absuelto o condenado por estos hechos en otro pa\u00eds, o hubiera cumplido la condena.\u00a0Es evidente que las condiciones se cumplen y, por tanto, la justicia espa\u00f1ola puede actuar de forma clara y directa.\u00a0Ahora mientras dura el griter\u00edo hay que esperar a lo que dicen los tribunales.<\/p>\n","protected":false},"author":78,"featured_media":70170,"comment_status":"open","ping_status":"open","sticky":false,"template":"","format":"standard","meta":{"_FSMCFIC_featured_image_caption":"","_FSMCFIC_featured_image_nocaption":"","_FSMCFIC_featured_image_hide":"","footnotes":""},"categories":[806],"tags":[3477],"class_list":["post-70179","post","type-post","status-publish","format-standard","has-post-thumbnail","hentry","category-punts-claus-del-dia-es","tag-feminismo"],"yoast_head":"<!-- This site is optimized with the Yoast SEO plugin v26.8 - https:\/\/yoast.com\/product\/yoast-seo-wordpress\/ -->\n<title>Las claves jur\u00eddicas del caso Rubiales - Converses a Catalunya<\/title>\n<meta name=\"description\" content=\"La cuesti\u00f3n de fondo es si hay delito en el beso en los labios de Rubiales y en la exhibici\u00f3n en el palco toc\u00e1ndose los genitales\" \/>\n<meta name=\"robots\" content=\"index, follow, max-snippet:-1, max-image-preview:large, max-video-preview:-1\" \/>\n<link rel=\"canonical\" href=\"https:\/\/conversesacatalunya.cat\/es\/las-claves-juridicas-del-caso-rubiales\/\" \/>\n<meta property=\"og:locale\" content=\"es_ES\" \/>\n<meta property=\"og:type\" content=\"article\" \/>\n<meta property=\"og:title\" content=\"Las claves jur\u00eddicas del caso Rubiales - Converses a Catalunya\" \/>\n<meta property=\"og:description\" content=\"La cuesti\u00f3n de fondo es si hay delito en el beso en los labios de Rubiales y en la exhibici\u00f3n en el palco toc\u00e1ndose los genitales\" \/>\n<meta property=\"og:url\" content=\"https:\/\/conversesacatalunya.cat\/es\/las-claves-juridicas-del-caso-rubiales\/\" \/>\n<meta property=\"og:site_name\" content=\"Converses a Catalunya\" \/>\n<meta property=\"article:published_time\" content=\"2023-08-29T09:36:39+00:00\" \/>\n<meta property=\"article:modified_time\" content=\"2023-08-29T10:19:11+00:00\" \/>\n<meta property=\"og:image\" content=\"https:\/\/conversesacatalunya.cat\/wp-content\/uploads\/2023\/08\/Rubiales.jpg\" \/>\n\t<meta property=\"og:image:width\" content=\"790\" \/>\n\t<meta property=\"og:image:height\" content=\"441\" \/>\n\t<meta property=\"og:image:type\" content=\"image\/jpeg\" \/>\n<meta name=\"author\" content=\"Joan Masip\" \/>\n<meta name=\"twitter:card\" content=\"summary_large_image\" \/>\n<meta name=\"twitter:label1\" content=\"Escrito por\" \/>\n\t<meta name=\"twitter:data1\" content=\"Joan Masip\" \/>\n\t<meta name=\"twitter:label2\" content=\"Tiempo de lectura\" \/>\n\t<meta name=\"twitter:data2\" content=\"5 minutos\" \/>\n<script type=\"application\/ld+json\" class=\"yoast-schema-graph\">{\"@context\":\"https:\/\/schema.org\",\"@graph\":[{\"@type\":\"Article\",\"@id\":\"https:\/\/conversesacatalunya.cat\/es\/las-claves-juridicas-del-caso-rubiales\/#article\",\"isPartOf\":{\"@id\":\"https:\/\/conversesacatalunya.cat\/es\/las-claves-juridicas-del-caso-rubiales\/\"},\"author\":{\"name\":\"Joan Masip\",\"@id\":\"https:\/\/conversesacatalunya.cat\/#\/schema\/person\/311d0bf53def217d5124c78a7bc42275\"},\"headline\":\"Las claves jur\u00eddicas del caso Rubiales\",\"datePublished\":\"2023-08-29T09:36:39+00:00\",\"dateModified\":\"2023-08-29T10:19:11+00:00\",\"mainEntityOfPage\":{\"@id\":\"https:\/\/conversesacatalunya.cat\/es\/las-claves-juridicas-del-caso-rubiales\/\"},\"wordCount\":1004,\"commentCount\":0,\"image\":{\"@id\":\"https:\/\/conversesacatalunya.cat\/es\/las-claves-juridicas-del-caso-rubiales\/#primaryimage\"},\"thumbnailUrl\":\"https:\/\/conversesacatalunya.cat\/wp-content\/uploads\/2023\/08\/Rubiales.jpg\",\"keywords\":[\"Feminismo\"],\"articleSection\":[\"Punts clau del dia (ES)\"],\"inLanguage\":\"es\",\"potentialAction\":[{\"@type\":\"CommentAction\",\"name\":\"Comment\",\"target\":[\"https:\/\/conversesacatalunya.cat\/es\/las-claves-juridicas-del-caso-rubiales\/#respond\"]}]},{\"@type\":\"WebPage\",\"@id\":\"https:\/\/conversesacatalunya.cat\/es\/las-claves-juridicas-del-caso-rubiales\/\",\"url\":\"https:\/\/conversesacatalunya.cat\/es\/las-claves-juridicas-del-caso-rubiales\/\",\"name\":\"Las claves jur\u00eddicas del caso Rubiales - Converses a Catalunya\",\"isPartOf\":{\"@id\":\"https:\/\/conversesacatalunya.cat\/#website\"},\"primaryImageOfPage\":{\"@id\":\"https:\/\/conversesacatalunya.cat\/es\/las-claves-juridicas-del-caso-rubiales\/#primaryimage\"},\"image\":{\"@id\":\"https:\/\/conversesacatalunya.cat\/es\/las-claves-juridicas-del-caso-rubiales\/#primaryimage\"},\"thumbnailUrl\":\"https:\/\/conversesacatalunya.cat\/wp-content\/uploads\/2023\/08\/Rubiales.jpg\",\"datePublished\":\"2023-08-29T09:36:39+00:00\",\"dateModified\":\"2023-08-29T10:19:11+00:00\",\"author\":{\"@id\":\"https:\/\/conversesacatalunya.cat\/#\/schema\/person\/311d0bf53def217d5124c78a7bc42275\"},\"description\":\"La cuesti\u00f3n de fondo es si hay delito en el beso en los labios de Rubiales y en la exhibici\u00f3n en el palco toc\u00e1ndose los genitales\",\"breadcrumb\":{\"@id\":\"https:\/\/conversesacatalunya.cat\/es\/las-claves-juridicas-del-caso-rubiales\/#breadcrumb\"},\"inLanguage\":\"es\",\"potentialAction\":[{\"@type\":\"ReadAction\",\"target\":[\"https:\/\/conversesacatalunya.cat\/es\/las-claves-juridicas-del-caso-rubiales\/\"]}]},{\"@type\":\"ImageObject\",\"inLanguage\":\"es\",\"@id\":\"https:\/\/conversesacatalunya.cat\/es\/las-claves-juridicas-del-caso-rubiales\/#primaryimage\",\"url\":\"https:\/\/conversesacatalunya.cat\/wp-content\/uploads\/2023\/08\/Rubiales.jpg\",\"contentUrl\":\"https:\/\/conversesacatalunya.cat\/wp-content\/uploads\/2023\/08\/Rubiales.jpg\",\"width\":790,\"height\":441,\"caption\":\"Rubiales\"},{\"@type\":\"BreadcrumbList\",\"@id\":\"https:\/\/conversesacatalunya.cat\/es\/las-claves-juridicas-del-caso-rubiales\/#breadcrumb\",\"itemListElement\":[{\"@type\":\"ListItem\",\"position\":1,\"name\":\"Inici\",\"item\":\"https:\/\/conversesacatalunya.cat\/es\/\"},{\"@type\":\"ListItem\",\"position\":2,\"name\":\"Las claves jur\u00eddicas del caso Rubiales\"}]},{\"@type\":\"WebSite\",\"@id\":\"https:\/\/conversesacatalunya.cat\/#website\",\"url\":\"https:\/\/conversesacatalunya.cat\/\",\"name\":\"Converses a Catalunya\",\"description\":\"\",\"potentialAction\":[{\"@type\":\"SearchAction\",\"target\":{\"@type\":\"EntryPoint\",\"urlTemplate\":\"https:\/\/conversesacatalunya.cat\/?s={search_term_string}\"},\"query-input\":{\"@type\":\"PropertyValueSpecification\",\"valueRequired\":true,\"valueName\":\"search_term_string\"}}],\"inLanguage\":\"es\"},{\"@type\":\"Person\",\"@id\":\"https:\/\/conversesacatalunya.cat\/#\/schema\/person\/311d0bf53def217d5124c78a7bc42275\",\"name\":\"Joan Masip\",\"image\":{\"@type\":\"ImageObject\",\"inLanguage\":\"es\",\"@id\":\"https:\/\/conversesacatalunya.cat\/#\/schema\/person\/image\/\",\"url\":\"https:\/\/conversesacatalunya.cat\/wp-content\/litespeed\/avatar\/fa67b994763cff7d443f54b63ec96481.jpg?ver=1777372547\",\"contentUrl\":\"https:\/\/conversesacatalunya.cat\/wp-content\/litespeed\/avatar\/fa67b994763cff7d443f54b63ec96481.jpg?ver=1777372547\",\"caption\":\"Joan Masip\"},\"url\":\"https:\/\/conversesacatalunya.cat\/es\/author\/joan-masip\/\"}]}<\/script>\n<!-- \/ Yoast SEO plugin. -->","yoast_head_json":{"title":"Las claves jur\u00eddicas del caso Rubiales - Converses a Catalunya","description":"La cuesti\u00f3n de fondo es si hay delito en el beso en los labios de Rubiales y en la exhibici\u00f3n en el palco toc\u00e1ndose los genitales","robots":{"index":"index","follow":"follow","max-snippet":"max-snippet:-1","max-image-preview":"max-image-preview:large","max-video-preview":"max-video-preview:-1"},"canonical":"https:\/\/conversesacatalunya.cat\/es\/las-claves-juridicas-del-caso-rubiales\/","og_locale":"es_ES","og_type":"article","og_title":"Las claves jur\u00eddicas del caso Rubiales - Converses a Catalunya","og_description":"La cuesti\u00f3n de fondo es si hay delito en el beso en los labios de Rubiales y en la exhibici\u00f3n en el palco toc\u00e1ndose los genitales","og_url":"https:\/\/conversesacatalunya.cat\/es\/las-claves-juridicas-del-caso-rubiales\/","og_site_name":"Converses a Catalunya","article_published_time":"2023-08-29T09:36:39+00:00","article_modified_time":"2023-08-29T10:19:11+00:00","og_image":[{"width":790,"height":441,"url":"https:\/\/conversesacatalunya.cat\/wp-content\/uploads\/2023\/08\/Rubiales.jpg","type":"image\/jpeg"}],"author":"Joan Masip","twitter_card":"summary_large_image","twitter_misc":{"Escrito por":"Joan Masip","Tiempo de lectura":"5 minutos"},"schema":{"@context":"https:\/\/schema.org","@graph":[{"@type":"Article","@id":"https:\/\/conversesacatalunya.cat\/es\/las-claves-juridicas-del-caso-rubiales\/#article","isPartOf":{"@id":"https:\/\/conversesacatalunya.cat\/es\/las-claves-juridicas-del-caso-rubiales\/"},"author":{"name":"Joan Masip","@id":"https:\/\/conversesacatalunya.cat\/#\/schema\/person\/311d0bf53def217d5124c78a7bc42275"},"headline":"Las claves jur\u00eddicas del caso Rubiales","datePublished":"2023-08-29T09:36:39+00:00","dateModified":"2023-08-29T10:19:11+00:00","mainEntityOfPage":{"@id":"https:\/\/conversesacatalunya.cat\/es\/las-claves-juridicas-del-caso-rubiales\/"},"wordCount":1004,"commentCount":0,"image":{"@id":"https:\/\/conversesacatalunya.cat\/es\/las-claves-juridicas-del-caso-rubiales\/#primaryimage"},"thumbnailUrl":"https:\/\/conversesacatalunya.cat\/wp-content\/uploads\/2023\/08\/Rubiales.jpg","keywords":["Feminismo"],"articleSection":["Punts clau del dia (ES)"],"inLanguage":"es","potentialAction":[{"@type":"CommentAction","name":"Comment","target":["https:\/\/conversesacatalunya.cat\/es\/las-claves-juridicas-del-caso-rubiales\/#respond"]}]},{"@type":"WebPage","@id":"https:\/\/conversesacatalunya.cat\/es\/las-claves-juridicas-del-caso-rubiales\/","url":"https:\/\/conversesacatalunya.cat\/es\/las-claves-juridicas-del-caso-rubiales\/","name":"Las claves jur\u00eddicas del caso Rubiales - Converses a Catalunya","isPartOf":{"@id":"https:\/\/conversesacatalunya.cat\/#website"},"primaryImageOfPage":{"@id":"https:\/\/conversesacatalunya.cat\/es\/las-claves-juridicas-del-caso-rubiales\/#primaryimage"},"image":{"@id":"https:\/\/conversesacatalunya.cat\/es\/las-claves-juridicas-del-caso-rubiales\/#primaryimage"},"thumbnailUrl":"https:\/\/conversesacatalunya.cat\/wp-content\/uploads\/2023\/08\/Rubiales.jpg","datePublished":"2023-08-29T09:36:39+00:00","dateModified":"2023-08-29T10:19:11+00:00","author":{"@id":"https:\/\/conversesacatalunya.cat\/#\/schema\/person\/311d0bf53def217d5124c78a7bc42275"},"description":"La cuesti\u00f3n de fondo es si hay delito en el beso en los labios de Rubiales y en la exhibici\u00f3n en el palco toc\u00e1ndose los genitales","breadcrumb":{"@id":"https:\/\/conversesacatalunya.cat\/es\/las-claves-juridicas-del-caso-rubiales\/#breadcrumb"},"inLanguage":"es","potentialAction":[{"@type":"ReadAction","target":["https:\/\/conversesacatalunya.cat\/es\/las-claves-juridicas-del-caso-rubiales\/"]}]},{"@type":"ImageObject","inLanguage":"es","@id":"https:\/\/conversesacatalunya.cat\/es\/las-claves-juridicas-del-caso-rubiales\/#primaryimage","url":"https:\/\/conversesacatalunya.cat\/wp-content\/uploads\/2023\/08\/Rubiales.jpg","contentUrl":"https:\/\/conversesacatalunya.cat\/wp-content\/uploads\/2023\/08\/Rubiales.jpg","width":790,"height":441,"caption":"Rubiales"},{"@type":"BreadcrumbList","@id":"https:\/\/conversesacatalunya.cat\/es\/las-claves-juridicas-del-caso-rubiales\/#breadcrumb","itemListElement":[{"@type":"ListItem","position":1,"name":"Inici","item":"https:\/\/conversesacatalunya.cat\/es\/"},{"@type":"ListItem","position":2,"name":"Las claves jur\u00eddicas del caso Rubiales"}]},{"@type":"WebSite","@id":"https:\/\/conversesacatalunya.cat\/#website","url":"https:\/\/conversesacatalunya.cat\/","name":"Converses a Catalunya","description":"","potentialAction":[{"@type":"SearchAction","target":{"@type":"EntryPoint","urlTemplate":"https:\/\/conversesacatalunya.cat\/?s={search_term_string}"},"query-input":{"@type":"PropertyValueSpecification","valueRequired":true,"valueName":"search_term_string"}}],"inLanguage":"es"},{"@type":"Person","@id":"https:\/\/conversesacatalunya.cat\/#\/schema\/person\/311d0bf53def217d5124c78a7bc42275","name":"Joan Masip","image":{"@type":"ImageObject","inLanguage":"es","@id":"https:\/\/conversesacatalunya.cat\/#\/schema\/person\/image\/","url":"https:\/\/conversesacatalunya.cat\/wp-content\/litespeed\/avatar\/fa67b994763cff7d443f54b63ec96481.jpg?ver=1777372547","contentUrl":"https:\/\/conversesacatalunya.cat\/wp-content\/litespeed\/avatar\/fa67b994763cff7d443f54b63ec96481.jpg?ver=1777372547","caption":"Joan Masip"},"url":"https:\/\/conversesacatalunya.cat\/es\/author\/joan-masip\/"}]}},"wps_subtitle":"La cuesti\u00f3n de fondo es si hay delito en el beso en los labios de Rubiales y en la exhibici\u00f3n en el palco toc\u00e1ndose los genitales","_links":{"self":[{"href":"https:\/\/conversesacatalunya.cat\/es\/wp-json\/wp\/v2\/posts\/70179","targetHints":{"allow":["GET"]}}],"collection":[{"href":"https:\/\/conversesacatalunya.cat\/es\/wp-json\/wp\/v2\/posts"}],"about":[{"href":"https:\/\/conversesacatalunya.cat\/es\/wp-json\/wp\/v2\/types\/post"}],"author":[{"embeddable":true,"href":"https:\/\/conversesacatalunya.cat\/es\/wp-json\/wp\/v2\/users\/78"}],"replies":[{"embeddable":true,"href":"https:\/\/conversesacatalunya.cat\/es\/wp-json\/wp\/v2\/comments?post=70179"}],"version-history":[{"count":2,"href":"https:\/\/conversesacatalunya.cat\/es\/wp-json\/wp\/v2\/posts\/70179\/revisions"}],"predecessor-version":[{"id":70181,"href":"https:\/\/conversesacatalunya.cat\/es\/wp-json\/wp\/v2\/posts\/70179\/revisions\/70181"}],"wp:featuredmedia":[{"embeddable":true,"href":"https:\/\/conversesacatalunya.cat\/es\/wp-json\/wp\/v2\/media\/70170"}],"wp:attachment":[{"href":"https:\/\/conversesacatalunya.cat\/es\/wp-json\/wp\/v2\/media?parent=70179"}],"wp:term":[{"taxonomy":"category","embeddable":true,"href":"https:\/\/conversesacatalunya.cat\/es\/wp-json\/wp\/v2\/categories?post=70179"},{"taxonomy":"post_tag","embeddable":true,"href":"https:\/\/conversesacatalunya.cat\/es\/wp-json\/wp\/v2\/tags?post=70179"}],"curies":[{"name":"wp","href":"https:\/\/api.w.org\/{rel}","templated":true}]}}