{"id":70152,"date":"2023-08-28T11:54:48","date_gmt":"2023-08-28T09:54:48","guid":{"rendered":"https:\/\/conversesacatalunya.cat\/per-que-el-pp-te-tan-poques-possibilitats-de-governar-a-espanya\/"},"modified":"2023-08-29T08:31:38","modified_gmt":"2023-08-29T06:31:38","slug":"por-que-el-pp-tiene-tan-pocas-posibilidades-de-gobernar-en-espana","status":"publish","type":"post","link":"https:\/\/conversesacatalunya.cat\/es\/por-que-el-pp-tiene-tan-pocas-posibilidades-de-gobernar-en-espana\/","title":{"rendered":"Por qu\u00e9 el PP tiene tan pocas posibilidades de gobernar en Espa\u00f1a"},"content":{"rendered":"<p>Si observamos el per\u00edodo democr\u00e1tico que va <strong>desde las elecciones de 1977<\/strong> hasta ahora, constataremos que Espa\u00f1a ha sido b\u00e1sicamente gobernada por el PSOE. Sobre todo debido al largo per\u00edodo de Felipe Gonz\u00e1lez, pr\u00e1cticamente 14 a\u00f1os, a los que hay que a\u00f1adir los casi 8 a\u00f1os de Rodr\u00edguez Zapatero y la cuenta que ha iniciado S\u00e1nchez desde 2018.<\/p>\n<p>En contrapartida, el PP ha gobernado a\u00fan no 15 a\u00f1os entre Rajoy y Aznar.<\/p>\n<p>Despu\u00e9s habr\u00eda que a\u00f1adir <strong>el per\u00edodo de la UCD<\/strong>, que fueron tambi\u00e9n pr\u00e1cticamente 6 a\u00f1os, pero que no son muy asimilables por muchas razones, a lo que pueden significar los populares. Si intentamos se\u00f1alar los elementos m\u00e1s importantes de este per\u00edodo, tambi\u00e9n encontraremos sobre todo la impronta socialista de Felipe Gonz\u00e1lez que de hecho situ\u00f3 el estado del bienestar y el papel de Espa\u00f1a en la UE, y naturalmente Su\u00e1rez como hombre que hizo posible algo tan dif\u00edcil como es la transici\u00f3n de un sistema no democr\u00e1tico a un estado de derecho.<\/p>\n<p><strong>Aznar lleg\u00f3 al gobierno por el pacto hist\u00f3rico con CiU,<\/strong> cuando \u00e9sta se inclin\u00f3 por apoyar la lista m\u00e1s votada en Espa\u00f1a, y Aznar hizo grandes concesiones como nunca se han reproducido antes y despu\u00e9s: desde la supresi\u00f3n de los gobernadores civiles, al traspaso de la polic\u00eda auton\u00f3mica o al dise\u00f1o de un nuevo sistema de financiaci\u00f3n que con modificaciones se ha prolongado hasta la actualidad y que supuso un cambio radical favorable pero insuficiente para las finanzas p\u00fablicas de Catalunya. Tambi\u00e9n por iniciativa de CiU se puso fin al servicio militar obligatorio.<\/p>\n<p>El resultado de todo aquello fue muy bueno para los populares, que en la siguiente legislatura consiguieron la\u00a0<strong>mayor\u00eda absoluta<\/strong>.\u00a0Este hecho demostr\u00f3 que el PP pod\u00eda gobernar con una fuerza esencialmente catalana y adem\u00e1s mejorar su posicionamiento pol\u00edtico en Espa\u00f1a.\u00a0Pero esa experiencia no ha servido de nada.\u00a0Porque a partir de la mayor\u00eda absoluta de Aznar, el PP se ha caracterizado por basar buena parte de la pol\u00edtica espa\u00f1ola en su rechazo a lo que constituye el meollo de Catalunya, el <strong>catalanismo<\/strong> <strong>pol\u00edtico<\/strong>.<\/p>\n<p>Lo hace incurriendo con gran contradicci\u00f3n.\u00a0Rechaza esta interpretaci\u00f3n pol\u00edtica catalana que tiene profundas implicaciones en el \u00e1mbito\u00a0<strong>ling\u00fc\u00edstico, cultural y jur\u00eddico,<\/strong>\u00a0que en modo alguno constituyen, por el contrario, problemas para la Espa\u00f1a global, pero a la vez asumen sin un menor esp\u00edritu cr\u00edtico el cupo vasco, que es arbitrario y profundamente injusto en relaci\u00f3n con el conjunto espa\u00f1ol, porque hace que la segunda comunidad con mayor renta sea perceptora neta de recursos por parte del estado. Ante este hecho el PP no tiene nada que decir;\u00a0sobre el catal\u00e1n o el Estatuto de Autonom\u00eda ha demostrado que estaba abiertamente en contra.\u00a0Ahora mismo, resucitan la falacia de la lengua valenciana atentando contra los criterios de la propia academia de la lengua de ese pa\u00eds.<\/p>\n<p>El resultado de todo ello es que\u00a0<strong>los socialistas logran gobernar en Espa\u00f1a por el diferencial de esca\u00f1os que obtienen en relaci\u00f3n con el PP en Catalunya<\/strong>.\u00a0Hasta hace unos a\u00f1os este granero de votos tambi\u00e9n exist\u00eda en Andaluc\u00eda, pero nunca con la fuerza en cuanto a la diferencia de esca\u00f1os que tiene en Catalunya, y que en estas \u00faltimas ocasiones ha sido arrolladora.\u00a0<strong>S\u00e1nchez puede aspirar a revalidar el gobierno estrictamente por este hecho<\/strong>.<\/p>\n<p>Pese a esta evidencia el PP continua sin aprender la lecci\u00f3n.\u00a0Hay como una tendencia innata de rechazo a la catalanidad, de temor a que \u00e9sta se transforme en independencia, cuando lo que logran es todo lo contrario.<\/p>\n<p>No es exclusivo del PP.\u00a0UCD, pese a su apertura mucho m\u00e1s importante que la actual derecha espa\u00f1ola, tambi\u00e9n incurri\u00f3 en el mismo problema.<\/p>\n<p><span class=\"VIpgJd-yAWNEb-VIpgJd-fmcmS-sn54Q\">Cabe recordar que las primeras elecciones, las de 1977, el partido del gobierno de <strong>Su\u00e1rez<\/strong> qued\u00f3 tercero en Catalu\u00f1a con 9 esca\u00f1os, mientras que los socialistas alcanzaban 15 y el que entonces se llam\u00f3 el Pacto Democr\u00e1tico por Catalu\u00f1a, que pivotaba en torno a CiU, sac\u00f3 11. Por su parte, Uni\u00f3 Democr\u00e0tica alcanz\u00f3 2 esca\u00f1os. <\/span><\/p>\n<p><strong>La UCD quiso pactar con Uni\u00f3 Democr\u00e0tica<\/strong> pese a las dificultades. Si el acuerdo se hubiera producido, el resultado electoral habr\u00eda sido muy distinto y el partido de Su\u00e1rez habr\u00eda quedado segundo a una distancia de 3 o 4 esca\u00f1os de los socialistas. Sin embargo, a la hora de la verdad no se llegaron a poner de acuerdo en las listas electorales y concretamente en torno a un nombre: el de Manuel Jim\u00e9nez de Parga, que la UCD quer\u00eda que figurase en la lista y Uni\u00f3 Democr\u00e0tica consideraba que era incompatible con la bandera del catalanismo pol\u00edtico.<\/p>\n<p>Sea como fuere, este hecho apunta a una dificultad estructural que se ha reproducido en otras ocasiones.\u00a0Siempre el no entendimiento con Catalunya ha significado una p\u00e9rdida grande para la derecha espa\u00f1ola. Y a la inversa, cuando el entendimiento se ha producido, caso del per\u00edodo de Piqu\u00e9 como l\u00edder del PP en Catalunya, los resultados han sido buenos.<\/p>\n<p>Con el actual planteamiento acentuado por la presencia de Vox,\u00a0<strong>este diferencial de esca\u00f1os no disminuir\u00e1<\/strong> y el PP en Catalu\u00f1a se mantendr\u00e1, como lo que es, un peque\u00f1o reducto de personas que mayoritariamente rechazan todo lo que tenga que ver con la catalanidad, situ\u00e1ndose, por tanto, fuera del eje central del pa\u00eds.<\/p>\n<p>Es evidente que con esa cultura pol\u00edtica y esa falta de inteligencia electoral, <strong><a href=\"https:\/\/conversesacatalunya.cat\/es\/triunfo-de-sanchez-fin-independentismo\/\" target=\"_blank\" rel=\"noopener\">S\u00e1nchez<\/a><\/strong>, salvo que tropiece con las piedras de sus propios errores y las contradicciones de su heterog\u00e9nea coalici\u00f3n, tiene un horizonte muy abierto por delante.<\/p>\n<span class='bctt-click-to-tweet'><span class='bctt-ctt-text'><a href='https:\/\/twitter.com\/intent\/tweet?url=https%3A%2F%2Fconversesacatalunya.cat%2Fes%2Fpor-que-el-pp-tiene-tan-pocas-posibilidades-de-gobernar-en-espana%2F&#038;text=Siempre%20el%20no%20entendimiento%20con%20Catalunya%20ha%20significado%20una%20p%C3%A9rdida%20grande%20para%20la%20derecha%20espa%C3%B1ola&#038;via=conversesacat&#038;related=conversesacat' target='_blank'rel=\"noopener noreferrer\">Siempre el no entendimiento con Catalunya ha significado una p\u00e9rdida grande para la derecha espa\u00f1ola <\/a><\/span><a href='https:\/\/twitter.com\/intent\/tweet?url=https%3A%2F%2Fconversesacatalunya.cat%2Fes%2Fpor-que-el-pp-tiene-tan-pocas-posibilidades-de-gobernar-en-espana%2F&#038;text=Siempre%20el%20no%20entendimiento%20con%20Catalunya%20ha%20significado%20una%20p%C3%A9rdida%20grande%20para%20la%20derecha%20espa%C3%B1ola&#038;via=conversesacat&#038;related=conversesacat' target='_blank' class='bctt-ctt-btn'rel=\"noopener noreferrer\">Compartir en X<\/a><\/span>\n<div id=\"polls-207\" class=\"wp-polls\">\n\t<form id=\"polls_form_207\" class=\"wp-polls-form\" action=\"\/index.php\" method=\"post\">\n\t\t<p style=\"display: none;\"><input type=\"hidden\" id=\"poll_207_nonce\" name=\"wp-polls-nonce\" value=\"4919d21258\" \/><\/p>\n\t\t<p style=\"display: none;\"><input type=\"hidden\" name=\"poll_id\" value=\"207\" \/><\/p>\n\t\t<p style=\"text-align: center\"><strong>Despr\u00e9s del seu vot a la Mesa del Congr\u00e9s, s'atrevir\u00e0 Junts a fer inviable la presid\u00e8ncia de S\u00e1nchez?<\/strong><\/p><div id=\"polls-207-ans\" class=\"wp-polls-ans\"><ul class=\"wp-polls-ul\">\n\t\t<li><input type=\"radio\" id=\"poll-answer-575\" name=\"poll_207\" value=\"575\" \/> <label for=\"poll-answer-575\">S\u00ed<\/label><\/li>\n\t\t<li><input type=\"radio\" id=\"poll-answer-576\" name=\"poll_207\" value=\"576\" \/> <label for=\"poll-answer-576\">No<\/label><\/li>\n\t\t<li><input type=\"radio\" id=\"poll-answer-577\" name=\"poll_207\" value=\"577\" \/> <label for=\"poll-answer-577\">No ho s\u00e9<\/label><\/li>\n\t\t<\/ul><p style=\"text-align: center\"><input type=\"button\" name=\"vote\" value=\"   Vota   \" class=\"Buttons\" onclick=\"poll_vote(207);\" \/><\/p><p style=\"text-align: center\"><a href=\"#ViewPollResults\" onclick=\"poll_result(207); return false;\" title=\"View Results Of This Poll\">Mira els resultats<\/a><\/p><\/div>\n\t<\/form>\n<\/div>\n<div id=\"polls-207-loading\" class=\"wp-polls-loading\"><img decoding=\"async\" data-src=\"https:\/\/conversesacatalunya.cat\/wp-content\/plugins\/wp-polls\/images\/loading.gif\" width=\"16\" height=\"16\" alt=\"Cargando ...\" title=\"Cargando ...\" class=\"wp-polls-image lazyload\" src=\"data:image\/svg+xml;base64,PHN2ZyB3aWR0aD0iMSIgaGVpZ2h0PSIxIiB4bWxucz0iaHR0cDovL3d3dy53My5vcmcvMjAwMC9zdmciPjwvc3ZnPg==\" style=\"--smush-placeholder-width: 16px; --smush-placeholder-aspect-ratio: 16\/16;\" \/>&nbsp;Cargando ...<\/div>\n\n","protected":false},"excerpt":{"rendered":"<p>Si observamos el per\u00edodo democr\u00e1tico que va desde las elecciones de 1977 hasta ahora, constataremos que Espa\u00f1a ha sido b\u00e1sicamente gobernada por el PSOE. Sobre todo debido al largo per\u00edodo de Felipe Gonz\u00e1lez, pr\u00e1cticamente 14 a\u00f1os, a los que hay que a\u00f1adir los casi 8 a\u00f1os de Rodr\u00edguez Zapatero y la cuenta que ha iniciado S\u00e1nchez desde 2018. En contrapartida, el PP ha gobernado a\u00fan no 15 a\u00f1os entre Rajoy y Aznar. Despu\u00e9s habr\u00eda que a\u00f1adir el per\u00edodo de la UCD, que fueron tambi\u00e9n pr\u00e1cticamente 6 a\u00f1os, pero que no son muy asimilables por muchas razones, a lo que pueden significar los populares. Si intentamos se\u00f1alar los elementos m\u00e1s importantes de este per\u00edodo, tambi\u00e9n encontraremos sobre todo la impronta socialista de Felipe Gonz\u00e1lez que de hecho situ\u00f3 el estado del bienestar y el papel de Espa\u00f1a en la UE, y naturalmente Su\u00e1rez como hombre que hizo posible algo tan dif\u00edcil como es la transici\u00f3n de un sistema no democr\u00e1tico a un estado de derecho. Aznar lleg\u00f3 al gobierno por el pacto hist\u00f3rico con CiU, cuando \u00e9sta se inclin\u00f3 por apoyar la lista m\u00e1s votada en Espa\u00f1a, y Aznar hizo grandes concesiones como nunca se han reproducido antes y despu\u00e9s: desde la supresi\u00f3n de los gobernadores civiles, al traspaso de la polic\u00eda auton\u00f3mica o al dise\u00f1o de un nuevo sistema de financiaci\u00f3n que con modificaciones se ha prolongado hasta la actualidad y que supuso un cambio radical favorable pero insuficiente para las finanzas p\u00fablicas de Catalunya. Tambi\u00e9n por iniciativa de CiU se puso fin al servicio militar obligatorio. El resultado de todo aquello fue muy bueno para los populares, que en la siguiente legislatura consiguieron la\u00a0mayor\u00eda absoluta.\u00a0Este hecho demostr\u00f3 que el PP pod\u00eda gobernar con una fuerza esencialmente catalana y adem\u00e1s mejorar su posicionamiento pol\u00edtico en Espa\u00f1a.\u00a0Pero esa experiencia no ha servido de nada.\u00a0Porque a partir de la mayor\u00eda absoluta de Aznar, el PP se ha caracterizado por basar buena parte de la pol\u00edtica espa\u00f1ola en su rechazo a lo que constituye el meollo de Catalunya, el catalanismo pol\u00edtico. Lo hace incurriendo con gran contradicci\u00f3n.\u00a0Rechaza esta interpretaci\u00f3n pol\u00edtica catalana que tiene profundas implicaciones en el \u00e1mbito\u00a0ling\u00fc\u00edstico, cultural y jur\u00eddico,\u00a0que en modo alguno constituyen, por el contrario, problemas para la Espa\u00f1a global, pero a la vez asumen sin un menor esp\u00edritu cr\u00edtico el cupo vasco, que es arbitrario y profundamente injusto en relaci\u00f3n con el conjunto espa\u00f1ol, porque hace que la segunda comunidad con mayor renta sea perceptora neta de recursos por parte del estado. Ante este hecho el PP no tiene nada que decir;\u00a0sobre el catal\u00e1n o el Estatuto de Autonom\u00eda ha demostrado que estaba abiertamente en contra.\u00a0Ahora mismo, resucitan la falacia de la lengua valenciana atentando contra los criterios de la propia academia de la lengua de ese pa\u00eds. El resultado de todo ello es que\u00a0los socialistas logran gobernar en Espa\u00f1a por el diferencial de esca\u00f1os que obtienen en relaci\u00f3n con el PP en Catalunya.\u00a0Hasta hace unos a\u00f1os este granero de votos tambi\u00e9n exist\u00eda en Andaluc\u00eda, pero nunca con la fuerza en cuanto a la diferencia de esca\u00f1os que tiene en Catalunya, y que en estas \u00faltimas ocasiones ha sido arrolladora.\u00a0S\u00e1nchez puede aspirar a revalidar el gobierno estrictamente por este hecho. Pese a esta evidencia el PP continua sin aprender la lecci\u00f3n.\u00a0Hay como una tendencia innata de rechazo a la catalanidad, de temor a que \u00e9sta se transforme en independencia, cuando lo que logran es todo lo contrario. No es exclusivo del PP.\u00a0UCD, pese a su apertura mucho m\u00e1s importante que la actual derecha espa\u00f1ola, tambi\u00e9n incurri\u00f3 en el mismo problema. Cabe recordar que las primeras elecciones, las de 1977, el partido del gobierno de Su\u00e1rez qued\u00f3 tercero en Catalu\u00f1a con 9 esca\u00f1os, mientras que los socialistas alcanzaban 15 y el que entonces se llam\u00f3 el Pacto Democr\u00e1tico por Catalu\u00f1a, que pivotaba en torno a CiU, sac\u00f3 11. Por su parte, Uni\u00f3 Democr\u00e0tica alcanz\u00f3 2 esca\u00f1os. La UCD quiso pactar con Uni\u00f3 Democr\u00e0tica pese a las dificultades. Si el acuerdo se hubiera producido, el resultado electoral habr\u00eda sido muy distinto y el partido de Su\u00e1rez habr\u00eda quedado segundo a una distancia de 3 o 4 esca\u00f1os de los socialistas. Sin embargo, a la hora de la verdad no se llegaron a poner de acuerdo en las listas electorales y concretamente en torno a un nombre: el de Manuel Jim\u00e9nez de Parga, que la UCD quer\u00eda que figurase en la lista y Uni\u00f3 Democr\u00e0tica consideraba que era incompatible con la bandera del catalanismo pol\u00edtico. Sea como fuere, este hecho apunta a una dificultad estructural que se ha reproducido en otras ocasiones.\u00a0Siempre el no entendimiento con Catalunya ha significado una p\u00e9rdida grande para la derecha espa\u00f1ola. Y a la inversa, cuando el entendimiento se ha producido, caso del per\u00edodo de Piqu\u00e9 como l\u00edder del PP en Catalunya, los resultados han sido buenos. Con el actual planteamiento acentuado por la presencia de Vox,\u00a0este diferencial de esca\u00f1os no disminuir\u00e1 y el PP en Catalu\u00f1a se mantendr\u00e1, como lo que es, un peque\u00f1o reducto de personas que mayoritariamente rechazan todo lo que tenga que ver con la catalanidad, situ\u00e1ndose, por tanto, fuera del eje central del pa\u00eds. Es evidente que con esa cultura pol\u00edtica y esa falta de inteligencia electoral, S\u00e1nchez, salvo que tropiece con las piedras de sus propios errores y las contradicciones de su heterog\u00e9nea coalici\u00f3n, tiene un horizonte muy abierto por delante.<\/p>\n","protected":false},"author":2,"featured_media":70148,"comment_status":"open","ping_status":"open","sticky":false,"template":"","format":"standard","meta":{"_FSMCFIC_featured_image_caption":"","_FSMCFIC_featured_image_nocaption":"","_FSMCFIC_featured_image_hide":"","footnotes":""},"categories":[806],"tags":[4911,4910,1359,3573],"class_list":["post-70152","post","type-post","status-publish","format-standard","has-post-thumbnail","hentry","category-punts-claus-del-dia-es","tag-elecciones-generales-2023","tag-eleccions-generals-2023-es","tag-pp-es","tag-pp-es-3"],"yoast_head":"<!-- This site is optimized with the Yoast SEO plugin v26.8 - https:\/\/yoast.com\/product\/yoast-seo-wordpress\/ -->\n<title>Por qu\u00e9 el PP tiene tan pocas posibilidades de gobernar en Espa\u00f1a<\/title>\n<meta name=\"description\" content=\"Hay como una tendencia innata de rechazo a la catalanidad, de temor a que \u00e9sta se transforme en independencia\" \/>\n<meta name=\"robots\" content=\"index, follow, max-snippet:-1, max-image-preview:large, max-video-preview:-1\" \/>\n<link rel=\"canonical\" href=\"https:\/\/conversesacatalunya.cat\/es\/por-que-el-pp-tiene-tan-pocas-posibilidades-de-gobernar-en-espana\/\" \/>\n<meta property=\"og:locale\" content=\"es_ES\" \/>\n<meta property=\"og:type\" content=\"article\" \/>\n<meta property=\"og:title\" content=\"Por qu\u00e9 el PP tiene tan pocas posibilidades de gobernar en Espa\u00f1a\" \/>\n<meta property=\"og:description\" content=\"Hay como una tendencia innata de rechazo a la catalanidad, de temor a que \u00e9sta se transforme en independencia\" \/>\n<meta property=\"og:url\" content=\"https:\/\/conversesacatalunya.cat\/es\/por-que-el-pp-tiene-tan-pocas-posibilidades-de-gobernar-en-espana\/\" \/>\n<meta property=\"og:site_name\" content=\"Converses a Catalunya\" \/>\n<meta property=\"article:published_time\" content=\"2023-08-28T09:54:48+00:00\" \/>\n<meta property=\"article:modified_time\" content=\"2023-08-29T06:31:38+00:00\" \/>\n<meta property=\"og:image\" content=\"https:\/\/conversesacatalunya.cat\/wp-content\/uploads\/2023\/08\/FEIJOO2-scaled.jpg\" \/>\n\t<meta property=\"og:image:width\" content=\"2560\" \/>\n\t<meta property=\"og:image:height\" content=\"1707\" \/>\n\t<meta property=\"og:image:type\" content=\"image\/jpeg\" \/>\n<meta name=\"author\" content=\"conversesacatalunya\" \/>\n<meta name=\"twitter:card\" content=\"summary_large_image\" \/>\n<meta name=\"twitter:label1\" content=\"Escrito por\" \/>\n\t<meta name=\"twitter:data1\" content=\"conversesacatalunya\" \/>\n\t<meta name=\"twitter:label2\" content=\"Tiempo de lectura\" \/>\n\t<meta name=\"twitter:data2\" content=\"5 minutos\" \/>\n<script type=\"application\/ld+json\" class=\"yoast-schema-graph\">{\"@context\":\"https:\/\/schema.org\",\"@graph\":[{\"@type\":\"Article\",\"@id\":\"https:\/\/conversesacatalunya.cat\/es\/por-que-el-pp-tiene-tan-pocas-posibilidades-de-gobernar-en-espana\/#article\",\"isPartOf\":{\"@id\":\"https:\/\/conversesacatalunya.cat\/es\/por-que-el-pp-tiene-tan-pocas-posibilidades-de-gobernar-en-espana\/\"},\"author\":{\"name\":\"conversesacatalunya\",\"@id\":\"https:\/\/conversesacatalunya.cat\/#\/schema\/person\/7e24d1e54a2785373ddcb275eae5ed99\"},\"headline\":\"Por qu\u00e9 el PP tiene tan pocas posibilidades de gobernar en Espa\u00f1a\",\"datePublished\":\"2023-08-28T09:54:48+00:00\",\"dateModified\":\"2023-08-29T06:31:38+00:00\",\"mainEntityOfPage\":{\"@id\":\"https:\/\/conversesacatalunya.cat\/es\/por-que-el-pp-tiene-tan-pocas-posibilidades-de-gobernar-en-espana\/\"},\"wordCount\":1035,\"commentCount\":0,\"image\":{\"@id\":\"https:\/\/conversesacatalunya.cat\/es\/por-que-el-pp-tiene-tan-pocas-posibilidades-de-gobernar-en-espana\/#primaryimage\"},\"thumbnailUrl\":\"https:\/\/conversesacatalunya.cat\/wp-content\/uploads\/2023\/08\/FEIJOO2-scaled.jpg\",\"keywords\":[\"elecciones generales 2023\",\"eleccions generals 2023\",\"PP\",\"PP\"],\"articleSection\":[\"Punts clau del dia (ES)\"],\"inLanguage\":\"es\",\"potentialAction\":[{\"@type\":\"CommentAction\",\"name\":\"Comment\",\"target\":[\"https:\/\/conversesacatalunya.cat\/es\/por-que-el-pp-tiene-tan-pocas-posibilidades-de-gobernar-en-espana\/#respond\"]}]},{\"@type\":\"WebPage\",\"@id\":\"https:\/\/conversesacatalunya.cat\/es\/por-que-el-pp-tiene-tan-pocas-posibilidades-de-gobernar-en-espana\/\",\"url\":\"https:\/\/conversesacatalunya.cat\/es\/por-que-el-pp-tiene-tan-pocas-posibilidades-de-gobernar-en-espana\/\",\"name\":\"Por qu\u00e9 el PP tiene tan pocas posibilidades de gobernar en Espa\u00f1a\",\"isPartOf\":{\"@id\":\"https:\/\/conversesacatalunya.cat\/#website\"},\"primaryImageOfPage\":{\"@id\":\"https:\/\/conversesacatalunya.cat\/es\/por-que-el-pp-tiene-tan-pocas-posibilidades-de-gobernar-en-espana\/#primaryimage\"},\"image\":{\"@id\":\"https:\/\/conversesacatalunya.cat\/es\/por-que-el-pp-tiene-tan-pocas-posibilidades-de-gobernar-en-espana\/#primaryimage\"},\"thumbnailUrl\":\"https:\/\/conversesacatalunya.cat\/wp-content\/uploads\/2023\/08\/FEIJOO2-scaled.jpg\",\"datePublished\":\"2023-08-28T09:54:48+00:00\",\"dateModified\":\"2023-08-29T06:31:38+00:00\",\"author\":{\"@id\":\"https:\/\/conversesacatalunya.cat\/#\/schema\/person\/7e24d1e54a2785373ddcb275eae5ed99\"},\"description\":\"Hay como una tendencia innata de rechazo a la catalanidad, de temor a que \u00e9sta se transforme en independencia\",\"breadcrumb\":{\"@id\":\"https:\/\/conversesacatalunya.cat\/es\/por-que-el-pp-tiene-tan-pocas-posibilidades-de-gobernar-en-espana\/#breadcrumb\"},\"inLanguage\":\"es\",\"potentialAction\":[{\"@type\":\"ReadAction\",\"target\":[\"https:\/\/conversesacatalunya.cat\/es\/por-que-el-pp-tiene-tan-pocas-posibilidades-de-gobernar-en-espana\/\"]}]},{\"@type\":\"ImageObject\",\"inLanguage\":\"es\",\"@id\":\"https:\/\/conversesacatalunya.cat\/es\/por-que-el-pp-tiene-tan-pocas-posibilidades-de-gobernar-en-espana\/#primaryimage\",\"url\":\"https:\/\/conversesacatalunya.cat\/wp-content\/uploads\/2023\/08\/FEIJOO2-scaled.jpg\",\"contentUrl\":\"https:\/\/conversesacatalunya.cat\/wp-content\/uploads\/2023\/08\/FEIJOO2-scaled.jpg\",\"width\":2560,\"height\":1707,\"caption\":\"gobernar PP. Foto Feij\u00f3o\"},{\"@type\":\"BreadcrumbList\",\"@id\":\"https:\/\/conversesacatalunya.cat\/es\/por-que-el-pp-tiene-tan-pocas-posibilidades-de-gobernar-en-espana\/#breadcrumb\",\"itemListElement\":[{\"@type\":\"ListItem\",\"position\":1,\"name\":\"Inici\",\"item\":\"https:\/\/conversesacatalunya.cat\/es\/\"},{\"@type\":\"ListItem\",\"position\":2,\"name\":\"Por qu\u00e9 el PP tiene tan pocas posibilidades de gobernar en Espa\u00f1a\"}]},{\"@type\":\"WebSite\",\"@id\":\"https:\/\/conversesacatalunya.cat\/#website\",\"url\":\"https:\/\/conversesacatalunya.cat\/\",\"name\":\"Converses a Catalunya\",\"description\":\"\",\"potentialAction\":[{\"@type\":\"SearchAction\",\"target\":{\"@type\":\"EntryPoint\",\"urlTemplate\":\"https:\/\/conversesacatalunya.cat\/?s={search_term_string}\"},\"query-input\":{\"@type\":\"PropertyValueSpecification\",\"valueRequired\":true,\"valueName\":\"search_term_string\"}}],\"inLanguage\":\"es\"},{\"@type\":\"Person\",\"@id\":\"https:\/\/conversesacatalunya.cat\/#\/schema\/person\/7e24d1e54a2785373ddcb275eae5ed99\",\"name\":\"conversesacatalunya\",\"image\":{\"@type\":\"ImageObject\",\"inLanguage\":\"es\",\"@id\":\"https:\/\/conversesacatalunya.cat\/#\/schema\/person\/image\/\",\"url\":\"https:\/\/conversesacatalunya.cat\/wp-content\/litespeed\/avatar\/febdfeeec89d950f01c748045a981dd2.jpg?ver=1777314535\",\"contentUrl\":\"https:\/\/conversesacatalunya.cat\/wp-content\/litespeed\/avatar\/febdfeeec89d950f01c748045a981dd2.jpg?ver=1777314535\",\"caption\":\"conversesacatalunya\"},\"url\":\"https:\/\/conversesacatalunya.cat\/es\/author\/carme_catala\/\"}]}<\/script>\n<!-- \/ Yoast SEO plugin. -->","yoast_head_json":{"title":"Por qu\u00e9 el PP tiene tan pocas posibilidades de gobernar en Espa\u00f1a","description":"Hay como una tendencia innata de rechazo a la catalanidad, de temor a que \u00e9sta se transforme en independencia","robots":{"index":"index","follow":"follow","max-snippet":"max-snippet:-1","max-image-preview":"max-image-preview:large","max-video-preview":"max-video-preview:-1"},"canonical":"https:\/\/conversesacatalunya.cat\/es\/por-que-el-pp-tiene-tan-pocas-posibilidades-de-gobernar-en-espana\/","og_locale":"es_ES","og_type":"article","og_title":"Por qu\u00e9 el PP tiene tan pocas posibilidades de gobernar en Espa\u00f1a","og_description":"Hay como una tendencia innata de rechazo a la catalanidad, de temor a que \u00e9sta se transforme en independencia","og_url":"https:\/\/conversesacatalunya.cat\/es\/por-que-el-pp-tiene-tan-pocas-posibilidades-de-gobernar-en-espana\/","og_site_name":"Converses a Catalunya","article_published_time":"2023-08-28T09:54:48+00:00","article_modified_time":"2023-08-29T06:31:38+00:00","og_image":[{"width":2560,"height":1707,"url":"https:\/\/conversesacatalunya.cat\/wp-content\/uploads\/2023\/08\/FEIJOO2-scaled.jpg","type":"image\/jpeg"}],"author":"conversesacatalunya","twitter_card":"summary_large_image","twitter_misc":{"Escrito por":"conversesacatalunya","Tiempo de lectura":"5 minutos"},"schema":{"@context":"https:\/\/schema.org","@graph":[{"@type":"Article","@id":"https:\/\/conversesacatalunya.cat\/es\/por-que-el-pp-tiene-tan-pocas-posibilidades-de-gobernar-en-espana\/#article","isPartOf":{"@id":"https:\/\/conversesacatalunya.cat\/es\/por-que-el-pp-tiene-tan-pocas-posibilidades-de-gobernar-en-espana\/"},"author":{"name":"conversesacatalunya","@id":"https:\/\/conversesacatalunya.cat\/#\/schema\/person\/7e24d1e54a2785373ddcb275eae5ed99"},"headline":"Por qu\u00e9 el PP tiene tan pocas posibilidades de gobernar en Espa\u00f1a","datePublished":"2023-08-28T09:54:48+00:00","dateModified":"2023-08-29T06:31:38+00:00","mainEntityOfPage":{"@id":"https:\/\/conversesacatalunya.cat\/es\/por-que-el-pp-tiene-tan-pocas-posibilidades-de-gobernar-en-espana\/"},"wordCount":1035,"commentCount":0,"image":{"@id":"https:\/\/conversesacatalunya.cat\/es\/por-que-el-pp-tiene-tan-pocas-posibilidades-de-gobernar-en-espana\/#primaryimage"},"thumbnailUrl":"https:\/\/conversesacatalunya.cat\/wp-content\/uploads\/2023\/08\/FEIJOO2-scaled.jpg","keywords":["elecciones generales 2023","eleccions generals 2023","PP","PP"],"articleSection":["Punts clau del dia (ES)"],"inLanguage":"es","potentialAction":[{"@type":"CommentAction","name":"Comment","target":["https:\/\/conversesacatalunya.cat\/es\/por-que-el-pp-tiene-tan-pocas-posibilidades-de-gobernar-en-espana\/#respond"]}]},{"@type":"WebPage","@id":"https:\/\/conversesacatalunya.cat\/es\/por-que-el-pp-tiene-tan-pocas-posibilidades-de-gobernar-en-espana\/","url":"https:\/\/conversesacatalunya.cat\/es\/por-que-el-pp-tiene-tan-pocas-posibilidades-de-gobernar-en-espana\/","name":"Por qu\u00e9 el PP tiene tan pocas posibilidades de gobernar en Espa\u00f1a","isPartOf":{"@id":"https:\/\/conversesacatalunya.cat\/#website"},"primaryImageOfPage":{"@id":"https:\/\/conversesacatalunya.cat\/es\/por-que-el-pp-tiene-tan-pocas-posibilidades-de-gobernar-en-espana\/#primaryimage"},"image":{"@id":"https:\/\/conversesacatalunya.cat\/es\/por-que-el-pp-tiene-tan-pocas-posibilidades-de-gobernar-en-espana\/#primaryimage"},"thumbnailUrl":"https:\/\/conversesacatalunya.cat\/wp-content\/uploads\/2023\/08\/FEIJOO2-scaled.jpg","datePublished":"2023-08-28T09:54:48+00:00","dateModified":"2023-08-29T06:31:38+00:00","author":{"@id":"https:\/\/conversesacatalunya.cat\/#\/schema\/person\/7e24d1e54a2785373ddcb275eae5ed99"},"description":"Hay como una tendencia innata de rechazo a la catalanidad, de temor a que \u00e9sta se transforme en independencia","breadcrumb":{"@id":"https:\/\/conversesacatalunya.cat\/es\/por-que-el-pp-tiene-tan-pocas-posibilidades-de-gobernar-en-espana\/#breadcrumb"},"inLanguage":"es","potentialAction":[{"@type":"ReadAction","target":["https:\/\/conversesacatalunya.cat\/es\/por-que-el-pp-tiene-tan-pocas-posibilidades-de-gobernar-en-espana\/"]}]},{"@type":"ImageObject","inLanguage":"es","@id":"https:\/\/conversesacatalunya.cat\/es\/por-que-el-pp-tiene-tan-pocas-posibilidades-de-gobernar-en-espana\/#primaryimage","url":"https:\/\/conversesacatalunya.cat\/wp-content\/uploads\/2023\/08\/FEIJOO2-scaled.jpg","contentUrl":"https:\/\/conversesacatalunya.cat\/wp-content\/uploads\/2023\/08\/FEIJOO2-scaled.jpg","width":2560,"height":1707,"caption":"gobernar PP. Foto Feij\u00f3o"},{"@type":"BreadcrumbList","@id":"https:\/\/conversesacatalunya.cat\/es\/por-que-el-pp-tiene-tan-pocas-posibilidades-de-gobernar-en-espana\/#breadcrumb","itemListElement":[{"@type":"ListItem","position":1,"name":"Inici","item":"https:\/\/conversesacatalunya.cat\/es\/"},{"@type":"ListItem","position":2,"name":"Por qu\u00e9 el PP tiene tan pocas posibilidades de gobernar en Espa\u00f1a"}]},{"@type":"WebSite","@id":"https:\/\/conversesacatalunya.cat\/#website","url":"https:\/\/conversesacatalunya.cat\/","name":"Converses a Catalunya","description":"","potentialAction":[{"@type":"SearchAction","target":{"@type":"EntryPoint","urlTemplate":"https:\/\/conversesacatalunya.cat\/?s={search_term_string}"},"query-input":{"@type":"PropertyValueSpecification","valueRequired":true,"valueName":"search_term_string"}}],"inLanguage":"es"},{"@type":"Person","@id":"https:\/\/conversesacatalunya.cat\/#\/schema\/person\/7e24d1e54a2785373ddcb275eae5ed99","name":"conversesacatalunya","image":{"@type":"ImageObject","inLanguage":"es","@id":"https:\/\/conversesacatalunya.cat\/#\/schema\/person\/image\/","url":"https:\/\/conversesacatalunya.cat\/wp-content\/litespeed\/avatar\/febdfeeec89d950f01c748045a981dd2.jpg?ver=1777314535","contentUrl":"https:\/\/conversesacatalunya.cat\/wp-content\/litespeed\/avatar\/febdfeeec89d950f01c748045a981dd2.jpg?ver=1777314535","caption":"conversesacatalunya"},"url":"https:\/\/conversesacatalunya.cat\/es\/author\/carme_catala\/"}]}},"wps_subtitle":"Los socialistas logran gobernar en Espa\u00f1a por el diferencial de esca\u00f1os que obtienen en relaci\u00f3n con el PP en Catalunya","_links":{"self":[{"href":"https:\/\/conversesacatalunya.cat\/es\/wp-json\/wp\/v2\/posts\/70152","targetHints":{"allow":["GET"]}}],"collection":[{"href":"https:\/\/conversesacatalunya.cat\/es\/wp-json\/wp\/v2\/posts"}],"about":[{"href":"https:\/\/conversesacatalunya.cat\/es\/wp-json\/wp\/v2\/types\/post"}],"author":[{"embeddable":true,"href":"https:\/\/conversesacatalunya.cat\/es\/wp-json\/wp\/v2\/users\/2"}],"replies":[{"embeddable":true,"href":"https:\/\/conversesacatalunya.cat\/es\/wp-json\/wp\/v2\/comments?post=70152"}],"version-history":[{"count":4,"href":"https:\/\/conversesacatalunya.cat\/es\/wp-json\/wp\/v2\/posts\/70152\/revisions"}],"predecessor-version":[{"id":70160,"href":"https:\/\/conversesacatalunya.cat\/es\/wp-json\/wp\/v2\/posts\/70152\/revisions\/70160"}],"wp:featuredmedia":[{"embeddable":true,"href":"https:\/\/conversesacatalunya.cat\/es\/wp-json\/wp\/v2\/media\/70148"}],"wp:attachment":[{"href":"https:\/\/conversesacatalunya.cat\/es\/wp-json\/wp\/v2\/media?parent=70152"}],"wp:term":[{"taxonomy":"category","embeddable":true,"href":"https:\/\/conversesacatalunya.cat\/es\/wp-json\/wp\/v2\/categories?post=70152"},{"taxonomy":"post_tag","embeddable":true,"href":"https:\/\/conversesacatalunya.cat\/es\/wp-json\/wp\/v2\/tags?post=70152"}],"curies":[{"name":"wp","href":"https:\/\/api.w.org\/{rel}","templated":true}]}}