{"id":70007,"date":"2023-08-22T09:00:54","date_gmt":"2023-08-22T07:00:54","guid":{"rendered":"https:\/\/conversesacatalunya.cat\/?p=70007"},"modified":"2023-08-21T19:11:32","modified_gmt":"2023-08-21T17:11:32","slug":"triunfo-de-sanchez-fin-independentismo","status":"publish","type":"post","link":"https:\/\/conversesacatalunya.cat\/es\/triunfo-de-sanchez-fin-independentismo\/","title":{"rendered":"El triunfo de S\u00e1nchez y el fin del independentismo"},"content":{"rendered":"<p>Pedro S\u00e1nchez no solo est\u00e1 a las puertas de <strong>repetir como presidente<\/strong> del Gobierno con una mayor\u00eda absoluta despu\u00e9s de perder las elecciones, lo cual no es nada f\u00e1cil, sino que adem\u00e1s puede pasar a la historia espa\u00f1ola como<strong> el hombre que<\/strong> <a href=\"https:\/\/conversesacatalunya.cat\/es\/independentismo-de-erc-y-junts\/\" target=\"_blank\" rel=\"noopener\"><strong>desmantel\u00f3 el independentismo<\/strong><\/a>. Todo eso lo conseguir\u00e1 si Junts se suma al grupo de incondicionales, PNV, EH Bildu y ERC, que pase lo que pase le dar\u00e1n su voto.<\/p>\n<p>Entre estos, <strong>el caso m\u00e1s ex\u00f3tico es el de Esquerra<\/strong>, Ha sido el partido que, junto con la casi extinguida UP de Pablo Iglesias, ha perdido m\u00e1s votantes en las dos elecciones sucesivas. No solo eso, el gran beneficiario de su p\u00e9rdida ha sido el partido de S\u00e1nchez.<\/p>\n<p>En la <strong>circunscripci\u00f3n decisiva de Barcelona<\/strong>, los socialistas han m\u00e1s que triplicado los esca\u00f1os (15), de ERC (4) que ha quedado en cuarta posici\u00f3n, por detr\u00e1s de Sumar (5) i PP (5). Que la fuerza que gobierna la Generalitat haya alcanzado este pobre resultado, reiterando el desastre de mayo, y que los seguidores de Junqueras sigan a pi\u00f1\u00f3n fijo, resulta digno de examen por <strong>anormal.<\/strong><\/p>\n<p>Si el independentismo queda reducido a las provincias peque\u00f1as de Catalunya, la historia se ha terminado, mejor dicho, se habr\u00e1 convertido en una <strong>nota rural,<\/strong> en un pa\u00eds fuertemente urbanizado.<\/p>\n<blockquote><p><strong>tiene en sus manos<\/strong> <strong>el conseguir la repetici\u00f3n de las elecciones y mostrar a Espa\u00f1a y Europa<\/strong>, <strong>la debilidad de S\u00e1nchez<\/strong><\/p><\/blockquote>\n<p>A Junts no le ha ido mucho mejor, ha quedado quinto en Barcelona (3) a solo un diputado de distancia de VOX. Para ser el partido del presidente \u201cleg\u00edtimo\u201d Puigdemont, las cosas no pueden resultar peor. Pero resulta que sus p\u00e9rdidas han sido mucho menores que el desastre de ERC y esto, dada la pugna entre ambos, es un consuelo, pero, sobre todo, por una carambola, <strong>tiene en sus manos<\/strong> <strong>el conseguir la repetici\u00f3n de las elecciones y mostrar a Espa\u00f1a y Europa<\/strong>, la debilidad de S\u00e1nchez.<\/p>\n<p>Ser\u00eda una manifestaci\u00f3n de <strong>poder pol\u00edtico<\/strong> que le situar\u00eda en el v\u00e9rtice del independentismo y <strong>la puntilla para<\/strong> <strong>su competidor, ERC.<\/strong><\/p>\n<p>En realidad, ser\u00eda el corolario de un partido que, estando en el gobierno de la Generalitat, <strong>lo abandon\u00f3<\/strong> por voluntad propia, y que habiendo compartido gobierno en la poderosa econ\u00f3micamente Diputaci\u00f3n de Barcelona en coalici\u00f3n con los socialistas, <strong>no quiso repetirlo<\/strong> para no pactar con ellos.<\/p>\n<p>Despu\u00e9s de estas renuncias voluntarias tan costosas, \u00bf<strong>qu\u00e9 sentido tiene facilitar el gobierno de sus adversarios<\/strong>, sabiendo que sus votantes volver\u00e1n a pasarle factura y todo eso a pocas semanas de la Manifestaci\u00f3n del 11 de septiembre? \u00bfEl miedo al vac\u00edo? \u00bfLas presiones econ\u00f3micas? Son la \u00fanica explicaci\u00f3n pol\u00edtica. Esa o que los l\u00edderes consigan a cambio de sus votos, no una amnist\u00eda <em>of course<\/em>, sino algo m\u00e1s complicado y retorcido, pero que los acabe exonerando del todo.<\/p>\n<p>As\u00ed, por ejemplo, <strong>Jordi Turull <\/strong>pueda presentarse a las pr\u00f3ximas elecciones auton\u00f3micas. Sin embargo, en todo esto, \u00bfc\u00f3mo quedar\u00eda Puigdemont y su fantasmal Consell de la Rep\u00fablica? Pues en eso, en un fantasma.<\/p>\n<h4><strong>La carta de Junts es tan buena, es tan fuerte, que precisamente por ello, lo m\u00e1s probable es que no la jueguen y sea S\u00e1nchez, que no teme jugar al l\u00edmite, quien se lleve el gato al agua.<\/strong><\/h4>\n<p>Porque ning\u00fan tipo de compromiso, una amnist\u00eda sin nombre, una no consulta, un acuerdo econ\u00f3mico que ya te contar\u00e9, cuando y como, el traspaso de cercan\u00edas con el permiso de los sindicatos ferroviarios, y las comisiones de investigaci\u00f3n que se quieran, y toda la tierra del mundo en La Habana, incluso el liberar a Laura Borr\u00e0s de su castigo por corrupci\u00f3n,<strong> no justificar\u00e1n nada ante la mayor\u00eda de votantes de Junts<\/strong>, y todo el voto potencial de los independentistas abstencionistas, del voto en blanco, o a partidos menores; incluso a ERC.<\/p>\n<p><strong>Una Espa\u00f1a inestable porque repite elecciones por decisi\u00f3n de Junts<\/strong>, en plena presidencia europea y ante la perspectiva econ\u00f3mica marcada por el incremento extraordinario del coste del dinero, el cese de compras por parte del BCE de deuda p\u00fablica y de los bancos, la inflaci\u00f3n no dome\u00f1ada de los alimentos, el retorno al Pacto de Estabilidad, y la necesidad de gastar menos o pagar m\u00e1s impuestos, el retorno de los ERO 2020 y de los primeros cr\u00e9ditos Next Generation, la liquidaci\u00f3n de la bolsa de ahorro privado propiciado por la Covid, el enlentecimiento del crecimiento econ\u00f3mico de China y Alemania, el haber agotado las v\u00edas de recuperaci\u00f3n despu\u00e9s de la ca\u00edda del COVID, llegando a m\u00e1ximos en turismo y exportaci\u00f3n, <strong>todos estos factores<\/strong> sin un gobierno capaz de preparar un nuevo presupuesto y dirigir la econom\u00eda, representan un problema a escala europea.<\/p>\n<p>Y todo por la <strong>fuerza de siete diputados de Junts<\/strong>, convertidos en protagonistas y reyes del Mambo a escala internacional, exhibiendo m\u00fasculo independentista. \u201c<em>Veis lo que pasa por no atender la exigencia del refer\u00e9ndum<\/em>\u201d<\/p>\n<p>Pero tranquilos, eso no pasar\u00e1.<strong> No habr\u00e1 sorpresas<\/strong>, como no las hubo con la falsa declaraci\u00f3n de independencia, a la que Puigdemont lleg\u00f3 pr\u00e1cticamente obligado. Nuestro independentismo es solo de uso dom\u00e9stico, y crece cuando existe provocaci\u00f3n; es un independentismo de mal humor y no como proyecto pol\u00edtico.<\/p>\n<p><strong>S\u00e1nchez ser\u00e1 presidente<\/strong> gracias al independentismo catal\u00e1n como est\u00e1 ordenado, y aqu\u00ed paz y despu\u00e9s gloria.<\/p>\n<span class='bctt-click-to-tweet'><span class='bctt-ctt-text'><a href='https:\/\/twitter.com\/intent\/tweet?url=https%3A%2F%2Fconversesacatalunya.cat%2Fes%2Ftriunfo-de-sanchez-fin-independentismo%2F&#038;text=La%20carta%20de%20Junts%20es%20tan%20buena%2C%20es%20tan%20fuerte%2C%20que%20precisamente%20por%20ello%2C%20lo%20m%C3%A1s%20probable%20es%20que%20no%20la%20jueguen%20y%20sea%20S%C3%A1nchez%2C%20que%20no%20teme%20jugar%20al%20l%C3%ADmite%2C%20quien%20se%20lleve%20el%20gato%20al%20agua&#038;via=conversesacat&#038;related=conversesacat' target='_blank'rel=\"noopener noreferrer\">La carta de Junts es tan buena, es tan fuerte, que precisamente por ello, lo m\u00e1s probable es que no la jueguen y sea S\u00e1nchez, que no teme jugar al l\u00edmite, quien se lleve el gato al agua <\/a><\/span><a href='https:\/\/twitter.com\/intent\/tweet?url=https%3A%2F%2Fconversesacatalunya.cat%2Fes%2Ftriunfo-de-sanchez-fin-independentismo%2F&#038;text=La%20carta%20de%20Junts%20es%20tan%20buena%2C%20es%20tan%20fuerte%2C%20que%20precisamente%20por%20ello%2C%20lo%20m%C3%A1s%20probable%20es%20que%20no%20la%20jueguen%20y%20sea%20S%C3%A1nchez%2C%20que%20no%20teme%20jugar%20al%20l%C3%ADmite%2C%20quien%20se%20lleve%20el%20gato%20al%20agua&#038;via=conversesacat&#038;related=conversesacat' target='_blank' class='bctt-ctt-btn'rel=\"noopener noreferrer\">Compartir en X<\/a><\/span>\n<div id=\"polls-207\" class=\"wp-polls\">\n\t<form id=\"polls_form_207\" class=\"wp-polls-form\" action=\"\/index.php\" method=\"post\">\n\t\t<p style=\"display: none;\"><input type=\"hidden\" id=\"poll_207_nonce\" name=\"wp-polls-nonce\" value=\"64d1b54b46\" \/><\/p>\n\t\t<p style=\"display: none;\"><input type=\"hidden\" name=\"poll_id\" value=\"207\" \/><\/p>\n\t\t<p style=\"text-align: center\"><strong>Despr\u00e9s del seu vot a la Mesa del Congr\u00e9s, s'atrevir\u00e0 Junts a fer inviable la presid\u00e8ncia de S\u00e1nchez?<\/strong><\/p><div id=\"polls-207-ans\" class=\"wp-polls-ans\"><ul class=\"wp-polls-ul\">\n\t\t<li><input type=\"radio\" id=\"poll-answer-575\" name=\"poll_207\" value=\"575\" \/> <label for=\"poll-answer-575\">S\u00ed<\/label><\/li>\n\t\t<li><input type=\"radio\" id=\"poll-answer-576\" name=\"poll_207\" value=\"576\" \/> <label for=\"poll-answer-576\">No<\/label><\/li>\n\t\t<li><input type=\"radio\" id=\"poll-answer-577\" name=\"poll_207\" value=\"577\" \/> <label for=\"poll-answer-577\">No ho s\u00e9<\/label><\/li>\n\t\t<\/ul><p style=\"text-align: center\"><input type=\"button\" name=\"vote\" value=\"   Vota   \" class=\"Buttons\" onclick=\"poll_vote(207);\" \/><\/p><p style=\"text-align: center\"><a href=\"#ViewPollResults\" onclick=\"poll_result(207); return false;\" title=\"View Results Of This Poll\">Mira els resultats<\/a><\/p><\/div>\n\t<\/form>\n<\/div>\n<div id=\"polls-207-loading\" class=\"wp-polls-loading\"><img decoding=\"async\" data-src=\"https:\/\/conversesacatalunya.cat\/wp-content\/plugins\/wp-polls\/images\/loading.gif\" width=\"16\" height=\"16\" alt=\"Cargando ...\" title=\"Cargando ...\" class=\"wp-polls-image lazyload\" src=\"data:image\/svg+xml;base64,PHN2ZyB3aWR0aD0iMSIgaGVpZ2h0PSIxIiB4bWxucz0iaHR0cDovL3d3dy53My5vcmcvMjAwMC9zdmciPjwvc3ZnPg==\" style=\"--smush-placeholder-width: 16px; --smush-placeholder-aspect-ratio: 16\/16;\" \/>&nbsp;Cargando ...<\/div>\n\n","protected":false},"excerpt":{"rendered":"<p>Pedro S\u00e1nchez no solo est\u00e1 a las puertas de repetir como presidente del Gobierno con una mayor\u00eda absoluta despu\u00e9s de perder las elecciones, lo cual no es nada f\u00e1cil, sino que adem\u00e1s puede pasar a la historia espa\u00f1ola como el hombre que desmantel\u00f3 el independentismo. Todo eso lo conseguir\u00e1 si Junts se suma al grupo de incondicionales, PNV, EH Bildu y ERC, que pase lo que pase le dar\u00e1n su voto. Entre estos, el caso m\u00e1s ex\u00f3tico es el de Esquerra, Ha sido el partido que, junto con la casi extinguida UP de Pablo Iglesias, ha perdido m\u00e1s votantes en las dos elecciones sucesivas. No solo eso, el gran beneficiario de su p\u00e9rdida ha sido el partido de S\u00e1nchez. En la circunscripci\u00f3n decisiva de Barcelona, los socialistas han m\u00e1s que triplicado los esca\u00f1os (15), de ERC (4) que ha quedado en cuarta posici\u00f3n, por detr\u00e1s de Sumar (5) i PP (5). Que la fuerza que gobierna la Generalitat haya alcanzado este pobre resultado, reiterando el desastre de mayo, y que los seguidores de Junqueras sigan a pi\u00f1\u00f3n fijo, resulta digno de examen por anormal. Si el independentismo queda reducido a las provincias peque\u00f1as de Catalunya, la historia se ha terminado, mejor dicho, se habr\u00e1 convertido en una nota rural, en un pa\u00eds fuertemente urbanizado. tiene en sus manos el conseguir la repetici\u00f3n de las elecciones y mostrar a Espa\u00f1a y Europa, la debilidad de S\u00e1nchez A Junts no le ha ido mucho mejor, ha quedado quinto en Barcelona (3) a solo un diputado de distancia de VOX. Para ser el partido del presidente \u201cleg\u00edtimo\u201d Puigdemont, las cosas no pueden resultar peor. Pero resulta que sus p\u00e9rdidas han sido mucho menores que el desastre de ERC y esto, dada la pugna entre ambos, es un consuelo, pero, sobre todo, por una carambola, tiene en sus manos el conseguir la repetici\u00f3n de las elecciones y mostrar a Espa\u00f1a y Europa, la debilidad de S\u00e1nchez. Ser\u00eda una manifestaci\u00f3n de poder pol\u00edtico que le situar\u00eda en el v\u00e9rtice del independentismo y la puntilla para su competidor, ERC. En realidad, ser\u00eda el corolario de un partido que, estando en el gobierno de la Generalitat, lo abandon\u00f3 por voluntad propia, y que habiendo compartido gobierno en la poderosa econ\u00f3micamente Diputaci\u00f3n de Barcelona en coalici\u00f3n con los socialistas, no quiso repetirlo para no pactar con ellos. Despu\u00e9s de estas renuncias voluntarias tan costosas, \u00bfqu\u00e9 sentido tiene facilitar el gobierno de sus adversarios, sabiendo que sus votantes volver\u00e1n a pasarle factura y todo eso a pocas semanas de la Manifestaci\u00f3n del 11 de septiembre? \u00bfEl miedo al vac\u00edo? \u00bfLas presiones econ\u00f3micas? Son la \u00fanica explicaci\u00f3n pol\u00edtica. Esa o que los l\u00edderes consigan a cambio de sus votos, no una amnist\u00eda of course, sino algo m\u00e1s complicado y retorcido, pero que los acabe exonerando del todo. As\u00ed, por ejemplo, Jordi Turull pueda presentarse a las pr\u00f3ximas elecciones auton\u00f3micas. Sin embargo, en todo esto, \u00bfc\u00f3mo quedar\u00eda Puigdemont y su fantasmal Consell de la Rep\u00fablica? Pues en eso, en un fantasma. La carta de Junts es tan buena, es tan fuerte, que precisamente por ello, lo m\u00e1s probable es que no la jueguen y sea S\u00e1nchez, que no teme jugar al l\u00edmite, quien se lleve el gato al agua. Porque ning\u00fan tipo de compromiso, una amnist\u00eda sin nombre, una no consulta, un acuerdo econ\u00f3mico que ya te contar\u00e9, cuando y como, el traspaso de cercan\u00edas con el permiso de los sindicatos ferroviarios, y las comisiones de investigaci\u00f3n que se quieran, y toda la tierra del mundo en La Habana, incluso el liberar a Laura Borr\u00e0s de su castigo por corrupci\u00f3n, no justificar\u00e1n nada ante la mayor\u00eda de votantes de Junts, y todo el voto potencial de los independentistas abstencionistas, del voto en blanco, o a partidos menores; incluso a ERC. Una Espa\u00f1a inestable porque repite elecciones por decisi\u00f3n de Junts, en plena presidencia europea y ante la perspectiva econ\u00f3mica marcada por el incremento extraordinario del coste del dinero, el cese de compras por parte del BCE de deuda p\u00fablica y de los bancos, la inflaci\u00f3n no dome\u00f1ada de los alimentos, el retorno al Pacto de Estabilidad, y la necesidad de gastar menos o pagar m\u00e1s impuestos, el retorno de los ERO 2020 y de los primeros cr\u00e9ditos Next Generation, la liquidaci\u00f3n de la bolsa de ahorro privado propiciado por la Covid, el enlentecimiento del crecimiento econ\u00f3mico de China y Alemania, el haber agotado las v\u00edas de recuperaci\u00f3n despu\u00e9s de la ca\u00edda del COVID, llegando a m\u00e1ximos en turismo y exportaci\u00f3n, todos estos factores sin un gobierno capaz de preparar un nuevo presupuesto y dirigir la econom\u00eda, representan un problema a escala europea. Y todo por la fuerza de siete diputados de Junts, convertidos en protagonistas y reyes del Mambo a escala internacional, exhibiendo m\u00fasculo independentista. \u201cVeis lo que pasa por no atender la exigencia del refer\u00e9ndum\u201d Pero tranquilos, eso no pasar\u00e1. No habr\u00e1 sorpresas, como no las hubo con la falsa declaraci\u00f3n de independencia, a la que Puigdemont lleg\u00f3 pr\u00e1cticamente obligado. Nuestro independentismo es solo de uso dom\u00e9stico, y crece cuando existe provocaci\u00f3n; es un independentismo de mal humor y no como proyecto pol\u00edtico. S\u00e1nchez ser\u00e1 presidente gracias al independentismo catal\u00e1n como est\u00e1 ordenado, y aqu\u00ed paz y despu\u00e9s gloria.<\/p>\n","protected":false},"author":77,"featured_media":70025,"comment_status":"open","ping_status":"open","sticky":false,"template":"","format":"standard","meta":{"_FSMCFIC_featured_image_caption":"","_FSMCFIC_featured_image_nocaption":"","_FSMCFIC_featured_image_hide":"","footnotes":""},"categories":[806],"tags":[1108,986,4677],"class_list":["post-70007","post","type-post","status-publish","format-standard","has-post-thumbnail","hentry","category-punts-claus-del-dia-es","tag-erc-es","tag-independentismo-es","tag-juntsxcat-es"],"yoast_head":"<!-- This site is optimized with the Yoast SEO plugin v26.8 - https:\/\/yoast.com\/product\/yoast-seo-wordpress\/ -->\n<title>El triunfo de S\u00e1nchez y el fin del independentismo<\/title>\n<meta name=\"description\" content=\"S\u00e1nchez no solo est\u00e1 a las puertas de repetir como presidente puede pasar a la historia como el hombre que desmantel\u00f3 el independentismo\" \/>\n<meta name=\"robots\" content=\"index, follow, max-snippet:-1, max-image-preview:large, max-video-preview:-1\" \/>\n<link rel=\"canonical\" href=\"https:\/\/conversesacatalunya.cat\/?p=70028\" \/>\n<meta property=\"og:locale\" content=\"es_ES\" \/>\n<meta property=\"og:type\" content=\"article\" \/>\n<meta property=\"og:title\" content=\"El triunfo de S\u00e1nchez y el fin del independentismo\" \/>\n<meta property=\"og:description\" content=\"S\u00e1nchez no solo est\u00e1 a las puertas de repetir como presidente puede pasar a la historia como el hombre que desmantel\u00f3 el independentismo\" \/>\n<meta property=\"og:url\" content=\"https:\/\/conversesacatalunya.cat\/?p=70028\" \/>\n<meta property=\"og:site_name\" content=\"Converses a Catalunya\" \/>\n<meta property=\"article:published_time\" content=\"2023-08-22T07:00:54+00:00\" \/>\n<meta property=\"og:image\" content=\"https:\/\/conversesacatalunya.cat\/wp-content\/uploads\/2023\/08\/sa\u0301nchez.png\" \/>\n\t<meta property=\"og:image:width\" content=\"768\" \/>\n\t<meta property=\"og:image:height\" content=\"479\" \/>\n\t<meta property=\"og:image:type\" content=\"image\/png\" \/>\n<meta name=\"author\" content=\"Enric Casanovas\" \/>\n<meta name=\"twitter:card\" content=\"summary_large_image\" \/>\n<meta name=\"twitter:label1\" content=\"Escrito por\" \/>\n\t<meta name=\"twitter:data1\" content=\"Enric Casanovas\" \/>\n\t<meta name=\"twitter:label2\" content=\"Tiempo de lectura\" \/>\n\t<meta name=\"twitter:data2\" content=\"5 minutos\" \/>\n<script type=\"application\/ld+json\" class=\"yoast-schema-graph\">{\"@context\":\"https:\/\/schema.org\",\"@graph\":[{\"@type\":\"Article\",\"@id\":\"https:\/\/conversesacatalunya.cat\/?p=70028#article\",\"isPartOf\":{\"@id\":\"https:\/\/conversesacatalunya.cat\/?p=70028\"},\"author\":{\"name\":\"Enric Casanovas\",\"@id\":\"https:\/\/conversesacatalunya.cat\/#\/schema\/person\/79bd0577b2f3afc8d6519d207c6e8609\"},\"headline\":\"El triunfo de S\u00e1nchez y el fin del independentismo\",\"datePublished\":\"2023-08-22T07:00:54+00:00\",\"mainEntityOfPage\":{\"@id\":\"https:\/\/conversesacatalunya.cat\/?p=70028\"},\"wordCount\":1010,\"commentCount\":1,\"image\":{\"@id\":\"https:\/\/conversesacatalunya.cat\/?p=70028#primaryimage\"},\"thumbnailUrl\":\"https:\/\/conversesacatalunya.cat\/wp-content\/uploads\/2023\/08\/sa\u0301nchez.png\",\"keywords\":[\"ERC\",\"Independentismo\",\"JuntsxCat\"],\"articleSection\":[\"Punts clau del dia (ES)\"],\"inLanguage\":\"es\",\"potentialAction\":[{\"@type\":\"CommentAction\",\"name\":\"Comment\",\"target\":[\"https:\/\/conversesacatalunya.cat\/?p=70028#respond\"]}]},{\"@type\":\"WebPage\",\"@id\":\"https:\/\/conversesacatalunya.cat\/?p=70028\",\"url\":\"https:\/\/conversesacatalunya.cat\/?p=70028\",\"name\":\"El triunfo de S\u00e1nchez y el fin del independentismo\",\"isPartOf\":{\"@id\":\"https:\/\/conversesacatalunya.cat\/#website\"},\"primaryImageOfPage\":{\"@id\":\"https:\/\/conversesacatalunya.cat\/?p=70028#primaryimage\"},\"image\":{\"@id\":\"https:\/\/conversesacatalunya.cat\/?p=70028#primaryimage\"},\"thumbnailUrl\":\"https:\/\/conversesacatalunya.cat\/wp-content\/uploads\/2023\/08\/sa\u0301nchez.png\",\"datePublished\":\"2023-08-22T07:00:54+00:00\",\"author\":{\"@id\":\"https:\/\/conversesacatalunya.cat\/#\/schema\/person\/79bd0577b2f3afc8d6519d207c6e8609\"},\"description\":\"S\u00e1nchez no solo est\u00e1 a las puertas de repetir como presidente puede pasar a la historia como el hombre que desmantel\u00f3 el independentismo\",\"breadcrumb\":{\"@id\":\"https:\/\/conversesacatalunya.cat\/?p=70028#breadcrumb\"},\"inLanguage\":\"es\",\"potentialAction\":[{\"@type\":\"ReadAction\",\"target\":[\"https:\/\/conversesacatalunya.cat\/?p=70028\"]}]},{\"@type\":\"ImageObject\",\"inLanguage\":\"es\",\"@id\":\"https:\/\/conversesacatalunya.cat\/?p=70028#primaryimage\",\"url\":\"https:\/\/conversesacatalunya.cat\/wp-content\/uploads\/2023\/08\/sa\u0301nchez.png\",\"contentUrl\":\"https:\/\/conversesacatalunya.cat\/wp-content\/uploads\/2023\/08\/sa\u0301nchez.png\",\"width\":768,\"height\":479,\"caption\":\"S\u00e1nchez independentismo. Foto de S\u00e1nchez\"},{\"@type\":\"BreadcrumbList\",\"@id\":\"https:\/\/conversesacatalunya.cat\/?p=70028#breadcrumb\",\"itemListElement\":[{\"@type\":\"ListItem\",\"position\":1,\"name\":\"Inici\",\"item\":\"https:\/\/conversesacatalunya.cat\/es\/\"},{\"@type\":\"ListItem\",\"position\":2,\"name\":\"El triunfo de S\u00e1nchez y el fin del independentismo\"}]},{\"@type\":\"WebSite\",\"@id\":\"https:\/\/conversesacatalunya.cat\/#website\",\"url\":\"https:\/\/conversesacatalunya.cat\/\",\"name\":\"Converses a Catalunya\",\"description\":\"\",\"potentialAction\":[{\"@type\":\"SearchAction\",\"target\":{\"@type\":\"EntryPoint\",\"urlTemplate\":\"https:\/\/conversesacatalunya.cat\/?s={search_term_string}\"},\"query-input\":{\"@type\":\"PropertyValueSpecification\",\"valueRequired\":true,\"valueName\":\"search_term_string\"}}],\"inLanguage\":\"es\"},{\"@type\":\"Person\",\"@id\":\"https:\/\/conversesacatalunya.cat\/#\/schema\/person\/79bd0577b2f3afc8d6519d207c6e8609\",\"name\":\"Enric Casanovas\",\"image\":{\"@type\":\"ImageObject\",\"inLanguage\":\"es\",\"@id\":\"https:\/\/conversesacatalunya.cat\/#\/schema\/person\/image\/\",\"url\":\"https:\/\/conversesacatalunya.cat\/wp-content\/litespeed\/avatar\/7ae4379ad4421ec77820e92afd36dd78.jpg?ver=1777373933\",\"contentUrl\":\"https:\/\/conversesacatalunya.cat\/wp-content\/litespeed\/avatar\/7ae4379ad4421ec77820e92afd36dd78.jpg?ver=1777373933\",\"caption\":\"Enric Casanovas\"},\"url\":\"https:\/\/conversesacatalunya.cat\/es\/author\/enric-casanovas\/\"}]}<\/script>\n<!-- \/ Yoast SEO plugin. -->","yoast_head_json":{"title":"El triunfo de S\u00e1nchez y el fin del independentismo","description":"S\u00e1nchez no solo est\u00e1 a las puertas de repetir como presidente puede pasar a la historia como el hombre que desmantel\u00f3 el independentismo","robots":{"index":"index","follow":"follow","max-snippet":"max-snippet:-1","max-image-preview":"max-image-preview:large","max-video-preview":"max-video-preview:-1"},"canonical":"https:\/\/conversesacatalunya.cat\/?p=70028","og_locale":"es_ES","og_type":"article","og_title":"El triunfo de S\u00e1nchez y el fin del independentismo","og_description":"S\u00e1nchez no solo est\u00e1 a las puertas de repetir como presidente puede pasar a la historia como el hombre que desmantel\u00f3 el independentismo","og_url":"https:\/\/conversesacatalunya.cat\/?p=70028","og_site_name":"Converses a Catalunya","article_published_time":"2023-08-22T07:00:54+00:00","og_image":[{"width":768,"height":479,"url":"https:\/\/conversesacatalunya.cat\/wp-content\/uploads\/2023\/08\/sa\u0301nchez.png","type":"image\/png"}],"author":"Enric Casanovas","twitter_card":"summary_large_image","twitter_misc":{"Escrito por":"Enric Casanovas","Tiempo de lectura":"5 minutos"},"schema":{"@context":"https:\/\/schema.org","@graph":[{"@type":"Article","@id":"https:\/\/conversesacatalunya.cat\/?p=70028#article","isPartOf":{"@id":"https:\/\/conversesacatalunya.cat\/?p=70028"},"author":{"name":"Enric Casanovas","@id":"https:\/\/conversesacatalunya.cat\/#\/schema\/person\/79bd0577b2f3afc8d6519d207c6e8609"},"headline":"El triunfo de S\u00e1nchez y el fin del independentismo","datePublished":"2023-08-22T07:00:54+00:00","mainEntityOfPage":{"@id":"https:\/\/conversesacatalunya.cat\/?p=70028"},"wordCount":1010,"commentCount":1,"image":{"@id":"https:\/\/conversesacatalunya.cat\/?p=70028#primaryimage"},"thumbnailUrl":"https:\/\/conversesacatalunya.cat\/wp-content\/uploads\/2023\/08\/sa\u0301nchez.png","keywords":["ERC","Independentismo","JuntsxCat"],"articleSection":["Punts clau del dia (ES)"],"inLanguage":"es","potentialAction":[{"@type":"CommentAction","name":"Comment","target":["https:\/\/conversesacatalunya.cat\/?p=70028#respond"]}]},{"@type":"WebPage","@id":"https:\/\/conversesacatalunya.cat\/?p=70028","url":"https:\/\/conversesacatalunya.cat\/?p=70028","name":"El triunfo de S\u00e1nchez y el fin del independentismo","isPartOf":{"@id":"https:\/\/conversesacatalunya.cat\/#website"},"primaryImageOfPage":{"@id":"https:\/\/conversesacatalunya.cat\/?p=70028#primaryimage"},"image":{"@id":"https:\/\/conversesacatalunya.cat\/?p=70028#primaryimage"},"thumbnailUrl":"https:\/\/conversesacatalunya.cat\/wp-content\/uploads\/2023\/08\/sa\u0301nchez.png","datePublished":"2023-08-22T07:00:54+00:00","author":{"@id":"https:\/\/conversesacatalunya.cat\/#\/schema\/person\/79bd0577b2f3afc8d6519d207c6e8609"},"description":"S\u00e1nchez no solo est\u00e1 a las puertas de repetir como presidente puede pasar a la historia como el hombre que desmantel\u00f3 el independentismo","breadcrumb":{"@id":"https:\/\/conversesacatalunya.cat\/?p=70028#breadcrumb"},"inLanguage":"es","potentialAction":[{"@type":"ReadAction","target":["https:\/\/conversesacatalunya.cat\/?p=70028"]}]},{"@type":"ImageObject","inLanguage":"es","@id":"https:\/\/conversesacatalunya.cat\/?p=70028#primaryimage","url":"https:\/\/conversesacatalunya.cat\/wp-content\/uploads\/2023\/08\/sa\u0301nchez.png","contentUrl":"https:\/\/conversesacatalunya.cat\/wp-content\/uploads\/2023\/08\/sa\u0301nchez.png","width":768,"height":479,"caption":"S\u00e1nchez independentismo. Foto de S\u00e1nchez"},{"@type":"BreadcrumbList","@id":"https:\/\/conversesacatalunya.cat\/?p=70028#breadcrumb","itemListElement":[{"@type":"ListItem","position":1,"name":"Inici","item":"https:\/\/conversesacatalunya.cat\/es\/"},{"@type":"ListItem","position":2,"name":"El triunfo de S\u00e1nchez y el fin del independentismo"}]},{"@type":"WebSite","@id":"https:\/\/conversesacatalunya.cat\/#website","url":"https:\/\/conversesacatalunya.cat\/","name":"Converses a Catalunya","description":"","potentialAction":[{"@type":"SearchAction","target":{"@type":"EntryPoint","urlTemplate":"https:\/\/conversesacatalunya.cat\/?s={search_term_string}"},"query-input":{"@type":"PropertyValueSpecification","valueRequired":true,"valueName":"search_term_string"}}],"inLanguage":"es"},{"@type":"Person","@id":"https:\/\/conversesacatalunya.cat\/#\/schema\/person\/79bd0577b2f3afc8d6519d207c6e8609","name":"Enric Casanovas","image":{"@type":"ImageObject","inLanguage":"es","@id":"https:\/\/conversesacatalunya.cat\/#\/schema\/person\/image\/","url":"https:\/\/conversesacatalunya.cat\/wp-content\/litespeed\/avatar\/7ae4379ad4421ec77820e92afd36dd78.jpg?ver=1777373933","contentUrl":"https:\/\/conversesacatalunya.cat\/wp-content\/litespeed\/avatar\/7ae4379ad4421ec77820e92afd36dd78.jpg?ver=1777373933","caption":"Enric Casanovas"},"url":"https:\/\/conversesacatalunya.cat\/es\/author\/enric-casanovas\/"}]}},"wps_subtitle":"Pedro S\u00e1nchez no solo est\u00e1 a las puertas de repetir como presidente del Gobierno con una mayor\u00eda absoluta despu\u00e9s de perder las elecciones, sino que adem\u00e1s puede pasar a la historia espa\u00f1ola como el hombre que desmantel\u00f3 el independentismo","_links":{"self":[{"href":"https:\/\/conversesacatalunya.cat\/es\/wp-json\/wp\/v2\/posts\/70007","targetHints":{"allow":["GET"]}}],"collection":[{"href":"https:\/\/conversesacatalunya.cat\/es\/wp-json\/wp\/v2\/posts"}],"about":[{"href":"https:\/\/conversesacatalunya.cat\/es\/wp-json\/wp\/v2\/types\/post"}],"author":[{"embeddable":true,"href":"https:\/\/conversesacatalunya.cat\/es\/wp-json\/wp\/v2\/users\/77"}],"replies":[{"embeddable":true,"href":"https:\/\/conversesacatalunya.cat\/es\/wp-json\/wp\/v2\/comments?post=70007"}],"version-history":[{"count":13,"href":"https:\/\/conversesacatalunya.cat\/es\/wp-json\/wp\/v2\/posts\/70007\/revisions"}],"predecessor-version":[{"id":70037,"href":"https:\/\/conversesacatalunya.cat\/es\/wp-json\/wp\/v2\/posts\/70007\/revisions\/70037"}],"wp:featuredmedia":[{"embeddable":true,"href":"https:\/\/conversesacatalunya.cat\/es\/wp-json\/wp\/v2\/media\/70025"}],"wp:attachment":[{"href":"https:\/\/conversesacatalunya.cat\/es\/wp-json\/wp\/v2\/media?parent=70007"}],"wp:term":[{"taxonomy":"category","embeddable":true,"href":"https:\/\/conversesacatalunya.cat\/es\/wp-json\/wp\/v2\/categories?post=70007"},{"taxonomy":"post_tag","embeddable":true,"href":"https:\/\/conversesacatalunya.cat\/es\/wp-json\/wp\/v2\/tags?post=70007"}],"curies":[{"name":"wp","href":"https:\/\/api.w.org\/{rel}","templated":true}]}}