{"id":69834,"date":"2023-08-02T09:00:25","date_gmt":"2023-08-02T07:00:25","guid":{"rendered":"https:\/\/conversesacatalunya.cat\/?p=69834"},"modified":"2023-08-31T10:10:13","modified_gmt":"2023-08-31T08:10:13","slug":"grupo-brics-alternativa-occidente","status":"publish","type":"post","link":"https:\/\/conversesacatalunya.cat\/es\/grupo-brics-alternativa-occidente\/","title":{"rendered":"G\u00e9nesis y perspectivas del grupo BRICS, la extra\u00f1a alternativa a Occidente"},"content":{"rendered":"<p>Entre el 22 y el 24 de agosto tendr\u00e1 lugar la decimoquinta cumbre anual del grupo conocido como \u00abBRICS\u00bb, conformado por<strong> Brasil, Rusia, India, China y Sud\u00e1frica.<\/strong><\/p>\n<p>Dejando a un lado la ausencia f\u00edsica de <strong>Vladimir Putin<\/strong> debido a la orden de arresto emitida por el Tribunal Penal Internacional que obligar\u00eda a la naci\u00f3n anfitriona (y miembro de este organismo de justicia), Sud\u00e1frica, a detenerle, el evento es una buena ocasi\u00f3n para analizar este extra\u00f1o grupo, su papel y perspectivas de futuro.<\/p>\n<p>Para empezar, cabe precisar que como<a href=\"https:\/\/www.ft.com\/content\/08faba62-aa6e-4914-957b-d7e65ac069f2\" target=\"_blank\" rel=\"noopener\"><strong> recoge<\/strong><\/a> el periodista especializado en comercio internacional Alan Beattie en el <em>Financial Times<\/em>, el propio t\u00e9rmino \u00abBRIC\u00bb es una invenci\u00f3n occidental, y m\u00e1s particularmente de la banca norteamericana Goldman Sachs en 2001 (la \u00abS\u00bb de Sur\u00e1frica se incorpor\u00f3 m\u00e1s tarde al concepto).<\/p>\n<p>No fue hasta 2009 cuando tuvo lugar la primera cumbre del BRICS, y desde entonces sus l\u00edderes han mantenido la cita en su agenda anual, ya que se ha celebrado un <strong>nuevo encuentro al m\u00e1s alto nivel cada a\u00f1o<\/strong>. Sur\u00e1frica se incorpor\u00f3 formalmente en 2011.<\/p>\n<h4><strong>\u00bfQu\u00e9 tiene en com\u00fan el grupo BRICS?<\/strong><\/h4>\n<p>A primera vista, los integrantes del BRICS parecen constituir<strong> la vanguardia de los pa\u00edses emergentes<\/strong>, reuniendo a econom\u00edas con un potencial de crecimiento particularmente elevado y que coinciden adem\u00e1s en una cierta voluntad pol\u00edtica de distanciamiento respecto a Occidente.<\/p>\n<p>Pero observados de cerca, se llega r\u00e1pidamente a la conclusi\u00f3n de que en t\u00e9rminos econ\u00f3micos <strong>poco tienen en com\u00fan<\/strong>.<\/p>\n<p>En los a\u00f1os noventa, <strong>Rusia<\/strong> se hallaba inmersa en el caos pol\u00edtico postsovi\u00e9tico y en la cat\u00e1strofe econ\u00f3mica de un proceso de liberalizaci\u00f3n terriblemente ejecutado. A su vez,<strong> Brasil<\/strong> trataba de estabilizar su moneda tras la \u00abD\u00e9cada perdida\u00bb que asol\u00f3 Iberoam\u00e9rica durante la d\u00e9cada de los ochenta. <strong>India<\/strong>, con una econom\u00eda fuertemente intervenida, tampoco se encontraba en una situaci\u00f3n envidiable y sal\u00eda de una crisis cambiaria entre 1990 y 1991.<\/p>\n<p><strong>S\u00f3lo China,<\/strong> impulsada por las reformas de Deng Xiaoping de los ochenta, estaba sentando las bases de lo que m\u00e1s tarde se convertir\u00eda en su milagro econ\u00f3mico.<\/p>\n<p>Todos estos pa\u00edses s\u00ed tienen en com\u00fan que se beneficiaran durante la d\u00e9cada de los 2000 del boom de la globalizaci\u00f3n y de las materias primas.<\/p>\n<p><strong>China<\/strong> logr\u00f3 ir m\u00e1s all\u00e1 y acercarse a los niveles de renta occidentales gracias a sus progresos tecnol\u00f3gicos y convertirse en una econom\u00eda basada en el conocimiento.<\/p>\n<p><strong>Rusia, India, Brasil y Sud\u00e1frica<\/strong>, en cambio, no aprovecharon la bonanza econ\u00f3mica para transformar su crecimiento y hacerlo verdaderamente sostenible.<\/p>\n<p>Hoy, Sud\u00e1frica parece m\u00e1s abocada a la <a href=\"https:\/\/conversesacatalunya.cat\/es\/sudafrica-hacia-un-estado-fallido\/\" target=\"_blank\" rel=\"noopener\"><strong>decadencia<\/strong><\/a> que al desarrollo econ\u00f3mico, Rusia y Brasil muestran un crecimiento econ\u00f3mico titubeante y s\u00f3lo India est\u00e1 tomando velocidad, pero todav\u00eda se encuentra a a\u00f1os luz de China.<\/p>\n<h4><strong>\u00bfHacia un club de fans de China?<\/strong><\/h4>\n<p>Desde la emergencia formal del BRICS, <strong>China no ha hecho m\u00e1s que crecer distanci\u00e1ndose<\/strong> de los dem\u00e1s miembros, hasta el punto de rivalizar de t\u00fa a t\u00fa con Estados Unidos en el \u00e1mbito econ\u00f3mico y plantearse como una alternativa pol\u00edtica al liberalismo occidental.<\/p>\n<p>Mientras, Brasil (incluso bajo Lula da Silva, admirador confeso de Hugo Ch\u00e1vez) y <strong>Sur\u00e1frica<\/strong> mantienen intereses econ\u00f3micos demasiado importantes para alejarse de Europa y Estados Unidos.<\/p>\n<p>El caso de<strong> India<\/strong> es a\u00fan m\u00e1s extremo porque forma parte de la iniciativa militar \u00abdi\u00e1logo cuatrilateral por la seguridad\u00bb, liderada por Estados Unidos en el indo-pac\u00edfico, junto a Jap\u00f3n y Australia.<\/p>\n<p><strong>Cuando China insinu\u00f3 expandir el grupo BRICS a otros pa\u00edses<\/strong>, Brasil e India parecieron no haber entendido la propuesta. Y es que hacer entrar a nuevos pa\u00edses, particularmente si \u00e9stos est\u00e1n financieramente comprometidos con China, implica el riesgo de convertir al grupo en un club de seguidores de Pek\u00edn en lugar de los l\u00edderes del mundo emergente.<\/p>\n<p>En el actual contexto de competencia entre Estados Unidos y China, el inter\u00e9s de Pek\u00edn en alinear pol\u00edticamente a sus socios es evidente. Pero a pesar de los v\u00ednculos de dependencia que particularmente Brasil y Sud\u00e1frica hayan podido contraer con China por las v\u00edas del endeudamiento y las inversiones, es previsible que los miembros del BRICS<strong> intenten aferrarse a su tradicional pol\u00edtica de no- alineamiento.<\/strong><\/p>\n<p>En definitiva, el grupo BRICS de hoy es sobre todo <strong>un grupo de presi\u00f3n que se define por su libertad<\/strong> (algunos dir\u00edan oposici\u00f3n) hacia Occidente y su modelo pol\u00edtico y social. Pero distan mucho de convertirse en una <strong>verdadera alternativa global<\/strong> y de liderar el mundo en v\u00edas de desarrollo.<\/p>\n<span class='bctt-click-to-tweet'><span class='bctt-ctt-text'><a href='https:\/\/twitter.com\/intent\/tweet?url=https%3A%2F%2Fconversesacatalunya.cat%2Fes%2Fgrupo-brics-alternativa-occidente%2F&#038;text=A%20simple%20vista%2C%20los%20integrantes%20del%20BRICS%20parecen%20constituir%20la%20vanguardia%20de%20los%20pa%C3%ADses%20emergentes.%20Pero%20m%C3%A1s%20all%C3%A1%20de%20la%20distancia%20que%20toman%20con%20Europa%20y%20Estados%20Unidos%2C%20poco%20les%20une&#038;via=conversesacat&#038;related=conversesacat' target='_blank'rel=\"noopener noreferrer\">A simple vista, los integrantes del BRICS parecen constituir la vanguardia de los pa\u00edses emergentes. Pero m\u00e1s all\u00e1 de la distancia que toman con Europa y Estados Unidos, poco les une <\/a><\/span><a href='https:\/\/twitter.com\/intent\/tweet?url=https%3A%2F%2Fconversesacatalunya.cat%2Fes%2Fgrupo-brics-alternativa-occidente%2F&#038;text=A%20simple%20vista%2C%20los%20integrantes%20del%20BRICS%20parecen%20constituir%20la%20vanguardia%20de%20los%20pa%C3%ADses%20emergentes.%20Pero%20m%C3%A1s%20all%C3%A1%20de%20la%20distancia%20que%20toman%20con%20Europa%20y%20Estados%20Unidos%2C%20poco%20les%20une&#038;via=conversesacat&#038;related=conversesacat' target='_blank' class='bctt-ctt-btn'rel=\"noopener noreferrer\">Compartir en X<\/a><\/span>\n<div id=\"polls-206\" class=\"wp-polls\">\n\t<form id=\"polls_form_206\" class=\"wp-polls-form\" action=\"\/index.php\" method=\"post\">\n\t\t<p style=\"display: none;\"><input type=\"hidden\" id=\"poll_206_nonce\" name=\"wp-polls-nonce\" value=\"43bb8dd86d\" \/><\/p>\n\t\t<p style=\"display: none;\"><input type=\"hidden\" name=\"poll_id\" value=\"206\" \/><\/p>\n\t\t<p style=\"text-align: center\"><strong>S'atrevir\u00e0 Puigdemont a pr\u00e9mer el bot\u00f3 nuclear per fer inviable la presid\u00e8ncia de S\u00e1nchez?<\/strong><\/p><div id=\"polls-206-ans\" class=\"wp-polls-ans\"><ul class=\"wp-polls-ul\">\n\t\t<li><input type=\"radio\" id=\"poll-answer-572\" name=\"poll_206\" value=\"572\" \/> <label for=\"poll-answer-572\">S\u00ed<\/label><\/li>\n\t\t<li><input type=\"radio\" id=\"poll-answer-573\" name=\"poll_206\" value=\"573\" \/> <label for=\"poll-answer-573\">No<\/label><\/li>\n\t\t<li><input type=\"radio\" id=\"poll-answer-574\" name=\"poll_206\" value=\"574\" \/> <label for=\"poll-answer-574\">No ho s\u00e9<\/label><\/li>\n\t\t<\/ul><p style=\"text-align: center\"><input type=\"button\" name=\"vote\" value=\"   Vota   \" class=\"Buttons\" onclick=\"poll_vote(206);\" \/><\/p><p style=\"text-align: center\"><a href=\"#ViewPollResults\" onclick=\"poll_result(206); return false;\" title=\"View Results Of This Poll\">Mira els resultats<\/a><\/p><\/div>\n\t<\/form>\n<\/div>\n<div id=\"polls-206-loading\" class=\"wp-polls-loading\"><img decoding=\"async\" data-src=\"https:\/\/conversesacatalunya.cat\/wp-content\/plugins\/wp-polls\/images\/loading.gif\" width=\"16\" height=\"16\" alt=\"Cargando ...\" title=\"Cargando ...\" class=\"wp-polls-image lazyload\" src=\"data:image\/svg+xml;base64,PHN2ZyB3aWR0aD0iMSIgaGVpZ2h0PSIxIiB4bWxucz0iaHR0cDovL3d3dy53My5vcmcvMjAwMC9zdmciPjwvc3ZnPg==\" style=\"--smush-placeholder-width: 16px; --smush-placeholder-aspect-ratio: 16\/16;\" \/>&nbsp;Cargando ...<\/div>\n\n","protected":false},"excerpt":{"rendered":"<p>Entre el 22 y el 24 de agosto tendr\u00e1 lugar la decimoquinta cumbre anual del grupo conocido como \u00abBRICS\u00bb, conformado por Brasil, Rusia, India, China y Sud\u00e1frica. Dejando a un lado la ausencia f\u00edsica de Vladimir Putin debido a la orden de arresto emitida por el Tribunal Penal Internacional que obligar\u00eda a la naci\u00f3n anfitriona (y miembro de este organismo de justicia), Sud\u00e1frica, a detenerle, el evento es una buena ocasi\u00f3n para analizar este extra\u00f1o grupo, su papel y perspectivas de futuro. Para empezar, cabe precisar que como recoge el periodista especializado en comercio internacional Alan Beattie en el Financial Times, el propio t\u00e9rmino \u00abBRIC\u00bb es una invenci\u00f3n occidental, y m\u00e1s particularmente de la banca norteamericana Goldman Sachs en 2001 (la \u00abS\u00bb de Sur\u00e1frica se incorpor\u00f3 m\u00e1s tarde al concepto). No fue hasta 2009 cuando tuvo lugar la primera cumbre del BRICS, y desde entonces sus l\u00edderes han mantenido la cita en su agenda anual, ya que se ha celebrado un nuevo encuentro al m\u00e1s alto nivel cada a\u00f1o. Sur\u00e1frica se incorpor\u00f3 formalmente en 2011. \u00bfQu\u00e9 tiene en com\u00fan el grupo BRICS? A primera vista, los integrantes del BRICS parecen constituir la vanguardia de los pa\u00edses emergentes, reuniendo a econom\u00edas con un potencial de crecimiento particularmente elevado y que coinciden adem\u00e1s en una cierta voluntad pol\u00edtica de distanciamiento respecto a Occidente. Pero observados de cerca, se llega r\u00e1pidamente a la conclusi\u00f3n de que en t\u00e9rminos econ\u00f3micos poco tienen en com\u00fan. En los a\u00f1os noventa, Rusia se hallaba inmersa en el caos pol\u00edtico postsovi\u00e9tico y en la cat\u00e1strofe econ\u00f3mica de un proceso de liberalizaci\u00f3n terriblemente ejecutado. A su vez, Brasil trataba de estabilizar su moneda tras la \u00abD\u00e9cada perdida\u00bb que asol\u00f3 Iberoam\u00e9rica durante la d\u00e9cada de los ochenta. India, con una econom\u00eda fuertemente intervenida, tampoco se encontraba en una situaci\u00f3n envidiable y sal\u00eda de una crisis cambiaria entre 1990 y 1991. S\u00f3lo China, impulsada por las reformas de Deng Xiaoping de los ochenta, estaba sentando las bases de lo que m\u00e1s tarde se convertir\u00eda en su milagro econ\u00f3mico. Todos estos pa\u00edses s\u00ed tienen en com\u00fan que se beneficiaran durante la d\u00e9cada de los 2000 del boom de la globalizaci\u00f3n y de las materias primas. China logr\u00f3 ir m\u00e1s all\u00e1 y acercarse a los niveles de renta occidentales gracias a sus progresos tecnol\u00f3gicos y convertirse en una econom\u00eda basada en el conocimiento. Rusia, India, Brasil y Sud\u00e1frica, en cambio, no aprovecharon la bonanza econ\u00f3mica para transformar su crecimiento y hacerlo verdaderamente sostenible. Hoy, Sud\u00e1frica parece m\u00e1s abocada a la decadencia que al desarrollo econ\u00f3mico, Rusia y Brasil muestran un crecimiento econ\u00f3mico titubeante y s\u00f3lo India est\u00e1 tomando velocidad, pero todav\u00eda se encuentra a a\u00f1os luz de China. \u00bfHacia un club de fans de China? Desde la emergencia formal del BRICS, China no ha hecho m\u00e1s que crecer distanci\u00e1ndose de los dem\u00e1s miembros, hasta el punto de rivalizar de t\u00fa a t\u00fa con Estados Unidos en el \u00e1mbito econ\u00f3mico y plantearse como una alternativa pol\u00edtica al liberalismo occidental. Mientras, Brasil (incluso bajo Lula da Silva, admirador confeso de Hugo Ch\u00e1vez) y Sur\u00e1frica mantienen intereses econ\u00f3micos demasiado importantes para alejarse de Europa y Estados Unidos. El caso de India es a\u00fan m\u00e1s extremo porque forma parte de la iniciativa militar \u00abdi\u00e1logo cuatrilateral por la seguridad\u00bb, liderada por Estados Unidos en el indo-pac\u00edfico, junto a Jap\u00f3n y Australia. Cuando China insinu\u00f3 expandir el grupo BRICS a otros pa\u00edses, Brasil e India parecieron no haber entendido la propuesta. Y es que hacer entrar a nuevos pa\u00edses, particularmente si \u00e9stos est\u00e1n financieramente comprometidos con China, implica el riesgo de convertir al grupo en un club de seguidores de Pek\u00edn en lugar de los l\u00edderes del mundo emergente. En el actual contexto de competencia entre Estados Unidos y China, el inter\u00e9s de Pek\u00edn en alinear pol\u00edticamente a sus socios es evidente. Pero a pesar de los v\u00ednculos de dependencia que particularmente Brasil y Sud\u00e1frica hayan podido contraer con China por las v\u00edas del endeudamiento y las inversiones, es previsible que los miembros del BRICS intenten aferrarse a su tradicional pol\u00edtica de no- alineamiento. En definitiva, el grupo BRICS de hoy es sobre todo un grupo de presi\u00f3n que se define por su libertad (algunos dir\u00edan oposici\u00f3n) hacia Occidente y su modelo pol\u00edtico y social. Pero distan mucho de convertirse en una verdadera alternativa global y de liderar el mundo en v\u00edas de desarrollo.<\/p>\n","protected":false},"author":75,"featured_media":69773,"comment_status":"open","ping_status":"open","sticky":false,"template":"","format":"standard","meta":{"_FSMCFIC_featured_image_caption":"","_FSMCFIC_featured_image_nocaption":"","_FSMCFIC_featured_image_hide":"","footnotes":""},"categories":[806],"tags":[1713,1343,2844,1875,1092],"class_list":["post-69834","post","type-post","status-publish","format-standard","has-post-thumbnail","hentry","category-punts-claus-del-dia-es","tag-brasil-es","tag-india-es","tag-la-xina-es","tag-occident-es","tag-russia-es"],"yoast_head":"<!-- This site is optimized with the Yoast SEO plugin v26.8 - https:\/\/yoast.com\/product\/yoast-seo-wordpress\/ -->\n<title>grupo BRICS, la extra\u00f1a alternativa a Occidente<\/title>\n<meta name=\"description\" content=\"el grupo BRICS de hoy es sobre todo un grupo de presi\u00f3n que se define por su libertad hacia Occidente y su modelo pol\u00edtico y social\" \/>\n<meta name=\"robots\" content=\"index, follow, max-snippet:-1, max-image-preview:large, max-video-preview:-1\" \/>\n<link rel=\"canonical\" href=\"https:\/\/conversesacatalunya.cat\/es\/grupo-brics-alternativa-occidente\/\" \/>\n<meta property=\"og:locale\" content=\"es_ES\" \/>\n<meta property=\"og:type\" content=\"article\" \/>\n<meta property=\"og:title\" content=\"grupo BRICS, la extra\u00f1a alternativa a Occidente\" \/>\n<meta property=\"og:description\" content=\"el grupo BRICS de hoy es sobre todo un grupo de presi\u00f3n que se define por su libertad hacia Occidente y su modelo pol\u00edtico y social\" \/>\n<meta property=\"og:url\" content=\"https:\/\/conversesacatalunya.cat\/es\/grupo-brics-alternativa-occidente\/\" \/>\n<meta property=\"og:site_name\" content=\"Converses a Catalunya\" \/>\n<meta property=\"article:published_time\" content=\"2023-08-02T07:00:25+00:00\" \/>\n<meta property=\"article:modified_time\" content=\"2023-08-31T08:10:13+00:00\" \/>\n<meta property=\"og:image\" content=\"https:\/\/conversesacatalunya.cat\/wp-content\/uploads\/2023\/07\/Captura-de-pantalla-2023-07-30-a-les-18.43.19.png\" \/>\n\t<meta property=\"og:image:width\" content=\"592\" \/>\n\t<meta property=\"og:image:height\" content=\"423\" \/>\n\t<meta property=\"og:image:type\" content=\"image\/png\" \/>\n<meta name=\"author\" content=\"Carles L\u00f3pez\" \/>\n<meta name=\"twitter:card\" content=\"summary_large_image\" \/>\n<meta name=\"twitter:label1\" content=\"Escrito por\" \/>\n\t<meta name=\"twitter:data1\" content=\"Carles L\u00f3pez\" \/>\n\t<meta name=\"twitter:label2\" content=\"Tiempo de lectura\" \/>\n\t<meta name=\"twitter:data2\" content=\"4 minutos\" \/>\n<script type=\"application\/ld+json\" class=\"yoast-schema-graph\">{\"@context\":\"https:\/\/schema.org\",\"@graph\":[{\"@type\":\"Article\",\"@id\":\"https:\/\/conversesacatalunya.cat\/es\/grupo-brics-alternativa-occidente\/#article\",\"isPartOf\":{\"@id\":\"https:\/\/conversesacatalunya.cat\/es\/grupo-brics-alternativa-occidente\/\"},\"author\":{\"name\":\"Carles L\u00f3pez\",\"@id\":\"https:\/\/conversesacatalunya.cat\/#\/schema\/person\/3ce2ab16c0a3803086d80722c7cad56a\"},\"headline\":\"G\u00e9nesis y perspectivas del grupo BRICS, la extra\u00f1a alternativa a Occidente\",\"datePublished\":\"2023-08-02T07:00:25+00:00\",\"dateModified\":\"2023-08-31T08:10:13+00:00\",\"mainEntityOfPage\":{\"@id\":\"https:\/\/conversesacatalunya.cat\/es\/grupo-brics-alternativa-occidente\/\"},\"wordCount\":857,\"commentCount\":0,\"image\":{\"@id\":\"https:\/\/conversesacatalunya.cat\/es\/grupo-brics-alternativa-occidente\/#primaryimage\"},\"thumbnailUrl\":\"https:\/\/conversesacatalunya.cat\/wp-content\/uploads\/2023\/07\/Captura-de-pantalla-2023-07-30-a-les-18.43.19.png\",\"keywords\":[\"Brasil\",\"India\",\"la Xina\",\"Occident\",\"R\u00fassia\"],\"articleSection\":[\"Punts clau del dia (ES)\"],\"inLanguage\":\"es\",\"potentialAction\":[{\"@type\":\"CommentAction\",\"name\":\"Comment\",\"target\":[\"https:\/\/conversesacatalunya.cat\/es\/grupo-brics-alternativa-occidente\/#respond\"]}]},{\"@type\":\"WebPage\",\"@id\":\"https:\/\/conversesacatalunya.cat\/es\/grupo-brics-alternativa-occidente\/\",\"url\":\"https:\/\/conversesacatalunya.cat\/es\/grupo-brics-alternativa-occidente\/\",\"name\":\"grupo BRICS, la extra\u00f1a alternativa a Occidente\",\"isPartOf\":{\"@id\":\"https:\/\/conversesacatalunya.cat\/#website\"},\"primaryImageOfPage\":{\"@id\":\"https:\/\/conversesacatalunya.cat\/es\/grupo-brics-alternativa-occidente\/#primaryimage\"},\"image\":{\"@id\":\"https:\/\/conversesacatalunya.cat\/es\/grupo-brics-alternativa-occidente\/#primaryimage\"},\"thumbnailUrl\":\"https:\/\/conversesacatalunya.cat\/wp-content\/uploads\/2023\/07\/Captura-de-pantalla-2023-07-30-a-les-18.43.19.png\",\"datePublished\":\"2023-08-02T07:00:25+00:00\",\"dateModified\":\"2023-08-31T08:10:13+00:00\",\"author\":{\"@id\":\"https:\/\/conversesacatalunya.cat\/#\/schema\/person\/3ce2ab16c0a3803086d80722c7cad56a\"},\"description\":\"el grupo BRICS de hoy es sobre todo un grupo de presi\u00f3n que se define por su libertad hacia Occidente y su modelo pol\u00edtico y social\",\"breadcrumb\":{\"@id\":\"https:\/\/conversesacatalunya.cat\/es\/grupo-brics-alternativa-occidente\/#breadcrumb\"},\"inLanguage\":\"es\",\"potentialAction\":[{\"@type\":\"ReadAction\",\"target\":[\"https:\/\/conversesacatalunya.cat\/es\/grupo-brics-alternativa-occidente\/\"]}]},{\"@type\":\"ImageObject\",\"inLanguage\":\"es\",\"@id\":\"https:\/\/conversesacatalunya.cat\/es\/grupo-brics-alternativa-occidente\/#primaryimage\",\"url\":\"https:\/\/conversesacatalunya.cat\/wp-content\/uploads\/2023\/07\/Captura-de-pantalla-2023-07-30-a-les-18.43.19.png\",\"contentUrl\":\"https:\/\/conversesacatalunya.cat\/wp-content\/uploads\/2023\/07\/Captura-de-pantalla-2023-07-30-a-les-18.43.19.png\",\"width\":592,\"height\":423,\"caption\":\"grup BRICS\"},{\"@type\":\"BreadcrumbList\",\"@id\":\"https:\/\/conversesacatalunya.cat\/es\/grupo-brics-alternativa-occidente\/#breadcrumb\",\"itemListElement\":[{\"@type\":\"ListItem\",\"position\":1,\"name\":\"Inici\",\"item\":\"https:\/\/conversesacatalunya.cat\/es\/\"},{\"@type\":\"ListItem\",\"position\":2,\"name\":\"G\u00e9nesis y perspectivas del grupo BRICS, la extra\u00f1a alternativa a Occidente\"}]},{\"@type\":\"WebSite\",\"@id\":\"https:\/\/conversesacatalunya.cat\/#website\",\"url\":\"https:\/\/conversesacatalunya.cat\/\",\"name\":\"Converses a Catalunya\",\"description\":\"\",\"potentialAction\":[{\"@type\":\"SearchAction\",\"target\":{\"@type\":\"EntryPoint\",\"urlTemplate\":\"https:\/\/conversesacatalunya.cat\/?s={search_term_string}\"},\"query-input\":{\"@type\":\"PropertyValueSpecification\",\"valueRequired\":true,\"valueName\":\"search_term_string\"}}],\"inLanguage\":\"es\"},{\"@type\":\"Person\",\"@id\":\"https:\/\/conversesacatalunya.cat\/#\/schema\/person\/3ce2ab16c0a3803086d80722c7cad56a\",\"name\":\"Carles L\u00f3pez\",\"image\":{\"@type\":\"ImageObject\",\"inLanguage\":\"es\",\"@id\":\"https:\/\/conversesacatalunya.cat\/#\/schema\/person\/image\/\",\"url\":\"https:\/\/conversesacatalunya.cat\/wp-content\/litespeed\/avatar\/4891585caf2896e97846ab77f06edcf2.jpg?ver=1777091173\",\"contentUrl\":\"https:\/\/conversesacatalunya.cat\/wp-content\/litespeed\/avatar\/4891585caf2896e97846ab77f06edcf2.jpg?ver=1777091173\",\"caption\":\"Carles L\u00f3pez\"},\"url\":\"https:\/\/conversesacatalunya.cat\/es\/author\/carles-lopez\/\"}]}<\/script>\n<!-- \/ Yoast SEO plugin. -->","yoast_head_json":{"title":"grupo BRICS, la extra\u00f1a alternativa a Occidente","description":"el grupo BRICS de hoy es sobre todo un grupo de presi\u00f3n que se define por su libertad hacia Occidente y su modelo pol\u00edtico y social","robots":{"index":"index","follow":"follow","max-snippet":"max-snippet:-1","max-image-preview":"max-image-preview:large","max-video-preview":"max-video-preview:-1"},"canonical":"https:\/\/conversesacatalunya.cat\/es\/grupo-brics-alternativa-occidente\/","og_locale":"es_ES","og_type":"article","og_title":"grupo BRICS, la extra\u00f1a alternativa a Occidente","og_description":"el grupo BRICS de hoy es sobre todo un grupo de presi\u00f3n que se define por su libertad hacia Occidente y su modelo pol\u00edtico y social","og_url":"https:\/\/conversesacatalunya.cat\/es\/grupo-brics-alternativa-occidente\/","og_site_name":"Converses a Catalunya","article_published_time":"2023-08-02T07:00:25+00:00","article_modified_time":"2023-08-31T08:10:13+00:00","og_image":[{"width":592,"height":423,"url":"https:\/\/conversesacatalunya.cat\/wp-content\/uploads\/2023\/07\/Captura-de-pantalla-2023-07-30-a-les-18.43.19.png","type":"image\/png"}],"author":"Carles L\u00f3pez","twitter_card":"summary_large_image","twitter_misc":{"Escrito por":"Carles L\u00f3pez","Tiempo de lectura":"4 minutos"},"schema":{"@context":"https:\/\/schema.org","@graph":[{"@type":"Article","@id":"https:\/\/conversesacatalunya.cat\/es\/grupo-brics-alternativa-occidente\/#article","isPartOf":{"@id":"https:\/\/conversesacatalunya.cat\/es\/grupo-brics-alternativa-occidente\/"},"author":{"name":"Carles L\u00f3pez","@id":"https:\/\/conversesacatalunya.cat\/#\/schema\/person\/3ce2ab16c0a3803086d80722c7cad56a"},"headline":"G\u00e9nesis y perspectivas del grupo BRICS, la extra\u00f1a alternativa a Occidente","datePublished":"2023-08-02T07:00:25+00:00","dateModified":"2023-08-31T08:10:13+00:00","mainEntityOfPage":{"@id":"https:\/\/conversesacatalunya.cat\/es\/grupo-brics-alternativa-occidente\/"},"wordCount":857,"commentCount":0,"image":{"@id":"https:\/\/conversesacatalunya.cat\/es\/grupo-brics-alternativa-occidente\/#primaryimage"},"thumbnailUrl":"https:\/\/conversesacatalunya.cat\/wp-content\/uploads\/2023\/07\/Captura-de-pantalla-2023-07-30-a-les-18.43.19.png","keywords":["Brasil","India","la Xina","Occident","R\u00fassia"],"articleSection":["Punts clau del dia (ES)"],"inLanguage":"es","potentialAction":[{"@type":"CommentAction","name":"Comment","target":["https:\/\/conversesacatalunya.cat\/es\/grupo-brics-alternativa-occidente\/#respond"]}]},{"@type":"WebPage","@id":"https:\/\/conversesacatalunya.cat\/es\/grupo-brics-alternativa-occidente\/","url":"https:\/\/conversesacatalunya.cat\/es\/grupo-brics-alternativa-occidente\/","name":"grupo BRICS, la extra\u00f1a alternativa a Occidente","isPartOf":{"@id":"https:\/\/conversesacatalunya.cat\/#website"},"primaryImageOfPage":{"@id":"https:\/\/conversesacatalunya.cat\/es\/grupo-brics-alternativa-occidente\/#primaryimage"},"image":{"@id":"https:\/\/conversesacatalunya.cat\/es\/grupo-brics-alternativa-occidente\/#primaryimage"},"thumbnailUrl":"https:\/\/conversesacatalunya.cat\/wp-content\/uploads\/2023\/07\/Captura-de-pantalla-2023-07-30-a-les-18.43.19.png","datePublished":"2023-08-02T07:00:25+00:00","dateModified":"2023-08-31T08:10:13+00:00","author":{"@id":"https:\/\/conversesacatalunya.cat\/#\/schema\/person\/3ce2ab16c0a3803086d80722c7cad56a"},"description":"el grupo BRICS de hoy es sobre todo un grupo de presi\u00f3n que se define por su libertad hacia Occidente y su modelo pol\u00edtico y social","breadcrumb":{"@id":"https:\/\/conversesacatalunya.cat\/es\/grupo-brics-alternativa-occidente\/#breadcrumb"},"inLanguage":"es","potentialAction":[{"@type":"ReadAction","target":["https:\/\/conversesacatalunya.cat\/es\/grupo-brics-alternativa-occidente\/"]}]},{"@type":"ImageObject","inLanguage":"es","@id":"https:\/\/conversesacatalunya.cat\/es\/grupo-brics-alternativa-occidente\/#primaryimage","url":"https:\/\/conversesacatalunya.cat\/wp-content\/uploads\/2023\/07\/Captura-de-pantalla-2023-07-30-a-les-18.43.19.png","contentUrl":"https:\/\/conversesacatalunya.cat\/wp-content\/uploads\/2023\/07\/Captura-de-pantalla-2023-07-30-a-les-18.43.19.png","width":592,"height":423,"caption":"grup BRICS"},{"@type":"BreadcrumbList","@id":"https:\/\/conversesacatalunya.cat\/es\/grupo-brics-alternativa-occidente\/#breadcrumb","itemListElement":[{"@type":"ListItem","position":1,"name":"Inici","item":"https:\/\/conversesacatalunya.cat\/es\/"},{"@type":"ListItem","position":2,"name":"G\u00e9nesis y perspectivas del grupo BRICS, la extra\u00f1a alternativa a Occidente"}]},{"@type":"WebSite","@id":"https:\/\/conversesacatalunya.cat\/#website","url":"https:\/\/conversesacatalunya.cat\/","name":"Converses a Catalunya","description":"","potentialAction":[{"@type":"SearchAction","target":{"@type":"EntryPoint","urlTemplate":"https:\/\/conversesacatalunya.cat\/?s={search_term_string}"},"query-input":{"@type":"PropertyValueSpecification","valueRequired":true,"valueName":"search_term_string"}}],"inLanguage":"es"},{"@type":"Person","@id":"https:\/\/conversesacatalunya.cat\/#\/schema\/person\/3ce2ab16c0a3803086d80722c7cad56a","name":"Carles L\u00f3pez","image":{"@type":"ImageObject","inLanguage":"es","@id":"https:\/\/conversesacatalunya.cat\/#\/schema\/person\/image\/","url":"https:\/\/conversesacatalunya.cat\/wp-content\/litespeed\/avatar\/4891585caf2896e97846ab77f06edcf2.jpg?ver=1777091173","contentUrl":"https:\/\/conversesacatalunya.cat\/wp-content\/litespeed\/avatar\/4891585caf2896e97846ab77f06edcf2.jpg?ver=1777091173","caption":"Carles L\u00f3pez"},"url":"https:\/\/conversesacatalunya.cat\/es\/author\/carles-lopez\/"}]}},"wps_subtitle":"A simple vista, los integrantes del BRICS parecen constituir la vanguardia de los pa\u00edses emergentes. Pero m\u00e1s all\u00e1 de la distancia que toman con Europa y Estados Unidos, poco les une","_links":{"self":[{"href":"https:\/\/conversesacatalunya.cat\/es\/wp-json\/wp\/v2\/posts\/69834","targetHints":{"allow":["GET"]}}],"collection":[{"href":"https:\/\/conversesacatalunya.cat\/es\/wp-json\/wp\/v2\/posts"}],"about":[{"href":"https:\/\/conversesacatalunya.cat\/es\/wp-json\/wp\/v2\/types\/post"}],"author":[{"embeddable":true,"href":"https:\/\/conversesacatalunya.cat\/es\/wp-json\/wp\/v2\/users\/75"}],"replies":[{"embeddable":true,"href":"https:\/\/conversesacatalunya.cat\/es\/wp-json\/wp\/v2\/comments?post=69834"}],"version-history":[{"count":8,"href":"https:\/\/conversesacatalunya.cat\/es\/wp-json\/wp\/v2\/posts\/69834\/revisions"}],"predecessor-version":[{"id":69846,"href":"https:\/\/conversesacatalunya.cat\/es\/wp-json\/wp\/v2\/posts\/69834\/revisions\/69846"}],"wp:featuredmedia":[{"embeddable":true,"href":"https:\/\/conversesacatalunya.cat\/es\/wp-json\/wp\/v2\/media\/69773"}],"wp:attachment":[{"href":"https:\/\/conversesacatalunya.cat\/es\/wp-json\/wp\/v2\/media?parent=69834"}],"wp:term":[{"taxonomy":"category","embeddable":true,"href":"https:\/\/conversesacatalunya.cat\/es\/wp-json\/wp\/v2\/categories?post=69834"},{"taxonomy":"post_tag","embeddable":true,"href":"https:\/\/conversesacatalunya.cat\/es\/wp-json\/wp\/v2\/tags?post=69834"}],"curies":[{"name":"wp","href":"https:\/\/api.w.org\/{rel}","templated":true}]}}