{"id":69812,"date":"2023-08-01T10:10:32","date_gmt":"2023-08-01T08:10:32","guid":{"rendered":"https:\/\/conversesacatalunya.cat\/?p=69812"},"modified":"2023-08-01T10:10:32","modified_gmt":"2023-08-01T08:10:32","slug":"cumbre-otan-en-vilna-malos-resultados-rusia","status":"publish","type":"post","link":"https:\/\/conversesacatalunya.cat\/es\/cumbre-otan-en-vilna-malos-resultados-rusia\/","title":{"rendered":"Cumbre de la OTAN en Vilna (Lituania): malos resultados para la Rusia de Putin"},"content":{"rendered":"<p>La cumbre de la<strong> OTAN<\/strong> celebrada<strong> en julio en Vilna<\/strong>, capital de Lituania -uno de los pa\u00edses \u00a0miembros de la organizaci\u00f3n atl\u00e1ntica\u00a0 m\u00e1s motivados para hacer pagar a Rusia un alto precio\u00a0 por su invasi\u00f3n de Ucrania-\u00a0 acab\u00f3 con el acuerdo de <strong>invitar a Ucrania a incorporarse como socio 33\u00ba a la Alianza Atl\u00e1ntica<\/strong> \u00abcuando se den las condiciones\u00bb.<\/p>\n<p>Se trata de una declaraci\u00f3n que permite a los aliados salvar su compromiso de seguir apoyando al pa\u00eds, junto con un plan \u00absin precedentes\u00bb para conseguir la m\u00e1xima convergencia pol\u00edtica y militar con Kiiv.<\/p>\n<p><strong>Finlandia<\/strong> se convirti\u00f3 el pasado mes de abril en el socio 31\u00ba, mientras que<strong> Suecia<\/strong>, a\u00fan bloqueada por Turqu\u00eda, espera entrar en breve y completar como socio 32\u00ba una ampliaci\u00f3n hist\u00f3rica de la Alianza, que tendr\u00e1 frontera con Rusia a lo largo de todo el<a href=\"https:\/\/conversesacatalunya.cat\/es\/baltico-lago-otan-suecia-finlandia\/\" target=\"_blank\" rel=\"noopener\"><strong> Mar B\u00e1ltico<\/strong><\/a>, convertido de facto en un lago interno de la OTAN, a pesar de la presencia militar rusa en el golfo de Finlandia (San Petersburgo) y Kaliningrado.<\/p>\n<h3><strong>OTAN, Turqu\u00eda y Suecia<\/strong><\/h3>\n<p>El d\u00eda antes de la cumbre, <strong>Turqu\u00eda se convirti\u00f3 en inesperado protagonista<\/strong>, m\u00e1s all\u00e1 de Ucrania y de Zelenski, al supeditar a Erdogan su aprobaci\u00f3n de ingreso de Suecia en la OTAN al impulso de las negociaciones de ingreso de Turqu\u00eda en la UE.<\/p>\n<p>Se trataba de un <strong>verdadero chantaje pol\u00edtico<\/strong> que irrit\u00f3 en gran medida a los socios aliados porque consideraron que se mezclaban dos cuestiones totalmente diferentes. La mala jugada turca oblig\u00f3 al secretario general de la OTAN, el noruego <strong>Stoltenberg<\/strong>, a montar urgentemente una tanda de negociaciones entre Erdogan y el primer ministro sueco.<\/p>\n<p>Tras la reuni\u00f3n, Suecia, que, desde hac\u00eda un a\u00f1o hab\u00eda pedido el ingreso en la OTAN y hab\u00eda cumplido los requisitos que Turqu\u00eda le hab\u00eda exigido \u2013cambi\u00f3 su Constituci\u00f3n, hab\u00eda endurecido las leyes antiterroristas y levantado el embargo de armas en Ankara\u2013 acept\u00f3 nuevos compromisos cediendo a nuevas peticiones turcas.<\/p>\n<p>Al final, Erdogan levant\u00f3 su veto y prometi\u00f3 dar pronto <strong>luz verde a la entrada sueca<\/strong>, sin especificar fecha concreta. El acuerdo in extremis entre suecos y turcos salvaba uno de los escollos que pod\u00edan haber obstaculizado seriamente el desarrollo de la cumbre.<\/p>\n<h3><strong>UE y Turqu\u00eda<\/strong><\/h3>\n<p>Cabe recordar que la adhesi\u00f3n a la UE se rige por un proceso muy regulado que deben seguir los pa\u00edses candidatos. <strong>Turqu\u00eda pidi\u00f3 el ingreso en 1987<\/strong> y fue declarado pa\u00eds candidato en <strong>1999<\/strong>. Pero desde el <strong>golpe de estado de 2016<\/strong> y la posterior deriva autoritaria e islamista por parte de Erdogan, las negociaciones no s\u00f3lo han sido congeladas, sino que en la UE ha habido \u00a0la sensaci\u00f3n generalizada de que \u00a0Turqu\u00eda \u00a0se estaba alejando cada vez m\u00e1s del proyecto europeo.<\/p>\n<p>Bruselas ha avisado a Ankara de que no habr\u00e1 \u00abatajos\u00bb en su proceso de adhesi\u00f3n a la UE, suspendido en buena parte por el retroceso de los \u00faltimos a\u00f1os en materia de estado de derecho y protecci\u00f3n de los derechos humanos.<\/p>\n<p>M\u00e1s inmediatos, sin embargo, pueden ser los avances sobre la actualizaci\u00f3n de<strong> la uni\u00f3n aduanera existente entre la UE y Turqu\u00eda.<\/strong> Lo que s\u00ed se ha acordado es que la Comisi\u00f3n Europea presentar\u00e1 en octubre no s\u00f3lo la habitual evaluaci\u00f3n sobre el estado de las negociaciones de adhesi\u00f3n sino tambi\u00e9n un informe adicional que plantee nuevas v\u00edas para estrechar la cooperaci\u00f3n.<\/p>\n<h3><strong>OTAN y Ucrania<\/strong><\/h3>\n<p><strong>La declaraci\u00f3n de invitar a Ucrania \u201ccuando se den las condiciones\u201d fue duramente criticada en un primer momento por el presidente ucraniano<\/strong>, Zelenski, por su falta de concreci\u00f3n, mientras acusaba a la OTAN de debilidad ante Rusia. Un punto de vista que suaviz\u00f3 el segundo d\u00eda de la cumbre, cuando declar\u00f3 \u201centender que no se hable ahora de adhesi\u00f3n porque nadie quiere una guerra mundial\u201d.<\/p>\n<p>\u00c9ste fue el principal y tenso resultado final de una cumbre que <strong>puso a prueba la unidad de la OTAN<\/strong>. No se le pod\u00eda ofrecer a Ucrania que fuese autom\u00e1tico su ingreso antes de terminar la guerra, ya que esto arrastrar\u00eda a la Alianza a un conflicto global.<\/p>\n<p>La discusi\u00f3n fue fuerte entre los pa\u00edses que apostaban por una respuesta lo m\u00e1s concreta posible a la invasi\u00f3n rusa -los pa\u00edses b\u00e1lticos con Lituania a la cabeza y los del Este, fronterizos de Rusia, con <a href=\"https:\/\/conversesacatalunya.cat\/es\/polonia-otan-ue\/\" target=\"_blank\" rel=\"noopener\"><strong>Polonia de l\u00edder<\/strong><\/a>&#8211; y los que prefer\u00edan centrarse- se en priorizar al m\u00e1ximo la ayuda militar a Kiiv y ganar la guerra.<\/p>\n<p><strong>Estados Unidos y Alemania<\/strong> se mostraron partidarios de la segunda posici\u00f3n. El resultado final de la discusi\u00f3n fue en la l\u00ednea de los estados partidarios de la cautela, sin olvidar su compromiso con Ucrania y la negociaci\u00f3n de \u201cgarant\u00edas de seguridad bilaterales\u00bb.<\/p>\n<p>Actualmente todo parece indicar que<strong> ni Ucrania est\u00e1 ganando la guerra<\/strong>, pese a su contraofensiva, <strong>ni Rusia la est\u00e1 perdiendo<\/strong>, gracias a la resistencia de las nuevas l\u00edneas defensivas rusas (trincheras, bunkers, campos de minas, artiller\u00eda pesada).<\/p>\n<h4><strong>Dejada la adhesi\u00f3n a la OTAN para m\u00e1s adelante, el blindaje militar y pol\u00edtico\u00a0que se ofreci\u00f3 en Ucrania \u201cno tiene precedentes\u201d.<\/strong><\/h4>\n<p>Se puso en marcha un<strong> Consejo OTAN-Ucrania en un plan de igualdad,<\/strong> que celebr\u00f3 el 12 de julio su primera reuni\u00f3n, y se aceler\u00f3 la transici\u00f3n militar ucraniana para dejar el armamento de la era sovi\u00e9tica. El compromiso aliado bilateral con Kiiv fue total.<\/p>\n<p><strong>El secretario general de la OTAN declar\u00f3<\/strong> que \u00abhoy nos reunimos como iguales, y deseo que pronto nos reuniremos como aliados\u00bb. De esta forma, quer\u00eda enfatizar que las perspectivas de adhesi\u00f3n de Ucrania a la alianza atl\u00e1ntica eran reales.<\/p>\n<p><strong>Zelenski cambi\u00f3 sus duras cr\u00edticas<\/strong> del primer d\u00eda de la cumbre por un posicionamiento m\u00e1s moderado y pragm\u00e1tico, planteando el segundo d\u00eda<strong> tres prioridades:<\/strong> 1) invitaci\u00f3n formal a la OTAN; 2) recepci\u00f3n del armamento necesario para continuar la contraofensiva, y 3) garant\u00edas de seguridad.<\/p>\n<h3><strong>G-7<\/strong><\/h3>\n<p>Las garant\u00edas fueron materializadas no s\u00f3lo en los acuerdos bilaterales firmados con varios pa\u00edses aliados, entre ellos Espa\u00f1a, sino tambi\u00e9n con los suscritos el segundo d\u00eda de la cumbre con <strong>los estados miembros del G-7<\/strong> (grupo formado por los pa\u00edses democr\u00e1ticos m\u00e1s desarrollados del planeta: Estados Unidos, Canad\u00e1, Jap\u00f3n, Alemania, Francia, Italia y Reino Unido).<\/p>\n<p><strong>Espa\u00f1a<\/strong>, pa\u00eds que no es miembro del G-7, pero s\u00ed de la OTAN, se sum\u00f3 al G-7 para ofrecer a Kiiv \u00abcompromisos de seguridad\u00bb. Firm\u00f3 un documento -despu\u00e9s de m\u00e1s de quinientos d\u00edas de guerra y en los m\u00e1rgenes de la cumbre de la OTAN en Vilna- seg\u00fan el cual <strong>se garantiza a Ucrania no solo las armas necesarias sino tambi\u00e9n la tecnolog\u00eda para producirlas<\/strong>, intercambio de inteligencia y m\u00e1s misiones de entrenamiento.<\/p>\n<h5><strong>El G-7 se comprometi\u00f3 a dar \u00a0\u201cseguridad\u201d a Kiiv ante Rusia. Pedro S\u00e1nchez confirm\u00f3 que Espa\u00f1a se sumaba al proyecto de proporcionar \u00abayuda econ\u00f3mica, militar y financiera\u00bb.<\/strong><\/h5>\n<p><strong>El documento dice<\/strong> que \u201clos l\u00edderes del G-7 estaremos junto a Ucrania mientras se defienda de la agresi\u00f3n rusa y durante todo el tiempo que sea necesario\u201d. Esta declaraci\u00f3n conjunta era \u00a0el punto de partida para la firma de \u201cacuerdos bilaterales\u201c de \u201ccompromisos de seguridad\u201d con Kiiv.<\/p>\n<p>Los reunidos en Vilna comentaron que <strong>Rusia se hab\u00eda equivocado<\/strong> cuando apost\u00f3 por una victoria militar r\u00e1pida sobre Ucrania y que tambi\u00e9n equivoc\u00f3 su c\u00e1lculo de que Ucrania no obtendr\u00eda un apoyo internacional aliado sin fisuras.<\/p>\n<h4><strong>La OTAN, la UE y el G-7 confirmaron, una vez m\u00e1s, su \u201cdeterminaci\u00f3n en la ayuda total, incondicional y por el tiempo que sea necesario a Ucrania\u201d.<\/strong><\/h4>\n<p>La candidatura de Ucrania en la UE, record\u00f3 <strong>Josep Borrell,<\/strong> ha creado \u00abuna nueva din\u00e1mica en nuestra vecindad, ya que se acelerar\u00e1 el proceso en todos los Balcanes y Turqu\u00eda tambi\u00e9n querr\u00e1 formar parte de este juego\u00bb. <strong>Erdogan<\/strong> utiliz\u00f3 la cumbre para arrancar nuevas confesiones no s\u00f3lo a Suecia a cambio de levantar su veto al ingreso en la Alianza Atl\u00e1ntida, sino tambi\u00e9n de la UE.<\/p>\n<p><strong>La reuni\u00f3n acab\u00f3 con un punto amargo<\/strong> cuando el presidente turco Erdogan, en rueda de prensa final, aclar\u00f3 que su compromiso de ratificar el protocolo de acceso de Suecia a la OTAN \u201clo antes posible\u201d significaba que no tendr\u00eda lugar antes de octubre, a causa del par\u00f3n de verano del Parlamento turco.<\/p>\n<h4><strong>Otros puntos relevantes aprobados en la cumbre han sido los siguientes.<\/strong><\/h4>\n<p>El gasto de defensa ser\u00e1 al menos del<strong> 2% del PIB<\/strong> de cada pa\u00eds miembro de la OTAN, aunque no se ha fijado un calendario para implementarlo.<\/p>\n<p><b> A instancias de Espa\u00f1a, se ha acordado abrir una reflexi\u00f3n sobre las amenazas del flanco sur<\/b><\/p>\n<p>Se ha dado la<strong> bienvenida a Finlandia<\/strong> como nuevo miembro de pleno derecho de la OTAN, en espera de poder hacer pronto lo mismo con Suecia.<\/p>\n<p>La reciente <strong>celebraci\u00f3n de elecciones tanto en Turqu\u00eda como en Grecia<\/strong>, ha ofrecido una ventana de oportunidad para reanudar el di\u00e1logo entre ambos pa\u00edses y tratar de resolver viejos conflictos, como la divisi\u00f3n de<strong> Chipre<\/strong>. Al margen de la cumbre se han visto, con ese prop\u00f3sito, Erdogan y el tambi\u00e9n reelegido primer ministro griego Kiriakos Mitsokakis.<\/p>\n<p><strong>De la cumbre de Vilna no ha llegado ni una sola buena noticia para Putin.<\/strong> La entrada inmediata de Suecia en la OTAN y la prevista a futuro de Ucrania no han gustado nada en Mosc\u00fa. Adem\u00e1s, ha comprobado c\u00f3mo Erdogan se aleja del Kremlin y se acerca de nuevo a Estados Unidos y a la UE, despu\u00e9s de a\u00f1os de distanciamiento.<\/p>\n<span class='bctt-click-to-tweet'><span class='bctt-ctt-text'><a href='https:\/\/twitter.com\/intent\/tweet?url=https%3A%2F%2Fconversesacatalunya.cat%2Fes%2Fcumbre-otan-en-vilna-malos-resultados-rusia%2F&#038;text=Despu%C3%A9s%20de%20quinientos%20d%C3%ADas%20de%20guerra%20en%20Ucrania%2C%20la%20OTAN%20sigue%20unida%20y%20se%20ampl%C3%ADa%2C%20Turqu%C3%ADa%20se%20acerca%20m%C3%A1s%20a%20Occidente%20y%20no%20flaquea%20la%20ayuda%20europea&#038;via=conversesacat&#038;related=conversesacat' target='_blank'rel=\"noopener noreferrer\">Despu\u00e9s de quinientos d\u00edas de guerra en Ucrania, la OTAN sigue unida y se ampl\u00eda, Turqu\u00eda se acerca m\u00e1s a Occidente y no flaquea la ayuda europea <\/a><\/span><a href='https:\/\/twitter.com\/intent\/tweet?url=https%3A%2F%2Fconversesacatalunya.cat%2Fes%2Fcumbre-otan-en-vilna-malos-resultados-rusia%2F&#038;text=Despu%C3%A9s%20de%20quinientos%20d%C3%ADas%20de%20guerra%20en%20Ucrania%2C%20la%20OTAN%20sigue%20unida%20y%20se%20ampl%C3%ADa%2C%20Turqu%C3%ADa%20se%20acerca%20m%C3%A1s%20a%20Occidente%20y%20no%20flaquea%20la%20ayuda%20europea&#038;via=conversesacat&#038;related=conversesacat' target='_blank' class='bctt-ctt-btn'rel=\"noopener noreferrer\">Compartir en X<\/a><\/span>\n<div id=\"polls-206\" class=\"wp-polls\">\n\t<form id=\"polls_form_206\" class=\"wp-polls-form\" action=\"\/index.php\" method=\"post\">\n\t\t<p style=\"display: none;\"><input type=\"hidden\" id=\"poll_206_nonce\" name=\"wp-polls-nonce\" value=\"c95cfc8129\" \/><\/p>\n\t\t<p style=\"display: none;\"><input type=\"hidden\" name=\"poll_id\" value=\"206\" \/><\/p>\n\t\t<p style=\"text-align: center\"><strong>S'atrevir\u00e0 Puigdemont a pr\u00e9mer el bot\u00f3 nuclear per fer inviable la presid\u00e8ncia de S\u00e1nchez?<\/strong><\/p><div id=\"polls-206-ans\" class=\"wp-polls-ans\"><ul class=\"wp-polls-ul\">\n\t\t<li><input type=\"radio\" id=\"poll-answer-572\" name=\"poll_206\" value=\"572\" \/> <label for=\"poll-answer-572\">S\u00ed<\/label><\/li>\n\t\t<li><input type=\"radio\" id=\"poll-answer-573\" name=\"poll_206\" value=\"573\" \/> <label for=\"poll-answer-573\">No<\/label><\/li>\n\t\t<li><input type=\"radio\" id=\"poll-answer-574\" name=\"poll_206\" value=\"574\" \/> <label for=\"poll-answer-574\">No ho s\u00e9<\/label><\/li>\n\t\t<\/ul><p style=\"text-align: center\"><input type=\"button\" name=\"vote\" value=\"   Vota   \" class=\"Buttons\" onclick=\"poll_vote(206);\" \/><\/p><p style=\"text-align: center\"><a href=\"#ViewPollResults\" onclick=\"poll_result(206); return false;\" title=\"View Results Of This Poll\">Mira els resultats<\/a><\/p><\/div>\n\t<\/form>\n<\/div>\n<div id=\"polls-206-loading\" class=\"wp-polls-loading\"><img decoding=\"async\" data-src=\"https:\/\/conversesacatalunya.cat\/wp-content\/plugins\/wp-polls\/images\/loading.gif\" width=\"16\" height=\"16\" alt=\"Cargando ...\" title=\"Cargando ...\" class=\"wp-polls-image lazyload\" src=\"data:image\/svg+xml;base64,PHN2ZyB3aWR0aD0iMSIgaGVpZ2h0PSIxIiB4bWxucz0iaHR0cDovL3d3dy53My5vcmcvMjAwMC9zdmciPjwvc3ZnPg==\" style=\"--smush-placeholder-width: 16px; --smush-placeholder-aspect-ratio: 16\/16;\" \/>&nbsp;Cargando ...<\/div>\n\n","protected":false},"excerpt":{"rendered":"<p>La cumbre de la OTAN celebrada en julio en Vilna, capital de Lituania -uno de los pa\u00edses \u00a0miembros de la organizaci\u00f3n atl\u00e1ntica\u00a0 m\u00e1s motivados para hacer pagar a Rusia un alto precio\u00a0 por su invasi\u00f3n de Ucrania-\u00a0 acab\u00f3 con el acuerdo de invitar a Ucrania a incorporarse como socio 33\u00ba a la Alianza Atl\u00e1ntica \u00abcuando se den las condiciones\u00bb. Se trata de una declaraci\u00f3n que permite a los aliados salvar su compromiso de seguir apoyando al pa\u00eds, junto con un plan \u00absin precedentes\u00bb para conseguir la m\u00e1xima convergencia pol\u00edtica y militar con Kiiv. Finlandia se convirti\u00f3 el pasado mes de abril en el socio 31\u00ba, mientras que Suecia, a\u00fan bloqueada por Turqu\u00eda, espera entrar en breve y completar como socio 32\u00ba una ampliaci\u00f3n hist\u00f3rica de la Alianza, que tendr\u00e1 frontera con Rusia a lo largo de todo el Mar B\u00e1ltico, convertido de facto en un lago interno de la OTAN, a pesar de la presencia militar rusa en el golfo de Finlandia (San Petersburgo) y Kaliningrado. OTAN, Turqu\u00eda y Suecia El d\u00eda antes de la cumbre, Turqu\u00eda se convirti\u00f3 en inesperado protagonista, m\u00e1s all\u00e1 de Ucrania y de Zelenski, al supeditar a Erdogan su aprobaci\u00f3n de ingreso de Suecia en la OTAN al impulso de las negociaciones de ingreso de Turqu\u00eda en la UE. Se trataba de un verdadero chantaje pol\u00edtico que irrit\u00f3 en gran medida a los socios aliados porque consideraron que se mezclaban dos cuestiones totalmente diferentes. La mala jugada turca oblig\u00f3 al secretario general de la OTAN, el noruego Stoltenberg, a montar urgentemente una tanda de negociaciones entre Erdogan y el primer ministro sueco. Tras la reuni\u00f3n, Suecia, que, desde hac\u00eda un a\u00f1o hab\u00eda pedido el ingreso en la OTAN y hab\u00eda cumplido los requisitos que Turqu\u00eda le hab\u00eda exigido \u2013cambi\u00f3 su Constituci\u00f3n, hab\u00eda endurecido las leyes antiterroristas y levantado el embargo de armas en Ankara\u2013 acept\u00f3 nuevos compromisos cediendo a nuevas peticiones turcas. Al final, Erdogan levant\u00f3 su veto y prometi\u00f3 dar pronto luz verde a la entrada sueca, sin especificar fecha concreta. El acuerdo in extremis entre suecos y turcos salvaba uno de los escollos que pod\u00edan haber obstaculizado seriamente el desarrollo de la cumbre. UE y Turqu\u00eda Cabe recordar que la adhesi\u00f3n a la UE se rige por un proceso muy regulado que deben seguir los pa\u00edses candidatos. Turqu\u00eda pidi\u00f3 el ingreso en 1987 y fue declarado pa\u00eds candidato en 1999. Pero desde el golpe de estado de 2016 y la posterior deriva autoritaria e islamista por parte de Erdogan, las negociaciones no s\u00f3lo han sido congeladas, sino que en la UE ha habido \u00a0la sensaci\u00f3n generalizada de que \u00a0Turqu\u00eda \u00a0se estaba alejando cada vez m\u00e1s del proyecto europeo. Bruselas ha avisado a Ankara de que no habr\u00e1 \u00abatajos\u00bb en su proceso de adhesi\u00f3n a la UE, suspendido en buena parte por el retroceso de los \u00faltimos a\u00f1os en materia de estado de derecho y protecci\u00f3n de los derechos humanos. M\u00e1s inmediatos, sin embargo, pueden ser los avances sobre la actualizaci\u00f3n de la uni\u00f3n aduanera existente entre la UE y Turqu\u00eda. Lo que s\u00ed se ha acordado es que la Comisi\u00f3n Europea presentar\u00e1 en octubre no s\u00f3lo la habitual evaluaci\u00f3n sobre el estado de las negociaciones de adhesi\u00f3n sino tambi\u00e9n un informe adicional que plantee nuevas v\u00edas para estrechar la cooperaci\u00f3n. OTAN y Ucrania La declaraci\u00f3n de invitar a Ucrania \u201ccuando se den las condiciones\u201d fue duramente criticada en un primer momento por el presidente ucraniano, Zelenski, por su falta de concreci\u00f3n, mientras acusaba a la OTAN de debilidad ante Rusia. Un punto de vista que suaviz\u00f3 el segundo d\u00eda de la cumbre, cuando declar\u00f3 \u201centender que no se hable ahora de adhesi\u00f3n porque nadie quiere una guerra mundial\u201d. \u00c9ste fue el principal y tenso resultado final de una cumbre que puso a prueba la unidad de la OTAN. No se le pod\u00eda ofrecer a Ucrania que fuese autom\u00e1tico su ingreso antes de terminar la guerra, ya que esto arrastrar\u00eda a la Alianza a un conflicto global. La discusi\u00f3n fue fuerte entre los pa\u00edses que apostaban por una respuesta lo m\u00e1s concreta posible a la invasi\u00f3n rusa -los pa\u00edses b\u00e1lticos con Lituania a la cabeza y los del Este, fronterizos de Rusia, con Polonia de l\u00edder&#8211; y los que prefer\u00edan centrarse- se en priorizar al m\u00e1ximo la ayuda militar a Kiiv y ganar la guerra. Estados Unidos y Alemania se mostraron partidarios de la segunda posici\u00f3n. El resultado final de la discusi\u00f3n fue en la l\u00ednea de los estados partidarios de la cautela, sin olvidar su compromiso con Ucrania y la negociaci\u00f3n de \u201cgarant\u00edas de seguridad bilaterales\u00bb. Actualmente todo parece indicar que ni Ucrania est\u00e1 ganando la guerra, pese a su contraofensiva, ni Rusia la est\u00e1 perdiendo, gracias a la resistencia de las nuevas l\u00edneas defensivas rusas (trincheras, bunkers, campos de minas, artiller\u00eda pesada). Dejada la adhesi\u00f3n a la OTAN para m\u00e1s adelante, el blindaje militar y pol\u00edtico\u00a0que se ofreci\u00f3 en Ucrania \u201cno tiene precedentes\u201d. Se puso en marcha un Consejo OTAN-Ucrania en un plan de igualdad, que celebr\u00f3 el 12 de julio su primera reuni\u00f3n, y se aceler\u00f3 la transici\u00f3n militar ucraniana para dejar el armamento de la era sovi\u00e9tica. El compromiso aliado bilateral con Kiiv fue total. El secretario general de la OTAN declar\u00f3 que \u00abhoy nos reunimos como iguales, y deseo que pronto nos reuniremos como aliados\u00bb. De esta forma, quer\u00eda enfatizar que las perspectivas de adhesi\u00f3n de Ucrania a la alianza atl\u00e1ntica eran reales. Zelenski cambi\u00f3 sus duras cr\u00edticas del primer d\u00eda de la cumbre por un posicionamiento m\u00e1s moderado y pragm\u00e1tico, planteando el segundo d\u00eda tres prioridades: 1) invitaci\u00f3n formal a la OTAN; 2) recepci\u00f3n del armamento necesario para continuar la contraofensiva, y 3) garant\u00edas de seguridad. G-7 Las garant\u00edas fueron materializadas no s\u00f3lo en los acuerdos bilaterales firmados con varios pa\u00edses aliados, entre ellos Espa\u00f1a, sino tambi\u00e9n con los suscritos el segundo d\u00eda de la cumbre con los estados miembros del G-7 (grupo formado por los pa\u00edses democr\u00e1ticos m\u00e1s desarrollados del planeta: Estados Unidos, Canad\u00e1, Jap\u00f3n, Alemania,&#8230;<\/p>\n","protected":false},"author":38,"featured_media":69810,"comment_status":"open","ping_status":"open","sticky":false,"template":"","format":"standard","meta":{"_FSMCFIC_featured_image_caption":"","_FSMCFIC_featured_image_nocaption":"","_FSMCFIC_featured_image_hide":"","footnotes":""},"categories":[798,806],"tags":[4773,1797,1306,2192],"class_list":["post-69812","post","type-post","status-publish","format-standard","has-post-thumbnail","hentry","category-pro-europa-es","category-punts-claus-del-dia-es","tag-cimera-otan-es","tag-erdogan-es","tag-ucraina-es","tag-unio-euiropea-es"],"yoast_head":"<!-- This site is optimized with the Yoast SEO plugin v26.8 - https:\/\/yoast.com\/product\/yoast-seo-wordpress\/ -->\n<title>Cumbre de la OTAN en Vilna: malos resultados para la Rusia<\/title>\n<meta name=\"description\" content=\"La cumbre de la OTAN celebrada en julio en Vilna, acab\u00f3 con el acuerdo de invitar a Ucrania a incorporarse como socio 33 a de la OTAN\" \/>\n<meta name=\"robots\" content=\"index, follow, max-snippet:-1, max-image-preview:large, max-video-preview:-1\" \/>\n<link rel=\"canonical\" href=\"https:\/\/conversesacatalunya.cat\/es\/cumbre-otan-en-vilna-malos-resultados-rusia\/\" \/>\n<meta property=\"og:locale\" content=\"es_ES\" \/>\n<meta property=\"og:type\" content=\"article\" \/>\n<meta property=\"og:title\" content=\"Cumbre de la OTAN en Vilna: malos resultados para la Rusia\" \/>\n<meta property=\"og:description\" content=\"La cumbre de la OTAN celebrada en julio en Vilna, acab\u00f3 con el acuerdo de invitar a Ucrania a incorporarse como socio 33 a de la OTAN\" \/>\n<meta property=\"og:url\" content=\"https:\/\/conversesacatalunya.cat\/es\/cumbre-otan-en-vilna-malos-resultados-rusia\/\" \/>\n<meta property=\"og:site_name\" content=\"Converses a Catalunya\" \/>\n<meta property=\"article:published_time\" content=\"2023-08-01T08:10:32+00:00\" \/>\n<meta property=\"og:image\" content=\"https:\/\/conversesacatalunya.cat\/wp-content\/uploads\/2023\/08\/OTAN.jpg\" \/>\n\t<meta property=\"og:image:width\" content=\"640\" \/>\n\t<meta property=\"og:image:height\" content=\"427\" \/>\n\t<meta property=\"og:image:type\" content=\"image\/jpeg\" \/>\n<meta name=\"author\" content=\"Victor Pou\" \/>\n<meta name=\"twitter:card\" content=\"summary_large_image\" \/>\n<meta name=\"twitter:label1\" content=\"Escrito por\" \/>\n\t<meta name=\"twitter:data1\" content=\"Victor Pou\" \/>\n\t<meta name=\"twitter:label2\" content=\"Tiempo de lectura\" \/>\n\t<meta name=\"twitter:data2\" content=\"9 minutos\" \/>\n<script type=\"application\/ld+json\" class=\"yoast-schema-graph\">{\"@context\":\"https:\/\/schema.org\",\"@graph\":[{\"@type\":\"Article\",\"@id\":\"https:\/\/conversesacatalunya.cat\/es\/cumbre-otan-en-vilna-malos-resultados-rusia\/#article\",\"isPartOf\":{\"@id\":\"https:\/\/conversesacatalunya.cat\/es\/cumbre-otan-en-vilna-malos-resultados-rusia\/\"},\"author\":{\"name\":\"Victor Pou\",\"@id\":\"https:\/\/conversesacatalunya.cat\/#\/schema\/person\/1b0082ee920b837be791bee630d460b2\"},\"headline\":\"Cumbre de la OTAN en Vilna (Lituania): malos resultados para la Rusia de Putin\",\"datePublished\":\"2023-08-01T08:10:32+00:00\",\"mainEntityOfPage\":{\"@id\":\"https:\/\/conversesacatalunya.cat\/es\/cumbre-otan-en-vilna-malos-resultados-rusia\/\"},\"wordCount\":1724,\"commentCount\":0,\"image\":{\"@id\":\"https:\/\/conversesacatalunya.cat\/es\/cumbre-otan-en-vilna-malos-resultados-rusia\/#primaryimage\"},\"thumbnailUrl\":\"https:\/\/conversesacatalunya.cat\/wp-content\/uploads\/2023\/08\/OTAN.jpg\",\"keywords\":[\"cimera OTAN\",\"Erdogan\",\"Ucra\u00efna\",\"Uni\u00f3 Euiropea\"],\"articleSection\":[\"Pro Europa (ES)\",\"Punts clau del dia (ES)\"],\"inLanguage\":\"es\",\"potentialAction\":[{\"@type\":\"CommentAction\",\"name\":\"Comment\",\"target\":[\"https:\/\/conversesacatalunya.cat\/es\/cumbre-otan-en-vilna-malos-resultados-rusia\/#respond\"]}]},{\"@type\":\"WebPage\",\"@id\":\"https:\/\/conversesacatalunya.cat\/es\/cumbre-otan-en-vilna-malos-resultados-rusia\/\",\"url\":\"https:\/\/conversesacatalunya.cat\/es\/cumbre-otan-en-vilna-malos-resultados-rusia\/\",\"name\":\"Cumbre de la OTAN en Vilna: malos resultados para la Rusia\",\"isPartOf\":{\"@id\":\"https:\/\/conversesacatalunya.cat\/#website\"},\"primaryImageOfPage\":{\"@id\":\"https:\/\/conversesacatalunya.cat\/es\/cumbre-otan-en-vilna-malos-resultados-rusia\/#primaryimage\"},\"image\":{\"@id\":\"https:\/\/conversesacatalunya.cat\/es\/cumbre-otan-en-vilna-malos-resultados-rusia\/#primaryimage\"},\"thumbnailUrl\":\"https:\/\/conversesacatalunya.cat\/wp-content\/uploads\/2023\/08\/OTAN.jpg\",\"datePublished\":\"2023-08-01T08:10:32+00:00\",\"author\":{\"@id\":\"https:\/\/conversesacatalunya.cat\/#\/schema\/person\/1b0082ee920b837be791bee630d460b2\"},\"description\":\"La cumbre de la OTAN celebrada en julio en Vilna, acab\u00f3 con el acuerdo de invitar a Ucrania a incorporarse como socio 33 a de la OTAN\",\"breadcrumb\":{\"@id\":\"https:\/\/conversesacatalunya.cat\/es\/cumbre-otan-en-vilna-malos-resultados-rusia\/#breadcrumb\"},\"inLanguage\":\"es\",\"potentialAction\":[{\"@type\":\"ReadAction\",\"target\":[\"https:\/\/conversesacatalunya.cat\/es\/cumbre-otan-en-vilna-malos-resultados-rusia\/\"]}]},{\"@type\":\"ImageObject\",\"inLanguage\":\"es\",\"@id\":\"https:\/\/conversesacatalunya.cat\/es\/cumbre-otan-en-vilna-malos-resultados-rusia\/#primaryimage\",\"url\":\"https:\/\/conversesacatalunya.cat\/wp-content\/uploads\/2023\/08\/OTAN.jpg\",\"contentUrl\":\"https:\/\/conversesacatalunya.cat\/wp-content\/uploads\/2023\/08\/OTAN.jpg\",\"width\":640,\"height\":427,\"caption\":\"cimera de l'OTAN a Vilnius\"},{\"@type\":\"BreadcrumbList\",\"@id\":\"https:\/\/conversesacatalunya.cat\/es\/cumbre-otan-en-vilna-malos-resultados-rusia\/#breadcrumb\",\"itemListElement\":[{\"@type\":\"ListItem\",\"position\":1,\"name\":\"Inici\",\"item\":\"https:\/\/conversesacatalunya.cat\/es\/\"},{\"@type\":\"ListItem\",\"position\":2,\"name\":\"Cumbre de la OTAN en Vilna (Lituania): malos resultados para la Rusia de Putin\"}]},{\"@type\":\"WebSite\",\"@id\":\"https:\/\/conversesacatalunya.cat\/#website\",\"url\":\"https:\/\/conversesacatalunya.cat\/\",\"name\":\"Converses a Catalunya\",\"description\":\"\",\"potentialAction\":[{\"@type\":\"SearchAction\",\"target\":{\"@type\":\"EntryPoint\",\"urlTemplate\":\"https:\/\/conversesacatalunya.cat\/?s={search_term_string}\"},\"query-input\":{\"@type\":\"PropertyValueSpecification\",\"valueRequired\":true,\"valueName\":\"search_term_string\"}}],\"inLanguage\":\"es\"},{\"@type\":\"Person\",\"@id\":\"https:\/\/conversesacatalunya.cat\/#\/schema\/person\/1b0082ee920b837be791bee630d460b2\",\"name\":\"Victor Pou\",\"image\":{\"@type\":\"ImageObject\",\"inLanguage\":\"es\",\"@id\":\"https:\/\/conversesacatalunya.cat\/#\/schema\/person\/image\/\",\"url\":\"https:\/\/conversesacatalunya.cat\/wp-content\/litespeed\/avatar\/b9b32a5f987117ce72836d050f735d2b.jpg?ver=1777366285\",\"contentUrl\":\"https:\/\/conversesacatalunya.cat\/wp-content\/litespeed\/avatar\/b9b32a5f987117ce72836d050f735d2b.jpg?ver=1777366285\",\"caption\":\"Victor Pou\"},\"url\":\"https:\/\/conversesacatalunya.cat\/es\/author\/victor_pou\/\"}]}<\/script>\n<!-- \/ Yoast SEO plugin. -->","yoast_head_json":{"title":"Cumbre de la OTAN en Vilna: malos resultados para la Rusia","description":"La cumbre de la OTAN celebrada en julio en Vilna, acab\u00f3 con el acuerdo de invitar a Ucrania a incorporarse como socio 33 a de la OTAN","robots":{"index":"index","follow":"follow","max-snippet":"max-snippet:-1","max-image-preview":"max-image-preview:large","max-video-preview":"max-video-preview:-1"},"canonical":"https:\/\/conversesacatalunya.cat\/es\/cumbre-otan-en-vilna-malos-resultados-rusia\/","og_locale":"es_ES","og_type":"article","og_title":"Cumbre de la OTAN en Vilna: malos resultados para la Rusia","og_description":"La cumbre de la OTAN celebrada en julio en Vilna, acab\u00f3 con el acuerdo de invitar a Ucrania a incorporarse como socio 33 a de la OTAN","og_url":"https:\/\/conversesacatalunya.cat\/es\/cumbre-otan-en-vilna-malos-resultados-rusia\/","og_site_name":"Converses a Catalunya","article_published_time":"2023-08-01T08:10:32+00:00","og_image":[{"width":640,"height":427,"url":"https:\/\/conversesacatalunya.cat\/wp-content\/uploads\/2023\/08\/OTAN.jpg","type":"image\/jpeg"}],"author":"Victor Pou","twitter_card":"summary_large_image","twitter_misc":{"Escrito por":"Victor Pou","Tiempo de lectura":"9 minutos"},"schema":{"@context":"https:\/\/schema.org","@graph":[{"@type":"Article","@id":"https:\/\/conversesacatalunya.cat\/es\/cumbre-otan-en-vilna-malos-resultados-rusia\/#article","isPartOf":{"@id":"https:\/\/conversesacatalunya.cat\/es\/cumbre-otan-en-vilna-malos-resultados-rusia\/"},"author":{"name":"Victor Pou","@id":"https:\/\/conversesacatalunya.cat\/#\/schema\/person\/1b0082ee920b837be791bee630d460b2"},"headline":"Cumbre de la OTAN en Vilna (Lituania): malos resultados para la Rusia de Putin","datePublished":"2023-08-01T08:10:32+00:00","mainEntityOfPage":{"@id":"https:\/\/conversesacatalunya.cat\/es\/cumbre-otan-en-vilna-malos-resultados-rusia\/"},"wordCount":1724,"commentCount":0,"image":{"@id":"https:\/\/conversesacatalunya.cat\/es\/cumbre-otan-en-vilna-malos-resultados-rusia\/#primaryimage"},"thumbnailUrl":"https:\/\/conversesacatalunya.cat\/wp-content\/uploads\/2023\/08\/OTAN.jpg","keywords":["cimera OTAN","Erdogan","Ucra\u00efna","Uni\u00f3 Euiropea"],"articleSection":["Pro Europa (ES)","Punts clau del dia (ES)"],"inLanguage":"es","potentialAction":[{"@type":"CommentAction","name":"Comment","target":["https:\/\/conversesacatalunya.cat\/es\/cumbre-otan-en-vilna-malos-resultados-rusia\/#respond"]}]},{"@type":"WebPage","@id":"https:\/\/conversesacatalunya.cat\/es\/cumbre-otan-en-vilna-malos-resultados-rusia\/","url":"https:\/\/conversesacatalunya.cat\/es\/cumbre-otan-en-vilna-malos-resultados-rusia\/","name":"Cumbre de la OTAN en Vilna: malos resultados para la Rusia","isPartOf":{"@id":"https:\/\/conversesacatalunya.cat\/#website"},"primaryImageOfPage":{"@id":"https:\/\/conversesacatalunya.cat\/es\/cumbre-otan-en-vilna-malos-resultados-rusia\/#primaryimage"},"image":{"@id":"https:\/\/conversesacatalunya.cat\/es\/cumbre-otan-en-vilna-malos-resultados-rusia\/#primaryimage"},"thumbnailUrl":"https:\/\/conversesacatalunya.cat\/wp-content\/uploads\/2023\/08\/OTAN.jpg","datePublished":"2023-08-01T08:10:32+00:00","author":{"@id":"https:\/\/conversesacatalunya.cat\/#\/schema\/person\/1b0082ee920b837be791bee630d460b2"},"description":"La cumbre de la OTAN celebrada en julio en Vilna, acab\u00f3 con el acuerdo de invitar a Ucrania a incorporarse como socio 33 a de la OTAN","breadcrumb":{"@id":"https:\/\/conversesacatalunya.cat\/es\/cumbre-otan-en-vilna-malos-resultados-rusia\/#breadcrumb"},"inLanguage":"es","potentialAction":[{"@type":"ReadAction","target":["https:\/\/conversesacatalunya.cat\/es\/cumbre-otan-en-vilna-malos-resultados-rusia\/"]}]},{"@type":"ImageObject","inLanguage":"es","@id":"https:\/\/conversesacatalunya.cat\/es\/cumbre-otan-en-vilna-malos-resultados-rusia\/#primaryimage","url":"https:\/\/conversesacatalunya.cat\/wp-content\/uploads\/2023\/08\/OTAN.jpg","contentUrl":"https:\/\/conversesacatalunya.cat\/wp-content\/uploads\/2023\/08\/OTAN.jpg","width":640,"height":427,"caption":"cimera de l'OTAN a Vilnius"},{"@type":"BreadcrumbList","@id":"https:\/\/conversesacatalunya.cat\/es\/cumbre-otan-en-vilna-malos-resultados-rusia\/#breadcrumb","itemListElement":[{"@type":"ListItem","position":1,"name":"Inici","item":"https:\/\/conversesacatalunya.cat\/es\/"},{"@type":"ListItem","position":2,"name":"Cumbre de la OTAN en Vilna (Lituania): malos resultados para la Rusia de Putin"}]},{"@type":"WebSite","@id":"https:\/\/conversesacatalunya.cat\/#website","url":"https:\/\/conversesacatalunya.cat\/","name":"Converses a Catalunya","description":"","potentialAction":[{"@type":"SearchAction","target":{"@type":"EntryPoint","urlTemplate":"https:\/\/conversesacatalunya.cat\/?s={search_term_string}"},"query-input":{"@type":"PropertyValueSpecification","valueRequired":true,"valueName":"search_term_string"}}],"inLanguage":"es"},{"@type":"Person","@id":"https:\/\/conversesacatalunya.cat\/#\/schema\/person\/1b0082ee920b837be791bee630d460b2","name":"Victor Pou","image":{"@type":"ImageObject","inLanguage":"es","@id":"https:\/\/conversesacatalunya.cat\/#\/schema\/person\/image\/","url":"https:\/\/conversesacatalunya.cat\/wp-content\/litespeed\/avatar\/b9b32a5f987117ce72836d050f735d2b.jpg?ver=1777366285","contentUrl":"https:\/\/conversesacatalunya.cat\/wp-content\/litespeed\/avatar\/b9b32a5f987117ce72836d050f735d2b.jpg?ver=1777366285","caption":"Victor Pou"},"url":"https:\/\/conversesacatalunya.cat\/es\/author\/victor_pou\/"}]}},"wps_subtitle":"Despu\u00e9s de quinientos d\u00edas de guerra en Ucrania, la OTAN sigue unida y se ampl\u00eda, Turqu\u00eda se acerca m\u00e1s a Occidente y no flaquea la ayuda europea","_links":{"self":[{"href":"https:\/\/conversesacatalunya.cat\/es\/wp-json\/wp\/v2\/posts\/69812","targetHints":{"allow":["GET"]}}],"collection":[{"href":"https:\/\/conversesacatalunya.cat\/es\/wp-json\/wp\/v2\/posts"}],"about":[{"href":"https:\/\/conversesacatalunya.cat\/es\/wp-json\/wp\/v2\/types\/post"}],"author":[{"embeddable":true,"href":"https:\/\/conversesacatalunya.cat\/es\/wp-json\/wp\/v2\/users\/38"}],"replies":[{"embeddable":true,"href":"https:\/\/conversesacatalunya.cat\/es\/wp-json\/wp\/v2\/comments?post=69812"}],"version-history":[{"count":10,"href":"https:\/\/conversesacatalunya.cat\/es\/wp-json\/wp\/v2\/posts\/69812\/revisions"}],"predecessor-version":[{"id":69828,"href":"https:\/\/conversesacatalunya.cat\/es\/wp-json\/wp\/v2\/posts\/69812\/revisions\/69828"}],"wp:featuredmedia":[{"embeddable":true,"href":"https:\/\/conversesacatalunya.cat\/es\/wp-json\/wp\/v2\/media\/69810"}],"wp:attachment":[{"href":"https:\/\/conversesacatalunya.cat\/es\/wp-json\/wp\/v2\/media?parent=69812"}],"wp:term":[{"taxonomy":"category","embeddable":true,"href":"https:\/\/conversesacatalunya.cat\/es\/wp-json\/wp\/v2\/categories?post=69812"},{"taxonomy":"post_tag","embeddable":true,"href":"https:\/\/conversesacatalunya.cat\/es\/wp-json\/wp\/v2\/tags?post=69812"}],"curies":[{"name":"wp","href":"https:\/\/api.w.org\/{rel}","templated":true}]}}