{"id":69647,"date":"2023-07-26T16:41:26","date_gmt":"2023-07-26T14:41:26","guid":{"rendered":"https:\/\/conversesacatalunya.cat\/la-victoria-socialista-a-catalunya-el-factor-trias-i-lajuntament-de-barcelona\/"},"modified":"2023-07-27T08:48:59","modified_gmt":"2023-07-27T06:48:59","slug":"la-victoria-socialista-en-cataluna-el-factor-trias-y-el-ayuntamiento-de-barcelona","status":"publish","type":"post","link":"https:\/\/conversesacatalunya.cat\/es\/la-victoria-socialista-en-cataluna-el-factor-trias-y-el-ayuntamiento-de-barcelona\/","title":{"rendered":"La victoria socialista en Catalu\u00f1a, el factor Trias y el Ayuntamiento de Barcelona"},"content":{"rendered":"<p>Cuando con un giro de gui\u00f3n insospechado, el PP de Barcelona hizo un \u201cValls\u201d y otorg\u00f3 la alcald\u00eda a un perdedor, Jaume Collboni, en lugar de facilitarla al ganador de las elecciones, como el PP espa\u00f1ol reclama para\u00a0 N\u00fa\u00f1ez Feij\u00f3o, demostr\u00f3 una vez m\u00e1s que sus malos resultados en Catalunya son consecuencia de que <strong>no entiende a su electorado potencial y vive a expensas de la opini\u00f3n de sus hooligans<\/strong>.\u00a0Ya en ese momento hubo analistas que dijeron, sobre todo en Catalunya -la perspectiva madrile\u00f1a siempre tiene los filtros distorsionados- que la jugada castigar\u00eda al PP en unas elecciones generales en lugar de debilitarlo.\u00a0Y as\u00ed fue.<\/p>\n<p>El\u00a0<strong>bar\u00f3metro de junio del Ayuntamiento de Barcelona<\/strong>\u00a0aporta una explicaci\u00f3n contundente.\u00a0El 44,5% de los encuestados prefieren como alcalde a Trias, cifra superior a la de sus votantes y que demuestra que era una persona que despertaba una amplia adhesi\u00f3n.\u00a0En contrapartida Collboni, actual alcalde, es solo preferido por el 18,3%.\u00a0Tenemos, por tanto, un alcalde de la ciudad que ni siquiera llega a ser preferido por 1 de cada 5 barceloneses.\u00a0Colau queda a\u00fan m\u00e1s atr\u00e1s con un 12,7%.\u00a0Incluso la cifra agregada de estos dos dirigentes pol\u00edticos queda muy por detr\u00e1s de Trias.\u00a0Tanto como 13 puntos por debajo.<\/p>\n<p><span class=\"VIpgJd-yAWNEb-VIpgJd-fmcmS-sn54Q\">Si de este examen pasamos a los resultados electorales por distritos de Barcelona, \u200b\u200bvemos que el mapa de la ciudad se ti\u00f1e de rojo excepto en Sarri\u00e0-Sant Gervasi donde s\u00ed gan\u00f3 el PP, pero le quit\u00f3 s\u00f3lo 9 puntos porcentuales a los socialistas que quedaron segundos, 30,87% a 21,34%.\u00a0<\/span>Pero es que en los distritos cl\u00e1sicos para el voto de derecha, como son Les Corts y L&#8217;Eixample, el PSC gan\u00f3 claramente al PP.\u00a0Incluso en L&#8217;Eixample, este partido qued\u00f3 tercero por detr\u00e1s de Sumar.\u00a0De hecho, saca el mismo porcentaje de voto en este distrito que en Nou Barris.\u00a0Y ya no digamos al resto.<\/p>\n<p>Por tanto, pese a lo que se jugaban, los resultados los barrieron de la ciudad y N\u00fa\u00f1ez Feij\u00f3o, por la v\u00eda interpuesta de los populares de Barcelona, \u200b\u200bqued\u00f3 sin posibilidades.\u00a0Solo en la circunscripci\u00f3n de Barcelona los socialistas sacaron 5 esca\u00f1os m\u00e1s que en las pasadas elecciones.\u00a0Si recordamos que la mejora total en Espa\u00f1a para S\u00e1nchez ha sido de 2 esca\u00f1os en relaci\u00f3n a las elecciones precedentes ya vemos que su resultado habr\u00eda sido inferior sin el gran plus que le dio la circunscripci\u00f3n de Barcelona con la ciudad a la cabeza.\u00a0De hecho, el PP sigue sin entender que mientras sea\u00a0<strong>refractario al catalanismo e incapaz de establecer di\u00e1logo con los sectores m\u00e1s moderados del independentismo<\/strong>, como puede ser Trias, su imagen en Catalunya le lleva de derrota en derrota. Y como son tan grandes hace inviable una victoria espa\u00f1ola pese a que mejore resultados en el resto del territorio.<\/p>\n<span class='bctt-click-to-tweet'><span class='bctt-ctt-text'><a href='https:\/\/twitter.com\/intent\/tweet?url=https%3A%2F%2Fconversesacatalunya.cat%2Fes%2Fla-victoria-socialista-en-cataluna-el-factor-trias-y-el-ayuntamiento-de-barcelona%2F&#038;text=El%20PP%20sigue%20sin%20entender%20que%20mientras%20sea%20refractario%20al%20catalanismo%20e%20incapaz%20de%20establecer%20di%C3%A1logo%20con%20los%20sectores%20m%C3%A1s%20moderados%20del%20independentismo%2C%20su%20imagen%20en%20Catalunya%20le%20lleva%20de%20derrota%20en%20derrota&#038;via=conversesacat&#038;related=conversesacat' target='_blank'rel=\"noopener noreferrer\">El PP sigue sin entender que mientras sea refractario al catalanismo e incapaz de establecer di\u00e1logo con los sectores m\u00e1s moderados del independentismo, su imagen en Catalunya le lleva de derrota en derrota <\/a><\/span><a href='https:\/\/twitter.com\/intent\/tweet?url=https%3A%2F%2Fconversesacatalunya.cat%2Fes%2Fla-victoria-socialista-en-cataluna-el-factor-trias-y-el-ayuntamiento-de-barcelona%2F&#038;text=El%20PP%20sigue%20sin%20entender%20que%20mientras%20sea%20refractario%20al%20catalanismo%20e%20incapaz%20de%20establecer%20di%C3%A1logo%20con%20los%20sectores%20m%C3%A1s%20moderados%20del%20independentismo%2C%20su%20imagen%20en%20Catalunya%20le%20lleva%20de%20derrota%20en%20derrota&#038;via=conversesacat&#038;related=conversesacat' target='_blank' class='bctt-ctt-btn'rel=\"noopener noreferrer\">Compartir en X<\/a><\/span>\n<div id=\"polls-206\" class=\"wp-polls\">\n\t<form id=\"polls_form_206\" class=\"wp-polls-form\" action=\"\/index.php\" method=\"post\">\n\t\t<p style=\"display: none;\"><input type=\"hidden\" id=\"poll_206_nonce\" name=\"wp-polls-nonce\" value=\"808bb860dc\" \/><\/p>\n\t\t<p style=\"display: none;\"><input type=\"hidden\" name=\"poll_id\" value=\"206\" \/><\/p>\n\t\t<p style=\"text-align: center\"><strong>S'atrevir\u00e0 Puigdemont a pr\u00e9mer el bot\u00f3 nuclear per fer inviable la presid\u00e8ncia de S\u00e1nchez?<\/strong><\/p><div id=\"polls-206-ans\" class=\"wp-polls-ans\"><ul class=\"wp-polls-ul\">\n\t\t<li><input type=\"radio\" id=\"poll-answer-572\" name=\"poll_206\" value=\"572\" \/> <label for=\"poll-answer-572\">S\u00ed<\/label><\/li>\n\t\t<li><input type=\"radio\" id=\"poll-answer-573\" name=\"poll_206\" value=\"573\" \/> <label for=\"poll-answer-573\">No<\/label><\/li>\n\t\t<li><input type=\"radio\" id=\"poll-answer-574\" name=\"poll_206\" value=\"574\" \/> <label for=\"poll-answer-574\">No ho s\u00e9<\/label><\/li>\n\t\t<\/ul><p style=\"text-align: center\"><input type=\"button\" name=\"vote\" value=\"   Vota   \" class=\"Buttons\" onclick=\"poll_vote(206);\" \/><\/p><p style=\"text-align: center\"><a href=\"#ViewPollResults\" onclick=\"poll_result(206); return false;\" title=\"View Results Of This Poll\">Mira els resultats<\/a><\/p><\/div>\n\t<\/form>\n<\/div>\n<div id=\"polls-206-loading\" class=\"wp-polls-loading\"><img decoding=\"async\" data-src=\"https:\/\/conversesacatalunya.cat\/wp-content\/plugins\/wp-polls\/images\/loading.gif\" width=\"16\" height=\"16\" alt=\"Cargando ...\" title=\"Cargando ...\" class=\"wp-polls-image lazyload\" src=\"data:image\/svg+xml;base64,PHN2ZyB3aWR0aD0iMSIgaGVpZ2h0PSIxIiB4bWxucz0iaHR0cDovL3d3dy53My5vcmcvMjAwMC9zdmciPjwvc3ZnPg==\" style=\"--smush-placeholder-width: 16px; --smush-placeholder-aspect-ratio: 16\/16;\" \/>&nbsp;Cargando ...<\/div>\n\n","protected":false},"excerpt":{"rendered":"<p>Cuando con un giro de gui\u00f3n insospechado, el PP de Barcelona hizo un \u201cValls\u201d y otorg\u00f3 la alcald\u00eda a un perdedor, Jaume Collboni, en lugar de facilitarla al ganador de las elecciones, como el PP espa\u00f1ol reclama para\u00a0 N\u00fa\u00f1ez Feij\u00f3o, demostr\u00f3 una vez m\u00e1s que sus malos resultados en Catalunya son consecuencia de que no entiende a su electorado potencial y vive a expensas de la opini\u00f3n de sus hooligans.\u00a0Ya en ese momento hubo analistas que dijeron, sobre todo en Catalunya -la perspectiva madrile\u00f1a siempre tiene los filtros distorsionados- que la jugada castigar\u00eda al PP en unas elecciones generales en lugar de debilitarlo.\u00a0Y as\u00ed fue. El\u00a0bar\u00f3metro de junio del Ayuntamiento de Barcelona\u00a0aporta una explicaci\u00f3n contundente.\u00a0El 44,5% de los encuestados prefieren como alcalde a Trias, cifra superior a la de sus votantes y que demuestra que era una persona que despertaba una amplia adhesi\u00f3n.\u00a0En contrapartida Collboni, actual alcalde, es solo preferido por el 18,3%.\u00a0Tenemos, por tanto, un alcalde de la ciudad que ni siquiera llega a ser preferido por 1 de cada 5 barceloneses.\u00a0Colau queda a\u00fan m\u00e1s atr\u00e1s con un 12,7%.\u00a0Incluso la cifra agregada de estos dos dirigentes pol\u00edticos queda muy por detr\u00e1s de Trias.\u00a0Tanto como 13 puntos por debajo. Si de este examen pasamos a los resultados electorales por distritos de Barcelona, \u200b\u200bvemos que el mapa de la ciudad se ti\u00f1e de rojo excepto en Sarri\u00e0-Sant Gervasi donde s\u00ed gan\u00f3 el PP, pero le quit\u00f3 s\u00f3lo 9 puntos porcentuales a los socialistas que quedaron segundos, 30,87% a 21,34%.\u00a0Pero es que en los distritos cl\u00e1sicos para el voto de derecha, como son Les Corts y L&#8217;Eixample, el PSC gan\u00f3 claramente al PP.\u00a0Incluso en L&#8217;Eixample, este partido qued\u00f3 tercero por detr\u00e1s de Sumar.\u00a0De hecho, saca el mismo porcentaje de voto en este distrito que en Nou Barris.\u00a0Y ya no digamos al resto. Por tanto, pese a lo que se jugaban, los resultados los barrieron de la ciudad y N\u00fa\u00f1ez Feij\u00f3o, por la v\u00eda interpuesta de los populares de Barcelona, \u200b\u200bqued\u00f3 sin posibilidades.\u00a0Solo en la circunscripci\u00f3n de Barcelona los socialistas sacaron 5 esca\u00f1os m\u00e1s que en las pasadas elecciones.\u00a0Si recordamos que la mejora total en Espa\u00f1a para S\u00e1nchez ha sido de 2 esca\u00f1os en relaci\u00f3n a las elecciones precedentes ya vemos que su resultado habr\u00eda sido inferior sin el gran plus que le dio la circunscripci\u00f3n de Barcelona con la ciudad a la cabeza.\u00a0De hecho, el PP sigue sin entender que mientras sea\u00a0refractario al catalanismo e incapaz de establecer di\u00e1logo con los sectores m\u00e1s moderados del independentismo, como puede ser Trias, su imagen en Catalunya le lleva de derrota en derrota. Y como son tan grandes hace inviable una victoria espa\u00f1ola pese a que mejore resultados en el resto del territorio.<\/p>\n","protected":false},"author":78,"featured_media":69644,"comment_status":"open","ping_status":"open","sticky":false,"template":"","format":"standard","meta":{"_FSMCFIC_featured_image_caption":"","_FSMCFIC_featured_image_nocaption":"","_FSMCFIC_featured_image_hide":"","footnotes":""},"categories":[806],"tags":[4996,4995],"class_list":["post-69647","post","type-post","status-publish","format-standard","has-post-thumbnail","hentry","category-punts-claus-del-dia-es","tag-elecciones-23-j","tag-eleccions-23-j-es"],"yoast_head":"<!-- This site is optimized with the Yoast SEO plugin v26.8 - https:\/\/yoast.com\/product\/yoast-seo-wordpress\/ -->\n<title>La victoria socialista en Catalu\u00f1a, el factor Trias y el Ayuntamiento de Barcelona - Converses a Catalunya<\/title>\n<meta name=\"robots\" content=\"index, follow, max-snippet:-1, max-image-preview:large, max-video-preview:-1\" \/>\n<link rel=\"canonical\" href=\"https:\/\/conversesacatalunya.cat\/es\/la-victoria-socialista-en-cataluna-el-factor-trias-y-el-ayuntamiento-de-barcelona\/\" \/>\n<meta property=\"og:locale\" content=\"es_ES\" \/>\n<meta property=\"og:type\" content=\"article\" \/>\n<meta property=\"og:title\" content=\"La victoria socialista en Catalu\u00f1a, el factor Trias y el Ayuntamiento de Barcelona - Converses a Catalunya\" \/>\n<meta property=\"og:description\" content=\"Cuando con un giro de gui\u00f3n insospechado, el PP de Barcelona hizo un \u201cValls\u201d y otorg\u00f3 la alcald\u00eda a un perdedor, Jaume Collboni, en lugar de facilitarla al ganador de las elecciones, como el PP espa\u00f1ol reclama para\u00a0 N\u00fa\u00f1ez Feij\u00f3o, demostr\u00f3 una vez m\u00e1s que sus malos resultados en Catalunya son consecuencia de que no entiende a su electorado potencial y vive a expensas de la opini\u00f3n de sus hooligans.\u00a0Ya en ese momento hubo analistas que dijeron, sobre todo en Catalunya -la perspectiva madrile\u00f1a siempre tiene los filtros distorsionados- que la jugada castigar\u00eda al PP en unas elecciones generales en lugar de debilitarlo.\u00a0Y as\u00ed fue. El\u00a0bar\u00f3metro de junio del Ayuntamiento de Barcelona\u00a0aporta una explicaci\u00f3n contundente.\u00a0El 44,5% de los encuestados prefieren como alcalde a Trias, cifra superior a la de sus votantes y que demuestra que era una persona que despertaba una amplia adhesi\u00f3n.\u00a0En contrapartida Collboni, actual alcalde, es solo preferido por el 18,3%.\u00a0Tenemos, por tanto, un alcalde de la ciudad que ni siquiera llega a ser preferido por 1 de cada 5 barceloneses.\u00a0Colau queda a\u00fan m\u00e1s atr\u00e1s con un 12,7%.\u00a0Incluso la cifra agregada de estos dos dirigentes pol\u00edticos queda muy por detr\u00e1s de Trias.\u00a0Tanto como 13 puntos por debajo. Si de este examen pasamos a los resultados electorales por distritos de Barcelona, \u200b\u200bvemos que el mapa de la ciudad se ti\u00f1e de rojo excepto en Sarri\u00e0-Sant Gervasi donde s\u00ed gan\u00f3 el PP, pero le quit\u00f3 s\u00f3lo 9 puntos porcentuales a los socialistas que quedaron segundos, 30,87% a 21,34%.\u00a0Pero es que en los distritos cl\u00e1sicos para el voto de derecha, como son Les Corts y L&#8217;Eixample, el PSC gan\u00f3 claramente al PP.\u00a0Incluso en L&#8217;Eixample, este partido qued\u00f3 tercero por detr\u00e1s de Sumar.\u00a0De hecho, saca el mismo porcentaje de voto en este distrito que en Nou Barris.\u00a0Y ya no digamos al resto. Por tanto, pese a lo que se jugaban, los resultados los barrieron de la ciudad y N\u00fa\u00f1ez Feij\u00f3o, por la v\u00eda interpuesta de los populares de Barcelona, \u200b\u200bqued\u00f3 sin posibilidades.\u00a0Solo en la circunscripci\u00f3n de Barcelona los socialistas sacaron 5 esca\u00f1os m\u00e1s que en las pasadas elecciones.\u00a0Si recordamos que la mejora total en Espa\u00f1a para S\u00e1nchez ha sido de 2 esca\u00f1os en relaci\u00f3n a las elecciones precedentes ya vemos que su resultado habr\u00eda sido inferior sin el gran plus que le dio la circunscripci\u00f3n de Barcelona con la ciudad a la cabeza.\u00a0De hecho, el PP sigue sin entender que mientras sea\u00a0refractario al catalanismo e incapaz de establecer di\u00e1logo con los sectores m\u00e1s moderados del independentismo, como puede ser Trias, su imagen en Catalunya le lleva de derrota en derrota. Y como son tan grandes hace inviable una victoria espa\u00f1ola pese a que mejore resultados en el resto del territorio.\" \/>\n<meta property=\"og:url\" content=\"https:\/\/conversesacatalunya.cat\/es\/la-victoria-socialista-en-cataluna-el-factor-trias-y-el-ayuntamiento-de-barcelona\/\" \/>\n<meta property=\"og:site_name\" content=\"Converses a Catalunya\" \/>\n<meta property=\"article:published_time\" content=\"2023-07-26T14:41:26+00:00\" \/>\n<meta property=\"article:modified_time\" content=\"2023-07-27T06:48:59+00:00\" \/>\n<meta property=\"og:image\" content=\"https:\/\/conversesacatalunya.cat\/wp-content\/uploads\/2023\/07\/feijoo.jpg\" \/>\n\t<meta property=\"og:image:width\" content=\"1200\" \/>\n\t<meta property=\"og:image:height\" content=\"675\" \/>\n\t<meta property=\"og:image:type\" content=\"image\/jpeg\" \/>\n<meta name=\"author\" content=\"Joan Masip\" \/>\n<meta name=\"twitter:card\" content=\"summary_large_image\" \/>\n<meta name=\"twitter:label1\" content=\"Escrito por\" \/>\n\t<meta name=\"twitter:data1\" content=\"Joan Masip\" \/>\n\t<meta name=\"twitter:label2\" content=\"Tiempo de lectura\" \/>\n\t<meta name=\"twitter:data2\" content=\"3 minutos\" \/>\n<script type=\"application\/ld+json\" class=\"yoast-schema-graph\">{\"@context\":\"https:\/\/schema.org\",\"@graph\":[{\"@type\":\"Article\",\"@id\":\"https:\/\/conversesacatalunya.cat\/es\/la-victoria-socialista-en-cataluna-el-factor-trias-y-el-ayuntamiento-de-barcelona\/#article\",\"isPartOf\":{\"@id\":\"https:\/\/conversesacatalunya.cat\/es\/la-victoria-socialista-en-cataluna-el-factor-trias-y-el-ayuntamiento-de-barcelona\/\"},\"author\":{\"name\":\"Joan Masip\",\"@id\":\"https:\/\/conversesacatalunya.cat\/#\/schema\/person\/311d0bf53def217d5124c78a7bc42275\"},\"headline\":\"La victoria socialista en Catalu\u00f1a, el factor Trias y el Ayuntamiento de Barcelona\",\"datePublished\":\"2023-07-26T14:41:26+00:00\",\"dateModified\":\"2023-07-27T06:48:59+00:00\",\"mainEntityOfPage\":{\"@id\":\"https:\/\/conversesacatalunya.cat\/es\/la-victoria-socialista-en-cataluna-el-factor-trias-y-el-ayuntamiento-de-barcelona\/\"},\"wordCount\":549,\"commentCount\":0,\"image\":{\"@id\":\"https:\/\/conversesacatalunya.cat\/es\/la-victoria-socialista-en-cataluna-el-factor-trias-y-el-ayuntamiento-de-barcelona\/#primaryimage\"},\"thumbnailUrl\":\"https:\/\/conversesacatalunya.cat\/wp-content\/uploads\/2023\/07\/feijoo.jpg\",\"keywords\":[\"elecciones 23-J\",\"eleccions 23-J\"],\"articleSection\":[\"Punts clau del dia (ES)\"],\"inLanguage\":\"es\",\"potentialAction\":[{\"@type\":\"CommentAction\",\"name\":\"Comment\",\"target\":[\"https:\/\/conversesacatalunya.cat\/es\/la-victoria-socialista-en-cataluna-el-factor-trias-y-el-ayuntamiento-de-barcelona\/#respond\"]}]},{\"@type\":\"WebPage\",\"@id\":\"https:\/\/conversesacatalunya.cat\/es\/la-victoria-socialista-en-cataluna-el-factor-trias-y-el-ayuntamiento-de-barcelona\/\",\"url\":\"https:\/\/conversesacatalunya.cat\/es\/la-victoria-socialista-en-cataluna-el-factor-trias-y-el-ayuntamiento-de-barcelona\/\",\"name\":\"La victoria socialista en Catalu\u00f1a, el factor Trias y el Ayuntamiento de Barcelona - Converses a Catalunya\",\"isPartOf\":{\"@id\":\"https:\/\/conversesacatalunya.cat\/#website\"},\"primaryImageOfPage\":{\"@id\":\"https:\/\/conversesacatalunya.cat\/es\/la-victoria-socialista-en-cataluna-el-factor-trias-y-el-ayuntamiento-de-barcelona\/#primaryimage\"},\"image\":{\"@id\":\"https:\/\/conversesacatalunya.cat\/es\/la-victoria-socialista-en-cataluna-el-factor-trias-y-el-ayuntamiento-de-barcelona\/#primaryimage\"},\"thumbnailUrl\":\"https:\/\/conversesacatalunya.cat\/wp-content\/uploads\/2023\/07\/feijoo.jpg\",\"datePublished\":\"2023-07-26T14:41:26+00:00\",\"dateModified\":\"2023-07-27T06:48:59+00:00\",\"author\":{\"@id\":\"https:\/\/conversesacatalunya.cat\/#\/schema\/person\/311d0bf53def217d5124c78a7bc42275\"},\"breadcrumb\":{\"@id\":\"https:\/\/conversesacatalunya.cat\/es\/la-victoria-socialista-en-cataluna-el-factor-trias-y-el-ayuntamiento-de-barcelona\/#breadcrumb\"},\"inLanguage\":\"es\",\"potentialAction\":[{\"@type\":\"ReadAction\",\"target\":[\"https:\/\/conversesacatalunya.cat\/es\/la-victoria-socialista-en-cataluna-el-factor-trias-y-el-ayuntamiento-de-barcelona\/\"]}]},{\"@type\":\"ImageObject\",\"inLanguage\":\"es\",\"@id\":\"https:\/\/conversesacatalunya.cat\/es\/la-victoria-socialista-en-cataluna-el-factor-trias-y-el-ayuntamiento-de-barcelona\/#primaryimage\",\"url\":\"https:\/\/conversesacatalunya.cat\/wp-content\/uploads\/2023\/07\/feijoo.jpg\",\"contentUrl\":\"https:\/\/conversesacatalunya.cat\/wp-content\/uploads\/2023\/07\/feijoo.jpg\",\"width\":1200,\"height\":675},{\"@type\":\"BreadcrumbList\",\"@id\":\"https:\/\/conversesacatalunya.cat\/es\/la-victoria-socialista-en-cataluna-el-factor-trias-y-el-ayuntamiento-de-barcelona\/#breadcrumb\",\"itemListElement\":[{\"@type\":\"ListItem\",\"position\":1,\"name\":\"Inici\",\"item\":\"https:\/\/conversesacatalunya.cat\/es\/\"},{\"@type\":\"ListItem\",\"position\":2,\"name\":\"La victoria socialista en Catalu\u00f1a, el factor Trias y el Ayuntamiento de Barcelona\"}]},{\"@type\":\"WebSite\",\"@id\":\"https:\/\/conversesacatalunya.cat\/#website\",\"url\":\"https:\/\/conversesacatalunya.cat\/\",\"name\":\"Converses a Catalunya\",\"description\":\"\",\"potentialAction\":[{\"@type\":\"SearchAction\",\"target\":{\"@type\":\"EntryPoint\",\"urlTemplate\":\"https:\/\/conversesacatalunya.cat\/?s={search_term_string}\"},\"query-input\":{\"@type\":\"PropertyValueSpecification\",\"valueRequired\":true,\"valueName\":\"search_term_string\"}}],\"inLanguage\":\"es\"},{\"@type\":\"Person\",\"@id\":\"https:\/\/conversesacatalunya.cat\/#\/schema\/person\/311d0bf53def217d5124c78a7bc42275\",\"name\":\"Joan Masip\",\"image\":{\"@type\":\"ImageObject\",\"inLanguage\":\"es\",\"@id\":\"https:\/\/conversesacatalunya.cat\/#\/schema\/person\/image\/\",\"url\":\"https:\/\/conversesacatalunya.cat\/wp-content\/litespeed\/avatar\/fa67b994763cff7d443f54b63ec96481.jpg?ver=1777372547\",\"contentUrl\":\"https:\/\/conversesacatalunya.cat\/wp-content\/litespeed\/avatar\/fa67b994763cff7d443f54b63ec96481.jpg?ver=1777372547\",\"caption\":\"Joan Masip\"},\"url\":\"https:\/\/conversesacatalunya.cat\/es\/author\/joan-masip\/\"}]}<\/script>\n<!-- \/ Yoast SEO plugin. -->","yoast_head_json":{"title":"La victoria socialista en Catalu\u00f1a, el factor Trias y el Ayuntamiento de Barcelona - Converses a Catalunya","robots":{"index":"index","follow":"follow","max-snippet":"max-snippet:-1","max-image-preview":"max-image-preview:large","max-video-preview":"max-video-preview:-1"},"canonical":"https:\/\/conversesacatalunya.cat\/es\/la-victoria-socialista-en-cataluna-el-factor-trias-y-el-ayuntamiento-de-barcelona\/","og_locale":"es_ES","og_type":"article","og_title":"La victoria socialista en Catalu\u00f1a, el factor Trias y el Ayuntamiento de Barcelona - Converses a Catalunya","og_description":"Cuando con un giro de gui\u00f3n insospechado, el PP de Barcelona hizo un \u201cValls\u201d y otorg\u00f3 la alcald\u00eda a un perdedor, Jaume Collboni, en lugar de facilitarla al ganador de las elecciones, como el PP espa\u00f1ol reclama para\u00a0 N\u00fa\u00f1ez Feij\u00f3o, demostr\u00f3 una vez m\u00e1s que sus malos resultados en Catalunya son consecuencia de que no entiende a su electorado potencial y vive a expensas de la opini\u00f3n de sus hooligans.\u00a0Ya en ese momento hubo analistas que dijeron, sobre todo en Catalunya -la perspectiva madrile\u00f1a siempre tiene los filtros distorsionados- que la jugada castigar\u00eda al PP en unas elecciones generales en lugar de debilitarlo.\u00a0Y as\u00ed fue. El\u00a0bar\u00f3metro de junio del Ayuntamiento de Barcelona\u00a0aporta una explicaci\u00f3n contundente.\u00a0El 44,5% de los encuestados prefieren como alcalde a Trias, cifra superior a la de sus votantes y que demuestra que era una persona que despertaba una amplia adhesi\u00f3n.\u00a0En contrapartida Collboni, actual alcalde, es solo preferido por el 18,3%.\u00a0Tenemos, por tanto, un alcalde de la ciudad que ni siquiera llega a ser preferido por 1 de cada 5 barceloneses.\u00a0Colau queda a\u00fan m\u00e1s atr\u00e1s con un 12,7%.\u00a0Incluso la cifra agregada de estos dos dirigentes pol\u00edticos queda muy por detr\u00e1s de Trias.\u00a0Tanto como 13 puntos por debajo. Si de este examen pasamos a los resultados electorales por distritos de Barcelona, \u200b\u200bvemos que el mapa de la ciudad se ti\u00f1e de rojo excepto en Sarri\u00e0-Sant Gervasi donde s\u00ed gan\u00f3 el PP, pero le quit\u00f3 s\u00f3lo 9 puntos porcentuales a los socialistas que quedaron segundos, 30,87% a 21,34%.\u00a0Pero es que en los distritos cl\u00e1sicos para el voto de derecha, como son Les Corts y L&#8217;Eixample, el PSC gan\u00f3 claramente al PP.\u00a0Incluso en L&#8217;Eixample, este partido qued\u00f3 tercero por detr\u00e1s de Sumar.\u00a0De hecho, saca el mismo porcentaje de voto en este distrito que en Nou Barris.\u00a0Y ya no digamos al resto. Por tanto, pese a lo que se jugaban, los resultados los barrieron de la ciudad y N\u00fa\u00f1ez Feij\u00f3o, por la v\u00eda interpuesta de los populares de Barcelona, \u200b\u200bqued\u00f3 sin posibilidades.\u00a0Solo en la circunscripci\u00f3n de Barcelona los socialistas sacaron 5 esca\u00f1os m\u00e1s que en las pasadas elecciones.\u00a0Si recordamos que la mejora total en Espa\u00f1a para S\u00e1nchez ha sido de 2 esca\u00f1os en relaci\u00f3n a las elecciones precedentes ya vemos que su resultado habr\u00eda sido inferior sin el gran plus que le dio la circunscripci\u00f3n de Barcelona con la ciudad a la cabeza.\u00a0De hecho, el PP sigue sin entender que mientras sea\u00a0refractario al catalanismo e incapaz de establecer di\u00e1logo con los sectores m\u00e1s moderados del independentismo, como puede ser Trias, su imagen en Catalunya le lleva de derrota en derrota. Y como son tan grandes hace inviable una victoria espa\u00f1ola pese a que mejore resultados en el resto del territorio.","og_url":"https:\/\/conversesacatalunya.cat\/es\/la-victoria-socialista-en-cataluna-el-factor-trias-y-el-ayuntamiento-de-barcelona\/","og_site_name":"Converses a Catalunya","article_published_time":"2023-07-26T14:41:26+00:00","article_modified_time":"2023-07-27T06:48:59+00:00","og_image":[{"width":1200,"height":675,"url":"https:\/\/conversesacatalunya.cat\/wp-content\/uploads\/2023\/07\/feijoo.jpg","type":"image\/jpeg"}],"author":"Joan Masip","twitter_card":"summary_large_image","twitter_misc":{"Escrito por":"Joan Masip","Tiempo de lectura":"3 minutos"},"schema":{"@context":"https:\/\/schema.org","@graph":[{"@type":"Article","@id":"https:\/\/conversesacatalunya.cat\/es\/la-victoria-socialista-en-cataluna-el-factor-trias-y-el-ayuntamiento-de-barcelona\/#article","isPartOf":{"@id":"https:\/\/conversesacatalunya.cat\/es\/la-victoria-socialista-en-cataluna-el-factor-trias-y-el-ayuntamiento-de-barcelona\/"},"author":{"name":"Joan Masip","@id":"https:\/\/conversesacatalunya.cat\/#\/schema\/person\/311d0bf53def217d5124c78a7bc42275"},"headline":"La victoria socialista en Catalu\u00f1a, el factor Trias y el Ayuntamiento de Barcelona","datePublished":"2023-07-26T14:41:26+00:00","dateModified":"2023-07-27T06:48:59+00:00","mainEntityOfPage":{"@id":"https:\/\/conversesacatalunya.cat\/es\/la-victoria-socialista-en-cataluna-el-factor-trias-y-el-ayuntamiento-de-barcelona\/"},"wordCount":549,"commentCount":0,"image":{"@id":"https:\/\/conversesacatalunya.cat\/es\/la-victoria-socialista-en-cataluna-el-factor-trias-y-el-ayuntamiento-de-barcelona\/#primaryimage"},"thumbnailUrl":"https:\/\/conversesacatalunya.cat\/wp-content\/uploads\/2023\/07\/feijoo.jpg","keywords":["elecciones 23-J","eleccions 23-J"],"articleSection":["Punts clau del dia (ES)"],"inLanguage":"es","potentialAction":[{"@type":"CommentAction","name":"Comment","target":["https:\/\/conversesacatalunya.cat\/es\/la-victoria-socialista-en-cataluna-el-factor-trias-y-el-ayuntamiento-de-barcelona\/#respond"]}]},{"@type":"WebPage","@id":"https:\/\/conversesacatalunya.cat\/es\/la-victoria-socialista-en-cataluna-el-factor-trias-y-el-ayuntamiento-de-barcelona\/","url":"https:\/\/conversesacatalunya.cat\/es\/la-victoria-socialista-en-cataluna-el-factor-trias-y-el-ayuntamiento-de-barcelona\/","name":"La victoria socialista en Catalu\u00f1a, el factor Trias y el Ayuntamiento de Barcelona - Converses a Catalunya","isPartOf":{"@id":"https:\/\/conversesacatalunya.cat\/#website"},"primaryImageOfPage":{"@id":"https:\/\/conversesacatalunya.cat\/es\/la-victoria-socialista-en-cataluna-el-factor-trias-y-el-ayuntamiento-de-barcelona\/#primaryimage"},"image":{"@id":"https:\/\/conversesacatalunya.cat\/es\/la-victoria-socialista-en-cataluna-el-factor-trias-y-el-ayuntamiento-de-barcelona\/#primaryimage"},"thumbnailUrl":"https:\/\/conversesacatalunya.cat\/wp-content\/uploads\/2023\/07\/feijoo.jpg","datePublished":"2023-07-26T14:41:26+00:00","dateModified":"2023-07-27T06:48:59+00:00","author":{"@id":"https:\/\/conversesacatalunya.cat\/#\/schema\/person\/311d0bf53def217d5124c78a7bc42275"},"breadcrumb":{"@id":"https:\/\/conversesacatalunya.cat\/es\/la-victoria-socialista-en-cataluna-el-factor-trias-y-el-ayuntamiento-de-barcelona\/#breadcrumb"},"inLanguage":"es","potentialAction":[{"@type":"ReadAction","target":["https:\/\/conversesacatalunya.cat\/es\/la-victoria-socialista-en-cataluna-el-factor-trias-y-el-ayuntamiento-de-barcelona\/"]}]},{"@type":"ImageObject","inLanguage":"es","@id":"https:\/\/conversesacatalunya.cat\/es\/la-victoria-socialista-en-cataluna-el-factor-trias-y-el-ayuntamiento-de-barcelona\/#primaryimage","url":"https:\/\/conversesacatalunya.cat\/wp-content\/uploads\/2023\/07\/feijoo.jpg","contentUrl":"https:\/\/conversesacatalunya.cat\/wp-content\/uploads\/2023\/07\/feijoo.jpg","width":1200,"height":675},{"@type":"BreadcrumbList","@id":"https:\/\/conversesacatalunya.cat\/es\/la-victoria-socialista-en-cataluna-el-factor-trias-y-el-ayuntamiento-de-barcelona\/#breadcrumb","itemListElement":[{"@type":"ListItem","position":1,"name":"Inici","item":"https:\/\/conversesacatalunya.cat\/es\/"},{"@type":"ListItem","position":2,"name":"La victoria socialista en Catalu\u00f1a, el factor Trias y el Ayuntamiento de Barcelona"}]},{"@type":"WebSite","@id":"https:\/\/conversesacatalunya.cat\/#website","url":"https:\/\/conversesacatalunya.cat\/","name":"Converses a Catalunya","description":"","potentialAction":[{"@type":"SearchAction","target":{"@type":"EntryPoint","urlTemplate":"https:\/\/conversesacatalunya.cat\/?s={search_term_string}"},"query-input":{"@type":"PropertyValueSpecification","valueRequired":true,"valueName":"search_term_string"}}],"inLanguage":"es"},{"@type":"Person","@id":"https:\/\/conversesacatalunya.cat\/#\/schema\/person\/311d0bf53def217d5124c78a7bc42275","name":"Joan Masip","image":{"@type":"ImageObject","inLanguage":"es","@id":"https:\/\/conversesacatalunya.cat\/#\/schema\/person\/image\/","url":"https:\/\/conversesacatalunya.cat\/wp-content\/litespeed\/avatar\/fa67b994763cff7d443f54b63ec96481.jpg?ver=1777372547","contentUrl":"https:\/\/conversesacatalunya.cat\/wp-content\/litespeed\/avatar\/fa67b994763cff7d443f54b63ec96481.jpg?ver=1777372547","caption":"Joan Masip"},"url":"https:\/\/conversesacatalunya.cat\/es\/author\/joan-masip\/"}]}},"wps_subtitle":"","_links":{"self":[{"href":"https:\/\/conversesacatalunya.cat\/es\/wp-json\/wp\/v2\/posts\/69647","targetHints":{"allow":["GET"]}}],"collection":[{"href":"https:\/\/conversesacatalunya.cat\/es\/wp-json\/wp\/v2\/posts"}],"about":[{"href":"https:\/\/conversesacatalunya.cat\/es\/wp-json\/wp\/v2\/types\/post"}],"author":[{"embeddable":true,"href":"https:\/\/conversesacatalunya.cat\/es\/wp-json\/wp\/v2\/users\/78"}],"replies":[{"embeddable":true,"href":"https:\/\/conversesacatalunya.cat\/es\/wp-json\/wp\/v2\/comments?post=69647"}],"version-history":[{"count":4,"href":"https:\/\/conversesacatalunya.cat\/es\/wp-json\/wp\/v2\/posts\/69647\/revisions"}],"predecessor-version":[{"id":69671,"href":"https:\/\/conversesacatalunya.cat\/es\/wp-json\/wp\/v2\/posts\/69647\/revisions\/69671"}],"wp:featuredmedia":[{"embeddable":true,"href":"https:\/\/conversesacatalunya.cat\/es\/wp-json\/wp\/v2\/media\/69644"}],"wp:attachment":[{"href":"https:\/\/conversesacatalunya.cat\/es\/wp-json\/wp\/v2\/media?parent=69647"}],"wp:term":[{"taxonomy":"category","embeddable":true,"href":"https:\/\/conversesacatalunya.cat\/es\/wp-json\/wp\/v2\/categories?post=69647"},{"taxonomy":"post_tag","embeddable":true,"href":"https:\/\/conversesacatalunya.cat\/es\/wp-json\/wp\/v2\/tags?post=69647"}],"curies":[{"name":"wp","href":"https:\/\/api.w.org\/{rel}","templated":true}]}}