{"id":69627,"date":"2023-07-25T13:45:33","date_gmt":"2023-07-25T11:45:33","guid":{"rendered":"https:\/\/conversesacatalunya.cat\/sanchez-una-victoria-que-el-pot-destruir\/"},"modified":"2023-07-25T16:50:54","modified_gmt":"2023-07-25T14:50:54","slug":"sanchez-una-victoria-que-le-puede-destruir","status":"publish","type":"post","link":"https:\/\/conversesacatalunya.cat\/es\/sanchez-una-victoria-que-le-puede-destruir\/","title":{"rendered":"S\u00e1nchez: una victoria que le puede destruir"},"content":{"rendered":"<p><span class=\"\">S\u00e1nchez, que fue derrotado en las urnas, puede haber ganado las elecciones porque tiene m\u00e1s posibilidades de formar gobierno que N\u00fa\u00f1ez Feij\u00f3o.\u00a0<\/span><span class=\"VIpgJd-yAWNEb-VIpgJd-fmcmS-sn54Q\">Y como las previsiones eran mucho m\u00e1s ne<\/span><span class=\"VIpgJd-yAWNEb-VIpgJd-fmcmS-sn54Q\">gativas, el entusiasmo se ha adue\u00f1ado de los gobernantes socialistas.<\/span><\/p>\n<p><span>Es l\u00f3gico.\u00a0El PP tiene un posicionamiento que\u00a0<\/span><strong><span>le hace muy dif\u00edcil gobernar<\/span><\/strong><span>\u00a0pese a que saque un n\u00famero importante de votos.\u00a0Ahora ha sido m\u00e1s visible porque ha quedado primero, pero de hecho en los \u00faltimos a\u00f1os la centroderecha saca un n\u00famero muy importante de votos, pero no se traducen en esca\u00f1os suficientes. Y esto se debe en gran parte porque hay entre 20 y 25 esca\u00f1os nacionalistas que dan una base s\u00f3lida con la que pactar a S\u00e1nchez y son totalmente refractarios en el PP.\u00a0Es tambi\u00e9n el coste de la desaparici\u00f3n de CiU.\u00a0Pero \u00e9ste es todo otro tema.<\/span><\/p>\n<p><span>Ahora mismo la necesidad de Vox hace incompatible al PP con el PNV y CC, y a la inversa. De acuerdo con este escenario, el PP seguir\u00eda estando lejos del gobierno, como ha ido ocurriendo desde la recuperaci\u00f3n de la democracia en la que s\u00f3lo ha tenido dos presidentes, Aznar y Rajoy. El primero logr\u00f3 el gobierno gracias a CiU tras quedar como primera fuerza, como N\u00fa\u00f1ez Feij\u00f3o.\u00a0El segundo se vio despojado del cargo por una moci\u00f3n de censura, precisamente gracias al apoyo a esta iniciativa de los herederos de CiU.<\/span><\/p>\n<p><span>Pero todo ese panorama favorable al nuevo PSOE, que primero con Rodr\u00edguez Zapatero y despu\u00e9s con S\u00e1nchez, se ha configurado, toca tambi\u00e9n con una muy\u00a0<\/span><strong><span>dif\u00edcil realidad<\/span><\/strong><span>.<\/span><\/p>\n<p><span>La primera gran cuesti\u00f3n es\u00a0<\/span><strong><span>formar gobierno<\/span><\/strong><span>.\u00a0Tendr\u00e1 que hacer una coalici\u00f3n gubernamental no con un partido, sino con 8 organizaciones pol\u00edticas distintas, porque a menudo se olvida que\u00a0<\/span><strong><span>Sumar no es una sola organizaci\u00f3n partidista.\u00a0<\/span><\/strong><span>Est\u00e1 formada por UP, que ahora tiene 5 esca\u00f1os, IU (5), Mas Pa\u00eds (5), la coalici\u00f3n de Comprom\u00eds (4), En Com\u00fa (7), la Chunta Aragonesista (1), M\u00e1s Baleares (1) y, este s\u00ed, el partido calificado de movimiento Sumar que es el \u00fanico bajo el control directo de Yolanda D\u00edaz y que tiene 10 esca\u00f1os.<\/span><\/p>\n<p><span>Hacer un gobierno que funcione con toda esa amalgama es ins\u00f3lito, por dif\u00edcil en Europa. Pero es que adem\u00e1s necesitar\u00e1 una coalici\u00f3n parlamentaria permanente en la que al menos deben participar los dos partidos nacionalistas vascos, ERC, y posiblemente el BNG y eso significa llegar a los 11 o 12 partidos coaliados, que adem\u00e1s para las cosas m\u00e1s importantes como los presupuestos, deber\u00e1 contar con el visto bueno de JxCat y, por tanto, con <\/span><strong><span>Puigdemont<\/span><\/strong><span>.<\/span><\/p>\n<p><span>Que cada uno saque su propia conclusi\u00f3n.\u00a0Pero, adem\u00e1s, una vez formado este gobierno de \u00ab100 patas\u00bb, tendr\u00e1 un escenario muy adverso. El viento de cola que ha significado la inflaci\u00f3n para las finanzas gubernamentales se ver\u00e1 muy mermado o desaparecer\u00e1 por completo. El dinero y sobre todo las expectativas de los fondos Next Generation ya no funcionar\u00e1n en el mismo sentido.\u00a0El gasto dejar\u00e1 de tener barra libre como hasta ahora.\u00a0Y en resumidas cuentas y como m\u00ednimo tendr\u00e1 que afrontar estos 10 problemas:<\/span><\/p>\n<ol>\n<li><span>Menos recaudaci\u00f3n del estado.<\/span><\/li>\n<li><span>Fracaso de los fondos europeos, a\u00fan no solicitado el primer pago de 10.000 millones de 2023. Y debe renegociar muchas de las condiciones que asumi\u00f3, como la de los peajes, si desea recibir el resto de fondos.\u00a0Tambi\u00e9n debe hacer efectivo el control del d\u00e9ficit.\u00a0Y \u00e9sta es la tercera cuesti\u00f3n:<\/span><\/li>\n<li><span>Se ver\u00e1 obligado a reducir gasto para mejorar la salud de las finanzas que se ver\u00e1n agravadas<\/span><\/li>\n<li><span>Por la creciente subida de los tipos de inter\u00e9s y, por tanto, el fuerte endeudamiento espa\u00f1ol tendr\u00e1 una factura mucho m\u00e1s alta.<\/span><\/li>\n<li><span>Asimismo, deber\u00e1 absorber el gasto que ha realizado en este ejercicio y que ha desplazado al futuro, es decir, para 2024 y a\u00f1os siguientes, y en este mismo sentido ver\u00e1 c\u00f3mo va creciendo la n\u00f3mina del estado debido a la contrataci\u00f3n masiva que ha efectuado.<\/span><\/li>\n<li><span>Todo esto puede verse agravado por la incierta soluci\u00f3n dada para equilibrar el gran gasto en pensiones: la de grabar el coste del trabajo, lo que se conoce como la cu\u00f1a fiscal, que se traduce como un impuesto en el trabajo en un pa\u00eds con un gran paro que tender\u00e1 a aumentar en la medida en que no logre equilibrar las\u00a0<\/span><span>pensiones<\/span><span>.<\/span><\/li>\n<li><span><span class=\"VIpgJd-yAWNEb-VIpgJd-fmcmS-sn54Q\">El mercado de trabajo se deshinchar\u00e1 y adem\u00e1s pasado el verano el peso muerto de los fijos discontinuos, que cuentan como trabajadores, pero que en realidad no est\u00e1n contratados, aflorar\u00e1 con mucha fuerza.<\/span><\/span><\/li>\n<li><span>El mal funcionamiento de la administraci\u00f3n del estado empezando por el estado de derribo de la justicia deber\u00e1 ser abordado sin dilaciones.<\/span><\/li>\n<li><span>Los grandes compromisos contra\u00eddos a lo largo de las dos campa\u00f1as electorales, la de mayo y julio, pasar\u00e1n factura o acentuar\u00e1n la fama de insolvente de S\u00e1nchez.<\/span><\/li>\n<li><span>Por \u00faltimo, ante este marco de problemas la presi\u00f3n no siempre convergente de la docena de socios y coaliados crear\u00e1 una gran dificultad a\u00f1adida.<\/span><\/li>\n<\/ol>\n<p><span>La victoria de S\u00e1nchez se ha producido pero la pol\u00edtica siempre fluye como un r\u00edo y no est\u00e1 claro que en este caso su curso no acabe estrell\u00e1ndose contra las rocas.<\/span><\/p>\n<div id=\"polls-206\" class=\"wp-polls\">\n\t<form id=\"polls_form_206\" class=\"wp-polls-form\" action=\"\/index.php\" method=\"post\">\n\t\t<p style=\"display: none;\"><input type=\"hidden\" id=\"poll_206_nonce\" name=\"wp-polls-nonce\" value=\"1eada6d286\" \/><\/p>\n\t\t<p style=\"display: none;\"><input type=\"hidden\" name=\"poll_id\" value=\"206\" \/><\/p>\n\t\t<p style=\"text-align: center\"><strong>S'atrevir\u00e0 Puigdemont a pr\u00e9mer el bot\u00f3 nuclear per fer inviable la presid\u00e8ncia de S\u00e1nchez?<\/strong><\/p><div id=\"polls-206-ans\" class=\"wp-polls-ans\"><ul class=\"wp-polls-ul\">\n\t\t<li><input type=\"radio\" id=\"poll-answer-572\" name=\"poll_206\" value=\"572\" \/> <label for=\"poll-answer-572\">S\u00ed<\/label><\/li>\n\t\t<li><input type=\"radio\" id=\"poll-answer-573\" name=\"poll_206\" value=\"573\" \/> <label for=\"poll-answer-573\">No<\/label><\/li>\n\t\t<li><input type=\"radio\" id=\"poll-answer-574\" name=\"poll_206\" value=\"574\" \/> <label for=\"poll-answer-574\">No ho s\u00e9<\/label><\/li>\n\t\t<\/ul><p style=\"text-align: center\"><input type=\"button\" name=\"vote\" value=\"   Vota   \" class=\"Buttons\" onclick=\"poll_vote(206);\" \/><\/p><p style=\"text-align: center\"><a href=\"#ViewPollResults\" onclick=\"poll_result(206); return false;\" title=\"View Results Of This Poll\">Mira els resultats<\/a><\/p><\/div>\n\t<\/form>\n<\/div>\n<div id=\"polls-206-loading\" class=\"wp-polls-loading\"><img decoding=\"async\" data-src=\"https:\/\/conversesacatalunya.cat\/wp-content\/plugins\/wp-polls\/images\/loading.gif\" width=\"16\" height=\"16\" alt=\"Cargando ...\" title=\"Cargando ...\" class=\"wp-polls-image lazyload\" src=\"data:image\/svg+xml;base64,PHN2ZyB3aWR0aD0iMSIgaGVpZ2h0PSIxIiB4bWxucz0iaHR0cDovL3d3dy53My5vcmcvMjAwMC9zdmciPjwvc3ZnPg==\" style=\"--smush-placeholder-width: 16px; --smush-placeholder-aspect-ratio: 16\/16;\" \/>&nbsp;Cargando ...<\/div>\n\n","protected":false},"excerpt":{"rendered":"<p>S\u00e1nchez, que fue derrotado en las urnas, puede haber ganado las elecciones porque tiene m\u00e1s posibilidades de formar gobierno que N\u00fa\u00f1ez Feij\u00f3o.\u00a0Y como las previsiones eran mucho m\u00e1s negativas, el entusiasmo se ha adue\u00f1ado de los gobernantes socialistas. Es l\u00f3gico.\u00a0El PP tiene un posicionamiento que\u00a0le hace muy dif\u00edcil gobernar\u00a0pese a que saque un n\u00famero importante de votos.\u00a0Ahora ha sido m\u00e1s visible porque ha quedado primero, pero de hecho en los \u00faltimos a\u00f1os la centroderecha saca un n\u00famero muy importante de votos, pero no se traducen en esca\u00f1os suficientes. Y esto se debe en gran parte porque hay entre 20 y 25 esca\u00f1os nacionalistas que dan una base s\u00f3lida con la que pactar a S\u00e1nchez y son totalmente refractarios en el PP.\u00a0Es tambi\u00e9n el coste de la desaparici\u00f3n de CiU.\u00a0Pero \u00e9ste es todo otro tema. Ahora mismo la necesidad de Vox hace incompatible al PP con el PNV y CC, y a la inversa. De acuerdo con este escenario, el PP seguir\u00eda estando lejos del gobierno, como ha ido ocurriendo desde la recuperaci\u00f3n de la democracia en la que s\u00f3lo ha tenido dos presidentes, Aznar y Rajoy. El primero logr\u00f3 el gobierno gracias a CiU tras quedar como primera fuerza, como N\u00fa\u00f1ez Feij\u00f3o.\u00a0El segundo se vio despojado del cargo por una moci\u00f3n de censura, precisamente gracias al apoyo a esta iniciativa de los herederos de CiU. Pero todo ese panorama favorable al nuevo PSOE, que primero con Rodr\u00edguez Zapatero y despu\u00e9s con S\u00e1nchez, se ha configurado, toca tambi\u00e9n con una muy\u00a0dif\u00edcil realidad. La primera gran cuesti\u00f3n es\u00a0formar gobierno.\u00a0Tendr\u00e1 que hacer una coalici\u00f3n gubernamental no con un partido, sino con 8 organizaciones pol\u00edticas distintas, porque a menudo se olvida que\u00a0Sumar no es una sola organizaci\u00f3n partidista.\u00a0Est\u00e1 formada por UP, que ahora tiene 5 esca\u00f1os, IU (5), Mas Pa\u00eds (5), la coalici\u00f3n de Comprom\u00eds (4), En Com\u00fa (7), la Chunta Aragonesista (1), M\u00e1s Baleares (1) y, este s\u00ed, el partido calificado de movimiento Sumar que es el \u00fanico bajo el control directo de Yolanda D\u00edaz y que tiene 10 esca\u00f1os. Hacer un gobierno que funcione con toda esa amalgama es ins\u00f3lito, por dif\u00edcil en Europa. Pero es que adem\u00e1s necesitar\u00e1 una coalici\u00f3n parlamentaria permanente en la que al menos deben participar los dos partidos nacionalistas vascos, ERC, y posiblemente el BNG y eso significa llegar a los 11 o 12 partidos coaliados, que adem\u00e1s para las cosas m\u00e1s importantes como los presupuestos, deber\u00e1 contar con el visto bueno de JxCat y, por tanto, con Puigdemont. Que cada uno saque su propia conclusi\u00f3n.\u00a0Pero, adem\u00e1s, una vez formado este gobierno de \u00ab100 patas\u00bb, tendr\u00e1 un escenario muy adverso. El viento de cola que ha significado la inflaci\u00f3n para las finanzas gubernamentales se ver\u00e1 muy mermado o desaparecer\u00e1 por completo. El dinero y sobre todo las expectativas de los fondos Next Generation ya no funcionar\u00e1n en el mismo sentido.\u00a0El gasto dejar\u00e1 de tener barra libre como hasta ahora.\u00a0Y en resumidas cuentas y como m\u00ednimo tendr\u00e1 que afrontar estos 10 problemas: Menos recaudaci\u00f3n del estado. Fracaso de los fondos europeos, a\u00fan no solicitado el primer pago de 10.000 millones de 2023. Y debe renegociar muchas de las condiciones que asumi\u00f3, como la de los peajes, si desea recibir el resto de fondos.\u00a0Tambi\u00e9n debe hacer efectivo el control del d\u00e9ficit.\u00a0Y \u00e9sta es la tercera cuesti\u00f3n: Se ver\u00e1 obligado a reducir gasto para mejorar la salud de las finanzas que se ver\u00e1n agravadas Por la creciente subida de los tipos de inter\u00e9s y, por tanto, el fuerte endeudamiento espa\u00f1ol tendr\u00e1 una factura mucho m\u00e1s alta. Asimismo, deber\u00e1 absorber el gasto que ha realizado en este ejercicio y que ha desplazado al futuro, es decir, para 2024 y a\u00f1os siguientes, y en este mismo sentido ver\u00e1 c\u00f3mo va creciendo la n\u00f3mina del estado debido a la contrataci\u00f3n masiva que ha efectuado. Todo esto puede verse agravado por la incierta soluci\u00f3n dada para equilibrar el gran gasto en pensiones: la de grabar el coste del trabajo, lo que se conoce como la cu\u00f1a fiscal, que se traduce como un impuesto en el trabajo en un pa\u00eds con un gran paro que tender\u00e1 a aumentar en la medida en que no logre equilibrar las\u00a0pensiones. El mercado de trabajo se deshinchar\u00e1 y adem\u00e1s pasado el verano el peso muerto de los fijos discontinuos, que cuentan como trabajadores, pero que en realidad no est\u00e1n contratados, aflorar\u00e1 con mucha fuerza. El mal funcionamiento de la administraci\u00f3n del estado empezando por el estado de derribo de la justicia deber\u00e1 ser abordado sin dilaciones. Los grandes compromisos contra\u00eddos a lo largo de las dos campa\u00f1as electorales, la de mayo y julio, pasar\u00e1n factura o acentuar\u00e1n la fama de insolvente de S\u00e1nchez. Por \u00faltimo, ante este marco de problemas la presi\u00f3n no siempre convergente de la docena de socios y coaliados crear\u00e1 una gran dificultad a\u00f1adida. La victoria de S\u00e1nchez se ha producido pero la pol\u00edtica siempre fluye como un r\u00edo y no est\u00e1 claro que en este caso su curso no acabe estrell\u00e1ndose contra las rocas.<\/p>\n","protected":false},"author":78,"featured_media":69611,"comment_status":"open","ping_status":"open","sticky":false,"template":"","format":"standard","meta":{"_FSMCFIC_featured_image_caption":"","_FSMCFIC_featured_image_nocaption":"","_FSMCFIC_featured_image_hide":"","footnotes":""},"categories":[806],"tags":[4996],"class_list":["post-69627","post","type-post","status-publish","format-standard","has-post-thumbnail","hentry","category-punts-claus-del-dia-es","tag-elecciones-23-j"],"yoast_head":"<!-- This site is optimized with the Yoast SEO plugin v26.8 - https:\/\/yoast.com\/product\/yoast-seo-wordpress\/ -->\n<title>S\u00e1nchez: una victoria que le puede destruir - Converses a Catalunya<\/title>\n<meta name=\"description\" content=\"La victoria de S\u00e1nchez se ha producido pero la pol\u00edtica siempre fluye como un r\u00edo y no est\u00e1 claro que su curso no acabe estrell\u00e1ndose contra las rocas\" \/>\n<meta name=\"robots\" content=\"index, follow, max-snippet:-1, max-image-preview:large, max-video-preview:-1\" \/>\n<link rel=\"canonical\" href=\"https:\/\/conversesacatalunya.cat\/es\/sanchez-una-victoria-que-le-puede-destruir\/\" \/>\n<meta property=\"og:locale\" content=\"es_ES\" \/>\n<meta property=\"og:type\" content=\"article\" \/>\n<meta property=\"og:title\" content=\"S\u00e1nchez: una victoria que le puede destruir - Converses a Catalunya\" \/>\n<meta property=\"og:description\" content=\"La victoria de S\u00e1nchez se ha producido pero la pol\u00edtica siempre fluye como un r\u00edo y no est\u00e1 claro que su curso no acabe estrell\u00e1ndose contra las rocas\" \/>\n<meta property=\"og:url\" content=\"https:\/\/conversesacatalunya.cat\/es\/sanchez-una-victoria-que-le-puede-destruir\/\" \/>\n<meta property=\"og:site_name\" content=\"Converses a Catalunya\" \/>\n<meta property=\"article:published_time\" content=\"2023-07-25T11:45:33+00:00\" \/>\n<meta property=\"article:modified_time\" content=\"2023-07-25T14:50:54+00:00\" \/>\n<meta property=\"og:image\" content=\"https:\/\/conversesacatalunya.cat\/wp-content\/uploads\/2023\/07\/victoria-sanchez.jpg\" \/>\n\t<meta property=\"og:image:width\" content=\"953\" \/>\n\t<meta property=\"og:image:height\" content=\"481\" \/>\n\t<meta property=\"og:image:type\" content=\"image\/jpeg\" \/>\n<meta name=\"author\" content=\"Joan Masip\" \/>\n<meta name=\"twitter:card\" content=\"summary_large_image\" \/>\n<meta name=\"twitter:label1\" content=\"Escrito por\" \/>\n\t<meta name=\"twitter:data1\" content=\"Joan Masip\" \/>\n\t<meta name=\"twitter:label2\" content=\"Tiempo de lectura\" \/>\n\t<meta name=\"twitter:data2\" content=\"5 minutos\" \/>\n<script type=\"application\/ld+json\" class=\"yoast-schema-graph\">{\"@context\":\"https:\/\/schema.org\",\"@graph\":[{\"@type\":\"Article\",\"@id\":\"https:\/\/conversesacatalunya.cat\/es\/sanchez-una-victoria-que-le-puede-destruir\/#article\",\"isPartOf\":{\"@id\":\"https:\/\/conversesacatalunya.cat\/es\/sanchez-una-victoria-que-le-puede-destruir\/\"},\"author\":{\"name\":\"Joan Masip\",\"@id\":\"https:\/\/conversesacatalunya.cat\/#\/schema\/person\/311d0bf53def217d5124c78a7bc42275\"},\"headline\":\"S\u00e1nchez: una victoria que le puede destruir\",\"datePublished\":\"2023-07-25T11:45:33+00:00\",\"dateModified\":\"2023-07-25T14:50:54+00:00\",\"mainEntityOfPage\":{\"@id\":\"https:\/\/conversesacatalunya.cat\/es\/sanchez-una-victoria-que-le-puede-destruir\/\"},\"wordCount\":922,\"commentCount\":0,\"image\":{\"@id\":\"https:\/\/conversesacatalunya.cat\/es\/sanchez-una-victoria-que-le-puede-destruir\/#primaryimage\"},\"thumbnailUrl\":\"https:\/\/conversesacatalunya.cat\/wp-content\/uploads\/2023\/07\/victoria-sanchez.jpg\",\"keywords\":[\"elecciones 23-J\"],\"articleSection\":[\"Punts clau del dia (ES)\"],\"inLanguage\":\"es\",\"potentialAction\":[{\"@type\":\"CommentAction\",\"name\":\"Comment\",\"target\":[\"https:\/\/conversesacatalunya.cat\/es\/sanchez-una-victoria-que-le-puede-destruir\/#respond\"]}]},{\"@type\":\"WebPage\",\"@id\":\"https:\/\/conversesacatalunya.cat\/es\/sanchez-una-victoria-que-le-puede-destruir\/\",\"url\":\"https:\/\/conversesacatalunya.cat\/es\/sanchez-una-victoria-que-le-puede-destruir\/\",\"name\":\"S\u00e1nchez: una victoria que le puede destruir - Converses a Catalunya\",\"isPartOf\":{\"@id\":\"https:\/\/conversesacatalunya.cat\/#website\"},\"primaryImageOfPage\":{\"@id\":\"https:\/\/conversesacatalunya.cat\/es\/sanchez-una-victoria-que-le-puede-destruir\/#primaryimage\"},\"image\":{\"@id\":\"https:\/\/conversesacatalunya.cat\/es\/sanchez-una-victoria-que-le-puede-destruir\/#primaryimage\"},\"thumbnailUrl\":\"https:\/\/conversesacatalunya.cat\/wp-content\/uploads\/2023\/07\/victoria-sanchez.jpg\",\"datePublished\":\"2023-07-25T11:45:33+00:00\",\"dateModified\":\"2023-07-25T14:50:54+00:00\",\"author\":{\"@id\":\"https:\/\/conversesacatalunya.cat\/#\/schema\/person\/311d0bf53def217d5124c78a7bc42275\"},\"description\":\"La victoria de S\u00e1nchez se ha producido pero la pol\u00edtica siempre fluye como un r\u00edo y no est\u00e1 claro que su curso no acabe estrell\u00e1ndose contra las rocas\",\"breadcrumb\":{\"@id\":\"https:\/\/conversesacatalunya.cat\/es\/sanchez-una-victoria-que-le-puede-destruir\/#breadcrumb\"},\"inLanguage\":\"es\",\"potentialAction\":[{\"@type\":\"ReadAction\",\"target\":[\"https:\/\/conversesacatalunya.cat\/es\/sanchez-una-victoria-que-le-puede-destruir\/\"]}]},{\"@type\":\"ImageObject\",\"inLanguage\":\"es\",\"@id\":\"https:\/\/conversesacatalunya.cat\/es\/sanchez-una-victoria-que-le-puede-destruir\/#primaryimage\",\"url\":\"https:\/\/conversesacatalunya.cat\/wp-content\/uploads\/2023\/07\/victoria-sanchez.jpg\",\"contentUrl\":\"https:\/\/conversesacatalunya.cat\/wp-content\/uploads\/2023\/07\/victoria-sanchez.jpg\",\"width\":953,\"height\":481,\"caption\":\"victoria s\u00e1nchez\"},{\"@type\":\"BreadcrumbList\",\"@id\":\"https:\/\/conversesacatalunya.cat\/es\/sanchez-una-victoria-que-le-puede-destruir\/#breadcrumb\",\"itemListElement\":[{\"@type\":\"ListItem\",\"position\":1,\"name\":\"Inici\",\"item\":\"https:\/\/conversesacatalunya.cat\/es\/\"},{\"@type\":\"ListItem\",\"position\":2,\"name\":\"S\u00e1nchez: una victoria que le puede destruir\"}]},{\"@type\":\"WebSite\",\"@id\":\"https:\/\/conversesacatalunya.cat\/#website\",\"url\":\"https:\/\/conversesacatalunya.cat\/\",\"name\":\"Converses a Catalunya\",\"description\":\"\",\"potentialAction\":[{\"@type\":\"SearchAction\",\"target\":{\"@type\":\"EntryPoint\",\"urlTemplate\":\"https:\/\/conversesacatalunya.cat\/?s={search_term_string}\"},\"query-input\":{\"@type\":\"PropertyValueSpecification\",\"valueRequired\":true,\"valueName\":\"search_term_string\"}}],\"inLanguage\":\"es\"},{\"@type\":\"Person\",\"@id\":\"https:\/\/conversesacatalunya.cat\/#\/schema\/person\/311d0bf53def217d5124c78a7bc42275\",\"name\":\"Joan Masip\",\"image\":{\"@type\":\"ImageObject\",\"inLanguage\":\"es\",\"@id\":\"https:\/\/conversesacatalunya.cat\/#\/schema\/person\/image\/\",\"url\":\"https:\/\/conversesacatalunya.cat\/wp-content\/litespeed\/avatar\/fa67b994763cff7d443f54b63ec96481.jpg?ver=1777372547\",\"contentUrl\":\"https:\/\/conversesacatalunya.cat\/wp-content\/litespeed\/avatar\/fa67b994763cff7d443f54b63ec96481.jpg?ver=1777372547\",\"caption\":\"Joan Masip\"},\"url\":\"https:\/\/conversesacatalunya.cat\/es\/author\/joan-masip\/\"}]}<\/script>\n<!-- \/ Yoast SEO plugin. -->","yoast_head_json":{"title":"S\u00e1nchez: una victoria que le puede destruir - Converses a Catalunya","description":"La victoria de S\u00e1nchez se ha producido pero la pol\u00edtica siempre fluye como un r\u00edo y no est\u00e1 claro que su curso no acabe estrell\u00e1ndose contra las rocas","robots":{"index":"index","follow":"follow","max-snippet":"max-snippet:-1","max-image-preview":"max-image-preview:large","max-video-preview":"max-video-preview:-1"},"canonical":"https:\/\/conversesacatalunya.cat\/es\/sanchez-una-victoria-que-le-puede-destruir\/","og_locale":"es_ES","og_type":"article","og_title":"S\u00e1nchez: una victoria que le puede destruir - Converses a Catalunya","og_description":"La victoria de S\u00e1nchez se ha producido pero la pol\u00edtica siempre fluye como un r\u00edo y no est\u00e1 claro que su curso no acabe estrell\u00e1ndose contra las rocas","og_url":"https:\/\/conversesacatalunya.cat\/es\/sanchez-una-victoria-que-le-puede-destruir\/","og_site_name":"Converses a Catalunya","article_published_time":"2023-07-25T11:45:33+00:00","article_modified_time":"2023-07-25T14:50:54+00:00","og_image":[{"width":953,"height":481,"url":"https:\/\/conversesacatalunya.cat\/wp-content\/uploads\/2023\/07\/victoria-sanchez.jpg","type":"image\/jpeg"}],"author":"Joan Masip","twitter_card":"summary_large_image","twitter_misc":{"Escrito por":"Joan Masip","Tiempo de lectura":"5 minutos"},"schema":{"@context":"https:\/\/schema.org","@graph":[{"@type":"Article","@id":"https:\/\/conversesacatalunya.cat\/es\/sanchez-una-victoria-que-le-puede-destruir\/#article","isPartOf":{"@id":"https:\/\/conversesacatalunya.cat\/es\/sanchez-una-victoria-que-le-puede-destruir\/"},"author":{"name":"Joan Masip","@id":"https:\/\/conversesacatalunya.cat\/#\/schema\/person\/311d0bf53def217d5124c78a7bc42275"},"headline":"S\u00e1nchez: una victoria que le puede destruir","datePublished":"2023-07-25T11:45:33+00:00","dateModified":"2023-07-25T14:50:54+00:00","mainEntityOfPage":{"@id":"https:\/\/conversesacatalunya.cat\/es\/sanchez-una-victoria-que-le-puede-destruir\/"},"wordCount":922,"commentCount":0,"image":{"@id":"https:\/\/conversesacatalunya.cat\/es\/sanchez-una-victoria-que-le-puede-destruir\/#primaryimage"},"thumbnailUrl":"https:\/\/conversesacatalunya.cat\/wp-content\/uploads\/2023\/07\/victoria-sanchez.jpg","keywords":["elecciones 23-J"],"articleSection":["Punts clau del dia (ES)"],"inLanguage":"es","potentialAction":[{"@type":"CommentAction","name":"Comment","target":["https:\/\/conversesacatalunya.cat\/es\/sanchez-una-victoria-que-le-puede-destruir\/#respond"]}]},{"@type":"WebPage","@id":"https:\/\/conversesacatalunya.cat\/es\/sanchez-una-victoria-que-le-puede-destruir\/","url":"https:\/\/conversesacatalunya.cat\/es\/sanchez-una-victoria-que-le-puede-destruir\/","name":"S\u00e1nchez: una victoria que le puede destruir - Converses a Catalunya","isPartOf":{"@id":"https:\/\/conversesacatalunya.cat\/#website"},"primaryImageOfPage":{"@id":"https:\/\/conversesacatalunya.cat\/es\/sanchez-una-victoria-que-le-puede-destruir\/#primaryimage"},"image":{"@id":"https:\/\/conversesacatalunya.cat\/es\/sanchez-una-victoria-que-le-puede-destruir\/#primaryimage"},"thumbnailUrl":"https:\/\/conversesacatalunya.cat\/wp-content\/uploads\/2023\/07\/victoria-sanchez.jpg","datePublished":"2023-07-25T11:45:33+00:00","dateModified":"2023-07-25T14:50:54+00:00","author":{"@id":"https:\/\/conversesacatalunya.cat\/#\/schema\/person\/311d0bf53def217d5124c78a7bc42275"},"description":"La victoria de S\u00e1nchez se ha producido pero la pol\u00edtica siempre fluye como un r\u00edo y no est\u00e1 claro que su curso no acabe estrell\u00e1ndose contra las rocas","breadcrumb":{"@id":"https:\/\/conversesacatalunya.cat\/es\/sanchez-una-victoria-que-le-puede-destruir\/#breadcrumb"},"inLanguage":"es","potentialAction":[{"@type":"ReadAction","target":["https:\/\/conversesacatalunya.cat\/es\/sanchez-una-victoria-que-le-puede-destruir\/"]}]},{"@type":"ImageObject","inLanguage":"es","@id":"https:\/\/conversesacatalunya.cat\/es\/sanchez-una-victoria-que-le-puede-destruir\/#primaryimage","url":"https:\/\/conversesacatalunya.cat\/wp-content\/uploads\/2023\/07\/victoria-sanchez.jpg","contentUrl":"https:\/\/conversesacatalunya.cat\/wp-content\/uploads\/2023\/07\/victoria-sanchez.jpg","width":953,"height":481,"caption":"victoria s\u00e1nchez"},{"@type":"BreadcrumbList","@id":"https:\/\/conversesacatalunya.cat\/es\/sanchez-una-victoria-que-le-puede-destruir\/#breadcrumb","itemListElement":[{"@type":"ListItem","position":1,"name":"Inici","item":"https:\/\/conversesacatalunya.cat\/es\/"},{"@type":"ListItem","position":2,"name":"S\u00e1nchez: una victoria que le puede destruir"}]},{"@type":"WebSite","@id":"https:\/\/conversesacatalunya.cat\/#website","url":"https:\/\/conversesacatalunya.cat\/","name":"Converses a Catalunya","description":"","potentialAction":[{"@type":"SearchAction","target":{"@type":"EntryPoint","urlTemplate":"https:\/\/conversesacatalunya.cat\/?s={search_term_string}"},"query-input":{"@type":"PropertyValueSpecification","valueRequired":true,"valueName":"search_term_string"}}],"inLanguage":"es"},{"@type":"Person","@id":"https:\/\/conversesacatalunya.cat\/#\/schema\/person\/311d0bf53def217d5124c78a7bc42275","name":"Joan Masip","image":{"@type":"ImageObject","inLanguage":"es","@id":"https:\/\/conversesacatalunya.cat\/#\/schema\/person\/image\/","url":"https:\/\/conversesacatalunya.cat\/wp-content\/litespeed\/avatar\/fa67b994763cff7d443f54b63ec96481.jpg?ver=1777372547","contentUrl":"https:\/\/conversesacatalunya.cat\/wp-content\/litespeed\/avatar\/fa67b994763cff7d443f54b63ec96481.jpg?ver=1777372547","caption":"Joan Masip"},"url":"https:\/\/conversesacatalunya.cat\/es\/author\/joan-masip\/"}]}},"wps_subtitle":"La victoria de S\u00e1nchez se ha producido, pero la pol\u00edtica siempre fluye como un r\u00edo y no est\u00e1 claro que en este caso su curso no acabe estrell\u00e1ndose contra las rocas","_links":{"self":[{"href":"https:\/\/conversesacatalunya.cat\/es\/wp-json\/wp\/v2\/posts\/69627","targetHints":{"allow":["GET"]}}],"collection":[{"href":"https:\/\/conversesacatalunya.cat\/es\/wp-json\/wp\/v2\/posts"}],"about":[{"href":"https:\/\/conversesacatalunya.cat\/es\/wp-json\/wp\/v2\/types\/post"}],"author":[{"embeddable":true,"href":"https:\/\/conversesacatalunya.cat\/es\/wp-json\/wp\/v2\/users\/78"}],"replies":[{"embeddable":true,"href":"https:\/\/conversesacatalunya.cat\/es\/wp-json\/wp\/v2\/comments?post=69627"}],"version-history":[{"count":2,"href":"https:\/\/conversesacatalunya.cat\/es\/wp-json\/wp\/v2\/posts\/69627\/revisions"}],"predecessor-version":[{"id":69629,"href":"https:\/\/conversesacatalunya.cat\/es\/wp-json\/wp\/v2\/posts\/69627\/revisions\/69629"}],"wp:featuredmedia":[{"embeddable":true,"href":"https:\/\/conversesacatalunya.cat\/es\/wp-json\/wp\/v2\/media\/69611"}],"wp:attachment":[{"href":"https:\/\/conversesacatalunya.cat\/es\/wp-json\/wp\/v2\/media?parent=69627"}],"wp:term":[{"taxonomy":"category","embeddable":true,"href":"https:\/\/conversesacatalunya.cat\/es\/wp-json\/wp\/v2\/categories?post=69627"},{"taxonomy":"post_tag","embeddable":true,"href":"https:\/\/conversesacatalunya.cat\/es\/wp-json\/wp\/v2\/tags?post=69627"}],"curies":[{"name":"wp","href":"https:\/\/api.w.org\/{rel}","templated":true}]}}