{"id":69470,"date":"2023-07-20T11:24:37","date_gmt":"2023-07-20T09:24:37","guid":{"rendered":"https:\/\/conversesacatalunya.cat\/cal-dialogar-amb-el-pp-perque-catalunya-tambe-necessita-duna-veritable-politica-destat\/"},"modified":"2023-07-21T12:13:45","modified_gmt":"2023-07-21T10:13:45","slug":"hay-que-dialogar-con-el-pp-porque-cataluna-tambien-necesita-una-verdadera-politica-de-estado","status":"publish","type":"post","link":"https:\/\/conversesacatalunya.cat\/es\/hay-que-dialogar-con-el-pp-porque-cataluna-tambien-necesita-una-verdadera-politica-de-estado\/","title":{"rendered":"Hay que dialogar con el PP, porque Catalu\u00f1a tambi\u00e9n necesita una verdadera pol\u00edtica de estado"},"content":{"rendered":"<p><span><span class=\"\">Hay que recuperar la l\u00f3gica camboniana, que en buena medida fue tambi\u00e9n en este sentido la de Pujol, a pesar de las grandes diferencias en cuestiones de mucho peso, como la de participar o no en el gobierno espa\u00f1ol.\u00a0<\/span>La identidad de visi\u00f3n radica en que la cuesti\u00f3n eternamente vigente de Catalu\u00f1a, requiere ser abordada desde Espa\u00f1a con\u00a0<\/span><strong><span>visi\u00f3n de estado y no de partido<\/span><\/strong><span>\u00a0para evitar convertirla en munici\u00f3n de las pugnas partidistas. Es lo que es ahora.<\/span><\/p>\n<p><span>Hay que decir que no es f\u00e1cil, porque apostar contra Catalu\u00f1a tiene r\u00e9ditos electorales en Espa\u00f1a. No podr\u00eda ser de otra forma.\u00a0Donde hay separatistas es que ha habido separadores.\u00a0Y porque no es f\u00e1cil, es por lo que hace falta una Catalu\u00f1a fuerte y una gran unidad pol\u00edtica.\u00a0Hoy, desgraciadamente no hay nada de esto.\u00a0<span class=\"VIpgJd-yAWNEb-VIpgJd-fmcmS-sn54Q\">Somos d\u00e9biles, fr\u00e1giles, desunidos y el hecho catal\u00e1n alcanza un alto nivel partidista, desde quienes querr\u00edan la estupidez de su liquidaci\u00f3n, hasta los que la utilizan como un arma de partido. <\/span>Encima, si las encuestas no se equivocan, Catalunya, sobre todo Barcelona y Tarragona, quedar\u00e1n como unos de los escasos reductos del PSOE.\u00a0Mala pieza en el telar para los intereses catalanes.<\/span><\/p>\n<p><span>En este contexto concreto es en el que es necesario insertar el escrito dirigido por el\u00a0<\/span><strong><span>grupo de opini\u00f3n pol\u00edtica de Converses a Catalunya<\/span><\/strong><span>\u00a0al Presidente del PP, N\u00fa\u00f1ez Feij\u00f3o, formulando una serie de consideraciones desde el punto de vista de la parte de la sociedad civil organizada:<\/span><\/p>\n<p><strong>\u00abCon respeto y honestidad nos dirigimos al Sr. D. <\/strong><strong>Alberto N\u00fa\u00f1ez Feij\u00f3o, presidente del Partido Popular<\/strong><\/p>\n<p>Apreciado se\u00f1or, nos dirigimos a Ud. en representaci\u00f3n del grupo de reflexi\u00f3n pol\u00edtica <a href=\"https:\/\/conversesacatalunya.cat\/es\/es-2\/\" target=\"_blank\" rel=\"noopener\"><em>Converses a Catalunya<\/em><\/a> a fin de hacerle llegar nuestras consideraciones sobre Catalu\u00f1a y Espa\u00f1a desde la perspectiva de las pol\u00edticas p\u00fablicas y el gobierno del estado.<\/p>\n<p>Una vez apuntadas, nos gustar\u00eda <u>que encontrara el momento para poder recibir a una representaci\u00f3n de nuestro grupo<\/u> y conocer\u00a0 directamente su punto de vista.<\/p>\n<p><strong><u>Estas son nuestras principales consideraciones<\/u><\/strong><strong>:<\/strong><\/p>\n<ol>\n<li><strong>En Catalu\u00f1a la mayor\u00eda de la poblaci\u00f3n da el <em>Proc\u00e9s<\/em> por acabado y fracasado<\/strong>, sentimiento que incluye a una parte no menor de quienes participaron activamente en ese movimiento. Aquel es percibido como un estorbo, o para una minor\u00eda como una ilusi\u00f3n vital sin recorrido pol\u00edtico. Ser\u00eda absurdo que una pol\u00edtica equivocada reactivara un rescoldo que se autoconsume.<\/li>\n<li><strong>Los temas judiciales pendientes no pueden soslayarse<\/strong>, pero no deber\u00edan ser tratados de forma que obligue a recordar un episodio pasado ni alimente la idea de que el Estado act\u00faa contra Catalu\u00f1a.<\/li>\n<li><strong>Las revisiones de las leyes sobre sedici\u00f3n y malversaci\u00f3n<\/strong> tambi\u00e9n deben abordarse con \u00f3ptica estrictamente t\u00e9cnica y no con un planteamiento revanchista.<\/li>\n<li><strong>Catalu\u00f1a nunca ha asumido por completo la idea de que todas las autonom\u00edas (menos el Pa\u00eds Vasco y Navarra) deben ser iguales.<\/strong> Alguna f\u00f3rmula de pacto fiscal parece una condici\u00f3n necesaria para estabilizar la situaci\u00f3n en Catalu\u00f1a para un largo plazo.<\/li>\n<li><strong>Catalu\u00f1a necesita una mayor presencia del Estado <\/strong>en su territorio, pero centrada en los aspectos positivos de esa presencia, principalmente inversiones; pero tambi\u00e9n di\u00e1logo institucional. Y asumir la idea de que Espa\u00f1a es un Estado plural, cuya riqueza, precisamente, se halla en la idea de unidad, pero no de uniformidad.<\/li>\n<li><strong>Es necesaria una estrategia de comunicaci\u00f3n<\/strong> que acabe con el enorme poder medi\u00e1tico de los partidarios del Proc\u00e9s, una situaci\u00f3n que hace muy dif\u00edcil expulsarlos de la Generalitat.<\/li>\n<li><strong>Ser\u00eda conveniente definir una estrategia de apoyo<\/strong> a las entidades de la Sociedad Civil que defienden un catalanismo integrador. Ayuntamientos, Diputaciones y Generalitat subvencionan abundantemente organizaciones antisistema, cuyo cometido es la deslealtad a las instituciones.<\/li>\n<li>El <strong>primer problema que perciben los catalanes, incluso por encima de la situaci\u00f3n econ\u00f3mica, es el de la <\/strong><a href=\"http:\/\/evoluceo.ceo.gencat.cat\/ceo\/inici\/evoluceo.html#\/main\/evolucio\"><strong>insatisfacci\u00f3n con la pol\u00edtica,<\/strong><\/a> seg\u00fan los datos del Centro de Estudios de Opini\u00f3n de la Generalitat (CEO). Esto se\u00f1ala un problema muy grave porque representa una inversi\u00f3n de su sentido: de instrumento de soluci\u00f3n de los problemas a constituir el principal.<\/li>\n<li><strong>La incapacidad para entender la pol\u00edtica catalana por parte del PP<\/strong> parece estructural y es mucho m\u00e1s acusada que en el Pa\u00eds Vasco. Aqu\u00ed es incapaz de asumir ni siquiera el catalanismo cultural. En el Pa\u00eds Vasco asume con plenitud los derechos forales y la concreci\u00f3n del cupo, que es, en este \u00faltimo caso, una gran manifestaci\u00f3n de insolidaridad con el resto de Espa\u00f1a, que los populares asumen.<\/li>\n<li><strong>El catal\u00e1n es una lengua espa\u00f1ola minoritaria<\/strong> y ha de tener el reconocimiento y el apoyo del estado. Su uso como lengua vehicular en la escuela no pone en peligro el conocimiento del castellano, que es mayoritario. Una lengua cuyo \u00e1mbito ling\u00fc\u00edstico se acerca a los 500 millones de personas no puede creer seriamente que otra que no llega a los diez millones y que es minoritaria en sus propios territorios ling\u00fc\u00edsticos, le suponga una amenaza. La cuesti\u00f3n es m\u00e1s bien a la inversa y esto es una obviedad.<\/li>\n<li>A no ser que <strong>Catalu\u00f1a sea percibida como una anomal\u00eda ling\u00fc\u00edstica, cultural y jur\u00eddica<\/strong>, hay que considerarla una realidad especifica que enriquece la naturaleza de Espa\u00f1a. Catalu\u00f1a requiere confianza por parte del gobierno del estado y un reconocimiento concreto de su especificidad en el marco de la constitucionalidad. Y esto debe ser as\u00ed, por la importancia hist\u00f3rica de las aportaciones de Catalu\u00f1a a Espa\u00f1a, que no reciben el justo reconocimiento.<\/li>\n<li>Es <strong>una anomal\u00eda grave que todo el poder pol\u00edtico en Catalu\u00f1a<\/strong> <strong>pertenezca al espacio pol\u00edtico que se califica de progresista<\/strong>, compartimentado en recipientes partidistas, PSC-PSOE, ERC, Comunes, CUP y una buena parte de JxCat. En cambio, la derecha, la dimensi\u00f3n conservadora, es residual. Esto es una gran anomal\u00eda en relaci\u00f3n con Espa\u00f1a y a Europa, que tiene tres grandes responsables: la hegemon\u00eda medi\u00e1tica de la \u201cprogres\u00eda\u201d, la fragmentaci\u00f3n introducida por el independentismo y la pol\u00edtica del Partido Popular hacia Catalu\u00f1a.<\/li>\n<li><strong>Aquella evidencia debe <\/strong><a href=\"http:\/\/evoluceo.ceo.gencat.cat\/ceo\/inici\/evoluceo.html#\/main\/evolucio\" target=\"_blank\" rel=\"noopener\"><strong>correlacionarse con otra<\/strong><\/a><strong>: el 46,4% de los ciudadanos cree que ning\u00fan partido est\u00e1 capacitado<\/strong> para resolver los problemas que tiene Catalu\u00f1a, y un 18% no sabe qui\u00e9n puede hacerlo. El resultado es demoledor y peligroso. Solo el 1,4% considera que puede ser el Partido Popular, claro que, por si sirve de consuelo, el partido mejor situado, ERC, solo registra el 9% y el segundo, el PSC, un 6%.<\/li>\n<li><strong>La baja ejecuci\u00f3n de las inversiones del estado en Catalu\u00f1a es un hecho reiterado y muy grave,<\/strong> as\u00ed como el incumplimiento por su parte de lo legislado. Constituyen ejemplos muy importantes, pero ni mucho menos \u00fanicos, la no revisi\u00f3n del sistema de financiaci\u00f3n auton\u00f3mico despu\u00e9s de tantos a\u00f1os de retraso, o la arbitrariedad de lo que ha venido sucediendo con el Corredor Mediterr\u00e1neo. Existe una deslealtad por parte del Estado hacia Catalu\u00f1a, que no ser\u00e1 deliberada, pero que es una realidad objetiva.<\/li>\n<li>No queremos entrar en este escrito en medidas concretas. Ya habr\u00e1 ocasi\u00f3n para ello, pero por su importancia si deseamos se\u00f1alar la urgencia de finalizar el Corredor Mediterr\u00e1neo, y la necesidad de unir por AVE Valencia y Barcelona. No es tampoco un hecho menor aquella tendencia observada, de la que su partido sin ser el \u00fanico agente, si demuestra propensi\u00f3n, que tiende a reducir la diversidad espa\u00f1ola a Madrid. Es necesario que este sesgo se reconduzca, sin menosprecio para nadie.<\/li>\n<li><strong>La situaci\u00f3n de la natalidad, el matrimonio y la familia. Seg\u00fan<\/strong> el INE, el primer a\u00f1o en el que las defunciones superaron a los nacimientos en Espa\u00f1a fue el 2015. Desde entonces, el saldo vegetativo ha seguido siendo negativo y ha ido aumentando cada a\u00f1o y se aproxima a las 100.000 personas. Un orden de magnitud semejante a la cifra de seres humanos abortados. La tasa de fecundidad es de las m\u00e1s bajas del mundo, 1,19, y se espera (INE) una inmigraci\u00f3n anual del orden de 900.000 personas. Casi la mitad de los ni\u00f1os nacen fuera del matrimonio, 6 puntos porcentuales (p.p.) por encima la UE. Todo esto ha creado una crisis cuyas consecuencias negativas aumentan con el paso de los a\u00f1os, sin que el gobierno tenga ning\u00fan tipo de pol\u00edtica digna de este nombre para hacerle frente. La forma como aborda todo esto el programa que Ud. ha presentado es abiertamente insuficiente en t\u00e9rminos cualitativos y cuantitativos. Le solicitamos que lo aborde en t\u00e9rminos de mayor alcance y desarrolle una legislaci\u00f3n integral a favor de la familia, la maternidad y los derechos de los padres. Tambi\u00e9n, que se aplique, de una vez por todas, el criterio de la perspectiva de familia a todas las leyes, como est\u00e1 legislado y olvidado.<\/li>\n<li><strong>La dignidad de la vida<\/strong>. El humanismo de una sociedad se expresa en su capacidad de servir a la dignidad de la vida con independencia de su estado, desde su origen hasta su final no forzado. El gobierno est\u00e1 o deber\u00eda estar al servicio de este fin. Hasta ahora no ha sido as\u00ed. Lo revela el elevado n\u00famero de abortos, que ya se acercan al 27% de los nacimientos, la falta de alternativas y de reflexi\u00f3n antes de acometerlo. De acuerdo con su programa, nada de esto cambiar\u00e1. Espa\u00f1a es uno de los pocos pa\u00edses que ha legalizado la eutanasia y el suicidio asistido, sin resolver el grave d\u00e9ficit en cuidados paliativos. Ud. se compromete en su programa a remediarlo. Lo celebramos y le pedimos que act\u00fae con diligencia, petici\u00f3n que hacemos extensiva a la situaci\u00f3n de la sanidad, la dependencia, con un especial subrayado a la r\u00e1pida e intensa reducci\u00f3n de las listas de espera, y a la substancial mejora de las condiciones de vida de las personas que viven en residencias. As\u00ed mismo, es justo que se tramite con urgencia la ley de ayuda a los enfermos de ELA, que ha deca\u00eddo por la negligencia del Gobierno y la Mesa del Congreso, que pedimos haga extensiva a los afectados y sus familias de las restantes enfermedades mortales incapacitantes.<\/li>\n<\/ol>\n<p>Hemos se\u00f1alado unas pocas grandes necesidades que consideramos que requieren un compromiso program\u00e1tico mejor. Es nuestro deber formularlo como expresi\u00f3n organizada de una parte de la sociedad civil de Catalu\u00f1a. Existen otros muchos otros aspectos de su programa que compartimos plenamente o en gran medida.<\/p>\n<p>Le reiteramos nuestro inter\u00e9s en poder reunirnos con Ud.<\/p>\n<p>Reciba, se\u00f1or presidente, el testimonio de nuestra sincera estima, voluntad de servicio y la \u00a0petici\u00f3n de comprensi\u00f3n por la extensi\u00f3n del presente texto.<\/p>\n<p><strong>En nombre de Converses a Catalunya:<\/strong><\/p>\n<p>Daniel Arasa, Carlos Cuatrecasas, Juan Jose Folchi, Eugeni Gay, Remei G\u00f3mez, Joan Hortal\u00e0 i Arau, Javier Mirallas, Josep Mir\u00f3 i Ard\u00e8vol, \u00a0Manuel Silva y Josep Vila Bassas.\u00bb<\/p>\n<p><span>Vale la pena remarcar algunas de sus consideraciones con el fin de alcanzar una pol\u00edtica de estado hacia Catalu\u00f1a, que requerir\u00eda de un acuerdo al menos entre los populares y socialistas.<\/span><\/p>\n<p><strong><em><span>Converses<\/span><\/em><span>\u00a0considera que la mayor\u00eda de la poblaci\u00f3n da el\u00a0<\/span><em><span>Proceso<\/span><\/em><span> por terminado y fracasado<\/span><\/strong><span>, y por tanto, ser\u00eda absurdo que una pol\u00edtica equivocada lo reactivara.\u00a0Considera que<\/span><strong><span> los temas judiciales pendientes as\u00ed como la revisi\u00f3n de los delitos de sedici\u00f3n y malversaci\u00f3n no pueden dejarse<\/span><\/strong><span>, pero no deber\u00edan ser tratados de forma que retornen a un episodio pasado ni alimente la idea de que el Estado act\u00faa contra Catalu\u00f1a;\u00a0deben abordarse con \u00f3ptica estrictamente t\u00e9cnica.<\/span><\/p>\n<p><span><span class=\"\">Tambi\u00e9n considera que alguna f\u00f3rmula de pacto fiscal parece una condici\u00f3n necesaria para estabilizar la situaci\u00f3n en Catalunya por un largo plazo, mayores inversiones del Estado, una estrategia de comunicaci\u00f3n y de apoyo a las entidades de la Sociedad Civil que defienden un catalanismo integrador.<\/span><\/span><\/p>\n<p><span>El PP debe asumir la cruda realidad.\u00a0Hoy, para los catalanes, el primer problema\u00a0<\/span><strong><span>\u00a0es el de la\u00a0<\/span><\/strong><a href=\"http:\/\/evoluceo.ceo.gencat.cat\/ceo\/inici\/evoluceo.html%23\/main\/evolucio\" target=\"_blank\" rel=\"noopener\"><strong><span>insatisfacci\u00f3n con la pol\u00edtica.\u00a0<\/span><\/strong><\/a><span>Una grave cuesti\u00f3n a\u00a0<\/span><a href=\"http:\/\/evoluceo.ceo.gencat.cat\/ceo\/inici\/evoluceo.html%23\/main\/evolucio\" target=\"_blank\" rel=\"noopener\"><strong><span>correlacionarse<\/span><\/strong><\/a><strong><span>\u00a0con otra: el 46,4% de los ciudadanos cree que ning\u00fan partido est\u00e1 capacitado<\/span><\/strong><span>\u00a0para resolver los problemas que tiene Catalunya, y un 18% no sabe qui\u00e9n puede hacerlo.\u00a0El resultado es demoledor y peligroso.\u00a0S\u00f3lo el 1,4% considera que puede ser el Partido Popular, y a lo sumo el mejor situado, ERC, s\u00f3lo registra el 9% y el segundo, el PSC, un 6%.<\/span><\/p>\n<p><span>El escrito tambi\u00e9n se\u00f1ala\u00a0<\/span><strong><span>la incapacidad para entender la pol\u00edtica catalana por parte del PP,<\/span><\/strong><span>\u00a0incapaz de asumir ni siquiera el catalanismo cultural.\u00a0Mientras el Pa\u00eds Vasco asume sin aspavientos, no ya los derechos forales, sino el cupo, que es absolutamente discriminatorio para el resto del Estado.<\/span><\/p>\n<p><span>Considera que la obsesi\u00f3n con el catal\u00e1n y la discriminaci\u00f3n del castellano es absurda por parte de una lengua hablada por m\u00e1s de 500 millones de personas, que adem\u00e1s es mayoritaria en el territorio de lengua catalana.\u00a0Reclama para la lengua y la cultura catalana, la consideraci\u00f3n y trata de lengua de estado.<\/span><\/p>\n<p><span>La falta de un espacio pol\u00edtico fuerte de centro derecha es una anomal\u00eda europea, que es necesario resolver, y hace responsable del problema a la l\u00f3gica del proceso ya la pol\u00edtica del PP en Catalu\u00f1a.<\/span><\/p>\n<p><strong><span>Apunta el texto de Converses<\/span><\/strong><span>, que no quiere entrar ahora en una casu\u00edstica de cuestiones concretas, pero si quiere indicar algunas de especial relevancia.\u00a0<span class=\"VIpgJd-yAWNEb-VIpgJd-fmcmS-sn54Q\">En un orden de cosas espec\u00edfico, resolver la baja ejecuci\u00f3n de las inversiones del estado en Catalu\u00f1a, que en \u00e9ste y otros aspectos presenta las caracter\u00edsticas de un comportamiento desleal por parte del propio estado.<\/span><\/span><\/p>\n<p><span><span class=\"\">En otro orden de cosas, la <\/span><\/span><strong><span><span class=\"\">muy\u00a0<\/span><\/span><\/strong><strong><span><span class=\"\">grave situaci\u00f3n\u00a0<\/span><\/span><\/strong><strong><span><span class=\"\">de la natalidad, el\u00a0<\/span><\/span><\/strong><b><span><span class=\"\">matrimonio y la familia, por lo que pide respuestas a la altura,<\/span><\/span><\/b><span><span class=\"\"> as\u00ed como por un tercer problema muy relevante y poco abordado<\/span><\/span><strong><span><span class=\"\">: la dignidad de la vida<\/span><\/span><\/strong><span><span class=\"\">.\u00a0<\/span>Los abortos masivos sin alternativas, que significan ya el 27% de los nacimientos, la falta de recursos para los cuidados paliativos, las largas esperas para acceder a las ventajas de la ley de dependencia y el estado de la sanidad publica, son cuestiones irresueltas que definen el humanismo de una sociedad.<\/span><\/p>\n<p><a href=\"https:\/\/twitter.com\/jmiroardevol\" target=\"_blank\" rel=\"noopener\">@jmiroardevol<\/a><\/p>\n<div id=\"polls-205\" class=\"wp-polls\">\n\t<form id=\"polls_form_205\" class=\"wp-polls-form\" action=\"\/index.php\" method=\"post\">\n\t\t<p style=\"display: none;\"><input type=\"hidden\" id=\"poll_205_nonce\" name=\"wp-polls-nonce\" value=\"42df67f11f\" \/><\/p>\n\t\t<p style=\"display: none;\"><input type=\"hidden\" name=\"poll_id\" value=\"205\" \/><\/p>\n\t\t<p style=\"text-align: center\"><strong>Et preocupa que si hi ha un nou govern de coalici\u00f3 PP-VOX, la llengua i cultura catalana tinguin problemes?<\/strong><\/p><div id=\"polls-205-ans\" class=\"wp-polls-ans\"><ul class=\"wp-polls-ul\">\n\t\t<li><input type=\"radio\" id=\"poll-answer-569\" name=\"poll_205\" value=\"569\" \/> <label for=\"poll-answer-569\">S\u00ed<\/label><\/li>\n\t\t<li><input type=\"radio\" id=\"poll-answer-570\" name=\"poll_205\" value=\"570\" \/> <label for=\"poll-answer-570\">No<\/label><\/li>\n\t\t<li><input type=\"radio\" id=\"poll-answer-571\" name=\"poll_205\" value=\"571\" \/> <label for=\"poll-answer-571\">No ho s\u00e9<\/label><\/li>\n\t\t<\/ul><p style=\"text-align: center\"><input type=\"button\" name=\"vote\" value=\"   Vota   \" class=\"Buttons\" onclick=\"poll_vote(205);\" \/><\/p><p style=\"text-align: center\"><a href=\"#ViewPollResults\" onclick=\"poll_result(205); return false;\" title=\"View Results Of This Poll\">Mira els resultats<\/a><\/p><\/div>\n\t<\/form>\n<\/div>\n<div id=\"polls-205-loading\" class=\"wp-polls-loading\"><img decoding=\"async\" data-src=\"https:\/\/conversesacatalunya.cat\/wp-content\/plugins\/wp-polls\/images\/loading.gif\" width=\"16\" height=\"16\" alt=\"Cargando ...\" title=\"Cargando ...\" class=\"wp-polls-image lazyload\" src=\"data:image\/svg+xml;base64,PHN2ZyB3aWR0aD0iMSIgaGVpZ2h0PSIxIiB4bWxucz0iaHR0cDovL3d3dy53My5vcmcvMjAwMC9zdmciPjwvc3ZnPg==\" style=\"--smush-placeholder-width: 16px; --smush-placeholder-aspect-ratio: 16\/16;\" \/>&nbsp;Cargando ...<\/div>\n\n","protected":false},"excerpt":{"rendered":"<p>Hay que recuperar la l\u00f3gica camboniana, que en buena medida fue tambi\u00e9n en este sentido la de Pujol, a pesar de las grandes diferencias en cuestiones de mucho peso, como la de participar o no en el gobierno espa\u00f1ol.\u00a0La identidad de visi\u00f3n radica en que la cuesti\u00f3n eternamente vigente de Catalu\u00f1a, requiere ser abordada desde Espa\u00f1a con\u00a0visi\u00f3n de estado y no de partido\u00a0para evitar convertirla en munici\u00f3n de las pugnas partidistas. Es lo que es ahora. Hay que decir que no es f\u00e1cil, porque apostar contra Catalu\u00f1a tiene r\u00e9ditos electorales en Espa\u00f1a. No podr\u00eda ser de otra forma.\u00a0Donde hay separatistas es que ha habido separadores.\u00a0Y porque no es f\u00e1cil, es por lo que hace falta una Catalu\u00f1a fuerte y una gran unidad pol\u00edtica.\u00a0Hoy, desgraciadamente no hay nada de esto.\u00a0Somos d\u00e9biles, fr\u00e1giles, desunidos y el hecho catal\u00e1n alcanza un alto nivel partidista, desde quienes querr\u00edan la estupidez de su liquidaci\u00f3n, hasta los que la utilizan como un arma de partido. Encima, si las encuestas no se equivocan, Catalunya, sobre todo Barcelona y Tarragona, quedar\u00e1n como unos de los escasos reductos del PSOE.\u00a0Mala pieza en el telar para los intereses catalanes. En este contexto concreto es en el que es necesario insertar el escrito dirigido por el\u00a0grupo de opini\u00f3n pol\u00edtica de Converses a Catalunya\u00a0al Presidente del PP, N\u00fa\u00f1ez Feij\u00f3o, formulando una serie de consideraciones desde el punto de vista de la parte de la sociedad civil organizada: \u00abCon respeto y honestidad nos dirigimos al Sr. D. Alberto N\u00fa\u00f1ez Feij\u00f3o, presidente del Partido Popular Apreciado se\u00f1or, nos dirigimos a Ud. en representaci\u00f3n del grupo de reflexi\u00f3n pol\u00edtica Converses a Catalunya a fin de hacerle llegar nuestras consideraciones sobre Catalu\u00f1a y Espa\u00f1a desde la perspectiva de las pol\u00edticas p\u00fablicas y el gobierno del estado. Una vez apuntadas, nos gustar\u00eda que encontrara el momento para poder recibir a una representaci\u00f3n de nuestro grupo y conocer\u00a0 directamente su punto de vista. Estas son nuestras principales consideraciones: En Catalu\u00f1a la mayor\u00eda de la poblaci\u00f3n da el Proc\u00e9s por acabado y fracasado, sentimiento que incluye a una parte no menor de quienes participaron activamente en ese movimiento. Aquel es percibido como un estorbo, o para una minor\u00eda como una ilusi\u00f3n vital sin recorrido pol\u00edtico. Ser\u00eda absurdo que una pol\u00edtica equivocada reactivara un rescoldo que se autoconsume. Los temas judiciales pendientes no pueden soslayarse, pero no deber\u00edan ser tratados de forma que obligue a recordar un episodio pasado ni alimente la idea de que el Estado act\u00faa contra Catalu\u00f1a. Las revisiones de las leyes sobre sedici\u00f3n y malversaci\u00f3n tambi\u00e9n deben abordarse con \u00f3ptica estrictamente t\u00e9cnica y no con un planteamiento revanchista. Catalu\u00f1a nunca ha asumido por completo la idea de que todas las autonom\u00edas (menos el Pa\u00eds Vasco y Navarra) deben ser iguales. Alguna f\u00f3rmula de pacto fiscal parece una condici\u00f3n necesaria para estabilizar la situaci\u00f3n en Catalu\u00f1a para un largo plazo. Catalu\u00f1a necesita una mayor presencia del Estado en su territorio, pero centrada en los aspectos positivos de esa presencia, principalmente inversiones; pero tambi\u00e9n di\u00e1logo institucional. Y asumir la idea de que Espa\u00f1a es un Estado plural, cuya riqueza, precisamente, se halla en la idea de unidad, pero no de uniformidad. Es necesaria una estrategia de comunicaci\u00f3n que acabe con el enorme poder medi\u00e1tico de los partidarios del Proc\u00e9s, una situaci\u00f3n que hace muy dif\u00edcil expulsarlos de la Generalitat. Ser\u00eda conveniente definir una estrategia de apoyo a las entidades de la Sociedad Civil que defienden un catalanismo integrador. Ayuntamientos, Diputaciones y Generalitat subvencionan abundantemente organizaciones antisistema, cuyo cometido es la deslealtad a las instituciones. El primer problema que perciben los catalanes, incluso por encima de la situaci\u00f3n econ\u00f3mica, es el de la insatisfacci\u00f3n con la pol\u00edtica, seg\u00fan los datos del Centro de Estudios de Opini\u00f3n de la Generalitat (CEO). Esto se\u00f1ala un problema muy grave porque representa una inversi\u00f3n de su sentido: de instrumento de soluci\u00f3n de los problemas a constituir el principal. La incapacidad para entender la pol\u00edtica catalana por parte del PP parece estructural y es mucho m\u00e1s acusada que en el Pa\u00eds Vasco. Aqu\u00ed es incapaz de asumir ni siquiera el catalanismo cultural. En el Pa\u00eds Vasco asume con plenitud los derechos forales y la concreci\u00f3n del cupo, que es, en este \u00faltimo caso, una gran manifestaci\u00f3n de insolidaridad con el resto de Espa\u00f1a, que los populares asumen. El catal\u00e1n es una lengua espa\u00f1ola minoritaria y ha de tener el reconocimiento y el apoyo del estado. Su uso como lengua vehicular en la escuela no pone en peligro el conocimiento del castellano, que es mayoritario. Una lengua cuyo \u00e1mbito ling\u00fc\u00edstico se acerca a los 500 millones de personas no puede creer seriamente que otra que no llega a los diez millones y que es minoritaria en sus propios territorios ling\u00fc\u00edsticos, le suponga una amenaza. La cuesti\u00f3n es m\u00e1s bien a la inversa y esto es una obviedad. A no ser que Catalu\u00f1a sea percibida como una anomal\u00eda ling\u00fc\u00edstica, cultural y jur\u00eddica, hay que considerarla una realidad especifica que enriquece la naturaleza de Espa\u00f1a. Catalu\u00f1a requiere confianza por parte del gobierno del estado y un reconocimiento concreto de su especificidad en el marco de la constitucionalidad. Y esto debe ser as\u00ed, por la importancia hist\u00f3rica de las aportaciones de Catalu\u00f1a a Espa\u00f1a, que no reciben el justo reconocimiento. Es una anomal\u00eda grave que todo el poder pol\u00edtico en Catalu\u00f1a pertenezca al espacio pol\u00edtico que se califica de progresista, compartimentado en recipientes partidistas, PSC-PSOE, ERC, Comunes, CUP y una buena parte de JxCat. En cambio, la derecha, la dimensi\u00f3n conservadora, es residual. Esto es una gran anomal\u00eda en relaci\u00f3n con Espa\u00f1a y a Europa, que tiene tres grandes responsables: la hegemon\u00eda medi\u00e1tica de la \u201cprogres\u00eda\u201d, la fragmentaci\u00f3n introducida por el independentismo y la pol\u00edtica del Partido Popular hacia Catalu\u00f1a. Aquella evidencia debe correlacionarse con otra: el 46,4% de los ciudadanos cree que ning\u00fan partido est\u00e1 capacitado para resolver los problemas que tiene Catalu\u00f1a, y un 18% no sabe qui\u00e9n puede hacerlo. El resultado es demoledor y peligroso. Solo el 1,4% considera que puede ser el Partido&#8230;<\/p>\n","protected":false},"author":19,"featured_media":69436,"comment_status":"open","ping_status":"open","sticky":false,"template":"","format":"standard","meta":{"_FSMCFIC_featured_image_caption":"","_FSMCFIC_featured_image_nocaption":"","_FSMCFIC_featured_image_hide":"","footnotes":""},"categories":[796,806],"tags":[4996,2719],"class_list":["post-69470","post","type-post","status-publish","format-standard","has-post-thumbnail","hentry","category-el-blog-de-josep-miro-i-ardevol-es","category-punts-claus-del-dia-es","tag-elecciones-23-j","tag-feijoo-es"],"yoast_head":"<!-- This site is optimized with the Yoast SEO plugin v26.8 - https:\/\/yoast.com\/product\/yoast-seo-wordpress\/ -->\n<title>Hay que dialogar con el PP, porque Catalu\u00f1a tambi\u00e9n necesita una verdadera pol\u00edtica de estado - Converses a Catalunya<\/title>\n<meta name=\"description\" content=\"Escrito a N\u00fa\u00f1ez Feij\u00f3o, formulando una serie de consideraciones desde el punto de vista de la parte de la sociedad civil organizada\" \/>\n<meta name=\"robots\" content=\"index, follow, max-snippet:-1, max-image-preview:large, max-video-preview:-1\" \/>\n<link rel=\"canonical\" href=\"https:\/\/conversesacatalunya.cat\/es\/hay-que-dialogar-con-el-pp-porque-cataluna-tambien-necesita-una-verdadera-politica-de-estado\/\" \/>\n<meta property=\"og:locale\" content=\"es_ES\" \/>\n<meta property=\"og:type\" content=\"article\" \/>\n<meta property=\"og:title\" content=\"Hay que dialogar con el PP, porque Catalu\u00f1a tambi\u00e9n necesita una verdadera pol\u00edtica de estado - Converses a Catalunya\" \/>\n<meta property=\"og:description\" content=\"Escrito a N\u00fa\u00f1ez Feij\u00f3o, formulando una serie de consideraciones desde el punto de vista de la parte de la sociedad civil organizada\" \/>\n<meta property=\"og:url\" content=\"https:\/\/conversesacatalunya.cat\/es\/hay-que-dialogar-con-el-pp-porque-cataluna-tambien-necesita-una-verdadera-politica-de-estado\/\" \/>\n<meta property=\"og:site_name\" content=\"Converses a Catalunya\" \/>\n<meta property=\"article:published_time\" content=\"2023-07-20T09:24:37+00:00\" \/>\n<meta property=\"article:modified_time\" content=\"2023-07-21T10:13:45+00:00\" \/>\n<meta property=\"og:image\" content=\"https:\/\/conversesacatalunya.cat\/wp-content\/uploads\/2023\/07\/feijoo-y-aborto.jpg\" \/>\n\t<meta property=\"og:image:width\" content=\"640\" \/>\n\t<meta property=\"og:image:height\" content=\"290\" \/>\n\t<meta property=\"og:image:type\" content=\"image\/jpeg\" \/>\n<meta name=\"author\" content=\"Josep Mir\u00f3 i Ard\u00e8vol\" \/>\n<meta name=\"twitter:card\" content=\"summary_large_image\" \/>\n<meta name=\"twitter:label1\" content=\"Escrito por\" \/>\n\t<meta name=\"twitter:data1\" content=\"Josep Mir\u00f3 i Ard\u00e8vol\" \/>\n\t<meta name=\"twitter:label2\" content=\"Tiempo de lectura\" \/>\n\t<meta name=\"twitter:data2\" content=\"12 minutos\" \/>\n<script type=\"application\/ld+json\" class=\"yoast-schema-graph\">{\"@context\":\"https:\/\/schema.org\",\"@graph\":[{\"@type\":\"Article\",\"@id\":\"https:\/\/conversesacatalunya.cat\/es\/hay-que-dialogar-con-el-pp-porque-cataluna-tambien-necesita-una-verdadera-politica-de-estado\/#article\",\"isPartOf\":{\"@id\":\"https:\/\/conversesacatalunya.cat\/es\/hay-que-dialogar-con-el-pp-porque-cataluna-tambien-necesita-una-verdadera-politica-de-estado\/\"},\"author\":{\"name\":\"Josep Mir\u00f3 i Ard\u00e8vol\",\"@id\":\"https:\/\/conversesacatalunya.cat\/#\/schema\/person\/a9598a6786ba7d3d1c5e0de477b79370\"},\"headline\":\"Hay que dialogar con el PP, porque Catalu\u00f1a tambi\u00e9n necesita una verdadera pol\u00edtica de estado\",\"datePublished\":\"2023-07-20T09:24:37+00:00\",\"dateModified\":\"2023-07-21T10:13:45+00:00\",\"mainEntityOfPage\":{\"@id\":\"https:\/\/conversesacatalunya.cat\/es\/hay-que-dialogar-con-el-pp-porque-cataluna-tambien-necesita-una-verdadera-politica-de-estado\/\"},\"wordCount\":2486,\"commentCount\":0,\"image\":{\"@id\":\"https:\/\/conversesacatalunya.cat\/es\/hay-que-dialogar-con-el-pp-porque-cataluna-tambien-necesita-una-verdadera-politica-de-estado\/#primaryimage\"},\"thumbnailUrl\":\"https:\/\/conversesacatalunya.cat\/wp-content\/uploads\/2023\/07\/feijoo-y-aborto.jpg\",\"keywords\":[\"elecciones 23-J\",\"Feijoo\"],\"articleSection\":[\"El Blog de Josep Mir\u00f3 i Ard\u00e8vol (ES)\",\"Punts clau del dia (ES)\"],\"inLanguage\":\"es\",\"potentialAction\":[{\"@type\":\"CommentAction\",\"name\":\"Comment\",\"target\":[\"https:\/\/conversesacatalunya.cat\/es\/hay-que-dialogar-con-el-pp-porque-cataluna-tambien-necesita-una-verdadera-politica-de-estado\/#respond\"]}]},{\"@type\":\"WebPage\",\"@id\":\"https:\/\/conversesacatalunya.cat\/es\/hay-que-dialogar-con-el-pp-porque-cataluna-tambien-necesita-una-verdadera-politica-de-estado\/\",\"url\":\"https:\/\/conversesacatalunya.cat\/es\/hay-que-dialogar-con-el-pp-porque-cataluna-tambien-necesita-una-verdadera-politica-de-estado\/\",\"name\":\"Hay que dialogar con el PP, porque Catalu\u00f1a tambi\u00e9n necesita una verdadera pol\u00edtica de estado - Converses a Catalunya\",\"isPartOf\":{\"@id\":\"https:\/\/conversesacatalunya.cat\/#website\"},\"primaryImageOfPage\":{\"@id\":\"https:\/\/conversesacatalunya.cat\/es\/hay-que-dialogar-con-el-pp-porque-cataluna-tambien-necesita-una-verdadera-politica-de-estado\/#primaryimage\"},\"image\":{\"@id\":\"https:\/\/conversesacatalunya.cat\/es\/hay-que-dialogar-con-el-pp-porque-cataluna-tambien-necesita-una-verdadera-politica-de-estado\/#primaryimage\"},\"thumbnailUrl\":\"https:\/\/conversesacatalunya.cat\/wp-content\/uploads\/2023\/07\/feijoo-y-aborto.jpg\",\"datePublished\":\"2023-07-20T09:24:37+00:00\",\"dateModified\":\"2023-07-21T10:13:45+00:00\",\"author\":{\"@id\":\"https:\/\/conversesacatalunya.cat\/#\/schema\/person\/a9598a6786ba7d3d1c5e0de477b79370\"},\"description\":\"Escrito a N\u00fa\u00f1ez Feij\u00f3o, formulando una serie de consideraciones desde el punto de vista de la parte de la sociedad civil organizada\",\"breadcrumb\":{\"@id\":\"https:\/\/conversesacatalunya.cat\/es\/hay-que-dialogar-con-el-pp-porque-cataluna-tambien-necesita-una-verdadera-politica-de-estado\/#breadcrumb\"},\"inLanguage\":\"es\",\"potentialAction\":[{\"@type\":\"ReadAction\",\"target\":[\"https:\/\/conversesacatalunya.cat\/es\/hay-que-dialogar-con-el-pp-porque-cataluna-tambien-necesita-una-verdadera-politica-de-estado\/\"]}]},{\"@type\":\"ImageObject\",\"inLanguage\":\"es\",\"@id\":\"https:\/\/conversesacatalunya.cat\/es\/hay-que-dialogar-con-el-pp-porque-cataluna-tambien-necesita-una-verdadera-politica-de-estado\/#primaryimage\",\"url\":\"https:\/\/conversesacatalunya.cat\/wp-content\/uploads\/2023\/07\/feijoo-y-aborto.jpg\",\"contentUrl\":\"https:\/\/conversesacatalunya.cat\/wp-content\/uploads\/2023\/07\/feijoo-y-aborto.jpg\",\"width\":640,\"height\":290},{\"@type\":\"BreadcrumbList\",\"@id\":\"https:\/\/conversesacatalunya.cat\/es\/hay-que-dialogar-con-el-pp-porque-cataluna-tambien-necesita-una-verdadera-politica-de-estado\/#breadcrumb\",\"itemListElement\":[{\"@type\":\"ListItem\",\"position\":1,\"name\":\"Inici\",\"item\":\"https:\/\/conversesacatalunya.cat\/es\/\"},{\"@type\":\"ListItem\",\"position\":2,\"name\":\"Hay que dialogar con el PP, porque Catalu\u00f1a tambi\u00e9n necesita una verdadera pol\u00edtica de estado\"}]},{\"@type\":\"WebSite\",\"@id\":\"https:\/\/conversesacatalunya.cat\/#website\",\"url\":\"https:\/\/conversesacatalunya.cat\/\",\"name\":\"Converses a Catalunya\",\"description\":\"\",\"potentialAction\":[{\"@type\":\"SearchAction\",\"target\":{\"@type\":\"EntryPoint\",\"urlTemplate\":\"https:\/\/conversesacatalunya.cat\/?s={search_term_string}\"},\"query-input\":{\"@type\":\"PropertyValueSpecification\",\"valueRequired\":true,\"valueName\":\"search_term_string\"}}],\"inLanguage\":\"es\"},{\"@type\":\"Person\",\"@id\":\"https:\/\/conversesacatalunya.cat\/#\/schema\/person\/a9598a6786ba7d3d1c5e0de477b79370\",\"name\":\"Josep Mir\u00f3 i Ard\u00e8vol\",\"image\":{\"@type\":\"ImageObject\",\"inLanguage\":\"es\",\"@id\":\"https:\/\/conversesacatalunya.cat\/#\/schema\/person\/image\/\",\"url\":\"https:\/\/conversesacatalunya.cat\/wp-content\/litespeed\/avatar\/c37e3dc881857483d6694cdf98fdedea.jpg?ver=1777270381\",\"contentUrl\":\"https:\/\/conversesacatalunya.cat\/wp-content\/litespeed\/avatar\/c37e3dc881857483d6694cdf98fdedea.jpg?ver=1777270381\",\"caption\":\"Josep Mir\u00f3 i Ard\u00e8vol\"},\"url\":\"https:\/\/conversesacatalunya.cat\/es\/author\/josep-miro-i-ardevol\/\"}]}<\/script>\n<!-- \/ Yoast SEO plugin. -->","yoast_head_json":{"title":"Hay que dialogar con el PP, porque Catalu\u00f1a tambi\u00e9n necesita una verdadera pol\u00edtica de estado - Converses a Catalunya","description":"Escrito a N\u00fa\u00f1ez Feij\u00f3o, formulando una serie de consideraciones desde el punto de vista de la parte de la sociedad civil organizada","robots":{"index":"index","follow":"follow","max-snippet":"max-snippet:-1","max-image-preview":"max-image-preview:large","max-video-preview":"max-video-preview:-1"},"canonical":"https:\/\/conversesacatalunya.cat\/es\/hay-que-dialogar-con-el-pp-porque-cataluna-tambien-necesita-una-verdadera-politica-de-estado\/","og_locale":"es_ES","og_type":"article","og_title":"Hay que dialogar con el PP, porque Catalu\u00f1a tambi\u00e9n necesita una verdadera pol\u00edtica de estado - Converses a Catalunya","og_description":"Escrito a N\u00fa\u00f1ez Feij\u00f3o, formulando una serie de consideraciones desde el punto de vista de la parte de la sociedad civil organizada","og_url":"https:\/\/conversesacatalunya.cat\/es\/hay-que-dialogar-con-el-pp-porque-cataluna-tambien-necesita-una-verdadera-politica-de-estado\/","og_site_name":"Converses a Catalunya","article_published_time":"2023-07-20T09:24:37+00:00","article_modified_time":"2023-07-21T10:13:45+00:00","og_image":[{"width":640,"height":290,"url":"https:\/\/conversesacatalunya.cat\/wp-content\/uploads\/2023\/07\/feijoo-y-aborto.jpg","type":"image\/jpeg"}],"author":"Josep Mir\u00f3 i Ard\u00e8vol","twitter_card":"summary_large_image","twitter_misc":{"Escrito por":"Josep Mir\u00f3 i Ard\u00e8vol","Tiempo de lectura":"12 minutos"},"schema":{"@context":"https:\/\/schema.org","@graph":[{"@type":"Article","@id":"https:\/\/conversesacatalunya.cat\/es\/hay-que-dialogar-con-el-pp-porque-cataluna-tambien-necesita-una-verdadera-politica-de-estado\/#article","isPartOf":{"@id":"https:\/\/conversesacatalunya.cat\/es\/hay-que-dialogar-con-el-pp-porque-cataluna-tambien-necesita-una-verdadera-politica-de-estado\/"},"author":{"name":"Josep Mir\u00f3 i Ard\u00e8vol","@id":"https:\/\/conversesacatalunya.cat\/#\/schema\/person\/a9598a6786ba7d3d1c5e0de477b79370"},"headline":"Hay que dialogar con el PP, porque Catalu\u00f1a tambi\u00e9n necesita una verdadera pol\u00edtica de estado","datePublished":"2023-07-20T09:24:37+00:00","dateModified":"2023-07-21T10:13:45+00:00","mainEntityOfPage":{"@id":"https:\/\/conversesacatalunya.cat\/es\/hay-que-dialogar-con-el-pp-porque-cataluna-tambien-necesita-una-verdadera-politica-de-estado\/"},"wordCount":2486,"commentCount":0,"image":{"@id":"https:\/\/conversesacatalunya.cat\/es\/hay-que-dialogar-con-el-pp-porque-cataluna-tambien-necesita-una-verdadera-politica-de-estado\/#primaryimage"},"thumbnailUrl":"https:\/\/conversesacatalunya.cat\/wp-content\/uploads\/2023\/07\/feijoo-y-aborto.jpg","keywords":["elecciones 23-J","Feijoo"],"articleSection":["El Blog de Josep Mir\u00f3 i Ard\u00e8vol (ES)","Punts clau del dia (ES)"],"inLanguage":"es","potentialAction":[{"@type":"CommentAction","name":"Comment","target":["https:\/\/conversesacatalunya.cat\/es\/hay-que-dialogar-con-el-pp-porque-cataluna-tambien-necesita-una-verdadera-politica-de-estado\/#respond"]}]},{"@type":"WebPage","@id":"https:\/\/conversesacatalunya.cat\/es\/hay-que-dialogar-con-el-pp-porque-cataluna-tambien-necesita-una-verdadera-politica-de-estado\/","url":"https:\/\/conversesacatalunya.cat\/es\/hay-que-dialogar-con-el-pp-porque-cataluna-tambien-necesita-una-verdadera-politica-de-estado\/","name":"Hay que dialogar con el PP, porque Catalu\u00f1a tambi\u00e9n necesita una verdadera pol\u00edtica de estado - Converses a Catalunya","isPartOf":{"@id":"https:\/\/conversesacatalunya.cat\/#website"},"primaryImageOfPage":{"@id":"https:\/\/conversesacatalunya.cat\/es\/hay-que-dialogar-con-el-pp-porque-cataluna-tambien-necesita-una-verdadera-politica-de-estado\/#primaryimage"},"image":{"@id":"https:\/\/conversesacatalunya.cat\/es\/hay-que-dialogar-con-el-pp-porque-cataluna-tambien-necesita-una-verdadera-politica-de-estado\/#primaryimage"},"thumbnailUrl":"https:\/\/conversesacatalunya.cat\/wp-content\/uploads\/2023\/07\/feijoo-y-aborto.jpg","datePublished":"2023-07-20T09:24:37+00:00","dateModified":"2023-07-21T10:13:45+00:00","author":{"@id":"https:\/\/conversesacatalunya.cat\/#\/schema\/person\/a9598a6786ba7d3d1c5e0de477b79370"},"description":"Escrito a N\u00fa\u00f1ez Feij\u00f3o, formulando una serie de consideraciones desde el punto de vista de la parte de la sociedad civil organizada","breadcrumb":{"@id":"https:\/\/conversesacatalunya.cat\/es\/hay-que-dialogar-con-el-pp-porque-cataluna-tambien-necesita-una-verdadera-politica-de-estado\/#breadcrumb"},"inLanguage":"es","potentialAction":[{"@type":"ReadAction","target":["https:\/\/conversesacatalunya.cat\/es\/hay-que-dialogar-con-el-pp-porque-cataluna-tambien-necesita-una-verdadera-politica-de-estado\/"]}]},{"@type":"ImageObject","inLanguage":"es","@id":"https:\/\/conversesacatalunya.cat\/es\/hay-que-dialogar-con-el-pp-porque-cataluna-tambien-necesita-una-verdadera-politica-de-estado\/#primaryimage","url":"https:\/\/conversesacatalunya.cat\/wp-content\/uploads\/2023\/07\/feijoo-y-aborto.jpg","contentUrl":"https:\/\/conversesacatalunya.cat\/wp-content\/uploads\/2023\/07\/feijoo-y-aborto.jpg","width":640,"height":290},{"@type":"BreadcrumbList","@id":"https:\/\/conversesacatalunya.cat\/es\/hay-que-dialogar-con-el-pp-porque-cataluna-tambien-necesita-una-verdadera-politica-de-estado\/#breadcrumb","itemListElement":[{"@type":"ListItem","position":1,"name":"Inici","item":"https:\/\/conversesacatalunya.cat\/es\/"},{"@type":"ListItem","position":2,"name":"Hay que dialogar con el PP, porque Catalu\u00f1a tambi\u00e9n necesita una verdadera pol\u00edtica de estado"}]},{"@type":"WebSite","@id":"https:\/\/conversesacatalunya.cat\/#website","url":"https:\/\/conversesacatalunya.cat\/","name":"Converses a Catalunya","description":"","potentialAction":[{"@type":"SearchAction","target":{"@type":"EntryPoint","urlTemplate":"https:\/\/conversesacatalunya.cat\/?s={search_term_string}"},"query-input":{"@type":"PropertyValueSpecification","valueRequired":true,"valueName":"search_term_string"}}],"inLanguage":"es"},{"@type":"Person","@id":"https:\/\/conversesacatalunya.cat\/#\/schema\/person\/a9598a6786ba7d3d1c5e0de477b79370","name":"Josep Mir\u00f3 i Ard\u00e8vol","image":{"@type":"ImageObject","inLanguage":"es","@id":"https:\/\/conversesacatalunya.cat\/#\/schema\/person\/image\/","url":"https:\/\/conversesacatalunya.cat\/wp-content\/litespeed\/avatar\/c37e3dc881857483d6694cdf98fdedea.jpg?ver=1777270381","contentUrl":"https:\/\/conversesacatalunya.cat\/wp-content\/litespeed\/avatar\/c37e3dc881857483d6694cdf98fdedea.jpg?ver=1777270381","caption":"Josep Mir\u00f3 i Ard\u00e8vol"},"url":"https:\/\/conversesacatalunya.cat\/es\/author\/josep-miro-i-ardevol\/"}]}},"wps_subtitle":"Escrito dirigido por el grupo de opini\u00f3n pol\u00edtica de Converses a Catalunya al Presidente del PP, N\u00fa\u00f1ez Feij\u00f3o, formulando una serie de consideraciones desde el punto de vista de la parte de la sociedad civil organizada","_links":{"self":[{"href":"https:\/\/conversesacatalunya.cat\/es\/wp-json\/wp\/v2\/posts\/69470","targetHints":{"allow":["GET"]}}],"collection":[{"href":"https:\/\/conversesacatalunya.cat\/es\/wp-json\/wp\/v2\/posts"}],"about":[{"href":"https:\/\/conversesacatalunya.cat\/es\/wp-json\/wp\/v2\/types\/post"}],"author":[{"embeddable":true,"href":"https:\/\/conversesacatalunya.cat\/es\/wp-json\/wp\/v2\/users\/19"}],"replies":[{"embeddable":true,"href":"https:\/\/conversesacatalunya.cat\/es\/wp-json\/wp\/v2\/comments?post=69470"}],"version-history":[{"count":2,"href":"https:\/\/conversesacatalunya.cat\/es\/wp-json\/wp\/v2\/posts\/69470\/revisions"}],"predecessor-version":[{"id":69472,"href":"https:\/\/conversesacatalunya.cat\/es\/wp-json\/wp\/v2\/posts\/69470\/revisions\/69472"}],"wp:featuredmedia":[{"embeddable":true,"href":"https:\/\/conversesacatalunya.cat\/es\/wp-json\/wp\/v2\/media\/69436"}],"wp:attachment":[{"href":"https:\/\/conversesacatalunya.cat\/es\/wp-json\/wp\/v2\/media?parent=69470"}],"wp:term":[{"taxonomy":"category","embeddable":true,"href":"https:\/\/conversesacatalunya.cat\/es\/wp-json\/wp\/v2\/categories?post=69470"},{"taxonomy":"post_tag","embeddable":true,"href":"https:\/\/conversesacatalunya.cat\/es\/wp-json\/wp\/v2\/tags?post=69470"}],"curies":[{"name":"wp","href":"https:\/\/api.w.org\/{rel}","templated":true}]}}