{"id":69432,"date":"2023-07-21T09:00:42","date_gmt":"2023-07-21T07:00:42","guid":{"rendered":"https:\/\/conversesacatalunya.cat\/?p=69432"},"modified":"2023-07-21T05:53:07","modified_gmt":"2023-07-21T03:53:07","slug":"80-jovenes-extutelados-trabajo-con-proyecto-joves-futur","status":"publish","type":"post","link":"https:\/\/conversesacatalunya.cat\/es\/80-jovenes-extutelados-trabajo-con-proyecto-joves-futur\/","title":{"rendered":"80 j\u00f3venes extutelados consiguen trabajo con la primera edici\u00f3n del proyecto JOVES FUTUR +"},"content":{"rendered":"<p>El acto de clausura de la primera edici\u00f3n del proyecto <a href=\"https:\/\/fundacion.fcbarcelona.es\/joves-futur-2\" target=\"_blank\" rel=\"noopener\"><strong>JOVES<\/strong> <strong>FUTUR + <\/strong><\/a>se ha celebrado el martes 18 de julio en el Spotify Camp Nou.<\/p>\n<p>El programa JOVES FUTUR +, impulsado por la Fundaci\u00f3n FC Barcelona con el apoyo de la Fundaci\u00f3n \u201dla Caixa\u201d, promueve la inserci\u00f3n sociolaboral de j\u00f3venes extutelados que al llegar a los 18 a\u00f1os pierden la protecci\u00f3n de la Administraci\u00f3n p\u00fablica y se encuentran en una situaci\u00f3n de m\u00e1xima vulnerabilidad.<\/p>\n<p>El encuentro ha servido como<strong> acto de reconocimiento<\/strong> de los 80 j\u00f3venes extutelados que han logrado un contrato de trabajo en la primera edici\u00f3n del proyecto y tambi\u00e9n para agradecer el compromiso y la implicaci\u00f3n de las m\u00e1s 60 empresas, las 13 entidades derivadoras y los 28 mentores que all\u00ed han participado.<\/p>\n<p>Durante este primer a\u00f1o, se ha trabajado con todos los j\u00f3venes participantes <strong>desde cuatro vertientes:<\/strong> formaci\u00f3n en oficios, inserci\u00f3n sociolaboral, acompa\u00f1amiento psicosocial y mentor\u00eda. Adem\u00e1s, se han impartido en todo el territorio 24 cursos sobre tem\u00e1ticas relacionadas con las necesidades de las empresas: hosteler\u00eda, restauraci\u00f3n, soldadura, mantenimiento, log\u00edstica, limpieza industrial y socorrismo, entre otros.<\/p>\n<h4><strong>Habilidades, soporte y acompa\u00f1amiento<\/strong><\/h4>\n<p>JOVES FUTUR +, que se present\u00f3 en junio de 2022, tiene como objetivo ofrecer apoyo a las personas j\u00f3venes extuteladas a trav\u00e9s de una red de formadores, educadores sociales, psic\u00f3logos y mentores que les proporcionan las herramientas necesarias en los \u00e1mbitos formativo, laboral, psicosocial y emocional para conseguir <strong>una autonom\u00eda personal plena en ausencia de una familia o red social.<\/strong><\/p>\n<p>Aparte de la formaci\u00f3n y la inserci\u00f3n laboral, JOVES FUTUR+ tiene una parte importante de promoci\u00f3n de las habilidades transversales, de apoyo psicosocial y de acompa\u00f1amiento a trav\u00e9s de una <strong>red de mentores.<\/strong><\/p>\n<p>Durante todo el proceso se lleva a cabo una tarea de seguimiento para <strong>promover la autonom\u00eda<\/strong> y favorecer las competencias personales y sociales para acceder a un trabajo y tambi\u00e9n para saber mantenerlo.<\/p>\n<p>Adem\u00e1s, uno de los objetivos del proyecto es tambi\u00e9n formarlos en la<strong> gesti\u00f3n de la econom\u00eda<\/strong> personal y dom\u00e9stica y promover el tiempo libre de calidad, aspectos clave en la etapa de emancipaci\u00f3n a la que se enfrentan.<\/p>\n<span class='bctt-click-to-tweet'><span class='bctt-ctt-text'><a href='https:\/\/twitter.com\/intent\/tweet?url=https%3A%2F%2Fconversesacatalunya.cat%2Fes%2F80-jovenes-extutelados-trabajo-con-proyecto-joves-futur%2F&#038;text=Uno%20de%20los%20objetivos%20del%20proyecto%20es%20tambi%C3%A9n%20formarlos%20en%20la%20gesti%C3%B3n%20de%20la%20econom%C3%ADa%20personal%20y%20dom%C3%A9stica%20y%20promover%20el%20tiempo%20libre%20de%20calidad&#038;via=conversesacat&#038;related=conversesacat' target='_blank'rel=\"noopener noreferrer\">Uno de los objetivos del proyecto es tambi\u00e9n formarlos en la gesti\u00f3n de la econom\u00eda personal y dom\u00e9stica y promover el tiempo libre de calidad <\/a><\/span><a href='https:\/\/twitter.com\/intent\/tweet?url=https%3A%2F%2Fconversesacatalunya.cat%2Fes%2F80-jovenes-extutelados-trabajo-con-proyecto-joves-futur%2F&#038;text=Uno%20de%20los%20objetivos%20del%20proyecto%20es%20tambi%C3%A9n%20formarlos%20en%20la%20gesti%C3%B3n%20de%20la%20econom%C3%ADa%20personal%20y%20dom%C3%A9stica%20y%20promover%20el%20tiempo%20libre%20de%20calidad&#038;via=conversesacat&#038;related=conversesacat' target='_blank' class='bctt-ctt-btn'rel=\"noopener noreferrer\">Compartir en X<\/a><\/span>\n<div id=\"polls-205\" class=\"wp-polls\">\n\t<form id=\"polls_form_205\" class=\"wp-polls-form\" action=\"\/index.php\" method=\"post\">\n\t\t<p style=\"display: none;\"><input type=\"hidden\" id=\"poll_205_nonce\" name=\"wp-polls-nonce\" value=\"42df67f11f\" \/><\/p>\n\t\t<p style=\"display: none;\"><input type=\"hidden\" name=\"poll_id\" value=\"205\" \/><\/p>\n\t\t<p style=\"text-align: center\"><strong>Et preocupa que si hi ha un nou govern de coalici\u00f3 PP-VOX, la llengua i cultura catalana tinguin problemes?<\/strong><\/p><div id=\"polls-205-ans\" class=\"wp-polls-ans\"><ul class=\"wp-polls-ul\">\n\t\t<li><input type=\"radio\" id=\"poll-answer-569\" name=\"poll_205\" value=\"569\" \/> <label for=\"poll-answer-569\">S\u00ed<\/label><\/li>\n\t\t<li><input type=\"radio\" id=\"poll-answer-570\" name=\"poll_205\" value=\"570\" \/> <label for=\"poll-answer-570\">No<\/label><\/li>\n\t\t<li><input type=\"radio\" id=\"poll-answer-571\" name=\"poll_205\" value=\"571\" \/> <label for=\"poll-answer-571\">No ho s\u00e9<\/label><\/li>\n\t\t<\/ul><p style=\"text-align: center\"><input type=\"button\" name=\"vote\" value=\"   Vota   \" class=\"Buttons\" onclick=\"poll_vote(205);\" \/><\/p><p style=\"text-align: center\"><a href=\"#ViewPollResults\" onclick=\"poll_result(205); return false;\" title=\"View Results Of This Poll\">Mira els resultats<\/a><\/p><\/div>\n\t<\/form>\n<\/div>\n<div id=\"polls-205-loading\" class=\"wp-polls-loading\"><img decoding=\"async\" data-src=\"https:\/\/conversesacatalunya.cat\/wp-content\/plugins\/wp-polls\/images\/loading.gif\" width=\"16\" height=\"16\" alt=\"Cargando ...\" title=\"Cargando ...\" class=\"wp-polls-image lazyload\" src=\"data:image\/svg+xml;base64,PHN2ZyB3aWR0aD0iMSIgaGVpZ2h0PSIxIiB4bWxucz0iaHR0cDovL3d3dy53My5vcmcvMjAwMC9zdmciPjwvc3ZnPg==\" style=\"--smush-placeholder-width: 16px; --smush-placeholder-aspect-ratio: 16\/16;\" \/>&nbsp;Cargando ...<\/div>\n\n","protected":false},"excerpt":{"rendered":"<p>El acto de clausura de la primera edici\u00f3n del proyecto JOVES FUTUR + se ha celebrado el martes 18 de julio en el Spotify Camp Nou. El programa JOVES FUTUR +, impulsado por la Fundaci\u00f3n FC Barcelona con el apoyo de la Fundaci\u00f3n \u201dla Caixa\u201d, promueve la inserci\u00f3n sociolaboral de j\u00f3venes extutelados que al llegar a los 18 a\u00f1os pierden la protecci\u00f3n de la Administraci\u00f3n p\u00fablica y se encuentran en una situaci\u00f3n de m\u00e1xima vulnerabilidad. El encuentro ha servido como acto de reconocimiento de los 80 j\u00f3venes extutelados que han logrado un contrato de trabajo en la primera edici\u00f3n del proyecto y tambi\u00e9n para agradecer el compromiso y la implicaci\u00f3n de las m\u00e1s 60 empresas, las 13 entidades derivadoras y los 28 mentores que all\u00ed han participado. Durante este primer a\u00f1o, se ha trabajado con todos los j\u00f3venes participantes desde cuatro vertientes: formaci\u00f3n en oficios, inserci\u00f3n sociolaboral, acompa\u00f1amiento psicosocial y mentor\u00eda. Adem\u00e1s, se han impartido en todo el territorio 24 cursos sobre tem\u00e1ticas relacionadas con las necesidades de las empresas: hosteler\u00eda, restauraci\u00f3n, soldadura, mantenimiento, log\u00edstica, limpieza industrial y socorrismo, entre otros. Habilidades, soporte y acompa\u00f1amiento JOVES FUTUR +, que se present\u00f3 en junio de 2022, tiene como objetivo ofrecer apoyo a las personas j\u00f3venes extuteladas a trav\u00e9s de una red de formadores, educadores sociales, psic\u00f3logos y mentores que les proporcionan las herramientas necesarias en los \u00e1mbitos formativo, laboral, psicosocial y emocional para conseguir una autonom\u00eda personal plena en ausencia de una familia o red social. Aparte de la formaci\u00f3n y la inserci\u00f3n laboral, JOVES FUTUR+ tiene una parte importante de promoci\u00f3n de las habilidades transversales, de apoyo psicosocial y de acompa\u00f1amiento a trav\u00e9s de una red de mentores. Durante todo el proceso se lleva a cabo una tarea de seguimiento para promover la autonom\u00eda y favorecer las competencias personales y sociales para acceder a un trabajo y tambi\u00e9n para saber mantenerlo. Adem\u00e1s, uno de los objetivos del proyecto es tambi\u00e9n formarlos en la gesti\u00f3n de la econom\u00eda personal y dom\u00e9stica y promover el tiempo libre de calidad, aspectos clave en la etapa de emancipaci\u00f3n a la que se enfrentan.<\/p>\n","protected":false},"author":3,"featured_media":69430,"comment_status":"open","ping_status":"open","sticky":false,"template":"","format":"standard","meta":{"_FSMCFIC_featured_image_caption":"La Fundaci\u00f3n FC Barcelona y la Fundaci\u00f3n \u201dla Caixa\u201d impulsan este proyecto de inserci\u00f3n sociolaboral. \u00a9 V\u00edctor Salgado \/ Fundaci\u00f3 FC Barcelona","_FSMCFIC_featured_image_nocaption":"","_FSMCFIC_featured_image_hide":"","footnotes":""},"categories":[806],"tags":[2701,2703],"class_list":["post-69432","post","type-post","status-publish","format-standard","has-post-thumbnail","hentry","category-punts-claus-del-dia-es","tag-fundacio-la-caixa","tag-fundacio-la-caixa-es-2"],"yoast_head":"<!-- This site is optimized with the Yoast SEO plugin v26.8 - https:\/\/yoast.com\/product\/yoast-seo-wordpress\/ -->\n<title>80 j\u00f3venes extutelados consiguen trabajo con la primera edici\u00f3n del proyecto JOVES FUTUR + - Converses a Catalunya<\/title>\n<meta name=\"robots\" content=\"noindex, nofollow\" \/>\n<meta property=\"og:locale\" content=\"es_ES\" \/>\n<meta property=\"og:type\" content=\"article\" \/>\n<meta property=\"og:title\" content=\"80 j\u00f3venes extutelados consiguen trabajo con la primera edici\u00f3n del proyecto JOVES FUTUR + - Converses a Catalunya\" \/>\n<meta property=\"og:description\" content=\"El acto de clausura de la primera edici\u00f3n del proyecto JOVES FUTUR + se ha celebrado el martes 18 de julio en el Spotify Camp Nou. El programa JOVES FUTUR +, impulsado por la Fundaci\u00f3n FC Barcelona con el apoyo de la Fundaci\u00f3n \u201dla Caixa\u201d, promueve la inserci\u00f3n sociolaboral de j\u00f3venes extutelados que al llegar a los 18 a\u00f1os pierden la protecci\u00f3n de la Administraci\u00f3n p\u00fablica y se encuentran en una situaci\u00f3n de m\u00e1xima vulnerabilidad. El encuentro ha servido como acto de reconocimiento de los 80 j\u00f3venes extutelados que han logrado un contrato de trabajo en la primera edici\u00f3n del proyecto y tambi\u00e9n para agradecer el compromiso y la implicaci\u00f3n de las m\u00e1s 60 empresas, las 13 entidades derivadoras y los 28 mentores que all\u00ed han participado. Durante este primer a\u00f1o, se ha trabajado con todos los j\u00f3venes participantes desde cuatro vertientes: formaci\u00f3n en oficios, inserci\u00f3n sociolaboral, acompa\u00f1amiento psicosocial y mentor\u00eda. Adem\u00e1s, se han impartido en todo el territorio 24 cursos sobre tem\u00e1ticas relacionadas con las necesidades de las empresas: hosteler\u00eda, restauraci\u00f3n, soldadura, mantenimiento, log\u00edstica, limpieza industrial y socorrismo, entre otros. Habilidades, soporte y acompa\u00f1amiento JOVES FUTUR +, que se present\u00f3 en junio de 2022, tiene como objetivo ofrecer apoyo a las personas j\u00f3venes extuteladas a trav\u00e9s de una red de formadores, educadores sociales, psic\u00f3logos y mentores que les proporcionan las herramientas necesarias en los \u00e1mbitos formativo, laboral, psicosocial y emocional para conseguir una autonom\u00eda personal plena en ausencia de una familia o red social. Aparte de la formaci\u00f3n y la inserci\u00f3n laboral, JOVES FUTUR+ tiene una parte importante de promoci\u00f3n de las habilidades transversales, de apoyo psicosocial y de acompa\u00f1amiento a trav\u00e9s de una red de mentores. Durante todo el proceso se lleva a cabo una tarea de seguimiento para promover la autonom\u00eda y favorecer las competencias personales y sociales para acceder a un trabajo y tambi\u00e9n para saber mantenerlo. Adem\u00e1s, uno de los objetivos del proyecto es tambi\u00e9n formarlos en la gesti\u00f3n de la econom\u00eda personal y dom\u00e9stica y promover el tiempo libre de calidad, aspectos clave en la etapa de emancipaci\u00f3n a la que se enfrentan.\" \/>\n<meta property=\"og:url\" content=\"https:\/\/conversesacatalunya.cat\/80-joves-extutelats-feina-amb-projecte-joves-futur\/\" \/>\n<meta property=\"og:site_name\" content=\"Converses a Catalunya\" \/>\n<meta property=\"article:published_time\" content=\"2023-07-21T07:00:42+00:00\" \/>\n<meta property=\"og:image\" content=\"https:\/\/conversesacatalunya.cat\/wp-content\/uploads\/2023\/07\/Captura-2.png\" \/>\n\t<meta property=\"og:image:width\" content=\"1171\" \/>\n\t<meta property=\"og:image:height\" content=\"667\" \/>\n\t<meta property=\"og:image:type\" content=\"image\/png\" \/>\n<meta name=\"author\" content=\"conversesacatalunya\" \/>\n<meta name=\"twitter:card\" content=\"summary_large_image\" \/>\n<meta name=\"twitter:label1\" content=\"Escrito por\" \/>\n\t<meta name=\"twitter:data1\" content=\"conversesacatalunya\" \/>\n\t<meta name=\"twitter:label2\" content=\"Tiempo de lectura\" \/>\n\t<meta name=\"twitter:data2\" content=\"2 minutos\" \/>\n<script type=\"application\/ld+json\" class=\"yoast-schema-graph\">{\"@context\":\"https:\/\/schema.org\",\"@graph\":[{\"@type\":\"Article\",\"@id\":\"https:\/\/conversesacatalunya.cat\/80-joves-extutelats-feina-amb-projecte-joves-futur\/#article\",\"isPartOf\":{\"@id\":\"https:\/\/conversesacatalunya.cat\/80-joves-extutelats-feina-amb-projecte-joves-futur\/\"},\"author\":{\"name\":\"conversesacatalunya\",\"@id\":\"https:\/\/conversesacatalunya.cat\/#\/schema\/person\/982274792508d804a0821b413c9ac076\"},\"headline\":\"80 j\u00f3venes extutelados consiguen trabajo con la primera edici\u00f3n del proyecto JOVES FUTUR +\",\"datePublished\":\"2023-07-21T07:00:42+00:00\",\"mainEntityOfPage\":{\"@id\":\"https:\/\/conversesacatalunya.cat\/80-joves-extutelats-feina-amb-projecte-joves-futur\/\"},\"wordCount\":432,\"commentCount\":0,\"image\":{\"@id\":\"https:\/\/conversesacatalunya.cat\/80-joves-extutelats-feina-amb-projecte-joves-futur\/#primaryimage\"},\"thumbnailUrl\":\"https:\/\/conversesacatalunya.cat\/wp-content\/uploads\/2023\/07\/Captura-2.png\",\"keywords\":[\"Fundaci\u00f3 \\\"la Caixa\\\"\",\"Fundaci\u00f3 \\\"la Caixa\\\"\"],\"articleSection\":[\"Punts clau del dia (ES)\"],\"inLanguage\":\"es\",\"potentialAction\":[{\"@type\":\"CommentAction\",\"name\":\"Comment\",\"target\":[\"https:\/\/conversesacatalunya.cat\/80-joves-extutelats-feina-amb-projecte-joves-futur\/#respond\"]}]},{\"@type\":\"WebPage\",\"@id\":\"https:\/\/conversesacatalunya.cat\/80-joves-extutelats-feina-amb-projecte-joves-futur\/\",\"url\":\"https:\/\/conversesacatalunya.cat\/80-joves-extutelats-feina-amb-projecte-joves-futur\/\",\"name\":\"80 j\u00f3venes extutelados consiguen trabajo con la primera edici\u00f3n del proyecto JOVES FUTUR + - Converses a Catalunya\",\"isPartOf\":{\"@id\":\"https:\/\/conversesacatalunya.cat\/#website\"},\"primaryImageOfPage\":{\"@id\":\"https:\/\/conversesacatalunya.cat\/80-joves-extutelats-feina-amb-projecte-joves-futur\/#primaryimage\"},\"image\":{\"@id\":\"https:\/\/conversesacatalunya.cat\/80-joves-extutelats-feina-amb-projecte-joves-futur\/#primaryimage\"},\"thumbnailUrl\":\"https:\/\/conversesacatalunya.cat\/wp-content\/uploads\/2023\/07\/Captura-2.png\",\"datePublished\":\"2023-07-21T07:00:42+00:00\",\"author\":{\"@id\":\"https:\/\/conversesacatalunya.cat\/#\/schema\/person\/982274792508d804a0821b413c9ac076\"},\"breadcrumb\":{\"@id\":\"https:\/\/conversesacatalunya.cat\/80-joves-extutelats-feina-amb-projecte-joves-futur\/#breadcrumb\"},\"inLanguage\":\"es\",\"potentialAction\":[{\"@type\":\"ReadAction\",\"target\":[\"https:\/\/conversesacatalunya.cat\/80-joves-extutelats-feina-amb-projecte-joves-futur\/\"]}]},{\"@type\":\"ImageObject\",\"inLanguage\":\"es\",\"@id\":\"https:\/\/conversesacatalunya.cat\/80-joves-extutelats-feina-amb-projecte-joves-futur\/#primaryimage\",\"url\":\"https:\/\/conversesacatalunya.cat\/wp-content\/uploads\/2023\/07\/Captura-2.png\",\"contentUrl\":\"https:\/\/conversesacatalunya.cat\/wp-content\/uploads\/2023\/07\/Captura-2.png\",\"width\":1171,\"height\":667},{\"@type\":\"BreadcrumbList\",\"@id\":\"https:\/\/conversesacatalunya.cat\/80-joves-extutelats-feina-amb-projecte-joves-futur\/#breadcrumb\",\"itemListElement\":[{\"@type\":\"ListItem\",\"position\":1,\"name\":\"Inici\",\"item\":\"https:\/\/conversesacatalunya.cat\/es\/\"},{\"@type\":\"ListItem\",\"position\":2,\"name\":\"80 j\u00f3venes extutelados consiguen trabajo con la primera edici\u00f3n del proyecto JOVES FUTUR +\"}]},{\"@type\":\"WebSite\",\"@id\":\"https:\/\/conversesacatalunya.cat\/#website\",\"url\":\"https:\/\/conversesacatalunya.cat\/\",\"name\":\"Converses a Catalunya\",\"description\":\"\",\"potentialAction\":[{\"@type\":\"SearchAction\",\"target\":{\"@type\":\"EntryPoint\",\"urlTemplate\":\"https:\/\/conversesacatalunya.cat\/?s={search_term_string}\"},\"query-input\":{\"@type\":\"PropertyValueSpecification\",\"valueRequired\":true,\"valueName\":\"search_term_string\"}}],\"inLanguage\":\"es\"},{\"@type\":\"Person\",\"@id\":\"https:\/\/conversesacatalunya.cat\/#\/schema\/person\/982274792508d804a0821b413c9ac076\",\"name\":\"conversesacatalunya\",\"image\":{\"@type\":\"ImageObject\",\"inLanguage\":\"es\",\"@id\":\"https:\/\/conversesacatalunya.cat\/#\/schema\/person\/image\/\",\"url\":\"https:\/\/conversesacatalunya.cat\/wp-content\/litespeed\/avatar\/f04b47eeffd9637c7cf7869e217fb9ec.jpg?ver=1777370077\",\"contentUrl\":\"https:\/\/conversesacatalunya.cat\/wp-content\/litespeed\/avatar\/f04b47eeffd9637c7cf7869e217fb9ec.jpg?ver=1777370077\",\"caption\":\"conversesacatalunya\"},\"url\":\"https:\/\/conversesacatalunya.cat\/es\/author\/muntsa_escola\/\"}]}<\/script>\n<!-- \/ Yoast SEO plugin. -->","yoast_head_json":{"title":"80 j\u00f3venes extutelados consiguen trabajo con la primera edici\u00f3n del proyecto JOVES FUTUR + - Converses a Catalunya","robots":{"index":"noindex","follow":"nofollow"},"og_locale":"es_ES","og_type":"article","og_title":"80 j\u00f3venes extutelados consiguen trabajo con la primera edici\u00f3n del proyecto JOVES FUTUR + - Converses a Catalunya","og_description":"El acto de clausura de la primera edici\u00f3n del proyecto JOVES FUTUR + se ha celebrado el martes 18 de julio en el Spotify Camp Nou. El programa JOVES FUTUR +, impulsado por la Fundaci\u00f3n FC Barcelona con el apoyo de la Fundaci\u00f3n \u201dla Caixa\u201d, promueve la inserci\u00f3n sociolaboral de j\u00f3venes extutelados que al llegar a los 18 a\u00f1os pierden la protecci\u00f3n de la Administraci\u00f3n p\u00fablica y se encuentran en una situaci\u00f3n de m\u00e1xima vulnerabilidad. El encuentro ha servido como acto de reconocimiento de los 80 j\u00f3venes extutelados que han logrado un contrato de trabajo en la primera edici\u00f3n del proyecto y tambi\u00e9n para agradecer el compromiso y la implicaci\u00f3n de las m\u00e1s 60 empresas, las 13 entidades derivadoras y los 28 mentores que all\u00ed han participado. Durante este primer a\u00f1o, se ha trabajado con todos los j\u00f3venes participantes desde cuatro vertientes: formaci\u00f3n en oficios, inserci\u00f3n sociolaboral, acompa\u00f1amiento psicosocial y mentor\u00eda. Adem\u00e1s, se han impartido en todo el territorio 24 cursos sobre tem\u00e1ticas relacionadas con las necesidades de las empresas: hosteler\u00eda, restauraci\u00f3n, soldadura, mantenimiento, log\u00edstica, limpieza industrial y socorrismo, entre otros. Habilidades, soporte y acompa\u00f1amiento JOVES FUTUR +, que se present\u00f3 en junio de 2022, tiene como objetivo ofrecer apoyo a las personas j\u00f3venes extuteladas a trav\u00e9s de una red de formadores, educadores sociales, psic\u00f3logos y mentores que les proporcionan las herramientas necesarias en los \u00e1mbitos formativo, laboral, psicosocial y emocional para conseguir una autonom\u00eda personal plena en ausencia de una familia o red social. Aparte de la formaci\u00f3n y la inserci\u00f3n laboral, JOVES FUTUR+ tiene una parte importante de promoci\u00f3n de las habilidades transversales, de apoyo psicosocial y de acompa\u00f1amiento a trav\u00e9s de una red de mentores. Durante todo el proceso se lleva a cabo una tarea de seguimiento para promover la autonom\u00eda y favorecer las competencias personales y sociales para acceder a un trabajo y tambi\u00e9n para saber mantenerlo. Adem\u00e1s, uno de los objetivos del proyecto es tambi\u00e9n formarlos en la gesti\u00f3n de la econom\u00eda personal y dom\u00e9stica y promover el tiempo libre de calidad, aspectos clave en la etapa de emancipaci\u00f3n a la que se enfrentan.","og_url":"https:\/\/conversesacatalunya.cat\/80-joves-extutelats-feina-amb-projecte-joves-futur\/","og_site_name":"Converses a Catalunya","article_published_time":"2023-07-21T07:00:42+00:00","og_image":[{"width":1171,"height":667,"url":"https:\/\/conversesacatalunya.cat\/wp-content\/uploads\/2023\/07\/Captura-2.png","type":"image\/png"}],"author":"conversesacatalunya","twitter_card":"summary_large_image","twitter_misc":{"Escrito por":"conversesacatalunya","Tiempo de lectura":"2 minutos"},"schema":{"@context":"https:\/\/schema.org","@graph":[{"@type":"Article","@id":"https:\/\/conversesacatalunya.cat\/80-joves-extutelats-feina-amb-projecte-joves-futur\/#article","isPartOf":{"@id":"https:\/\/conversesacatalunya.cat\/80-joves-extutelats-feina-amb-projecte-joves-futur\/"},"author":{"name":"conversesacatalunya","@id":"https:\/\/conversesacatalunya.cat\/#\/schema\/person\/982274792508d804a0821b413c9ac076"},"headline":"80 j\u00f3venes extutelados consiguen trabajo con la primera edici\u00f3n del proyecto JOVES FUTUR +","datePublished":"2023-07-21T07:00:42+00:00","mainEntityOfPage":{"@id":"https:\/\/conversesacatalunya.cat\/80-joves-extutelats-feina-amb-projecte-joves-futur\/"},"wordCount":432,"commentCount":0,"image":{"@id":"https:\/\/conversesacatalunya.cat\/80-joves-extutelats-feina-amb-projecte-joves-futur\/#primaryimage"},"thumbnailUrl":"https:\/\/conversesacatalunya.cat\/wp-content\/uploads\/2023\/07\/Captura-2.png","keywords":["Fundaci\u00f3 \"la Caixa\"","Fundaci\u00f3 \"la Caixa\""],"articleSection":["Punts clau del dia (ES)"],"inLanguage":"es","potentialAction":[{"@type":"CommentAction","name":"Comment","target":["https:\/\/conversesacatalunya.cat\/80-joves-extutelats-feina-amb-projecte-joves-futur\/#respond"]}]},{"@type":"WebPage","@id":"https:\/\/conversesacatalunya.cat\/80-joves-extutelats-feina-amb-projecte-joves-futur\/","url":"https:\/\/conversesacatalunya.cat\/80-joves-extutelats-feina-amb-projecte-joves-futur\/","name":"80 j\u00f3venes extutelados consiguen trabajo con la primera edici\u00f3n del proyecto JOVES FUTUR + - Converses a Catalunya","isPartOf":{"@id":"https:\/\/conversesacatalunya.cat\/#website"},"primaryImageOfPage":{"@id":"https:\/\/conversesacatalunya.cat\/80-joves-extutelats-feina-amb-projecte-joves-futur\/#primaryimage"},"image":{"@id":"https:\/\/conversesacatalunya.cat\/80-joves-extutelats-feina-amb-projecte-joves-futur\/#primaryimage"},"thumbnailUrl":"https:\/\/conversesacatalunya.cat\/wp-content\/uploads\/2023\/07\/Captura-2.png","datePublished":"2023-07-21T07:00:42+00:00","author":{"@id":"https:\/\/conversesacatalunya.cat\/#\/schema\/person\/982274792508d804a0821b413c9ac076"},"breadcrumb":{"@id":"https:\/\/conversesacatalunya.cat\/80-joves-extutelats-feina-amb-projecte-joves-futur\/#breadcrumb"},"inLanguage":"es","potentialAction":[{"@type":"ReadAction","target":["https:\/\/conversesacatalunya.cat\/80-joves-extutelats-feina-amb-projecte-joves-futur\/"]}]},{"@type":"ImageObject","inLanguage":"es","@id":"https:\/\/conversesacatalunya.cat\/80-joves-extutelats-feina-amb-projecte-joves-futur\/#primaryimage","url":"https:\/\/conversesacatalunya.cat\/wp-content\/uploads\/2023\/07\/Captura-2.png","contentUrl":"https:\/\/conversesacatalunya.cat\/wp-content\/uploads\/2023\/07\/Captura-2.png","width":1171,"height":667},{"@type":"BreadcrumbList","@id":"https:\/\/conversesacatalunya.cat\/80-joves-extutelats-feina-amb-projecte-joves-futur\/#breadcrumb","itemListElement":[{"@type":"ListItem","position":1,"name":"Inici","item":"https:\/\/conversesacatalunya.cat\/es\/"},{"@type":"ListItem","position":2,"name":"80 j\u00f3venes extutelados consiguen trabajo con la primera edici\u00f3n del proyecto JOVES FUTUR +"}]},{"@type":"WebSite","@id":"https:\/\/conversesacatalunya.cat\/#website","url":"https:\/\/conversesacatalunya.cat\/","name":"Converses a Catalunya","description":"","potentialAction":[{"@type":"SearchAction","target":{"@type":"EntryPoint","urlTemplate":"https:\/\/conversesacatalunya.cat\/?s={search_term_string}"},"query-input":{"@type":"PropertyValueSpecification","valueRequired":true,"valueName":"search_term_string"}}],"inLanguage":"es"},{"@type":"Person","@id":"https:\/\/conversesacatalunya.cat\/#\/schema\/person\/982274792508d804a0821b413c9ac076","name":"conversesacatalunya","image":{"@type":"ImageObject","inLanguage":"es","@id":"https:\/\/conversesacatalunya.cat\/#\/schema\/person\/image\/","url":"https:\/\/conversesacatalunya.cat\/wp-content\/litespeed\/avatar\/f04b47eeffd9637c7cf7869e217fb9ec.jpg?ver=1777370077","contentUrl":"https:\/\/conversesacatalunya.cat\/wp-content\/litespeed\/avatar\/f04b47eeffd9637c7cf7869e217fb9ec.jpg?ver=1777370077","caption":"conversesacatalunya"},"url":"https:\/\/conversesacatalunya.cat\/es\/author\/muntsa_escola\/"}]}},"wps_subtitle":"La Fundaci\u00f3n FC Barcelona y la Fundaci\u00f3n \u201dla Caixa\u201d impulsan este proyecto, en el que participan unas 60 empresas de toda Catalu\u00f1a ","_links":{"self":[{"href":"https:\/\/conversesacatalunya.cat\/es\/wp-json\/wp\/v2\/posts\/69432","targetHints":{"allow":["GET"]}}],"collection":[{"href":"https:\/\/conversesacatalunya.cat\/es\/wp-json\/wp\/v2\/posts"}],"about":[{"href":"https:\/\/conversesacatalunya.cat\/es\/wp-json\/wp\/v2\/types\/post"}],"author":[{"embeddable":true,"href":"https:\/\/conversesacatalunya.cat\/es\/wp-json\/wp\/v2\/users\/3"}],"replies":[{"embeddable":true,"href":"https:\/\/conversesacatalunya.cat\/es\/wp-json\/wp\/v2\/comments?post=69432"}],"version-history":[{"count":3,"href":"https:\/\/conversesacatalunya.cat\/es\/wp-json\/wp\/v2\/posts\/69432\/revisions"}],"predecessor-version":[{"id":69438,"href":"https:\/\/conversesacatalunya.cat\/es\/wp-json\/wp\/v2\/posts\/69432\/revisions\/69438"}],"wp:featuredmedia":[{"embeddable":true,"href":"https:\/\/conversesacatalunya.cat\/es\/wp-json\/wp\/v2\/media\/69430"}],"wp:attachment":[{"href":"https:\/\/conversesacatalunya.cat\/es\/wp-json\/wp\/v2\/media?parent=69432"}],"wp:term":[{"taxonomy":"category","embeddable":true,"href":"https:\/\/conversesacatalunya.cat\/es\/wp-json\/wp\/v2\/categories?post=69432"},{"taxonomy":"post_tag","embeddable":true,"href":"https:\/\/conversesacatalunya.cat\/es\/wp-json\/wp\/v2\/tags?post=69432"}],"curies":[{"name":"wp","href":"https:\/\/api.w.org\/{rel}","templated":true}]}}