{"id":69406,"date":"2023-07-19T12:04:49","date_gmt":"2023-07-19T10:04:49","guid":{"rendered":"https:\/\/conversesacatalunya.cat\/la-presidencia-europea-de-sanchez\/"},"modified":"2023-07-20T08:38:21","modified_gmt":"2023-07-20T06:38:21","slug":"la-presidencia-europea-de-sanchez","status":"publish","type":"post","link":"https:\/\/conversesacatalunya.cat\/es\/la-presidencia-europea-de-sanchez\/","title":{"rendered":"La presidencia europea de S\u00e1nchez empieza mal para la UE"},"content":{"rendered":"<p><span class=\"\">La reuni\u00f3n de la UE y la Comunidad de Estados Latinoamericanos y del Caribe (CELAC) era el primer gran evento de la nueva <a href=\"https:\/\/conversesacatalunya.cat\/es\/la-presidencia-espanola-ue-marcada-por-las-elecciones-espanolas\/\" target=\"_blank\" rel=\"noopener\"><strong>presidencia de S\u00e1nchez<\/strong> <\/a>y \u00e9ste, seg\u00fan sus propias palabras, le hab\u00eda dado especial importancia.<\/span><\/p>\n<p>De hecho, el primer acto de la presidencia europea de S\u00e1nchez como presidente de turno de la UE fue un<strong> viaje a Kiev<\/strong> en el que se reuni\u00f3 con Zelenski y en el que se comprometi\u00f3 a que participar\u00eda en ese encuentro.<\/p>\n<h3><strong>Era una forma de mostrar el potencial de la UE y el aislamiento de Rusia. <\/strong><\/h3>\n<p>Al final <strong>Zelenski no ha participado<\/strong>, ni siquiera por videoconferencia, y <strong>la declaraci\u00f3n<\/strong> lograda,\u00a0 despu\u00e9s de largas horas de reuni\u00f3n sobre la guerra de Ucrania, es decepcionante, y de hecho est\u00e1 mucho m\u00e1s cerca del enfoque chino que de lo que pretend\u00eda la UE.<\/p>\n<p>Concretamente, habla de \u00abprofunda preocupaci\u00f3n por la guerra en curso contra Ucrania\u00bb. Reclama \u00abuna paz justa y sostenible\u00bb y todos los esfuerzos diplom\u00e1ticos encaminados a una soluci\u00f3n justa y una paz sostenible acorde con la carta de la ONU.<\/p>\n<p>Como puede verse, <strong>no se ha logrado ni la menor condena a la agresi\u00f3n rusa<\/strong> y en este sentido significa una clara ventaja para Putin. Pero es que adem\u00e1s, como contrapartida de estas inanes frases, la UE y, por tanto, S\u00e1nchez han tenido que comerse:<\/p>\n<div class=\"code-block code-block-4\"><\/div>\n<ol>\n<li>Alusiones al car\u00e1cter argentino sobre las Malvinas.<\/li>\n<li>La condena al bloqueo estadounidense sobre Cuba.<\/li>\n<li>La negativa a la inclusi\u00f3n de la dictadura castrista en la lista de pa\u00edses que apoyan el terrorismo.<\/li>\n<li>Una referencia que condena \u00abel estrabismo transatl\u00e1ntico y la necesidad de una justicia reparativa\u00bb que abre la puerta a reclamaciones por parte de pa\u00edses latinoamericanos a las potencias europeas colonizadoras en el pasado.<\/li>\n<\/ol>\n<blockquote>\n<h4>Peor balance imposible<\/h4>\n<\/blockquote>\n<p>Todo ello aderezado por una cuesti\u00f3n estructural que es que la amonedada\u00a0<strong>CELAC no tiene nada de comunidad<\/strong>\u00a0desde el punto de vista jur\u00eddico.\u00a0Es una etiqueta sin infraestructuras ni siquiera funcionarios propios y, por tanto,\u00a0<strong>todos los acuerdos no tienen ning\u00fan tipo de utilidad<\/strong>\u00a0fuera de haber establecido el di\u00e1logo.<\/p>\n<p>S\u00f3lo las relaciones bilaterales entre la UE y cada Estado miembro permiten llegar a conclusiones operativas.\u00a0Es, por tanto, m\u00e1s <strong>un foro de relaciones y de crear puntos de vista comunes<\/strong> que de derivadas pr\u00e1cticas.\u00a0Y, en este sentido, el prop\u00f3sito europeo de implicar a Am\u00e9rica Latina en su pugna con Rusia no ha funcionado.<\/p>\n<h4><strong>Pero es que eso S\u00e1nchez y sus asesores ya lo sab\u00edan, o por lo menos deb\u00edan saberlo.\u00a0<\/strong><\/h4>\n<p>La posici\u00f3n occidental en relaci\u00f3n con Rusia, no es ni de lejos la misma que la de Am\u00e9rica Latina, que <strong>ve este pa\u00eds en muchos casos m\u00e1s como un aliado o un contrapeso al poder de EEUU<\/strong> que como un peligro, y la guerra de Ucrania no ha hecho cambiar esa posici\u00f3n. Entre otras razones porque en la memoria hist\u00f3rica de una parte de los estados latinoamericanos pesan las frecuentes intervenciones militares que en el pasado cometieron EEUU.<\/p>\n<p>De hecho, cuando la CELAC envi\u00f3 el texto en el que propon\u00eda la resoluci\u00f3n y en el que aparecen todos los puntos citados cr\u00edticos con occidente que ha aceptado la UE, la guerra de Ucrania ni siquiera aparec\u00eda.\u00a0Y no era debido a pa\u00edses peque\u00f1os muy decantados por Nicaragua, Cuba o Venezuela, sino sobre todo<strong> por la l\u00ednea pol\u00edtica de Brasil que Lula de Silva ha querido mantener<\/strong>.<\/p>\n<blockquote><p><span class=\"VIpgJd-yAWNEb-VIpgJd-fmcmS-sn54Q\">la CELAC no deja de ser una deseada <strong>alternativa a la Organizaci\u00f3n de Estados Americanos (OEA)<\/strong> de la que forman parte Canad\u00e1 y EEUU<\/span><\/p><\/blockquote>\n<p><span class=\"VIpgJd-yAWNEb-VIpgJd-fmcmS-sn54Q\">Cabe recordar en este sentido que \u00e9l es junto al presidente de M\u00e9xico, quien ha vuelto a impulsar la CELAC que en realidad no deja de ser una deseada <strong>alternativa a la Organizaci\u00f3n de Estados Americanos (OEA)<\/strong> de la que forman parte Canad\u00e1 y EEUU, y que es la que corta el bacalao en la pol\u00edtica americana. <\/span>Tambi\u00e9n es la \u00fanica organizaci\u00f3n que dispone de un nivel de t\u00e9cnicos y diplom\u00e1ticos propios lo suficientemente importante como para mantener una actividad internacional remarcable.<\/p>\n<p><span class=\"\">Por si fuera poco, la UE adem\u00e1s tuvo que comerse con patatas su prohibici\u00f3n de pisar territorio de la UE la venezolana <strong>Delcy Rodr\u00edguez<\/strong>, porque tuvo que ser recibida con todos los reconocimientos formales, dado que Maduro la envi\u00f3 como representante de Venezuela. <\/span><\/p>\n<p>En realidad, incluso pa\u00edses peque\u00f1os o con muchos problemas vitales como los cubanos, venezolanos y nicarag\u00fcenses<strong> le tienen el n\u00famero tomado a la UE<\/strong> porque saben que todo siempre acaba igual. Palabras, palabras, palabras.<\/p>\n<span class='bctt-click-to-tweet'><span class='bctt-ctt-text'><a href='https:\/\/twitter.com\/intent\/tweet?url=https%3A%2F%2Fconversesacatalunya.cat%2Fes%2Fla-presidencia-europea-de-sanchez%2F&#038;text=La%20CELAC%20no%20deja%20de%20ser%20una%20deseada%20alternativa%20a%20la%20Organizaci%C3%B3n%20de%20Estados%20Americanos%20%28OEA%29%20de%20la%20que%20forman%20parte%20Canad%C3%A1%20y%20EEUU&#038;via=conversesacat&#038;related=conversesacat' target='_blank'rel=\"noopener noreferrer\">La CELAC no deja de ser una deseada alternativa a la Organizaci\u00f3n de Estados Americanos (OEA) de la que forman parte Canad\u00e1 y EEUU <\/a><\/span><a href='https:\/\/twitter.com\/intent\/tweet?url=https%3A%2F%2Fconversesacatalunya.cat%2Fes%2Fla-presidencia-europea-de-sanchez%2F&#038;text=La%20CELAC%20no%20deja%20de%20ser%20una%20deseada%20alternativa%20a%20la%20Organizaci%C3%B3n%20de%20Estados%20Americanos%20%28OEA%29%20de%20la%20que%20forman%20parte%20Canad%C3%A1%20y%20EEUU&#038;via=conversesacat&#038;related=conversesacat' target='_blank' class='bctt-ctt-btn'rel=\"noopener noreferrer\">Compartir en X<\/a><\/span>\n<div id=\"polls-205\" class=\"wp-polls\">\n\t<form id=\"polls_form_205\" class=\"wp-polls-form\" action=\"\/index.php\" method=\"post\">\n\t\t<p style=\"display: none;\"><input type=\"hidden\" id=\"poll_205_nonce\" name=\"wp-polls-nonce\" value=\"8e3e026693\" \/><\/p>\n\t\t<p style=\"display: none;\"><input type=\"hidden\" name=\"poll_id\" value=\"205\" \/><\/p>\n\t\t<p style=\"text-align: center\"><strong>Et preocupa que si hi ha un nou govern de coalici\u00f3 PP-VOX, la llengua i cultura catalana tinguin problemes?<\/strong><\/p><div id=\"polls-205-ans\" class=\"wp-polls-ans\"><ul class=\"wp-polls-ul\">\n\t\t<li><input type=\"radio\" id=\"poll-answer-569\" name=\"poll_205\" value=\"569\" \/> <label for=\"poll-answer-569\">S\u00ed<\/label><\/li>\n\t\t<li><input type=\"radio\" id=\"poll-answer-570\" name=\"poll_205\" value=\"570\" \/> <label for=\"poll-answer-570\">No<\/label><\/li>\n\t\t<li><input type=\"radio\" id=\"poll-answer-571\" name=\"poll_205\" value=\"571\" \/> <label for=\"poll-answer-571\">No ho s\u00e9<\/label><\/li>\n\t\t<\/ul><p style=\"text-align: center\"><input type=\"button\" name=\"vote\" value=\"   Vota   \" class=\"Buttons\" onclick=\"poll_vote(205);\" \/><\/p><p style=\"text-align: center\"><a href=\"#ViewPollResults\" onclick=\"poll_result(205); return false;\" title=\"View Results Of This Poll\">Mira els resultats<\/a><\/p><\/div>\n\t<\/form>\n<\/div>\n<div id=\"polls-205-loading\" class=\"wp-polls-loading\"><img decoding=\"async\" data-src=\"https:\/\/conversesacatalunya.cat\/wp-content\/plugins\/wp-polls\/images\/loading.gif\" width=\"16\" height=\"16\" alt=\"Cargando ...\" title=\"Cargando ...\" class=\"wp-polls-image lazyload\" src=\"data:image\/svg+xml;base64,PHN2ZyB3aWR0aD0iMSIgaGVpZ2h0PSIxIiB4bWxucz0iaHR0cDovL3d3dy53My5vcmcvMjAwMC9zdmciPjwvc3ZnPg==\" style=\"--smush-placeholder-width: 16px; --smush-placeholder-aspect-ratio: 16\/16;\" \/>&nbsp;Cargando ...<\/div>\n\n","protected":false},"excerpt":{"rendered":"<p>La reuni\u00f3n de la UE y la Comunidad de Estados Latinoamericanos y del Caribe (CELAC) era el primer gran evento de la nueva presidencia de S\u00e1nchez y \u00e9ste, seg\u00fan sus propias palabras, le hab\u00eda dado especial importancia. De hecho, el primer acto de la presidencia europea de S\u00e1nchez como presidente de turno de la UE fue un viaje a Kiev en el que se reuni\u00f3 con Zelenski y en el que se comprometi\u00f3 a que participar\u00eda en ese encuentro. Era una forma de mostrar el potencial de la UE y el aislamiento de Rusia. Al final Zelenski no ha participado, ni siquiera por videoconferencia, y la declaraci\u00f3n lograda,\u00a0 despu\u00e9s de largas horas de reuni\u00f3n sobre la guerra de Ucrania, es decepcionante, y de hecho est\u00e1 mucho m\u00e1s cerca del enfoque chino que de lo que pretend\u00eda la UE. Concretamente, habla de \u00abprofunda preocupaci\u00f3n por la guerra en curso contra Ucrania\u00bb. Reclama \u00abuna paz justa y sostenible\u00bb y todos los esfuerzos diplom\u00e1ticos encaminados a una soluci\u00f3n justa y una paz sostenible acorde con la carta de la ONU. Como puede verse, no se ha logrado ni la menor condena a la agresi\u00f3n rusa y en este sentido significa una clara ventaja para Putin. Pero es que adem\u00e1s, como contrapartida de estas inanes frases, la UE y, por tanto, S\u00e1nchez han tenido que comerse: Alusiones al car\u00e1cter argentino sobre las Malvinas. La condena al bloqueo estadounidense sobre Cuba. La negativa a la inclusi\u00f3n de la dictadura castrista en la lista de pa\u00edses que apoyan el terrorismo. Una referencia que condena \u00abel estrabismo transatl\u00e1ntico y la necesidad de una justicia reparativa\u00bb que abre la puerta a reclamaciones por parte de pa\u00edses latinoamericanos a las potencias europeas colonizadoras en el pasado. Peor balance imposible Todo ello aderezado por una cuesti\u00f3n estructural que es que la amonedada\u00a0CELAC no tiene nada de comunidad\u00a0desde el punto de vista jur\u00eddico.\u00a0Es una etiqueta sin infraestructuras ni siquiera funcionarios propios y, por tanto,\u00a0todos los acuerdos no tienen ning\u00fan tipo de utilidad\u00a0fuera de haber establecido el di\u00e1logo. S\u00f3lo las relaciones bilaterales entre la UE y cada Estado miembro permiten llegar a conclusiones operativas.\u00a0Es, por tanto, m\u00e1s un foro de relaciones y de crear puntos de vista comunes que de derivadas pr\u00e1cticas.\u00a0Y, en este sentido, el prop\u00f3sito europeo de implicar a Am\u00e9rica Latina en su pugna con Rusia no ha funcionado. Pero es que eso S\u00e1nchez y sus asesores ya lo sab\u00edan, o por lo menos deb\u00edan saberlo.\u00a0 La posici\u00f3n occidental en relaci\u00f3n con Rusia, no es ni de lejos la misma que la de Am\u00e9rica Latina, que ve este pa\u00eds en muchos casos m\u00e1s como un aliado o un contrapeso al poder de EEUU que como un peligro, y la guerra de Ucrania no ha hecho cambiar esa posici\u00f3n. Entre otras razones porque en la memoria hist\u00f3rica de una parte de los estados latinoamericanos pesan las frecuentes intervenciones militares que en el pasado cometieron EEUU. De hecho, cuando la CELAC envi\u00f3 el texto en el que propon\u00eda la resoluci\u00f3n y en el que aparecen todos los puntos citados cr\u00edticos con occidente que ha aceptado la UE, la guerra de Ucrania ni siquiera aparec\u00eda.\u00a0Y no era debido a pa\u00edses peque\u00f1os muy decantados por Nicaragua, Cuba o Venezuela, sino sobre todo por la l\u00ednea pol\u00edtica de Brasil que Lula de Silva ha querido mantener. la CELAC no deja de ser una deseada alternativa a la Organizaci\u00f3n de Estados Americanos (OEA) de la que forman parte Canad\u00e1 y EEUU Cabe recordar en este sentido que \u00e9l es junto al presidente de M\u00e9xico, quien ha vuelto a impulsar la CELAC que en realidad no deja de ser una deseada alternativa a la Organizaci\u00f3n de Estados Americanos (OEA) de la que forman parte Canad\u00e1 y EEUU, y que es la que corta el bacalao en la pol\u00edtica americana. Tambi\u00e9n es la \u00fanica organizaci\u00f3n que dispone de un nivel de t\u00e9cnicos y diplom\u00e1ticos propios lo suficientemente importante como para mantener una actividad internacional remarcable. Por si fuera poco, la UE adem\u00e1s tuvo que comerse con patatas su prohibici\u00f3n de pisar territorio de la UE la venezolana Delcy Rodr\u00edguez, porque tuvo que ser recibida con todos los reconocimientos formales, dado que Maduro la envi\u00f3 como representante de Venezuela. En realidad, incluso pa\u00edses peque\u00f1os o con muchos problemas vitales como los cubanos, venezolanos y nicarag\u00fcenses le tienen el n\u00famero tomado a la UE porque saben que todo siempre acaba igual. Palabras, palabras, palabras.<\/p>\n","protected":false},"author":77,"featured_media":69403,"comment_status":"open","ping_status":"open","sticky":false,"template":"","format":"standard","meta":{"_FSMCFIC_featured_image_caption":"","_FSMCFIC_featured_image_nocaption":"","_FSMCFIC_featured_image_hide":"","footnotes":""},"categories":[806],"tags":[1060,1334],"class_list":["post-69406","post","type-post","status-publish","format-standard","has-post-thumbnail","hentry","category-punts-claus-del-dia-es","tag-unio-europea-es","tag-union-europea"],"yoast_head":"<!-- This site is optimized with the Yoast SEO plugin v26.8 - https:\/\/yoast.com\/product\/yoast-seo-wordpress\/ -->\n<title>Presidencia europea de S\u00e1nchez empieza mal<\/title>\n<meta name=\"description\" content=\"el primer acto de la presidencia europea de S\u00e1nchez como presidente de turno de la UE fue un viaje a Kiev en el que se reuni\u00f3 con Zelenski\" \/>\n<meta name=\"robots\" content=\"index, follow, max-snippet:-1, max-image-preview:large, max-video-preview:-1\" \/>\n<link rel=\"canonical\" href=\"https:\/\/conversesacatalunya.cat\/es\/la-presidencia-europea-de-sanchez\/\" \/>\n<meta property=\"og:locale\" content=\"es_ES\" \/>\n<meta property=\"og:type\" content=\"article\" \/>\n<meta property=\"og:title\" content=\"Presidencia europea de S\u00e1nchez empieza mal\" \/>\n<meta property=\"og:description\" content=\"el primer acto de la presidencia europea de S\u00e1nchez como presidente de turno de la UE fue un viaje a Kiev en el que se reuni\u00f3 con Zelenski\" \/>\n<meta property=\"og:url\" content=\"https:\/\/conversesacatalunya.cat\/es\/la-presidencia-europea-de-sanchez\/\" \/>\n<meta property=\"og:site_name\" content=\"Converses a Catalunya\" \/>\n<meta property=\"article:published_time\" content=\"2023-07-19T10:04:49+00:00\" \/>\n<meta property=\"article:modified_time\" content=\"2023-07-20T06:38:21+00:00\" \/>\n<meta property=\"og:image\" content=\"https:\/\/conversesacatalunya.cat\/wp-content\/uploads\/2023\/07\/presidencia-UE.jpeg\" \/>\n\t<meta property=\"og:image:width\" content=\"476\" \/>\n\t<meta property=\"og:image:height\" content=\"256\" \/>\n\t<meta property=\"og:image:type\" content=\"image\/jpeg\" \/>\n<meta name=\"author\" content=\"Enric Casanovas\" \/>\n<meta name=\"twitter:card\" content=\"summary_large_image\" \/>\n<meta name=\"twitter:label1\" content=\"Escrito por\" \/>\n\t<meta name=\"twitter:data1\" content=\"Enric Casanovas\" \/>\n\t<meta name=\"twitter:label2\" content=\"Tiempo de lectura\" \/>\n\t<meta name=\"twitter:data2\" content=\"4 minutos\" \/>\n<script type=\"application\/ld+json\" class=\"yoast-schema-graph\">{\"@context\":\"https:\/\/schema.org\",\"@graph\":[{\"@type\":\"Article\",\"@id\":\"https:\/\/conversesacatalunya.cat\/es\/la-presidencia-europea-de-sanchez\/#article\",\"isPartOf\":{\"@id\":\"https:\/\/conversesacatalunya.cat\/es\/la-presidencia-europea-de-sanchez\/\"},\"author\":{\"name\":\"Enric Casanovas\",\"@id\":\"https:\/\/conversesacatalunya.cat\/#\/schema\/person\/79bd0577b2f3afc8d6519d207c6e8609\"},\"headline\":\"La presidencia europea de S\u00e1nchez empieza mal para la UE\",\"datePublished\":\"2023-07-19T10:04:49+00:00\",\"dateModified\":\"2023-07-20T06:38:21+00:00\",\"mainEntityOfPage\":{\"@id\":\"https:\/\/conversesacatalunya.cat\/es\/la-presidencia-europea-de-sanchez\/\"},\"wordCount\":848,\"commentCount\":0,\"image\":{\"@id\":\"https:\/\/conversesacatalunya.cat\/es\/la-presidencia-europea-de-sanchez\/#primaryimage\"},\"thumbnailUrl\":\"https:\/\/conversesacatalunya.cat\/wp-content\/uploads\/2023\/07\/presidencia-UE.jpeg\",\"keywords\":[\"Uni\u00f3 Europea\",\"Uni\u00f3n Europea\"],\"articleSection\":[\"Punts clau del dia (ES)\"],\"inLanguage\":\"es\",\"potentialAction\":[{\"@type\":\"CommentAction\",\"name\":\"Comment\",\"target\":[\"https:\/\/conversesacatalunya.cat\/es\/la-presidencia-europea-de-sanchez\/#respond\"]}]},{\"@type\":\"WebPage\",\"@id\":\"https:\/\/conversesacatalunya.cat\/es\/la-presidencia-europea-de-sanchez\/\",\"url\":\"https:\/\/conversesacatalunya.cat\/es\/la-presidencia-europea-de-sanchez\/\",\"name\":\"Presidencia europea de S\u00e1nchez empieza mal\",\"isPartOf\":{\"@id\":\"https:\/\/conversesacatalunya.cat\/#website\"},\"primaryImageOfPage\":{\"@id\":\"https:\/\/conversesacatalunya.cat\/es\/la-presidencia-europea-de-sanchez\/#primaryimage\"},\"image\":{\"@id\":\"https:\/\/conversesacatalunya.cat\/es\/la-presidencia-europea-de-sanchez\/#primaryimage\"},\"thumbnailUrl\":\"https:\/\/conversesacatalunya.cat\/wp-content\/uploads\/2023\/07\/presidencia-UE.jpeg\",\"datePublished\":\"2023-07-19T10:04:49+00:00\",\"dateModified\":\"2023-07-20T06:38:21+00:00\",\"author\":{\"@id\":\"https:\/\/conversesacatalunya.cat\/#\/schema\/person\/79bd0577b2f3afc8d6519d207c6e8609\"},\"description\":\"el primer acto de la presidencia europea de S\u00e1nchez como presidente de turno de la UE fue un viaje a Kiev en el que se reuni\u00f3 con Zelenski\",\"breadcrumb\":{\"@id\":\"https:\/\/conversesacatalunya.cat\/es\/la-presidencia-europea-de-sanchez\/#breadcrumb\"},\"inLanguage\":\"es\",\"potentialAction\":[{\"@type\":\"ReadAction\",\"target\":[\"https:\/\/conversesacatalunya.cat\/es\/la-presidencia-europea-de-sanchez\/\"]}]},{\"@type\":\"ImageObject\",\"inLanguage\":\"es\",\"@id\":\"https:\/\/conversesacatalunya.cat\/es\/la-presidencia-europea-de-sanchez\/#primaryimage\",\"url\":\"https:\/\/conversesacatalunya.cat\/wp-content\/uploads\/2023\/07\/presidencia-UE.jpeg\",\"contentUrl\":\"https:\/\/conversesacatalunya.cat\/wp-content\/uploads\/2023\/07\/presidencia-UE.jpeg\",\"width\":476,\"height\":256,\"caption\":\"presidencia europea S\u00e1nchez\"},{\"@type\":\"BreadcrumbList\",\"@id\":\"https:\/\/conversesacatalunya.cat\/es\/la-presidencia-europea-de-sanchez\/#breadcrumb\",\"itemListElement\":[{\"@type\":\"ListItem\",\"position\":1,\"name\":\"Inici\",\"item\":\"https:\/\/conversesacatalunya.cat\/es\/\"},{\"@type\":\"ListItem\",\"position\":2,\"name\":\"La presidencia europea de S\u00e1nchez empieza mal para la UE\"}]},{\"@type\":\"WebSite\",\"@id\":\"https:\/\/conversesacatalunya.cat\/#website\",\"url\":\"https:\/\/conversesacatalunya.cat\/\",\"name\":\"Converses a Catalunya\",\"description\":\"\",\"potentialAction\":[{\"@type\":\"SearchAction\",\"target\":{\"@type\":\"EntryPoint\",\"urlTemplate\":\"https:\/\/conversesacatalunya.cat\/?s={search_term_string}\"},\"query-input\":{\"@type\":\"PropertyValueSpecification\",\"valueRequired\":true,\"valueName\":\"search_term_string\"}}],\"inLanguage\":\"es\"},{\"@type\":\"Person\",\"@id\":\"https:\/\/conversesacatalunya.cat\/#\/schema\/person\/79bd0577b2f3afc8d6519d207c6e8609\",\"name\":\"Enric Casanovas\",\"image\":{\"@type\":\"ImageObject\",\"inLanguage\":\"es\",\"@id\":\"https:\/\/conversesacatalunya.cat\/#\/schema\/person\/image\/\",\"url\":\"https:\/\/conversesacatalunya.cat\/wp-content\/litespeed\/avatar\/7ae4379ad4421ec77820e92afd36dd78.jpg?ver=1777373933\",\"contentUrl\":\"https:\/\/conversesacatalunya.cat\/wp-content\/litespeed\/avatar\/7ae4379ad4421ec77820e92afd36dd78.jpg?ver=1777373933\",\"caption\":\"Enric Casanovas\"},\"url\":\"https:\/\/conversesacatalunya.cat\/es\/author\/enric-casanovas\/\"}]}<\/script>\n<!-- \/ Yoast SEO plugin. -->","yoast_head_json":{"title":"Presidencia europea de S\u00e1nchez empieza mal","description":"el primer acto de la presidencia europea de S\u00e1nchez como presidente de turno de la UE fue un viaje a Kiev en el que se reuni\u00f3 con Zelenski","robots":{"index":"index","follow":"follow","max-snippet":"max-snippet:-1","max-image-preview":"max-image-preview:large","max-video-preview":"max-video-preview:-1"},"canonical":"https:\/\/conversesacatalunya.cat\/es\/la-presidencia-europea-de-sanchez\/","og_locale":"es_ES","og_type":"article","og_title":"Presidencia europea de S\u00e1nchez empieza mal","og_description":"el primer acto de la presidencia europea de S\u00e1nchez como presidente de turno de la UE fue un viaje a Kiev en el que se reuni\u00f3 con Zelenski","og_url":"https:\/\/conversesacatalunya.cat\/es\/la-presidencia-europea-de-sanchez\/","og_site_name":"Converses a Catalunya","article_published_time":"2023-07-19T10:04:49+00:00","article_modified_time":"2023-07-20T06:38:21+00:00","og_image":[{"width":476,"height":256,"url":"https:\/\/conversesacatalunya.cat\/wp-content\/uploads\/2023\/07\/presidencia-UE.jpeg","type":"image\/jpeg"}],"author":"Enric Casanovas","twitter_card":"summary_large_image","twitter_misc":{"Escrito por":"Enric Casanovas","Tiempo de lectura":"4 minutos"},"schema":{"@context":"https:\/\/schema.org","@graph":[{"@type":"Article","@id":"https:\/\/conversesacatalunya.cat\/es\/la-presidencia-europea-de-sanchez\/#article","isPartOf":{"@id":"https:\/\/conversesacatalunya.cat\/es\/la-presidencia-europea-de-sanchez\/"},"author":{"name":"Enric Casanovas","@id":"https:\/\/conversesacatalunya.cat\/#\/schema\/person\/79bd0577b2f3afc8d6519d207c6e8609"},"headline":"La presidencia europea de S\u00e1nchez empieza mal para la UE","datePublished":"2023-07-19T10:04:49+00:00","dateModified":"2023-07-20T06:38:21+00:00","mainEntityOfPage":{"@id":"https:\/\/conversesacatalunya.cat\/es\/la-presidencia-europea-de-sanchez\/"},"wordCount":848,"commentCount":0,"image":{"@id":"https:\/\/conversesacatalunya.cat\/es\/la-presidencia-europea-de-sanchez\/#primaryimage"},"thumbnailUrl":"https:\/\/conversesacatalunya.cat\/wp-content\/uploads\/2023\/07\/presidencia-UE.jpeg","keywords":["Uni\u00f3 Europea","Uni\u00f3n Europea"],"articleSection":["Punts clau del dia (ES)"],"inLanguage":"es","potentialAction":[{"@type":"CommentAction","name":"Comment","target":["https:\/\/conversesacatalunya.cat\/es\/la-presidencia-europea-de-sanchez\/#respond"]}]},{"@type":"WebPage","@id":"https:\/\/conversesacatalunya.cat\/es\/la-presidencia-europea-de-sanchez\/","url":"https:\/\/conversesacatalunya.cat\/es\/la-presidencia-europea-de-sanchez\/","name":"Presidencia europea de S\u00e1nchez empieza mal","isPartOf":{"@id":"https:\/\/conversesacatalunya.cat\/#website"},"primaryImageOfPage":{"@id":"https:\/\/conversesacatalunya.cat\/es\/la-presidencia-europea-de-sanchez\/#primaryimage"},"image":{"@id":"https:\/\/conversesacatalunya.cat\/es\/la-presidencia-europea-de-sanchez\/#primaryimage"},"thumbnailUrl":"https:\/\/conversesacatalunya.cat\/wp-content\/uploads\/2023\/07\/presidencia-UE.jpeg","datePublished":"2023-07-19T10:04:49+00:00","dateModified":"2023-07-20T06:38:21+00:00","author":{"@id":"https:\/\/conversesacatalunya.cat\/#\/schema\/person\/79bd0577b2f3afc8d6519d207c6e8609"},"description":"el primer acto de la presidencia europea de S\u00e1nchez como presidente de turno de la UE fue un viaje a Kiev en el que se reuni\u00f3 con Zelenski","breadcrumb":{"@id":"https:\/\/conversesacatalunya.cat\/es\/la-presidencia-europea-de-sanchez\/#breadcrumb"},"inLanguage":"es","potentialAction":[{"@type":"ReadAction","target":["https:\/\/conversesacatalunya.cat\/es\/la-presidencia-europea-de-sanchez\/"]}]},{"@type":"ImageObject","inLanguage":"es","@id":"https:\/\/conversesacatalunya.cat\/es\/la-presidencia-europea-de-sanchez\/#primaryimage","url":"https:\/\/conversesacatalunya.cat\/wp-content\/uploads\/2023\/07\/presidencia-UE.jpeg","contentUrl":"https:\/\/conversesacatalunya.cat\/wp-content\/uploads\/2023\/07\/presidencia-UE.jpeg","width":476,"height":256,"caption":"presidencia europea S\u00e1nchez"},{"@type":"BreadcrumbList","@id":"https:\/\/conversesacatalunya.cat\/es\/la-presidencia-europea-de-sanchez\/#breadcrumb","itemListElement":[{"@type":"ListItem","position":1,"name":"Inici","item":"https:\/\/conversesacatalunya.cat\/es\/"},{"@type":"ListItem","position":2,"name":"La presidencia europea de S\u00e1nchez empieza mal para la UE"}]},{"@type":"WebSite","@id":"https:\/\/conversesacatalunya.cat\/#website","url":"https:\/\/conversesacatalunya.cat\/","name":"Converses a Catalunya","description":"","potentialAction":[{"@type":"SearchAction","target":{"@type":"EntryPoint","urlTemplate":"https:\/\/conversesacatalunya.cat\/?s={search_term_string}"},"query-input":{"@type":"PropertyValueSpecification","valueRequired":true,"valueName":"search_term_string"}}],"inLanguage":"es"},{"@type":"Person","@id":"https:\/\/conversesacatalunya.cat\/#\/schema\/person\/79bd0577b2f3afc8d6519d207c6e8609","name":"Enric Casanovas","image":{"@type":"ImageObject","inLanguage":"es","@id":"https:\/\/conversesacatalunya.cat\/#\/schema\/person\/image\/","url":"https:\/\/conversesacatalunya.cat\/wp-content\/litespeed\/avatar\/7ae4379ad4421ec77820e92afd36dd78.jpg?ver=1777373933","contentUrl":"https:\/\/conversesacatalunya.cat\/wp-content\/litespeed\/avatar\/7ae4379ad4421ec77820e92afd36dd78.jpg?ver=1777373933","caption":"Enric Casanovas"},"url":"https:\/\/conversesacatalunya.cat\/es\/author\/enric-casanovas\/"}]}},"wps_subtitle":"El prop\u00f3sito europeo de implicar a Am\u00e9rica Latina en su pugna con Rusia no ha funcionado","_links":{"self":[{"href":"https:\/\/conversesacatalunya.cat\/es\/wp-json\/wp\/v2\/posts\/69406","targetHints":{"allow":["GET"]}}],"collection":[{"href":"https:\/\/conversesacatalunya.cat\/es\/wp-json\/wp\/v2\/posts"}],"about":[{"href":"https:\/\/conversesacatalunya.cat\/es\/wp-json\/wp\/v2\/types\/post"}],"author":[{"embeddable":true,"href":"https:\/\/conversesacatalunya.cat\/es\/wp-json\/wp\/v2\/users\/77"}],"replies":[{"embeddable":true,"href":"https:\/\/conversesacatalunya.cat\/es\/wp-json\/wp\/v2\/comments?post=69406"}],"version-history":[{"count":8,"href":"https:\/\/conversesacatalunya.cat\/es\/wp-json\/wp\/v2\/posts\/69406\/revisions"}],"predecessor-version":[{"id":69418,"href":"https:\/\/conversesacatalunya.cat\/es\/wp-json\/wp\/v2\/posts\/69406\/revisions\/69418"}],"wp:featuredmedia":[{"embeddable":true,"href":"https:\/\/conversesacatalunya.cat\/es\/wp-json\/wp\/v2\/media\/69403"}],"wp:attachment":[{"href":"https:\/\/conversesacatalunya.cat\/es\/wp-json\/wp\/v2\/media?parent=69406"}],"wp:term":[{"taxonomy":"category","embeddable":true,"href":"https:\/\/conversesacatalunya.cat\/es\/wp-json\/wp\/v2\/categories?post=69406"},{"taxonomy":"post_tag","embeddable":true,"href":"https:\/\/conversesacatalunya.cat\/es\/wp-json\/wp\/v2\/tags?post=69406"}],"curies":[{"name":"wp","href":"https:\/\/api.w.org\/{rel}","templated":true}]}}