{"id":69321,"date":"2023-07-18T09:00:53","date_gmt":"2023-07-18T07:00:53","guid":{"rendered":"https:\/\/conversesacatalunya.cat\/?p=69321"},"modified":"2023-07-18T07:51:11","modified_gmt":"2023-07-18T05:51:11","slug":"baltico-lago-otan-suecia-finlandia","status":"publish","type":"post","link":"https:\/\/conversesacatalunya.cat\/es\/baltico-lago-otan-suecia-finlandia\/","title":{"rendered":"El B\u00e1ltico, un lago de la OTAN tras la adhesi\u00f3n de Suecia y Finlandia"},"content":{"rendered":"<p>Superado, en principio, el veto turco a Suecia, Estocolmo y su vecina Finlandia han hecho que el mar B\u00e1ltico se convierta en un lago de la OTAN. Se trata de un<strong> cambio fundamental de la geopol\u00edtica regional,<\/strong> puesto que estas aguas \u00abtibias\u00bb han sido durante siglos una verdadera obsesi\u00f3n para Rusia.<\/p>\n<h3><strong>Un poco de historia<\/strong><\/h3>\n<p>En 1703, <strong>el zar Pedro el Grande<\/strong> fund\u00f3 la ciudad de San Petersburgo precisamente para <strong>dar un acceso permanente al mar en Rusia<\/strong>, especialmente durante los largos meses invernales durante los cuales la ruta del \u00c1rtico se hac\u00eda del todo impracticable.<\/p>\n<p>Si bien por el zar la ciudad deb\u00eda convertirse tambi\u00e9n en \u00abla ventana de Rusia hacia el mundo occidental\u00bb, durante el siglo XX en particular la presi\u00f3n sovi\u00e9tica, que entonces controlaba toda la ribera este y sur del B\u00e1ltico hasta la difunta Rep\u00fablica Democr\u00e1tica Alemana, hizo uno de los puntos calientes de la Guerra Fr\u00eda.<\/p>\n<h5><strong>Mientras dur\u00f3 el conflicto entre ambas superpotencias, s\u00f3lo Dinamarca y Alemania Occidental formaban parte de la Alianza Atl\u00e1ntica entre los pa\u00edses costeros del B\u00e1ltico<\/strong>.<\/h5>\n<p><strong>Suecia y Finlandia<\/strong>, debido a la proximidad geogr\u00e1fica con Rusia y a la historia reciente (Suecia se mostr\u00f3 conciliadora con la Alemania nazi, mientras que Finlandia lleg\u00f3 a combatir junto al III Reich para recuperar los territorios perdidos durante la guerra fino-sovi\u00e9tica del 1939-40), apostaron en cambio por<strong> la neutralidad.<\/strong><\/p>\n<p>De hecho, <strong>a lo largo de la Guerra Fr\u00eda las aguas b\u00e1lticas protagonizaron numerosos incidentes navales<\/strong> militares, en los que los dos pa\u00edses escandinavos oficialmente neutrales se encontraban a menudo en una delicada situaci\u00f3n en medio de ambos bandos contrincantes.<\/p>\n<h3><strong>Capacidad militar de Suecia y Finlandia<\/strong><\/h3>\n<p>Asimismo, <strong>Suecia y Finlandia desarrollaron importantes capacidades militares<\/strong> ya que no pod\u00edan contar con el apoyo formal de la OTAN en caso de conflicto armado con la Uni\u00f3n Sovi\u00e9tica. A pesar de ello, sus fuerzas armadas se equiparan con armamento compatible con el de los miembros de la Alianza Atl\u00e1ntica y entrenar\u00e1n conjuntamente.<\/p>\n<p>De hecho, <strong>la industria de defensa sueca es particularmente importante<\/strong> teniendo en cuenta la talla del pa\u00eds (poco m\u00e1s de 10 millones de habitantes en 2021), y cuenta incluso con el lujo de disponer de un avi\u00f3n de combate moderno nacional, el Saab Gripan. Una capacidad que otros pa\u00edses mucho mayores, como Gran Breta\u00f1a o Alemania, han perdido.<\/p>\n<p>La verdadera especialidad militar sueca es, sin embargo, su armada, desarrollada espec\u00edficamente para\u00a0 operaciones en aguas b\u00e1lticas poco profundas, y que conoce a la perfecci\u00f3n. De hecho, Suecia tradicionalmente ha invertido para disponer de <strong>una excelente arma submarina,<\/strong> precisamente para contrarrestar la poderosa flota de superficie sovi\u00e9tico-rusa y evitar incursiones en sus islas o a lo largo de su perfil costero.<\/p>\n<p>Aunque la industria sueca del armamento no escap\u00f3 a los recortes que siguieron a la ca\u00edda del muro de Berl\u00edn, en 2020 y, por tanto, antes de la invasi\u00f3n rusa de Ucrania, el reino escandinavo <a href=\"https:\/\/conversesacatalunya.cat\/es\/la-pacifista-suecia-tambien-se-rearma\/\" target=\"_blank\" rel=\"noopener\"><strong>anunci\u00f3<\/strong> <\/a>que incrementar\u00eda en un 40% su presupuesto hasta 2025, con el objetivo de alcanzar el 1,5% del PIB del pa\u00eds. Desde entonces, y a ra\u00edz de la guerra en Ucrania, ha revisado al alza este objetivo, y prev\u00e9 alcanzar el 2% del PIB en 2026.<\/p>\n<blockquote><p>Por lo que respecta a Finlandia, mantiene todav\u00eda hoy un nivel de preparaci\u00f3n militar pr\u00e1cticamente inigualado en Europa<\/p><\/blockquote>\n<p>Por lo que respecta a Finlandia, mantiene todav\u00eda hoy un nivel de preparaci\u00f3n militar pr\u00e1cticamente inigualado en Europa.<strong> El servicio militar es obligatorio para todos los hombres de entre 18 y 29 a\u00f1os<\/strong>, y dispone de un arsenal de artiller\u00eda particularmente nutrido. Su fuerza a\u00e9rea debe recibir 64 aviones de combate ultramodernos F-35 estadounidenses antes del 2026, una cantidad muy importante para un pa\u00eds que no alcanza los 6 millones de habitantes.<\/p>\n<p>En definitiva, tanto por su situaci\u00f3n geogr\u00e1fica como por sus capacidades militares, Suecia y Finlandia aportan mucho m\u00e1s que dos nuevas sillas al cuartel general de la OTAN.<\/p>\n<p>Por su parte, Rusia se encuentra ahora totalmente arrinconada en el mar B\u00e1ltico, donde ha perdido todos sus apoyos (Polonia, RDA, rep\u00fablicas b\u00e1lticas) y s\u00f3lo conserva el enclave de Kaliningrado y la estrecha salida al mar de San Petersburgo, encajonada entre Estonia y Finlandia.<\/p>\n<span class='bctt-click-to-tweet'><span class='bctt-ctt-text'><a href='https:\/\/twitter.com\/intent\/tweet?url=https%3A%2F%2Fconversesacatalunya.cat%2Fes%2Fbaltico-lago-otan-suecia-finlandia%2F&#038;text=Rusia%20se%20encuentra%20ahora%20totalmente%20arrinconada%20en%20el%20mar%20B%C3%A1ltico%2C%20donde%20ha%20perdido%20todos%20sus%20apoyos%20%28Polonia%2C%20RDA%2C%20rep%C3%BAblicas%20b%C3%A1lticas%29%20y%20s%C3%B3lo%20conserva%20el%20enclave%20de%20Kaliningrado%20y%20la%20estrecha%20salida%20al%20mar%20de%20San%20Petersburgo&#038;via=conversesacat&#038;related=conversesacat' target='_blank'rel=\"noopener noreferrer\">Rusia se encuentra ahora totalmente arrinconada en el mar B\u00e1ltico, donde ha perdido todos sus apoyos (Polonia, RDA, rep\u00fablicas b\u00e1lticas) y s\u00f3lo conserva el enclave de Kaliningrado y la estrecha salida al mar de San Petersburgo <\/a><\/span><a href='https:\/\/twitter.com\/intent\/tweet?url=https%3A%2F%2Fconversesacatalunya.cat%2Fes%2Fbaltico-lago-otan-suecia-finlandia%2F&#038;text=Rusia%20se%20encuentra%20ahora%20totalmente%20arrinconada%20en%20el%20mar%20B%C3%A1ltico%2C%20donde%20ha%20perdido%20todos%20sus%20apoyos%20%28Polonia%2C%20RDA%2C%20rep%C3%BAblicas%20b%C3%A1lticas%29%20y%20s%C3%B3lo%20conserva%20el%20enclave%20de%20Kaliningrado%20y%20la%20estrecha%20salida%20al%20mar%20de%20San%20Petersburgo&#038;via=conversesacat&#038;related=conversesacat' target='_blank' class='bctt-ctt-btn'rel=\"noopener noreferrer\">Compartir en X<\/a><\/span>\n<div id=\"polls-205\" class=\"wp-polls\">\n\t<form id=\"polls_form_205\" class=\"wp-polls-form\" action=\"\/index.php\" method=\"post\">\n\t\t<p style=\"display: none;\"><input type=\"hidden\" id=\"poll_205_nonce\" name=\"wp-polls-nonce\" value=\"42df67f11f\" \/><\/p>\n\t\t<p style=\"display: none;\"><input type=\"hidden\" name=\"poll_id\" value=\"205\" \/><\/p>\n\t\t<p style=\"text-align: center\"><strong>Et preocupa que si hi ha un nou govern de coalici\u00f3 PP-VOX, la llengua i cultura catalana tinguin problemes?<\/strong><\/p><div id=\"polls-205-ans\" class=\"wp-polls-ans\"><ul class=\"wp-polls-ul\">\n\t\t<li><input type=\"radio\" id=\"poll-answer-569\" name=\"poll_205\" value=\"569\" \/> <label for=\"poll-answer-569\">S\u00ed<\/label><\/li>\n\t\t<li><input type=\"radio\" id=\"poll-answer-570\" name=\"poll_205\" value=\"570\" \/> <label for=\"poll-answer-570\">No<\/label><\/li>\n\t\t<li><input type=\"radio\" id=\"poll-answer-571\" name=\"poll_205\" value=\"571\" \/> <label for=\"poll-answer-571\">No ho s\u00e9<\/label><\/li>\n\t\t<\/ul><p style=\"text-align: center\"><input type=\"button\" name=\"vote\" value=\"   Vota   \" class=\"Buttons\" onclick=\"poll_vote(205);\" \/><\/p><p style=\"text-align: center\"><a href=\"#ViewPollResults\" onclick=\"poll_result(205); return false;\" title=\"View Results Of This Poll\">Mira els resultats<\/a><\/p><\/div>\n\t<\/form>\n<\/div>\n<div id=\"polls-205-loading\" class=\"wp-polls-loading\"><img decoding=\"async\" data-src=\"https:\/\/conversesacatalunya.cat\/wp-content\/plugins\/wp-polls\/images\/loading.gif\" width=\"16\" height=\"16\" alt=\"Cargando ...\" title=\"Cargando ...\" class=\"wp-polls-image lazyload\" src=\"data:image\/svg+xml;base64,PHN2ZyB3aWR0aD0iMSIgaGVpZ2h0PSIxIiB4bWxucz0iaHR0cDovL3d3dy53My5vcmcvMjAwMC9zdmciPjwvc3ZnPg==\" style=\"--smush-placeholder-width: 16px; --smush-placeholder-aspect-ratio: 16\/16;\" \/>&nbsp;Cargando ...<\/div>\n\n","protected":false},"excerpt":{"rendered":"<p>Superado, en principio, el veto turco a Suecia, Estocolmo y su vecina Finlandia han hecho que el mar B\u00e1ltico se convierta en un lago de la OTAN. Se trata de un cambio fundamental de la geopol\u00edtica regional, puesto que estas aguas \u00abtibias\u00bb han sido durante siglos una verdadera obsesi\u00f3n para Rusia. Un poco de historia En 1703, el zar Pedro el Grande fund\u00f3 la ciudad de San Petersburgo precisamente para dar un acceso permanente al mar en Rusia, especialmente durante los largos meses invernales durante los cuales la ruta del \u00c1rtico se hac\u00eda del todo impracticable. Si bien por el zar la ciudad deb\u00eda convertirse tambi\u00e9n en \u00abla ventana de Rusia hacia el mundo occidental\u00bb, durante el siglo XX en particular la presi\u00f3n sovi\u00e9tica, que entonces controlaba toda la ribera este y sur del B\u00e1ltico hasta la difunta Rep\u00fablica Democr\u00e1tica Alemana, hizo uno de los puntos calientes de la Guerra Fr\u00eda. Mientras dur\u00f3 el conflicto entre ambas superpotencias, s\u00f3lo Dinamarca y Alemania Occidental formaban parte de la Alianza Atl\u00e1ntica entre los pa\u00edses costeros del B\u00e1ltico. Suecia y Finlandia, debido a la proximidad geogr\u00e1fica con Rusia y a la historia reciente (Suecia se mostr\u00f3 conciliadora con la Alemania nazi, mientras que Finlandia lleg\u00f3 a combatir junto al III Reich para recuperar los territorios perdidos durante la guerra fino-sovi\u00e9tica del 1939-40), apostaron en cambio por la neutralidad. De hecho, a lo largo de la Guerra Fr\u00eda las aguas b\u00e1lticas protagonizaron numerosos incidentes navales militares, en los que los dos pa\u00edses escandinavos oficialmente neutrales se encontraban a menudo en una delicada situaci\u00f3n en medio de ambos bandos contrincantes. Capacidad militar de Suecia y Finlandia Asimismo, Suecia y Finlandia desarrollaron importantes capacidades militares ya que no pod\u00edan contar con el apoyo formal de la OTAN en caso de conflicto armado con la Uni\u00f3n Sovi\u00e9tica. A pesar de ello, sus fuerzas armadas se equiparan con armamento compatible con el de los miembros de la Alianza Atl\u00e1ntica y entrenar\u00e1n conjuntamente. De hecho, la industria de defensa sueca es particularmente importante teniendo en cuenta la talla del pa\u00eds (poco m\u00e1s de 10 millones de habitantes en 2021), y cuenta incluso con el lujo de disponer de un avi\u00f3n de combate moderno nacional, el Saab Gripan. Una capacidad que otros pa\u00edses mucho mayores, como Gran Breta\u00f1a o Alemania, han perdido. La verdadera especialidad militar sueca es, sin embargo, su armada, desarrollada espec\u00edficamente para\u00a0 operaciones en aguas b\u00e1lticas poco profundas, y que conoce a la perfecci\u00f3n. De hecho, Suecia tradicionalmente ha invertido para disponer de una excelente arma submarina, precisamente para contrarrestar la poderosa flota de superficie sovi\u00e9tico-rusa y evitar incursiones en sus islas o a lo largo de su perfil costero. Aunque la industria sueca del armamento no escap\u00f3 a los recortes que siguieron a la ca\u00edda del muro de Berl\u00edn, en 2020 y, por tanto, antes de la invasi\u00f3n rusa de Ucrania, el reino escandinavo anunci\u00f3 que incrementar\u00eda en un 40% su presupuesto hasta 2025, con el objetivo de alcanzar el 1,5% del PIB del pa\u00eds. Desde entonces, y a ra\u00edz de la guerra en Ucrania, ha revisado al alza este objetivo, y prev\u00e9 alcanzar el 2% del PIB en 2026. Por lo que respecta a Finlandia, mantiene todav\u00eda hoy un nivel de preparaci\u00f3n militar pr\u00e1cticamente inigualado en Europa Por lo que respecta a Finlandia, mantiene todav\u00eda hoy un nivel de preparaci\u00f3n militar pr\u00e1cticamente inigualado en Europa. El servicio militar es obligatorio para todos los hombres de entre 18 y 29 a\u00f1os, y dispone de un arsenal de artiller\u00eda particularmente nutrido. Su fuerza a\u00e9rea debe recibir 64 aviones de combate ultramodernos F-35 estadounidenses antes del 2026, una cantidad muy importante para un pa\u00eds que no alcanza los 6 millones de habitantes. En definitiva, tanto por su situaci\u00f3n geogr\u00e1fica como por sus capacidades militares, Suecia y Finlandia aportan mucho m\u00e1s que dos nuevas sillas al cuartel general de la OTAN. Por su parte, Rusia se encuentra ahora totalmente arrinconada en el mar B\u00e1ltico, donde ha perdido todos sus apoyos (Polonia, RDA, rep\u00fablicas b\u00e1lticas) y s\u00f3lo conserva el enclave de Kaliningrado y la estrecha salida al mar de San Petersburgo, encajonada entre Estonia y Finlandia.<\/p>\n","protected":false},"author":75,"featured_media":69246,"comment_status":"open","ping_status":"open","sticky":false,"template":"","format":"standard","meta":{"_FSMCFIC_featured_image_caption":"","_FSMCFIC_featured_image_nocaption":"","_FSMCFIC_featured_image_hide":"","footnotes":""},"categories":[806],"tags":[4845,1059,1092,1818],"class_list":["post-69321","post","type-post","status-publish","format-standard","has-post-thumbnail","hentry","category-punts-claus-del-dia-es","tag-finlandia-es","tag-otan-es","tag-russia-es","tag-suecia-es"],"yoast_head":"<!-- This site is optimized with the Yoast SEO plugin v26.8 - https:\/\/yoast.com\/product\/yoast-seo-wordpress\/ -->\n<title>lLa OTAN despu\u00e9s de la adhesi\u00f3n de Suecia y Finlandia<\/title>\n<meta name=\"description\" content=\"tanto por su situaci\u00f3n geogr\u00e1fica como por las capacidades militares, Suecia y Finlandia aportan mucho m\u00e1s que dos nuevas sillas a la OTAN\" \/>\n<meta name=\"robots\" content=\"index, follow, max-snippet:-1, max-image-preview:large, max-video-preview:-1\" \/>\n<link rel=\"canonical\" href=\"https:\/\/conversesacatalunya.cat\/baltic-llac-otan-suecia-finlandia\/\" \/>\n<meta property=\"og:locale\" content=\"es_ES\" \/>\n<meta property=\"og:type\" content=\"article\" \/>\n<meta property=\"og:title\" content=\"lLa OTAN despu\u00e9s de la adhesi\u00f3n de Suecia y Finlandia\" \/>\n<meta property=\"og:description\" content=\"tanto por su situaci\u00f3n geogr\u00e1fica como por las capacidades militares, Suecia y Finlandia aportan mucho m\u00e1s que dos nuevas sillas a la OTAN\" \/>\n<meta property=\"og:url\" content=\"https:\/\/conversesacatalunya.cat\/baltic-llac-otan-suecia-finlandia\/\" \/>\n<meta property=\"og:site_name\" content=\"Converses a Catalunya\" \/>\n<meta property=\"article:published_time\" content=\"2023-07-18T07:00:53+00:00\" \/>\n<meta property=\"og:image\" content=\"https:\/\/conversesacatalunya.cat\/wp-content\/uploads\/2023\/07\/vyks-harj-4-768.jpg\" \/>\n\t<meta property=\"og:image:width\" content=\"768\" \/>\n\t<meta property=\"og:image:height\" content=\"432\" \/>\n\t<meta property=\"og:image:type\" content=\"image\/jpeg\" \/>\n<meta name=\"author\" content=\"Carles L\u00f3pez\" \/>\n<meta name=\"twitter:card\" content=\"summary_large_image\" \/>\n<meta name=\"twitter:label1\" content=\"Escrito por\" \/>\n\t<meta name=\"twitter:data1\" content=\"Carles L\u00f3pez\" \/>\n\t<meta name=\"twitter:label2\" content=\"Tiempo de lectura\" \/>\n\t<meta name=\"twitter:data2\" content=\"4 minutos\" \/>\n<script type=\"application\/ld+json\" class=\"yoast-schema-graph\">{\"@context\":\"https:\/\/schema.org\",\"@graph\":[{\"@type\":\"Article\",\"@id\":\"https:\/\/conversesacatalunya.cat\/baltic-llac-otan-suecia-finlandia\/#article\",\"isPartOf\":{\"@id\":\"https:\/\/conversesacatalunya.cat\/baltic-llac-otan-suecia-finlandia\/\"},\"author\":{\"name\":\"Carles L\u00f3pez\",\"@id\":\"https:\/\/conversesacatalunya.cat\/#\/schema\/person\/3ce2ab16c0a3803086d80722c7cad56a\"},\"headline\":\"El B\u00e1ltico, un lago de la OTAN tras la adhesi\u00f3n de Suecia y Finlandia\",\"datePublished\":\"2023-07-18T07:00:53+00:00\",\"mainEntityOfPage\":{\"@id\":\"https:\/\/conversesacatalunya.cat\/baltic-llac-otan-suecia-finlandia\/\"},\"wordCount\":793,\"commentCount\":0,\"image\":{\"@id\":\"https:\/\/conversesacatalunya.cat\/baltic-llac-otan-suecia-finlandia\/#primaryimage\"},\"thumbnailUrl\":\"https:\/\/conversesacatalunya.cat\/wp-content\/uploads\/2023\/07\/vyks-harj-4-768.jpg\",\"keywords\":[\"Finlandia\",\"OTAN\",\"R\u00fassia\",\"Su\u00e8cia\"],\"articleSection\":[\"Punts clau del dia (ES)\"],\"inLanguage\":\"es\",\"potentialAction\":[{\"@type\":\"CommentAction\",\"name\":\"Comment\",\"target\":[\"https:\/\/conversesacatalunya.cat\/baltic-llac-otan-suecia-finlandia\/#respond\"]}]},{\"@type\":\"WebPage\",\"@id\":\"https:\/\/conversesacatalunya.cat\/baltic-llac-otan-suecia-finlandia\/\",\"url\":\"https:\/\/conversesacatalunya.cat\/baltic-llac-otan-suecia-finlandia\/\",\"name\":\"lLa OTAN despu\u00e9s de la adhesi\u00f3n de Suecia y Finlandia\",\"isPartOf\":{\"@id\":\"https:\/\/conversesacatalunya.cat\/#website\"},\"primaryImageOfPage\":{\"@id\":\"https:\/\/conversesacatalunya.cat\/baltic-llac-otan-suecia-finlandia\/#primaryimage\"},\"image\":{\"@id\":\"https:\/\/conversesacatalunya.cat\/baltic-llac-otan-suecia-finlandia\/#primaryimage\"},\"thumbnailUrl\":\"https:\/\/conversesacatalunya.cat\/wp-content\/uploads\/2023\/07\/vyks-harj-4-768.jpg\",\"datePublished\":\"2023-07-18T07:00:53+00:00\",\"author\":{\"@id\":\"https:\/\/conversesacatalunya.cat\/#\/schema\/person\/3ce2ab16c0a3803086d80722c7cad56a\"},\"description\":\"tanto por su situaci\u00f3n geogr\u00e1fica como por las capacidades militares, Suecia y Finlandia aportan mucho m\u00e1s que dos nuevas sillas a la OTAN\",\"breadcrumb\":{\"@id\":\"https:\/\/conversesacatalunya.cat\/baltic-llac-otan-suecia-finlandia\/#breadcrumb\"},\"inLanguage\":\"es\",\"potentialAction\":[{\"@type\":\"ReadAction\",\"target\":[\"https:\/\/conversesacatalunya.cat\/baltic-llac-otan-suecia-finlandia\/\"]}]},{\"@type\":\"ImageObject\",\"inLanguage\":\"es\",\"@id\":\"https:\/\/conversesacatalunya.cat\/baltic-llac-otan-suecia-finlandia\/#primaryimage\",\"url\":\"https:\/\/conversesacatalunya.cat\/wp-content\/uploads\/2023\/07\/vyks-harj-4-768.jpg\",\"contentUrl\":\"https:\/\/conversesacatalunya.cat\/wp-content\/uploads\/2023\/07\/vyks-harj-4-768.jpg\",\"width\":768,\"height\":432,\"caption\":\"Suecia y Finlandia OTAN\"},{\"@type\":\"BreadcrumbList\",\"@id\":\"https:\/\/conversesacatalunya.cat\/baltic-llac-otan-suecia-finlandia\/#breadcrumb\",\"itemListElement\":[{\"@type\":\"ListItem\",\"position\":1,\"name\":\"Inici\",\"item\":\"https:\/\/conversesacatalunya.cat\/es\/\"},{\"@type\":\"ListItem\",\"position\":2,\"name\":\"El B\u00e1ltico, un lago de la OTAN tras la adhesi\u00f3n de Suecia y Finlandia\"}]},{\"@type\":\"WebSite\",\"@id\":\"https:\/\/conversesacatalunya.cat\/#website\",\"url\":\"https:\/\/conversesacatalunya.cat\/\",\"name\":\"Converses a Catalunya\",\"description\":\"\",\"potentialAction\":[{\"@type\":\"SearchAction\",\"target\":{\"@type\":\"EntryPoint\",\"urlTemplate\":\"https:\/\/conversesacatalunya.cat\/?s={search_term_string}\"},\"query-input\":{\"@type\":\"PropertyValueSpecification\",\"valueRequired\":true,\"valueName\":\"search_term_string\"}}],\"inLanguage\":\"es\"},{\"@type\":\"Person\",\"@id\":\"https:\/\/conversesacatalunya.cat\/#\/schema\/person\/3ce2ab16c0a3803086d80722c7cad56a\",\"name\":\"Carles L\u00f3pez\",\"image\":{\"@type\":\"ImageObject\",\"inLanguage\":\"es\",\"@id\":\"https:\/\/conversesacatalunya.cat\/#\/schema\/person\/image\/\",\"url\":\"https:\/\/conversesacatalunya.cat\/wp-content\/litespeed\/avatar\/4891585caf2896e97846ab77f06edcf2.jpg?ver=1777091173\",\"contentUrl\":\"https:\/\/conversesacatalunya.cat\/wp-content\/litespeed\/avatar\/4891585caf2896e97846ab77f06edcf2.jpg?ver=1777091173\",\"caption\":\"Carles L\u00f3pez\"},\"url\":\"https:\/\/conversesacatalunya.cat\/es\/author\/carles-lopez\/\"}]}<\/script>\n<!-- \/ Yoast SEO plugin. -->","yoast_head_json":{"title":"lLa OTAN despu\u00e9s de la adhesi\u00f3n de Suecia y Finlandia","description":"tanto por su situaci\u00f3n geogr\u00e1fica como por las capacidades militares, Suecia y Finlandia aportan mucho m\u00e1s que dos nuevas sillas a la OTAN","robots":{"index":"index","follow":"follow","max-snippet":"max-snippet:-1","max-image-preview":"max-image-preview:large","max-video-preview":"max-video-preview:-1"},"canonical":"https:\/\/conversesacatalunya.cat\/baltic-llac-otan-suecia-finlandia\/","og_locale":"es_ES","og_type":"article","og_title":"lLa OTAN despu\u00e9s de la adhesi\u00f3n de Suecia y Finlandia","og_description":"tanto por su situaci\u00f3n geogr\u00e1fica como por las capacidades militares, Suecia y Finlandia aportan mucho m\u00e1s que dos nuevas sillas a la OTAN","og_url":"https:\/\/conversesacatalunya.cat\/baltic-llac-otan-suecia-finlandia\/","og_site_name":"Converses a Catalunya","article_published_time":"2023-07-18T07:00:53+00:00","og_image":[{"width":768,"height":432,"url":"https:\/\/conversesacatalunya.cat\/wp-content\/uploads\/2023\/07\/vyks-harj-4-768.jpg","type":"image\/jpeg"}],"author":"Carles L\u00f3pez","twitter_card":"summary_large_image","twitter_misc":{"Escrito por":"Carles L\u00f3pez","Tiempo de lectura":"4 minutos"},"schema":{"@context":"https:\/\/schema.org","@graph":[{"@type":"Article","@id":"https:\/\/conversesacatalunya.cat\/baltic-llac-otan-suecia-finlandia\/#article","isPartOf":{"@id":"https:\/\/conversesacatalunya.cat\/baltic-llac-otan-suecia-finlandia\/"},"author":{"name":"Carles L\u00f3pez","@id":"https:\/\/conversesacatalunya.cat\/#\/schema\/person\/3ce2ab16c0a3803086d80722c7cad56a"},"headline":"El B\u00e1ltico, un lago de la OTAN tras la adhesi\u00f3n de Suecia y Finlandia","datePublished":"2023-07-18T07:00:53+00:00","mainEntityOfPage":{"@id":"https:\/\/conversesacatalunya.cat\/baltic-llac-otan-suecia-finlandia\/"},"wordCount":793,"commentCount":0,"image":{"@id":"https:\/\/conversesacatalunya.cat\/baltic-llac-otan-suecia-finlandia\/#primaryimage"},"thumbnailUrl":"https:\/\/conversesacatalunya.cat\/wp-content\/uploads\/2023\/07\/vyks-harj-4-768.jpg","keywords":["Finlandia","OTAN","R\u00fassia","Su\u00e8cia"],"articleSection":["Punts clau del dia (ES)"],"inLanguage":"es","potentialAction":[{"@type":"CommentAction","name":"Comment","target":["https:\/\/conversesacatalunya.cat\/baltic-llac-otan-suecia-finlandia\/#respond"]}]},{"@type":"WebPage","@id":"https:\/\/conversesacatalunya.cat\/baltic-llac-otan-suecia-finlandia\/","url":"https:\/\/conversesacatalunya.cat\/baltic-llac-otan-suecia-finlandia\/","name":"lLa OTAN despu\u00e9s de la adhesi\u00f3n de Suecia y Finlandia","isPartOf":{"@id":"https:\/\/conversesacatalunya.cat\/#website"},"primaryImageOfPage":{"@id":"https:\/\/conversesacatalunya.cat\/baltic-llac-otan-suecia-finlandia\/#primaryimage"},"image":{"@id":"https:\/\/conversesacatalunya.cat\/baltic-llac-otan-suecia-finlandia\/#primaryimage"},"thumbnailUrl":"https:\/\/conversesacatalunya.cat\/wp-content\/uploads\/2023\/07\/vyks-harj-4-768.jpg","datePublished":"2023-07-18T07:00:53+00:00","author":{"@id":"https:\/\/conversesacatalunya.cat\/#\/schema\/person\/3ce2ab16c0a3803086d80722c7cad56a"},"description":"tanto por su situaci\u00f3n geogr\u00e1fica como por las capacidades militares, Suecia y Finlandia aportan mucho m\u00e1s que dos nuevas sillas a la OTAN","breadcrumb":{"@id":"https:\/\/conversesacatalunya.cat\/baltic-llac-otan-suecia-finlandia\/#breadcrumb"},"inLanguage":"es","potentialAction":[{"@type":"ReadAction","target":["https:\/\/conversesacatalunya.cat\/baltic-llac-otan-suecia-finlandia\/"]}]},{"@type":"ImageObject","inLanguage":"es","@id":"https:\/\/conversesacatalunya.cat\/baltic-llac-otan-suecia-finlandia\/#primaryimage","url":"https:\/\/conversesacatalunya.cat\/wp-content\/uploads\/2023\/07\/vyks-harj-4-768.jpg","contentUrl":"https:\/\/conversesacatalunya.cat\/wp-content\/uploads\/2023\/07\/vyks-harj-4-768.jpg","width":768,"height":432,"caption":"Suecia y Finlandia OTAN"},{"@type":"BreadcrumbList","@id":"https:\/\/conversesacatalunya.cat\/baltic-llac-otan-suecia-finlandia\/#breadcrumb","itemListElement":[{"@type":"ListItem","position":1,"name":"Inici","item":"https:\/\/conversesacatalunya.cat\/es\/"},{"@type":"ListItem","position":2,"name":"El B\u00e1ltico, un lago de la OTAN tras la adhesi\u00f3n de Suecia y Finlandia"}]},{"@type":"WebSite","@id":"https:\/\/conversesacatalunya.cat\/#website","url":"https:\/\/conversesacatalunya.cat\/","name":"Converses a Catalunya","description":"","potentialAction":[{"@type":"SearchAction","target":{"@type":"EntryPoint","urlTemplate":"https:\/\/conversesacatalunya.cat\/?s={search_term_string}"},"query-input":{"@type":"PropertyValueSpecification","valueRequired":true,"valueName":"search_term_string"}}],"inLanguage":"es"},{"@type":"Person","@id":"https:\/\/conversesacatalunya.cat\/#\/schema\/person\/3ce2ab16c0a3803086d80722c7cad56a","name":"Carles L\u00f3pez","image":{"@type":"ImageObject","inLanguage":"es","@id":"https:\/\/conversesacatalunya.cat\/#\/schema\/person\/image\/","url":"https:\/\/conversesacatalunya.cat\/wp-content\/litespeed\/avatar\/4891585caf2896e97846ab77f06edcf2.jpg?ver=1777091173","contentUrl":"https:\/\/conversesacatalunya.cat\/wp-content\/litespeed\/avatar\/4891585caf2896e97846ab77f06edcf2.jpg?ver=1777091173","caption":"Carles L\u00f3pez"},"url":"https:\/\/conversesacatalunya.cat\/es\/author\/carles-lopez\/"}]}},"wps_subtitle":"La geopol\u00edtica del flanco norte europeo cambia de forma importante, y la Alianza Atl\u00e1ntica gana a dos miembros con grandes capacidades militares","_links":{"self":[{"href":"https:\/\/conversesacatalunya.cat\/es\/wp-json\/wp\/v2\/posts\/69321","targetHints":{"allow":["GET"]}}],"collection":[{"href":"https:\/\/conversesacatalunya.cat\/es\/wp-json\/wp\/v2\/posts"}],"about":[{"href":"https:\/\/conversesacatalunya.cat\/es\/wp-json\/wp\/v2\/types\/post"}],"author":[{"embeddable":true,"href":"https:\/\/conversesacatalunya.cat\/es\/wp-json\/wp\/v2\/users\/75"}],"replies":[{"embeddable":true,"href":"https:\/\/conversesacatalunya.cat\/es\/wp-json\/wp\/v2\/comments?post=69321"}],"version-history":[{"count":8,"href":"https:\/\/conversesacatalunya.cat\/es\/wp-json\/wp\/v2\/posts\/69321\/revisions"}],"predecessor-version":[{"id":69335,"href":"https:\/\/conversesacatalunya.cat\/es\/wp-json\/wp\/v2\/posts\/69321\/revisions\/69335"}],"wp:featuredmedia":[{"embeddable":true,"href":"https:\/\/conversesacatalunya.cat\/es\/wp-json\/wp\/v2\/media\/69246"}],"wp:attachment":[{"href":"https:\/\/conversesacatalunya.cat\/es\/wp-json\/wp\/v2\/media?parent=69321"}],"wp:term":[{"taxonomy":"category","embeddable":true,"href":"https:\/\/conversesacatalunya.cat\/es\/wp-json\/wp\/v2\/categories?post=69321"},{"taxonomy":"post_tag","embeddable":true,"href":"https:\/\/conversesacatalunya.cat\/es\/wp-json\/wp\/v2\/tags?post=69321"}],"curies":[{"name":"wp","href":"https:\/\/api.w.org\/{rel}","templated":true}]}}