{"id":69209,"date":"2023-07-14T10:38:48","date_gmt":"2023-07-14T08:38:48","guid":{"rendered":"https:\/\/conversesacatalunya.cat\/?p=69209"},"modified":"2023-07-14T10:38:48","modified_gmt":"2023-07-14T08:38:48","slug":"calor-verano-2022-causo-mas-de-61-000-muertos-en-europa","status":"publish","type":"post","link":"https:\/\/conversesacatalunya.cat\/es\/calor-verano-2022-causo-mas-de-61-000-muertos-en-europa\/","title":{"rendered":"El calor r\u00e9cord del verano de 2022 caus\u00f3 m\u00e1s de 61.000  muertes en Europa"},"content":{"rendered":"<p>El verano de 2022 fue el m\u00e1s caluroso jam\u00e1s registrado en Europa y estuvo caracterizado por una serie intensa de oleadas de calor que batieron r\u00e9cords de temperatura, sequ\u00eda e incendios forestales. Aunque Eurostat, la oficina estad\u00edstica europea, ya notific\u00f3 un exceso de mortalidad inusualmente alto para estas fechas, hasta ahora no se hab\u00eda cuantificado la fracci\u00f3n de la mortalidad atribuible al calor.<\/p>\n<p>Esto precisamente es lo que ha hecho un estudio liderado por el Instituto de Salud Global de Barcelona (<a href=\"https:\/\/www.isglobal.org\/es\/\" target=\"_blank\" rel=\"noopener\">ISGlobal<\/a>), centro impulsado por la Fundaci\u00f3n \u201dla Caixa\u201d, en colaboraci\u00f3n con el Instituto Nacional de Investigaci\u00f3n en Salud y Medicina de Francia (Inserm). El an\u00e1lisis, publicado en la revista Nature Medicine, estima que entre el 30 de mayo y el 4 de septiembre de 2022 se produjeron 61.672 muertes atribuibles al calor.<\/p>\n<p>El equipo investigador obtuvo datos de temperatura y mortalidad para el per\u00edodo 2015-2022 en 823 regiones de 35 pa\u00edses europeos, cuya poblaci\u00f3n total representa m\u00e1s de 543 millones de personas. Se usaron estos datos para estimar modelos epidemiol\u00f3gicos y predecir la mortalidad atribuible a las temperaturas para cada regi\u00f3n y semana del per\u00edodo estival.<\/p>\n<p>El verano de 2022 fue una estaci\u00f3n sin tregua con respecto al calor. Los registros muestran que las temperaturas estuvieron por encima de la media durante todas las semanas del per\u00edodo estival. La mayor anomal\u00eda t\u00e9rmica se registr\u00f3 durante la can\u00edcula estival, de mediados de julio a mediados de agosto. Esta coincidencia magnific\u00f3, seg\u00fan los investigadores, la mortalidad por calor, causando 38.881 muertes entre el 11 de julio y el 14 de agosto. Dentro de este per\u00edodo de poco m\u00e1s de un mes se produjo una intensa ola de calor paneuropeo, entre el 18 y el 24 de julio, a la que se atribuyen un total de 11.637 muertes.<\/p>\n<h4><strong>Pa\u00edses m\u00e1s afectados<\/strong><\/h4>\n<p>En t\u00e9rminos absolutos el pa\u00eds con mayor n\u00famero de muertes atribuibles al calor a lo largo de todo el verano de 2022 fue Italia, con un total de 18.010 muertes, seguido de Espa\u00f1a (11.324) y Alemania (8.173).<\/p>\n<p>Si se ordenan los datos sobre la base de la tasa de mortalidad por calor, el pa\u00eds que encabeza la lista es Italia, con 295 muertes por mill\u00f3n, seguida de Grecia (280), Espa\u00f1a (237) y Portugal (211). La media europea se estim\u00f3 en 114 muertes por mill\u00f3n.<\/p>\n<p>Por otra parte, si se atiende \u00fanicamente al incremento en la temperatura, el pa\u00eds que registr\u00f3 un mayor valor fue Francia, con +2,43 \u00b0C sobre los valores promedios del per\u00edodo 1991-2020, seguido de Suiza (+2,30 \u00b0C), Italia (+2,28 \u00b0C), Hungr\u00eda (+2,13 \u00b0C) y Espa\u00f1a (+2,11 \u00b0C).<\/p>\n<h5><strong>En el <a href=\"https:\/\/infogram.com\/1prdexnvxwxe0dbgv0y7qyn5ddimw5x5y0p?live\" target=\"_blank\" rel=\"noopener\">siguiente enlace<\/a> puede observarse el detalle de las estimaciones de mortalidad para los 35 pa\u00edses analizados.<\/strong><\/h5>\n<h4><strong>Un 63% m\u00e1s de mortalidad en mujeres<\/strong><\/h4>\n<p>El estudio incluy\u00f3 un an\u00e1lisis por edad y sexo, mostrando un marcado incremento de la mortalidad en los grupos de edad m\u00e1s avanzada, y sobre todo en las mujeres. As\u00ed, se estima que se produjeron 4.822 muertes entre menores de 65 a\u00f1os, 9.226 muertes entre los 65 y los 79 a\u00f1os, y 36.848 entre los mayores de 79 a\u00f1os.<\/p>\n<p>En cuanto al an\u00e1lisis por sexos, los datos apuntan a que la mortalidad prematura atribuible al calor fue un 63% superior en mujeres que en hombres, con un total de 35.406 defunciones prematuras (145 muertes por mill\u00f3n), frente de las 21.667 estimadas en hombres (93 muertes por mill\u00f3n). Esta mayor vulnerabilidad de las mujeres al calor se observa en el conjunto de la poblaci\u00f3n y, sobre todo, en mayores de 80 a\u00f1os, donde la tasa de mortalidad es un 27% superior a la de los hombres. En cambio, la tasa de mortalidad masculina es un 41% mayor en menores de 65 a\u00f1os, y un 13% mayor entre los 65 y los 79 a\u00f1os.<\/p>\n<div id=\"polls-204\" class=\"wp-polls\">\n\t<form id=\"polls_form_204\" class=\"wp-polls-form\" action=\"\/index.php\" method=\"post\">\n\t\t<p style=\"display: none;\"><input type=\"hidden\" id=\"poll_204_nonce\" name=\"wp-polls-nonce\" value=\"de60b2331e\" \/><\/p>\n\t\t<p style=\"display: none;\"><input type=\"hidden\" name=\"poll_id\" value=\"204\" \/><\/p>\n\t\t<p style=\"text-align: center\"><strong>Has notat algun canvi d'en\u00e7\u00e0 que Jaume Collboni \u00e9s alcalde?<\/strong><\/p><div id=\"polls-204-ans\" class=\"wp-polls-ans\"><ul class=\"wp-polls-ul\">\n\t\t<li><input type=\"radio\" id=\"poll-answer-566\" name=\"poll_204\" value=\"566\" \/> <label for=\"poll-answer-566\">S\u00ed<\/label><\/li>\n\t\t<li><input type=\"radio\" id=\"poll-answer-567\" name=\"poll_204\" value=\"567\" \/> <label for=\"poll-answer-567\">No<\/label><\/li>\n\t\t<li><input type=\"radio\" id=\"poll-answer-568\" name=\"poll_204\" value=\"568\" \/> <label for=\"poll-answer-568\">No ho s\u00e9<\/label><\/li>\n\t\t<\/ul><p style=\"text-align: center\"><input type=\"button\" name=\"vote\" value=\"   Vota   \" class=\"Buttons\" onclick=\"poll_vote(204);\" \/><\/p><p style=\"text-align: center\"><a href=\"#ViewPollResults\" onclick=\"poll_result(204); return false;\" title=\"View Results Of This Poll\">Mira els resultats<\/a><\/p><\/div>\n\t<\/form>\n<\/div>\n<div id=\"polls-204-loading\" class=\"wp-polls-loading\"><img decoding=\"async\" data-src=\"https:\/\/conversesacatalunya.cat\/wp-content\/plugins\/wp-polls\/images\/loading.gif\" width=\"16\" height=\"16\" alt=\"Cargando ...\" title=\"Cargando ...\" class=\"wp-polls-image lazyload\" src=\"data:image\/svg+xml;base64,PHN2ZyB3aWR0aD0iMSIgaGVpZ2h0PSIxIiB4bWxucz0iaHR0cDovL3d3dy53My5vcmcvMjAwMC9zdmciPjwvc3ZnPg==\" style=\"--smush-placeholder-width: 16px; --smush-placeholder-aspect-ratio: 16\/16;\" \/>&nbsp;Cargando ...<\/div>\n\n<p>&nbsp;<\/p>\n","protected":false},"excerpt":{"rendered":"<p>El verano de 2022 fue el m\u00e1s caluroso jam\u00e1s registrado en Europa y estuvo caracterizado por una serie intensa de oleadas de calor que batieron r\u00e9cords de temperatura, sequ\u00eda e incendios forestales. Aunque Eurostat, la oficina estad\u00edstica europea, ya notific\u00f3 un exceso de mortalidad inusualmente alto para estas fechas, hasta ahora no se hab\u00eda cuantificado la fracci\u00f3n de la mortalidad atribuible al calor. Esto precisamente es lo que ha hecho un estudio liderado por el Instituto de Salud Global de Barcelona (ISGlobal), centro impulsado por la Fundaci\u00f3n \u201dla Caixa\u201d, en colaboraci\u00f3n con el Instituto Nacional de Investigaci\u00f3n en Salud y Medicina de Francia (Inserm). El an\u00e1lisis, publicado en la revista Nature Medicine, estima que entre el 30 de mayo y el 4 de septiembre de 2022 se produjeron 61.672 muertes atribuibles al calor. El equipo investigador obtuvo datos de temperatura y mortalidad para el per\u00edodo 2015-2022 en 823 regiones de 35 pa\u00edses europeos, cuya poblaci\u00f3n total representa m\u00e1s de 543 millones de personas. Se usaron estos datos para estimar modelos epidemiol\u00f3gicos y predecir la mortalidad atribuible a las temperaturas para cada regi\u00f3n y semana del per\u00edodo estival. El verano de 2022 fue una estaci\u00f3n sin tregua con respecto al calor. Los registros muestran que las temperaturas estuvieron por encima de la media durante todas las semanas del per\u00edodo estival. La mayor anomal\u00eda t\u00e9rmica se registr\u00f3 durante la can\u00edcula estival, de mediados de julio a mediados de agosto. Esta coincidencia magnific\u00f3, seg\u00fan los investigadores, la mortalidad por calor, causando 38.881 muertes entre el 11 de julio y el 14 de agosto. Dentro de este per\u00edodo de poco m\u00e1s de un mes se produjo una intensa ola de calor paneuropeo, entre el 18 y el 24 de julio, a la que se atribuyen un total de 11.637 muertes. Pa\u00edses m\u00e1s afectados En t\u00e9rminos absolutos el pa\u00eds con mayor n\u00famero de muertes atribuibles al calor a lo largo de todo el verano de 2022 fue Italia, con un total de 18.010 muertes, seguido de Espa\u00f1a (11.324) y Alemania (8.173). Si se ordenan los datos sobre la base de la tasa de mortalidad por calor, el pa\u00eds que encabeza la lista es Italia, con 295 muertes por mill\u00f3n, seguida de Grecia (280), Espa\u00f1a (237) y Portugal (211). La media europea se estim\u00f3 en 114 muertes por mill\u00f3n. Por otra parte, si se atiende \u00fanicamente al incremento en la temperatura, el pa\u00eds que registr\u00f3 un mayor valor fue Francia, con +2,43 \u00b0C sobre los valores promedios del per\u00edodo 1991-2020, seguido de Suiza (+2,30 \u00b0C), Italia (+2,28 \u00b0C), Hungr\u00eda (+2,13 \u00b0C) y Espa\u00f1a (+2,11 \u00b0C). En el siguiente enlace puede observarse el detalle de las estimaciones de mortalidad para los 35 pa\u00edses analizados. Un 63% m\u00e1s de mortalidad en mujeres El estudio incluy\u00f3 un an\u00e1lisis por edad y sexo, mostrando un marcado incremento de la mortalidad en los grupos de edad m\u00e1s avanzada, y sobre todo en las mujeres. As\u00ed, se estima que se produjeron 4.822 muertes entre menores de 65 a\u00f1os, 9.226 muertes entre los 65 y los 79 a\u00f1os, y 36.848 entre los mayores de 79 a\u00f1os. En cuanto al an\u00e1lisis por sexos, los datos apuntan a que la mortalidad prematura atribuible al calor fue un 63% superior en mujeres que en hombres, con un total de 35.406 defunciones prematuras (145 muertes por mill\u00f3n), frente de las 21.667 estimadas en hombres (93 muertes por mill\u00f3n). Esta mayor vulnerabilidad de las mujeres al calor se observa en el conjunto de la poblaci\u00f3n y, sobre todo, en mayores de 80 a\u00f1os, donde la tasa de mortalidad es un 27% superior a la de los hombres. En cambio, la tasa de mortalidad masculina es un 41% mayor en menores de 65 a\u00f1os, y un 13% mayor entre los 65 y los 79 a\u00f1os. &nbsp;<\/p>\n","protected":false},"author":3,"featured_media":69204,"comment_status":"open","ping_status":"open","sticky":false,"template":"","format":"standard","meta":{"_FSMCFIC_featured_image_caption":"Uns nens juguen en plena onada de calor a Pol\u00f2nia. \u00a9 Shutterstock \/ Travellifestyle.","_FSMCFIC_featured_image_nocaption":"","_FSMCFIC_featured_image_hide":"","footnotes":""},"categories":[806],"tags":[3855],"class_list":["post-69209","post","type-post","status-publish","format-standard","has-post-thumbnail","hentry","category-punts-claus-del-dia-es","tag-isglobal-es"],"yoast_head":"<!-- This site is optimized with the Yoast SEO plugin v26.8 - https:\/\/yoast.com\/product\/yoast-seo-wordpress\/ -->\n<title>El calor r\u00e9cord del verano de 2022 caus\u00f3 m\u00e1s de 61.000 muertes en Europa - Converses a Catalunya<\/title>\n<meta name=\"robots\" content=\"noindex, nofollow\" \/>\n<meta property=\"og:locale\" content=\"es_ES\" \/>\n<meta property=\"og:type\" content=\"article\" \/>\n<meta property=\"og:title\" content=\"El calor r\u00e9cord del verano de 2022 caus\u00f3 m\u00e1s de 61.000 muertes en Europa - Converses a Catalunya\" \/>\n<meta property=\"og:description\" content=\"El verano de 2022 fue el m\u00e1s caluroso jam\u00e1s registrado en Europa y estuvo caracterizado por una serie intensa de oleadas de calor que batieron r\u00e9cords de temperatura, sequ\u00eda e incendios forestales. Aunque Eurostat, la oficina estad\u00edstica europea, ya notific\u00f3 un exceso de mortalidad inusualmente alto para estas fechas, hasta ahora no se hab\u00eda cuantificado la fracci\u00f3n de la mortalidad atribuible al calor. Esto precisamente es lo que ha hecho un estudio liderado por el Instituto de Salud Global de Barcelona (ISGlobal), centro impulsado por la Fundaci\u00f3n \u201dla Caixa\u201d, en colaboraci\u00f3n con el Instituto Nacional de Investigaci\u00f3n en Salud y Medicina de Francia (Inserm). El an\u00e1lisis, publicado en la revista Nature Medicine, estima que entre el 30 de mayo y el 4 de septiembre de 2022 se produjeron 61.672 muertes atribuibles al calor. El equipo investigador obtuvo datos de temperatura y mortalidad para el per\u00edodo 2015-2022 en 823 regiones de 35 pa\u00edses europeos, cuya poblaci\u00f3n total representa m\u00e1s de 543 millones de personas. Se usaron estos datos para estimar modelos epidemiol\u00f3gicos y predecir la mortalidad atribuible a las temperaturas para cada regi\u00f3n y semana del per\u00edodo estival. El verano de 2022 fue una estaci\u00f3n sin tregua con respecto al calor. Los registros muestran que las temperaturas estuvieron por encima de la media durante todas las semanas del per\u00edodo estival. La mayor anomal\u00eda t\u00e9rmica se registr\u00f3 durante la can\u00edcula estival, de mediados de julio a mediados de agosto. Esta coincidencia magnific\u00f3, seg\u00fan los investigadores, la mortalidad por calor, causando 38.881 muertes entre el 11 de julio y el 14 de agosto. Dentro de este per\u00edodo de poco m\u00e1s de un mes se produjo una intensa ola de calor paneuropeo, entre el 18 y el 24 de julio, a la que se atribuyen un total de 11.637 muertes. Pa\u00edses m\u00e1s afectados En t\u00e9rminos absolutos el pa\u00eds con mayor n\u00famero de muertes atribuibles al calor a lo largo de todo el verano de 2022 fue Italia, con un total de 18.010 muertes, seguido de Espa\u00f1a (11.324) y Alemania (8.173). Si se ordenan los datos sobre la base de la tasa de mortalidad por calor, el pa\u00eds que encabeza la lista es Italia, con 295 muertes por mill\u00f3n, seguida de Grecia (280), Espa\u00f1a (237) y Portugal (211). La media europea se estim\u00f3 en 114 muertes por mill\u00f3n. Por otra parte, si se atiende \u00fanicamente al incremento en la temperatura, el pa\u00eds que registr\u00f3 un mayor valor fue Francia, con +2,43 \u00b0C sobre los valores promedios del per\u00edodo 1991-2020, seguido de Suiza (+2,30 \u00b0C), Italia (+2,28 \u00b0C), Hungr\u00eda (+2,13 \u00b0C) y Espa\u00f1a (+2,11 \u00b0C). En el siguiente enlace puede observarse el detalle de las estimaciones de mortalidad para los 35 pa\u00edses analizados. Un 63% m\u00e1s de mortalidad en mujeres El estudio incluy\u00f3 un an\u00e1lisis por edad y sexo, mostrando un marcado incremento de la mortalidad en los grupos de edad m\u00e1s avanzada, y sobre todo en las mujeres. As\u00ed, se estima que se produjeron 4.822 muertes entre menores de 65 a\u00f1os, 9.226 muertes entre los 65 y los 79 a\u00f1os, y 36.848 entre los mayores de 79 a\u00f1os. En cuanto al an\u00e1lisis por sexos, los datos apuntan a que la mortalidad prematura atribuible al calor fue un 63% superior en mujeres que en hombres, con un total de 35.406 defunciones prematuras (145 muertes por mill\u00f3n), frente de las 21.667 estimadas en hombres (93 muertes por mill\u00f3n). Esta mayor vulnerabilidad de las mujeres al calor se observa en el conjunto de la poblaci\u00f3n y, sobre todo, en mayores de 80 a\u00f1os, donde la tasa de mortalidad es un 27% superior a la de los hombres. En cambio, la tasa de mortalidad masculina es un 41% mayor en menores de 65 a\u00f1os, y un 13% mayor entre los 65 y los 79 a\u00f1os. &nbsp;\" \/>\n<meta property=\"og:url\" content=\"https:\/\/conversesacatalunya.cat\/es\/calor-verano-2022-causo-mas-de-61-000-muertos-en-europa\/\" \/>\n<meta property=\"og:site_name\" content=\"Converses a Catalunya\" \/>\n<meta property=\"article:published_time\" content=\"2023-07-14T08:38:48+00:00\" \/>\n<meta property=\"og:image\" content=\"https:\/\/conversesacatalunya.cat\/wp-content\/uploads\/2023\/07\/Captura-1.png\" \/>\n\t<meta property=\"og:image:width\" content=\"1022\" \/>\n\t<meta property=\"og:image:height\" content=\"628\" \/>\n\t<meta property=\"og:image:type\" content=\"image\/png\" \/>\n<meta name=\"author\" content=\"conversesacatalunya\" \/>\n<meta name=\"twitter:card\" content=\"summary_large_image\" \/>\n<meta name=\"twitter:label1\" content=\"Escrito por\" \/>\n\t<meta name=\"twitter:data1\" content=\"conversesacatalunya\" \/>\n\t<meta name=\"twitter:label2\" content=\"Tiempo de lectura\" \/>\n\t<meta name=\"twitter:data2\" content=\"3 minutos\" \/>\n<script type=\"application\/ld+json\" class=\"yoast-schema-graph\">{\"@context\":\"https:\/\/schema.org\",\"@graph\":[{\"@type\":\"Article\",\"@id\":\"https:\/\/conversesacatalunya.cat\/es\/calor-verano-2022-causo-mas-de-61-000-muertos-en-europa\/#article\",\"isPartOf\":{\"@id\":\"https:\/\/conversesacatalunya.cat\/es\/calor-verano-2022-causo-mas-de-61-000-muertos-en-europa\/\"},\"author\":{\"name\":\"conversesacatalunya\",\"@id\":\"https:\/\/conversesacatalunya.cat\/#\/schema\/person\/982274792508d804a0821b413c9ac076\"},\"headline\":\"El calor r\u00e9cord del verano de 2022 caus\u00f3 m\u00e1s de 61.000 muertes en Europa\",\"datePublished\":\"2023-07-14T08:38:48+00:00\",\"mainEntityOfPage\":{\"@id\":\"https:\/\/conversesacatalunya.cat\/es\/calor-verano-2022-causo-mas-de-61-000-muertos-en-europa\/\"},\"wordCount\":647,\"commentCount\":0,\"image\":{\"@id\":\"https:\/\/conversesacatalunya.cat\/es\/calor-verano-2022-causo-mas-de-61-000-muertos-en-europa\/#primaryimage\"},\"thumbnailUrl\":\"https:\/\/conversesacatalunya.cat\/wp-content\/uploads\/2023\/07\/Captura-1.png\",\"keywords\":[\"ISGlobal\"],\"articleSection\":[\"Punts clau del dia (ES)\"],\"inLanguage\":\"es\",\"potentialAction\":[{\"@type\":\"CommentAction\",\"name\":\"Comment\",\"target\":[\"https:\/\/conversesacatalunya.cat\/es\/calor-verano-2022-causo-mas-de-61-000-muertos-en-europa\/#respond\"]}]},{\"@type\":\"WebPage\",\"@id\":\"https:\/\/conversesacatalunya.cat\/es\/calor-verano-2022-causo-mas-de-61-000-muertos-en-europa\/\",\"url\":\"https:\/\/conversesacatalunya.cat\/es\/calor-verano-2022-causo-mas-de-61-000-muertos-en-europa\/\",\"name\":\"El calor r\u00e9cord del verano de 2022 caus\u00f3 m\u00e1s de 61.000 muertes en Europa - Converses a Catalunya\",\"isPartOf\":{\"@id\":\"https:\/\/conversesacatalunya.cat\/#website\"},\"primaryImageOfPage\":{\"@id\":\"https:\/\/conversesacatalunya.cat\/es\/calor-verano-2022-causo-mas-de-61-000-muertos-en-europa\/#primaryimage\"},\"image\":{\"@id\":\"https:\/\/conversesacatalunya.cat\/es\/calor-verano-2022-causo-mas-de-61-000-muertos-en-europa\/#primaryimage\"},\"thumbnailUrl\":\"https:\/\/conversesacatalunya.cat\/wp-content\/uploads\/2023\/07\/Captura-1.png\",\"datePublished\":\"2023-07-14T08:38:48+00:00\",\"author\":{\"@id\":\"https:\/\/conversesacatalunya.cat\/#\/schema\/person\/982274792508d804a0821b413c9ac076\"},\"breadcrumb\":{\"@id\":\"https:\/\/conversesacatalunya.cat\/es\/calor-verano-2022-causo-mas-de-61-000-muertos-en-europa\/#breadcrumb\"},\"inLanguage\":\"es\",\"potentialAction\":[{\"@type\":\"ReadAction\",\"target\":[\"https:\/\/conversesacatalunya.cat\/es\/calor-verano-2022-causo-mas-de-61-000-muertos-en-europa\/\"]}]},{\"@type\":\"ImageObject\",\"inLanguage\":\"es\",\"@id\":\"https:\/\/conversesacatalunya.cat\/es\/calor-verano-2022-causo-mas-de-61-000-muertos-en-europa\/#primaryimage\",\"url\":\"https:\/\/conversesacatalunya.cat\/wp-content\/uploads\/2023\/07\/Captura-1.png\",\"contentUrl\":\"https:\/\/conversesacatalunya.cat\/wp-content\/uploads\/2023\/07\/Captura-1.png\",\"width\":1022,\"height\":628},{\"@type\":\"BreadcrumbList\",\"@id\":\"https:\/\/conversesacatalunya.cat\/es\/calor-verano-2022-causo-mas-de-61-000-muertos-en-europa\/#breadcrumb\",\"itemListElement\":[{\"@type\":\"ListItem\",\"position\":1,\"name\":\"Inici\",\"item\":\"https:\/\/conversesacatalunya.cat\/es\/\"},{\"@type\":\"ListItem\",\"position\":2,\"name\":\"El calor r\u00e9cord del verano de 2022 caus\u00f3 m\u00e1s de 61.000 muertes en Europa\"}]},{\"@type\":\"WebSite\",\"@id\":\"https:\/\/conversesacatalunya.cat\/#website\",\"url\":\"https:\/\/conversesacatalunya.cat\/\",\"name\":\"Converses a Catalunya\",\"description\":\"\",\"potentialAction\":[{\"@type\":\"SearchAction\",\"target\":{\"@type\":\"EntryPoint\",\"urlTemplate\":\"https:\/\/conversesacatalunya.cat\/?s={search_term_string}\"},\"query-input\":{\"@type\":\"PropertyValueSpecification\",\"valueRequired\":true,\"valueName\":\"search_term_string\"}}],\"inLanguage\":\"es\"},{\"@type\":\"Person\",\"@id\":\"https:\/\/conversesacatalunya.cat\/#\/schema\/person\/982274792508d804a0821b413c9ac076\",\"name\":\"conversesacatalunya\",\"image\":{\"@type\":\"ImageObject\",\"inLanguage\":\"es\",\"@id\":\"https:\/\/conversesacatalunya.cat\/#\/schema\/person\/image\/\",\"url\":\"https:\/\/conversesacatalunya.cat\/wp-content\/litespeed\/avatar\/f04b47eeffd9637c7cf7869e217fb9ec.jpg?ver=1777370077\",\"contentUrl\":\"https:\/\/conversesacatalunya.cat\/wp-content\/litespeed\/avatar\/f04b47eeffd9637c7cf7869e217fb9ec.jpg?ver=1777370077\",\"caption\":\"conversesacatalunya\"},\"url\":\"https:\/\/conversesacatalunya.cat\/es\/author\/muntsa_escola\/\"}]}<\/script>\n<!-- \/ Yoast SEO plugin. -->","yoast_head_json":{"title":"El calor r\u00e9cord del verano de 2022 caus\u00f3 m\u00e1s de 61.000 muertes en Europa - Converses a Catalunya","robots":{"index":"noindex","follow":"nofollow"},"og_locale":"es_ES","og_type":"article","og_title":"El calor r\u00e9cord del verano de 2022 caus\u00f3 m\u00e1s de 61.000 muertes en Europa - Converses a Catalunya","og_description":"El verano de 2022 fue el m\u00e1s caluroso jam\u00e1s registrado en Europa y estuvo caracterizado por una serie intensa de oleadas de calor que batieron r\u00e9cords de temperatura, sequ\u00eda e incendios forestales. Aunque Eurostat, la oficina estad\u00edstica europea, ya notific\u00f3 un exceso de mortalidad inusualmente alto para estas fechas, hasta ahora no se hab\u00eda cuantificado la fracci\u00f3n de la mortalidad atribuible al calor. Esto precisamente es lo que ha hecho un estudio liderado por el Instituto de Salud Global de Barcelona (ISGlobal), centro impulsado por la Fundaci\u00f3n \u201dla Caixa\u201d, en colaboraci\u00f3n con el Instituto Nacional de Investigaci\u00f3n en Salud y Medicina de Francia (Inserm). El an\u00e1lisis, publicado en la revista Nature Medicine, estima que entre el 30 de mayo y el 4 de septiembre de 2022 se produjeron 61.672 muertes atribuibles al calor. El equipo investigador obtuvo datos de temperatura y mortalidad para el per\u00edodo 2015-2022 en 823 regiones de 35 pa\u00edses europeos, cuya poblaci\u00f3n total representa m\u00e1s de 543 millones de personas. Se usaron estos datos para estimar modelos epidemiol\u00f3gicos y predecir la mortalidad atribuible a las temperaturas para cada regi\u00f3n y semana del per\u00edodo estival. El verano de 2022 fue una estaci\u00f3n sin tregua con respecto al calor. Los registros muestran que las temperaturas estuvieron por encima de la media durante todas las semanas del per\u00edodo estival. La mayor anomal\u00eda t\u00e9rmica se registr\u00f3 durante la can\u00edcula estival, de mediados de julio a mediados de agosto. Esta coincidencia magnific\u00f3, seg\u00fan los investigadores, la mortalidad por calor, causando 38.881 muertes entre el 11 de julio y el 14 de agosto. Dentro de este per\u00edodo de poco m\u00e1s de un mes se produjo una intensa ola de calor paneuropeo, entre el 18 y el 24 de julio, a la que se atribuyen un total de 11.637 muertes. Pa\u00edses m\u00e1s afectados En t\u00e9rminos absolutos el pa\u00eds con mayor n\u00famero de muertes atribuibles al calor a lo largo de todo el verano de 2022 fue Italia, con un total de 18.010 muertes, seguido de Espa\u00f1a (11.324) y Alemania (8.173). Si se ordenan los datos sobre la base de la tasa de mortalidad por calor, el pa\u00eds que encabeza la lista es Italia, con 295 muertes por mill\u00f3n, seguida de Grecia (280), Espa\u00f1a (237) y Portugal (211). La media europea se estim\u00f3 en 114 muertes por mill\u00f3n. Por otra parte, si se atiende \u00fanicamente al incremento en la temperatura, el pa\u00eds que registr\u00f3 un mayor valor fue Francia, con +2,43 \u00b0C sobre los valores promedios del per\u00edodo 1991-2020, seguido de Suiza (+2,30 \u00b0C), Italia (+2,28 \u00b0C), Hungr\u00eda (+2,13 \u00b0C) y Espa\u00f1a (+2,11 \u00b0C). En el siguiente enlace puede observarse el detalle de las estimaciones de mortalidad para los 35 pa\u00edses analizados. Un 63% m\u00e1s de mortalidad en mujeres El estudio incluy\u00f3 un an\u00e1lisis por edad y sexo, mostrando un marcado incremento de la mortalidad en los grupos de edad m\u00e1s avanzada, y sobre todo en las mujeres. As\u00ed, se estima que se produjeron 4.822 muertes entre menores de 65 a\u00f1os, 9.226 muertes entre los 65 y los 79 a\u00f1os, y 36.848 entre los mayores de 79 a\u00f1os. En cuanto al an\u00e1lisis por sexos, los datos apuntan a que la mortalidad prematura atribuible al calor fue un 63% superior en mujeres que en hombres, con un total de 35.406 defunciones prematuras (145 muertes por mill\u00f3n), frente de las 21.667 estimadas en hombres (93 muertes por mill\u00f3n). Esta mayor vulnerabilidad de las mujeres al calor se observa en el conjunto de la poblaci\u00f3n y, sobre todo, en mayores de 80 a\u00f1os, donde la tasa de mortalidad es un 27% superior a la de los hombres. En cambio, la tasa de mortalidad masculina es un 41% mayor en menores de 65 a\u00f1os, y un 13% mayor entre los 65 y los 79 a\u00f1os. &nbsp;","og_url":"https:\/\/conversesacatalunya.cat\/es\/calor-verano-2022-causo-mas-de-61-000-muertos-en-europa\/","og_site_name":"Converses a Catalunya","article_published_time":"2023-07-14T08:38:48+00:00","og_image":[{"width":1022,"height":628,"url":"https:\/\/conversesacatalunya.cat\/wp-content\/uploads\/2023\/07\/Captura-1.png","type":"image\/png"}],"author":"conversesacatalunya","twitter_card":"summary_large_image","twitter_misc":{"Escrito por":"conversesacatalunya","Tiempo de lectura":"3 minutos"},"schema":{"@context":"https:\/\/schema.org","@graph":[{"@type":"Article","@id":"https:\/\/conversesacatalunya.cat\/es\/calor-verano-2022-causo-mas-de-61-000-muertos-en-europa\/#article","isPartOf":{"@id":"https:\/\/conversesacatalunya.cat\/es\/calor-verano-2022-causo-mas-de-61-000-muertos-en-europa\/"},"author":{"name":"conversesacatalunya","@id":"https:\/\/conversesacatalunya.cat\/#\/schema\/person\/982274792508d804a0821b413c9ac076"},"headline":"El calor r\u00e9cord del verano de 2022 caus\u00f3 m\u00e1s de 61.000 muertes en Europa","datePublished":"2023-07-14T08:38:48+00:00","mainEntityOfPage":{"@id":"https:\/\/conversesacatalunya.cat\/es\/calor-verano-2022-causo-mas-de-61-000-muertos-en-europa\/"},"wordCount":647,"commentCount":0,"image":{"@id":"https:\/\/conversesacatalunya.cat\/es\/calor-verano-2022-causo-mas-de-61-000-muertos-en-europa\/#primaryimage"},"thumbnailUrl":"https:\/\/conversesacatalunya.cat\/wp-content\/uploads\/2023\/07\/Captura-1.png","keywords":["ISGlobal"],"articleSection":["Punts clau del dia (ES)"],"inLanguage":"es","potentialAction":[{"@type":"CommentAction","name":"Comment","target":["https:\/\/conversesacatalunya.cat\/es\/calor-verano-2022-causo-mas-de-61-000-muertos-en-europa\/#respond"]}]},{"@type":"WebPage","@id":"https:\/\/conversesacatalunya.cat\/es\/calor-verano-2022-causo-mas-de-61-000-muertos-en-europa\/","url":"https:\/\/conversesacatalunya.cat\/es\/calor-verano-2022-causo-mas-de-61-000-muertos-en-europa\/","name":"El calor r\u00e9cord del verano de 2022 caus\u00f3 m\u00e1s de 61.000 muertes en Europa - Converses a Catalunya","isPartOf":{"@id":"https:\/\/conversesacatalunya.cat\/#website"},"primaryImageOfPage":{"@id":"https:\/\/conversesacatalunya.cat\/es\/calor-verano-2022-causo-mas-de-61-000-muertos-en-europa\/#primaryimage"},"image":{"@id":"https:\/\/conversesacatalunya.cat\/es\/calor-verano-2022-causo-mas-de-61-000-muertos-en-europa\/#primaryimage"},"thumbnailUrl":"https:\/\/conversesacatalunya.cat\/wp-content\/uploads\/2023\/07\/Captura-1.png","datePublished":"2023-07-14T08:38:48+00:00","author":{"@id":"https:\/\/conversesacatalunya.cat\/#\/schema\/person\/982274792508d804a0821b413c9ac076"},"breadcrumb":{"@id":"https:\/\/conversesacatalunya.cat\/es\/calor-verano-2022-causo-mas-de-61-000-muertos-en-europa\/#breadcrumb"},"inLanguage":"es","potentialAction":[{"@type":"ReadAction","target":["https:\/\/conversesacatalunya.cat\/es\/calor-verano-2022-causo-mas-de-61-000-muertos-en-europa\/"]}]},{"@type":"ImageObject","inLanguage":"es","@id":"https:\/\/conversesacatalunya.cat\/es\/calor-verano-2022-causo-mas-de-61-000-muertos-en-europa\/#primaryimage","url":"https:\/\/conversesacatalunya.cat\/wp-content\/uploads\/2023\/07\/Captura-1.png","contentUrl":"https:\/\/conversesacatalunya.cat\/wp-content\/uploads\/2023\/07\/Captura-1.png","width":1022,"height":628},{"@type":"BreadcrumbList","@id":"https:\/\/conversesacatalunya.cat\/es\/calor-verano-2022-causo-mas-de-61-000-muertos-en-europa\/#breadcrumb","itemListElement":[{"@type":"ListItem","position":1,"name":"Inici","item":"https:\/\/conversesacatalunya.cat\/es\/"},{"@type":"ListItem","position":2,"name":"El calor r\u00e9cord del verano de 2022 caus\u00f3 m\u00e1s de 61.000 muertes en Europa"}]},{"@type":"WebSite","@id":"https:\/\/conversesacatalunya.cat\/#website","url":"https:\/\/conversesacatalunya.cat\/","name":"Converses a Catalunya","description":"","potentialAction":[{"@type":"SearchAction","target":{"@type":"EntryPoint","urlTemplate":"https:\/\/conversesacatalunya.cat\/?s={search_term_string}"},"query-input":{"@type":"PropertyValueSpecification","valueRequired":true,"valueName":"search_term_string"}}],"inLanguage":"es"},{"@type":"Person","@id":"https:\/\/conversesacatalunya.cat\/#\/schema\/person\/982274792508d804a0821b413c9ac076","name":"conversesacatalunya","image":{"@type":"ImageObject","inLanguage":"es","@id":"https:\/\/conversesacatalunya.cat\/#\/schema\/person\/image\/","url":"https:\/\/conversesacatalunya.cat\/wp-content\/litespeed\/avatar\/f04b47eeffd9637c7cf7869e217fb9ec.jpg?ver=1777370077","contentUrl":"https:\/\/conversesacatalunya.cat\/wp-content\/litespeed\/avatar\/f04b47eeffd9637c7cf7869e217fb9ec.jpg?ver=1777370077","caption":"conversesacatalunya"},"url":"https:\/\/conversesacatalunya.cat\/es\/author\/muntsa_escola\/"}]}},"wps_subtitle":"Un an\u00e1lisis epidemiol\u00f3gico publicado en Nature Medicine estima que murieron un 63% m\u00e1s mujeres que hombres, con mayor incidencia en los pa\u00edses del Mediterr\u00e1neo","_links":{"self":[{"href":"https:\/\/conversesacatalunya.cat\/es\/wp-json\/wp\/v2\/posts\/69209","targetHints":{"allow":["GET"]}}],"collection":[{"href":"https:\/\/conversesacatalunya.cat\/es\/wp-json\/wp\/v2\/posts"}],"about":[{"href":"https:\/\/conversesacatalunya.cat\/es\/wp-json\/wp\/v2\/types\/post"}],"author":[{"embeddable":true,"href":"https:\/\/conversesacatalunya.cat\/es\/wp-json\/wp\/v2\/users\/3"}],"replies":[{"embeddable":true,"href":"https:\/\/conversesacatalunya.cat\/es\/wp-json\/wp\/v2\/comments?post=69209"}],"version-history":[{"count":3,"href":"https:\/\/conversesacatalunya.cat\/es\/wp-json\/wp\/v2\/posts\/69209\/revisions"}],"predecessor-version":[{"id":69213,"href":"https:\/\/conversesacatalunya.cat\/es\/wp-json\/wp\/v2\/posts\/69209\/revisions\/69213"}],"wp:featuredmedia":[{"embeddable":true,"href":"https:\/\/conversesacatalunya.cat\/es\/wp-json\/wp\/v2\/media\/69204"}],"wp:attachment":[{"href":"https:\/\/conversesacatalunya.cat\/es\/wp-json\/wp\/v2\/media?parent=69209"}],"wp:term":[{"taxonomy":"category","embeddable":true,"href":"https:\/\/conversesacatalunya.cat\/es\/wp-json\/wp\/v2\/categories?post=69209"},{"taxonomy":"post_tag","embeddable":true,"href":"https:\/\/conversesacatalunya.cat\/es\/wp-json\/wp\/v2\/tags?post=69209"}],"curies":[{"name":"wp","href":"https:\/\/api.w.org\/{rel}","templated":true}]}}