{"id":69013,"date":"2023-07-10T09:01:45","date_gmt":"2023-07-10T07:01:45","guid":{"rendered":"https:\/\/conversesacatalunya.cat\/?p=69013"},"modified":"2023-07-17T08:08:52","modified_gmt":"2023-07-17T06:08:52","slug":"la-presidencia-espanola-ue-marcada-por-las-elecciones-espanolas","status":"publish","type":"post","link":"https:\/\/conversesacatalunya.cat\/es\/la-presidencia-espanola-ue-marcada-por-las-elecciones-espanolas\/","title":{"rendered":"La presidencia espa\u00f1ola de la UE ha arrancado marcada por el adelanto de las elecciones espa\u00f1olas"},"content":{"rendered":"<p><strong>La presidencia espa\u00f1ola del Consejo de la UE (en eso consiste esencialmente la llamada presidencia rotatoria semestral europea) acaba de ponerse en marcha.<\/strong><\/p>\n<p>Ser\u00e1 la \u00faltima presidencia completa antes de que se disuelva el Parlamento Europeo (primavera de 2024) y la Comisi\u00f3n Europea llegue al final de su mandato (2019-2024). Es, por tanto, una presidencia \u00abescoba\u00bb, ya que deber\u00e1 tratar pr\u00e1cticamente sobre todos los asuntos pendientes de la actual Comisi\u00f3n. Tambi\u00e9n ser\u00e1 una presidencia especial al convocar elecciones generales en Espa\u00f1a el 23 de julio.<\/p>\n<h5><strong>Desde la entrada en vigor del Tratado de Lisboa en 2009, las presidencias rotatorias semestrales han perdido importancia y brillo.<\/strong><\/h5>\n<p>Ahora la UE tiene un presidente permanente del Consejo Europeo -la m\u00e1xima instituci\u00f3n de poder de la UE formada por la reuni\u00f3n de jefes de estado y de gobierno de los 27-\u00a0 que es actualmente el belga <strong>Charles Michel,\u00a0<\/strong> tiene un Alto Representante para asuntos exteriores y seguridad, hoy<strong> Josep Borrell,<\/strong> que preside los consejos de ministros de exteriores y tiene tambi\u00e9n un presidente del Eurogrupo -la reuni\u00f3n de los ministros de econom\u00eda y hacienda, responsable de la pol\u00edtica econ\u00f3mica del euro- puesto que actualmente ocupa el irland\u00e9s<strong> Paschal Donohoe<\/strong>.<\/p>\n<h5><strong>Los Estados miembros de la UE ya no esperan a su presidencia semestral para marcar perfil propio en la UE. Ahora deben tratar de marcarlo de forma permanente.<\/strong><\/h5>\n<p>Sin embargo, <strong>el papel de la presidencia sigue siendo crucial para el funcionamiento de la maquinaria legislativa europea<\/strong>. Espa\u00f1a presidir\u00e1 este semestre los dem\u00e1s consejos de ministros sectoriales (justicia, interior, educaci\u00f3n, energ\u00eda, econom\u00eda, sanidad, agricultura y pesca, etc.), as\u00ed como las reuniones del poderoso<strong> Coreper <\/strong>(Comit\u00e9 de Representantes Permanentes), foro que re\u00fane a los embajadores de los 27 frente a la UE, donde se tratan todas las decisiones importantes.<\/p>\n<blockquote><p><strong>Las prioridades de la actual presidencia espa\u00f1ola est\u00e1n claramente alineadas con los retos actuales de la UE.<\/strong><\/p><\/blockquote>\n<p>Las prioridades de la actual presidencia espa\u00f1ola est\u00e1n claramente alineadas con los retos actuales de la UE. La plasmaci\u00f3n en reglamentos o directivas depender\u00e1 de hasta qu\u00e9 punto haya avanzado el proceso legislativo de cada propuesta y Espa\u00f1a encuentre espacios de consenso entre los gobiernos (el Consejo) y el Parlamento Europeo, con los que se negocia la aprobaci\u00f3n final.<\/p>\n<h3><strong>Prioridades de la presidencia espa\u00f1ola<\/strong><\/h3>\n<p>Las prioridades fueron <strong>preparadas por el gobierno de coalici\u00f3n de Pedro S\u00e1nchez.<\/strong> Est\u00e1 por ver si, a consecuencia de las elecciones de julio, un ejecutivo liderado por el PP con Feij\u00f3o de jefe de gobierno, en asociaci\u00f3n o no con Vox, mantendr\u00eda las prioridades fijadas por S\u00e1nchez y en qu\u00e9 medida el posicionamiento como pa\u00eds alterar\u00eda los equilibrios internos.<\/p>\n<h4><strong>La reindustrializaci\u00f3n y la \u00abautonom\u00eda estrat\u00e9gica abierta\u00bb de la UE<\/strong><\/h4>\n<p><strong>El primer objetivo de la presidencia espa\u00f1ola<\/strong> es la reindustrializaci\u00f3n de la UE\u00a0 y garantizar lo que la Moncloa define como \u00a0\u201cla autonom\u00eda estrat\u00e9gica abierta de la UE\u201d, de la que se tratar\u00e1 en la reuni\u00f3n informal del Consejo Europeo en <a href=\"https:\/\/conversesacatalunya.cat\/es\/proxima-presidencia-espanyola-ue\/\" target=\"_blank\" rel=\"noopener\"><strong>Granada el 6 de octubre<\/strong><\/a>. Por eso es necesario profundizar las relaciones con Am\u00e9rica Latina para reducir la dependencia de otras regiones. Espa\u00f1a aspira a ratificar los acuerdos comerciales con Chile y M\u00e9xico, as\u00ed como negociar los detalles finales del pacto con Mercosur.<\/p>\n<h4><strong>La digitalizaci\u00f3n de la econom\u00eda y la transici\u00f3n ecol\u00f3gica<\/strong><\/h4>\n<p>A continuaci\u00f3n, el programa de la presidencia apuesta por la digitalizaci\u00f3n de la econom\u00eda y la transici\u00f3n ecol\u00f3gica, los dos grandes objetivos iniciales de la actual Comisi\u00f3n Europea.<\/p>\n<p>Este semestre deber\u00edan aprobarse varias medidas del paquete llamado <strong>Fit for 55,<\/strong> la ambiciosa agenda verde impulsada por la Comisi\u00f3n y que se ve cada vez m\u00e1s contestada por los partidos conservadores y la ultraderecha.<\/p>\n<p>La expresi\u00f3n <em>Objetivo 55<\/em> hace referencia al objetivo de reducci\u00f3n de las emisiones en al menos el 55%, fijado para el a\u00f1o 2030, con la perspectiva de lograr que la UE sea clim\u00e1ticamente neutra de aqu\u00ed al a\u00f1o 2050.<\/p>\n<p><strong>El paquete de medidas <em>Objetivo 55<\/em> consiste<\/strong> en un conjunto de propuestas encaminadas a revisar y actualizar la legislaci\u00f3n de la UE y poner en marcha nuevas iniciativas con el fin de garantizar que las pol\u00edticas de la UE se ajusten a los objetivos clim\u00e1ticos acordados por el Consejo y el Parlamento Europeo.<\/p>\n<h4><strong>Inmigraci\u00f3n y apoyo a Ucrania<\/strong><\/h4>\n<p>Tercero, Espa\u00f1a se compromete a trabajar para el refuerzo de la unidad europea en asuntos en los que se ha logrado una posici\u00f3n com\u00fan, <strong>como la inmigraci\u00f3n<\/strong>, y tambi\u00e9n en asuntos en que mantener una posici\u00f3n com\u00fan es absolutamente prioritario, como es el caso de apoyo a Ucrania contra la Invasi\u00f3n de Rusia. La presidencia espa\u00f1ola tambi\u00e9n se ha comprometido a \u00abavanzar en una visi\u00f3n federal\u00bb.<\/p>\n<p>La UE quiere alcanzar un <strong>pacto migratorio.<\/strong> La presidencia espa\u00f1ola tratar\u00e1 de acercar a Polonia y Hungr\u00eda al nuevo consenso europeo sobre este tema conflictivo, pero no descarta sacar adelante el acuerdo por mayor\u00eda cualificada, es decir, con la posible oposici\u00f3n de Polonia y Hungr\u00eda.<\/p>\n<p>Estos dos pa\u00edses han votado ya en contra de las medidas pactadas en junio bajo la presidencia sueca. La mayor\u00eda cualificada implica el apoyo de al menos 15 de los 27 estados miembros, siempre que representen a un 65% de la poblaci\u00f3n de la UE.<\/p>\n<h5><strong>El pacto migratorio, la agenda verde, la reforma de las reglas fiscales y el nuevo presupuesto com\u00fan -que incluye la garant\u00eda de apoyo presupuestario a Ucrania en los pr\u00f3ximos cuatro a\u00f1os- son dossieres prioritarios de la presidencia espa\u00f1ola y tambi\u00e9n de la Comisi\u00f3n Europea para el semestre.<\/strong><\/h5>\n<p>En materia de <strong>reformas fiscales<\/strong> (Pacto de Estabilidad, retorno a los controles de d\u00e9ficit y deuda p\u00fablicas), deber\u00e1 propiciarse un acuerdo entre los pa\u00edses del Norte y los del Sur. Los n\u00f3rdicos reclaman el regreso a la austeridad y los del sur, liderados por Francia y entre los que figura Espa\u00f1a, son m\u00e1s laxos en sus planteamientos.<\/p>\n<h3><strong>Pedro S\u00e1nchez ha inaugurado la presidencia espa\u00f1ola de la UE<\/strong><\/h3>\n<p><strong>Pedro S\u00e1nchez ha inaugurado la presidencia espa\u00f1ola de la UE con un viaje en avi\u00f3n y tren a Kiiv.<\/strong> Paralelamente con la visita a la capital de Ucrania, ha expresado en un mensaje institucional la \u00abgratitud\u00bb por todo lo que la UE ha hecho por Espa\u00f1a a lo largo de las \u00faltimas d\u00e9cadas y \u00abla ambici\u00f3n de Espa\u00f1a que esta presidencia deje huella\u201c.<\/p>\n<p>Fue la tercera visita de S\u00e1nchez a Ucrania, esta vez como presidente de la UE, donde aport\u00f3 un mensaje de \u00e1nimo y confianza ante la agresi\u00f3n rusa.<\/p>\n<p><strong>Ha pronunciado un discurso ante el Parlamento ucraniano<\/strong>, antes de reunirse con el presidente Zelenski. S\u00e1nchez ha declarado que \u201cestamos y estaremos con vosotros el tiempo que sea necesario; daremos apoyo a Ucrania y no importa el precio a pagar. Ucrania ya ha ganado porque ha elegido la libertad y la apertura ante quienes s\u00f3lo creen en la fuerza y en la arrogancia y tienen sue\u00f1os de antiguos imperios\u201d.<\/p>\n<p>Tras la visita de S\u00e1nchez a Kiiv, el primer gran evento de la presidencia espa\u00f1ola de la UE ha sido la <strong>reuni\u00f3n del Colegio de Comisarios europeos con el Gobierno para ordenar todas las tareas pendientes<\/strong>, que ha tenido lugar el 3 de julio en la recientemente inaugurada Galer\u00eda de Colecciones Reales de Madrid.<\/p>\n<p>En esta reuni\u00f3n la presidenta de la Comisi\u00f3n, \u00darsula von der Leyen, ha querido lanzar de antemano un <strong>mensaje pol\u00edtico:<\/strong><\/p>\n<p style=\"padding-left: 40px;\">\u00aben un mundo cambiante, es crucial que demos confianza y tranquilidad a los ciudadanos, esto debe ser nuestra se\u00f1a de identidad; los extremistas, sean de derechas o de izquierdas, miran atr\u00e1s y tienen miedo a los cambios, nosotros las fuerzas pol\u00edticas del centro, debemos tener claro c\u00f3mo queremos responder a los cambios que se est\u00e1n produciendo; es necesario que los partidos de centro sean capaces de ofrecer alternativas a las promesas de los extremismos de derechas y de izquierdas\u00bb.<\/p>\n<p>La presidenta<strong> est\u00e1 preocupada<\/strong> porque ve peligrar en los \u00faltimos meses la coronaci\u00f3n de la ambiciosa <strong><a href=\"https:\/\/conversesacatalunya.cat\/es\/la-nueva-comision-europea-2019-2024-ha-fijado-sus-prioridades\/\" target=\"_blank\" rel=\"noopener\">agenda verde<\/a><\/strong> lanzada bajo su liderazgo en el 2019. Peligra por la oposici\u00f3n de la ultraderecha y tambi\u00e9n del Partido Popular Europeo (PPE), que es parad\u00f3jicamente la familia pol\u00edtica a la que pertenece.<\/p>\n<p><strong>Las personas que conocen a Pedro S\u00e1nchez<\/strong> afirman que le gusta mucho la pol\u00edtica internacional y que \u00e9sta es realmente su gran vocaci\u00f3n. Habla idiomas (ingl\u00e9s, franc\u00e9s e italiano), se ha formado en el exterior, con 26 a\u00f1os fue asistente en el Parlamento Europeo y m\u00e1s tarde, entre 1997 y 1999, form\u00f3 parte del gabinete del Alto Representante de la ONU en Bosnia y Herzegovina, el diplom\u00e1tico espa\u00f1ol Carlos Westendorp, con sede en Sarajevo.<\/p>\n<p>Gane quien gane las elecciones espa\u00f1olas del 23 de julio, parece evidente que habr\u00eda que poner fin a la <strong>crispaci\u00f3n destructiva que se est\u00e1 viviendo<\/strong> desde hace tiempo y recomponer la<strong> colaboraci\u00f3n PSOE-PP<\/strong> para responder a los retos pendientes. S\u00f3lo un proyecto com\u00fan puede mejorar el futuro, porque los problemas estructurales tanto de la pol\u00edtica (extrema polarizaci\u00f3n, frontismo) como de la econom\u00eda espa\u00f1ola son graves.<\/p>\n<blockquote><p><strong>Nos encontramos entre los pa\u00edses desarrollados m\u00e1s endeudados y con mayor d\u00e9ficit p\u00fablico del mundo<\/strong><\/p><\/blockquote>\n<p><strong>En el terreno econ\u00f3mico,<\/strong> la productividad y la renta per c\u00e1pita siguen cayendo, las administraciones p\u00fablicas siguen sin funcionar y las clases medias cada d\u00eda que pasa pierden poder adquisitivo. Nos encontramos entre los pa\u00edses desarrollados m\u00e1s endeudados y con mayor d\u00e9ficit p\u00fablico del mundo. Para resolver estos grandes retos<strong> har\u00eda falta un gran pacto de estado<\/strong> entre las dos principales fuerzas pol\u00edticas, PSOE y PP. No parece que vayamos hacia ese camino.<\/p>\n<p>Puede argumentarse que <strong>Pedro S\u00e1nchez, pase lo que pase el 23 de julio, gana<\/strong>. Si gana las elecciones, porque las habr\u00e1 ganado. Si las pierde, porque su prestigio internacional le facilitar\u00e1 desempe\u00f1ar un cargo a la altura de sus ambiciones.<\/p>\n<p><strong>Von der Leyen ha declarado<\/strong> que \u00abindependientemente de cu\u00e1l sea el resultado de las elecciones, conf\u00edo en que el Gobierno espa\u00f1ol y las instituciones ser\u00e1n capaces de cumplir con una presidencia efectiva\u00bb. Y S\u00e1nchez ha a\u00f1adido, por su parte, que \u201cEspa\u00f1a cumplir\u00e1 con su deber y ser\u00e1 un intermediario imparcial\u201d.<\/p>\n<span class='bctt-click-to-tweet'><span class='bctt-ctt-text'><a href='https:\/\/twitter.com\/intent\/tweet?url=https%3A%2F%2Fconversesacatalunya.cat%2Fes%2Fla-presidencia-espanola-ue-marcada-por-las-elecciones-espanolas%2F&#038;text=Von%20der%20Leyen%20ha%20declarado%20que%20independientemente%20de%20cu%C3%A1l%20sea%20el%20resultado%20de%20las%20elecciones%2C%20conf%C3%ADo%20en%20que%20el%20Gobierno%20espa%C3%B1ol%20y%20las%20instituciones%20ser%C3%A1n%20capaces%20de%20cumplir%20con%20una%20presidencia%20efectiva&#038;via=conversesacat&#038;related=conversesacat' target='_blank'rel=\"noopener noreferrer\">Von der Leyen ha declarado que independientemente de cu\u00e1l sea el resultado de las elecciones, conf\u00edo en que el Gobierno espa\u00f1ol y las instituciones ser\u00e1n capaces de cumplir con una presidencia efectiva <\/a><\/span><a href='https:\/\/twitter.com\/intent\/tweet?url=https%3A%2F%2Fconversesacatalunya.cat%2Fes%2Fla-presidencia-espanola-ue-marcada-por-las-elecciones-espanolas%2F&#038;text=Von%20der%20Leyen%20ha%20declarado%20que%20independientemente%20de%20cu%C3%A1l%20sea%20el%20resultado%20de%20las%20elecciones%2C%20conf%C3%ADo%20en%20que%20el%20Gobierno%20espa%C3%B1ol%20y%20las%20instituciones%20ser%C3%A1n%20capaces%20de%20cumplir%20con%20una%20presidencia%20efectiva&#038;via=conversesacat&#038;related=conversesacat' target='_blank' class='bctt-ctt-btn'rel=\"noopener noreferrer\">Compartir en X<\/a><\/span>\n<div id=\"polls-204\" class=\"wp-polls\">\n\t<form id=\"polls_form_204\" class=\"wp-polls-form\" action=\"\/index.php\" method=\"post\">\n\t\t<p style=\"display: none;\"><input type=\"hidden\" id=\"poll_204_nonce\" name=\"wp-polls-nonce\" value=\"83fff0707a\" \/><\/p>\n\t\t<p style=\"display: none;\"><input type=\"hidden\" name=\"poll_id\" value=\"204\" \/><\/p>\n\t\t<p style=\"text-align: center\"><strong>Has notat algun canvi d'en\u00e7\u00e0 que Jaume Collboni \u00e9s alcalde?<\/strong><\/p><div id=\"polls-204-ans\" class=\"wp-polls-ans\"><ul class=\"wp-polls-ul\">\n\t\t<li><input type=\"radio\" id=\"poll-answer-566\" name=\"poll_204\" value=\"566\" \/> <label for=\"poll-answer-566\">S\u00ed<\/label><\/li>\n\t\t<li><input type=\"radio\" id=\"poll-answer-567\" name=\"poll_204\" value=\"567\" \/> <label for=\"poll-answer-567\">No<\/label><\/li>\n\t\t<li><input type=\"radio\" id=\"poll-answer-568\" name=\"poll_204\" value=\"568\" \/> <label for=\"poll-answer-568\">No ho s\u00e9<\/label><\/li>\n\t\t<\/ul><p style=\"text-align: center\"><input type=\"button\" name=\"vote\" value=\"   Vota   \" class=\"Buttons\" onclick=\"poll_vote(204);\" \/><\/p><p style=\"text-align: center\"><a href=\"#ViewPollResults\" onclick=\"poll_result(204); return false;\" title=\"View Results Of This Poll\">Mira els resultats<\/a><\/p><\/div>\n\t<\/form>\n<\/div>\n<div id=\"polls-204-loading\" class=\"wp-polls-loading\"><img decoding=\"async\" data-src=\"https:\/\/conversesacatalunya.cat\/wp-content\/plugins\/wp-polls\/images\/loading.gif\" width=\"16\" height=\"16\" alt=\"Cargando ...\" title=\"Cargando ...\" class=\"wp-polls-image lazyload\" src=\"data:image\/svg+xml;base64,PHN2ZyB3aWR0aD0iMSIgaGVpZ2h0PSIxIiB4bWxucz0iaHR0cDovL3d3dy53My5vcmcvMjAwMC9zdmciPjwvc3ZnPg==\" style=\"--smush-placeholder-width: 16px; --smush-placeholder-aspect-ratio: 16\/16;\" \/>&nbsp;Cargando ...<\/div>\n\n<p>&nbsp;<\/p>\n","protected":false},"excerpt":{"rendered":"<p>La presidencia espa\u00f1ola del Consejo de la UE (en eso consiste esencialmente la llamada presidencia rotatoria semestral europea) acaba de ponerse en marcha. Ser\u00e1 la \u00faltima presidencia completa antes de que se disuelva el Parlamento Europeo (primavera de 2024) y la Comisi\u00f3n Europea llegue al final de su mandato (2019-2024). Es, por tanto, una presidencia \u00abescoba\u00bb, ya que deber\u00e1 tratar pr\u00e1cticamente sobre todos los asuntos pendientes de la actual Comisi\u00f3n. Tambi\u00e9n ser\u00e1 una presidencia especial al convocar elecciones generales en Espa\u00f1a el 23 de julio. Desde la entrada en vigor del Tratado de Lisboa en 2009, las presidencias rotatorias semestrales han perdido importancia y brillo. Ahora la UE tiene un presidente permanente del Consejo Europeo -la m\u00e1xima instituci\u00f3n de poder de la UE formada por la reuni\u00f3n de jefes de estado y de gobierno de los 27-\u00a0 que es actualmente el belga Charles Michel,\u00a0 tiene un Alto Representante para asuntos exteriores y seguridad, hoy Josep Borrell, que preside los consejos de ministros de exteriores y tiene tambi\u00e9n un presidente del Eurogrupo -la reuni\u00f3n de los ministros de econom\u00eda y hacienda, responsable de la pol\u00edtica econ\u00f3mica del euro- puesto que actualmente ocupa el irland\u00e9s Paschal Donohoe. Los Estados miembros de la UE ya no esperan a su presidencia semestral para marcar perfil propio en la UE. Ahora deben tratar de marcarlo de forma permanente. Sin embargo, el papel de la presidencia sigue siendo crucial para el funcionamiento de la maquinaria legislativa europea. Espa\u00f1a presidir\u00e1 este semestre los dem\u00e1s consejos de ministros sectoriales (justicia, interior, educaci\u00f3n, energ\u00eda, econom\u00eda, sanidad, agricultura y pesca, etc.), as\u00ed como las reuniones del poderoso Coreper (Comit\u00e9 de Representantes Permanentes), foro que re\u00fane a los embajadores de los 27 frente a la UE, donde se tratan todas las decisiones importantes. Las prioridades de la actual presidencia espa\u00f1ola est\u00e1n claramente alineadas con los retos actuales de la UE. Las prioridades de la actual presidencia espa\u00f1ola est\u00e1n claramente alineadas con los retos actuales de la UE. La plasmaci\u00f3n en reglamentos o directivas depender\u00e1 de hasta qu\u00e9 punto haya avanzado el proceso legislativo de cada propuesta y Espa\u00f1a encuentre espacios de consenso entre los gobiernos (el Consejo) y el Parlamento Europeo, con los que se negocia la aprobaci\u00f3n final. Prioridades de la presidencia espa\u00f1ola Las prioridades fueron preparadas por el gobierno de coalici\u00f3n de Pedro S\u00e1nchez. Est\u00e1 por ver si, a consecuencia de las elecciones de julio, un ejecutivo liderado por el PP con Feij\u00f3o de jefe de gobierno, en asociaci\u00f3n o no con Vox, mantendr\u00eda las prioridades fijadas por S\u00e1nchez y en qu\u00e9 medida el posicionamiento como pa\u00eds alterar\u00eda los equilibrios internos. La reindustrializaci\u00f3n y la \u00abautonom\u00eda estrat\u00e9gica abierta\u00bb de la UE El primer objetivo de la presidencia espa\u00f1ola es la reindustrializaci\u00f3n de la UE\u00a0 y garantizar lo que la Moncloa define como \u00a0\u201cla autonom\u00eda estrat\u00e9gica abierta de la UE\u201d, de la que se tratar\u00e1 en la reuni\u00f3n informal del Consejo Europeo en Granada el 6 de octubre. Por eso es necesario profundizar las relaciones con Am\u00e9rica Latina para reducir la dependencia de otras regiones. Espa\u00f1a aspira a ratificar los acuerdos comerciales con Chile y M\u00e9xico, as\u00ed como negociar los detalles finales del pacto con Mercosur. La digitalizaci\u00f3n de la econom\u00eda y la transici\u00f3n ecol\u00f3gica A continuaci\u00f3n, el programa de la presidencia apuesta por la digitalizaci\u00f3n de la econom\u00eda y la transici\u00f3n ecol\u00f3gica, los dos grandes objetivos iniciales de la actual Comisi\u00f3n Europea. Este semestre deber\u00edan aprobarse varias medidas del paquete llamado Fit for 55, la ambiciosa agenda verde impulsada por la Comisi\u00f3n y que se ve cada vez m\u00e1s contestada por los partidos conservadores y la ultraderecha. La expresi\u00f3n Objetivo 55 hace referencia al objetivo de reducci\u00f3n de las emisiones en al menos el 55%, fijado para el a\u00f1o 2030, con la perspectiva de lograr que la UE sea clim\u00e1ticamente neutra de aqu\u00ed al a\u00f1o 2050. El paquete de medidas Objetivo 55 consiste en un conjunto de propuestas encaminadas a revisar y actualizar la legislaci\u00f3n de la UE y poner en marcha nuevas iniciativas con el fin de garantizar que las pol\u00edticas de la UE se ajusten a los objetivos clim\u00e1ticos acordados por el Consejo y el Parlamento Europeo. Inmigraci\u00f3n y apoyo a Ucrania Tercero, Espa\u00f1a se compromete a trabajar para el refuerzo de la unidad europea en asuntos en los que se ha logrado una posici\u00f3n com\u00fan, como la inmigraci\u00f3n, y tambi\u00e9n en asuntos en que mantener una posici\u00f3n com\u00fan es absolutamente prioritario, como es el caso de apoyo a Ucrania contra la Invasi\u00f3n de Rusia. La presidencia espa\u00f1ola tambi\u00e9n se ha comprometido a \u00abavanzar en una visi\u00f3n federal\u00bb. La UE quiere alcanzar un pacto migratorio. La presidencia espa\u00f1ola tratar\u00e1 de acercar a Polonia y Hungr\u00eda al nuevo consenso europeo sobre este tema conflictivo, pero no descarta sacar adelante el acuerdo por mayor\u00eda cualificada, es decir, con la posible oposici\u00f3n de Polonia y Hungr\u00eda. Estos dos pa\u00edses han votado ya en contra de las medidas pactadas en junio bajo la presidencia sueca. La mayor\u00eda cualificada implica el apoyo de al menos 15 de los 27 estados miembros, siempre que representen a un 65% de la poblaci\u00f3n de la UE. El pacto migratorio, la agenda verde, la reforma de las reglas fiscales y el nuevo presupuesto com\u00fan -que incluye la garant\u00eda de apoyo presupuestario a Ucrania en los pr\u00f3ximos cuatro a\u00f1os- son dossieres prioritarios de la presidencia espa\u00f1ola y tambi\u00e9n de la Comisi\u00f3n Europea para el semestre. En materia de reformas fiscales (Pacto de Estabilidad, retorno a los controles de d\u00e9ficit y deuda p\u00fablicas), deber\u00e1 propiciarse un acuerdo entre los pa\u00edses del Norte y los del Sur. Los n\u00f3rdicos reclaman el regreso a la austeridad y los del sur, liderados por Francia y entre los que figura Espa\u00f1a, son m\u00e1s laxos en sus planteamientos. Pedro S\u00e1nchez ha inaugurado la presidencia espa\u00f1ola de la UE Pedro S\u00e1nchez ha inaugurado la presidencia espa\u00f1ola de la UE con un viaje en avi\u00f3n y tren a Kiiv. Paralelamente con la visita a la capital de Ucrania, ha expresado en un mensaje institucional&#8230;<\/p>\n","protected":false},"author":38,"featured_media":68998,"comment_status":"open","ping_status":"open","sticky":false,"template":"","format":"standard","meta":{"_FSMCFIC_featured_image_caption":"","_FSMCFIC_featured_image_nocaption":"","_FSMCFIC_featured_image_hide":"","footnotes":""},"categories":[798],"tags":[5012,4835],"class_list":["post-69013","post","type-post","status-publish","format-standard","has-post-thumbnail","hentry","category-pro-europa-es","tag-presidencia-espanyola-ue-es","tag-presidencia-semestral-ue-es"],"yoast_head":"<!-- This site is optimized with the Yoast SEO plugin v26.8 - https:\/\/yoast.com\/product\/yoast-seo-wordpress\/ -->\n<title>La presidencia espa\u00f1ola de la UE marcada por las elecciones<\/title>\n<meta name=\"description\" content=\"Lo primero de la presidencia espa\u00f1ola de la UE ha sido la reuni\u00f3n del Colegio de Comisarios europeos con el Gobierno\" \/>\n<meta name=\"robots\" content=\"index, follow, max-snippet:-1, max-image-preview:large, max-video-preview:-1\" \/>\n<link rel=\"canonical\" href=\"https:\/\/conversesacatalunya.cat\/es\/la-presidencia-espanola-ue-marcada-por-las-elecciones-espanolas\/\" \/>\n<meta property=\"og:locale\" content=\"es_ES\" \/>\n<meta property=\"og:type\" content=\"article\" \/>\n<meta property=\"og:title\" content=\"La presidencia espa\u00f1ola de la UE marcada por las elecciones\" \/>\n<meta property=\"og:description\" content=\"Lo primero de la presidencia espa\u00f1ola de la UE ha sido la reuni\u00f3n del Colegio de Comisarios europeos con el Gobierno\" \/>\n<meta property=\"og:url\" content=\"https:\/\/conversesacatalunya.cat\/es\/la-presidencia-espanola-ue-marcada-por-las-elecciones-espanolas\/\" \/>\n<meta property=\"og:site_name\" content=\"Converses a Catalunya\" \/>\n<meta property=\"article:published_time\" content=\"2023-07-10T07:01:45+00:00\" \/>\n<meta property=\"article:modified_time\" content=\"2023-07-17T06:08:52+00:00\" \/>\n<meta property=\"og:image\" content=\"https:\/\/conversesacatalunya.cat\/wp-content\/uploads\/2023\/07\/presidencia_Mesa-de-trabajo-1.jpg\" \/>\n\t<meta property=\"og:image:width\" content=\"1784\" \/>\n\t<meta property=\"og:image:height\" content=\"1182\" \/>\n\t<meta property=\"og:image:type\" content=\"image\/jpeg\" \/>\n<meta name=\"author\" content=\"Victor Pou\" \/>\n<meta name=\"twitter:card\" content=\"summary_large_image\" \/>\n<meta name=\"twitter:label1\" content=\"Escrito por\" \/>\n\t<meta name=\"twitter:data1\" content=\"Victor Pou\" \/>\n\t<meta name=\"twitter:label2\" content=\"Tiempo de lectura\" \/>\n\t<meta name=\"twitter:data2\" content=\"9 minutos\" \/>\n<script type=\"application\/ld+json\" class=\"yoast-schema-graph\">{\"@context\":\"https:\/\/schema.org\",\"@graph\":[{\"@type\":\"Article\",\"@id\":\"https:\/\/conversesacatalunya.cat\/es\/la-presidencia-espanola-ue-marcada-por-las-elecciones-espanolas\/#article\",\"isPartOf\":{\"@id\":\"https:\/\/conversesacatalunya.cat\/es\/la-presidencia-espanola-ue-marcada-por-las-elecciones-espanolas\/\"},\"author\":{\"name\":\"Victor Pou\",\"@id\":\"https:\/\/conversesacatalunya.cat\/#\/schema\/person\/1b0082ee920b837be791bee630d460b2\"},\"headline\":\"La presidencia espa\u00f1ola de la UE ha arrancado marcada por el adelanto de las elecciones espa\u00f1olas\",\"datePublished\":\"2023-07-10T07:01:45+00:00\",\"dateModified\":\"2023-07-17T06:08:52+00:00\",\"mainEntityOfPage\":{\"@id\":\"https:\/\/conversesacatalunya.cat\/es\/la-presidencia-espanola-ue-marcada-por-las-elecciones-espanolas\/\"},\"wordCount\":1858,\"commentCount\":0,\"image\":{\"@id\":\"https:\/\/conversesacatalunya.cat\/es\/la-presidencia-espanola-ue-marcada-por-las-elecciones-espanolas\/#primaryimage\"},\"thumbnailUrl\":\"https:\/\/conversesacatalunya.cat\/wp-content\/uploads\/2023\/07\/presidencia_Mesa-de-trabajo-1.jpg\",\"keywords\":[\"presid\u00e8ncia espanyola UE\",\"Presid\u00e8ncia semestral UE\"],\"articleSection\":[\"Pro Europa (ES)\"],\"inLanguage\":\"es\",\"potentialAction\":[{\"@type\":\"CommentAction\",\"name\":\"Comment\",\"target\":[\"https:\/\/conversesacatalunya.cat\/es\/la-presidencia-espanola-ue-marcada-por-las-elecciones-espanolas\/#respond\"]}]},{\"@type\":\"WebPage\",\"@id\":\"https:\/\/conversesacatalunya.cat\/es\/la-presidencia-espanola-ue-marcada-por-las-elecciones-espanolas\/\",\"url\":\"https:\/\/conversesacatalunya.cat\/es\/la-presidencia-espanola-ue-marcada-por-las-elecciones-espanolas\/\",\"name\":\"La presidencia espa\u00f1ola de la UE marcada por las elecciones\",\"isPartOf\":{\"@id\":\"https:\/\/conversesacatalunya.cat\/#website\"},\"primaryImageOfPage\":{\"@id\":\"https:\/\/conversesacatalunya.cat\/es\/la-presidencia-espanola-ue-marcada-por-las-elecciones-espanolas\/#primaryimage\"},\"image\":{\"@id\":\"https:\/\/conversesacatalunya.cat\/es\/la-presidencia-espanola-ue-marcada-por-las-elecciones-espanolas\/#primaryimage\"},\"thumbnailUrl\":\"https:\/\/conversesacatalunya.cat\/wp-content\/uploads\/2023\/07\/presidencia_Mesa-de-trabajo-1.jpg\",\"datePublished\":\"2023-07-10T07:01:45+00:00\",\"dateModified\":\"2023-07-17T06:08:52+00:00\",\"author\":{\"@id\":\"https:\/\/conversesacatalunya.cat\/#\/schema\/person\/1b0082ee920b837be791bee630d460b2\"},\"description\":\"Lo primero de la presidencia espa\u00f1ola de la UE ha sido la reuni\u00f3n del Colegio de Comisarios europeos con el Gobierno\",\"breadcrumb\":{\"@id\":\"https:\/\/conversesacatalunya.cat\/es\/la-presidencia-espanola-ue-marcada-por-las-elecciones-espanolas\/#breadcrumb\"},\"inLanguage\":\"es\",\"potentialAction\":[{\"@type\":\"ReadAction\",\"target\":[\"https:\/\/conversesacatalunya.cat\/es\/la-presidencia-espanola-ue-marcada-por-las-elecciones-espanolas\/\"]}]},{\"@type\":\"ImageObject\",\"inLanguage\":\"es\",\"@id\":\"https:\/\/conversesacatalunya.cat\/es\/la-presidencia-espanola-ue-marcada-por-las-elecciones-espanolas\/#primaryimage\",\"url\":\"https:\/\/conversesacatalunya.cat\/wp-content\/uploads\/2023\/07\/presidencia_Mesa-de-trabajo-1.jpg\",\"contentUrl\":\"https:\/\/conversesacatalunya.cat\/wp-content\/uploads\/2023\/07\/presidencia_Mesa-de-trabajo-1.jpg\",\"width\":1784,\"height\":1182,\"caption\":\"presid\u00e8ncia espanyola de la UE\"},{\"@type\":\"BreadcrumbList\",\"@id\":\"https:\/\/conversesacatalunya.cat\/es\/la-presidencia-espanola-ue-marcada-por-las-elecciones-espanolas\/#breadcrumb\",\"itemListElement\":[{\"@type\":\"ListItem\",\"position\":1,\"name\":\"Inici\",\"item\":\"https:\/\/conversesacatalunya.cat\/es\/\"},{\"@type\":\"ListItem\",\"position\":2,\"name\":\"La presidencia espa\u00f1ola de la UE ha arrancado marcada por el adelanto de las elecciones espa\u00f1olas\"}]},{\"@type\":\"WebSite\",\"@id\":\"https:\/\/conversesacatalunya.cat\/#website\",\"url\":\"https:\/\/conversesacatalunya.cat\/\",\"name\":\"Converses a Catalunya\",\"description\":\"\",\"potentialAction\":[{\"@type\":\"SearchAction\",\"target\":{\"@type\":\"EntryPoint\",\"urlTemplate\":\"https:\/\/conversesacatalunya.cat\/?s={search_term_string}\"},\"query-input\":{\"@type\":\"PropertyValueSpecification\",\"valueRequired\":true,\"valueName\":\"search_term_string\"}}],\"inLanguage\":\"es\"},{\"@type\":\"Person\",\"@id\":\"https:\/\/conversesacatalunya.cat\/#\/schema\/person\/1b0082ee920b837be791bee630d460b2\",\"name\":\"Victor Pou\",\"image\":{\"@type\":\"ImageObject\",\"inLanguage\":\"es\",\"@id\":\"https:\/\/conversesacatalunya.cat\/#\/schema\/person\/image\/\",\"url\":\"https:\/\/conversesacatalunya.cat\/wp-content\/litespeed\/avatar\/b9b32a5f987117ce72836d050f735d2b.jpg?ver=1777366285\",\"contentUrl\":\"https:\/\/conversesacatalunya.cat\/wp-content\/litespeed\/avatar\/b9b32a5f987117ce72836d050f735d2b.jpg?ver=1777366285\",\"caption\":\"Victor Pou\"},\"url\":\"https:\/\/conversesacatalunya.cat\/es\/author\/victor_pou\/\"}]}<\/script>\n<!-- \/ Yoast SEO plugin. -->","yoast_head_json":{"title":"La presidencia espa\u00f1ola de la UE marcada por las elecciones","description":"Lo primero de la presidencia espa\u00f1ola de la UE ha sido la reuni\u00f3n del Colegio de Comisarios europeos con el Gobierno","robots":{"index":"index","follow":"follow","max-snippet":"max-snippet:-1","max-image-preview":"max-image-preview:large","max-video-preview":"max-video-preview:-1"},"canonical":"https:\/\/conversesacatalunya.cat\/es\/la-presidencia-espanola-ue-marcada-por-las-elecciones-espanolas\/","og_locale":"es_ES","og_type":"article","og_title":"La presidencia espa\u00f1ola de la UE marcada por las elecciones","og_description":"Lo primero de la presidencia espa\u00f1ola de la UE ha sido la reuni\u00f3n del Colegio de Comisarios europeos con el Gobierno","og_url":"https:\/\/conversesacatalunya.cat\/es\/la-presidencia-espanola-ue-marcada-por-las-elecciones-espanolas\/","og_site_name":"Converses a Catalunya","article_published_time":"2023-07-10T07:01:45+00:00","article_modified_time":"2023-07-17T06:08:52+00:00","og_image":[{"width":1784,"height":1182,"url":"https:\/\/conversesacatalunya.cat\/wp-content\/uploads\/2023\/07\/presidencia_Mesa-de-trabajo-1.jpg","type":"image\/jpeg"}],"author":"Victor Pou","twitter_card":"summary_large_image","twitter_misc":{"Escrito por":"Victor Pou","Tiempo de lectura":"9 minutos"},"schema":{"@context":"https:\/\/schema.org","@graph":[{"@type":"Article","@id":"https:\/\/conversesacatalunya.cat\/es\/la-presidencia-espanola-ue-marcada-por-las-elecciones-espanolas\/#article","isPartOf":{"@id":"https:\/\/conversesacatalunya.cat\/es\/la-presidencia-espanola-ue-marcada-por-las-elecciones-espanolas\/"},"author":{"name":"Victor Pou","@id":"https:\/\/conversesacatalunya.cat\/#\/schema\/person\/1b0082ee920b837be791bee630d460b2"},"headline":"La presidencia espa\u00f1ola de la UE ha arrancado marcada por el adelanto de las elecciones espa\u00f1olas","datePublished":"2023-07-10T07:01:45+00:00","dateModified":"2023-07-17T06:08:52+00:00","mainEntityOfPage":{"@id":"https:\/\/conversesacatalunya.cat\/es\/la-presidencia-espanola-ue-marcada-por-las-elecciones-espanolas\/"},"wordCount":1858,"commentCount":0,"image":{"@id":"https:\/\/conversesacatalunya.cat\/es\/la-presidencia-espanola-ue-marcada-por-las-elecciones-espanolas\/#primaryimage"},"thumbnailUrl":"https:\/\/conversesacatalunya.cat\/wp-content\/uploads\/2023\/07\/presidencia_Mesa-de-trabajo-1.jpg","keywords":["presid\u00e8ncia espanyola UE","Presid\u00e8ncia semestral UE"],"articleSection":["Pro Europa (ES)"],"inLanguage":"es","potentialAction":[{"@type":"CommentAction","name":"Comment","target":["https:\/\/conversesacatalunya.cat\/es\/la-presidencia-espanola-ue-marcada-por-las-elecciones-espanolas\/#respond"]}]},{"@type":"WebPage","@id":"https:\/\/conversesacatalunya.cat\/es\/la-presidencia-espanola-ue-marcada-por-las-elecciones-espanolas\/","url":"https:\/\/conversesacatalunya.cat\/es\/la-presidencia-espanola-ue-marcada-por-las-elecciones-espanolas\/","name":"La presidencia espa\u00f1ola de la UE marcada por las elecciones","isPartOf":{"@id":"https:\/\/conversesacatalunya.cat\/#website"},"primaryImageOfPage":{"@id":"https:\/\/conversesacatalunya.cat\/es\/la-presidencia-espanola-ue-marcada-por-las-elecciones-espanolas\/#primaryimage"},"image":{"@id":"https:\/\/conversesacatalunya.cat\/es\/la-presidencia-espanola-ue-marcada-por-las-elecciones-espanolas\/#primaryimage"},"thumbnailUrl":"https:\/\/conversesacatalunya.cat\/wp-content\/uploads\/2023\/07\/presidencia_Mesa-de-trabajo-1.jpg","datePublished":"2023-07-10T07:01:45+00:00","dateModified":"2023-07-17T06:08:52+00:00","author":{"@id":"https:\/\/conversesacatalunya.cat\/#\/schema\/person\/1b0082ee920b837be791bee630d460b2"},"description":"Lo primero de la presidencia espa\u00f1ola de la UE ha sido la reuni\u00f3n del Colegio de Comisarios europeos con el Gobierno","breadcrumb":{"@id":"https:\/\/conversesacatalunya.cat\/es\/la-presidencia-espanola-ue-marcada-por-las-elecciones-espanolas\/#breadcrumb"},"inLanguage":"es","potentialAction":[{"@type":"ReadAction","target":["https:\/\/conversesacatalunya.cat\/es\/la-presidencia-espanola-ue-marcada-por-las-elecciones-espanolas\/"]}]},{"@type":"ImageObject","inLanguage":"es","@id":"https:\/\/conversesacatalunya.cat\/es\/la-presidencia-espanola-ue-marcada-por-las-elecciones-espanolas\/#primaryimage","url":"https:\/\/conversesacatalunya.cat\/wp-content\/uploads\/2023\/07\/presidencia_Mesa-de-trabajo-1.jpg","contentUrl":"https:\/\/conversesacatalunya.cat\/wp-content\/uploads\/2023\/07\/presidencia_Mesa-de-trabajo-1.jpg","width":1784,"height":1182,"caption":"presid\u00e8ncia espanyola de la UE"},{"@type":"BreadcrumbList","@id":"https:\/\/conversesacatalunya.cat\/es\/la-presidencia-espanola-ue-marcada-por-las-elecciones-espanolas\/#breadcrumb","itemListElement":[{"@type":"ListItem","position":1,"name":"Inici","item":"https:\/\/conversesacatalunya.cat\/es\/"},{"@type":"ListItem","position":2,"name":"La presidencia espa\u00f1ola de la UE ha arrancado marcada por el adelanto de las elecciones espa\u00f1olas"}]},{"@type":"WebSite","@id":"https:\/\/conversesacatalunya.cat\/#website","url":"https:\/\/conversesacatalunya.cat\/","name":"Converses a Catalunya","description":"","potentialAction":[{"@type":"SearchAction","target":{"@type":"EntryPoint","urlTemplate":"https:\/\/conversesacatalunya.cat\/?s={search_term_string}"},"query-input":{"@type":"PropertyValueSpecification","valueRequired":true,"valueName":"search_term_string"}}],"inLanguage":"es"},{"@type":"Person","@id":"https:\/\/conversesacatalunya.cat\/#\/schema\/person\/1b0082ee920b837be791bee630d460b2","name":"Victor Pou","image":{"@type":"ImageObject","inLanguage":"es","@id":"https:\/\/conversesacatalunya.cat\/#\/schema\/person\/image\/","url":"https:\/\/conversesacatalunya.cat\/wp-content\/litespeed\/avatar\/b9b32a5f987117ce72836d050f735d2b.jpg?ver=1777366285","contentUrl":"https:\/\/conversesacatalunya.cat\/wp-content\/litespeed\/avatar\/b9b32a5f987117ce72836d050f735d2b.jpg?ver=1777366285","caption":"Victor Pou"},"url":"https:\/\/conversesacatalunya.cat\/es\/author\/victor_pou\/"}]}},"wps_subtitle":"El pacto migratorio, la agenda verde, la reforma de las reglas fiscales y el nuevo presupuesto com\u00fan -que incluye la garant\u00eda de apoyo presupuestario a Ucrania en los pr\u00f3ximos cuatro a\u00f1os- son dossieres prioritarios de la presidencia espa\u00f1ola y tambi\u00e9n de la Comisi\u00f3n Europea para el semestre","_links":{"self":[{"href":"https:\/\/conversesacatalunya.cat\/es\/wp-json\/wp\/v2\/posts\/69013","targetHints":{"allow":["GET"]}}],"collection":[{"href":"https:\/\/conversesacatalunya.cat\/es\/wp-json\/wp\/v2\/posts"}],"about":[{"href":"https:\/\/conversesacatalunya.cat\/es\/wp-json\/wp\/v2\/types\/post"}],"author":[{"embeddable":true,"href":"https:\/\/conversesacatalunya.cat\/es\/wp-json\/wp\/v2\/users\/38"}],"replies":[{"embeddable":true,"href":"https:\/\/conversesacatalunya.cat\/es\/wp-json\/wp\/v2\/comments?post=69013"}],"version-history":[{"count":15,"href":"https:\/\/conversesacatalunya.cat\/es\/wp-json\/wp\/v2\/posts\/69013\/revisions"}],"predecessor-version":[{"id":69067,"href":"https:\/\/conversesacatalunya.cat\/es\/wp-json\/wp\/v2\/posts\/69013\/revisions\/69067"}],"wp:featuredmedia":[{"embeddable":true,"href":"https:\/\/conversesacatalunya.cat\/es\/wp-json\/wp\/v2\/media\/68998"}],"wp:attachment":[{"href":"https:\/\/conversesacatalunya.cat\/es\/wp-json\/wp\/v2\/media?parent=69013"}],"wp:term":[{"taxonomy":"category","embeddable":true,"href":"https:\/\/conversesacatalunya.cat\/es\/wp-json\/wp\/v2\/categories?post=69013"},{"taxonomy":"post_tag","embeddable":true,"href":"https:\/\/conversesacatalunya.cat\/es\/wp-json\/wp\/v2\/tags?post=69013"}],"curies":[{"name":"wp","href":"https:\/\/api.w.org\/{rel}","templated":true}]}}