{"id":68957,"date":"2023-07-06T11:45:49","date_gmt":"2023-07-06T09:45:49","guid":{"rendered":"https:\/\/conversesacatalunya.cat\/tezanos-i-el-cis-un-cas-de-jutjat-de-guardia\/"},"modified":"2023-07-06T12:30:30","modified_gmt":"2023-07-06T10:30:30","slug":"tezanos-y-el-cis-un-caso-de-juzgado-de-guardia","status":"publish","type":"post","link":"https:\/\/conversesacatalunya.cat\/es\/tezanos-y-el-cis-un-caso-de-juzgado-de-guardia\/","title":{"rendered":"Tezanos y el CIS. Un caso de juzgado de guardia"},"content":{"rendered":"<p><span>Lo ha vuelto a hacer.\u00a0Ya no se trata de que las encuestas del CIS se aparten sistem\u00e1ticamente del consenso del conjunto de encuestas, aunque sea escandaloso su bajo nivel de acierto en las predicciones electorales pese a la abundancia de recursos de los que dispone.\u00a0Es que adem\u00e1s de todo esto, ahora la \u00faltima encuesta preelectoral del CIS, sin comparaciones con terceros y s\u00f3lo con referencia a s\u00ed misma, es simplemente una\u00a0<\/span><strong><span>brutalidad demosc\u00f3pica<\/span><\/strong><span>.<\/span><\/p>\n<p><span>Empecemos por el\u00a0<\/span><strong><span>tama\u00f1o de la muestra<\/span><\/strong><span>.\u00a0Es grandiosa, no tiene punto de comparaci\u00f3n con ninguna de las otras encuestas porque ha realizado 29.201 entrevistas.\u00a0Para situar una referencia, el tracking de ABC que realiza GAD3 es de 2.500 encuestas, que es una dimensi\u00f3n razonable.\u00a0Tezanos ha hecho una que es 11 veces mayor y su margen de error es m\u00ednimo, s\u00f3lo +\/-1,1, lo que significa que la variaci\u00f3n del resultado en funci\u00f3n del error de la misma encuesta no tiene pr\u00e1cticamente significaci\u00f3n.\u00a0La muestra es tal que permitir\u00eda realizar una encuesta dotada de significaci\u00f3n en cada una de las 50 circunscripciones espa\u00f1olas (sin considerar Ceuta y Melilla) con una muestra que se acercar\u00eda a las 600 entrevistas.<\/span><\/p>\n<p><span>Por tanto, con buena teor\u00eda demosc\u00f3pica, los resultados que debe dar el CIS para esta encuesta deben hilar muy fino porque permiten decir circunscripci\u00f3n por circunscripci\u00f3n, incluidas las m\u00e1s peque\u00f1as, c\u00f3mo se distribuir\u00e1n los esca\u00f1os. Si a esto le a\u00f1adimos el capital acumulado de las encuestas y experiencia precedente de que dispone este centro p\u00fablico, y los modelos predictivos que de todo ello se desprenden, la conclusi\u00f3n deber\u00eda ser muy clara.\u00a0Dentro del margen de un mayor-menor acierto,\u00a0<\/span><strong><span>los resultados que aporta deber\u00edan ser muy cuidadosos<\/span><\/strong><span>.<\/span><\/p>\n<p><span>Pero lo que nos presenta Tezanos es todo lo contrario.\u00a0Ninguna empresa privada tendr\u00eda las narices de presentar unos resultados en los que la horquilla de esca\u00f1os para los partidos m\u00e1s grandes pudiera llegar a\u00a0<\/span><strong><span>20 diputados de diferencia<\/span><\/strong><span>.\u00a0Esto no hay por d\u00f3nde cogerlo.\u00a0Con un ejemplo lo ver\u00e1 m\u00e1s claro.\u00a0Con los resultados que nos presenta Tezanos, el PSOE podr\u00eda sacar 115 diputados y el PP 140, pero tambi\u00e9n podr\u00eda ocurrir que el PSOE sacara 135 y el PP 122. Y en ambos casos la encuesta lo encarar\u00eda. Ya me explicar\u00e1n de qu\u00e9 sirven las casi 30.000 entrevistas para acabar diciendo algo as\u00ed.\u00a0De hecho, con un l\u00e1piz y un papel cualquiera es capaz de presentar unos resultados similares y al por mayor.\u00a0Al menos, s\u00f3lo en este aspecto, existe un\u00a0<\/span><strong><span>malversament claro de recursos p\u00fablicos<\/span><\/strong><span>.\u00a0Y \u00e9ste es un cap\u00edtulo importante: el esc\u00e1ndalo que significa lo que hace Tezanos en el CIS.<\/span><\/p>\n<p><span>Sin embargo, sin movernos de los resultados de la misma encuesta, los datos en cuanto a porcentaje de voto que da, y aqu\u00ed no hay horquilla, sino una cifra concreta, son sorprendentes.\u00a0Constat\u00e9moslo.\u00a0El\u00a0<\/span><strong><span>PSOE<\/span><\/strong><span>\u00a0no s\u00f3lo no registra ning\u00fan desgaste, sino que incrementa su resultado en relaci\u00f3n a las \u00faltimas elecciones generales en 3 puntos y\u00a0<\/span><strong><span>Sumar<\/span><\/strong><span>\u00a0mejora en 3,6 puntos porcentuales (pp) los resultados que obtuvo UP.\u00a0En resumen, el gobierno mejora con 6,6 pp sus resultados electorales.<\/span><\/p>\n<p><span>Por su parte, el\u00a0<\/span><strong><span>centro y derecha, Cs, PP y Vox<\/span><\/strong><span>, logr\u00f3 en la \u00faltima cita electoral el 42,7% de los votos.\u00a0Y ahora se quedar\u00eda con un migrado 42% pelado.\u00a0Es decir, el\u00a0<\/span><strong><span>bloque del gobierno sube notablemente y el de la oposici\u00f3n a\u00fan pierde 0,7 pp<\/span><\/strong><span>.\u00a0Esto no es cre\u00edble, m\u00e1s si se considera que examinando lo que consiguen todos los dem\u00e1s partidos es que pr\u00e1cticamente todos bajan y en la posible, pero no segura, mejora de Bildu.\u00a0En otras palabras, Tezanos nos dice que poco o mucho todos los partidos pierden en porcentaje de voto, excepto los del gobierno que ganan y mucho.<\/span><\/p>\n<p><span>Estos resultados nada tienen que ver con lo que dicen la media de las encuestas, que le dan al\u00a0<\/span><strong><span>PP un 33,1%, a los socialistas un 27,3%, Vox el 13,9% y a Sumar un 3,4%<\/span><\/strong><span>\u00a0.\u00a0<span class=\"VIpgJd-yAWNEb-VIpgJd-fmcmS-sn54Q\">El tracking de El Mundo da unas cifras similares, 34,3% el PP, 28,8% el PSOE, 13% Vox y el 12,6% Sumar.\u00a0<\/span>Y lo que viene haciendo GAD3 para el ABC mejora en 2 puntos el resultado del PP, da un porcentaje de voto pr\u00e1cticamente igual al PSOE y sit\u00faa en un empate en torno al 12% a los dos partidos situados en uno y otro extremo de la derecha y la izquierda.<\/span><\/p>\n<p><span>Y como \u00faltimo elemento de referencia, recordemos que GAD3 en el ranking del\u00a0<\/span><em><span>poll check<\/span><\/em><span>\u00a0ocupa la primera posici\u00f3n con una puntuaci\u00f3n de 8, mientras que el CIS se sit\u00faa en una vergonzosa 25\u00aa posici\u00f3n con una valoraci\u00f3n de s\u00f3lo 3,7.\u00a0Nos parece que con estas referencias la conclusi\u00f3n est\u00e1 clara.<\/span><\/p>\n<div id=\"polls-203\" class=\"wp-polls\">\n\t<form id=\"polls_form_203\" class=\"wp-polls-form\" action=\"\/index.php\" method=\"post\">\n\t\t<p style=\"display: none;\"><input type=\"hidden\" id=\"poll_203_nonce\" name=\"wp-polls-nonce\" value=\"e45f34c88e\" \/><\/p>\n\t\t<p style=\"display: none;\"><input type=\"hidden\" name=\"poll_id\" value=\"203\" \/><\/p>\n\t\t<p style=\"text-align: center\"><strong>Qui creus que formar\u00e0 govern despr\u00e9s del 23 de juliol?<\/strong><\/p><div id=\"polls-203-ans\" class=\"wp-polls-ans\"><ul class=\"wp-polls-ul\">\n\t\t<li><input type=\"radio\" id=\"poll-answer-564\" name=\"poll_203\" value=\"564\" \/> <label for=\"poll-answer-564\">Pedro S\u00e1nchez<\/label><\/li>\n\t\t<li><input type=\"radio\" id=\"poll-answer-565\" name=\"poll_203\" value=\"565\" \/> <label for=\"poll-answer-565\">Alberto N\u00fa\u00f1ez Feij\u00f3o<\/label><\/li>\n\t\t<\/ul><p style=\"text-align: center\"><input type=\"button\" name=\"vote\" value=\"   Vota   \" class=\"Buttons\" onclick=\"poll_vote(203);\" \/><\/p><p style=\"text-align: center\"><a href=\"#ViewPollResults\" onclick=\"poll_result(203); return false;\" title=\"View Results Of This Poll\">Mira els resultats<\/a><\/p><\/div>\n\t<\/form>\n<\/div>\n<div id=\"polls-203-loading\" class=\"wp-polls-loading\"><img decoding=\"async\" data-src=\"https:\/\/conversesacatalunya.cat\/wp-content\/plugins\/wp-polls\/images\/loading.gif\" width=\"16\" height=\"16\" alt=\"Cargando ...\" title=\"Cargando ...\" class=\"wp-polls-image lazyload\" src=\"data:image\/svg+xml;base64,PHN2ZyB3aWR0aD0iMSIgaGVpZ2h0PSIxIiB4bWxucz0iaHR0cDovL3d3dy53My5vcmcvMjAwMC9zdmciPjwvc3ZnPg==\" style=\"--smush-placeholder-width: 16px; --smush-placeholder-aspect-ratio: 16\/16;\" \/>&nbsp;Cargando ...<\/div>\n\n","protected":false},"excerpt":{"rendered":"<p>Lo ha vuelto a hacer.\u00a0Ya no se trata de que las encuestas del CIS se aparten sistem\u00e1ticamente del consenso del conjunto de encuestas, aunque sea escandaloso su bajo nivel de acierto en las predicciones electorales pese a la abundancia de recursos de los que dispone.\u00a0Es que adem\u00e1s de todo esto, ahora la \u00faltima encuesta preelectoral del CIS, sin comparaciones con terceros y s\u00f3lo con referencia a s\u00ed misma, es simplemente una\u00a0brutalidad demosc\u00f3pica. Empecemos por el\u00a0tama\u00f1o de la muestra.\u00a0Es grandiosa, no tiene punto de comparaci\u00f3n con ninguna de las otras encuestas porque ha realizado 29.201 entrevistas.\u00a0Para situar una referencia, el tracking de ABC que realiza GAD3 es de 2.500 encuestas, que es una dimensi\u00f3n razonable.\u00a0Tezanos ha hecho una que es 11 veces mayor y su margen de error es m\u00ednimo, s\u00f3lo +\/-1,1, lo que significa que la variaci\u00f3n del resultado en funci\u00f3n del error de la misma encuesta no tiene pr\u00e1cticamente significaci\u00f3n.\u00a0La muestra es tal que permitir\u00eda realizar una encuesta dotada de significaci\u00f3n en cada una de las 50 circunscripciones espa\u00f1olas (sin considerar Ceuta y Melilla) con una muestra que se acercar\u00eda a las 600 entrevistas. Por tanto, con buena teor\u00eda demosc\u00f3pica, los resultados que debe dar el CIS para esta encuesta deben hilar muy fino porque permiten decir circunscripci\u00f3n por circunscripci\u00f3n, incluidas las m\u00e1s peque\u00f1as, c\u00f3mo se distribuir\u00e1n los esca\u00f1os. Si a esto le a\u00f1adimos el capital acumulado de las encuestas y experiencia precedente de que dispone este centro p\u00fablico, y los modelos predictivos que de todo ello se desprenden, la conclusi\u00f3n deber\u00eda ser muy clara.\u00a0Dentro del margen de un mayor-menor acierto,\u00a0los resultados que aporta deber\u00edan ser muy cuidadosos. Pero lo que nos presenta Tezanos es todo lo contrario.\u00a0Ninguna empresa privada tendr\u00eda las narices de presentar unos resultados en los que la horquilla de esca\u00f1os para los partidos m\u00e1s grandes pudiera llegar a\u00a020 diputados de diferencia.\u00a0Esto no hay por d\u00f3nde cogerlo.\u00a0Con un ejemplo lo ver\u00e1 m\u00e1s claro.\u00a0Con los resultados que nos presenta Tezanos, el PSOE podr\u00eda sacar 115 diputados y el PP 140, pero tambi\u00e9n podr\u00eda ocurrir que el PSOE sacara 135 y el PP 122. Y en ambos casos la encuesta lo encarar\u00eda. Ya me explicar\u00e1n de qu\u00e9 sirven las casi 30.000 entrevistas para acabar diciendo algo as\u00ed.\u00a0De hecho, con un l\u00e1piz y un papel cualquiera es capaz de presentar unos resultados similares y al por mayor.\u00a0Al menos, s\u00f3lo en este aspecto, existe un\u00a0malversament claro de recursos p\u00fablicos.\u00a0Y \u00e9ste es un cap\u00edtulo importante: el esc\u00e1ndalo que significa lo que hace Tezanos en el CIS. Sin embargo, sin movernos de los resultados de la misma encuesta, los datos en cuanto a porcentaje de voto que da, y aqu\u00ed no hay horquilla, sino una cifra concreta, son sorprendentes.\u00a0Constat\u00e9moslo.\u00a0El\u00a0PSOE\u00a0no s\u00f3lo no registra ning\u00fan desgaste, sino que incrementa su resultado en relaci\u00f3n a las \u00faltimas elecciones generales en 3 puntos y\u00a0Sumar\u00a0mejora en 3,6 puntos porcentuales (pp) los resultados que obtuvo UP.\u00a0En resumen, el gobierno mejora con 6,6 pp sus resultados electorales. Por su parte, el\u00a0centro y derecha, Cs, PP y Vox, logr\u00f3 en la \u00faltima cita electoral el 42,7% de los votos.\u00a0Y ahora se quedar\u00eda con un migrado 42% pelado.\u00a0Es decir, el\u00a0bloque del gobierno sube notablemente y el de la oposici\u00f3n a\u00fan pierde 0,7 pp.\u00a0Esto no es cre\u00edble, m\u00e1s si se considera que examinando lo que consiguen todos los dem\u00e1s partidos es que pr\u00e1cticamente todos bajan y en la posible, pero no segura, mejora de Bildu.\u00a0En otras palabras, Tezanos nos dice que poco o mucho todos los partidos pierden en porcentaje de voto, excepto los del gobierno que ganan y mucho. Estos resultados nada tienen que ver con lo que dicen la media de las encuestas, que le dan al\u00a0PP un 33,1%, a los socialistas un 27,3%, Vox el 13,9% y a Sumar un 3,4%\u00a0.\u00a0El tracking de El Mundo da unas cifras similares, 34,3% el PP, 28,8% el PSOE, 13% Vox y el 12,6% Sumar.\u00a0Y lo que viene haciendo GAD3 para el ABC mejora en 2 puntos el resultado del PP, da un porcentaje de voto pr\u00e1cticamente igual al PSOE y sit\u00faa en un empate en torno al 12% a los dos partidos situados en uno y otro extremo de la derecha y la izquierda. Y como \u00faltimo elemento de referencia, recordemos que GAD3 en el ranking del\u00a0poll check\u00a0ocupa la primera posici\u00f3n con una puntuaci\u00f3n de 8, mientras que el CIS se sit\u00faa en una vergonzosa 25\u00aa posici\u00f3n con una valoraci\u00f3n de s\u00f3lo 3,7.\u00a0Nos parece que con estas referencias la conclusi\u00f3n est\u00e1 clara.<\/p>\n","protected":false},"author":78,"featured_media":68946,"comment_status":"open","ping_status":"open","sticky":false,"template":"","format":"standard","meta":{"_FSMCFIC_featured_image_caption":"","_FSMCFIC_featured_image_nocaption":"","_FSMCFIC_featured_image_hide":"","footnotes":""},"categories":[806],"tags":[1150,4996,1588],"class_list":["post-68957","post","type-post","status-publish","format-standard","has-post-thumbnail","hentry","category-punts-claus-del-dia-es","tag-cis-es","tag-elecciones-23-j","tag-tezanos-es"],"yoast_head":"<!-- This site is optimized with the Yoast SEO plugin v26.8 - https:\/\/yoast.com\/product\/yoast-seo-wordpress\/ -->\n<title>Tezanos y el CIS. Un caso de juzgado de guardia - Converses a Catalunya<\/title>\n<meta name=\"description\" content=\"Ninguna empresa privada tendr\u00eda las narices de presentar unos resultados en los que la horquilla de esca\u00f1os para los partidos m\u00e1s grandes pudiera llegar a 20 diputados\" \/>\n<meta name=\"robots\" content=\"index, follow, max-snippet:-1, max-image-preview:large, max-video-preview:-1\" \/>\n<link rel=\"canonical\" href=\"https:\/\/conversesacatalunya.cat\/es\/tezanos-y-el-cis-un-caso-de-juzgado-de-guardia\/\" \/>\n<meta property=\"og:locale\" content=\"es_ES\" \/>\n<meta property=\"og:type\" content=\"article\" \/>\n<meta property=\"og:title\" content=\"Tezanos y el CIS. Un caso de juzgado de guardia - Converses a Catalunya\" \/>\n<meta property=\"og:description\" content=\"Ninguna empresa privada tendr\u00eda las narices de presentar unos resultados en los que la horquilla de esca\u00f1os para los partidos m\u00e1s grandes pudiera llegar a 20 diputados\" \/>\n<meta property=\"og:url\" content=\"https:\/\/conversesacatalunya.cat\/es\/tezanos-y-el-cis-un-caso-de-juzgado-de-guardia\/\" \/>\n<meta property=\"og:site_name\" content=\"Converses a Catalunya\" \/>\n<meta property=\"article:published_time\" content=\"2023-07-06T09:45:49+00:00\" \/>\n<meta property=\"article:modified_time\" content=\"2023-07-06T10:30:30+00:00\" \/>\n<meta property=\"og:image\" content=\"https:\/\/conversesacatalunya.cat\/wp-content\/uploads\/2023\/07\/tezanos.jpg\" \/>\n\t<meta property=\"og:image:width\" content=\"800\" \/>\n\t<meta property=\"og:image:height\" content=\"450\" \/>\n\t<meta property=\"og:image:type\" content=\"image\/jpeg\" \/>\n<meta name=\"author\" content=\"Joan Masip\" \/>\n<meta name=\"twitter:card\" content=\"summary_large_image\" \/>\n<meta name=\"twitter:label1\" content=\"Escrito por\" \/>\n\t<meta name=\"twitter:data1\" content=\"Joan Masip\" \/>\n\t<meta name=\"twitter:label2\" content=\"Tiempo de lectura\" \/>\n\t<meta name=\"twitter:data2\" content=\"4 minutos\" \/>\n<script type=\"application\/ld+json\" class=\"yoast-schema-graph\">{\"@context\":\"https:\/\/schema.org\",\"@graph\":[{\"@type\":\"Article\",\"@id\":\"https:\/\/conversesacatalunya.cat\/es\/tezanos-y-el-cis-un-caso-de-juzgado-de-guardia\/#article\",\"isPartOf\":{\"@id\":\"https:\/\/conversesacatalunya.cat\/es\/tezanos-y-el-cis-un-caso-de-juzgado-de-guardia\/\"},\"author\":{\"name\":\"Joan Masip\",\"@id\":\"https:\/\/conversesacatalunya.cat\/#\/schema\/person\/311d0bf53def217d5124c78a7bc42275\"},\"headline\":\"Tezanos y el CIS. Un caso de juzgado de guardia\",\"datePublished\":\"2023-07-06T09:45:49+00:00\",\"dateModified\":\"2023-07-06T10:30:30+00:00\",\"mainEntityOfPage\":{\"@id\":\"https:\/\/conversesacatalunya.cat\/es\/tezanos-y-el-cis-un-caso-de-juzgado-de-guardia\/\"},\"wordCount\":826,\"commentCount\":0,\"image\":{\"@id\":\"https:\/\/conversesacatalunya.cat\/es\/tezanos-y-el-cis-un-caso-de-juzgado-de-guardia\/#primaryimage\"},\"thumbnailUrl\":\"https:\/\/conversesacatalunya.cat\/wp-content\/uploads\/2023\/07\/tezanos.jpg\",\"keywords\":[\"CIS\",\"elecciones 23-J\",\"tezanos\"],\"articleSection\":[\"Punts clau del dia (ES)\"],\"inLanguage\":\"es\",\"potentialAction\":[{\"@type\":\"CommentAction\",\"name\":\"Comment\",\"target\":[\"https:\/\/conversesacatalunya.cat\/es\/tezanos-y-el-cis-un-caso-de-juzgado-de-guardia\/#respond\"]}]},{\"@type\":\"WebPage\",\"@id\":\"https:\/\/conversesacatalunya.cat\/es\/tezanos-y-el-cis-un-caso-de-juzgado-de-guardia\/\",\"url\":\"https:\/\/conversesacatalunya.cat\/es\/tezanos-y-el-cis-un-caso-de-juzgado-de-guardia\/\",\"name\":\"Tezanos y el CIS. Un caso de juzgado de guardia - Converses a Catalunya\",\"isPartOf\":{\"@id\":\"https:\/\/conversesacatalunya.cat\/#website\"},\"primaryImageOfPage\":{\"@id\":\"https:\/\/conversesacatalunya.cat\/es\/tezanos-y-el-cis-un-caso-de-juzgado-de-guardia\/#primaryimage\"},\"image\":{\"@id\":\"https:\/\/conversesacatalunya.cat\/es\/tezanos-y-el-cis-un-caso-de-juzgado-de-guardia\/#primaryimage\"},\"thumbnailUrl\":\"https:\/\/conversesacatalunya.cat\/wp-content\/uploads\/2023\/07\/tezanos.jpg\",\"datePublished\":\"2023-07-06T09:45:49+00:00\",\"dateModified\":\"2023-07-06T10:30:30+00:00\",\"author\":{\"@id\":\"https:\/\/conversesacatalunya.cat\/#\/schema\/person\/311d0bf53def217d5124c78a7bc42275\"},\"description\":\"Ninguna empresa privada tendr\u00eda las narices de presentar unos resultados en los que la horquilla de esca\u00f1os para los partidos m\u00e1s grandes pudiera llegar a 20 diputados\",\"breadcrumb\":{\"@id\":\"https:\/\/conversesacatalunya.cat\/es\/tezanos-y-el-cis-un-caso-de-juzgado-de-guardia\/#breadcrumb\"},\"inLanguage\":\"es\",\"potentialAction\":[{\"@type\":\"ReadAction\",\"target\":[\"https:\/\/conversesacatalunya.cat\/es\/tezanos-y-el-cis-un-caso-de-juzgado-de-guardia\/\"]}]},{\"@type\":\"ImageObject\",\"inLanguage\":\"es\",\"@id\":\"https:\/\/conversesacatalunya.cat\/es\/tezanos-y-el-cis-un-caso-de-juzgado-de-guardia\/#primaryimage\",\"url\":\"https:\/\/conversesacatalunya.cat\/wp-content\/uploads\/2023\/07\/tezanos.jpg\",\"contentUrl\":\"https:\/\/conversesacatalunya.cat\/wp-content\/uploads\/2023\/07\/tezanos.jpg\",\"width\":800,\"height\":450},{\"@type\":\"BreadcrumbList\",\"@id\":\"https:\/\/conversesacatalunya.cat\/es\/tezanos-y-el-cis-un-caso-de-juzgado-de-guardia\/#breadcrumb\",\"itemListElement\":[{\"@type\":\"ListItem\",\"position\":1,\"name\":\"Inici\",\"item\":\"https:\/\/conversesacatalunya.cat\/es\/\"},{\"@type\":\"ListItem\",\"position\":2,\"name\":\"Tezanos y el CIS. Un caso de juzgado de guardia\"}]},{\"@type\":\"WebSite\",\"@id\":\"https:\/\/conversesacatalunya.cat\/#website\",\"url\":\"https:\/\/conversesacatalunya.cat\/\",\"name\":\"Converses a Catalunya\",\"description\":\"\",\"potentialAction\":[{\"@type\":\"SearchAction\",\"target\":{\"@type\":\"EntryPoint\",\"urlTemplate\":\"https:\/\/conversesacatalunya.cat\/?s={search_term_string}\"},\"query-input\":{\"@type\":\"PropertyValueSpecification\",\"valueRequired\":true,\"valueName\":\"search_term_string\"}}],\"inLanguage\":\"es\"},{\"@type\":\"Person\",\"@id\":\"https:\/\/conversesacatalunya.cat\/#\/schema\/person\/311d0bf53def217d5124c78a7bc42275\",\"name\":\"Joan Masip\",\"image\":{\"@type\":\"ImageObject\",\"inLanguage\":\"es\",\"@id\":\"https:\/\/conversesacatalunya.cat\/#\/schema\/person\/image\/\",\"url\":\"https:\/\/conversesacatalunya.cat\/wp-content\/litespeed\/avatar\/fa67b994763cff7d443f54b63ec96481.jpg?ver=1776767678\",\"contentUrl\":\"https:\/\/conversesacatalunya.cat\/wp-content\/litespeed\/avatar\/fa67b994763cff7d443f54b63ec96481.jpg?ver=1776767678\",\"caption\":\"Joan Masip\"},\"url\":\"https:\/\/conversesacatalunya.cat\/es\/author\/joan-masip\/\"}]}<\/script>\n<!-- \/ Yoast SEO plugin. -->","yoast_head_json":{"title":"Tezanos y el CIS. Un caso de juzgado de guardia - Converses a Catalunya","description":"Ninguna empresa privada tendr\u00eda las narices de presentar unos resultados en los que la horquilla de esca\u00f1os para los partidos m\u00e1s grandes pudiera llegar a 20 diputados","robots":{"index":"index","follow":"follow","max-snippet":"max-snippet:-1","max-image-preview":"max-image-preview:large","max-video-preview":"max-video-preview:-1"},"canonical":"https:\/\/conversesacatalunya.cat\/es\/tezanos-y-el-cis-un-caso-de-juzgado-de-guardia\/","og_locale":"es_ES","og_type":"article","og_title":"Tezanos y el CIS. Un caso de juzgado de guardia - Converses a Catalunya","og_description":"Ninguna empresa privada tendr\u00eda las narices de presentar unos resultados en los que la horquilla de esca\u00f1os para los partidos m\u00e1s grandes pudiera llegar a 20 diputados","og_url":"https:\/\/conversesacatalunya.cat\/es\/tezanos-y-el-cis-un-caso-de-juzgado-de-guardia\/","og_site_name":"Converses a Catalunya","article_published_time":"2023-07-06T09:45:49+00:00","article_modified_time":"2023-07-06T10:30:30+00:00","og_image":[{"width":800,"height":450,"url":"https:\/\/conversesacatalunya.cat\/wp-content\/uploads\/2023\/07\/tezanos.jpg","type":"image\/jpeg"}],"author":"Joan Masip","twitter_card":"summary_large_image","twitter_misc":{"Escrito por":"Joan Masip","Tiempo de lectura":"4 minutos"},"schema":{"@context":"https:\/\/schema.org","@graph":[{"@type":"Article","@id":"https:\/\/conversesacatalunya.cat\/es\/tezanos-y-el-cis-un-caso-de-juzgado-de-guardia\/#article","isPartOf":{"@id":"https:\/\/conversesacatalunya.cat\/es\/tezanos-y-el-cis-un-caso-de-juzgado-de-guardia\/"},"author":{"name":"Joan Masip","@id":"https:\/\/conversesacatalunya.cat\/#\/schema\/person\/311d0bf53def217d5124c78a7bc42275"},"headline":"Tezanos y el CIS. Un caso de juzgado de guardia","datePublished":"2023-07-06T09:45:49+00:00","dateModified":"2023-07-06T10:30:30+00:00","mainEntityOfPage":{"@id":"https:\/\/conversesacatalunya.cat\/es\/tezanos-y-el-cis-un-caso-de-juzgado-de-guardia\/"},"wordCount":826,"commentCount":0,"image":{"@id":"https:\/\/conversesacatalunya.cat\/es\/tezanos-y-el-cis-un-caso-de-juzgado-de-guardia\/#primaryimage"},"thumbnailUrl":"https:\/\/conversesacatalunya.cat\/wp-content\/uploads\/2023\/07\/tezanos.jpg","keywords":["CIS","elecciones 23-J","tezanos"],"articleSection":["Punts clau del dia (ES)"],"inLanguage":"es","potentialAction":[{"@type":"CommentAction","name":"Comment","target":["https:\/\/conversesacatalunya.cat\/es\/tezanos-y-el-cis-un-caso-de-juzgado-de-guardia\/#respond"]}]},{"@type":"WebPage","@id":"https:\/\/conversesacatalunya.cat\/es\/tezanos-y-el-cis-un-caso-de-juzgado-de-guardia\/","url":"https:\/\/conversesacatalunya.cat\/es\/tezanos-y-el-cis-un-caso-de-juzgado-de-guardia\/","name":"Tezanos y el CIS. Un caso de juzgado de guardia - Converses a Catalunya","isPartOf":{"@id":"https:\/\/conversesacatalunya.cat\/#website"},"primaryImageOfPage":{"@id":"https:\/\/conversesacatalunya.cat\/es\/tezanos-y-el-cis-un-caso-de-juzgado-de-guardia\/#primaryimage"},"image":{"@id":"https:\/\/conversesacatalunya.cat\/es\/tezanos-y-el-cis-un-caso-de-juzgado-de-guardia\/#primaryimage"},"thumbnailUrl":"https:\/\/conversesacatalunya.cat\/wp-content\/uploads\/2023\/07\/tezanos.jpg","datePublished":"2023-07-06T09:45:49+00:00","dateModified":"2023-07-06T10:30:30+00:00","author":{"@id":"https:\/\/conversesacatalunya.cat\/#\/schema\/person\/311d0bf53def217d5124c78a7bc42275"},"description":"Ninguna empresa privada tendr\u00eda las narices de presentar unos resultados en los que la horquilla de esca\u00f1os para los partidos m\u00e1s grandes pudiera llegar a 20 diputados","breadcrumb":{"@id":"https:\/\/conversesacatalunya.cat\/es\/tezanos-y-el-cis-un-caso-de-juzgado-de-guardia\/#breadcrumb"},"inLanguage":"es","potentialAction":[{"@type":"ReadAction","target":["https:\/\/conversesacatalunya.cat\/es\/tezanos-y-el-cis-un-caso-de-juzgado-de-guardia\/"]}]},{"@type":"ImageObject","inLanguage":"es","@id":"https:\/\/conversesacatalunya.cat\/es\/tezanos-y-el-cis-un-caso-de-juzgado-de-guardia\/#primaryimage","url":"https:\/\/conversesacatalunya.cat\/wp-content\/uploads\/2023\/07\/tezanos.jpg","contentUrl":"https:\/\/conversesacatalunya.cat\/wp-content\/uploads\/2023\/07\/tezanos.jpg","width":800,"height":450},{"@type":"BreadcrumbList","@id":"https:\/\/conversesacatalunya.cat\/es\/tezanos-y-el-cis-un-caso-de-juzgado-de-guardia\/#breadcrumb","itemListElement":[{"@type":"ListItem","position":1,"name":"Inici","item":"https:\/\/conversesacatalunya.cat\/es\/"},{"@type":"ListItem","position":2,"name":"Tezanos y el CIS. Un caso de juzgado de guardia"}]},{"@type":"WebSite","@id":"https:\/\/conversesacatalunya.cat\/#website","url":"https:\/\/conversesacatalunya.cat\/","name":"Converses a Catalunya","description":"","potentialAction":[{"@type":"SearchAction","target":{"@type":"EntryPoint","urlTemplate":"https:\/\/conversesacatalunya.cat\/?s={search_term_string}"},"query-input":{"@type":"PropertyValueSpecification","valueRequired":true,"valueName":"search_term_string"}}],"inLanguage":"es"},{"@type":"Person","@id":"https:\/\/conversesacatalunya.cat\/#\/schema\/person\/311d0bf53def217d5124c78a7bc42275","name":"Joan Masip","image":{"@type":"ImageObject","inLanguage":"es","@id":"https:\/\/conversesacatalunya.cat\/#\/schema\/person\/image\/","url":"https:\/\/conversesacatalunya.cat\/wp-content\/litespeed\/avatar\/fa67b994763cff7d443f54b63ec96481.jpg?ver=1776767678","contentUrl":"https:\/\/conversesacatalunya.cat\/wp-content\/litespeed\/avatar\/fa67b994763cff7d443f54b63ec96481.jpg?ver=1776767678","caption":"Joan Masip"},"url":"https:\/\/conversesacatalunya.cat\/es\/author\/joan-masip\/"}]}},"wps_subtitle":"Ninguna empresa privada tendr\u00eda las narices de presentar unos resultados en los que la horquilla de esca\u00f1os para los partidos m\u00e1s grandes pudiera llegar a 20 diputados de diferencia. Esto no hay por d\u00f3nde cogerlo.","_links":{"self":[{"href":"https:\/\/conversesacatalunya.cat\/es\/wp-json\/wp\/v2\/posts\/68957","targetHints":{"allow":["GET"]}}],"collection":[{"href":"https:\/\/conversesacatalunya.cat\/es\/wp-json\/wp\/v2\/posts"}],"about":[{"href":"https:\/\/conversesacatalunya.cat\/es\/wp-json\/wp\/v2\/types\/post"}],"author":[{"embeddable":true,"href":"https:\/\/conversesacatalunya.cat\/es\/wp-json\/wp\/v2\/users\/78"}],"replies":[{"embeddable":true,"href":"https:\/\/conversesacatalunya.cat\/es\/wp-json\/wp\/v2\/comments?post=68957"}],"version-history":[{"count":2,"href":"https:\/\/conversesacatalunya.cat\/es\/wp-json\/wp\/v2\/posts\/68957\/revisions"}],"predecessor-version":[{"id":68959,"href":"https:\/\/conversesacatalunya.cat\/es\/wp-json\/wp\/v2\/posts\/68957\/revisions\/68959"}],"wp:featuredmedia":[{"embeddable":true,"href":"https:\/\/conversesacatalunya.cat\/es\/wp-json\/wp\/v2\/media\/68946"}],"wp:attachment":[{"href":"https:\/\/conversesacatalunya.cat\/es\/wp-json\/wp\/v2\/media?parent=68957"}],"wp:term":[{"taxonomy":"category","embeddable":true,"href":"https:\/\/conversesacatalunya.cat\/es\/wp-json\/wp\/v2\/categories?post=68957"},{"taxonomy":"post_tag","embeddable":true,"href":"https:\/\/conversesacatalunya.cat\/es\/wp-json\/wp\/v2\/tags?post=68957"}],"curies":[{"name":"wp","href":"https:\/\/api.w.org\/{rel}","templated":true}]}}