{"id":68927,"date":"2023-07-05T12:28:49","date_gmt":"2023-07-05T10:28:49","guid":{"rendered":"https:\/\/conversesacatalunya.cat\/els-interrogants-que-collboni-ha-dafrontar\/"},"modified":"2023-07-07T06:03:39","modified_gmt":"2023-07-07T04:03:39","slug":"los-interrogantes-que-collboni-debe-afrontar","status":"publish","type":"post","link":"https:\/\/conversesacatalunya.cat\/es\/los-interrogantes-que-collboni-debe-afrontar\/","title":{"rendered":"10 interrogantes que Collboni debe afrontar"},"content":{"rendered":"<ol>\n<li>El primero, obviamente, es la capacidad de que se moje y act\u00fae en relaci\u00f3n al <strong>aeropuerto de El Prat<\/strong>.\u00a0\u00c9sta es una demanda a gritos.\u00a0Y por el momento se desconoce la respuesta.<\/li>\n<li>Hay que saber c\u00f3mo\u00a0<strong>el urbanismo de la ciudad<\/strong>\u00a0se articula con lo que ya est\u00e1 dibujado de reforma del plan general metropolitano y c\u00f3mo encaja un aspecto con el otro.\u00a0De momento parece que se trata de dos cuestiones distintas.\u00a0En parte, es l\u00f3gico que as\u00ed sea, a la vez que resulta muy negativo, porque Colau no ten\u00eda ninguna idea metropolitana, pero de un responsable socialista hay que esperar otro comportamiento.<\/li>\n<li>La\u00a0<strong>realizaci\u00f3n del ecobarrio<\/strong>, un proyecto privado de gran escala, bendecido por el Ayuntamiento en los terrenos de la antigua f\u00e1brica Mercedes Benz en Sant Andreu.\u00a0Son casi 9 hect\u00e1reas que albergar\u00e1n 1.300 viviendas y 350 vecinos, lo que dotar\u00e1 a esta zona de una densidad alta como la mayor\u00eda de las de Barcelona, \u200b\u200bde 361 habitantes por hect\u00e1rea.\u00a0Pero el ecobarrio, y de ah\u00ed el nombre, se programa como un\u00a0<strong>modelo de sostenibilidad con grandes espacios verdes<\/strong>.\u00a0De hecho, los promotores lo definen como \u201cun gran parque diseminado entre viviendas\u201d, pero por la densidad que presenta las viviendas tendr\u00e1n una ocupaci\u00f3n bastante efectiva del suelo. El objetivo es una gesti\u00f3n sostenible de los residuos, del ahorro de agua, de energ\u00eda, la integraci\u00f3n con la naturaleza.\u00a0La gesti\u00f3n de la movilidad que en este caso, al tratarse de una acci\u00f3n ex novo, s\u00ed puede concebirse como una \u00fanica supermanzana, con tr\u00e1fico con las calles perimetrales, acceso a los coches por los parkings subterr\u00e1neos de todo el conjunto y cubicaci\u00f3n a ras de suelo sin veh\u00edculos.\u00a0Ahora hay que ver c\u00f3mo se despliega esto y hasta qu\u00e9 punto cumple con los compromisos de tiempo y calidad apuntados.<\/li>\n<li>Collboni se comprometi\u00f3 a\u00a0<strong>revocar el proyecto de los comuns para la Ronda de Sant Antoni<\/strong>, un agujero negro del urbanismo de Barcelona que todav\u00eda no ha encontrado soluci\u00f3n.\u00a0Anunci\u00f3 que lo har\u00eda dentro de los 100 primeros d\u00edas como alcalde, un plazo que terminar\u00e1 a inicios de octubre.<\/li>\n<li>Una acci\u00f3n realmente transformadora en los\u00a0<strong>barrios olvidados<\/strong>.\u00a0Se trata de lugares como Torre Bar\u00f3, Ciutat Meridiana, Trinitat Nova, en los que las condiciones de vida son p\u00e9simas y que requieren una acci\u00f3n urban\u00edstica, econ\u00f3mica y social que les dignifique y revitalice.\u00a0El est\u00e1ndar del plan de barrios no ha servido para resolver los profundos problemas y, por tanto, Collboni debe afrontar estas situaciones con nuevas respuestas.<\/li>\n<li>El abordaje de callejones sin salida que tiene planteados Barcelona desde hace tiempo.\u00a0Uno de ellos es el de\u00a0<strong>la Rambla<\/strong>.\u00a0Su reforma lleva 7 a\u00f1os de retraso y no se debe esperar m\u00e1s tiempo para llevarla a cabo. Las obras se han iniciado a paso de gal\u00e1pago europeo y el alcalde debe definir un compromiso en cuanto a su finalizaci\u00f3n.<\/li>\n<li>Dentro de los agujeros negros de la ciudad uno de ellos es el de un barrio emblem\u00e1tico y bien asentado, pero que el turismo ha degradado de forma muy eficaz.\u00a0Se trata de la\u00a0<strong>Sagrada Familia<\/strong>.\u00a0Este barrio de casi 52.000 habitantes presenta una densidad total singularmente alta para lo que es Barcelona.\u00a0Casi 500 habitantes por hect\u00e1rea y una densidad neta de m\u00e1s 1.000 habitantes, por tanto, es uno de los barrios que estructuralmente ya est\u00e1 m\u00e1s apretado, pero a este hecho se le a\u00f1ade el\u00a0<strong>turismo<\/strong>, que se ha convertido en una plaga, decenas y decenas de miles de personas y cientos de autocares se concentran cada d\u00eda en pocas calles en torno a la Sagrada Familia.\u00a0La consecuencia ha sido la destrucci\u00f3n del comercio del barrio y la imposibilidad de los vecinos de desarrollar una vida normal.\u00a0El Ayuntamiento lo ha mirado a distancia.\u00a0Collboni no puede seguir haci\u00e9ndolo.<\/li>\n<li>Los grandes\u00a0<strong>espacios vac\u00edos de la izquierda del Eixample<\/strong>.\u00a0Ya hace tiempo que es un agujero negro la Modelo.\u00a0Una vez m\u00e1s, se demuestra la imprevisi\u00f3n.\u00a0Muchos a\u00f1os reclamando su traslado y cuando \u00e9ste se produce la inacci\u00f3n municipal es su caracter\u00edstica. <span class=\"VIpgJd-yAWNEb-VIpgJd-fmcmS-sn54Q\">Pero es que en breve se a\u00f1adir\u00e1 un segundo agujero, que ser\u00e1 el traslado del Cl\u00ednic a los espacios deportivos de la ciudad universitaria.\u00a0<\/span>Los efectos que puede acumular este despoblamiento de actividades sobre todo en el segundo caso son muy peligrosos porque pueden contribuir a degradar la izquierda del Eixample.<\/li>\n<li><strong>La Sagrera<\/strong>.\u00a0Si bien el ritmo de terminaci\u00f3n de las obras ferroviarias progresa, todo lo dem\u00e1s, el urbanismo del entorno, est\u00e1 perfectamente parado y va para largo.\u00a0Una ciudad territorialmente peque\u00f1a y densa como Barcelona no puede permitirse estos grandes espacios vac\u00edos por falta de din\u00e1mica de los poderes p\u00fablicos.<\/li>\n<li>La\u00a0<strong>ampliaci\u00f3n de la estaci\u00f3n terminal de Sants<\/strong>\u00a0y la reurbanizaci\u00f3n de su entorno.\u00a0<span class=\"\">Es necesario disponer de un calendario y compromiso concreto sobre esta gran obra que la ciudad necesita con urgencia porque ni la estaci\u00f3n es la que requiere una gran capital como Barcelona, \u200b\u200bni el entorno est\u00e1 bien aprovechado.\u00a0<\/span>M\u00e1s bien, cada vez presenta m\u00e1s s\u00edntomas de degradaci\u00f3n.<\/li>\n<\/ol>\n<div id=\"polls-203\" class=\"wp-polls\">\n\t<form id=\"polls_form_203\" class=\"wp-polls-form\" action=\"\/index.php\" method=\"post\">\n\t\t<p style=\"display: none;\"><input type=\"hidden\" id=\"poll_203_nonce\" name=\"wp-polls-nonce\" value=\"b33fe12b42\" \/><\/p>\n\t\t<p style=\"display: none;\"><input type=\"hidden\" name=\"poll_id\" value=\"203\" \/><\/p>\n\t\t<p style=\"text-align: center\"><strong>Qui creus que formar\u00e0 govern despr\u00e9s del 23 de juliol?<\/strong><\/p><div id=\"polls-203-ans\" class=\"wp-polls-ans\"><ul class=\"wp-polls-ul\">\n\t\t<li><input type=\"radio\" id=\"poll-answer-564\" name=\"poll_203\" value=\"564\" \/> <label for=\"poll-answer-564\">Pedro S\u00e1nchez<\/label><\/li>\n\t\t<li><input type=\"radio\" id=\"poll-answer-565\" name=\"poll_203\" value=\"565\" \/> <label for=\"poll-answer-565\">Alberto N\u00fa\u00f1ez Feij\u00f3o<\/label><\/li>\n\t\t<\/ul><p style=\"text-align: center\"><input type=\"button\" name=\"vote\" value=\"   Vota   \" class=\"Buttons\" onclick=\"poll_vote(203);\" \/><\/p><p style=\"text-align: center\"><a href=\"#ViewPollResults\" onclick=\"poll_result(203); return false;\" title=\"View Results Of This Poll\">Mira els resultats<\/a><\/p><\/div>\n\t<\/form>\n<\/div>\n<div id=\"polls-203-loading\" class=\"wp-polls-loading\"><img decoding=\"async\" data-src=\"https:\/\/conversesacatalunya.cat\/wp-content\/plugins\/wp-polls\/images\/loading.gif\" width=\"16\" height=\"16\" alt=\"Cargando ...\" title=\"Cargando ...\" class=\"wp-polls-image lazyload\" src=\"data:image\/svg+xml;base64,PHN2ZyB3aWR0aD0iMSIgaGVpZ2h0PSIxIiB4bWxucz0iaHR0cDovL3d3dy53My5vcmcvMjAwMC9zdmciPjwvc3ZnPg==\" style=\"--smush-placeholder-width: 16px; --smush-placeholder-aspect-ratio: 16\/16;\" \/>&nbsp;Cargando ...<\/div>\n\n","protected":false},"excerpt":{"rendered":"<p>El primero, obviamente, es la capacidad de que se moje y act\u00fae en relaci\u00f3n al aeropuerto de El Prat.\u00a0\u00c9sta es una demanda a gritos.\u00a0Y por el momento se desconoce la respuesta. Hay que saber c\u00f3mo\u00a0el urbanismo de la ciudad\u00a0se articula con lo que ya est\u00e1 dibujado de reforma del plan general metropolitano y c\u00f3mo encaja un aspecto con el otro.\u00a0De momento parece que se trata de dos cuestiones distintas.\u00a0En parte, es l\u00f3gico que as\u00ed sea, a la vez que resulta muy negativo, porque Colau no ten\u00eda ninguna idea metropolitana, pero de un responsable socialista hay que esperar otro comportamiento. La\u00a0realizaci\u00f3n del ecobarrio, un proyecto privado de gran escala, bendecido por el Ayuntamiento en los terrenos de la antigua f\u00e1brica Mercedes Benz en Sant Andreu.\u00a0Son casi 9 hect\u00e1reas que albergar\u00e1n 1.300 viviendas y 350 vecinos, lo que dotar\u00e1 a esta zona de una densidad alta como la mayor\u00eda de las de Barcelona, \u200b\u200bde 361 habitantes por hect\u00e1rea.\u00a0Pero el ecobarrio, y de ah\u00ed el nombre, se programa como un\u00a0modelo de sostenibilidad con grandes espacios verdes.\u00a0De hecho, los promotores lo definen como \u201cun gran parque diseminado entre viviendas\u201d, pero por la densidad que presenta las viviendas tendr\u00e1n una ocupaci\u00f3n bastante efectiva del suelo. El objetivo es una gesti\u00f3n sostenible de los residuos, del ahorro de agua, de energ\u00eda, la integraci\u00f3n con la naturaleza.\u00a0La gesti\u00f3n de la movilidad que en este caso, al tratarse de una acci\u00f3n ex novo, s\u00ed puede concebirse como una \u00fanica supermanzana, con tr\u00e1fico con las calles perimetrales, acceso a los coches por los parkings subterr\u00e1neos de todo el conjunto y cubicaci\u00f3n a ras de suelo sin veh\u00edculos.\u00a0Ahora hay que ver c\u00f3mo se despliega esto y hasta qu\u00e9 punto cumple con los compromisos de tiempo y calidad apuntados. Collboni se comprometi\u00f3 a\u00a0revocar el proyecto de los comuns para la Ronda de Sant Antoni, un agujero negro del urbanismo de Barcelona que todav\u00eda no ha encontrado soluci\u00f3n.\u00a0Anunci\u00f3 que lo har\u00eda dentro de los 100 primeros d\u00edas como alcalde, un plazo que terminar\u00e1 a inicios de octubre. Una acci\u00f3n realmente transformadora en los\u00a0barrios olvidados.\u00a0Se trata de lugares como Torre Bar\u00f3, Ciutat Meridiana, Trinitat Nova, en los que las condiciones de vida son p\u00e9simas y que requieren una acci\u00f3n urban\u00edstica, econ\u00f3mica y social que les dignifique y revitalice.\u00a0El est\u00e1ndar del plan de barrios no ha servido para resolver los profundos problemas y, por tanto, Collboni debe afrontar estas situaciones con nuevas respuestas. El abordaje de callejones sin salida que tiene planteados Barcelona desde hace tiempo.\u00a0Uno de ellos es el de\u00a0la Rambla.\u00a0Su reforma lleva 7 a\u00f1os de retraso y no se debe esperar m\u00e1s tiempo para llevarla a cabo. Las obras se han iniciado a paso de gal\u00e1pago europeo y el alcalde debe definir un compromiso en cuanto a su finalizaci\u00f3n. Dentro de los agujeros negros de la ciudad uno de ellos es el de un barrio emblem\u00e1tico y bien asentado, pero que el turismo ha degradado de forma muy eficaz.\u00a0Se trata de la\u00a0Sagrada Familia.\u00a0Este barrio de casi 52.000 habitantes presenta una densidad total singularmente alta para lo que es Barcelona.\u00a0Casi 500 habitantes por hect\u00e1rea y una densidad neta de m\u00e1s 1.000 habitantes, por tanto, es uno de los barrios que estructuralmente ya est\u00e1 m\u00e1s apretado, pero a este hecho se le a\u00f1ade el\u00a0turismo, que se ha convertido en una plaga, decenas y decenas de miles de personas y cientos de autocares se concentran cada d\u00eda en pocas calles en torno a la Sagrada Familia.\u00a0La consecuencia ha sido la destrucci\u00f3n del comercio del barrio y la imposibilidad de los vecinos de desarrollar una vida normal.\u00a0El Ayuntamiento lo ha mirado a distancia.\u00a0Collboni no puede seguir haci\u00e9ndolo. Los grandes\u00a0espacios vac\u00edos de la izquierda del Eixample.\u00a0Ya hace tiempo que es un agujero negro la Modelo.\u00a0Una vez m\u00e1s, se demuestra la imprevisi\u00f3n.\u00a0Muchos a\u00f1os reclamando su traslado y cuando \u00e9ste se produce la inacci\u00f3n municipal es su caracter\u00edstica. Pero es que en breve se a\u00f1adir\u00e1 un segundo agujero, que ser\u00e1 el traslado del Cl\u00ednic a los espacios deportivos de la ciudad universitaria.\u00a0Los efectos que puede acumular este despoblamiento de actividades sobre todo en el segundo caso son muy peligrosos porque pueden contribuir a degradar la izquierda del Eixample. La Sagrera.\u00a0Si bien el ritmo de terminaci\u00f3n de las obras ferroviarias progresa, todo lo dem\u00e1s, el urbanismo del entorno, est\u00e1 perfectamente parado y va para largo.\u00a0Una ciudad territorialmente peque\u00f1a y densa como Barcelona no puede permitirse estos grandes espacios vac\u00edos por falta de din\u00e1mica de los poderes p\u00fablicos. La\u00a0ampliaci\u00f3n de la estaci\u00f3n terminal de Sants\u00a0y la reurbanizaci\u00f3n de su entorno.\u00a0Es necesario disponer de un calendario y compromiso concreto sobre esta gran obra que la ciudad necesita con urgencia porque ni la estaci\u00f3n es la que requiere una gran capital como Barcelona, \u200b\u200bni el entorno est\u00e1 bien aprovechado.\u00a0M\u00e1s bien, cada vez presenta m\u00e1s s\u00edntomas de degradaci\u00f3n.<\/p>\n","protected":false},"author":2,"featured_media":68924,"comment_status":"open","ping_status":"open","sticky":false,"template":"","format":"standard","meta":{"_FSMCFIC_featured_image_caption":"","_FSMCFIC_featured_image_nocaption":"","_FSMCFIC_featured_image_hide":"","footnotes":""},"categories":[3787,806],"tags":[4730],"class_list":["post-68927","post","type-post","status-publish","format-standard","has-post-thumbnail","hentry","category-expedient-barcelona-es","category-punts-claus-del-dia-es","tag-jaume-collboni-es"],"yoast_head":"<!-- This site is optimized with the Yoast SEO plugin v26.8 - https:\/\/yoast.com\/product\/yoast-seo-wordpress\/ -->\n<title>10 interrogantes que Collboni debe afrontar - Converses a Catalunya<\/title>\n<meta name=\"robots\" content=\"index, follow, max-snippet:-1, max-image-preview:large, max-video-preview:-1\" \/>\n<link rel=\"canonical\" href=\"https:\/\/conversesacatalunya.cat\/es\/los-interrogantes-que-collboni-debe-afrontar\/\" \/>\n<meta property=\"og:locale\" content=\"es_ES\" \/>\n<meta property=\"og:type\" content=\"article\" \/>\n<meta property=\"og:title\" content=\"10 interrogantes que Collboni debe afrontar - Converses a Catalunya\" \/>\n<meta property=\"og:description\" content=\"El primero, obviamente, es la capacidad de que se moje y act\u00fae en relaci\u00f3n al aeropuerto de El Prat.\u00a0\u00c9sta es una demanda a gritos.\u00a0Y por el momento se desconoce la respuesta. Hay que saber c\u00f3mo\u00a0el urbanismo de la ciudad\u00a0se articula con lo que ya est\u00e1 dibujado de reforma del plan general metropolitano y c\u00f3mo encaja un aspecto con el otro.\u00a0De momento parece que se trata de dos cuestiones distintas.\u00a0En parte, es l\u00f3gico que as\u00ed sea, a la vez que resulta muy negativo, porque Colau no ten\u00eda ninguna idea metropolitana, pero de un responsable socialista hay que esperar otro comportamiento. La\u00a0realizaci\u00f3n del ecobarrio, un proyecto privado de gran escala, bendecido por el Ayuntamiento en los terrenos de la antigua f\u00e1brica Mercedes Benz en Sant Andreu.\u00a0Son casi 9 hect\u00e1reas que albergar\u00e1n 1.300 viviendas y 350 vecinos, lo que dotar\u00e1 a esta zona de una densidad alta como la mayor\u00eda de las de Barcelona, \u200b\u200bde 361 habitantes por hect\u00e1rea.\u00a0Pero el ecobarrio, y de ah\u00ed el nombre, se programa como un\u00a0modelo de sostenibilidad con grandes espacios verdes.\u00a0De hecho, los promotores lo definen como \u201cun gran parque diseminado entre viviendas\u201d, pero por la densidad que presenta las viviendas tendr\u00e1n una ocupaci\u00f3n bastante efectiva del suelo. El objetivo es una gesti\u00f3n sostenible de los residuos, del ahorro de agua, de energ\u00eda, la integraci\u00f3n con la naturaleza.\u00a0La gesti\u00f3n de la movilidad que en este caso, al tratarse de una acci\u00f3n ex novo, s\u00ed puede concebirse como una \u00fanica supermanzana, con tr\u00e1fico con las calles perimetrales, acceso a los coches por los parkings subterr\u00e1neos de todo el conjunto y cubicaci\u00f3n a ras de suelo sin veh\u00edculos.\u00a0Ahora hay que ver c\u00f3mo se despliega esto y hasta qu\u00e9 punto cumple con los compromisos de tiempo y calidad apuntados. Collboni se comprometi\u00f3 a\u00a0revocar el proyecto de los comuns para la Ronda de Sant Antoni, un agujero negro del urbanismo de Barcelona que todav\u00eda no ha encontrado soluci\u00f3n.\u00a0Anunci\u00f3 que lo har\u00eda dentro de los 100 primeros d\u00edas como alcalde, un plazo que terminar\u00e1 a inicios de octubre. Una acci\u00f3n realmente transformadora en los\u00a0barrios olvidados.\u00a0Se trata de lugares como Torre Bar\u00f3, Ciutat Meridiana, Trinitat Nova, en los que las condiciones de vida son p\u00e9simas y que requieren una acci\u00f3n urban\u00edstica, econ\u00f3mica y social que les dignifique y revitalice.\u00a0El est\u00e1ndar del plan de barrios no ha servido para resolver los profundos problemas y, por tanto, Collboni debe afrontar estas situaciones con nuevas respuestas. El abordaje de callejones sin salida que tiene planteados Barcelona desde hace tiempo.\u00a0Uno de ellos es el de\u00a0la Rambla.\u00a0Su reforma lleva 7 a\u00f1os de retraso y no se debe esperar m\u00e1s tiempo para llevarla a cabo. Las obras se han iniciado a paso de gal\u00e1pago europeo y el alcalde debe definir un compromiso en cuanto a su finalizaci\u00f3n. Dentro de los agujeros negros de la ciudad uno de ellos es el de un barrio emblem\u00e1tico y bien asentado, pero que el turismo ha degradado de forma muy eficaz.\u00a0Se trata de la\u00a0Sagrada Familia.\u00a0Este barrio de casi 52.000 habitantes presenta una densidad total singularmente alta para lo que es Barcelona.\u00a0Casi 500 habitantes por hect\u00e1rea y una densidad neta de m\u00e1s 1.000 habitantes, por tanto, es uno de los barrios que estructuralmente ya est\u00e1 m\u00e1s apretado, pero a este hecho se le a\u00f1ade el\u00a0turismo, que se ha convertido en una plaga, decenas y decenas de miles de personas y cientos de autocares se concentran cada d\u00eda en pocas calles en torno a la Sagrada Familia.\u00a0La consecuencia ha sido la destrucci\u00f3n del comercio del barrio y la imposibilidad de los vecinos de desarrollar una vida normal.\u00a0El Ayuntamiento lo ha mirado a distancia.\u00a0Collboni no puede seguir haci\u00e9ndolo. Los grandes\u00a0espacios vac\u00edos de la izquierda del Eixample.\u00a0Ya hace tiempo que es un agujero negro la Modelo.\u00a0Una vez m\u00e1s, se demuestra la imprevisi\u00f3n.\u00a0Muchos a\u00f1os reclamando su traslado y cuando \u00e9ste se produce la inacci\u00f3n municipal es su caracter\u00edstica. Pero es que en breve se a\u00f1adir\u00e1 un segundo agujero, que ser\u00e1 el traslado del Cl\u00ednic a los espacios deportivos de la ciudad universitaria.\u00a0Los efectos que puede acumular este despoblamiento de actividades sobre todo en el segundo caso son muy peligrosos porque pueden contribuir a degradar la izquierda del Eixample. La Sagrera.\u00a0Si bien el ritmo de terminaci\u00f3n de las obras ferroviarias progresa, todo lo dem\u00e1s, el urbanismo del entorno, est\u00e1 perfectamente parado y va para largo.\u00a0Una ciudad territorialmente peque\u00f1a y densa como Barcelona no puede permitirse estos grandes espacios vac\u00edos por falta de din\u00e1mica de los poderes p\u00fablicos. La\u00a0ampliaci\u00f3n de la estaci\u00f3n terminal de Sants\u00a0y la reurbanizaci\u00f3n de su entorno.\u00a0Es necesario disponer de un calendario y compromiso concreto sobre esta gran obra que la ciudad necesita con urgencia porque ni la estaci\u00f3n es la que requiere una gran capital como Barcelona, \u200b\u200bni el entorno est\u00e1 bien aprovechado.\u00a0M\u00e1s bien, cada vez presenta m\u00e1s s\u00edntomas de degradaci\u00f3n.\" \/>\n<meta property=\"og:url\" content=\"https:\/\/conversesacatalunya.cat\/es\/los-interrogantes-que-collboni-debe-afrontar\/\" \/>\n<meta property=\"og:site_name\" content=\"Converses a Catalunya\" \/>\n<meta property=\"article:published_time\" content=\"2023-07-05T10:28:49+00:00\" \/>\n<meta property=\"article:modified_time\" content=\"2023-07-07T04:03:39+00:00\" \/>\n<meta property=\"og:image\" content=\"https:\/\/conversesacatalunya.cat\/wp-content\/uploads\/2023\/07\/collboni-alcalde.jpg\" \/>\n\t<meta property=\"og:image:width\" content=\"1600\" \/>\n\t<meta property=\"og:image:height\" content=\"901\" \/>\n\t<meta property=\"og:image:type\" content=\"image\/jpeg\" \/>\n<meta name=\"author\" content=\"conversesacatalunya\" \/>\n<meta name=\"twitter:card\" content=\"summary_large_image\" \/>\n<meta name=\"twitter:label1\" content=\"Escrito por\" \/>\n\t<meta name=\"twitter:data1\" content=\"conversesacatalunya\" \/>\n\t<meta name=\"twitter:label2\" content=\"Tiempo de lectura\" \/>\n\t<meta name=\"twitter:data2\" content=\"4 minutos\" \/>\n<script type=\"application\/ld+json\" class=\"yoast-schema-graph\">{\"@context\":\"https:\/\/schema.org\",\"@graph\":[{\"@type\":\"Article\",\"@id\":\"https:\/\/conversesacatalunya.cat\/es\/los-interrogantes-que-collboni-debe-afrontar\/#article\",\"isPartOf\":{\"@id\":\"https:\/\/conversesacatalunya.cat\/es\/los-interrogantes-que-collboni-debe-afrontar\/\"},\"author\":{\"name\":\"conversesacatalunya\",\"@id\":\"https:\/\/conversesacatalunya.cat\/#\/schema\/person\/7e24d1e54a2785373ddcb275eae5ed99\"},\"headline\":\"10 interrogantes que Collboni debe afrontar\",\"datePublished\":\"2023-07-05T10:28:49+00:00\",\"dateModified\":\"2023-07-07T04:03:39+00:00\",\"mainEntityOfPage\":{\"@id\":\"https:\/\/conversesacatalunya.cat\/es\/los-interrogantes-que-collboni-debe-afrontar\/\"},\"wordCount\":900,\"commentCount\":0,\"image\":{\"@id\":\"https:\/\/conversesacatalunya.cat\/es\/los-interrogantes-que-collboni-debe-afrontar\/#primaryimage\"},\"thumbnailUrl\":\"https:\/\/conversesacatalunya.cat\/wp-content\/uploads\/2023\/07\/collboni-alcalde.jpg\",\"keywords\":[\"Jaume Collboni\"],\"articleSection\":[\"Expedient Barcelona (ES)\",\"Punts clau del dia (ES)\"],\"inLanguage\":\"es\",\"potentialAction\":[{\"@type\":\"CommentAction\",\"name\":\"Comment\",\"target\":[\"https:\/\/conversesacatalunya.cat\/es\/los-interrogantes-que-collboni-debe-afrontar\/#respond\"]}]},{\"@type\":\"WebPage\",\"@id\":\"https:\/\/conversesacatalunya.cat\/es\/los-interrogantes-que-collboni-debe-afrontar\/\",\"url\":\"https:\/\/conversesacatalunya.cat\/es\/los-interrogantes-que-collboni-debe-afrontar\/\",\"name\":\"10 interrogantes que Collboni debe afrontar - Converses a Catalunya\",\"isPartOf\":{\"@id\":\"https:\/\/conversesacatalunya.cat\/#website\"},\"primaryImageOfPage\":{\"@id\":\"https:\/\/conversesacatalunya.cat\/es\/los-interrogantes-que-collboni-debe-afrontar\/#primaryimage\"},\"image\":{\"@id\":\"https:\/\/conversesacatalunya.cat\/es\/los-interrogantes-que-collboni-debe-afrontar\/#primaryimage\"},\"thumbnailUrl\":\"https:\/\/conversesacatalunya.cat\/wp-content\/uploads\/2023\/07\/collboni-alcalde.jpg\",\"datePublished\":\"2023-07-05T10:28:49+00:00\",\"dateModified\":\"2023-07-07T04:03:39+00:00\",\"author\":{\"@id\":\"https:\/\/conversesacatalunya.cat\/#\/schema\/person\/7e24d1e54a2785373ddcb275eae5ed99\"},\"breadcrumb\":{\"@id\":\"https:\/\/conversesacatalunya.cat\/es\/los-interrogantes-que-collboni-debe-afrontar\/#breadcrumb\"},\"inLanguage\":\"es\",\"potentialAction\":[{\"@type\":\"ReadAction\",\"target\":[\"https:\/\/conversesacatalunya.cat\/es\/los-interrogantes-que-collboni-debe-afrontar\/\"]}]},{\"@type\":\"ImageObject\",\"inLanguage\":\"es\",\"@id\":\"https:\/\/conversesacatalunya.cat\/es\/los-interrogantes-que-collboni-debe-afrontar\/#primaryimage\",\"url\":\"https:\/\/conversesacatalunya.cat\/wp-content\/uploads\/2023\/07\/collboni-alcalde.jpg\",\"contentUrl\":\"https:\/\/conversesacatalunya.cat\/wp-content\/uploads\/2023\/07\/collboni-alcalde.jpg\",\"width\":1600,\"height\":901},{\"@type\":\"BreadcrumbList\",\"@id\":\"https:\/\/conversesacatalunya.cat\/es\/los-interrogantes-que-collboni-debe-afrontar\/#breadcrumb\",\"itemListElement\":[{\"@type\":\"ListItem\",\"position\":1,\"name\":\"Inici\",\"item\":\"https:\/\/conversesacatalunya.cat\/es\/\"},{\"@type\":\"ListItem\",\"position\":2,\"name\":\"10 interrogantes que Collboni debe afrontar\"}]},{\"@type\":\"WebSite\",\"@id\":\"https:\/\/conversesacatalunya.cat\/#website\",\"url\":\"https:\/\/conversesacatalunya.cat\/\",\"name\":\"Converses a Catalunya\",\"description\":\"\",\"potentialAction\":[{\"@type\":\"SearchAction\",\"target\":{\"@type\":\"EntryPoint\",\"urlTemplate\":\"https:\/\/conversesacatalunya.cat\/?s={search_term_string}\"},\"query-input\":{\"@type\":\"PropertyValueSpecification\",\"valueRequired\":true,\"valueName\":\"search_term_string\"}}],\"inLanguage\":\"es\"},{\"@type\":\"Person\",\"@id\":\"https:\/\/conversesacatalunya.cat\/#\/schema\/person\/7e24d1e54a2785373ddcb275eae5ed99\",\"name\":\"conversesacatalunya\",\"image\":{\"@type\":\"ImageObject\",\"inLanguage\":\"es\",\"@id\":\"https:\/\/conversesacatalunya.cat\/#\/schema\/person\/image\/\",\"url\":\"https:\/\/conversesacatalunya.cat\/wp-content\/litespeed\/avatar\/febdfeeec89d950f01c748045a981dd2.jpg?ver=1777314535\",\"contentUrl\":\"https:\/\/conversesacatalunya.cat\/wp-content\/litespeed\/avatar\/febdfeeec89d950f01c748045a981dd2.jpg?ver=1777314535\",\"caption\":\"conversesacatalunya\"},\"url\":\"https:\/\/conversesacatalunya.cat\/es\/author\/carme_catala\/\"}]}<\/script>\n<!-- \/ Yoast SEO plugin. -->","yoast_head_json":{"title":"10 interrogantes que Collboni debe afrontar - Converses a Catalunya","robots":{"index":"index","follow":"follow","max-snippet":"max-snippet:-1","max-image-preview":"max-image-preview:large","max-video-preview":"max-video-preview:-1"},"canonical":"https:\/\/conversesacatalunya.cat\/es\/los-interrogantes-que-collboni-debe-afrontar\/","og_locale":"es_ES","og_type":"article","og_title":"10 interrogantes que Collboni debe afrontar - Converses a Catalunya","og_description":"El primero, obviamente, es la capacidad de que se moje y act\u00fae en relaci\u00f3n al aeropuerto de El Prat.\u00a0\u00c9sta es una demanda a gritos.\u00a0Y por el momento se desconoce la respuesta. Hay que saber c\u00f3mo\u00a0el urbanismo de la ciudad\u00a0se articula con lo que ya est\u00e1 dibujado de reforma del plan general metropolitano y c\u00f3mo encaja un aspecto con el otro.\u00a0De momento parece que se trata de dos cuestiones distintas.\u00a0En parte, es l\u00f3gico que as\u00ed sea, a la vez que resulta muy negativo, porque Colau no ten\u00eda ninguna idea metropolitana, pero de un responsable socialista hay que esperar otro comportamiento. La\u00a0realizaci\u00f3n del ecobarrio, un proyecto privado de gran escala, bendecido por el Ayuntamiento en los terrenos de la antigua f\u00e1brica Mercedes Benz en Sant Andreu.\u00a0Son casi 9 hect\u00e1reas que albergar\u00e1n 1.300 viviendas y 350 vecinos, lo que dotar\u00e1 a esta zona de una densidad alta como la mayor\u00eda de las de Barcelona, \u200b\u200bde 361 habitantes por hect\u00e1rea.\u00a0Pero el ecobarrio, y de ah\u00ed el nombre, se programa como un\u00a0modelo de sostenibilidad con grandes espacios verdes.\u00a0De hecho, los promotores lo definen como \u201cun gran parque diseminado entre viviendas\u201d, pero por la densidad que presenta las viviendas tendr\u00e1n una ocupaci\u00f3n bastante efectiva del suelo. El objetivo es una gesti\u00f3n sostenible de los residuos, del ahorro de agua, de energ\u00eda, la integraci\u00f3n con la naturaleza.\u00a0La gesti\u00f3n de la movilidad que en este caso, al tratarse de una acci\u00f3n ex novo, s\u00ed puede concebirse como una \u00fanica supermanzana, con tr\u00e1fico con las calles perimetrales, acceso a los coches por los parkings subterr\u00e1neos de todo el conjunto y cubicaci\u00f3n a ras de suelo sin veh\u00edculos.\u00a0Ahora hay que ver c\u00f3mo se despliega esto y hasta qu\u00e9 punto cumple con los compromisos de tiempo y calidad apuntados. Collboni se comprometi\u00f3 a\u00a0revocar el proyecto de los comuns para la Ronda de Sant Antoni, un agujero negro del urbanismo de Barcelona que todav\u00eda no ha encontrado soluci\u00f3n.\u00a0Anunci\u00f3 que lo har\u00eda dentro de los 100 primeros d\u00edas como alcalde, un plazo que terminar\u00e1 a inicios de octubre. Una acci\u00f3n realmente transformadora en los\u00a0barrios olvidados.\u00a0Se trata de lugares como Torre Bar\u00f3, Ciutat Meridiana, Trinitat Nova, en los que las condiciones de vida son p\u00e9simas y que requieren una acci\u00f3n urban\u00edstica, econ\u00f3mica y social que les dignifique y revitalice.\u00a0El est\u00e1ndar del plan de barrios no ha servido para resolver los profundos problemas y, por tanto, Collboni debe afrontar estas situaciones con nuevas respuestas. El abordaje de callejones sin salida que tiene planteados Barcelona desde hace tiempo.\u00a0Uno de ellos es el de\u00a0la Rambla.\u00a0Su reforma lleva 7 a\u00f1os de retraso y no se debe esperar m\u00e1s tiempo para llevarla a cabo. Las obras se han iniciado a paso de gal\u00e1pago europeo y el alcalde debe definir un compromiso en cuanto a su finalizaci\u00f3n. Dentro de los agujeros negros de la ciudad uno de ellos es el de un barrio emblem\u00e1tico y bien asentado, pero que el turismo ha degradado de forma muy eficaz.\u00a0Se trata de la\u00a0Sagrada Familia.\u00a0Este barrio de casi 52.000 habitantes presenta una densidad total singularmente alta para lo que es Barcelona.\u00a0Casi 500 habitantes por hect\u00e1rea y una densidad neta de m\u00e1s 1.000 habitantes, por tanto, es uno de los barrios que estructuralmente ya est\u00e1 m\u00e1s apretado, pero a este hecho se le a\u00f1ade el\u00a0turismo, que se ha convertido en una plaga, decenas y decenas de miles de personas y cientos de autocares se concentran cada d\u00eda en pocas calles en torno a la Sagrada Familia.\u00a0La consecuencia ha sido la destrucci\u00f3n del comercio del barrio y la imposibilidad de los vecinos de desarrollar una vida normal.\u00a0El Ayuntamiento lo ha mirado a distancia.\u00a0Collboni no puede seguir haci\u00e9ndolo. Los grandes\u00a0espacios vac\u00edos de la izquierda del Eixample.\u00a0Ya hace tiempo que es un agujero negro la Modelo.\u00a0Una vez m\u00e1s, se demuestra la imprevisi\u00f3n.\u00a0Muchos a\u00f1os reclamando su traslado y cuando \u00e9ste se produce la inacci\u00f3n municipal es su caracter\u00edstica. Pero es que en breve se a\u00f1adir\u00e1 un segundo agujero, que ser\u00e1 el traslado del Cl\u00ednic a los espacios deportivos de la ciudad universitaria.\u00a0Los efectos que puede acumular este despoblamiento de actividades sobre todo en el segundo caso son muy peligrosos porque pueden contribuir a degradar la izquierda del Eixample. La Sagrera.\u00a0Si bien el ritmo de terminaci\u00f3n de las obras ferroviarias progresa, todo lo dem\u00e1s, el urbanismo del entorno, est\u00e1 perfectamente parado y va para largo.\u00a0Una ciudad territorialmente peque\u00f1a y densa como Barcelona no puede permitirse estos grandes espacios vac\u00edos por falta de din\u00e1mica de los poderes p\u00fablicos. La\u00a0ampliaci\u00f3n de la estaci\u00f3n terminal de Sants\u00a0y la reurbanizaci\u00f3n de su entorno.\u00a0Es necesario disponer de un calendario y compromiso concreto sobre esta gran obra que la ciudad necesita con urgencia porque ni la estaci\u00f3n es la que requiere una gran capital como Barcelona, \u200b\u200bni el entorno est\u00e1 bien aprovechado.\u00a0M\u00e1s bien, cada vez presenta m\u00e1s s\u00edntomas de degradaci\u00f3n.","og_url":"https:\/\/conversesacatalunya.cat\/es\/los-interrogantes-que-collboni-debe-afrontar\/","og_site_name":"Converses a Catalunya","article_published_time":"2023-07-05T10:28:49+00:00","article_modified_time":"2023-07-07T04:03:39+00:00","og_image":[{"width":1600,"height":901,"url":"https:\/\/conversesacatalunya.cat\/wp-content\/uploads\/2023\/07\/collboni-alcalde.jpg","type":"image\/jpeg"}],"author":"conversesacatalunya","twitter_card":"summary_large_image","twitter_misc":{"Escrito por":"conversesacatalunya","Tiempo de lectura":"4 minutos"},"schema":{"@context":"https:\/\/schema.org","@graph":[{"@type":"Article","@id":"https:\/\/conversesacatalunya.cat\/es\/los-interrogantes-que-collboni-debe-afrontar\/#article","isPartOf":{"@id":"https:\/\/conversesacatalunya.cat\/es\/los-interrogantes-que-collboni-debe-afrontar\/"},"author":{"name":"conversesacatalunya","@id":"https:\/\/conversesacatalunya.cat\/#\/schema\/person\/7e24d1e54a2785373ddcb275eae5ed99"},"headline":"10 interrogantes que Collboni debe afrontar","datePublished":"2023-07-05T10:28:49+00:00","dateModified":"2023-07-07T04:03:39+00:00","mainEntityOfPage":{"@id":"https:\/\/conversesacatalunya.cat\/es\/los-interrogantes-que-collboni-debe-afrontar\/"},"wordCount":900,"commentCount":0,"image":{"@id":"https:\/\/conversesacatalunya.cat\/es\/los-interrogantes-que-collboni-debe-afrontar\/#primaryimage"},"thumbnailUrl":"https:\/\/conversesacatalunya.cat\/wp-content\/uploads\/2023\/07\/collboni-alcalde.jpg","keywords":["Jaume Collboni"],"articleSection":["Expedient Barcelona (ES)","Punts clau del dia (ES)"],"inLanguage":"es","potentialAction":[{"@type":"CommentAction","name":"Comment","target":["https:\/\/conversesacatalunya.cat\/es\/los-interrogantes-que-collboni-debe-afrontar\/#respond"]}]},{"@type":"WebPage","@id":"https:\/\/conversesacatalunya.cat\/es\/los-interrogantes-que-collboni-debe-afrontar\/","url":"https:\/\/conversesacatalunya.cat\/es\/los-interrogantes-que-collboni-debe-afrontar\/","name":"10 interrogantes que Collboni debe afrontar - Converses a Catalunya","isPartOf":{"@id":"https:\/\/conversesacatalunya.cat\/#website"},"primaryImageOfPage":{"@id":"https:\/\/conversesacatalunya.cat\/es\/los-interrogantes-que-collboni-debe-afrontar\/#primaryimage"},"image":{"@id":"https:\/\/conversesacatalunya.cat\/es\/los-interrogantes-que-collboni-debe-afrontar\/#primaryimage"},"thumbnailUrl":"https:\/\/conversesacatalunya.cat\/wp-content\/uploads\/2023\/07\/collboni-alcalde.jpg","datePublished":"2023-07-05T10:28:49+00:00","dateModified":"2023-07-07T04:03:39+00:00","author":{"@id":"https:\/\/conversesacatalunya.cat\/#\/schema\/person\/7e24d1e54a2785373ddcb275eae5ed99"},"breadcrumb":{"@id":"https:\/\/conversesacatalunya.cat\/es\/los-interrogantes-que-collboni-debe-afrontar\/#breadcrumb"},"inLanguage":"es","potentialAction":[{"@type":"ReadAction","target":["https:\/\/conversesacatalunya.cat\/es\/los-interrogantes-que-collboni-debe-afrontar\/"]}]},{"@type":"ImageObject","inLanguage":"es","@id":"https:\/\/conversesacatalunya.cat\/es\/los-interrogantes-que-collboni-debe-afrontar\/#primaryimage","url":"https:\/\/conversesacatalunya.cat\/wp-content\/uploads\/2023\/07\/collboni-alcalde.jpg","contentUrl":"https:\/\/conversesacatalunya.cat\/wp-content\/uploads\/2023\/07\/collboni-alcalde.jpg","width":1600,"height":901},{"@type":"BreadcrumbList","@id":"https:\/\/conversesacatalunya.cat\/es\/los-interrogantes-que-collboni-debe-afrontar\/#breadcrumb","itemListElement":[{"@type":"ListItem","position":1,"name":"Inici","item":"https:\/\/conversesacatalunya.cat\/es\/"},{"@type":"ListItem","position":2,"name":"10 interrogantes que Collboni debe afrontar"}]},{"@type":"WebSite","@id":"https:\/\/conversesacatalunya.cat\/#website","url":"https:\/\/conversesacatalunya.cat\/","name":"Converses a Catalunya","description":"","potentialAction":[{"@type":"SearchAction","target":{"@type":"EntryPoint","urlTemplate":"https:\/\/conversesacatalunya.cat\/?s={search_term_string}"},"query-input":{"@type":"PropertyValueSpecification","valueRequired":true,"valueName":"search_term_string"}}],"inLanguage":"es"},{"@type":"Person","@id":"https:\/\/conversesacatalunya.cat\/#\/schema\/person\/7e24d1e54a2785373ddcb275eae5ed99","name":"conversesacatalunya","image":{"@type":"ImageObject","inLanguage":"es","@id":"https:\/\/conversesacatalunya.cat\/#\/schema\/person\/image\/","url":"https:\/\/conversesacatalunya.cat\/wp-content\/litespeed\/avatar\/febdfeeec89d950f01c748045a981dd2.jpg?ver=1777314535","contentUrl":"https:\/\/conversesacatalunya.cat\/wp-content\/litespeed\/avatar\/febdfeeec89d950f01c748045a981dd2.jpg?ver=1777314535","caption":"conversesacatalunya"},"url":"https:\/\/conversesacatalunya.cat\/es\/author\/carme_catala\/"}]}},"wps_subtitle":"","_links":{"self":[{"href":"https:\/\/conversesacatalunya.cat\/es\/wp-json\/wp\/v2\/posts\/68927","targetHints":{"allow":["GET"]}}],"collection":[{"href":"https:\/\/conversesacatalunya.cat\/es\/wp-json\/wp\/v2\/posts"}],"about":[{"href":"https:\/\/conversesacatalunya.cat\/es\/wp-json\/wp\/v2\/types\/post"}],"author":[{"embeddable":true,"href":"https:\/\/conversesacatalunya.cat\/es\/wp-json\/wp\/v2\/users\/2"}],"replies":[{"embeddable":true,"href":"https:\/\/conversesacatalunya.cat\/es\/wp-json\/wp\/v2\/comments?post=68927"}],"version-history":[{"count":3,"href":"https:\/\/conversesacatalunya.cat\/es\/wp-json\/wp\/v2\/posts\/68927\/revisions"}],"predecessor-version":[{"id":68969,"href":"https:\/\/conversesacatalunya.cat\/es\/wp-json\/wp\/v2\/posts\/68927\/revisions\/68969"}],"wp:featuredmedia":[{"embeddable":true,"href":"https:\/\/conversesacatalunya.cat\/es\/wp-json\/wp\/v2\/media\/68924"}],"wp:attachment":[{"href":"https:\/\/conversesacatalunya.cat\/es\/wp-json\/wp\/v2\/media?parent=68927"}],"wp:term":[{"taxonomy":"category","embeddable":true,"href":"https:\/\/conversesacatalunya.cat\/es\/wp-json\/wp\/v2\/categories?post=68927"},{"taxonomy":"post_tag","embeddable":true,"href":"https:\/\/conversesacatalunya.cat\/es\/wp-json\/wp\/v2\/tags?post=68927"}],"curies":[{"name":"wp","href":"https:\/\/api.w.org\/{rel}","templated":true}]}}