{"id":68896,"date":"2023-07-04T10:59:20","date_gmt":"2023-07-04T08:59:20","guid":{"rendered":"https:\/\/conversesacatalunya.cat\/arriba-collboni-creixen-els-embussos\/"},"modified":"2023-07-04T18:21:52","modified_gmt":"2023-07-04T16:21:52","slug":"llega-collboni-crecen-los-atascos","status":"publish","type":"post","link":"https:\/\/conversesacatalunya.cat\/es\/llega-collboni-crecen-los-atascos\/","title":{"rendered":"Llega Collboni, crecen los atascos"},"content":{"rendered":"<p><span>Quienes esperaban un cambio en el gobierno de Barcelona porque se creyeron la campa\u00f1a de Collboni, ya est\u00e1n empezando a ver que la cosa no va por ah\u00ed.\u00a0Ser\u00e1 m\u00e1s de lo mismo.<\/span><\/p>\n<p><span>Los que dec\u00edan que gobernar\u00edan los que lo hab\u00edan hecho con Colau parece que aciertan.\u00a0Al menos a juzgar por los primeros d\u00edas de gobierno.<\/span><\/p>\n<p><span>Los\u00a0<\/span><strong><span>atascos se multiplican<\/span><\/strong><span>\u00a0por las obras de verano, pero tambi\u00e9n porque se sigue con el criterio de ir restringiendo carriles de circulaci\u00f3n para autom\u00f3viles.<\/span><\/p>\n<p><span>Durante unos meses la calle Arag\u00f3 quedar\u00e1 reducida a s\u00f3lo dos carriles por las famosas obras de la Seu, es decir del tranv\u00eda por la Diagonal.\u00a0Esa calle, una de las principales v\u00edas de acceso a Barcelona, \u200b\u200bs\u00f3lo tendr\u00e1 dos carriles para los veh\u00edculos privados, dos para las bicicletas y uno para los autobuses.\u00a0En conjunto, el panorama de accesos a Barcelona es \u00e9ste.<\/span><\/p>\n<p><span>Adem\u00e1s del estrangulamiento de Arag\u00f3n, en Via Augusta ya ha afirmado el ingeniero municipal jefe que se mantendr\u00e1n los carriles bici y, por tanto, el acceso a la ciudad desde el Vall\u00e8s Occidental quedar\u00e1 reducido a dos carriles.\u00a0Y si a\u00f1adimos la situaci\u00f3n del t\u00fanel de Gl\u00f2ries, tendremos que los\u00a0<\/span><strong><span>principales accesos<\/span><\/strong><span>\u00a0a Barcelona se han ahogado hasta limitarlos a la m\u00ednima expresi\u00f3n.\u00a0Es una forma de disuadir de venir a realizar gestiones ya trabajar en la ciudad y tambi\u00e9n de expulsar a empresas.\u00a0La prioridad para el turismo masivo se vuelve cada vez m\u00e1s clara y total.<\/span><\/p>\n<p><span>Adem\u00e1s de reafirmar que se\u00a0<\/span><strong><span>mantiene el proyecto Colau<\/span><\/strong><span>\u00a0, tambi\u00e9n quedar\u00e1 intocado el proyecto de Via Laietana, que ahoga los desplazamientos mar-monta\u00f1a de la ciudad, uno de los que estructuralmente presenta mayores dificultades.\u00a0El ingeniero jefe oriol Altisench, el nuevo hombre fuerte del Ayuntamiento, ya lo ha dicho claramente en rueda de prensa: \u00abhay una voluntad muy clara de no parar nada, por supuesto todo contin\u00faa como estaba previsto\u00bb.\u00a0Es decir,\u00a0<\/span><strong><span>sigue a Colau sin ella a la cabeza<\/span><\/strong><span>\u00a0.<\/span><\/p>\n<p><span>La consecuencia de todo ello es la que estamos viendo: accesos estrangulados, el colapso de la Via Laietana, el colapso del tranv\u00eda por la Diagonal y adem\u00e1s nuevos carriles bici.\u00a0Uno de los cambios, parece l\u00f3gico, es trasladarlo del paso central de la Gran V\u00eda a la calzada lateral, liberando as\u00ed a los peatones de su dif\u00edcil convivencia con las bicicletas, pero el resultado ser\u00e1 la afectaci\u00f3n de la circulaci\u00f3n por esta importante arteria de la ciudad.\u00a0Adem\u00e1s se har\u00e1n nuevos tramos en el paseo Maragall, en C\u00f3rcega, en la calle Independencia entre Meridiana y Sant Antoni Claret, que ya ha estado abierto este fin de semana, as\u00ed como la construcci\u00f3n de nuevos carriles bici en la calle Mallorca y en el paseo Mar\u00edtim.<\/span><\/p>\n<p><span>Pese a que el rechazo a la pol\u00edtica de Colau ha sido extraordinario, he aqu\u00ed por donde que la forma de votar de los barceloneses conduce a que su legado se eternice y crezca.\u00a0La pregunta es obligada: \u00bfde qu\u00e9 han servido las elecciones municipales en Barcelona?<\/span><\/p>\n<div id=\"polls-203\" class=\"wp-polls\">\n\t<form id=\"polls_form_203\" class=\"wp-polls-form\" action=\"\/index.php\" method=\"post\">\n\t\t<p style=\"display: none;\"><input type=\"hidden\" id=\"poll_203_nonce\" name=\"wp-polls-nonce\" value=\"b33fe12b42\" \/><\/p>\n\t\t<p style=\"display: none;\"><input type=\"hidden\" name=\"poll_id\" value=\"203\" \/><\/p>\n\t\t<p style=\"text-align: center\"><strong>Qui creus que formar\u00e0 govern despr\u00e9s del 23 de juliol?<\/strong><\/p><div id=\"polls-203-ans\" class=\"wp-polls-ans\"><ul class=\"wp-polls-ul\">\n\t\t<li><input type=\"radio\" id=\"poll-answer-564\" name=\"poll_203\" value=\"564\" \/> <label for=\"poll-answer-564\">Pedro S\u00e1nchez<\/label><\/li>\n\t\t<li><input type=\"radio\" id=\"poll-answer-565\" name=\"poll_203\" value=\"565\" \/> <label for=\"poll-answer-565\">Alberto N\u00fa\u00f1ez Feij\u00f3o<\/label><\/li>\n\t\t<\/ul><p style=\"text-align: center\"><input type=\"button\" name=\"vote\" value=\"   Vota   \" class=\"Buttons\" onclick=\"poll_vote(203);\" \/><\/p><p style=\"text-align: center\"><a href=\"#ViewPollResults\" onclick=\"poll_result(203); return false;\" title=\"View Results Of This Poll\">Mira els resultats<\/a><\/p><\/div>\n\t<\/form>\n<\/div>\n<div id=\"polls-203-loading\" class=\"wp-polls-loading\"><img decoding=\"async\" data-src=\"https:\/\/conversesacatalunya.cat\/wp-content\/plugins\/wp-polls\/images\/loading.gif\" width=\"16\" height=\"16\" alt=\"Cargando ...\" title=\"Cargando ...\" class=\"wp-polls-image lazyload\" src=\"data:image\/svg+xml;base64,PHN2ZyB3aWR0aD0iMSIgaGVpZ2h0PSIxIiB4bWxucz0iaHR0cDovL3d3dy53My5vcmcvMjAwMC9zdmciPjwvc3ZnPg==\" style=\"--smush-placeholder-width: 16px; --smush-placeholder-aspect-ratio: 16\/16;\" \/>&nbsp;Cargando ...<\/div>\n\n<p>&nbsp;<\/p>\n","protected":false},"excerpt":{"rendered":"<p>Quienes esperaban un cambio en el gobierno de Barcelona porque se creyeron la campa\u00f1a de Collboni, ya est\u00e1n empezando a ver que la cosa no va por ah\u00ed.\u00a0Ser\u00e1 m\u00e1s de lo mismo. Los que dec\u00edan que gobernar\u00edan los que lo hab\u00edan hecho con Colau parece que aciertan.\u00a0Al menos a juzgar por los primeros d\u00edas de gobierno. Los\u00a0atascos se multiplican\u00a0por las obras de verano, pero tambi\u00e9n porque se sigue con el criterio de ir restringiendo carriles de circulaci\u00f3n para autom\u00f3viles. Durante unos meses la calle Arag\u00f3 quedar\u00e1 reducida a s\u00f3lo dos carriles por las famosas obras de la Seu, es decir del tranv\u00eda por la Diagonal.\u00a0Esa calle, una de las principales v\u00edas de acceso a Barcelona, \u200b\u200bs\u00f3lo tendr\u00e1 dos carriles para los veh\u00edculos privados, dos para las bicicletas y uno para los autobuses.\u00a0En conjunto, el panorama de accesos a Barcelona es \u00e9ste. Adem\u00e1s del estrangulamiento de Arag\u00f3n, en Via Augusta ya ha afirmado el ingeniero municipal jefe que se mantendr\u00e1n los carriles bici y, por tanto, el acceso a la ciudad desde el Vall\u00e8s Occidental quedar\u00e1 reducido a dos carriles.\u00a0Y si a\u00f1adimos la situaci\u00f3n del t\u00fanel de Gl\u00f2ries, tendremos que los\u00a0principales accesos\u00a0a Barcelona se han ahogado hasta limitarlos a la m\u00ednima expresi\u00f3n.\u00a0Es una forma de disuadir de venir a realizar gestiones ya trabajar en la ciudad y tambi\u00e9n de expulsar a empresas.\u00a0La prioridad para el turismo masivo se vuelve cada vez m\u00e1s clara y total. Adem\u00e1s de reafirmar que se\u00a0mantiene el proyecto Colau\u00a0, tambi\u00e9n quedar\u00e1 intocado el proyecto de Via Laietana, que ahoga los desplazamientos mar-monta\u00f1a de la ciudad, uno de los que estructuralmente presenta mayores dificultades.\u00a0El ingeniero jefe oriol Altisench, el nuevo hombre fuerte del Ayuntamiento, ya lo ha dicho claramente en rueda de prensa: \u00abhay una voluntad muy clara de no parar nada, por supuesto todo contin\u00faa como estaba previsto\u00bb.\u00a0Es decir,\u00a0sigue a Colau sin ella a la cabeza\u00a0. La consecuencia de todo ello es la que estamos viendo: accesos estrangulados, el colapso de la Via Laietana, el colapso del tranv\u00eda por la Diagonal y adem\u00e1s nuevos carriles bici.\u00a0Uno de los cambios, parece l\u00f3gico, es trasladarlo del paso central de la Gran V\u00eda a la calzada lateral, liberando as\u00ed a los peatones de su dif\u00edcil convivencia con las bicicletas, pero el resultado ser\u00e1 la afectaci\u00f3n de la circulaci\u00f3n por esta importante arteria de la ciudad.\u00a0Adem\u00e1s se har\u00e1n nuevos tramos en el paseo Maragall, en C\u00f3rcega, en la calle Independencia entre Meridiana y Sant Antoni Claret, que ya ha estado abierto este fin de semana, as\u00ed como la construcci\u00f3n de nuevos carriles bici en la calle Mallorca y en el paseo Mar\u00edtim. Pese a que el rechazo a la pol\u00edtica de Colau ha sido extraordinario, he aqu\u00ed por donde que la forma de votar de los barceloneses conduce a que su legado se eternice y crezca.\u00a0La pregunta es obligada: \u00bfde qu\u00e9 han servido las elecciones municipales en Barcelona? &nbsp;<\/p>\n","protected":false},"author":78,"featured_media":68885,"comment_status":"open","ping_status":"open","sticky":false,"template":"","format":"standard","meta":{"_FSMCFIC_featured_image_caption":"","_FSMCFIC_featured_image_nocaption":"","_FSMCFIC_featured_image_hide":"","footnotes":""},"categories":[3787,806],"tags":[4639,1896],"class_list":["post-68896","post","type-post","status-publish","format-standard","has-post-thumbnail","hentry","category-expedient-barcelona-es","category-punts-claus-del-dia-es","tag-bicicletas","tag-transito"],"yoast_head":"<!-- This site is optimized with the Yoast SEO plugin v26.8 - https:\/\/yoast.com\/product\/yoast-seo-wordpress\/ -->\n<title>Llega Collboni, crecen los atascos - Converses a Catalunya<\/title>\n<meta name=\"description\" content=\"Los atascos se multiplican por las obras de verano, pero tambi\u00e9n porque se sigue con el criterio de ir restringiendo carriles de circulaci\u00f3n\" \/>\n<meta name=\"robots\" content=\"index, follow, max-snippet:-1, max-image-preview:large, max-video-preview:-1\" \/>\n<link rel=\"canonical\" href=\"https:\/\/conversesacatalunya.cat\/es\/llega-collboni-crecen-los-atascos\/\" \/>\n<meta property=\"og:locale\" content=\"es_ES\" \/>\n<meta property=\"og:type\" content=\"article\" \/>\n<meta property=\"og:title\" content=\"Llega Collboni, crecen los atascos - Converses a Catalunya\" \/>\n<meta property=\"og:description\" content=\"Los atascos se multiplican por las obras de verano, pero tambi\u00e9n porque se sigue con el criterio de ir restringiendo carriles de circulaci\u00f3n\" \/>\n<meta property=\"og:url\" content=\"https:\/\/conversesacatalunya.cat\/es\/llega-collboni-crecen-los-atascos\/\" \/>\n<meta property=\"og:site_name\" content=\"Converses a Catalunya\" \/>\n<meta property=\"article:published_time\" content=\"2023-07-04T08:59:20+00:00\" \/>\n<meta property=\"article:modified_time\" content=\"2023-07-04T16:21:52+00:00\" \/>\n<meta property=\"og:image\" content=\"https:\/\/conversesacatalunya.cat\/wp-content\/uploads\/2023\/07\/embussos.jpg\" \/>\n\t<meta property=\"og:image:width\" content=\"1600\" \/>\n\t<meta property=\"og:image:height\" content=\"900\" \/>\n\t<meta property=\"og:image:type\" content=\"image\/jpeg\" \/>\n<meta name=\"author\" content=\"Joan Masip\" \/>\n<meta name=\"twitter:card\" content=\"summary_large_image\" \/>\n<meta name=\"twitter:label1\" content=\"Escrito por\" \/>\n\t<meta name=\"twitter:data1\" content=\"Joan Masip\" \/>\n\t<meta name=\"twitter:label2\" content=\"Tiempo de lectura\" \/>\n\t<meta name=\"twitter:data2\" content=\"3 minutos\" \/>\n<script type=\"application\/ld+json\" class=\"yoast-schema-graph\">{\"@context\":\"https:\/\/schema.org\",\"@graph\":[{\"@type\":\"Article\",\"@id\":\"https:\/\/conversesacatalunya.cat\/es\/llega-collboni-crecen-los-atascos\/#article\",\"isPartOf\":{\"@id\":\"https:\/\/conversesacatalunya.cat\/es\/llega-collboni-crecen-los-atascos\/\"},\"author\":{\"name\":\"Joan Masip\",\"@id\":\"https:\/\/conversesacatalunya.cat\/#\/schema\/person\/311d0bf53def217d5124c78a7bc42275\"},\"headline\":\"Llega Collboni, crecen los atascos\",\"datePublished\":\"2023-07-04T08:59:20+00:00\",\"dateModified\":\"2023-07-04T16:21:52+00:00\",\"mainEntityOfPage\":{\"@id\":\"https:\/\/conversesacatalunya.cat\/es\/llega-collboni-crecen-los-atascos\/\"},\"wordCount\":547,\"commentCount\":0,\"image\":{\"@id\":\"https:\/\/conversesacatalunya.cat\/es\/llega-collboni-crecen-los-atascos\/#primaryimage\"},\"thumbnailUrl\":\"https:\/\/conversesacatalunya.cat\/wp-content\/uploads\/2023\/07\/embussos.jpg\",\"keywords\":[\"bicicletas\",\"tr\u00e1nsito\"],\"articleSection\":[\"Expedient Barcelona (ES)\",\"Punts clau del dia (ES)\"],\"inLanguage\":\"es\",\"potentialAction\":[{\"@type\":\"CommentAction\",\"name\":\"Comment\",\"target\":[\"https:\/\/conversesacatalunya.cat\/es\/llega-collboni-crecen-los-atascos\/#respond\"]}]},{\"@type\":\"WebPage\",\"@id\":\"https:\/\/conversesacatalunya.cat\/es\/llega-collboni-crecen-los-atascos\/\",\"url\":\"https:\/\/conversesacatalunya.cat\/es\/llega-collboni-crecen-los-atascos\/\",\"name\":\"Llega Collboni, crecen los atascos - Converses a Catalunya\",\"isPartOf\":{\"@id\":\"https:\/\/conversesacatalunya.cat\/#website\"},\"primaryImageOfPage\":{\"@id\":\"https:\/\/conversesacatalunya.cat\/es\/llega-collboni-crecen-los-atascos\/#primaryimage\"},\"image\":{\"@id\":\"https:\/\/conversesacatalunya.cat\/es\/llega-collboni-crecen-los-atascos\/#primaryimage\"},\"thumbnailUrl\":\"https:\/\/conversesacatalunya.cat\/wp-content\/uploads\/2023\/07\/embussos.jpg\",\"datePublished\":\"2023-07-04T08:59:20+00:00\",\"dateModified\":\"2023-07-04T16:21:52+00:00\",\"author\":{\"@id\":\"https:\/\/conversesacatalunya.cat\/#\/schema\/person\/311d0bf53def217d5124c78a7bc42275\"},\"description\":\"Los atascos se multiplican por las obras de verano, pero tambi\u00e9n porque se sigue con el criterio de ir restringiendo carriles de circulaci\u00f3n\",\"breadcrumb\":{\"@id\":\"https:\/\/conversesacatalunya.cat\/es\/llega-collboni-crecen-los-atascos\/#breadcrumb\"},\"inLanguage\":\"es\",\"potentialAction\":[{\"@type\":\"ReadAction\",\"target\":[\"https:\/\/conversesacatalunya.cat\/es\/llega-collboni-crecen-los-atascos\/\"]}]},{\"@type\":\"ImageObject\",\"inLanguage\":\"es\",\"@id\":\"https:\/\/conversesacatalunya.cat\/es\/llega-collboni-crecen-los-atascos\/#primaryimage\",\"url\":\"https:\/\/conversesacatalunya.cat\/wp-content\/uploads\/2023\/07\/embussos.jpg\",\"contentUrl\":\"https:\/\/conversesacatalunya.cat\/wp-content\/uploads\/2023\/07\/embussos.jpg\",\"width\":1600,\"height\":900,\"caption\":\"embussos Barcelona\"},{\"@type\":\"BreadcrumbList\",\"@id\":\"https:\/\/conversesacatalunya.cat\/es\/llega-collboni-crecen-los-atascos\/#breadcrumb\",\"itemListElement\":[{\"@type\":\"ListItem\",\"position\":1,\"name\":\"Inici\",\"item\":\"https:\/\/conversesacatalunya.cat\/es\/\"},{\"@type\":\"ListItem\",\"position\":2,\"name\":\"Llega Collboni, crecen los atascos\"}]},{\"@type\":\"WebSite\",\"@id\":\"https:\/\/conversesacatalunya.cat\/#website\",\"url\":\"https:\/\/conversesacatalunya.cat\/\",\"name\":\"Converses a Catalunya\",\"description\":\"\",\"potentialAction\":[{\"@type\":\"SearchAction\",\"target\":{\"@type\":\"EntryPoint\",\"urlTemplate\":\"https:\/\/conversesacatalunya.cat\/?s={search_term_string}\"},\"query-input\":{\"@type\":\"PropertyValueSpecification\",\"valueRequired\":true,\"valueName\":\"search_term_string\"}}],\"inLanguage\":\"es\"},{\"@type\":\"Person\",\"@id\":\"https:\/\/conversesacatalunya.cat\/#\/schema\/person\/311d0bf53def217d5124c78a7bc42275\",\"name\":\"Joan Masip\",\"image\":{\"@type\":\"ImageObject\",\"inLanguage\":\"es\",\"@id\":\"https:\/\/conversesacatalunya.cat\/#\/schema\/person\/image\/\",\"url\":\"https:\/\/conversesacatalunya.cat\/wp-content\/litespeed\/avatar\/fa67b994763cff7d443f54b63ec96481.jpg?ver=1777372547\",\"contentUrl\":\"https:\/\/conversesacatalunya.cat\/wp-content\/litespeed\/avatar\/fa67b994763cff7d443f54b63ec96481.jpg?ver=1777372547\",\"caption\":\"Joan Masip\"},\"url\":\"https:\/\/conversesacatalunya.cat\/es\/author\/joan-masip\/\"}]}<\/script>\n<!-- \/ Yoast SEO plugin. -->","yoast_head_json":{"title":"Llega Collboni, crecen los atascos - Converses a Catalunya","description":"Los atascos se multiplican por las obras de verano, pero tambi\u00e9n porque se sigue con el criterio de ir restringiendo carriles de circulaci\u00f3n","robots":{"index":"index","follow":"follow","max-snippet":"max-snippet:-1","max-image-preview":"max-image-preview:large","max-video-preview":"max-video-preview:-1"},"canonical":"https:\/\/conversesacatalunya.cat\/es\/llega-collboni-crecen-los-atascos\/","og_locale":"es_ES","og_type":"article","og_title":"Llega Collboni, crecen los atascos - Converses a Catalunya","og_description":"Los atascos se multiplican por las obras de verano, pero tambi\u00e9n porque se sigue con el criterio de ir restringiendo carriles de circulaci\u00f3n","og_url":"https:\/\/conversesacatalunya.cat\/es\/llega-collboni-crecen-los-atascos\/","og_site_name":"Converses a Catalunya","article_published_time":"2023-07-04T08:59:20+00:00","article_modified_time":"2023-07-04T16:21:52+00:00","og_image":[{"width":1600,"height":900,"url":"https:\/\/conversesacatalunya.cat\/wp-content\/uploads\/2023\/07\/embussos.jpg","type":"image\/jpeg"}],"author":"Joan Masip","twitter_card":"summary_large_image","twitter_misc":{"Escrito por":"Joan Masip","Tiempo de lectura":"3 minutos"},"schema":{"@context":"https:\/\/schema.org","@graph":[{"@type":"Article","@id":"https:\/\/conversesacatalunya.cat\/es\/llega-collboni-crecen-los-atascos\/#article","isPartOf":{"@id":"https:\/\/conversesacatalunya.cat\/es\/llega-collboni-crecen-los-atascos\/"},"author":{"name":"Joan Masip","@id":"https:\/\/conversesacatalunya.cat\/#\/schema\/person\/311d0bf53def217d5124c78a7bc42275"},"headline":"Llega Collboni, crecen los atascos","datePublished":"2023-07-04T08:59:20+00:00","dateModified":"2023-07-04T16:21:52+00:00","mainEntityOfPage":{"@id":"https:\/\/conversesacatalunya.cat\/es\/llega-collboni-crecen-los-atascos\/"},"wordCount":547,"commentCount":0,"image":{"@id":"https:\/\/conversesacatalunya.cat\/es\/llega-collboni-crecen-los-atascos\/#primaryimage"},"thumbnailUrl":"https:\/\/conversesacatalunya.cat\/wp-content\/uploads\/2023\/07\/embussos.jpg","keywords":["bicicletas","tr\u00e1nsito"],"articleSection":["Expedient Barcelona (ES)","Punts clau del dia (ES)"],"inLanguage":"es","potentialAction":[{"@type":"CommentAction","name":"Comment","target":["https:\/\/conversesacatalunya.cat\/es\/llega-collboni-crecen-los-atascos\/#respond"]}]},{"@type":"WebPage","@id":"https:\/\/conversesacatalunya.cat\/es\/llega-collboni-crecen-los-atascos\/","url":"https:\/\/conversesacatalunya.cat\/es\/llega-collboni-crecen-los-atascos\/","name":"Llega Collboni, crecen los atascos - Converses a Catalunya","isPartOf":{"@id":"https:\/\/conversesacatalunya.cat\/#website"},"primaryImageOfPage":{"@id":"https:\/\/conversesacatalunya.cat\/es\/llega-collboni-crecen-los-atascos\/#primaryimage"},"image":{"@id":"https:\/\/conversesacatalunya.cat\/es\/llega-collboni-crecen-los-atascos\/#primaryimage"},"thumbnailUrl":"https:\/\/conversesacatalunya.cat\/wp-content\/uploads\/2023\/07\/embussos.jpg","datePublished":"2023-07-04T08:59:20+00:00","dateModified":"2023-07-04T16:21:52+00:00","author":{"@id":"https:\/\/conversesacatalunya.cat\/#\/schema\/person\/311d0bf53def217d5124c78a7bc42275"},"description":"Los atascos se multiplican por las obras de verano, pero tambi\u00e9n porque se sigue con el criterio de ir restringiendo carriles de circulaci\u00f3n","breadcrumb":{"@id":"https:\/\/conversesacatalunya.cat\/es\/llega-collboni-crecen-los-atascos\/#breadcrumb"},"inLanguage":"es","potentialAction":[{"@type":"ReadAction","target":["https:\/\/conversesacatalunya.cat\/es\/llega-collboni-crecen-los-atascos\/"]}]},{"@type":"ImageObject","inLanguage":"es","@id":"https:\/\/conversesacatalunya.cat\/es\/llega-collboni-crecen-los-atascos\/#primaryimage","url":"https:\/\/conversesacatalunya.cat\/wp-content\/uploads\/2023\/07\/embussos.jpg","contentUrl":"https:\/\/conversesacatalunya.cat\/wp-content\/uploads\/2023\/07\/embussos.jpg","width":1600,"height":900,"caption":"embussos Barcelona"},{"@type":"BreadcrumbList","@id":"https:\/\/conversesacatalunya.cat\/es\/llega-collboni-crecen-los-atascos\/#breadcrumb","itemListElement":[{"@type":"ListItem","position":1,"name":"Inici","item":"https:\/\/conversesacatalunya.cat\/es\/"},{"@type":"ListItem","position":2,"name":"Llega Collboni, crecen los atascos"}]},{"@type":"WebSite","@id":"https:\/\/conversesacatalunya.cat\/#website","url":"https:\/\/conversesacatalunya.cat\/","name":"Converses a Catalunya","description":"","potentialAction":[{"@type":"SearchAction","target":{"@type":"EntryPoint","urlTemplate":"https:\/\/conversesacatalunya.cat\/?s={search_term_string}"},"query-input":{"@type":"PropertyValueSpecification","valueRequired":true,"valueName":"search_term_string"}}],"inLanguage":"es"},{"@type":"Person","@id":"https:\/\/conversesacatalunya.cat\/#\/schema\/person\/311d0bf53def217d5124c78a7bc42275","name":"Joan Masip","image":{"@type":"ImageObject","inLanguage":"es","@id":"https:\/\/conversesacatalunya.cat\/#\/schema\/person\/image\/","url":"https:\/\/conversesacatalunya.cat\/wp-content\/litespeed\/avatar\/fa67b994763cff7d443f54b63ec96481.jpg?ver=1777372547","contentUrl":"https:\/\/conversesacatalunya.cat\/wp-content\/litespeed\/avatar\/fa67b994763cff7d443f54b63ec96481.jpg?ver=1777372547","caption":"Joan Masip"},"url":"https:\/\/conversesacatalunya.cat\/es\/author\/joan-masip\/"}]}},"wps_subtitle":"Los atascos se multiplican por las obras de verano, pero tambi\u00e9n porque se sigue con el criterio de ir restringiendo carriles de circulaci\u00f3n para autom\u00f3viles.","_links":{"self":[{"href":"https:\/\/conversesacatalunya.cat\/es\/wp-json\/wp\/v2\/posts\/68896","targetHints":{"allow":["GET"]}}],"collection":[{"href":"https:\/\/conversesacatalunya.cat\/es\/wp-json\/wp\/v2\/posts"}],"about":[{"href":"https:\/\/conversesacatalunya.cat\/es\/wp-json\/wp\/v2\/types\/post"}],"author":[{"embeddable":true,"href":"https:\/\/conversesacatalunya.cat\/es\/wp-json\/wp\/v2\/users\/78"}],"replies":[{"embeddable":true,"href":"https:\/\/conversesacatalunya.cat\/es\/wp-json\/wp\/v2\/comments?post=68896"}],"version-history":[{"count":2,"href":"https:\/\/conversesacatalunya.cat\/es\/wp-json\/wp\/v2\/posts\/68896\/revisions"}],"predecessor-version":[{"id":68898,"href":"https:\/\/conversesacatalunya.cat\/es\/wp-json\/wp\/v2\/posts\/68896\/revisions\/68898"}],"wp:featuredmedia":[{"embeddable":true,"href":"https:\/\/conversesacatalunya.cat\/es\/wp-json\/wp\/v2\/media\/68885"}],"wp:attachment":[{"href":"https:\/\/conversesacatalunya.cat\/es\/wp-json\/wp\/v2\/media?parent=68896"}],"wp:term":[{"taxonomy":"category","embeddable":true,"href":"https:\/\/conversesacatalunya.cat\/es\/wp-json\/wp\/v2\/categories?post=68896"},{"taxonomy":"post_tag","embeddable":true,"href":"https:\/\/conversesacatalunya.cat\/es\/wp-json\/wp\/v2\/tags?post=68896"}],"curies":[{"name":"wp","href":"https:\/\/api.w.org\/{rel}","templated":true}]}}