{"id":68791,"date":"2023-06-30T12:12:58","date_gmt":"2023-06-30T10:12:58","guid":{"rendered":"https:\/\/conversesacatalunya.cat\/el-frau-dels-refugis-climatics-de-colau-collboni\/"},"modified":"2023-07-01T11:02:11","modified_gmt":"2023-07-01T09:02:11","slug":"el-fraude-de-los-refugios-climaticos-de-colau-collboni","status":"publish","type":"post","link":"https:\/\/conversesacatalunya.cat\/es\/el-fraude-de-los-refugios-climaticos-de-colau-collboni\/","title":{"rendered":"El fraude de los refugios clim\u00e1ticos de Colau (&#038;Collboni)"},"content":{"rendered":"<p><span><span class=\"\">Como en otras tantas cuestiones, los\u00a0<\/span><\/span><a href=\"https:\/\/conversesacatalunya.cat\/es\/barcelona-isla-de-calor-que-mata\/\" target=\"_blank\" rel=\"noopener\"><strong><span><span class=\"\">refugios clim\u00e1ticos de Ada Colau<\/span><\/span><\/strong><\/a><span><span class=\"\">\u00a0son en su mayor parte un bluf.\u00a0<\/span>Ahora que ya no est\u00e1 en el poder comienza la revisi\u00f3n de sus 8 a\u00f1os de gobierno, la mayor\u00eda acompa\u00f1ados del actual alcalde Collboni, donde muchas llagas, errores y manipulaciones quedaban ocultadas por la publicidad y la propia fuerza del poder y que ahora se van haciendo evidentes.<\/span><\/p>\n<p><span>Por ejemplo, ha saltado a la luz p\u00fablica el esc\u00e1ndalo de los\u00a0<\/span><strong><span>pisos de acogida para personas en situaci\u00f3n de emergencia habitacional<\/span><\/strong><span>\u00a0y las p\u00e9simas condiciones en las que se encuentran y gestionan.\u00a0Y al hilo de todo ello, hemos sabido que en realidad estas viviendas son gestionadas por una empresa privada a la que el Ayuntamiento paga por realizar la gesti\u00f3n y que leg\u00edtimamente la empresa busca obtener un beneficio.\u00a0El desastre puede ser atribuido a la empresa que lo gestiona, pero sobre todo y en primer t\u00e9rmino a la\u00a0<\/span><strong><span>carencia de supervisi\u00f3n municipal<\/span><\/strong><span>\u00a0que es quien tiene la responsabilidad sobre este servicio.\u00a0Una contradicci\u00f3n m\u00e1s de los comuns.<\/span><\/p>\n<blockquote><p><span>Quienes quer\u00edan municipalizarlo todo, cuando tienen ocasi\u00f3n de realizar un servicio municipal para los m\u00e1s vulnerables, lo traspasan a la empresa privada.<\/span><\/p><\/blockquote>\n<p><span>Tambi\u00e9n ahora se ven las consecuencias largamente anunciadas de creaci\u00f3n de desigualdad con la operaci\u00f3n de Consell de Cent que se est\u00e1 convirtiendo a pasos acelerados en un eje que m\u00e1s que verde, es de <strong><a href=\"https:\/\/conversesacatalunya.cat\/es\/todo-lo-que-ha-tocado-colau-lo-ha-danado-la-gentrificacion-del-eixample\/\" target=\"_blank\" rel=\"noopener\">gentrificaci\u00f3n\u00a0\u00a0<\/a><\/strong><\/span><strong><span>de la ciudad<\/span><\/strong><span> mientras la calle Valencia se degrada d\u00eda s\u00ed, d\u00eda tambi\u00e9n.<\/span><\/p>\n<p><span>Y ahora de lo que toca hablar en plena ola de calor es de los <strong>refugios clim\u00e1ticos<\/strong> abombados por Ada Colau como un ejemplo de su acci\u00f3n para una ciudad m\u00e1s adaptada a las necesidades de los ciudadanos.\u00a0Pero en la pr\u00e1ctica se ve que es un inmenso bluf que ha durado lo que ha hecho la propaganda municipal, los folletos y cartelitos que adornaron la ciudad.\u00a0Colgaban un cartel en la puerta de un parque declar\u00e1ndole refugio clim\u00e1tico y ya est\u00e1.\u00a0O se\u00f1alaban que una biblioteca p\u00fablica o una escuela que ten\u00edan aire acondicionado era tambi\u00e9n un refugio clim\u00e1tico.\u00a0En la pr\u00e1ctica, no llevaron a cabo ning\u00fan proyecto de dimensi\u00f3n relacionado con esta cuesti\u00f3n.<\/span><\/p>\n<p><span>Y esto por varias razones.\u00a0Primero porque lo que hac\u00edan era\u00a0<\/span><strong><span>aprovechar lo que ya se ten\u00eda<\/span><\/strong><span>\u00a0sin incorporar mejor\u00eda, caso de los parques y zonas arboladas.\u00a0Segunda, porque hac\u00edan referencia a\u00a0<\/span><strong><span>edificios municipales que no eran accesibles<\/span><\/strong><span> a lo largo de todo el d\u00eda ni sobre todo los fines de semana y la accesibilidad es una de las condiciones fundamentales de estos refugios, que tambi\u00e9n deben cumplir la condici\u00f3n de disponer de un dise\u00f1o que admita su acceso a personas con discapacidad y necesidades especiales.<\/span><\/p>\n<p><span>De hecho, lo que ha llevado a cabo Colau es lo que en la jerga se conoce como\u00a0<\/span><em><span>clima\u00a0<\/span><\/em><em><span>\u00a0washing<\/span><\/em><span>\u00a0, que significa un\u00a0\u00a0<\/span><strong><span>lavado de cara<\/span><\/strong><span>\u00a0apelando a la acci\u00f3n clim\u00e1tica.\u00a0Barcelona no tiene una red de refugios clim\u00e1ticos, esto es lo que hay que situar en primer t\u00e9rmino, y la necesita, y adem\u00e1s la poblaci\u00f3n no est\u00e1 enterada de d\u00f3nde est\u00e1n los utilizables ni de cu\u00e1ndo se pueden utilizar.\u00a0Fue una pura operaci\u00f3n de imagen.<\/span><\/p>\n<p><span>Pero es que adem\u00e1s los refugios clim\u00e1ticos son s\u00f3lo parte de la respuesta.\u00a0La meteorolog\u00eda pide aumentar la\u00a0<\/span><strong><span>cobertura verde,<\/span><\/strong><span>\u00a0entendida como \u00e1rboles y mejorar su frondosidad, algo que en Barcelona no se ha hecho.\u00a0Reduciendo el asfalto y las plazas duras transform\u00e1ndolas en zonas verdes y creando l\u00e1minas de agua.\u00a0Situando protectores y grandes lonas de protecci\u00f3n del sol en las calles donde es posible, multiplicando los manantiales y todo lo que permita reducir la temperatura ambiental. Pero es que, adem\u00e1s, es fundamental ayudar a que las viviendas est\u00e9n en condiciones de poder soportar las oleadas de calores cada vez m\u00e1s frecuentes y que multiplica el efecto de la isla de calor que son las ciudades.<\/span><\/p>\n<p><span>La prioridad son las personas m\u00e1s vulnerables, y \u00e9stas son las que tienen mayor dificultad para trasladarse a lugares de mejor temperatura.\u00a0Pero es que adem\u00e1s uno de los problemas de Barcelona es el crecimiento extraordinario de las denominadas\u00a0<\/span><strong><span>noches tropicales,<\/span><\/strong><span>\u00a0cuando la temperatura sube muy por encima de los 20 grados e impide el descanso.\u00a0Seguramente \u00e9ste, en el caso de la capital de Catalunya, es el peligro m\u00e1s insidioso de todos porque no provoca choques repentinos, pero deteriora la salud un d\u00eda tras otro si no se adoptan medidas.\u00a0Y esto tiene que ver con las condiciones de las viviendas.<\/span><\/p>\n<p><span>Una prioridad de la acci\u00f3n municipal es conseguir que el interior de las viviendas no superen los 27 grados durante el verano y que en las noches la temperatura no est\u00e9 por encima de los 22 grados.\u00a0<span class=\"VIpgJd-yAWNEb-VIpgJd-fmcmS-sn54Q\">Es evidente que instalar aire acondicionado en todas partes es una soluci\u00f3n extraordinariamente costosa y de un elevado consumo energ\u00e9tico, pero s\u00ed que se pueden adoptar medidas pasivas m\u00e1s econ\u00f3micas e incluso facilitar y extender el uso de ventiladores y humidificadores que ayudan a mantener condiciones ambientales mucho m\u00e1s aceptables.<\/span><\/span><\/p>\n<p><span>En definitiva y despu\u00e9s de 8 a\u00f1os del ecologismo de los comuns y del PSC, de hablar y no parar de la crisis del clima, resulta que estamos m\u00e1s indefensos que nunca porque las condiciones extremas de aqu\u00e9l son m\u00e1s frecuentes mientras que la inacci\u00f3n municipal ha sido la principal caracter\u00edstica.<\/span><\/p>\n<div id=\"polls-202\" class=\"wp-polls\">\n\t<form id=\"polls_form_202\" class=\"wp-polls-form\" action=\"\/index.php\" method=\"post\">\n\t\t<p style=\"display: none;\"><input type=\"hidden\" id=\"poll_202_nonce\" name=\"wp-polls-nonce\" value=\"cf7fef2d70\" \/><\/p>\n\t\t<p style=\"display: none;\"><input type=\"hidden\" name=\"poll_id\" value=\"202\" \/><\/p>\n\t\t<p style=\"text-align: center\"><strong>L'escenari econ\u00f2mic actual, afavoreix o perjudica electoralment a S\u00e1nchez?<\/strong><\/p><div id=\"polls-202-ans\" class=\"wp-polls-ans\"><ul class=\"wp-polls-ul\">\n\t\t<li><input type=\"radio\" id=\"poll-answer-561\" name=\"poll_202\" value=\"561\" \/> <label for=\"poll-answer-561\">Afavoreix<\/label><\/li>\n\t\t<li><input type=\"radio\" id=\"poll-answer-562\" name=\"poll_202\" value=\"562\" \/> <label for=\"poll-answer-562\">Perjudica<\/label><\/li>\n\t\t<li><input type=\"radio\" id=\"poll-answer-563\" name=\"poll_202\" value=\"563\" \/> <label for=\"poll-answer-563\">\u00c9s indiferent<\/label><\/li>\n\t\t<\/ul><p style=\"text-align: center\"><input type=\"button\" name=\"vote\" value=\"   Vota   \" class=\"Buttons\" onclick=\"poll_vote(202);\" \/><\/p><p style=\"text-align: center\"><a href=\"#ViewPollResults\" onclick=\"poll_result(202); return false;\" title=\"View Results Of This Poll\">Mira els resultats<\/a><\/p><\/div>\n\t<\/form>\n<\/div>\n<div id=\"polls-202-loading\" class=\"wp-polls-loading\"><img decoding=\"async\" data-src=\"https:\/\/conversesacatalunya.cat\/wp-content\/plugins\/wp-polls\/images\/loading.gif\" width=\"16\" height=\"16\" alt=\"Cargando ...\" title=\"Cargando ...\" class=\"wp-polls-image lazyload\" src=\"data:image\/svg+xml;base64,PHN2ZyB3aWR0aD0iMSIgaGVpZ2h0PSIxIiB4bWxucz0iaHR0cDovL3d3dy53My5vcmcvMjAwMC9zdmciPjwvc3ZnPg==\" style=\"--smush-placeholder-width: 16px; --smush-placeholder-aspect-ratio: 16\/16;\" \/>&nbsp;Cargando ...<\/div>\n\n","protected":false},"excerpt":{"rendered":"<p>Como en otras tantas cuestiones, los\u00a0refugios clim\u00e1ticos de Ada Colau\u00a0son en su mayor parte un bluf.\u00a0Ahora que ya no est\u00e1 en el poder comienza la revisi\u00f3n de sus 8 a\u00f1os de gobierno, la mayor\u00eda acompa\u00f1ados del actual alcalde Collboni, donde muchas llagas, errores y manipulaciones quedaban ocultadas por la publicidad y la propia fuerza del poder y que ahora se van haciendo evidentes. Por ejemplo, ha saltado a la luz p\u00fablica el esc\u00e1ndalo de los\u00a0pisos de acogida para personas en situaci\u00f3n de emergencia habitacional\u00a0y las p\u00e9simas condiciones en las que se encuentran y gestionan.\u00a0Y al hilo de todo ello, hemos sabido que en realidad estas viviendas son gestionadas por una empresa privada a la que el Ayuntamiento paga por realizar la gesti\u00f3n y que leg\u00edtimamente la empresa busca obtener un beneficio.\u00a0El desastre puede ser atribuido a la empresa que lo gestiona, pero sobre todo y en primer t\u00e9rmino a la\u00a0carencia de supervisi\u00f3n municipal\u00a0que es quien tiene la responsabilidad sobre este servicio.\u00a0Una contradicci\u00f3n m\u00e1s de los comuns. Quienes quer\u00edan municipalizarlo todo, cuando tienen ocasi\u00f3n de realizar un servicio municipal para los m\u00e1s vulnerables, lo traspasan a la empresa privada. Tambi\u00e9n ahora se ven las consecuencias largamente anunciadas de creaci\u00f3n de desigualdad con la operaci\u00f3n de Consell de Cent que se est\u00e1 convirtiendo a pasos acelerados en un eje que m\u00e1s que verde, es de gentrificaci\u00f3n\u00a0\u00a0de la ciudad mientras la calle Valencia se degrada d\u00eda s\u00ed, d\u00eda tambi\u00e9n. Y ahora de lo que toca hablar en plena ola de calor es de los refugios clim\u00e1ticos abombados por Ada Colau como un ejemplo de su acci\u00f3n para una ciudad m\u00e1s adaptada a las necesidades de los ciudadanos.\u00a0Pero en la pr\u00e1ctica se ve que es un inmenso bluf que ha durado lo que ha hecho la propaganda municipal, los folletos y cartelitos que adornaron la ciudad.\u00a0Colgaban un cartel en la puerta de un parque declar\u00e1ndole refugio clim\u00e1tico y ya est\u00e1.\u00a0O se\u00f1alaban que una biblioteca p\u00fablica o una escuela que ten\u00edan aire acondicionado era tambi\u00e9n un refugio clim\u00e1tico.\u00a0En la pr\u00e1ctica, no llevaron a cabo ning\u00fan proyecto de dimensi\u00f3n relacionado con esta cuesti\u00f3n. Y esto por varias razones.\u00a0Primero porque lo que hac\u00edan era\u00a0aprovechar lo que ya se ten\u00eda\u00a0sin incorporar mejor\u00eda, caso de los parques y zonas arboladas.\u00a0Segunda, porque hac\u00edan referencia a\u00a0edificios municipales que no eran accesibles a lo largo de todo el d\u00eda ni sobre todo los fines de semana y la accesibilidad es una de las condiciones fundamentales de estos refugios, que tambi\u00e9n deben cumplir la condici\u00f3n de disponer de un dise\u00f1o que admita su acceso a personas con discapacidad y necesidades especiales. De hecho, lo que ha llevado a cabo Colau es lo que en la jerga se conoce como\u00a0clima\u00a0\u00a0washing\u00a0, que significa un\u00a0\u00a0lavado de cara\u00a0apelando a la acci\u00f3n clim\u00e1tica.\u00a0Barcelona no tiene una red de refugios clim\u00e1ticos, esto es lo que hay que situar en primer t\u00e9rmino, y la necesita, y adem\u00e1s la poblaci\u00f3n no est\u00e1 enterada de d\u00f3nde est\u00e1n los utilizables ni de cu\u00e1ndo se pueden utilizar.\u00a0Fue una pura operaci\u00f3n de imagen. Pero es que adem\u00e1s los refugios clim\u00e1ticos son s\u00f3lo parte de la respuesta.\u00a0La meteorolog\u00eda pide aumentar la\u00a0cobertura verde,\u00a0entendida como \u00e1rboles y mejorar su frondosidad, algo que en Barcelona no se ha hecho.\u00a0Reduciendo el asfalto y las plazas duras transform\u00e1ndolas en zonas verdes y creando l\u00e1minas de agua.\u00a0Situando protectores y grandes lonas de protecci\u00f3n del sol en las calles donde es posible, multiplicando los manantiales y todo lo que permita reducir la temperatura ambiental. Pero es que, adem\u00e1s, es fundamental ayudar a que las viviendas est\u00e9n en condiciones de poder soportar las oleadas de calores cada vez m\u00e1s frecuentes y que multiplica el efecto de la isla de calor que son las ciudades. La prioridad son las personas m\u00e1s vulnerables, y \u00e9stas son las que tienen mayor dificultad para trasladarse a lugares de mejor temperatura.\u00a0Pero es que adem\u00e1s uno de los problemas de Barcelona es el crecimiento extraordinario de las denominadas\u00a0noches tropicales,\u00a0cuando la temperatura sube muy por encima de los 20 grados e impide el descanso.\u00a0Seguramente \u00e9ste, en el caso de la capital de Catalunya, es el peligro m\u00e1s insidioso de todos porque no provoca choques repentinos, pero deteriora la salud un d\u00eda tras otro si no se adoptan medidas.\u00a0Y esto tiene que ver con las condiciones de las viviendas. Una prioridad de la acci\u00f3n municipal es conseguir que el interior de las viviendas no superen los 27 grados durante el verano y que en las noches la temperatura no est\u00e9 por encima de los 22 grados.\u00a0Es evidente que instalar aire acondicionado en todas partes es una soluci\u00f3n extraordinariamente costosa y de un elevado consumo energ\u00e9tico, pero s\u00ed que se pueden adoptar medidas pasivas m\u00e1s econ\u00f3micas e incluso facilitar y extender el uso de ventiladores y humidificadores que ayudan a mantener condiciones ambientales mucho m\u00e1s aceptables. En definitiva y despu\u00e9s de 8 a\u00f1os del ecologismo de los comuns y del PSC, de hablar y no parar de la crisis del clima, resulta que estamos m\u00e1s indefensos que nunca porque las condiciones extremas de aqu\u00e9l son m\u00e1s frecuentes mientras que la inacci\u00f3n municipal ha sido la principal caracter\u00edstica.<\/p>\n","protected":false},"author":2,"featured_media":68773,"comment_status":"open","ping_status":"open","sticky":false,"template":"","format":"standard","meta":{"_FSMCFIC_featured_image_caption":"","_FSMCFIC_featured_image_nocaption":"","_FSMCFIC_featured_image_hide":"","footnotes":""},"categories":[3787,806],"tags":[5010],"class_list":["post-68791","post","type-post","status-publish","format-standard","has-post-thumbnail","hentry","category-expedient-barcelona-es","category-punts-claus-del-dia-es","tag-refugios-climaticos"],"yoast_head":"<!-- This site is optimized with the Yoast SEO plugin v26.8 - https:\/\/yoast.com\/product\/yoast-seo-wordpress\/ -->\n<title>El fraude de los refugios clim\u00e1ticos de Colau (&amp;Collboni)<\/title>\n<meta name=\"description\" content=\"Quienes quer\u00edan municipalizarlo todo, cuando tienen ocasi\u00f3n de realizar un servicio municipal para los m\u00e1s vulnerables, lo traspasan a la empresa privada.\" \/>\n<meta name=\"robots\" content=\"index, follow, max-snippet:-1, max-image-preview:large, max-video-preview:-1\" \/>\n<link rel=\"canonical\" href=\"https:\/\/conversesacatalunya.cat\/es\/el-fraude-de-los-refugios-climaticos-de-colau-collboni\/\" \/>\n<meta property=\"og:locale\" content=\"es_ES\" \/>\n<meta property=\"og:type\" content=\"article\" \/>\n<meta property=\"og:title\" content=\"El fraude de los refugios clim\u00e1ticos de Colau (&amp;Collboni)\" \/>\n<meta property=\"og:description\" content=\"Quienes quer\u00edan municipalizarlo todo, cuando tienen ocasi\u00f3n de realizar un servicio municipal para los m\u00e1s vulnerables, lo traspasan a la empresa privada.\" \/>\n<meta property=\"og:url\" content=\"https:\/\/conversesacatalunya.cat\/es\/el-fraude-de-los-refugios-climaticos-de-colau-collboni\/\" \/>\n<meta property=\"og:site_name\" content=\"Converses a Catalunya\" \/>\n<meta property=\"article:published_time\" content=\"2023-06-30T10:12:58+00:00\" \/>\n<meta property=\"article:modified_time\" content=\"2023-07-01T09:02:11+00:00\" \/>\n<meta property=\"og:image\" content=\"https:\/\/conversesacatalunya.cat\/wp-content\/uploads\/2023\/06\/refugiclimatic.jpg\" \/>\n\t<meta property=\"og:image:width\" content=\"640\" \/>\n\t<meta property=\"og:image:height\" content=\"384\" \/>\n\t<meta property=\"og:image:type\" content=\"image\/jpeg\" \/>\n<meta name=\"author\" content=\"conversesacatalunya\" \/>\n<meta name=\"twitter:card\" content=\"summary_large_image\" \/>\n<meta name=\"twitter:label1\" content=\"Escrito por\" \/>\n\t<meta name=\"twitter:data1\" content=\"conversesacatalunya\" \/>\n\t<meta name=\"twitter:label2\" content=\"Tiempo de lectura\" \/>\n\t<meta name=\"twitter:data2\" content=\"5 minutos\" \/>\n<script type=\"application\/ld+json\" class=\"yoast-schema-graph\">{\"@context\":\"https:\/\/schema.org\",\"@graph\":[{\"@type\":\"Article\",\"@id\":\"https:\/\/conversesacatalunya.cat\/es\/el-fraude-de-los-refugios-climaticos-de-colau-collboni\/#article\",\"isPartOf\":{\"@id\":\"https:\/\/conversesacatalunya.cat\/es\/el-fraude-de-los-refugios-climaticos-de-colau-collboni\/\"},\"author\":{\"name\":\"conversesacatalunya\",\"@id\":\"https:\/\/conversesacatalunya.cat\/#\/schema\/person\/7e24d1e54a2785373ddcb275eae5ed99\"},\"headline\":\"El fraude de los refugios clim\u00e1ticos de Colau (&#038;Collboni)\",\"datePublished\":\"2023-06-30T10:12:58+00:00\",\"dateModified\":\"2023-07-01T09:02:11+00:00\",\"mainEntityOfPage\":{\"@id\":\"https:\/\/conversesacatalunya.cat\/es\/el-fraude-de-los-refugios-climaticos-de-colau-collboni\/\"},\"wordCount\":974,\"commentCount\":0,\"image\":{\"@id\":\"https:\/\/conversesacatalunya.cat\/es\/el-fraude-de-los-refugios-climaticos-de-colau-collboni\/#primaryimage\"},\"thumbnailUrl\":\"https:\/\/conversesacatalunya.cat\/wp-content\/uploads\/2023\/06\/refugiclimatic.jpg\",\"keywords\":[\"Refugios clim\u00e1ticos\"],\"articleSection\":[\"Expedient Barcelona (ES)\",\"Punts clau del dia (ES)\"],\"inLanguage\":\"es\",\"potentialAction\":[{\"@type\":\"CommentAction\",\"name\":\"Comment\",\"target\":[\"https:\/\/conversesacatalunya.cat\/es\/el-fraude-de-los-refugios-climaticos-de-colau-collboni\/#respond\"]}]},{\"@type\":\"WebPage\",\"@id\":\"https:\/\/conversesacatalunya.cat\/es\/el-fraude-de-los-refugios-climaticos-de-colau-collboni\/\",\"url\":\"https:\/\/conversesacatalunya.cat\/es\/el-fraude-de-los-refugios-climaticos-de-colau-collboni\/\",\"name\":\"El fraude de los refugios clim\u00e1ticos de Colau (&Collboni)\",\"isPartOf\":{\"@id\":\"https:\/\/conversesacatalunya.cat\/#website\"},\"primaryImageOfPage\":{\"@id\":\"https:\/\/conversesacatalunya.cat\/es\/el-fraude-de-los-refugios-climaticos-de-colau-collboni\/#primaryimage\"},\"image\":{\"@id\":\"https:\/\/conversesacatalunya.cat\/es\/el-fraude-de-los-refugios-climaticos-de-colau-collboni\/#primaryimage\"},\"thumbnailUrl\":\"https:\/\/conversesacatalunya.cat\/wp-content\/uploads\/2023\/06\/refugiclimatic.jpg\",\"datePublished\":\"2023-06-30T10:12:58+00:00\",\"dateModified\":\"2023-07-01T09:02:11+00:00\",\"author\":{\"@id\":\"https:\/\/conversesacatalunya.cat\/#\/schema\/person\/7e24d1e54a2785373ddcb275eae5ed99\"},\"description\":\"Quienes quer\u00edan municipalizarlo todo, cuando tienen ocasi\u00f3n de realizar un servicio municipal para los m\u00e1s vulnerables, lo traspasan a la empresa privada.\",\"breadcrumb\":{\"@id\":\"https:\/\/conversesacatalunya.cat\/es\/el-fraude-de-los-refugios-climaticos-de-colau-collboni\/#breadcrumb\"},\"inLanguage\":\"es\",\"potentialAction\":[{\"@type\":\"ReadAction\",\"target\":[\"https:\/\/conversesacatalunya.cat\/es\/el-fraude-de-los-refugios-climaticos-de-colau-collboni\/\"]}]},{\"@type\":\"ImageObject\",\"inLanguage\":\"es\",\"@id\":\"https:\/\/conversesacatalunya.cat\/es\/el-fraude-de-los-refugios-climaticos-de-colau-collboni\/#primaryimage\",\"url\":\"https:\/\/conversesacatalunya.cat\/wp-content\/uploads\/2023\/06\/refugiclimatic.jpg\",\"contentUrl\":\"https:\/\/conversesacatalunya.cat\/wp-content\/uploads\/2023\/06\/refugiclimatic.jpg\",\"width\":640,\"height\":384,\"caption\":\"refugis clim\u00e0tics\"},{\"@type\":\"BreadcrumbList\",\"@id\":\"https:\/\/conversesacatalunya.cat\/es\/el-fraude-de-los-refugios-climaticos-de-colau-collboni\/#breadcrumb\",\"itemListElement\":[{\"@type\":\"ListItem\",\"position\":1,\"name\":\"Inici\",\"item\":\"https:\/\/conversesacatalunya.cat\/es\/\"},{\"@type\":\"ListItem\",\"position\":2,\"name\":\"El fraude de los refugios clim\u00e1ticos de Colau (&#038;Collboni)\"}]},{\"@type\":\"WebSite\",\"@id\":\"https:\/\/conversesacatalunya.cat\/#website\",\"url\":\"https:\/\/conversesacatalunya.cat\/\",\"name\":\"Converses a Catalunya\",\"description\":\"\",\"potentialAction\":[{\"@type\":\"SearchAction\",\"target\":{\"@type\":\"EntryPoint\",\"urlTemplate\":\"https:\/\/conversesacatalunya.cat\/?s={search_term_string}\"},\"query-input\":{\"@type\":\"PropertyValueSpecification\",\"valueRequired\":true,\"valueName\":\"search_term_string\"}}],\"inLanguage\":\"es\"},{\"@type\":\"Person\",\"@id\":\"https:\/\/conversesacatalunya.cat\/#\/schema\/person\/7e24d1e54a2785373ddcb275eae5ed99\",\"name\":\"conversesacatalunya\",\"image\":{\"@type\":\"ImageObject\",\"inLanguage\":\"es\",\"@id\":\"https:\/\/conversesacatalunya.cat\/#\/schema\/person\/image\/\",\"url\":\"https:\/\/conversesacatalunya.cat\/wp-content\/litespeed\/avatar\/febdfeeec89d950f01c748045a981dd2.jpg?ver=1777314535\",\"contentUrl\":\"https:\/\/conversesacatalunya.cat\/wp-content\/litespeed\/avatar\/febdfeeec89d950f01c748045a981dd2.jpg?ver=1777314535\",\"caption\":\"conversesacatalunya\"},\"url\":\"https:\/\/conversesacatalunya.cat\/es\/author\/carme_catala\/\"}]}<\/script>\n<!-- \/ Yoast SEO plugin. -->","yoast_head_json":{"title":"El fraude de los refugios clim\u00e1ticos de Colau (&Collboni)","description":"Quienes quer\u00edan municipalizarlo todo, cuando tienen ocasi\u00f3n de realizar un servicio municipal para los m\u00e1s vulnerables, lo traspasan a la empresa privada.","robots":{"index":"index","follow":"follow","max-snippet":"max-snippet:-1","max-image-preview":"max-image-preview:large","max-video-preview":"max-video-preview:-1"},"canonical":"https:\/\/conversesacatalunya.cat\/es\/el-fraude-de-los-refugios-climaticos-de-colau-collboni\/","og_locale":"es_ES","og_type":"article","og_title":"El fraude de los refugios clim\u00e1ticos de Colau (&Collboni)","og_description":"Quienes quer\u00edan municipalizarlo todo, cuando tienen ocasi\u00f3n de realizar un servicio municipal para los m\u00e1s vulnerables, lo traspasan a la empresa privada.","og_url":"https:\/\/conversesacatalunya.cat\/es\/el-fraude-de-los-refugios-climaticos-de-colau-collboni\/","og_site_name":"Converses a Catalunya","article_published_time":"2023-06-30T10:12:58+00:00","article_modified_time":"2023-07-01T09:02:11+00:00","og_image":[{"width":640,"height":384,"url":"https:\/\/conversesacatalunya.cat\/wp-content\/uploads\/2023\/06\/refugiclimatic.jpg","type":"image\/jpeg"}],"author":"conversesacatalunya","twitter_card":"summary_large_image","twitter_misc":{"Escrito por":"conversesacatalunya","Tiempo de lectura":"5 minutos"},"schema":{"@context":"https:\/\/schema.org","@graph":[{"@type":"Article","@id":"https:\/\/conversesacatalunya.cat\/es\/el-fraude-de-los-refugios-climaticos-de-colau-collboni\/#article","isPartOf":{"@id":"https:\/\/conversesacatalunya.cat\/es\/el-fraude-de-los-refugios-climaticos-de-colau-collboni\/"},"author":{"name":"conversesacatalunya","@id":"https:\/\/conversesacatalunya.cat\/#\/schema\/person\/7e24d1e54a2785373ddcb275eae5ed99"},"headline":"El fraude de los refugios clim\u00e1ticos de Colau (&#038;Collboni)","datePublished":"2023-06-30T10:12:58+00:00","dateModified":"2023-07-01T09:02:11+00:00","mainEntityOfPage":{"@id":"https:\/\/conversesacatalunya.cat\/es\/el-fraude-de-los-refugios-climaticos-de-colau-collboni\/"},"wordCount":974,"commentCount":0,"image":{"@id":"https:\/\/conversesacatalunya.cat\/es\/el-fraude-de-los-refugios-climaticos-de-colau-collboni\/#primaryimage"},"thumbnailUrl":"https:\/\/conversesacatalunya.cat\/wp-content\/uploads\/2023\/06\/refugiclimatic.jpg","keywords":["Refugios clim\u00e1ticos"],"articleSection":["Expedient Barcelona (ES)","Punts clau del dia (ES)"],"inLanguage":"es","potentialAction":[{"@type":"CommentAction","name":"Comment","target":["https:\/\/conversesacatalunya.cat\/es\/el-fraude-de-los-refugios-climaticos-de-colau-collboni\/#respond"]}]},{"@type":"WebPage","@id":"https:\/\/conversesacatalunya.cat\/es\/el-fraude-de-los-refugios-climaticos-de-colau-collboni\/","url":"https:\/\/conversesacatalunya.cat\/es\/el-fraude-de-los-refugios-climaticos-de-colau-collboni\/","name":"El fraude de los refugios clim\u00e1ticos de Colau (&Collboni)","isPartOf":{"@id":"https:\/\/conversesacatalunya.cat\/#website"},"primaryImageOfPage":{"@id":"https:\/\/conversesacatalunya.cat\/es\/el-fraude-de-los-refugios-climaticos-de-colau-collboni\/#primaryimage"},"image":{"@id":"https:\/\/conversesacatalunya.cat\/es\/el-fraude-de-los-refugios-climaticos-de-colau-collboni\/#primaryimage"},"thumbnailUrl":"https:\/\/conversesacatalunya.cat\/wp-content\/uploads\/2023\/06\/refugiclimatic.jpg","datePublished":"2023-06-30T10:12:58+00:00","dateModified":"2023-07-01T09:02:11+00:00","author":{"@id":"https:\/\/conversesacatalunya.cat\/#\/schema\/person\/7e24d1e54a2785373ddcb275eae5ed99"},"description":"Quienes quer\u00edan municipalizarlo todo, cuando tienen ocasi\u00f3n de realizar un servicio municipal para los m\u00e1s vulnerables, lo traspasan a la empresa privada.","breadcrumb":{"@id":"https:\/\/conversesacatalunya.cat\/es\/el-fraude-de-los-refugios-climaticos-de-colau-collboni\/#breadcrumb"},"inLanguage":"es","potentialAction":[{"@type":"ReadAction","target":["https:\/\/conversesacatalunya.cat\/es\/el-fraude-de-los-refugios-climaticos-de-colau-collboni\/"]}]},{"@type":"ImageObject","inLanguage":"es","@id":"https:\/\/conversesacatalunya.cat\/es\/el-fraude-de-los-refugios-climaticos-de-colau-collboni\/#primaryimage","url":"https:\/\/conversesacatalunya.cat\/wp-content\/uploads\/2023\/06\/refugiclimatic.jpg","contentUrl":"https:\/\/conversesacatalunya.cat\/wp-content\/uploads\/2023\/06\/refugiclimatic.jpg","width":640,"height":384,"caption":"refugis clim\u00e0tics"},{"@type":"BreadcrumbList","@id":"https:\/\/conversesacatalunya.cat\/es\/el-fraude-de-los-refugios-climaticos-de-colau-collboni\/#breadcrumb","itemListElement":[{"@type":"ListItem","position":1,"name":"Inici","item":"https:\/\/conversesacatalunya.cat\/es\/"},{"@type":"ListItem","position":2,"name":"El fraude de los refugios clim\u00e1ticos de Colau (&#038;Collboni)"}]},{"@type":"WebSite","@id":"https:\/\/conversesacatalunya.cat\/#website","url":"https:\/\/conversesacatalunya.cat\/","name":"Converses a Catalunya","description":"","potentialAction":[{"@type":"SearchAction","target":{"@type":"EntryPoint","urlTemplate":"https:\/\/conversesacatalunya.cat\/?s={search_term_string}"},"query-input":{"@type":"PropertyValueSpecification","valueRequired":true,"valueName":"search_term_string"}}],"inLanguage":"es"},{"@type":"Person","@id":"https:\/\/conversesacatalunya.cat\/#\/schema\/person\/7e24d1e54a2785373ddcb275eae5ed99","name":"conversesacatalunya","image":{"@type":"ImageObject","inLanguage":"es","@id":"https:\/\/conversesacatalunya.cat\/#\/schema\/person\/image\/","url":"https:\/\/conversesacatalunya.cat\/wp-content\/litespeed\/avatar\/febdfeeec89d950f01c748045a981dd2.jpg?ver=1777314535","contentUrl":"https:\/\/conversesacatalunya.cat\/wp-content\/litespeed\/avatar\/febdfeeec89d950f01c748045a981dd2.jpg?ver=1777314535","caption":"conversesacatalunya"},"url":"https:\/\/conversesacatalunya.cat\/es\/author\/carme_catala\/"}]}},"wps_subtitle":"Quienes quer\u00edan municipalizarlo todo, cuando tienen ocasi\u00f3n de realizar un servicio municipal para los m\u00e1s vulnerables, lo traspasan a la empresa privada.","_links":{"self":[{"href":"https:\/\/conversesacatalunya.cat\/es\/wp-json\/wp\/v2\/posts\/68791","targetHints":{"allow":["GET"]}}],"collection":[{"href":"https:\/\/conversesacatalunya.cat\/es\/wp-json\/wp\/v2\/posts"}],"about":[{"href":"https:\/\/conversesacatalunya.cat\/es\/wp-json\/wp\/v2\/types\/post"}],"author":[{"embeddable":true,"href":"https:\/\/conversesacatalunya.cat\/es\/wp-json\/wp\/v2\/users\/2"}],"replies":[{"embeddable":true,"href":"https:\/\/conversesacatalunya.cat\/es\/wp-json\/wp\/v2\/comments?post=68791"}],"version-history":[{"count":2,"href":"https:\/\/conversesacatalunya.cat\/es\/wp-json\/wp\/v2\/posts\/68791\/revisions"}],"predecessor-version":[{"id":68793,"href":"https:\/\/conversesacatalunya.cat\/es\/wp-json\/wp\/v2\/posts\/68791\/revisions\/68793"}],"wp:featuredmedia":[{"embeddable":true,"href":"https:\/\/conversesacatalunya.cat\/es\/wp-json\/wp\/v2\/media\/68773"}],"wp:attachment":[{"href":"https:\/\/conversesacatalunya.cat\/es\/wp-json\/wp\/v2\/media?parent=68791"}],"wp:term":[{"taxonomy":"category","embeddable":true,"href":"https:\/\/conversesacatalunya.cat\/es\/wp-json\/wp\/v2\/categories?post=68791"},{"taxonomy":"post_tag","embeddable":true,"href":"https:\/\/conversesacatalunya.cat\/es\/wp-json\/wp\/v2\/tags?post=68791"}],"curies":[{"name":"wp","href":"https:\/\/api.w.org\/{rel}","templated":true}]}}