{"id":68757,"date":"2023-06-29T12:35:07","date_gmt":"2023-06-29T10:35:07","guid":{"rendered":"https:\/\/conversesacatalunya.cat\/juana-dolores-i-irene-montero-prototipus-de-violencia-politica\/"},"modified":"2023-06-29T17:21:43","modified_gmt":"2023-06-29T15:21:43","slug":"juana-dolores-e-irene-montero-prototipo-de-violencia-politica","status":"publish","type":"post","link":"https:\/\/conversesacatalunya.cat\/es\/juana-dolores-e-irene-montero-prototipo-de-violencia-politica\/","title":{"rendered":"Juana Dolores e Irene Montero. Prototipo de violencia pol\u00edtica"},"content":{"rendered":"<p><span>La violencia puede ser f\u00edsica, pero es evidente que tambi\u00e9n puede serlo verbal. Es tan evidente que el C\u00f3digo Penal castiga determinados excesos. El problema es que como el CP no deja de expresar correlaciones de poder, s\u00f3lo los castiga de un determinado tipo, pero no de otro.\u00a0<\/span><strong><span>Juana Dolores e Irene Montero<\/span><\/strong><span>\u00a0\u00a0son dos prototipos de esa galaxia de la progres\u00eda que se considera con derecho a practicar la violencia verbal en el campo pol\u00edtico.<\/span><\/p>\n<p><span>\u00bfQu\u00e9 pasar\u00eda si alguien que no pertenece a esta galaxia utilizara expresiones como odio, orgullo y furia dirigi\u00e9ndose a los contrarios y a los propios? Pues \u00e9ste es el lenguaje que utilizan p\u00fablicamente como gran argumento estas se\u00f1oras.<\/span><\/p>\n<p><strong><span>Juana Dolores Romero<\/span><\/strong><span> es una catalana que escribe poes\u00eda y se define en wikipedia como actriz espa\u00f1ola nacida en El Prat de Llobregat en 1992. Su curr\u00edculum, como se puede observar, es muy corto, pero gan\u00f3 en el 2020 el premio Amadeu Oller por su poemario \u201cBijuteria\u201d. Y esto lo que vende es de valorar y de indicar una determinada calidad.\u00a0Pero su llamada no viene de ah\u00ed, no es literaria, sino de su furiosa presencia en Twitter y, lo que le ha acabado de encumbrar es una entrevista en el 3\/24 que le hizo Xavier Grasset y en la que se qued\u00f3 descansada atacando a TV3, a la gente que trabaja, a Xavier Trias, al catalanismo y a todo lo que se mueve. Pero todo esto es leg\u00edtimo y hasta cierto punto TV3 muchas de estas cr\u00edticas se las ha ganado a pulso.<\/span><\/p>\n<p><span>Lo que ya no es tan leg\u00edtimo es que escriba y se jacte de que a ella la mueven dos motores: \u201cel odio de clase y su amor de mujer\u201d. Afirma que estos son los dos \u00fanicos sentimientos que la hacen twittear\u00a0una y otra vez, y para que no queden dudas reitera al final del art\u00edculo que\u00a0<\/span><strong><span>dedica su odio y su amor <\/span><\/strong><span>y se declara favorable a la lucha de clases.\u00a0Esto lo hace en uno de sus art\u00edculos en El Pa\u00eds, pero no es una excepci\u00f3n con el tipo de expresi\u00f3n que utiliza.\u00a0Se habla de normalizar, es una frase querida por la progres\u00eda, porque de tanto normalizar est\u00e1n normalizando el odio a quienes piensan distinto.\u00a0La pregunta es si declarar que se odia en nombre de la lucha de clases corresponde o no a una figura del CP, precisamente la del delito de odio, o \u00e9ste s\u00f3lo est\u00e1 restringido cuando la persona odiada pertenece a una determinada categor\u00eda espec\u00edfica, como puedan ser homosexuales y otros.<\/span><\/p>\n<p><strong><span>Irene Montero<\/span><\/strong><span>, por su parte, ya ha hecho toda su carrera pol\u00edtica a base del exabrupto y la descalificaci\u00f3n gruesa de quienes no comparten sus puntos de vista en su intervenci\u00f3n en el otorgamiento de los premios del ministerio de Igualdad, los llamados reconocimientos \u201cArcoiris\u201d para galardonar a personas que se han destacado por apoyar a los grupos de presi\u00f3n LGTBI. En este contexto dio un discurso que era tambi\u00e9n su despido de la pol\u00edtica de primera l\u00ednea, dado que sus compa\u00f1eros de organizaci\u00f3n han asumido su liquidaci\u00f3n.\u00a0Y no pudo dejar de afirmarse que es \u201ctiempo de mucho orgullo y mucha furia trans\u201d.<\/span><\/p>\n<p><span>\u00bfPodemos considerar que la pol\u00edtica es la pr\u00e1ctica que procura el bien com\u00fan, si \u00e9sta est\u00e1 llena de afirmaciones propias de orgullo y ataques a los dem\u00e1s en los que se apela a la furia y al odio?\u00a0Parece que no.\u00a0El problema es que adem\u00e1s los que hacen un menor uso de este lenguaje, como son Vox, se llevan la exclusiva de la descalificaci\u00f3n en este terreno, mientras que los que lo utilizan sistem\u00e1ticamente, protegidos por la esfera m\u00e1gica de la progres\u00eda, tienen bula y as\u00ed van sembrando de furia y odio nuestra sociedad. Y as\u00ed se utilizan expresiones fr\u00edvolamente calificando de fascista al que nada tiene que ver con el fascismo, o utilizando la palabra \u201cultra\u201d como descalificativo.<\/span><\/p>\n<p><span><span class=\"VIpgJd-yAWNEb-VIpgJd-fmcmS-sn54Q\">Ultra no significa otra cosa que \u00abm\u00e1s all\u00e1\u00bb.\u00a0<\/span>Entonces, \u00bfqu\u00e9 significa un ultracat\u00f3lico?\u00a0\u00bfQu\u00e9 va a misa todos los domingos?\u00a0\u00bfQue defiende la vida y critica el aborto?\u00a0\u00bfQu\u00e9 significa ser ultraconservador?\u00a0\u00bfQu\u00e9 est\u00e1 para que no toquen nada de los bosques, y esto ser\u00eda un parque natural? \u00bfQu\u00e9 est\u00e1 para que se mantenga el matrimonio de acuerdo a la uni\u00f3n entre un hombre y una mujer? Todas estas personas son sujetos de la ira y el odio que se promueve desde la esfera de la progres\u00eda y, como se creen dotados de bula, no ven ning\u00fan tipo de culpa y responsabilidad en su actitud.<\/span><\/p>\n<div id=\"polls-202\" class=\"wp-polls\">\n\t<form id=\"polls_form_202\" class=\"wp-polls-form\" action=\"\/index.php\" method=\"post\">\n\t\t<p style=\"display: none;\"><input type=\"hidden\" id=\"poll_202_nonce\" name=\"wp-polls-nonce\" value=\"261c4a41c8\" \/><\/p>\n\t\t<p style=\"display: none;\"><input type=\"hidden\" name=\"poll_id\" value=\"202\" \/><\/p>\n\t\t<p style=\"text-align: center\"><strong>L'escenari econ\u00f2mic actual, afavoreix o perjudica electoralment a S\u00e1nchez?<\/strong><\/p><div id=\"polls-202-ans\" class=\"wp-polls-ans\"><ul class=\"wp-polls-ul\">\n\t\t<li><input type=\"radio\" id=\"poll-answer-561\" name=\"poll_202\" value=\"561\" \/> <label for=\"poll-answer-561\">Afavoreix<\/label><\/li>\n\t\t<li><input type=\"radio\" id=\"poll-answer-562\" name=\"poll_202\" value=\"562\" \/> <label for=\"poll-answer-562\">Perjudica<\/label><\/li>\n\t\t<li><input type=\"radio\" id=\"poll-answer-563\" name=\"poll_202\" value=\"563\" \/> <label for=\"poll-answer-563\">\u00c9s indiferent<\/label><\/li>\n\t\t<\/ul><p style=\"text-align: center\"><input type=\"button\" name=\"vote\" value=\"   Vota   \" class=\"Buttons\" onclick=\"poll_vote(202);\" \/><\/p><p style=\"text-align: center\"><a href=\"#ViewPollResults\" onclick=\"poll_result(202); return false;\" title=\"View Results Of This Poll\">Mira els resultats<\/a><\/p><\/div>\n\t<\/form>\n<\/div>\n<div id=\"polls-202-loading\" class=\"wp-polls-loading\"><img decoding=\"async\" data-src=\"https:\/\/conversesacatalunya.cat\/wp-content\/plugins\/wp-polls\/images\/loading.gif\" width=\"16\" height=\"16\" alt=\"Cargando ...\" title=\"Cargando ...\" class=\"wp-polls-image lazyload\" src=\"data:image\/svg+xml;base64,PHN2ZyB3aWR0aD0iMSIgaGVpZ2h0PSIxIiB4bWxucz0iaHR0cDovL3d3dy53My5vcmcvMjAwMC9zdmciPjwvc3ZnPg==\" style=\"--smush-placeholder-width: 16px; --smush-placeholder-aspect-ratio: 16\/16;\" \/>&nbsp;Cargando ...<\/div>\n\n","protected":false},"excerpt":{"rendered":"<p>La violencia puede ser f\u00edsica, pero es evidente que tambi\u00e9n puede serlo verbal. Es tan evidente que el C\u00f3digo Penal castiga determinados excesos. El problema es que como el CP no deja de expresar correlaciones de poder, s\u00f3lo los castiga de un determinado tipo, pero no de otro.\u00a0Juana Dolores e Irene Montero\u00a0\u00a0son dos prototipos de esa galaxia de la progres\u00eda que se considera con derecho a practicar la violencia verbal en el campo pol\u00edtico. \u00bfQu\u00e9 pasar\u00eda si alguien que no pertenece a esta galaxia utilizara expresiones como odio, orgullo y furia dirigi\u00e9ndose a los contrarios y a los propios? Pues \u00e9ste es el lenguaje que utilizan p\u00fablicamente como gran argumento estas se\u00f1oras. Juana Dolores Romero es una catalana que escribe poes\u00eda y se define en wikipedia como actriz espa\u00f1ola nacida en El Prat de Llobregat en 1992. Su curr\u00edculum, como se puede observar, es muy corto, pero gan\u00f3 en el 2020 el premio Amadeu Oller por su poemario \u201cBijuteria\u201d. Y esto lo que vende es de valorar y de indicar una determinada calidad.\u00a0Pero su llamada no viene de ah\u00ed, no es literaria, sino de su furiosa presencia en Twitter y, lo que le ha acabado de encumbrar es una entrevista en el 3\/24 que le hizo Xavier Grasset y en la que se qued\u00f3 descansada atacando a TV3, a la gente que trabaja, a Xavier Trias, al catalanismo y a todo lo que se mueve. Pero todo esto es leg\u00edtimo y hasta cierto punto TV3 muchas de estas cr\u00edticas se las ha ganado a pulso. Lo que ya no es tan leg\u00edtimo es que escriba y se jacte de que a ella la mueven dos motores: \u201cel odio de clase y su amor de mujer\u201d. Afirma que estos son los dos \u00fanicos sentimientos que la hacen twittear\u00a0una y otra vez, y para que no queden dudas reitera al final del art\u00edculo que\u00a0dedica su odio y su amor y se declara favorable a la lucha de clases.\u00a0Esto lo hace en uno de sus art\u00edculos en El Pa\u00eds, pero no es una excepci\u00f3n con el tipo de expresi\u00f3n que utiliza.\u00a0Se habla de normalizar, es una frase querida por la progres\u00eda, porque de tanto normalizar est\u00e1n normalizando el odio a quienes piensan distinto.\u00a0La pregunta es si declarar que se odia en nombre de la lucha de clases corresponde o no a una figura del CP, precisamente la del delito de odio, o \u00e9ste s\u00f3lo est\u00e1 restringido cuando la persona odiada pertenece a una determinada categor\u00eda espec\u00edfica, como puedan ser homosexuales y otros. Irene Montero, por su parte, ya ha hecho toda su carrera pol\u00edtica a base del exabrupto y la descalificaci\u00f3n gruesa de quienes no comparten sus puntos de vista en su intervenci\u00f3n en el otorgamiento de los premios del ministerio de Igualdad, los llamados reconocimientos \u201cArcoiris\u201d para galardonar a personas que se han destacado por apoyar a los grupos de presi\u00f3n LGTBI. En este contexto dio un discurso que era tambi\u00e9n su despido de la pol\u00edtica de primera l\u00ednea, dado que sus compa\u00f1eros de organizaci\u00f3n han asumido su liquidaci\u00f3n.\u00a0Y no pudo dejar de afirmarse que es \u201ctiempo de mucho orgullo y mucha furia trans\u201d. \u00bfPodemos considerar que la pol\u00edtica es la pr\u00e1ctica que procura el bien com\u00fan, si \u00e9sta est\u00e1 llena de afirmaciones propias de orgullo y ataques a los dem\u00e1s en los que se apela a la furia y al odio?\u00a0Parece que no.\u00a0El problema es que adem\u00e1s los que hacen un menor uso de este lenguaje, como son Vox, se llevan la exclusiva de la descalificaci\u00f3n en este terreno, mientras que los que lo utilizan sistem\u00e1ticamente, protegidos por la esfera m\u00e1gica de la progres\u00eda, tienen bula y as\u00ed van sembrando de furia y odio nuestra sociedad. Y as\u00ed se utilizan expresiones fr\u00edvolamente calificando de fascista al que nada tiene que ver con el fascismo, o utilizando la palabra \u201cultra\u201d como descalificativo. Ultra no significa otra cosa que \u00abm\u00e1s all\u00e1\u00bb.\u00a0Entonces, \u00bfqu\u00e9 significa un ultracat\u00f3lico?\u00a0\u00bfQu\u00e9 va a misa todos los domingos?\u00a0\u00bfQue defiende la vida y critica el aborto?\u00a0\u00bfQu\u00e9 significa ser ultraconservador?\u00a0\u00bfQu\u00e9 est\u00e1 para que no toquen nada de los bosques, y esto ser\u00eda un parque natural? \u00bfQu\u00e9 est\u00e1 para que se mantenga el matrimonio de acuerdo a la uni\u00f3n entre un hombre y una mujer? Todas estas personas son sujetos de la ira y el odio que se promueve desde la esfera de la progres\u00eda y, como se creen dotados de bula, no ven ning\u00fan tipo de culpa y responsabilidad en su actitud.<\/p>\n","protected":false},"author":2,"featured_media":68754,"comment_status":"open","ping_status":"open","sticky":false,"template":"","format":"standard","meta":{"_FSMCFIC_featured_image_caption":"","_FSMCFIC_featured_image_nocaption":"","_FSMCFIC_featured_image_hide":"","footnotes":""},"categories":[806],"tags":[1470],"class_list":["post-68757","post","type-post","status-publish","format-standard","has-post-thumbnail","hentry","category-punts-claus-del-dia-es","tag-irene-montero"],"yoast_head":"<!-- This site is optimized with the Yoast SEO plugin v26.8 - https:\/\/yoast.com\/product\/yoast-seo-wordpress\/ -->\n<title>Juana Dolores e Irene Montero. Prototipo de violencia pol\u00edtica - Converses a Catalunya<\/title>\n<meta name=\"description\" content=\"La violencia puede ser f\u00edsica, pero tambi\u00e9n puede verbal. Es tan evidente que el C\u00f3digo Penal castiga determinados excesos\" \/>\n<meta name=\"robots\" content=\"index, follow, max-snippet:-1, max-image-preview:large, max-video-preview:-1\" \/>\n<link rel=\"canonical\" href=\"https:\/\/conversesacatalunya.cat\/es\/juana-dolores-e-irene-montero-prototipo-de-violencia-politica\/\" \/>\n<meta property=\"og:locale\" content=\"es_ES\" \/>\n<meta property=\"og:type\" content=\"article\" \/>\n<meta property=\"og:title\" content=\"Juana Dolores e Irene Montero. Prototipo de violencia pol\u00edtica - Converses a Catalunya\" \/>\n<meta property=\"og:description\" content=\"La violencia puede ser f\u00edsica, pero tambi\u00e9n puede verbal. Es tan evidente que el C\u00f3digo Penal castiga determinados excesos\" \/>\n<meta property=\"og:url\" content=\"https:\/\/conversesacatalunya.cat\/es\/juana-dolores-e-irene-montero-prototipo-de-violencia-politica\/\" \/>\n<meta property=\"og:site_name\" content=\"Converses a Catalunya\" \/>\n<meta property=\"article:published_time\" content=\"2023-06-29T10:35:07+00:00\" \/>\n<meta property=\"article:modified_time\" content=\"2023-06-29T15:21:43+00:00\" \/>\n<meta property=\"og:image\" content=\"https:\/\/conversesacatalunya.cat\/wp-content\/uploads\/2023\/06\/irene-montero.jpg\" \/>\n\t<meta property=\"og:image:width\" content=\"1200\" \/>\n\t<meta property=\"og:image:height\" content=\"800\" \/>\n\t<meta property=\"og:image:type\" content=\"image\/jpeg\" \/>\n<meta name=\"author\" content=\"conversesacatalunya\" \/>\n<meta name=\"twitter:card\" content=\"summary_large_image\" \/>\n<meta name=\"twitter:label1\" content=\"Escrito por\" \/>\n\t<meta name=\"twitter:data1\" content=\"conversesacatalunya\" \/>\n\t<meta name=\"twitter:label2\" content=\"Tiempo de lectura\" \/>\n\t<meta name=\"twitter:data2\" content=\"4 minutos\" \/>\n<script type=\"application\/ld+json\" class=\"yoast-schema-graph\">{\"@context\":\"https:\/\/schema.org\",\"@graph\":[{\"@type\":\"Article\",\"@id\":\"https:\/\/conversesacatalunya.cat\/es\/juana-dolores-e-irene-montero-prototipo-de-violencia-politica\/#article\",\"isPartOf\":{\"@id\":\"https:\/\/conversesacatalunya.cat\/es\/juana-dolores-e-irene-montero-prototipo-de-violencia-politica\/\"},\"author\":{\"name\":\"conversesacatalunya\",\"@id\":\"https:\/\/conversesacatalunya.cat\/#\/schema\/person\/7e24d1e54a2785373ddcb275eae5ed99\"},\"headline\":\"Juana Dolores e Irene Montero. Prototipo de violencia pol\u00edtica\",\"datePublished\":\"2023-06-29T10:35:07+00:00\",\"dateModified\":\"2023-06-29T15:21:43+00:00\",\"mainEntityOfPage\":{\"@id\":\"https:\/\/conversesacatalunya.cat\/es\/juana-dolores-e-irene-montero-prototipo-de-violencia-politica\/\"},\"wordCount\":817,\"commentCount\":0,\"image\":{\"@id\":\"https:\/\/conversesacatalunya.cat\/es\/juana-dolores-e-irene-montero-prototipo-de-violencia-politica\/#primaryimage\"},\"thumbnailUrl\":\"https:\/\/conversesacatalunya.cat\/wp-content\/uploads\/2023\/06\/irene-montero.jpg\",\"keywords\":[\"Irene Montero\"],\"articleSection\":[\"Punts clau del dia (ES)\"],\"inLanguage\":\"es\",\"potentialAction\":[{\"@type\":\"CommentAction\",\"name\":\"Comment\",\"target\":[\"https:\/\/conversesacatalunya.cat\/es\/juana-dolores-e-irene-montero-prototipo-de-violencia-politica\/#respond\"]}]},{\"@type\":\"WebPage\",\"@id\":\"https:\/\/conversesacatalunya.cat\/es\/juana-dolores-e-irene-montero-prototipo-de-violencia-politica\/\",\"url\":\"https:\/\/conversesacatalunya.cat\/es\/juana-dolores-e-irene-montero-prototipo-de-violencia-politica\/\",\"name\":\"Juana Dolores e Irene Montero. Prototipo de violencia pol\u00edtica - Converses a Catalunya\",\"isPartOf\":{\"@id\":\"https:\/\/conversesacatalunya.cat\/#website\"},\"primaryImageOfPage\":{\"@id\":\"https:\/\/conversesacatalunya.cat\/es\/juana-dolores-e-irene-montero-prototipo-de-violencia-politica\/#primaryimage\"},\"image\":{\"@id\":\"https:\/\/conversesacatalunya.cat\/es\/juana-dolores-e-irene-montero-prototipo-de-violencia-politica\/#primaryimage\"},\"thumbnailUrl\":\"https:\/\/conversesacatalunya.cat\/wp-content\/uploads\/2023\/06\/irene-montero.jpg\",\"datePublished\":\"2023-06-29T10:35:07+00:00\",\"dateModified\":\"2023-06-29T15:21:43+00:00\",\"author\":{\"@id\":\"https:\/\/conversesacatalunya.cat\/#\/schema\/person\/7e24d1e54a2785373ddcb275eae5ed99\"},\"description\":\"La violencia puede ser f\u00edsica, pero tambi\u00e9n puede verbal. Es tan evidente que el C\u00f3digo Penal castiga determinados excesos\",\"breadcrumb\":{\"@id\":\"https:\/\/conversesacatalunya.cat\/es\/juana-dolores-e-irene-montero-prototipo-de-violencia-politica\/#breadcrumb\"},\"inLanguage\":\"es\",\"potentialAction\":[{\"@type\":\"ReadAction\",\"target\":[\"https:\/\/conversesacatalunya.cat\/es\/juana-dolores-e-irene-montero-prototipo-de-violencia-politica\/\"]}]},{\"@type\":\"ImageObject\",\"inLanguage\":\"es\",\"@id\":\"https:\/\/conversesacatalunya.cat\/es\/juana-dolores-e-irene-montero-prototipo-de-violencia-politica\/#primaryimage\",\"url\":\"https:\/\/conversesacatalunya.cat\/wp-content\/uploads\/2023\/06\/irene-montero.jpg\",\"contentUrl\":\"https:\/\/conversesacatalunya.cat\/wp-content\/uploads\/2023\/06\/irene-montero.jpg\",\"width\":1200,\"height\":800},{\"@type\":\"BreadcrumbList\",\"@id\":\"https:\/\/conversesacatalunya.cat\/es\/juana-dolores-e-irene-montero-prototipo-de-violencia-politica\/#breadcrumb\",\"itemListElement\":[{\"@type\":\"ListItem\",\"position\":1,\"name\":\"Inici\",\"item\":\"https:\/\/conversesacatalunya.cat\/es\/\"},{\"@type\":\"ListItem\",\"position\":2,\"name\":\"Juana Dolores e Irene Montero. Prototipo de violencia pol\u00edtica\"}]},{\"@type\":\"WebSite\",\"@id\":\"https:\/\/conversesacatalunya.cat\/#website\",\"url\":\"https:\/\/conversesacatalunya.cat\/\",\"name\":\"Converses a Catalunya\",\"description\":\"\",\"potentialAction\":[{\"@type\":\"SearchAction\",\"target\":{\"@type\":\"EntryPoint\",\"urlTemplate\":\"https:\/\/conversesacatalunya.cat\/?s={search_term_string}\"},\"query-input\":{\"@type\":\"PropertyValueSpecification\",\"valueRequired\":true,\"valueName\":\"search_term_string\"}}],\"inLanguage\":\"es\"},{\"@type\":\"Person\",\"@id\":\"https:\/\/conversesacatalunya.cat\/#\/schema\/person\/7e24d1e54a2785373ddcb275eae5ed99\",\"name\":\"conversesacatalunya\",\"image\":{\"@type\":\"ImageObject\",\"inLanguage\":\"es\",\"@id\":\"https:\/\/conversesacatalunya.cat\/#\/schema\/person\/image\/\",\"url\":\"https:\/\/conversesacatalunya.cat\/wp-content\/litespeed\/avatar\/febdfeeec89d950f01c748045a981dd2.jpg?ver=1777314535\",\"contentUrl\":\"https:\/\/conversesacatalunya.cat\/wp-content\/litespeed\/avatar\/febdfeeec89d950f01c748045a981dd2.jpg?ver=1777314535\",\"caption\":\"conversesacatalunya\"},\"url\":\"https:\/\/conversesacatalunya.cat\/es\/author\/carme_catala\/\"}]}<\/script>\n<!-- \/ Yoast SEO plugin. -->","yoast_head_json":{"title":"Juana Dolores e Irene Montero. Prototipo de violencia pol\u00edtica - Converses a Catalunya","description":"La violencia puede ser f\u00edsica, pero tambi\u00e9n puede verbal. Es tan evidente que el C\u00f3digo Penal castiga determinados excesos","robots":{"index":"index","follow":"follow","max-snippet":"max-snippet:-1","max-image-preview":"max-image-preview:large","max-video-preview":"max-video-preview:-1"},"canonical":"https:\/\/conversesacatalunya.cat\/es\/juana-dolores-e-irene-montero-prototipo-de-violencia-politica\/","og_locale":"es_ES","og_type":"article","og_title":"Juana Dolores e Irene Montero. Prototipo de violencia pol\u00edtica - Converses a Catalunya","og_description":"La violencia puede ser f\u00edsica, pero tambi\u00e9n puede verbal. Es tan evidente que el C\u00f3digo Penal castiga determinados excesos","og_url":"https:\/\/conversesacatalunya.cat\/es\/juana-dolores-e-irene-montero-prototipo-de-violencia-politica\/","og_site_name":"Converses a Catalunya","article_published_time":"2023-06-29T10:35:07+00:00","article_modified_time":"2023-06-29T15:21:43+00:00","og_image":[{"width":1200,"height":800,"url":"https:\/\/conversesacatalunya.cat\/wp-content\/uploads\/2023\/06\/irene-montero.jpg","type":"image\/jpeg"}],"author":"conversesacatalunya","twitter_card":"summary_large_image","twitter_misc":{"Escrito por":"conversesacatalunya","Tiempo de lectura":"4 minutos"},"schema":{"@context":"https:\/\/schema.org","@graph":[{"@type":"Article","@id":"https:\/\/conversesacatalunya.cat\/es\/juana-dolores-e-irene-montero-prototipo-de-violencia-politica\/#article","isPartOf":{"@id":"https:\/\/conversesacatalunya.cat\/es\/juana-dolores-e-irene-montero-prototipo-de-violencia-politica\/"},"author":{"name":"conversesacatalunya","@id":"https:\/\/conversesacatalunya.cat\/#\/schema\/person\/7e24d1e54a2785373ddcb275eae5ed99"},"headline":"Juana Dolores e Irene Montero. Prototipo de violencia pol\u00edtica","datePublished":"2023-06-29T10:35:07+00:00","dateModified":"2023-06-29T15:21:43+00:00","mainEntityOfPage":{"@id":"https:\/\/conversesacatalunya.cat\/es\/juana-dolores-e-irene-montero-prototipo-de-violencia-politica\/"},"wordCount":817,"commentCount":0,"image":{"@id":"https:\/\/conversesacatalunya.cat\/es\/juana-dolores-e-irene-montero-prototipo-de-violencia-politica\/#primaryimage"},"thumbnailUrl":"https:\/\/conversesacatalunya.cat\/wp-content\/uploads\/2023\/06\/irene-montero.jpg","keywords":["Irene Montero"],"articleSection":["Punts clau del dia (ES)"],"inLanguage":"es","potentialAction":[{"@type":"CommentAction","name":"Comment","target":["https:\/\/conversesacatalunya.cat\/es\/juana-dolores-e-irene-montero-prototipo-de-violencia-politica\/#respond"]}]},{"@type":"WebPage","@id":"https:\/\/conversesacatalunya.cat\/es\/juana-dolores-e-irene-montero-prototipo-de-violencia-politica\/","url":"https:\/\/conversesacatalunya.cat\/es\/juana-dolores-e-irene-montero-prototipo-de-violencia-politica\/","name":"Juana Dolores e Irene Montero. Prototipo de violencia pol\u00edtica - Converses a Catalunya","isPartOf":{"@id":"https:\/\/conversesacatalunya.cat\/#website"},"primaryImageOfPage":{"@id":"https:\/\/conversesacatalunya.cat\/es\/juana-dolores-e-irene-montero-prototipo-de-violencia-politica\/#primaryimage"},"image":{"@id":"https:\/\/conversesacatalunya.cat\/es\/juana-dolores-e-irene-montero-prototipo-de-violencia-politica\/#primaryimage"},"thumbnailUrl":"https:\/\/conversesacatalunya.cat\/wp-content\/uploads\/2023\/06\/irene-montero.jpg","datePublished":"2023-06-29T10:35:07+00:00","dateModified":"2023-06-29T15:21:43+00:00","author":{"@id":"https:\/\/conversesacatalunya.cat\/#\/schema\/person\/7e24d1e54a2785373ddcb275eae5ed99"},"description":"La violencia puede ser f\u00edsica, pero tambi\u00e9n puede verbal. Es tan evidente que el C\u00f3digo Penal castiga determinados excesos","breadcrumb":{"@id":"https:\/\/conversesacatalunya.cat\/es\/juana-dolores-e-irene-montero-prototipo-de-violencia-politica\/#breadcrumb"},"inLanguage":"es","potentialAction":[{"@type":"ReadAction","target":["https:\/\/conversesacatalunya.cat\/es\/juana-dolores-e-irene-montero-prototipo-de-violencia-politica\/"]}]},{"@type":"ImageObject","inLanguage":"es","@id":"https:\/\/conversesacatalunya.cat\/es\/juana-dolores-e-irene-montero-prototipo-de-violencia-politica\/#primaryimage","url":"https:\/\/conversesacatalunya.cat\/wp-content\/uploads\/2023\/06\/irene-montero.jpg","contentUrl":"https:\/\/conversesacatalunya.cat\/wp-content\/uploads\/2023\/06\/irene-montero.jpg","width":1200,"height":800},{"@type":"BreadcrumbList","@id":"https:\/\/conversesacatalunya.cat\/es\/juana-dolores-e-irene-montero-prototipo-de-violencia-politica\/#breadcrumb","itemListElement":[{"@type":"ListItem","position":1,"name":"Inici","item":"https:\/\/conversesacatalunya.cat\/es\/"},{"@type":"ListItem","position":2,"name":"Juana Dolores e Irene Montero. Prototipo de violencia pol\u00edtica"}]},{"@type":"WebSite","@id":"https:\/\/conversesacatalunya.cat\/#website","url":"https:\/\/conversesacatalunya.cat\/","name":"Converses a Catalunya","description":"","potentialAction":[{"@type":"SearchAction","target":{"@type":"EntryPoint","urlTemplate":"https:\/\/conversesacatalunya.cat\/?s={search_term_string}"},"query-input":{"@type":"PropertyValueSpecification","valueRequired":true,"valueName":"search_term_string"}}],"inLanguage":"es"},{"@type":"Person","@id":"https:\/\/conversesacatalunya.cat\/#\/schema\/person\/7e24d1e54a2785373ddcb275eae5ed99","name":"conversesacatalunya","image":{"@type":"ImageObject","inLanguage":"es","@id":"https:\/\/conversesacatalunya.cat\/#\/schema\/person\/image\/","url":"https:\/\/conversesacatalunya.cat\/wp-content\/litespeed\/avatar\/febdfeeec89d950f01c748045a981dd2.jpg?ver=1777314535","contentUrl":"https:\/\/conversesacatalunya.cat\/wp-content\/litespeed\/avatar\/febdfeeec89d950f01c748045a981dd2.jpg?ver=1777314535","caption":"conversesacatalunya"},"url":"https:\/\/conversesacatalunya.cat\/es\/author\/carme_catala\/"}]}},"wps_subtitle":"La violencia puede ser f\u00edsica, pero tambi\u00e9n puede verbal. Es tan evidente que el C\u00f3digo Penal castiga determinados excesos","_links":{"self":[{"href":"https:\/\/conversesacatalunya.cat\/es\/wp-json\/wp\/v2\/posts\/68757","targetHints":{"allow":["GET"]}}],"collection":[{"href":"https:\/\/conversesacatalunya.cat\/es\/wp-json\/wp\/v2\/posts"}],"about":[{"href":"https:\/\/conversesacatalunya.cat\/es\/wp-json\/wp\/v2\/types\/post"}],"author":[{"embeddable":true,"href":"https:\/\/conversesacatalunya.cat\/es\/wp-json\/wp\/v2\/users\/2"}],"replies":[{"embeddable":true,"href":"https:\/\/conversesacatalunya.cat\/es\/wp-json\/wp\/v2\/comments?post=68757"}],"version-history":[{"count":2,"href":"https:\/\/conversesacatalunya.cat\/es\/wp-json\/wp\/v2\/posts\/68757\/revisions"}],"predecessor-version":[{"id":68759,"href":"https:\/\/conversesacatalunya.cat\/es\/wp-json\/wp\/v2\/posts\/68757\/revisions\/68759"}],"wp:featuredmedia":[{"embeddable":true,"href":"https:\/\/conversesacatalunya.cat\/es\/wp-json\/wp\/v2\/media\/68754"}],"wp:attachment":[{"href":"https:\/\/conversesacatalunya.cat\/es\/wp-json\/wp\/v2\/media?parent=68757"}],"wp:term":[{"taxonomy":"category","embeddable":true,"href":"https:\/\/conversesacatalunya.cat\/es\/wp-json\/wp\/v2\/categories?post=68757"},{"taxonomy":"post_tag","embeddable":true,"href":"https:\/\/conversesacatalunya.cat\/es\/wp-json\/wp\/v2\/tags?post=68757"}],"curies":[{"name":"wp","href":"https:\/\/api.w.org\/{rel}","templated":true}]}}