{"id":68717,"date":"2023-06-28T09:36:51","date_gmt":"2023-06-28T07:36:51","guid":{"rendered":"https:\/\/conversesacatalunya.cat\/?p=68717"},"modified":"2023-06-28T09:36:51","modified_gmt":"2023-06-28T07:36:51","slug":"leconomia-europa-detras-estados-unidos","status":"publish","type":"post","link":"https:\/\/conversesacatalunya.cat\/es\/leconomia-europa-detras-estados-unidos\/","title":{"rendered":"La econom\u00eda de Europa se queda definitivamente por detr\u00e1s de Estados Unidos"},"content":{"rendered":"<p>La econom\u00eda estadounidense se ha consolidado como m\u00e1s pr\u00f3spera y din\u00e1mica que la europea, Reino Unido incluido. No s\u00f3lo eso, sino que la distancia entre ambas orillas del Atl\u00e1ntico Norte sigue ensanch\u00e1ndose sin cesar.<\/p>\n<p><em>Converses<\/em> ya ha hablado repetidamente del profundo impacto que este creciente desequilibrio <a href=\"https:\/\/conversesacatalunya.cat\/es\/europa-pulso-economico-estados-unidos\/\" target=\"_blank\" rel=\"noopener\"><strong>implicar\u00e1<\/strong> <\/a>para una Europa cada vez m\u00e1s pobre:<strong> dependencia financiera, tecnol\u00f3gica y tambi\u00e9n militar<\/strong>. Las ant\u00edpodas del programa de gobierno con que Ursula von der Leyen lleg\u00f3 al frente de la Comisi\u00f3n Europea en 2019, y que deb\u00eda promover \u00abla autonom\u00eda estrat\u00e9gica\u00bb de la UE.<\/p>\n<h4><strong>Pero vayamos a los datos que ilustran este fen\u00f3meno de decadencia europea. <\/strong><\/h4>\n<p>En 2008, las econom\u00edas de la UE y de EE.UU. ten\u00edan m\u00e1s o menos el mismo tama\u00f1o. Pero desde la crisis financiera global que cerr\u00f3 la primera d\u00e9cada del siglo XXI, sus respectivos rumbos han sido muy diferentes.<\/p>\n<p>Seg\u00fan un estudio del centro de investigaci\u00f3n<em> European Council on Foreign Relations<\/em>, <strong>en 2008 la econom\u00eda europea era todav\u00eda ligeramente superior a la estadounidense<\/strong>, con un PIB de 16,2 billones de d\u00f3lares contra 14,7. En el 2022, la econom\u00eda de EE.UU. se hab\u00eda disparado hasta los 25 billones, mientras que la de la UE combinada con la del Reino Unido s\u00f3lo sumaban 19,8. Estados Unidos ya tiene pues una econom\u00eda que supera en casi una tercera parte a la europea.<\/p>\n<h4><strong>Europa est\u00e1 en un retroceso incontestable. Una situaci\u00f3n que se repite pr\u00e1cticamente en todos los sectores de la econom\u00eda, y particularmente en los de mayor valor a\u00f1adido.<\/strong><\/h4>\n<p>El propio paisaje tecnol\u00f3gico europeo est\u00e1 <strong>dominado por empresas estadounidenses<\/strong>, tal y como apunta el periodista y experto en pol\u00edtica internacional brit\u00e1nico<strong> Gideon Rachman<\/strong>. Las siete principales corporaciones tecnol\u00f3gicas del mundo en t\u00e9rminos de capitalizaci\u00f3n provienen todas de EE.UU.<strong> S\u00f3lo dos empresas tecnol\u00f3gicas europeas figuran en el top-20 mundial<\/strong> (la holandesa ASML, dedicada a la industria de los semiconductores, y la alemana SAP, especializada en software profesional).<\/p>\n<p><strong>En 1990, Europa produc\u00eda el 44% de los semiconductores mundiales<\/strong>. Hoy esta proporci\u00f3n ha bajado hasta el 9%, mientras que EEUU se sit\u00faa en el 12%. Ambos bloques han prometido incrementar dr\u00e1sticamente su producci\u00f3n de estos componentes electr\u00f3nicos clave, pero los planes estadounidenses son mucho m\u00e1s ambiciosos y est\u00e1n mejor financiados que los europeos.<\/p>\n<p><strong>Mientras, China ha logrado situar a sus propios campeones inform\u00e1ticos en el escenario global<\/strong> (a menudo, esto es cierto, introduciendo restricciones a sus rivales estadounidenses), las empresas europeas que despuntan en el sector han sido compradas por actores estadounidenses. Skype fue vendida a Microsoft en 2011, DeepMind a Google en 2014.<\/p>\n<h5><strong>Las universidades europeas, y particularmente aquellas que alimentan a los ecosistemas de innovaci\u00f3n tecnol\u00f3gica, tambi\u00e9n se encuentran en ca\u00edda libre.<\/strong><\/h5>\n<p>Los rankings universitarios de Shangai y THE<strong> s\u00f3lo sit\u00faan a una sola universidad de la UE en el top-30 mundial<\/strong> (se trata de Paris-Saclay, dedicada a los estudios cient\u00edficos y t\u00e9cnicos). En este sentido, Gran Breta\u00f1a sigue despuntando m\u00e1s que el continente gracias a Oxford, Cambridge, Imperial College y otros.<\/p>\n<p><strong>Europa tambi\u00e9n vive sumida en una profunda sequ\u00eda de capital privado.<\/strong> El Viejo Continente se ha convertido en dependiente de la financiaci\u00f3n estadounidense para financiar nuevos proyectos, y debido a la preponderancia del estado, la UE no dispone de los grandes fondos de pensiones privados que s\u00ed existen en el mundo anglosaj\u00f3n. Cuando una empresa busca una financiaci\u00f3n importante, est\u00e1 pr\u00e1cticamente obligada a mirar a EE.UU.<\/p>\n<p>En materia energ\u00e9tica, la comparaci\u00f3n resulta a\u00fan m\u00e1s cruel: Europa ha perdido acceso a la \u00fanica fuente de energ\u00eda barata de que dispon\u00eda para propulsar su industria: <strong>el gas natural de Rusia<\/strong>. Con un sector nuclear patas arriba por la presi\u00f3n del ecologismo radical, incluso en Francia, la gran potencia nuclear del Viejo Continente, <strong>la industria europea est\u00e1 actualmente pagando la energ\u00eda tres o cuatro veces m\u00e1s cara que su hom\u00f3loga estadounidense<\/strong>. Estados Unidos es en cambio el principal productor mundial de petr\u00f3leo y gas.<\/p>\n<p>Podr\u00edamos extendernos a otros \u00e1mbitos, como los de <strong>la inmigraci\u00f3n y la tasa de fecundidad<\/strong>. Basta se\u00f1alar que todos los datos apuntan hacia un mayor dinamismo demogr\u00e1fico y de capital humano de Estados Unidos.<\/p>\n<p>Europa, a su vez, se va consolidando poco a poco, pero inexorablemente como<strong> un continente de jubilados con una econom\u00eda basada en el turismo y el lujo<\/strong> (uno de los \u00faltimos sectores en los que los europeos despuntan), y que atrae principalmente a inmigrantes escasamente calificados para el sector de los servicios<\/p>\n<span class='bctt-click-to-tweet'><span class='bctt-ctt-text'><a href='https:\/\/twitter.com\/intent\/tweet?url=https%3A%2F%2Fconversesacatalunya.cat%2Fes%2Fleconomia-europa-detras-estados-unidos%2F&#038;text=Europa%20est%C3%A1%20en%20un%20retroceso%20incontestable.%20Una%20situaci%C3%B3n%20que%20se%20repite%20pr%C3%A1cticamente%20en%20todos%20los%20sectores%20de%20la%20econom%C3%ADa%2C%20y%20particularmente%20en%20los%20de%20mayor%20valor%20a%C3%B1adido&#038;via=conversesacat&#038;related=conversesacat' target='_blank'rel=\"noopener noreferrer\">Europa est\u00e1 en un retroceso incontestable. Una situaci\u00f3n que se repite pr\u00e1cticamente en todos los sectores de la econom\u00eda, y particularmente en los de mayor valor a\u00f1adido <\/a><\/span><a href='https:\/\/twitter.com\/intent\/tweet?url=https%3A%2F%2Fconversesacatalunya.cat%2Fes%2Fleconomia-europa-detras-estados-unidos%2F&#038;text=Europa%20est%C3%A1%20en%20un%20retroceso%20incontestable.%20Una%20situaci%C3%B3n%20que%20se%20repite%20pr%C3%A1cticamente%20en%20todos%20los%20sectores%20de%20la%20econom%C3%ADa%2C%20y%20particularmente%20en%20los%20de%20mayor%20valor%20a%C3%B1adido&#038;via=conversesacat&#038;related=conversesacat' target='_blank' class='bctt-ctt-btn'rel=\"noopener noreferrer\">Compartir en X<\/a><\/span>\n<div id=\"polls-202\" class=\"wp-polls\">\n\t<form id=\"polls_form_202\" class=\"wp-polls-form\" action=\"\/index.php\" method=\"post\">\n\t\t<p style=\"display: none;\"><input type=\"hidden\" id=\"poll_202_nonce\" name=\"wp-polls-nonce\" value=\"b69f1fab4e\" \/><\/p>\n\t\t<p style=\"display: none;\"><input type=\"hidden\" name=\"poll_id\" value=\"202\" \/><\/p>\n\t\t<p style=\"text-align: center\"><strong>L'escenari econ\u00f2mic actual, afavoreix o perjudica electoralment a S\u00e1nchez?<\/strong><\/p><div id=\"polls-202-ans\" class=\"wp-polls-ans\"><ul class=\"wp-polls-ul\">\n\t\t<li><input type=\"radio\" id=\"poll-answer-561\" name=\"poll_202\" value=\"561\" \/> <label for=\"poll-answer-561\">Afavoreix<\/label><\/li>\n\t\t<li><input type=\"radio\" id=\"poll-answer-562\" name=\"poll_202\" value=\"562\" \/> <label for=\"poll-answer-562\">Perjudica<\/label><\/li>\n\t\t<li><input type=\"radio\" id=\"poll-answer-563\" name=\"poll_202\" value=\"563\" \/> <label for=\"poll-answer-563\">\u00c9s indiferent<\/label><\/li>\n\t\t<\/ul><p style=\"text-align: center\"><input type=\"button\" name=\"vote\" value=\"   Vota   \" class=\"Buttons\" onclick=\"poll_vote(202);\" \/><\/p><p style=\"text-align: center\"><a href=\"#ViewPollResults\" onclick=\"poll_result(202); return false;\" title=\"View Results Of This Poll\">Mira els resultats<\/a><\/p><\/div>\n\t<\/form>\n<\/div>\n<div id=\"polls-202-loading\" class=\"wp-polls-loading\"><img decoding=\"async\" data-src=\"https:\/\/conversesacatalunya.cat\/wp-content\/plugins\/wp-polls\/images\/loading.gif\" width=\"16\" height=\"16\" alt=\"Cargando ...\" title=\"Cargando ...\" class=\"wp-polls-image lazyload\" src=\"data:image\/svg+xml;base64,PHN2ZyB3aWR0aD0iMSIgaGVpZ2h0PSIxIiB4bWxucz0iaHR0cDovL3d3dy53My5vcmcvMjAwMC9zdmciPjwvc3ZnPg==\" style=\"--smush-placeholder-width: 16px; --smush-placeholder-aspect-ratio: 16\/16;\" \/>&nbsp;Cargando ...<\/div>\n\n","protected":false},"excerpt":{"rendered":"<p>La econom\u00eda estadounidense se ha consolidado como m\u00e1s pr\u00f3spera y din\u00e1mica que la europea, Reino Unido incluido. No s\u00f3lo eso, sino que la distancia entre ambas orillas del Atl\u00e1ntico Norte sigue ensanch\u00e1ndose sin cesar. Converses ya ha hablado repetidamente del profundo impacto que este creciente desequilibrio implicar\u00e1 para una Europa cada vez m\u00e1s pobre: dependencia financiera, tecnol\u00f3gica y tambi\u00e9n militar. Las ant\u00edpodas del programa de gobierno con que Ursula von der Leyen lleg\u00f3 al frente de la Comisi\u00f3n Europea en 2019, y que deb\u00eda promover \u00abla autonom\u00eda estrat\u00e9gica\u00bb de la UE. Pero vayamos a los datos que ilustran este fen\u00f3meno de decadencia europea. En 2008, las econom\u00edas de la UE y de EE.UU. ten\u00edan m\u00e1s o menos el mismo tama\u00f1o. Pero desde la crisis financiera global que cerr\u00f3 la primera d\u00e9cada del siglo XXI, sus respectivos rumbos han sido muy diferentes. Seg\u00fan un estudio del centro de investigaci\u00f3n European Council on Foreign Relations, en 2008 la econom\u00eda europea era todav\u00eda ligeramente superior a la estadounidense, con un PIB de 16,2 billones de d\u00f3lares contra 14,7. En el 2022, la econom\u00eda de EE.UU. se hab\u00eda disparado hasta los 25 billones, mientras que la de la UE combinada con la del Reino Unido s\u00f3lo sumaban 19,8. Estados Unidos ya tiene pues una econom\u00eda que supera en casi una tercera parte a la europea. Europa est\u00e1 en un retroceso incontestable. Una situaci\u00f3n que se repite pr\u00e1cticamente en todos los sectores de la econom\u00eda, y particularmente en los de mayor valor a\u00f1adido. El propio paisaje tecnol\u00f3gico europeo est\u00e1 dominado por empresas estadounidenses, tal y como apunta el periodista y experto en pol\u00edtica internacional brit\u00e1nico Gideon Rachman. Las siete principales corporaciones tecnol\u00f3gicas del mundo en t\u00e9rminos de capitalizaci\u00f3n provienen todas de EE.UU. S\u00f3lo dos empresas tecnol\u00f3gicas europeas figuran en el top-20 mundial (la holandesa ASML, dedicada a la industria de los semiconductores, y la alemana SAP, especializada en software profesional). En 1990, Europa produc\u00eda el 44% de los semiconductores mundiales. Hoy esta proporci\u00f3n ha bajado hasta el 9%, mientras que EEUU se sit\u00faa en el 12%. Ambos bloques han prometido incrementar dr\u00e1sticamente su producci\u00f3n de estos componentes electr\u00f3nicos clave, pero los planes estadounidenses son mucho m\u00e1s ambiciosos y est\u00e1n mejor financiados que los europeos. Mientras, China ha logrado situar a sus propios campeones inform\u00e1ticos en el escenario global (a menudo, esto es cierto, introduciendo restricciones a sus rivales estadounidenses), las empresas europeas que despuntan en el sector han sido compradas por actores estadounidenses. Skype fue vendida a Microsoft en 2011, DeepMind a Google en 2014. Las universidades europeas, y particularmente aquellas que alimentan a los ecosistemas de innovaci\u00f3n tecnol\u00f3gica, tambi\u00e9n se encuentran en ca\u00edda libre. Los rankings universitarios de Shangai y THE s\u00f3lo sit\u00faan a una sola universidad de la UE en el top-30 mundial (se trata de Paris-Saclay, dedicada a los estudios cient\u00edficos y t\u00e9cnicos). En este sentido, Gran Breta\u00f1a sigue despuntando m\u00e1s que el continente gracias a Oxford, Cambridge, Imperial College y otros. Europa tambi\u00e9n vive sumida en una profunda sequ\u00eda de capital privado. El Viejo Continente se ha convertido en dependiente de la financiaci\u00f3n estadounidense para financiar nuevos proyectos, y debido a la preponderancia del estado, la UE no dispone de los grandes fondos de pensiones privados que s\u00ed existen en el mundo anglosaj\u00f3n. Cuando una empresa busca una financiaci\u00f3n importante, est\u00e1 pr\u00e1cticamente obligada a mirar a EE.UU. En materia energ\u00e9tica, la comparaci\u00f3n resulta a\u00fan m\u00e1s cruel: Europa ha perdido acceso a la \u00fanica fuente de energ\u00eda barata de que dispon\u00eda para propulsar su industria: el gas natural de Rusia. Con un sector nuclear patas arriba por la presi\u00f3n del ecologismo radical, incluso en Francia, la gran potencia nuclear del Viejo Continente, la industria europea est\u00e1 actualmente pagando la energ\u00eda tres o cuatro veces m\u00e1s cara que su hom\u00f3loga estadounidense. Estados Unidos es en cambio el principal productor mundial de petr\u00f3leo y gas. Podr\u00edamos extendernos a otros \u00e1mbitos, como los de la inmigraci\u00f3n y la tasa de fecundidad. Basta se\u00f1alar que todos los datos apuntan hacia un mayor dinamismo demogr\u00e1fico y de capital humano de Estados Unidos. Europa, a su vez, se va consolidando poco a poco, pero inexorablemente como un continente de jubilados con una econom\u00eda basada en el turismo y el lujo (uno de los \u00faltimos sectores en los que los europeos despuntan), y que atrae principalmente a inmigrantes escasamente calificados para el sector de los servicios<\/p>\n","protected":false},"author":75,"featured_media":68626,"comment_status":"open","ping_status":"open","sticky":false,"template":"","format":"standard","meta":{"_FSMCFIC_featured_image_caption":"","_FSMCFIC_featured_image_nocaption":"","_FSMCFIC_featured_image_hide":"","footnotes":""},"categories":[806],"tags":[831,4117,964,875,2585],"class_list":["post-68717","post","type-post","status-publish","format-standard","has-post-thumbnail","hentry","category-punts-claus-del-dia-es","tag-economia-es","tag-energia-es","tag-estats-units-es","tag-europa-es","tag-innovacio-es"],"yoast_head":"<!-- This site is optimized with the Yoast SEO plugin v26.8 - https:\/\/yoast.com\/product\/yoast-seo-wordpress\/ -->\n<title>La econom\u00eda de Europa se queda definitivamente por detr\u00e1s de Estados Unidos - Converses a Catalunya<\/title>\n<meta name=\"description\" content=\"La econom\u00eda estadounidense se ha consolidado como considerablemente m\u00e1s pr\u00f3spera y din\u00e1mica que la europea, Reino Unido incluido\" \/>\n<meta name=\"robots\" content=\"index, follow, max-snippet:-1, max-image-preview:large, max-video-preview:-1\" \/>\n<link rel=\"canonical\" href=\"https:\/\/conversesacatalunya.cat\/es\/leconomia-europa-detras-estados-unidos\/\" \/>\n<meta property=\"og:locale\" content=\"es_ES\" \/>\n<meta property=\"og:type\" content=\"article\" \/>\n<meta property=\"og:title\" content=\"La econom\u00eda de Europa se queda definitivamente por detr\u00e1s de Estados Unidos - Converses a Catalunya\" \/>\n<meta property=\"og:description\" content=\"La econom\u00eda estadounidense se ha consolidado como considerablemente m\u00e1s pr\u00f3spera y din\u00e1mica que la europea, Reino Unido incluido\" \/>\n<meta property=\"og:url\" content=\"https:\/\/conversesacatalunya.cat\/es\/leconomia-europa-detras-estados-unidos\/\" \/>\n<meta property=\"og:site_name\" content=\"Converses a Catalunya\" \/>\n<meta property=\"article:published_time\" content=\"2023-06-28T07:36:51+00:00\" \/>\n<meta property=\"og:image\" content=\"https:\/\/conversesacatalunya.cat\/wp-content\/uploads\/2023\/06\/pexels-michaA\u030a\u0082-ludwiczak-1239162.jpg\" \/>\n\t<meta property=\"og:image:width\" content=\"1280\" \/>\n\t<meta property=\"og:image:height\" content=\"853\" \/>\n\t<meta property=\"og:image:type\" content=\"image\/jpeg\" \/>\n<meta name=\"author\" content=\"Carles L\u00f3pez\" \/>\n<meta name=\"twitter:card\" content=\"summary_large_image\" \/>\n<meta name=\"twitter:label1\" content=\"Escrito por\" \/>\n\t<meta name=\"twitter:data1\" content=\"Carles L\u00f3pez\" \/>\n\t<meta name=\"twitter:label2\" content=\"Tiempo de lectura\" \/>\n\t<meta name=\"twitter:data2\" content=\"4 minutos\" \/>\n<script type=\"application\/ld+json\" class=\"yoast-schema-graph\">{\"@context\":\"https:\/\/schema.org\",\"@graph\":[{\"@type\":\"Article\",\"@id\":\"https:\/\/conversesacatalunya.cat\/es\/leconomia-europa-detras-estados-unidos\/#article\",\"isPartOf\":{\"@id\":\"https:\/\/conversesacatalunya.cat\/es\/leconomia-europa-detras-estados-unidos\/\"},\"author\":{\"name\":\"Carles L\u00f3pez\",\"@id\":\"https:\/\/conversesacatalunya.cat\/#\/schema\/person\/3ce2ab16c0a3803086d80722c7cad56a\"},\"headline\":\"La econom\u00eda de Europa se queda definitivamente por detr\u00e1s de Estados Unidos\",\"datePublished\":\"2023-06-28T07:36:51+00:00\",\"mainEntityOfPage\":{\"@id\":\"https:\/\/conversesacatalunya.cat\/es\/leconomia-europa-detras-estados-unidos\/\"},\"wordCount\":851,\"commentCount\":0,\"image\":{\"@id\":\"https:\/\/conversesacatalunya.cat\/es\/leconomia-europa-detras-estados-unidos\/#primaryimage\"},\"thumbnailUrl\":\"https:\/\/conversesacatalunya.cat\/wp-content\/uploads\/2023\/06\/pexels-michaA\u030a\u0082-ludwiczak-1239162.jpg\",\"keywords\":[\"Economia\",\"energia\",\"Estats Units\",\"Europa\",\"Innovaci\u00f3\"],\"articleSection\":[\"Punts clau del dia (ES)\"],\"inLanguage\":\"es\",\"potentialAction\":[{\"@type\":\"CommentAction\",\"name\":\"Comment\",\"target\":[\"https:\/\/conversesacatalunya.cat\/es\/leconomia-europa-detras-estados-unidos\/#respond\"]}]},{\"@type\":\"WebPage\",\"@id\":\"https:\/\/conversesacatalunya.cat\/es\/leconomia-europa-detras-estados-unidos\/\",\"url\":\"https:\/\/conversesacatalunya.cat\/es\/leconomia-europa-detras-estados-unidos\/\",\"name\":\"La econom\u00eda de Europa se queda definitivamente por detr\u00e1s de Estados Unidos - Converses a Catalunya\",\"isPartOf\":{\"@id\":\"https:\/\/conversesacatalunya.cat\/#website\"},\"primaryImageOfPage\":{\"@id\":\"https:\/\/conversesacatalunya.cat\/es\/leconomia-europa-detras-estados-unidos\/#primaryimage\"},\"image\":{\"@id\":\"https:\/\/conversesacatalunya.cat\/es\/leconomia-europa-detras-estados-unidos\/#primaryimage\"},\"thumbnailUrl\":\"https:\/\/conversesacatalunya.cat\/wp-content\/uploads\/2023\/06\/pexels-michaA\u030a\u0082-ludwiczak-1239162.jpg\",\"datePublished\":\"2023-06-28T07:36:51+00:00\",\"author\":{\"@id\":\"https:\/\/conversesacatalunya.cat\/#\/schema\/person\/3ce2ab16c0a3803086d80722c7cad56a\"},\"description\":\"La econom\u00eda estadounidense se ha consolidado como considerablemente m\u00e1s pr\u00f3spera y din\u00e1mica que la europea, Reino Unido incluido\",\"breadcrumb\":{\"@id\":\"https:\/\/conversesacatalunya.cat\/es\/leconomia-europa-detras-estados-unidos\/#breadcrumb\"},\"inLanguage\":\"es\",\"potentialAction\":[{\"@type\":\"ReadAction\",\"target\":[\"https:\/\/conversesacatalunya.cat\/es\/leconomia-europa-detras-estados-unidos\/\"]}]},{\"@type\":\"ImageObject\",\"inLanguage\":\"es\",\"@id\":\"https:\/\/conversesacatalunya.cat\/es\/leconomia-europa-detras-estados-unidos\/#primaryimage\",\"url\":\"https:\/\/conversesacatalunya.cat\/wp-content\/uploads\/2023\/06\/pexels-michaA\u030a\u0082-ludwiczak-1239162.jpg\",\"contentUrl\":\"https:\/\/conversesacatalunya.cat\/wp-content\/uploads\/2023\/06\/pexels-michaA\u030a\u0082-ludwiczak-1239162.jpg\",\"width\":1280,\"height\":853,\"caption\":\"economia estadounidense europea\"},{\"@type\":\"BreadcrumbList\",\"@id\":\"https:\/\/conversesacatalunya.cat\/es\/leconomia-europa-detras-estados-unidos\/#breadcrumb\",\"itemListElement\":[{\"@type\":\"ListItem\",\"position\":1,\"name\":\"Inici\",\"item\":\"https:\/\/conversesacatalunya.cat\/es\/\"},{\"@type\":\"ListItem\",\"position\":2,\"name\":\"La econom\u00eda de Europa se queda definitivamente por detr\u00e1s de Estados Unidos\"}]},{\"@type\":\"WebSite\",\"@id\":\"https:\/\/conversesacatalunya.cat\/#website\",\"url\":\"https:\/\/conversesacatalunya.cat\/\",\"name\":\"Converses a Catalunya\",\"description\":\"\",\"potentialAction\":[{\"@type\":\"SearchAction\",\"target\":{\"@type\":\"EntryPoint\",\"urlTemplate\":\"https:\/\/conversesacatalunya.cat\/?s={search_term_string}\"},\"query-input\":{\"@type\":\"PropertyValueSpecification\",\"valueRequired\":true,\"valueName\":\"search_term_string\"}}],\"inLanguage\":\"es\"},{\"@type\":\"Person\",\"@id\":\"https:\/\/conversesacatalunya.cat\/#\/schema\/person\/3ce2ab16c0a3803086d80722c7cad56a\",\"name\":\"Carles L\u00f3pez\",\"image\":{\"@type\":\"ImageObject\",\"inLanguage\":\"es\",\"@id\":\"https:\/\/conversesacatalunya.cat\/#\/schema\/person\/image\/\",\"url\":\"https:\/\/conversesacatalunya.cat\/wp-content\/litespeed\/avatar\/4891585caf2896e97846ab77f06edcf2.jpg?ver=1777091173\",\"contentUrl\":\"https:\/\/conversesacatalunya.cat\/wp-content\/litespeed\/avatar\/4891585caf2896e97846ab77f06edcf2.jpg?ver=1777091173\",\"caption\":\"Carles L\u00f3pez\"},\"url\":\"https:\/\/conversesacatalunya.cat\/es\/author\/carles-lopez\/\"}]}<\/script>\n<!-- \/ Yoast SEO plugin. -->","yoast_head_json":{"title":"La econom\u00eda de Europa se queda definitivamente por detr\u00e1s de Estados Unidos - Converses a Catalunya","description":"La econom\u00eda estadounidense se ha consolidado como considerablemente m\u00e1s pr\u00f3spera y din\u00e1mica que la europea, Reino Unido incluido","robots":{"index":"index","follow":"follow","max-snippet":"max-snippet:-1","max-image-preview":"max-image-preview:large","max-video-preview":"max-video-preview:-1"},"canonical":"https:\/\/conversesacatalunya.cat\/es\/leconomia-europa-detras-estados-unidos\/","og_locale":"es_ES","og_type":"article","og_title":"La econom\u00eda de Europa se queda definitivamente por detr\u00e1s de Estados Unidos - Converses a Catalunya","og_description":"La econom\u00eda estadounidense se ha consolidado como considerablemente m\u00e1s pr\u00f3spera y din\u00e1mica que la europea, Reino Unido incluido","og_url":"https:\/\/conversesacatalunya.cat\/es\/leconomia-europa-detras-estados-unidos\/","og_site_name":"Converses a Catalunya","article_published_time":"2023-06-28T07:36:51+00:00","og_image":[{"width":1280,"height":853,"url":"https:\/\/conversesacatalunya.cat\/wp-content\/uploads\/2023\/06\/pexels-michaA\u030a\u0082-ludwiczak-1239162.jpg","type":"image\/jpeg"}],"author":"Carles L\u00f3pez","twitter_card":"summary_large_image","twitter_misc":{"Escrito por":"Carles L\u00f3pez","Tiempo de lectura":"4 minutos"},"schema":{"@context":"https:\/\/schema.org","@graph":[{"@type":"Article","@id":"https:\/\/conversesacatalunya.cat\/es\/leconomia-europa-detras-estados-unidos\/#article","isPartOf":{"@id":"https:\/\/conversesacatalunya.cat\/es\/leconomia-europa-detras-estados-unidos\/"},"author":{"name":"Carles L\u00f3pez","@id":"https:\/\/conversesacatalunya.cat\/#\/schema\/person\/3ce2ab16c0a3803086d80722c7cad56a"},"headline":"La econom\u00eda de Europa se queda definitivamente por detr\u00e1s de Estados Unidos","datePublished":"2023-06-28T07:36:51+00:00","mainEntityOfPage":{"@id":"https:\/\/conversesacatalunya.cat\/es\/leconomia-europa-detras-estados-unidos\/"},"wordCount":851,"commentCount":0,"image":{"@id":"https:\/\/conversesacatalunya.cat\/es\/leconomia-europa-detras-estados-unidos\/#primaryimage"},"thumbnailUrl":"https:\/\/conversesacatalunya.cat\/wp-content\/uploads\/2023\/06\/pexels-michaA\u030a\u0082-ludwiczak-1239162.jpg","keywords":["Economia","energia","Estats Units","Europa","Innovaci\u00f3"],"articleSection":["Punts clau del dia (ES)"],"inLanguage":"es","potentialAction":[{"@type":"CommentAction","name":"Comment","target":["https:\/\/conversesacatalunya.cat\/es\/leconomia-europa-detras-estados-unidos\/#respond"]}]},{"@type":"WebPage","@id":"https:\/\/conversesacatalunya.cat\/es\/leconomia-europa-detras-estados-unidos\/","url":"https:\/\/conversesacatalunya.cat\/es\/leconomia-europa-detras-estados-unidos\/","name":"La econom\u00eda de Europa se queda definitivamente por detr\u00e1s de Estados Unidos - Converses a Catalunya","isPartOf":{"@id":"https:\/\/conversesacatalunya.cat\/#website"},"primaryImageOfPage":{"@id":"https:\/\/conversesacatalunya.cat\/es\/leconomia-europa-detras-estados-unidos\/#primaryimage"},"image":{"@id":"https:\/\/conversesacatalunya.cat\/es\/leconomia-europa-detras-estados-unidos\/#primaryimage"},"thumbnailUrl":"https:\/\/conversesacatalunya.cat\/wp-content\/uploads\/2023\/06\/pexels-michaA\u030a\u0082-ludwiczak-1239162.jpg","datePublished":"2023-06-28T07:36:51+00:00","author":{"@id":"https:\/\/conversesacatalunya.cat\/#\/schema\/person\/3ce2ab16c0a3803086d80722c7cad56a"},"description":"La econom\u00eda estadounidense se ha consolidado como considerablemente m\u00e1s pr\u00f3spera y din\u00e1mica que la europea, Reino Unido incluido","breadcrumb":{"@id":"https:\/\/conversesacatalunya.cat\/es\/leconomia-europa-detras-estados-unidos\/#breadcrumb"},"inLanguage":"es","potentialAction":[{"@type":"ReadAction","target":["https:\/\/conversesacatalunya.cat\/es\/leconomia-europa-detras-estados-unidos\/"]}]},{"@type":"ImageObject","inLanguage":"es","@id":"https:\/\/conversesacatalunya.cat\/es\/leconomia-europa-detras-estados-unidos\/#primaryimage","url":"https:\/\/conversesacatalunya.cat\/wp-content\/uploads\/2023\/06\/pexels-michaA\u030a\u0082-ludwiczak-1239162.jpg","contentUrl":"https:\/\/conversesacatalunya.cat\/wp-content\/uploads\/2023\/06\/pexels-michaA\u030a\u0082-ludwiczak-1239162.jpg","width":1280,"height":853,"caption":"economia estadounidense europea"},{"@type":"BreadcrumbList","@id":"https:\/\/conversesacatalunya.cat\/es\/leconomia-europa-detras-estados-unidos\/#breadcrumb","itemListElement":[{"@type":"ListItem","position":1,"name":"Inici","item":"https:\/\/conversesacatalunya.cat\/es\/"},{"@type":"ListItem","position":2,"name":"La econom\u00eda de Europa se queda definitivamente por detr\u00e1s de Estados Unidos"}]},{"@type":"WebSite","@id":"https:\/\/conversesacatalunya.cat\/#website","url":"https:\/\/conversesacatalunya.cat\/","name":"Converses a Catalunya","description":"","potentialAction":[{"@type":"SearchAction","target":{"@type":"EntryPoint","urlTemplate":"https:\/\/conversesacatalunya.cat\/?s={search_term_string}"},"query-input":{"@type":"PropertyValueSpecification","valueRequired":true,"valueName":"search_term_string"}}],"inLanguage":"es"},{"@type":"Person","@id":"https:\/\/conversesacatalunya.cat\/#\/schema\/person\/3ce2ab16c0a3803086d80722c7cad56a","name":"Carles L\u00f3pez","image":{"@type":"ImageObject","inLanguage":"es","@id":"https:\/\/conversesacatalunya.cat\/#\/schema\/person\/image\/","url":"https:\/\/conversesacatalunya.cat\/wp-content\/litespeed\/avatar\/4891585caf2896e97846ab77f06edcf2.jpg?ver=1777091173","contentUrl":"https:\/\/conversesacatalunya.cat\/wp-content\/litespeed\/avatar\/4891585caf2896e97846ab77f06edcf2.jpg?ver=1777091173","caption":"Carles L\u00f3pez"},"url":"https:\/\/conversesacatalunya.cat\/es\/author\/carles-lopez\/"}]}},"wps_subtitle":"Desde la crisis financiera de 2008, la econom\u00eda estadounidense se ha disparado mientras que la europea se estanca por falta de innovaci\u00f3n, capital y materias primas","_links":{"self":[{"href":"https:\/\/conversesacatalunya.cat\/es\/wp-json\/wp\/v2\/posts\/68717","targetHints":{"allow":["GET"]}}],"collection":[{"href":"https:\/\/conversesacatalunya.cat\/es\/wp-json\/wp\/v2\/posts"}],"about":[{"href":"https:\/\/conversesacatalunya.cat\/es\/wp-json\/wp\/v2\/types\/post"}],"author":[{"embeddable":true,"href":"https:\/\/conversesacatalunya.cat\/es\/wp-json\/wp\/v2\/users\/75"}],"replies":[{"embeddable":true,"href":"https:\/\/conversesacatalunya.cat\/es\/wp-json\/wp\/v2\/comments?post=68717"}],"version-history":[{"count":5,"href":"https:\/\/conversesacatalunya.cat\/es\/wp-json\/wp\/v2\/posts\/68717\/revisions"}],"predecessor-version":[{"id":68726,"href":"https:\/\/conversesacatalunya.cat\/es\/wp-json\/wp\/v2\/posts\/68717\/revisions\/68726"}],"wp:featuredmedia":[{"embeddable":true,"href":"https:\/\/conversesacatalunya.cat\/es\/wp-json\/wp\/v2\/media\/68626"}],"wp:attachment":[{"href":"https:\/\/conversesacatalunya.cat\/es\/wp-json\/wp\/v2\/media?parent=68717"}],"wp:term":[{"taxonomy":"category","embeddable":true,"href":"https:\/\/conversesacatalunya.cat\/es\/wp-json\/wp\/v2\/categories?post=68717"},{"taxonomy":"post_tag","embeddable":true,"href":"https:\/\/conversesacatalunya.cat\/es\/wp-json\/wp\/v2\/tags?post=68717"}],"curies":[{"name":"wp","href":"https:\/\/api.w.org\/{rel}","templated":true}]}}