{"id":68706,"date":"2023-06-27T13:21:49","date_gmt":"2023-06-27T11:21:49","guid":{"rendered":"https:\/\/conversesacatalunya.cat\/la-crisi-de-lensenyament\/"},"modified":"2023-06-27T14:38:34","modified_gmt":"2023-06-27T12:38:34","slug":"la-crisis-de-ensenanza","status":"publish","type":"post","link":"https:\/\/conversesacatalunya.cat\/es\/la-crisis-de-ensenanza\/","title":{"rendered":"La crisis de la ense\u00f1anza llega al Parlamento. 10 causas que la provocan"},"content":{"rendered":"<p><span>El Parlament finalmente ha decidido entrar en una cuesti\u00f3n que lleva a\u00f1os arrastrando y que los \u00faltimos datos referidos al\u00a0<\/span><strong><span>fracaso de la comprensi\u00f3n lectora<\/span><\/strong><span>\u00a0entre los alumnos catalanes ha acabado de estallar.\u00a0Esto significa que el debate parlamentario, sobre todo si es provechoso, bienvenido sea, pero llega con mucho retraso.\u00a0En Converses ya tratamos d\u00edas atr\u00e1s esta cuesti\u00f3n bajo un t\u00edtulo bien expl\u00edcito: \u00ab<\/span><a href=\"https:\/\/conversesacatalunya.cat\/es\/la-destruccion-de-la-ensenanza-en-cataluna-i\/\" target=\"_blank\" rel=\"noopener\"><span>La destrucci\u00f3n de la ense\u00f1anza en Catalu\u00f1a<\/span><\/a><span>\u00ab.<\/span><\/p>\n<p><span>El problema en la comprensi\u00f3n lectora es evidente.\u00a0Catalu\u00f1a es\u00a0<\/span><strong><span>la \u00faltima comunidad aut\u00f3noma de Espa\u00f1a<\/span><\/strong><span> y queda lejos de la media y a\u00fan m\u00e1s lejos de la que corresponde a la UE y a la OCDE, 507 puntos para Catalu\u00f1a, 521 para Espa\u00f1a, 528 para la UE y 533 para la OCDE-28.\u00a0Hay comunidades que mejoran estas marcas internacionales, en concreto Asturias (550), Madrid (539) y Castilla y Le\u00f3n (538).<\/span><\/p>\n<p><span>La variedad de situaciones socioecon\u00f3micas y culturales que se\u00f1alan estas tres regiones espa\u00f1olas ayudan a entender que el problema catal\u00e1n es: Un\u00a0<\/span><strong><span>problema espec\u00edfico de Catalu\u00f1a<\/span><\/strong><span>\u00a0.\u00a0Es lamentable, pero as\u00ed es.<\/span><\/p>\n<p><span>En los \u00faltimos a\u00f1os se observa un empeoramiento, que est\u00e1 muy claro en nuestro caso.\u00a0En 2022 la tasa de abandono escolar es significativamente superior a la de 2021, y con las evaluaciones que se realizan en 6\u00ba de primaria y 4\u00ba.\u00a0ESO, todos los resultados han empeorado de un a\u00f1o para otro y son particularmente malos en matem\u00e1ticas, ingl\u00e9s, conocimientos, cient\u00edfico tecnol\u00f3gicos y, por delante de todos estos, pero por detr\u00e1s de todos los dem\u00e1s, la lengua catalana,\u00a0<\/span><strong><span>hecho<\/span><\/strong><span> que dice muy poco de c\u00f3mo funciona su car\u00e1cter de lengua vehicular.<\/span><\/p>\n<p><span>Hay\u00a0<\/span><strong><span>10 razones b\u00e1sicas<\/span><\/strong><span>\u00a0que explican esta situaci\u00f3n y que no se ven s\u00f3lo en la escuela, porque, record\u00e9moslo, el primer factor educativo se da en la familia.\u00a0Escuelas mediocres con familias con capacidad educadora aportan mejores resultados que escuelas de primer nivel con familias que no tienen capacidad o cuidado de la educaci\u00f3n de sus hijos.<\/span><\/p>\n<h3><span>Estos factores se pueden resumir en estos t\u00e9rminos:<\/span><\/h3>\n<ol>\n<li><span>El\u00a0<\/span><strong><span>capital social<\/span><\/strong><span>\u00a0de la familia.\u00a0Es muy diferente aquella familia que tiene unos valores compartidos y vive ordenadamente que la que no lo hace, aquella que reconoce y sobre todo practica el valor del trabajo, del estudio y la lectura, que la que es ajena.\u00a0Y obviamente marca la diferencia la que se preocupa y estimula para que el hijo dedique horas al estudio, que la que pasa ol\u00edmpicamente.<\/span><\/li>\n<li><span>La\u00a0<\/span><strong><span>desestructuraci\u00f3n familiar<\/span><\/strong><span>.\u00a0Las familias desestructuradas tienen m\u00e1s dificultades objetivas, porque es m\u00e1s dif\u00edcil, trat\u00e1ndose de una sola figura paternal o maternal, dedicar tiempo neto de atenci\u00f3n al hijo. Catalunya presenta una tasa de divorcio mucho mayor que la espa\u00f1ola, 2,1 frente a 1,9 divorcios por 1.000 habitantes.\u00a0En Castilla y Le\u00f3n, que siempre obtiene buenos resultados, esa tasa es s\u00f3lo del 0,6. Existe tambi\u00e9n una correlaci\u00f3n poco estudiada pero cierta entre la tasa de abortos y el bajo rendimiento escolar.\u00a0En Catalu\u00f1a tambi\u00e9n es muy alta, 13,42 por cada 1000 mujeres en edad de infantar, por 10,7 en Espa\u00f1a.<\/span><\/li>\n<li><span>El\u00a0<\/span><strong><span>capital cultural<\/span><\/strong><span>.\u00a0En su mayor\u00eda est\u00e1 relacionado con el nivel de ingresos, pero cada vez hay m\u00e1s excepciones.\u00a0Porque aquellas familias imbuidas de una cultura \u201cprogresista\u201d con escaso orden dom\u00e9stico, pese a tener ingresos altos, generan un bajo capital cultural en sus hijos.\u00a0Sin embargo, el nivel socioecon\u00f3mico es un predictor del rendimiento acad\u00e9mico, sobre todo en primaria y, por tanto, se\u00f1ala que las ayudas econ\u00f3micas deber\u00edan tener un especial papel en estas edades.<\/span><\/li>\n<li><span>Relacionados con los otros dos tipos de capital, el\u00a0<\/span><strong><span>capital moral de la familia<\/span><\/strong><span>\u00a0que tambi\u00e9n es extrapolable a la escuela y significa la capacidad de establecer unas claras normas y cumplirlas.\u00a0De saber identificar lo que es el bien, lo que es justo, y lo que es necesario y actuar en consecuencia.<\/span><\/li>\n<li><span>Muy importante.\u00a0<\/span><strong><span>Pobreza infantil<\/span><\/strong><span>.\u00a0A mayor pobreza infantil m\u00e1s poblaci\u00f3n de 24 a 35 a\u00f1os sin estudios de secundaria, y Espa\u00f1a (tambi\u00e9n Catalu\u00f1a) es uno de los pa\u00edses de Europa donde este problema tiene mayor dimensi\u00f3n.<\/span><\/li>\n<li><span>La misma\u00a0<\/span><strong><span>escuela<\/span><\/strong><span>.\u00a0En conjunto, rigen criterios similares a los apuntados por el capital social, cultural y moral en el caso de la familia.\u00a0Si s\u00f3lo es una acumulaci\u00f3n inorg\u00e1nica de profesores y alumnos, el rendimiento escolar ser\u00e1 muy irregular.\u00a0Las escuelas con un ideario bien perfilado tienen mucho ganado.\u00a0Tambi\u00e9n influye el ambiente, su calidad y, obviamente, la infraestructura y los recursos de la escuela.<\/span><\/li>\n<li><span>Disponer de\u00a0<\/span><strong><span>medios adecuados<\/span><\/strong><span>\u00a0en funci\u00f3n de la proporci\u00f3n del n\u00famero de alumnos inmigrantes que requieran especial atenci\u00f3n.\u00a0De lo contrario, el bajo rendimiento est\u00e1 asegurado.<\/span><\/li>\n<li><span>El resultado de la escuela se juega sobre todo en\u00a0<\/span><strong><span>el aula<\/span><\/strong><span>.\u00a0\u00c9ste es el factor clave.\u00a0Un elemento determinante es el\u00a0<\/span><strong><span>tiempo real dedicado a ense\u00f1ar<\/span><\/strong><span>\u00a0que guarda relaci\u00f3n con el buen orden y motivaci\u00f3n que el profesor sabe imprimir a los alumnos.\u00a0Si bien, como ya se ha apuntado al principio, la familia tiene en todo esto un gran papel.\u00a0O vienen bien educados de casa, o el problema se traslada a la escuela.\u00a0El estilo de ense\u00f1ar es tambi\u00e9n un valor, sobre todo en determinados tipos de asignaturas, caso de las matem\u00e1ticas.<\/span><\/li>\n<li><span>El problema de la\u00a0<\/span><strong><span>compresi\u00f3n lectura<\/span><\/strong><span> es terrible, puesto que constituye la llave de vuelta para acceder a toda comprensi\u00f3n. Har\u00edan bien las escuelas en dejarse de experimentos pedag\u00f3gicos y trabajar intensamente esta cuesti\u00f3n y dedicar m\u00e1s tiempo a elaborar res\u00famenes, a redactar y a trabajar despu\u00e9s los resultados. Dos habilidades cognitivas est\u00e1n muy tocadas y es necesario que se recuperen: la memoria y la atenci\u00f3n, ligadas a la capacidad de concentraci\u00f3n.<\/span><\/li>\n<li><span>Por \u00faltimo, la\u00a0<\/span><strong><span>calidad de las instituciones p\u00fablicas<\/span><\/strong><span>, la Generalitat y el Estado son agentes fundamentales de esta cuesti\u00f3n. <span class=\"\">El hecho de que no se logre consensuar una ley de educaci\u00f3n ya dice el grado de desastre del pa\u00eds y el hecho de que tanto el gobierno de la Generalitat como el espa\u00f1ol otorguen especial importancia al adoctrinamiento en sus ideolog\u00edas, tiene consecuencias visibles sobre los p\u00e9simos resultados escolares.<\/span><\/span><\/li>\n<\/ol>\n<p><span>De todas estas cuestiones, \u00bfcu\u00e1les abordar\u00e1 el Parlamento de Catalu\u00f1a?\u00a0La respuesta se\u00f1alar\u00e1 si hemos encontrado el camino o continuamos el baj\u00f3n porque la ideolog\u00eda mata la buena educaci\u00f3n.<\/span><\/p>\n<div id=\"polls-202\" class=\"wp-polls\">\n\t<form id=\"polls_form_202\" class=\"wp-polls-form\" action=\"\/index.php\" method=\"post\">\n\t\t<p style=\"display: none;\"><input type=\"hidden\" id=\"poll_202_nonce\" name=\"wp-polls-nonce\" value=\"15a1466a08\" \/><\/p>\n\t\t<p style=\"display: none;\"><input type=\"hidden\" name=\"poll_id\" value=\"202\" \/><\/p>\n\t\t<p style=\"text-align: center\"><strong>L'escenari econ\u00f2mic actual, afavoreix o perjudica electoralment a S\u00e1nchez?<\/strong><\/p><div id=\"polls-202-ans\" class=\"wp-polls-ans\"><ul class=\"wp-polls-ul\">\n\t\t<li><input type=\"radio\" id=\"poll-answer-561\" name=\"poll_202\" value=\"561\" \/> <label for=\"poll-answer-561\">Afavoreix<\/label><\/li>\n\t\t<li><input type=\"radio\" id=\"poll-answer-562\" name=\"poll_202\" value=\"562\" \/> <label for=\"poll-answer-562\">Perjudica<\/label><\/li>\n\t\t<li><input type=\"radio\" id=\"poll-answer-563\" name=\"poll_202\" value=\"563\" \/> <label for=\"poll-answer-563\">\u00c9s indiferent<\/label><\/li>\n\t\t<\/ul><p style=\"text-align: center\"><input type=\"button\" name=\"vote\" value=\"   Vota   \" class=\"Buttons\" onclick=\"poll_vote(202);\" \/><\/p><p style=\"text-align: center\"><a href=\"#ViewPollResults\" onclick=\"poll_result(202); return false;\" title=\"View Results Of This Poll\">Mira els resultats<\/a><\/p><\/div>\n\t<\/form>\n<\/div>\n<div id=\"polls-202-loading\" class=\"wp-polls-loading\"><img decoding=\"async\" data-src=\"https:\/\/conversesacatalunya.cat\/wp-content\/plugins\/wp-polls\/images\/loading.gif\" width=\"16\" height=\"16\" alt=\"Cargando ...\" title=\"Cargando ...\" class=\"wp-polls-image lazyload\" src=\"data:image\/svg+xml;base64,PHN2ZyB3aWR0aD0iMSIgaGVpZ2h0PSIxIiB4bWxucz0iaHR0cDovL3d3dy53My5vcmcvMjAwMC9zdmciPjwvc3ZnPg==\" style=\"--smush-placeholder-width: 16px; --smush-placeholder-aspect-ratio: 16\/16;\" \/>&nbsp;Cargando ...<\/div>\n\n","protected":false},"excerpt":{"rendered":"<p>El Parlament finalmente ha decidido entrar en una cuesti\u00f3n que lleva a\u00f1os arrastrando y que los \u00faltimos datos referidos al\u00a0fracaso de la comprensi\u00f3n lectora\u00a0entre los alumnos catalanes ha acabado de estallar.\u00a0Esto significa que el debate parlamentario, sobre todo si es provechoso, bienvenido sea, pero llega con mucho retraso.\u00a0En Converses ya tratamos d\u00edas atr\u00e1s esta cuesti\u00f3n bajo un t\u00edtulo bien expl\u00edcito: \u00abLa destrucci\u00f3n de la ense\u00f1anza en Catalu\u00f1a\u00ab. El problema en la comprensi\u00f3n lectora es evidente.\u00a0Catalu\u00f1a es\u00a0la \u00faltima comunidad aut\u00f3noma de Espa\u00f1a y queda lejos de la media y a\u00fan m\u00e1s lejos de la que corresponde a la UE y a la OCDE, 507 puntos para Catalu\u00f1a, 521 para Espa\u00f1a, 528 para la UE y 533 para la OCDE-28.\u00a0Hay comunidades que mejoran estas marcas internacionales, en concreto Asturias (550), Madrid (539) y Castilla y Le\u00f3n (538). La variedad de situaciones socioecon\u00f3micas y culturales que se\u00f1alan estas tres regiones espa\u00f1olas ayudan a entender que el problema catal\u00e1n es: Un\u00a0problema espec\u00edfico de Catalu\u00f1a\u00a0.\u00a0Es lamentable, pero as\u00ed es. En los \u00faltimos a\u00f1os se observa un empeoramiento, que est\u00e1 muy claro en nuestro caso.\u00a0En 2022 la tasa de abandono escolar es significativamente superior a la de 2021, y con las evaluaciones que se realizan en 6\u00ba de primaria y 4\u00ba.\u00a0ESO, todos los resultados han empeorado de un a\u00f1o para otro y son particularmente malos en matem\u00e1ticas, ingl\u00e9s, conocimientos, cient\u00edfico tecnol\u00f3gicos y, por delante de todos estos, pero por detr\u00e1s de todos los dem\u00e1s, la lengua catalana,\u00a0hecho que dice muy poco de c\u00f3mo funciona su car\u00e1cter de lengua vehicular. Hay\u00a010 razones b\u00e1sicas\u00a0que explican esta situaci\u00f3n y que no se ven s\u00f3lo en la escuela, porque, record\u00e9moslo, el primer factor educativo se da en la familia.\u00a0Escuelas mediocres con familias con capacidad educadora aportan mejores resultados que escuelas de primer nivel con familias que no tienen capacidad o cuidado de la educaci\u00f3n de sus hijos. Estos factores se pueden resumir en estos t\u00e9rminos: El\u00a0capital social\u00a0de la familia.\u00a0Es muy diferente aquella familia que tiene unos valores compartidos y vive ordenadamente que la que no lo hace, aquella que reconoce y sobre todo practica el valor del trabajo, del estudio y la lectura, que la que es ajena.\u00a0Y obviamente marca la diferencia la que se preocupa y estimula para que el hijo dedique horas al estudio, que la que pasa ol\u00edmpicamente. La\u00a0desestructuraci\u00f3n familiar.\u00a0Las familias desestructuradas tienen m\u00e1s dificultades objetivas, porque es m\u00e1s dif\u00edcil, trat\u00e1ndose de una sola figura paternal o maternal, dedicar tiempo neto de atenci\u00f3n al hijo. Catalunya presenta una tasa de divorcio mucho mayor que la espa\u00f1ola, 2,1 frente a 1,9 divorcios por 1.000 habitantes.\u00a0En Castilla y Le\u00f3n, que siempre obtiene buenos resultados, esa tasa es s\u00f3lo del 0,6. Existe tambi\u00e9n una correlaci\u00f3n poco estudiada pero cierta entre la tasa de abortos y el bajo rendimiento escolar.\u00a0En Catalu\u00f1a tambi\u00e9n es muy alta, 13,42 por cada 1000 mujeres en edad de infantar, por 10,7 en Espa\u00f1a. El\u00a0capital cultural.\u00a0En su mayor\u00eda est\u00e1 relacionado con el nivel de ingresos, pero cada vez hay m\u00e1s excepciones.\u00a0Porque aquellas familias imbuidas de una cultura \u201cprogresista\u201d con escaso orden dom\u00e9stico, pese a tener ingresos altos, generan un bajo capital cultural en sus hijos.\u00a0Sin embargo, el nivel socioecon\u00f3mico es un predictor del rendimiento acad\u00e9mico, sobre todo en primaria y, por tanto, se\u00f1ala que las ayudas econ\u00f3micas deber\u00edan tener un especial papel en estas edades. Relacionados con los otros dos tipos de capital, el\u00a0capital moral de la familia\u00a0que tambi\u00e9n es extrapolable a la escuela y significa la capacidad de establecer unas claras normas y cumplirlas.\u00a0De saber identificar lo que es el bien, lo que es justo, y lo que es necesario y actuar en consecuencia. Muy importante.\u00a0Pobreza infantil.\u00a0A mayor pobreza infantil m\u00e1s poblaci\u00f3n de 24 a 35 a\u00f1os sin estudios de secundaria, y Espa\u00f1a (tambi\u00e9n Catalu\u00f1a) es uno de los pa\u00edses de Europa donde este problema tiene mayor dimensi\u00f3n. La misma\u00a0escuela.\u00a0En conjunto, rigen criterios similares a los apuntados por el capital social, cultural y moral en el caso de la familia.\u00a0Si s\u00f3lo es una acumulaci\u00f3n inorg\u00e1nica de profesores y alumnos, el rendimiento escolar ser\u00e1 muy irregular.\u00a0Las escuelas con un ideario bien perfilado tienen mucho ganado.\u00a0Tambi\u00e9n influye el ambiente, su calidad y, obviamente, la infraestructura y los recursos de la escuela. Disponer de\u00a0medios adecuados\u00a0en funci\u00f3n de la proporci\u00f3n del n\u00famero de alumnos inmigrantes que requieran especial atenci\u00f3n.\u00a0De lo contrario, el bajo rendimiento est\u00e1 asegurado. El resultado de la escuela se juega sobre todo en\u00a0el aula.\u00a0\u00c9ste es el factor clave.\u00a0Un elemento determinante es el\u00a0tiempo real dedicado a ense\u00f1ar\u00a0que guarda relaci\u00f3n con el buen orden y motivaci\u00f3n que el profesor sabe imprimir a los alumnos.\u00a0Si bien, como ya se ha apuntado al principio, la familia tiene en todo esto un gran papel.\u00a0O vienen bien educados de casa, o el problema se traslada a la escuela.\u00a0El estilo de ense\u00f1ar es tambi\u00e9n un valor, sobre todo en determinados tipos de asignaturas, caso de las matem\u00e1ticas. El problema de la\u00a0compresi\u00f3n lectura es terrible, puesto que constituye la llave de vuelta para acceder a toda comprensi\u00f3n. Har\u00edan bien las escuelas en dejarse de experimentos pedag\u00f3gicos y trabajar intensamente esta cuesti\u00f3n y dedicar m\u00e1s tiempo a elaborar res\u00famenes, a redactar y a trabajar despu\u00e9s los resultados. Dos habilidades cognitivas est\u00e1n muy tocadas y es necesario que se recuperen: la memoria y la atenci\u00f3n, ligadas a la capacidad de concentraci\u00f3n. Por \u00faltimo, la\u00a0calidad de las instituciones p\u00fablicas, la Generalitat y el Estado son agentes fundamentales de esta cuesti\u00f3n. El hecho de que no se logre consensuar una ley de educaci\u00f3n ya dice el grado de desastre del pa\u00eds y el hecho de que tanto el gobierno de la Generalitat como el espa\u00f1ol otorguen especial importancia al adoctrinamiento en sus ideolog\u00edas, tiene consecuencias visibles sobre los p\u00e9simos resultados escolares. De todas estas cuestiones, \u00bfcu\u00e1les abordar\u00e1 el Parlamento de Catalu\u00f1a?\u00a0La respuesta se\u00f1alar\u00e1 si hemos encontrado el camino o continuamos el baj\u00f3n porque la ideolog\u00eda mata la buena educaci\u00f3n.<\/p>\n","protected":false},"author":78,"featured_media":68695,"comment_status":"open","ping_status":"open","sticky":false,"template":"","format":"standard","meta":{"_FSMCFIC_featured_image_caption":"","_FSMCFIC_featured_image_nocaption":"","_FSMCFIC_featured_image_hide":"","footnotes":""},"categories":[806],"tags":[928],"class_list":["post-68706","post","type-post","status-publish","format-standard","has-post-thumbnail","hentry","category-punts-claus-del-dia-es","tag-educacion"],"yoast_head":"<!-- This site is optimized with the Yoast SEO plugin v26.8 - https:\/\/yoast.com\/product\/yoast-seo-wordpress\/ -->\n<title>La crisis de la ense\u00f1anza llega al Parlamento. 10 causas que la provocan - Converses a Catalunya<\/title>\n<meta name=\"description\" content=\"El Parlament finalmente ha decidido entrar en una cuesti\u00f3n que lleva a\u00f1os arrastrando y que los \u00faltimos datos referidos al fracaso de la comprensi\u00f3n lectora entre los alumnos catalanes ha acabado de estallar\" \/>\n<meta name=\"robots\" content=\"index, follow, max-snippet:-1, max-image-preview:large, max-video-preview:-1\" \/>\n<link rel=\"canonical\" href=\"https:\/\/conversesacatalunya.cat\/es\/la-crisis-de-ensenanza\/\" \/>\n<meta property=\"og:locale\" content=\"es_ES\" \/>\n<meta property=\"og:type\" content=\"article\" \/>\n<meta property=\"og:title\" content=\"La crisis de la ense\u00f1anza llega al Parlamento. 10 causas que la provocan - Converses a Catalunya\" \/>\n<meta property=\"og:description\" content=\"El Parlament finalmente ha decidido entrar en una cuesti\u00f3n que lleva a\u00f1os arrastrando y que los \u00faltimos datos referidos al fracaso de la comprensi\u00f3n lectora entre los alumnos catalanes ha acabado de estallar\" \/>\n<meta property=\"og:url\" content=\"https:\/\/conversesacatalunya.cat\/es\/la-crisis-de-ensenanza\/\" \/>\n<meta property=\"og:site_name\" content=\"Converses a Catalunya\" \/>\n<meta property=\"article:published_time\" content=\"2023-06-27T11:21:49+00:00\" \/>\n<meta property=\"article:modified_time\" content=\"2023-06-27T12:38:34+00:00\" \/>\n<meta property=\"og:image\" content=\"https:\/\/conversesacatalunya.cat\/wp-content\/uploads\/2023\/06\/escola-catalana.jpg\" \/>\n\t<meta property=\"og:image:width\" content=\"1200\" \/>\n\t<meta property=\"og:image:height\" content=\"675\" \/>\n\t<meta property=\"og:image:type\" content=\"image\/jpeg\" \/>\n<meta name=\"author\" content=\"Joan Masip\" \/>\n<meta name=\"twitter:card\" content=\"summary_large_image\" \/>\n<meta name=\"twitter:label1\" content=\"Escrito por\" \/>\n\t<meta name=\"twitter:data1\" content=\"Joan Masip\" \/>\n\t<meta name=\"twitter:label2\" content=\"Tiempo de lectura\" \/>\n\t<meta name=\"twitter:data2\" content=\"6 minutos\" \/>\n<script type=\"application\/ld+json\" class=\"yoast-schema-graph\">{\"@context\":\"https:\/\/schema.org\",\"@graph\":[{\"@type\":\"Article\",\"@id\":\"https:\/\/conversesacatalunya.cat\/es\/la-crisis-de-ensenanza\/#article\",\"isPartOf\":{\"@id\":\"https:\/\/conversesacatalunya.cat\/es\/la-crisis-de-ensenanza\/\"},\"author\":{\"name\":\"Joan Masip\",\"@id\":\"https:\/\/conversesacatalunya.cat\/#\/schema\/person\/311d0bf53def217d5124c78a7bc42275\"},\"headline\":\"La crisis de la ense\u00f1anza llega al Parlamento. 10 causas que la provocan\",\"datePublished\":\"2023-06-27T11:21:49+00:00\",\"dateModified\":\"2023-06-27T12:38:34+00:00\",\"mainEntityOfPage\":{\"@id\":\"https:\/\/conversesacatalunya.cat\/es\/la-crisis-de-ensenanza\/\"},\"wordCount\":1127,\"commentCount\":0,\"image\":{\"@id\":\"https:\/\/conversesacatalunya.cat\/es\/la-crisis-de-ensenanza\/#primaryimage\"},\"thumbnailUrl\":\"https:\/\/conversesacatalunya.cat\/wp-content\/uploads\/2023\/06\/escola-catalana.jpg\",\"keywords\":[\"Educaci\u00f3n\"],\"articleSection\":[\"Punts clau del dia (ES)\"],\"inLanguage\":\"es\",\"potentialAction\":[{\"@type\":\"CommentAction\",\"name\":\"Comment\",\"target\":[\"https:\/\/conversesacatalunya.cat\/es\/la-crisis-de-ensenanza\/#respond\"]}]},{\"@type\":\"WebPage\",\"@id\":\"https:\/\/conversesacatalunya.cat\/es\/la-crisis-de-ensenanza\/\",\"url\":\"https:\/\/conversesacatalunya.cat\/es\/la-crisis-de-ensenanza\/\",\"name\":\"La crisis de la ense\u00f1anza llega al Parlamento. 10 causas que la provocan - Converses a Catalunya\",\"isPartOf\":{\"@id\":\"https:\/\/conversesacatalunya.cat\/#website\"},\"primaryImageOfPage\":{\"@id\":\"https:\/\/conversesacatalunya.cat\/es\/la-crisis-de-ensenanza\/#primaryimage\"},\"image\":{\"@id\":\"https:\/\/conversesacatalunya.cat\/es\/la-crisis-de-ensenanza\/#primaryimage\"},\"thumbnailUrl\":\"https:\/\/conversesacatalunya.cat\/wp-content\/uploads\/2023\/06\/escola-catalana.jpg\",\"datePublished\":\"2023-06-27T11:21:49+00:00\",\"dateModified\":\"2023-06-27T12:38:34+00:00\",\"author\":{\"@id\":\"https:\/\/conversesacatalunya.cat\/#\/schema\/person\/311d0bf53def217d5124c78a7bc42275\"},\"description\":\"El Parlament finalmente ha decidido entrar en una cuesti\u00f3n que lleva a\u00f1os arrastrando y que los \u00faltimos datos referidos al fracaso de la comprensi\u00f3n lectora entre los alumnos catalanes ha acabado de estallar\",\"breadcrumb\":{\"@id\":\"https:\/\/conversesacatalunya.cat\/es\/la-crisis-de-ensenanza\/#breadcrumb\"},\"inLanguage\":\"es\",\"potentialAction\":[{\"@type\":\"ReadAction\",\"target\":[\"https:\/\/conversesacatalunya.cat\/es\/la-crisis-de-ensenanza\/\"]}]},{\"@type\":\"ImageObject\",\"inLanguage\":\"es\",\"@id\":\"https:\/\/conversesacatalunya.cat\/es\/la-crisis-de-ensenanza\/#primaryimage\",\"url\":\"https:\/\/conversesacatalunya.cat\/wp-content\/uploads\/2023\/06\/escola-catalana.jpg\",\"contentUrl\":\"https:\/\/conversesacatalunya.cat\/wp-content\/uploads\/2023\/06\/escola-catalana.jpg\",\"width\":1200,\"height\":675},{\"@type\":\"BreadcrumbList\",\"@id\":\"https:\/\/conversesacatalunya.cat\/es\/la-crisis-de-ensenanza\/#breadcrumb\",\"itemListElement\":[{\"@type\":\"ListItem\",\"position\":1,\"name\":\"Inici\",\"item\":\"https:\/\/conversesacatalunya.cat\/es\/\"},{\"@type\":\"ListItem\",\"position\":2,\"name\":\"La crisis de la ense\u00f1anza llega al Parlamento. 10 causas que la provocan\"}]},{\"@type\":\"WebSite\",\"@id\":\"https:\/\/conversesacatalunya.cat\/#website\",\"url\":\"https:\/\/conversesacatalunya.cat\/\",\"name\":\"Converses a Catalunya\",\"description\":\"\",\"potentialAction\":[{\"@type\":\"SearchAction\",\"target\":{\"@type\":\"EntryPoint\",\"urlTemplate\":\"https:\/\/conversesacatalunya.cat\/?s={search_term_string}\"},\"query-input\":{\"@type\":\"PropertyValueSpecification\",\"valueRequired\":true,\"valueName\":\"search_term_string\"}}],\"inLanguage\":\"es\"},{\"@type\":\"Person\",\"@id\":\"https:\/\/conversesacatalunya.cat\/#\/schema\/person\/311d0bf53def217d5124c78a7bc42275\",\"name\":\"Joan Masip\",\"image\":{\"@type\":\"ImageObject\",\"inLanguage\":\"es\",\"@id\":\"https:\/\/conversesacatalunya.cat\/#\/schema\/person\/image\/\",\"url\":\"https:\/\/conversesacatalunya.cat\/wp-content\/litespeed\/avatar\/fa67b994763cff7d443f54b63ec96481.jpg?ver=1777372547\",\"contentUrl\":\"https:\/\/conversesacatalunya.cat\/wp-content\/litespeed\/avatar\/fa67b994763cff7d443f54b63ec96481.jpg?ver=1777372547\",\"caption\":\"Joan Masip\"},\"url\":\"https:\/\/conversesacatalunya.cat\/es\/author\/joan-masip\/\"}]}<\/script>\n<!-- \/ Yoast SEO plugin. -->","yoast_head_json":{"title":"La crisis de la ense\u00f1anza llega al Parlamento. 10 causas que la provocan - Converses a Catalunya","description":"El Parlament finalmente ha decidido entrar en una cuesti\u00f3n que lleva a\u00f1os arrastrando y que los \u00faltimos datos referidos al fracaso de la comprensi\u00f3n lectora entre los alumnos catalanes ha acabado de estallar","robots":{"index":"index","follow":"follow","max-snippet":"max-snippet:-1","max-image-preview":"max-image-preview:large","max-video-preview":"max-video-preview:-1"},"canonical":"https:\/\/conversesacatalunya.cat\/es\/la-crisis-de-ensenanza\/","og_locale":"es_ES","og_type":"article","og_title":"La crisis de la ense\u00f1anza llega al Parlamento. 10 causas que la provocan - Converses a Catalunya","og_description":"El Parlament finalmente ha decidido entrar en una cuesti\u00f3n que lleva a\u00f1os arrastrando y que los \u00faltimos datos referidos al fracaso de la comprensi\u00f3n lectora entre los alumnos catalanes ha acabado de estallar","og_url":"https:\/\/conversesacatalunya.cat\/es\/la-crisis-de-ensenanza\/","og_site_name":"Converses a Catalunya","article_published_time":"2023-06-27T11:21:49+00:00","article_modified_time":"2023-06-27T12:38:34+00:00","og_image":[{"width":1200,"height":675,"url":"https:\/\/conversesacatalunya.cat\/wp-content\/uploads\/2023\/06\/escola-catalana.jpg","type":"image\/jpeg"}],"author":"Joan Masip","twitter_card":"summary_large_image","twitter_misc":{"Escrito por":"Joan Masip","Tiempo de lectura":"6 minutos"},"schema":{"@context":"https:\/\/schema.org","@graph":[{"@type":"Article","@id":"https:\/\/conversesacatalunya.cat\/es\/la-crisis-de-ensenanza\/#article","isPartOf":{"@id":"https:\/\/conversesacatalunya.cat\/es\/la-crisis-de-ensenanza\/"},"author":{"name":"Joan Masip","@id":"https:\/\/conversesacatalunya.cat\/#\/schema\/person\/311d0bf53def217d5124c78a7bc42275"},"headline":"La crisis de la ense\u00f1anza llega al Parlamento. 10 causas que la provocan","datePublished":"2023-06-27T11:21:49+00:00","dateModified":"2023-06-27T12:38:34+00:00","mainEntityOfPage":{"@id":"https:\/\/conversesacatalunya.cat\/es\/la-crisis-de-ensenanza\/"},"wordCount":1127,"commentCount":0,"image":{"@id":"https:\/\/conversesacatalunya.cat\/es\/la-crisis-de-ensenanza\/#primaryimage"},"thumbnailUrl":"https:\/\/conversesacatalunya.cat\/wp-content\/uploads\/2023\/06\/escola-catalana.jpg","keywords":["Educaci\u00f3n"],"articleSection":["Punts clau del dia (ES)"],"inLanguage":"es","potentialAction":[{"@type":"CommentAction","name":"Comment","target":["https:\/\/conversesacatalunya.cat\/es\/la-crisis-de-ensenanza\/#respond"]}]},{"@type":"WebPage","@id":"https:\/\/conversesacatalunya.cat\/es\/la-crisis-de-ensenanza\/","url":"https:\/\/conversesacatalunya.cat\/es\/la-crisis-de-ensenanza\/","name":"La crisis de la ense\u00f1anza llega al Parlamento. 10 causas que la provocan - Converses a Catalunya","isPartOf":{"@id":"https:\/\/conversesacatalunya.cat\/#website"},"primaryImageOfPage":{"@id":"https:\/\/conversesacatalunya.cat\/es\/la-crisis-de-ensenanza\/#primaryimage"},"image":{"@id":"https:\/\/conversesacatalunya.cat\/es\/la-crisis-de-ensenanza\/#primaryimage"},"thumbnailUrl":"https:\/\/conversesacatalunya.cat\/wp-content\/uploads\/2023\/06\/escola-catalana.jpg","datePublished":"2023-06-27T11:21:49+00:00","dateModified":"2023-06-27T12:38:34+00:00","author":{"@id":"https:\/\/conversesacatalunya.cat\/#\/schema\/person\/311d0bf53def217d5124c78a7bc42275"},"description":"El Parlament finalmente ha decidido entrar en una cuesti\u00f3n que lleva a\u00f1os arrastrando y que los \u00faltimos datos referidos al fracaso de la comprensi\u00f3n lectora entre los alumnos catalanes ha acabado de estallar","breadcrumb":{"@id":"https:\/\/conversesacatalunya.cat\/es\/la-crisis-de-ensenanza\/#breadcrumb"},"inLanguage":"es","potentialAction":[{"@type":"ReadAction","target":["https:\/\/conversesacatalunya.cat\/es\/la-crisis-de-ensenanza\/"]}]},{"@type":"ImageObject","inLanguage":"es","@id":"https:\/\/conversesacatalunya.cat\/es\/la-crisis-de-ensenanza\/#primaryimage","url":"https:\/\/conversesacatalunya.cat\/wp-content\/uploads\/2023\/06\/escola-catalana.jpg","contentUrl":"https:\/\/conversesacatalunya.cat\/wp-content\/uploads\/2023\/06\/escola-catalana.jpg","width":1200,"height":675},{"@type":"BreadcrumbList","@id":"https:\/\/conversesacatalunya.cat\/es\/la-crisis-de-ensenanza\/#breadcrumb","itemListElement":[{"@type":"ListItem","position":1,"name":"Inici","item":"https:\/\/conversesacatalunya.cat\/es\/"},{"@type":"ListItem","position":2,"name":"La crisis de la ense\u00f1anza llega al Parlamento. 10 causas que la provocan"}]},{"@type":"WebSite","@id":"https:\/\/conversesacatalunya.cat\/#website","url":"https:\/\/conversesacatalunya.cat\/","name":"Converses a Catalunya","description":"","potentialAction":[{"@type":"SearchAction","target":{"@type":"EntryPoint","urlTemplate":"https:\/\/conversesacatalunya.cat\/?s={search_term_string}"},"query-input":{"@type":"PropertyValueSpecification","valueRequired":true,"valueName":"search_term_string"}}],"inLanguage":"es"},{"@type":"Person","@id":"https:\/\/conversesacatalunya.cat\/#\/schema\/person\/311d0bf53def217d5124c78a7bc42275","name":"Joan Masip","image":{"@type":"ImageObject","inLanguage":"es","@id":"https:\/\/conversesacatalunya.cat\/#\/schema\/person\/image\/","url":"https:\/\/conversesacatalunya.cat\/wp-content\/litespeed\/avatar\/fa67b994763cff7d443f54b63ec96481.jpg?ver=1777372547","contentUrl":"https:\/\/conversesacatalunya.cat\/wp-content\/litespeed\/avatar\/fa67b994763cff7d443f54b63ec96481.jpg?ver=1777372547","caption":"Joan Masip"},"url":"https:\/\/conversesacatalunya.cat\/es\/author\/joan-masip\/"}]}},"wps_subtitle":"El Parlament finalmente ha decidido entrar en una cuesti\u00f3n que lleva a\u00f1os arrastrando y que los \u00faltimos datos referidos al fracaso de la comprensi\u00f3n lectora entre los alumnos catalanes ha acabado de estallar","_links":{"self":[{"href":"https:\/\/conversesacatalunya.cat\/es\/wp-json\/wp\/v2\/posts\/68706","targetHints":{"allow":["GET"]}}],"collection":[{"href":"https:\/\/conversesacatalunya.cat\/es\/wp-json\/wp\/v2\/posts"}],"about":[{"href":"https:\/\/conversesacatalunya.cat\/es\/wp-json\/wp\/v2\/types\/post"}],"author":[{"embeddable":true,"href":"https:\/\/conversesacatalunya.cat\/es\/wp-json\/wp\/v2\/users\/78"}],"replies":[{"embeddable":true,"href":"https:\/\/conversesacatalunya.cat\/es\/wp-json\/wp\/v2\/comments?post=68706"}],"version-history":[{"count":2,"href":"https:\/\/conversesacatalunya.cat\/es\/wp-json\/wp\/v2\/posts\/68706\/revisions"}],"predecessor-version":[{"id":68708,"href":"https:\/\/conversesacatalunya.cat\/es\/wp-json\/wp\/v2\/posts\/68706\/revisions\/68708"}],"wp:featuredmedia":[{"embeddable":true,"href":"https:\/\/conversesacatalunya.cat\/es\/wp-json\/wp\/v2\/media\/68695"}],"wp:attachment":[{"href":"https:\/\/conversesacatalunya.cat\/es\/wp-json\/wp\/v2\/media?parent=68706"}],"wp:term":[{"taxonomy":"category","embeddable":true,"href":"https:\/\/conversesacatalunya.cat\/es\/wp-json\/wp\/v2\/categories?post=68706"},{"taxonomy":"post_tag","embeddable":true,"href":"https:\/\/conversesacatalunya.cat\/es\/wp-json\/wp\/v2\/tags?post=68706"}],"curies":[{"name":"wp","href":"https:\/\/api.w.org\/{rel}","templated":true}]}}