{"id":68651,"date":"2023-06-26T09:42:34","date_gmt":"2023-06-26T07:42:34","guid":{"rendered":"https:\/\/conversesacatalunya.cat\/?p=68651"},"modified":"2023-06-26T12:55:26","modified_gmt":"2023-06-26T10:55:26","slug":"bce-tipos-de-interes-al-4","status":"publish","type":"post","link":"https:\/\/conversesacatalunya.cat\/es\/bce-tipos-de-interes-al-4\/","title":{"rendered":"El BCE eleva sus tipos de inter\u00e9s al 4% y confirma el ciclo de ajuste m\u00e1s duro de sus 25 a\u00f1os de existencia"},"content":{"rendered":"<p>El Banco Central Europeo (BCE) ha aprobado el 15 de junio una nueva subida de 0,25 puntos de los tipos de inter\u00e9s, hasta situarlos en un 4%, el mayor nivel de los \u00faltimos veintid\u00f3s a\u00f1os. Se trata de un paso m\u00e1s en el camino que se marc\u00f3 desde que inici\u00f3 una nueva etapa de ajustes, en julio del a\u00f1o pasado, cuando los tipos estaban a cero (mantenidos as\u00ed entre 2016 y 2022), para hacer frente al proceso inflacionista, subiendo por primera vez al 0,5%.<\/p>\n<p><strong>Adem\u00e1s, el BCE avanz\u00f3 que muy probablemente decidir\u00e1 una nueva subida de la misma cuant\u00eda en su pr\u00f3xima reuni\u00f3n de julio.<\/strong><\/p>\n<p>La subida del 15 de junio es la<strong> octava seguida<\/strong>, contando desde el inicio del nuevo ciclo alcista hace aproximadamente un a\u00f1o. En Frankfurt no se habla en ning\u00fan momento de una pausa en las subidas, ni siquiera que haya llegado la hora de pensar en ello.<\/p>\n<p>Con este nuevo movimiento, el BCE confirma <strong>el ciclo m\u00e1s duro de ajuste<\/strong> de sus 25 a\u00f1os de existencia, tanto en t\u00e9rminos de velocidad de la subida -400 puntos b\u00e1sicos en 11 meses- como de duraci\u00f3n.<\/p>\n<p>Al finalizar el mes de junio, el BCE habr\u00e1 igualado el ciclo m\u00e1s largo de alzas de tipos, un r\u00e9cord para el que hay que remontarse a los albores de la crisis financiera global (2007). Todo esto se ha producido a pesar de que la <strong>Reserva Federal de Estados Unidos<\/strong> (la Fed) hubiera decidido la semana pasada mantener sus tasas de inter\u00e9s.<\/p>\n<p><strong><a href=\"https:\/\/conversesacatalunya.cat\/es\/el-banco-central-europeo-bce-celebra-25-anos\/\" target=\"_blank\" rel=\"noopener\">El BCE cree que la inflaci\u00f3n<\/a> \u201cseguir\u00e1 siendo demasiado alta durante demasiado tiempo\u201d y, por tanto, se mantendr\u00e1 lejos del 2% en el que ha situado el objetivo de inflaci\u00f3n a medio plazo.<\/strong><\/p>\n<p>El BCE ha hecho una revisi\u00f3n al alza de la<strong> inflaci\u00f3n subyacente<\/strong> (aquella que no contempla los elementos m\u00e1s vol\u00e1tiles o estacionales como la energ\u00eda y los alimentos), que seguir\u00e1 siendo elevada debido, principalmente, a la fortaleza del mercado laboral y del fuerte aumento de los salarios y costes laborales unitarios, pero tambi\u00e9n ha se\u00f1alado que ya \u00abmuestra se\u00f1ales de debilitamiento\u00bb.<\/p>\n<p>El BCE est\u00e1 preocupado por la<strong> evoluci\u00f3n de los salario<\/strong>s, un elemento mucho m\u00e1s persistente que la energ\u00eda o alimentos, que ha impulsado hasta ahora el crecimiento de los precios.<\/p>\n<p><strong>El BCE \u00a0ha corregido al alza las perspectivas de inflaci\u00f3n media para este a\u00f1o hasta el 5,4%, un 3% para 2024 y un 2,2% para 2025<\/strong>. \u201cNo estamos todav\u00eda donde queremos estar para alcanzar\u00a0 nuestro objetivo\u201c, ha declarado Lagarde. El escenario principal sigue siendo el de mayores subidas del precio del dinero.<\/p>\n<p>La decisi\u00f3n del BCE de incrementar en 25 puntos b\u00e1sicos los tipos de inter\u00e9s, hasta situarlos en el 4%, y la sugerencia por parte de su presidenta, <strong>Christine Lagarde<\/strong>, de una nueva subida similar este mes de julio demuestran que Europa todav\u00eda tiene un camino por recorrer para controlar la inflaci\u00f3n, sobre todo la subyacente, que se prev\u00e9 que siga disparada por el crecimiento salarial. Cabe decir que los mercados descontaban la subida, pero no la advertencia. La presidenta del BCE prev\u00e9 que no se obtendr\u00e1 la estabilidad de precios hasta el 2025.<\/p>\n<p>Por otra parte, los datos confirman que la tasa de paro en la eurozona est\u00e1 en m\u00ednimos hist\u00f3ricos (6,5%), habi\u00e9ndose creado un mill\u00f3n de puestos de trabajo en el primer trimestre del a\u00f1o. <strong>El BCE ha revisado a la baja el crecimiento previsto para la eurozona<\/strong> al 0,9% para este a\u00f1o. Los salarios crecen a ritmos superiores al 5% y ralentizan la desinflaci\u00f3n. \u00abNo vemos riesgo de espiral de precios y salarios, pero hay que estar vigilantes\u00bb.<\/p>\n<p>La eurozona ha entrado en recesi\u00f3n en los \u00faltimos trimestres, en parte como resultado de las subidas de los tipos de inter\u00e9s, es decir, del endurecimiento de la pol\u00edtica monetaria.<\/p>\n<h4><strong>La \u00faltima subida de los tipos de inter\u00e9s provoca un empeoramiento de las condiciones financieras y de cr\u00e9ditos para empresas, familias y administraciones p\u00fablicas. Las hipotecas se encarecen un 40%.<\/strong><\/h4>\n<p><strong>La Asociaci\u00f3n Espa\u00f1ola de Consumidores<\/strong> ha lamentado que el BCE \u00abahogue\u00bb a las familias y las empresas espa\u00f1olas con la decisi\u00f3n de subir 25 puntos b\u00e1sicos los tipos de inter\u00e9s, que considera \u00abmuy perjudicial\u00bb. Al incrementarse los tipos de inter\u00e9s, tambi\u00e9n aumenta el \u00edndice de referencia para las hipotecas Euribor, que mide el inter\u00e9s que se cobran los bancos entre s\u00ed cuando se dejan dinero. Actualmente, ronda el 4%, el m\u00e1s alto desde la crisis de 2008. En 2021 estaba sobre el 1%. El coste de la deuda tambi\u00e9n subir\u00e1 y esto comportar\u00e1 mayores dificultades de financiaci\u00f3n.<\/p>\n<h4><strong>Fin de las inversiones de deuda<\/strong><\/h4>\n<p>Junto a la subida de tipos de inter\u00e9s, el BCE ha confirmado el fin de las inversiones de deuda respecto al programa tradicional de compras lanzado en 2015, conocido como APP, seg\u00fan sus siglas en ingl\u00e9s.<\/p>\n<p>Se trata de un programa de compra de activos para mantener la estabilidad de precios. Forma parte de los \u201cnuevos instrumentos\u201d de pol\u00edtica monetaria del BCE. A partir de finales de junio, la autoridad monetaria no repondr\u00e1 ni uno solo de los bonos que lleguen a su vencimiento, lo que de facto supondr\u00e1 una reducci\u00f3n progresiva de su cartera de deuda.<\/p>\n<p>Sin embargo, el BCE todav\u00eda mantiene una presencia en el mercado de bonos, \u00a0reinvirtiendo la totalidad de los t\u00edtulos adquiridos a trav\u00e9s del <strong>Programa de Compras de Emergencia Pand\u00e9mica<\/strong> (PEPP). Este programa no se ha tocado y subsiste como principal medida de contenci\u00f3n de las primas de riesgo.<\/p>\n<p>Paralelamente a la subida de los tipos de inter\u00e9s, el BCE est\u00e1 reduciendo la financiaci\u00f3n a la banca, que hasta ahora obten\u00eda dinero gratis de la ventanilla del banco emisor, y comienza a reducir el stock de deuda p\u00fablica.<\/p>\n<p>Los tipos de inter\u00e9s son relevantes, pero es tan o m\u00e1s importante lo que haga el BCE con los <strong>pr\u00e9stamos a coste nulo a la banca<\/strong> o con su voluminosa cartera de fondos p\u00fablicos.<\/p>\n<p>En referencia a los primeros, la reducci\u00f3n de su saldo ha sido muy sustancial: desde el pasado octubre la banca espa\u00f1ola ha devuelto dos terceras partes de los aproximadamente <strong>300.000 millones<\/strong> que logr\u00f3 hace dos a\u00f1os. El BCE espera que sigan estos reembolsos.<\/p>\n<p>Por lo que respecta a las compras de deuda, las realizadas en los \u00faltimos a\u00f1os significan unos <strong>cinco billones de euros<\/strong>, una cifra enorme. Las alzas de tipos encarecen el coste de financiar el d\u00e9ficit p\u00fablico en unos 1,5 billones de euros.<\/p>\n<p>Una pol\u00edtica monetaria cada vez m\u00e1s restrictiva, unida a unos tipos al alza, configuran un escenario preocupante, que obligar\u00e1 a las autoridades de los pa\u00edses del euro a realizar ejercicios de austeridad.<\/p>\n<p><strong>Espa\u00f1a<\/strong> entra en un escenario de \u00a0dificultades al verse obligada a confrontar dos necesidades propias de un cambio de rasante: frenar el crecimiento desordenado de la deuda p\u00fablica y prepararse para el retorno del Pacto de Estabilidad a la eurozona.<\/p>\n<p><strong>Alemania y los pa\u00edses del norte<\/strong> presionan en este \u00faltimo sentido, insisten en que es necesario volver a los <a href=\"https:\/\/conversesacatalunya.cat\/es\/ministros-financias-ue-disciplina-presupuestaria\/\" target=\"_blank\" rel=\"noopener\"><strong>equilibrios presupuestarios<\/strong><\/a> y a los controles de d\u00e9ficit y deuda.<\/p>\n<p><strong>Francia y los pa\u00edses del sur<\/strong> lo ven de otra forma.<\/p>\n<p>En cualquier caso, \u00a0nos encontramos \u00a0al final de una situaci\u00f3n de dinero f\u00e1cil y barato. Se acab\u00f3 la barra libre del cr\u00e9dito y habr\u00e1 que empezar a devolver lo que se debe. Es necesario poner la casa en orden lo m\u00e1s r\u00e1pidamente posible.<\/p>\n<p>La posibilidad de que<strong> en 2024 deba procederse a restricciones presupuestarias (recortes)<\/strong> es cada vez m\u00e1s real. Esto deja en mal lugar a los discursos triunfalistas\u00a0 sobre la marcha de una econom\u00eda que aparentemente goza de buena salud, pero que alberga desequilibrios que debe corregir imperativamente.<\/p>\n<h4><strong>El gobierno que salga de las elecciones del mes de julio tendr\u00e1 que enfrentar graves problemas estructurales.<\/strong><\/h4>\n<p>A diferencia de la situaci\u00f3n de hace una d\u00e9cada, <strong>las finanzas p\u00fablicas espa\u00f1olas presentan desequilibrios<\/strong>\u00a0equiparables a econom\u00edas\u00a0 como la francesa. En nuestra casa hay que dar prioridad absoluta a equilibrar las cuentas, esto lo sabe perfectamente la Comisi\u00f3n Europea. Tarea nada f\u00e1cil ante la rigidez de nuestros presupuestos, que se ven \u00a0lastrados por el peso desmedido de los gastos obligatorios. <strong>Empezar el a\u00f1o con m\u00e1s del 90% comprometido<\/strong> en la pr\u00e1ctica ofrece pocas opciones para ahorrar.<\/p>\n<p><strong>Es necesario proceder a reformas de gran importancia, embridar las principales partidas de gasto y mejorar en consecuencia la productividad y la eficiencia de la econom\u00eda.<\/strong><\/p>\n<p>Espa\u00f1a tiene un fuerte endeudamiento que est\u00e1 generando un pago muy elevado debido a la subida de los tipos de inter\u00e9s. <strong>El fantasma de la prima de riesgo se vislumbra otra vez<\/strong> en el horizonte. La ca\u00edda de la productividad de los \u00faltimos cuatro a\u00f1os est\u00e1 haciendo que la renta per c\u00e1pita cada vez se aleje m\u00e1s de la media europea. Espa\u00f1a est\u00e1 alej\u00e1ndose del n\u00facleo de pa\u00edses m\u00e1s avanzados de la UE.<\/p>\n<p>La mayor\u00eda de expertos piensa que la pol\u00edtica monetaria ya ha agotado su recorrido para controlar la inflaci\u00f3n, y \u00a0que se muestra incapaz de vencer la presi\u00f3n alcista que ejerce el encarecimiento de los costes, impulsado por el alza de las materias primas y su impacto inducido sobre la cadena de valor.<\/p>\n<p>Sostienen \u00a0que ha llegado la hora de que <strong>la pol\u00edtica fiscal tome el relevo de la monetaria.<\/strong> Esto significa poner fin a los m\u00faltiples est\u00edmulos instaurados para enfrentar, primero, la pandemia, y despu\u00e9s la invasi\u00f3n de Ucrania. \u201cUrge un retorno acelerado a la virtud fiscal para evitar disgustos, sin esperar a que Bruselas ordene un repliegue ordenado. Los endeudamientos masivos provocan desconfianza en los mercados. Ha llegado la hora de adoptar \u201creformas estructurales\u201d.<\/p>\n<span class='bctt-click-to-tweet'><span class='bctt-ctt-text'><a href='https:\/\/twitter.com\/intent\/tweet?url=https%3A%2F%2Fconversesacatalunya.cat%2Fes%2Fbce-tipos-de-interes-al-4%2F&#038;text=Espa%C3%B1a%20tiene%20un%20fuerte%20endeudamiento%20que%20est%C3%A1%20generando%20un%20pago%20muy%20elevado%20debido%20a%20la%20subida%20de%20los%20tipos%20de%20inter%C3%A9s.%20El%20fantasma%20de%20la%20prima%20de%20riesgo%20se%20vislumbra%20otra%20vez%20en%20el%20horizonte&#038;via=conversesacat&#038;related=conversesacat' target='_blank'rel=\"noopener noreferrer\">Espa\u00f1a tiene un fuerte endeudamiento que est\u00e1 generando un pago muy elevado debido a la subida de los tipos de inter\u00e9s. El fantasma de la prima de riesgo se vislumbra otra vez en el horizonte <\/a><\/span><a href='https:\/\/twitter.com\/intent\/tweet?url=https%3A%2F%2Fconversesacatalunya.cat%2Fes%2Fbce-tipos-de-interes-al-4%2F&#038;text=Espa%C3%B1a%20tiene%20un%20fuerte%20endeudamiento%20que%20est%C3%A1%20generando%20un%20pago%20muy%20elevado%20debido%20a%20la%20subida%20de%20los%20tipos%20de%20inter%C3%A9s.%20El%20fantasma%20de%20la%20prima%20de%20riesgo%20se%20vislumbra%20otra%20vez%20en%20el%20horizonte&#038;via=conversesacat&#038;related=conversesacat' target='_blank' class='bctt-ctt-btn'rel=\"noopener noreferrer\">Compartir en X<\/a><\/span>\n<div id=\"polls-202\" class=\"wp-polls\">\n\t<form id=\"polls_form_202\" class=\"wp-polls-form\" action=\"\/index.php\" method=\"post\">\n\t\t<p style=\"display: none;\"><input type=\"hidden\" id=\"poll_202_nonce\" name=\"wp-polls-nonce\" value=\"fcb56696e7\" \/><\/p>\n\t\t<p style=\"display: none;\"><input type=\"hidden\" name=\"poll_id\" value=\"202\" \/><\/p>\n\t\t<p style=\"text-align: center\"><strong>L'escenari econ\u00f2mic actual, afavoreix o perjudica electoralment a S\u00e1nchez?<\/strong><\/p><div id=\"polls-202-ans\" class=\"wp-polls-ans\"><ul class=\"wp-polls-ul\">\n\t\t<li><input type=\"radio\" id=\"poll-answer-561\" name=\"poll_202\" value=\"561\" \/> <label for=\"poll-answer-561\">Afavoreix<\/label><\/li>\n\t\t<li><input type=\"radio\" id=\"poll-answer-562\" name=\"poll_202\" value=\"562\" \/> <label for=\"poll-answer-562\">Perjudica<\/label><\/li>\n\t\t<li><input type=\"radio\" id=\"poll-answer-563\" name=\"poll_202\" value=\"563\" \/> <label for=\"poll-answer-563\">\u00c9s indiferent<\/label><\/li>\n\t\t<\/ul><p style=\"text-align: center\"><input type=\"button\" name=\"vote\" value=\"   Vota   \" class=\"Buttons\" onclick=\"poll_vote(202);\" \/><\/p><p style=\"text-align: center\"><a href=\"#ViewPollResults\" onclick=\"poll_result(202); return false;\" title=\"View Results Of This Poll\">Mira els resultats<\/a><\/p><\/div>\n\t<\/form>\n<\/div>\n<div id=\"polls-202-loading\" class=\"wp-polls-loading\"><img decoding=\"async\" data-src=\"https:\/\/conversesacatalunya.cat\/wp-content\/plugins\/wp-polls\/images\/loading.gif\" width=\"16\" height=\"16\" alt=\"Cargando ...\" title=\"Cargando ...\" class=\"wp-polls-image lazyload\" src=\"data:image\/svg+xml;base64,PHN2ZyB3aWR0aD0iMSIgaGVpZ2h0PSIxIiB4bWxucz0iaHR0cDovL3d3dy53My5vcmcvMjAwMC9zdmciPjwvc3ZnPg==\" style=\"--smush-placeholder-width: 16px; --smush-placeholder-aspect-ratio: 16\/16;\" \/>&nbsp;Cargando ...<\/div>\n\n<p>&nbsp;<\/p>\n<p>&nbsp;<\/p>\n","protected":false},"excerpt":{"rendered":"<p>El Banco Central Europeo (BCE) ha aprobado el 15 de junio una nueva subida de 0,25 puntos de los tipos de inter\u00e9s, hasta situarlos en un 4%, el mayor nivel de los \u00faltimos veintid\u00f3s a\u00f1os. Se trata de un paso m\u00e1s en el camino que se marc\u00f3 desde que inici\u00f3 una nueva etapa de ajustes, en julio del a\u00f1o pasado, cuando los tipos estaban a cero (mantenidos as\u00ed entre 2016 y 2022), para hacer frente al proceso inflacionista, subiendo por primera vez al 0,5%. Adem\u00e1s, el BCE avanz\u00f3 que muy probablemente decidir\u00e1 una nueva subida de la misma cuant\u00eda en su pr\u00f3xima reuni\u00f3n de julio. La subida del 15 de junio es la octava seguida, contando desde el inicio del nuevo ciclo alcista hace aproximadamente un a\u00f1o. En Frankfurt no se habla en ning\u00fan momento de una pausa en las subidas, ni siquiera que haya llegado la hora de pensar en ello. Con este nuevo movimiento, el BCE confirma el ciclo m\u00e1s duro de ajuste de sus 25 a\u00f1os de existencia, tanto en t\u00e9rminos de velocidad de la subida -400 puntos b\u00e1sicos en 11 meses- como de duraci\u00f3n. Al finalizar el mes de junio, el BCE habr\u00e1 igualado el ciclo m\u00e1s largo de alzas de tipos, un r\u00e9cord para el que hay que remontarse a los albores de la crisis financiera global (2007). Todo esto se ha producido a pesar de que la Reserva Federal de Estados Unidos (la Fed) hubiera decidido la semana pasada mantener sus tasas de inter\u00e9s. El BCE cree que la inflaci\u00f3n \u201cseguir\u00e1 siendo demasiado alta durante demasiado tiempo\u201d y, por tanto, se mantendr\u00e1 lejos del 2% en el que ha situado el objetivo de inflaci\u00f3n a medio plazo. El BCE ha hecho una revisi\u00f3n al alza de la inflaci\u00f3n subyacente (aquella que no contempla los elementos m\u00e1s vol\u00e1tiles o estacionales como la energ\u00eda y los alimentos), que seguir\u00e1 siendo elevada debido, principalmente, a la fortaleza del mercado laboral y del fuerte aumento de los salarios y costes laborales unitarios, pero tambi\u00e9n ha se\u00f1alado que ya \u00abmuestra se\u00f1ales de debilitamiento\u00bb. El BCE est\u00e1 preocupado por la evoluci\u00f3n de los salarios, un elemento mucho m\u00e1s persistente que la energ\u00eda o alimentos, que ha impulsado hasta ahora el crecimiento de los precios. El BCE \u00a0ha corregido al alza las perspectivas de inflaci\u00f3n media para este a\u00f1o hasta el 5,4%, un 3% para 2024 y un 2,2% para 2025. \u201cNo estamos todav\u00eda donde queremos estar para alcanzar\u00a0 nuestro objetivo\u201c, ha declarado Lagarde. El escenario principal sigue siendo el de mayores subidas del precio del dinero. La decisi\u00f3n del BCE de incrementar en 25 puntos b\u00e1sicos los tipos de inter\u00e9s, hasta situarlos en el 4%, y la sugerencia por parte de su presidenta, Christine Lagarde, de una nueva subida similar este mes de julio demuestran que Europa todav\u00eda tiene un camino por recorrer para controlar la inflaci\u00f3n, sobre todo la subyacente, que se prev\u00e9 que siga disparada por el crecimiento salarial. Cabe decir que los mercados descontaban la subida, pero no la advertencia. La presidenta del BCE prev\u00e9 que no se obtendr\u00e1 la estabilidad de precios hasta el 2025. Por otra parte, los datos confirman que la tasa de paro en la eurozona est\u00e1 en m\u00ednimos hist\u00f3ricos (6,5%), habi\u00e9ndose creado un mill\u00f3n de puestos de trabajo en el primer trimestre del a\u00f1o. El BCE ha revisado a la baja el crecimiento previsto para la eurozona al 0,9% para este a\u00f1o. Los salarios crecen a ritmos superiores al 5% y ralentizan la desinflaci\u00f3n. \u00abNo vemos riesgo de espiral de precios y salarios, pero hay que estar vigilantes\u00bb. La eurozona ha entrado en recesi\u00f3n en los \u00faltimos trimestres, en parte como resultado de las subidas de los tipos de inter\u00e9s, es decir, del endurecimiento de la pol\u00edtica monetaria. La \u00faltima subida de los tipos de inter\u00e9s provoca un empeoramiento de las condiciones financieras y de cr\u00e9ditos para empresas, familias y administraciones p\u00fablicas. Las hipotecas se encarecen un 40%. La Asociaci\u00f3n Espa\u00f1ola de Consumidores ha lamentado que el BCE \u00abahogue\u00bb a las familias y las empresas espa\u00f1olas con la decisi\u00f3n de subir 25 puntos b\u00e1sicos los tipos de inter\u00e9s, que considera \u00abmuy perjudicial\u00bb. Al incrementarse los tipos de inter\u00e9s, tambi\u00e9n aumenta el \u00edndice de referencia para las hipotecas Euribor, que mide el inter\u00e9s que se cobran los bancos entre s\u00ed cuando se dejan dinero. Actualmente, ronda el 4%, el m\u00e1s alto desde la crisis de 2008. En 2021 estaba sobre el 1%. El coste de la deuda tambi\u00e9n subir\u00e1 y esto comportar\u00e1 mayores dificultades de financiaci\u00f3n. Fin de las inversiones de deuda Junto a la subida de tipos de inter\u00e9s, el BCE ha confirmado el fin de las inversiones de deuda respecto al programa tradicional de compras lanzado en 2015, conocido como APP, seg\u00fan sus siglas en ingl\u00e9s. Se trata de un programa de compra de activos para mantener la estabilidad de precios. Forma parte de los \u201cnuevos instrumentos\u201d de pol\u00edtica monetaria del BCE. A partir de finales de junio, la autoridad monetaria no repondr\u00e1 ni uno solo de los bonos que lleguen a su vencimiento, lo que de facto supondr\u00e1 una reducci\u00f3n progresiva de su cartera de deuda. Sin embargo, el BCE todav\u00eda mantiene una presencia en el mercado de bonos, \u00a0reinvirtiendo la totalidad de los t\u00edtulos adquiridos a trav\u00e9s del Programa de Compras de Emergencia Pand\u00e9mica (PEPP). Este programa no se ha tocado y subsiste como principal medida de contenci\u00f3n de las primas de riesgo. Paralelamente a la subida de los tipos de inter\u00e9s, el BCE est\u00e1 reduciendo la financiaci\u00f3n a la banca, que hasta ahora obten\u00eda dinero gratis de la ventanilla del banco emisor, y comienza a reducir el stock de deuda p\u00fablica. Los tipos de inter\u00e9s son relevantes, pero es tan o m\u00e1s importante lo que haga el BCE con los pr\u00e9stamos a coste nulo a la banca o con su voluminosa cartera de fondos p\u00fablicos. En referencia a los primeros, la reducci\u00f3n de su saldo ha sido muy sustancial: desde el pasado octubre la banca espa\u00f1ola ha&#8230;<\/p>\n","protected":false},"author":38,"featured_media":68649,"comment_status":"open","ping_status":"open","sticky":false,"template":"","format":"standard","meta":{"_FSMCFIC_featured_image_caption":"","_FSMCFIC_featured_image_nocaption":"","_FSMCFIC_featured_image_hide":"","footnotes":""},"categories":[798,806],"tags":[1480,3097],"class_list":["post-68651","post","type-post","status-publish","format-standard","has-post-thumbnail","hentry","category-pro-europa-es","category-punts-claus-del-dia-es","tag-bce-es","tag-inflacio-es"],"yoast_head":"<!-- This site is optimized with the Yoast SEO plugin v26.8 - https:\/\/yoast.com\/product\/yoast-seo-wordpress\/ -->\n<title>BCE subida tipos de inter\u00e9s al 4%<\/title>\n<meta name=\"description\" content=\"Espa\u00f1a tiene un fuerte endeudamiento que est\u00e1 generando un pago muy elevado debido a la subida de los tipos de inter\u00e9s. La prima de riesgo\" \/>\n<meta name=\"robots\" content=\"index, follow, max-snippet:-1, max-image-preview:large, max-video-preview:-1\" \/>\n<link rel=\"canonical\" href=\"https:\/\/conversesacatalunya.cat\/es\/bce-tipos-de-interes-al-4\/\" \/>\n<meta property=\"og:locale\" content=\"es_ES\" \/>\n<meta property=\"og:type\" content=\"article\" \/>\n<meta property=\"og:title\" content=\"BCE subida tipos de inter\u00e9s al 4%\" \/>\n<meta property=\"og:description\" content=\"Espa\u00f1a tiene un fuerte endeudamiento que est\u00e1 generando un pago muy elevado debido a la subida de los tipos de inter\u00e9s. La prima de riesgo\" \/>\n<meta property=\"og:url\" content=\"https:\/\/conversesacatalunya.cat\/es\/bce-tipos-de-interes-al-4\/\" \/>\n<meta property=\"og:site_name\" content=\"Converses a Catalunya\" \/>\n<meta property=\"article:published_time\" content=\"2023-06-26T07:42:34+00:00\" \/>\n<meta property=\"article:modified_time\" content=\"2023-06-26T10:55:26+00:00\" \/>\n<meta property=\"og:image\" content=\"https:\/\/conversesacatalunya.cat\/wp-content\/uploads\/2023\/06\/eu-3157207_1280.jpg\" \/>\n\t<meta property=\"og:image:width\" content=\"1280\" \/>\n\t<meta property=\"og:image:height\" content=\"853\" \/>\n\t<meta property=\"og:image:type\" content=\"image\/jpeg\" \/>\n<meta name=\"author\" content=\"Victor Pou\" \/>\n<meta name=\"twitter:card\" content=\"summary_large_image\" \/>\n<meta name=\"twitter:label1\" content=\"Escrito por\" \/>\n\t<meta name=\"twitter:data1\" content=\"Victor Pou\" \/>\n\t<meta name=\"twitter:label2\" content=\"Tiempo de lectura\" \/>\n\t<meta name=\"twitter:data2\" content=\"9 minutos\" \/>\n<script type=\"application\/ld+json\" class=\"yoast-schema-graph\">{\"@context\":\"https:\/\/schema.org\",\"@graph\":[{\"@type\":\"Article\",\"@id\":\"https:\/\/conversesacatalunya.cat\/es\/bce-tipos-de-interes-al-4\/#article\",\"isPartOf\":{\"@id\":\"https:\/\/conversesacatalunya.cat\/es\/bce-tipos-de-interes-al-4\/\"},\"author\":{\"name\":\"Victor Pou\",\"@id\":\"https:\/\/conversesacatalunya.cat\/#\/schema\/person\/1b0082ee920b837be791bee630d460b2\"},\"headline\":\"El BCE eleva sus tipos de inter\u00e9s al 4% y confirma el ciclo de ajuste m\u00e1s duro de sus 25 a\u00f1os de existencia\",\"datePublished\":\"2023-06-26T07:42:34+00:00\",\"dateModified\":\"2023-06-26T10:55:26+00:00\",\"mainEntityOfPage\":{\"@id\":\"https:\/\/conversesacatalunya.cat\/es\/bce-tipos-de-interes-al-4\/\"},\"wordCount\":1752,\"commentCount\":0,\"image\":{\"@id\":\"https:\/\/conversesacatalunya.cat\/es\/bce-tipos-de-interes-al-4\/#primaryimage\"},\"thumbnailUrl\":\"https:\/\/conversesacatalunya.cat\/wp-content\/uploads\/2023\/06\/eu-3157207_1280.jpg\",\"keywords\":[\"BCE\",\"Inflaci\u00f3\"],\"articleSection\":[\"Pro Europa (ES)\",\"Punts clau del dia (ES)\"],\"inLanguage\":\"es\",\"potentialAction\":[{\"@type\":\"CommentAction\",\"name\":\"Comment\",\"target\":[\"https:\/\/conversesacatalunya.cat\/es\/bce-tipos-de-interes-al-4\/#respond\"]}]},{\"@type\":\"WebPage\",\"@id\":\"https:\/\/conversesacatalunya.cat\/es\/bce-tipos-de-interes-al-4\/\",\"url\":\"https:\/\/conversesacatalunya.cat\/es\/bce-tipos-de-interes-al-4\/\",\"name\":\"BCE subida tipos de inter\u00e9s al 4%\",\"isPartOf\":{\"@id\":\"https:\/\/conversesacatalunya.cat\/#website\"},\"primaryImageOfPage\":{\"@id\":\"https:\/\/conversesacatalunya.cat\/es\/bce-tipos-de-interes-al-4\/#primaryimage\"},\"image\":{\"@id\":\"https:\/\/conversesacatalunya.cat\/es\/bce-tipos-de-interes-al-4\/#primaryimage\"},\"thumbnailUrl\":\"https:\/\/conversesacatalunya.cat\/wp-content\/uploads\/2023\/06\/eu-3157207_1280.jpg\",\"datePublished\":\"2023-06-26T07:42:34+00:00\",\"dateModified\":\"2023-06-26T10:55:26+00:00\",\"author\":{\"@id\":\"https:\/\/conversesacatalunya.cat\/#\/schema\/person\/1b0082ee920b837be791bee630d460b2\"},\"description\":\"Espa\u00f1a tiene un fuerte endeudamiento que est\u00e1 generando un pago muy elevado debido a la subida de los tipos de inter\u00e9s. La prima de riesgo\",\"breadcrumb\":{\"@id\":\"https:\/\/conversesacatalunya.cat\/es\/bce-tipos-de-interes-al-4\/#breadcrumb\"},\"inLanguage\":\"es\",\"potentialAction\":[{\"@type\":\"ReadAction\",\"target\":[\"https:\/\/conversesacatalunya.cat\/es\/bce-tipos-de-interes-al-4\/\"]}]},{\"@type\":\"ImageObject\",\"inLanguage\":\"es\",\"@id\":\"https:\/\/conversesacatalunya.cat\/es\/bce-tipos-de-interes-al-4\/#primaryimage\",\"url\":\"https:\/\/conversesacatalunya.cat\/wp-content\/uploads\/2023\/06\/eu-3157207_1280.jpg\",\"contentUrl\":\"https:\/\/conversesacatalunya.cat\/wp-content\/uploads\/2023\/06\/eu-3157207_1280.jpg\",\"width\":1280,\"height\":853,\"caption\":\"subida tipos inter\u00e9s\"},{\"@type\":\"BreadcrumbList\",\"@id\":\"https:\/\/conversesacatalunya.cat\/es\/bce-tipos-de-interes-al-4\/#breadcrumb\",\"itemListElement\":[{\"@type\":\"ListItem\",\"position\":1,\"name\":\"Inici\",\"item\":\"https:\/\/conversesacatalunya.cat\/es\/\"},{\"@type\":\"ListItem\",\"position\":2,\"name\":\"El BCE eleva sus tipos de inter\u00e9s al 4% y confirma el ciclo de ajuste m\u00e1s duro de sus 25 a\u00f1os de existencia\"}]},{\"@type\":\"WebSite\",\"@id\":\"https:\/\/conversesacatalunya.cat\/#website\",\"url\":\"https:\/\/conversesacatalunya.cat\/\",\"name\":\"Converses a Catalunya\",\"description\":\"\",\"potentialAction\":[{\"@type\":\"SearchAction\",\"target\":{\"@type\":\"EntryPoint\",\"urlTemplate\":\"https:\/\/conversesacatalunya.cat\/?s={search_term_string}\"},\"query-input\":{\"@type\":\"PropertyValueSpecification\",\"valueRequired\":true,\"valueName\":\"search_term_string\"}}],\"inLanguage\":\"es\"},{\"@type\":\"Person\",\"@id\":\"https:\/\/conversesacatalunya.cat\/#\/schema\/person\/1b0082ee920b837be791bee630d460b2\",\"name\":\"Victor Pou\",\"image\":{\"@type\":\"ImageObject\",\"inLanguage\":\"es\",\"@id\":\"https:\/\/conversesacatalunya.cat\/#\/schema\/person\/image\/\",\"url\":\"https:\/\/conversesacatalunya.cat\/wp-content\/litespeed\/avatar\/b9b32a5f987117ce72836d050f735d2b.jpg?ver=1777366285\",\"contentUrl\":\"https:\/\/conversesacatalunya.cat\/wp-content\/litespeed\/avatar\/b9b32a5f987117ce72836d050f735d2b.jpg?ver=1777366285\",\"caption\":\"Victor Pou\"},\"url\":\"https:\/\/conversesacatalunya.cat\/es\/author\/victor_pou\/\"}]}<\/script>\n<!-- \/ Yoast SEO plugin. -->","yoast_head_json":{"title":"BCE subida tipos de inter\u00e9s al 4%","description":"Espa\u00f1a tiene un fuerte endeudamiento que est\u00e1 generando un pago muy elevado debido a la subida de los tipos de inter\u00e9s. La prima de riesgo","robots":{"index":"index","follow":"follow","max-snippet":"max-snippet:-1","max-image-preview":"max-image-preview:large","max-video-preview":"max-video-preview:-1"},"canonical":"https:\/\/conversesacatalunya.cat\/es\/bce-tipos-de-interes-al-4\/","og_locale":"es_ES","og_type":"article","og_title":"BCE subida tipos de inter\u00e9s al 4%","og_description":"Espa\u00f1a tiene un fuerte endeudamiento que est\u00e1 generando un pago muy elevado debido a la subida de los tipos de inter\u00e9s. La prima de riesgo","og_url":"https:\/\/conversesacatalunya.cat\/es\/bce-tipos-de-interes-al-4\/","og_site_name":"Converses a Catalunya","article_published_time":"2023-06-26T07:42:34+00:00","article_modified_time":"2023-06-26T10:55:26+00:00","og_image":[{"width":1280,"height":853,"url":"https:\/\/conversesacatalunya.cat\/wp-content\/uploads\/2023\/06\/eu-3157207_1280.jpg","type":"image\/jpeg"}],"author":"Victor Pou","twitter_card":"summary_large_image","twitter_misc":{"Escrito por":"Victor Pou","Tiempo de lectura":"9 minutos"},"schema":{"@context":"https:\/\/schema.org","@graph":[{"@type":"Article","@id":"https:\/\/conversesacatalunya.cat\/es\/bce-tipos-de-interes-al-4\/#article","isPartOf":{"@id":"https:\/\/conversesacatalunya.cat\/es\/bce-tipos-de-interes-al-4\/"},"author":{"name":"Victor Pou","@id":"https:\/\/conversesacatalunya.cat\/#\/schema\/person\/1b0082ee920b837be791bee630d460b2"},"headline":"El BCE eleva sus tipos de inter\u00e9s al 4% y confirma el ciclo de ajuste m\u00e1s duro de sus 25 a\u00f1os de existencia","datePublished":"2023-06-26T07:42:34+00:00","dateModified":"2023-06-26T10:55:26+00:00","mainEntityOfPage":{"@id":"https:\/\/conversesacatalunya.cat\/es\/bce-tipos-de-interes-al-4\/"},"wordCount":1752,"commentCount":0,"image":{"@id":"https:\/\/conversesacatalunya.cat\/es\/bce-tipos-de-interes-al-4\/#primaryimage"},"thumbnailUrl":"https:\/\/conversesacatalunya.cat\/wp-content\/uploads\/2023\/06\/eu-3157207_1280.jpg","keywords":["BCE","Inflaci\u00f3"],"articleSection":["Pro Europa (ES)","Punts clau del dia (ES)"],"inLanguage":"es","potentialAction":[{"@type":"CommentAction","name":"Comment","target":["https:\/\/conversesacatalunya.cat\/es\/bce-tipos-de-interes-al-4\/#respond"]}]},{"@type":"WebPage","@id":"https:\/\/conversesacatalunya.cat\/es\/bce-tipos-de-interes-al-4\/","url":"https:\/\/conversesacatalunya.cat\/es\/bce-tipos-de-interes-al-4\/","name":"BCE subida tipos de inter\u00e9s al 4%","isPartOf":{"@id":"https:\/\/conversesacatalunya.cat\/#website"},"primaryImageOfPage":{"@id":"https:\/\/conversesacatalunya.cat\/es\/bce-tipos-de-interes-al-4\/#primaryimage"},"image":{"@id":"https:\/\/conversesacatalunya.cat\/es\/bce-tipos-de-interes-al-4\/#primaryimage"},"thumbnailUrl":"https:\/\/conversesacatalunya.cat\/wp-content\/uploads\/2023\/06\/eu-3157207_1280.jpg","datePublished":"2023-06-26T07:42:34+00:00","dateModified":"2023-06-26T10:55:26+00:00","author":{"@id":"https:\/\/conversesacatalunya.cat\/#\/schema\/person\/1b0082ee920b837be791bee630d460b2"},"description":"Espa\u00f1a tiene un fuerte endeudamiento que est\u00e1 generando un pago muy elevado debido a la subida de los tipos de inter\u00e9s. La prima de riesgo","breadcrumb":{"@id":"https:\/\/conversesacatalunya.cat\/es\/bce-tipos-de-interes-al-4\/#breadcrumb"},"inLanguage":"es","potentialAction":[{"@type":"ReadAction","target":["https:\/\/conversesacatalunya.cat\/es\/bce-tipos-de-interes-al-4\/"]}]},{"@type":"ImageObject","inLanguage":"es","@id":"https:\/\/conversesacatalunya.cat\/es\/bce-tipos-de-interes-al-4\/#primaryimage","url":"https:\/\/conversesacatalunya.cat\/wp-content\/uploads\/2023\/06\/eu-3157207_1280.jpg","contentUrl":"https:\/\/conversesacatalunya.cat\/wp-content\/uploads\/2023\/06\/eu-3157207_1280.jpg","width":1280,"height":853,"caption":"subida tipos inter\u00e9s"},{"@type":"BreadcrumbList","@id":"https:\/\/conversesacatalunya.cat\/es\/bce-tipos-de-interes-al-4\/#breadcrumb","itemListElement":[{"@type":"ListItem","position":1,"name":"Inici","item":"https:\/\/conversesacatalunya.cat\/es\/"},{"@type":"ListItem","position":2,"name":"El BCE eleva sus tipos de inter\u00e9s al 4% y confirma el ciclo de ajuste m\u00e1s duro de sus 25 a\u00f1os de existencia"}]},{"@type":"WebSite","@id":"https:\/\/conversesacatalunya.cat\/#website","url":"https:\/\/conversesacatalunya.cat\/","name":"Converses a Catalunya","description":"","potentialAction":[{"@type":"SearchAction","target":{"@type":"EntryPoint","urlTemplate":"https:\/\/conversesacatalunya.cat\/?s={search_term_string}"},"query-input":{"@type":"PropertyValueSpecification","valueRequired":true,"valueName":"search_term_string"}}],"inLanguage":"es"},{"@type":"Person","@id":"https:\/\/conversesacatalunya.cat\/#\/schema\/person\/1b0082ee920b837be791bee630d460b2","name":"Victor Pou","image":{"@type":"ImageObject","inLanguage":"es","@id":"https:\/\/conversesacatalunya.cat\/#\/schema\/person\/image\/","url":"https:\/\/conversesacatalunya.cat\/wp-content\/litespeed\/avatar\/b9b32a5f987117ce72836d050f735d2b.jpg?ver=1777366285","contentUrl":"https:\/\/conversesacatalunya.cat\/wp-content\/litespeed\/avatar\/b9b32a5f987117ce72836d050f735d2b.jpg?ver=1777366285","caption":"Victor Pou"},"url":"https:\/\/conversesacatalunya.cat\/es\/author\/victor_pou\/"}]}},"wps_subtitle":"Nos encontramos \u00a0al final de una situaci\u00f3n de dinero f\u00e1cil y barato. Se acab\u00f3 la barra libre del cr\u00e9dito y habr\u00e1 que empezar a devolver lo que se debe","_links":{"self":[{"href":"https:\/\/conversesacatalunya.cat\/es\/wp-json\/wp\/v2\/posts\/68651","targetHints":{"allow":["GET"]}}],"collection":[{"href":"https:\/\/conversesacatalunya.cat\/es\/wp-json\/wp\/v2\/posts"}],"about":[{"href":"https:\/\/conversesacatalunya.cat\/es\/wp-json\/wp\/v2\/types\/post"}],"author":[{"embeddable":true,"href":"https:\/\/conversesacatalunya.cat\/es\/wp-json\/wp\/v2\/users\/38"}],"replies":[{"embeddable":true,"href":"https:\/\/conversesacatalunya.cat\/es\/wp-json\/wp\/v2\/comments?post=68651"}],"version-history":[{"count":9,"href":"https:\/\/conversesacatalunya.cat\/es\/wp-json\/wp\/v2\/posts\/68651\/revisions"}],"predecessor-version":[{"id":68669,"href":"https:\/\/conversesacatalunya.cat\/es\/wp-json\/wp\/v2\/posts\/68651\/revisions\/68669"}],"wp:featuredmedia":[{"embeddable":true,"href":"https:\/\/conversesacatalunya.cat\/es\/wp-json\/wp\/v2\/media\/68649"}],"wp:attachment":[{"href":"https:\/\/conversesacatalunya.cat\/es\/wp-json\/wp\/v2\/media?parent=68651"}],"wp:term":[{"taxonomy":"category","embeddable":true,"href":"https:\/\/conversesacatalunya.cat\/es\/wp-json\/wp\/v2\/categories?post=68651"},{"taxonomy":"post_tag","embeddable":true,"href":"https:\/\/conversesacatalunya.cat\/es\/wp-json\/wp\/v2\/tags?post=68651"}],"curies":[{"name":"wp","href":"https:\/\/api.w.org\/{rel}","templated":true}]}}