{"id":68419,"date":"2023-06-16T11:12:27","date_gmt":"2023-06-16T09:12:27","guid":{"rendered":"https:\/\/conversesacatalunya.cat\/la-catastrofe-de-la-nostra-natalitat\/"},"modified":"2023-06-17T06:51:42","modified_gmt":"2023-06-17T04:51:42","slug":"la-catastrofe-de-nuestra-natalidad-pero-no-pasa-nada","status":"publish","type":"post","link":"https:\/\/conversesacatalunya.cat\/es\/la-catastrofe-de-nuestra-natalidad-pero-no-pasa-nada\/","title":{"rendered":"La cat\u00e1strofe de nuestra natalidad. Pero, \u00a1no pasa nada!"},"content":{"rendered":"<p>Ha tenido que ser la vicepresidenta de la CE, Dubravka \u0160uica, quien alertara sobre la <strong>grave situaci\u00f3n demogr\u00e1fica de Europa<\/strong>\u00a0en general y tambi\u00e9n de Espa\u00f1a.\u00a0Se\u00f1al\u00f3 que en las actuales previsiones en 2070 la UE s\u00f3lo representar\u00e1 al 4% de la poblaci\u00f3n mundial.\u00a0Pero la alarma puede ser m\u00e1s inmediata si consideramos que ya no llega al 6%.\u00a0En los a\u00f1os 20 del pasado siglo, en una de las fases expansivas de Europa, esta cifra era del 25%.<\/p>\n<p>Es dif\u00edcil pensar que pueda existir ning\u00fan tipo de\u00a0<strong>liderazgo global<\/strong> de un territorio en el que s\u00f3lo viven el 4 o el 5% del conjunto de la poblaci\u00f3n.<\/p>\n<h3><strong>En este contexto la\u00a0<a href=\"https:\/\/www.forumlibertas.com\/desplome-de-la-natalidad\/\" target=\"_blank\" rel=\"noopener\">situaci\u00f3n espa\u00f1ola <\/a>es particularmente negativa, y de esa l\u00f3gica no escapa Catalunya.\u00a0<\/strong><\/h3>\n<p>Por un lado, se encuentran las extensas zonas interiores despobladas, la Espa\u00f1a vac\u00eda. Y por otro, un generalizado proceso en el que coinciden tres factores.\u00a0Uno es el balance vegetativo negativo que empez\u00f3 en el 2015. Significa que nacen menos personas de las que mueren.\u00a0En 2020 fueron de -94.326, pero podr\u00edamos pensar que era efecto de la covid. En el a\u00f1o siguiente sigui\u00f3 el signo negativo pero suavizado, -70.736. Todo esto son cifras del primer semestre de cada uno de estos a\u00f1os.\u00a0Pero para el a\u00f1o 2021, el dato completo de todo el a\u00f1o fue de -155.550, el menor valor de toda la serie hist\u00f3rica.\u00a0En el primer semestre de 2022 el resultado fue a\u00fan m\u00e1s negativo, con una p\u00e9rdida de -116.167 y para este a\u00f1o la cifra no parece mejorar porque el primer cuatrimestre ya se han perdido -132.045 personas.\u00a0Este hecho es consecuencia de la <a href=\"https:\/\/conversesacatalunya.cat\/es\/dinero-incrementa-natalidad\/\" target=\"_blank\" rel=\"noopener\"><strong>baja tasa de nacimientos<\/strong><\/a> que se sit\u00faa en 1,19 por mujer y de rebote como consecuencia el envejecimiento de la poblaci\u00f3n.<\/p>\n<p>A estos dos factores,\u00a0<strong>p\u00e9rdida de habitantes y envejecimiento<\/strong>, se le a\u00f1ade un tercero,\u00a0<strong>la inmigraci\u00f3n,<\/strong> que es tan numerosa que permite que al final la poblaci\u00f3n total crezca, pero estas distorsiones tienen un fuerte impacto en la econom\u00eda porque se est\u00e1 sustituyendo poblaci\u00f3n aut\u00f3ctona por poblaci\u00f3n inmigrada, que tiene un capital humano menor, bien porque la inversi\u00f3n en ellos en sus pa\u00edses de origen es menor, bien porque al inmigrar a Espa\u00f1a se ocupan mayoritariamente en sectores de baja productividad. Por este lado, pues, sustituimos cantidad de personas, pero no lo hacemos en t\u00e9rminos de equivalencia de capacidad productiva y esto comporta un <strong>empobrecimiento<\/strong>, como lo hace la progresiva reducci\u00f3n de poblaci\u00f3n aut\u00f3ctona en edad de trabajar.<\/p>\n<p>Por \u00faltimo, la poblaci\u00f3n que se jubila autom\u00e1ticamente reduce su nivel de ingresos de forma sustancial, cuanto m\u00e1s a\u00f1os de vida menos ingresos excepto por el quintil de poblaci\u00f3n m\u00e1s rico en el que esta norma no se cumple.\u00a0Pero en el 80% restante, \u00e9sta es la din\u00e1mica.\u00a0La consecuencia es que empeora el problema cr\u00f3nico que siempre han tenido Espa\u00f1a y Catalu\u00f1a de no conseguir\u00a0<strong>productividades equivalentes a la europea<\/strong> y este hecho ayuda a entender que en lugar de converger con la renta de la UE tendemos a alejarnos.<\/p>\n<p><span class=\"VIpgJd-yAWNEb-VIpgJd-fmcmS-sn54Q\">En esta tragedia demogr\u00e1fica tambi\u00e9n encontramos buena parte de la explicaci\u00f3n de un hecho del que est\u00e1n surgiendo alertas de forma continua.\u00a0<\/span>Lo hizo el presidente del Banco de Espa\u00f1a, despu\u00e9s el C\u00edrculo de Econom\u00eda y ahora el presidente de CaixaBank, Jos\u00e9 Ignacio Goirigolzarri, que en el coloquio Nueva Econom\u00eda Foro en Madrid, alert\u00f3 del bajo crecimiento del PIB\u00a0<strong>per c\u00e1pita desde el 2008<\/strong>.\u00a0A lo largo de todo este per\u00edodo s\u00f3lo hemos crecido un 1,5% y se\u00f1alaba que Portugal, que no puede decirse que tenga una econom\u00eda esplendorosa, lo hizo en un 10%.<\/p>\n<p>A pesar de estas evidencias, el problema de la natalidad y la baja productividad, tambi\u00e9n vinculada a la inmigraci\u00f3n, no forman parte del debate electoral pol\u00edtico ni siquiera medi\u00e1tico.<\/p>\n<div id=\"polls-200\" class=\"wp-polls\">\n\t<form id=\"polls_form_200\" class=\"wp-polls-form\" action=\"\/index.php\" method=\"post\">\n\t\t<p style=\"display: none;\"><input type=\"hidden\" id=\"poll_200_nonce\" name=\"wp-polls-nonce\" value=\"e136a49818\" \/><\/p>\n\t\t<p style=\"display: none;\"><input type=\"hidden\" name=\"poll_id\" value=\"200\" \/><\/p>\n\t\t<p style=\"text-align: center\"><strong>Creus que el govern Aragon\u00e8s, despr\u00e9s dels canvis fets, aguantar\u00e0 fins a la data de les pr\u00f2ximes eleccions el 2025?<\/strong><\/p><div id=\"polls-200-ans\" class=\"wp-polls-ans\"><ul class=\"wp-polls-ul\">\n\t\t<li><input type=\"radio\" id=\"poll-answer-555\" name=\"poll_200\" value=\"555\" \/> <label for=\"poll-answer-555\">S\u00ed<\/label><\/li>\n\t\t<li><input type=\"radio\" id=\"poll-answer-556\" name=\"poll_200\" value=\"556\" \/> <label for=\"poll-answer-556\">No<\/label><\/li>\n\t\t<li><input type=\"radio\" id=\"poll-answer-557\" name=\"poll_200\" value=\"557\" \/> <label for=\"poll-answer-557\">No ho s\u00e9<\/label><\/li>\n\t\t<\/ul><p style=\"text-align: center\"><input type=\"button\" name=\"vote\" value=\"   Vota   \" class=\"Buttons\" onclick=\"poll_vote(200);\" \/><\/p><p style=\"text-align: center\"><a href=\"#ViewPollResults\" onclick=\"poll_result(200); return false;\" title=\"View Results Of This Poll\">Mira els resultats<\/a><\/p><\/div>\n\t<\/form>\n<\/div>\n<div id=\"polls-200-loading\" class=\"wp-polls-loading\"><img decoding=\"async\" data-src=\"https:\/\/conversesacatalunya.cat\/wp-content\/plugins\/wp-polls\/images\/loading.gif\" width=\"16\" height=\"16\" alt=\"Cargando ...\" title=\"Cargando ...\" class=\"wp-polls-image lazyload\" src=\"data:image\/svg+xml;base64,PHN2ZyB3aWR0aD0iMSIgaGVpZ2h0PSIxIiB4bWxucz0iaHR0cDovL3d3dy53My5vcmcvMjAwMC9zdmciPjwvc3ZnPg==\" style=\"--smush-placeholder-width: 16px; --smush-placeholder-aspect-ratio: 16\/16;\" \/>&nbsp;Cargando ...<\/div>\n\n","protected":false},"excerpt":{"rendered":"<p>Ha tenido que ser la vicepresidenta de la CE, Dubravka \u0160uica, quien alertara sobre la grave situaci\u00f3n demogr\u00e1fica de Europa\u00a0en general y tambi\u00e9n de Espa\u00f1a.\u00a0Se\u00f1al\u00f3 que en las actuales previsiones en 2070 la UE s\u00f3lo representar\u00e1 al 4% de la poblaci\u00f3n mundial.\u00a0Pero la alarma puede ser m\u00e1s inmediata si consideramos que ya no llega al 6%.\u00a0En los a\u00f1os 20 del pasado siglo, en una de las fases expansivas de Europa, esta cifra era del 25%. Es dif\u00edcil pensar que pueda existir ning\u00fan tipo de\u00a0liderazgo global de un territorio en el que s\u00f3lo viven el 4 o el 5% del conjunto de la poblaci\u00f3n. En este contexto la\u00a0situaci\u00f3n espa\u00f1ola es particularmente negativa, y de esa l\u00f3gica no escapa Catalunya.\u00a0 Por un lado, se encuentran las extensas zonas interiores despobladas, la Espa\u00f1a vac\u00eda. Y por otro, un generalizado proceso en el que coinciden tres factores.\u00a0Uno es el balance vegetativo negativo que empez\u00f3 en el 2015. Significa que nacen menos personas de las que mueren.\u00a0En 2020 fueron de -94.326, pero podr\u00edamos pensar que era efecto de la covid. En el a\u00f1o siguiente sigui\u00f3 el signo negativo pero suavizado, -70.736. Todo esto son cifras del primer semestre de cada uno de estos a\u00f1os.\u00a0Pero para el a\u00f1o 2021, el dato completo de todo el a\u00f1o fue de -155.550, el menor valor de toda la serie hist\u00f3rica.\u00a0En el primer semestre de 2022 el resultado fue a\u00fan m\u00e1s negativo, con una p\u00e9rdida de -116.167 y para este a\u00f1o la cifra no parece mejorar porque el primer cuatrimestre ya se han perdido -132.045 personas.\u00a0Este hecho es consecuencia de la baja tasa de nacimientos que se sit\u00faa en 1,19 por mujer y de rebote como consecuencia el envejecimiento de la poblaci\u00f3n. A estos dos factores,\u00a0p\u00e9rdida de habitantes y envejecimiento, se le a\u00f1ade un tercero,\u00a0la inmigraci\u00f3n, que es tan numerosa que permite que al final la poblaci\u00f3n total crezca, pero estas distorsiones tienen un fuerte impacto en la econom\u00eda porque se est\u00e1 sustituyendo poblaci\u00f3n aut\u00f3ctona por poblaci\u00f3n inmigrada, que tiene un capital humano menor, bien porque la inversi\u00f3n en ellos en sus pa\u00edses de origen es menor, bien porque al inmigrar a Espa\u00f1a se ocupan mayoritariamente en sectores de baja productividad. Por este lado, pues, sustituimos cantidad de personas, pero no lo hacemos en t\u00e9rminos de equivalencia de capacidad productiva y esto comporta un empobrecimiento, como lo hace la progresiva reducci\u00f3n de poblaci\u00f3n aut\u00f3ctona en edad de trabajar. Por \u00faltimo, la poblaci\u00f3n que se jubila autom\u00e1ticamente reduce su nivel de ingresos de forma sustancial, cuanto m\u00e1s a\u00f1os de vida menos ingresos excepto por el quintil de poblaci\u00f3n m\u00e1s rico en el que esta norma no se cumple.\u00a0Pero en el 80% restante, \u00e9sta es la din\u00e1mica.\u00a0La consecuencia es que empeora el problema cr\u00f3nico que siempre han tenido Espa\u00f1a y Catalu\u00f1a de no conseguir\u00a0productividades equivalentes a la europea y este hecho ayuda a entender que en lugar de converger con la renta de la UE tendemos a alejarnos. En esta tragedia demogr\u00e1fica tambi\u00e9n encontramos buena parte de la explicaci\u00f3n de un hecho del que est\u00e1n surgiendo alertas de forma continua.\u00a0Lo hizo el presidente del Banco de Espa\u00f1a, despu\u00e9s el C\u00edrculo de Econom\u00eda y ahora el presidente de CaixaBank, Jos\u00e9 Ignacio Goirigolzarri, que en el coloquio Nueva Econom\u00eda Foro en Madrid, alert\u00f3 del bajo crecimiento del PIB\u00a0per c\u00e1pita desde el 2008.\u00a0A lo largo de todo este per\u00edodo s\u00f3lo hemos crecido un 1,5% y se\u00f1alaba que Portugal, que no puede decirse que tenga una econom\u00eda esplendorosa, lo hizo en un 10%. A pesar de estas evidencias, el problema de la natalidad y la baja productividad, tambi\u00e9n vinculada a la inmigraci\u00f3n, no forman parte del debate electoral pol\u00edtico ni siquiera medi\u00e1tico.<\/p>\n","protected":false},"author":78,"featured_media":68406,"comment_status":"open","ping_status":"open","sticky":false,"template":"","format":"standard","meta":{"_FSMCFIC_featured_image_caption":"","_FSMCFIC_featured_image_nocaption":"","_FSMCFIC_featured_image_hide":"","footnotes":""},"categories":[806],"tags":[1147,2603,1315,1313],"class_list":["post-68419","post","type-post","status-publish","format-standard","has-post-thumbnail","hentry","category-punts-claus-del-dia-es","tag-crisi-demografica-es","tag-crisis-demografica","tag-natalidad","tag-natalitat-es"],"yoast_head":"<!-- This site is optimized with the Yoast SEO plugin v26.8 - https:\/\/yoast.com\/product\/yoast-seo-wordpress\/ -->\n<title>La cat\u00e1strofe de nuestra natalidad. Pero, \u00a1no pasa nada! - Converses a Catalunya<\/title>\n<meta name=\"description\" content=\"Ha tenido que ser la vicepresidenta de la CE, Dubravka \u0160uica, quien alertara sobre la grave situaci\u00f3n demogr\u00e1fica de Europa\u00a0y de Espa\u00f1a.\" \/>\n<meta name=\"robots\" content=\"index, follow, max-snippet:-1, max-image-preview:large, max-video-preview:-1\" \/>\n<link rel=\"canonical\" href=\"https:\/\/conversesacatalunya.cat\/es\/la-catastrofe-de-nuestra-natalidad-pero-no-pasa-nada\/\" \/>\n<meta property=\"og:locale\" content=\"es_ES\" \/>\n<meta property=\"og:type\" content=\"article\" \/>\n<meta property=\"og:title\" content=\"La cat\u00e1strofe de nuestra natalidad. Pero, \u00a1no pasa nada! - Converses a Catalunya\" \/>\n<meta property=\"og:description\" content=\"Ha tenido que ser la vicepresidenta de la CE, Dubravka \u0160uica, quien alertara sobre la grave situaci\u00f3n demogr\u00e1fica de Europa\u00a0y de Espa\u00f1a.\" \/>\n<meta property=\"og:url\" content=\"https:\/\/conversesacatalunya.cat\/es\/la-catastrofe-de-nuestra-natalidad-pero-no-pasa-nada\/\" \/>\n<meta property=\"og:site_name\" content=\"Converses a Catalunya\" \/>\n<meta property=\"article:published_time\" content=\"2023-06-16T09:12:27+00:00\" \/>\n<meta property=\"article:modified_time\" content=\"2023-06-17T04:51:42+00:00\" \/>\n<meta property=\"og:image\" content=\"https:\/\/conversesacatalunya.cat\/wp-content\/uploads\/2023\/06\/natalitat-1.jpg\" \/>\n\t<meta property=\"og:image:width\" content=\"770\" \/>\n\t<meta property=\"og:image:height\" content=\"513\" \/>\n\t<meta property=\"og:image:type\" content=\"image\/jpeg\" \/>\n<meta name=\"author\" content=\"Joan Masip\" \/>\n<meta name=\"twitter:card\" content=\"summary_large_image\" \/>\n<meta name=\"twitter:label1\" content=\"Escrito por\" \/>\n\t<meta name=\"twitter:data1\" content=\"Joan Masip\" \/>\n\t<meta name=\"twitter:label2\" content=\"Tiempo de lectura\" \/>\n\t<meta name=\"twitter:data2\" content=\"3 minutos\" \/>\n<script type=\"application\/ld+json\" class=\"yoast-schema-graph\">{\"@context\":\"https:\/\/schema.org\",\"@graph\":[{\"@type\":\"Article\",\"@id\":\"https:\/\/conversesacatalunya.cat\/es\/la-catastrofe-de-nuestra-natalidad-pero-no-pasa-nada\/#article\",\"isPartOf\":{\"@id\":\"https:\/\/conversesacatalunya.cat\/es\/la-catastrofe-de-nuestra-natalidad-pero-no-pasa-nada\/\"},\"author\":{\"name\":\"Joan Masip\",\"@id\":\"https:\/\/conversesacatalunya.cat\/#\/schema\/person\/311d0bf53def217d5124c78a7bc42275\"},\"headline\":\"La cat\u00e1strofe de nuestra natalidad. Pero, \u00a1no pasa nada!\",\"datePublished\":\"2023-06-16T09:12:27+00:00\",\"dateModified\":\"2023-06-17T04:51:42+00:00\",\"mainEntityOfPage\":{\"@id\":\"https:\/\/conversesacatalunya.cat\/es\/la-catastrofe-de-nuestra-natalidad-pero-no-pasa-nada\/\"},\"wordCount\":694,\"commentCount\":1,\"image\":{\"@id\":\"https:\/\/conversesacatalunya.cat\/es\/la-catastrofe-de-nuestra-natalidad-pero-no-pasa-nada\/#primaryimage\"},\"thumbnailUrl\":\"https:\/\/conversesacatalunya.cat\/wp-content\/uploads\/2023\/06\/natalitat-1.jpg\",\"keywords\":[\"crisi demogr\u00e0fica\",\"crisis demogr\u00e1fica\",\"Natalidad\",\"natalitat\"],\"articleSection\":[\"Punts clau del dia (ES)\"],\"inLanguage\":\"es\",\"potentialAction\":[{\"@type\":\"CommentAction\",\"name\":\"Comment\",\"target\":[\"https:\/\/conversesacatalunya.cat\/es\/la-catastrofe-de-nuestra-natalidad-pero-no-pasa-nada\/#respond\"]}]},{\"@type\":\"WebPage\",\"@id\":\"https:\/\/conversesacatalunya.cat\/es\/la-catastrofe-de-nuestra-natalidad-pero-no-pasa-nada\/\",\"url\":\"https:\/\/conversesacatalunya.cat\/es\/la-catastrofe-de-nuestra-natalidad-pero-no-pasa-nada\/\",\"name\":\"La cat\u00e1strofe de nuestra natalidad. Pero, \u00a1no pasa nada! - Converses a Catalunya\",\"isPartOf\":{\"@id\":\"https:\/\/conversesacatalunya.cat\/#website\"},\"primaryImageOfPage\":{\"@id\":\"https:\/\/conversesacatalunya.cat\/es\/la-catastrofe-de-nuestra-natalidad-pero-no-pasa-nada\/#primaryimage\"},\"image\":{\"@id\":\"https:\/\/conversesacatalunya.cat\/es\/la-catastrofe-de-nuestra-natalidad-pero-no-pasa-nada\/#primaryimage\"},\"thumbnailUrl\":\"https:\/\/conversesacatalunya.cat\/wp-content\/uploads\/2023\/06\/natalitat-1.jpg\",\"datePublished\":\"2023-06-16T09:12:27+00:00\",\"dateModified\":\"2023-06-17T04:51:42+00:00\",\"author\":{\"@id\":\"https:\/\/conversesacatalunya.cat\/#\/schema\/person\/311d0bf53def217d5124c78a7bc42275\"},\"description\":\"Ha tenido que ser la vicepresidenta de la CE, Dubravka \u0160uica, quien alertara sobre la grave situaci\u00f3n demogr\u00e1fica de Europa\u00a0y de Espa\u00f1a.\",\"breadcrumb\":{\"@id\":\"https:\/\/conversesacatalunya.cat\/es\/la-catastrofe-de-nuestra-natalidad-pero-no-pasa-nada\/#breadcrumb\"},\"inLanguage\":\"es\",\"potentialAction\":[{\"@type\":\"ReadAction\",\"target\":[\"https:\/\/conversesacatalunya.cat\/es\/la-catastrofe-de-nuestra-natalidad-pero-no-pasa-nada\/\"]}]},{\"@type\":\"ImageObject\",\"inLanguage\":\"es\",\"@id\":\"https:\/\/conversesacatalunya.cat\/es\/la-catastrofe-de-nuestra-natalidad-pero-no-pasa-nada\/#primaryimage\",\"url\":\"https:\/\/conversesacatalunya.cat\/wp-content\/uploads\/2023\/06\/natalitat-1.jpg\",\"contentUrl\":\"https:\/\/conversesacatalunya.cat\/wp-content\/uploads\/2023\/06\/natalitat-1.jpg\",\"width\":770,\"height\":513,\"caption\":\"situaci\u00f3n demogr\u00e1fica Europa\"},{\"@type\":\"BreadcrumbList\",\"@id\":\"https:\/\/conversesacatalunya.cat\/es\/la-catastrofe-de-nuestra-natalidad-pero-no-pasa-nada\/#breadcrumb\",\"itemListElement\":[{\"@type\":\"ListItem\",\"position\":1,\"name\":\"Inici\",\"item\":\"https:\/\/conversesacatalunya.cat\/es\/\"},{\"@type\":\"ListItem\",\"position\":2,\"name\":\"La cat\u00e1strofe de nuestra natalidad. Pero, \u00a1no pasa nada!\"}]},{\"@type\":\"WebSite\",\"@id\":\"https:\/\/conversesacatalunya.cat\/#website\",\"url\":\"https:\/\/conversesacatalunya.cat\/\",\"name\":\"Converses a Catalunya\",\"description\":\"\",\"potentialAction\":[{\"@type\":\"SearchAction\",\"target\":{\"@type\":\"EntryPoint\",\"urlTemplate\":\"https:\/\/conversesacatalunya.cat\/?s={search_term_string}\"},\"query-input\":{\"@type\":\"PropertyValueSpecification\",\"valueRequired\":true,\"valueName\":\"search_term_string\"}}],\"inLanguage\":\"es\"},{\"@type\":\"Person\",\"@id\":\"https:\/\/conversesacatalunya.cat\/#\/schema\/person\/311d0bf53def217d5124c78a7bc42275\",\"name\":\"Joan Masip\",\"image\":{\"@type\":\"ImageObject\",\"inLanguage\":\"es\",\"@id\":\"https:\/\/conversesacatalunya.cat\/#\/schema\/person\/image\/\",\"url\":\"https:\/\/conversesacatalunya.cat\/wp-content\/litespeed\/avatar\/fa67b994763cff7d443f54b63ec96481.jpg?ver=1777372547\",\"contentUrl\":\"https:\/\/conversesacatalunya.cat\/wp-content\/litespeed\/avatar\/fa67b994763cff7d443f54b63ec96481.jpg?ver=1777372547\",\"caption\":\"Joan Masip\"},\"url\":\"https:\/\/conversesacatalunya.cat\/es\/author\/joan-masip\/\"}]}<\/script>\n<!-- \/ Yoast SEO plugin. -->","yoast_head_json":{"title":"La cat\u00e1strofe de nuestra natalidad. Pero, \u00a1no pasa nada! - Converses a Catalunya","description":"Ha tenido que ser la vicepresidenta de la CE, Dubravka \u0160uica, quien alertara sobre la grave situaci\u00f3n demogr\u00e1fica de Europa\u00a0y de Espa\u00f1a.","robots":{"index":"index","follow":"follow","max-snippet":"max-snippet:-1","max-image-preview":"max-image-preview:large","max-video-preview":"max-video-preview:-1"},"canonical":"https:\/\/conversesacatalunya.cat\/es\/la-catastrofe-de-nuestra-natalidad-pero-no-pasa-nada\/","og_locale":"es_ES","og_type":"article","og_title":"La cat\u00e1strofe de nuestra natalidad. Pero, \u00a1no pasa nada! - Converses a Catalunya","og_description":"Ha tenido que ser la vicepresidenta de la CE, Dubravka \u0160uica, quien alertara sobre la grave situaci\u00f3n demogr\u00e1fica de Europa\u00a0y de Espa\u00f1a.","og_url":"https:\/\/conversesacatalunya.cat\/es\/la-catastrofe-de-nuestra-natalidad-pero-no-pasa-nada\/","og_site_name":"Converses a Catalunya","article_published_time":"2023-06-16T09:12:27+00:00","article_modified_time":"2023-06-17T04:51:42+00:00","og_image":[{"width":770,"height":513,"url":"https:\/\/conversesacatalunya.cat\/wp-content\/uploads\/2023\/06\/natalitat-1.jpg","type":"image\/jpeg"}],"author":"Joan Masip","twitter_card":"summary_large_image","twitter_misc":{"Escrito por":"Joan Masip","Tiempo de lectura":"3 minutos"},"schema":{"@context":"https:\/\/schema.org","@graph":[{"@type":"Article","@id":"https:\/\/conversesacatalunya.cat\/es\/la-catastrofe-de-nuestra-natalidad-pero-no-pasa-nada\/#article","isPartOf":{"@id":"https:\/\/conversesacatalunya.cat\/es\/la-catastrofe-de-nuestra-natalidad-pero-no-pasa-nada\/"},"author":{"name":"Joan Masip","@id":"https:\/\/conversesacatalunya.cat\/#\/schema\/person\/311d0bf53def217d5124c78a7bc42275"},"headline":"La cat\u00e1strofe de nuestra natalidad. Pero, \u00a1no pasa nada!","datePublished":"2023-06-16T09:12:27+00:00","dateModified":"2023-06-17T04:51:42+00:00","mainEntityOfPage":{"@id":"https:\/\/conversesacatalunya.cat\/es\/la-catastrofe-de-nuestra-natalidad-pero-no-pasa-nada\/"},"wordCount":694,"commentCount":1,"image":{"@id":"https:\/\/conversesacatalunya.cat\/es\/la-catastrofe-de-nuestra-natalidad-pero-no-pasa-nada\/#primaryimage"},"thumbnailUrl":"https:\/\/conversesacatalunya.cat\/wp-content\/uploads\/2023\/06\/natalitat-1.jpg","keywords":["crisi demogr\u00e0fica","crisis demogr\u00e1fica","Natalidad","natalitat"],"articleSection":["Punts clau del dia (ES)"],"inLanguage":"es","potentialAction":[{"@type":"CommentAction","name":"Comment","target":["https:\/\/conversesacatalunya.cat\/es\/la-catastrofe-de-nuestra-natalidad-pero-no-pasa-nada\/#respond"]}]},{"@type":"WebPage","@id":"https:\/\/conversesacatalunya.cat\/es\/la-catastrofe-de-nuestra-natalidad-pero-no-pasa-nada\/","url":"https:\/\/conversesacatalunya.cat\/es\/la-catastrofe-de-nuestra-natalidad-pero-no-pasa-nada\/","name":"La cat\u00e1strofe de nuestra natalidad. Pero, \u00a1no pasa nada! - Converses a Catalunya","isPartOf":{"@id":"https:\/\/conversesacatalunya.cat\/#website"},"primaryImageOfPage":{"@id":"https:\/\/conversesacatalunya.cat\/es\/la-catastrofe-de-nuestra-natalidad-pero-no-pasa-nada\/#primaryimage"},"image":{"@id":"https:\/\/conversesacatalunya.cat\/es\/la-catastrofe-de-nuestra-natalidad-pero-no-pasa-nada\/#primaryimage"},"thumbnailUrl":"https:\/\/conversesacatalunya.cat\/wp-content\/uploads\/2023\/06\/natalitat-1.jpg","datePublished":"2023-06-16T09:12:27+00:00","dateModified":"2023-06-17T04:51:42+00:00","author":{"@id":"https:\/\/conversesacatalunya.cat\/#\/schema\/person\/311d0bf53def217d5124c78a7bc42275"},"description":"Ha tenido que ser la vicepresidenta de la CE, Dubravka \u0160uica, quien alertara sobre la grave situaci\u00f3n demogr\u00e1fica de Europa\u00a0y de Espa\u00f1a.","breadcrumb":{"@id":"https:\/\/conversesacatalunya.cat\/es\/la-catastrofe-de-nuestra-natalidad-pero-no-pasa-nada\/#breadcrumb"},"inLanguage":"es","potentialAction":[{"@type":"ReadAction","target":["https:\/\/conversesacatalunya.cat\/es\/la-catastrofe-de-nuestra-natalidad-pero-no-pasa-nada\/"]}]},{"@type":"ImageObject","inLanguage":"es","@id":"https:\/\/conversesacatalunya.cat\/es\/la-catastrofe-de-nuestra-natalidad-pero-no-pasa-nada\/#primaryimage","url":"https:\/\/conversesacatalunya.cat\/wp-content\/uploads\/2023\/06\/natalitat-1.jpg","contentUrl":"https:\/\/conversesacatalunya.cat\/wp-content\/uploads\/2023\/06\/natalitat-1.jpg","width":770,"height":513,"caption":"situaci\u00f3n demogr\u00e1fica Europa"},{"@type":"BreadcrumbList","@id":"https:\/\/conversesacatalunya.cat\/es\/la-catastrofe-de-nuestra-natalidad-pero-no-pasa-nada\/#breadcrumb","itemListElement":[{"@type":"ListItem","position":1,"name":"Inici","item":"https:\/\/conversesacatalunya.cat\/es\/"},{"@type":"ListItem","position":2,"name":"La cat\u00e1strofe de nuestra natalidad. Pero, \u00a1no pasa nada!"}]},{"@type":"WebSite","@id":"https:\/\/conversesacatalunya.cat\/#website","url":"https:\/\/conversesacatalunya.cat\/","name":"Converses a Catalunya","description":"","potentialAction":[{"@type":"SearchAction","target":{"@type":"EntryPoint","urlTemplate":"https:\/\/conversesacatalunya.cat\/?s={search_term_string}"},"query-input":{"@type":"PropertyValueSpecification","valueRequired":true,"valueName":"search_term_string"}}],"inLanguage":"es"},{"@type":"Person","@id":"https:\/\/conversesacatalunya.cat\/#\/schema\/person\/311d0bf53def217d5124c78a7bc42275","name":"Joan Masip","image":{"@type":"ImageObject","inLanguage":"es","@id":"https:\/\/conversesacatalunya.cat\/#\/schema\/person\/image\/","url":"https:\/\/conversesacatalunya.cat\/wp-content\/litespeed\/avatar\/fa67b994763cff7d443f54b63ec96481.jpg?ver=1777372547","contentUrl":"https:\/\/conversesacatalunya.cat\/wp-content\/litespeed\/avatar\/fa67b994763cff7d443f54b63ec96481.jpg?ver=1777372547","caption":"Joan Masip"},"url":"https:\/\/conversesacatalunya.cat\/es\/author\/joan-masip\/"}]}},"wps_subtitle":"A pesar de estas evidencias, el problema de la natalidad y la baja productividad, tambi\u00e9n vinculada a la inmigraci\u00f3n, no forman parte del debate electoral pol\u00edtico ni siquiera medi\u00e1tico","_links":{"self":[{"href":"https:\/\/conversesacatalunya.cat\/es\/wp-json\/wp\/v2\/posts\/68419","targetHints":{"allow":["GET"]}}],"collection":[{"href":"https:\/\/conversesacatalunya.cat\/es\/wp-json\/wp\/v2\/posts"}],"about":[{"href":"https:\/\/conversesacatalunya.cat\/es\/wp-json\/wp\/v2\/types\/post"}],"author":[{"embeddable":true,"href":"https:\/\/conversesacatalunya.cat\/es\/wp-json\/wp\/v2\/users\/78"}],"replies":[{"embeddable":true,"href":"https:\/\/conversesacatalunya.cat\/es\/wp-json\/wp\/v2\/comments?post=68419"}],"version-history":[{"count":4,"href":"https:\/\/conversesacatalunya.cat\/es\/wp-json\/wp\/v2\/posts\/68419\/revisions"}],"predecessor-version":[{"id":68431,"href":"https:\/\/conversesacatalunya.cat\/es\/wp-json\/wp\/v2\/posts\/68419\/revisions\/68431"}],"wp:featuredmedia":[{"embeddable":true,"href":"https:\/\/conversesacatalunya.cat\/es\/wp-json\/wp\/v2\/media\/68406"}],"wp:attachment":[{"href":"https:\/\/conversesacatalunya.cat\/es\/wp-json\/wp\/v2\/media?parent=68419"}],"wp:term":[{"taxonomy":"category","embeddable":true,"href":"https:\/\/conversesacatalunya.cat\/es\/wp-json\/wp\/v2\/categories?post=68419"},{"taxonomy":"post_tag","embeddable":true,"href":"https:\/\/conversesacatalunya.cat\/es\/wp-json\/wp\/v2\/tags?post=68419"}],"curies":[{"name":"wp","href":"https:\/\/api.w.org\/{rel}","templated":true}]}}