{"id":68394,"date":"2023-06-19T09:39:50","date_gmt":"2023-06-19T07:39:50","guid":{"rendered":"https:\/\/conversesacatalunya.cat\/?p=68394"},"modified":"2023-06-19T13:15:14","modified_gmt":"2023-06-19T11:15:14","slug":"el-banco-central-europeo-bce-celebra-25-anos","status":"publish","type":"post","link":"https:\/\/conversesacatalunya.cat\/es\/el-banco-central-europeo-bce-celebra-25-anos\/","title":{"rendered":"El Banco Central Europeo (BCE) celebra sus 25 a\u00f1os de existencia"},"content":{"rendered":"<h3><strong>Veinticinco a\u00f1os unidos por el euro<\/strong><\/h3>\n<p><strong>El Banco Central Europeo (BCE) se cre\u00f3 el 1 de junio de 1998 con el objetivo de preparar la introducci\u00f3n del euro, \u201cel mayor cambio de moneda de todos los tiempos\u201d,<\/strong> seg\u00fan los especialistas.<\/p>\n<p><strong>El BCE naci\u00f3 siguiendo el modelo del Bundesbank alem\u00e1n:<\/strong> independencia de los gobiernos y\u00a0mandato claro: controlar la inflaci\u00f3n, para que se situara de forma estable en torno a un 2%. Cumple veinticinco a\u00f1os de existencia.<\/p>\n<h4><strong>Los gobiernos de la UE encomendaron al BCE la misi\u00f3n de salvaguardar el euro.<\/strong><\/h4>\n<p>Los empleados de su sede central de Frankfurt, junto con los expertos de los veinte bancos centrales nacionales de la uni\u00f3n monetaria europea, trabajan incesantemente para cumplir el mandato recibido de <strong>velar por la estabilidad de los precios.<\/strong> Es una labor vital para la prosperidad de los ciudadanos europeos.<\/p>\n<p>Durante los \u00faltimos a\u00f1os, otros nueve pa\u00edses se han incorporado a la zona euro, que ha pasado de 11 a 20 miembros. El BCE tambi\u00e9n ha asumido nuevas funciones, como <strong>la supervisi\u00f3n de los mayores bancos europeos.<\/strong><\/p>\n<p>El<strong> euro es hoy la segunda divisa m\u00e1s importante del sistema monetario internacional<\/strong>, s\u00f3lo por detr\u00e1s del d\u00f3lar estadounidense, y es considerado generalmente un \u00e9xito. Lo utilizan 350 millones de personas en veinte pa\u00edses. En los \u00faltimos 25 a\u00f1os la tasa de inflaci\u00f3n de la Eurozona se ha situado de forma sostenida en un 2,05%.<\/p>\n<p>El camino <strong>no ha estado exento de momentos dif\u00edciles<\/strong>, pese a los cuales el BCE se ha centrado siempre en construir unos cimientos s\u00f3lidos para el futuro europeo mediante el cumplimiento de su mandato.<\/p>\n<p><strong>Ha experimentado varias crisis existenciales<\/strong>. Al principio parec\u00eda que al BCE s\u00f3lo le importaba la inflaci\u00f3n, pero ese dogma se ha diluido con los a\u00f1os. Fue <a href=\"https:\/\/conversesacatalunya.cat\/es\/mario-draghi-del-bce-a-italia\/\" target=\"_blank\" rel=\"noopener\"><strong>Mario Draghi<\/strong> <\/a>quien tuvo que recurrir en el 2012 a su c\u00e9lebre whatever it takes \u00a0(lo que haga falta) y las pol\u00edticas expansivas de activos financieros para salir del paso de la \u201ccrisis de la deuda soberana\u201d o \u201ccrisis de l &#8216;euro&#8217; de 2010.<\/p>\n<p><strong>La pandemia y la guerra de Ucrania<\/strong> han puesto de manifiesto que la estabilidad no puede darse por descontada. Adem\u00e1s, las crecientes rivalidades geopol\u00edticas pueden hacer que la econom\u00eda mundial sea cada vez m\u00e1s vol\u00e1til en el futuro. En un mundo de incertidumbre, el BCE ha sido y quiere seguir siendo \u00abun ancla fiable de estabilidad\u00bb.<\/p>\n<h4><strong>La actual presidenta del BCE, la francesa <a href=\"https:\/\/conversesacatalunya.cat\/es\/lagarde-promet-grans-canvis-en-el-bce\/\" target=\"_blank\" rel=\"noopener\">Christine Lagarde<\/a>, acaba de declarar lo siguiente:<\/strong><\/h4>\n<p style=\"padding-left: 40px;\">\u201cHemos demostrado que <strong>podemos adoptar medidas y adaptarnos r\u00e1pidamente<\/strong>, incluso frente a los retos m\u00e1s complejos. Actuamos con rapidez frente a la pandemia. Hoy respondemos con la misma determinaci\u00f3n para reducir la inflaci\u00f3n. Lograremos que vuelva a situarse en nuestro objetivo del 2% a medio plazo. \u00c9ste es el motivo por el que hemos subido \u00faltimamente los tipos de inter\u00e9s a un ritmo sin precedentes\u00a0 y los mantendremos el tiempo necesario.<\/p>\n<p style=\"padding-left: 40px;\">\u201cEn un mundo cada vez m\u00e1s impredecible, <strong>Europa puede reforzar su capacidad de resistencia de dos formas.<\/strong> Mediante la integraci\u00f3n de sus mercados de capitales y completando la uni\u00f3n bancaria. Esta \u00faltima tiene tres patas, dos de las cuales ya funcionan: la supervisi\u00f3n de los bancos sist\u00e9micos y la regulaci\u00f3n de su disoluci\u00f3n. La tercera pata todav\u00eda no est\u00e1 conseguida: el seguro a nivel europeo de los dep\u00f3sitos bancarios (franceses y alemanes todav\u00eda no se han puesto de acuerdo).<\/p>\n<p style=\"padding-left: 40px;\">\u201cHay que tener siempre en cuenta que, en \u00faltima instancia, \u201cel euro\u201d es m\u00e1s que una moneda:<strong> constituye la forma m\u00e1s avanzada de integraci\u00f3n europea<\/strong> y representa una Europa unida que colabora estrechamente y protege y beneficia a todos sus ciudadanos. El BCE (la instituci\u00f3n federal de la UE) siempre ser\u00e1 un pilar fundamental en esta labor\u201d.<\/p>\n<h3><strong>El BCE celebra sus veinticinco a\u00f1os en pleno choque de inflaci\u00f3n<\/strong><\/h3>\n<h5><strong>El BCE dif\u00edcilmente pudo imaginar un regalo m\u00e1s envenenado para celebrar el 25 aniversario de su creaci\u00f3n.<\/strong><\/h5>\n<p>Hoy enfrenta el mayor choque de inflaci\u00f3n global de las \u00faltimas d\u00e9cadas. Como al resto de bancos centrales, <strong>al BCE le cogi\u00f3 con el pie cambiado<\/strong> la espiral inflacionista desatada primero por la reapertura de las econom\u00edas tras la pandemia y despu\u00e9s por la escalada de precios energ\u00e9ticos provocada por Rusia como parte de su estrategia de la invasi\u00f3n de Ucrania.<\/p>\n<p>Durante una d\u00e9cada, el principal objetivo del BCE hab\u00eda sido <strong>disipar el riesgo de deflaci\u00f3n<\/strong> posterior a la Gran Recesi\u00f3n de 2008. Para evitar una depresi\u00f3n econ\u00f3mica, dio luz verde a una serie de medidas excepcionales, como la compra masiva de activos financieros, que tuvo que elevar hasta niveles sin precedentes por la llegada de la covid.<\/p>\n<p>En un primer momento, el BCE consider\u00f3 que la fuerte escalada del IPC que empez\u00f3 en verano de 2021 <strong>era un fen\u00f3meno \u201ctransitorio\u201d y no tom\u00f3 medidas<\/strong>, una valoraci\u00f3n compartida por hom\u00f3logos como la Reserva Federal de Estados Unidos o el Banco de Inglaterra. Sin embargo, el brutal impacto en los precios globales de la energ\u00eda y los alimentos provocado por la invasi\u00f3n de Ucrania le oblig\u00f3 a dar un giro copernicano en su estrategia.<\/p>\n<h5><strong>Ya en diciembre del 2021 anunci\u00f3 el fin de las compras masivas de deuda, y en <a href=\"https:\/\/conversesacatalunya.cat\/es\/bce-sube-tipos-interes\/\" target=\"_blank\" rel=\"noopener\">julio<\/a> pasado acord\u00f3 su primera subida de tipos en once a\u00f1os. Desde entonces ha aprobado otras seis, en el ciclo de alzas m\u00e1s acelerado y pronunciado de su historia.<\/strong><\/h5>\n<p>El tipo principal se sit\u00faa en el 3,75% (m\u00e1ximo desde octubre de 2008, albores de la Gran Recesi\u00f3n), mientras que la facilidad de dep\u00f3sito (el inter\u00e9s con el que remunera el dinero que guarda en los bancos, lo m\u00e1s relevante en el actual contexto) se eleva al 3,25%. Gracias en buena parte a ese encarecimiento del dinero, el pico de la inflaci\u00f3n ha quedado atr\u00e1s (10,6% en octubre pasado).<\/p>\n<p>Sin embargo, el <strong>IPC de la zona euro<\/strong> se elev\u00f3 una d\u00e9cima en abril al 7%. Y lo m\u00e1s preocupante, el subyacente (excluidos los m\u00e1s vol\u00e1tiles precios de la energ\u00eda y los alimentos) se encontraba en un alto 5,6%. Como suele destacar el BCE, la inflaci\u00f3n est\u00e1 resultando m\u00e1s \u00abpegajosa\u00bb de lo esperado. Afortunadamente en las \u00faltimas semanas ha mermado.<\/p>\n<p>En las \u00faltimas semanas, la autoridad monetaria del euro ha dado se\u00f1ales de que el ciclo de subidas de tipos est\u00e1 cerca de finalizar. Cada alza tarda hasta 24 meses en completar todos sus efectos.<strong> El objetivo del BCE es llevar al IPC al 2% a medio plazo<\/strong>, la tasa que considera \u00f3ptima para promover el crecimiento econ\u00f3mico.<\/p>\n<p>La crisis inflacionista ha vuelto a aflorar la pugna entre las dos almas que conviven en el seno del BCE: \u00a0la de quienes defienden a ultranza\u00a0 una interpretaci\u00f3n flexible y amplia de su mandato que tenga m\u00e1s en cuenta la situaci\u00f3n econ\u00f3mica (<strong><em>palomas<\/em>)<\/strong> frente a aquellos que abogan por ce\u00f1irse a su objetivo de conseguir la estabilidad de precios (<strong><em>halcones<\/em><\/strong>). En medio de ellos trata de ubicarse <strong>Chtistine Lagarde<\/strong>. Al comienzo de su mandato declar\u00f3 que no quer\u00eda ser ni una paloma ni un halc\u00f3n sino un b\u00faho, porque este \u00faltimo p\u00e1jaro se asocia a menudo a la noci\u00f3n de sabidur\u00eda.<\/p>\n<h3><strong>\u00bfPuede escapar el BCE de su propia trampa?<\/strong><\/h3>\n<p>El BCE ha protagonizado un est\u00edmulo masivo implementado estos \u00faltimos a\u00f1os para estabilizar la eurozona, sobre todo mediante compras de bonos de los estados miembros,<strong> \u201colvidando\u201d que su mandato es mantener la estabilidad de precios.<\/strong><\/p>\n<p>Hoy se reconoce ampliamente que la mayor\u00eda de los bancos centrales <strong>han subestimado la amenaza de inflaci\u00f3n<\/strong> cuando han persistido en tasas de inter\u00e9s extremadamente bajas y compras masivas de bonos a lo largo de 2021 y bien entrado 2022. Cambiaron el curso de esta acci\u00f3n aumentando los tipos de inter\u00e9s. Pero la reversi\u00f3n de la pol\u00edtica de compras masivas de bonos est\u00e1 demostrando ser m\u00e1s dif\u00edcil de adoptar.<\/p>\n<p>A finales de 2022, el balance consolidado del eurosistema se situ\u00f3 por encima de los nueve billones de euros. El volumen de las compras de bonos representaba un <strong>56% del PIB<\/strong> de la eurozona. Si el BCE mantiene tenencias masivas de bonos en su cartera, en las pr\u00f3ximas crisis <strong>habr\u00e1 poco espacio para una eficaz pol\u00edtica monetaria<\/strong>.<\/p>\n<p>Al ritmo actual, llevar el programa de compra de activos a cero pedir\u00e1 aproximadamente 15 a\u00f1os. El masivo est\u00edmulo fiscal que se implement\u00f3 para estabilizar la econom\u00eda durante la pandemia y durante la crisis energ\u00e9tica del pasado a\u00f1o ha tenido que depender marcadamente de las compras de bonos por parte del BCE.<\/p>\n<blockquote><p>\u201cEl BCE y los bancos centrales en general deben salir de su propia trampa (compras masivas de bonos y otros activos financieros) por el bien de su independencia y credibilidad. Y, m\u00e1s a\u00fan, para evitar una crisis global de la deuda\u201c.<\/p><\/blockquote>\n<p>Encontrar un equilibrio apropiado entre las pol\u00edticas de tipos de inter\u00e9s y estas compras masivas de bonos, o Quantitative Tightening (QT), no est\u00e1 resultando una tarea sencilla. Como gu\u00eda para su toma de decisiones, los analistas piensan que el BCE deber\u00eda mantenerse enfocado en su principal mandato de<strong> mantener la estabilidad de precios<\/strong>. \u00c9sta ser\u00eda la mejor receta para tratar de evitar lo que algunos consideran una \u201ccreciente amenaza a su independencia\u201c. Y a\u00f1aden: \u201cEl BCE y los bancos centrales en general deben salir de su propia trampa (compras masivas de bonos y otros activos financieros) por el bien de su independencia y credibilidad. Y, m\u00e1s a\u00fan, para evitar una crisis global de la deuda\u201c.<\/p>\n<p><strong>\u00abLas buenas noticias comienzan a llegar a Europa\u00bb,<\/strong> ha declarado recientemente <strong>Luis de Guindos<\/strong>, vicepresidente del BCE. \u201cLa inflaci\u00f3n, tambi\u00e9n la subyacente, comienza a ceder en Alemania, Espa\u00f1a y Francia. En Francia, incluso m\u00e1s de lo previsto\u201c. Los mercados dan por sentado que el BCE subir\u00e1 el precio del dinero en un cuarto de punto, pero esta escalada podr\u00eda estar llegando a su fin.<\/p>\n<p>Los continuos aumentos de los tipos de inter\u00e9s amenazan con poner a prueba la resistencia de familias, empresas, gobiernos y algunos mercados, como el inmobiliario. Y esto podr\u00eda destapar nuevas vulnerabilidades del sector inmobiliario y de los fondos de inversi\u00f3n.<\/p>\n<p>Las subidas de los tipos revelaron debilidades de los balances de la banca regional estadounidense y suiza. Esto desemboc\u00f3 en el colapso de bancos tan emblem\u00e1ticos como el <strong>Silicon Valley Bank<\/strong>, s\u00edmbolo del poderoso sector de las start-ups, o del <strong>Credit Suiss<\/strong>e. Las turbulencias han llegado en la zona euro a entidades como el <strong>Deutsche Bank,<\/strong> pero han acabado diluy\u00e9ndose.<\/p>\n<p>Se espera, pues, que el BCE suba un poco m\u00e1s el tipo de referencia, pero el recorrido al alza parece limitado. Para el pr\u00f3ximo a\u00f1o, con la inflaci\u00f3n cercana al 2%, es probable que los tipos de inter\u00e9s bajen gradualmente en Europa.<\/p>\n<p>En Frankfurt se comenta que el BCE ha decidido continuar <strong>con sus planes de subir tipos<\/strong> y aunque la inflaci\u00f3n comienza a relajarse, se espera todav\u00eda alguna otra subida.<\/p>\n<p>Seg\u00fan<strong> Luis de Guindos<\/strong>, \u201clos datos de la inflaci\u00f3n son positivos, pero la victoria sobre la inflaci\u00f3n todav\u00eda no ha llegado. Las perspectivas de estabilidad financiera son todav\u00eda fr\u00e1giles\u201c.<\/p>\n<p><strong>La Reserva Federal de Estados Unidos (Fed)<\/strong>, por su parte, acaba de marcar el camino (14 de junio). Su presidente, Jerome Powell, ha declarado que \u00abse plantean dos incrementos m\u00e1s este a\u00f1o\u00bb, sin concretar. Los tipos volver\u00e1n, pues, a subir y podr\u00edan situarse en un 5,75%, dos puntos por encima del BCE. La Fed ha rebajado la proyecci\u00f3n de inflaci\u00f3n de 2023 a un 3,2%, que sigue lejos de su objetivo del 2%. El BCE seguir\u00e1.<\/p>\n<span class='bctt-click-to-tweet'><span class='bctt-ctt-text'><a href='https:\/\/twitter.com\/intent\/tweet?url=https%3A%2F%2Fconversesacatalunya.cat%2Fes%2Fel-banco-central-europeo-bce-celebra-25-anos%2F&#038;text=Hoy%20se%20reconoce%20que%20la%20mayor%C3%ADa%20de%20los%20bancos%20centrales%20han%20subestimado%20la%20amenaza%20de%20inflaci%C3%B3n%20cuando%20han%20persistido%20en%20tasas%20de%20inter%C3%A9s%20extremadamente%20bajas%20y%20compras%20masivas%20de%20bonos%20a%20lo%20largo%20de%202021%20y%20bien%20entrado%202022&#038;via=conversesacat&#038;related=conversesacat' target='_blank'rel=\"noopener noreferrer\">Hoy se reconoce que la mayor\u00eda de los bancos centrales han subestimado la amenaza de inflaci\u00f3n cuando han persistido en tasas de inter\u00e9s extremadamente bajas y compras masivas de bonos a lo largo de 2021 y bien entrado 2022 <\/a><\/span><a href='https:\/\/twitter.com\/intent\/tweet?url=https%3A%2F%2Fconversesacatalunya.cat%2Fes%2Fel-banco-central-europeo-bce-celebra-25-anos%2F&#038;text=Hoy%20se%20reconoce%20que%20la%20mayor%C3%ADa%20de%20los%20bancos%20centrales%20han%20subestimado%20la%20amenaza%20de%20inflaci%C3%B3n%20cuando%20han%20persistido%20en%20tasas%20de%20inter%C3%A9s%20extremadamente%20bajas%20y%20compras%20masivas%20de%20bonos%20a%20lo%20largo%20de%202021%20y%20bien%20entrado%202022&#038;via=conversesacat&#038;related=conversesacat' target='_blank' class='bctt-ctt-btn'rel=\"noopener noreferrer\">Compartir en X<\/a><\/span>\n<div id=\"polls-201\" class=\"wp-polls\">\n\t<form id=\"polls_form_201\" class=\"wp-polls-form\" action=\"\/index.php\" method=\"post\">\n\t\t<p style=\"display: none;\"><input type=\"hidden\" id=\"poll_201_nonce\" name=\"wp-polls-nonce\" value=\"1af3bce3bd\" \/><\/p>\n\t\t<p style=\"display: none;\"><input type=\"hidden\" name=\"poll_id\" value=\"201\" \/><\/p>\n\t\t<p style=\"text-align: center\"><strong>Creus que Collboni, amb els seus 10 regidors, pot fer el govern que Barcelona necessita?<\/strong><\/p><div id=\"polls-201-ans\" class=\"wp-polls-ans\"><ul class=\"wp-polls-ul\">\n\t\t<li><input type=\"radio\" id=\"poll-answer-558\" name=\"poll_201\" value=\"558\" \/> <label for=\"poll-answer-558\">S\u00ed<\/label><\/li>\n\t\t<li><input type=\"radio\" id=\"poll-answer-559\" name=\"poll_201\" value=\"559\" \/> <label for=\"poll-answer-559\">No<\/label><\/li>\n\t\t<li><input type=\"radio\" id=\"poll-answer-560\" name=\"poll_201\" value=\"560\" \/> <label for=\"poll-answer-560\">No ho s\u00e9<\/label><\/li>\n\t\t<\/ul><p style=\"text-align: center\"><input type=\"button\" name=\"vote\" value=\"   Vota   \" class=\"Buttons\" onclick=\"poll_vote(201);\" \/><\/p><p style=\"text-align: center\"><a href=\"#ViewPollResults\" onclick=\"poll_result(201); return false;\" title=\"View Results Of This Poll\">Mira els resultats<\/a><\/p><\/div>\n\t<\/form>\n<\/div>\n<div id=\"polls-201-loading\" class=\"wp-polls-loading\"><img decoding=\"async\" data-src=\"https:\/\/conversesacatalunya.cat\/wp-content\/plugins\/wp-polls\/images\/loading.gif\" width=\"16\" height=\"16\" alt=\"Cargando ...\" title=\"Cargando ...\" class=\"wp-polls-image lazyload\" src=\"data:image\/svg+xml;base64,PHN2ZyB3aWR0aD0iMSIgaGVpZ2h0PSIxIiB4bWxucz0iaHR0cDovL3d3dy53My5vcmcvMjAwMC9zdmciPjwvc3ZnPg==\" style=\"--smush-placeholder-width: 16px; --smush-placeholder-aspect-ratio: 16\/16;\" \/>&nbsp;Cargando ...<\/div>\n\n<p>&nbsp;<\/p>\n<p>&nbsp;<\/p>\n<p>&nbsp;<\/p>\n<p>&nbsp;<\/p>\n<p>&nbsp;<\/p>\n<p>&nbsp;<\/p>\n<p>&nbsp;<\/p>\n","protected":false},"excerpt":{"rendered":"<p>Veinticinco a\u00f1os unidos por el euro El Banco Central Europeo (BCE) se cre\u00f3 el 1 de junio de 1998 con el objetivo de preparar la introducci\u00f3n del euro, \u201cel mayor cambio de moneda de todos los tiempos\u201d, seg\u00fan los especialistas. El BCE naci\u00f3 siguiendo el modelo del Bundesbank alem\u00e1n: independencia de los gobiernos y\u00a0mandato claro: controlar la inflaci\u00f3n, para que se situara de forma estable en torno a un 2%. Cumple veinticinco a\u00f1os de existencia. Los gobiernos de la UE encomendaron al BCE la misi\u00f3n de salvaguardar el euro. Los empleados de su sede central de Frankfurt, junto con los expertos de los veinte bancos centrales nacionales de la uni\u00f3n monetaria europea, trabajan incesantemente para cumplir el mandato recibido de velar por la estabilidad de los precios. Es una labor vital para la prosperidad de los ciudadanos europeos. Durante los \u00faltimos a\u00f1os, otros nueve pa\u00edses se han incorporado a la zona euro, que ha pasado de 11 a 20 miembros. El BCE tambi\u00e9n ha asumido nuevas funciones, como la supervisi\u00f3n de los mayores bancos europeos. El euro es hoy la segunda divisa m\u00e1s importante del sistema monetario internacional, s\u00f3lo por detr\u00e1s del d\u00f3lar estadounidense, y es considerado generalmente un \u00e9xito. Lo utilizan 350 millones de personas en veinte pa\u00edses. En los \u00faltimos 25 a\u00f1os la tasa de inflaci\u00f3n de la Eurozona se ha situado de forma sostenida en un 2,05%. El camino no ha estado exento de momentos dif\u00edciles, pese a los cuales el BCE se ha centrado siempre en construir unos cimientos s\u00f3lidos para el futuro europeo mediante el cumplimiento de su mandato. Ha experimentado varias crisis existenciales. Al principio parec\u00eda que al BCE s\u00f3lo le importaba la inflaci\u00f3n, pero ese dogma se ha diluido con los a\u00f1os. Fue Mario Draghi quien tuvo que recurrir en el 2012 a su c\u00e9lebre whatever it takes \u00a0(lo que haga falta) y las pol\u00edticas expansivas de activos financieros para salir del paso de la \u201ccrisis de la deuda soberana\u201d o \u201ccrisis de l &#8216;euro&#8217; de 2010. La pandemia y la guerra de Ucrania han puesto de manifiesto que la estabilidad no puede darse por descontada. Adem\u00e1s, las crecientes rivalidades geopol\u00edticas pueden hacer que la econom\u00eda mundial sea cada vez m\u00e1s vol\u00e1til en el futuro. En un mundo de incertidumbre, el BCE ha sido y quiere seguir siendo \u00abun ancla fiable de estabilidad\u00bb. La actual presidenta del BCE, la francesa Christine Lagarde, acaba de declarar lo siguiente: \u201cHemos demostrado que podemos adoptar medidas y adaptarnos r\u00e1pidamente, incluso frente a los retos m\u00e1s complejos. Actuamos con rapidez frente a la pandemia. Hoy respondemos con la misma determinaci\u00f3n para reducir la inflaci\u00f3n. Lograremos que vuelva a situarse en nuestro objetivo del 2% a medio plazo. \u00c9ste es el motivo por el que hemos subido \u00faltimamente los tipos de inter\u00e9s a un ritmo sin precedentes\u00a0 y los mantendremos el tiempo necesario. \u201cEn un mundo cada vez m\u00e1s impredecible, Europa puede reforzar su capacidad de resistencia de dos formas. Mediante la integraci\u00f3n de sus mercados de capitales y completando la uni\u00f3n bancaria. Esta \u00faltima tiene tres patas, dos de las cuales ya funcionan: la supervisi\u00f3n de los bancos sist\u00e9micos y la regulaci\u00f3n de su disoluci\u00f3n. La tercera pata todav\u00eda no est\u00e1 conseguida: el seguro a nivel europeo de los dep\u00f3sitos bancarios (franceses y alemanes todav\u00eda no se han puesto de acuerdo). \u201cHay que tener siempre en cuenta que, en \u00faltima instancia, \u201cel euro\u201d es m\u00e1s que una moneda: constituye la forma m\u00e1s avanzada de integraci\u00f3n europea y representa una Europa unida que colabora estrechamente y protege y beneficia a todos sus ciudadanos. El BCE (la instituci\u00f3n federal de la UE) siempre ser\u00e1 un pilar fundamental en esta labor\u201d. El BCE celebra sus veinticinco a\u00f1os en pleno choque de inflaci\u00f3n El BCE dif\u00edcilmente pudo imaginar un regalo m\u00e1s envenenado para celebrar el 25 aniversario de su creaci\u00f3n. Hoy enfrenta el mayor choque de inflaci\u00f3n global de las \u00faltimas d\u00e9cadas. Como al resto de bancos centrales, al BCE le cogi\u00f3 con el pie cambiado la espiral inflacionista desatada primero por la reapertura de las econom\u00edas tras la pandemia y despu\u00e9s por la escalada de precios energ\u00e9ticos provocada por Rusia como parte de su estrategia de la invasi\u00f3n de Ucrania. Durante una d\u00e9cada, el principal objetivo del BCE hab\u00eda sido disipar el riesgo de deflaci\u00f3n posterior a la Gran Recesi\u00f3n de 2008. Para evitar una depresi\u00f3n econ\u00f3mica, dio luz verde a una serie de medidas excepcionales, como la compra masiva de activos financieros, que tuvo que elevar hasta niveles sin precedentes por la llegada de la covid. En un primer momento, el BCE consider\u00f3 que la fuerte escalada del IPC que empez\u00f3 en verano de 2021 era un fen\u00f3meno \u201ctransitorio\u201d y no tom\u00f3 medidas, una valoraci\u00f3n compartida por hom\u00f3logos como la Reserva Federal de Estados Unidos o el Banco de Inglaterra. Sin embargo, el brutal impacto en los precios globales de la energ\u00eda y los alimentos provocado por la invasi\u00f3n de Ucrania le oblig\u00f3 a dar un giro copernicano en su estrategia. Ya en diciembre del 2021 anunci\u00f3 el fin de las compras masivas de deuda, y en julio pasado acord\u00f3 su primera subida de tipos en once a\u00f1os. Desde entonces ha aprobado otras seis, en el ciclo de alzas m\u00e1s acelerado y pronunciado de su historia. El tipo principal se sit\u00faa en el 3,75% (m\u00e1ximo desde octubre de 2008, albores de la Gran Recesi\u00f3n), mientras que la facilidad de dep\u00f3sito (el inter\u00e9s con el que remunera el dinero que guarda en los bancos, lo m\u00e1s relevante en el actual contexto) se eleva al 3,25%. Gracias en buena parte a ese encarecimiento del dinero, el pico de la inflaci\u00f3n ha quedado atr\u00e1s (10,6% en octubre pasado). Sin embargo, el IPC de la zona euro se elev\u00f3 una d\u00e9cima en abril al 7%. Y lo m\u00e1s preocupante, el subyacente (excluidos los m\u00e1s vol\u00e1tiles precios de la energ\u00eda y los alimentos) se encontraba en un alto 5,6%. Como suele destacar el BCE, la inflaci\u00f3n est\u00e1 resultando m\u00e1s \u00abpegajosa\u00bb de lo esperado&#8230;.<\/p>\n","protected":false},"author":38,"featured_media":68390,"comment_status":"open","ping_status":"open","sticky":false,"template":"","format":"standard","meta":{"_FSMCFIC_featured_image_caption":"Banco Central Europeo (BCE). Frankfurt","_FSMCFIC_featured_image_nocaption":"","_FSMCFIC_featured_image_hide":"","footnotes":""},"categories":[798,806],"tags":[3139,1480],"class_list":["post-68394","post","type-post","status-publish","format-standard","has-post-thumbnail","hentry","category-pro-europa-es","category-punts-claus-del-dia-es","tag-banc-central-europeu-es","tag-bce-es"],"yoast_head":"<!-- This site is optimized with the Yoast SEO plugin v26.8 - https:\/\/yoast.com\/product\/yoast-seo-wordpress\/ -->\n<title>El Banco Central Europeo (BCE) celebra sus 25 a\u00f1os<\/title>\n<meta name=\"description\" content=\"El BCE que cumple 25 a\u00f1os naci\u00f3 siguiendo el modelo del Bundesbank alem\u00e1n: independencia de los gobiernos, mandato claro controlar inflaci\u00f3n\" \/>\n<meta name=\"robots\" content=\"index, follow, max-snippet:-1, max-image-preview:large, max-video-preview:-1\" \/>\n<link rel=\"canonical\" href=\"https:\/\/conversesacatalunya.cat\/es\/el-banco-central-europeo-bce-celebra-25-anos\/\" \/>\n<meta property=\"og:locale\" content=\"es_ES\" \/>\n<meta property=\"og:type\" content=\"article\" \/>\n<meta property=\"og:title\" content=\"El Banco Central Europeo (BCE) celebra sus 25 a\u00f1os\" \/>\n<meta property=\"og:description\" content=\"El BCE que cumple 25 a\u00f1os naci\u00f3 siguiendo el modelo del Bundesbank alem\u00e1n: independencia de los gobiernos, mandato claro controlar inflaci\u00f3n\" \/>\n<meta property=\"og:url\" content=\"https:\/\/conversesacatalunya.cat\/es\/el-banco-central-europeo-bce-celebra-25-anos\/\" \/>\n<meta property=\"og:site_name\" content=\"Converses a Catalunya\" \/>\n<meta property=\"article:published_time\" content=\"2023-06-19T07:39:50+00:00\" \/>\n<meta property=\"article:modified_time\" content=\"2023-06-19T11:15:14+00:00\" \/>\n<meta property=\"og:image\" content=\"https:\/\/conversesacatalunya.cat\/wp-content\/uploads\/2023\/06\/BCE.jpg\" \/>\n\t<meta property=\"og:image:width\" content=\"1280\" \/>\n\t<meta property=\"og:image:height\" content=\"853\" \/>\n\t<meta property=\"og:image:type\" content=\"image\/jpeg\" \/>\n<meta name=\"author\" content=\"Victor Pou\" \/>\n<meta name=\"twitter:card\" content=\"summary_large_image\" \/>\n<meta name=\"twitter:label1\" content=\"Escrito por\" \/>\n\t<meta name=\"twitter:data1\" content=\"Victor Pou\" \/>\n\t<meta name=\"twitter:label2\" content=\"Tiempo de lectura\" \/>\n\t<meta name=\"twitter:data2\" content=\"10 minutos\" \/>\n<script type=\"application\/ld+json\" class=\"yoast-schema-graph\">{\"@context\":\"https:\/\/schema.org\",\"@graph\":[{\"@type\":\"Article\",\"@id\":\"https:\/\/conversesacatalunya.cat\/es\/el-banco-central-europeo-bce-celebra-25-anos\/#article\",\"isPartOf\":{\"@id\":\"https:\/\/conversesacatalunya.cat\/es\/el-banco-central-europeo-bce-celebra-25-anos\/\"},\"author\":{\"name\":\"Victor Pou\",\"@id\":\"https:\/\/conversesacatalunya.cat\/#\/schema\/person\/1b0082ee920b837be791bee630d460b2\"},\"headline\":\"El Banco Central Europeo (BCE) celebra sus 25 a\u00f1os de existencia\",\"datePublished\":\"2023-06-19T07:39:50+00:00\",\"dateModified\":\"2023-06-19T11:15:14+00:00\",\"mainEntityOfPage\":{\"@id\":\"https:\/\/conversesacatalunya.cat\/es\/el-banco-central-europeo-bce-celebra-25-anos\/\"},\"wordCount\":2074,\"commentCount\":0,\"image\":{\"@id\":\"https:\/\/conversesacatalunya.cat\/es\/el-banco-central-europeo-bce-celebra-25-anos\/#primaryimage\"},\"thumbnailUrl\":\"https:\/\/conversesacatalunya.cat\/wp-content\/uploads\/2023\/06\/BCE.jpg\",\"keywords\":[\"Banc Central Europeu\",\"BCE\"],\"articleSection\":[\"Pro Europa (ES)\",\"Punts clau del dia (ES)\"],\"inLanguage\":\"es\",\"potentialAction\":[{\"@type\":\"CommentAction\",\"name\":\"Comment\",\"target\":[\"https:\/\/conversesacatalunya.cat\/es\/el-banco-central-europeo-bce-celebra-25-anos\/#respond\"]}]},{\"@type\":\"WebPage\",\"@id\":\"https:\/\/conversesacatalunya.cat\/es\/el-banco-central-europeo-bce-celebra-25-anos\/\",\"url\":\"https:\/\/conversesacatalunya.cat\/es\/el-banco-central-europeo-bce-celebra-25-anos\/\",\"name\":\"El Banco Central Europeo (BCE) celebra sus 25 a\u00f1os\",\"isPartOf\":{\"@id\":\"https:\/\/conversesacatalunya.cat\/#website\"},\"primaryImageOfPage\":{\"@id\":\"https:\/\/conversesacatalunya.cat\/es\/el-banco-central-europeo-bce-celebra-25-anos\/#primaryimage\"},\"image\":{\"@id\":\"https:\/\/conversesacatalunya.cat\/es\/el-banco-central-europeo-bce-celebra-25-anos\/#primaryimage\"},\"thumbnailUrl\":\"https:\/\/conversesacatalunya.cat\/wp-content\/uploads\/2023\/06\/BCE.jpg\",\"datePublished\":\"2023-06-19T07:39:50+00:00\",\"dateModified\":\"2023-06-19T11:15:14+00:00\",\"author\":{\"@id\":\"https:\/\/conversesacatalunya.cat\/#\/schema\/person\/1b0082ee920b837be791bee630d460b2\"},\"description\":\"El BCE que cumple 25 a\u00f1os naci\u00f3 siguiendo el modelo del Bundesbank alem\u00e1n: independencia de los gobiernos, mandato claro controlar inflaci\u00f3n\",\"breadcrumb\":{\"@id\":\"https:\/\/conversesacatalunya.cat\/es\/el-banco-central-europeo-bce-celebra-25-anos\/#breadcrumb\"},\"inLanguage\":\"es\",\"potentialAction\":[{\"@type\":\"ReadAction\",\"target\":[\"https:\/\/conversesacatalunya.cat\/es\/el-banco-central-europeo-bce-celebra-25-anos\/\"]}]},{\"@type\":\"ImageObject\",\"inLanguage\":\"es\",\"@id\":\"https:\/\/conversesacatalunya.cat\/es\/el-banco-central-europeo-bce-celebra-25-anos\/#primaryimage\",\"url\":\"https:\/\/conversesacatalunya.cat\/wp-content\/uploads\/2023\/06\/BCE.jpg\",\"contentUrl\":\"https:\/\/conversesacatalunya.cat\/wp-content\/uploads\/2023\/06\/BCE.jpg\",\"width\":1280,\"height\":853,\"caption\":\"BCE 25 a\u00f1os\"},{\"@type\":\"BreadcrumbList\",\"@id\":\"https:\/\/conversesacatalunya.cat\/es\/el-banco-central-europeo-bce-celebra-25-anos\/#breadcrumb\",\"itemListElement\":[{\"@type\":\"ListItem\",\"position\":1,\"name\":\"Inici\",\"item\":\"https:\/\/conversesacatalunya.cat\/es\/\"},{\"@type\":\"ListItem\",\"position\":2,\"name\":\"El Banco Central Europeo (BCE) celebra sus 25 a\u00f1os de existencia\"}]},{\"@type\":\"WebSite\",\"@id\":\"https:\/\/conversesacatalunya.cat\/#website\",\"url\":\"https:\/\/conversesacatalunya.cat\/\",\"name\":\"Converses a Catalunya\",\"description\":\"\",\"potentialAction\":[{\"@type\":\"SearchAction\",\"target\":{\"@type\":\"EntryPoint\",\"urlTemplate\":\"https:\/\/conversesacatalunya.cat\/?s={search_term_string}\"},\"query-input\":{\"@type\":\"PropertyValueSpecification\",\"valueRequired\":true,\"valueName\":\"search_term_string\"}}],\"inLanguage\":\"es\"},{\"@type\":\"Person\",\"@id\":\"https:\/\/conversesacatalunya.cat\/#\/schema\/person\/1b0082ee920b837be791bee630d460b2\",\"name\":\"Victor Pou\",\"image\":{\"@type\":\"ImageObject\",\"inLanguage\":\"es\",\"@id\":\"https:\/\/conversesacatalunya.cat\/#\/schema\/person\/image\/\",\"url\":\"https:\/\/conversesacatalunya.cat\/wp-content\/litespeed\/avatar\/b9b32a5f987117ce72836d050f735d2b.jpg?ver=1777366285\",\"contentUrl\":\"https:\/\/conversesacatalunya.cat\/wp-content\/litespeed\/avatar\/b9b32a5f987117ce72836d050f735d2b.jpg?ver=1777366285\",\"caption\":\"Victor Pou\"},\"url\":\"https:\/\/conversesacatalunya.cat\/es\/author\/victor_pou\/\"}]}<\/script>\n<!-- \/ Yoast SEO plugin. -->","yoast_head_json":{"title":"El Banco Central Europeo (BCE) celebra sus 25 a\u00f1os","description":"El BCE que cumple 25 a\u00f1os naci\u00f3 siguiendo el modelo del Bundesbank alem\u00e1n: independencia de los gobiernos, mandato claro controlar inflaci\u00f3n","robots":{"index":"index","follow":"follow","max-snippet":"max-snippet:-1","max-image-preview":"max-image-preview:large","max-video-preview":"max-video-preview:-1"},"canonical":"https:\/\/conversesacatalunya.cat\/es\/el-banco-central-europeo-bce-celebra-25-anos\/","og_locale":"es_ES","og_type":"article","og_title":"El Banco Central Europeo (BCE) celebra sus 25 a\u00f1os","og_description":"El BCE que cumple 25 a\u00f1os naci\u00f3 siguiendo el modelo del Bundesbank alem\u00e1n: independencia de los gobiernos, mandato claro controlar inflaci\u00f3n","og_url":"https:\/\/conversesacatalunya.cat\/es\/el-banco-central-europeo-bce-celebra-25-anos\/","og_site_name":"Converses a Catalunya","article_published_time":"2023-06-19T07:39:50+00:00","article_modified_time":"2023-06-19T11:15:14+00:00","og_image":[{"width":1280,"height":853,"url":"https:\/\/conversesacatalunya.cat\/wp-content\/uploads\/2023\/06\/BCE.jpg","type":"image\/jpeg"}],"author":"Victor Pou","twitter_card":"summary_large_image","twitter_misc":{"Escrito por":"Victor Pou","Tiempo de lectura":"10 minutos"},"schema":{"@context":"https:\/\/schema.org","@graph":[{"@type":"Article","@id":"https:\/\/conversesacatalunya.cat\/es\/el-banco-central-europeo-bce-celebra-25-anos\/#article","isPartOf":{"@id":"https:\/\/conversesacatalunya.cat\/es\/el-banco-central-europeo-bce-celebra-25-anos\/"},"author":{"name":"Victor Pou","@id":"https:\/\/conversesacatalunya.cat\/#\/schema\/person\/1b0082ee920b837be791bee630d460b2"},"headline":"El Banco Central Europeo (BCE) celebra sus 25 a\u00f1os de existencia","datePublished":"2023-06-19T07:39:50+00:00","dateModified":"2023-06-19T11:15:14+00:00","mainEntityOfPage":{"@id":"https:\/\/conversesacatalunya.cat\/es\/el-banco-central-europeo-bce-celebra-25-anos\/"},"wordCount":2074,"commentCount":0,"image":{"@id":"https:\/\/conversesacatalunya.cat\/es\/el-banco-central-europeo-bce-celebra-25-anos\/#primaryimage"},"thumbnailUrl":"https:\/\/conversesacatalunya.cat\/wp-content\/uploads\/2023\/06\/BCE.jpg","keywords":["Banc Central Europeu","BCE"],"articleSection":["Pro Europa (ES)","Punts clau del dia (ES)"],"inLanguage":"es","potentialAction":[{"@type":"CommentAction","name":"Comment","target":["https:\/\/conversesacatalunya.cat\/es\/el-banco-central-europeo-bce-celebra-25-anos\/#respond"]}]},{"@type":"WebPage","@id":"https:\/\/conversesacatalunya.cat\/es\/el-banco-central-europeo-bce-celebra-25-anos\/","url":"https:\/\/conversesacatalunya.cat\/es\/el-banco-central-europeo-bce-celebra-25-anos\/","name":"El Banco Central Europeo (BCE) celebra sus 25 a\u00f1os","isPartOf":{"@id":"https:\/\/conversesacatalunya.cat\/#website"},"primaryImageOfPage":{"@id":"https:\/\/conversesacatalunya.cat\/es\/el-banco-central-europeo-bce-celebra-25-anos\/#primaryimage"},"image":{"@id":"https:\/\/conversesacatalunya.cat\/es\/el-banco-central-europeo-bce-celebra-25-anos\/#primaryimage"},"thumbnailUrl":"https:\/\/conversesacatalunya.cat\/wp-content\/uploads\/2023\/06\/BCE.jpg","datePublished":"2023-06-19T07:39:50+00:00","dateModified":"2023-06-19T11:15:14+00:00","author":{"@id":"https:\/\/conversesacatalunya.cat\/#\/schema\/person\/1b0082ee920b837be791bee630d460b2"},"description":"El BCE que cumple 25 a\u00f1os naci\u00f3 siguiendo el modelo del Bundesbank alem\u00e1n: independencia de los gobiernos, mandato claro controlar inflaci\u00f3n","breadcrumb":{"@id":"https:\/\/conversesacatalunya.cat\/es\/el-banco-central-europeo-bce-celebra-25-anos\/#breadcrumb"},"inLanguage":"es","potentialAction":[{"@type":"ReadAction","target":["https:\/\/conversesacatalunya.cat\/es\/el-banco-central-europeo-bce-celebra-25-anos\/"]}]},{"@type":"ImageObject","inLanguage":"es","@id":"https:\/\/conversesacatalunya.cat\/es\/el-banco-central-europeo-bce-celebra-25-anos\/#primaryimage","url":"https:\/\/conversesacatalunya.cat\/wp-content\/uploads\/2023\/06\/BCE.jpg","contentUrl":"https:\/\/conversesacatalunya.cat\/wp-content\/uploads\/2023\/06\/BCE.jpg","width":1280,"height":853,"caption":"BCE 25 a\u00f1os"},{"@type":"BreadcrumbList","@id":"https:\/\/conversesacatalunya.cat\/es\/el-banco-central-europeo-bce-celebra-25-anos\/#breadcrumb","itemListElement":[{"@type":"ListItem","position":1,"name":"Inici","item":"https:\/\/conversesacatalunya.cat\/es\/"},{"@type":"ListItem","position":2,"name":"El Banco Central Europeo (BCE) celebra sus 25 a\u00f1os de existencia"}]},{"@type":"WebSite","@id":"https:\/\/conversesacatalunya.cat\/#website","url":"https:\/\/conversesacatalunya.cat\/","name":"Converses a Catalunya","description":"","potentialAction":[{"@type":"SearchAction","target":{"@type":"EntryPoint","urlTemplate":"https:\/\/conversesacatalunya.cat\/?s={search_term_string}"},"query-input":{"@type":"PropertyValueSpecification","valueRequired":true,"valueName":"search_term_string"}}],"inLanguage":"es"},{"@type":"Person","@id":"https:\/\/conversesacatalunya.cat\/#\/schema\/person\/1b0082ee920b837be791bee630d460b2","name":"Victor Pou","image":{"@type":"ImageObject","inLanguage":"es","@id":"https:\/\/conversesacatalunya.cat\/#\/schema\/person\/image\/","url":"https:\/\/conversesacatalunya.cat\/wp-content\/litespeed\/avatar\/b9b32a5f987117ce72836d050f735d2b.jpg?ver=1777366285","contentUrl":"https:\/\/conversesacatalunya.cat\/wp-content\/litespeed\/avatar\/b9b32a5f987117ce72836d050f735d2b.jpg?ver=1777366285","caption":"Victor Pou"},"url":"https:\/\/conversesacatalunya.cat\/es\/author\/victor_pou\/"}]}},"wps_subtitle":"El Banco Central Europeo (BCE) se cre\u00f3 el 1 de junio de 1998 con el objetivo de preparar la introducci\u00f3n del euro, \u201cel mayor cambio de moneda de todos los tiempos\u201d ","_links":{"self":[{"href":"https:\/\/conversesacatalunya.cat\/es\/wp-json\/wp\/v2\/posts\/68394","targetHints":{"allow":["GET"]}}],"collection":[{"href":"https:\/\/conversesacatalunya.cat\/es\/wp-json\/wp\/v2\/posts"}],"about":[{"href":"https:\/\/conversesacatalunya.cat\/es\/wp-json\/wp\/v2\/types\/post"}],"author":[{"embeddable":true,"href":"https:\/\/conversesacatalunya.cat\/es\/wp-json\/wp\/v2\/users\/38"}],"replies":[{"embeddable":true,"href":"https:\/\/conversesacatalunya.cat\/es\/wp-json\/wp\/v2\/comments?post=68394"}],"version-history":[{"count":10,"href":"https:\/\/conversesacatalunya.cat\/es\/wp-json\/wp\/v2\/posts\/68394\/revisions"}],"predecessor-version":[{"id":68478,"href":"https:\/\/conversesacatalunya.cat\/es\/wp-json\/wp\/v2\/posts\/68394\/revisions\/68478"}],"wp:featuredmedia":[{"embeddable":true,"href":"https:\/\/conversesacatalunya.cat\/es\/wp-json\/wp\/v2\/media\/68390"}],"wp:attachment":[{"href":"https:\/\/conversesacatalunya.cat\/es\/wp-json\/wp\/v2\/media?parent=68394"}],"wp:term":[{"taxonomy":"category","embeddable":true,"href":"https:\/\/conversesacatalunya.cat\/es\/wp-json\/wp\/v2\/categories?post=68394"},{"taxonomy":"post_tag","embeddable":true,"href":"https:\/\/conversesacatalunya.cat\/es\/wp-json\/wp\/v2\/tags?post=68394"}],"curies":[{"name":"wp","href":"https:\/\/api.w.org\/{rel}","templated":true}]}}