{"id":68112,"date":"2023-06-07T13:21:46","date_gmt":"2023-06-07T11:21:46","guid":{"rendered":"https:\/\/conversesacatalunya.cat\/?p=68112"},"modified":"2023-06-07T13:21:46","modified_gmt":"2023-06-07T11:21:46","slug":"elecciones-23-julio-perspectiva-desde-catalunya","status":"publish","type":"post","link":"https:\/\/conversesacatalunya.cat\/es\/elecciones-23-julio-perspectiva-desde-catalunya\/","title":{"rendered":"Elecciones 23 de Julio. Perspectiva desde Catalunya"},"content":{"rendered":"<p>La p\u00e9rdida de <strong>Andaluc\u00eda<\/strong>, feudo hist\u00f3rico del PSOE y granero de diputados para el Congreso, primero en las elecciones auton\u00f3micas y ahora en las municipales, constituye m\u00e1s all\u00e1 de un cambio pol\u00edtico un cambio en la sociolog\u00eda electoral que hace muy dif\u00edcil para el partido socialista volver a gobernar. Adem\u00e1s el resultado demostr\u00f3 que determinados argumentos maximalistas como los de <strong>equiparar al PP y Vox con el asalto al Capitolio o la alarma antifascista<\/strong>, no funcionan ni siquiera en un electorado m\u00e1s bien propicio.<\/p>\n<h4><strong>Situadas as\u00ed las cosas, la carta electoral de Catalunya es fundamental porque es el segundo territorio en n\u00famero de esca\u00f1os. <\/strong><\/h4>\n<p>S\u00e1nchez necesita desesperadamente que <strong>el PSC quede primero y a distancia del segundo<\/strong>, de manera que la cosecha de esca\u00f1os sea abundante<\/p>\n<p>Esta estrategia tiene como<strong> grandes damnificados a ERC y, especialmente, a los Comunes de Ada Colau<\/strong>, que hay que ver si se presentan como tales o con el a\u00f1adido de Sumar de Yolanda D\u00edaz.<\/p>\n<p><strong>Si ERC<\/strong> no se recupera y vuelve a sufrir una nueva derrota, el gobierno Aragon\u00e9s tendr\u00e1 un grave problema porque con la minor\u00eda que tiene en el Parlament y la gran derrota de las municipales lo tiene muy dif\u00edcil para justificar que puede mantenerse en el gobierno sin ceder protagonismo a una alianza con los socialistas.<\/p>\n<p><strong>Los Comunes,<\/strong> por su parte, derrotada su carta principal llamada Ada Colau y Barcelona, tienen el futuro colgando de un hilo. De hecho, sus cifras y enclaves se corresponden ahora en Catalunya <strong>con las que ten\u00eda IC<\/strong> en sus momentos terminales. La excepci\u00f3n seguir\u00eda siendo todav\u00eda Barcelona, que presenta unos registros comparativamente mejores.<\/p>\n<p>Por otra parte, y para <strong>las fuerzas a la izquierda del PSOE,<\/strong> el panorama catal\u00e1n no es halagador, porque el preludio de las municipales, pese a la reiterada presencia de D\u00edaz, se sald\u00f3 con un fracaso. No tienen buenas perspectivas.<\/p>\n<h4><strong>La situaci\u00f3n de ERC explica la opci\u00f3n de construir un frente independentista con JxCat y otras fuerzas menores. <\/strong><\/h4>\n<p><strong>Esta operaci\u00f3n tiene para la gente de Junqueras dos ventajas.<\/strong> La primera, que disuelve la imagen de derrota con la que ERC encara las nuevas elecciones. Y, muy importante, este bloque puede pretender disputarle la primera posici\u00f3n al PSC, cuesti\u00f3n nada menor porque la aplicaci\u00f3n del m\u00e9todo De Hond otorga siempre una prima al ganador.<\/p>\n<p><strong>Para JxCat<\/strong> esa ventaja existe tambi\u00e9n, pero a diferencia de ERC tiene una contrapartida negativa. La de romper la nueva v\u00eda que parec\u00eda rentable iniciada por<strong> Trias<\/strong>. Seguramente desde este punto de vista a JxCat, pensando en el futuro y la voluntad de ganar unas elecciones catalanas, le sal\u00eda m\u00e1s a cuenta aprovechar la ocasi\u00f3n para intentar configurar un bloque que <strong>volviera a reunir las partes fragmentadas de la antigua Converg\u00e8ncia,<\/strong> con el PDeCAT, el Partit Nacionalista de Catalunya de Marta Pascal y los peque\u00f1os grupos de opini\u00f3n que existen.<\/p>\n<p>Pero ese camino a quien no le interesa tanto es a <strong>Puigdemont<\/strong> que debe velar por mantener viva una alica\u00edda llama independentista. Tambi\u00e9n pueden pensar \u00e9l y Junqueras que contra un gobierno del PSOE vivir\u00e1n mejor 4 a\u00f1os porque les facilitar\u00e1 el resurgimiento de las reivindicaciones.<\/p>\n<h4><strong>Este escenario plantea graves problemas de fondo en la realidad catalana que est\u00e1 muy tocada. <\/strong><\/h4>\n<p>Una manifestaci\u00f3n patente de esta situaci\u00f3n es <strong>la alarma que formul\u00f3 el C\u00edrculo de Econom\u00eda<\/strong> constatando la evidencia del estancamiento de la econom\u00eda catalana que Aragon\u00e9s irracionalmente se neg\u00f3 a reconocer. Este problema se multiplica por el progresivo envejecimiento de la poblaci\u00f3n y su sustituci\u00f3n por inmigrantes que alimentan una estructura productiva de reducida productividad, situ\u00e1ndonos en un c\u00edrculo vicioso, que no porque sea com\u00fan en Espa\u00f1a debe constituir este hecho un consuelo.<\/p>\n<p>Si en Catalunya, bien por la v\u00eda socialista, bien por la v\u00eda independentista, se trabaja en la idea de ser los arietes de un futuro gobierno del PP significa que una legislatura m\u00e1s perderemos el abordaje de cuestiones clave, entre ellas la de la financiaci\u00f3n o, como se\u00f1alaba Fomento, el d\u00e9ficit inversor en infraestructuras de Catalunya que valoraba en la considerable cifra de <strong>40.000 millones.<\/strong><\/p>\n<h5><strong>Con los actuales protagonistas parece dif\u00edcil salir de ese escenario en el que pronto llevaremos perdidos m\u00e1s de una d\u00e9cada, que se dice pronto, y que cada vez nos aleja m\u00e1s de equipararnos con la UE. <\/strong><\/h5>\n<p>Sin embargo, el n\u00facleo de opini\u00f3n que gira en torno a los centros de las \u00e9lites,<strong><a href=\"https:\/\/conversesacatalunya.cat\/es\/la-vanguardia-contra-la-derecha\/\" target=\"_blank\" rel=\"noopener\"> La Vanguardia<\/a> y TV3,<\/strong> siguen situados en esta tesitura que oscila entre el frontismo socialista y el frontismo independentista en relaci\u00f3n con el gobierno espa\u00f1ol, si este es del PP.<\/p>\n<p>Hasta el extremo de que<strong> hay comentaristas que presentan al PSC<\/strong> como el partido que contribuy\u00f3 decisivamente, y sigue haci\u00e9ndolo, a elevar a S\u00e1nchez como una esperanza y como un instrumento que hace a la vez de \u00abr\u00f3tula y de airbag\u00bb.<\/p>\n<p><strong>En estos t\u00e9rminos est\u00e1 garantizado que no afloren los problemas de fondo de Catalunya y que ni siquiera se aborden aquellos que son evidentes.<\/strong><\/p>\n<span class='bctt-click-to-tweet'><span class='bctt-ctt-text'><a href='https:\/\/twitter.com\/intent\/tweet?url=https%3A%2F%2Fconversesacatalunya.cat%2Fes%2Felecciones-23-julio-perspectiva-desde-catalunya%2F&#038;text=Con%20los%20actuales%20protagonistas%20parece%20dif%C3%ADcil%20salir%20de%20ese%20escenario%20en%20el%20que%20pronto%20llevaremos%20perdidos%20m%C3%A1s%20de%20una%20d%C3%A9cada%2C%20que%20se%20dice%20pronto%2C%20y%20que%20cada%20vez%20nos%20aleja%20m%C3%A1s%20de%20equipararnos%20con%20la%20UE&#038;via=conversesacat&#038;related=conversesacat' target='_blank'rel=\"noopener noreferrer\">Con los actuales protagonistas parece dif\u00edcil salir de ese escenario en el que pronto llevaremos perdidos m\u00e1s de una d\u00e9cada, que se dice pronto, y que cada vez nos aleja m\u00e1s de equipararnos con la UE <\/a><\/span><a href='https:\/\/twitter.com\/intent\/tweet?url=https%3A%2F%2Fconversesacatalunya.cat%2Fes%2Felecciones-23-julio-perspectiva-desde-catalunya%2F&#038;text=Con%20los%20actuales%20protagonistas%20parece%20dif%C3%ADcil%20salir%20de%20ese%20escenario%20en%20el%20que%20pronto%20llevaremos%20perdidos%20m%C3%A1s%20de%20una%20d%C3%A9cada%2C%20que%20se%20dice%20pronto%2C%20y%20que%20cada%20vez%20nos%20aleja%20m%C3%A1s%20de%20equipararnos%20con%20la%20UE&#038;via=conversesacat&#038;related=conversesacat' target='_blank' class='bctt-ctt-btn'rel=\"noopener noreferrer\">Compartir en X<\/a><\/span>\n<div id=\"polls-199\" class=\"wp-polls\">\n\t<form id=\"polls_form_199\" class=\"wp-polls-form\" action=\"\/index.php\" method=\"post\">\n\t\t<p style=\"display: none;\"><input type=\"hidden\" id=\"poll_199_nonce\" name=\"wp-polls-nonce\" value=\"3c716e1503\" \/><\/p>\n\t\t<p style=\"display: none;\"><input type=\"hidden\" name=\"poll_id\" value=\"199\" \/><\/p>\n\t\t<p style=\"text-align: center\"><strong>Qui creus que quedar\u00e0 primer a les eleccions del 23-J a Catalunya?<\/strong><\/p><div id=\"polls-199-ans\" class=\"wp-polls-ans\"><ul class=\"wp-polls-ul\">\n\t\t<li><input type=\"radio\" id=\"poll-answer-550\" name=\"poll_199\" value=\"550\" \/> <label for=\"poll-answer-550\">ERC<\/label><\/li>\n\t\t<li><input type=\"radio\" id=\"poll-answer-551\" name=\"poll_199\" value=\"551\" \/> <label for=\"poll-answer-551\">PSC<\/label><\/li>\n\t\t<li><input type=\"radio\" id=\"poll-answer-552\" name=\"poll_199\" value=\"552\" \/> <label for=\"poll-answer-552\">Junts<\/label><\/li>\n\t\t<li><input type=\"radio\" id=\"poll-answer-553\" name=\"poll_199\" value=\"553\" \/> <label for=\"poll-answer-553\">PP<\/label><\/li>\n\t\t<li><input type=\"radio\" id=\"poll-answer-554\" name=\"poll_199\" value=\"554\" \/> <label for=\"poll-answer-554\">Cap dels anteriors<\/label><\/li>\n\t\t<\/ul><p style=\"text-align: center\"><input type=\"button\" name=\"vote\" value=\"   Vota   \" class=\"Buttons\" onclick=\"poll_vote(199);\" \/><\/p><p style=\"text-align: center\"><a href=\"#ViewPollResults\" onclick=\"poll_result(199); return false;\" title=\"View Results Of This Poll\">Mira els resultats<\/a><\/p><\/div>\n\t<\/form>\n<\/div>\n<div id=\"polls-199-loading\" class=\"wp-polls-loading\"><img decoding=\"async\" data-src=\"https:\/\/conversesacatalunya.cat\/wp-content\/plugins\/wp-polls\/images\/loading.gif\" width=\"16\" height=\"16\" alt=\"Cargando ...\" title=\"Cargando ...\" class=\"wp-polls-image lazyload\" src=\"data:image\/svg+xml;base64,PHN2ZyB3aWR0aD0iMSIgaGVpZ2h0PSIxIiB4bWxucz0iaHR0cDovL3d3dy53My5vcmcvMjAwMC9zdmciPjwvc3ZnPg==\" style=\"--smush-placeholder-width: 16px; --smush-placeholder-aspect-ratio: 16\/16;\" \/>&nbsp;Cargando ...<\/div>\n\n<p>&nbsp;<\/p>\n","protected":false},"excerpt":{"rendered":"<p>La p\u00e9rdida de Andaluc\u00eda, feudo hist\u00f3rico del PSOE y granero de diputados para el Congreso, primero en las elecciones auton\u00f3micas y ahora en las municipales, constituye m\u00e1s all\u00e1 de un cambio pol\u00edtico un cambio en la sociolog\u00eda electoral que hace muy dif\u00edcil para el partido socialista volver a gobernar. Adem\u00e1s el resultado demostr\u00f3 que determinados argumentos maximalistas como los de equiparar al PP y Vox con el asalto al Capitolio o la alarma antifascista, no funcionan ni siquiera en un electorado m\u00e1s bien propicio. Situadas as\u00ed las cosas, la carta electoral de Catalunya es fundamental porque es el segundo territorio en n\u00famero de esca\u00f1os. S\u00e1nchez necesita desesperadamente que el PSC quede primero y a distancia del segundo, de manera que la cosecha de esca\u00f1os sea abundante Esta estrategia tiene como grandes damnificados a ERC y, especialmente, a los Comunes de Ada Colau, que hay que ver si se presentan como tales o con el a\u00f1adido de Sumar de Yolanda D\u00edaz. Si ERC no se recupera y vuelve a sufrir una nueva derrota, el gobierno Aragon\u00e9s tendr\u00e1 un grave problema porque con la minor\u00eda que tiene en el Parlament y la gran derrota de las municipales lo tiene muy dif\u00edcil para justificar que puede mantenerse en el gobierno sin ceder protagonismo a una alianza con los socialistas. Los Comunes, por su parte, derrotada su carta principal llamada Ada Colau y Barcelona, tienen el futuro colgando de un hilo. De hecho, sus cifras y enclaves se corresponden ahora en Catalunya con las que ten\u00eda IC en sus momentos terminales. La excepci\u00f3n seguir\u00eda siendo todav\u00eda Barcelona, que presenta unos registros comparativamente mejores. Por otra parte, y para las fuerzas a la izquierda del PSOE, el panorama catal\u00e1n no es halagador, porque el preludio de las municipales, pese a la reiterada presencia de D\u00edaz, se sald\u00f3 con un fracaso. No tienen buenas perspectivas. La situaci\u00f3n de ERC explica la opci\u00f3n de construir un frente independentista con JxCat y otras fuerzas menores. Esta operaci\u00f3n tiene para la gente de Junqueras dos ventajas. La primera, que disuelve la imagen de derrota con la que ERC encara las nuevas elecciones. Y, muy importante, este bloque puede pretender disputarle la primera posici\u00f3n al PSC, cuesti\u00f3n nada menor porque la aplicaci\u00f3n del m\u00e9todo De Hond otorga siempre una prima al ganador. Para JxCat esa ventaja existe tambi\u00e9n, pero a diferencia de ERC tiene una contrapartida negativa. La de romper la nueva v\u00eda que parec\u00eda rentable iniciada por Trias. Seguramente desde este punto de vista a JxCat, pensando en el futuro y la voluntad de ganar unas elecciones catalanas, le sal\u00eda m\u00e1s a cuenta aprovechar la ocasi\u00f3n para intentar configurar un bloque que volviera a reunir las partes fragmentadas de la antigua Converg\u00e8ncia, con el PDeCAT, el Partit Nacionalista de Catalunya de Marta Pascal y los peque\u00f1os grupos de opini\u00f3n que existen. Pero ese camino a quien no le interesa tanto es a Puigdemont que debe velar por mantener viva una alica\u00edda llama independentista. Tambi\u00e9n pueden pensar \u00e9l y Junqueras que contra un gobierno del PSOE vivir\u00e1n mejor 4 a\u00f1os porque les facilitar\u00e1 el resurgimiento de las reivindicaciones. Este escenario plantea graves problemas de fondo en la realidad catalana que est\u00e1 muy tocada. Una manifestaci\u00f3n patente de esta situaci\u00f3n es la alarma que formul\u00f3 el C\u00edrculo de Econom\u00eda constatando la evidencia del estancamiento de la econom\u00eda catalana que Aragon\u00e9s irracionalmente se neg\u00f3 a reconocer. Este problema se multiplica por el progresivo envejecimiento de la poblaci\u00f3n y su sustituci\u00f3n por inmigrantes que alimentan una estructura productiva de reducida productividad, situ\u00e1ndonos en un c\u00edrculo vicioso, que no porque sea com\u00fan en Espa\u00f1a debe constituir este hecho un consuelo. Si en Catalunya, bien por la v\u00eda socialista, bien por la v\u00eda independentista, se trabaja en la idea de ser los arietes de un futuro gobierno del PP significa que una legislatura m\u00e1s perderemos el abordaje de cuestiones clave, entre ellas la de la financiaci\u00f3n o, como se\u00f1alaba Fomento, el d\u00e9ficit inversor en infraestructuras de Catalunya que valoraba en la considerable cifra de 40.000 millones. Con los actuales protagonistas parece dif\u00edcil salir de ese escenario en el que pronto llevaremos perdidos m\u00e1s de una d\u00e9cada, que se dice pronto, y que cada vez nos aleja m\u00e1s de equipararnos con la UE. Sin embargo, el n\u00facleo de opini\u00f3n que gira en torno a los centros de las \u00e9lites, La Vanguardia y TV3, siguen situados en esta tesitura que oscila entre el frontismo socialista y el frontismo independentista en relaci\u00f3n con el gobierno espa\u00f1ol, si este es del PP. Hasta el extremo de que hay comentaristas que presentan al PSC como el partido que contribuy\u00f3 decisivamente, y sigue haci\u00e9ndolo, a elevar a S\u00e1nchez como una esperanza y como un instrumento que hace a la vez de \u00abr\u00f3tula y de airbag\u00bb. En estos t\u00e9rminos est\u00e1 garantizado que no afloren los problemas de fondo de Catalunya y que ni siquiera se aborden aquellos que son evidentes. &nbsp;<\/p>\n","protected":false},"author":78,"featured_media":68107,"comment_status":"open","ping_status":"open","sticky":false,"template":"","format":"standard","meta":{"_FSMCFIC_featured_image_caption":"","_FSMCFIC_featured_image_nocaption":"","_FSMCFIC_featured_image_hide":"","footnotes":""},"categories":[806],"tags":[4996,4995],"class_list":["post-68112","post","type-post","status-publish","format-standard","has-post-thumbnail","hentry","category-punts-claus-del-dia-es","tag-elecciones-23-j","tag-eleccions-23-j-es"],"yoast_head":"<!-- This site is optimized with the Yoast SEO plugin v26.8 - https:\/\/yoast.com\/product\/yoast-seo-wordpress\/ -->\n<title>Elecciones 23 de Julio. Perspectiva desde Catalunya - Converses a Catalunya<\/title>\n<meta name=\"description\" content=\"Elecciones 23 de Julio desde Catalunya. La carta electoral de Catalunya es fundamental porque es el segundo territorio en n\u00famero de esca\u00f1os\" \/>\n<meta name=\"robots\" content=\"index, follow, max-snippet:-1, max-image-preview:large, max-video-preview:-1\" \/>\n<link rel=\"canonical\" href=\"https:\/\/conversesacatalunya.cat\/es\/elecciones-23-julio-perspectiva-desde-catalunya\/\" \/>\n<meta property=\"og:locale\" content=\"es_ES\" \/>\n<meta property=\"og:type\" content=\"article\" \/>\n<meta property=\"og:title\" content=\"Elecciones 23 de Julio. Perspectiva desde Catalunya - Converses a Catalunya\" \/>\n<meta property=\"og:description\" content=\"Elecciones 23 de Julio desde Catalunya. La carta electoral de Catalunya es fundamental porque es el segundo territorio en n\u00famero de esca\u00f1os\" \/>\n<meta property=\"og:url\" content=\"https:\/\/conversesacatalunya.cat\/es\/elecciones-23-julio-perspectiva-desde-catalunya\/\" \/>\n<meta property=\"og:site_name\" content=\"Converses a Catalunya\" \/>\n<meta property=\"article:published_time\" content=\"2023-06-07T11:21:46+00:00\" \/>\n<meta property=\"og:image\" content=\"https:\/\/conversesacatalunya.cat\/wp-content\/uploads\/2023\/06\/generales-23.png_2125499870.png\" \/>\n\t<meta property=\"og:image:width\" content=\"600\" \/>\n\t<meta property=\"og:image:height\" content=\"260\" \/>\n\t<meta property=\"og:image:type\" content=\"image\/png\" \/>\n<meta name=\"author\" content=\"Joan Masip\" \/>\n<meta name=\"twitter:card\" content=\"summary_large_image\" \/>\n<meta name=\"twitter:label1\" content=\"Escrito por\" \/>\n\t<meta name=\"twitter:data1\" content=\"Joan Masip\" \/>\n\t<meta name=\"twitter:label2\" content=\"Tiempo de lectura\" \/>\n\t<meta name=\"twitter:data2\" content=\"5 minutos\" \/>\n<script type=\"application\/ld+json\" class=\"yoast-schema-graph\">{\"@context\":\"https:\/\/schema.org\",\"@graph\":[{\"@type\":\"Article\",\"@id\":\"https:\/\/conversesacatalunya.cat\/es\/elecciones-23-julio-perspectiva-desde-catalunya\/#article\",\"isPartOf\":{\"@id\":\"https:\/\/conversesacatalunya.cat\/es\/elecciones-23-julio-perspectiva-desde-catalunya\/\"},\"author\":{\"name\":\"Joan Masip\",\"@id\":\"https:\/\/conversesacatalunya.cat\/#\/schema\/person\/311d0bf53def217d5124c78a7bc42275\"},\"headline\":\"Elecciones 23 de Julio. Perspectiva desde Catalunya\",\"datePublished\":\"2023-06-07T11:21:46+00:00\",\"mainEntityOfPage\":{\"@id\":\"https:\/\/conversesacatalunya.cat\/es\/elecciones-23-julio-perspectiva-desde-catalunya\/\"},\"wordCount\":944,\"commentCount\":0,\"image\":{\"@id\":\"https:\/\/conversesacatalunya.cat\/es\/elecciones-23-julio-perspectiva-desde-catalunya\/#primaryimage\"},\"thumbnailUrl\":\"https:\/\/conversesacatalunya.cat\/wp-content\/uploads\/2023\/06\/generales-23.png_2125499870.png\",\"keywords\":[\"elecciones 23-J\",\"eleccions 23-J\"],\"articleSection\":[\"Punts clau del dia (ES)\"],\"inLanguage\":\"es\",\"potentialAction\":[{\"@type\":\"CommentAction\",\"name\":\"Comment\",\"target\":[\"https:\/\/conversesacatalunya.cat\/es\/elecciones-23-julio-perspectiva-desde-catalunya\/#respond\"]}]},{\"@type\":\"WebPage\",\"@id\":\"https:\/\/conversesacatalunya.cat\/es\/elecciones-23-julio-perspectiva-desde-catalunya\/\",\"url\":\"https:\/\/conversesacatalunya.cat\/es\/elecciones-23-julio-perspectiva-desde-catalunya\/\",\"name\":\"Elecciones 23 de Julio. Perspectiva desde Catalunya - Converses a Catalunya\",\"isPartOf\":{\"@id\":\"https:\/\/conversesacatalunya.cat\/#website\"},\"primaryImageOfPage\":{\"@id\":\"https:\/\/conversesacatalunya.cat\/es\/elecciones-23-julio-perspectiva-desde-catalunya\/#primaryimage\"},\"image\":{\"@id\":\"https:\/\/conversesacatalunya.cat\/es\/elecciones-23-julio-perspectiva-desde-catalunya\/#primaryimage\"},\"thumbnailUrl\":\"https:\/\/conversesacatalunya.cat\/wp-content\/uploads\/2023\/06\/generales-23.png_2125499870.png\",\"datePublished\":\"2023-06-07T11:21:46+00:00\",\"author\":{\"@id\":\"https:\/\/conversesacatalunya.cat\/#\/schema\/person\/311d0bf53def217d5124c78a7bc42275\"},\"description\":\"Elecciones 23 de Julio desde Catalunya. La carta electoral de Catalunya es fundamental porque es el segundo territorio en n\u00famero de esca\u00f1os\",\"breadcrumb\":{\"@id\":\"https:\/\/conversesacatalunya.cat\/es\/elecciones-23-julio-perspectiva-desde-catalunya\/#breadcrumb\"},\"inLanguage\":\"es\",\"potentialAction\":[{\"@type\":\"ReadAction\",\"target\":[\"https:\/\/conversesacatalunya.cat\/es\/elecciones-23-julio-perspectiva-desde-catalunya\/\"]}]},{\"@type\":\"ImageObject\",\"inLanguage\":\"es\",\"@id\":\"https:\/\/conversesacatalunya.cat\/es\/elecciones-23-julio-perspectiva-desde-catalunya\/#primaryimage\",\"url\":\"https:\/\/conversesacatalunya.cat\/wp-content\/uploads\/2023\/06\/generales-23.png_2125499870.png\",\"contentUrl\":\"https:\/\/conversesacatalunya.cat\/wp-content\/uploads\/2023\/06\/generales-23.png_2125499870.png\",\"width\":600,\"height\":260,\"caption\":\"Eleccions 23 juliol Catalunya\"},{\"@type\":\"BreadcrumbList\",\"@id\":\"https:\/\/conversesacatalunya.cat\/es\/elecciones-23-julio-perspectiva-desde-catalunya\/#breadcrumb\",\"itemListElement\":[{\"@type\":\"ListItem\",\"position\":1,\"name\":\"Inici\",\"item\":\"https:\/\/conversesacatalunya.cat\/es\/\"},{\"@type\":\"ListItem\",\"position\":2,\"name\":\"Elecciones 23 de Julio. Perspectiva desde Catalunya\"}]},{\"@type\":\"WebSite\",\"@id\":\"https:\/\/conversesacatalunya.cat\/#website\",\"url\":\"https:\/\/conversesacatalunya.cat\/\",\"name\":\"Converses a Catalunya\",\"description\":\"\",\"potentialAction\":[{\"@type\":\"SearchAction\",\"target\":{\"@type\":\"EntryPoint\",\"urlTemplate\":\"https:\/\/conversesacatalunya.cat\/?s={search_term_string}\"},\"query-input\":{\"@type\":\"PropertyValueSpecification\",\"valueRequired\":true,\"valueName\":\"search_term_string\"}}],\"inLanguage\":\"es\"},{\"@type\":\"Person\",\"@id\":\"https:\/\/conversesacatalunya.cat\/#\/schema\/person\/311d0bf53def217d5124c78a7bc42275\",\"name\":\"Joan Masip\",\"image\":{\"@type\":\"ImageObject\",\"inLanguage\":\"es\",\"@id\":\"https:\/\/conversesacatalunya.cat\/#\/schema\/person\/image\/\",\"url\":\"https:\/\/conversesacatalunya.cat\/wp-content\/litespeed\/avatar\/fa67b994763cff7d443f54b63ec96481.jpg?ver=1777372547\",\"contentUrl\":\"https:\/\/conversesacatalunya.cat\/wp-content\/litespeed\/avatar\/fa67b994763cff7d443f54b63ec96481.jpg?ver=1777372547\",\"caption\":\"Joan Masip\"},\"url\":\"https:\/\/conversesacatalunya.cat\/es\/author\/joan-masip\/\"}]}<\/script>\n<!-- \/ Yoast SEO plugin. -->","yoast_head_json":{"title":"Elecciones 23 de Julio. Perspectiva desde Catalunya - Converses a Catalunya","description":"Elecciones 23 de Julio desde Catalunya. La carta electoral de Catalunya es fundamental porque es el segundo territorio en n\u00famero de esca\u00f1os","robots":{"index":"index","follow":"follow","max-snippet":"max-snippet:-1","max-image-preview":"max-image-preview:large","max-video-preview":"max-video-preview:-1"},"canonical":"https:\/\/conversesacatalunya.cat\/es\/elecciones-23-julio-perspectiva-desde-catalunya\/","og_locale":"es_ES","og_type":"article","og_title":"Elecciones 23 de Julio. Perspectiva desde Catalunya - Converses a Catalunya","og_description":"Elecciones 23 de Julio desde Catalunya. La carta electoral de Catalunya es fundamental porque es el segundo territorio en n\u00famero de esca\u00f1os","og_url":"https:\/\/conversesacatalunya.cat\/es\/elecciones-23-julio-perspectiva-desde-catalunya\/","og_site_name":"Converses a Catalunya","article_published_time":"2023-06-07T11:21:46+00:00","og_image":[{"width":600,"height":260,"url":"https:\/\/conversesacatalunya.cat\/wp-content\/uploads\/2023\/06\/generales-23.png_2125499870.png","type":"image\/png"}],"author":"Joan Masip","twitter_card":"summary_large_image","twitter_misc":{"Escrito por":"Joan Masip","Tiempo de lectura":"5 minutos"},"schema":{"@context":"https:\/\/schema.org","@graph":[{"@type":"Article","@id":"https:\/\/conversesacatalunya.cat\/es\/elecciones-23-julio-perspectiva-desde-catalunya\/#article","isPartOf":{"@id":"https:\/\/conversesacatalunya.cat\/es\/elecciones-23-julio-perspectiva-desde-catalunya\/"},"author":{"name":"Joan Masip","@id":"https:\/\/conversesacatalunya.cat\/#\/schema\/person\/311d0bf53def217d5124c78a7bc42275"},"headline":"Elecciones 23 de Julio. Perspectiva desde Catalunya","datePublished":"2023-06-07T11:21:46+00:00","mainEntityOfPage":{"@id":"https:\/\/conversesacatalunya.cat\/es\/elecciones-23-julio-perspectiva-desde-catalunya\/"},"wordCount":944,"commentCount":0,"image":{"@id":"https:\/\/conversesacatalunya.cat\/es\/elecciones-23-julio-perspectiva-desde-catalunya\/#primaryimage"},"thumbnailUrl":"https:\/\/conversesacatalunya.cat\/wp-content\/uploads\/2023\/06\/generales-23.png_2125499870.png","keywords":["elecciones 23-J","eleccions 23-J"],"articleSection":["Punts clau del dia (ES)"],"inLanguage":"es","potentialAction":[{"@type":"CommentAction","name":"Comment","target":["https:\/\/conversesacatalunya.cat\/es\/elecciones-23-julio-perspectiva-desde-catalunya\/#respond"]}]},{"@type":"WebPage","@id":"https:\/\/conversesacatalunya.cat\/es\/elecciones-23-julio-perspectiva-desde-catalunya\/","url":"https:\/\/conversesacatalunya.cat\/es\/elecciones-23-julio-perspectiva-desde-catalunya\/","name":"Elecciones 23 de Julio. Perspectiva desde Catalunya - Converses a Catalunya","isPartOf":{"@id":"https:\/\/conversesacatalunya.cat\/#website"},"primaryImageOfPage":{"@id":"https:\/\/conversesacatalunya.cat\/es\/elecciones-23-julio-perspectiva-desde-catalunya\/#primaryimage"},"image":{"@id":"https:\/\/conversesacatalunya.cat\/es\/elecciones-23-julio-perspectiva-desde-catalunya\/#primaryimage"},"thumbnailUrl":"https:\/\/conversesacatalunya.cat\/wp-content\/uploads\/2023\/06\/generales-23.png_2125499870.png","datePublished":"2023-06-07T11:21:46+00:00","author":{"@id":"https:\/\/conversesacatalunya.cat\/#\/schema\/person\/311d0bf53def217d5124c78a7bc42275"},"description":"Elecciones 23 de Julio desde Catalunya. La carta electoral de Catalunya es fundamental porque es el segundo territorio en n\u00famero de esca\u00f1os","breadcrumb":{"@id":"https:\/\/conversesacatalunya.cat\/es\/elecciones-23-julio-perspectiva-desde-catalunya\/#breadcrumb"},"inLanguage":"es","potentialAction":[{"@type":"ReadAction","target":["https:\/\/conversesacatalunya.cat\/es\/elecciones-23-julio-perspectiva-desde-catalunya\/"]}]},{"@type":"ImageObject","inLanguage":"es","@id":"https:\/\/conversesacatalunya.cat\/es\/elecciones-23-julio-perspectiva-desde-catalunya\/#primaryimage","url":"https:\/\/conversesacatalunya.cat\/wp-content\/uploads\/2023\/06\/generales-23.png_2125499870.png","contentUrl":"https:\/\/conversesacatalunya.cat\/wp-content\/uploads\/2023\/06\/generales-23.png_2125499870.png","width":600,"height":260,"caption":"Eleccions 23 juliol Catalunya"},{"@type":"BreadcrumbList","@id":"https:\/\/conversesacatalunya.cat\/es\/elecciones-23-julio-perspectiva-desde-catalunya\/#breadcrumb","itemListElement":[{"@type":"ListItem","position":1,"name":"Inici","item":"https:\/\/conversesacatalunya.cat\/es\/"},{"@type":"ListItem","position":2,"name":"Elecciones 23 de Julio. Perspectiva desde Catalunya"}]},{"@type":"WebSite","@id":"https:\/\/conversesacatalunya.cat\/#website","url":"https:\/\/conversesacatalunya.cat\/","name":"Converses a Catalunya","description":"","potentialAction":[{"@type":"SearchAction","target":{"@type":"EntryPoint","urlTemplate":"https:\/\/conversesacatalunya.cat\/?s={search_term_string}"},"query-input":{"@type":"PropertyValueSpecification","valueRequired":true,"valueName":"search_term_string"}}],"inLanguage":"es"},{"@type":"Person","@id":"https:\/\/conversesacatalunya.cat\/#\/schema\/person\/311d0bf53def217d5124c78a7bc42275","name":"Joan Masip","image":{"@type":"ImageObject","inLanguage":"es","@id":"https:\/\/conversesacatalunya.cat\/#\/schema\/person\/image\/","url":"https:\/\/conversesacatalunya.cat\/wp-content\/litespeed\/avatar\/fa67b994763cff7d443f54b63ec96481.jpg?ver=1777372547","contentUrl":"https:\/\/conversesacatalunya.cat\/wp-content\/litespeed\/avatar\/fa67b994763cff7d443f54b63ec96481.jpg?ver=1777372547","caption":"Joan Masip"},"url":"https:\/\/conversesacatalunya.cat\/es\/author\/joan-masip\/"}]}},"wps_subtitle":"La carta electoral de Catalunya es fundamental porque es el segundo territorio en n\u00famero de esca\u00f1os","_links":{"self":[{"href":"https:\/\/conversesacatalunya.cat\/es\/wp-json\/wp\/v2\/posts\/68112","targetHints":{"allow":["GET"]}}],"collection":[{"href":"https:\/\/conversesacatalunya.cat\/es\/wp-json\/wp\/v2\/posts"}],"about":[{"href":"https:\/\/conversesacatalunya.cat\/es\/wp-json\/wp\/v2\/types\/post"}],"author":[{"embeddable":true,"href":"https:\/\/conversesacatalunya.cat\/es\/wp-json\/wp\/v2\/users\/78"}],"replies":[{"embeddable":true,"href":"https:\/\/conversesacatalunya.cat\/es\/wp-json\/wp\/v2\/comments?post=68112"}],"version-history":[{"count":3,"href":"https:\/\/conversesacatalunya.cat\/es\/wp-json\/wp\/v2\/posts\/68112\/revisions"}],"predecessor-version":[{"id":68116,"href":"https:\/\/conversesacatalunya.cat\/es\/wp-json\/wp\/v2\/posts\/68112\/revisions\/68116"}],"wp:featuredmedia":[{"embeddable":true,"href":"https:\/\/conversesacatalunya.cat\/es\/wp-json\/wp\/v2\/media\/68107"}],"wp:attachment":[{"href":"https:\/\/conversesacatalunya.cat\/es\/wp-json\/wp\/v2\/media?parent=68112"}],"wp:term":[{"taxonomy":"category","embeddable":true,"href":"https:\/\/conversesacatalunya.cat\/es\/wp-json\/wp\/v2\/categories?post=68112"},{"taxonomy":"post_tag","embeddable":true,"href":"https:\/\/conversesacatalunya.cat\/es\/wp-json\/wp\/v2\/tags?post=68112"}],"curies":[{"name":"wp","href":"https:\/\/api.w.org\/{rel}","templated":true}]}}