{"id":68025,"date":"2023-06-06T13:42:58","date_gmt":"2023-06-06T11:42:58","guid":{"rendered":"https:\/\/conversesacatalunya.cat\/?p=68025"},"modified":"2023-06-06T13:42:58","modified_gmt":"2023-06-06T11:42:58","slug":"la-vanguardia-contra-la-derecha","status":"publish","type":"post","link":"https:\/\/conversesacatalunya.cat\/es\/la-vanguardia-contra-la-derecha\/","title":{"rendered":"La Vanguardia contra la derecha"},"content":{"rendered":"<p>El peri\u00f3dico<strong> La Vanguardia ha sido, junto con el Bar\u00e7a i la Caixa<\/strong>, una de las tres grandes instituciones de la sociedad civil catalana. Cada una, como es l\u00f3gico, con sus peculiaridades porque responden a \u00e1mbitos radicalmente distintos.<\/p>\n<p>Hoy estos perfiles han quedado m\u00e1s o menos difuminados con el paso del tiempo, si bien en el caso de<strong> la Caixa<\/strong> su esencia se mantiene en la Fundaci\u00f3n que realiza una obra social extraordinaria.<\/p>\n<p><strong>La Vanguardia<\/strong> siempre fue un peri\u00f3dico ponderado que tiende a ser amable con el color del poder, el del Ayuntamiento, de la Generalitat i por descontado el del gobierno espa\u00f1ol. Pero este hecho no desprestigiaba su car\u00e1cter institucional, porque digamos que practicaba una simpat\u00eda hacia el poder <strong>en t\u00e9rminos muy ponderados<\/strong> y con una notable<strong> pluralidad interna<\/strong> con una orientaci\u00f3n resultante de lo que simplificando podemos calificar seg\u00fan la \u00e9poca de centrada o de centroderecha.<\/p>\n<p>Cuando se deb\u00eda acometer un reajuste importante de l\u00ednea en relaci\u00f3n con el gran poder, que siempre ha sido el del gobierno del estado, porque hab\u00eda cambiado sustancialmente el ciclo pol\u00edtico,<strong> se acud\u00eda a cambiar el director,<\/strong> y tema resuelto.<\/p>\n<p>Pero con el paso del tiempo y en \u00e9poca ya muy recientes, <strong>La Vanguardia ha ido modificando aquellos planteamientos internos<\/strong>, y ya en tiempos de S\u00e1nchez, si bien la transformaci\u00f3n comienza con Rodr\u00edguez Zapatero, el peri\u00f3dico ha ido derivando hasta construir un marco de referencia que tiene m\u00e1s puntos de contacto con el diario emblem\u00e1tico de la progres\u00eda espa\u00f1ola, <strong>El Pa\u00eds<\/strong>, que con La Vanguardia de toda la vida.<\/p>\n<p>Es evidente que hoy es uno de los peri\u00f3dicos que<strong> m\u00e1s p\u00e1ginas dedican a luchar contra<\/strong> el machismo, el patriarcado, a promover la ideolog\u00eda de g\u00e9nero, dedicando una atenci\u00f3n ins\u00f3lita a temas sexuales en dobles p\u00e1ginas centrales.<\/p>\n<p>Pero lo m\u00e1s sorprendente de estos \u00faltimos d\u00edas, es que a pesar que se percibe un cambio de gobierno en Madrid, aunque ni mucho menos est\u00e9 asimilado, <strong>el peri\u00f3dico ha pasado a un alineamiento total con la reciente y m\u00e1s beligerante <a href=\"https:\/\/conversesacatalunya.cat\/es\/el-discurso-totalitario-de-sanchez\/\" target=\"_blank\" rel=\"noopener\">estrategia de S\u00e1nchez<\/a><\/strong> de descalificar totalmente a todo lo que est\u00e1 a su derecha convirtiendo al PP en \u201cderecha extrema\u201d.<\/p>\n<p><strong>La Vanguardia, en su editorial del 5 de junio<\/strong>, con el expl\u00edcito t\u00edtulo de \u201cLa derecha europea se revitaliza\u201d hace una interpretaci\u00f3n que construye un marco de referencia que viene a dar la raz\u00f3n a <strong>S\u00e1nchez<\/strong> y que uno de los m\u00e1s finos periodistas de La Vanguardia,<strong> Enric Juliana<\/strong>, perciba. El diario define que en toda Europa la derecha se est\u00e1 convirtiendo en extrema derecha y Juliana pone en valor la importancia en este contexto del triunfo de S\u00e1nchez, le otorga un valor a\u00f1adido.<\/p>\n<h4><strong>La frase destacada de la editorial lo dice todo: \u201dpartidos conservadores de diversos pa\u00edses se acercan a los postulados de extrema derecha\u201d. <\/strong><\/h4>\n<p>En realidad lo que est\u00e1 pasando en Europa es que hay una serie de cuestiones que deliberadamente se han ido arrinconando y como constituyen problemas para la gente normal van emergiendo. Pueden ser la seguridad, la inmigraci\u00f3n que no ha encontrado una buena respuesta todav\u00eda. Puede tratarse de las reivindicaciones de valores morales e instituciones que han configurado Europa. El sentido de naci\u00f3n, el matrimonio, la familia, los derechos de los padres y la patria potestad, etc.<\/p>\n<p>Se podr\u00eda enfocar por este otro lado, indagar por qu\u00e9 una parte de la pol\u00edtica europea se sit\u00faa en torno a estas cuestiones de una manera distinta a como ha venido pasando hasta ahora. Y la respuesta resultar\u00eda muy evidente: porqu\u00e9 el electorado reclama esta atenci\u00f3n, pero <strong>como no encaja en el imaginario progresista<\/strong> ocuparse de estos temas se transforma autom\u00e1ticamente en ser un radical de derechas o peor todav\u00eda.<\/p>\n<blockquote><p><strong>Las soluciones ser\u00e1n distintas entre unos y otros, pero no se tratar\u00e1 de una pel\u00edcula entre bondadosos elfos y tremebundos seres malignos<\/strong><\/p><\/blockquote>\n<p>Que los medios de comunicaci\u00f3n opten por una opci\u00f3n pol\u00edtica es perfectamente leg\u00edtimo. Lo que ya no es tan positivo es que se alineen con planteamientos que descalifican absolutamente al adversario. Lo que <strong>hace inviable la l\u00f3gica democr\u00e1tica<\/strong> que se basa en la igualdad de derechos para alternarse en el poder. Las soluciones ser\u00e1n distintas entre unos y otros, pero no se tratar\u00e1 de una pel\u00edcula entre bondadosos elfos y tremebundos seres malignos.<\/p>\n<p>Por eso el gran servicio que podr\u00eda hacer La Vanguardia hoy en la tradici\u00f3n de sus mejores momentos ser\u00eda recoger lo que en este mismo peri\u00f3dico declaraba en una entrevista <strong>el premio nobel de econom\u00eda Finn Kydland<\/strong> en el sentido que lo que permit\u00eda el progreso econ\u00f3mico y social de los pa\u00edses era la construcci\u00f3n de grandes consensos en aquello que es decisivo\u00a0 a largo plazo y la existencia de instituciones independientes de quienes gobiernen en cada momento.<\/p>\n<p>Kydland, que gan\u00f3 el premio nobel precisamente con su teor\u00eda de la consistencia temporal, sostiene y demuestra que van bien aquellos pa\u00edses que son predecibles a largo plazo porque tienen pol\u00edticas que se desarrollan en este \u00e1mbito y no a base de bandazos. Es decir, todo lo contrario de lo que sucede en Espa\u00f1a.<\/p>\n<p>La recuperaci\u00f3n de La Vanguardia pasar\u00eda por recuperar este gran servicio de reconstrucci\u00f3n de la voluntad de consenso y de sus ventajas y no en el alineamiento en uno de los dos bloques enfrentados que basan su acci\u00f3n pol\u00edtica en la descalificaci\u00f3n absoluta del adversario.<\/p>\n<p>Promover esta tarea, estimular la existencia de instituciones independientes y asegurar en su seno, como gran peri\u00f3dico, el pluralismo necesario para enriquecer aquella perspectiva desde posiciones distintitas pero que coinciden en practicar la argumentaci\u00f3n racional, significar\u00eda <strong>recuperar en un momento de gran necesidad lo mejor de lo que ha sido la historia de este peri\u00f3dico.<\/strong><\/p>\n<span class='bctt-click-to-tweet'><span class='bctt-ctt-text'><a href='https:\/\/twitter.com\/intent\/tweet?url=https%3A%2F%2Fconversesacatalunya.cat%2Fes%2Fla-vanguardia-contra-la-derecha%2F&#038;text=La%20Vanguardia%20siempre%20fue%20un%20peri%C3%B3dico%20ponderado%20que%20tiende%20a%20ser%20amable%20con%20el%20color%20del%20poder%2C%20el%20del%20Ayuntamiento%2C%20de%20la%20Generalitat%20i%20por%20descontado%20el%20del%20gobierno%20espa%C3%B1ol&#038;via=conversesacat&#038;related=conversesacat' target='_blank'rel=\"noopener noreferrer\">La Vanguardia siempre fue un peri\u00f3dico ponderado que tiende a ser amable con el color del poder, el del Ayuntamiento, de la Generalitat i por descontado el del gobierno espa\u00f1ol <\/a><\/span><a href='https:\/\/twitter.com\/intent\/tweet?url=https%3A%2F%2Fconversesacatalunya.cat%2Fes%2Fla-vanguardia-contra-la-derecha%2F&#038;text=La%20Vanguardia%20siempre%20fue%20un%20peri%C3%B3dico%20ponderado%20que%20tiende%20a%20ser%20amable%20con%20el%20color%20del%20poder%2C%20el%20del%20Ayuntamiento%2C%20de%20la%20Generalitat%20i%20por%20descontado%20el%20del%20gobierno%20espa%C3%B1ol&#038;via=conversesacat&#038;related=conversesacat' target='_blank' class='bctt-ctt-btn'rel=\"noopener noreferrer\">Compartir en X<\/a><\/span>\n<p>&nbsp;<\/p>\n","protected":false},"excerpt":{"rendered":"<p>El peri\u00f3dico La Vanguardia ha sido, junto con el Bar\u00e7a i la Caixa, una de las tres grandes instituciones de la sociedad civil catalana. Cada una, como es l\u00f3gico, con sus peculiaridades porque responden a \u00e1mbitos radicalmente distintos. Hoy estos perfiles han quedado m\u00e1s o menos difuminados con el paso del tiempo, si bien en el caso de la Caixa su esencia se mantiene en la Fundaci\u00f3n que realiza una obra social extraordinaria. La Vanguardia siempre fue un peri\u00f3dico ponderado que tiende a ser amable con el color del poder, el del Ayuntamiento, de la Generalitat i por descontado el del gobierno espa\u00f1ol. Pero este hecho no desprestigiaba su car\u00e1cter institucional, porque digamos que practicaba una simpat\u00eda hacia el poder en t\u00e9rminos muy ponderados y con una notable pluralidad interna con una orientaci\u00f3n resultante de lo que simplificando podemos calificar seg\u00fan la \u00e9poca de centrada o de centroderecha. Cuando se deb\u00eda acometer un reajuste importante de l\u00ednea en relaci\u00f3n con el gran poder, que siempre ha sido el del gobierno del estado, porque hab\u00eda cambiado sustancialmente el ciclo pol\u00edtico, se acud\u00eda a cambiar el director, y tema resuelto. Pero con el paso del tiempo y en \u00e9poca ya muy recientes, La Vanguardia ha ido modificando aquellos planteamientos internos, y ya en tiempos de S\u00e1nchez, si bien la transformaci\u00f3n comienza con Rodr\u00edguez Zapatero, el peri\u00f3dico ha ido derivando hasta construir un marco de referencia que tiene m\u00e1s puntos de contacto con el diario emblem\u00e1tico de la progres\u00eda espa\u00f1ola, El Pa\u00eds, que con La Vanguardia de toda la vida. Es evidente que hoy es uno de los peri\u00f3dicos que m\u00e1s p\u00e1ginas dedican a luchar contra el machismo, el patriarcado, a promover la ideolog\u00eda de g\u00e9nero, dedicando una atenci\u00f3n ins\u00f3lita a temas sexuales en dobles p\u00e1ginas centrales. Pero lo m\u00e1s sorprendente de estos \u00faltimos d\u00edas, es que a pesar que se percibe un cambio de gobierno en Madrid, aunque ni mucho menos est\u00e9 asimilado, el peri\u00f3dico ha pasado a un alineamiento total con la reciente y m\u00e1s beligerante estrategia de S\u00e1nchez de descalificar totalmente a todo lo que est\u00e1 a su derecha convirtiendo al PP en \u201cderecha extrema\u201d. La Vanguardia, en su editorial del 5 de junio, con el expl\u00edcito t\u00edtulo de \u201cLa derecha europea se revitaliza\u201d hace una interpretaci\u00f3n que construye un marco de referencia que viene a dar la raz\u00f3n a S\u00e1nchez y que uno de los m\u00e1s finos periodistas de La Vanguardia, Enric Juliana, perciba. El diario define que en toda Europa la derecha se est\u00e1 convirtiendo en extrema derecha y Juliana pone en valor la importancia en este contexto del triunfo de S\u00e1nchez, le otorga un valor a\u00f1adido. La frase destacada de la editorial lo dice todo: \u201dpartidos conservadores de diversos pa\u00edses se acercan a los postulados de extrema derecha\u201d. En realidad lo que est\u00e1 pasando en Europa es que hay una serie de cuestiones que deliberadamente se han ido arrinconando y como constituyen problemas para la gente normal van emergiendo. Pueden ser la seguridad, la inmigraci\u00f3n que no ha encontrado una buena respuesta todav\u00eda. Puede tratarse de las reivindicaciones de valores morales e instituciones que han configurado Europa. El sentido de naci\u00f3n, el matrimonio, la familia, los derechos de los padres y la patria potestad, etc. Se podr\u00eda enfocar por este otro lado, indagar por qu\u00e9 una parte de la pol\u00edtica europea se sit\u00faa en torno a estas cuestiones de una manera distinta a como ha venido pasando hasta ahora. Y la respuesta resultar\u00eda muy evidente: porqu\u00e9 el electorado reclama esta atenci\u00f3n, pero como no encaja en el imaginario progresista ocuparse de estos temas se transforma autom\u00e1ticamente en ser un radical de derechas o peor todav\u00eda. Las soluciones ser\u00e1n distintas entre unos y otros, pero no se tratar\u00e1 de una pel\u00edcula entre bondadosos elfos y tremebundos seres malignos Que los medios de comunicaci\u00f3n opten por una opci\u00f3n pol\u00edtica es perfectamente leg\u00edtimo. Lo que ya no es tan positivo es que se alineen con planteamientos que descalifican absolutamente al adversario. Lo que hace inviable la l\u00f3gica democr\u00e1tica que se basa en la igualdad de derechos para alternarse en el poder. Las soluciones ser\u00e1n distintas entre unos y otros, pero no se tratar\u00e1 de una pel\u00edcula entre bondadosos elfos y tremebundos seres malignos. Por eso el gran servicio que podr\u00eda hacer La Vanguardia hoy en la tradici\u00f3n de sus mejores momentos ser\u00eda recoger lo que en este mismo peri\u00f3dico declaraba en una entrevista el premio nobel de econom\u00eda Finn Kydland en el sentido que lo que permit\u00eda el progreso econ\u00f3mico y social de los pa\u00edses era la construcci\u00f3n de grandes consensos en aquello que es decisivo\u00a0 a largo plazo y la existencia de instituciones independientes de quienes gobiernen en cada momento. Kydland, que gan\u00f3 el premio nobel precisamente con su teor\u00eda de la consistencia temporal, sostiene y demuestra que van bien aquellos pa\u00edses que son predecibles a largo plazo porque tienen pol\u00edticas que se desarrollan en este \u00e1mbito y no a base de bandazos. Es decir, todo lo contrario de lo que sucede en Espa\u00f1a. La recuperaci\u00f3n de La Vanguardia pasar\u00eda por recuperar este gran servicio de reconstrucci\u00f3n de la voluntad de consenso y de sus ventajas y no en el alineamiento en uno de los dos bloques enfrentados que basan su acci\u00f3n pol\u00edtica en la descalificaci\u00f3n absoluta del adversario. Promover esta tarea, estimular la existencia de instituciones independientes y asegurar en su seno, como gran peri\u00f3dico, el pluralismo necesario para enriquecer aquella perspectiva desde posiciones distintitas pero que coinciden en practicar la argumentaci\u00f3n racional, significar\u00eda recuperar en un momento de gran necesidad lo mejor de lo que ha sido la historia de este peri\u00f3dico. &nbsp;<\/p>\n","protected":false},"author":78,"featured_media":68031,"comment_status":"open","ping_status":"open","sticky":false,"template":"","format":"standard","meta":{"_FSMCFIC_featured_image_caption":"","_FSMCFIC_featured_image_nocaption":"","_FSMCFIC_featured_image_hide":"","footnotes":""},"categories":[806],"tags":[1117],"class_list":["post-68025","post","type-post","status-publish","format-standard","has-post-thumbnail","hentry","category-punts-claus-del-dia-es","tag-sanchez-es"],"yoast_head":"<!-- This site is optimized with the Yoast SEO plugin v26.8 - https:\/\/yoast.com\/product\/yoast-seo-wordpress\/ -->\n<title>La Vanguardia contra la derecha - Converses a Catalunya<\/title>\n<meta name=\"description\" content=\"La Vanguardia, en su editorial del 5 de junio, con el expl\u00edcito t\u00edtulo de \u201cLa derecha europea se revitaliza\u201d hace una interpretaci\u00f3n que\" \/>\n<meta name=\"robots\" content=\"index, follow, max-snippet:-1, max-image-preview:large, max-video-preview:-1\" \/>\n<link rel=\"canonical\" href=\"https:\/\/conversesacatalunya.cat\/es\/la-vanguardia-contra-la-derecha\/\" \/>\n<meta property=\"og:locale\" content=\"es_ES\" \/>\n<meta property=\"og:type\" content=\"article\" \/>\n<meta property=\"og:title\" content=\"La Vanguardia contra la derecha - Converses a Catalunya\" \/>\n<meta property=\"og:description\" content=\"La Vanguardia, en su editorial del 5 de junio, con el expl\u00edcito t\u00edtulo de \u201cLa derecha europea se revitaliza\u201d hace una interpretaci\u00f3n que\" \/>\n<meta property=\"og:url\" content=\"https:\/\/conversesacatalunya.cat\/es\/la-vanguardia-contra-la-derecha\/\" \/>\n<meta property=\"og:site_name\" content=\"Converses a Catalunya\" \/>\n<meta property=\"article:published_time\" content=\"2023-06-06T11:42:58+00:00\" \/>\n<meta property=\"og:image\" content=\"https:\/\/conversesacatalunya.cat\/wp-content\/uploads\/2023\/06\/Vanguardia.jpg\" \/>\n\t<meta property=\"og:image:width\" content=\"400\" \/>\n\t<meta property=\"og:image:height\" content=\"400\" \/>\n\t<meta property=\"og:image:type\" content=\"image\/jpeg\" \/>\n<meta name=\"author\" content=\"Joan Masip\" \/>\n<meta name=\"twitter:card\" content=\"summary_large_image\" \/>\n<meta name=\"twitter:label1\" content=\"Escrito por\" \/>\n\t<meta name=\"twitter:data1\" content=\"Joan Masip\" \/>\n\t<meta name=\"twitter:label2\" content=\"Tiempo de lectura\" \/>\n\t<meta name=\"twitter:data2\" content=\"5 minutos\" \/>\n<script type=\"application\/ld+json\" class=\"yoast-schema-graph\">{\"@context\":\"https:\/\/schema.org\",\"@graph\":[{\"@type\":\"Article\",\"@id\":\"https:\/\/conversesacatalunya.cat\/es\/la-vanguardia-contra-la-derecha\/#article\",\"isPartOf\":{\"@id\":\"https:\/\/conversesacatalunya.cat\/es\/la-vanguardia-contra-la-derecha\/\"},\"author\":{\"name\":\"Joan Masip\",\"@id\":\"https:\/\/conversesacatalunya.cat\/#\/schema\/person\/311d0bf53def217d5124c78a7bc42275\"},\"headline\":\"La Vanguardia contra la derecha\",\"datePublished\":\"2023-06-06T11:42:58+00:00\",\"mainEntityOfPage\":{\"@id\":\"https:\/\/conversesacatalunya.cat\/es\/la-vanguardia-contra-la-derecha\/\"},\"wordCount\":1068,\"commentCount\":0,\"image\":{\"@id\":\"https:\/\/conversesacatalunya.cat\/es\/la-vanguardia-contra-la-derecha\/#primaryimage\"},\"thumbnailUrl\":\"https:\/\/conversesacatalunya.cat\/wp-content\/uploads\/2023\/06\/Vanguardia.jpg\",\"keywords\":[\"S\u00e1nchez\"],\"articleSection\":[\"Punts clau del dia (ES)\"],\"inLanguage\":\"es\",\"potentialAction\":[{\"@type\":\"CommentAction\",\"name\":\"Comment\",\"target\":[\"https:\/\/conversesacatalunya.cat\/es\/la-vanguardia-contra-la-derecha\/#respond\"]}]},{\"@type\":\"WebPage\",\"@id\":\"https:\/\/conversesacatalunya.cat\/es\/la-vanguardia-contra-la-derecha\/\",\"url\":\"https:\/\/conversesacatalunya.cat\/es\/la-vanguardia-contra-la-derecha\/\",\"name\":\"La Vanguardia contra la derecha - Converses a Catalunya\",\"isPartOf\":{\"@id\":\"https:\/\/conversesacatalunya.cat\/#website\"},\"primaryImageOfPage\":{\"@id\":\"https:\/\/conversesacatalunya.cat\/es\/la-vanguardia-contra-la-derecha\/#primaryimage\"},\"image\":{\"@id\":\"https:\/\/conversesacatalunya.cat\/es\/la-vanguardia-contra-la-derecha\/#primaryimage\"},\"thumbnailUrl\":\"https:\/\/conversesacatalunya.cat\/wp-content\/uploads\/2023\/06\/Vanguardia.jpg\",\"datePublished\":\"2023-06-06T11:42:58+00:00\",\"author\":{\"@id\":\"https:\/\/conversesacatalunya.cat\/#\/schema\/person\/311d0bf53def217d5124c78a7bc42275\"},\"description\":\"La Vanguardia, en su editorial del 5 de junio, con el expl\u00edcito t\u00edtulo de \u201cLa derecha europea se revitaliza\u201d hace una interpretaci\u00f3n que\",\"breadcrumb\":{\"@id\":\"https:\/\/conversesacatalunya.cat\/es\/la-vanguardia-contra-la-derecha\/#breadcrumb\"},\"inLanguage\":\"es\",\"potentialAction\":[{\"@type\":\"ReadAction\",\"target\":[\"https:\/\/conversesacatalunya.cat\/es\/la-vanguardia-contra-la-derecha\/\"]}]},{\"@type\":\"ImageObject\",\"inLanguage\":\"es\",\"@id\":\"https:\/\/conversesacatalunya.cat\/es\/la-vanguardia-contra-la-derecha\/#primaryimage\",\"url\":\"https:\/\/conversesacatalunya.cat\/wp-content\/uploads\/2023\/06\/Vanguardia.jpg\",\"contentUrl\":\"https:\/\/conversesacatalunya.cat\/wp-content\/uploads\/2023\/06\/Vanguardia.jpg\",\"width\":400,\"height\":400,\"caption\":\"la Vanguardia editorial\"},{\"@type\":\"BreadcrumbList\",\"@id\":\"https:\/\/conversesacatalunya.cat\/es\/la-vanguardia-contra-la-derecha\/#breadcrumb\",\"itemListElement\":[{\"@type\":\"ListItem\",\"position\":1,\"name\":\"Inici\",\"item\":\"https:\/\/conversesacatalunya.cat\/es\/\"},{\"@type\":\"ListItem\",\"position\":2,\"name\":\"La Vanguardia contra la derecha\"}]},{\"@type\":\"WebSite\",\"@id\":\"https:\/\/conversesacatalunya.cat\/#website\",\"url\":\"https:\/\/conversesacatalunya.cat\/\",\"name\":\"Converses a Catalunya\",\"description\":\"\",\"potentialAction\":[{\"@type\":\"SearchAction\",\"target\":{\"@type\":\"EntryPoint\",\"urlTemplate\":\"https:\/\/conversesacatalunya.cat\/?s={search_term_string}\"},\"query-input\":{\"@type\":\"PropertyValueSpecification\",\"valueRequired\":true,\"valueName\":\"search_term_string\"}}],\"inLanguage\":\"es\"},{\"@type\":\"Person\",\"@id\":\"https:\/\/conversesacatalunya.cat\/#\/schema\/person\/311d0bf53def217d5124c78a7bc42275\",\"name\":\"Joan Masip\",\"image\":{\"@type\":\"ImageObject\",\"inLanguage\":\"es\",\"@id\":\"https:\/\/conversesacatalunya.cat\/#\/schema\/person\/image\/\",\"url\":\"https:\/\/conversesacatalunya.cat\/wp-content\/litespeed\/avatar\/fa67b994763cff7d443f54b63ec96481.jpg?ver=1777372547\",\"contentUrl\":\"https:\/\/conversesacatalunya.cat\/wp-content\/litespeed\/avatar\/fa67b994763cff7d443f54b63ec96481.jpg?ver=1777372547\",\"caption\":\"Joan Masip\"},\"url\":\"https:\/\/conversesacatalunya.cat\/es\/author\/joan-masip\/\"}]}<\/script>\n<!-- \/ Yoast SEO plugin. -->","yoast_head_json":{"title":"La Vanguardia contra la derecha - Converses a Catalunya","description":"La Vanguardia, en su editorial del 5 de junio, con el expl\u00edcito t\u00edtulo de \u201cLa derecha europea se revitaliza\u201d hace una interpretaci\u00f3n que","robots":{"index":"index","follow":"follow","max-snippet":"max-snippet:-1","max-image-preview":"max-image-preview:large","max-video-preview":"max-video-preview:-1"},"canonical":"https:\/\/conversesacatalunya.cat\/es\/la-vanguardia-contra-la-derecha\/","og_locale":"es_ES","og_type":"article","og_title":"La Vanguardia contra la derecha - Converses a Catalunya","og_description":"La Vanguardia, en su editorial del 5 de junio, con el expl\u00edcito t\u00edtulo de \u201cLa derecha europea se revitaliza\u201d hace una interpretaci\u00f3n que","og_url":"https:\/\/conversesacatalunya.cat\/es\/la-vanguardia-contra-la-derecha\/","og_site_name":"Converses a Catalunya","article_published_time":"2023-06-06T11:42:58+00:00","og_image":[{"width":400,"height":400,"url":"https:\/\/conversesacatalunya.cat\/wp-content\/uploads\/2023\/06\/Vanguardia.jpg","type":"image\/jpeg"}],"author":"Joan Masip","twitter_card":"summary_large_image","twitter_misc":{"Escrito por":"Joan Masip","Tiempo de lectura":"5 minutos"},"schema":{"@context":"https:\/\/schema.org","@graph":[{"@type":"Article","@id":"https:\/\/conversesacatalunya.cat\/es\/la-vanguardia-contra-la-derecha\/#article","isPartOf":{"@id":"https:\/\/conversesacatalunya.cat\/es\/la-vanguardia-contra-la-derecha\/"},"author":{"name":"Joan Masip","@id":"https:\/\/conversesacatalunya.cat\/#\/schema\/person\/311d0bf53def217d5124c78a7bc42275"},"headline":"La Vanguardia contra la derecha","datePublished":"2023-06-06T11:42:58+00:00","mainEntityOfPage":{"@id":"https:\/\/conversesacatalunya.cat\/es\/la-vanguardia-contra-la-derecha\/"},"wordCount":1068,"commentCount":0,"image":{"@id":"https:\/\/conversesacatalunya.cat\/es\/la-vanguardia-contra-la-derecha\/#primaryimage"},"thumbnailUrl":"https:\/\/conversesacatalunya.cat\/wp-content\/uploads\/2023\/06\/Vanguardia.jpg","keywords":["S\u00e1nchez"],"articleSection":["Punts clau del dia (ES)"],"inLanguage":"es","potentialAction":[{"@type":"CommentAction","name":"Comment","target":["https:\/\/conversesacatalunya.cat\/es\/la-vanguardia-contra-la-derecha\/#respond"]}]},{"@type":"WebPage","@id":"https:\/\/conversesacatalunya.cat\/es\/la-vanguardia-contra-la-derecha\/","url":"https:\/\/conversesacatalunya.cat\/es\/la-vanguardia-contra-la-derecha\/","name":"La Vanguardia contra la derecha - Converses a Catalunya","isPartOf":{"@id":"https:\/\/conversesacatalunya.cat\/#website"},"primaryImageOfPage":{"@id":"https:\/\/conversesacatalunya.cat\/es\/la-vanguardia-contra-la-derecha\/#primaryimage"},"image":{"@id":"https:\/\/conversesacatalunya.cat\/es\/la-vanguardia-contra-la-derecha\/#primaryimage"},"thumbnailUrl":"https:\/\/conversesacatalunya.cat\/wp-content\/uploads\/2023\/06\/Vanguardia.jpg","datePublished":"2023-06-06T11:42:58+00:00","author":{"@id":"https:\/\/conversesacatalunya.cat\/#\/schema\/person\/311d0bf53def217d5124c78a7bc42275"},"description":"La Vanguardia, en su editorial del 5 de junio, con el expl\u00edcito t\u00edtulo de \u201cLa derecha europea se revitaliza\u201d hace una interpretaci\u00f3n que","breadcrumb":{"@id":"https:\/\/conversesacatalunya.cat\/es\/la-vanguardia-contra-la-derecha\/#breadcrumb"},"inLanguage":"es","potentialAction":[{"@type":"ReadAction","target":["https:\/\/conversesacatalunya.cat\/es\/la-vanguardia-contra-la-derecha\/"]}]},{"@type":"ImageObject","inLanguage":"es","@id":"https:\/\/conversesacatalunya.cat\/es\/la-vanguardia-contra-la-derecha\/#primaryimage","url":"https:\/\/conversesacatalunya.cat\/wp-content\/uploads\/2023\/06\/Vanguardia.jpg","contentUrl":"https:\/\/conversesacatalunya.cat\/wp-content\/uploads\/2023\/06\/Vanguardia.jpg","width":400,"height":400,"caption":"la Vanguardia editorial"},{"@type":"BreadcrumbList","@id":"https:\/\/conversesacatalunya.cat\/es\/la-vanguardia-contra-la-derecha\/#breadcrumb","itemListElement":[{"@type":"ListItem","position":1,"name":"Inici","item":"https:\/\/conversesacatalunya.cat\/es\/"},{"@type":"ListItem","position":2,"name":"La Vanguardia contra la derecha"}]},{"@type":"WebSite","@id":"https:\/\/conversesacatalunya.cat\/#website","url":"https:\/\/conversesacatalunya.cat\/","name":"Converses a Catalunya","description":"","potentialAction":[{"@type":"SearchAction","target":{"@type":"EntryPoint","urlTemplate":"https:\/\/conversesacatalunya.cat\/?s={search_term_string}"},"query-input":{"@type":"PropertyValueSpecification","valueRequired":true,"valueName":"search_term_string"}}],"inLanguage":"es"},{"@type":"Person","@id":"https:\/\/conversesacatalunya.cat\/#\/schema\/person\/311d0bf53def217d5124c78a7bc42275","name":"Joan Masip","image":{"@type":"ImageObject","inLanguage":"es","@id":"https:\/\/conversesacatalunya.cat\/#\/schema\/person\/image\/","url":"https:\/\/conversesacatalunya.cat\/wp-content\/litespeed\/avatar\/fa67b994763cff7d443f54b63ec96481.jpg?ver=1777372547","contentUrl":"https:\/\/conversesacatalunya.cat\/wp-content\/litespeed\/avatar\/fa67b994763cff7d443f54b63ec96481.jpg?ver=1777372547","caption":"Joan Masip"},"url":"https:\/\/conversesacatalunya.cat\/es\/author\/joan-masip\/"}]}},"wps_subtitle":"El peri\u00f3dico La Vanguardia ha sido, junto con el Bar\u00e7a i la Caixa, una de las tres grandes instituciones de la sociedad civil catalana","_links":{"self":[{"href":"https:\/\/conversesacatalunya.cat\/es\/wp-json\/wp\/v2\/posts\/68025","targetHints":{"allow":["GET"]}}],"collection":[{"href":"https:\/\/conversesacatalunya.cat\/es\/wp-json\/wp\/v2\/posts"}],"about":[{"href":"https:\/\/conversesacatalunya.cat\/es\/wp-json\/wp\/v2\/types\/post"}],"author":[{"embeddable":true,"href":"https:\/\/conversesacatalunya.cat\/es\/wp-json\/wp\/v2\/users\/78"}],"replies":[{"embeddable":true,"href":"https:\/\/conversesacatalunya.cat\/es\/wp-json\/wp\/v2\/comments?post=68025"}],"version-history":[{"count":5,"href":"https:\/\/conversesacatalunya.cat\/es\/wp-json\/wp\/v2\/posts\/68025\/revisions"}],"predecessor-version":[{"id":68036,"href":"https:\/\/conversesacatalunya.cat\/es\/wp-json\/wp\/v2\/posts\/68025\/revisions\/68036"}],"wp:featuredmedia":[{"embeddable":true,"href":"https:\/\/conversesacatalunya.cat\/es\/wp-json\/wp\/v2\/media\/68031"}],"wp:attachment":[{"href":"https:\/\/conversesacatalunya.cat\/es\/wp-json\/wp\/v2\/media?parent=68025"}],"wp:term":[{"taxonomy":"category","embeddable":true,"href":"https:\/\/conversesacatalunya.cat\/es\/wp-json\/wp\/v2\/categories?post=68025"},{"taxonomy":"post_tag","embeddable":true,"href":"https:\/\/conversesacatalunya.cat\/es\/wp-json\/wp\/v2\/tags?post=68025"}],"curies":[{"name":"wp","href":"https:\/\/api.w.org\/{rel}","templated":true}]}}